{"id":159558,"date":"2021-09-22T11:51:26","date_gmt":"2021-09-22T09:51:26","guid":{"rendered":"https:\/\/acninternational.org\/?p=159558"},"modified":"2021-09-22T14:01:48","modified_gmt":"2021-09-22T12:01:48","slug":"shahnaz-bhatti-testimonianza-di-una-suora-cattolica-in-afghanistan","status":"publish","type":"post","link":"https:\/\/acninternational.org\/it\/shahnaz-bhatti-testimonianza-di-una-suora-cattolica-in-afghanistan\/","title":{"rendered":"Shahnaz Bhatti, testimonianza di una suora cattolica in Afghanistan"},"content":{"rendered":"<p>Suor Shahnaz Bhatti \u00e8 una religiosa della Carit\u00e0 di Santa Giovanna Antida Thouret, originaria del Pakistan. \u00c8 stata in missione in Afghanistan fino al 25 agosto scorso quando, scortata dall\u2019Esercito Italiano, \u00e8 riuscita a lasciare il Paese. Aiuto alla Chiesa che Soffre ha raccolto la sua testimonianza.<\/p>\n<figure id=\"attachment_159543\" aria-describedby=\"caption-attachment-159543\" style=\"width: 670px\" class=\"wp-caption alignnone\"><img loading=\"lazy\" decoding=\"async\" class=\"wp-image-159547 size-full\" src=\"https:\/\/media.acninternational.org\/wp-content\/uploads\/2021\/09\/acn-news_Afghanistan_Shahnaz-Bhatti-un-testimonio-de-una-religiosa-catolica-en-Afganistan-7.jpg\" alt=\"\" width=\"670\" height=\"400\" srcset=\"https:\/\/media.acninternational.org\/wp-content\/uploads\/2021\/09\/acn-news_Afghanistan_Shahnaz-Bhatti-un-testimonio-de-una-religiosa-catolica-en-Afganistan-7.jpg 670w, https:\/\/media.acninternational.org\/wp-content\/uploads\/2021\/09\/acn-news_Afghanistan_Shahnaz-Bhatti-un-testimonio-de-una-religiosa-catolica-en-Afganistan-7-300x179.jpg 300w\" sizes=\"auto, (max-width: 670px) 100vw, 670px\" \/><figcaption id=\"caption-attachment-159543\" class=\"wp-caption-text\">Suor Shahnaz Bhatti, religiosa della Carit\u00e0 di Santa Giovanna Antida Thouret, originaria del Pakistan<\/figcaption><\/figure>\n<p><strong>Qual \u00e8 la sua congregazione e che tipo di missione ha?<br \/>\n<\/strong>Appartengo alla Congregazione internazionale delle suore della Carit\u00e0 di Santa Giovanna Antida Thouret. La nostra missione \u00e8 il servizio spirituale e materiale dei poveri secondo lo stile di\u00a0San Vincenzo de\u2019 Paoli, grande apostolo della carit\u00e0.<\/p>\n<p><strong>Quali sono state le motivazioni della sua presenza in Afghanistan?<br \/>\n<\/strong>Come Congregazione abbiamo aderito al progetto \u201cPro bambini di Kabul\u201d, nato nel 2001 per rispondere all\u2019appello di Papa Giovanni Paolo II \u00absalvate i bambini di Kabul\u00bb, e al quale ha risposto con generosit\u00e0 la vita religiosa in Italia attraverso l\u2019USMI (Unione Superiori Maggiori d\u2019Italia). Personalmente ero da due anni a Kabul insieme ad altre due suore, suor Teresia Crasta della Congregazione di Maria Bambina e suor Irene della Congregazione delle Suore della Consolata. La comunit\u00e0 di Kabul infatti \u00e8 intercongregazionale. Avevamo una scuola per bambini con ritardo mentale e con la sindrome di Down dai\u00a06 ai 10 anni e li preparavamo ad inserirsi nella scuola pubblica. Con noi collaboravano insegnanti locali, custodi e cuochi. Con l\u2019aiuto delle autorit\u00e0 italiane siamo riuscite a portare in Italia sia loro, in qualit\u00e0 di nostri collaboratori, sia le rispettive 15 famiglie. Sono stati ospitati dalle Congregazioni religiose che sono state davvero molto generose e accoglienti. Le famiglie dei bambini nostri alunni, che continuano a chiamare e a chiedere aiuto, sono rimaste nelle loro case in pericolo, come potete immaginare.<\/p>\n<figure id=\"attachment_159531\" aria-describedby=\"caption-attachment-159531\" style=\"width: 670px\" class=\"wp-caption alignnone\"><img loading=\"lazy\" decoding=\"async\" class=\"wp-image-159535 size-full\" src=\"https:\/\/media.acninternational.org\/wp-content\/uploads\/2021\/09\/acn-news_Afghanistan_Shahnaz-Bhatti-un-testimonio-de-una-religiosa-catolica-en-Afganistan-5.jpg\" alt=\"\" width=\"670\" height=\"400\" srcset=\"https:\/\/media.acninternational.org\/wp-content\/uploads\/2021\/09\/acn-news_Afghanistan_Shahnaz-Bhatti-un-testimonio-de-una-religiosa-catolica-en-Afganistan-5.jpg 670w, https:\/\/media.acninternational.org\/wp-content\/uploads\/2021\/09\/acn-news_Afghanistan_Shahnaz-Bhatti-un-testimonio-de-una-religiosa-catolica-en-Afganistan-5-300x179.jpg 300w\" sizes=\"auto, (max-width: 670px) 100vw, 670px\" \/><figcaption id=\"caption-attachment-159531\" class=\"wp-caption-text\">Papa Giovanni Paolo II ha fatto appello al mondo per salvare i bambini afgani nel discorso di Natale del 2001<\/figcaption><\/figure>\n<p><strong>Vuole descriverci una delle sue ordinarie domeniche in territorio afghano?<br \/>\n<\/strong>La domenica non \u00e8 riconosciuta come festivit\u00e0 religiosa, era un giorno come gli altri. Le pratiche religiose e la santa Messa potevamo celebrarle nell\u2019Ambasciata italiana, in modo riservato.<\/p>\n<p><strong>Quali sono state le difficolt\u00e0 maggiori incontrate durante la sua missione?<br \/>\n<\/strong>La prima difficolt\u00e0 \u00e8 stata imparare la lingua locale perch\u00e9 in Afghanistan non imparano l\u2019inglese e\u00a0 non si pu\u00f2 neppure insegnare. Altra difficolt\u00e0 \u00e8 stata entrare nel loro mondo, nelle loro abitudini, nella loro mentalit\u00e0 per poter dialogare ed essere vicini. La fatica pi\u00f9 grande \u00e8 stata quella di non potersi muovere liberamente perch\u00e9 si doveva essere sempre accompagnate da un uomo. Io, che dovevo sbrigare pratiche necessarie con le banche o in altri uffici, dovevo essere accompagnata da un uomo del luogo. Due donne non significano niente e naturalmente non contano. La sofferenza che mi ha pi\u00f9 fortemente segnato, tuttavia, \u00e8 stata quella di vedere le donne trattate come cose. Un dolore indescrivibile \u00e8 stato quello di vedere le giovani che dovevano sposare la persona decisa dai capi della famiglia contro la volont\u00e0 della giovane stessa.<\/p>\n<figure id=\"attachment_159519\" aria-describedby=\"caption-attachment-159519\" style=\"width: 670px\" class=\"wp-caption alignnone\"><img loading=\"lazy\" decoding=\"async\" class=\"wp-image-159523 size-full\" src=\"https:\/\/media.acninternational.org\/wp-content\/uploads\/2021\/09\/acn-news_Afghanistan_Shahnaz-Bhatti-un-testimonio-de-una-religiosa-catolica-en-Afganistan-3.jpg\" alt=\"\" width=\"670\" height=\"400\" srcset=\"https:\/\/media.acninternational.org\/wp-content\/uploads\/2021\/09\/acn-news_Afghanistan_Shahnaz-Bhatti-un-testimonio-de-una-religiosa-catolica-en-Afganistan-3.jpg 670w, https:\/\/media.acninternational.org\/wp-content\/uploads\/2021\/09\/acn-news_Afghanistan_Shahnaz-Bhatti-un-testimonio-de-una-religiosa-catolica-en-Afganistan-3-300x179.jpg 300w\" sizes=\"auto, (max-width: 670px) 100vw, 670px\" \/><figcaption id=\"caption-attachment-159519\" class=\"wp-caption-text\">In Afghanistan, le donne vestono tradizionalmente un burqa blu. Pressioni sociali e culturali considerevoli le costringono a coprirsi completamente, dalla testa ai piedi.<\/figcaption><\/figure>\n<p><strong>Nell&#8217;Afghanistan che ha preceduto il ritiro dei militari occidentali la libert\u00e0 religiosa era rispettata?<br \/>\n<\/strong>No, perch\u00e9 per gli afghani gli stranieri occidentali sono tutti cristiani, perci\u00f2 eravamo sempre controllati, nessun segno religioso era consentito.\u00a0 Noi suore dovevamo vestire come le donne locali e senza il Crocifisso che ci avrebbe distinte.<\/p>\n<p><strong>Come ha vissuto lo scorso agosto, cio\u00e8 il periodo fra il ritiro delle truppe occidentali e la sua partenza per l&#8217;Italia?<br \/>\n<\/strong>\u00c8 stato un periodo molto difficile, eravamo chiuse in casa e abbiamo avuto paura. Da pi\u00f9 di un anno eravamo solo due. Appena \u00e8 stato possibile la suora che era con me \u00e8 partita e io sono rimasta da sola fino alla fine. Ho aiutato le suore di Madre Teresa, nostre vicine, a partire con i loro 14 ragazzi portatori di handicap grave e senza famiglia, a imbarcarsi nell\u2019ultimo volo per l&#8217;Italia prima degli attentati. Se non si fossero messi in salvo i ragazzi non saremmo partiti. Dobbiamo ringraziare la Farnesina e la Croce Rossa Internazionale che ci hanno aiutato ad arrivare all\u2019aeroporto, e la presenza di padre Giovanni Scalese, che rappresentava la Chiesa Cattolica in Afghanistan,\u00a0il quale non ci ha lasciato fino a quando non siamo partiti. Un viaggio difficile da Kabul all\u2019aeroporto, due ore ferme, sparatorie, ma alla fine siamo arrivati.<\/p>\n<figure id=\"attachment_159507\" aria-describedby=\"caption-attachment-159507\" style=\"width: 670px\" class=\"wp-caption alignnone\"><img loading=\"lazy\" decoding=\"async\" class=\"wp-image-159511 size-full\" src=\"https:\/\/media.acninternational.org\/wp-content\/uploads\/2021\/09\/acn-news_Afghanistan_Shahnaz-Bhatti-un-testimonio-de-una-religiosa-catolica-en-Afganistan-1.jpg\" alt=\"\" width=\"670\" height=\"400\" srcset=\"https:\/\/media.acninternational.org\/wp-content\/uploads\/2021\/09\/acn-news_Afghanistan_Shahnaz-Bhatti-un-testimonio-de-una-religiosa-catolica-en-Afganistan-1.jpg 670w, https:\/\/media.acninternational.org\/wp-content\/uploads\/2021\/09\/acn-news_Afghanistan_Shahnaz-Bhatti-un-testimonio-de-una-religiosa-catolica-en-Afganistan-1-300x179.jpg 300w\" sizes=\"auto, (max-width: 670px) 100vw, 670px\" \/><figcaption id=\"caption-attachment-159507\" class=\"wp-caption-text\">Missione di evacuazione di non combattenti in Afghanistan 21 agosto all&#8217;aeroporto internazionale Hamid Karzai di Kabul<\/figcaption><\/figure>\n<p><strong>Da religiosa cattolica e da donna come valuta il tentativo occidentale di &#8220;esportare la democrazia&#8221; in terra afghana?<br \/>\n<\/strong>Una mentalit\u00e0 non si cambia con i buoni propositi, io credo che un progetto culturale con le nuove generazioni possa cambiare la mentalit\u00e0. Lo stiamo vedendo con le giovani donne che non vogliono rinunciare ai loro diritti di libert\u00e0, ma occorre la formazione delle nuove generazioni. La democrazia non si esporta, si coltiva.<\/p>\n<p><strong>Cosa vorrebbe chiedere ai responsabili politici dei paesi occidentali pi\u00f9 coinvolti in Afghanistan?<br \/>\n<\/strong>Vorrei chiedere di aiutare questo paese a conseguire la vera libert\u00e0, la quale \u00e8 rispetto, promozione umana e civile, ricordando che il fanatismo religioso porta divisione e nemici, che nessun popolo \u00e8 migliore di un altro e che la convivenza pacifica porta benessere per tutti.<\/p>\n<figure id=\"attachment_159513\" aria-describedby=\"caption-attachment-159513\" style=\"width: 670px\" class=\"wp-caption alignnone\"><img loading=\"lazy\" decoding=\"async\" class=\"wp-image-159517 size-full\" src=\"https:\/\/media.acninternational.org\/wp-content\/uploads\/2021\/09\/acn-news_Afghanistan_Shahnaz-Bhatti-un-testimonio-de-una-religiosa-catolica-en-Afganistan-2.jpg\" alt=\"\" width=\"670\" height=\"400\" srcset=\"https:\/\/media.acninternational.org\/wp-content\/uploads\/2021\/09\/acn-news_Afghanistan_Shahnaz-Bhatti-un-testimonio-de-una-religiosa-catolica-en-Afganistan-2.jpg 670w, https:\/\/media.acninternational.org\/wp-content\/uploads\/2021\/09\/acn-news_Afghanistan_Shahnaz-Bhatti-un-testimonio-de-una-religiosa-catolica-en-Afganistan-2-300x179.jpg 300w\" sizes=\"auto, (max-width: 670px) 100vw, 670px\" \/><figcaption id=\"caption-attachment-159513\" class=\"wp-caption-text\">Migliaia di persone fuggono dall&#8217;Afghanistan dopo che i talebani hanno ripreso il controllo del paese<\/figcaption><\/figure>\n<p><strong>Come possiamo aiutare la popolazione?<br \/>\n<\/strong>Possiamo aiutarli a essere persone libere attraverso la formazione culturale e civile, facilitando l\u2019accoglienza quando decidono di lasciare il paese ma anche, quando le autorit\u00e0 lo consentiranno, stando con loro. Io sarei la prima a ripartire. In questo momento di emergenza potremmo essere presenti nei campi profughi confinanti e non permettere che i piccoli muoiano di fame, sete e malattie che si potrebbero curare con facilit\u00e0. Occorre inoltre considerare la donna come una persona degna di diritti e di doveri, ma persona e non una cosa.<\/p>\n","protected":false},"excerpt":{"rendered":"<p>Suor Shahnaz Bhatti \u00e8 una religiosa della Carit\u00e0 di Santa Giovanna Antida Thouret, originaria del Pakistan. \u00c8 stata in missione in Afghanistan fino al 25 agosto scorso quando<\/p>\n","protected":false},"author":66,"featured_media":159553,"comment_status":"closed","ping_status":"closed","sticky":false,"template":"","format":"standard","meta":{"_acf_changed":false,"_acn_coauthor_ids":[],"footnotes":""},"categories":[235],"tags":[],"country":[946],"class_list":["post-159558","post","type-post","status-publish","format-standard","has-post-thumbnail","hentry","category-non-categorizzato","country-afghanistan"],"acn_coauthors":[],"acf":[],"yoast_head":"<!-- This site is optimized with the Yoast SEO Premium plugin v27.3 (Yoast SEO v27.3) - https:\/\/yoast.com\/product\/yoast-seo-premium-wordpress\/ -->\n<title>Shahnaz Bhatti, testimonianza di una suora cattolica in Afghanistan | ACN International<\/title>\n<meta name=\"description\" content=\"Suor Shahnaz Bhatti \u00e8 una religiosa della Carit\u00e0 di Santa Giovanna Antida Thouret, originaria del Pakistan. \u00c8 stata in missione in Afghanistan fino al 25 agosto scorso quando, scortata dall\u2019Esercito Italiano, \u00e8 riuscita a lasciare il Paese. Aiuto alla Chiesa che Soffre ha raccolto la sua testimonianza.\" \/>\n<meta name=\"robots\" content=\"index, follow, max-snippet:-1, max-image-preview:large, max-video-preview:-1\" \/>\n<link rel=\"canonical\" href=\"https:\/\/acninternational.org\/it\/shahnaz-bhatti-testimonianza-di-una-suora-cattolica-in-afghanistan\/\" \/>\n<meta property=\"og:locale\" content=\"it_IT\" \/>\n<meta property=\"og:type\" content=\"article\" \/>\n<meta property=\"og:title\" content=\"Shahnaz Bhatti, testimonianza di una suora cattolica in Afghanistan\" \/>\n<meta property=\"og:description\" content=\"Suor Shahnaz Bhatti \u00e8 una religiosa della Carit\u00e0 di Santa Giovanna Antida Thouret, originaria del Pakistan. \u00c8 stata in missione in Afghanistan fino al 25 agosto scorso quando, scortata dall\u2019Esercito Italiano, \u00e8 riuscita a lasciare il Paese. Aiuto alla Chiesa che Soffre ha raccolto la sua testimonianza.\" \/>\n<meta property=\"og:url\" content=\"https:\/\/acninternational.org\/it\/shahnaz-bhatti-testimonianza-di-una-suora-cattolica-in-afghanistan\/\" \/>\n<meta property=\"og:site_name\" content=\"ACN International\" \/>\n<meta property=\"article:publisher\" content=\"https:\/\/www.facebook.com\/acninternationalorg\" \/>\n<meta property=\"article:published_time\" content=\"2021-09-22T09:51:26+00:00\" \/>\n<meta property=\"article:modified_time\" content=\"2021-09-22T12:01:48+00:00\" \/>\n<meta property=\"og:image\" content=\"https:\/\/media.acninternational.org\/wp-content\/uploads\/2021\/09\/acn-news_Afghanistan_Shahnaz-Bhatti-un-testimonio-de-una-religiosa-catolica-en-Afganistan.jpg\" \/>\n\t<meta property=\"og:image:width\" content=\"2000\" \/>\n\t<meta property=\"og:image:height\" content=\"625\" \/>\n\t<meta property=\"og:image:type\" content=\"image\/jpeg\" \/>\n<meta name=\"author\" content=\"Milena\" \/>\n<meta name=\"twitter:card\" content=\"summary_large_image\" \/>\n<meta name=\"twitter:creator\" content=\"@acn_int\" \/>\n<meta name=\"twitter:site\" content=\"@acn_int\" \/>\n<meta name=\"twitter:label1\" content=\"Scritto da\" \/>\n\t<meta name=\"twitter:data1\" content=\"Milena\" \/>\n\t<meta name=\"twitter:label2\" content=\"Tempo di lettura stimato\" \/>\n\t<meta name=\"twitter:data2\" content=\"6 minuti\" \/>\n<script type=\"application\/ld+json\" class=\"yoast-schema-graph\">{\"@context\":\"https:\\\/\\\/schema.org\",\"@graph\":[{\"@type\":\"Article\",\"@id\":\"https:\\\/\\\/acninternational.org\\\/it\\\/shahnaz-bhatti-testimonianza-di-una-suora-cattolica-in-afghanistan\\\/#article\",\"isPartOf\":{\"@id\":\"https:\\\/\\\/acninternational.org\\\/it\\\/shahnaz-bhatti-testimonianza-di-una-suora-cattolica-in-afghanistan\\\/\"},\"author\":{\"name\":\"Milena\",\"@id\":\"https:\\\/\\\/acninternational.org\\\/it\\\/#\\\/schema\\\/person\\\/5a2b2930ad4475e0aa0dade4e51d9474\"},\"headline\":\"Shahnaz Bhatti, testimonianza di una suora cattolica in Afghanistan\",\"datePublished\":\"2021-09-22T09:51:26+00:00\",\"dateModified\":\"2021-09-22T12:01:48+00:00\",\"mainEntityOfPage\":{\"@id\":\"https:\\\/\\\/acninternational.org\\\/it\\\/shahnaz-bhatti-testimonianza-di-una-suora-cattolica-in-afghanistan\\\/\"},\"wordCount\":1024,\"publisher\":{\"@id\":\"https:\\\/\\\/acninternational.org\\\/it\\\/#organization\"},\"image\":{\"@id\":\"https:\\\/\\\/acninternational.org\\\/it\\\/shahnaz-bhatti-testimonianza-di-una-suora-cattolica-in-afghanistan\\\/#primaryimage\"},\"thumbnailUrl\":\"https:\\\/\\\/media.acninternational.org\\\/wp-content\\\/uploads\\\/2021\\\/09\\\/acn-news_Afghanistan_Shahnaz-Bhatti-un-testimonio-de-una-religiosa-catolica-en-Afganistan.jpg\",\"articleSection\":[\"Non categorizzato\"],\"inLanguage\":\"it-IT\"},{\"@type\":\"WebPage\",\"@id\":\"https:\\\/\\\/acninternational.org\\\/it\\\/shahnaz-bhatti-testimonianza-di-una-suora-cattolica-in-afghanistan\\\/\",\"url\":\"https:\\\/\\\/acninternational.org\\\/it\\\/shahnaz-bhatti-testimonianza-di-una-suora-cattolica-in-afghanistan\\\/\",\"name\":\"Shahnaz Bhatti, testimonianza di una suora cattolica in Afghanistan | ACN International\",\"isPartOf\":{\"@id\":\"https:\\\/\\\/acninternational.org\\\/it\\\/#website\"},\"primaryImageOfPage\":{\"@id\":\"https:\\\/\\\/acninternational.org\\\/it\\\/shahnaz-bhatti-testimonianza-di-una-suora-cattolica-in-afghanistan\\\/#primaryimage\"},\"image\":{\"@id\":\"https:\\\/\\\/acninternational.org\\\/it\\\/shahnaz-bhatti-testimonianza-di-una-suora-cattolica-in-afghanistan\\\/#primaryimage\"},\"thumbnailUrl\":\"https:\\\/\\\/media.acninternational.org\\\/wp-content\\\/uploads\\\/2021\\\/09\\\/acn-news_Afghanistan_Shahnaz-Bhatti-un-testimonio-de-una-religiosa-catolica-en-Afganistan.jpg\",\"datePublished\":\"2021-09-22T09:51:26+00:00\",\"dateModified\":\"2021-09-22T12:01:48+00:00\",\"description\":\"Suor Shahnaz Bhatti \u00e8 una religiosa della Carit\u00e0 di Santa Giovanna Antida Thouret, originaria del Pakistan. \u00c8 stata in missione in Afghanistan fino al 25 agosto scorso quando, scortata dall\u2019Esercito Italiano, \u00e8 riuscita a lasciare il Paese. Aiuto alla Chiesa che Soffre ha raccolto la sua testimonianza.\",\"breadcrumb\":{\"@id\":\"https:\\\/\\\/acninternational.org\\\/it\\\/shahnaz-bhatti-testimonianza-di-una-suora-cattolica-in-afghanistan\\\/#breadcrumb\"},\"inLanguage\":\"it-IT\",\"potentialAction\":[{\"@type\":\"ReadAction\",\"target\":[\"https:\\\/\\\/acninternational.org\\\/it\\\/shahnaz-bhatti-testimonianza-di-una-suora-cattolica-in-afghanistan\\\/\"]}]},{\"@type\":\"ImageObject\",\"inLanguage\":\"it-IT\",\"@id\":\"https:\\\/\\\/acninternational.org\\\/it\\\/shahnaz-bhatti-testimonianza-di-una-suora-cattolica-in-afghanistan\\\/#primaryimage\",\"url\":\"https:\\\/\\\/media.acninternational.org\\\/wp-content\\\/uploads\\\/2021\\\/09\\\/acn-news_Afghanistan_Shahnaz-Bhatti-un-testimonio-de-una-religiosa-catolica-en-Afganistan.jpg\",\"contentUrl\":\"https:\\\/\\\/media.acninternational.org\\\/wp-content\\\/uploads\\\/2021\\\/09\\\/acn-news_Afghanistan_Shahnaz-Bhatti-un-testimonio-de-una-religiosa-catolica-en-Afganistan.jpg\",\"width\":2000,\"height\":625},{\"@type\":\"BreadcrumbList\",\"@id\":\"https:\\\/\\\/acninternational.org\\\/it\\\/shahnaz-bhatti-testimonianza-di-una-suora-cattolica-in-afghanistan\\\/#breadcrumb\",\"itemListElement\":[{\"@type\":\"ListItem\",\"position\":1,\"name\":\"Home\",\"item\":\"https:\\\/\\\/acninternational.org\\\/it\\\/\"},{\"@type\":\"ListItem\",\"position\":2,\"name\":\"ENTREVISTAS\",\"item\":\"https:\\\/\\\/acninternational.org\\\/es\\\/category\\\/entrevistas\\\/\"},{\"@type\":\"ListItem\",\"position\":3,\"name\":\"Shahnaz Bhatti, testimonianza di una suora cattolica in Afghanistan\"}]},{\"@type\":\"WebSite\",\"@id\":\"https:\\\/\\\/acninternational.org\\\/it\\\/#website\",\"url\":\"https:\\\/\\\/acninternational.org\\\/it\\\/\",\"name\":\"ACN International\",\"description\":\"\",\"publisher\":{\"@id\":\"https:\\\/\\\/acninternational.org\\\/it\\\/#organization\"},\"potentialAction\":[{\"@type\":\"SearchAction\",\"target\":{\"@type\":\"EntryPoint\",\"urlTemplate\":\"https:\\\/\\\/acninternational.org\\\/it\\\/?s={search_term_string}\"},\"query-input\":{\"@type\":\"PropertyValueSpecification\",\"valueRequired\":true,\"valueName\":\"search_term_string\"}}],\"inLanguage\":\"it-IT\"},{\"@type\":\"Organization\",\"@id\":\"https:\\\/\\\/acninternational.org\\\/it\\\/#organization\",\"name\":\"Aid to the Church in Need International\",\"url\":\"https:\\\/\\\/acninternational.org\\\/it\\\/\",\"logo\":{\"@type\":\"ImageObject\",\"inLanguage\":\"it-IT\",\"@id\":\"https:\\\/\\\/acninternational.org\\\/it\\\/#\\\/schema\\\/logo\\\/image\\\/\",\"url\":\"https:\\\/\\\/media.acninternational.org\\\/wp-content\\\/uploads\\\/2019\\\/11\\\/acn_logo_blackvector.svg\",\"contentUrl\":\"https:\\\/\\\/media.acninternational.org\\\/wp-content\\\/uploads\\\/2019\\\/11\\\/acn_logo_blackvector.svg\",\"width\":232.6,\"height\":78,\"caption\":\"Aid to the Church in Need International\"},\"image\":{\"@id\":\"https:\\\/\\\/acninternational.org\\\/it\\\/#\\\/schema\\\/logo\\\/image\\\/\"},\"sameAs\":[\"https:\\\/\\\/www.facebook.com\\\/acninternationalorg\",\"https:\\\/\\\/x.com\\\/acn_int\",\"https:\\\/\\\/www.youtube.com\\\/channel\\\/UCQ-077gS0TnVzkhHmf1opZw\",\"https:\\\/\\\/www.instagram.com\\\/acn_international\\\/\"]},{\"@type\":\"Person\",\"@id\":\"https:\\\/\\\/acninternational.org\\\/it\\\/#\\\/schema\\\/person\\\/5a2b2930ad4475e0aa0dade4e51d9474\",\"name\":\"Milena\",\"description\":\"Lorem ipsum dolor sit amet, consectetur adipiscing elit, sed do eiusmod tempor incididunt ut labore et dolore magna aliqua. Ut enim ad minim veniam, quis nostrud exercitation ullamco laboris nisi ut aliquip ex ea commodo consequat.\",\"url\":\"https:\\\/\\\/acninternational.org\\\/it\\\/author\\\/milena\\\/\"}]}<\/script>\n<!-- \/ Yoast SEO Premium plugin. -->","yoast_head_json":{"title":"Shahnaz Bhatti, testimonianza di una suora cattolica in Afghanistan | ACN International","description":"Suor Shahnaz Bhatti \u00e8 una religiosa della Carit\u00e0 di Santa Giovanna Antida Thouret, originaria del Pakistan. \u00c8 stata in missione in Afghanistan fino al 25 agosto scorso quando, scortata dall\u2019Esercito Italiano, \u00e8 riuscita a lasciare il Paese. Aiuto alla Chiesa che Soffre ha raccolto la sua testimonianza.","robots":{"index":"index","follow":"follow","max-snippet":"max-snippet:-1","max-image-preview":"max-image-preview:large","max-video-preview":"max-video-preview:-1"},"canonical":"https:\/\/acninternational.org\/it\/shahnaz-bhatti-testimonianza-di-una-suora-cattolica-in-afghanistan\/","og_locale":"it_IT","og_type":"article","og_title":"Shahnaz Bhatti, testimonianza di una suora cattolica in Afghanistan","og_description":"Suor Shahnaz Bhatti \u00e8 una religiosa della Carit\u00e0 di Santa Giovanna Antida Thouret, originaria del Pakistan. \u00c8 stata in missione in Afghanistan fino al 25 agosto scorso quando, scortata dall\u2019Esercito Italiano, \u00e8 riuscita a lasciare il Paese. Aiuto alla Chiesa che Soffre ha raccolto la sua testimonianza.","og_url":"https:\/\/acninternational.org\/it\/shahnaz-bhatti-testimonianza-di-una-suora-cattolica-in-afghanistan\/","og_site_name":"ACN International","article_publisher":"https:\/\/www.facebook.com\/acninternationalorg","article_published_time":"2021-09-22T09:51:26+00:00","article_modified_time":"2021-09-22T12:01:48+00:00","og_image":[{"width":2000,"height":625,"url":"https:\/\/media.acninternational.org\/wp-content\/uploads\/2021\/09\/acn-news_Afghanistan_Shahnaz-Bhatti-un-testimonio-de-una-religiosa-catolica-en-Afganistan.jpg","type":"image\/jpeg"}],"author":"Milena","twitter_card":"summary_large_image","twitter_creator":"@acn_int","twitter_site":"@acn_int","twitter_misc":{"Scritto da":"Milena","Tempo di lettura stimato":"6 minuti"},"schema":{"@context":"https:\/\/schema.org","@graph":[{"@type":"Article","@id":"https:\/\/acninternational.org\/it\/shahnaz-bhatti-testimonianza-di-una-suora-cattolica-in-afghanistan\/#article","isPartOf":{"@id":"https:\/\/acninternational.org\/it\/shahnaz-bhatti-testimonianza-di-una-suora-cattolica-in-afghanistan\/"},"author":{"name":"Milena","@id":"https:\/\/acninternational.org\/it\/#\/schema\/person\/5a2b2930ad4475e0aa0dade4e51d9474"},"headline":"Shahnaz Bhatti, testimonianza di una suora cattolica in Afghanistan","datePublished":"2021-09-22T09:51:26+00:00","dateModified":"2021-09-22T12:01:48+00:00","mainEntityOfPage":{"@id":"https:\/\/acninternational.org\/it\/shahnaz-bhatti-testimonianza-di-una-suora-cattolica-in-afghanistan\/"},"wordCount":1024,"publisher":{"@id":"https:\/\/acninternational.org\/it\/#organization"},"image":{"@id":"https:\/\/acninternational.org\/it\/shahnaz-bhatti-testimonianza-di-una-suora-cattolica-in-afghanistan\/#primaryimage"},"thumbnailUrl":"https:\/\/media.acninternational.org\/wp-content\/uploads\/2021\/09\/acn-news_Afghanistan_Shahnaz-Bhatti-un-testimonio-de-una-religiosa-catolica-en-Afganistan.jpg","articleSection":["Non categorizzato"],"inLanguage":"it-IT"},{"@type":"WebPage","@id":"https:\/\/acninternational.org\/it\/shahnaz-bhatti-testimonianza-di-una-suora-cattolica-in-afghanistan\/","url":"https:\/\/acninternational.org\/it\/shahnaz-bhatti-testimonianza-di-una-suora-cattolica-in-afghanistan\/","name":"Shahnaz Bhatti, testimonianza di una suora cattolica in Afghanistan | ACN International","isPartOf":{"@id":"https:\/\/acninternational.org\/it\/#website"},"primaryImageOfPage":{"@id":"https:\/\/acninternational.org\/it\/shahnaz-bhatti-testimonianza-di-una-suora-cattolica-in-afghanistan\/#primaryimage"},"image":{"@id":"https:\/\/acninternational.org\/it\/shahnaz-bhatti-testimonianza-di-una-suora-cattolica-in-afghanistan\/#primaryimage"},"thumbnailUrl":"https:\/\/media.acninternational.org\/wp-content\/uploads\/2021\/09\/acn-news_Afghanistan_Shahnaz-Bhatti-un-testimonio-de-una-religiosa-catolica-en-Afganistan.jpg","datePublished":"2021-09-22T09:51:26+00:00","dateModified":"2021-09-22T12:01:48+00:00","description":"Suor Shahnaz Bhatti \u00e8 una religiosa della Carit\u00e0 di Santa Giovanna Antida Thouret, originaria del Pakistan. \u00c8 stata in missione in Afghanistan fino al 25 agosto scorso quando, scortata dall\u2019Esercito Italiano, \u00e8 riuscita a lasciare il Paese. Aiuto alla Chiesa che Soffre ha raccolto la sua testimonianza.","breadcrumb":{"@id":"https:\/\/acninternational.org\/it\/shahnaz-bhatti-testimonianza-di-una-suora-cattolica-in-afghanistan\/#breadcrumb"},"inLanguage":"it-IT","potentialAction":[{"@type":"ReadAction","target":["https:\/\/acninternational.org\/it\/shahnaz-bhatti-testimonianza-di-una-suora-cattolica-in-afghanistan\/"]}]},{"@type":"ImageObject","inLanguage":"it-IT","@id":"https:\/\/acninternational.org\/it\/shahnaz-bhatti-testimonianza-di-una-suora-cattolica-in-afghanistan\/#primaryimage","url":"https:\/\/media.acninternational.org\/wp-content\/uploads\/2021\/09\/acn-news_Afghanistan_Shahnaz-Bhatti-un-testimonio-de-una-religiosa-catolica-en-Afganistan.jpg","contentUrl":"https:\/\/media.acninternational.org\/wp-content\/uploads\/2021\/09\/acn-news_Afghanistan_Shahnaz-Bhatti-un-testimonio-de-una-religiosa-catolica-en-Afganistan.jpg","width":2000,"height":625},{"@type":"BreadcrumbList","@id":"https:\/\/acninternational.org\/it\/shahnaz-bhatti-testimonianza-di-una-suora-cattolica-in-afghanistan\/#breadcrumb","itemListElement":[{"@type":"ListItem","position":1,"name":"Home","item":"https:\/\/acninternational.org\/it\/"},{"@type":"ListItem","position":2,"name":"ENTREVISTAS","item":"https:\/\/acninternational.org\/es\/category\/entrevistas\/"},{"@type":"ListItem","position":3,"name":"Shahnaz Bhatti, testimonianza di una suora cattolica in Afghanistan"}]},{"@type":"WebSite","@id":"https:\/\/acninternational.org\/it\/#website","url":"https:\/\/acninternational.org\/it\/","name":"ACN International","description":"","publisher":{"@id":"https:\/\/acninternational.org\/it\/#organization"},"potentialAction":[{"@type":"SearchAction","target":{"@type":"EntryPoint","urlTemplate":"https:\/\/acninternational.org\/it\/?s={search_term_string}"},"query-input":{"@type":"PropertyValueSpecification","valueRequired":true,"valueName":"search_term_string"}}],"inLanguage":"it-IT"},{"@type":"Organization","@id":"https:\/\/acninternational.org\/it\/#organization","name":"Aid to the Church in Need International","url":"https:\/\/acninternational.org\/it\/","logo":{"@type":"ImageObject","inLanguage":"it-IT","@id":"https:\/\/acninternational.org\/it\/#\/schema\/logo\/image\/","url":"https:\/\/media.acninternational.org\/wp-content\/uploads\/2019\/11\/acn_logo_blackvector.svg","contentUrl":"https:\/\/media.acninternational.org\/wp-content\/uploads\/2019\/11\/acn_logo_blackvector.svg","width":232.6,"height":78,"caption":"Aid to the Church in Need International"},"image":{"@id":"https:\/\/acninternational.org\/it\/#\/schema\/logo\/image\/"},"sameAs":["https:\/\/www.facebook.com\/acninternationalorg","https:\/\/x.com\/acn_int","https:\/\/www.youtube.com\/channel\/UCQ-077gS0TnVzkhHmf1opZw","https:\/\/www.instagram.com\/acn_international\/"]},{"@type":"Person","@id":"https:\/\/acninternational.org\/it\/#\/schema\/person\/5a2b2930ad4475e0aa0dade4e51d9474","name":"Milena","description":"Lorem ipsum dolor sit amet, consectetur adipiscing elit, sed do eiusmod tempor incididunt ut labore et dolore magna aliqua. Ut enim ad minim veniam, quis nostrud exercitation ullamco laboris nisi ut aliquip ex ea commodo consequat.","url":"https:\/\/acninternational.org\/it\/author\/milena\/"}]}},"_links":{"self":[{"href":"https:\/\/acninternational.org\/it\/wp-json\/wp\/v2\/posts\/159558","targetHints":{"allow":["GET"]}}],"collection":[{"href":"https:\/\/acninternational.org\/it\/wp-json\/wp\/v2\/posts"}],"about":[{"href":"https:\/\/acninternational.org\/it\/wp-json\/wp\/v2\/types\/post"}],"author":[{"embeddable":true,"href":"https:\/\/acninternational.org\/it\/wp-json\/wp\/v2\/users\/66"}],"replies":[{"embeddable":true,"href":"https:\/\/acninternational.org\/it\/wp-json\/wp\/v2\/comments?post=159558"}],"version-history":[{"count":0,"href":"https:\/\/acninternational.org\/it\/wp-json\/wp\/v2\/posts\/159558\/revisions"}],"wp:featuredmedia":[{"embeddable":true,"href":"https:\/\/acninternational.org\/it\/wp-json\/wp\/v2\/media\/159553"}],"wp:attachment":[{"href":"https:\/\/acninternational.org\/it\/wp-json\/wp\/v2\/media?parent=159558"}],"wp:term":[{"taxonomy":"category","embeddable":true,"href":"https:\/\/acninternational.org\/it\/wp-json\/wp\/v2\/categories?post=159558"},{"taxonomy":"post_tag","embeddable":true,"href":"https:\/\/acninternational.org\/it\/wp-json\/wp\/v2\/tags?post=159558"},{"taxonomy":"country","embeddable":true,"href":"https:\/\/acninternational.org\/it\/wp-json\/wp\/v2\/country?post=159558"}],"curies":[{"name":"wp","href":"https:\/\/api.w.org\/{rel}","templated":true}]}}