{"id":144178,"date":"2020-10-28T10:12:32","date_gmt":"2020-10-28T09:12:32","guid":{"rendered":"https:\/\/acninternational.org\/?p=144178"},"modified":"2020-10-28T11:03:35","modified_gmt":"2020-10-28T10:03:35","slug":"pakistan-lennesima-minorenne-cattolica-rapita-e-costretta-al-matrimonio","status":"publish","type":"post","link":"https:\/\/acninternational.org\/it\/pakistan-lennesima-minorenne-cattolica-rapita-e-costretta-al-matrimonio\/","title":{"rendered":"Pakistan: L\u2019ennesima minorenne cattolica rapita e costretta al matrimonio"},"content":{"rendered":"<p><strong><em>Aiuto alla Chiesa che Soffre sosterr\u00e0 le spese legali per la difesa di Arzoo Raja<\/em><\/strong><em>\u00a0<\/em><\/p>\n<p>Arzoo Raja, tredicenne cattolica di Karachi (Pakistan), \u00e8 stata rapita il 13 ottobre scorso, costretta ad abbandonare la propria fede e a sposare il proprio rapitore quarantaquattrenne musulmano Ali Azhar, anch\u2019egli residente a Karachi. Sabato scorso, 24 ottobre, un folto gruppo di cristiani e attivisti della societ\u00e0 civile, guidato da due parlamentari, si \u00e8 radunato di fronte al Karachi Press Club per denunciare la piaga dei rapimenti, delle conversioni forzate e dei matrimoni coatti ai danni di minorenni appartenenti alle minoranze religiose, anzitutto quella cristiana. Tali reati dovrebbero essere perseguiti in base al Child Marriage Restraint Act del 2014, la cui applicazione tuttavia \u00e8 spesso ostacolata dalle forze di polizia e da membri dell\u2019autorit\u00e0 giudiziaria.<\/p>\n<figure id=\"attachment_144168\" aria-describedby=\"caption-attachment-144168\" style=\"width: 670px\" class=\"wp-caption alignnone\"><img loading=\"lazy\" decoding=\"async\" class=\"wp-image-144168 size-full\" src=\"https:\/\/media.acninternational.org\/wp-content\/uploads\/2020\/10\/Arzoo-Raja.jpg\" alt=\"Arzoo Raja, tredicenne cattolica di Karachi (Pakistan), \u00e8 stata rapita il 13 ottobre scorso, costretta ad abbandonare la propria fede e a sposare il proprio rapitore.\" width=\"670\" height=\"400\" srcset=\"https:\/\/media.acninternational.org\/wp-content\/uploads\/2020\/10\/Arzoo-Raja.jpg 670w, https:\/\/media.acninternational.org\/wp-content\/uploads\/2020\/10\/Arzoo-Raja-300x179.jpg 300w\" sizes=\"auto, (max-width: 670px) 100vw, 670px\" \/><figcaption id=\"caption-attachment-144168\" class=\"wp-caption-text\">Arzoo Raja, tredicenne cattolica di Karachi (Pakistan), \u00e8 stata rapita il 13 ottobre scorso, costretta ad abbandonare la propria fede e a sposare il proprio rapitore.<\/figcaption><\/figure>\n<p>La legale dell\u2019adolescente rapita, avv. Tabassum Yousaf, in un colloquio con Aiuto alla Chiesa che Soffre (ACS Italia), ha comunicato di aver presentato in data odierna, 26 ottobre 2020, un\u2019istanza all\u2019Alta Corte del Sindh di Karachi. La prima udienza per esaminare il caso \u00e8 prevista per mercoled\u00ec prossimo, 28 ottobre. Secondo fonti locali diversi familiari del rapitore sarebbero attualmente in stato di fermo.<\/p>\n<p>\u00abAiuto alla Chiesa che Soffre, che sostiene spesso le spese legali per la difesa delle minorenni cristiane vittime di tali odiosi reati, fra le quali cito Huma Younus, da oggi finanzier\u00e0 anche l\u2019assistenza legale di Arzoo Raja e sosterr\u00e0 la sua famiglia attualmente priva di entrate\u00bb, afferma Alessandro Monteduro, direttore di ACS Italia. \u00abFronteggiamo un quotidiano stillicidio di gravi violazioni del corpo e dello spirito di queste adolescenti appartenenti alle minoranze religiose. \u00c8 ora che le autorit\u00e0 preposte alla difesa delle vittime, cio\u00e8 le forze di polizia e l\u2019autorit\u00e0 giudiziaria, si affranchino dalla pressione sociale degli estremisti\u00bb, conclude Monteduro.<\/p>\n","protected":false},"excerpt":{"rendered":"<p>Aiuto alla Chiesa che Soffre sosterr\u00e0 le spese legali per la difesa di Arzoo Raja\u00a0 Arzoo Raja, tredicenne cattolica di<\/p>\n","protected":false},"author":4258341447,"featured_media":132857,"comment_status":"closed","ping_status":"closed","sticky":false,"template":"","format":"standard","meta":{"_acf_changed":false,"_acn_coauthor_ids":[],"footnotes":""},"categories":[235],"tags":[],"country":[104],"class_list":["post-144178","post","type-post","status-publish","format-standard","has-post-thumbnail","hentry","category-non-categorizzato","country-pakistan"],"acn_coauthors":[],"acf":[],"yoast_head":"<!-- This site is optimized with the Yoast SEO Premium plugin v27.3 (Yoast SEO v27.3) - https:\/\/yoast.com\/product\/yoast-seo-premium-wordpress\/ -->\n<title>Pakistan: L\u2019ennesima minorenne cattolica rapita e costretta al matrimonio<\/title>\n<meta name=\"description\" content=\"Arzoo Raja, tredicenne cattolica di Karachi (Pakistan), \u00e8 stata rapita il 13 ottobre scorso, costretta ad abbandonare la propria fede e a sposare il proprio rapitore quarantaquattrenne musulmano Ali Azhar, anch\u2019egli residente a Karachi. Sabato scorso, 24 ottobre, un folto gruppo di cristiani e attivisti della societ\u00e0 civile, guidato da due parlamentari, si \u00e8 radunato di fronte al Karachi Press Club per denunciare la piaga dei rapimenti, delle conversioni forzate e dei matrimoni coatti ai danni di minorenni appartenenti alle minoranze religiose, anzitutto quella cristiana.\" \/>\n<meta name=\"robots\" content=\"index, follow, max-snippet:-1, max-image-preview:large, max-video-preview:-1\" \/>\n<link rel=\"canonical\" href=\"https:\/\/acninternational.org\/it\/pakistan-lennesima-minorenne-cattolica-rapita-e-costretta-al-matrimonio\/\" \/>\n<meta property=\"og:locale\" content=\"it_IT\" \/>\n<meta property=\"og:type\" content=\"article\" \/>\n<meta property=\"og:title\" content=\"Pakistan: L\u2019ennesima minorenne cattolica rapita e costretta al matrimonio\" \/>\n<meta property=\"og:description\" content=\"Arzoo Raja, tredicenne cattolica di Karachi (Pakistan), \u00e8 stata rapita il 13 ottobre scorso, costretta ad abbandonare la propria fede e a sposare il proprio rapitore quarantaquattrenne musulmano Ali Azhar, anch\u2019egli residente a Karachi. Sabato scorso, 24 ottobre, un folto gruppo di cristiani e attivisti della societ\u00e0 civile, guidato da due parlamentari, si \u00e8 radunato di fronte al Karachi Press Club per denunciare la piaga dei rapimenti, delle conversioni forzate e dei matrimoni coatti ai danni di minorenni appartenenti alle minoranze religiose, anzitutto quella cristiana.\" \/>\n<meta property=\"og:url\" content=\"https:\/\/acninternational.org\/it\/pakistan-lennesima-minorenne-cattolica-rapita-e-costretta-al-matrimonio\/\" \/>\n<meta property=\"og:site_name\" content=\"ACN International\" \/>\n<meta property=\"article:publisher\" content=\"https:\/\/www.facebook.com\/acninternationalorg\" \/>\n<meta property=\"article:published_time\" content=\"2020-10-28T09:12:32+00:00\" \/>\n<meta property=\"article:modified_time\" content=\"2020-10-28T10:03:35+00:00\" \/>\n<meta property=\"og:image\" content=\"https:\/\/media.acninternational.org\/wp-content\/uploads\/2020\/03\/Pakistan.jpg\" \/>\n\t<meta property=\"og:image:width\" content=\"1400\" \/>\n\t<meta property=\"og:image:height\" content=\"438\" \/>\n\t<meta property=\"og:image:type\" content=\"image\/jpeg\" \/>\n<meta name=\"author\" content=\"ACN Press Team\" \/>\n<meta name=\"twitter:card\" content=\"summary_large_image\" \/>\n<meta name=\"twitter:creator\" content=\"@acn_int\" \/>\n<meta name=\"twitter:site\" content=\"@acn_int\" \/>\n<meta name=\"twitter:label1\" content=\"Scritto da\" \/>\n\t<meta name=\"twitter:data1\" content=\"ACN Press Team\" \/>\n\t<meta name=\"twitter:label2\" content=\"Tempo di lettura stimato\" \/>\n\t<meta name=\"twitter:data2\" content=\"2 minuti\" \/>\n<script type=\"application\/ld+json\" class=\"yoast-schema-graph\">{\"@context\":\"https:\\\/\\\/schema.org\",\"@graph\":[{\"@type\":\"Article\",\"@id\":\"https:\\\/\\\/acninternational.org\\\/it\\\/pakistan-lennesima-minorenne-cattolica-rapita-e-costretta-al-matrimonio\\\/#article\",\"isPartOf\":{\"@id\":\"https:\\\/\\\/acninternational.org\\\/it\\\/pakistan-lennesima-minorenne-cattolica-rapita-e-costretta-al-matrimonio\\\/\"},\"author\":{\"name\":\"ACN Press Team\",\"@id\":\"https:\\\/\\\/acninternational.org\\\/it\\\/#\\\/schema\\\/person\\\/7f3dafb236b242fb2aa46be1411fd703\"},\"headline\":\"Pakistan: L\u2019ennesima minorenne cattolica rapita e costretta al matrimonio\",\"datePublished\":\"2020-10-28T09:12:32+00:00\",\"dateModified\":\"2020-10-28T10:03:35+00:00\",\"mainEntityOfPage\":{\"@id\":\"https:\\\/\\\/acninternational.org\\\/it\\\/pakistan-lennesima-minorenne-cattolica-rapita-e-costretta-al-matrimonio\\\/\"},\"wordCount\":329,\"publisher\":{\"@id\":\"https:\\\/\\\/acninternational.org\\\/it\\\/#organization\"},\"image\":{\"@id\":\"https:\\\/\\\/acninternational.org\\\/it\\\/pakistan-lennesima-minorenne-cattolica-rapita-e-costretta-al-matrimonio\\\/#primaryimage\"},\"thumbnailUrl\":\"https:\\\/\\\/media.acninternational.org\\\/wp-content\\\/uploads\\\/2020\\\/03\\\/Pakistan.jpg\",\"articleSection\":[\"Non categorizzato\"],\"inLanguage\":\"it-IT\"},{\"@type\":\"WebPage\",\"@id\":\"https:\\\/\\\/acninternational.org\\\/it\\\/pakistan-lennesima-minorenne-cattolica-rapita-e-costretta-al-matrimonio\\\/\",\"url\":\"https:\\\/\\\/acninternational.org\\\/it\\\/pakistan-lennesima-minorenne-cattolica-rapita-e-costretta-al-matrimonio\\\/\",\"name\":\"Pakistan: L\u2019ennesima minorenne cattolica rapita e costretta al matrimonio\",\"isPartOf\":{\"@id\":\"https:\\\/\\\/acninternational.org\\\/it\\\/#website\"},\"primaryImageOfPage\":{\"@id\":\"https:\\\/\\\/acninternational.org\\\/it\\\/pakistan-lennesima-minorenne-cattolica-rapita-e-costretta-al-matrimonio\\\/#primaryimage\"},\"image\":{\"@id\":\"https:\\\/\\\/acninternational.org\\\/it\\\/pakistan-lennesima-minorenne-cattolica-rapita-e-costretta-al-matrimonio\\\/#primaryimage\"},\"thumbnailUrl\":\"https:\\\/\\\/media.acninternational.org\\\/wp-content\\\/uploads\\\/2020\\\/03\\\/Pakistan.jpg\",\"datePublished\":\"2020-10-28T09:12:32+00:00\",\"dateModified\":\"2020-10-28T10:03:35+00:00\",\"description\":\"Arzoo Raja, tredicenne cattolica di Karachi (Pakistan), \u00e8 stata rapita il 13 ottobre scorso, costretta ad abbandonare la propria fede e a sposare il proprio rapitore quarantaquattrenne musulmano Ali Azhar, anch\u2019egli residente a Karachi. Sabato scorso, 24 ottobre, un folto gruppo di cristiani e attivisti della societ\u00e0 civile, guidato da due parlamentari, si \u00e8 radunato di fronte al Karachi Press Club per denunciare la piaga dei rapimenti, delle conversioni forzate e dei matrimoni coatti ai danni di minorenni appartenenti alle minoranze religiose, anzitutto quella cristiana.\",\"breadcrumb\":{\"@id\":\"https:\\\/\\\/acninternational.org\\\/it\\\/pakistan-lennesima-minorenne-cattolica-rapita-e-costretta-al-matrimonio\\\/#breadcrumb\"},\"inLanguage\":\"it-IT\",\"potentialAction\":[{\"@type\":\"ReadAction\",\"target\":[\"https:\\\/\\\/acninternational.org\\\/it\\\/pakistan-lennesima-minorenne-cattolica-rapita-e-costretta-al-matrimonio\\\/\"]}]},{\"@type\":\"ImageObject\",\"inLanguage\":\"it-IT\",\"@id\":\"https:\\\/\\\/acninternational.org\\\/it\\\/pakistan-lennesima-minorenne-cattolica-rapita-e-costretta-al-matrimonio\\\/#primaryimage\",\"url\":\"https:\\\/\\\/media.acninternational.org\\\/wp-content\\\/uploads\\\/2020\\\/03\\\/Pakistan.jpg\",\"contentUrl\":\"https:\\\/\\\/media.acninternational.org\\\/wp-content\\\/uploads\\\/2020\\\/03\\\/Pakistan.jpg\",\"width\":1400,\"height\":438},{\"@type\":\"BreadcrumbList\",\"@id\":\"https:\\\/\\\/acninternational.org\\\/it\\\/pakistan-lennesima-minorenne-cattolica-rapita-e-costretta-al-matrimonio\\\/#breadcrumb\",\"itemListElement\":[{\"@type\":\"ListItem\",\"position\":1,\"name\":\"Home\",\"item\":\"https:\\\/\\\/acninternational.org\\\/it\\\/\"},{\"@type\":\"ListItem\",\"position\":2,\"name\":\"News\",\"item\":\"https:\\\/\\\/acninternational.org\\\/category\\\/news\\\/\"},{\"@type\":\"ListItem\",\"position\":3,\"name\":\"Pakistan: L\u2019ennesima minorenne cattolica rapita e costretta al matrimonio\"}]},{\"@type\":\"WebSite\",\"@id\":\"https:\\\/\\\/acninternational.org\\\/it\\\/#website\",\"url\":\"https:\\\/\\\/acninternational.org\\\/it\\\/\",\"name\":\"ACN International\",\"description\":\"\",\"publisher\":{\"@id\":\"https:\\\/\\\/acninternational.org\\\/it\\\/#organization\"},\"potentialAction\":[{\"@type\":\"SearchAction\",\"target\":{\"@type\":\"EntryPoint\",\"urlTemplate\":\"https:\\\/\\\/acninternational.org\\\/it\\\/?s={search_term_string}\"},\"query-input\":{\"@type\":\"PropertyValueSpecification\",\"valueRequired\":true,\"valueName\":\"search_term_string\"}}],\"inLanguage\":\"it-IT\"},{\"@type\":\"Organization\",\"@id\":\"https:\\\/\\\/acninternational.org\\\/it\\\/#organization\",\"name\":\"Aid to the Church in Need International\",\"url\":\"https:\\\/\\\/acninternational.org\\\/it\\\/\",\"logo\":{\"@type\":\"ImageObject\",\"inLanguage\":\"it-IT\",\"@id\":\"https:\\\/\\\/acninternational.org\\\/it\\\/#\\\/schema\\\/logo\\\/image\\\/\",\"url\":\"https:\\\/\\\/media.acninternational.org\\\/wp-content\\\/uploads\\\/2019\\\/11\\\/acn_logo_blackvector.svg\",\"contentUrl\":\"https:\\\/\\\/media.acninternational.org\\\/wp-content\\\/uploads\\\/2019\\\/11\\\/acn_logo_blackvector.svg\",\"width\":232.6,\"height\":78,\"caption\":\"Aid to the Church in Need International\"},\"image\":{\"@id\":\"https:\\\/\\\/acninternational.org\\\/it\\\/#\\\/schema\\\/logo\\\/image\\\/\"},\"sameAs\":[\"https:\\\/\\\/www.facebook.com\\\/acninternationalorg\",\"https:\\\/\\\/x.com\\\/acn_int\",\"https:\\\/\\\/www.youtube.com\\\/channel\\\/UCQ-077gS0TnVzkhHmf1opZw\",\"https:\\\/\\\/www.instagram.com\\\/acn_international\\\/\"]},{\"@type\":\"Person\",\"@id\":\"https:\\\/\\\/acninternational.org\\\/it\\\/#\\\/schema\\\/person\\\/7f3dafb236b242fb2aa46be1411fd703\",\"name\":\"ACN Press Team\",\"description\":\"Lorem ipsum dolor sit amet, consectetur adipiscing elit, sed do eiusmod tempor incididunt ut labore et dolore magna aliqua. Ut enim ad minim veniam, quis nostrud exercitation ullamco laboris nisi ut aliquip ex ea commodo consequat.\",\"url\":\"https:\\\/\\\/acninternational.org\\\/it\\\/author\\\/acn-press-team\\\/\"}]}<\/script>\n<!-- \/ Yoast SEO Premium plugin. -->","yoast_head_json":{"title":"Pakistan: L\u2019ennesima minorenne cattolica rapita e costretta al matrimonio","description":"Arzoo Raja, tredicenne cattolica di Karachi (Pakistan), \u00e8 stata rapita il 13 ottobre scorso, costretta ad abbandonare la propria fede e a sposare il proprio rapitore quarantaquattrenne musulmano Ali Azhar, anch\u2019egli residente a Karachi. Sabato scorso, 24 ottobre, un folto gruppo di cristiani e attivisti della societ\u00e0 civile, guidato da due parlamentari, si \u00e8 radunato di fronte al Karachi Press Club per denunciare la piaga dei rapimenti, delle conversioni forzate e dei matrimoni coatti ai danni di minorenni appartenenti alle minoranze religiose, anzitutto quella cristiana.","robots":{"index":"index","follow":"follow","max-snippet":"max-snippet:-1","max-image-preview":"max-image-preview:large","max-video-preview":"max-video-preview:-1"},"canonical":"https:\/\/acninternational.org\/it\/pakistan-lennesima-minorenne-cattolica-rapita-e-costretta-al-matrimonio\/","og_locale":"it_IT","og_type":"article","og_title":"Pakistan: L\u2019ennesima minorenne cattolica rapita e costretta al matrimonio","og_description":"Arzoo Raja, tredicenne cattolica di Karachi (Pakistan), \u00e8 stata rapita il 13 ottobre scorso, costretta ad abbandonare la propria fede e a sposare il proprio rapitore quarantaquattrenne musulmano Ali Azhar, anch\u2019egli residente a Karachi. Sabato scorso, 24 ottobre, un folto gruppo di cristiani e attivisti della societ\u00e0 civile, guidato da due parlamentari, si \u00e8 radunato di fronte al Karachi Press Club per denunciare la piaga dei rapimenti, delle conversioni forzate e dei matrimoni coatti ai danni di minorenni appartenenti alle minoranze religiose, anzitutto quella cristiana.","og_url":"https:\/\/acninternational.org\/it\/pakistan-lennesima-minorenne-cattolica-rapita-e-costretta-al-matrimonio\/","og_site_name":"ACN International","article_publisher":"https:\/\/www.facebook.com\/acninternationalorg","article_published_time":"2020-10-28T09:12:32+00:00","article_modified_time":"2020-10-28T10:03:35+00:00","og_image":[{"width":1400,"height":438,"url":"https:\/\/media.acninternational.org\/wp-content\/uploads\/2020\/03\/Pakistan.jpg","type":"image\/jpeg"}],"author":"ACN Press Team","twitter_card":"summary_large_image","twitter_creator":"@acn_int","twitter_site":"@acn_int","twitter_misc":{"Scritto da":"ACN Press Team","Tempo di lettura stimato":"2 minuti"},"schema":{"@context":"https:\/\/schema.org","@graph":[{"@type":"Article","@id":"https:\/\/acninternational.org\/it\/pakistan-lennesima-minorenne-cattolica-rapita-e-costretta-al-matrimonio\/#article","isPartOf":{"@id":"https:\/\/acninternational.org\/it\/pakistan-lennesima-minorenne-cattolica-rapita-e-costretta-al-matrimonio\/"},"author":{"name":"ACN Press Team","@id":"https:\/\/acninternational.org\/it\/#\/schema\/person\/7f3dafb236b242fb2aa46be1411fd703"},"headline":"Pakistan: L\u2019ennesima minorenne cattolica rapita e costretta al matrimonio","datePublished":"2020-10-28T09:12:32+00:00","dateModified":"2020-10-28T10:03:35+00:00","mainEntityOfPage":{"@id":"https:\/\/acninternational.org\/it\/pakistan-lennesima-minorenne-cattolica-rapita-e-costretta-al-matrimonio\/"},"wordCount":329,"publisher":{"@id":"https:\/\/acninternational.org\/it\/#organization"},"image":{"@id":"https:\/\/acninternational.org\/it\/pakistan-lennesima-minorenne-cattolica-rapita-e-costretta-al-matrimonio\/#primaryimage"},"thumbnailUrl":"https:\/\/media.acninternational.org\/wp-content\/uploads\/2020\/03\/Pakistan.jpg","articleSection":["Non categorizzato"],"inLanguage":"it-IT"},{"@type":"WebPage","@id":"https:\/\/acninternational.org\/it\/pakistan-lennesima-minorenne-cattolica-rapita-e-costretta-al-matrimonio\/","url":"https:\/\/acninternational.org\/it\/pakistan-lennesima-minorenne-cattolica-rapita-e-costretta-al-matrimonio\/","name":"Pakistan: L\u2019ennesima minorenne cattolica rapita e costretta al matrimonio","isPartOf":{"@id":"https:\/\/acninternational.org\/it\/#website"},"primaryImageOfPage":{"@id":"https:\/\/acninternational.org\/it\/pakistan-lennesima-minorenne-cattolica-rapita-e-costretta-al-matrimonio\/#primaryimage"},"image":{"@id":"https:\/\/acninternational.org\/it\/pakistan-lennesima-minorenne-cattolica-rapita-e-costretta-al-matrimonio\/#primaryimage"},"thumbnailUrl":"https:\/\/media.acninternational.org\/wp-content\/uploads\/2020\/03\/Pakistan.jpg","datePublished":"2020-10-28T09:12:32+00:00","dateModified":"2020-10-28T10:03:35+00:00","description":"Arzoo Raja, tredicenne cattolica di Karachi (Pakistan), \u00e8 stata rapita il 13 ottobre scorso, costretta ad abbandonare la propria fede e a sposare il proprio rapitore quarantaquattrenne musulmano Ali Azhar, anch\u2019egli residente a Karachi. Sabato scorso, 24 ottobre, un folto gruppo di cristiani e attivisti della societ\u00e0 civile, guidato da due parlamentari, si \u00e8 radunato di fronte al Karachi Press Club per denunciare la piaga dei rapimenti, delle conversioni forzate e dei matrimoni coatti ai danni di minorenni appartenenti alle minoranze religiose, anzitutto quella cristiana.","breadcrumb":{"@id":"https:\/\/acninternational.org\/it\/pakistan-lennesima-minorenne-cattolica-rapita-e-costretta-al-matrimonio\/#breadcrumb"},"inLanguage":"it-IT","potentialAction":[{"@type":"ReadAction","target":["https:\/\/acninternational.org\/it\/pakistan-lennesima-minorenne-cattolica-rapita-e-costretta-al-matrimonio\/"]}]},{"@type":"ImageObject","inLanguage":"it-IT","@id":"https:\/\/acninternational.org\/it\/pakistan-lennesima-minorenne-cattolica-rapita-e-costretta-al-matrimonio\/#primaryimage","url":"https:\/\/media.acninternational.org\/wp-content\/uploads\/2020\/03\/Pakistan.jpg","contentUrl":"https:\/\/media.acninternational.org\/wp-content\/uploads\/2020\/03\/Pakistan.jpg","width":1400,"height":438},{"@type":"BreadcrumbList","@id":"https:\/\/acninternational.org\/it\/pakistan-lennesima-minorenne-cattolica-rapita-e-costretta-al-matrimonio\/#breadcrumb","itemListElement":[{"@type":"ListItem","position":1,"name":"Home","item":"https:\/\/acninternational.org\/it\/"},{"@type":"ListItem","position":2,"name":"News","item":"https:\/\/acninternational.org\/category\/news\/"},{"@type":"ListItem","position":3,"name":"Pakistan: L\u2019ennesima minorenne cattolica rapita e costretta al matrimonio"}]},{"@type":"WebSite","@id":"https:\/\/acninternational.org\/it\/#website","url":"https:\/\/acninternational.org\/it\/","name":"ACN International","description":"","publisher":{"@id":"https:\/\/acninternational.org\/it\/#organization"},"potentialAction":[{"@type":"SearchAction","target":{"@type":"EntryPoint","urlTemplate":"https:\/\/acninternational.org\/it\/?s={search_term_string}"},"query-input":{"@type":"PropertyValueSpecification","valueRequired":true,"valueName":"search_term_string"}}],"inLanguage":"it-IT"},{"@type":"Organization","@id":"https:\/\/acninternational.org\/it\/#organization","name":"Aid to the Church in Need International","url":"https:\/\/acninternational.org\/it\/","logo":{"@type":"ImageObject","inLanguage":"it-IT","@id":"https:\/\/acninternational.org\/it\/#\/schema\/logo\/image\/","url":"https:\/\/media.acninternational.org\/wp-content\/uploads\/2019\/11\/acn_logo_blackvector.svg","contentUrl":"https:\/\/media.acninternational.org\/wp-content\/uploads\/2019\/11\/acn_logo_blackvector.svg","width":232.6,"height":78,"caption":"Aid to the Church in Need International"},"image":{"@id":"https:\/\/acninternational.org\/it\/#\/schema\/logo\/image\/"},"sameAs":["https:\/\/www.facebook.com\/acninternationalorg","https:\/\/x.com\/acn_int","https:\/\/www.youtube.com\/channel\/UCQ-077gS0TnVzkhHmf1opZw","https:\/\/www.instagram.com\/acn_international\/"]},{"@type":"Person","@id":"https:\/\/acninternational.org\/it\/#\/schema\/person\/7f3dafb236b242fb2aa46be1411fd703","name":"ACN Press Team","description":"Lorem ipsum dolor sit amet, consectetur adipiscing elit, sed do eiusmod tempor incididunt ut labore et dolore magna aliqua. Ut enim ad minim veniam, quis nostrud exercitation ullamco laboris nisi ut aliquip ex ea commodo consequat.","url":"https:\/\/acninternational.org\/it\/author\/acn-press-team\/"}]}},"_links":{"self":[{"href":"https:\/\/acninternational.org\/it\/wp-json\/wp\/v2\/posts\/144178","targetHints":{"allow":["GET"]}}],"collection":[{"href":"https:\/\/acninternational.org\/it\/wp-json\/wp\/v2\/posts"}],"about":[{"href":"https:\/\/acninternational.org\/it\/wp-json\/wp\/v2\/types\/post"}],"author":[{"embeddable":true,"href":"https:\/\/acninternational.org\/it\/wp-json\/wp\/v2\/users\/4258341447"}],"replies":[{"embeddable":true,"href":"https:\/\/acninternational.org\/it\/wp-json\/wp\/v2\/comments?post=144178"}],"version-history":[{"count":0,"href":"https:\/\/acninternational.org\/it\/wp-json\/wp\/v2\/posts\/144178\/revisions"}],"wp:featuredmedia":[{"embeddable":true,"href":"https:\/\/acninternational.org\/it\/wp-json\/wp\/v2\/media\/132857"}],"wp:attachment":[{"href":"https:\/\/acninternational.org\/it\/wp-json\/wp\/v2\/media?parent=144178"}],"wp:term":[{"taxonomy":"category","embeddable":true,"href":"https:\/\/acninternational.org\/it\/wp-json\/wp\/v2\/categories?post=144178"},{"taxonomy":"post_tag","embeddable":true,"href":"https:\/\/acninternational.org\/it\/wp-json\/wp\/v2\/tags?post=144178"},{"taxonomy":"country","embeddable":true,"href":"https:\/\/acninternational.org\/it\/wp-json\/wp\/v2\/country?post=144178"}],"curies":[{"name":"wp","href":"https:\/\/api.w.org\/{rel}","templated":true}]}}