{"id":268495,"date":"2026-09-02T14:14:47","date_gmt":"2026-09-02T12:14:47","guid":{"rendered":"https:\/\/acninternational.org\/?p=268495"},"modified":"2026-09-02T14:14:52","modified_gmt":"2026-09-02T12:14:52","slug":"les-ecoles-chretiennes-de-jerusalem-protestent-contre-le-non-renouvellement-des-permis-dentree-des-enseignants","status":"publish","type":"post","link":"https:\/\/acninternational.org\/fr\/les-ecoles-chretiennes-de-jerusalem-protestent-contre-le-non-renouvellement-des-permis-dentree-des-enseignants\/","title":{"rendered":"Les \u00e9coles chr\u00e9tiennes de J\u00e9rusalem protestent contre le non-renouvellement des permis d&rsquo;entr\u00e9e des enseignants"},"content":{"rendered":"\n<p class=\"wp-block-paragraph\"><em>Les \u00e9coles chr\u00e9tiennes de J\u00e9rusalem ont annonc\u00e9 la suspension des cours le 1<sup>er <\/sup>septembre 2026, en raison du non-renouvellement des permis d&rsquo;entr\u00e9e dans la ville pour des dizaines de membres de leur personnel. La gr\u00e8ve devait \u00eatre illimit\u00e9e, mais elle a \u00e9t\u00e9 lev\u00e9e au bout d&rsquo;une journ\u00e9e, apr\u00e8s que les autorit\u00e9s isra\u00e9liennes ont renouvel\u00e9 certains des permis. Dans un communiqu\u00e9 adress\u00e9 \u00e0 Aid to the Church in Need (ACN), le directeur du Coll\u00e8ge des Fr\u00e8res \u00e0 J\u00e9rusalem met en garde contre les cons\u00e9quences de cette situation pour les \u00e9l\u00e8ves, les familles et l&rsquo;avenir de la pr\u00e9sence chr\u00e9tienne en Terre sainte.<\/em><\/p>\n\n\n\n<p class=\"wp-block-paragraph\">\u00ab La rentr\u00e9e scolaire devrait \u00eatre un moment de joie, de retrouvailles et d\u2019esp\u00e9rance. Pour les \u00e9coles chr\u00e9tiennes de J\u00e9rusalem, ce d\u00e9but d\u2019ann\u00e9e 2026-2027 est malheureusement marqu\u00e9 par une nouvelle crise \u00bb, regrette aupr\u00e8s d\u2019ACN Fr\u00e8re Daoud Kassabry, le directeur du Coll\u00e8ge des Fr\u00e8res de J\u00e9rusalem.<\/p>\n\n\n<div class=\"wp-block-image\">\n<figure class=\"aligncenter size-large\"><img loading=\"lazy\" decoding=\"async\" width=\"683\" height=\"1024\" src=\"https:\/\/media.acninternational.org\/wp-content\/uploads\/2026\/09\/ACN-20260902-210192-683x1024.jpg\" alt=\"\" class=\"wp-image-268470\" srcset=\"https:\/\/media.acninternational.org\/wp-content\/uploads\/2026\/09\/ACN-20260902-210192-683x1024.jpg 683w, https:\/\/media.acninternational.org\/wp-content\/uploads\/2026\/09\/ACN-20260902-210192-200x300.jpg 200w, https:\/\/media.acninternational.org\/wp-content\/uploads\/2026\/09\/ACN-20260902-210192-768x1152.jpg 768w, https:\/\/media.acninternational.org\/wp-content\/uploads\/2026\/09\/ACN-20260902-210192-1024x1536.jpg 1024w, https:\/\/media.acninternational.org\/wp-content\/uploads\/2026\/09\/ACN-20260902-210192.jpg 1080w\" sizes=\"auto, (max-width: 683px) 100vw, 683px\" \/><figcaption class=\"wp-element-caption\">Fr\u00e8re Daoud Kassabry<\/figcaption><\/figure>\n<\/div>\n\n\n<p class=\"wp-block-paragraph\">Dans un communiqu\u00e9 publi\u00e9 le 31 ao\u00fbt, le Secr\u00e9tariat g\u00e9n\u00e9ral des institutions \u00e9ducatives chr\u00e9tiennes de J\u00e9rusalem a de fait annonc\u00e9 la suspension des activit\u00e9s scolaires dans ses \u00e9coles \u00e0 compter du mardi 1<sup>er<\/sup> septembre. La d\u00e9cision fait suite au non-renouvellement des permis d\u2019entr\u00e9e dans la ville de plus de 70 enseignants et employ\u00e9s. Leur absence touche aussi bien l\u2019enseignement que l\u2019administration, les services techniques et sanitaires, affectant au total, plus de 8 500 \u00e9l\u00e8ves.<\/p>\n\n\n\n<p class=\"wp-block-paragraph\">La difficult\u00e9 tient au statut particulier de J\u00e9rusalem et aux restrictions qui encadrent l\u2019acc\u00e8s \u00e0 la ville pour les Palestiniens de Cisjordanie. Les enseignants et employ\u00e9s concern\u00e9s doivent disposer d\u2019autorisations isra\u00e9liennes pour y p\u00e9n\u00e9trer. Or, \u00e0 l\u2019approche de la rentr\u00e9e, leurs permis d\u2019entr\u00e9e n\u2019ont pas \u00e9t\u00e9 renouvel\u00e9s. Le communiqu\u00e9 du 31 ao\u00fbt souligne que cette mesure a \u00e9t\u00e9 prise \u00ab soudainement et sans pr\u00e9avis \u00bb. Cette situation rend impossible un d\u00e9but d\u2019ann\u00e9e scolaire \u00ab s\u00fbr et stable \u00bb.<\/p>\n\n\n<div class=\"wp-block-image\">\n<figure class=\"aligncenter size-large\"><img loading=\"lazy\" decoding=\"async\" width=\"683\" height=\"1024\" src=\"https:\/\/media.acninternational.org\/wp-content\/uploads\/2026\/09\/ACN-20250226-182781-683x1024.jpg\" alt=\"\" class=\"wp-image-268476\" srcset=\"https:\/\/media.acninternational.org\/wp-content\/uploads\/2026\/09\/ACN-20250226-182781-683x1024.jpg 683w, https:\/\/media.acninternational.org\/wp-content\/uploads\/2026\/09\/ACN-20250226-182781-200x300.jpg 200w, https:\/\/media.acninternational.org\/wp-content\/uploads\/2026\/09\/ACN-20250226-182781-768x1152.jpg 768w, https:\/\/media.acninternational.org\/wp-content\/uploads\/2026\/09\/ACN-20250226-182781-1024x1536.jpg 1024w, https:\/\/media.acninternational.org\/wp-content\/uploads\/2026\/09\/ACN-20250226-182781.jpg 1080w\" sizes=\"auto, (max-width: 683px) 100vw, 683px\" \/><\/figure>\n<\/div>\n\n\n<p class=\"wp-block-paragraph\">Pour Fr\u00e8re Daoud Kassabry, \u00ab cette suspension s\u2019inscrit dans un contexte plus large de restrictions concernant <a href=\"https:\/\/acninternational.org\/fr\/jerusalem-les-ecoles-chretiennes-menacees\/\" target=\"_blank\" rel=\"noreferrer noopener\">le recrutement et les qualifications des enseignants palestiniens<\/a>. \u00bb Et pour lui, le probl\u00e8me ne saurait \u00eatre r\u00e9duit \u00e0 une simple difficult\u00e9 administrative. \u00ab Pour nous, un enseignant ne se remplace pas du jour au lendemain. Il apporte une comp\u00e9tence, une exp\u00e9rience, une connaissance des \u00e9l\u00e8ves et une relation de confiance avec les familles. \u00bb \u00a0<\/p>\n\n\n\n<h4 id=\"h-derriere-les-permis-des-familles\" class=\"wp-block-heading\"><strong>Derri\u00e8re les permis, des familles<\/strong><\/h4>\n\n\n\n<p class=\"wp-block-paragraph\">Mais la crise est aussi humaine. \u00ab Derri\u00e8re chaque permis non renouvel\u00e9, il y a une personne, une famille et un revenu menac\u00e9 \u00bb, explique \u00e0 ACN Fr\u00e8re Daoud Kassabry.<\/p>\n\n\n\n<p class=\"wp-block-paragraph\">Les \u00e9tablissements doivent eux aussi continuer \u00e0 supporter leurs charges alors m\u00eame que les cours sont suspendus. Cette situation risque d\u2019accentuer leurs difficult\u00e9s financi\u00e8res, dans un contexte o\u00f9 de nombreuses familles rencontrent d\u00e9j\u00e0 des probl\u00e8mes pour r\u00e9gler les frais de scolarit\u00e9. J\u00e9rusalem conna\u00eet une situation \u00e9conomique particuli\u00e8rement difficile depuis le d\u00e9but de la guerre, et l\u2019effondrement du tourisme.<\/p>\n\n\n<div class=\"wp-block-image\">\n<figure class=\"aligncenter size-large\"><img loading=\"lazy\" decoding=\"async\" width=\"768\" height=\"1024\" src=\"https:\/\/media.acninternational.org\/wp-content\/uploads\/2026\/09\/ACN-20260902-210194-768x1024.jpg\" alt=\"\" class=\"wp-image-268482\" srcset=\"https:\/\/media.acninternational.org\/wp-content\/uploads\/2026\/09\/ACN-20260902-210194-768x1024.jpg 768w, https:\/\/media.acninternational.org\/wp-content\/uploads\/2026\/09\/ACN-20260902-210194-225x300.jpg 225w, https:\/\/media.acninternational.org\/wp-content\/uploads\/2026\/09\/ACN-20260902-210194.jpg 1080w\" sizes=\"auto, (max-width: 768px) 100vw, 768px\" \/><\/figure>\n<\/div>\n\n\n<h4 id=\"h-une-ecole-pour-les-chretiens-et-pour-toute-la-societe\" class=\"wp-block-heading\"><strong>Une \u00e9cole pour les chr\u00e9tiens et pour toute la soci\u00e9t\u00e9<\/strong><\/h4>\n\n\n\n<p class=\"wp-block-paragraph\">Les \u00e9coles chr\u00e9tiennes de J\u00e9rusalem accueillent des \u00e9l\u00e8ves chr\u00e9tiens et musulmans. Elles sont des lieux d\u2019apprentissage du respect de l\u2019autre qui rev\u00eatent une importance particuli\u00e8re dans une ville o\u00f9 les communaut\u00e9s vivent dans un contexte de divisions. Au Coll\u00e8ge des Fr\u00e8res de J\u00e9rusalem, cette mission s\u2019inscrit dans une histoire de 150 ans. Pour les chr\u00e9tiens, ces \u00e9coles repr\u00e9sentent aussi un \u00e9l\u00e9ment essentiel de leur pr\u00e9sence dans la ville sainte. Une famille a besoin de pouvoir travailler, mais aussi de pouvoir offrir \u00e0 ses enfants une \u00e9ducation stable et de qualit\u00e9. Lorsque ces deux conditions sont fragilis\u00e9es, la possibilit\u00e9 m\u00eame de rester \u00e0 J\u00e9rusalem peut l\u2019\u00eatre \u00e0 son tour.<\/p>\n\n\n<div class=\"wp-block-image\">\n<figure class=\"aligncenter size-large\"><img loading=\"lazy\" decoding=\"async\" width=\"768\" height=\"1024\" src=\"https:\/\/media.acninternational.org\/wp-content\/uploads\/2026\/09\/ACN-20260320-203734-768x1024.jpg\" alt=\"\" class=\"wp-image-268488\" srcset=\"https:\/\/media.acninternational.org\/wp-content\/uploads\/2026\/09\/ACN-20260320-203734-768x1024.jpg 768w, https:\/\/media.acninternational.org\/wp-content\/uploads\/2026\/09\/ACN-20260320-203734-225x300.jpg 225w, https:\/\/media.acninternational.org\/wp-content\/uploads\/2026\/09\/ACN-20260320-203734.jpg 1080w\" sizes=\"auto, (max-width: 768px) 100vw, 768px\" \/><\/figure>\n<\/div>\n\n\n<p class=\"wp-block-paragraph\">Face \u00e0 la situation actuelle, les \u00e9coles chr\u00e9tiennes demandent que les permis n\u00e9cessaires soient rapidement \u00ab&nbsp;r\u00e9\u00e9mis et renouvel\u00e9s&nbsp;\u00bb. Dans leur communiqu\u00e9, elles demandent \u00e9galement que de telles mesures cessent et ne se r\u00e9p\u00e8tent pas \u00e0 l\u2019avenir, afin de pr\u00e9server la stabilit\u00e9 des institutions \u00e9ducatives et de garantir aux \u00e9l\u00e8ves \u00ab&nbsp;une \u00e9ducation r\u00e9guli\u00e8re et s\u00fbre&nbsp;\u00bb.<\/p>\n\n\n<div class=\"wp-block-image\">\n<figure class=\"aligncenter size-full\"><img loading=\"lazy\" decoding=\"async\" width=\"720\" height=\"782\" src=\"https:\/\/media.acninternational.org\/wp-content\/uploads\/2024\/09\/ACN-20230809-151132.jpg\" alt=\"\" class=\"wp-image-227837\" srcset=\"https:\/\/media.acninternational.org\/wp-content\/uploads\/2024\/09\/ACN-20230809-151132.jpg 720w, https:\/\/media.acninternational.org\/wp-content\/uploads\/2024\/09\/ACN-20230809-151132-276x300.jpg 276w\" sizes=\"auto, (max-width: 720px) 100vw, 720px\" \/><figcaption class=\"wp-element-caption\">George Akroush, project coordinator for the Latin Patriarchate of Jerusalem<\/figcaption><\/figure>\n<\/div>\n\n\n<p class=\"wp-block-paragraph\">La d\u00e9cision de lancer la gr\u00e8ve, ainsi que l&rsquo;appel des \u00e9coles chr\u00e9tiennes, semblent avoir port\u00e9 leurs fruits, les autorit\u00e9s isra\u00e9liennes ayant renouvel\u00e9 certains permis le 1<sup>er<\/sup> septembre. \u00ab Certains pour une semaine, d&rsquo;autres pour un mois et certains jusqu&rsquo;\u00e0 la fin de l&rsquo;ann\u00e9e \u00bb, a d\u00e9clar\u00e9 George Akroush, directeur du d\u00e9veloppement au Patriarcat latin de J\u00e9rusalem. Toutefois, \u00ab cela signifie que plus de 70 enseignants n&rsquo;ont pas obtenu de permis valables jusqu&rsquo;\u00e0 la fin de l&rsquo;ann\u00e9e scolaire. Les autorit\u00e9s eccl\u00e9siastiques continueront de faire pression sur les autorit\u00e9s concernant ces enseignants et esp\u00e8rent que les permis complets seront d\u00e9livr\u00e9s prochainement, peut-\u00eatre apr\u00e8s No\u00ebl \u00bb, a ajout\u00e9 George Akroush.<\/p>\n\n\n\n<p class=\"wp-block-paragraph\">Fr\u00e8re Daoud formule le m\u00eame souhait : \u00ab Nous appelons les autorit\u00e9s comp\u00e9tentes, les responsables eccl\u00e9siaux et les partenaires internationaux \u00e0 soutenir une solution rapide et durable. Les enfants de J\u00e9rusalem ont besoin de stabilit\u00e9, de confiance et d\u2019un avenir ouvert. \u00bb<\/p>\n","protected":false},"excerpt":{"rendered":"<p>Les \u00e9coles chr\u00e9tiennes de J\u00e9rusalem ont annonc\u00e9 la suspension des cours le 1er septembre 2026, en raison du non-renouvellement des permis d&rsquo;entr\u00e9e dans la ville pour des dizaines de membres de leur personnel. La gr\u00e8ve devait \u00eatre illimit\u00e9e, mais elle a \u00e9t\u00e9 lev\u00e9e au bout d&rsquo;une journ\u00e9e, apr\u00e8s que les autorit\u00e9s isra\u00e9liennes ont renouvel\u00e9 certains [&hellip;]<\/p>\n","protected":false},"author":4258341481,"featured_media":262951,"comment_status":"closed","ping_status":"closed","sticky":false,"template":"","format":"standard","meta":{"_acf_changed":false,"_acn_coauthor_ids":[],"_acn_featured_article":false,"footnotes":""},"categories":[962],"tags":[],"country":[],"class_list":["post-268495","post","type-post","status-publish","format-standard","has-post-thumbnail","hentry","category-news-fr"],"acn_coauthors":[],"acf":[],"yoast_head":"<!-- This site is optimized with the Yoast SEO Premium plugin v28.3 (Yoast SEO v28.3) - https:\/\/yoast.com\/product\/yoast-seo-premium-wordpress\/ -->\n<title>J\u00e9rusalem : permis refus\u00e9s aux enseignants chr\u00e9tiens | ACN International<\/title>\n<meta name=\"description\" content=\"Les \u00e9coles chr\u00e9tiennes de J\u00e9rusalem protestent contre le non-renouvellement des permis d&#039;entr\u00e9e des enseignants et suspendent les cours.\" \/>\n<meta name=\"robots\" content=\"index, follow, max-snippet:-1, max-image-preview:large, max-video-preview:-1\" \/>\n<link rel=\"canonical\" href=\"https:\/\/acninternational.org\/fr\/les-ecoles-chretiennes-de-jerusalem-protestent-contre-le-non-renouvellement-des-permis-dentree-des-enseignants\/\" \/>\n<meta property=\"og:locale\" content=\"fr_FR\" \/>\n<meta property=\"og:type\" content=\"article\" \/>\n<meta property=\"og:title\" content=\"Les \u00e9coles chr\u00e9tiennes de J\u00e9rusalem protestent contre le non-renouvellement des permis d&#039;entr\u00e9e des enseignants\" \/>\n<meta property=\"og:description\" content=\"Les \u00e9coles chr\u00e9tiennes de J\u00e9rusalem protestent contre le non-renouvellement des permis d&#039;entr\u00e9e des enseignants et suspendent les cours.\" \/>\n<meta property=\"og:url\" content=\"https:\/\/acninternational.org\/fr\/les-ecoles-chretiennes-de-jerusalem-protestent-contre-le-non-renouvellement-des-permis-dentree-des-enseignants\/\" \/>\n<meta property=\"og:site_name\" content=\"ACN International\" \/>\n<meta property=\"article:publisher\" content=\"https:\/\/www.facebook.com\/acninternationalorg\" \/>\n<meta property=\"article:published_time\" content=\"2026-09-02T12:14:47+00:00\" \/>\n<meta property=\"article:modified_time\" content=\"2026-09-02T12:14:52+00:00\" \/>\n<meta property=\"og:image\" content=\"https:\/\/media.acninternational.org\/wp-content\/uploads\/2026\/03\/ACN-20260320-203735.jpg\" \/>\n\t<meta property=\"og:image:width\" content=\"1980\" \/>\n\t<meta property=\"og:image:height\" content=\"800\" \/>\n\t<meta property=\"og:image:type\" content=\"image\/jpeg\" \/>\n<meta name=\"author\" content=\"Christophe Lafontaine\" \/>\n<meta name=\"twitter:card\" content=\"summary_large_image\" \/>\n<meta name=\"twitter:creator\" content=\"@acn_int\" \/>\n<meta name=\"twitter:site\" content=\"@acn_int\" \/>\n<meta name=\"twitter:label1\" content=\"\u00c9crit par\" \/>\n\t<meta name=\"twitter:data1\" content=\"Christophe Lafontaine\" \/>\n\t<meta name=\"twitter:label2\" content=\"Dur\u00e9e de lecture estim\u00e9e\" \/>\n\t<meta name=\"twitter:data2\" content=\"6 minutes\" \/>\n<script type=\"application\/ld+json\" class=\"yoast-schema-graph\">{\"@context\":\"https:\\\/\\\/schema.org\",\"@graph\":[{\"@type\":\"Article\",\"@id\":\"https:\\\/\\\/acninternational.org\\\/fr\\\/les-ecoles-chretiennes-de-jerusalem-protestent-contre-le-non-renouvellement-des-permis-dentree-des-enseignants\\\/#article\",\"isPartOf\":{\"@id\":\"https:\\\/\\\/acninternational.org\\\/fr\\\/les-ecoles-chretiennes-de-jerusalem-protestent-contre-le-non-renouvellement-des-permis-dentree-des-enseignants\\\/\"},\"author\":{\"name\":\"Christophe Lafontaine\",\"@id\":\"https:\\\/\\\/acninternational.org\\\/fr\\\/#\\\/schema\\\/person\\\/987b44dfb14eab5a1068181b3c28d42f\"},\"headline\":\"Les \u00e9coles chr\u00e9tiennes de J\u00e9rusalem protestent contre le non-renouvellement des permis d&rsquo;entr\u00e9e des enseignants\",\"datePublished\":\"2026-09-02T12:14:47+00:00\",\"dateModified\":\"2026-09-02T12:14:52+00:00\",\"mainEntityOfPage\":{\"@id\":\"https:\\\/\\\/acninternational.org\\\/fr\\\/les-ecoles-chretiennes-de-jerusalem-protestent-contre-le-non-renouvellement-des-permis-dentree-des-enseignants\\\/\"},\"wordCount\":935,\"publisher\":{\"@id\":\"https:\\\/\\\/acninternational.org\\\/fr\\\/#organization\"},\"image\":{\"@id\":\"https:\\\/\\\/acninternational.org\\\/fr\\\/les-ecoles-chretiennes-de-jerusalem-protestent-contre-le-non-renouvellement-des-permis-dentree-des-enseignants\\\/#primaryimage\"},\"thumbnailUrl\":\"https:\\\/\\\/media.acninternational.org\\\/wp-content\\\/uploads\\\/2026\\\/03\\\/ACN-20260320-203735.jpg\",\"articleSection\":[\"Nouvelles\"],\"inLanguage\":\"fr-FR\"},{\"@type\":\"WebPage\",\"@id\":\"https:\\\/\\\/acninternational.org\\\/fr\\\/les-ecoles-chretiennes-de-jerusalem-protestent-contre-le-non-renouvellement-des-permis-dentree-des-enseignants\\\/\",\"url\":\"https:\\\/\\\/acninternational.org\\\/fr\\\/les-ecoles-chretiennes-de-jerusalem-protestent-contre-le-non-renouvellement-des-permis-dentree-des-enseignants\\\/\",\"name\":\"J\u00e9rusalem : permis refus\u00e9s aux enseignants chr\u00e9tiens | ACN International\",\"isPartOf\":{\"@id\":\"https:\\\/\\\/acninternational.org\\\/fr\\\/#website\"},\"primaryImageOfPage\":{\"@id\":\"https:\\\/\\\/acninternational.org\\\/fr\\\/les-ecoles-chretiennes-de-jerusalem-protestent-contre-le-non-renouvellement-des-permis-dentree-des-enseignants\\\/#primaryimage\"},\"image\":{\"@id\":\"https:\\\/\\\/acninternational.org\\\/fr\\\/les-ecoles-chretiennes-de-jerusalem-protestent-contre-le-non-renouvellement-des-permis-dentree-des-enseignants\\\/#primaryimage\"},\"thumbnailUrl\":\"https:\\\/\\\/media.acninternational.org\\\/wp-content\\\/uploads\\\/2026\\\/03\\\/ACN-20260320-203735.jpg\",\"datePublished\":\"2026-09-02T12:14:47+00:00\",\"dateModified\":\"2026-09-02T12:14:52+00:00\",\"description\":\"Les \u00e9coles chr\u00e9tiennes de J\u00e9rusalem protestent contre le non-renouvellement des permis d'entr\u00e9e des enseignants et suspendent les cours.\",\"breadcrumb\":{\"@id\":\"https:\\\/\\\/acninternational.org\\\/fr\\\/les-ecoles-chretiennes-de-jerusalem-protestent-contre-le-non-renouvellement-des-permis-dentree-des-enseignants\\\/#breadcrumb\"},\"inLanguage\":\"fr-FR\",\"potentialAction\":[{\"@type\":\"ReadAction\",\"target\":[\"https:\\\/\\\/acninternational.org\\\/fr\\\/les-ecoles-chretiennes-de-jerusalem-protestent-contre-le-non-renouvellement-des-permis-dentree-des-enseignants\\\/\"]}]},{\"@type\":\"ImageObject\",\"inLanguage\":\"fr-FR\",\"@id\":\"https:\\\/\\\/acninternational.org\\\/fr\\\/les-ecoles-chretiennes-de-jerusalem-protestent-contre-le-non-renouvellement-des-permis-dentree-des-enseignants\\\/#primaryimage\",\"url\":\"https:\\\/\\\/media.acninternational.org\\\/wp-content\\\/uploads\\\/2026\\\/03\\\/ACN-20260320-203735.jpg\",\"contentUrl\":\"https:\\\/\\\/media.acninternational.org\\\/wp-content\\\/uploads\\\/2026\\\/03\\\/ACN-20260320-203735.jpg\",\"width\":1980,\"height\":800},{\"@type\":\"BreadcrumbList\",\"@id\":\"https:\\\/\\\/acninternational.org\\\/fr\\\/les-ecoles-chretiennes-de-jerusalem-protestent-contre-le-non-renouvellement-des-permis-dentree-des-enseignants\\\/#breadcrumb\",\"itemListElement\":[{\"@type\":\"ListItem\",\"position\":1,\"name\":\"Home\",\"item\":\"https:\\\/\\\/acninternational.org\\\/fr\\\/\"},{\"@type\":\"ListItem\",\"position\":2,\"name\":\"Nouvelles\",\"item\":\"https:\\\/\\\/acninternational.org\\\/fr\\\/category\\\/news-fr\\\/\"},{\"@type\":\"ListItem\",\"position\":3,\"name\":\"Les \u00e9coles chr\u00e9tiennes de J\u00e9rusalem protestent contre le non-renouvellement des permis d&#8217;entr\u00e9e des enseignants\"}]},{\"@type\":\"WebSite\",\"@id\":\"https:\\\/\\\/acninternational.org\\\/fr\\\/#website\",\"url\":\"https:\\\/\\\/acninternational.org\\\/fr\\\/\",\"name\":\"ACN International\",\"description\":\"\",\"publisher\":{\"@id\":\"https:\\\/\\\/acninternational.org\\\/fr\\\/#organization\"},\"potentialAction\":[{\"@type\":\"SearchAction\",\"target\":{\"@type\":\"EntryPoint\",\"urlTemplate\":\"https:\\\/\\\/acninternational.org\\\/fr\\\/?s={search_term_string}\"},\"query-input\":{\"@type\":\"PropertyValueSpecification\",\"valueRequired\":true,\"valueName\":\"search_term_string\"}}],\"inLanguage\":\"fr-FR\"},{\"@type\":\"Organization\",\"@id\":\"https:\\\/\\\/acninternational.org\\\/fr\\\/#organization\",\"name\":\"Aid to the Church in Need International\",\"url\":\"https:\\\/\\\/acninternational.org\\\/fr\\\/\",\"logo\":{\"@type\":\"ImageObject\",\"inLanguage\":\"fr-FR\",\"@id\":\"https:\\\/\\\/acninternational.org\\\/fr\\\/#\\\/schema\\\/logo\\\/image\\\/\",\"url\":\"https:\\\/\\\/media.acninternational.org\\\/wp-content\\\/uploads\\\/2019\\\/11\\\/acn_logo_blackvector.svg\",\"contentUrl\":\"https:\\\/\\\/media.acninternational.org\\\/wp-content\\\/uploads\\\/2019\\\/11\\\/acn_logo_blackvector.svg\",\"width\":232.6,\"height\":78,\"caption\":\"Aid to the Church in Need International\"},\"image\":{\"@id\":\"https:\\\/\\\/acninternational.org\\\/fr\\\/#\\\/schema\\\/logo\\\/image\\\/\"},\"sameAs\":[\"https:\\\/\\\/www.facebook.com\\\/acninternationalorg\",\"https:\\\/\\\/x.com\\\/acn_int\",\"https:\\\/\\\/www.youtube.com\\\/channel\\\/UCQ-077gS0TnVzkhHmf1opZw\",\"https:\\\/\\\/www.instagram.com\\\/acn_international\\\/\"]},{\"@type\":\"Person\",\"@id\":\"https:\\\/\\\/acninternational.org\\\/fr\\\/#\\\/schema\\\/person\\\/987b44dfb14eab5a1068181b3c28d42f\",\"name\":\"Christophe Lafontaine\",\"url\":\"https:\\\/\\\/acninternational.org\\\/fr\\\/author\\\/christophe\\\/\"}]}<\/script>\n<!-- \/ Yoast SEO Premium plugin. -->","yoast_head_json":{"title":"J\u00e9rusalem : permis refus\u00e9s aux enseignants chr\u00e9tiens | ACN International","description":"Les \u00e9coles chr\u00e9tiennes de J\u00e9rusalem protestent contre le non-renouvellement des permis d'entr\u00e9e des enseignants et suspendent les cours.","robots":{"index":"index","follow":"follow","max-snippet":"max-snippet:-1","max-image-preview":"max-image-preview:large","max-video-preview":"max-video-preview:-1"},"canonical":"https:\/\/acninternational.org\/fr\/les-ecoles-chretiennes-de-jerusalem-protestent-contre-le-non-renouvellement-des-permis-dentree-des-enseignants\/","og_locale":"fr_FR","og_type":"article","og_title":"Les \u00e9coles chr\u00e9tiennes de J\u00e9rusalem protestent contre le non-renouvellement des permis d'entr\u00e9e des enseignants","og_description":"Les \u00e9coles chr\u00e9tiennes de J\u00e9rusalem protestent contre le non-renouvellement des permis d'entr\u00e9e des enseignants et suspendent les cours.","og_url":"https:\/\/acninternational.org\/fr\/les-ecoles-chretiennes-de-jerusalem-protestent-contre-le-non-renouvellement-des-permis-dentree-des-enseignants\/","og_site_name":"ACN International","article_publisher":"https:\/\/www.facebook.com\/acninternationalorg","article_published_time":"2026-09-02T12:14:47+00:00","article_modified_time":"2026-09-02T12:14:52+00:00","og_image":[{"width":1980,"height":800,"url":"https:\/\/media.acninternational.org\/wp-content\/uploads\/2026\/03\/ACN-20260320-203735.jpg","type":"image\/jpeg"}],"author":"Christophe Lafontaine","twitter_card":"summary_large_image","twitter_creator":"@acn_int","twitter_site":"@acn_int","twitter_misc":{"\u00c9crit par":"Christophe Lafontaine","Dur\u00e9e de lecture estim\u00e9e":"6 minutes"},"schema":{"@context":"https:\/\/schema.org","@graph":[{"@type":"Article","@id":"https:\/\/acninternational.org\/fr\/les-ecoles-chretiennes-de-jerusalem-protestent-contre-le-non-renouvellement-des-permis-dentree-des-enseignants\/#article","isPartOf":{"@id":"https:\/\/acninternational.org\/fr\/les-ecoles-chretiennes-de-jerusalem-protestent-contre-le-non-renouvellement-des-permis-dentree-des-enseignants\/"},"author":{"name":"Christophe Lafontaine","@id":"https:\/\/acninternational.org\/fr\/#\/schema\/person\/987b44dfb14eab5a1068181b3c28d42f"},"headline":"Les \u00e9coles chr\u00e9tiennes de J\u00e9rusalem protestent contre le non-renouvellement des permis d&rsquo;entr\u00e9e des enseignants","datePublished":"2026-09-02T12:14:47+00:00","dateModified":"2026-09-02T12:14:52+00:00","mainEntityOfPage":{"@id":"https:\/\/acninternational.org\/fr\/les-ecoles-chretiennes-de-jerusalem-protestent-contre-le-non-renouvellement-des-permis-dentree-des-enseignants\/"},"wordCount":935,"publisher":{"@id":"https:\/\/acninternational.org\/fr\/#organization"},"image":{"@id":"https:\/\/acninternational.org\/fr\/les-ecoles-chretiennes-de-jerusalem-protestent-contre-le-non-renouvellement-des-permis-dentree-des-enseignants\/#primaryimage"},"thumbnailUrl":"https:\/\/media.acninternational.org\/wp-content\/uploads\/2026\/03\/ACN-20260320-203735.jpg","articleSection":["Nouvelles"],"inLanguage":"fr-FR"},{"@type":"WebPage","@id":"https:\/\/acninternational.org\/fr\/les-ecoles-chretiennes-de-jerusalem-protestent-contre-le-non-renouvellement-des-permis-dentree-des-enseignants\/","url":"https:\/\/acninternational.org\/fr\/les-ecoles-chretiennes-de-jerusalem-protestent-contre-le-non-renouvellement-des-permis-dentree-des-enseignants\/","name":"J\u00e9rusalem : permis refus\u00e9s aux enseignants chr\u00e9tiens | ACN International","isPartOf":{"@id":"https:\/\/acninternational.org\/fr\/#website"},"primaryImageOfPage":{"@id":"https:\/\/acninternational.org\/fr\/les-ecoles-chretiennes-de-jerusalem-protestent-contre-le-non-renouvellement-des-permis-dentree-des-enseignants\/#primaryimage"},"image":{"@id":"https:\/\/acninternational.org\/fr\/les-ecoles-chretiennes-de-jerusalem-protestent-contre-le-non-renouvellement-des-permis-dentree-des-enseignants\/#primaryimage"},"thumbnailUrl":"https:\/\/media.acninternational.org\/wp-content\/uploads\/2026\/03\/ACN-20260320-203735.jpg","datePublished":"2026-09-02T12:14:47+00:00","dateModified":"2026-09-02T12:14:52+00:00","description":"Les \u00e9coles chr\u00e9tiennes de J\u00e9rusalem protestent contre le non-renouvellement des permis d'entr\u00e9e des enseignants et suspendent les cours.","breadcrumb":{"@id":"https:\/\/acninternational.org\/fr\/les-ecoles-chretiennes-de-jerusalem-protestent-contre-le-non-renouvellement-des-permis-dentree-des-enseignants\/#breadcrumb"},"inLanguage":"fr-FR","potentialAction":[{"@type":"ReadAction","target":["https:\/\/acninternational.org\/fr\/les-ecoles-chretiennes-de-jerusalem-protestent-contre-le-non-renouvellement-des-permis-dentree-des-enseignants\/"]}]},{"@type":"ImageObject","inLanguage":"fr-FR","@id":"https:\/\/acninternational.org\/fr\/les-ecoles-chretiennes-de-jerusalem-protestent-contre-le-non-renouvellement-des-permis-dentree-des-enseignants\/#primaryimage","url":"https:\/\/media.acninternational.org\/wp-content\/uploads\/2026\/03\/ACN-20260320-203735.jpg","contentUrl":"https:\/\/media.acninternational.org\/wp-content\/uploads\/2026\/03\/ACN-20260320-203735.jpg","width":1980,"height":800},{"@type":"BreadcrumbList","@id":"https:\/\/acninternational.org\/fr\/les-ecoles-chretiennes-de-jerusalem-protestent-contre-le-non-renouvellement-des-permis-dentree-des-enseignants\/#breadcrumb","itemListElement":[{"@type":"ListItem","position":1,"name":"Home","item":"https:\/\/acninternational.org\/fr\/"},{"@type":"ListItem","position":2,"name":"Nouvelles","item":"https:\/\/acninternational.org\/fr\/category\/news-fr\/"},{"@type":"ListItem","position":3,"name":"Les \u00e9coles chr\u00e9tiennes de J\u00e9rusalem protestent contre le non-renouvellement des permis d&#8217;entr\u00e9e des enseignants"}]},{"@type":"WebSite","@id":"https:\/\/acninternational.org\/fr\/#website","url":"https:\/\/acninternational.org\/fr\/","name":"ACN International","description":"","publisher":{"@id":"https:\/\/acninternational.org\/fr\/#organization"},"potentialAction":[{"@type":"SearchAction","target":{"@type":"EntryPoint","urlTemplate":"https:\/\/acninternational.org\/fr\/?s={search_term_string}"},"query-input":{"@type":"PropertyValueSpecification","valueRequired":true,"valueName":"search_term_string"}}],"inLanguage":"fr-FR"},{"@type":"Organization","@id":"https:\/\/acninternational.org\/fr\/#organization","name":"Aid to the Church in Need International","url":"https:\/\/acninternational.org\/fr\/","logo":{"@type":"ImageObject","inLanguage":"fr-FR","@id":"https:\/\/acninternational.org\/fr\/#\/schema\/logo\/image\/","url":"https:\/\/media.acninternational.org\/wp-content\/uploads\/2019\/11\/acn_logo_blackvector.svg","contentUrl":"https:\/\/media.acninternational.org\/wp-content\/uploads\/2019\/11\/acn_logo_blackvector.svg","width":232.6,"height":78,"caption":"Aid to the Church in Need International"},"image":{"@id":"https:\/\/acninternational.org\/fr\/#\/schema\/logo\/image\/"},"sameAs":["https:\/\/www.facebook.com\/acninternationalorg","https:\/\/x.com\/acn_int","https:\/\/www.youtube.com\/channel\/UCQ-077gS0TnVzkhHmf1opZw","https:\/\/www.instagram.com\/acn_international\/"]},{"@type":"Person","@id":"https:\/\/acninternational.org\/fr\/#\/schema\/person\/987b44dfb14eab5a1068181b3c28d42f","name":"Christophe Lafontaine","url":"https:\/\/acninternational.org\/fr\/author\/christophe\/"}]}},"_links":{"self":[{"href":"https:\/\/acninternational.org\/fr\/wp-json\/wp\/v2\/posts\/268495","targetHints":{"allow":["GET"]}}],"collection":[{"href":"https:\/\/acninternational.org\/fr\/wp-json\/wp\/v2\/posts"}],"about":[{"href":"https:\/\/acninternational.org\/fr\/wp-json\/wp\/v2\/types\/post"}],"author":[{"embeddable":true,"href":"https:\/\/acninternational.org\/fr\/wp-json\/wp\/v2\/users\/4258341481"}],"replies":[{"embeddable":true,"href":"https:\/\/acninternational.org\/fr\/wp-json\/wp\/v2\/comments?post=268495"}],"version-history":[{"count":1,"href":"https:\/\/acninternational.org\/fr\/wp-json\/wp\/v2\/posts\/268495\/revisions"}],"predecessor-version":[{"id":268496,"href":"https:\/\/acninternational.org\/fr\/wp-json\/wp\/v2\/posts\/268495\/revisions\/268496"}],"wp:featuredmedia":[{"embeddable":true,"href":"https:\/\/acninternational.org\/fr\/wp-json\/wp\/v2\/media\/262951"}],"wp:attachment":[{"href":"https:\/\/acninternational.org\/fr\/wp-json\/wp\/v2\/media?parent=268495"}],"wp:term":[{"taxonomy":"category","embeddable":true,"href":"https:\/\/acninternational.org\/fr\/wp-json\/wp\/v2\/categories?post=268495"},{"taxonomy":"post_tag","embeddable":true,"href":"https:\/\/acninternational.org\/fr\/wp-json\/wp\/v2\/tags?post=268495"},{"taxonomy":"country","embeddable":true,"href":"https:\/\/acninternational.org\/fr\/wp-json\/wp\/v2\/country?post=268495"}],"curies":[{"name":"wp","href":"https:\/\/api.w.org\/{rel}","templated":true}]}}