{"id":263788,"date":"2026-04-29T14:06:21","date_gmt":"2026-04-29T12:06:21","guid":{"rendered":"https:\/\/acninternational.org\/?p=263788"},"modified":"2026-04-29T14:46:25","modified_gmt":"2026-04-29T12:46:25","slug":"soudan-du-sud-leveque-qui-a-redonne-vie-a-son-diocese","status":"publish","type":"post","link":"https:\/\/acninternational.org\/fr\/soudan-du-sud-leveque-qui-a-redonne-vie-a-son-diocese\/","title":{"rendered":"Soudan du Sud\u00a0: l\u2019\u00e9v\u00eaque qui a redonn\u00e9 vie \u00e0 son dioc\u00e8se"},"content":{"rendered":"\n<p><em>Lorsque Mgr Stephen Nyodho a \u00e9t\u00e9 nomm\u00e9 \u00e9v\u00eaque du dioc\u00e8se de Malakal, il ne restait rien&nbsp;: ni \u00e9difices, ni services, ni fid\u00e8les. Avec courage, et montrant l\u2019exemple, il a entam\u00e9 la reconstruction&nbsp;: d\u2019abord celle de la confiance, puis celle des infrastructures.<\/em><\/p>\n\n\n<div class=\"wp-block-image\">\n<figure class=\"aligncenter size-large\"><img loading=\"lazy\" decoding=\"async\" width=\"731\" height=\"1024\" src=\"https:\/\/media.acninternational.org\/wp-content\/uploads\/2026\/04\/ACN-20210518-113221-731x1024.jpg\" alt=\"\" class=\"wp-image-263759\" srcset=\"https:\/\/media.acninternational.org\/wp-content\/uploads\/2026\/04\/ACN-20210518-113221-731x1024.jpg 731w, https:\/\/media.acninternational.org\/wp-content\/uploads\/2026\/04\/ACN-20210518-113221-214x300.jpg 214w, https:\/\/media.acninternational.org\/wp-content\/uploads\/2026\/04\/ACN-20210518-113221-768x1075.jpg 768w, https:\/\/media.acninternational.org\/wp-content\/uploads\/2026\/04\/ACN-20210518-113221.jpg 1080w\" sizes=\"auto, (max-width: 731px) 100vw, 731px\" \/><figcaption class=\"wp-element-caption\">Mgr Stephen Nyodho<\/figcaption><\/figure>\n<\/div>\n\n\n<p>La ville de Malakal, au Soudan du Sud, comptait des dizaines de milliers d\u2019habitants avant que d\u00e9bute la guerre civile en 2013, peu apr\u00e8s le d\u00e9part du P\u00e8re Stephen Nyodho \u00e0 Rome pour y pr\u00e9parer un doctorat.<\/p>\n\n\n\n<p>Lorsque, en 2019, le pape Fran\u00e7ois l\u2019a nomm\u00e9 \u00e9v\u00eaque de Malakal, Mgr Stephen Nyodho a voulu \u00eatre ordonn\u00e9 \u00e9v\u00eaque dans sa ville natale. Mais rien ne l\u2019avait pr\u00e9par\u00e9 \u00e0 la d\u00e9vastation qu\u2019il allait trouver.<\/p>\n\n\n\n<p>\u00ab&nbsp;Quand je suis rentr\u00e9, il ne restait rien, pas m\u00eame une chaise ou une table, rien. J\u2019ai d\u00fb partir de z\u00e9ro. De nombreuses \u00e9glises, de nombreuses chapelles, ainsi que toutes les autres institutions de l\u2019Eglise avaient \u00e9t\u00e9 d\u00e9truites. Il ne restait plus rien. Quand j\u2019ai vu cela pour la premi\u00e8re fois, j\u2019ai pleur\u00e9, parce que c\u2019est ici que je suis n\u00e9, que j\u2019ai grandi. Mais ma maison, mon \u00e9cole, tout avait disparu&nbsp;\u00bb, a expliqu\u00e9 le pr\u00eatre au cours d\u2019une visite au si\u00e8ge international d\u2019Aid to the Church in Need (ACN) en Allemagne.<\/p>\n\n\n\n<p>Il ne restait plus qu\u2019environ 1000 personnes \u00e0 Malakal. Le reste de la population avait fui et environ 50.000 personnes vivaient dans les camps d\u2019accueil de l\u2019ONU situ\u00e9s \u00e0 proximit\u00e9.<\/p>\n\n\n<div class=\"wp-block-image\">\n<figure class=\"aligncenter size-large\"><img loading=\"lazy\" decoding=\"async\" width=\"1024\" height=\"768\" src=\"https:\/\/media.acninternational.org\/wp-content\/uploads\/2026\/04\/ACN-20230206-140026-1024x768.jpg\" alt=\"\" class=\"wp-image-263766\" srcset=\"https:\/\/media.acninternational.org\/wp-content\/uploads\/2026\/04\/ACN-20230206-140026-1024x768.jpg 1024w, https:\/\/media.acninternational.org\/wp-content\/uploads\/2026\/04\/ACN-20230206-140026-300x225.jpg 300w, https:\/\/media.acninternational.org\/wp-content\/uploads\/2026\/04\/ACN-20230206-140026-768x576.jpg 768w, https:\/\/media.acninternational.org\/wp-content\/uploads\/2026\/04\/ACN-20230206-140026.jpg 1500w\" sizes=\"auto, (max-width: 1024px) 100vw, 1024px\" \/><figcaption class=\"wp-element-caption\">Une foule de personnes se rassemble pour assister \u00e0 la messe dans un camp de r\u00e9fugi\u00e9s \u00e0 Malakal<\/figcaption><\/figure>\n<\/div>\n\n\n<p>La nouvelle du retour d\u2019un \u00e9v\u00eaque dans le dioc\u00e8se a fait sensation. Les gens sont venus en masse. \u00ab&nbsp;Ma cons\u00e9cration a conduit des milliers de personnes \u00e0 venir revoir Malakal&nbsp;; depuis les camps, et m\u00eame de Khartoum, la capitale du Soudan voisin, ils sont retourn\u00e9s pour la premi\u00e8re fois voir Malakal apr\u00e8s sa destruction&nbsp;\u00bb, a soulign\u00e9 Mgr Stephen Nyodho, ajoutant que \u00ab&nbsp;m\u00eame les \u00e9v\u00eaques qui se sont rendus l\u00e0-bas pour la cons\u00e9cration sont retourn\u00e9s \u00e0 Juba, capitale du Soudan du Sud, le jour m\u00eame, parce qu\u2019il n\u2019y avait pas de quoi se loger \u00e0 Malakal.&nbsp;\u00bb<\/p>\n\n\n\n<p>Mais l\u2019\u00e9v\u00eaque est rest\u00e9 l\u00e0-bas et, \u00e0 la surprise g\u00e9n\u00e9rale, la vie a commenc\u00e9 \u00e0 revenir \u00e0 Malakal. \u00ab&nbsp;Le fait que je sois rest\u00e9 \u00e0 Malakal a apport\u00e9 de l\u2019esp\u00e9rance. Il y a maintenant plus de 20.000 personnes. Presque toutes les \u00e9coles sont ouvertes et d\u00e9bordent d\u2019enfants. La vie revient&nbsp;!&nbsp;\u00bb<\/p>\n\n\n\n<p>Alors qu\u2019une paix fragile s\u2019installait lentement au Soudan du Sud, une autre guerre civile \u00e9clatait en 2023 au Soudan, de l\u2019autre c\u00f4t\u00e9 de la fronti\u00e8re. Il aurait \u00e9t\u00e9 compr\u00e9hensible que l\u2019Eglise d\u00e9cide qu\u2019elle avait suffisamment de probl\u00e8mes \u00e0 r\u00e9soudre, mais lorsque l\u2019\u00e9v\u00eaque a appris que de nombreuses personnes \u00e9taient rassembl\u00e9es de l\u2019autre c\u00f4t\u00e9 du Nil Blanc, avec l\u2019espoir de se mettre en s\u00e9curit\u00e9, il n\u2019a pas h\u00e9sit\u00e9. \u00ab&nbsp;J\u2019ai re\u00e7u un appel de mon \u00e9quipe. On m\u2019a expliqu\u00e9 que la situation \u00e9tait difficile, qu\u2019il y avait des milliers de personnes sur la rive du fleuve qui voulaient venir \u00e0 Malakal. Elles \u00e9taient bloqu\u00e9es, les mains vides, et \u00e9puis\u00e9es par leur fuite de Khartoum&nbsp;\u00bb, raconte l\u2019\u00e9v\u00eaque.<\/p>\n\n\n<div class=\"wp-block-image\">\n<figure class=\"aligncenter size-large\"><img loading=\"lazy\" decoding=\"async\" width=\"1024\" height=\"461\" src=\"https:\/\/media.acninternational.org\/wp-content\/uploads\/2026\/04\/ACN-20200723-103370-1024x461.jpg\" alt=\"\" class=\"wp-image-263772\" srcset=\"https:\/\/media.acninternational.org\/wp-content\/uploads\/2026\/04\/ACN-20200723-103370-1024x461.jpg 1024w, https:\/\/media.acninternational.org\/wp-content\/uploads\/2026\/04\/ACN-20200723-103370-300x135.jpg 300w, https:\/\/media.acninternational.org\/wp-content\/uploads\/2026\/04\/ACN-20200723-103370-768x346.jpg 768w, https:\/\/media.acninternational.org\/wp-content\/uploads\/2026\/04\/ACN-20200723-103370.jpg 1500w\" sizes=\"auto, (max-width: 1024px) 100vw, 1024px\" \/><figcaption class=\"wp-element-caption\">B\u00e9n\u00e9ficiaires de l&rsquo;aide d&rsquo;urgence \u00e0 Malakal<\/figcaption><\/figure>\n<\/div>\n\n\n<p>\u00ab&nbsp;J\u2019ai r\u00e9pondu qu\u2019il n\u2019y avait aucun probl\u00e8me et j\u2019ai demand\u00e9 que notre embarcation la plus grande aille imm\u00e9diatement chercher ces personnes et les amener \u00e0 Malakal. Nous avons accueilli ainsi plus de 10.000 personnes. Notre dioc\u00e8se a \u00e9t\u00e9 le premier \u00e0 accueillir des d\u00e9plac\u00e9s et il continue \u00e0 nourrir beaucoup d\u2019entre eux aujourd\u2019hui&nbsp;\u00bb, explique l\u2019\u00e9v\u00eaque.<\/p>\n\n\n\n<p>La priorit\u00e9 de l\u2019\u00e9v\u00eaque est d\u00e9sormais la reconstruction. \u00ab&nbsp;Quand je suis arriv\u00e9 \u00e0 Malakal, j\u2019ai dit que je voulais reconstruire en premier lieu la coh\u00e9sion sociale, parce que nos habitants avaient \u00e9t\u00e9 divis\u00e9s pendant la guerre, s\u2019\u00e9taient entretu\u00e9s, d\u00e9truits les uns les autres. Ce sont les gens d\u2019ici qui ont d\u00e9truit cet endroit. Alors, comment peut-on les faire revenir&nbsp;? Car nous pouvons reconstruire ce lieu, nous pouvons reconstruire les routes, mais ils peuvent recommencer \u00e0 combattre et \u00e0 tout d\u00e9truire. Ce qui est important, c\u2019est de construire la paix. C\u2019est pourquoi j\u2019ai d\u00e9cid\u00e9 qu\u2019il fallait d\u2019abord ouvrir une radio. C\u2019est la seule radio dans la r\u00e9gion et elle a chang\u00e9 la vie de milliers de personnes.&nbsp;\u00bb<\/p>\n\n\n\n<p>\u00ab&nbsp;Maintenant la situation est un peu plus tranquille et nous voulons reconstruire d\u2019autres choses, par exemple des maisons pour les pr\u00eatres, restaurer quelques \u00e9glises et \u00e9coles et construire de nouveaux b\u00e2timents&nbsp;\u00bb.<\/p>\n\n\n<div class=\"wp-block-image\">\n<figure class=\"aligncenter size-large\"><img loading=\"lazy\" decoding=\"async\" width=\"1024\" height=\"768\" src=\"https:\/\/media.acninternational.org\/wp-content\/uploads\/2026\/04\/ACN-20240718-169061-1024x768.jpg\" alt=\"\" class=\"wp-image-263778\" srcset=\"https:\/\/media.acninternational.org\/wp-content\/uploads\/2026\/04\/ACN-20240718-169061-1024x768.jpg 1024w, https:\/\/media.acninternational.org\/wp-content\/uploads\/2026\/04\/ACN-20240718-169061-300x225.jpg 300w, https:\/\/media.acninternational.org\/wp-content\/uploads\/2026\/04\/ACN-20240718-169061-768x576.jpg 768w, https:\/\/media.acninternational.org\/wp-content\/uploads\/2026\/04\/ACN-20240718-169061.jpg 1500w\" sizes=\"auto, (max-width: 1024px) 100vw, 1024px\" \/><figcaption class=\"wp-element-caption\">Construction d&rsquo;abris pour les personnes d\u00e9plac\u00e9es dans le dioc\u00e8se de Malakal<\/figcaption><\/figure>\n<\/div>\n\n\n<p>Mais la reconstruction pr\u00e9sente diff\u00e9rents d\u00e9fis. Mgr Stephen Nyodho explique que Malakal est l\u2019un des endroits les plus chers du monde pour la construction. Un sac de ciment qui, \u00e0 Juba, co\u00fbte 15 dollars am\u00e9ricains, en vaut 50 \u00e0 Malakal, en raison des frais de transport de mat\u00e9riel par la route ou par bateau.<\/p>\n\n\n\n<p>C\u2019est pourquoi Mgr Stephen Nyodho est si reconnaissant envers les bienfaiteurs qui permettent \u00e0 ACN de soutenir des projets \u00e0 Malakal. \u00ab&nbsp;Sans le soutien que vous apportez, les vies de milliers de personnes, dans le dioc\u00e8se de Malakal et en diff\u00e9rents lieux du Soudan du Sud, seraient en p\u00e9ril. Dieu b\u00e9nira votre g\u00e9n\u00e9rosit\u00e9. Des milliers de personnes continuent \u00e0 souffrir \u2013 au Soudan du Sud et dans le dioc\u00e8se de Malakal \u2013, et nous continuons \u00e0 vous implorer&nbsp;: s\u2019il vous pla\u00eet, soutenez-nous, marchez avec nous dans ce chemin de souffrance. Ne nous laissez pas seuls. Nous d\u00e9pendons de vous. Merci.&nbsp;\u00bb<\/p>\n","protected":false},"excerpt":{"rendered":"<p>Lorsque Mgr Stephen Nyodho a \u00e9t\u00e9 nomm\u00e9 \u00e9v\u00eaque du dioc\u00e8se de Malakal, il ne restait rien&nbsp;: ni \u00e9difices, ni services, ni fid\u00e8les. Avec courage, et montrant l\u2019exemple, il a entam\u00e9 la reconstruction&nbsp;: d\u2019abord celle de la confiance, puis celle des infrastructures. La ville de Malakal, au Soudan du Sud, comptait des dizaines de milliers d\u2019habitants [&hellip;]<\/p>\n","protected":false},"author":4258341377,"featured_media":263753,"comment_status":"closed","ping_status":"closed","sticky":false,"template":"","format":"standard","meta":{"_acf_changed":false,"_acn_coauthor_ids":[],"footnotes":""},"categories":[1276],"tags":[],"country":[1280,1576],"class_list":["post-263788","post","type-post","status-publish","format-standard","has-post-thumbnail","hentry","category-featured-fr","country-soudan-du-sud","country-south-sudan-fr"],"acn_coauthors":[],"acf":[],"yoast_head":"<!-- This site is optimized with the Yoast SEO Premium plugin v27.3 (Yoast SEO v27.3) - https:\/\/yoast.com\/product\/yoast-seo-premium-wordpress\/ -->\n<title>Soudan du Sud\u00a0: l\u2019\u00e9v\u00eaque qui a redonn\u00e9 vie \u00e0 son dioc\u00e8se | ACN International<\/title>\n<meta name=\"description\" content=\"Avec courage, et montrant l\u2019exemple, il a entam\u00e9 la reconstruction\u00a0: d\u2019abord celle de la confiance, puis celle des infrastructures.\" \/>\n<meta name=\"robots\" content=\"index, follow, max-snippet:-1, max-image-preview:large, max-video-preview:-1\" \/>\n<link rel=\"canonical\" href=\"https:\/\/acninternational.org\/fr\/soudan-du-sud-leveque-qui-a-redonne-vie-a-son-diocese\/\" \/>\n<meta property=\"og:locale\" content=\"fr_FR\" \/>\n<meta property=\"og:type\" content=\"article\" \/>\n<meta property=\"og:title\" content=\"Soudan du Sud\u00a0: l\u2019\u00e9v\u00eaque qui a redonn\u00e9 vie \u00e0 son dioc\u00e8se\" \/>\n<meta property=\"og:description\" content=\"Avec courage, et montrant l\u2019exemple, il a entam\u00e9 la reconstruction\u00a0: d\u2019abord celle de la confiance, puis celle des infrastructures.\" \/>\n<meta property=\"og:url\" content=\"https:\/\/acninternational.org\/fr\/soudan-du-sud-leveque-qui-a-redonne-vie-a-son-diocese\/\" \/>\n<meta property=\"og:site_name\" content=\"ACN International\" \/>\n<meta property=\"article:publisher\" content=\"https:\/\/www.facebook.com\/acninternationalorg\" \/>\n<meta property=\"article:published_time\" content=\"2026-04-29T12:06:21+00:00\" \/>\n<meta property=\"article:modified_time\" content=\"2026-04-29T12:46:25+00:00\" \/>\n<meta property=\"og:image\" content=\"https:\/\/media.acninternational.org\/wp-content\/uploads\/2026\/04\/ACN-20240718-169048.jpg\" \/>\n\t<meta property=\"og:image:width\" content=\"1980\" \/>\n\t<meta property=\"og:image:height\" content=\"800\" \/>\n\t<meta property=\"og:image:type\" content=\"image\/jpeg\" \/>\n<meta name=\"author\" content=\"Filipe d\u2019Avillez\" \/>\n<meta name=\"twitter:card\" content=\"summary_large_image\" \/>\n<meta name=\"twitter:creator\" content=\"@acn_int\" \/>\n<meta name=\"twitter:site\" content=\"@acn_int\" \/>\n<meta name=\"twitter:label1\" content=\"\u00c9crit par\" \/>\n\t<meta name=\"twitter:data1\" content=\"Filipe d\u2019Avillez\" \/>\n\t<meta name=\"twitter:label2\" content=\"Dur\u00e9e de lecture estim\u00e9e\" \/>\n\t<meta name=\"twitter:data2\" content=\"5 minutes\" \/>\n<script type=\"application\/ld+json\" class=\"yoast-schema-graph\">{\"@context\":\"https:\\\/\\\/schema.org\",\"@graph\":[{\"@type\":\"Article\",\"@id\":\"https:\\\/\\\/acninternational.org\\\/fr\\\/soudan-du-sud-leveque-qui-a-redonne-vie-a-son-diocese\\\/#article\",\"isPartOf\":{\"@id\":\"https:\\\/\\\/acninternational.org\\\/fr\\\/soudan-du-sud-leveque-qui-a-redonne-vie-a-son-diocese\\\/\"},\"author\":{\"name\":\"Filipe d\u2019Avillez\",\"@id\":\"https:\\\/\\\/acninternational.org\\\/fr\\\/#\\\/schema\\\/person\\\/7489225627ad784c8faa0f4616c1cbdf\"},\"headline\":\"Soudan du Sud\u00a0: l\u2019\u00e9v\u00eaque qui a redonn\u00e9 vie \u00e0 son dioc\u00e8se\",\"datePublished\":\"2026-04-29T12:06:21+00:00\",\"dateModified\":\"2026-04-29T12:46:25+00:00\",\"mainEntityOfPage\":{\"@id\":\"https:\\\/\\\/acninternational.org\\\/fr\\\/soudan-du-sud-leveque-qui-a-redonne-vie-a-son-diocese\\\/\"},\"wordCount\":1040,\"publisher\":{\"@id\":\"https:\\\/\\\/acninternational.org\\\/fr\\\/#organization\"},\"image\":{\"@id\":\"https:\\\/\\\/acninternational.org\\\/fr\\\/soudan-du-sud-leveque-qui-a-redonne-vie-a-son-diocese\\\/#primaryimage\"},\"thumbnailUrl\":\"https:\\\/\\\/media.acninternational.org\\\/wp-content\\\/uploads\\\/2026\\\/04\\\/ACN-20240718-169048.jpg\",\"articleSection\":[\"FEATURED\"],\"inLanguage\":\"fr-FR\"},{\"@type\":\"WebPage\",\"@id\":\"https:\\\/\\\/acninternational.org\\\/fr\\\/soudan-du-sud-leveque-qui-a-redonne-vie-a-son-diocese\\\/\",\"url\":\"https:\\\/\\\/acninternational.org\\\/fr\\\/soudan-du-sud-leveque-qui-a-redonne-vie-a-son-diocese\\\/\",\"name\":\"Soudan du Sud\u00a0: l\u2019\u00e9v\u00eaque qui a redonn\u00e9 vie \u00e0 son dioc\u00e8se | ACN International\",\"isPartOf\":{\"@id\":\"https:\\\/\\\/acninternational.org\\\/fr\\\/#website\"},\"primaryImageOfPage\":{\"@id\":\"https:\\\/\\\/acninternational.org\\\/fr\\\/soudan-du-sud-leveque-qui-a-redonne-vie-a-son-diocese\\\/#primaryimage\"},\"image\":{\"@id\":\"https:\\\/\\\/acninternational.org\\\/fr\\\/soudan-du-sud-leveque-qui-a-redonne-vie-a-son-diocese\\\/#primaryimage\"},\"thumbnailUrl\":\"https:\\\/\\\/media.acninternational.org\\\/wp-content\\\/uploads\\\/2026\\\/04\\\/ACN-20240718-169048.jpg\",\"datePublished\":\"2026-04-29T12:06:21+00:00\",\"dateModified\":\"2026-04-29T12:46:25+00:00\",\"description\":\"Avec courage, et montrant l\u2019exemple, il a entam\u00e9 la reconstruction\u00a0: d\u2019abord celle de la confiance, puis celle des infrastructures.\",\"breadcrumb\":{\"@id\":\"https:\\\/\\\/acninternational.org\\\/fr\\\/soudan-du-sud-leveque-qui-a-redonne-vie-a-son-diocese\\\/#breadcrumb\"},\"inLanguage\":\"fr-FR\",\"potentialAction\":[{\"@type\":\"ReadAction\",\"target\":[\"https:\\\/\\\/acninternational.org\\\/fr\\\/soudan-du-sud-leveque-qui-a-redonne-vie-a-son-diocese\\\/\"]}]},{\"@type\":\"ImageObject\",\"inLanguage\":\"fr-FR\",\"@id\":\"https:\\\/\\\/acninternational.org\\\/fr\\\/soudan-du-sud-leveque-qui-a-redonne-vie-a-son-diocese\\\/#primaryimage\",\"url\":\"https:\\\/\\\/media.acninternational.org\\\/wp-content\\\/uploads\\\/2026\\\/04\\\/ACN-20240718-169048.jpg\",\"contentUrl\":\"https:\\\/\\\/media.acninternational.org\\\/wp-content\\\/uploads\\\/2026\\\/04\\\/ACN-20240718-169048.jpg\",\"width\":1980,\"height\":800},{\"@type\":\"BreadcrumbList\",\"@id\":\"https:\\\/\\\/acninternational.org\\\/fr\\\/soudan-du-sud-leveque-qui-a-redonne-vie-a-son-diocese\\\/#breadcrumb\",\"itemListElement\":[{\"@type\":\"ListItem\",\"position\":1,\"name\":\"Home\",\"item\":\"https:\\\/\\\/acninternational.org\\\/fr\\\/\"},{\"@type\":\"ListItem\",\"position\":2,\"name\":\"FEATURED\",\"item\":\"https:\\\/\\\/acninternational.org\\\/fr\\\/category\\\/featured-fr\\\/\"},{\"@type\":\"ListItem\",\"position\":3,\"name\":\"Soudan du Sud\u00a0: l\u2019\u00e9v\u00eaque qui a redonn\u00e9 vie \u00e0 son dioc\u00e8se\"}]},{\"@type\":\"WebSite\",\"@id\":\"https:\\\/\\\/acninternational.org\\\/fr\\\/#website\",\"url\":\"https:\\\/\\\/acninternational.org\\\/fr\\\/\",\"name\":\"ACN International\",\"description\":\"\",\"publisher\":{\"@id\":\"https:\\\/\\\/acninternational.org\\\/fr\\\/#organization\"},\"potentialAction\":[{\"@type\":\"SearchAction\",\"target\":{\"@type\":\"EntryPoint\",\"urlTemplate\":\"https:\\\/\\\/acninternational.org\\\/fr\\\/?s={search_term_string}\"},\"query-input\":{\"@type\":\"PropertyValueSpecification\",\"valueRequired\":true,\"valueName\":\"search_term_string\"}}],\"inLanguage\":\"fr-FR\"},{\"@type\":\"Organization\",\"@id\":\"https:\\\/\\\/acninternational.org\\\/fr\\\/#organization\",\"name\":\"Aid to the Church in Need International\",\"url\":\"https:\\\/\\\/acninternational.org\\\/fr\\\/\",\"logo\":{\"@type\":\"ImageObject\",\"inLanguage\":\"fr-FR\",\"@id\":\"https:\\\/\\\/acninternational.org\\\/fr\\\/#\\\/schema\\\/logo\\\/image\\\/\",\"url\":\"https:\\\/\\\/media.acninternational.org\\\/wp-content\\\/uploads\\\/2019\\\/11\\\/acn_logo_blackvector.svg\",\"contentUrl\":\"https:\\\/\\\/media.acninternational.org\\\/wp-content\\\/uploads\\\/2019\\\/11\\\/acn_logo_blackvector.svg\",\"width\":232.6,\"height\":78,\"caption\":\"Aid to the Church in Need International\"},\"image\":{\"@id\":\"https:\\\/\\\/acninternational.org\\\/fr\\\/#\\\/schema\\\/logo\\\/image\\\/\"},\"sameAs\":[\"https:\\\/\\\/www.facebook.com\\\/acninternationalorg\",\"https:\\\/\\\/x.com\\\/acn_int\",\"https:\\\/\\\/www.youtube.com\\\/channel\\\/UCQ-077gS0TnVzkhHmf1opZw\",\"https:\\\/\\\/www.instagram.com\\\/acn_international\\\/\"]},{\"@type\":\"Person\",\"@id\":\"https:\\\/\\\/acninternational.org\\\/fr\\\/#\\\/schema\\\/person\\\/7489225627ad784c8faa0f4616c1cbdf\",\"name\":\"Filipe d\u2019Avillez\",\"url\":\"https:\\\/\\\/acninternational.org\\\/fr\\\/author\\\/filipe\\\/\"}]}<\/script>\n<!-- \/ Yoast SEO Premium plugin. -->","yoast_head_json":{"title":"Soudan du Sud\u00a0: l\u2019\u00e9v\u00eaque qui a redonn\u00e9 vie \u00e0 son dioc\u00e8se | ACN International","description":"Avec courage, et montrant l\u2019exemple, il a entam\u00e9 la reconstruction\u00a0: d\u2019abord celle de la confiance, puis celle des infrastructures.","robots":{"index":"index","follow":"follow","max-snippet":"max-snippet:-1","max-image-preview":"max-image-preview:large","max-video-preview":"max-video-preview:-1"},"canonical":"https:\/\/acninternational.org\/fr\/soudan-du-sud-leveque-qui-a-redonne-vie-a-son-diocese\/","og_locale":"fr_FR","og_type":"article","og_title":"Soudan du Sud\u00a0: l\u2019\u00e9v\u00eaque qui a redonn\u00e9 vie \u00e0 son dioc\u00e8se","og_description":"Avec courage, et montrant l\u2019exemple, il a entam\u00e9 la reconstruction\u00a0: d\u2019abord celle de la confiance, puis celle des infrastructures.","og_url":"https:\/\/acninternational.org\/fr\/soudan-du-sud-leveque-qui-a-redonne-vie-a-son-diocese\/","og_site_name":"ACN International","article_publisher":"https:\/\/www.facebook.com\/acninternationalorg","article_published_time":"2026-04-29T12:06:21+00:00","article_modified_time":"2026-04-29T12:46:25+00:00","og_image":[{"width":1980,"height":800,"url":"https:\/\/media.acninternational.org\/wp-content\/uploads\/2026\/04\/ACN-20240718-169048.jpg","type":"image\/jpeg"}],"author":"Filipe d\u2019Avillez","twitter_card":"summary_large_image","twitter_creator":"@acn_int","twitter_site":"@acn_int","twitter_misc":{"\u00c9crit par":"Filipe d\u2019Avillez","Dur\u00e9e de lecture estim\u00e9e":"5 minutes"},"schema":{"@context":"https:\/\/schema.org","@graph":[{"@type":"Article","@id":"https:\/\/acninternational.org\/fr\/soudan-du-sud-leveque-qui-a-redonne-vie-a-son-diocese\/#article","isPartOf":{"@id":"https:\/\/acninternational.org\/fr\/soudan-du-sud-leveque-qui-a-redonne-vie-a-son-diocese\/"},"author":{"name":"Filipe d\u2019Avillez","@id":"https:\/\/acninternational.org\/fr\/#\/schema\/person\/7489225627ad784c8faa0f4616c1cbdf"},"headline":"Soudan du Sud\u00a0: l\u2019\u00e9v\u00eaque qui a redonn\u00e9 vie \u00e0 son dioc\u00e8se","datePublished":"2026-04-29T12:06:21+00:00","dateModified":"2026-04-29T12:46:25+00:00","mainEntityOfPage":{"@id":"https:\/\/acninternational.org\/fr\/soudan-du-sud-leveque-qui-a-redonne-vie-a-son-diocese\/"},"wordCount":1040,"publisher":{"@id":"https:\/\/acninternational.org\/fr\/#organization"},"image":{"@id":"https:\/\/acninternational.org\/fr\/soudan-du-sud-leveque-qui-a-redonne-vie-a-son-diocese\/#primaryimage"},"thumbnailUrl":"https:\/\/media.acninternational.org\/wp-content\/uploads\/2026\/04\/ACN-20240718-169048.jpg","articleSection":["FEATURED"],"inLanguage":"fr-FR"},{"@type":"WebPage","@id":"https:\/\/acninternational.org\/fr\/soudan-du-sud-leveque-qui-a-redonne-vie-a-son-diocese\/","url":"https:\/\/acninternational.org\/fr\/soudan-du-sud-leveque-qui-a-redonne-vie-a-son-diocese\/","name":"Soudan du Sud\u00a0: l\u2019\u00e9v\u00eaque qui a redonn\u00e9 vie \u00e0 son dioc\u00e8se | ACN International","isPartOf":{"@id":"https:\/\/acninternational.org\/fr\/#website"},"primaryImageOfPage":{"@id":"https:\/\/acninternational.org\/fr\/soudan-du-sud-leveque-qui-a-redonne-vie-a-son-diocese\/#primaryimage"},"image":{"@id":"https:\/\/acninternational.org\/fr\/soudan-du-sud-leveque-qui-a-redonne-vie-a-son-diocese\/#primaryimage"},"thumbnailUrl":"https:\/\/media.acninternational.org\/wp-content\/uploads\/2026\/04\/ACN-20240718-169048.jpg","datePublished":"2026-04-29T12:06:21+00:00","dateModified":"2026-04-29T12:46:25+00:00","description":"Avec courage, et montrant l\u2019exemple, il a entam\u00e9 la reconstruction\u00a0: d\u2019abord celle de la confiance, puis celle des infrastructures.","breadcrumb":{"@id":"https:\/\/acninternational.org\/fr\/soudan-du-sud-leveque-qui-a-redonne-vie-a-son-diocese\/#breadcrumb"},"inLanguage":"fr-FR","potentialAction":[{"@type":"ReadAction","target":["https:\/\/acninternational.org\/fr\/soudan-du-sud-leveque-qui-a-redonne-vie-a-son-diocese\/"]}]},{"@type":"ImageObject","inLanguage":"fr-FR","@id":"https:\/\/acninternational.org\/fr\/soudan-du-sud-leveque-qui-a-redonne-vie-a-son-diocese\/#primaryimage","url":"https:\/\/media.acninternational.org\/wp-content\/uploads\/2026\/04\/ACN-20240718-169048.jpg","contentUrl":"https:\/\/media.acninternational.org\/wp-content\/uploads\/2026\/04\/ACN-20240718-169048.jpg","width":1980,"height":800},{"@type":"BreadcrumbList","@id":"https:\/\/acninternational.org\/fr\/soudan-du-sud-leveque-qui-a-redonne-vie-a-son-diocese\/#breadcrumb","itemListElement":[{"@type":"ListItem","position":1,"name":"Home","item":"https:\/\/acninternational.org\/fr\/"},{"@type":"ListItem","position":2,"name":"FEATURED","item":"https:\/\/acninternational.org\/fr\/category\/featured-fr\/"},{"@type":"ListItem","position":3,"name":"Soudan du Sud\u00a0: l\u2019\u00e9v\u00eaque qui a redonn\u00e9 vie \u00e0 son dioc\u00e8se"}]},{"@type":"WebSite","@id":"https:\/\/acninternational.org\/fr\/#website","url":"https:\/\/acninternational.org\/fr\/","name":"ACN International","description":"","publisher":{"@id":"https:\/\/acninternational.org\/fr\/#organization"},"potentialAction":[{"@type":"SearchAction","target":{"@type":"EntryPoint","urlTemplate":"https:\/\/acninternational.org\/fr\/?s={search_term_string}"},"query-input":{"@type":"PropertyValueSpecification","valueRequired":true,"valueName":"search_term_string"}}],"inLanguage":"fr-FR"},{"@type":"Organization","@id":"https:\/\/acninternational.org\/fr\/#organization","name":"Aid to the Church in Need International","url":"https:\/\/acninternational.org\/fr\/","logo":{"@type":"ImageObject","inLanguage":"fr-FR","@id":"https:\/\/acninternational.org\/fr\/#\/schema\/logo\/image\/","url":"https:\/\/media.acninternational.org\/wp-content\/uploads\/2019\/11\/acn_logo_blackvector.svg","contentUrl":"https:\/\/media.acninternational.org\/wp-content\/uploads\/2019\/11\/acn_logo_blackvector.svg","width":232.6,"height":78,"caption":"Aid to the Church in Need International"},"image":{"@id":"https:\/\/acninternational.org\/fr\/#\/schema\/logo\/image\/"},"sameAs":["https:\/\/www.facebook.com\/acninternationalorg","https:\/\/x.com\/acn_int","https:\/\/www.youtube.com\/channel\/UCQ-077gS0TnVzkhHmf1opZw","https:\/\/www.instagram.com\/acn_international\/"]},{"@type":"Person","@id":"https:\/\/acninternational.org\/fr\/#\/schema\/person\/7489225627ad784c8faa0f4616c1cbdf","name":"Filipe d\u2019Avillez","url":"https:\/\/acninternational.org\/fr\/author\/filipe\/"}]}},"_links":{"self":[{"href":"https:\/\/acninternational.org\/fr\/wp-json\/wp\/v2\/posts\/263788","targetHints":{"allow":["GET"]}}],"collection":[{"href":"https:\/\/acninternational.org\/fr\/wp-json\/wp\/v2\/posts"}],"about":[{"href":"https:\/\/acninternational.org\/fr\/wp-json\/wp\/v2\/types\/post"}],"author":[{"embeddable":true,"href":"https:\/\/acninternational.org\/fr\/wp-json\/wp\/v2\/users\/4258341377"}],"replies":[{"embeddable":true,"href":"https:\/\/acninternational.org\/fr\/wp-json\/wp\/v2\/comments?post=263788"}],"version-history":[{"count":2,"href":"https:\/\/acninternational.org\/fr\/wp-json\/wp\/v2\/posts\/263788\/revisions"}],"predecessor-version":[{"id":263794,"href":"https:\/\/acninternational.org\/fr\/wp-json\/wp\/v2\/posts\/263788\/revisions\/263794"}],"wp:featuredmedia":[{"embeddable":true,"href":"https:\/\/acninternational.org\/fr\/wp-json\/wp\/v2\/media\/263753"}],"wp:attachment":[{"href":"https:\/\/acninternational.org\/fr\/wp-json\/wp\/v2\/media?parent=263788"}],"wp:term":[{"taxonomy":"category","embeddable":true,"href":"https:\/\/acninternational.org\/fr\/wp-json\/wp\/v2\/categories?post=263788"},{"taxonomy":"post_tag","embeddable":true,"href":"https:\/\/acninternational.org\/fr\/wp-json\/wp\/v2\/tags?post=263788"},{"taxonomy":"country","embeddable":true,"href":"https:\/\/acninternational.org\/fr\/wp-json\/wp\/v2\/country?post=263788"}],"curies":[{"name":"wp","href":"https:\/\/api.w.org\/{rel}","templated":true}]}}