{"id":260509,"date":"2025-11-27T15:23:13","date_gmt":"2025-11-27T14:23:13","guid":{"rendered":"https:\/\/acninternational.org\/?p=260509"},"modified":"2025-12-05T15:34:23","modified_gmt":"2025-12-05T14:34:23","slug":"le-cardinal-kurt-koch-nomme-president-de-acn-nous-remercions-le-pape-leon-declare-la-presidente-executive-regina-lynch","status":"publish","type":"post","link":"https:\/\/acninternational.org\/fr\/le-cardinal-kurt-koch-nomme-president-de-acn-nous-remercions-le-pape-leon-declare-la-presidente-executive-regina-lynch\/","title":{"rendered":"Le cardinal Kurt Koch nomm\u00e9 pr\u00e9sident de ACN \u2013 \u00ab Nous remercions le pape L\u00e9on\u00a0\u00bb, d\u00e9clare la pr\u00e9sidente ex\u00e9cutive, Regina Lynch"},"content":{"rendered":"\n<p><em>Le cardinal Koch est un ami de longue date de ACN. Il dispose d\u2019une riche exp\u00e9rience dans le domaine du dialogue \u0153cum\u00e9nique et interreligieux.<\/em><\/p>\n\n\n\n<p>La fondation pontificale Aid to the Church in Need (ACN) a exprim\u00e9 sa gratitude au pape L\u00e9on XIV pour la nomination du cardinal Kurt Koch comme nouveau pr\u00e9sident.<\/p>\n\n\n<div class=\"wp-block-image\">\n<figure class=\"aligncenter size-large\"><img loading=\"lazy\" decoding=\"async\" width=\"683\" height=\"1024\" src=\"https:\/\/media.acninternational.org\/wp-content\/uploads\/2025\/11\/Kurt-Cardinal-Koch-683x1024.jpg\" alt=\"\" class=\"wp-image-260703\" srcset=\"https:\/\/media.acninternational.org\/wp-content\/uploads\/2025\/11\/Kurt-Cardinal-Koch-683x1024.jpg 683w, https:\/\/media.acninternational.org\/wp-content\/uploads\/2025\/11\/Kurt-Cardinal-Koch-200x300.jpg 200w, https:\/\/media.acninternational.org\/wp-content\/uploads\/2025\/11\/Kurt-Cardinal-Koch.jpg 720w\" sizes=\"auto, (max-width: 683px) 100vw, 683px\" \/><figcaption class=\"wp-element-caption\">Cardinal Kurt Koch<\/figcaption><\/figure>\n<\/div>\n\n\n<p>Le cardinal Kurt Koch, \u00e2g\u00e9 de 75 ans, remplace le cardinal Mauro Piacenza, qui a dirig\u00e9 l\u2019\u0153uvre de bienfaisance pendant 14 ans en tant que premier pr\u00e9sident depuis que ACN est devenue une fondation pontificale.<\/p>\n\n\n\n<p>Le cardinal Koch est n\u00e9 dans le canton de Lucerne, en Suisse, en 1950. Il a fait ses \u00e9tudes en Allemagne et en Suisse et a \u00e9t\u00e9 ordonn\u00e9 pr\u00eatre en 1982.<\/p>\n\n\n\n<p>En 1995, il est devenu \u00e9v\u00eaque de B\u00e2le, ayant \u00e9t\u00e9 consacr\u00e9 par le pape Jean-Paul II. En 2010, il a \u00e9t\u00e9 cr\u00e9\u00e9 cardinal par le pape Beno\u00eet XVI.<\/p>\n\n\n\n<p>Le cardinal n\u2019est pas un inconnu pour ACN. Il a travaill\u00e9 en \u00e9troite collaboration avec l\u2019\u0153uvre catholique de bienfaisance pendant des ann\u00e9es, en particulier avec les bureaux nationaux suisse et allemand, notamment en participant \u00e0 des conf\u00e9rences et en dirigeant des p\u00e8lerinages.<\/p>\n\n\n\n<p>Le cardinal Koch est depuis 2010 pr\u00e9fet du Dicast\u00e8re pour la promotion de l\u2019unit\u00e9 des chr\u00e9tiens et pr\u00e9sident de la Commission pour les relations religieuses avec le juda\u00efsme. Les relations \u0153cum\u00e9niques et interreligieuses constituent un \u00e9l\u00e9ment essentiel de la mission de ACN, en particulier dans les pays o\u00f9 les catholiques, ou les chr\u00e9tiens en g\u00e9n\u00e9ral, sont minoritaires.<\/p>\n\n\n\n<p>\u00ab&nbsp;Nous sommes tr\u00e8s heureux d\u2019accueillir le cardinal Koch comme nouveau pr\u00e9sident, et nous nous r\u00e9jouissons de la contribution qu&rsquo;il pourra apporter \u00e0 notre mission aupr\u00e8s des chr\u00e9tiens pers\u00e9cut\u00e9s et souffrants dans le monde entier. Nous sommes reconnaissants au pape L\u00e9on pour cette nomination et pour l\u2019int\u00e9r\u00eat qu\u2019il porte \u00e0 notre travail&nbsp;\u00bb, a d\u00e9clar\u00e9 Regina Lynch, pr\u00e9sidente ex\u00e9cutive de ACN.<\/p>\n\n\n<div class=\"wp-block-image\">\n<figure class=\"aligncenter size-large\"><img loading=\"lazy\" decoding=\"async\" width=\"683\" height=\"1024\" src=\"https:\/\/media.acninternational.org\/wp-content\/uploads\/2025\/11\/ACN-20250221-182369-683x1024.jpg\" alt=\"\" class=\"wp-image-260499\" srcset=\"https:\/\/media.acninternational.org\/wp-content\/uploads\/2025\/11\/ACN-20250221-182369-683x1024.jpg 683w, https:\/\/media.acninternational.org\/wp-content\/uploads\/2025\/11\/ACN-20250221-182369-200x300.jpg 200w, https:\/\/media.acninternational.org\/wp-content\/uploads\/2025\/11\/ACN-20250221-182369.jpg 720w\" sizes=\"auto, (max-width: 683px) 100vw, 683px\" \/><figcaption class=\"wp-element-caption\">Regina Lynch, pr\u00e9sidente ex\u00e9cutive de ACN<\/figcaption><\/figure>\n<\/div>\n\n\n<p>La nomination du pape fait suite au d\u00e9part du cardinal Mauro Piacenza, 81 ans, qui occupait ce poste depuis 2011.<\/p>\n\n\n\n<p>Au cours de sa derni\u00e8re ann\u00e9e en tant que pr\u00e9sident de ACN, le cardinal Piacenza a eu l\u2019occasion de s\u2019adresser \u00e0 des milliers de bienfaiteurs et de collaborateurs de la fondation lors du p\u00e8lerinage jubilaire \u00e0 Rome, en mai, o\u00f9 il leur a rappel\u00e9 que \u00ab&nbsp;la mission de Aid to the Church in Need est pr\u00e9cis\u00e9ment celle-ci : assister le Christ dans son \u0153uvre de salut, aider \u00e0 Le faire conna\u00eetre et aimer, aider le Christ \u00e0 sauver l\u2019humanit\u00e9 en soutenant la vie de l\u2019\u00c9glise, surtout l\u00e0 o\u00f9 elle rencontre les plus grandes difficult\u00e9s&nbsp;\u00bb.<\/p>\n\n\n\n<p>Regina Lynch a d\u00e9clar\u00e9 que \u00ab avec le cardinal Piacenza, ACN a toujours eu un mentor et un pr\u00e9sident stable et digne de confiance. Le cardinal montrait un vif int\u00e9r\u00eat pour notre travail et nous guidait par ses conseils et son aide&nbsp;\u00bb, ajoutant que \u00ab le cardinal Piacenza a toujours \u00e9t\u00e9 un grand soutien des initiatives de ACN, telles que la campagne \u201cUn million d\u2019enfants prient le chapelet\u201d et les campagnes au Proche-Orient, et nous lui sommes tr\u00e8s reconnaissants d\u2019avoir \u00e9t\u00e9 au service des chr\u00e9tiens souffrants et pers\u00e9cut\u00e9s. Il est, et restera toujours, dans nos pri\u00e8res.&nbsp;\u00bb<\/p>\n\n\n\n<p>Aid to the Church in Need est une fondation pontificale qui aide les chr\u00e9tiens dans 138 pays, \u00e0 travers plus de cinq mille projets par an. En 2024, la fondation a d\u00e9pens\u00e9 129,4 millions d\u2019euros pour ses projets. Le si\u00e8ge international de l\u2019organisation se trouve \u00e0 Koenigstein, en Allemagne, mais elle dispose de bureaux nationaux dans plus de 20 pays \u00e0 travers le monde.<\/p>\n","protected":false},"excerpt":{"rendered":"<p>Le cardinal Koch est un ami de longue date de ACN. Il dispose d\u2019une riche exp\u00e9rience dans le domaine du dialogue \u0153cum\u00e9nique et interreligieux. La fondation pontificale Aid to the Church in Need (ACN) a exprim\u00e9 sa gratitude au pape L\u00e9on XIV pour la nomination du cardinal Kurt Koch comme nouveau pr\u00e9sident. Le cardinal Kurt [&hellip;]<\/p>\n","protected":false},"author":4258341447,"featured_media":260488,"comment_status":"closed","ping_status":"closed","sticky":false,"template":"","format":"standard","meta":{"_acf_changed":false,"_acn_coauthor_ids":[],"_acn_featured_article":false,"footnotes":""},"categories":[919,962],"tags":[],"country":[],"class_list":["post-260509","post","type-post","status-publish","format-standard","has-post-thumbnail","hentry","category-nouvelle","category-news-fr"],"acn_coauthors":[],"acf":[],"yoast_head":"<!-- This site is optimized with the Yoast SEO Premium plugin v27.5 (Yoast SEO v27.5) - https:\/\/yoast.com\/product\/yoast-seo-premium-wordpress\/ -->\n<title>Le cardinal Kurt Koch nomm\u00e9 pr\u00e9sident de ACN \u2013 \u00ab Nous remercions le pape L\u00e9on\u00a0\u00bb, d\u00e9clare la pr\u00e9sidente ex\u00e9cutive, Regina Lynch | ACN International<\/title>\n<meta name=\"description\" content=\"Le cardinal Koch est un ami de longue date de ACN. Il dispose d\u2019une riche exp\u00e9rience dans le domaine du dialogue \u0153cum\u00e9nique et interreligieux.\" \/>\n<meta name=\"robots\" content=\"index, follow, max-snippet:-1, max-image-preview:large, max-video-preview:-1\" \/>\n<link rel=\"canonical\" href=\"https:\/\/acninternational.org\/fr\/le-cardinal-kurt-koch-nomme-president-de-acn-nous-remercions-le-pape-leon-declare-la-presidente-executive-regina-lynch\/\" \/>\n<meta property=\"og:locale\" content=\"fr_FR\" \/>\n<meta property=\"og:type\" content=\"article\" \/>\n<meta property=\"og:title\" content=\"Le cardinal Kurt Koch nomm\u00e9 pr\u00e9sident de ACN \u2013 \u00ab Nous remercions le pape L\u00e9on\u00a0\u00bb, d\u00e9clare la pr\u00e9sidente ex\u00e9cutive, Regina Lynch\" \/>\n<meta property=\"og:description\" content=\"Le cardinal Koch est un ami de longue date de ACN. Il dispose d\u2019une riche exp\u00e9rience dans le domaine du dialogue \u0153cum\u00e9nique et interreligieux.\" \/>\n<meta property=\"og:url\" content=\"https:\/\/acninternational.org\/fr\/le-cardinal-kurt-koch-nomme-president-de-acn-nous-remercions-le-pape-leon-declare-la-presidente-executive-regina-lynch\/\" \/>\n<meta property=\"og:site_name\" content=\"ACN International\" \/>\n<meta property=\"article:publisher\" content=\"https:\/\/www.facebook.com\/acninternationalorg\" \/>\n<meta property=\"article:published_time\" content=\"2025-11-27T14:23:13+00:00\" \/>\n<meta property=\"article:modified_time\" content=\"2025-12-05T14:34:23+00:00\" \/>\n<meta property=\"og:image\" content=\"https:\/\/media.acninternational.org\/wp-content\/uploads\/2025\/11\/ACN-20250513-188172.jpg\" \/>\n\t<meta property=\"og:image:width\" content=\"1980\" \/>\n\t<meta property=\"og:image:height\" content=\"800\" \/>\n\t<meta property=\"og:image:type\" content=\"image\/jpeg\" \/>\n<meta name=\"author\" content=\"ACN Press Team\" \/>\n<meta name=\"twitter:card\" content=\"summary_large_image\" \/>\n<meta name=\"twitter:creator\" content=\"@acn_int\" \/>\n<meta name=\"twitter:site\" content=\"@acn_int\" \/>\n<meta name=\"twitter:label1\" content=\"\u00c9crit par\" \/>\n\t<meta name=\"twitter:data1\" content=\"ACN Press Team\" \/>\n\t<meta name=\"twitter:label2\" content=\"Dur\u00e9e de lecture estim\u00e9e\" \/>\n\t<meta name=\"twitter:data2\" content=\"4 minutes\" \/>\n<script type=\"application\/ld+json\" class=\"yoast-schema-graph\">{\"@context\":\"https:\\\/\\\/schema.org\",\"@graph\":[{\"@type\":\"Article\",\"@id\":\"https:\\\/\\\/acninternational.org\\\/fr\\\/le-cardinal-kurt-koch-nomme-president-de-acn-nous-remercions-le-pape-leon-declare-la-presidente-executive-regina-lynch\\\/#article\",\"isPartOf\":{\"@id\":\"https:\\\/\\\/acninternational.org\\\/fr\\\/le-cardinal-kurt-koch-nomme-president-de-acn-nous-remercions-le-pape-leon-declare-la-presidente-executive-regina-lynch\\\/\"},\"author\":{\"name\":\"ACN Press Team\",\"@id\":\"https:\\\/\\\/acninternational.org\\\/fr\\\/#\\\/schema\\\/person\\\/7f3dafb236b242fb2aa46be1411fd703\"},\"headline\":\"Le cardinal Kurt Koch nomm\u00e9 pr\u00e9sident de ACN \u2013 \u00ab Nous remercions le pape L\u00e9on\u00a0\u00bb, d\u00e9clare la pr\u00e9sidente ex\u00e9cutive, Regina Lynch\",\"datePublished\":\"2025-11-27T14:23:13+00:00\",\"dateModified\":\"2025-12-05T14:34:23+00:00\",\"mainEntityOfPage\":{\"@id\":\"https:\\\/\\\/acninternational.org\\\/fr\\\/le-cardinal-kurt-koch-nomme-president-de-acn-nous-remercions-le-pape-leon-declare-la-presidente-executive-regina-lynch\\\/\"},\"wordCount\":666,\"publisher\":{\"@id\":\"https:\\\/\\\/acninternational.org\\\/fr\\\/#organization\"},\"image\":{\"@id\":\"https:\\\/\\\/acninternational.org\\\/fr\\\/le-cardinal-kurt-koch-nomme-president-de-acn-nous-remercions-le-pape-leon-declare-la-presidente-executive-regina-lynch\\\/#primaryimage\"},\"thumbnailUrl\":\"https:\\\/\\\/media.acninternational.org\\\/wp-content\\\/uploads\\\/2025\\\/11\\\/ACN-20250513-188172.jpg\",\"articleSection\":[\"Nouvelle\",\"Nouvelles\"],\"inLanguage\":\"fr-FR\"},{\"@type\":\"WebPage\",\"@id\":\"https:\\\/\\\/acninternational.org\\\/fr\\\/le-cardinal-kurt-koch-nomme-president-de-acn-nous-remercions-le-pape-leon-declare-la-presidente-executive-regina-lynch\\\/\",\"url\":\"https:\\\/\\\/acninternational.org\\\/fr\\\/le-cardinal-kurt-koch-nomme-president-de-acn-nous-remercions-le-pape-leon-declare-la-presidente-executive-regina-lynch\\\/\",\"name\":\"Le cardinal Kurt Koch nomm\u00e9 pr\u00e9sident de ACN \u2013 \u00ab Nous remercions le pape L\u00e9on\u00a0\u00bb, d\u00e9clare la pr\u00e9sidente ex\u00e9cutive, Regina Lynch | ACN International\",\"isPartOf\":{\"@id\":\"https:\\\/\\\/acninternational.org\\\/fr\\\/#website\"},\"primaryImageOfPage\":{\"@id\":\"https:\\\/\\\/acninternational.org\\\/fr\\\/le-cardinal-kurt-koch-nomme-president-de-acn-nous-remercions-le-pape-leon-declare-la-presidente-executive-regina-lynch\\\/#primaryimage\"},\"image\":{\"@id\":\"https:\\\/\\\/acninternational.org\\\/fr\\\/le-cardinal-kurt-koch-nomme-president-de-acn-nous-remercions-le-pape-leon-declare-la-presidente-executive-regina-lynch\\\/#primaryimage\"},\"thumbnailUrl\":\"https:\\\/\\\/media.acninternational.org\\\/wp-content\\\/uploads\\\/2025\\\/11\\\/ACN-20250513-188172.jpg\",\"datePublished\":\"2025-11-27T14:23:13+00:00\",\"dateModified\":\"2025-12-05T14:34:23+00:00\",\"description\":\"Le cardinal Koch est un ami de longue date de ACN. Il dispose d\u2019une riche exp\u00e9rience dans le domaine du dialogue \u0153cum\u00e9nique et interreligieux.\",\"breadcrumb\":{\"@id\":\"https:\\\/\\\/acninternational.org\\\/fr\\\/le-cardinal-kurt-koch-nomme-president-de-acn-nous-remercions-le-pape-leon-declare-la-presidente-executive-regina-lynch\\\/#breadcrumb\"},\"inLanguage\":\"fr-FR\",\"potentialAction\":[{\"@type\":\"ReadAction\",\"target\":[\"https:\\\/\\\/acninternational.org\\\/fr\\\/le-cardinal-kurt-koch-nomme-president-de-acn-nous-remercions-le-pape-leon-declare-la-presidente-executive-regina-lynch\\\/\"]}]},{\"@type\":\"ImageObject\",\"inLanguage\":\"fr-FR\",\"@id\":\"https:\\\/\\\/acninternational.org\\\/fr\\\/le-cardinal-kurt-koch-nomme-president-de-acn-nous-remercions-le-pape-leon-declare-la-presidente-executive-regina-lynch\\\/#primaryimage\",\"url\":\"https:\\\/\\\/media.acninternational.org\\\/wp-content\\\/uploads\\\/2025\\\/11\\\/ACN-20250513-188172.jpg\",\"contentUrl\":\"https:\\\/\\\/media.acninternational.org\\\/wp-content\\\/uploads\\\/2025\\\/11\\\/ACN-20250513-188172.jpg\",\"width\":1980,\"height\":800},{\"@type\":\"BreadcrumbList\",\"@id\":\"https:\\\/\\\/acninternational.org\\\/fr\\\/le-cardinal-kurt-koch-nomme-president-de-acn-nous-remercions-le-pape-leon-declare-la-presidente-executive-regina-lynch\\\/#breadcrumb\",\"itemListElement\":[{\"@type\":\"ListItem\",\"position\":1,\"name\":\"Home\",\"item\":\"https:\\\/\\\/acninternational.org\\\/fr\\\/\"},{\"@type\":\"ListItem\",\"position\":2,\"name\":\"Nouvelles\",\"item\":\"https:\\\/\\\/acninternational.org\\\/fr\\\/category\\\/news-fr\\\/\"},{\"@type\":\"ListItem\",\"position\":3,\"name\":\"Le cardinal Kurt Koch nomm\u00e9 pr\u00e9sident de ACN \u2013 \u00ab Nous remercions le pape L\u00e9on\u00a0\u00bb, d\u00e9clare la pr\u00e9sidente ex\u00e9cutive, Regina Lynch\"}]},{\"@type\":\"WebSite\",\"@id\":\"https:\\\/\\\/acninternational.org\\\/fr\\\/#website\",\"url\":\"https:\\\/\\\/acninternational.org\\\/fr\\\/\",\"name\":\"ACN International\",\"description\":\"\",\"publisher\":{\"@id\":\"https:\\\/\\\/acninternational.org\\\/fr\\\/#organization\"},\"potentialAction\":[{\"@type\":\"SearchAction\",\"target\":{\"@type\":\"EntryPoint\",\"urlTemplate\":\"https:\\\/\\\/acninternational.org\\\/fr\\\/?s={search_term_string}\"},\"query-input\":{\"@type\":\"PropertyValueSpecification\",\"valueRequired\":true,\"valueName\":\"search_term_string\"}}],\"inLanguage\":\"fr-FR\"},{\"@type\":\"Organization\",\"@id\":\"https:\\\/\\\/acninternational.org\\\/fr\\\/#organization\",\"name\":\"Aid to the Church in Need International\",\"url\":\"https:\\\/\\\/acninternational.org\\\/fr\\\/\",\"logo\":{\"@type\":\"ImageObject\",\"inLanguage\":\"fr-FR\",\"@id\":\"https:\\\/\\\/acninternational.org\\\/fr\\\/#\\\/schema\\\/logo\\\/image\\\/\",\"url\":\"https:\\\/\\\/media.acninternational.org\\\/wp-content\\\/uploads\\\/2019\\\/11\\\/acn_logo_blackvector.svg\",\"contentUrl\":\"https:\\\/\\\/media.acninternational.org\\\/wp-content\\\/uploads\\\/2019\\\/11\\\/acn_logo_blackvector.svg\",\"width\":232.6,\"height\":78,\"caption\":\"Aid to the Church in Need International\"},\"image\":{\"@id\":\"https:\\\/\\\/acninternational.org\\\/fr\\\/#\\\/schema\\\/logo\\\/image\\\/\"},\"sameAs\":[\"https:\\\/\\\/www.facebook.com\\\/acninternationalorg\",\"https:\\\/\\\/x.com\\\/acn_int\",\"https:\\\/\\\/www.youtube.com\\\/channel\\\/UCQ-077gS0TnVzkhHmf1opZw\",\"https:\\\/\\\/www.instagram.com\\\/acn_international\\\/\"]},{\"@type\":\"Person\",\"@id\":\"https:\\\/\\\/acninternational.org\\\/fr\\\/#\\\/schema\\\/person\\\/7f3dafb236b242fb2aa46be1411fd703\",\"name\":\"ACN Press Team\",\"description\":\"Lorem ipsum dolor sit amet, consectetur adipiscing elit, sed do eiusmod tempor incididunt ut labore et dolore magna aliqua. Ut enim ad minim veniam, quis nostrud exercitation ullamco laboris nisi ut aliquip ex ea commodo consequat.\",\"url\":\"https:\\\/\\\/acninternational.org\\\/fr\\\/author\\\/acn-press-team\\\/\"}]}<\/script>\n<!-- \/ Yoast SEO Premium plugin. -->","yoast_head_json":{"title":"Le cardinal Kurt Koch nomm\u00e9 pr\u00e9sident de ACN \u2013 \u00ab Nous remercions le pape L\u00e9on\u00a0\u00bb, d\u00e9clare la pr\u00e9sidente ex\u00e9cutive, Regina Lynch | ACN International","description":"Le cardinal Koch est un ami de longue date de ACN. Il dispose d\u2019une riche exp\u00e9rience dans le domaine du dialogue \u0153cum\u00e9nique et interreligieux.","robots":{"index":"index","follow":"follow","max-snippet":"max-snippet:-1","max-image-preview":"max-image-preview:large","max-video-preview":"max-video-preview:-1"},"canonical":"https:\/\/acninternational.org\/fr\/le-cardinal-kurt-koch-nomme-president-de-acn-nous-remercions-le-pape-leon-declare-la-presidente-executive-regina-lynch\/","og_locale":"fr_FR","og_type":"article","og_title":"Le cardinal Kurt Koch nomm\u00e9 pr\u00e9sident de ACN \u2013 \u00ab Nous remercions le pape L\u00e9on\u00a0\u00bb, d\u00e9clare la pr\u00e9sidente ex\u00e9cutive, Regina Lynch","og_description":"Le cardinal Koch est un ami de longue date de ACN. Il dispose d\u2019une riche exp\u00e9rience dans le domaine du dialogue \u0153cum\u00e9nique et interreligieux.","og_url":"https:\/\/acninternational.org\/fr\/le-cardinal-kurt-koch-nomme-president-de-acn-nous-remercions-le-pape-leon-declare-la-presidente-executive-regina-lynch\/","og_site_name":"ACN International","article_publisher":"https:\/\/www.facebook.com\/acninternationalorg","article_published_time":"2025-11-27T14:23:13+00:00","article_modified_time":"2025-12-05T14:34:23+00:00","og_image":[{"width":1980,"height":800,"url":"https:\/\/media.acninternational.org\/wp-content\/uploads\/2025\/11\/ACN-20250513-188172.jpg","type":"image\/jpeg"}],"author":"ACN Press Team","twitter_card":"summary_large_image","twitter_creator":"@acn_int","twitter_site":"@acn_int","twitter_misc":{"\u00c9crit par":"ACN Press Team","Dur\u00e9e de lecture estim\u00e9e":"4 minutes"},"schema":{"@context":"https:\/\/schema.org","@graph":[{"@type":"Article","@id":"https:\/\/acninternational.org\/fr\/le-cardinal-kurt-koch-nomme-president-de-acn-nous-remercions-le-pape-leon-declare-la-presidente-executive-regina-lynch\/#article","isPartOf":{"@id":"https:\/\/acninternational.org\/fr\/le-cardinal-kurt-koch-nomme-president-de-acn-nous-remercions-le-pape-leon-declare-la-presidente-executive-regina-lynch\/"},"author":{"name":"ACN Press Team","@id":"https:\/\/acninternational.org\/fr\/#\/schema\/person\/7f3dafb236b242fb2aa46be1411fd703"},"headline":"Le cardinal Kurt Koch nomm\u00e9 pr\u00e9sident de ACN \u2013 \u00ab Nous remercions le pape L\u00e9on\u00a0\u00bb, d\u00e9clare la pr\u00e9sidente ex\u00e9cutive, Regina Lynch","datePublished":"2025-11-27T14:23:13+00:00","dateModified":"2025-12-05T14:34:23+00:00","mainEntityOfPage":{"@id":"https:\/\/acninternational.org\/fr\/le-cardinal-kurt-koch-nomme-president-de-acn-nous-remercions-le-pape-leon-declare-la-presidente-executive-regina-lynch\/"},"wordCount":666,"publisher":{"@id":"https:\/\/acninternational.org\/fr\/#organization"},"image":{"@id":"https:\/\/acninternational.org\/fr\/le-cardinal-kurt-koch-nomme-president-de-acn-nous-remercions-le-pape-leon-declare-la-presidente-executive-regina-lynch\/#primaryimage"},"thumbnailUrl":"https:\/\/media.acninternational.org\/wp-content\/uploads\/2025\/11\/ACN-20250513-188172.jpg","articleSection":["Nouvelle","Nouvelles"],"inLanguage":"fr-FR"},{"@type":"WebPage","@id":"https:\/\/acninternational.org\/fr\/le-cardinal-kurt-koch-nomme-president-de-acn-nous-remercions-le-pape-leon-declare-la-presidente-executive-regina-lynch\/","url":"https:\/\/acninternational.org\/fr\/le-cardinal-kurt-koch-nomme-president-de-acn-nous-remercions-le-pape-leon-declare-la-presidente-executive-regina-lynch\/","name":"Le cardinal Kurt Koch nomm\u00e9 pr\u00e9sident de ACN \u2013 \u00ab Nous remercions le pape L\u00e9on\u00a0\u00bb, d\u00e9clare la pr\u00e9sidente ex\u00e9cutive, Regina Lynch | ACN International","isPartOf":{"@id":"https:\/\/acninternational.org\/fr\/#website"},"primaryImageOfPage":{"@id":"https:\/\/acninternational.org\/fr\/le-cardinal-kurt-koch-nomme-president-de-acn-nous-remercions-le-pape-leon-declare-la-presidente-executive-regina-lynch\/#primaryimage"},"image":{"@id":"https:\/\/acninternational.org\/fr\/le-cardinal-kurt-koch-nomme-president-de-acn-nous-remercions-le-pape-leon-declare-la-presidente-executive-regina-lynch\/#primaryimage"},"thumbnailUrl":"https:\/\/media.acninternational.org\/wp-content\/uploads\/2025\/11\/ACN-20250513-188172.jpg","datePublished":"2025-11-27T14:23:13+00:00","dateModified":"2025-12-05T14:34:23+00:00","description":"Le cardinal Koch est un ami de longue date de ACN. Il dispose d\u2019une riche exp\u00e9rience dans le domaine du dialogue \u0153cum\u00e9nique et interreligieux.","breadcrumb":{"@id":"https:\/\/acninternational.org\/fr\/le-cardinal-kurt-koch-nomme-president-de-acn-nous-remercions-le-pape-leon-declare-la-presidente-executive-regina-lynch\/#breadcrumb"},"inLanguage":"fr-FR","potentialAction":[{"@type":"ReadAction","target":["https:\/\/acninternational.org\/fr\/le-cardinal-kurt-koch-nomme-president-de-acn-nous-remercions-le-pape-leon-declare-la-presidente-executive-regina-lynch\/"]}]},{"@type":"ImageObject","inLanguage":"fr-FR","@id":"https:\/\/acninternational.org\/fr\/le-cardinal-kurt-koch-nomme-president-de-acn-nous-remercions-le-pape-leon-declare-la-presidente-executive-regina-lynch\/#primaryimage","url":"https:\/\/media.acninternational.org\/wp-content\/uploads\/2025\/11\/ACN-20250513-188172.jpg","contentUrl":"https:\/\/media.acninternational.org\/wp-content\/uploads\/2025\/11\/ACN-20250513-188172.jpg","width":1980,"height":800},{"@type":"BreadcrumbList","@id":"https:\/\/acninternational.org\/fr\/le-cardinal-kurt-koch-nomme-president-de-acn-nous-remercions-le-pape-leon-declare-la-presidente-executive-regina-lynch\/#breadcrumb","itemListElement":[{"@type":"ListItem","position":1,"name":"Home","item":"https:\/\/acninternational.org\/fr\/"},{"@type":"ListItem","position":2,"name":"Nouvelles","item":"https:\/\/acninternational.org\/fr\/category\/news-fr\/"},{"@type":"ListItem","position":3,"name":"Le cardinal Kurt Koch nomm\u00e9 pr\u00e9sident de ACN \u2013 \u00ab Nous remercions le pape L\u00e9on\u00a0\u00bb, d\u00e9clare la pr\u00e9sidente ex\u00e9cutive, Regina Lynch"}]},{"@type":"WebSite","@id":"https:\/\/acninternational.org\/fr\/#website","url":"https:\/\/acninternational.org\/fr\/","name":"ACN International","description":"","publisher":{"@id":"https:\/\/acninternational.org\/fr\/#organization"},"potentialAction":[{"@type":"SearchAction","target":{"@type":"EntryPoint","urlTemplate":"https:\/\/acninternational.org\/fr\/?s={search_term_string}"},"query-input":{"@type":"PropertyValueSpecification","valueRequired":true,"valueName":"search_term_string"}}],"inLanguage":"fr-FR"},{"@type":"Organization","@id":"https:\/\/acninternational.org\/fr\/#organization","name":"Aid to the Church in Need International","url":"https:\/\/acninternational.org\/fr\/","logo":{"@type":"ImageObject","inLanguage":"fr-FR","@id":"https:\/\/acninternational.org\/fr\/#\/schema\/logo\/image\/","url":"https:\/\/media.acninternational.org\/wp-content\/uploads\/2019\/11\/acn_logo_blackvector.svg","contentUrl":"https:\/\/media.acninternational.org\/wp-content\/uploads\/2019\/11\/acn_logo_blackvector.svg","width":232.6,"height":78,"caption":"Aid to the Church in Need International"},"image":{"@id":"https:\/\/acninternational.org\/fr\/#\/schema\/logo\/image\/"},"sameAs":["https:\/\/www.facebook.com\/acninternationalorg","https:\/\/x.com\/acn_int","https:\/\/www.youtube.com\/channel\/UCQ-077gS0TnVzkhHmf1opZw","https:\/\/www.instagram.com\/acn_international\/"]},{"@type":"Person","@id":"https:\/\/acninternational.org\/fr\/#\/schema\/person\/7f3dafb236b242fb2aa46be1411fd703","name":"ACN Press Team","description":"Lorem ipsum dolor sit amet, consectetur adipiscing elit, sed do eiusmod tempor incididunt ut labore et dolore magna aliqua. Ut enim ad minim veniam, quis nostrud exercitation ullamco laboris nisi ut aliquip ex ea commodo consequat.","url":"https:\/\/acninternational.org\/fr\/author\/acn-press-team\/"}]}},"_links":{"self":[{"href":"https:\/\/acninternational.org\/fr\/wp-json\/wp\/v2\/posts\/260509","targetHints":{"allow":["GET"]}}],"collection":[{"href":"https:\/\/acninternational.org\/fr\/wp-json\/wp\/v2\/posts"}],"about":[{"href":"https:\/\/acninternational.org\/fr\/wp-json\/wp\/v2\/types\/post"}],"author":[{"embeddable":true,"href":"https:\/\/acninternational.org\/fr\/wp-json\/wp\/v2\/users\/4258341447"}],"replies":[{"embeddable":true,"href":"https:\/\/acninternational.org\/fr\/wp-json\/wp\/v2\/comments?post=260509"}],"version-history":[{"count":3,"href":"https:\/\/acninternational.org\/fr\/wp-json\/wp\/v2\/posts\/260509\/revisions"}],"predecessor-version":[{"id":260711,"href":"https:\/\/acninternational.org\/fr\/wp-json\/wp\/v2\/posts\/260509\/revisions\/260711"}],"wp:featuredmedia":[{"embeddable":true,"href":"https:\/\/acninternational.org\/fr\/wp-json\/wp\/v2\/media\/260488"}],"wp:attachment":[{"href":"https:\/\/acninternational.org\/fr\/wp-json\/wp\/v2\/media?parent=260509"}],"wp:term":[{"taxonomy":"category","embeddable":true,"href":"https:\/\/acninternational.org\/fr\/wp-json\/wp\/v2\/categories?post=260509"},{"taxonomy":"post_tag","embeddable":true,"href":"https:\/\/acninternational.org\/fr\/wp-json\/wp\/v2\/tags?post=260509"},{"taxonomy":"country","embeddable":true,"href":"https:\/\/acninternational.org\/fr\/wp-json\/wp\/v2\/country?post=260509"}],"curies":[{"name":"wp","href":"https:\/\/api.w.org\/{rel}","templated":true}]}}