{"id":249432,"date":"2025-06-27T15:46:48","date_gmt":"2025-06-27T13:46:48","guid":{"rendered":"https:\/\/acninternational.org\/?p=249432"},"modified":"2025-08-19T15:56:42","modified_gmt":"2025-08-19T13:56:42","slug":"mozambique-des-religieuses-cambriolees-et-menacees-de-decapitation-par-des-hommes-armes","status":"publish","type":"post","link":"https:\/\/acninternational.org\/fr\/mozambique-des-religieuses-cambriolees-et-menacees-de-decapitation-par-des-hommes-armes\/","title":{"rendered":"Mozambique : Des religieuses cambriol\u00e9es et menac\u00e9es de d\u00e9capitation par des hommes arm\u00e9s"},"content":{"rendered":"<p><em>Les s\u0153urs merc\u00e9daires du Saint-Sacrement sont la deuxi\u00e8me congr\u00e9gation \u00e0 subir une attaque \u00e0 main arm\u00e9e en quelques jours, alors que la violence dans le Nord du Mozambique ne cesse de s\u2019aggraver.<\/em><\/p>\n<p>Dans le dioc\u00e8se de Pemba, au Mozambique, les s\u0153urs merc\u00e9daires du Saint-Sacrement ont fr\u00f4l\u00e9 la mort, le 8 juin dernier, lorsque des hommes arm\u00e9s de fusils et de machettes se sont introduits par effraction dans leur maison. Les quatre s\u0153urs, qui s\u2019occupent d\u2019une trentaine de jeunes filles, ont \u00e9t\u00e9 d\u00e9pouill\u00e9es de tous leurs objets de valeur et m\u00eame menac\u00e9es de d\u00e9capitation.<\/p>\n<figure id=\"attachment_249417\" aria-describedby=\"caption-attachment-249417\" style=\"width: 720px\" class=\"wp-caption aligncenter\"><img loading=\"lazy\" decoding=\"async\" class=\"wp-image-249417 size-full\" src=\"http:\/\/dev.acninternational.org\/wp-content\/uploads\/2025\/06\/ACN-20250623-190831.jpg\" alt=\"Les S\u0153urs Merc\u00e9daires du Saint-Sacrement, dans le dioc\u00e8se de Pemba, Mozambique\" width=\"720\" height=\"960\" srcset=\"https:\/\/media.acninternational.org\/wp-content\/uploads\/2025\/06\/ACN-20250623-190831.jpg 720w, https:\/\/media.acninternational.org\/wp-content\/uploads\/2025\/06\/ACN-20250623-190831-225x300.jpg 225w\" sizes=\"auto, (max-width: 720px) 100vw, 720px\" \/><figcaption id=\"caption-attachment-249417\" class=\"wp-caption-text\">Les S\u0153urs Merc\u00e9daires du Saint-Sacrement, dans le dioc\u00e8se de Pemba, Mozambique<\/figcaption><\/figure>\n<p>Dans un message adress\u00e9 \u00e0 Aid to the Church in Need (ACN), S\u0153ur Of\u00e9lia Robledo Alvarado d\u00e9crit la terreur qu\u2019elles ont \u00e9prouv\u00e9e pendant le cambriolage. \u00ab\u00a0Un groupe de 18 hommes \u00e9quip\u00e9s de machettes, de barres de fer et d\u2019armes \u00e0 feu, est entr\u00e9 dans notre mission. Huit d\u2019entre eux ont p\u00e9n\u00e9tr\u00e9 dans la maison tandis que les autres restaient \u00e0 l\u2019ext\u00e9rieur, contr\u00f4lant les portes et ma\u00eetrisant les gardiens. Nous \u00e9tions terrifi\u00e9es quand nous les avons vus entrer dans nos chambres, r\u00e9clamant de l\u2019argent et s\u2019emparant de tout ce qui leur tombait sous la main. Ils ont vol\u00e9 nos ordinateurs, nos t\u00e9l\u00e9phones portables et le peu d&rsquo;argent que nous avions.\u00a0\u00bb<\/p>\n<p>Cependant, le pire restait \u00e0 venir. Les criminels ont rassembl\u00e9 les s\u0153urs dans leur chapelle et les ont forc\u00e9es \u00e0 s&rsquo;agenouiller. \u00ab\u00a0Nous pensions qu&rsquo;ils allaient mettre le feu \u00e0 la chapelle avec nous \u00e0 l&rsquo;int\u00e9rieur, mais, au lieu de cela, ils ont fait s&rsquo;agenouiller S\u0153ur Esperanza au centre de la chapelle et ont brandi une machette comme s&rsquo;ils allaient la d\u00e9capiter devant nous. Je les ai suppli\u00e9s de ne pas la tuer, ils avaient d\u00e9j\u00e0 pris tout ce que nous poss\u00e9dions, j&rsquo;ai implor\u00e9 leur piti\u00e9. Ce furent des moments terribles, mais gr\u00e2ce \u00e0 Dieu, ils l&rsquo;ont rel\u00e2ch\u00e9e\u00a0\u00bb, raconte S\u0153ur Of\u00e9lia.<\/p>\n<p>Lorsque les hommes arm\u00e9s ont quitt\u00e9 les lieux, les religieuses sont parties \u00e0 la recherche de leurs prot\u00e9g\u00e9es, terrifi\u00e9es \u00e0 l&rsquo;id\u00e9e qu&rsquo;elles aient pu \u00eatre bless\u00e9es ou violent\u00e9es de quelque mani\u00e8re que ce soit. \u00ab\u00a0Gr\u00e2ce \u00e0 Dieu, nous les avons trouv\u00e9es saines et sauves, elles avaient \u00e9t\u00e9 \u00e9pargn\u00e9es. C&rsquo;est la premi\u00e8re fois en 17 ans que notre mission est attaqu\u00e9e, personne n&rsquo;\u00e9tait jamais entr\u00e9 dans notre maison avec de mauvaises intentions\u00a0\u00bb, explique S\u0153ur Of\u00e9lia. \u00ab\u00a0Mais la vague de terrorisme qui a commenc\u00e9 en 2017 a tout chang\u00e9. Nous vivons d\u00e9sormais une situation d&rsquo;ins\u00e9curit\u00e9 dans toute la province de Cabo Delgado. Ce qui est le plus triste, c&rsquo;est qu&rsquo;il semble que m\u00eame la police et l&rsquo;arm\u00e9e soient impliqu\u00e9es dans ces bandes criminelles organis\u00e9es. Nous devons donc prendre des mesures pour nous prot\u00e9ger nous-m\u00eames ainsi que les jeunes filles.\u00a0\u00bb<\/p>\n<p>Les religieuses merc\u00e9daires esp\u00e8rent maintenant collecter des fonds pour installer des cam\u00e9ras de s\u00e9curit\u00e9 et des barreaux aux fen\u00eatres. Cela repr\u00e9sente un investissement consid\u00e9rable, car le b\u00e2timent qui comprend la r\u00e9sidence des s\u0153urs, le foyer des jeunes filles dont elles s&rsquo;occupent, la chapelle, la maison d&rsquo;h\u00f4tes et la salle d&rsquo;\u00e9tude, compte 70 fen\u00eatres.<\/p>\n<figure id=\"attachment_249423\" aria-describedby=\"caption-attachment-249423\" style=\"width: 800px\" class=\"wp-caption aligncenter\"><img loading=\"lazy\" decoding=\"async\" class=\"wp-image-249423 size-large\" src=\"https:\/\/media.acninternational.org\/wp-content\/uploads\/2025\/06\/ACN-20250623-190832-1024x768.jpg\" alt=\"Les s\u0153urs Mecedarian s'occupent de dizaines de jeunes filles. Heureusement, aucune n'a \u00e9t\u00e9 bless\u00e9e lors de l'attaque\" width=\"800\" height=\"600\" srcset=\"https:\/\/media.acninternational.org\/wp-content\/uploads\/2025\/06\/ACN-20250623-190832-1024x768.jpg 1024w, https:\/\/media.acninternational.org\/wp-content\/uploads\/2025\/06\/ACN-20250623-190832-300x225.jpg 300w, https:\/\/media.acninternational.org\/wp-content\/uploads\/2025\/06\/ACN-20250623-190832-768x576.jpg 768w, https:\/\/media.acninternational.org\/wp-content\/uploads\/2025\/06\/ACN-20250623-190832.jpg 1080w\" sizes=\"auto, (max-width: 800px) 100vw, 800px\" \/><figcaption id=\"caption-attachment-249423\" class=\"wp-caption-text\">Les s\u0153urs Mecedarian s&rsquo;occupent de dizaines de jeunes filles. Heureusement, aucune n&rsquo;a \u00e9t\u00e9 bless\u00e9e lors de l&rsquo;attaque<\/figcaption><\/figure>\n<p>Le cambriolage de la maison des s\u0153urs merc\u00e9daires est le deuxi\u00e8me en quelques semaines. Quelques jours plus t\u00f4t, les P\u00e8res de La Salette, \u00e0 Mieze, ont \u00e9galement \u00e9t\u00e9 cambriol\u00e9s par des hommes arm\u00e9s de machettes qui ont attaqu\u00e9 \u00e0 la faveur de l&rsquo;obscurit\u00e9.\u00a0 Heureusement, aucun religieux n&rsquo;a \u00e9t\u00e9 bless\u00e9.<\/p>\n<p>La province de Cabo Delgado, dans le nord du Mozambique, est en proie \u00e0 une insurrection djihadiste depuis 2017. Les r\u00e9centes attaques contre les s\u0153urs merc\u00e9daires et les missionnaires de La Salette n&rsquo;ont pas \u00e9t\u00e9 perp\u00e9tr\u00e9es par des insurg\u00e9s islamistes. Cependant, la d\u00e9gradation g\u00e9n\u00e9rale de la s\u00e9curit\u00e9 \u2013 en grande partie caus\u00e9e par l&rsquo;insurrection \u2013 a contribu\u00e9 \u00e0 une augmentation de la violence arm\u00e9e qui affecte toute la province de Cabo Delgado. En outre, la grande pauvret\u00e9 et le manque de ressources, \u00e9galement cons\u00e9quences de l&rsquo;insurrection, ont entra\u00een\u00e9 des vagues de vols et de cambriolages.<\/p>\n<p>Soeur Aparecida Ramos Queiroz, responsable des projets du dioc\u00e8se de Pemba, a confirm\u00e9 \u00e0 ACN le besoin urgent de mesures de s\u00e9curit\u00e9 pour prot\u00e9ger les couvents dans le dioc\u00e8se. En 2023, le couvent de sa propre congr\u00e9gation, situ\u00e9 \u00e0 Metoro, a \u00e9t\u00e9 attaqu\u00e9.<\/p>\n<p>ACN, qui fournit une aide d\u2019urgence au dioc\u00e8se local de Pemba pour venir en aide \u00e0 une partie du million de d\u00e9plac\u00e9s internes caus\u00e9s par les violences, travaille en \u00e9troite relation avec le dioc\u00e8se pour soutenir ses efforts visant \u00e0 am\u00e9liorer la s\u00e9curit\u00e9 dans ses couvents et ses structures missionnaires.<\/p>\n<p>&nbsp;<\/p>\n","protected":false},"excerpt":{"rendered":"<p>C&rsquo;est la premi\u00e8re fois en 17 ans que notre mission est attaqu\u00e9e, personne n&rsquo;\u00e9tait jamais entr\u00e9 dans notre maison avec de mauvaises intentions<\/p>\n","protected":false},"author":4258341382,"featured_media":249411,"comment_status":"closed","ping_status":"closed","sticky":false,"template":"","format":"standard","meta":{"_acf_changed":false,"_acn_coauthor_ids":[],"footnotes":""},"categories":[919],"tags":[],"country":[1416],"class_list":["post-249432","post","type-post","status-publish","format-standard","has-post-thumbnail","hentry","category-nouvelle","country-mozambique-fr"],"acn_coauthors":[],"acf":[],"yoast_head":"<!-- This site is optimized with the Yoast SEO Premium plugin v27.3 (Yoast SEO v27.3) - https:\/\/yoast.com\/product\/yoast-seo-premium-wordpress\/ -->\n<title>Mozambique : Des religieuses cambriol\u00e9es et menac\u00e9es de d\u00e9capitation par des hommes arm\u00e9s | ACN International<\/title>\n<meta name=\"description\" content=\"C&#039;est la premi\u00e8re fois en 17 ans que notre mission est attaqu\u00e9e, personne n&#039;\u00e9tait jamais entr\u00e9 dans notre maison avec de mauvaises intentions.\" \/>\n<meta name=\"robots\" content=\"index, follow, max-snippet:-1, max-image-preview:large, max-video-preview:-1\" \/>\n<link rel=\"canonical\" href=\"https:\/\/acninternational.org\/fr\/mozambique-des-religieuses-cambriolees-et-menacees-de-decapitation-par-des-hommes-armes\/\" \/>\n<meta property=\"og:locale\" content=\"fr_FR\" \/>\n<meta property=\"og:type\" content=\"article\" \/>\n<meta property=\"og:title\" content=\"Mozambique : Des religieuses cambriol\u00e9es et menac\u00e9es de d\u00e9capitation par des hommes arm\u00e9s\" \/>\n<meta property=\"og:description\" content=\"C&#039;est la premi\u00e8re fois en 17 ans que notre mission est attaqu\u00e9e, personne n&#039;\u00e9tait jamais entr\u00e9 dans notre maison avec de mauvaises intentions.\" \/>\n<meta property=\"og:url\" content=\"https:\/\/acninternational.org\/fr\/mozambique-des-religieuses-cambriolees-et-menacees-de-decapitation-par-des-hommes-armes\/\" \/>\n<meta property=\"og:site_name\" content=\"ACN International\" \/>\n<meta property=\"article:publisher\" content=\"https:\/\/www.facebook.com\/acninternationalorg\" \/>\n<meta property=\"article:published_time\" content=\"2025-06-27T13:46:48+00:00\" \/>\n<meta property=\"article:modified_time\" content=\"2025-08-19T13:56:42+00:00\" \/>\n<meta property=\"og:image\" content=\"https:\/\/media.acninternational.org\/wp-content\/uploads\/2025\/06\/ACN-20250623-190829.jpg\" \/>\n\t<meta property=\"og:image:width\" content=\"1920\" \/>\n\t<meta property=\"og:image:height\" content=\"700\" \/>\n\t<meta property=\"og:image:type\" content=\"image\/jpeg\" \/>\n<meta name=\"author\" content=\"Paulo Aido\" \/>\n<meta name=\"twitter:card\" content=\"summary_large_image\" \/>\n<meta name=\"twitter:creator\" content=\"@acn_int\" \/>\n<meta name=\"twitter:site\" content=\"@acn_int\" \/>\n<meta name=\"twitter:label1\" content=\"\u00c9crit par\" \/>\n\t<meta name=\"twitter:data1\" content=\"Paulo Aido\" \/>\n\t<meta name=\"twitter:label2\" content=\"Dur\u00e9e de lecture estim\u00e9e\" \/>\n\t<meta name=\"twitter:data2\" content=\"4 minutes\" \/>\n<script type=\"application\/ld+json\" class=\"yoast-schema-graph\">{\"@context\":\"https:\\\/\\\/schema.org\",\"@graph\":[{\"@type\":\"Article\",\"@id\":\"https:\\\/\\\/acninternational.org\\\/fr\\\/mozambique-des-religieuses-cambriolees-et-menacees-de-decapitation-par-des-hommes-armes\\\/#article\",\"isPartOf\":{\"@id\":\"https:\\\/\\\/acninternational.org\\\/fr\\\/mozambique-des-religieuses-cambriolees-et-menacees-de-decapitation-par-des-hommes-armes\\\/\"},\"author\":{\"name\":\"Paulo Aido\",\"@id\":\"https:\\\/\\\/acninternational.org\\\/fr\\\/#\\\/schema\\\/person\\\/74d18921c1d8be9ca663e4035d1fce84\"},\"headline\":\"Mozambique : Des religieuses cambriol\u00e9es et menac\u00e9es de d\u00e9capitation par des hommes arm\u00e9s\",\"datePublished\":\"2025-06-27T13:46:48+00:00\",\"dateModified\":\"2025-08-19T13:56:42+00:00\",\"mainEntityOfPage\":{\"@id\":\"https:\\\/\\\/acninternational.org\\\/fr\\\/mozambique-des-religieuses-cambriolees-et-menacees-de-decapitation-par-des-hommes-armes\\\/\"},\"wordCount\":911,\"publisher\":{\"@id\":\"https:\\\/\\\/acninternational.org\\\/fr\\\/#organization\"},\"image\":{\"@id\":\"https:\\\/\\\/acninternational.org\\\/fr\\\/mozambique-des-religieuses-cambriolees-et-menacees-de-decapitation-par-des-hommes-armes\\\/#primaryimage\"},\"thumbnailUrl\":\"https:\\\/\\\/media.acninternational.org\\\/wp-content\\\/uploads\\\/2025\\\/06\\\/ACN-20250623-190829.jpg\",\"articleSection\":[\"Nouvelle\"],\"inLanguage\":\"fr-FR\"},{\"@type\":\"WebPage\",\"@id\":\"https:\\\/\\\/acninternational.org\\\/fr\\\/mozambique-des-religieuses-cambriolees-et-menacees-de-decapitation-par-des-hommes-armes\\\/\",\"url\":\"https:\\\/\\\/acninternational.org\\\/fr\\\/mozambique-des-religieuses-cambriolees-et-menacees-de-decapitation-par-des-hommes-armes\\\/\",\"name\":\"Mozambique : Des religieuses cambriol\u00e9es et menac\u00e9es de d\u00e9capitation par des hommes arm\u00e9s | ACN International\",\"isPartOf\":{\"@id\":\"https:\\\/\\\/acninternational.org\\\/fr\\\/#website\"},\"primaryImageOfPage\":{\"@id\":\"https:\\\/\\\/acninternational.org\\\/fr\\\/mozambique-des-religieuses-cambriolees-et-menacees-de-decapitation-par-des-hommes-armes\\\/#primaryimage\"},\"image\":{\"@id\":\"https:\\\/\\\/acninternational.org\\\/fr\\\/mozambique-des-religieuses-cambriolees-et-menacees-de-decapitation-par-des-hommes-armes\\\/#primaryimage\"},\"thumbnailUrl\":\"https:\\\/\\\/media.acninternational.org\\\/wp-content\\\/uploads\\\/2025\\\/06\\\/ACN-20250623-190829.jpg\",\"datePublished\":\"2025-06-27T13:46:48+00:00\",\"dateModified\":\"2025-08-19T13:56:42+00:00\",\"description\":\"C'est la premi\u00e8re fois en 17 ans que notre mission est attaqu\u00e9e, personne n'\u00e9tait jamais entr\u00e9 dans notre maison avec de mauvaises intentions.\",\"breadcrumb\":{\"@id\":\"https:\\\/\\\/acninternational.org\\\/fr\\\/mozambique-des-religieuses-cambriolees-et-menacees-de-decapitation-par-des-hommes-armes\\\/#breadcrumb\"},\"inLanguage\":\"fr-FR\",\"potentialAction\":[{\"@type\":\"ReadAction\",\"target\":[\"https:\\\/\\\/acninternational.org\\\/fr\\\/mozambique-des-religieuses-cambriolees-et-menacees-de-decapitation-par-des-hommes-armes\\\/\"]}]},{\"@type\":\"ImageObject\",\"inLanguage\":\"fr-FR\",\"@id\":\"https:\\\/\\\/acninternational.org\\\/fr\\\/mozambique-des-religieuses-cambriolees-et-menacees-de-decapitation-par-des-hommes-armes\\\/#primaryimage\",\"url\":\"https:\\\/\\\/media.acninternational.org\\\/wp-content\\\/uploads\\\/2025\\\/06\\\/ACN-20250623-190829.jpg\",\"contentUrl\":\"https:\\\/\\\/media.acninternational.org\\\/wp-content\\\/uploads\\\/2025\\\/06\\\/ACN-20250623-190829.jpg\",\"width\":1920,\"height\":700},{\"@type\":\"BreadcrumbList\",\"@id\":\"https:\\\/\\\/acninternational.org\\\/fr\\\/mozambique-des-religieuses-cambriolees-et-menacees-de-decapitation-par-des-hommes-armes\\\/#breadcrumb\",\"itemListElement\":[{\"@type\":\"ListItem\",\"position\":1,\"name\":\"Home\",\"item\":\"https:\\\/\\\/acninternational.org\\\/fr\\\/\"},{\"@type\":\"ListItem\",\"position\":2,\"name\":\"Nouvelles\",\"item\":\"https:\\\/\\\/acninternational.org\\\/fr\\\/category\\\/news-fr\\\/\"},{\"@type\":\"ListItem\",\"position\":3,\"name\":\"Mozambique : Des religieuses cambriol\u00e9es et menac\u00e9es de d\u00e9capitation par des hommes arm\u00e9s\"}]},{\"@type\":\"WebSite\",\"@id\":\"https:\\\/\\\/acninternational.org\\\/fr\\\/#website\",\"url\":\"https:\\\/\\\/acninternational.org\\\/fr\\\/\",\"name\":\"ACN International\",\"description\":\"\",\"publisher\":{\"@id\":\"https:\\\/\\\/acninternational.org\\\/fr\\\/#organization\"},\"potentialAction\":[{\"@type\":\"SearchAction\",\"target\":{\"@type\":\"EntryPoint\",\"urlTemplate\":\"https:\\\/\\\/acninternational.org\\\/fr\\\/?s={search_term_string}\"},\"query-input\":{\"@type\":\"PropertyValueSpecification\",\"valueRequired\":true,\"valueName\":\"search_term_string\"}}],\"inLanguage\":\"fr-FR\"},{\"@type\":\"Organization\",\"@id\":\"https:\\\/\\\/acninternational.org\\\/fr\\\/#organization\",\"name\":\"Aid to the Church in Need International\",\"url\":\"https:\\\/\\\/acninternational.org\\\/fr\\\/\",\"logo\":{\"@type\":\"ImageObject\",\"inLanguage\":\"fr-FR\",\"@id\":\"https:\\\/\\\/acninternational.org\\\/fr\\\/#\\\/schema\\\/logo\\\/image\\\/\",\"url\":\"https:\\\/\\\/media.acninternational.org\\\/wp-content\\\/uploads\\\/2019\\\/11\\\/acn_logo_blackvector.svg\",\"contentUrl\":\"https:\\\/\\\/media.acninternational.org\\\/wp-content\\\/uploads\\\/2019\\\/11\\\/acn_logo_blackvector.svg\",\"width\":232.6,\"height\":78,\"caption\":\"Aid to the Church in Need International\"},\"image\":{\"@id\":\"https:\\\/\\\/acninternational.org\\\/fr\\\/#\\\/schema\\\/logo\\\/image\\\/\"},\"sameAs\":[\"https:\\\/\\\/www.facebook.com\\\/acninternationalorg\",\"https:\\\/\\\/x.com\\\/acn_int\",\"https:\\\/\\\/www.youtube.com\\\/channel\\\/UCQ-077gS0TnVzkhHmf1opZw\",\"https:\\\/\\\/www.instagram.com\\\/acn_international\\\/\"]},{\"@type\":\"Person\",\"@id\":\"https:\\\/\\\/acninternational.org\\\/fr\\\/#\\\/schema\\\/person\\\/74d18921c1d8be9ca663e4035d1fce84\",\"name\":\"Paulo Aido\",\"description\":\"Lorem ipsum dolor sit amet, consectetur adipiscing elit, sed do eiusmod tempor incididunt ut labore et dolore magna aliqua. Ut enim ad minim veniam, quis nostrud exercitation ullamco laboris nisi ut aliquip ex ea commodo consequat.\",\"url\":\"https:\\\/\\\/acninternational.org\\\/fr\\\/author\\\/paulo-aido\\\/\"}]}<\/script>\n<!-- \/ Yoast SEO Premium plugin. -->","yoast_head_json":{"title":"Mozambique : Des religieuses cambriol\u00e9es et menac\u00e9es de d\u00e9capitation par des hommes arm\u00e9s | ACN International","description":"C'est la premi\u00e8re fois en 17 ans que notre mission est attaqu\u00e9e, personne n'\u00e9tait jamais entr\u00e9 dans notre maison avec de mauvaises intentions.","robots":{"index":"index","follow":"follow","max-snippet":"max-snippet:-1","max-image-preview":"max-image-preview:large","max-video-preview":"max-video-preview:-1"},"canonical":"https:\/\/acninternational.org\/fr\/mozambique-des-religieuses-cambriolees-et-menacees-de-decapitation-par-des-hommes-armes\/","og_locale":"fr_FR","og_type":"article","og_title":"Mozambique : Des religieuses cambriol\u00e9es et menac\u00e9es de d\u00e9capitation par des hommes arm\u00e9s","og_description":"C'est la premi\u00e8re fois en 17 ans que notre mission est attaqu\u00e9e, personne n'\u00e9tait jamais entr\u00e9 dans notre maison avec de mauvaises intentions.","og_url":"https:\/\/acninternational.org\/fr\/mozambique-des-religieuses-cambriolees-et-menacees-de-decapitation-par-des-hommes-armes\/","og_site_name":"ACN International","article_publisher":"https:\/\/www.facebook.com\/acninternationalorg","article_published_time":"2025-06-27T13:46:48+00:00","article_modified_time":"2025-08-19T13:56:42+00:00","og_image":[{"width":1920,"height":700,"url":"https:\/\/media.acninternational.org\/wp-content\/uploads\/2025\/06\/ACN-20250623-190829.jpg","type":"image\/jpeg"}],"author":"Paulo Aido","twitter_card":"summary_large_image","twitter_creator":"@acn_int","twitter_site":"@acn_int","twitter_misc":{"\u00c9crit par":"Paulo Aido","Dur\u00e9e de lecture estim\u00e9e":"4 minutes"},"schema":{"@context":"https:\/\/schema.org","@graph":[{"@type":"Article","@id":"https:\/\/acninternational.org\/fr\/mozambique-des-religieuses-cambriolees-et-menacees-de-decapitation-par-des-hommes-armes\/#article","isPartOf":{"@id":"https:\/\/acninternational.org\/fr\/mozambique-des-religieuses-cambriolees-et-menacees-de-decapitation-par-des-hommes-armes\/"},"author":{"name":"Paulo Aido","@id":"https:\/\/acninternational.org\/fr\/#\/schema\/person\/74d18921c1d8be9ca663e4035d1fce84"},"headline":"Mozambique : Des religieuses cambriol\u00e9es et menac\u00e9es de d\u00e9capitation par des hommes arm\u00e9s","datePublished":"2025-06-27T13:46:48+00:00","dateModified":"2025-08-19T13:56:42+00:00","mainEntityOfPage":{"@id":"https:\/\/acninternational.org\/fr\/mozambique-des-religieuses-cambriolees-et-menacees-de-decapitation-par-des-hommes-armes\/"},"wordCount":911,"publisher":{"@id":"https:\/\/acninternational.org\/fr\/#organization"},"image":{"@id":"https:\/\/acninternational.org\/fr\/mozambique-des-religieuses-cambriolees-et-menacees-de-decapitation-par-des-hommes-armes\/#primaryimage"},"thumbnailUrl":"https:\/\/media.acninternational.org\/wp-content\/uploads\/2025\/06\/ACN-20250623-190829.jpg","articleSection":["Nouvelle"],"inLanguage":"fr-FR"},{"@type":"WebPage","@id":"https:\/\/acninternational.org\/fr\/mozambique-des-religieuses-cambriolees-et-menacees-de-decapitation-par-des-hommes-armes\/","url":"https:\/\/acninternational.org\/fr\/mozambique-des-religieuses-cambriolees-et-menacees-de-decapitation-par-des-hommes-armes\/","name":"Mozambique : Des religieuses cambriol\u00e9es et menac\u00e9es de d\u00e9capitation par des hommes arm\u00e9s | ACN International","isPartOf":{"@id":"https:\/\/acninternational.org\/fr\/#website"},"primaryImageOfPage":{"@id":"https:\/\/acninternational.org\/fr\/mozambique-des-religieuses-cambriolees-et-menacees-de-decapitation-par-des-hommes-armes\/#primaryimage"},"image":{"@id":"https:\/\/acninternational.org\/fr\/mozambique-des-religieuses-cambriolees-et-menacees-de-decapitation-par-des-hommes-armes\/#primaryimage"},"thumbnailUrl":"https:\/\/media.acninternational.org\/wp-content\/uploads\/2025\/06\/ACN-20250623-190829.jpg","datePublished":"2025-06-27T13:46:48+00:00","dateModified":"2025-08-19T13:56:42+00:00","description":"C'est la premi\u00e8re fois en 17 ans que notre mission est attaqu\u00e9e, personne n'\u00e9tait jamais entr\u00e9 dans notre maison avec de mauvaises intentions.","breadcrumb":{"@id":"https:\/\/acninternational.org\/fr\/mozambique-des-religieuses-cambriolees-et-menacees-de-decapitation-par-des-hommes-armes\/#breadcrumb"},"inLanguage":"fr-FR","potentialAction":[{"@type":"ReadAction","target":["https:\/\/acninternational.org\/fr\/mozambique-des-religieuses-cambriolees-et-menacees-de-decapitation-par-des-hommes-armes\/"]}]},{"@type":"ImageObject","inLanguage":"fr-FR","@id":"https:\/\/acninternational.org\/fr\/mozambique-des-religieuses-cambriolees-et-menacees-de-decapitation-par-des-hommes-armes\/#primaryimage","url":"https:\/\/media.acninternational.org\/wp-content\/uploads\/2025\/06\/ACN-20250623-190829.jpg","contentUrl":"https:\/\/media.acninternational.org\/wp-content\/uploads\/2025\/06\/ACN-20250623-190829.jpg","width":1920,"height":700},{"@type":"BreadcrumbList","@id":"https:\/\/acninternational.org\/fr\/mozambique-des-religieuses-cambriolees-et-menacees-de-decapitation-par-des-hommes-armes\/#breadcrumb","itemListElement":[{"@type":"ListItem","position":1,"name":"Home","item":"https:\/\/acninternational.org\/fr\/"},{"@type":"ListItem","position":2,"name":"Nouvelles","item":"https:\/\/acninternational.org\/fr\/category\/news-fr\/"},{"@type":"ListItem","position":3,"name":"Mozambique : Des religieuses cambriol\u00e9es et menac\u00e9es de d\u00e9capitation par des hommes arm\u00e9s"}]},{"@type":"WebSite","@id":"https:\/\/acninternational.org\/fr\/#website","url":"https:\/\/acninternational.org\/fr\/","name":"ACN International","description":"","publisher":{"@id":"https:\/\/acninternational.org\/fr\/#organization"},"potentialAction":[{"@type":"SearchAction","target":{"@type":"EntryPoint","urlTemplate":"https:\/\/acninternational.org\/fr\/?s={search_term_string}"},"query-input":{"@type":"PropertyValueSpecification","valueRequired":true,"valueName":"search_term_string"}}],"inLanguage":"fr-FR"},{"@type":"Organization","@id":"https:\/\/acninternational.org\/fr\/#organization","name":"Aid to the Church in Need International","url":"https:\/\/acninternational.org\/fr\/","logo":{"@type":"ImageObject","inLanguage":"fr-FR","@id":"https:\/\/acninternational.org\/fr\/#\/schema\/logo\/image\/","url":"https:\/\/media.acninternational.org\/wp-content\/uploads\/2019\/11\/acn_logo_blackvector.svg","contentUrl":"https:\/\/media.acninternational.org\/wp-content\/uploads\/2019\/11\/acn_logo_blackvector.svg","width":232.6,"height":78,"caption":"Aid to the Church in Need International"},"image":{"@id":"https:\/\/acninternational.org\/fr\/#\/schema\/logo\/image\/"},"sameAs":["https:\/\/www.facebook.com\/acninternationalorg","https:\/\/x.com\/acn_int","https:\/\/www.youtube.com\/channel\/UCQ-077gS0TnVzkhHmf1opZw","https:\/\/www.instagram.com\/acn_international\/"]},{"@type":"Person","@id":"https:\/\/acninternational.org\/fr\/#\/schema\/person\/74d18921c1d8be9ca663e4035d1fce84","name":"Paulo Aido","description":"Lorem ipsum dolor sit amet, consectetur adipiscing elit, sed do eiusmod tempor incididunt ut labore et dolore magna aliqua. Ut enim ad minim veniam, quis nostrud exercitation ullamco laboris nisi ut aliquip ex ea commodo consequat.","url":"https:\/\/acninternational.org\/fr\/author\/paulo-aido\/"}]}},"_links":{"self":[{"href":"https:\/\/acninternational.org\/fr\/wp-json\/wp\/v2\/posts\/249432","targetHints":{"allow":["GET"]}}],"collection":[{"href":"https:\/\/acninternational.org\/fr\/wp-json\/wp\/v2\/posts"}],"about":[{"href":"https:\/\/acninternational.org\/fr\/wp-json\/wp\/v2\/types\/post"}],"author":[{"embeddable":true,"href":"https:\/\/acninternational.org\/fr\/wp-json\/wp\/v2\/users\/4258341382"}],"replies":[{"embeddable":true,"href":"https:\/\/acninternational.org\/fr\/wp-json\/wp\/v2\/comments?post=249432"}],"version-history":[{"count":1,"href":"https:\/\/acninternational.org\/fr\/wp-json\/wp\/v2\/posts\/249432\/revisions"}],"predecessor-version":[{"id":252039,"href":"https:\/\/acninternational.org\/fr\/wp-json\/wp\/v2\/posts\/249432\/revisions\/252039"}],"wp:featuredmedia":[{"embeddable":true,"href":"https:\/\/acninternational.org\/fr\/wp-json\/wp\/v2\/media\/249411"}],"wp:attachment":[{"href":"https:\/\/acninternational.org\/fr\/wp-json\/wp\/v2\/media?parent=249432"}],"wp:term":[{"taxonomy":"category","embeddable":true,"href":"https:\/\/acninternational.org\/fr\/wp-json\/wp\/v2\/categories?post=249432"},{"taxonomy":"post_tag","embeddable":true,"href":"https:\/\/acninternational.org\/fr\/wp-json\/wp\/v2\/tags?post=249432"},{"taxonomy":"country","embeddable":true,"href":"https:\/\/acninternational.org\/fr\/wp-json\/wp\/v2\/country?post=249432"}],"curies":[{"name":"wp","href":"https:\/\/api.w.org\/{rel}","templated":true}]}}