{"id":248929,"date":"2025-06-18T14:41:53","date_gmt":"2025-06-18T12:41:53","guid":{"rendered":"https:\/\/acninternational.org\/?p=248929"},"modified":"2025-08-19T15:55:31","modified_gmt":"2025-08-19T13:55:31","slug":"le-mozambique-a-besoin-dune-aide-internationale-pour-resoudre-la-crise-au-cabo-delgado-declare-leveque-de-tete","status":"publish","type":"post","link":"https:\/\/acninternational.org\/fr\/le-mozambique-a-besoin-dune-aide-internationale-pour-resoudre-la-crise-au-cabo-delgado-declare-leveque-de-tete\/","title":{"rendered":"\u00ab Le Mozambique a besoin d\u2019une aide internationale pour r\u00e9soudre la crise au Cabo Delgado \u00bb, d\u00e9clare l\u2019\u00e9v\u00eaque de Tete"},"content":{"rendered":"<p><em>Il n\u2019existe pas de solution facile pour r\u00e9soudre le conflit au Nord-Est de ce pays africain, mais il est n\u00e9cessaire de combattre la pauvret\u00e9 et la d\u00e9sinformation, et l\u2019Eglise y contribue, affirme l\u2019\u00e9v\u00eaque de Tete.<\/em><\/p>\n<p>Le Mozambique ne peut pas faire face seul \u00e0 la crise qui affecte la province du Cabo Delgado, au Nord-Est du pays, d\u00e9clare Mgr Diamantino Antunes.<\/p>\n<p>La <a href=\"https:\/\/acninternational.org\/christians-are-suffering-greatly-in-mozambique-says-passionist-priest\/\" target=\"_blank\" rel=\"noopener\">crise humanitaire caus\u00e9e par l\u2019insurrection djihadiste au Cabo Delgado<\/a> est trop importante pour que le pays puisse la r\u00e9gler par lui-m\u00eame, a affirm\u00e9 \u00e0 ACN l\u2019\u00e9v\u00eaque du dioc\u00e8se de Tete, au Nord-Ouest du pays, s\u00e9par\u00e9 du Cabo Delgado par l\u2019Etat du Malawi et la province mozambicaine de Niassa. Il a donn\u00e9 ces explications lors d\u2019une visite au si\u00e8ge de la fondation pontificale, \u00e0 Koenigstein, en Allemagne.<\/p>\n<figure id=\"attachment_248908\" aria-describedby=\"caption-attachment-248908\" style=\"width: 800px\" class=\"wp-caption aligncenter\"><img loading=\"lazy\" decoding=\"async\" class=\"wp-image-248908 size-large\" src=\"https:\/\/media.acninternational.org\/wp-content\/uploads\/2025\/06\/ACN-20220128-123344-1024x681.jpg\" alt=\"Mgr Diamantino Antunes\" width=\"800\" height=\"532\" srcset=\"https:\/\/media.acninternational.org\/wp-content\/uploads\/2025\/06\/ACN-20220128-123344-1024x681.jpg 1024w, https:\/\/media.acninternational.org\/wp-content\/uploads\/2025\/06\/ACN-20220128-123344-300x199.jpg 300w, https:\/\/media.acninternational.org\/wp-content\/uploads\/2025\/06\/ACN-20220128-123344-768x511.jpg 768w, https:\/\/media.acninternational.org\/wp-content\/uploads\/2025\/06\/ACN-20220128-123344.jpg 1080w\" sizes=\"auto, (max-width: 800px) 100vw, 800px\" \/><figcaption id=\"caption-attachment-248908\" class=\"wp-caption-text\">Mgr Diamantino Antunes<\/figcaption><\/figure>\n<p>\u00ab\u00a0La situation des personnes d\u00e9plac\u00e9es \u00e0 l\u2019int\u00e9rieur du pays en raison du conflit au Cabo Delgado est tr\u00e8s difficile. Il y a beaucoup de bouches \u00e0 nourrir, et pas beaucoup de ressources. Le Mozambique a besoin, et continuera \u00e0 avoir besoin, d\u2019une aide internationale pour r\u00e9soudre ce probl\u00e8me, et d\u2019autres\u00a0\u00bb, a confi\u00e9 l\u2019\u00e9v\u00eaque \u00e0 ACN.<\/p>\n<p>\u00ab\u00a0Les personnes d\u00e9plac\u00e9es vivent dans une situation tr\u00e8s pr\u00e9caire et difficile. Elles manquent souvent de l\u2019essentiel pour vivre, sp\u00e9cialement de nourriture et d\u2019autres biens et services n\u00e9cessaires \u00e0 une vie digne\u00a0\u00bb, d\u00e9clare Mgr Diamantino, en ajoutant que, malheureusement, le conflit est loin d\u2019\u00eatre termin\u00e9.<\/p>\n<p>L\u2019insurrection djihadiste, au Mozambique, <a href=\"https:\/\/acninternational.org\/fr\/un-eveque-mozambicain-evoque-sept-annees-de-mort-et-de-souffrance-a-cabo-delgado\/\" target=\"_blank\" rel=\"noopener\">a commenc\u00e9 en 2017<\/a>. Depuis, elle a fait environ 5000 morts et plus d\u2019un million de d\u00e9plac\u00e9s. M\u00eame si les djihadistes, qui ont proclam\u00e9 leur all\u00e9geance \u00e0 l\u2019Etat islamique, ont d\u2019abord attaqu\u00e9 en g\u00e9n\u00e9ral des institutions li\u00e9es au gouvernement, ils s\u2019en sont aussi pris, plus r\u00e9cemment, <a href=\"https:\/\/acninternational.org\/fr\/mozambique-des-chretiens-se-rassemblent-pour-prier-pres-dune-eglise-detruite-par-des-terroristes\/\" target=\"_blank\" rel=\"noopener\">aux structures et b\u00e2timents de l\u2019Eglise<\/a>, ciblant explicitement des chr\u00e9tiens.<\/p>\n<h4><strong>Pas de solution facile <\/strong><\/h4>\n<p>L\u2019Eglise catholique a jou\u00e9 un r\u00f4le central pour obtenir un accord de paix au terme de la longue guerre civile qui a fait rage au Mozambique de 1977 \u00e0 1992. Mais Mgr Diamantino explique que faire cesser la violence au Cabo Delgado, r\u00e9gion du pays en majorit\u00e9 musulmane, pourrait s\u2019av\u00e9rer plus compliqu\u00e9.<\/p>\n<figure id=\"attachment_248914\" aria-describedby=\"caption-attachment-248914\" style=\"width: 800px\" class=\"wp-caption aligncenter\"><img loading=\"lazy\" decoding=\"async\" class=\"wp-image-248914 size-large\" src=\"https:\/\/media.acninternational.org\/wp-content\/uploads\/2025\/06\/ACN-20250116-179262-1024x462.jpg\" alt=\"Pr\u00e8s d'un million de personnes ont fui leur domicile \u00e0 Cabo Delgado\" width=\"800\" height=\"361\" srcset=\"https:\/\/media.acninternational.org\/wp-content\/uploads\/2025\/06\/ACN-20250116-179262-1024x462.jpg 1024w, https:\/\/media.acninternational.org\/wp-content\/uploads\/2025\/06\/ACN-20250116-179262-300x135.jpg 300w, https:\/\/media.acninternational.org\/wp-content\/uploads\/2025\/06\/ACN-20250116-179262-768x346.jpg 768w, https:\/\/media.acninternational.org\/wp-content\/uploads\/2025\/06\/ACN-20250116-179262.jpg 1080w\" sizes=\"auto, (max-width: 800px) 100vw, 800px\" \/><figcaption id=\"caption-attachment-248914\" class=\"wp-caption-text\">Pr\u00e8s d&rsquo;un million de personnes ont fui leur domicile \u00e0 Cabo Delgado<\/figcaption><\/figure>\n<p>\u00ab\u00a0Trouver une solution face \u00e0 l\u2019insurrection au Cabo Delgado n\u2019est pas facile, parce que nous ne savons pas qui est derri\u00e8re, qui la soutient, et \u00e0 qui elle b\u00e9n\u00e9fice\u00a0\u00bb, a-t-il expliqu\u00e9 \u00e0 ACN.<\/p>\n<p>Malgr\u00e9 tout, l\u2019Eglise continue \u00e0 faire tout ce qu\u2019elle peut pour servir la population. \u00ab\u00a0L\u2019Eglise est pr\u00e9sente, particuli\u00e8rement parmi les gens et pour les gens, pour les servir. Nous sommes sur le terrain, par le biais de la Caritas, des missionnaires, des la\u00efcs, des organisations caritatives qui travaillent avec le gouvernement pour r\u00e9soudre certaines des causes possibles qui continuent \u00e0 alimenter le terrorisme, comme la pauvret\u00e9 et la d\u00e9sinformation.\u00a0\u00bb<\/p>\n<h4><strong>Un missionnaire sur le \u00ab\u00a0cheval de Saint Fran\u00e7ois\u00a0\u00bb<\/strong><\/h4>\n<p>Comme dans beaucoup de pays d\u2019Afrique, l\u2019une des difficult\u00e9s r\u00e9side dans les \u00e9normes distances et dans le manque de routes et de moyens de transport adapt\u00e9s. Mgr Diamantino, dont le dioc\u00e8se est plus grand que de nombreux pays europ\u00e9ens, explique qu\u2019avant de venir en Allemagne il a r\u00e9alis\u00e9 une visite pastorale des paroisses et des missions au Sud de Tete qui l\u2019a oblig\u00e9 \u00e0 passer trois semaines sur les routes.<\/p>\n<p>Entre autres formes d\u2019aides, la fondation pontificale Aid to the Church in Need a fourni \u00e0 l\u2019Eglise du Mozambique des moyens de transport, m\u00eame si les routes sont parfois si mauvaises, explique l\u2019\u00e9v\u00eaque, qu\u2019il doit utiliser ce qu\u2019il appelle le \u00ab\u00a0cheval de Saint Fran\u00e7ois\u00a0\u00bb, c\u2019est-\u00e0-dire marcher, car m\u00eame les motos ne sont pas une solution viable.<\/p>\n<figure id=\"attachment_248920\" aria-describedby=\"caption-attachment-248920\" style=\"width: 800px\" class=\"wp-caption aligncenter\"><img loading=\"lazy\" decoding=\"async\" class=\"wp-image-248920 size-large\" src=\"https:\/\/media.acninternational.org\/wp-content\/uploads\/2025\/06\/ACN-20250512-187826-1024x683.jpg\" alt=\"L'\u00e9v\u00eaque Diamantino Antunes c\u00e9l\u00e8bre la messe\" width=\"800\" height=\"534\" srcset=\"https:\/\/media.acninternational.org\/wp-content\/uploads\/2025\/06\/ACN-20250512-187826-1024x683.jpg 1024w, https:\/\/media.acninternational.org\/wp-content\/uploads\/2025\/06\/ACN-20250512-187826-300x200.jpg 300w, https:\/\/media.acninternational.org\/wp-content\/uploads\/2025\/06\/ACN-20250512-187826-768x512.jpg 768w, https:\/\/media.acninternational.org\/wp-content\/uploads\/2025\/06\/ACN-20250512-187826.jpg 1080w\" sizes=\"auto, (max-width: 800px) 100vw, 800px\" \/><figcaption id=\"caption-attachment-248920\" class=\"wp-caption-text\">L&rsquo;\u00e9v\u00eaque Diamantino Antunes c\u00e9l\u00e8bre la messe<\/figcaption><\/figure>\n<p>\u00ab\u00a0Nous sommes tr\u00e8s reconnaissants \u00e0 ACN, qui nous a fourni des moyens de former les s\u00e9minaristes et les pr\u00eatres, de l\u2019aide pour la construction de chapelles, d\u2019\u00e9glises, de maisons pour les missionnaires, de s\u00e9minaires, de moyens de transport, l\u2019achat de Bible et de mat\u00e9riel cat\u00e9ch\u00e9tique. <a href=\"https:\/\/acninternational.org\/fr\/laide-de-acn-au-mozambique-est-comme-la-main-de-dieu-elle-sauve-des-vies\/\" target=\"_blank\" rel=\"noopener\">Votre aide a \u00e9t\u00e9 cruciale<\/a> pour la croissance et la consolidation de l\u2019Eglise catholique et pour le soutien des pauvres. J\u2019exprime ma reconnaissance envers tous les bienfaiteurs et pour les sacrifices qu\u2019ils font pour pouvoir nous aider, et je prie pour eux.\u00a0\u00bb<\/p>\n<p>&nbsp;<\/p>\n","protected":false},"excerpt":{"rendered":"<p>Les personnes d\u00e9plac\u00e9es vivent dans une situation tr\u00e8s pr\u00e9caire et difficile. Elles manquent souvent de l\u2019essentiel pour vivre<\/p>\n","protected":false},"author":4258341382,"featured_media":248902,"comment_status":"closed","ping_status":"closed","sticky":false,"template":"","format":"standard","meta":{"_acf_changed":false,"_acn_coauthor_ids":[],"footnotes":""},"categories":[1276],"tags":[],"country":[1416],"class_list":["post-248929","post","type-post","status-publish","format-standard","has-post-thumbnail","hentry","category-featured-fr","country-mozambique-fr"],"acn_coauthors":[],"acf":[],"yoast_head":"<!-- This site is optimized with the Yoast SEO Premium plugin v27.3 (Yoast SEO v27.3) - https:\/\/yoast.com\/product\/yoast-seo-premium-wordpress\/ -->\n<title>\u00ab Le Mozambique a besoin d\u2019une aide internationale pour r\u00e9soudre la crise au Cabo Delgado \u00bb, d\u00e9clare l\u2019\u00e9v\u00eaque de Tete | ACN International<\/title>\n<meta name=\"description\" content=\"Les personnes d\u00e9plac\u00e9es vivent dans une situation tr\u00e8s pr\u00e9caire et difficile. Elles manquent souvent de l\u2019essentiel pour vivre.\" \/>\n<meta name=\"robots\" content=\"index, follow, max-snippet:-1, max-image-preview:large, max-video-preview:-1\" \/>\n<link rel=\"canonical\" href=\"https:\/\/acninternational.org\/fr\/le-mozambique-a-besoin-dune-aide-internationale-pour-resoudre-la-crise-au-cabo-delgado-declare-leveque-de-tete\/\" \/>\n<meta property=\"og:locale\" content=\"fr_FR\" \/>\n<meta property=\"og:type\" content=\"article\" \/>\n<meta property=\"og:title\" content=\"\u00ab Le Mozambique a besoin d\u2019une aide internationale pour r\u00e9soudre la crise au Cabo Delgado \u00bb, d\u00e9clare l\u2019\u00e9v\u00eaque de Tete\" \/>\n<meta property=\"og:description\" content=\"Les personnes d\u00e9plac\u00e9es vivent dans une situation tr\u00e8s pr\u00e9caire et difficile. Elles manquent souvent de l\u2019essentiel pour vivre.\" \/>\n<meta property=\"og:url\" content=\"https:\/\/acninternational.org\/fr\/le-mozambique-a-besoin-dune-aide-internationale-pour-resoudre-la-crise-au-cabo-delgado-declare-leveque-de-tete\/\" \/>\n<meta property=\"og:site_name\" content=\"ACN International\" \/>\n<meta property=\"article:publisher\" content=\"https:\/\/www.facebook.com\/acninternationalorg\" \/>\n<meta property=\"article:published_time\" content=\"2025-06-18T12:41:53+00:00\" \/>\n<meta property=\"article:modified_time\" content=\"2025-08-19T13:55:31+00:00\" \/>\n<meta property=\"og:image\" content=\"https:\/\/media.acninternational.org\/wp-content\/uploads\/2025\/06\/ACN-20250116-179263.jpg\" \/>\n\t<meta property=\"og:image:width\" content=\"1920\" \/>\n\t<meta property=\"og:image:height\" content=\"700\" \/>\n\t<meta property=\"og:image:type\" content=\"image\/jpeg\" \/>\n<meta name=\"author\" content=\"Paulo Aido\" \/>\n<meta name=\"twitter:card\" content=\"summary_large_image\" \/>\n<meta name=\"twitter:creator\" content=\"@acn_int\" \/>\n<meta name=\"twitter:site\" content=\"@acn_int\" \/>\n<meta name=\"twitter:label1\" content=\"\u00c9crit par\" \/>\n\t<meta name=\"twitter:data1\" content=\"Paulo Aido\" \/>\n\t<meta name=\"twitter:label2\" content=\"Dur\u00e9e de lecture estim\u00e9e\" \/>\n\t<meta name=\"twitter:data2\" content=\"4 minutes\" \/>\n<script type=\"application\/ld+json\" class=\"yoast-schema-graph\">{\"@context\":\"https:\\\/\\\/schema.org\",\"@graph\":[{\"@type\":\"Article\",\"@id\":\"https:\\\/\\\/acninternational.org\\\/fr\\\/le-mozambique-a-besoin-dune-aide-internationale-pour-resoudre-la-crise-au-cabo-delgado-declare-leveque-de-tete\\\/#article\",\"isPartOf\":{\"@id\":\"https:\\\/\\\/acninternational.org\\\/fr\\\/le-mozambique-a-besoin-dune-aide-internationale-pour-resoudre-la-crise-au-cabo-delgado-declare-leveque-de-tete\\\/\"},\"author\":{\"name\":\"Paulo Aido\",\"@id\":\"https:\\\/\\\/acninternational.org\\\/fr\\\/#\\\/schema\\\/person\\\/74d18921c1d8be9ca663e4035d1fce84\"},\"headline\":\"\u00ab Le Mozambique a besoin d\u2019une aide internationale pour r\u00e9soudre la crise au Cabo Delgado \u00bb, d\u00e9clare l\u2019\u00e9v\u00eaque de Tete\",\"datePublished\":\"2025-06-18T12:41:53+00:00\",\"dateModified\":\"2025-08-19T13:55:31+00:00\",\"mainEntityOfPage\":{\"@id\":\"https:\\\/\\\/acninternational.org\\\/fr\\\/le-mozambique-a-besoin-dune-aide-internationale-pour-resoudre-la-crise-au-cabo-delgado-declare-leveque-de-tete\\\/\"},\"wordCount\":824,\"publisher\":{\"@id\":\"https:\\\/\\\/acninternational.org\\\/fr\\\/#organization\"},\"image\":{\"@id\":\"https:\\\/\\\/acninternational.org\\\/fr\\\/le-mozambique-a-besoin-dune-aide-internationale-pour-resoudre-la-crise-au-cabo-delgado-declare-leveque-de-tete\\\/#primaryimage\"},\"thumbnailUrl\":\"https:\\\/\\\/media.acninternational.org\\\/wp-content\\\/uploads\\\/2025\\\/06\\\/ACN-20250116-179263.jpg\",\"articleSection\":[\"FEATURED\"],\"inLanguage\":\"fr-FR\"},{\"@type\":\"WebPage\",\"@id\":\"https:\\\/\\\/acninternational.org\\\/fr\\\/le-mozambique-a-besoin-dune-aide-internationale-pour-resoudre-la-crise-au-cabo-delgado-declare-leveque-de-tete\\\/\",\"url\":\"https:\\\/\\\/acninternational.org\\\/fr\\\/le-mozambique-a-besoin-dune-aide-internationale-pour-resoudre-la-crise-au-cabo-delgado-declare-leveque-de-tete\\\/\",\"name\":\"\u00ab Le Mozambique a besoin d\u2019une aide internationale pour r\u00e9soudre la crise au Cabo Delgado \u00bb, d\u00e9clare l\u2019\u00e9v\u00eaque de Tete | ACN International\",\"isPartOf\":{\"@id\":\"https:\\\/\\\/acninternational.org\\\/fr\\\/#website\"},\"primaryImageOfPage\":{\"@id\":\"https:\\\/\\\/acninternational.org\\\/fr\\\/le-mozambique-a-besoin-dune-aide-internationale-pour-resoudre-la-crise-au-cabo-delgado-declare-leveque-de-tete\\\/#primaryimage\"},\"image\":{\"@id\":\"https:\\\/\\\/acninternational.org\\\/fr\\\/le-mozambique-a-besoin-dune-aide-internationale-pour-resoudre-la-crise-au-cabo-delgado-declare-leveque-de-tete\\\/#primaryimage\"},\"thumbnailUrl\":\"https:\\\/\\\/media.acninternational.org\\\/wp-content\\\/uploads\\\/2025\\\/06\\\/ACN-20250116-179263.jpg\",\"datePublished\":\"2025-06-18T12:41:53+00:00\",\"dateModified\":\"2025-08-19T13:55:31+00:00\",\"description\":\"Les personnes d\u00e9plac\u00e9es vivent dans une situation tr\u00e8s pr\u00e9caire et difficile. Elles manquent souvent de l\u2019essentiel pour vivre.\",\"breadcrumb\":{\"@id\":\"https:\\\/\\\/acninternational.org\\\/fr\\\/le-mozambique-a-besoin-dune-aide-internationale-pour-resoudre-la-crise-au-cabo-delgado-declare-leveque-de-tete\\\/#breadcrumb\"},\"inLanguage\":\"fr-FR\",\"potentialAction\":[{\"@type\":\"ReadAction\",\"target\":[\"https:\\\/\\\/acninternational.org\\\/fr\\\/le-mozambique-a-besoin-dune-aide-internationale-pour-resoudre-la-crise-au-cabo-delgado-declare-leveque-de-tete\\\/\"]}]},{\"@type\":\"ImageObject\",\"inLanguage\":\"fr-FR\",\"@id\":\"https:\\\/\\\/acninternational.org\\\/fr\\\/le-mozambique-a-besoin-dune-aide-internationale-pour-resoudre-la-crise-au-cabo-delgado-declare-leveque-de-tete\\\/#primaryimage\",\"url\":\"https:\\\/\\\/media.acninternational.org\\\/wp-content\\\/uploads\\\/2025\\\/06\\\/ACN-20250116-179263.jpg\",\"contentUrl\":\"https:\\\/\\\/media.acninternational.org\\\/wp-content\\\/uploads\\\/2025\\\/06\\\/ACN-20250116-179263.jpg\",\"width\":1920,\"height\":700},{\"@type\":\"BreadcrumbList\",\"@id\":\"https:\\\/\\\/acninternational.org\\\/fr\\\/le-mozambique-a-besoin-dune-aide-internationale-pour-resoudre-la-crise-au-cabo-delgado-declare-leveque-de-tete\\\/#breadcrumb\",\"itemListElement\":[{\"@type\":\"ListItem\",\"position\":1,\"name\":\"Home\",\"item\":\"https:\\\/\\\/acninternational.org\\\/fr\\\/\"},{\"@type\":\"ListItem\",\"position\":2,\"name\":\"FEATURED\",\"item\":\"https:\\\/\\\/acninternational.org\\\/fr\\\/category\\\/featured-fr\\\/\"},{\"@type\":\"ListItem\",\"position\":3,\"name\":\"\u00ab Le Mozambique a besoin d\u2019une aide internationale pour r\u00e9soudre la crise au Cabo Delgado \u00bb, d\u00e9clare l\u2019\u00e9v\u00eaque de Tete\"}]},{\"@type\":\"WebSite\",\"@id\":\"https:\\\/\\\/acninternational.org\\\/fr\\\/#website\",\"url\":\"https:\\\/\\\/acninternational.org\\\/fr\\\/\",\"name\":\"ACN International\",\"description\":\"\",\"publisher\":{\"@id\":\"https:\\\/\\\/acninternational.org\\\/fr\\\/#organization\"},\"potentialAction\":[{\"@type\":\"SearchAction\",\"target\":{\"@type\":\"EntryPoint\",\"urlTemplate\":\"https:\\\/\\\/acninternational.org\\\/fr\\\/?s={search_term_string}\"},\"query-input\":{\"@type\":\"PropertyValueSpecification\",\"valueRequired\":true,\"valueName\":\"search_term_string\"}}],\"inLanguage\":\"fr-FR\"},{\"@type\":\"Organization\",\"@id\":\"https:\\\/\\\/acninternational.org\\\/fr\\\/#organization\",\"name\":\"Aid to the Church in Need International\",\"url\":\"https:\\\/\\\/acninternational.org\\\/fr\\\/\",\"logo\":{\"@type\":\"ImageObject\",\"inLanguage\":\"fr-FR\",\"@id\":\"https:\\\/\\\/acninternational.org\\\/fr\\\/#\\\/schema\\\/logo\\\/image\\\/\",\"url\":\"https:\\\/\\\/media.acninternational.org\\\/wp-content\\\/uploads\\\/2019\\\/11\\\/acn_logo_blackvector.svg\",\"contentUrl\":\"https:\\\/\\\/media.acninternational.org\\\/wp-content\\\/uploads\\\/2019\\\/11\\\/acn_logo_blackvector.svg\",\"width\":232.6,\"height\":78,\"caption\":\"Aid to the Church in Need International\"},\"image\":{\"@id\":\"https:\\\/\\\/acninternational.org\\\/fr\\\/#\\\/schema\\\/logo\\\/image\\\/\"},\"sameAs\":[\"https:\\\/\\\/www.facebook.com\\\/acninternationalorg\",\"https:\\\/\\\/x.com\\\/acn_int\",\"https:\\\/\\\/www.youtube.com\\\/channel\\\/UCQ-077gS0TnVzkhHmf1opZw\",\"https:\\\/\\\/www.instagram.com\\\/acn_international\\\/\"]},{\"@type\":\"Person\",\"@id\":\"https:\\\/\\\/acninternational.org\\\/fr\\\/#\\\/schema\\\/person\\\/74d18921c1d8be9ca663e4035d1fce84\",\"name\":\"Paulo Aido\",\"description\":\"Lorem ipsum dolor sit amet, consectetur adipiscing elit, sed do eiusmod tempor incididunt ut labore et dolore magna aliqua. Ut enim ad minim veniam, quis nostrud exercitation ullamco laboris nisi ut aliquip ex ea commodo consequat.\",\"url\":\"https:\\\/\\\/acninternational.org\\\/fr\\\/author\\\/paulo-aido\\\/\"}]}<\/script>\n<!-- \/ Yoast SEO Premium plugin. -->","yoast_head_json":{"title":"\u00ab Le Mozambique a besoin d\u2019une aide internationale pour r\u00e9soudre la crise au Cabo Delgado \u00bb, d\u00e9clare l\u2019\u00e9v\u00eaque de Tete | ACN International","description":"Les personnes d\u00e9plac\u00e9es vivent dans une situation tr\u00e8s pr\u00e9caire et difficile. Elles manquent souvent de l\u2019essentiel pour vivre.","robots":{"index":"index","follow":"follow","max-snippet":"max-snippet:-1","max-image-preview":"max-image-preview:large","max-video-preview":"max-video-preview:-1"},"canonical":"https:\/\/acninternational.org\/fr\/le-mozambique-a-besoin-dune-aide-internationale-pour-resoudre-la-crise-au-cabo-delgado-declare-leveque-de-tete\/","og_locale":"fr_FR","og_type":"article","og_title":"\u00ab Le Mozambique a besoin d\u2019une aide internationale pour r\u00e9soudre la crise au Cabo Delgado \u00bb, d\u00e9clare l\u2019\u00e9v\u00eaque de Tete","og_description":"Les personnes d\u00e9plac\u00e9es vivent dans une situation tr\u00e8s pr\u00e9caire et difficile. Elles manquent souvent de l\u2019essentiel pour vivre.","og_url":"https:\/\/acninternational.org\/fr\/le-mozambique-a-besoin-dune-aide-internationale-pour-resoudre-la-crise-au-cabo-delgado-declare-leveque-de-tete\/","og_site_name":"ACN International","article_publisher":"https:\/\/www.facebook.com\/acninternationalorg","article_published_time":"2025-06-18T12:41:53+00:00","article_modified_time":"2025-08-19T13:55:31+00:00","og_image":[{"width":1920,"height":700,"url":"https:\/\/media.acninternational.org\/wp-content\/uploads\/2025\/06\/ACN-20250116-179263.jpg","type":"image\/jpeg"}],"author":"Paulo Aido","twitter_card":"summary_large_image","twitter_creator":"@acn_int","twitter_site":"@acn_int","twitter_misc":{"\u00c9crit par":"Paulo Aido","Dur\u00e9e de lecture estim\u00e9e":"4 minutes"},"schema":{"@context":"https:\/\/schema.org","@graph":[{"@type":"Article","@id":"https:\/\/acninternational.org\/fr\/le-mozambique-a-besoin-dune-aide-internationale-pour-resoudre-la-crise-au-cabo-delgado-declare-leveque-de-tete\/#article","isPartOf":{"@id":"https:\/\/acninternational.org\/fr\/le-mozambique-a-besoin-dune-aide-internationale-pour-resoudre-la-crise-au-cabo-delgado-declare-leveque-de-tete\/"},"author":{"name":"Paulo Aido","@id":"https:\/\/acninternational.org\/fr\/#\/schema\/person\/74d18921c1d8be9ca663e4035d1fce84"},"headline":"\u00ab Le Mozambique a besoin d\u2019une aide internationale pour r\u00e9soudre la crise au Cabo Delgado \u00bb, d\u00e9clare l\u2019\u00e9v\u00eaque de Tete","datePublished":"2025-06-18T12:41:53+00:00","dateModified":"2025-08-19T13:55:31+00:00","mainEntityOfPage":{"@id":"https:\/\/acninternational.org\/fr\/le-mozambique-a-besoin-dune-aide-internationale-pour-resoudre-la-crise-au-cabo-delgado-declare-leveque-de-tete\/"},"wordCount":824,"publisher":{"@id":"https:\/\/acninternational.org\/fr\/#organization"},"image":{"@id":"https:\/\/acninternational.org\/fr\/le-mozambique-a-besoin-dune-aide-internationale-pour-resoudre-la-crise-au-cabo-delgado-declare-leveque-de-tete\/#primaryimage"},"thumbnailUrl":"https:\/\/media.acninternational.org\/wp-content\/uploads\/2025\/06\/ACN-20250116-179263.jpg","articleSection":["FEATURED"],"inLanguage":"fr-FR"},{"@type":"WebPage","@id":"https:\/\/acninternational.org\/fr\/le-mozambique-a-besoin-dune-aide-internationale-pour-resoudre-la-crise-au-cabo-delgado-declare-leveque-de-tete\/","url":"https:\/\/acninternational.org\/fr\/le-mozambique-a-besoin-dune-aide-internationale-pour-resoudre-la-crise-au-cabo-delgado-declare-leveque-de-tete\/","name":"\u00ab Le Mozambique a besoin d\u2019une aide internationale pour r\u00e9soudre la crise au Cabo Delgado \u00bb, d\u00e9clare l\u2019\u00e9v\u00eaque de Tete | ACN International","isPartOf":{"@id":"https:\/\/acninternational.org\/fr\/#website"},"primaryImageOfPage":{"@id":"https:\/\/acninternational.org\/fr\/le-mozambique-a-besoin-dune-aide-internationale-pour-resoudre-la-crise-au-cabo-delgado-declare-leveque-de-tete\/#primaryimage"},"image":{"@id":"https:\/\/acninternational.org\/fr\/le-mozambique-a-besoin-dune-aide-internationale-pour-resoudre-la-crise-au-cabo-delgado-declare-leveque-de-tete\/#primaryimage"},"thumbnailUrl":"https:\/\/media.acninternational.org\/wp-content\/uploads\/2025\/06\/ACN-20250116-179263.jpg","datePublished":"2025-06-18T12:41:53+00:00","dateModified":"2025-08-19T13:55:31+00:00","description":"Les personnes d\u00e9plac\u00e9es vivent dans une situation tr\u00e8s pr\u00e9caire et difficile. Elles manquent souvent de l\u2019essentiel pour vivre.","breadcrumb":{"@id":"https:\/\/acninternational.org\/fr\/le-mozambique-a-besoin-dune-aide-internationale-pour-resoudre-la-crise-au-cabo-delgado-declare-leveque-de-tete\/#breadcrumb"},"inLanguage":"fr-FR","potentialAction":[{"@type":"ReadAction","target":["https:\/\/acninternational.org\/fr\/le-mozambique-a-besoin-dune-aide-internationale-pour-resoudre-la-crise-au-cabo-delgado-declare-leveque-de-tete\/"]}]},{"@type":"ImageObject","inLanguage":"fr-FR","@id":"https:\/\/acninternational.org\/fr\/le-mozambique-a-besoin-dune-aide-internationale-pour-resoudre-la-crise-au-cabo-delgado-declare-leveque-de-tete\/#primaryimage","url":"https:\/\/media.acninternational.org\/wp-content\/uploads\/2025\/06\/ACN-20250116-179263.jpg","contentUrl":"https:\/\/media.acninternational.org\/wp-content\/uploads\/2025\/06\/ACN-20250116-179263.jpg","width":1920,"height":700},{"@type":"BreadcrumbList","@id":"https:\/\/acninternational.org\/fr\/le-mozambique-a-besoin-dune-aide-internationale-pour-resoudre-la-crise-au-cabo-delgado-declare-leveque-de-tete\/#breadcrumb","itemListElement":[{"@type":"ListItem","position":1,"name":"Home","item":"https:\/\/acninternational.org\/fr\/"},{"@type":"ListItem","position":2,"name":"FEATURED","item":"https:\/\/acninternational.org\/fr\/category\/featured-fr\/"},{"@type":"ListItem","position":3,"name":"\u00ab Le Mozambique a besoin d\u2019une aide internationale pour r\u00e9soudre la crise au Cabo Delgado \u00bb, d\u00e9clare l\u2019\u00e9v\u00eaque de Tete"}]},{"@type":"WebSite","@id":"https:\/\/acninternational.org\/fr\/#website","url":"https:\/\/acninternational.org\/fr\/","name":"ACN International","description":"","publisher":{"@id":"https:\/\/acninternational.org\/fr\/#organization"},"potentialAction":[{"@type":"SearchAction","target":{"@type":"EntryPoint","urlTemplate":"https:\/\/acninternational.org\/fr\/?s={search_term_string}"},"query-input":{"@type":"PropertyValueSpecification","valueRequired":true,"valueName":"search_term_string"}}],"inLanguage":"fr-FR"},{"@type":"Organization","@id":"https:\/\/acninternational.org\/fr\/#organization","name":"Aid to the Church in Need International","url":"https:\/\/acninternational.org\/fr\/","logo":{"@type":"ImageObject","inLanguage":"fr-FR","@id":"https:\/\/acninternational.org\/fr\/#\/schema\/logo\/image\/","url":"https:\/\/media.acninternational.org\/wp-content\/uploads\/2019\/11\/acn_logo_blackvector.svg","contentUrl":"https:\/\/media.acninternational.org\/wp-content\/uploads\/2019\/11\/acn_logo_blackvector.svg","width":232.6,"height":78,"caption":"Aid to the Church in Need International"},"image":{"@id":"https:\/\/acninternational.org\/fr\/#\/schema\/logo\/image\/"},"sameAs":["https:\/\/www.facebook.com\/acninternationalorg","https:\/\/x.com\/acn_int","https:\/\/www.youtube.com\/channel\/UCQ-077gS0TnVzkhHmf1opZw","https:\/\/www.instagram.com\/acn_international\/"]},{"@type":"Person","@id":"https:\/\/acninternational.org\/fr\/#\/schema\/person\/74d18921c1d8be9ca663e4035d1fce84","name":"Paulo Aido","description":"Lorem ipsum dolor sit amet, consectetur adipiscing elit, sed do eiusmod tempor incididunt ut labore et dolore magna aliqua. Ut enim ad minim veniam, quis nostrud exercitation ullamco laboris nisi ut aliquip ex ea commodo consequat.","url":"https:\/\/acninternational.org\/fr\/author\/paulo-aido\/"}]}},"_links":{"self":[{"href":"https:\/\/acninternational.org\/fr\/wp-json\/wp\/v2\/posts\/248929","targetHints":{"allow":["GET"]}}],"collection":[{"href":"https:\/\/acninternational.org\/fr\/wp-json\/wp\/v2\/posts"}],"about":[{"href":"https:\/\/acninternational.org\/fr\/wp-json\/wp\/v2\/types\/post"}],"author":[{"embeddable":true,"href":"https:\/\/acninternational.org\/fr\/wp-json\/wp\/v2\/users\/4258341382"}],"replies":[{"embeddable":true,"href":"https:\/\/acninternational.org\/fr\/wp-json\/wp\/v2\/comments?post=248929"}],"version-history":[{"count":1,"href":"https:\/\/acninternational.org\/fr\/wp-json\/wp\/v2\/posts\/248929\/revisions"}],"predecessor-version":[{"id":252015,"href":"https:\/\/acninternational.org\/fr\/wp-json\/wp\/v2\/posts\/248929\/revisions\/252015"}],"wp:featuredmedia":[{"embeddable":true,"href":"https:\/\/acninternational.org\/fr\/wp-json\/wp\/v2\/media\/248902"}],"wp:attachment":[{"href":"https:\/\/acninternational.org\/fr\/wp-json\/wp\/v2\/media?parent=248929"}],"wp:term":[{"taxonomy":"category","embeddable":true,"href":"https:\/\/acninternational.org\/fr\/wp-json\/wp\/v2\/categories?post=248929"},{"taxonomy":"post_tag","embeddable":true,"href":"https:\/\/acninternational.org\/fr\/wp-json\/wp\/v2\/tags?post=248929"},{"taxonomy":"country","embeddable":true,"href":"https:\/\/acninternational.org\/fr\/wp-json\/wp\/v2\/country?post=248929"}],"curies":[{"name":"wp","href":"https:\/\/api.w.org\/{rel}","templated":true}]}}