{"id":247902,"date":"2025-04-15T16:07:12","date_gmt":"2025-04-15T14:07:12","guid":{"rendered":"https:\/\/acninternational.org\/?p=244252"},"modified":"2025-08-19T15:48:58","modified_gmt":"2025-08-19T13:48:58","slug":"un-nouveau-livre-presente-les-martyrs-du-xxie-siecle","status":"publish","type":"post","link":"https:\/\/acninternational.org\/fr\/un-nouveau-livre-presente-les-martyrs-du-xxie-siecle\/","title":{"rendered":"Un nouveau livre pr\u00e9sente les martyrs du XXIe si\u00e8cle"},"content":{"rendered":"<p><em>A l\u2019invitation de ACN, Robert Royal a \u00e9crit un livre sur les chr\u00e9tiens pers\u00e9cut\u00e9s au cours de ces vingt-cinq derni\u00e8res ann\u00e9es. Le m\u00eame auteur avait r\u00e9dig\u00e9 un livre sur les martyrs du XX<sup>e<\/sup> si\u00e8cle, publi\u00e9 en l\u2019an 2000.<\/em><\/p>\n<p>Alors que l\u2019Eglise s\u2019appr\u00eatait \u00e0 franchir le seuil du troisi\u00e8me mill\u00e9naire, le pape Jean-Paul\u00a0II a organis\u00e9 une c\u00e9l\u00e9bration mondiale pour comm\u00e9morer les deux mille ans d\u2019histoire depuis l\u2019Incarnation. Un aspect central de cette ann\u00e9e jubilaire a \u00e9t\u00e9 la profonde reconnaissance des martyrs chr\u00e9tiens \u00e0 travers les si\u00e8cles, ceux qui ont t\u00e9moign\u00e9 de leur foi au prix de leur vie.<\/p>\n<p>Parmi les personnes qui ont contribu\u00e9 \u00e0 cette mise \u00e0 l\u2019honneur, figurait Robert Royal, pr\u00e9sident du <em>Faith and Reason Institute de Washington, D.C.,<\/em> qui a publi\u00e9 une \u00e9tude de r\u00e9f\u00e9rence sur les martyrs du XX<sup>e<\/sup>\u00a0si\u00e8cle. Ses recherches laissent entendre que davantage de chr\u00e9tiens ont vers\u00e9 leur sang au XX<sup>e<\/sup> si\u00e8cle qu\u2019au cours de l\u2019ensemble des 19 si\u00e8cles pr\u00e9c\u00e9dents.<\/p>\n<p>En se rem\u00e9morant l\u2019impact de ce travail, R. Royal raconte ceci\u00a0: \u00ab\u00a0Je me souviens qu\u2019une fois, \u00e0 la fin d\u2019une pr\u00e9sentation, une femme s\u2019est lev\u00e9e et m\u2019a demand\u00e9\u00a0: \u201cN&rsquo;\u00e9tiez-vous pas d\u00e9prim\u00e9 en \u00e9crivant sur tous ces martyrs et sur les terribles tortures qu\u2019ils ont subies\u00a0?\u201d Je l\u2019ai regard\u00e9e et lui ai r\u00e9pondu\u00a0: \u201cCela ne m\u2019a jamais travers\u00e9 l\u2019esprit. J\u2019ai l\u2019impression de n\u2019avoir jamais pass\u00e9 autant de temps avec de tels \u00eatres humains h\u00e9ro\u00efques et profond\u00e9ment bons. Ils priaient pour ceux-l\u00e0 m\u00eame qui \u00e9taient sur le point de les ex\u00e9cuter. Dans un monde o\u00f9 beaucoup consid\u00e8rent leur foi comme quelque chose d\u2019acquis, leur courage est tr\u00e8s inspirant\u201d.\u00a0\u00bb<\/p>\n<p>Aujourd\u2019hui, vingt-cinq ans plus tard, R. Royal publie un nouvel ouvrage, <strong><em>The Martyrs of the New Millennium<\/em><\/strong>, command\u00e9 par Aid to the Church in Need (ACN), une fondation pontificale fond\u00e9e en 1947 et qui vient en aide \u00e0 l\u2019Eglise souffrante et pers\u00e9cut\u00e9e et \u00e0 ses fid\u00e8les, dans plus de 140 pays. R. Royal pr\u00e9sentera son livre au Catholic Information Center, \u00e0 Washington, D.C., le 16 avril, et \u00e0 l\u2019Universit\u00e9 pontificale Saint-Thomas d\u2019Aquin (l\u2019Angelicum), \u00e0 Rome, le 29 avril.<\/p>\n<figure id=\"attachment_244243\" aria-describedby=\"caption-attachment-244243\" style=\"width: 663px\" class=\"wp-caption aligncenter\"><img loading=\"lazy\" decoding=\"async\" class=\"wp-image-244243 size-large\" src=\"https:\/\/media.acninternational.org\/wp-content\/uploads\/2025\/07\/donation-red.png\" alt=\"La couverture du livre \u00ab Les martyrs du nouveau mill\u00e9naire \u00bb.\" width=\"663\" height=\"1024\" \/><figcaption id=\"caption-attachment-244243\" class=\"wp-caption-text\">La couverture du livre \u00ab Les martyrs du nouveau mill\u00e9naire \u00bb.<\/figcaption><\/figure>\n<p>Dans la pr\u00e9face du livre, George J. Malin, pr\u00e9sident de ACN aux Etats-Unis, \u00e9crit ceci\u00a0: \u00ab\u00a0Le volume m\u00eame des documents rassembl\u00e9s ici peut, \u00e0 premi\u00e8re vue, sembler \u00e9crasant. De nombreux chr\u00e9tiens dans le monde rencontrent quotidiennement une hostilit\u00e9 physique et sociale simplement parce qu\u2019ils sont identifi\u00e9s comme des croyants chr\u00e9tiens. Ils m\u00e9ritent notre attention et notre soutien.\u00a0\u00bb<\/p>\n<p>R. Royal reconna\u00eet qu\u2019il n\u2019avait pas l\u2019intention de se replonger dans ce sujet, \u00ab mais ACN m\u2019a fait valoir que, puisque le pape Fran\u00e7ois essayait de reproduire pour le jubil\u00e9 de 2025 ce que Jean-Paul II avait fait en l\u2019an 2000, cela valait la peine de le faire. Le pape Fran\u00e7ois voulait un bilan du premier quart de si\u00e8cle du nouveau mill\u00e9naire. \u00bb<\/p>\n<p>Immerg\u00e9 de nouveau dans des histoires de pers\u00e9cutions et des t\u00e9moignages, explique R.\u00a0Royal, \u00ab\u00a0vous \u00eates embarqu\u00e9 avec les personnes sur lesquelles vous \u00e9crivez. Et me pencher sur cette p\u00e9riode \u2013 m\u00eame sans balayer l\u2019ensemble des 25 ann\u00e9es du XXI<sup>e<\/sup>\u00a0si\u00e8cle \u2013 a \u00e9t\u00e9 une v\u00e9ritable r\u00e9v\u00e9lation.\u00a0\u00bb<\/p>\n<p>Alors que son premier livre \u00e9tait centr\u00e9 sur les martyrs des r\u00e9gimes communistes et fascistes, son nouveau volume se penche sur l\u2019augmentation de l\u2019islamisme radical \u00e0 travers l\u2019Afrique et l\u2019Asie du Sud-Est, et sur le crime organis\u00e9 dans des pays comme le Mexique.<\/p>\n<p>\u00ab\u00a0Actuellement, les cartels de la drogue ont fait du Mexique l\u2019endroit le plus dangereux sur la terre pour un pr\u00eatre catholique\u00a0\u00bb, note R. Royal. \u00ab\u00a0Ils n\u2019aiment pas que des pr\u00eatres ou des figures religieuses s\u2019opposent \u00e0 leurs op\u00e9rations.\u00a0\u00bb<\/p>\n<figure id=\"attachment_244343\" aria-describedby=\"caption-attachment-244343\" style=\"width: 800px\" class=\"wp-caption aligncenter\"><img loading=\"lazy\" decoding=\"async\" class=\"wp-image-244343 size-large\" src=\"https:\/\/acninternational.org\/wp-content\/uploads\/2025\/04\/ACN-20241010-172913-1024x683.jpg\" alt=\"De nombreux chr\u00e9tiens dans le monde rencontrent quotidiennement une hostilit\u00e9 physique et sociale simplement parce qu\u2019ils sont identifi\u00e9s comme des croyants chr\u00e9tiens.\" width=\"800\" height=\"534\" \/><figcaption id=\"caption-attachment-244343\" class=\"wp-caption-text\">De nombreux chr\u00e9tiens dans le monde rencontrent quotidiennement une hostilit\u00e9 physique et sociale simplement parce qu\u2019ils sont identifi\u00e9s comme des croyants chr\u00e9tiens.<\/figcaption><\/figure>\n<p>A la diff\u00e9rence de son travail pr\u00e9c\u00e9dent, qui s\u2019appuyait fortement sur des ouvrages sp\u00e9cialis\u00e9s et des archives du Vatican, <em>The Martyrs of the New Millenium<\/em> fait appel \u00e0 des reportages de terrain. \u00ab\u00a0Beaucoup d\u2019entre eux proviennent de rapports publi\u00e9s au quotidien par Aid to the Church in Need ou d\u2019autres organisations qui rendent compte des pers\u00e9cutions dans le monde\u00a0\u00bb, raconte-t-il.<\/p>\n<p>R. Royal a \u00e9t\u00e9 particuli\u00e8rement touch\u00e9 par la d\u00e9termination des martyrs africains. \u00ab Certains d\u2019entre eux savaient exactement ce \u00e0 quoi ils s\u2019exposaient et ont pers\u00e9v\u00e9r\u00e9 malgr\u00e9 tout, m\u00eame lorsqu\u2019on leur a dit qu\u2019ils avaient le choix entre la conversion \u00e0 l\u2019islam et la mort. Ce sont des gens en premi\u00e8re ligne, pr\u00eats \u00e0 mourir pour leur foi. \u00bb<\/p>\n<p>Un t\u00e9moignage particuli\u00e8rement fort est celui du P\u00e8re Vincent Machozi, pr\u00eatre assomptionniste de R\u00e9publique D\u00e9mocratique du Congo. Apr\u00e8s des \u00e9tudes \u00e0 l\u2019universit\u00e9 de Boston, le P. Machozi est retourn\u00e9 dans son pays natal, malgr\u00e9 le danger. Il a travaill\u00e9 \u00e0 sensibiliser l&rsquo;opinion publique aux atrocit\u00e9s commises dans le Nord Kivu. Le dimanche des Rameaux 2016, trois jours apr\u00e8s avoir publi\u00e9 un rapport montrant l\u2019implication des gouvernements congolais et rwandais dans les violences, dix soldats ont pris d\u2019assaut le b\u00e2timent o\u00f9 il logeait et l\u2019ont ex\u00e9cut\u00e9.<\/p>\n<p>\u00ab\u00a0Le P. Machozi a exerc\u00e9 un minist\u00e8re courageux \u2013 et m\u00eame intr\u00e9pide \u2013, en essayant de prot\u00e9ger les gens dans sa patrie, \u00e0 la fronti\u00e8re du Rwanda et de l\u2019Ouganda\u00a0\u00bb, \u00e9crit R. Royal. \u00ab\u00a0Il l\u2019a fait, en partie, parce que personne d\u2019autre ne faisait quoi que ce soit pour eux.\u00a0\u00bb<\/p>\n<p>Les personnes souhaitant commander le livre peuvent se rendre sur le site internet du <a href=\"https:\/\/sophiainstitute.com\/product\/the-martyrs-of-the-new-millennium\/\">Sophia Institute Press<\/a>.<\/p>\n<p>&nbsp;<\/p>\n","protected":false},"excerpt":{"rendered":"<p>A l\u2019invitation de ACN, Robert Royal a \u00e9crit un livre sur les chr\u00e9tiens pers\u00e9cut\u00e9s au cours de ces vingt-cinq derni\u00e8res ann\u00e9es<\/p>\n","protected":false},"author":4258341461,"featured_media":252148,"comment_status":"closed","ping_status":"closed","sticky":false,"template":"","format":"standard","meta":{"_acf_changed":false,"_acn_coauthor_ids":[],"_acn_featured_article":false,"footnotes":""},"categories":[919],"tags":[],"country":[1384],"class_list":["post-247902","post","type-post","status-publish","format-standard","has-post-thumbnail","hentry","category-nouvelle","country-international-fr"],"acn_coauthors":[],"acf":[],"yoast_head":"<!-- This site is optimized with the Yoast SEO Premium plugin v27.5 (Yoast SEO v27.5) - https:\/\/yoast.com\/product\/yoast-seo-premium-wordpress\/ -->\n<title>Un nouveau livre pr\u00e9sente les martyrs du XXIe si\u00e8cle | ACN International<\/title>\n<meta name=\"description\" content=\"A l\u2019invitation de ACN, Robert Royal a \u00e9crit un livre sur les chr\u00e9tiens pers\u00e9cut\u00e9s au cours de ces vingt-cinq derni\u00e8res ann\u00e9es.\" \/>\n<meta name=\"robots\" content=\"index, follow, max-snippet:-1, max-image-preview:large, max-video-preview:-1\" \/>\n<link rel=\"canonical\" href=\"https:\/\/acninternational.org\/fr\/un-nouveau-livre-presente-les-martyrs-du-xxie-siecle\/\" \/>\n<meta property=\"og:locale\" content=\"fr_FR\" \/>\n<meta property=\"og:type\" content=\"article\" \/>\n<meta property=\"og:title\" content=\"Un nouveau livre pr\u00e9sente les martyrs du XXIe si\u00e8cle\" \/>\n<meta property=\"og:description\" content=\"A l\u2019invitation de ACN, Robert Royal a \u00e9crit un livre sur les chr\u00e9tiens pers\u00e9cut\u00e9s au cours de ces vingt-cinq derni\u00e8res ann\u00e9es.\" \/>\n<meta property=\"og:url\" content=\"https:\/\/acninternational.org\/fr\/un-nouveau-livre-presente-les-martyrs-du-xxie-siecle\/\" \/>\n<meta property=\"og:site_name\" content=\"ACN International\" \/>\n<meta property=\"article:publisher\" content=\"https:\/\/www.facebook.com\/acninternationalorg\" \/>\n<meta property=\"article:published_time\" content=\"2025-04-15T14:07:12+00:00\" \/>\n<meta property=\"article:modified_time\" content=\"2025-08-19T13:48:58+00:00\" \/>\n<meta property=\"og:image\" content=\"https:\/\/media.acninternational.org\/wp-content\/uploads\/2025\/04\/ACN-20180226-68148.jpg\" \/>\n\t<meta property=\"og:image:width\" content=\"1920\" \/>\n\t<meta property=\"og:image:height\" content=\"700\" \/>\n\t<meta property=\"og:image:type\" content=\"image\/jpeg\" \/>\n<meta name=\"author\" content=\"John Burger\" \/>\n<meta name=\"twitter:card\" content=\"summary_large_image\" \/>\n<meta name=\"twitter:creator\" content=\"@https:\/\/x.com\/JohnBurger\" \/>\n<meta name=\"twitter:site\" content=\"@acn_int\" \/>\n<meta name=\"twitter:label1\" content=\"\u00c9crit par\" \/>\n\t<meta name=\"twitter:data1\" content=\"John Burger\" \/>\n\t<meta name=\"twitter:label2\" content=\"Dur\u00e9e de lecture estim\u00e9e\" \/>\n\t<meta name=\"twitter:data2\" content=\"5 minutes\" \/>\n<script type=\"application\/ld+json\" class=\"yoast-schema-graph\">{\"@context\":\"https:\\\/\\\/schema.org\",\"@graph\":[{\"@type\":\"Article\",\"@id\":\"https:\\\/\\\/acninternational.org\\\/fr\\\/un-nouveau-livre-presente-les-martyrs-du-xxie-siecle\\\/#article\",\"isPartOf\":{\"@id\":\"https:\\\/\\\/acninternational.org\\\/fr\\\/un-nouveau-livre-presente-les-martyrs-du-xxie-siecle\\\/\"},\"author\":{\"name\":\"John Burger\",\"@id\":\"https:\\\/\\\/acninternational.org\\\/fr\\\/#\\\/schema\\\/person\\\/b42b8684e5819123b6699ed3f377ac93\"},\"headline\":\"Un nouveau livre pr\u00e9sente les martyrs du XXIe si\u00e8cle\",\"datePublished\":\"2025-04-15T14:07:12+00:00\",\"dateModified\":\"2025-08-19T13:48:58+00:00\",\"mainEntityOfPage\":{\"@id\":\"https:\\\/\\\/acninternational.org\\\/fr\\\/un-nouveau-livre-presente-les-martyrs-du-xxie-siecle\\\/\"},\"wordCount\":1046,\"publisher\":{\"@id\":\"https:\\\/\\\/acninternational.org\\\/fr\\\/#organization\"},\"image\":{\"@id\":\"https:\\\/\\\/acninternational.org\\\/fr\\\/un-nouveau-livre-presente-les-martyrs-du-xxie-siecle\\\/#primaryimage\"},\"thumbnailUrl\":\"https:\\\/\\\/media.acninternational.org\\\/wp-content\\\/uploads\\\/2025\\\/04\\\/ACN-20180226-68148.jpg\",\"articleSection\":[\"Nouvelle\"],\"inLanguage\":\"fr-FR\"},{\"@type\":\"WebPage\",\"@id\":\"https:\\\/\\\/acninternational.org\\\/fr\\\/un-nouveau-livre-presente-les-martyrs-du-xxie-siecle\\\/\",\"url\":\"https:\\\/\\\/acninternational.org\\\/fr\\\/un-nouveau-livre-presente-les-martyrs-du-xxie-siecle\\\/\",\"name\":\"Un nouveau livre pr\u00e9sente les martyrs du XXIe si\u00e8cle | ACN International\",\"isPartOf\":{\"@id\":\"https:\\\/\\\/acninternational.org\\\/fr\\\/#website\"},\"primaryImageOfPage\":{\"@id\":\"https:\\\/\\\/acninternational.org\\\/fr\\\/un-nouveau-livre-presente-les-martyrs-du-xxie-siecle\\\/#primaryimage\"},\"image\":{\"@id\":\"https:\\\/\\\/acninternational.org\\\/fr\\\/un-nouveau-livre-presente-les-martyrs-du-xxie-siecle\\\/#primaryimage\"},\"thumbnailUrl\":\"https:\\\/\\\/media.acninternational.org\\\/wp-content\\\/uploads\\\/2025\\\/04\\\/ACN-20180226-68148.jpg\",\"datePublished\":\"2025-04-15T14:07:12+00:00\",\"dateModified\":\"2025-08-19T13:48:58+00:00\",\"description\":\"A l\u2019invitation de ACN, Robert Royal a \u00e9crit un livre sur les chr\u00e9tiens pers\u00e9cut\u00e9s au cours de ces vingt-cinq derni\u00e8res ann\u00e9es.\",\"breadcrumb\":{\"@id\":\"https:\\\/\\\/acninternational.org\\\/fr\\\/un-nouveau-livre-presente-les-martyrs-du-xxie-siecle\\\/#breadcrumb\"},\"inLanguage\":\"fr-FR\",\"potentialAction\":[{\"@type\":\"ReadAction\",\"target\":[\"https:\\\/\\\/acninternational.org\\\/fr\\\/un-nouveau-livre-presente-les-martyrs-du-xxie-siecle\\\/\"]}]},{\"@type\":\"ImageObject\",\"inLanguage\":\"fr-FR\",\"@id\":\"https:\\\/\\\/acninternational.org\\\/fr\\\/un-nouveau-livre-presente-les-martyrs-du-xxie-siecle\\\/#primaryimage\",\"url\":\"https:\\\/\\\/media.acninternational.org\\\/wp-content\\\/uploads\\\/2025\\\/04\\\/ACN-20180226-68148.jpg\",\"contentUrl\":\"https:\\\/\\\/media.acninternational.org\\\/wp-content\\\/uploads\\\/2025\\\/04\\\/ACN-20180226-68148.jpg\",\"width\":1920,\"height\":700},{\"@type\":\"BreadcrumbList\",\"@id\":\"https:\\\/\\\/acninternational.org\\\/fr\\\/un-nouveau-livre-presente-les-martyrs-du-xxie-siecle\\\/#breadcrumb\",\"itemListElement\":[{\"@type\":\"ListItem\",\"position\":1,\"name\":\"Home\",\"item\":\"https:\\\/\\\/acninternational.org\\\/fr\\\/\"},{\"@type\":\"ListItem\",\"position\":2,\"name\":\"Nouvelles\",\"item\":\"https:\\\/\\\/acninternational.org\\\/fr\\\/category\\\/news-fr\\\/\"},{\"@type\":\"ListItem\",\"position\":3,\"name\":\"Un nouveau livre pr\u00e9sente les martyrs du XXIe si\u00e8cle\"}]},{\"@type\":\"WebSite\",\"@id\":\"https:\\\/\\\/acninternational.org\\\/fr\\\/#website\",\"url\":\"https:\\\/\\\/acninternational.org\\\/fr\\\/\",\"name\":\"ACN International\",\"description\":\"\",\"publisher\":{\"@id\":\"https:\\\/\\\/acninternational.org\\\/fr\\\/#organization\"},\"potentialAction\":[{\"@type\":\"SearchAction\",\"target\":{\"@type\":\"EntryPoint\",\"urlTemplate\":\"https:\\\/\\\/acninternational.org\\\/fr\\\/?s={search_term_string}\"},\"query-input\":{\"@type\":\"PropertyValueSpecification\",\"valueRequired\":true,\"valueName\":\"search_term_string\"}}],\"inLanguage\":\"fr-FR\"},{\"@type\":\"Organization\",\"@id\":\"https:\\\/\\\/acninternational.org\\\/fr\\\/#organization\",\"name\":\"Aid to the Church in Need International\",\"url\":\"https:\\\/\\\/acninternational.org\\\/fr\\\/\",\"logo\":{\"@type\":\"ImageObject\",\"inLanguage\":\"fr-FR\",\"@id\":\"https:\\\/\\\/acninternational.org\\\/fr\\\/#\\\/schema\\\/logo\\\/image\\\/\",\"url\":\"https:\\\/\\\/media.acninternational.org\\\/wp-content\\\/uploads\\\/2019\\\/11\\\/acn_logo_blackvector.svg\",\"contentUrl\":\"https:\\\/\\\/media.acninternational.org\\\/wp-content\\\/uploads\\\/2019\\\/11\\\/acn_logo_blackvector.svg\",\"width\":232.6,\"height\":78,\"caption\":\"Aid to the Church in Need International\"},\"image\":{\"@id\":\"https:\\\/\\\/acninternational.org\\\/fr\\\/#\\\/schema\\\/logo\\\/image\\\/\"},\"sameAs\":[\"https:\\\/\\\/www.facebook.com\\\/acninternationalorg\",\"https:\\\/\\\/x.com\\\/acn_int\",\"https:\\\/\\\/www.youtube.com\\\/channel\\\/UCQ-077gS0TnVzkhHmf1opZw\",\"https:\\\/\\\/www.instagram.com\\\/acn_international\\\/\"]},{\"@type\":\"Person\",\"@id\":\"https:\\\/\\\/acninternational.org\\\/fr\\\/#\\\/schema\\\/person\\\/b42b8684e5819123b6699ed3f377ac93\",\"name\":\"John Burger\",\"description\":\"John Burger is communications consultant to Aid to the Church in Need-USA. A native of New York, he spent several years teaching internationally, and the next 32 years in Catholic journalism in the United States. He is author of the 2023 book At the Foot of the Cross: Lessons from Ukraine.\",\"sameAs\":[\"https:\\\/\\\/x.com\\\/https:\\\/\\\/x.com\\\/JohnBurger\"],\"url\":\"https:\\\/\\\/acninternational.org\\\/fr\\\/author\\\/john-burger\\\/\"}]}<\/script>\n<!-- \/ Yoast SEO Premium plugin. -->","yoast_head_json":{"title":"Un nouveau livre pr\u00e9sente les martyrs du XXIe si\u00e8cle | ACN International","description":"A l\u2019invitation de ACN, Robert Royal a \u00e9crit un livre sur les chr\u00e9tiens pers\u00e9cut\u00e9s au cours de ces vingt-cinq derni\u00e8res ann\u00e9es.","robots":{"index":"index","follow":"follow","max-snippet":"max-snippet:-1","max-image-preview":"max-image-preview:large","max-video-preview":"max-video-preview:-1"},"canonical":"https:\/\/acninternational.org\/fr\/un-nouveau-livre-presente-les-martyrs-du-xxie-siecle\/","og_locale":"fr_FR","og_type":"article","og_title":"Un nouveau livre pr\u00e9sente les martyrs du XXIe si\u00e8cle","og_description":"A l\u2019invitation de ACN, Robert Royal a \u00e9crit un livre sur les chr\u00e9tiens pers\u00e9cut\u00e9s au cours de ces vingt-cinq derni\u00e8res ann\u00e9es.","og_url":"https:\/\/acninternational.org\/fr\/un-nouveau-livre-presente-les-martyrs-du-xxie-siecle\/","og_site_name":"ACN International","article_publisher":"https:\/\/www.facebook.com\/acninternationalorg","article_published_time":"2025-04-15T14:07:12+00:00","article_modified_time":"2025-08-19T13:48:58+00:00","og_image":[{"width":1920,"height":700,"url":"https:\/\/media.acninternational.org\/wp-content\/uploads\/2025\/04\/ACN-20180226-68148.jpg","type":"image\/jpeg"}],"author":"John Burger","twitter_card":"summary_large_image","twitter_creator":"@https:\/\/x.com\/JohnBurger","twitter_site":"@acn_int","twitter_misc":{"\u00c9crit par":"John Burger","Dur\u00e9e de lecture estim\u00e9e":"5 minutes"},"schema":{"@context":"https:\/\/schema.org","@graph":[{"@type":"Article","@id":"https:\/\/acninternational.org\/fr\/un-nouveau-livre-presente-les-martyrs-du-xxie-siecle\/#article","isPartOf":{"@id":"https:\/\/acninternational.org\/fr\/un-nouveau-livre-presente-les-martyrs-du-xxie-siecle\/"},"author":{"name":"John Burger","@id":"https:\/\/acninternational.org\/fr\/#\/schema\/person\/b42b8684e5819123b6699ed3f377ac93"},"headline":"Un nouveau livre pr\u00e9sente les martyrs du XXIe si\u00e8cle","datePublished":"2025-04-15T14:07:12+00:00","dateModified":"2025-08-19T13:48:58+00:00","mainEntityOfPage":{"@id":"https:\/\/acninternational.org\/fr\/un-nouveau-livre-presente-les-martyrs-du-xxie-siecle\/"},"wordCount":1046,"publisher":{"@id":"https:\/\/acninternational.org\/fr\/#organization"},"image":{"@id":"https:\/\/acninternational.org\/fr\/un-nouveau-livre-presente-les-martyrs-du-xxie-siecle\/#primaryimage"},"thumbnailUrl":"https:\/\/media.acninternational.org\/wp-content\/uploads\/2025\/04\/ACN-20180226-68148.jpg","articleSection":["Nouvelle"],"inLanguage":"fr-FR"},{"@type":"WebPage","@id":"https:\/\/acninternational.org\/fr\/un-nouveau-livre-presente-les-martyrs-du-xxie-siecle\/","url":"https:\/\/acninternational.org\/fr\/un-nouveau-livre-presente-les-martyrs-du-xxie-siecle\/","name":"Un nouveau livre pr\u00e9sente les martyrs du XXIe si\u00e8cle | ACN International","isPartOf":{"@id":"https:\/\/acninternational.org\/fr\/#website"},"primaryImageOfPage":{"@id":"https:\/\/acninternational.org\/fr\/un-nouveau-livre-presente-les-martyrs-du-xxie-siecle\/#primaryimage"},"image":{"@id":"https:\/\/acninternational.org\/fr\/un-nouveau-livre-presente-les-martyrs-du-xxie-siecle\/#primaryimage"},"thumbnailUrl":"https:\/\/media.acninternational.org\/wp-content\/uploads\/2025\/04\/ACN-20180226-68148.jpg","datePublished":"2025-04-15T14:07:12+00:00","dateModified":"2025-08-19T13:48:58+00:00","description":"A l\u2019invitation de ACN, Robert Royal a \u00e9crit un livre sur les chr\u00e9tiens pers\u00e9cut\u00e9s au cours de ces vingt-cinq derni\u00e8res ann\u00e9es.","breadcrumb":{"@id":"https:\/\/acninternational.org\/fr\/un-nouveau-livre-presente-les-martyrs-du-xxie-siecle\/#breadcrumb"},"inLanguage":"fr-FR","potentialAction":[{"@type":"ReadAction","target":["https:\/\/acninternational.org\/fr\/un-nouveau-livre-presente-les-martyrs-du-xxie-siecle\/"]}]},{"@type":"ImageObject","inLanguage":"fr-FR","@id":"https:\/\/acninternational.org\/fr\/un-nouveau-livre-presente-les-martyrs-du-xxie-siecle\/#primaryimage","url":"https:\/\/media.acninternational.org\/wp-content\/uploads\/2025\/04\/ACN-20180226-68148.jpg","contentUrl":"https:\/\/media.acninternational.org\/wp-content\/uploads\/2025\/04\/ACN-20180226-68148.jpg","width":1920,"height":700},{"@type":"BreadcrumbList","@id":"https:\/\/acninternational.org\/fr\/un-nouveau-livre-presente-les-martyrs-du-xxie-siecle\/#breadcrumb","itemListElement":[{"@type":"ListItem","position":1,"name":"Home","item":"https:\/\/acninternational.org\/fr\/"},{"@type":"ListItem","position":2,"name":"Nouvelles","item":"https:\/\/acninternational.org\/fr\/category\/news-fr\/"},{"@type":"ListItem","position":3,"name":"Un nouveau livre pr\u00e9sente les martyrs du XXIe si\u00e8cle"}]},{"@type":"WebSite","@id":"https:\/\/acninternational.org\/fr\/#website","url":"https:\/\/acninternational.org\/fr\/","name":"ACN International","description":"","publisher":{"@id":"https:\/\/acninternational.org\/fr\/#organization"},"potentialAction":[{"@type":"SearchAction","target":{"@type":"EntryPoint","urlTemplate":"https:\/\/acninternational.org\/fr\/?s={search_term_string}"},"query-input":{"@type":"PropertyValueSpecification","valueRequired":true,"valueName":"search_term_string"}}],"inLanguage":"fr-FR"},{"@type":"Organization","@id":"https:\/\/acninternational.org\/fr\/#organization","name":"Aid to the Church in Need International","url":"https:\/\/acninternational.org\/fr\/","logo":{"@type":"ImageObject","inLanguage":"fr-FR","@id":"https:\/\/acninternational.org\/fr\/#\/schema\/logo\/image\/","url":"https:\/\/media.acninternational.org\/wp-content\/uploads\/2019\/11\/acn_logo_blackvector.svg","contentUrl":"https:\/\/media.acninternational.org\/wp-content\/uploads\/2019\/11\/acn_logo_blackvector.svg","width":232.6,"height":78,"caption":"Aid to the Church in Need International"},"image":{"@id":"https:\/\/acninternational.org\/fr\/#\/schema\/logo\/image\/"},"sameAs":["https:\/\/www.facebook.com\/acninternationalorg","https:\/\/x.com\/acn_int","https:\/\/www.youtube.com\/channel\/UCQ-077gS0TnVzkhHmf1opZw","https:\/\/www.instagram.com\/acn_international\/"]},{"@type":"Person","@id":"https:\/\/acninternational.org\/fr\/#\/schema\/person\/b42b8684e5819123b6699ed3f377ac93","name":"John Burger","description":"John Burger is communications consultant to Aid to the Church in Need-USA. A native of New York, he spent several years teaching internationally, and the next 32 years in Catholic journalism in the United States. He is author of the 2023 book At the Foot of the Cross: Lessons from Ukraine.","sameAs":["https:\/\/x.com\/https:\/\/x.com\/JohnBurger"],"url":"https:\/\/acninternational.org\/fr\/author\/john-burger\/"}]}},"_links":{"self":[{"href":"https:\/\/acninternational.org\/fr\/wp-json\/wp\/v2\/posts\/247902","targetHints":{"allow":["GET"]}}],"collection":[{"href":"https:\/\/acninternational.org\/fr\/wp-json\/wp\/v2\/posts"}],"about":[{"href":"https:\/\/acninternational.org\/fr\/wp-json\/wp\/v2\/types\/post"}],"author":[{"embeddable":true,"href":"https:\/\/acninternational.org\/fr\/wp-json\/wp\/v2\/users\/4258341461"}],"replies":[{"embeddable":true,"href":"https:\/\/acninternational.org\/fr\/wp-json\/wp\/v2\/comments?post=247902"}],"version-history":[{"count":1,"href":"https:\/\/acninternational.org\/fr\/wp-json\/wp\/v2\/posts\/247902\/revisions"}],"predecessor-version":[{"id":251896,"href":"https:\/\/acninternational.org\/fr\/wp-json\/wp\/v2\/posts\/247902\/revisions\/251896"}],"wp:featuredmedia":[{"embeddable":true,"href":"https:\/\/acninternational.org\/fr\/wp-json\/wp\/v2\/media\/252148"}],"wp:attachment":[{"href":"https:\/\/acninternational.org\/fr\/wp-json\/wp\/v2\/media?parent=247902"}],"wp:term":[{"taxonomy":"category","embeddable":true,"href":"https:\/\/acninternational.org\/fr\/wp-json\/wp\/v2\/categories?post=247902"},{"taxonomy":"post_tag","embeddable":true,"href":"https:\/\/acninternational.org\/fr\/wp-json\/wp\/v2\/tags?post=247902"},{"taxonomy":"country","embeddable":true,"href":"https:\/\/acninternational.org\/fr\/wp-json\/wp\/v2\/country?post=247902"}],"curies":[{"name":"wp","href":"https:\/\/api.w.org\/{rel}","templated":true}]}}