{"id":240247,"date":"2025-02-06T16:24:54","date_gmt":"2025-02-06T15:24:54","guid":{"rendered":"https:\/\/acninternational.org\/?p=240247"},"modified":"2025-08-12T10:18:01","modified_gmt":"2025-08-12T08:18:01","slug":"martyrs-de-notre-temps-temoins-de-lesperance","status":"publish","type":"post","link":"https:\/\/acninternational.org\/fr\/martyrs-de-notre-temps-temoins-de-lesperance\/","title":{"rendered":"Martyrs de notre temps, t\u00e9moins de l\u2019esp\u00e9rance"},"content":{"rendered":"<p><strong>ACN consacre sa campagne de Car\u00eame \u00e0 l\u2019\u00c9glise pers\u00e9cut\u00e9e<\/strong><\/p>\n<p>La fondation pontificale Aid to the Church in Need (ACN) lancera, au d\u00e9but du car\u00eame, sa nouvelle campagne <strong>\u00ab\u00a0Martyrs de notre temps : t\u00e9moins de l\u2019esp\u00e9rance\u00a0\u00bb<\/strong>, un appel \u00e0 la solidarit\u00e9 avec les chr\u00e9tiens pers\u00e9cut\u00e9s dans le monde. Inspir\u00e9e par le Jubil\u00e9 de l\u2019esp\u00e9rance proclam\u00e9 par le Pape Fran\u00e7ois, cette campagne cherche \u00e0 rappeler que les martyrs de notre temps, m\u00eame au c\u0153ur de la pers\u00e9cution, continuent d\u2019\u00eatre un exemple de consolation, de foi et d\u2019esp\u00e9rance.<\/p>\n<figure id=\"attachment_240226\" aria-describedby=\"caption-attachment-240226\" style=\"width: 800px\" class=\"wp-caption aligncenter\"><img loading=\"lazy\" decoding=\"async\" class=\"wp-image-240226 size-large\" src=\"https:\/\/media.acninternational.org\/wp-content\/uploads\/2025\/02\/ACN-20230502-145177-1024x683.jpg\" alt=\"La campagne de Car\u00eame de l'ACN pour 2025 se concentre sur les martyrs en tant que &quot;t\u00e9moins de l'esp\u00e9rance&quot;\" width=\"800\" height=\"534\" srcset=\"https:\/\/media.acninternational.org\/wp-content\/uploads\/2025\/02\/ACN-20230502-145177-1024x683.jpg 1024w, https:\/\/media.acninternational.org\/wp-content\/uploads\/2025\/02\/ACN-20230502-145177-300x200.jpg 300w, https:\/\/media.acninternational.org\/wp-content\/uploads\/2025\/02\/ACN-20230502-145177-768x512.jpg 768w, https:\/\/media.acninternational.org\/wp-content\/uploads\/2025\/02\/ACN-20230502-145177.jpg 1080w\" sizes=\"auto, (max-width: 800px) 100vw, 800px\" \/><figcaption id=\"caption-attachment-240226\" class=\"wp-caption-text\">La campagne de Car\u00eame de l&rsquo;ACN pour 2025 se concentre sur les martyrs en tant que \u00ab\u00a0t\u00e9moins de l&rsquo;esp\u00e9rance\u00a0\u00bb<\/figcaption><\/figure>\n<p>Depuis sa fondation en 1947, ACN a pour mission de soutenir l\u2019\u00c9glise souffrante, en particulier l\u00e0 o\u00f9 les chr\u00e9tiens sont pers\u00e9cut\u00e9s, discrimin\u00e9s et opprim\u00e9s. Ces derni\u00e8res ann\u00e9es, <a href=\"https:\/\/acninternational.org\/es\/informe-muestra-que-la-persecucion-de-los-cristianos-se-esta-recrudeciendo\/\" target=\"_blank\" rel=\"noopener\">selon les rapports r\u00e9alis\u00e9s par la fondation<\/a>, la pers\u00e9cution des chr\u00e9tiens n\u2019a pas diminu\u00e9. En fait, elle a m\u00eame augment\u00e9 dans de nombreuses r\u00e9gions du monde. Les pays et les acteurs de la pers\u00e9cution ont chang\u00e9, mais la souffrance, malheureusement, continue.<\/p>\n<p>Dans la Bulle d\u2019indiction du Jubil\u00e9 ordinaire de l\u2019ann\u00e9e 2025, intitul\u00e9e <a href=\"https:\/\/www.vatican.va\/content\/francesco\/fr\/bulls\/documents\/20240509_spes-non-confundit_bolla-giubileo2025.html\" target=\"_blank\" rel=\"noopener\"><em>Spes non confundit<\/em><\/a> (l\u2019esp\u00e9rance ne d\u00e9\u00e7oit pas), le pape Fran\u00e7ois souligne\u00a0:<em><strong>\u00a0<\/strong><\/em>\u00ab\u00a0L\u2019esp\u00e9rance chr\u00e9tienne, en effet, ne trompe ni ne d\u00e9\u00e7oit parce qu\u2019elle est fond\u00e9e sur la certitude que rien ni personne ne pourra jamais nous s\u00e9parer de l\u2019amour de Dieu : \u201cQui pourra nous s\u00e9parer de l\u2019amour du Christ\u00a0? la d\u00e9tresse\u00a0? l\u2019angoisse\u00a0? la pers\u00e9cution\u00a0? la faim\u00a0? le d\u00e9nuement\u00a0? le danger\u00a0? le glaive\u00a0? (&#8230;) Mais, en tout cela nous sommes les grands vainqueurs gr\u00e2ce \u00e0 celui qui nous a aim\u00e9s.\u201d\u00a0\u00bb<\/p>\n<p>Le Car\u00eame, en tant que temps de pr\u00e9paration \u00e0 P\u00e2ques, rappelle aux chr\u00e9tiens le triomphe ultime du Christ sur la mort. Alors que l\u2019histoire de l\u2019\u00c9glise est marqu\u00e9e par la croix et le sang des martyrs, elle est \u00e9clair\u00e9e par l\u2019esp\u00e9rance de savoir que ce n\u2019est pas la fin. La certitude de la R\u00e9surrection a pouss\u00e9 les martyrs \u00e0 travers les si\u00e8cles \u00e0 \u00eatre les t\u00e9moins d\u2019une esp\u00e9rance qui ne meurt pas. Et c\u2019est encore le cas aujourd\u2019hui, parce que l\u2019\u00c9glise continue d\u2019\u00eatre attaqu\u00e9e, mais continue aussi de vivre, en annon\u00e7ant l\u2019\u00c9vangile et en soutenant les fid\u00e8les dans l\u2019esp\u00e9rance.<\/p>\n<p>Avec cette campagne, ACN invite tout le monde \u00e0 faire partie de cette mission\u00a0: soutenir nos fr\u00e8res et s\u0153urs pers\u00e9cut\u00e9s et garder vivante la lumi\u00e8re de l\u2019esp\u00e9rance. Pour cela, la fondation pr\u00e9sente des exemples de projets dans 20 pays, par exemple au Burkina Faso, au Nigeria, au Mozambique, au Pakistan, au Sri Lanka, au Mexique ou en Syrie.<\/p>\n<h4><strong>Semer l\u2019esp\u00e9rance au milieu des pers\u00e9cutions<\/strong><\/h4>\n<p>\u00ab\u00a0En ce car\u00eame, ACN veut redoubler d\u2019efforts pour renforcer la pr\u00e9sence de l\u2019\u00c9glise dans les lieux o\u00f9 la foi est pers\u00e9cut\u00e9e. \u00c0 travers la construction et la reconstruction de structures eccl\u00e9siales, des programmes de gu\u00e9rison des traumatismes, le soutien \u00e0 la formation des pr\u00eatres et des religieuses et l\u2019aide d\u2019urgence aux communaut\u00e9s chr\u00e9tiennes d\u00e9plac\u00e9es, nous travaillons pour que l\u2019esp\u00e9rance ne s\u2019\u00e9teigne pas\u00a0\u00bb, a d\u00e9clar\u00e9 Regina Lynch, pr\u00e9sidente ex\u00e9cutive de la fondation, r\u00e9sumant les objectifs de la campagne de ACN.<\/p>\n<figure id=\"attachment_240232\" aria-describedby=\"caption-attachment-240232\" style=\"width: 800px\" class=\"wp-caption aligncenter\"><img loading=\"lazy\" decoding=\"async\" class=\"wp-image-240232 size-large\" src=\"https:\/\/media.acninternational.org\/wp-content\/uploads\/2025\/02\/ACN-20230503-145335-1024x683.jpg\" alt=\"L'ACN veut renforcer la pr\u00e9sence des chr\u00e9tiens dans les endroits o\u00f9 la foi est attaqu\u00e9e\" width=\"800\" height=\"534\" srcset=\"https:\/\/media.acninternational.org\/wp-content\/uploads\/2025\/02\/ACN-20230503-145335-1024x683.jpg 1024w, https:\/\/media.acninternational.org\/wp-content\/uploads\/2025\/02\/ACN-20230503-145335-300x200.jpg 300w, https:\/\/media.acninternational.org\/wp-content\/uploads\/2025\/02\/ACN-20230503-145335-768x512.jpg 768w, https:\/\/media.acninternational.org\/wp-content\/uploads\/2025\/02\/ACN-20230503-145335.jpg 1080w\" sizes=\"auto, (max-width: 800px) 100vw, 800px\" \/><figcaption id=\"caption-attachment-240232\" class=\"wp-caption-text\">L&rsquo;ACN veut renforcer la pr\u00e9sence des chr\u00e9tiens dans les endroits o\u00f9 la foi est attaqu\u00e9e<\/figcaption><\/figure>\n<p>Elle a \u00e9galement ajout\u00e9\u00a0: \u00ab\u00a0De plus, ayant conscience que le dialogue interreligieux est essentiel \u00e0 la construction de la paix, ACN promeut des projets qui favorisent la compr\u00e9hension entre les communaut\u00e9s de diff\u00e9rentes confessions. La r\u00e9conciliation est un moyen essentiel d\u2019\u00e9viter de nouvelles pers\u00e9cutions et de construire des soci\u00e9t\u00e9s plus justes et plus fraternelles.\u00a0\u00bb<\/p>\n<p>L\u2019engagement de ACN envers l\u2019\u00c9glise pers\u00e9cut\u00e9e se refl\u00e8te dans son logo, o\u00f9 la barre verticale symbolise un monde divis\u00e9 par le mal, marqu\u00e9 par la haine et l\u2019injustice, tandis que la barre horizontale repr\u00e9sente la force de la foi, une fl\u00e8che qui puise sa force dans la croix, brise cette division et alimente l\u2019esp\u00e9rance. Le tout est dispos\u00e9 sur un disque rouge, dont la couleur \u00e9voque le sang des martyrs et le sacrifice de tant de chr\u00e9tiens pers\u00e9cut\u00e9s pour leur foi, mais qui repr\u00e9sente aussi l\u2019universalit\u00e9 de la mission de ACN qui soutient l\u2019\u00c9glise sur tous les continents. Tout comme ACN s\u2019est toujours tenue aux c\u00f4t\u00e9s de ces t\u00e9moins du Christ dans le monde entier, son logo nous rappelle que la foi est capable de gu\u00e9rir les blessures de l\u2019humanit\u00e9 et d\u2019apporter l\u2019unit\u00e9 l\u00e0 o\u00f9 il y a la discorde.<\/p>\n<h4><strong>Les premi\u00e8res \u00e9tapes : aider les r\u00e9fugi\u00e9s allemands et les pr\u00eatres derri\u00e8re le rideau de fer<\/strong><\/h4>\n<p>Con\u00e7ue \u00e0 l\u2019origine pour aider les r\u00e9fugi\u00e9s allemands apr\u00e8s la Seconde Guerre mondiale, ACN a rapidement \u00e9tendu sa mission au soutien des chr\u00e9tiens des pays sous le joug de r\u00e9gimes totalitaires, en particulier en Europe de l\u2019Est, o\u00f9 les chr\u00e9tiens souffraient de pers\u00e9cutions sous le r\u00e9gime communiste.<\/p>\n<p>Dans les premi\u00e8res ann\u00e9es, ACN s\u2019est concentr\u00e9e sur la fourniture d\u2019une aide mat\u00e9rielle aux pr\u00eatres qui travaillaient dans des conditions extr\u00eamement difficiles dans les pays du bloc sovi\u00e9tique. Dans les ann\u00e9es 1950, la fondation envoyait d\u00e9j\u00e0 de l\u2019aide aux pays situ\u00e9s derri\u00e8re le rideau de fer, notamment l\u2019ex-Tch\u00e9coslovaquie, la Pologne, la Roumanie et la Hongrie. Au cours de ces ann\u00e9es, ACN a soutenu des milliers de pr\u00eatres, de religieux et de la\u00efcs, qui travaillaient clandestinement pour maintenir la foi vivante dans un environnement hostile. La fourniture de v\u00e9hicules aux pr\u00eatres et la distribution de litt\u00e9rature religieuse \u00e9taient essentielles pour maintenir la foi en p\u00e9riode de r\u00e9pression.<\/p>\n<p>Apr\u00e8s la chute du mur de Berlin et l\u2019effondrement du r\u00e9gime communiste en 1989, ACN a \u00e9tendu encore davantage sa pr\u00e9sence en Europe de l\u2019Est. Depuis 1990, <a href=\"https:\/\/acninternational.org\/es\/aid-to-the-church-in-need-y-el-milagro-de-la-caida-del-muro\/\" target=\"_blank\" rel=\"noopener\">la fondation a fourni plus de 500 millions d\u2019euros d\u2019aide<\/a> pour faire rena\u00eetre l\u2019\u00c9glise de ses cendres dans les pays de l\u2019ancien bloc sovi\u00e9tique.<\/p>\n<figure id=\"attachment_188234\" aria-describedby=\"caption-attachment-188234\" style=\"width: 800px\" class=\"wp-caption aligncenter\"><img loading=\"lazy\" decoding=\"async\" class=\"wp-image-188234 size-large\" src=\"https:\/\/media.acninternational.org\/wp-content\/uploads\/2024\/01\/20070725_004-1024x700.jpg\" alt=\"Une image d'archive montrant un camion d'ACN livrant de l'aide aux chr\u00e9tiens d'Europe de l'Est\" width=\"800\" height=\"547\" srcset=\"https:\/\/media.acninternational.org\/wp-content\/uploads\/2024\/01\/20070725_004-1024x700.jpg 1024w, https:\/\/media.acninternational.org\/wp-content\/uploads\/2024\/01\/20070725_004-300x205.jpg 300w, https:\/\/media.acninternational.org\/wp-content\/uploads\/2024\/01\/20070725_004-768x525.jpg 768w, https:\/\/media.acninternational.org\/wp-content\/uploads\/2024\/01\/20070725_004.jpg 1080w\" sizes=\"auto, (max-width: 800px) 100vw, 800px\" \/><figcaption id=\"caption-attachment-188234\" class=\"wp-caption-text\">Une image d&rsquo;archive montrant un camion d&rsquo;ACN livrant de l&rsquo;aide aux chr\u00e9tiens d&rsquo;Europe de l&rsquo;Est<\/figcaption><\/figure>\n<h4><strong>Plus d\u2019une d\u00e9cennie d\u2019aide aux chr\u00e9tiens du Proche-Orient <\/strong><\/h4>\n<p>Aujourd\u2019hui, ACN continue non seulement \u00e0 soutenir les communaut\u00e9s d\u2019Europe de l\u2019Est, mais elle s\u2019engage \u00e9galement dans des endroits o\u00f9 les chr\u00e9tiens sont confront\u00e9s \u00e0 une pers\u00e9cution extr\u00eame, comme au Proche-Orient. Apr\u00e8s le d\u00e9clenchement de la guerre en Syrie en 2011 et l\u2019invasion de l\u2019Irak en 2014 par l\u2019\u00c9tat Islamique, ACN a aid\u00e9 des milliers de chr\u00e9tiens d\u00e9plac\u00e9s, en leur fournissant un h\u00e9bergement, de la nourriture, des soins m\u00e9dicaux, et en soutenant la reconstruction des \u00e9glises d\u00e9truites afin d\u2019\u00e9viter l\u2019exode total de la communaut\u00e9 chr\u00e9tienne.<\/p>\n<h4><strong>L\u2019\u00c9glise pers\u00e9cut\u00e9e en Afrique\u00a0: un continent en crise<\/strong><\/h4>\n<p>En r\u00e9ponse \u00e0 la pers\u00e9cution croissante des groupes djihadistes qui cherchent \u00e0 imposer une interpr\u00e9tation radicale de l\u2019islam dans de nombreuses r\u00e9gions d\u2019Afrique, ACN a lanc\u00e9 <a href=\"https:\/\/acninternational.org\/fr\/burkina-faso-vivre-dans-la-terreur-dans-le-pays-des-hommes-integres\/\" target=\"_blank\" rel=\"noopener\">de multiples projets sur ce continent pour renforcer l\u2019\u00c9glise locale<\/a>, fournir une aide humanitaire aux personnes d\u00e9plac\u00e9es et soutenir les victimes d\u2019attaques terroristes. Au Nigeria, par exemple, ACN a travaill\u00e9 \u00e0 la reconstruction d\u2019\u00e9glises et de presbyt\u00e8res d\u00e9truits par la violence, en plus de fournir de l\u2019aide aux communaut\u00e9s chr\u00e9tiennes d\u00e9plac\u00e9es dans le nord-est du pays. Au Sahel, en particulier au <a href=\"https:\/\/acninternational.org\/fr\/acn-dedie-sa-campagne-de-noel-aux-chretiens-persecutes-au-burkina-faso\/\" target=\"_blank\" rel=\"noopener\">Burkina Faso<\/a>, ACN soutient les communaut\u00e9s qui ont tout perdu, en leur fournissant de la nourriture, des m\u00e9dicaments et une aide \u00e0 l\u2019\u00e9ducation.<\/p>\n<figure id=\"attachment_240238\" aria-describedby=\"caption-attachment-240238\" style=\"width: 720px\" class=\"wp-caption aligncenter\"><img loading=\"lazy\" decoding=\"async\" class=\"wp-image-240238 size-full\" src=\"https:\/\/media.acninternational.org\/wp-content\/uploads\/2025\/02\/ACN-20220816-132282.jpg\" alt=\"Aujourd'hui, ACN a une port\u00e9e mondiale, avec des bureaux dans 23 pays et des projets dans le monde entier\" width=\"720\" height=\"960\" srcset=\"https:\/\/media.acninternational.org\/wp-content\/uploads\/2025\/02\/ACN-20220816-132282.jpg 720w, https:\/\/media.acninternational.org\/wp-content\/uploads\/2025\/02\/ACN-20220816-132282-225x300.jpg 225w\" sizes=\"auto, (max-width: 720px) 100vw, 720px\" \/><figcaption id=\"caption-attachment-240238\" class=\"wp-caption-text\">Aujourd&rsquo;hui, ACN a une port\u00e9e mondiale, avec des bureaux dans 23 pays et des projets dans le monde entier<\/figcaption><\/figure>\n<p>Malgr\u00e9 la violence et les difficult\u00e9s, l\u2019\u00c9glise en Afrique, en Asie et au Proche-Orient reste un puissant t\u00e9moin d\u2019esp\u00e9rance. Les chr\u00e9tiens, ainsi que d\u2019autres groupes religieux, luttent pour la paix et la coexistence, m\u00eame au milieu du chaos. ACN se tient aux c\u00f4t\u00e9s de ces t\u00e9moins courageux de la foi, en les aidant \u00e0 r\u00e9sister et \u00e0 maintenir l\u2019esp\u00e9rance car, comme le rappelle le Pape Fran\u00e7ois, \u00ab\u00a0rien ni personne ne pourra nous s\u00e9parer de l\u2019amour du Christ \u00bb, pas m\u00eame les tribulations ni les pers\u00e9cutions les plus terribles.<\/p>\n<p>&nbsp;<\/p>\n","protected":false},"excerpt":{"rendered":"<p>Les pays et les acteurs de la pers\u00e9cution ont chang\u00e9, mais la souffrance, malheureusement, continue.<\/p>\n","protected":false},"author":4258341378,"featured_media":240220,"comment_status":"closed","ping_status":"closed","sticky":false,"template":"","format":"standard","meta":{"_acf_changed":false,"_acn_coauthor_ids":[],"footnotes":""},"categories":[919],"tags":[],"country":[333],"class_list":["post-240247","post","type-post","status-publish","format-standard","has-post-thumbnail","hentry","category-nouvelle","country-international"],"acn_coauthors":[],"acf":[],"yoast_head":"<!-- This site is optimized with the Yoast SEO Premium plugin v27.3 (Yoast SEO v27.3) - https:\/\/yoast.com\/product\/yoast-seo-premium-wordpress\/ -->\n<title>Martyrs de notre temps, t\u00e9moins de l\u2019esp\u00e9rance | ACN International<\/title>\n<meta name=\"description\" content=\"Les pays et les acteurs de la pers\u00e9cution ont chang\u00e9, mais la souffrance, malheureusement, continue.\" \/>\n<meta name=\"robots\" content=\"index, follow, max-snippet:-1, max-image-preview:large, max-video-preview:-1\" \/>\n<link rel=\"canonical\" href=\"https:\/\/acninternational.org\/fr\/martyrs-de-notre-temps-temoins-de-lesperance\/\" \/>\n<meta property=\"og:locale\" content=\"fr_FR\" \/>\n<meta property=\"og:type\" content=\"article\" \/>\n<meta property=\"og:title\" content=\"Martyrs de notre temps, t\u00e9moins de l\u2019esp\u00e9rance\" \/>\n<meta property=\"og:description\" content=\"Les pays et les acteurs de la pers\u00e9cution ont chang\u00e9, mais la souffrance, malheureusement, continue.\" \/>\n<meta property=\"og:url\" content=\"https:\/\/acninternational.org\/fr\/martyrs-de-notre-temps-temoins-de-lesperance\/\" \/>\n<meta property=\"og:site_name\" content=\"ACN International\" \/>\n<meta property=\"article:publisher\" content=\"https:\/\/www.facebook.com\/acninternationalorg\" \/>\n<meta property=\"article:published_time\" content=\"2025-02-06T15:24:54+00:00\" \/>\n<meta property=\"article:modified_time\" content=\"2025-08-12T08:18:01+00:00\" \/>\n<meta property=\"og:image\" content=\"https:\/\/media.acninternational.org\/wp-content\/uploads\/2025\/02\/ACN-20220714-131147.jpg\" \/>\n\t<meta property=\"og:image:width\" content=\"1920\" \/>\n\t<meta property=\"og:image:height\" content=\"700\" \/>\n\t<meta property=\"og:image:type\" content=\"image\/jpeg\" \/>\n<meta name=\"author\" content=\"Maria Lozano\" \/>\n<meta name=\"twitter:card\" content=\"summary_large_image\" \/>\n<meta name=\"twitter:creator\" content=\"@acn_int\" \/>\n<meta name=\"twitter:site\" content=\"@acn_int\" \/>\n<meta name=\"twitter:label1\" content=\"\u00c9crit par\" \/>\n\t<meta name=\"twitter:data1\" content=\"Maria Lozano\" \/>\n\t<meta name=\"twitter:label2\" content=\"Dur\u00e9e de lecture estim\u00e9e\" \/>\n\t<meta name=\"twitter:data2\" content=\"7 minutes\" \/>\n<script type=\"application\/ld+json\" class=\"yoast-schema-graph\">{\"@context\":\"https:\\\/\\\/schema.org\",\"@graph\":[{\"@type\":\"Article\",\"@id\":\"https:\\\/\\\/acninternational.org\\\/fr\\\/martyrs-de-notre-temps-temoins-de-lesperance\\\/#article\",\"isPartOf\":{\"@id\":\"https:\\\/\\\/acninternational.org\\\/fr\\\/martyrs-de-notre-temps-temoins-de-lesperance\\\/\"},\"author\":{\"name\":\"Maria Lozano\",\"@id\":\"https:\\\/\\\/acninternational.org\\\/fr\\\/#\\\/schema\\\/person\\\/91975fc8e2569591a0e2d868c7d5816c\"},\"headline\":\"Martyrs de notre temps, t\u00e9moins de l\u2019esp\u00e9rance\",\"datePublished\":\"2025-02-06T15:24:54+00:00\",\"dateModified\":\"2025-08-12T08:18:01+00:00\",\"mainEntityOfPage\":{\"@id\":\"https:\\\/\\\/acninternational.org\\\/fr\\\/martyrs-de-notre-temps-temoins-de-lesperance\\\/\"},\"wordCount\":1560,\"publisher\":{\"@id\":\"https:\\\/\\\/acninternational.org\\\/fr\\\/#organization\"},\"image\":{\"@id\":\"https:\\\/\\\/acninternational.org\\\/fr\\\/martyrs-de-notre-temps-temoins-de-lesperance\\\/#primaryimage\"},\"thumbnailUrl\":\"https:\\\/\\\/media.acninternational.org\\\/wp-content\\\/uploads\\\/2025\\\/02\\\/ACN-20220714-131147.jpg\",\"articleSection\":[\"Nouvelle\"],\"inLanguage\":\"fr-FR\"},{\"@type\":\"WebPage\",\"@id\":\"https:\\\/\\\/acninternational.org\\\/fr\\\/martyrs-de-notre-temps-temoins-de-lesperance\\\/\",\"url\":\"https:\\\/\\\/acninternational.org\\\/fr\\\/martyrs-de-notre-temps-temoins-de-lesperance\\\/\",\"name\":\"Martyrs de notre temps, t\u00e9moins de l\u2019esp\u00e9rance | ACN International\",\"isPartOf\":{\"@id\":\"https:\\\/\\\/acninternational.org\\\/fr\\\/#website\"},\"primaryImageOfPage\":{\"@id\":\"https:\\\/\\\/acninternational.org\\\/fr\\\/martyrs-de-notre-temps-temoins-de-lesperance\\\/#primaryimage\"},\"image\":{\"@id\":\"https:\\\/\\\/acninternational.org\\\/fr\\\/martyrs-de-notre-temps-temoins-de-lesperance\\\/#primaryimage\"},\"thumbnailUrl\":\"https:\\\/\\\/media.acninternational.org\\\/wp-content\\\/uploads\\\/2025\\\/02\\\/ACN-20220714-131147.jpg\",\"datePublished\":\"2025-02-06T15:24:54+00:00\",\"dateModified\":\"2025-08-12T08:18:01+00:00\",\"description\":\"Les pays et les acteurs de la pers\u00e9cution ont chang\u00e9, mais la souffrance, malheureusement, continue.\",\"breadcrumb\":{\"@id\":\"https:\\\/\\\/acninternational.org\\\/fr\\\/martyrs-de-notre-temps-temoins-de-lesperance\\\/#breadcrumb\"},\"inLanguage\":\"fr-FR\",\"potentialAction\":[{\"@type\":\"ReadAction\",\"target\":[\"https:\\\/\\\/acninternational.org\\\/fr\\\/martyrs-de-notre-temps-temoins-de-lesperance\\\/\"]}]},{\"@type\":\"ImageObject\",\"inLanguage\":\"fr-FR\",\"@id\":\"https:\\\/\\\/acninternational.org\\\/fr\\\/martyrs-de-notre-temps-temoins-de-lesperance\\\/#primaryimage\",\"url\":\"https:\\\/\\\/media.acninternational.org\\\/wp-content\\\/uploads\\\/2025\\\/02\\\/ACN-20220714-131147.jpg\",\"contentUrl\":\"https:\\\/\\\/media.acninternational.org\\\/wp-content\\\/uploads\\\/2025\\\/02\\\/ACN-20220714-131147.jpg\",\"width\":1920,\"height\":700},{\"@type\":\"BreadcrumbList\",\"@id\":\"https:\\\/\\\/acninternational.org\\\/fr\\\/martyrs-de-notre-temps-temoins-de-lesperance\\\/#breadcrumb\",\"itemListElement\":[{\"@type\":\"ListItem\",\"position\":1,\"name\":\"Home\",\"item\":\"https:\\\/\\\/acninternational.org\\\/fr\\\/\"},{\"@type\":\"ListItem\",\"position\":2,\"name\":\"Nouvelles\",\"item\":\"https:\\\/\\\/acninternational.org\\\/fr\\\/category\\\/news-fr\\\/\"},{\"@type\":\"ListItem\",\"position\":3,\"name\":\"Martyrs de notre temps, t\u00e9moins de l\u2019esp\u00e9rance\"}]},{\"@type\":\"WebSite\",\"@id\":\"https:\\\/\\\/acninternational.org\\\/fr\\\/#website\",\"url\":\"https:\\\/\\\/acninternational.org\\\/fr\\\/\",\"name\":\"ACN International\",\"description\":\"\",\"publisher\":{\"@id\":\"https:\\\/\\\/acninternational.org\\\/fr\\\/#organization\"},\"potentialAction\":[{\"@type\":\"SearchAction\",\"target\":{\"@type\":\"EntryPoint\",\"urlTemplate\":\"https:\\\/\\\/acninternational.org\\\/fr\\\/?s={search_term_string}\"},\"query-input\":{\"@type\":\"PropertyValueSpecification\",\"valueRequired\":true,\"valueName\":\"search_term_string\"}}],\"inLanguage\":\"fr-FR\"},{\"@type\":\"Organization\",\"@id\":\"https:\\\/\\\/acninternational.org\\\/fr\\\/#organization\",\"name\":\"Aid to the Church in Need International\",\"url\":\"https:\\\/\\\/acninternational.org\\\/fr\\\/\",\"logo\":{\"@type\":\"ImageObject\",\"inLanguage\":\"fr-FR\",\"@id\":\"https:\\\/\\\/acninternational.org\\\/fr\\\/#\\\/schema\\\/logo\\\/image\\\/\",\"url\":\"https:\\\/\\\/media.acninternational.org\\\/wp-content\\\/uploads\\\/2019\\\/11\\\/acn_logo_blackvector.svg\",\"contentUrl\":\"https:\\\/\\\/media.acninternational.org\\\/wp-content\\\/uploads\\\/2019\\\/11\\\/acn_logo_blackvector.svg\",\"width\":232.6,\"height\":78,\"caption\":\"Aid to the Church in Need International\"},\"image\":{\"@id\":\"https:\\\/\\\/acninternational.org\\\/fr\\\/#\\\/schema\\\/logo\\\/image\\\/\"},\"sameAs\":[\"https:\\\/\\\/www.facebook.com\\\/acninternationalorg\",\"https:\\\/\\\/x.com\\\/acn_int\",\"https:\\\/\\\/www.youtube.com\\\/channel\\\/UCQ-077gS0TnVzkhHmf1opZw\",\"https:\\\/\\\/www.instagram.com\\\/acn_international\\\/\"]},{\"@type\":\"Person\",\"@id\":\"https:\\\/\\\/acninternational.org\\\/fr\\\/#\\\/schema\\\/person\\\/91975fc8e2569591a0e2d868c7d5816c\",\"name\":\"Maria Lozano\",\"description\":\"Lorem ipsum dolor sit amet, consectetur adipiscing elit, sed do eiusmod tempor incididunt ut labore et dolore magna aliqua. Ut enim ad minim veniam, quis nostrud exercitation ullamco laboris nisi ut aliquip ex ea commodo consequat.\",\"url\":\"https:\\\/\\\/acninternational.org\\\/fr\\\/author\\\/maria\\\/\"}]}<\/script>\n<!-- \/ Yoast SEO Premium plugin. -->","yoast_head_json":{"title":"Martyrs de notre temps, t\u00e9moins de l\u2019esp\u00e9rance | ACN International","description":"Les pays et les acteurs de la pers\u00e9cution ont chang\u00e9, mais la souffrance, malheureusement, continue.","robots":{"index":"index","follow":"follow","max-snippet":"max-snippet:-1","max-image-preview":"max-image-preview:large","max-video-preview":"max-video-preview:-1"},"canonical":"https:\/\/acninternational.org\/fr\/martyrs-de-notre-temps-temoins-de-lesperance\/","og_locale":"fr_FR","og_type":"article","og_title":"Martyrs de notre temps, t\u00e9moins de l\u2019esp\u00e9rance","og_description":"Les pays et les acteurs de la pers\u00e9cution ont chang\u00e9, mais la souffrance, malheureusement, continue.","og_url":"https:\/\/acninternational.org\/fr\/martyrs-de-notre-temps-temoins-de-lesperance\/","og_site_name":"ACN International","article_publisher":"https:\/\/www.facebook.com\/acninternationalorg","article_published_time":"2025-02-06T15:24:54+00:00","article_modified_time":"2025-08-12T08:18:01+00:00","og_image":[{"width":1920,"height":700,"url":"https:\/\/media.acninternational.org\/wp-content\/uploads\/2025\/02\/ACN-20220714-131147.jpg","type":"image\/jpeg"}],"author":"Maria Lozano","twitter_card":"summary_large_image","twitter_creator":"@acn_int","twitter_site":"@acn_int","twitter_misc":{"\u00c9crit par":"Maria Lozano","Dur\u00e9e de lecture estim\u00e9e":"7 minutes"},"schema":{"@context":"https:\/\/schema.org","@graph":[{"@type":"Article","@id":"https:\/\/acninternational.org\/fr\/martyrs-de-notre-temps-temoins-de-lesperance\/#article","isPartOf":{"@id":"https:\/\/acninternational.org\/fr\/martyrs-de-notre-temps-temoins-de-lesperance\/"},"author":{"name":"Maria Lozano","@id":"https:\/\/acninternational.org\/fr\/#\/schema\/person\/91975fc8e2569591a0e2d868c7d5816c"},"headline":"Martyrs de notre temps, t\u00e9moins de l\u2019esp\u00e9rance","datePublished":"2025-02-06T15:24:54+00:00","dateModified":"2025-08-12T08:18:01+00:00","mainEntityOfPage":{"@id":"https:\/\/acninternational.org\/fr\/martyrs-de-notre-temps-temoins-de-lesperance\/"},"wordCount":1560,"publisher":{"@id":"https:\/\/acninternational.org\/fr\/#organization"},"image":{"@id":"https:\/\/acninternational.org\/fr\/martyrs-de-notre-temps-temoins-de-lesperance\/#primaryimage"},"thumbnailUrl":"https:\/\/media.acninternational.org\/wp-content\/uploads\/2025\/02\/ACN-20220714-131147.jpg","articleSection":["Nouvelle"],"inLanguage":"fr-FR"},{"@type":"WebPage","@id":"https:\/\/acninternational.org\/fr\/martyrs-de-notre-temps-temoins-de-lesperance\/","url":"https:\/\/acninternational.org\/fr\/martyrs-de-notre-temps-temoins-de-lesperance\/","name":"Martyrs de notre temps, t\u00e9moins de l\u2019esp\u00e9rance | ACN International","isPartOf":{"@id":"https:\/\/acninternational.org\/fr\/#website"},"primaryImageOfPage":{"@id":"https:\/\/acninternational.org\/fr\/martyrs-de-notre-temps-temoins-de-lesperance\/#primaryimage"},"image":{"@id":"https:\/\/acninternational.org\/fr\/martyrs-de-notre-temps-temoins-de-lesperance\/#primaryimage"},"thumbnailUrl":"https:\/\/media.acninternational.org\/wp-content\/uploads\/2025\/02\/ACN-20220714-131147.jpg","datePublished":"2025-02-06T15:24:54+00:00","dateModified":"2025-08-12T08:18:01+00:00","description":"Les pays et les acteurs de la pers\u00e9cution ont chang\u00e9, mais la souffrance, malheureusement, continue.","breadcrumb":{"@id":"https:\/\/acninternational.org\/fr\/martyrs-de-notre-temps-temoins-de-lesperance\/#breadcrumb"},"inLanguage":"fr-FR","potentialAction":[{"@type":"ReadAction","target":["https:\/\/acninternational.org\/fr\/martyrs-de-notre-temps-temoins-de-lesperance\/"]}]},{"@type":"ImageObject","inLanguage":"fr-FR","@id":"https:\/\/acninternational.org\/fr\/martyrs-de-notre-temps-temoins-de-lesperance\/#primaryimage","url":"https:\/\/media.acninternational.org\/wp-content\/uploads\/2025\/02\/ACN-20220714-131147.jpg","contentUrl":"https:\/\/media.acninternational.org\/wp-content\/uploads\/2025\/02\/ACN-20220714-131147.jpg","width":1920,"height":700},{"@type":"BreadcrumbList","@id":"https:\/\/acninternational.org\/fr\/martyrs-de-notre-temps-temoins-de-lesperance\/#breadcrumb","itemListElement":[{"@type":"ListItem","position":1,"name":"Home","item":"https:\/\/acninternational.org\/fr\/"},{"@type":"ListItem","position":2,"name":"Nouvelles","item":"https:\/\/acninternational.org\/fr\/category\/news-fr\/"},{"@type":"ListItem","position":3,"name":"Martyrs de notre temps, t\u00e9moins de l\u2019esp\u00e9rance"}]},{"@type":"WebSite","@id":"https:\/\/acninternational.org\/fr\/#website","url":"https:\/\/acninternational.org\/fr\/","name":"ACN International","description":"","publisher":{"@id":"https:\/\/acninternational.org\/fr\/#organization"},"potentialAction":[{"@type":"SearchAction","target":{"@type":"EntryPoint","urlTemplate":"https:\/\/acninternational.org\/fr\/?s={search_term_string}"},"query-input":{"@type":"PropertyValueSpecification","valueRequired":true,"valueName":"search_term_string"}}],"inLanguage":"fr-FR"},{"@type":"Organization","@id":"https:\/\/acninternational.org\/fr\/#organization","name":"Aid to the Church in Need International","url":"https:\/\/acninternational.org\/fr\/","logo":{"@type":"ImageObject","inLanguage":"fr-FR","@id":"https:\/\/acninternational.org\/fr\/#\/schema\/logo\/image\/","url":"https:\/\/media.acninternational.org\/wp-content\/uploads\/2019\/11\/acn_logo_blackvector.svg","contentUrl":"https:\/\/media.acninternational.org\/wp-content\/uploads\/2019\/11\/acn_logo_blackvector.svg","width":232.6,"height":78,"caption":"Aid to the Church in Need International"},"image":{"@id":"https:\/\/acninternational.org\/fr\/#\/schema\/logo\/image\/"},"sameAs":["https:\/\/www.facebook.com\/acninternationalorg","https:\/\/x.com\/acn_int","https:\/\/www.youtube.com\/channel\/UCQ-077gS0TnVzkhHmf1opZw","https:\/\/www.instagram.com\/acn_international\/"]},{"@type":"Person","@id":"https:\/\/acninternational.org\/fr\/#\/schema\/person\/91975fc8e2569591a0e2d868c7d5816c","name":"Maria Lozano","description":"Lorem ipsum dolor sit amet, consectetur adipiscing elit, sed do eiusmod tempor incididunt ut labore et dolore magna aliqua. Ut enim ad minim veniam, quis nostrud exercitation ullamco laboris nisi ut aliquip ex ea commodo consequat.","url":"https:\/\/acninternational.org\/fr\/author\/maria\/"}]}},"_links":{"self":[{"href":"https:\/\/acninternational.org\/fr\/wp-json\/wp\/v2\/posts\/240247","targetHints":{"allow":["GET"]}}],"collection":[{"href":"https:\/\/acninternational.org\/fr\/wp-json\/wp\/v2\/posts"}],"about":[{"href":"https:\/\/acninternational.org\/fr\/wp-json\/wp\/v2\/types\/post"}],"author":[{"embeddable":true,"href":"https:\/\/acninternational.org\/fr\/wp-json\/wp\/v2\/users\/4258341378"}],"replies":[{"embeddable":true,"href":"https:\/\/acninternational.org\/fr\/wp-json\/wp\/v2\/comments?post=240247"}],"version-history":[{"count":1,"href":"https:\/\/acninternational.org\/fr\/wp-json\/wp\/v2\/posts\/240247\/revisions"}],"predecessor-version":[{"id":245186,"href":"https:\/\/acninternational.org\/fr\/wp-json\/wp\/v2\/posts\/240247\/revisions\/245186"}],"wp:featuredmedia":[{"embeddable":true,"href":"https:\/\/acninternational.org\/fr\/wp-json\/wp\/v2\/media\/240220"}],"wp:attachment":[{"href":"https:\/\/acninternational.org\/fr\/wp-json\/wp\/v2\/media?parent=240247"}],"wp:term":[{"taxonomy":"category","embeddable":true,"href":"https:\/\/acninternational.org\/fr\/wp-json\/wp\/v2\/categories?post=240247"},{"taxonomy":"post_tag","embeddable":true,"href":"https:\/\/acninternational.org\/fr\/wp-json\/wp\/v2\/tags?post=240247"},{"taxonomy":"country","embeddable":true,"href":"https:\/\/acninternational.org\/fr\/wp-json\/wp\/v2\/country?post=240247"}],"curies":[{"name":"wp","href":"https:\/\/api.w.org\/{rel}","templated":true}]}}