{"id":238523,"date":"2025-01-23T14:49:52","date_gmt":"2025-01-23T13:49:52","guid":{"rendered":"https:\/\/acninternational.org\/?p=238523"},"modified":"2025-08-12T10:18:38","modified_gmt":"2025-08-12T08:18:38","slug":"liban-entre-espoir-et-incertitude","status":"publish","type":"post","link":"https:\/\/acninternational.org\/fr\/liban-entre-espoir-et-incertitude\/","title":{"rendered":"Liban : entre espoir et incertitude"},"content":{"rendered":"<p><strong>En raison des destructions massives dans la vall\u00e9e de la Bekaa et dans le sud du Liban, les projets d&rsquo;aide d&rsquo;urgence de ACN restent essentiels pour le pays.<\/strong><\/p>\n<p>\u00ab Avec l&rsquo;\u00e9lection d&rsquo;un nouveau pr\u00e9sident, l&rsquo;espoir est revenu au Liban \u00bb, rapporte Marielle Boutros, coordinatrice des projets de la fondation internationale Aid to the Church in Need (ACN) au Liban. \u00ab <a href=\"https:\/\/acninternational.org\/fr\/un-archeveque-du-liban-du-sud-declare-nous-sommes-en-etat-de-guerre\/\" target=\"_blank\" rel=\"noopener\">La guerre a \u00e9t\u00e9 un enfer pour nous<\/a>. Tous les chr\u00e9tiens ici ont pens\u00e9 \u00e0 quitter le pays. Aujourd&rsquo;hui encore, beaucoup de gens font face \u00e0 de grandes difficult\u00e9s et la situation est loin d&rsquo;\u00eatre facile &#8211; souvent, \u00e0 la fin du mois, l&rsquo;argent ne suffit m\u00eame plus pour acheter de la nourriture. Mais au moins, il y a de l&rsquo;espoir que la situation s&rsquo;am\u00e9liore.\u00a0\u00bb<\/p>\n<figure id=\"attachment_238508\" aria-describedby=\"caption-attachment-238508\" style=\"width: 800px\" class=\"wp-caption aligncenter\"><img loading=\"lazy\" decoding=\"async\" class=\"wp-image-238508 size-large\" src=\"https:\/\/media.acninternational.org\/wp-content\/uploads\/2025\/01\/ACN-20231030-155096-1024x760.jpg\" alt=\"Marielle Boutros, coordinatrice de projets de ACN au Liban\" width=\"800\" height=\"594\" srcset=\"https:\/\/media.acninternational.org\/wp-content\/uploads\/2025\/01\/ACN-20231030-155096-1024x760.jpg 1024w, https:\/\/media.acninternational.org\/wp-content\/uploads\/2025\/01\/ACN-20231030-155096-300x223.jpg 300w, https:\/\/media.acninternational.org\/wp-content\/uploads\/2025\/01\/ACN-20231030-155096-768x570.jpg 768w, https:\/\/media.acninternational.org\/wp-content\/uploads\/2025\/01\/ACN-20231030-155096.jpg 1080w\" sizes=\"auto, (max-width: 800px) 100vw, 800px\" \/><figcaption id=\"caption-attachment-238508\" class=\"wp-caption-text\">Marielle Boutros, coordinatrice de projets de ACN au Liban<\/figcaption><\/figure>\n<p>Il faudra toutefois faire preuve de patience jusqu&rsquo;\u00e0 ce que la situation s&rsquo;am\u00e9liore au Liban. La guerre a priv\u00e9 beaucoup de gens de leurs moyens de subsistance : \u00ab De nombreuses personnes ont perdu leur emploi et dans le sud, les champs &#8211; dont ceux de nombreux chr\u00e9tiens &#8211; ont \u00e9t\u00e9 d\u00e9truits par des bombes au phosphore pour les ann\u00e9es \u00e0 venir. <a href=\"https:\/\/acninternational.org\/fr\/acn-lance-une-collecte-de-fonds-dun-million-deuros-pour-aider-leglise-a-faire-face-a-la-crise-au-liban\/\" target=\"_blank\" rel=\"noopener\">Les projets d&rsquo;aide d&rsquo;urgence de ACN<\/a> resteront donc cruciaux plusieurs mois apr\u00e8s le cessez-le-feu \u00bb, souligne la coordinatrice de projets. \u00ab Cela inclut, par exemple, le soutien aux \u00e9coles catholiques, car de nombreuses familles ne peuvent pas payer les frais de scolarit\u00e9 de leurs enfants, ce qui signifie notamment qu\u2019il n\u2019y a pas d\u2019argent pour payer les salaires des enseignants.\u00a0\u00bb<\/p>\n<p>Ce ne sont pas seulement les cultures mais aussi les maisons qui ont \u00e9t\u00e9 d\u00e9truites. La situation est aussi grave dans <a href=\"https:\/\/acninternational.org\/fr\/liban-ils-sont-en-securite-parce-quils-sont-dans-la-maison-de-dieu\/\" target=\"_blank\" rel=\"noopener\">le nord de la Bekaa<\/a>, o\u00f9 les projets d&rsquo;aide de ACN restent urgemment n\u00e9cessaires. D&rsquo;innombrables maisons ont \u00e9t\u00e9 bombard\u00e9es, emp\u00eachant de nombreux d\u00e9plac\u00e9s internes de retourner chez eux.<\/p>\n<p>En outre, des frappes a\u00e9riennes isol\u00e9es dans le sud du Liban et la situation encore incertaine suscitent la peur dans la population.\u00a0 Des contacts de ACN dans le dioc\u00e8se maronite de Sidon soulignent : \u00ab Les villages frontaliers dans le Sud sont dans une constante instabilit\u00e9. La paix n&rsquo;y est pas encore r\u00e9tablie et des bombardements sporadiques continuent d&rsquo;avoir lieu.\u00a0\u00bb<\/p>\n<figure id=\"attachment_238514\" aria-describedby=\"caption-attachment-238514\" style=\"width: 800px\" class=\"wp-caption aligncenter\"><img loading=\"lazy\" decoding=\"async\" class=\"wp-image-238514 size-large\" src=\"https:\/\/media.acninternational.org\/wp-content\/uploads\/2025\/01\/ACN-20250120-179335-1024x767.jpg\" alt=\"Maisons endommag\u00e9es appartenant aux paroissiens du dioc\u00e8se maronite de Tyr\" width=\"800\" height=\"599\" srcset=\"https:\/\/media.acninternational.org\/wp-content\/uploads\/2025\/01\/ACN-20250120-179335-1024x767.jpg 1024w, https:\/\/media.acninternational.org\/wp-content\/uploads\/2025\/01\/ACN-20250120-179335-300x225.jpg 300w, https:\/\/media.acninternational.org\/wp-content\/uploads\/2025\/01\/ACN-20250120-179335-768x575.jpg 768w, https:\/\/media.acninternational.org\/wp-content\/uploads\/2025\/01\/ACN-20250120-179335.jpg 1080w\" sizes=\"auto, (max-width: 800px) 100vw, 800px\" \/><figcaption id=\"caption-attachment-238514\" class=\"wp-caption-text\">Maisons endommag\u00e9es appartenant aux paroissiens du dioc\u00e8se maronite de Tyr<\/figcaption><\/figure>\n<p>Marielle Boutros explique que le 26 janvier est une date importante. En effet, le pr\u00e9sident Joseph Aoun a exig\u00e9 le retrait de l&rsquo;arm\u00e9e isra\u00e9lienne du sud au plus tard \u00e0 cette date. \u00ab\u00a0Beaucoup de choses d\u00e9pendent de cette date \u00bb, explique-t-elle. \u00ab D&rsquo;ici l\u00e0, personne ne commencera \u00e0 reconstruire ou \u00e0 r\u00e9parer sa maison. Personne ne veut reconstruire quelque chose qui pourrait \u00eatre d\u00e9truit \u00e0 nouveau. Continuons \u00e0 esp\u00e9rer et \u00e0 prier pour que la paix revienne dans notre pays.\u00a0\u00bb<\/p>\n<p>&nbsp;<\/p>\n","protected":false},"excerpt":{"rendered":"<p>Cultures et maisons d\u00e9truites, surtout dans le nord de la Bekaa, o\u00f9 les projets d&rsquo;aide de ACN restent urgemment n\u00e9cessaires.<\/p>\n","protected":false},"author":4258341405,"featured_media":238503,"comment_status":"closed","ping_status":"closed","sticky":false,"template":"","format":"standard","meta":{"_acf_changed":false,"_acn_coauthor_ids":[],"footnotes":""},"categories":[1276],"tags":[],"country":[847],"class_list":["post-238523","post","type-post","status-publish","format-standard","has-post-thumbnail","hentry","category-featured-fr","country-liban"],"acn_coauthors":[],"acf":[],"yoast_head":"<!-- This site is optimized with the Yoast SEO Premium plugin v27.3 (Yoast SEO v27.3) - https:\/\/yoast.com\/product\/yoast-seo-premium-wordpress\/ -->\n<title>Liban : entre espoir et incertitude | ACN International<\/title>\n<meta name=\"description\" content=\"Cultures et maisons d\u00e9truites, surtout dans le nord de la Bekaa, o\u00f9 les projets d&#039;aide de ACN restent urgemment n\u00e9cessaires.\" \/>\n<meta name=\"robots\" content=\"index, follow, max-snippet:-1, max-image-preview:large, max-video-preview:-1\" \/>\n<link rel=\"canonical\" href=\"https:\/\/acninternational.org\/fr\/liban-entre-espoir-et-incertitude\/\" \/>\n<meta property=\"og:locale\" content=\"fr_FR\" \/>\n<meta property=\"og:type\" content=\"article\" \/>\n<meta property=\"og:title\" content=\"Liban : entre espoir et incertitude\" \/>\n<meta property=\"og:description\" content=\"Cultures et maisons d\u00e9truites, surtout dans le nord de la Bekaa, o\u00f9 les projets d&#039;aide de ACN restent urgemment n\u00e9cessaires.\" \/>\n<meta property=\"og:url\" content=\"https:\/\/acninternational.org\/fr\/liban-entre-espoir-et-incertitude\/\" \/>\n<meta property=\"og:site_name\" content=\"ACN International\" \/>\n<meta property=\"article:publisher\" content=\"https:\/\/www.facebook.com\/acninternationalorg\" \/>\n<meta property=\"article:published_time\" content=\"2025-01-23T13:49:52+00:00\" \/>\n<meta property=\"article:modified_time\" content=\"2025-08-12T08:18:38+00:00\" \/>\n<meta property=\"og:image\" content=\"https:\/\/media.acninternational.org\/wp-content\/uploads\/2025\/01\/ACN-20250120-179325.jpg\" \/>\n\t<meta property=\"og:image:width\" content=\"1920\" \/>\n\t<meta property=\"og:image:height\" content=\"700\" \/>\n\t<meta property=\"og:image:type\" content=\"image\/jpeg\" \/>\n<meta name=\"author\" content=\"Sina Hartert\" \/>\n<meta name=\"twitter:card\" content=\"summary_large_image\" \/>\n<meta name=\"twitter:creator\" content=\"@acn_int\" \/>\n<meta name=\"twitter:site\" content=\"@acn_int\" \/>\n<meta name=\"twitter:label1\" content=\"\u00c9crit par\" \/>\n\t<meta name=\"twitter:data1\" content=\"Sina Hartert\" \/>\n\t<meta name=\"twitter:label2\" content=\"Dur\u00e9e de lecture estim\u00e9e\" \/>\n\t<meta name=\"twitter:data2\" content=\"3 minutes\" \/>\n<script type=\"application\/ld+json\" class=\"yoast-schema-graph\">{\"@context\":\"https:\\\/\\\/schema.org\",\"@graph\":[{\"@type\":\"Article\",\"@id\":\"https:\\\/\\\/acninternational.org\\\/fr\\\/liban-entre-espoir-et-incertitude\\\/#article\",\"isPartOf\":{\"@id\":\"https:\\\/\\\/acninternational.org\\\/fr\\\/liban-entre-espoir-et-incertitude\\\/\"},\"author\":{\"name\":\"Sina Hartert\",\"@id\":\"https:\\\/\\\/acninternational.org\\\/fr\\\/#\\\/schema\\\/person\\\/333738ed03abe11491094c5c30cf3133\"},\"headline\":\"Liban : entre espoir et incertitude\",\"datePublished\":\"2025-01-23T13:49:52+00:00\",\"dateModified\":\"2025-08-12T08:18:38+00:00\",\"mainEntityOfPage\":{\"@id\":\"https:\\\/\\\/acninternational.org\\\/fr\\\/liban-entre-espoir-et-incertitude\\\/\"},\"wordCount\":505,\"publisher\":{\"@id\":\"https:\\\/\\\/acninternational.org\\\/fr\\\/#organization\"},\"image\":{\"@id\":\"https:\\\/\\\/acninternational.org\\\/fr\\\/liban-entre-espoir-et-incertitude\\\/#primaryimage\"},\"thumbnailUrl\":\"https:\\\/\\\/media.acninternational.org\\\/wp-content\\\/uploads\\\/2025\\\/01\\\/ACN-20250120-179325.jpg\",\"articleSection\":[\"FEATURED\"],\"inLanguage\":\"fr-FR\"},{\"@type\":\"WebPage\",\"@id\":\"https:\\\/\\\/acninternational.org\\\/fr\\\/liban-entre-espoir-et-incertitude\\\/\",\"url\":\"https:\\\/\\\/acninternational.org\\\/fr\\\/liban-entre-espoir-et-incertitude\\\/\",\"name\":\"Liban : entre espoir et incertitude | ACN International\",\"isPartOf\":{\"@id\":\"https:\\\/\\\/acninternational.org\\\/fr\\\/#website\"},\"primaryImageOfPage\":{\"@id\":\"https:\\\/\\\/acninternational.org\\\/fr\\\/liban-entre-espoir-et-incertitude\\\/#primaryimage\"},\"image\":{\"@id\":\"https:\\\/\\\/acninternational.org\\\/fr\\\/liban-entre-espoir-et-incertitude\\\/#primaryimage\"},\"thumbnailUrl\":\"https:\\\/\\\/media.acninternational.org\\\/wp-content\\\/uploads\\\/2025\\\/01\\\/ACN-20250120-179325.jpg\",\"datePublished\":\"2025-01-23T13:49:52+00:00\",\"dateModified\":\"2025-08-12T08:18:38+00:00\",\"description\":\"Cultures et maisons d\u00e9truites, surtout dans le nord de la Bekaa, o\u00f9 les projets d'aide de ACN restent urgemment n\u00e9cessaires.\",\"breadcrumb\":{\"@id\":\"https:\\\/\\\/acninternational.org\\\/fr\\\/liban-entre-espoir-et-incertitude\\\/#breadcrumb\"},\"inLanguage\":\"fr-FR\",\"potentialAction\":[{\"@type\":\"ReadAction\",\"target\":[\"https:\\\/\\\/acninternational.org\\\/fr\\\/liban-entre-espoir-et-incertitude\\\/\"]}]},{\"@type\":\"ImageObject\",\"inLanguage\":\"fr-FR\",\"@id\":\"https:\\\/\\\/acninternational.org\\\/fr\\\/liban-entre-espoir-et-incertitude\\\/#primaryimage\",\"url\":\"https:\\\/\\\/media.acninternational.org\\\/wp-content\\\/uploads\\\/2025\\\/01\\\/ACN-20250120-179325.jpg\",\"contentUrl\":\"https:\\\/\\\/media.acninternational.org\\\/wp-content\\\/uploads\\\/2025\\\/01\\\/ACN-20250120-179325.jpg\",\"width\":1920,\"height\":700},{\"@type\":\"BreadcrumbList\",\"@id\":\"https:\\\/\\\/acninternational.org\\\/fr\\\/liban-entre-espoir-et-incertitude\\\/#breadcrumb\",\"itemListElement\":[{\"@type\":\"ListItem\",\"position\":1,\"name\":\"Home\",\"item\":\"https:\\\/\\\/acninternational.org\\\/fr\\\/\"},{\"@type\":\"ListItem\",\"position\":2,\"name\":\"FEATURED\",\"item\":\"https:\\\/\\\/acninternational.org\\\/fr\\\/category\\\/featured-fr\\\/\"},{\"@type\":\"ListItem\",\"position\":3,\"name\":\"Liban : entre espoir et incertitude\"}]},{\"@type\":\"WebSite\",\"@id\":\"https:\\\/\\\/acninternational.org\\\/fr\\\/#website\",\"url\":\"https:\\\/\\\/acninternational.org\\\/fr\\\/\",\"name\":\"ACN International\",\"description\":\"\",\"publisher\":{\"@id\":\"https:\\\/\\\/acninternational.org\\\/fr\\\/#organization\"},\"potentialAction\":[{\"@type\":\"SearchAction\",\"target\":{\"@type\":\"EntryPoint\",\"urlTemplate\":\"https:\\\/\\\/acninternational.org\\\/fr\\\/?s={search_term_string}\"},\"query-input\":{\"@type\":\"PropertyValueSpecification\",\"valueRequired\":true,\"valueName\":\"search_term_string\"}}],\"inLanguage\":\"fr-FR\"},{\"@type\":\"Organization\",\"@id\":\"https:\\\/\\\/acninternational.org\\\/fr\\\/#organization\",\"name\":\"Aid to the Church in Need International\",\"url\":\"https:\\\/\\\/acninternational.org\\\/fr\\\/\",\"logo\":{\"@type\":\"ImageObject\",\"inLanguage\":\"fr-FR\",\"@id\":\"https:\\\/\\\/acninternational.org\\\/fr\\\/#\\\/schema\\\/logo\\\/image\\\/\",\"url\":\"https:\\\/\\\/media.acninternational.org\\\/wp-content\\\/uploads\\\/2019\\\/11\\\/acn_logo_blackvector.svg\",\"contentUrl\":\"https:\\\/\\\/media.acninternational.org\\\/wp-content\\\/uploads\\\/2019\\\/11\\\/acn_logo_blackvector.svg\",\"width\":232.6,\"height\":78,\"caption\":\"Aid to the Church in Need International\"},\"image\":{\"@id\":\"https:\\\/\\\/acninternational.org\\\/fr\\\/#\\\/schema\\\/logo\\\/image\\\/\"},\"sameAs\":[\"https:\\\/\\\/www.facebook.com\\\/acninternationalorg\",\"https:\\\/\\\/x.com\\\/acn_int\",\"https:\\\/\\\/www.youtube.com\\\/channel\\\/UCQ-077gS0TnVzkhHmf1opZw\",\"https:\\\/\\\/www.instagram.com\\\/acn_international\\\/\"]},{\"@type\":\"Person\",\"@id\":\"https:\\\/\\\/acninternational.org\\\/fr\\\/#\\\/schema\\\/person\\\/333738ed03abe11491094c5c30cf3133\",\"name\":\"Sina Hartert\",\"description\":\"Lorem ipsum dolor sit amet, consectetur adipiscing elit, sed do eiusmod tempor incididunt ut labore et dolore magna aliqua. Ut enim ad minim veniam, quis nostrud exercitation ullamco laboris nisi ut aliquip ex ea commodo consequat.\",\"url\":\"https:\\\/\\\/acninternational.org\\\/fr\\\/author\\\/sina-hartert\\\/\"}]}<\/script>\n<!-- \/ Yoast SEO Premium plugin. -->","yoast_head_json":{"title":"Liban : entre espoir et incertitude | ACN International","description":"Cultures et maisons d\u00e9truites, surtout dans le nord de la Bekaa, o\u00f9 les projets d'aide de ACN restent urgemment n\u00e9cessaires.","robots":{"index":"index","follow":"follow","max-snippet":"max-snippet:-1","max-image-preview":"max-image-preview:large","max-video-preview":"max-video-preview:-1"},"canonical":"https:\/\/acninternational.org\/fr\/liban-entre-espoir-et-incertitude\/","og_locale":"fr_FR","og_type":"article","og_title":"Liban : entre espoir et incertitude","og_description":"Cultures et maisons d\u00e9truites, surtout dans le nord de la Bekaa, o\u00f9 les projets d'aide de ACN restent urgemment n\u00e9cessaires.","og_url":"https:\/\/acninternational.org\/fr\/liban-entre-espoir-et-incertitude\/","og_site_name":"ACN International","article_publisher":"https:\/\/www.facebook.com\/acninternationalorg","article_published_time":"2025-01-23T13:49:52+00:00","article_modified_time":"2025-08-12T08:18:38+00:00","og_image":[{"width":1920,"height":700,"url":"https:\/\/media.acninternational.org\/wp-content\/uploads\/2025\/01\/ACN-20250120-179325.jpg","type":"image\/jpeg"}],"author":"Sina Hartert","twitter_card":"summary_large_image","twitter_creator":"@acn_int","twitter_site":"@acn_int","twitter_misc":{"\u00c9crit par":"Sina Hartert","Dur\u00e9e de lecture estim\u00e9e":"3 minutes"},"schema":{"@context":"https:\/\/schema.org","@graph":[{"@type":"Article","@id":"https:\/\/acninternational.org\/fr\/liban-entre-espoir-et-incertitude\/#article","isPartOf":{"@id":"https:\/\/acninternational.org\/fr\/liban-entre-espoir-et-incertitude\/"},"author":{"name":"Sina Hartert","@id":"https:\/\/acninternational.org\/fr\/#\/schema\/person\/333738ed03abe11491094c5c30cf3133"},"headline":"Liban : entre espoir et incertitude","datePublished":"2025-01-23T13:49:52+00:00","dateModified":"2025-08-12T08:18:38+00:00","mainEntityOfPage":{"@id":"https:\/\/acninternational.org\/fr\/liban-entre-espoir-et-incertitude\/"},"wordCount":505,"publisher":{"@id":"https:\/\/acninternational.org\/fr\/#organization"},"image":{"@id":"https:\/\/acninternational.org\/fr\/liban-entre-espoir-et-incertitude\/#primaryimage"},"thumbnailUrl":"https:\/\/media.acninternational.org\/wp-content\/uploads\/2025\/01\/ACN-20250120-179325.jpg","articleSection":["FEATURED"],"inLanguage":"fr-FR"},{"@type":"WebPage","@id":"https:\/\/acninternational.org\/fr\/liban-entre-espoir-et-incertitude\/","url":"https:\/\/acninternational.org\/fr\/liban-entre-espoir-et-incertitude\/","name":"Liban : entre espoir et incertitude | ACN International","isPartOf":{"@id":"https:\/\/acninternational.org\/fr\/#website"},"primaryImageOfPage":{"@id":"https:\/\/acninternational.org\/fr\/liban-entre-espoir-et-incertitude\/#primaryimage"},"image":{"@id":"https:\/\/acninternational.org\/fr\/liban-entre-espoir-et-incertitude\/#primaryimage"},"thumbnailUrl":"https:\/\/media.acninternational.org\/wp-content\/uploads\/2025\/01\/ACN-20250120-179325.jpg","datePublished":"2025-01-23T13:49:52+00:00","dateModified":"2025-08-12T08:18:38+00:00","description":"Cultures et maisons d\u00e9truites, surtout dans le nord de la Bekaa, o\u00f9 les projets d'aide de ACN restent urgemment n\u00e9cessaires.","breadcrumb":{"@id":"https:\/\/acninternational.org\/fr\/liban-entre-espoir-et-incertitude\/#breadcrumb"},"inLanguage":"fr-FR","potentialAction":[{"@type":"ReadAction","target":["https:\/\/acninternational.org\/fr\/liban-entre-espoir-et-incertitude\/"]}]},{"@type":"ImageObject","inLanguage":"fr-FR","@id":"https:\/\/acninternational.org\/fr\/liban-entre-espoir-et-incertitude\/#primaryimage","url":"https:\/\/media.acninternational.org\/wp-content\/uploads\/2025\/01\/ACN-20250120-179325.jpg","contentUrl":"https:\/\/media.acninternational.org\/wp-content\/uploads\/2025\/01\/ACN-20250120-179325.jpg","width":1920,"height":700},{"@type":"BreadcrumbList","@id":"https:\/\/acninternational.org\/fr\/liban-entre-espoir-et-incertitude\/#breadcrumb","itemListElement":[{"@type":"ListItem","position":1,"name":"Home","item":"https:\/\/acninternational.org\/fr\/"},{"@type":"ListItem","position":2,"name":"FEATURED","item":"https:\/\/acninternational.org\/fr\/category\/featured-fr\/"},{"@type":"ListItem","position":3,"name":"Liban : entre espoir et incertitude"}]},{"@type":"WebSite","@id":"https:\/\/acninternational.org\/fr\/#website","url":"https:\/\/acninternational.org\/fr\/","name":"ACN International","description":"","publisher":{"@id":"https:\/\/acninternational.org\/fr\/#organization"},"potentialAction":[{"@type":"SearchAction","target":{"@type":"EntryPoint","urlTemplate":"https:\/\/acninternational.org\/fr\/?s={search_term_string}"},"query-input":{"@type":"PropertyValueSpecification","valueRequired":true,"valueName":"search_term_string"}}],"inLanguage":"fr-FR"},{"@type":"Organization","@id":"https:\/\/acninternational.org\/fr\/#organization","name":"Aid to the Church in Need International","url":"https:\/\/acninternational.org\/fr\/","logo":{"@type":"ImageObject","inLanguage":"fr-FR","@id":"https:\/\/acninternational.org\/fr\/#\/schema\/logo\/image\/","url":"https:\/\/media.acninternational.org\/wp-content\/uploads\/2019\/11\/acn_logo_blackvector.svg","contentUrl":"https:\/\/media.acninternational.org\/wp-content\/uploads\/2019\/11\/acn_logo_blackvector.svg","width":232.6,"height":78,"caption":"Aid to the Church in Need International"},"image":{"@id":"https:\/\/acninternational.org\/fr\/#\/schema\/logo\/image\/"},"sameAs":["https:\/\/www.facebook.com\/acninternationalorg","https:\/\/x.com\/acn_int","https:\/\/www.youtube.com\/channel\/UCQ-077gS0TnVzkhHmf1opZw","https:\/\/www.instagram.com\/acn_international\/"]},{"@type":"Person","@id":"https:\/\/acninternational.org\/fr\/#\/schema\/person\/333738ed03abe11491094c5c30cf3133","name":"Sina Hartert","description":"Lorem ipsum dolor sit amet, consectetur adipiscing elit, sed do eiusmod tempor incididunt ut labore et dolore magna aliqua. Ut enim ad minim veniam, quis nostrud exercitation ullamco laboris nisi ut aliquip ex ea commodo consequat.","url":"https:\/\/acninternational.org\/fr\/author\/sina-hartert\/"}]}},"_links":{"self":[{"href":"https:\/\/acninternational.org\/fr\/wp-json\/wp\/v2\/posts\/238523","targetHints":{"allow":["GET"]}}],"collection":[{"href":"https:\/\/acninternational.org\/fr\/wp-json\/wp\/v2\/posts"}],"about":[{"href":"https:\/\/acninternational.org\/fr\/wp-json\/wp\/v2\/types\/post"}],"author":[{"embeddable":true,"href":"https:\/\/acninternational.org\/fr\/wp-json\/wp\/v2\/users\/4258341405"}],"replies":[{"embeddable":true,"href":"https:\/\/acninternational.org\/fr\/wp-json\/wp\/v2\/comments?post=238523"}],"version-history":[{"count":2,"href":"https:\/\/acninternational.org\/fr\/wp-json\/wp\/v2\/posts\/238523\/revisions"}],"predecessor-version":[{"id":245217,"href":"https:\/\/acninternational.org\/fr\/wp-json\/wp\/v2\/posts\/238523\/revisions\/245217"}],"wp:featuredmedia":[{"embeddable":true,"href":"https:\/\/acninternational.org\/fr\/wp-json\/wp\/v2\/media\/238503"}],"wp:attachment":[{"href":"https:\/\/acninternational.org\/fr\/wp-json\/wp\/v2\/media?parent=238523"}],"wp:term":[{"taxonomy":"category","embeddable":true,"href":"https:\/\/acninternational.org\/fr\/wp-json\/wp\/v2\/categories?post=238523"},{"taxonomy":"post_tag","embeddable":true,"href":"https:\/\/acninternational.org\/fr\/wp-json\/wp\/v2\/tags?post=238523"},{"taxonomy":"country","embeddable":true,"href":"https:\/\/acninternational.org\/fr\/wp-json\/wp\/v2\/country?post=238523"}],"curies":[{"name":"wp","href":"https:\/\/api.w.org\/{rel}","templated":true}]}}