{"id":237720,"date":"2025-01-09T11:28:50","date_gmt":"2025-01-09T10:28:50","guid":{"rendered":"https:\/\/acninternational.org\/?p=237720"},"modified":"2025-08-12T10:19:18","modified_gmt":"2025-08-12T08:19:18","slug":"cameroun-ce-ne-sont-pas-les-armes-qui-vaincront-boko-haram-mais-leducation-et-lespoir-dun-avenir-meilleur","status":"publish","type":"post","link":"https:\/\/acninternational.org\/fr\/cameroun-ce-ne-sont-pas-les-armes-qui-vaincront-boko-haram-mais-leducation-et-lespoir-dun-avenir-meilleur\/","title":{"rendered":"Cameroun : Ce ne sont pas les armes qui vaincront Boko Haram, mais l\u2019\u00e9ducation et l\u2019espoir d\u2019un avenir meilleur"},"content":{"rendered":"<p><em>Le dioc\u00e8se de Maroua-Mokolo dans l\u2019extr\u00eame nord du Cameroun continue de souffrir d\u2019attaques sporadiques de Boko Haram. Mgr Bruno Ateba partage avec Aid to the Church in Need (ACN) son espoir pour l&rsquo;avenir \u00e0 travers des projets de formation spirituelle et d\u2019\u00e9ducation, notamment pour les jeunes et les familles. Il explique \u00e9galement l&rsquo;importance de la traduction de la Bible en langue mafa, un outil puissant pour renforcer la foi d\u2019une tribu majoritairement chr\u00e9tienne.<\/em><\/p>\n<figure id=\"attachment_237655\" aria-describedby=\"caption-attachment-237655\" style=\"width: 800px\" class=\"wp-caption aligncenter\"><img loading=\"lazy\" decoding=\"async\" class=\"wp-image-237655 size-large\" src=\"https:\/\/media.acninternational.org\/wp-content\/uploads\/2025\/01\/ACN-20220930-134291-1024x576.jpg\" alt=\"Mgr Bruno Ateba\" width=\"800\" height=\"450\" srcset=\"https:\/\/media.acninternational.org\/wp-content\/uploads\/2025\/01\/ACN-20220930-134291-1024x576.jpg 1024w, https:\/\/media.acninternational.org\/wp-content\/uploads\/2025\/01\/ACN-20220930-134291-300x169.jpg 300w, https:\/\/media.acninternational.org\/wp-content\/uploads\/2025\/01\/ACN-20220930-134291-768x432.jpg 768w, https:\/\/media.acninternational.org\/wp-content\/uploads\/2025\/01\/ACN-20220930-134291.jpg 1080w\" sizes=\"auto, (max-width: 800px) 100vw, 800px\" \/><figcaption id=\"caption-attachment-237655\" class=\"wp-caption-text\">Mgr Bruno Ateba<\/figcaption><\/figure>\n<h4><strong>Depuis 2013, votre dioc\u00e8se de Maroua-Mokolo, situ\u00e9 \u00e0 la fronti\u00e8re avec le Nigeria, souffre des attaques du groupe islamiste Boko Haram. Quelle est la situation actuellement dans le dioc\u00e8se ?<\/strong><\/h4>\n<p>La situation est plus calme depuis un certain temps, mais il y a toujours des attaques sporadiques. Sur le plan militaire, Boko Haram a bien diminu\u00e9. Avant, ils avaient tous des armes lourdes. Aujourd\u2019hui, seuls quelques-uns en ont encore, mais ce sont toujours des bandits qui viennent piller de la nourriture, du b\u00e9tail, de l\u2019argent et m\u00eame des habits. Ce sont surtout les deux paroisses situ\u00e9es directement \u00e0 la fronti\u00e8re, la paroisse de Mutskar et celle de Nguetchewe, qui en souffrent. Il y a deux \u00e0 trois attaques par mois car les terroristes ont faim. La nuit, la plupart de la population le long de la fronti\u00e8re ne dort pas sur place, certains dorment m\u00eame dans les arbres. La plupart du temps, l\u2019arm\u00e9e est l\u00e0 pour prot\u00e9ger la population, mais les partisans de Boko Haram au Cameroun pr\u00e9viennent Boko Haram au Nig\u00e9ria quand les soldats ne sont pas l\u00e0. Les gens ont peur. Moi, quand je vais visiter ces paroisses, je suis accompagn\u00e9 par des militaires. Je les appelle mes \u2018anges gardiens\u2019.<\/p>\n<h4><strong>Selon vous, quels sont les prochains pas \u00e0 faire pour lutter contre Boko Haram et pour assurer un meilleur avenir du pays ? <\/strong><\/h4>\n<p>Ce ne sont pas les armes qui vont r\u00e9soudre ce probl\u00e8me de Boko Haram. Non\u00a0! La premi\u00e8re chose, c\u2019est la formation et le travail. Si les jeunes ont des perspectives, alors il sera difficile pour Boko Haram de recruter de nouveaux membres et de leur faire un lavage de cerveau.<\/p>\n<p>Le grand projet qui me tient beaucoup \u00e0 c\u0153ur et que j\u2019esp\u00e8re pouvoir r\u00e9aliser \u00e0 l\u2019avenir avec l\u2019aide de ACN, c\u2019est la construction d\u2019un centre pastoral pour la formation humaine et spirituelle\u00a0\u00e0 Mokolo. Je souhaite notamment que les couples puissent y recevoir une formation sur la th\u00e9ologie du corps de Saint Jean-Paul II. Ce sera aussi un lieu pour les amener \u00e0 faire \u00e9voluer l\u2018\u00e9ducation des jeunes filles. Dans notre culture, il est courant qu&rsquo;une fille doive se marier vers l&rsquo;\u00e2ge de 13 ans. En g\u00e9n\u00e9ral, elle arr\u00eate alors d&rsquo;aller \u00e0 l&rsquo;\u00e9cole. Dans ce centre, on commencera donc \u00e0 \u00e9duquer d\u2019abord les parents. Quand vous avez form\u00e9 une m\u00e8re, vous avez form\u00e9 une nation. Par ailleurs, on y proposera aussi des formations sur l\u2019hygi\u00e8ne et la sant\u00e9 : comment nourrir les enfants ? En effet, pendant la saison des pluies, des gens sont infect\u00e9s par le chol\u00e9ra parce qu\u2019ils boivent l\u2019eau n\u2019importe comment. Ce centre sera aussi un lieu pour partager ensemble la Parole de Dieu\u2026<\/p>\n<h4><strong>Justement, ACN vous a soutenu pour pouvoir traduire la Bible en la langue mafa. Pourriez-vous expliquer l\u2019importance de ce projet\u00a0?<\/strong><\/h4>\n<p>Dans notre dioc\u00e8se, o\u00f9 les Mafa sont majoritairement chr\u00e9tiens, le mafa est la langue la plus r\u00e9pandue. Les premiers missionnaires fran\u00e7ais, italiens et belges ont fait un travail de base en traduisant les textes liturgiques en mafa. Mais jusqu\u2019\u00e0 pr\u00e9sent, les Mafa n\u2019avaient pas de Bible compl\u00e8te. Or, il est si important de pouvoir lire la Bonne Nouvelle dans sa propre langue car on en est ainsi beaucoup plus touch\u00e9. C\u2019est cela, l\u2019inculturation. Gr\u00e2ce \u00e0 cette Bible, les gens d\u00e9couvriront bien davantage qui est Dieu, qui est J\u00e9sus Christ. Nous sommes fiers de ce travail de traduction qui a dur\u00e9 quatre ann\u00e9es.<\/p>\n<figure id=\"attachment_237693\" aria-describedby=\"caption-attachment-237693\" style=\"width: 800px\" class=\"wp-caption aligncenter\"><img loading=\"lazy\" decoding=\"async\" class=\"wp-image-237693 size-large\" src=\"https:\/\/media.acninternational.org\/wp-content\/uploads\/2025\/01\/ACN-20200311-98456-1024x576.jpg\" alt=\"Mgr Bruno Ateba lors de la cat\u00e9ch\u00e8se avec les cat\u00e9chistes\" width=\"800\" height=\"450\" srcset=\"https:\/\/media.acninternational.org\/wp-content\/uploads\/2025\/01\/ACN-20200311-98456-1024x576.jpg 1024w, https:\/\/media.acninternational.org\/wp-content\/uploads\/2025\/01\/ACN-20200311-98456-300x169.jpg 300w, https:\/\/media.acninternational.org\/wp-content\/uploads\/2025\/01\/ACN-20200311-98456-768x432.jpg 768w, https:\/\/media.acninternational.org\/wp-content\/uploads\/2025\/01\/ACN-20200311-98456.jpg 1080w\" sizes=\"auto, (max-width: 800px) 100vw, 800px\" \/><figcaption id=\"caption-attachment-237693\" class=\"wp-caption-text\">Mgr Bruno Ateba lors de la cat\u00e9ch\u00e8se avec les cat\u00e9chistes<\/figcaption><\/figure>\n<p>D\u2019ailleurs, nous n\u2019avons pas beaucoup de livres en mafa. La Bible est donc un des seuls livres en cette langue, et m\u00eame si 50% des Mafa sont illettr\u00e9s, la nouvelle g\u00e9n\u00e9ration, elle, sait lire. Les jeunes peuvent donc maintenant apprendre \u00e0 lire en mafa avec cette Bible. C\u2019est merveilleux\u00a0! Je remercie de tout c\u0153ur ACN pour le soutien pr\u00e9cieux.<\/p>\n<h4><strong>En g\u00e9n\u00e9ral, dans le nord du Cameroun, les chr\u00e9tiens sont quand m\u00eame tr\u00e8s minoritaires. Comment vivez-vous la foi chr\u00e9tienne dans un environnement musulman\u00a0?<\/strong><\/h4>\n<p>Dans la ville de Maroua o\u00f9 je vis, on compte deux millions d\u2019habitants dont 95% sont musulmans et 5% chr\u00e9tiens. Les musulmans ont tout en main\u00a0: le commerce, le transport, la politique. Nous essayons de vivre une pastorale du t\u00e9moignage. Les musulmans nous respectent \u00e0 travers nos \u0153uvres. Quand on s\u2019occupe des pauvres et des enfants dans la rue, on ne demande pas si la personne est musulmane ou chr\u00e9tienne. Nous sommes tous les enfants d\u2019un m\u00eame\u00a0P\u00e8re. Aussi, les musulmans envoient leurs enfants dans nos \u00e9coles car ils appr\u00e9cient la discipline et le bon enseignement. Les enfants musulmans ont souvent les meilleures notes dans les cours de cat\u00e9ch\u00e8se\u00a0! A la maison, ils r\u00e9citent le Notre-P\u00e8re et le Ave Maria et les parents n\u2019ont pas de probl\u00e8me avec cela. C\u2019est la m\u00eame chose pour notre grand centre de sant\u00e9 g\u00e9r\u00e9 par les S\u0153urs Missionnaires du Christ J\u00e9sus \u00e0 Bogo : Beaucoup des femmes musulmanes y vont, puisque dans les h\u00f4pitaux de l\u2019\u00c9tat, elles seraient aussi examin\u00e9es par des hommes ce qui est inconcevable pour elles. De plus, elles appr\u00e9cient l\u2019accueil et la qualit\u00e9 de traitements chez nous. Quand il y avait les menaces d\u2019enl\u00e8vements par Boko Haram, je suis all\u00e9 voir le chef des musulmans pour lui dire qu\u2019on allait fermer le grand centre de sant\u00e9 de nos s\u0153urs pour des raisons de s\u00e9curit\u00e9. Il ne voulait pas qu\u2019on ferme et nous a promis de nous prot\u00e9ger.<\/p>\n<h4><strong>Gr\u00e2ce aux bienfaiteurs, ACN est capable d\u2019accompagner et de soutenir l&rsquo;\u00c9glise au Cameroun depuis plus de 30 ans. Y a-t-il un message particulier que vous souhaiteriez adresser \u00e0 ceux qui rendent ce soutien possible ?<\/strong><\/h4>\n<p>La plupart des cultures enseignent aux enfants \u00e0 dire merci. Je saisis une fois de plus l&rsquo;occasion pour exprimer ma profonde gratitude \u00e0 ACN et aux bienfaiteurs, qui nous soutiennent dans notre travail pastoral. Ce n&rsquo;est pas facile chez nous, notamment \u00e0 cause des conditions climatiques, de la pauvret\u00e9 et de la terreur, mais ACN nous aide \u00e9norm\u00e9ment : que ce soit pour la formation des pr\u00eatres, des s\u00e9minaristes, ou pour divers projets.<\/p>\n<figure id=\"attachment_237669\" aria-describedby=\"caption-attachment-237669\" style=\"width: 720px\" class=\"wp-caption aligncenter\"><img loading=\"lazy\" decoding=\"async\" class=\"wp-image-237669 size-full\" src=\"https:\/\/media.acninternational.org\/wp-content\/uploads\/2025\/01\/ACN-20230704-149109.jpg\" alt=\"Sc\u00e8ne biblique \u00e0 l\u2019int\u00e9rieur de la nouvelle cath\u00e9drale de Maroua, construite avec l\u2019aide de ACN.\" width=\"720\" height=\"960\" srcset=\"https:\/\/media.acninternational.org\/wp-content\/uploads\/2025\/01\/ACN-20230704-149109.jpg 720w, https:\/\/media.acninternational.org\/wp-content\/uploads\/2025\/01\/ACN-20230704-149109-225x300.jpg 225w\" sizes=\"auto, (max-width: 720px) 100vw, 720px\" \/><figcaption id=\"caption-attachment-237669\" class=\"wp-caption-text\">Sc\u00e8ne biblique \u00e0 l\u2019int\u00e9rieur de la nouvelle cath\u00e9drale de Maroua, construite avec l\u2019aide de ACN.<\/figcaption><\/figure>\n<p>Un projet qui me tenait particuli\u00e8rement \u00e0 c\u0153ur lorsque je suis arriv\u00e9 en tant que jeune \u00e9v\u00eaque en 2014 \u00e9tait la construction de la cath\u00e9drale Notre-Dame de l&rsquo;Assomption \u00e0 Maroua-Founangue. A l\u2019\u00e9poque, l&rsquo;\u00e9v\u00eaque n&rsquo;avait pas de lieu propre pour c\u00e9l\u00e9brer la messe avec tous ses fid\u00e8les. Le dioc\u00e8se, fond\u00e9 en 1973, n&rsquo;avait pas pu construire de cath\u00e9drale parce qu&rsquo;il y avait auparavant de nombreux besoins et priorit\u00e9s dans les domaines de la sant\u00e9 et de l&rsquo;\u00e9ducation. Mon ordination \u00e9piscopale a eu lieu au stade municipal de la ville\u00a0! ACN nous a soutenu avec des fonds et je remercie la fondation du fond de mon c\u0153ur. Le jour de la cons\u00e9cration de la cath\u00e9drale, en juillet 2023, nous avons pri\u00e9 pour tous les bienfaiteurs. D&rsquo;ailleurs, dans la cath\u00e9drale, il y a une plaque en reconnaissance \u00e0 ACN. Sans votre aide, nous ne pourrions pas garder la t\u00eate haute.<\/p>\n<p>Alors je dis simplement : \u00ab\u00a0Vergelt\u2019s Gott !\u00a0\u00bb (Que Dieu vous r\u00e9compense), car je ne peux rien donner en retour, mais Dieu saura vous r\u00e9compenser. Je prie pour vous, chers bienfaiteurs, qui avez une place particuli\u00e8re dans mon c\u0153ur et dans notre dioc\u00e8se.<\/p>\n<p>&nbsp;<\/p>\n","protected":false},"excerpt":{"rendered":"<p>Si les jeunes ont des perspectives, il sera difficile pour Boko Haram de recruter de nouveaux membres et de les manipuler.<\/p>\n","protected":false},"author":4258341405,"featured_media":237650,"comment_status":"closed","ping_status":"closed","sticky":false,"template":"","format":"standard","meta":{"_acf_changed":false,"_acn_coauthor_ids":[],"footnotes":""},"categories":[928],"tags":[],"country":[894],"class_list":["post-237720","post","type-post","status-publish","format-standard","has-post-thumbnail","hentry","category-interview","country-cameroun"],"acn_coauthors":[],"acf":[],"yoast_head":"<!-- This site is optimized with the Yoast SEO Premium plugin v27.3 (Yoast SEO v27.3) - https:\/\/yoast.com\/product\/yoast-seo-premium-wordpress\/ -->\n<title>Cameroun : Ce ne sont pas les armes qui vaincront Boko Haram, mais l\u2019\u00e9ducation et l\u2019espoir d\u2019un avenir meilleur | ACN International<\/title>\n<meta name=\"description\" content=\"Si les jeunes ont des perspectives, il sera difficile pour Boko Haram de recruter de nouveaux membres et de les manipuler.\" \/>\n<meta name=\"robots\" content=\"index, follow, max-snippet:-1, max-image-preview:large, max-video-preview:-1\" \/>\n<link rel=\"canonical\" href=\"https:\/\/acninternational.org\/fr\/cameroun-ce-ne-sont-pas-les-armes-qui-vaincront-boko-haram-mais-leducation-et-lespoir-dun-avenir-meilleur\/\" \/>\n<meta property=\"og:locale\" content=\"fr_FR\" \/>\n<meta property=\"og:type\" content=\"article\" \/>\n<meta property=\"og:title\" content=\"Cameroun : Ce ne sont pas les armes qui vaincront Boko Haram, mais l\u2019\u00e9ducation et l\u2019espoir d\u2019un avenir meilleur\" \/>\n<meta property=\"og:description\" content=\"Si les jeunes ont des perspectives, il sera difficile pour Boko Haram de recruter de nouveaux membres et de les manipuler.\" \/>\n<meta property=\"og:url\" content=\"https:\/\/acninternational.org\/fr\/cameroun-ce-ne-sont-pas-les-armes-qui-vaincront-boko-haram-mais-leducation-et-lespoir-dun-avenir-meilleur\/\" \/>\n<meta property=\"og:site_name\" content=\"ACN International\" \/>\n<meta property=\"article:publisher\" content=\"https:\/\/www.facebook.com\/acninternationalorg\" \/>\n<meta property=\"article:published_time\" content=\"2025-01-09T10:28:50+00:00\" \/>\n<meta property=\"article:modified_time\" content=\"2025-08-12T08:19:18+00:00\" \/>\n<meta property=\"og:image\" content=\"https:\/\/media.acninternational.org\/wp-content\/uploads\/2025\/01\/ACN-20240430-164118.jpeg\" \/>\n\t<meta property=\"og:image:width\" content=\"1920\" \/>\n\t<meta property=\"og:image:height\" content=\"700\" \/>\n\t<meta property=\"og:image:type\" content=\"image\/jpeg\" \/>\n<meta name=\"author\" content=\"Sina Hartert\" \/>\n<meta name=\"twitter:card\" content=\"summary_large_image\" \/>\n<meta name=\"twitter:creator\" content=\"@acn_int\" \/>\n<meta name=\"twitter:site\" content=\"@acn_int\" \/>\n<meta name=\"twitter:label1\" content=\"\u00c9crit par\" \/>\n\t<meta name=\"twitter:data1\" content=\"Sina Hartert\" \/>\n\t<meta name=\"twitter:label2\" content=\"Dur\u00e9e de lecture estim\u00e9e\" \/>\n\t<meta name=\"twitter:data2\" content=\"7 minutes\" \/>\n<script type=\"application\/ld+json\" class=\"yoast-schema-graph\">{\"@context\":\"https:\\\/\\\/schema.org\",\"@graph\":[{\"@type\":\"Article\",\"@id\":\"https:\\\/\\\/acninternational.org\\\/fr\\\/cameroun-ce-ne-sont-pas-les-armes-qui-vaincront-boko-haram-mais-leducation-et-lespoir-dun-avenir-meilleur\\\/#article\",\"isPartOf\":{\"@id\":\"https:\\\/\\\/acninternational.org\\\/fr\\\/cameroun-ce-ne-sont-pas-les-armes-qui-vaincront-boko-haram-mais-leducation-et-lespoir-dun-avenir-meilleur\\\/\"},\"author\":{\"name\":\"Sina Hartert\",\"@id\":\"https:\\\/\\\/acninternational.org\\\/fr\\\/#\\\/schema\\\/person\\\/333738ed03abe11491094c5c30cf3133\"},\"headline\":\"Cameroun : Ce ne sont pas les armes qui vaincront Boko Haram, mais l\u2019\u00e9ducation et l\u2019espoir d\u2019un avenir meilleur\",\"datePublished\":\"2025-01-09T10:28:50+00:00\",\"dateModified\":\"2025-08-12T08:19:18+00:00\",\"mainEntityOfPage\":{\"@id\":\"https:\\\/\\\/acninternational.org\\\/fr\\\/cameroun-ce-ne-sont-pas-les-armes-qui-vaincront-boko-haram-mais-leducation-et-lespoir-dun-avenir-meilleur\\\/\"},\"wordCount\":1446,\"publisher\":{\"@id\":\"https:\\\/\\\/acninternational.org\\\/fr\\\/#organization\"},\"image\":{\"@id\":\"https:\\\/\\\/acninternational.org\\\/fr\\\/cameroun-ce-ne-sont-pas-les-armes-qui-vaincront-boko-haram-mais-leducation-et-lespoir-dun-avenir-meilleur\\\/#primaryimage\"},\"thumbnailUrl\":\"https:\\\/\\\/media.acninternational.org\\\/wp-content\\\/uploads\\\/2025\\\/01\\\/ACN-20240430-164118.jpeg\",\"articleSection\":[\"Interview\"],\"inLanguage\":\"fr-FR\"},{\"@type\":\"WebPage\",\"@id\":\"https:\\\/\\\/acninternational.org\\\/fr\\\/cameroun-ce-ne-sont-pas-les-armes-qui-vaincront-boko-haram-mais-leducation-et-lespoir-dun-avenir-meilleur\\\/\",\"url\":\"https:\\\/\\\/acninternational.org\\\/fr\\\/cameroun-ce-ne-sont-pas-les-armes-qui-vaincront-boko-haram-mais-leducation-et-lespoir-dun-avenir-meilleur\\\/\",\"name\":\"Cameroun : Ce ne sont pas les armes qui vaincront Boko Haram, mais l\u2019\u00e9ducation et l\u2019espoir d\u2019un avenir meilleur | ACN International\",\"isPartOf\":{\"@id\":\"https:\\\/\\\/acninternational.org\\\/fr\\\/#website\"},\"primaryImageOfPage\":{\"@id\":\"https:\\\/\\\/acninternational.org\\\/fr\\\/cameroun-ce-ne-sont-pas-les-armes-qui-vaincront-boko-haram-mais-leducation-et-lespoir-dun-avenir-meilleur\\\/#primaryimage\"},\"image\":{\"@id\":\"https:\\\/\\\/acninternational.org\\\/fr\\\/cameroun-ce-ne-sont-pas-les-armes-qui-vaincront-boko-haram-mais-leducation-et-lespoir-dun-avenir-meilleur\\\/#primaryimage\"},\"thumbnailUrl\":\"https:\\\/\\\/media.acninternational.org\\\/wp-content\\\/uploads\\\/2025\\\/01\\\/ACN-20240430-164118.jpeg\",\"datePublished\":\"2025-01-09T10:28:50+00:00\",\"dateModified\":\"2025-08-12T08:19:18+00:00\",\"description\":\"Si les jeunes ont des perspectives, il sera difficile pour Boko Haram de recruter de nouveaux membres et de les manipuler.\",\"breadcrumb\":{\"@id\":\"https:\\\/\\\/acninternational.org\\\/fr\\\/cameroun-ce-ne-sont-pas-les-armes-qui-vaincront-boko-haram-mais-leducation-et-lespoir-dun-avenir-meilleur\\\/#breadcrumb\"},\"inLanguage\":\"fr-FR\",\"potentialAction\":[{\"@type\":\"ReadAction\",\"target\":[\"https:\\\/\\\/acninternational.org\\\/fr\\\/cameroun-ce-ne-sont-pas-les-armes-qui-vaincront-boko-haram-mais-leducation-et-lespoir-dun-avenir-meilleur\\\/\"]}]},{\"@type\":\"ImageObject\",\"inLanguage\":\"fr-FR\",\"@id\":\"https:\\\/\\\/acninternational.org\\\/fr\\\/cameroun-ce-ne-sont-pas-les-armes-qui-vaincront-boko-haram-mais-leducation-et-lespoir-dun-avenir-meilleur\\\/#primaryimage\",\"url\":\"https:\\\/\\\/media.acninternational.org\\\/wp-content\\\/uploads\\\/2025\\\/01\\\/ACN-20240430-164118.jpeg\",\"contentUrl\":\"https:\\\/\\\/media.acninternational.org\\\/wp-content\\\/uploads\\\/2025\\\/01\\\/ACN-20240430-164118.jpeg\",\"width\":1920,\"height\":700},{\"@type\":\"BreadcrumbList\",\"@id\":\"https:\\\/\\\/acninternational.org\\\/fr\\\/cameroun-ce-ne-sont-pas-les-armes-qui-vaincront-boko-haram-mais-leducation-et-lespoir-dun-avenir-meilleur\\\/#breadcrumb\",\"itemListElement\":[{\"@type\":\"ListItem\",\"position\":1,\"name\":\"Home\",\"item\":\"https:\\\/\\\/acninternational.org\\\/fr\\\/\"},{\"@type\":\"ListItem\",\"position\":2,\"name\":\"Interview\",\"item\":\"https:\\\/\\\/acninternational.org\\\/fr\\\/category\\\/interview-2-fr\\\/\"},{\"@type\":\"ListItem\",\"position\":3,\"name\":\"Cameroun : Ce ne sont pas les armes qui vaincront Boko Haram, mais l\u2019\u00e9ducation et l\u2019espoir d\u2019un avenir meilleur\"}]},{\"@type\":\"WebSite\",\"@id\":\"https:\\\/\\\/acninternational.org\\\/fr\\\/#website\",\"url\":\"https:\\\/\\\/acninternational.org\\\/fr\\\/\",\"name\":\"ACN International\",\"description\":\"\",\"publisher\":{\"@id\":\"https:\\\/\\\/acninternational.org\\\/fr\\\/#organization\"},\"potentialAction\":[{\"@type\":\"SearchAction\",\"target\":{\"@type\":\"EntryPoint\",\"urlTemplate\":\"https:\\\/\\\/acninternational.org\\\/fr\\\/?s={search_term_string}\"},\"query-input\":{\"@type\":\"PropertyValueSpecification\",\"valueRequired\":true,\"valueName\":\"search_term_string\"}}],\"inLanguage\":\"fr-FR\"},{\"@type\":\"Organization\",\"@id\":\"https:\\\/\\\/acninternational.org\\\/fr\\\/#organization\",\"name\":\"Aid to the Church in Need International\",\"url\":\"https:\\\/\\\/acninternational.org\\\/fr\\\/\",\"logo\":{\"@type\":\"ImageObject\",\"inLanguage\":\"fr-FR\",\"@id\":\"https:\\\/\\\/acninternational.org\\\/fr\\\/#\\\/schema\\\/logo\\\/image\\\/\",\"url\":\"https:\\\/\\\/media.acninternational.org\\\/wp-content\\\/uploads\\\/2019\\\/11\\\/acn_logo_blackvector.svg\",\"contentUrl\":\"https:\\\/\\\/media.acninternational.org\\\/wp-content\\\/uploads\\\/2019\\\/11\\\/acn_logo_blackvector.svg\",\"width\":232.6,\"height\":78,\"caption\":\"Aid to the Church in Need International\"},\"image\":{\"@id\":\"https:\\\/\\\/acninternational.org\\\/fr\\\/#\\\/schema\\\/logo\\\/image\\\/\"},\"sameAs\":[\"https:\\\/\\\/www.facebook.com\\\/acninternationalorg\",\"https:\\\/\\\/x.com\\\/acn_int\",\"https:\\\/\\\/www.youtube.com\\\/channel\\\/UCQ-077gS0TnVzkhHmf1opZw\",\"https:\\\/\\\/www.instagram.com\\\/acn_international\\\/\"]},{\"@type\":\"Person\",\"@id\":\"https:\\\/\\\/acninternational.org\\\/fr\\\/#\\\/schema\\\/person\\\/333738ed03abe11491094c5c30cf3133\",\"name\":\"Sina Hartert\",\"description\":\"Lorem ipsum dolor sit amet, consectetur adipiscing elit, sed do eiusmod tempor incididunt ut labore et dolore magna aliqua. Ut enim ad minim veniam, quis nostrud exercitation ullamco laboris nisi ut aliquip ex ea commodo consequat.\",\"url\":\"https:\\\/\\\/acninternational.org\\\/fr\\\/author\\\/sina-hartert\\\/\"}]}<\/script>\n<!-- \/ Yoast SEO Premium plugin. -->","yoast_head_json":{"title":"Cameroun : Ce ne sont pas les armes qui vaincront Boko Haram, mais l\u2019\u00e9ducation et l\u2019espoir d\u2019un avenir meilleur | ACN International","description":"Si les jeunes ont des perspectives, il sera difficile pour Boko Haram de recruter de nouveaux membres et de les manipuler.","robots":{"index":"index","follow":"follow","max-snippet":"max-snippet:-1","max-image-preview":"max-image-preview:large","max-video-preview":"max-video-preview:-1"},"canonical":"https:\/\/acninternational.org\/fr\/cameroun-ce-ne-sont-pas-les-armes-qui-vaincront-boko-haram-mais-leducation-et-lespoir-dun-avenir-meilleur\/","og_locale":"fr_FR","og_type":"article","og_title":"Cameroun : Ce ne sont pas les armes qui vaincront Boko Haram, mais l\u2019\u00e9ducation et l\u2019espoir d\u2019un avenir meilleur","og_description":"Si les jeunes ont des perspectives, il sera difficile pour Boko Haram de recruter de nouveaux membres et de les manipuler.","og_url":"https:\/\/acninternational.org\/fr\/cameroun-ce-ne-sont-pas-les-armes-qui-vaincront-boko-haram-mais-leducation-et-lespoir-dun-avenir-meilleur\/","og_site_name":"ACN International","article_publisher":"https:\/\/www.facebook.com\/acninternationalorg","article_published_time":"2025-01-09T10:28:50+00:00","article_modified_time":"2025-08-12T08:19:18+00:00","og_image":[{"width":1920,"height":700,"url":"https:\/\/media.acninternational.org\/wp-content\/uploads\/2025\/01\/ACN-20240430-164118.jpeg","type":"image\/jpeg"}],"author":"Sina Hartert","twitter_card":"summary_large_image","twitter_creator":"@acn_int","twitter_site":"@acn_int","twitter_misc":{"\u00c9crit par":"Sina Hartert","Dur\u00e9e de lecture estim\u00e9e":"7 minutes"},"schema":{"@context":"https:\/\/schema.org","@graph":[{"@type":"Article","@id":"https:\/\/acninternational.org\/fr\/cameroun-ce-ne-sont-pas-les-armes-qui-vaincront-boko-haram-mais-leducation-et-lespoir-dun-avenir-meilleur\/#article","isPartOf":{"@id":"https:\/\/acninternational.org\/fr\/cameroun-ce-ne-sont-pas-les-armes-qui-vaincront-boko-haram-mais-leducation-et-lespoir-dun-avenir-meilleur\/"},"author":{"name":"Sina Hartert","@id":"https:\/\/acninternational.org\/fr\/#\/schema\/person\/333738ed03abe11491094c5c30cf3133"},"headline":"Cameroun : Ce ne sont pas les armes qui vaincront Boko Haram, mais l\u2019\u00e9ducation et l\u2019espoir d\u2019un avenir meilleur","datePublished":"2025-01-09T10:28:50+00:00","dateModified":"2025-08-12T08:19:18+00:00","mainEntityOfPage":{"@id":"https:\/\/acninternational.org\/fr\/cameroun-ce-ne-sont-pas-les-armes-qui-vaincront-boko-haram-mais-leducation-et-lespoir-dun-avenir-meilleur\/"},"wordCount":1446,"publisher":{"@id":"https:\/\/acninternational.org\/fr\/#organization"},"image":{"@id":"https:\/\/acninternational.org\/fr\/cameroun-ce-ne-sont-pas-les-armes-qui-vaincront-boko-haram-mais-leducation-et-lespoir-dun-avenir-meilleur\/#primaryimage"},"thumbnailUrl":"https:\/\/media.acninternational.org\/wp-content\/uploads\/2025\/01\/ACN-20240430-164118.jpeg","articleSection":["Interview"],"inLanguage":"fr-FR"},{"@type":"WebPage","@id":"https:\/\/acninternational.org\/fr\/cameroun-ce-ne-sont-pas-les-armes-qui-vaincront-boko-haram-mais-leducation-et-lespoir-dun-avenir-meilleur\/","url":"https:\/\/acninternational.org\/fr\/cameroun-ce-ne-sont-pas-les-armes-qui-vaincront-boko-haram-mais-leducation-et-lespoir-dun-avenir-meilleur\/","name":"Cameroun : Ce ne sont pas les armes qui vaincront Boko Haram, mais l\u2019\u00e9ducation et l\u2019espoir d\u2019un avenir meilleur | ACN International","isPartOf":{"@id":"https:\/\/acninternational.org\/fr\/#website"},"primaryImageOfPage":{"@id":"https:\/\/acninternational.org\/fr\/cameroun-ce-ne-sont-pas-les-armes-qui-vaincront-boko-haram-mais-leducation-et-lespoir-dun-avenir-meilleur\/#primaryimage"},"image":{"@id":"https:\/\/acninternational.org\/fr\/cameroun-ce-ne-sont-pas-les-armes-qui-vaincront-boko-haram-mais-leducation-et-lespoir-dun-avenir-meilleur\/#primaryimage"},"thumbnailUrl":"https:\/\/media.acninternational.org\/wp-content\/uploads\/2025\/01\/ACN-20240430-164118.jpeg","datePublished":"2025-01-09T10:28:50+00:00","dateModified":"2025-08-12T08:19:18+00:00","description":"Si les jeunes ont des perspectives, il sera difficile pour Boko Haram de recruter de nouveaux membres et de les manipuler.","breadcrumb":{"@id":"https:\/\/acninternational.org\/fr\/cameroun-ce-ne-sont-pas-les-armes-qui-vaincront-boko-haram-mais-leducation-et-lespoir-dun-avenir-meilleur\/#breadcrumb"},"inLanguage":"fr-FR","potentialAction":[{"@type":"ReadAction","target":["https:\/\/acninternational.org\/fr\/cameroun-ce-ne-sont-pas-les-armes-qui-vaincront-boko-haram-mais-leducation-et-lespoir-dun-avenir-meilleur\/"]}]},{"@type":"ImageObject","inLanguage":"fr-FR","@id":"https:\/\/acninternational.org\/fr\/cameroun-ce-ne-sont-pas-les-armes-qui-vaincront-boko-haram-mais-leducation-et-lespoir-dun-avenir-meilleur\/#primaryimage","url":"https:\/\/media.acninternational.org\/wp-content\/uploads\/2025\/01\/ACN-20240430-164118.jpeg","contentUrl":"https:\/\/media.acninternational.org\/wp-content\/uploads\/2025\/01\/ACN-20240430-164118.jpeg","width":1920,"height":700},{"@type":"BreadcrumbList","@id":"https:\/\/acninternational.org\/fr\/cameroun-ce-ne-sont-pas-les-armes-qui-vaincront-boko-haram-mais-leducation-et-lespoir-dun-avenir-meilleur\/#breadcrumb","itemListElement":[{"@type":"ListItem","position":1,"name":"Home","item":"https:\/\/acninternational.org\/fr\/"},{"@type":"ListItem","position":2,"name":"Interview","item":"https:\/\/acninternational.org\/fr\/category\/interview-2-fr\/"},{"@type":"ListItem","position":3,"name":"Cameroun : Ce ne sont pas les armes qui vaincront Boko Haram, mais l\u2019\u00e9ducation et l\u2019espoir d\u2019un avenir meilleur"}]},{"@type":"WebSite","@id":"https:\/\/acninternational.org\/fr\/#website","url":"https:\/\/acninternational.org\/fr\/","name":"ACN International","description":"","publisher":{"@id":"https:\/\/acninternational.org\/fr\/#organization"},"potentialAction":[{"@type":"SearchAction","target":{"@type":"EntryPoint","urlTemplate":"https:\/\/acninternational.org\/fr\/?s={search_term_string}"},"query-input":{"@type":"PropertyValueSpecification","valueRequired":true,"valueName":"search_term_string"}}],"inLanguage":"fr-FR"},{"@type":"Organization","@id":"https:\/\/acninternational.org\/fr\/#organization","name":"Aid to the Church in Need International","url":"https:\/\/acninternational.org\/fr\/","logo":{"@type":"ImageObject","inLanguage":"fr-FR","@id":"https:\/\/acninternational.org\/fr\/#\/schema\/logo\/image\/","url":"https:\/\/media.acninternational.org\/wp-content\/uploads\/2019\/11\/acn_logo_blackvector.svg","contentUrl":"https:\/\/media.acninternational.org\/wp-content\/uploads\/2019\/11\/acn_logo_blackvector.svg","width":232.6,"height":78,"caption":"Aid to the Church in Need International"},"image":{"@id":"https:\/\/acninternational.org\/fr\/#\/schema\/logo\/image\/"},"sameAs":["https:\/\/www.facebook.com\/acninternationalorg","https:\/\/x.com\/acn_int","https:\/\/www.youtube.com\/channel\/UCQ-077gS0TnVzkhHmf1opZw","https:\/\/www.instagram.com\/acn_international\/"]},{"@type":"Person","@id":"https:\/\/acninternational.org\/fr\/#\/schema\/person\/333738ed03abe11491094c5c30cf3133","name":"Sina Hartert","description":"Lorem ipsum dolor sit amet, consectetur adipiscing elit, sed do eiusmod tempor incididunt ut labore et dolore magna aliqua. Ut enim ad minim veniam, quis nostrud exercitation ullamco laboris nisi ut aliquip ex ea commodo consequat.","url":"https:\/\/acninternational.org\/fr\/author\/sina-hartert\/"}]}},"_links":{"self":[{"href":"https:\/\/acninternational.org\/fr\/wp-json\/wp\/v2\/posts\/237720","targetHints":{"allow":["GET"]}}],"collection":[{"href":"https:\/\/acninternational.org\/fr\/wp-json\/wp\/v2\/posts"}],"about":[{"href":"https:\/\/acninternational.org\/fr\/wp-json\/wp\/v2\/types\/post"}],"author":[{"embeddable":true,"href":"https:\/\/acninternational.org\/fr\/wp-json\/wp\/v2\/users\/4258341405"}],"replies":[{"embeddable":true,"href":"https:\/\/acninternational.org\/fr\/wp-json\/wp\/v2\/comments?post=237720"}],"version-history":[{"count":1,"href":"https:\/\/acninternational.org\/fr\/wp-json\/wp\/v2\/posts\/237720\/revisions"}],"predecessor-version":[{"id":245251,"href":"https:\/\/acninternational.org\/fr\/wp-json\/wp\/v2\/posts\/237720\/revisions\/245251"}],"wp:featuredmedia":[{"embeddable":true,"href":"https:\/\/acninternational.org\/fr\/wp-json\/wp\/v2\/media\/237650"}],"wp:attachment":[{"href":"https:\/\/acninternational.org\/fr\/wp-json\/wp\/v2\/media?parent=237720"}],"wp:term":[{"taxonomy":"category","embeddable":true,"href":"https:\/\/acninternational.org\/fr\/wp-json\/wp\/v2\/categories?post=237720"},{"taxonomy":"post_tag","embeddable":true,"href":"https:\/\/acninternational.org\/fr\/wp-json\/wp\/v2\/tags?post=237720"},{"taxonomy":"country","embeddable":true,"href":"https:\/\/acninternational.org\/fr\/wp-json\/wp\/v2\/country?post=237720"}],"curies":[{"name":"wp","href":"https:\/\/api.w.org\/{rel}","templated":true}]}}