{"id":236969,"date":"2024-12-20T14:37:15","date_gmt":"2024-12-20T13:37:15","guid":{"rendered":"https:\/\/acninternational.org\/?p=236969"},"modified":"2025-08-12T10:26:25","modified_gmt":"2025-08-12T08:26:25","slug":"message-dun-pretre-pakistanais-a-noel-ne-tenez-jamais-pour-acquise-la-liberte-dexprimer-votre-foi","status":"publish","type":"post","link":"https:\/\/acninternational.org\/fr\/message-dun-pretre-pakistanais-a-noel-ne-tenez-jamais-pour-acquise-la-liberte-dexprimer-votre-foi\/","title":{"rendered":"Message d\u2019un pr\u00eatre pakistanais \u00e0 No\u00ebl : \u00ab Ne tenez jamais pour acquise la libert\u00e9 d\u2019exprimer votre foi \u00bb"},"content":{"rendered":"<p><em>\u00c0 Lahore, au Pakistan, o\u00f9 les chr\u00e9tiens ne repr\u00e9sentent qu\u2019une petite minorit\u00e9 dans une soci\u00e9t\u00e9 majoritairement musulmane, No\u00ebl prend une signification particuli\u00e8re. Malgr\u00e9 d\u2019importants d\u00e9fis et restrictions, la communaut\u00e9 chr\u00e9tienne continue de c\u00e9l\u00e9brer la naissance du Christ avec une foi profonde.<\/em><\/p>\n<p><em>Le p\u00e8re Lazar Aslam, pr\u00eatre capucin franciscain, sert les fid\u00e8les au Pakistan depuis des ann\u00e9es, les accompagnant sur le plan pastoral et spirituel dans une p\u00e9riode de grande adversit\u00e9. Dans cette interview, le p\u00e8re Lazar partage avec Aid to the Church in Need (ACN) l\u2019essence de No\u00ebl pour sa communaut\u00e9 au Pakistan, ainsi qu\u2019un message aux chr\u00e9tiens du monde entier.<\/em><\/p>\n<figure id=\"attachment_236954\" aria-describedby=\"caption-attachment-236954\" style=\"width: 800px\" class=\"wp-caption aligncenter\"><img loading=\"lazy\" decoding=\"async\" class=\"wp-image-236954 size-large\" src=\"https:\/\/media.acninternational.org\/wp-content\/uploads\/2024\/12\/ACN-20241219-178300-1024x576.jpg\" alt=\"Le p\u00e8re Lazar Aslam, pr\u00eatre capucin franciscain, est au service des fid\u00e8les au Pakistan depuis des ann\u00e9es.\" width=\"800\" height=\"450\" srcset=\"https:\/\/media.acninternational.org\/wp-content\/uploads\/2024\/12\/ACN-20241219-178300-1024x576.jpg 1024w, https:\/\/media.acninternational.org\/wp-content\/uploads\/2024\/12\/ACN-20241219-178300-300x169.jpg 300w, https:\/\/media.acninternational.org\/wp-content\/uploads\/2024\/12\/ACN-20241219-178300-768x432.jpg 768w, https:\/\/media.acninternational.org\/wp-content\/uploads\/2024\/12\/ACN-20241219-178300.jpg 1080w\" sizes=\"auto, (max-width: 800px) 100vw, 800px\" \/><figcaption id=\"caption-attachment-236954\" class=\"wp-caption-text\">Le p\u00e8re Lazar Aslam, pr\u00eatre capucin franciscain, est au service des fid\u00e8les au Pakistan depuis des ann\u00e9es.<\/figcaption><\/figure>\n<h4><strong>Comment votre communaut\u00e9 c\u00e9l\u00e8bre-t-elle No\u00ebl \u00e0 Lahore, compte tenu des difficult\u00e9s auxquelles vous \u00eates confront\u00e9s en tant que minorit\u00e9 religieuse ?<\/strong><\/h4>\n<p>La communaut\u00e9 des fid\u00e8les continue \u00e0 c\u00e9l\u00e9brer la foi, bien que nous soyons une minorit\u00e9 dans une soci\u00e9t\u00e9 majoritairement musulmane. Malgr\u00e9 les difficult\u00e9s, nous restons fid\u00e8les \u00e0 notre foi, tout comme les premiers chr\u00e9tiens. Nous nous souvenons et honorons des martyrs comme Akash Bachir, qui a donn\u00e9 sa vie pour en sauver d\u2019autres, et Shahbaz Bhatti, un courageux d\u00e9fenseur de la libert\u00e9 religieuse, qui a \u00e9t\u00e9 assassin\u00e9 pour son engagement en faveur de la justice et de la protection des minorit\u00e9s. L\u2019h\u00e9ritage de Shahbaz Bhatti continue de nous inspirer, car il \u00e9tait un champion des opprim\u00e9s et une voix infatigable pour ceux qui \u00e9taient pers\u00e9cut\u00e9s pour leur foi.<\/p>\n<p>Sa vie nous rappelle que d\u00e9fendre la v\u00e9rit\u00e9 et l\u2019amour peut avoir un co\u00fbt personnel \u00e9lev\u00e9, mais c\u2019est par de tels sacrifices que nous incarnons vraiment l\u2019esprit du Christ.<\/p>\n<h4><strong>Dans ce contexte, que signifie No\u00ebl pour vous et votre communaut\u00e9 ?<\/strong><\/h4>\n<p>Pour nous, No\u00ebl est synonyme d&rsquo;espoir, un rappel que J\u00e9sus est n\u00e9 dans une situation humble et difficile pour apporter le salut \u00e0 tous (Luc 2:10-11). Cela renforce notre foi de savoir que m\u00eame dans les difficult\u00e9s, la lumi\u00e8re de Dieu brille. C\u2019est un temps d\u2019unit\u00e9, o\u00f9 notre communaut\u00e9 se rassemble pour c\u00e9l\u00e9brer l\u2019amour inconditionnel de Dieu. La naissance du Christ nous incite \u00e0 rester fermes dans notre foi, sachant que sa paix transcende tous les obstacles (Jean 14:27).<\/p>\n<figure id=\"attachment_236960\" aria-describedby=\"caption-attachment-236960\" style=\"width: 800px\" class=\"wp-caption aligncenter\"><img loading=\"lazy\" decoding=\"async\" class=\"wp-image-236960 size-large\" src=\"https:\/\/media.acninternational.org\/wp-content\/uploads\/2024\/12\/ACN-20241219-178296-1024x1024.jpg\" alt=\"Une famille exprime sa gratitude au P. Lazar Aslam.\" width=\"800\" height=\"800\" srcset=\"https:\/\/media.acninternational.org\/wp-content\/uploads\/2024\/12\/ACN-20241219-178296-1024x1024.jpg 1024w, https:\/\/media.acninternational.org\/wp-content\/uploads\/2024\/12\/ACN-20241219-178296-300x300.jpg 300w, https:\/\/media.acninternational.org\/wp-content\/uploads\/2024\/12\/ACN-20241219-178296-150x150.jpg 150w, https:\/\/media.acninternational.org\/wp-content\/uploads\/2024\/12\/ACN-20241219-178296-768x768.jpg 768w, https:\/\/media.acninternational.org\/wp-content\/uploads\/2024\/12\/ACN-20241219-178296-512x512.jpg 512w, https:\/\/media.acninternational.org\/wp-content\/uploads\/2024\/12\/ACN-20241219-178296.jpg 1080w\" sizes=\"auto, (max-width: 800px) 100vw, 800px\" \/><figcaption id=\"caption-attachment-236960\" class=\"wp-caption-text\">Une famille exprime sa gratitude au P. Lazar Aslam.<\/figcaption><\/figure>\n<p>En tant que minorit\u00e9, nous c\u00e9l\u00e9brons No\u00ebl avec foi et d\u00e9votion, en veillant \u00e0 ce que la v\u00e9ritable essence de la p\u00e9riode de No\u00ebl ne se perde pas. Bien que des restrictions ext\u00e9rieures puissent limiter les expressions publiques de la foi, nous nous rassemblons dans nos maisons et nos \u00e9glises, r\u00e9fl\u00e9chissant au message de la Nativit\u00e9. Nous donnons la priorit\u00e9 \u00e0 l\u2019Eucharistie, car la c\u00e9l\u00e9bration de la naissance du Christ nous rappelle l\u2019Emmanuel, Dieu avec nous (Matthieu 1:23). Par la pri\u00e8re, les chants de No\u00ebl et les petits gestes de gentillesse au sein de notre communaut\u00e9, nous gardons vivant l\u2019esprit de No\u00ebl, en mettant l\u2019accent sur l\u2019espoir et la joie que J\u00e9sus apporte malgr\u00e9 nos d\u00e9fis.<\/p>\n<h4><strong>Quel message aimeriez-vous partager avec d\u2019autres chr\u00e9tiens du monde qui ne comprennent peut-\u00eatre pas les d\u00e9fis auxquels vous \u00eates confront\u00e9s ?<\/strong><\/h4>\n<p>\u00c0 nos fr\u00e8res et s\u0153urs du monde entier, nous demandons de se rappeler que c&rsquo;est souvent dans l&rsquo;adversit\u00e9 que la foi grandit le plus (2 Corinthiens 12:9-10). Nous sollicitons vos pri\u00e8res et votre solidarit\u00e9, reconnaissant que nous sommes unis comme un seul corps en Christ (1 Corinthiens 12:26). Ne consid\u00e9rez jamais comme acquise la libert\u00e9 d\u2019exprimer votre foi et laissez notre pers\u00e9v\u00e9rance vous rappeler la puissance de l\u2019amour de Dieu qui nous soutient en toutes circonstances. Puissions-nous tous travailler ensemble pour promouvoir la paix et la compr\u00e9hension, comme les anges l\u2019ont proclam\u00e9 \u00e0 la naissance du Christ : \u00ab Gloire \u00e0 Dieu au plus haut des cieux, et paix sur la terre aux hommes, qu\u2019Il aime\u00a0\u00bb (Luc 2:14).<\/p>\n<p>&nbsp;<\/p>\n","protected":false},"excerpt":{"rendered":"<p>Le p\u00e8re Lazar Aslam, pr\u00eatre franciscain capucin au Pakistan, apporte une assistance pastorale et un soutien spirituel dans les difficult\u00e9s et l&rsquo;adversit\u00e9.<\/p>\n","protected":false},"author":4258341378,"featured_media":236949,"comment_status":"closed","ping_status":"closed","sticky":false,"template":"","format":"standard","meta":{"_acf_changed":false,"_acn_coauthor_ids":[],"footnotes":""},"categories":[928],"tags":[],"country":[104],"class_list":["post-236969","post","type-post","status-publish","format-standard","has-post-thumbnail","hentry","category-interview","country-pakistan"],"acn_coauthors":[],"acf":[],"yoast_head":"<!-- This site is optimized with the Yoast SEO Premium plugin v27.3 (Yoast SEO v27.3) - https:\/\/yoast.com\/product\/yoast-seo-premium-wordpress\/ -->\n<title>Message d\u2019un pr\u00eatre pakistanais \u00e0 No\u00ebl : \u00ab Ne tenez jamais pour acquise la libert\u00e9 d\u2019exprimer votre foi \u00bb | ACN International<\/title>\n<meta name=\"description\" content=\"Le p\u00e8re Lazar Aslam, pr\u00eatre franciscain capucin au Pakistan, apporte une assistance pastorale et un soutien spirituel dans les difficult\u00e9s et l&#039;adversit\u00e9.\" \/>\n<meta name=\"robots\" content=\"index, follow, max-snippet:-1, max-image-preview:large, max-video-preview:-1\" \/>\n<link rel=\"canonical\" href=\"https:\/\/acninternational.org\/fr\/message-dun-pretre-pakistanais-a-noel-ne-tenez-jamais-pour-acquise-la-liberte-dexprimer-votre-foi\/\" \/>\n<meta property=\"og:locale\" content=\"fr_FR\" \/>\n<meta property=\"og:type\" content=\"article\" \/>\n<meta property=\"og:title\" content=\"Message d\u2019un pr\u00eatre pakistanais \u00e0 No\u00ebl : \u00ab Ne tenez jamais pour acquise la libert\u00e9 d\u2019exprimer votre foi \u00bb\" \/>\n<meta property=\"og:description\" content=\"Le p\u00e8re Lazar Aslam, pr\u00eatre franciscain capucin au Pakistan, apporte une assistance pastorale et un soutien spirituel dans les difficult\u00e9s et l&#039;adversit\u00e9.\" \/>\n<meta property=\"og:url\" content=\"https:\/\/acninternational.org\/fr\/message-dun-pretre-pakistanais-a-noel-ne-tenez-jamais-pour-acquise-la-liberte-dexprimer-votre-foi\/\" \/>\n<meta property=\"og:site_name\" content=\"ACN International\" \/>\n<meta property=\"article:publisher\" content=\"https:\/\/www.facebook.com\/acninternationalorg\" \/>\n<meta property=\"article:published_time\" content=\"2024-12-20T13:37:15+00:00\" \/>\n<meta property=\"article:modified_time\" content=\"2025-08-12T08:26:25+00:00\" \/>\n<meta property=\"og:image\" content=\"https:\/\/media.acninternational.org\/wp-content\/uploads\/2024\/12\/ACN-20241219-178309.jpg\" \/>\n\t<meta property=\"og:image:width\" content=\"1920\" \/>\n\t<meta property=\"og:image:height\" content=\"700\" \/>\n\t<meta property=\"og:image:type\" content=\"image\/jpeg\" \/>\n<meta name=\"author\" content=\"Maria Lozano\" \/>\n<meta name=\"twitter:card\" content=\"summary_large_image\" \/>\n<meta name=\"twitter:creator\" content=\"@acn_int\" \/>\n<meta name=\"twitter:site\" content=\"@acn_int\" \/>\n<meta name=\"twitter:label1\" content=\"\u00c9crit par\" \/>\n\t<meta name=\"twitter:data1\" content=\"Maria Lozano\" \/>\n\t<meta name=\"twitter:label2\" content=\"Dur\u00e9e de lecture estim\u00e9e\" \/>\n\t<meta name=\"twitter:data2\" content=\"4 minutes\" \/>\n<script type=\"application\/ld+json\" class=\"yoast-schema-graph\">{\"@context\":\"https:\\\/\\\/schema.org\",\"@graph\":[{\"@type\":\"Article\",\"@id\":\"https:\\\/\\\/acninternational.org\\\/fr\\\/message-dun-pretre-pakistanais-a-noel-ne-tenez-jamais-pour-acquise-la-liberte-dexprimer-votre-foi\\\/#article\",\"isPartOf\":{\"@id\":\"https:\\\/\\\/acninternational.org\\\/fr\\\/message-dun-pretre-pakistanais-a-noel-ne-tenez-jamais-pour-acquise-la-liberte-dexprimer-votre-foi\\\/\"},\"author\":{\"name\":\"Maria Lozano\",\"@id\":\"https:\\\/\\\/acninternational.org\\\/fr\\\/#\\\/schema\\\/person\\\/91975fc8e2569591a0e2d868c7d5816c\"},\"headline\":\"Message d\u2019un pr\u00eatre pakistanais \u00e0 No\u00ebl : \u00ab Ne tenez jamais pour acquise la libert\u00e9 d\u2019exprimer votre foi \u00bb\",\"datePublished\":\"2024-12-20T13:37:15+00:00\",\"dateModified\":\"2025-08-12T08:26:25+00:00\",\"mainEntityOfPage\":{\"@id\":\"https:\\\/\\\/acninternational.org\\\/fr\\\/message-dun-pretre-pakistanais-a-noel-ne-tenez-jamais-pour-acquise-la-liberte-dexprimer-votre-foi\\\/\"},\"wordCount\":746,\"publisher\":{\"@id\":\"https:\\\/\\\/acninternational.org\\\/fr\\\/#organization\"},\"image\":{\"@id\":\"https:\\\/\\\/acninternational.org\\\/fr\\\/message-dun-pretre-pakistanais-a-noel-ne-tenez-jamais-pour-acquise-la-liberte-dexprimer-votre-foi\\\/#primaryimage\"},\"thumbnailUrl\":\"https:\\\/\\\/media.acninternational.org\\\/wp-content\\\/uploads\\\/2024\\\/12\\\/ACN-20241219-178309.jpg\",\"articleSection\":[\"Interview\"],\"inLanguage\":\"fr-FR\"},{\"@type\":\"WebPage\",\"@id\":\"https:\\\/\\\/acninternational.org\\\/fr\\\/message-dun-pretre-pakistanais-a-noel-ne-tenez-jamais-pour-acquise-la-liberte-dexprimer-votre-foi\\\/\",\"url\":\"https:\\\/\\\/acninternational.org\\\/fr\\\/message-dun-pretre-pakistanais-a-noel-ne-tenez-jamais-pour-acquise-la-liberte-dexprimer-votre-foi\\\/\",\"name\":\"Message d\u2019un pr\u00eatre pakistanais \u00e0 No\u00ebl : \u00ab Ne tenez jamais pour acquise la libert\u00e9 d\u2019exprimer votre foi \u00bb | ACN International\",\"isPartOf\":{\"@id\":\"https:\\\/\\\/acninternational.org\\\/fr\\\/#website\"},\"primaryImageOfPage\":{\"@id\":\"https:\\\/\\\/acninternational.org\\\/fr\\\/message-dun-pretre-pakistanais-a-noel-ne-tenez-jamais-pour-acquise-la-liberte-dexprimer-votre-foi\\\/#primaryimage\"},\"image\":{\"@id\":\"https:\\\/\\\/acninternational.org\\\/fr\\\/message-dun-pretre-pakistanais-a-noel-ne-tenez-jamais-pour-acquise-la-liberte-dexprimer-votre-foi\\\/#primaryimage\"},\"thumbnailUrl\":\"https:\\\/\\\/media.acninternational.org\\\/wp-content\\\/uploads\\\/2024\\\/12\\\/ACN-20241219-178309.jpg\",\"datePublished\":\"2024-12-20T13:37:15+00:00\",\"dateModified\":\"2025-08-12T08:26:25+00:00\",\"description\":\"Le p\u00e8re Lazar Aslam, pr\u00eatre franciscain capucin au Pakistan, apporte une assistance pastorale et un soutien spirituel dans les difficult\u00e9s et l'adversit\u00e9.\",\"breadcrumb\":{\"@id\":\"https:\\\/\\\/acninternational.org\\\/fr\\\/message-dun-pretre-pakistanais-a-noel-ne-tenez-jamais-pour-acquise-la-liberte-dexprimer-votre-foi\\\/#breadcrumb\"},\"inLanguage\":\"fr-FR\",\"potentialAction\":[{\"@type\":\"ReadAction\",\"target\":[\"https:\\\/\\\/acninternational.org\\\/fr\\\/message-dun-pretre-pakistanais-a-noel-ne-tenez-jamais-pour-acquise-la-liberte-dexprimer-votre-foi\\\/\"]}]},{\"@type\":\"ImageObject\",\"inLanguage\":\"fr-FR\",\"@id\":\"https:\\\/\\\/acninternational.org\\\/fr\\\/message-dun-pretre-pakistanais-a-noel-ne-tenez-jamais-pour-acquise-la-liberte-dexprimer-votre-foi\\\/#primaryimage\",\"url\":\"https:\\\/\\\/media.acninternational.org\\\/wp-content\\\/uploads\\\/2024\\\/12\\\/ACN-20241219-178309.jpg\",\"contentUrl\":\"https:\\\/\\\/media.acninternational.org\\\/wp-content\\\/uploads\\\/2024\\\/12\\\/ACN-20241219-178309.jpg\",\"width\":1920,\"height\":700},{\"@type\":\"BreadcrumbList\",\"@id\":\"https:\\\/\\\/acninternational.org\\\/fr\\\/message-dun-pretre-pakistanais-a-noel-ne-tenez-jamais-pour-acquise-la-liberte-dexprimer-votre-foi\\\/#breadcrumb\",\"itemListElement\":[{\"@type\":\"ListItem\",\"position\":1,\"name\":\"Home\",\"item\":\"https:\\\/\\\/acninternational.org\\\/fr\\\/\"},{\"@type\":\"ListItem\",\"position\":2,\"name\":\"Interview\",\"item\":\"https:\\\/\\\/acninternational.org\\\/fr\\\/category\\\/interview-2-fr\\\/\"},{\"@type\":\"ListItem\",\"position\":3,\"name\":\"Message d\u2019un pr\u00eatre pakistanais \u00e0 No\u00ebl : \u00ab Ne tenez jamais pour acquise la libert\u00e9 d\u2019exprimer votre foi \u00bb\"}]},{\"@type\":\"WebSite\",\"@id\":\"https:\\\/\\\/acninternational.org\\\/fr\\\/#website\",\"url\":\"https:\\\/\\\/acninternational.org\\\/fr\\\/\",\"name\":\"ACN International\",\"description\":\"\",\"publisher\":{\"@id\":\"https:\\\/\\\/acninternational.org\\\/fr\\\/#organization\"},\"potentialAction\":[{\"@type\":\"SearchAction\",\"target\":{\"@type\":\"EntryPoint\",\"urlTemplate\":\"https:\\\/\\\/acninternational.org\\\/fr\\\/?s={search_term_string}\"},\"query-input\":{\"@type\":\"PropertyValueSpecification\",\"valueRequired\":true,\"valueName\":\"search_term_string\"}}],\"inLanguage\":\"fr-FR\"},{\"@type\":\"Organization\",\"@id\":\"https:\\\/\\\/acninternational.org\\\/fr\\\/#organization\",\"name\":\"Aid to the Church in Need International\",\"url\":\"https:\\\/\\\/acninternational.org\\\/fr\\\/\",\"logo\":{\"@type\":\"ImageObject\",\"inLanguage\":\"fr-FR\",\"@id\":\"https:\\\/\\\/acninternational.org\\\/fr\\\/#\\\/schema\\\/logo\\\/image\\\/\",\"url\":\"https:\\\/\\\/media.acninternational.org\\\/wp-content\\\/uploads\\\/2019\\\/11\\\/acn_logo_blackvector.svg\",\"contentUrl\":\"https:\\\/\\\/media.acninternational.org\\\/wp-content\\\/uploads\\\/2019\\\/11\\\/acn_logo_blackvector.svg\",\"width\":232.6,\"height\":78,\"caption\":\"Aid to the Church in Need International\"},\"image\":{\"@id\":\"https:\\\/\\\/acninternational.org\\\/fr\\\/#\\\/schema\\\/logo\\\/image\\\/\"},\"sameAs\":[\"https:\\\/\\\/www.facebook.com\\\/acninternationalorg\",\"https:\\\/\\\/x.com\\\/acn_int\",\"https:\\\/\\\/www.youtube.com\\\/channel\\\/UCQ-077gS0TnVzkhHmf1opZw\",\"https:\\\/\\\/www.instagram.com\\\/acn_international\\\/\"]},{\"@type\":\"Person\",\"@id\":\"https:\\\/\\\/acninternational.org\\\/fr\\\/#\\\/schema\\\/person\\\/91975fc8e2569591a0e2d868c7d5816c\",\"name\":\"Maria Lozano\",\"description\":\"Lorem ipsum dolor sit amet, consectetur adipiscing elit, sed do eiusmod tempor incididunt ut labore et dolore magna aliqua. Ut enim ad minim veniam, quis nostrud exercitation ullamco laboris nisi ut aliquip ex ea commodo consequat.\",\"url\":\"https:\\\/\\\/acninternational.org\\\/fr\\\/author\\\/maria\\\/\"}]}<\/script>\n<!-- \/ Yoast SEO Premium plugin. -->","yoast_head_json":{"title":"Message d\u2019un pr\u00eatre pakistanais \u00e0 No\u00ebl : \u00ab Ne tenez jamais pour acquise la libert\u00e9 d\u2019exprimer votre foi \u00bb | ACN International","description":"Le p\u00e8re Lazar Aslam, pr\u00eatre franciscain capucin au Pakistan, apporte une assistance pastorale et un soutien spirituel dans les difficult\u00e9s et l'adversit\u00e9.","robots":{"index":"index","follow":"follow","max-snippet":"max-snippet:-1","max-image-preview":"max-image-preview:large","max-video-preview":"max-video-preview:-1"},"canonical":"https:\/\/acninternational.org\/fr\/message-dun-pretre-pakistanais-a-noel-ne-tenez-jamais-pour-acquise-la-liberte-dexprimer-votre-foi\/","og_locale":"fr_FR","og_type":"article","og_title":"Message d\u2019un pr\u00eatre pakistanais \u00e0 No\u00ebl : \u00ab Ne tenez jamais pour acquise la libert\u00e9 d\u2019exprimer votre foi \u00bb","og_description":"Le p\u00e8re Lazar Aslam, pr\u00eatre franciscain capucin au Pakistan, apporte une assistance pastorale et un soutien spirituel dans les difficult\u00e9s et l'adversit\u00e9.","og_url":"https:\/\/acninternational.org\/fr\/message-dun-pretre-pakistanais-a-noel-ne-tenez-jamais-pour-acquise-la-liberte-dexprimer-votre-foi\/","og_site_name":"ACN International","article_publisher":"https:\/\/www.facebook.com\/acninternationalorg","article_published_time":"2024-12-20T13:37:15+00:00","article_modified_time":"2025-08-12T08:26:25+00:00","og_image":[{"width":1920,"height":700,"url":"https:\/\/media.acninternational.org\/wp-content\/uploads\/2024\/12\/ACN-20241219-178309.jpg","type":"image\/jpeg"}],"author":"Maria Lozano","twitter_card":"summary_large_image","twitter_creator":"@acn_int","twitter_site":"@acn_int","twitter_misc":{"\u00c9crit par":"Maria Lozano","Dur\u00e9e de lecture estim\u00e9e":"4 minutes"},"schema":{"@context":"https:\/\/schema.org","@graph":[{"@type":"Article","@id":"https:\/\/acninternational.org\/fr\/message-dun-pretre-pakistanais-a-noel-ne-tenez-jamais-pour-acquise-la-liberte-dexprimer-votre-foi\/#article","isPartOf":{"@id":"https:\/\/acninternational.org\/fr\/message-dun-pretre-pakistanais-a-noel-ne-tenez-jamais-pour-acquise-la-liberte-dexprimer-votre-foi\/"},"author":{"name":"Maria Lozano","@id":"https:\/\/acninternational.org\/fr\/#\/schema\/person\/91975fc8e2569591a0e2d868c7d5816c"},"headline":"Message d\u2019un pr\u00eatre pakistanais \u00e0 No\u00ebl : \u00ab Ne tenez jamais pour acquise la libert\u00e9 d\u2019exprimer votre foi \u00bb","datePublished":"2024-12-20T13:37:15+00:00","dateModified":"2025-08-12T08:26:25+00:00","mainEntityOfPage":{"@id":"https:\/\/acninternational.org\/fr\/message-dun-pretre-pakistanais-a-noel-ne-tenez-jamais-pour-acquise-la-liberte-dexprimer-votre-foi\/"},"wordCount":746,"publisher":{"@id":"https:\/\/acninternational.org\/fr\/#organization"},"image":{"@id":"https:\/\/acninternational.org\/fr\/message-dun-pretre-pakistanais-a-noel-ne-tenez-jamais-pour-acquise-la-liberte-dexprimer-votre-foi\/#primaryimage"},"thumbnailUrl":"https:\/\/media.acninternational.org\/wp-content\/uploads\/2024\/12\/ACN-20241219-178309.jpg","articleSection":["Interview"],"inLanguage":"fr-FR"},{"@type":"WebPage","@id":"https:\/\/acninternational.org\/fr\/message-dun-pretre-pakistanais-a-noel-ne-tenez-jamais-pour-acquise-la-liberte-dexprimer-votre-foi\/","url":"https:\/\/acninternational.org\/fr\/message-dun-pretre-pakistanais-a-noel-ne-tenez-jamais-pour-acquise-la-liberte-dexprimer-votre-foi\/","name":"Message d\u2019un pr\u00eatre pakistanais \u00e0 No\u00ebl : \u00ab Ne tenez jamais pour acquise la libert\u00e9 d\u2019exprimer votre foi \u00bb | ACN International","isPartOf":{"@id":"https:\/\/acninternational.org\/fr\/#website"},"primaryImageOfPage":{"@id":"https:\/\/acninternational.org\/fr\/message-dun-pretre-pakistanais-a-noel-ne-tenez-jamais-pour-acquise-la-liberte-dexprimer-votre-foi\/#primaryimage"},"image":{"@id":"https:\/\/acninternational.org\/fr\/message-dun-pretre-pakistanais-a-noel-ne-tenez-jamais-pour-acquise-la-liberte-dexprimer-votre-foi\/#primaryimage"},"thumbnailUrl":"https:\/\/media.acninternational.org\/wp-content\/uploads\/2024\/12\/ACN-20241219-178309.jpg","datePublished":"2024-12-20T13:37:15+00:00","dateModified":"2025-08-12T08:26:25+00:00","description":"Le p\u00e8re Lazar Aslam, pr\u00eatre franciscain capucin au Pakistan, apporte une assistance pastorale et un soutien spirituel dans les difficult\u00e9s et l'adversit\u00e9.","breadcrumb":{"@id":"https:\/\/acninternational.org\/fr\/message-dun-pretre-pakistanais-a-noel-ne-tenez-jamais-pour-acquise-la-liberte-dexprimer-votre-foi\/#breadcrumb"},"inLanguage":"fr-FR","potentialAction":[{"@type":"ReadAction","target":["https:\/\/acninternational.org\/fr\/message-dun-pretre-pakistanais-a-noel-ne-tenez-jamais-pour-acquise-la-liberte-dexprimer-votre-foi\/"]}]},{"@type":"ImageObject","inLanguage":"fr-FR","@id":"https:\/\/acninternational.org\/fr\/message-dun-pretre-pakistanais-a-noel-ne-tenez-jamais-pour-acquise-la-liberte-dexprimer-votre-foi\/#primaryimage","url":"https:\/\/media.acninternational.org\/wp-content\/uploads\/2024\/12\/ACN-20241219-178309.jpg","contentUrl":"https:\/\/media.acninternational.org\/wp-content\/uploads\/2024\/12\/ACN-20241219-178309.jpg","width":1920,"height":700},{"@type":"BreadcrumbList","@id":"https:\/\/acninternational.org\/fr\/message-dun-pretre-pakistanais-a-noel-ne-tenez-jamais-pour-acquise-la-liberte-dexprimer-votre-foi\/#breadcrumb","itemListElement":[{"@type":"ListItem","position":1,"name":"Home","item":"https:\/\/acninternational.org\/fr\/"},{"@type":"ListItem","position":2,"name":"Interview","item":"https:\/\/acninternational.org\/fr\/category\/interview-2-fr\/"},{"@type":"ListItem","position":3,"name":"Message d\u2019un pr\u00eatre pakistanais \u00e0 No\u00ebl : \u00ab Ne tenez jamais pour acquise la libert\u00e9 d\u2019exprimer votre foi \u00bb"}]},{"@type":"WebSite","@id":"https:\/\/acninternational.org\/fr\/#website","url":"https:\/\/acninternational.org\/fr\/","name":"ACN International","description":"","publisher":{"@id":"https:\/\/acninternational.org\/fr\/#organization"},"potentialAction":[{"@type":"SearchAction","target":{"@type":"EntryPoint","urlTemplate":"https:\/\/acninternational.org\/fr\/?s={search_term_string}"},"query-input":{"@type":"PropertyValueSpecification","valueRequired":true,"valueName":"search_term_string"}}],"inLanguage":"fr-FR"},{"@type":"Organization","@id":"https:\/\/acninternational.org\/fr\/#organization","name":"Aid to the Church in Need International","url":"https:\/\/acninternational.org\/fr\/","logo":{"@type":"ImageObject","inLanguage":"fr-FR","@id":"https:\/\/acninternational.org\/fr\/#\/schema\/logo\/image\/","url":"https:\/\/media.acninternational.org\/wp-content\/uploads\/2019\/11\/acn_logo_blackvector.svg","contentUrl":"https:\/\/media.acninternational.org\/wp-content\/uploads\/2019\/11\/acn_logo_blackvector.svg","width":232.6,"height":78,"caption":"Aid to the Church in Need International"},"image":{"@id":"https:\/\/acninternational.org\/fr\/#\/schema\/logo\/image\/"},"sameAs":["https:\/\/www.facebook.com\/acninternationalorg","https:\/\/x.com\/acn_int","https:\/\/www.youtube.com\/channel\/UCQ-077gS0TnVzkhHmf1opZw","https:\/\/www.instagram.com\/acn_international\/"]},{"@type":"Person","@id":"https:\/\/acninternational.org\/fr\/#\/schema\/person\/91975fc8e2569591a0e2d868c7d5816c","name":"Maria Lozano","description":"Lorem ipsum dolor sit amet, consectetur adipiscing elit, sed do eiusmod tempor incididunt ut labore et dolore magna aliqua. Ut enim ad minim veniam, quis nostrud exercitation ullamco laboris nisi ut aliquip ex ea commodo consequat.","url":"https:\/\/acninternational.org\/fr\/author\/maria\/"}]}},"_links":{"self":[{"href":"https:\/\/acninternational.org\/fr\/wp-json\/wp\/v2\/posts\/236969","targetHints":{"allow":["GET"]}}],"collection":[{"href":"https:\/\/acninternational.org\/fr\/wp-json\/wp\/v2\/posts"}],"about":[{"href":"https:\/\/acninternational.org\/fr\/wp-json\/wp\/v2\/types\/post"}],"author":[{"embeddable":true,"href":"https:\/\/acninternational.org\/fr\/wp-json\/wp\/v2\/users\/4258341378"}],"replies":[{"embeddable":true,"href":"https:\/\/acninternational.org\/fr\/wp-json\/wp\/v2\/comments?post=236969"}],"version-history":[{"count":1,"href":"https:\/\/acninternational.org\/fr\/wp-json\/wp\/v2\/posts\/236969\/revisions"}],"predecessor-version":[{"id":245263,"href":"https:\/\/acninternational.org\/fr\/wp-json\/wp\/v2\/posts\/236969\/revisions\/245263"}],"wp:featuredmedia":[{"embeddable":true,"href":"https:\/\/acninternational.org\/fr\/wp-json\/wp\/v2\/media\/236949"}],"wp:attachment":[{"href":"https:\/\/acninternational.org\/fr\/wp-json\/wp\/v2\/media?parent=236969"}],"wp:term":[{"taxonomy":"category","embeddable":true,"href":"https:\/\/acninternational.org\/fr\/wp-json\/wp\/v2\/categories?post=236969"},{"taxonomy":"post_tag","embeddable":true,"href":"https:\/\/acninternational.org\/fr\/wp-json\/wp\/v2\/tags?post=236969"},{"taxonomy":"country","embeddable":true,"href":"https:\/\/acninternational.org\/fr\/wp-json\/wp\/v2\/country?post=236969"}],"curies":[{"name":"wp","href":"https:\/\/api.w.org\/{rel}","templated":true}]}}