{"id":236886,"date":"2024-12-19T15:05:03","date_gmt":"2024-12-19T14:05:03","guid":{"rendered":"https:\/\/acninternational.org\/?p=236886"},"modified":"2025-08-12T10:26:29","modified_gmt":"2025-08-12T08:26:29","slug":"le-mozambique-apres-le-passage-du-cyclone-chido-maintenant-quallons-nous-devenir-nous-avons-tout-perdu","status":"publish","type":"post","link":"https:\/\/acninternational.org\/fr\/le-mozambique-apres-le-passage-du-cyclone-chido-maintenant-quallons-nous-devenir-nous-avons-tout-perdu\/","title":{"rendered":"Le Mozambique apr\u00e8s le passage du cyclone Chido : \u00ab Maintenant, qu\u2019allons-nous devenir ? Nous avons tout perdu&#8230; \u00bb"},"content":{"rendered":"<p><em>Cabo Delgado a \u00e9t\u00e9 la r\u00e9gion la plus durement touch\u00e9e par la violence du cyclone Chido qui a frapp\u00e9 le Mozambique aux premi\u00e8res heures du dimanche 15, apr\u00e8s avoir travers\u00e9 l\u2019archipel fran\u00e7ais de Mayotte. Il y a des dizaines de morts et des milliers de personnes ont perdu tout ce qu\u2019elles poss\u00e9daient. Elles se demandent maintenant comment elles vont survivre. Dans un premier communiqu\u00e9, le dioc\u00e8se de Pemba parle d\u2019un \u00ab sc\u00e9nario terrifiant de destruction \u00bb. Les camps de personnes d\u00e9plac\u00e9es, qui abritent des <\/em><a href=\"https:\/\/acninternational.org\/fr\/leveque-de-pemba-declare-il-ny-a-plus-que-des-decombres\/\" target=\"_blank\" rel=\"noopener\"><em>victimes de terroristes<\/em><\/a><em>, ont \u00e9galement \u00e9t\u00e9 ravag\u00e9s par le cyclone.<\/em><\/p>\n<p><img loading=\"lazy\" decoding=\"async\" class=\"aligncenter size-large wp-image-236863\" src=\"https:\/\/media.acninternational.org\/wp-content\/uploads\/2024\/12\/ACN-20241219-178277-1024x768.jpg\" alt=\"\" width=\"800\" height=\"600\" srcset=\"https:\/\/media.acninternational.org\/wp-content\/uploads\/2024\/12\/ACN-20241219-178277-1024x768.jpg 1024w, https:\/\/media.acninternational.org\/wp-content\/uploads\/2024\/12\/ACN-20241219-178277-300x225.jpg 300w, https:\/\/media.acninternational.org\/wp-content\/uploads\/2024\/12\/ACN-20241219-178277-768x576.jpg 768w, https:\/\/media.acninternational.org\/wp-content\/uploads\/2024\/12\/ACN-20241219-178277.jpg 1080w\" sizes=\"auto, (max-width: 800px) 100vw, 800px\" \/><\/p>\n<p>D\u00e8s l\u2019aube du lundi 16 d\u00e9cembre, il \u00e9tait facile de constater l\u2019\u00e9tendue des d\u00e9g\u00e2ts caus\u00e9s par le passage du cyclone Chido sur le territoire du Mozambique. Plusieurs dioc\u00e8ses ont \u00e9t\u00e9 touch\u00e9s \u2013 Pemba, Nacala, Nampula, Tete et Lichinga \u2013 et dans tous, on signale des destructions et des milliers de personnes ayant perdu leurs maisons et leurs quelques biens et qui se demandent maintenant avec angoisse comment ils vont survivre au quotidien.<\/p>\n<p>Le dioc\u00e8se de Pemba, qui correspond au territoire de Cabo Delgado, est la r\u00e9gion o\u00f9 l\u2019\u00e9tendue des d\u00e9g\u00e2ts est la plus importante : \u00ab Ce cyclone a \u00e9t\u00e9 d\u00e9vastateur. C\u2019est terrifiant de voir qu\u2019en peu de temps, les vents forts ont laiss\u00e9 une \u00e9norme tra\u00een\u00e9e de destruction \u00bb, a d\u00e9clar\u00e9 Mgr Antonio Juliasse, \u00e9v\u00eaque du dioc\u00e8se de Pemba, dans un message envoy\u00e9 \u00e0 la fondation Aid to the Church in Need (ACN). Des milliers de maisons de construction pr\u00e9caire ont \u00e9t\u00e9 d\u00e9truites par le vent et m\u00eame des \u00e9difices de l\u2019\u00c9glise, qui sont normalement plus r\u00e9sistants, ont succomb\u00e9 \u00e0 la force du cyclone.<\/p>\n<p>\u00ab Dans notre dioc\u00e8se, une cinquantaine d\u2019\u00e9glises, qu\u2019il s\u2019agisse de grandes paroisses ou de petites communaut\u00e9s chr\u00e9tiennes, ont \u00e9t\u00e9 d\u00e9truites, ou du moins, leurs toits ont \u00e9t\u00e9 d\u00e9molis\u00a0\u00bb, a ajout\u00e9 le pr\u00e9lat. \u00ab L\u2019ampleur des destructions est \u00e9norme. De plus, nous avons de nombreuses \u00e9coles et petits centres \u00e9ducatifs dont les toits ont \u00e9t\u00e9 arrach\u00e9s\u00a0ou se sont effondr\u00e9s. Et de nombreux autres biens ont \u00e9galement subi des dommages irr\u00e9parables. \u00c0 Chi\u00fare, la <em>Fazenda de Esperan\u00e7a<\/em> a \u00e9t\u00e9 gravement touch\u00e9e, les toits de ses installations ayant \u00e9t\u00e9 compl\u00e8tement d\u00e9truits. ACN a d\u00e9j\u00e0 offert son aide pour la restauration de ces structures si importantes pour l\u2019\u00c9glise.<\/p>\n<h4><strong>Une situation d\u00e9sastreuse<\/strong><\/h4>\n<p>S\u0153ur Maria Aparecida Ramos, partenaire du projet de ACN \u00e0 Pemba, a coordonn\u00e9 la collecte d\u2019informations, mais cela n\u2019a pas \u00e9t\u00e9 facile : \u00ab Nous avons beaucoup de probl\u00e8mes de communication \u00bb, a-t-elle expliqu\u00e9 lundi \u00e0 ACN. Un exemple : \u00ab Nous n\u2019avons aucune communication avec Mecufi. J\u2019ai envoy\u00e9 quelqu\u2019un \u00e0 moto l\u00e0-bas pour recueillir des informations.\u00a0\u00bb Mais il n\u2019a pas fallu attendre longtemps pour commencer \u00e0 se faire une id\u00e9e de la trag\u00e9die qui, une fois de plus, s\u2019est abattue sur la r\u00e9gion de Cabo Delgado. \u00ab La situation est vraiment d\u00e9sastreuse. Il y a tellement de destructions ! \u00bb, a d\u00e9clar\u00e9 la s\u0153ur. Et elle ajoute\u00a0: \u00ab Priez beaucoup ! \u00bb<\/p>\n<p><img loading=\"lazy\" decoding=\"async\" class=\"aligncenter size-large wp-image-236869\" src=\"https:\/\/media.acninternational.org\/wp-content\/uploads\/2024\/12\/ACN-20241218-178203-1024x576.jpg\" alt=\"\" width=\"800\" height=\"450\" srcset=\"https:\/\/media.acninternational.org\/wp-content\/uploads\/2024\/12\/ACN-20241218-178203-1024x576.jpg 1024w, https:\/\/media.acninternational.org\/wp-content\/uploads\/2024\/12\/ACN-20241218-178203-300x169.jpg 300w, https:\/\/media.acninternational.org\/wp-content\/uploads\/2024\/12\/ACN-20241218-178203-768x432.jpg 768w, https:\/\/media.acninternational.org\/wp-content\/uploads\/2024\/12\/ACN-20241218-178203.jpg 1080w\" sizes=\"auto, (max-width: 800px) 100vw, 800px\" \/><\/p>\n<p>Comme \u00e0 Pemba, Nacala, Nampula et Tete ont \u00e9galement tent\u00e9 le plus rapidement possible de comprendre l\u2019\u00e9tendue des d\u00e9g\u00e2ts caus\u00e9s par le cyclone Chido. Mgr Alberto Vera, \u00e9v\u00eaque de Nacala, a fait le point sur ce qui s\u2019est pass\u00e9 dans son dioc\u00e8se : \u00ab Toute la zone adjacente au fleuve L\u00fario a \u00e9t\u00e9 d\u00e9vast\u00e9e, en particulier les zones de Memba et d\u2019Erati. \u00c0 Chione, Odinepa et Alua, de nombreuses maisons en terre ont \u00e9t\u00e9 d\u00e9truites. Dans cette derni\u00e8re ville, une jeune femme a \u00e9t\u00e9 tu\u00e9e par la chute d&rsquo;un mur. De nombreux toits de chapelles, d\u2019\u00e9coles et de centres paroissiaux ont \u00e9t\u00e9 arrach\u00e9s. Les routes sont devenues inaccessibles \u00bb, a d\u00e9crit Mgr Alberto qui termine par une phrase qui traduit son \u00e9tat d\u2019esprit : \u00ab Chaque photo que je re\u00e7ois me rend plus triste\u00a0\u00bb.<\/p>\n<h4><strong>Des milliers de maisons d\u00e9truites <\/strong><\/h4>\n<p>La fondation ACN a \u00e9galement re\u00e7u des photographies d\u00e9chirantes qui montrent la fureur des vents et des pluies qui ont emport\u00e9 des toits et des maisons. Des milliers de personnes ont \u00e9galement vu leurs moyens de subsistance emport\u00e9s par la temp\u00eate, dans une r\u00e9gion d\u00e9j\u00e0 durement touch\u00e9e depuis octobre 2017 par une insurrection terroriste li\u00e9e au groupe djihadiste \u00c9tat islamique. Dimanche, cependant, la terreur est arriv\u00e9e avec les eaux : de fortes pluies et des vents violents qui ont atteint plus de 260 kilom\u00e8tres \u00e0 l\u2019heure, ont provoqu\u00e9 des inondations qui ont r\u00e9v\u00e9l\u00e9, une fois de plus, l\u2019extr\u00eame pr\u00e9carit\u00e9 et la pauvret\u00e9 dans lesquelles vivent les communaut\u00e9s du nord du Mozambique.<\/p>\n<p>S\u0153ur Aparecida parle de \u00ab douleur et de d\u00e9sespoir \u00bb dans toute la province de Cabo Delgado. \u00ab Juste au moment o\u00f9 les familles commen\u00e7aient \u00e0 planter des cultures dans l\u2019espoir de ne pas passer No\u00ebl affam\u00e9es&#8230; Et maintenant ? Sans nourriture, sans maison, sans biens.\u00a0\u00bb<\/p>\n<p><img loading=\"lazy\" decoding=\"async\" class=\"aligncenter size-large wp-image-236875\" src=\"https:\/\/media.acninternational.org\/wp-content\/uploads\/2024\/12\/ACN-20241219-178276-1024x768.jpg\" alt=\"\" width=\"800\" height=\"600\" srcset=\"https:\/\/media.acninternational.org\/wp-content\/uploads\/2024\/12\/ACN-20241219-178276-1024x768.jpg 1024w, https:\/\/media.acninternational.org\/wp-content\/uploads\/2024\/12\/ACN-20241219-178276-300x225.jpg 300w, https:\/\/media.acninternational.org\/wp-content\/uploads\/2024\/12\/ACN-20241219-178276-768x576.jpg 768w, https:\/\/media.acninternational.org\/wp-content\/uploads\/2024\/12\/ACN-20241219-178276.jpg 1080w\" sizes=\"auto, (max-width: 800px) 100vw, 800px\" \/><\/p>\n<p>\u00ab\u00a0\u2018Que va-t-il advenir de nous ? Nous avons tout perdu\u2019&#8230;\u00a0\u00bb. C\u2019est l\u2019expression la plus r\u00e9p\u00e9t\u00e9e par des milliers de personnes. Il y a des coupures de courant presque partout, les communications sont limit\u00e9es, mais au milieu de tout ce d\u00e9sespoir, il y a la certitude que l\u2019\u00c9glise reste les bras ouverts pour accueillir les plus d\u00e9munis. Les communaut\u00e9s religieuses et les paroisses, bien que leurs infrastructures aient \u00e9galement \u00e9t\u00e9 d\u00e9truites ou endommag\u00e9es, accueillent des familles qui ont tout perdu dans les espaces o\u00f9 il est encore possible de s\u2019abriter.<\/p>\n<p>ACN, qui a financ\u00e9 de nombreux projets pour aider l\u2019\u00c9glise et les victimes du terrorisme au cours de ces d\u00e9cennies, a renforc\u00e9 l\u2019appel \u00e0 ses bienfaiteurs et \u00e0 ses amis pour qu\u2019ils prient et montrent leur solidarit\u00e9 avec Cabo Delgado.<\/p>\n<p>&nbsp;<\/p>\n","protected":false},"excerpt":{"rendered":"<p>Il y a des dizaines de morts et des milliers de personnes ont perdu tout ce qu\u2019elles poss\u00e9daient. Elles se demandent maintenant comment elles vont survivre.<\/p>\n","protected":false},"author":4258341382,"featured_media":236858,"comment_status":"closed","ping_status":"closed","sticky":false,"template":"","format":"standard","meta":{"_acf_changed":false,"_acn_coauthor_ids":[],"footnotes":""},"categories":[575,919],"tags":[],"country":[348],"class_list":["post-236886","post","type-post","status-publish","format-standard","has-post-thumbnail","hentry","category-news","category-nouvelle","country-mozambique"],"acn_coauthors":[],"acf":[],"yoast_head":"<!-- This site is optimized with the Yoast SEO Premium plugin v27.3 (Yoast SEO v27.3) - https:\/\/yoast.com\/product\/yoast-seo-premium-wordpress\/ -->\n<title>Le Mozambique apr\u00e8s le passage du cyclone Chido : \u00ab Maintenant, qu\u2019allons-nous devenir ? Nous avons tout perdu... \u00bb | ACN International<\/title>\n<meta name=\"description\" content=\"Il y a des dizaines de morts et des milliers de personnes ont perdu tout ce qu\u2019elles poss\u00e9daient. Elles se demandent maintenant comment elles vont survivre.\" \/>\n<meta name=\"robots\" content=\"index, follow, max-snippet:-1, max-image-preview:large, max-video-preview:-1\" \/>\n<link rel=\"canonical\" href=\"https:\/\/acninternational.org\/fr\/le-mozambique-apres-le-passage-du-cyclone-chido-maintenant-quallons-nous-devenir-nous-avons-tout-perdu\/\" \/>\n<meta property=\"og:locale\" content=\"fr_FR\" \/>\n<meta property=\"og:type\" content=\"article\" \/>\n<meta property=\"og:title\" content=\"Le Mozambique apr\u00e8s le passage du cyclone Chido : \u00ab Maintenant, qu\u2019allons-nous devenir ? Nous avons tout perdu... \u00bb\" \/>\n<meta property=\"og:description\" content=\"Il y a des dizaines de morts et des milliers de personnes ont perdu tout ce qu\u2019elles poss\u00e9daient. Elles se demandent maintenant comment elles vont survivre.\" \/>\n<meta property=\"og:url\" content=\"https:\/\/acninternational.org\/fr\/le-mozambique-apres-le-passage-du-cyclone-chido-maintenant-quallons-nous-devenir-nous-avons-tout-perdu\/\" \/>\n<meta property=\"og:site_name\" content=\"ACN International\" \/>\n<meta property=\"article:publisher\" content=\"https:\/\/www.facebook.com\/acninternationalorg\" \/>\n<meta property=\"article:published_time\" content=\"2024-12-19T14:05:03+00:00\" \/>\n<meta property=\"article:modified_time\" content=\"2025-08-12T08:26:29+00:00\" \/>\n<meta property=\"og:image\" content=\"https:\/\/media.acninternational.org\/wp-content\/uploads\/2024\/12\/ACN-20241218-178206.jpg\" \/>\n\t<meta property=\"og:image:width\" content=\"1920\" \/>\n\t<meta property=\"og:image:height\" content=\"700\" \/>\n\t<meta property=\"og:image:type\" content=\"image\/jpeg\" \/>\n<meta name=\"author\" content=\"Paulo Aido\" \/>\n<meta name=\"twitter:card\" content=\"summary_large_image\" \/>\n<meta name=\"twitter:creator\" content=\"@acn_int\" \/>\n<meta name=\"twitter:site\" content=\"@acn_int\" \/>\n<meta name=\"twitter:label1\" content=\"\u00c9crit par\" \/>\n\t<meta name=\"twitter:data1\" content=\"Paulo Aido\" \/>\n\t<meta name=\"twitter:label2\" content=\"Dur\u00e9e de lecture estim\u00e9e\" \/>\n\t<meta name=\"twitter:data2\" content=\"5 minutes\" \/>\n<script type=\"application\/ld+json\" class=\"yoast-schema-graph\">{\"@context\":\"https:\\\/\\\/schema.org\",\"@graph\":[{\"@type\":\"Article\",\"@id\":\"https:\\\/\\\/acninternational.org\\\/fr\\\/le-mozambique-apres-le-passage-du-cyclone-chido-maintenant-quallons-nous-devenir-nous-avons-tout-perdu\\\/#article\",\"isPartOf\":{\"@id\":\"https:\\\/\\\/acninternational.org\\\/fr\\\/le-mozambique-apres-le-passage-du-cyclone-chido-maintenant-quallons-nous-devenir-nous-avons-tout-perdu\\\/\"},\"author\":{\"name\":\"Paulo Aido\",\"@id\":\"https:\\\/\\\/acninternational.org\\\/fr\\\/#\\\/schema\\\/person\\\/74d18921c1d8be9ca663e4035d1fce84\"},\"headline\":\"Le Mozambique apr\u00e8s le passage du cyclone Chido : \u00ab Maintenant, qu\u2019allons-nous devenir ? Nous avons tout perdu&#8230; \u00bb\",\"datePublished\":\"2024-12-19T14:05:03+00:00\",\"dateModified\":\"2025-08-12T08:26:29+00:00\",\"mainEntityOfPage\":{\"@id\":\"https:\\\/\\\/acninternational.org\\\/fr\\\/le-mozambique-apres-le-passage-du-cyclone-chido-maintenant-quallons-nous-devenir-nous-avons-tout-perdu\\\/\"},\"wordCount\":1024,\"publisher\":{\"@id\":\"https:\\\/\\\/acninternational.org\\\/fr\\\/#organization\"},\"image\":{\"@id\":\"https:\\\/\\\/acninternational.org\\\/fr\\\/le-mozambique-apres-le-passage-du-cyclone-chido-maintenant-quallons-nous-devenir-nous-avons-tout-perdu\\\/#primaryimage\"},\"thumbnailUrl\":\"https:\\\/\\\/media.acninternational.org\\\/wp-content\\\/uploads\\\/2024\\\/12\\\/ACN-20241218-178206.jpg\",\"articleSection\":[\"News\",\"Nouvelle\"],\"inLanguage\":\"fr-FR\"},{\"@type\":\"WebPage\",\"@id\":\"https:\\\/\\\/acninternational.org\\\/fr\\\/le-mozambique-apres-le-passage-du-cyclone-chido-maintenant-quallons-nous-devenir-nous-avons-tout-perdu\\\/\",\"url\":\"https:\\\/\\\/acninternational.org\\\/fr\\\/le-mozambique-apres-le-passage-du-cyclone-chido-maintenant-quallons-nous-devenir-nous-avons-tout-perdu\\\/\",\"name\":\"Le Mozambique apr\u00e8s le passage du cyclone Chido : \u00ab Maintenant, qu\u2019allons-nous devenir ? Nous avons tout perdu... \u00bb | ACN International\",\"isPartOf\":{\"@id\":\"https:\\\/\\\/acninternational.org\\\/fr\\\/#website\"},\"primaryImageOfPage\":{\"@id\":\"https:\\\/\\\/acninternational.org\\\/fr\\\/le-mozambique-apres-le-passage-du-cyclone-chido-maintenant-quallons-nous-devenir-nous-avons-tout-perdu\\\/#primaryimage\"},\"image\":{\"@id\":\"https:\\\/\\\/acninternational.org\\\/fr\\\/le-mozambique-apres-le-passage-du-cyclone-chido-maintenant-quallons-nous-devenir-nous-avons-tout-perdu\\\/#primaryimage\"},\"thumbnailUrl\":\"https:\\\/\\\/media.acninternational.org\\\/wp-content\\\/uploads\\\/2024\\\/12\\\/ACN-20241218-178206.jpg\",\"datePublished\":\"2024-12-19T14:05:03+00:00\",\"dateModified\":\"2025-08-12T08:26:29+00:00\",\"description\":\"Il y a des dizaines de morts et des milliers de personnes ont perdu tout ce qu\u2019elles poss\u00e9daient. Elles se demandent maintenant comment elles vont survivre.\",\"breadcrumb\":{\"@id\":\"https:\\\/\\\/acninternational.org\\\/fr\\\/le-mozambique-apres-le-passage-du-cyclone-chido-maintenant-quallons-nous-devenir-nous-avons-tout-perdu\\\/#breadcrumb\"},\"inLanguage\":\"fr-FR\",\"potentialAction\":[{\"@type\":\"ReadAction\",\"target\":[\"https:\\\/\\\/acninternational.org\\\/fr\\\/le-mozambique-apres-le-passage-du-cyclone-chido-maintenant-quallons-nous-devenir-nous-avons-tout-perdu\\\/\"]}]},{\"@type\":\"ImageObject\",\"inLanguage\":\"fr-FR\",\"@id\":\"https:\\\/\\\/acninternational.org\\\/fr\\\/le-mozambique-apres-le-passage-du-cyclone-chido-maintenant-quallons-nous-devenir-nous-avons-tout-perdu\\\/#primaryimage\",\"url\":\"https:\\\/\\\/media.acninternational.org\\\/wp-content\\\/uploads\\\/2024\\\/12\\\/ACN-20241218-178206.jpg\",\"contentUrl\":\"https:\\\/\\\/media.acninternational.org\\\/wp-content\\\/uploads\\\/2024\\\/12\\\/ACN-20241218-178206.jpg\",\"width\":1920,\"height\":700},{\"@type\":\"BreadcrumbList\",\"@id\":\"https:\\\/\\\/acninternational.org\\\/fr\\\/le-mozambique-apres-le-passage-du-cyclone-chido-maintenant-quallons-nous-devenir-nous-avons-tout-perdu\\\/#breadcrumb\",\"itemListElement\":[{\"@type\":\"ListItem\",\"position\":1,\"name\":\"Home\",\"item\":\"https:\\\/\\\/acninternational.org\\\/fr\\\/\"},{\"@type\":\"ListItem\",\"position\":2,\"name\":\"Nouvelles\",\"item\":\"https:\\\/\\\/acninternational.org\\\/fr\\\/category\\\/news-fr\\\/\"},{\"@type\":\"ListItem\",\"position\":3,\"name\":\"Le Mozambique apr\u00e8s le passage du cyclone Chido : \u00ab Maintenant, qu\u2019allons-nous devenir ? Nous avons tout perdu&#8230; \u00bb\"}]},{\"@type\":\"WebSite\",\"@id\":\"https:\\\/\\\/acninternational.org\\\/fr\\\/#website\",\"url\":\"https:\\\/\\\/acninternational.org\\\/fr\\\/\",\"name\":\"ACN International\",\"description\":\"\",\"publisher\":{\"@id\":\"https:\\\/\\\/acninternational.org\\\/fr\\\/#organization\"},\"potentialAction\":[{\"@type\":\"SearchAction\",\"target\":{\"@type\":\"EntryPoint\",\"urlTemplate\":\"https:\\\/\\\/acninternational.org\\\/fr\\\/?s={search_term_string}\"},\"query-input\":{\"@type\":\"PropertyValueSpecification\",\"valueRequired\":true,\"valueName\":\"search_term_string\"}}],\"inLanguage\":\"fr-FR\"},{\"@type\":\"Organization\",\"@id\":\"https:\\\/\\\/acninternational.org\\\/fr\\\/#organization\",\"name\":\"Aid to the Church in Need International\",\"url\":\"https:\\\/\\\/acninternational.org\\\/fr\\\/\",\"logo\":{\"@type\":\"ImageObject\",\"inLanguage\":\"fr-FR\",\"@id\":\"https:\\\/\\\/acninternational.org\\\/fr\\\/#\\\/schema\\\/logo\\\/image\\\/\",\"url\":\"https:\\\/\\\/media.acninternational.org\\\/wp-content\\\/uploads\\\/2019\\\/11\\\/acn_logo_blackvector.svg\",\"contentUrl\":\"https:\\\/\\\/media.acninternational.org\\\/wp-content\\\/uploads\\\/2019\\\/11\\\/acn_logo_blackvector.svg\",\"width\":232.6,\"height\":78,\"caption\":\"Aid to the Church in Need International\"},\"image\":{\"@id\":\"https:\\\/\\\/acninternational.org\\\/fr\\\/#\\\/schema\\\/logo\\\/image\\\/\"},\"sameAs\":[\"https:\\\/\\\/www.facebook.com\\\/acninternationalorg\",\"https:\\\/\\\/x.com\\\/acn_int\",\"https:\\\/\\\/www.youtube.com\\\/channel\\\/UCQ-077gS0TnVzkhHmf1opZw\",\"https:\\\/\\\/www.instagram.com\\\/acn_international\\\/\"]},{\"@type\":\"Person\",\"@id\":\"https:\\\/\\\/acninternational.org\\\/fr\\\/#\\\/schema\\\/person\\\/74d18921c1d8be9ca663e4035d1fce84\",\"name\":\"Paulo Aido\",\"description\":\"Lorem ipsum dolor sit amet, consectetur adipiscing elit, sed do eiusmod tempor incididunt ut labore et dolore magna aliqua. Ut enim ad minim veniam, quis nostrud exercitation ullamco laboris nisi ut aliquip ex ea commodo consequat.\",\"url\":\"https:\\\/\\\/acninternational.org\\\/fr\\\/author\\\/paulo-aido\\\/\"}]}<\/script>\n<!-- \/ Yoast SEO Premium plugin. -->","yoast_head_json":{"title":"Le Mozambique apr\u00e8s le passage du cyclone Chido : \u00ab Maintenant, qu\u2019allons-nous devenir ? Nous avons tout perdu... \u00bb | ACN International","description":"Il y a des dizaines de morts et des milliers de personnes ont perdu tout ce qu\u2019elles poss\u00e9daient. Elles se demandent maintenant comment elles vont survivre.","robots":{"index":"index","follow":"follow","max-snippet":"max-snippet:-1","max-image-preview":"max-image-preview:large","max-video-preview":"max-video-preview:-1"},"canonical":"https:\/\/acninternational.org\/fr\/le-mozambique-apres-le-passage-du-cyclone-chido-maintenant-quallons-nous-devenir-nous-avons-tout-perdu\/","og_locale":"fr_FR","og_type":"article","og_title":"Le Mozambique apr\u00e8s le passage du cyclone Chido : \u00ab Maintenant, qu\u2019allons-nous devenir ? Nous avons tout perdu... \u00bb","og_description":"Il y a des dizaines de morts et des milliers de personnes ont perdu tout ce qu\u2019elles poss\u00e9daient. Elles se demandent maintenant comment elles vont survivre.","og_url":"https:\/\/acninternational.org\/fr\/le-mozambique-apres-le-passage-du-cyclone-chido-maintenant-quallons-nous-devenir-nous-avons-tout-perdu\/","og_site_name":"ACN International","article_publisher":"https:\/\/www.facebook.com\/acninternationalorg","article_published_time":"2024-12-19T14:05:03+00:00","article_modified_time":"2025-08-12T08:26:29+00:00","og_image":[{"width":1920,"height":700,"url":"https:\/\/media.acninternational.org\/wp-content\/uploads\/2024\/12\/ACN-20241218-178206.jpg","type":"image\/jpeg"}],"author":"Paulo Aido","twitter_card":"summary_large_image","twitter_creator":"@acn_int","twitter_site":"@acn_int","twitter_misc":{"\u00c9crit par":"Paulo Aido","Dur\u00e9e de lecture estim\u00e9e":"5 minutes"},"schema":{"@context":"https:\/\/schema.org","@graph":[{"@type":"Article","@id":"https:\/\/acninternational.org\/fr\/le-mozambique-apres-le-passage-du-cyclone-chido-maintenant-quallons-nous-devenir-nous-avons-tout-perdu\/#article","isPartOf":{"@id":"https:\/\/acninternational.org\/fr\/le-mozambique-apres-le-passage-du-cyclone-chido-maintenant-quallons-nous-devenir-nous-avons-tout-perdu\/"},"author":{"name":"Paulo Aido","@id":"https:\/\/acninternational.org\/fr\/#\/schema\/person\/74d18921c1d8be9ca663e4035d1fce84"},"headline":"Le Mozambique apr\u00e8s le passage du cyclone Chido : \u00ab Maintenant, qu\u2019allons-nous devenir ? Nous avons tout perdu&#8230; \u00bb","datePublished":"2024-12-19T14:05:03+00:00","dateModified":"2025-08-12T08:26:29+00:00","mainEntityOfPage":{"@id":"https:\/\/acninternational.org\/fr\/le-mozambique-apres-le-passage-du-cyclone-chido-maintenant-quallons-nous-devenir-nous-avons-tout-perdu\/"},"wordCount":1024,"publisher":{"@id":"https:\/\/acninternational.org\/fr\/#organization"},"image":{"@id":"https:\/\/acninternational.org\/fr\/le-mozambique-apres-le-passage-du-cyclone-chido-maintenant-quallons-nous-devenir-nous-avons-tout-perdu\/#primaryimage"},"thumbnailUrl":"https:\/\/media.acninternational.org\/wp-content\/uploads\/2024\/12\/ACN-20241218-178206.jpg","articleSection":["News","Nouvelle"],"inLanguage":"fr-FR"},{"@type":"WebPage","@id":"https:\/\/acninternational.org\/fr\/le-mozambique-apres-le-passage-du-cyclone-chido-maintenant-quallons-nous-devenir-nous-avons-tout-perdu\/","url":"https:\/\/acninternational.org\/fr\/le-mozambique-apres-le-passage-du-cyclone-chido-maintenant-quallons-nous-devenir-nous-avons-tout-perdu\/","name":"Le Mozambique apr\u00e8s le passage du cyclone Chido : \u00ab Maintenant, qu\u2019allons-nous devenir ? Nous avons tout perdu... \u00bb | ACN International","isPartOf":{"@id":"https:\/\/acninternational.org\/fr\/#website"},"primaryImageOfPage":{"@id":"https:\/\/acninternational.org\/fr\/le-mozambique-apres-le-passage-du-cyclone-chido-maintenant-quallons-nous-devenir-nous-avons-tout-perdu\/#primaryimage"},"image":{"@id":"https:\/\/acninternational.org\/fr\/le-mozambique-apres-le-passage-du-cyclone-chido-maintenant-quallons-nous-devenir-nous-avons-tout-perdu\/#primaryimage"},"thumbnailUrl":"https:\/\/media.acninternational.org\/wp-content\/uploads\/2024\/12\/ACN-20241218-178206.jpg","datePublished":"2024-12-19T14:05:03+00:00","dateModified":"2025-08-12T08:26:29+00:00","description":"Il y a des dizaines de morts et des milliers de personnes ont perdu tout ce qu\u2019elles poss\u00e9daient. Elles se demandent maintenant comment elles vont survivre.","breadcrumb":{"@id":"https:\/\/acninternational.org\/fr\/le-mozambique-apres-le-passage-du-cyclone-chido-maintenant-quallons-nous-devenir-nous-avons-tout-perdu\/#breadcrumb"},"inLanguage":"fr-FR","potentialAction":[{"@type":"ReadAction","target":["https:\/\/acninternational.org\/fr\/le-mozambique-apres-le-passage-du-cyclone-chido-maintenant-quallons-nous-devenir-nous-avons-tout-perdu\/"]}]},{"@type":"ImageObject","inLanguage":"fr-FR","@id":"https:\/\/acninternational.org\/fr\/le-mozambique-apres-le-passage-du-cyclone-chido-maintenant-quallons-nous-devenir-nous-avons-tout-perdu\/#primaryimage","url":"https:\/\/media.acninternational.org\/wp-content\/uploads\/2024\/12\/ACN-20241218-178206.jpg","contentUrl":"https:\/\/media.acninternational.org\/wp-content\/uploads\/2024\/12\/ACN-20241218-178206.jpg","width":1920,"height":700},{"@type":"BreadcrumbList","@id":"https:\/\/acninternational.org\/fr\/le-mozambique-apres-le-passage-du-cyclone-chido-maintenant-quallons-nous-devenir-nous-avons-tout-perdu\/#breadcrumb","itemListElement":[{"@type":"ListItem","position":1,"name":"Home","item":"https:\/\/acninternational.org\/fr\/"},{"@type":"ListItem","position":2,"name":"Nouvelles","item":"https:\/\/acninternational.org\/fr\/category\/news-fr\/"},{"@type":"ListItem","position":3,"name":"Le Mozambique apr\u00e8s le passage du cyclone Chido : \u00ab Maintenant, qu\u2019allons-nous devenir ? Nous avons tout perdu&#8230; \u00bb"}]},{"@type":"WebSite","@id":"https:\/\/acninternational.org\/fr\/#website","url":"https:\/\/acninternational.org\/fr\/","name":"ACN International","description":"","publisher":{"@id":"https:\/\/acninternational.org\/fr\/#organization"},"potentialAction":[{"@type":"SearchAction","target":{"@type":"EntryPoint","urlTemplate":"https:\/\/acninternational.org\/fr\/?s={search_term_string}"},"query-input":{"@type":"PropertyValueSpecification","valueRequired":true,"valueName":"search_term_string"}}],"inLanguage":"fr-FR"},{"@type":"Organization","@id":"https:\/\/acninternational.org\/fr\/#organization","name":"Aid to the Church in Need International","url":"https:\/\/acninternational.org\/fr\/","logo":{"@type":"ImageObject","inLanguage":"fr-FR","@id":"https:\/\/acninternational.org\/fr\/#\/schema\/logo\/image\/","url":"https:\/\/media.acninternational.org\/wp-content\/uploads\/2019\/11\/acn_logo_blackvector.svg","contentUrl":"https:\/\/media.acninternational.org\/wp-content\/uploads\/2019\/11\/acn_logo_blackvector.svg","width":232.6,"height":78,"caption":"Aid to the Church in Need International"},"image":{"@id":"https:\/\/acninternational.org\/fr\/#\/schema\/logo\/image\/"},"sameAs":["https:\/\/www.facebook.com\/acninternationalorg","https:\/\/x.com\/acn_int","https:\/\/www.youtube.com\/channel\/UCQ-077gS0TnVzkhHmf1opZw","https:\/\/www.instagram.com\/acn_international\/"]},{"@type":"Person","@id":"https:\/\/acninternational.org\/fr\/#\/schema\/person\/74d18921c1d8be9ca663e4035d1fce84","name":"Paulo Aido","description":"Lorem ipsum dolor sit amet, consectetur adipiscing elit, sed do eiusmod tempor incididunt ut labore et dolore magna aliqua. Ut enim ad minim veniam, quis nostrud exercitation ullamco laboris nisi ut aliquip ex ea commodo consequat.","url":"https:\/\/acninternational.org\/fr\/author\/paulo-aido\/"}]}},"_links":{"self":[{"href":"https:\/\/acninternational.org\/fr\/wp-json\/wp\/v2\/posts\/236886","targetHints":{"allow":["GET"]}}],"collection":[{"href":"https:\/\/acninternational.org\/fr\/wp-json\/wp\/v2\/posts"}],"about":[{"href":"https:\/\/acninternational.org\/fr\/wp-json\/wp\/v2\/types\/post"}],"author":[{"embeddable":true,"href":"https:\/\/acninternational.org\/fr\/wp-json\/wp\/v2\/users\/4258341382"}],"replies":[{"embeddable":true,"href":"https:\/\/acninternational.org\/fr\/wp-json\/wp\/v2\/comments?post=236886"}],"version-history":[{"count":1,"href":"https:\/\/acninternational.org\/fr\/wp-json\/wp\/v2\/posts\/236886\/revisions"}],"predecessor-version":[{"id":245267,"href":"https:\/\/acninternational.org\/fr\/wp-json\/wp\/v2\/posts\/236886\/revisions\/245267"}],"wp:featuredmedia":[{"embeddable":true,"href":"https:\/\/acninternational.org\/fr\/wp-json\/wp\/v2\/media\/236858"}],"wp:attachment":[{"href":"https:\/\/acninternational.org\/fr\/wp-json\/wp\/v2\/media?parent=236886"}],"wp:term":[{"taxonomy":"category","embeddable":true,"href":"https:\/\/acninternational.org\/fr\/wp-json\/wp\/v2\/categories?post=236886"},{"taxonomy":"post_tag","embeddable":true,"href":"https:\/\/acninternational.org\/fr\/wp-json\/wp\/v2\/tags?post=236886"},{"taxonomy":"country","embeddable":true,"href":"https:\/\/acninternational.org\/fr\/wp-json\/wp\/v2\/country?post=236886"}],"curies":[{"name":"wp","href":"https:\/\/api.w.org\/{rel}","templated":true}]}}