{"id":236478,"date":"2024-12-12T13:15:44","date_gmt":"2024-12-12T12:15:44","guid":{"rendered":"https:\/\/acninternational.org\/?p=236478"},"modified":"2025-08-12T10:26:44","modified_gmt":"2025-08-12T08:26:44","slug":"leveque-de-damas-on-nous-a-assure-que-tout-irait-bien-et-que-nous-ne-devrions-pas-nous-inquieter","status":"publish","type":"post","link":"https:\/\/acninternational.org\/fr\/leveque-de-damas-on-nous-a-assure-que-tout-irait-bien-et-que-nous-ne-devrions-pas-nous-inquieter\/","title":{"rendered":"L&rsquo;\u00e9v\u00e8que de Damas : \u00ab On nous a assur\u00e9 que tout irait bien et que nous ne devrions pas nous inqui\u00e9ter. \u00bb"},"content":{"rendered":"<p>La situation politique en Syrie, qui a entra\u00een\u00e9 un changement drastique dans la direction du pays, continue de marquer profond\u00e9ment la vie de ses citoyens, en particulier des communaut\u00e9s chr\u00e9tiennes. Mgr Georges Assadourian, \u00e9v\u00e8que arm\u00e9nien catholique de Damas, partage avec la fondation Aid to the Church in Need (ACN) sur la fa\u00e7on dont les \u00e9v\u00e9nements r\u00e9cents ont \u00e9t\u00e9 v\u00e9cus dans la capitale et r\u00e9fl\u00e9chit sur le r\u00f4le des chr\u00e9tiens en cette p\u00e9riode de transition.<\/p>\n<p>\u00ab La situation \u00e0 Damas est calme aujourd\u2019hui, comme elle l\u2019\u00e9tait hier. Vendredi (6 d\u00e9cembre) soir et samedi midi, nous avons eu une pri\u00e8re commune avec tous les pr\u00eatres, religieuses et religieux pour demander la paix en Syrie \u00bb, a d\u00e9clar\u00e9 Mgr Assadourian. Ces pri\u00e8res ont \u00e9t\u00e9 organis\u00e9es en r\u00e9ponse aux informations concernant l\u2019arriv\u00e9e des rebelles dans les banlieues de Damas, apr\u00e8s avoir pris d\u2019autres villes comme Alep, Hama et Homs.<\/p>\n<figure id=\"attachment_236469\" aria-describedby=\"caption-attachment-236469\" style=\"width: 800px\" class=\"wp-caption aligncenter\"><img loading=\"lazy\" decoding=\"async\" class=\"wp-image-236469 size-large\" src=\"https:\/\/media.acninternational.org\/wp-content\/uploads\/2024\/12\/ACN-20181128-80496-1024x683.jpg\" alt=\"Des \u00e9l\u00e8ves chr\u00e9tiens en Syrie forment le mot &quot;Paix&quot;\" width=\"800\" height=\"534\" srcset=\"https:\/\/media.acninternational.org\/wp-content\/uploads\/2024\/12\/ACN-20181128-80496-1024x683.jpg 1024w, https:\/\/media.acninternational.org\/wp-content\/uploads\/2024\/12\/ACN-20181128-80496-300x200.jpg 300w, https:\/\/media.acninternational.org\/wp-content\/uploads\/2024\/12\/ACN-20181128-80496-768x512.jpg 768w, https:\/\/media.acninternational.org\/wp-content\/uploads\/2024\/12\/ACN-20181128-80496.jpg 1080w\" sizes=\"auto, (max-width: 800px) 100vw, 800px\" \/><figcaption id=\"caption-attachment-236469\" class=\"wp-caption-text\">Des \u00e9l\u00e8ves chr\u00e9tiens en Syrie forment le mot \u00ab\u00a0Paix\u00a0\u00bb<\/figcaption><\/figure>\n<p>Face \u00e0 l\u2019imminence des \u00e9v\u00e9nements et \u00e0 l\u2019incertitude de la situation, des mesures pr\u00e9ventives ont \u00e9t\u00e9 prises dans la capitale. \u00ab Nous avons demand\u00e9 \u00e0 tous les religieux et religieuses qui se trouvaient dans les banlieues de revenir dans leurs couvents ou \u00e9coles. Nous nous sommes \u00e9galement rendus dans nos paroisses \u00bb, a expliqu\u00e9 l\u2019\u00e9v\u00e8que .<\/p>\n<p>La nuit de samedi s&rsquo;est transform\u00e9e en une journ\u00e9e historique. \u00ab Ce fut le jour le plus chaotique de l\u2019histoire de la Syrie. Le pr\u00e9sident a quitt\u00e9 le pays et tout s\u2019est transform\u00e9 en un d\u00e9sert, un pays lib\u00e9r\u00e9 du r\u00e9gime qui \u00e9tait en place depuis 50 ans \u00bb, a affirm\u00e9 Mgr Assadourian. Cette situation d\u2019incertitude a conduit les citoyens \u00e0 rechercher des r\u00e9ponses sur l\u2019avenir de la communaut\u00e9 chr\u00e9tienne \u00e0 Damas.<\/p>\n<p style=\"font-weight: 400;\">En r\u00e9ponse, les leaders religieux se sont r\u00e9unis au si\u00e8ge de l\u2019\u00e9v\u00each\u00e9 arm\u00e9nien catholique pour coordonner une strat\u00e9gie commune. Mgr Assadourian a indiqu\u00e9 qu\u2019il y avait \u00e9galement eu des contacts avec des repr\u00e9sentants des nouvelles autorit\u00e9s syriennes. Bien que la r\u00e9union pr\u00e9vue avec un dirigeant cl\u00e9 n\u2019ait pas pu avoir lieu, un journaliste envoy\u00e9 par celui-ci a transmis un message rassurant, assurant que la situation sera calme.<\/p>\n<figure id=\"attachment_236503\" aria-describedby=\"caption-attachment-236503\" style=\"width: 576px\" class=\"wp-caption aligncenter\"><img loading=\"lazy\" decoding=\"async\" class=\"wp-image-236503 size-large\" src=\"https:\/\/media.acninternational.org\/wp-content\/uploads\/2024\/12\/ACN-20241212-177824-576x1024.jpg\" alt=\"Mgr Georges Assadourian, \u00e9v\u00e8que arm\u00e9nien catholique de Damas, Syrie\" width=\"576\" height=\"1024\" srcset=\"https:\/\/media.acninternational.org\/wp-content\/uploads\/2024\/12\/ACN-20241212-177824-576x1024.jpg 576w, https:\/\/media.acninternational.org\/wp-content\/uploads\/2024\/12\/ACN-20241212-177824-169x300.jpg 169w, https:\/\/media.acninternational.org\/wp-content\/uploads\/2024\/12\/ACN-20241212-177824.jpg 720w\" sizes=\"auto, (max-width: 576px) 100vw, 576px\" \/><figcaption id=\"caption-attachment-236503\" class=\"wp-caption-text\">Mgr Georges Assadourian, \u00e9v\u00e8que arm\u00e9nien catholique de Damas, Syrie<\/figcaption><\/figure>\n<p>Lundi matin, 9 d\u00e9cembre, Mgr Assadourian, accompagn\u00e9 d\u2019un pr\u00eatre franciscain et du cur\u00e9 local, s\u2019est rendu \u00e0 l\u2019h\u00f4tel Four Seasons, d\u00e9sormais si\u00e8ge des nouveaux dirigeants politiques et militaires de la r\u00e9volution. Lors de cette rencontre, le r\u00f4le des chr\u00e9tiens dans la nouvelle Syrie a \u00e9t\u00e9 discut\u00e9. \u00ab Nous avons discut\u00e9 de la pr\u00e9sence chr\u00e9tienne \u00e0 Damas et en Syrie, et aussi du r\u00f4le des chr\u00e9tiens : continuerons-nous \u00e0 vivre et \u00e0 t\u00e9moigner de notre christianisme ou non ? Ils nous ont assur\u00e9 que tout irait bien et que nous ne devions pas nous inqui\u00e9ter \u00bb, a relat\u00e9 l\u2019\u00e9v\u00e8que \u00e0 ACN.<\/p>\n<p>De plus, Mgr Assadourian a soulign\u00e9 la pr\u00e9sence de plusieurs ambassadeurs internationaux \u00e0 l\u2019h\u00f4tel, signalant l\u2019effort global pour surveiller les changements dans le pays.<\/p>\n<p><a href=\"UserscmnAppDataLocalMicrosoftWindowsINetCacheContent.OutlookB188ZU25la%20fondation%20Aid%20to%20the%20Church%20in%20Need%20(ACN)\" target=\"_blank\" rel=\"noopener\">La fondation Aid to the Church in Need (ACN) r\u00e9affirme son engagement<\/a> \u00e0 continuer de soutenir les communaut\u00e9s chr\u00e9tiennes vuln\u00e9rables en Syrie \u00e0 travers une aide d\u2019urgence et spirituelle. Apr\u00e8s des ann\u00e9es de guerre, de pauvret\u00e9 et d\u2019incertitude, ACN restera aux c\u00f4t\u00e9s des chr\u00e9tiens syriens pour garantir que leurs voix soient entendues et leurs droits respect\u00e9s. L\u2019espoir et la foi restent des piliers fondamentaux pour affronter les d\u00e9fis \u00e0 venir.<\/p>\n<p>&nbsp;<\/p>\n","protected":false},"excerpt":{"rendered":"<p>Les troubles politiques en Syrie continuent de nuire aux communaut\u00e9s chr\u00e9tiennes. D\u00e9couvrez comment leur vie a \u00e9t\u00e9 affect\u00e9e.<\/p>\n","protected":false},"author":4258341378,"featured_media":236458,"comment_status":"closed","ping_status":"closed","sticky":false,"template":"","format":"standard","meta":{"_acf_changed":false,"_acn_coauthor_ids":[],"footnotes":""},"categories":[575,919],"tags":[],"country":[819],"class_list":["post-236478","post","type-post","status-publish","format-standard","has-post-thumbnail","hentry","category-news","category-nouvelle","country-syrie"],"acn_coauthors":[],"acf":[],"yoast_head":"<!-- This site is optimized with the Yoast SEO Premium plugin v27.3 (Yoast SEO v27.3) - https:\/\/yoast.com\/product\/yoast-seo-premium-wordpress\/ -->\n<title>L&#039;\u00e9v\u00e8que de Damas : \u00ab On nous a assur\u00e9 que tout irait bien et que nous ne devrions pas nous inqui\u00e9ter. \u00bb | ACN International<\/title>\n<meta name=\"description\" content=\"Les troubles politiques en Syrie continuent de nuire aux communaut\u00e9s chr\u00e9tiennes. D\u00e9couvrez comment leur vie a \u00e9t\u00e9 affect\u00e9e.\" \/>\n<meta name=\"robots\" content=\"index, follow, max-snippet:-1, max-image-preview:large, max-video-preview:-1\" \/>\n<link rel=\"canonical\" href=\"https:\/\/acninternational.org\/fr\/leveque-de-damas-on-nous-a-assure-que-tout-irait-bien-et-que-nous-ne-devrions-pas-nous-inquieter\/\" \/>\n<meta property=\"og:locale\" content=\"fr_FR\" \/>\n<meta property=\"og:type\" content=\"article\" \/>\n<meta property=\"og:title\" content=\"L&#039;\u00e9v\u00e8que de Damas : \u00ab On nous a assur\u00e9 que tout irait bien et que nous ne devrions pas nous inqui\u00e9ter. \u00bb\" \/>\n<meta property=\"og:description\" content=\"Les troubles politiques en Syrie continuent de nuire aux communaut\u00e9s chr\u00e9tiennes. D\u00e9couvrez comment leur vie a \u00e9t\u00e9 affect\u00e9e.\" \/>\n<meta property=\"og:url\" content=\"https:\/\/acninternational.org\/fr\/leveque-de-damas-on-nous-a-assure-que-tout-irait-bien-et-que-nous-ne-devrions-pas-nous-inquieter\/\" \/>\n<meta property=\"og:site_name\" content=\"ACN International\" \/>\n<meta property=\"article:publisher\" content=\"https:\/\/www.facebook.com\/acninternationalorg\" \/>\n<meta property=\"article:published_time\" content=\"2024-12-12T12:15:44+00:00\" \/>\n<meta property=\"article:modified_time\" content=\"2025-08-12T08:26:44+00:00\" \/>\n<meta property=\"og:image\" content=\"https:\/\/media.acninternational.org\/wp-content\/uploads\/2024\/12\/ACN-20180913-76604.jpg\" \/>\n\t<meta property=\"og:image:width\" content=\"1920\" \/>\n\t<meta property=\"og:image:height\" content=\"700\" \/>\n\t<meta property=\"og:image:type\" content=\"image\/jpeg\" \/>\n<meta name=\"author\" content=\"Maria Lozano\" \/>\n<meta name=\"twitter:card\" content=\"summary_large_image\" \/>\n<meta name=\"twitter:creator\" content=\"@acn_int\" \/>\n<meta name=\"twitter:site\" content=\"@acn_int\" \/>\n<meta name=\"twitter:label1\" content=\"\u00c9crit par\" \/>\n\t<meta name=\"twitter:data1\" content=\"Maria Lozano\" \/>\n\t<meta name=\"twitter:label2\" content=\"Dur\u00e9e de lecture estim\u00e9e\" \/>\n\t<meta name=\"twitter:data2\" content=\"4 minutes\" \/>\n<script type=\"application\/ld+json\" class=\"yoast-schema-graph\">{\"@context\":\"https:\\\/\\\/schema.org\",\"@graph\":[{\"@type\":\"Article\",\"@id\":\"https:\\\/\\\/acninternational.org\\\/fr\\\/leveque-de-damas-on-nous-a-assure-que-tout-irait-bien-et-que-nous-ne-devrions-pas-nous-inquieter\\\/#article\",\"isPartOf\":{\"@id\":\"https:\\\/\\\/acninternational.org\\\/fr\\\/leveque-de-damas-on-nous-a-assure-que-tout-irait-bien-et-que-nous-ne-devrions-pas-nous-inquieter\\\/\"},\"author\":{\"name\":\"Maria Lozano\",\"@id\":\"https:\\\/\\\/acninternational.org\\\/fr\\\/#\\\/schema\\\/person\\\/91975fc8e2569591a0e2d868c7d5816c\"},\"headline\":\"L&rsquo;\u00e9v\u00e8que de Damas : \u00ab On nous a assur\u00e9 que tout irait bien et que nous ne devrions pas nous inqui\u00e9ter. \u00bb\",\"datePublished\":\"2024-12-12T12:15:44+00:00\",\"dateModified\":\"2025-08-12T08:26:44+00:00\",\"mainEntityOfPage\":{\"@id\":\"https:\\\/\\\/acninternational.org\\\/fr\\\/leveque-de-damas-on-nous-a-assure-que-tout-irait-bien-et-que-nous-ne-devrions-pas-nous-inquieter\\\/\"},\"wordCount\":661,\"publisher\":{\"@id\":\"https:\\\/\\\/acninternational.org\\\/fr\\\/#organization\"},\"image\":{\"@id\":\"https:\\\/\\\/acninternational.org\\\/fr\\\/leveque-de-damas-on-nous-a-assure-que-tout-irait-bien-et-que-nous-ne-devrions-pas-nous-inquieter\\\/#primaryimage\"},\"thumbnailUrl\":\"https:\\\/\\\/media.acninternational.org\\\/wp-content\\\/uploads\\\/2024\\\/12\\\/ACN-20180913-76604.jpg\",\"articleSection\":[\"News\",\"Nouvelle\"],\"inLanguage\":\"fr-FR\"},{\"@type\":\"WebPage\",\"@id\":\"https:\\\/\\\/acninternational.org\\\/fr\\\/leveque-de-damas-on-nous-a-assure-que-tout-irait-bien-et-que-nous-ne-devrions-pas-nous-inquieter\\\/\",\"url\":\"https:\\\/\\\/acninternational.org\\\/fr\\\/leveque-de-damas-on-nous-a-assure-que-tout-irait-bien-et-que-nous-ne-devrions-pas-nous-inquieter\\\/\",\"name\":\"L'\u00e9v\u00e8que de Damas : \u00ab On nous a assur\u00e9 que tout irait bien et que nous ne devrions pas nous inqui\u00e9ter. \u00bb | ACN International\",\"isPartOf\":{\"@id\":\"https:\\\/\\\/acninternational.org\\\/fr\\\/#website\"},\"primaryImageOfPage\":{\"@id\":\"https:\\\/\\\/acninternational.org\\\/fr\\\/leveque-de-damas-on-nous-a-assure-que-tout-irait-bien-et-que-nous-ne-devrions-pas-nous-inquieter\\\/#primaryimage\"},\"image\":{\"@id\":\"https:\\\/\\\/acninternational.org\\\/fr\\\/leveque-de-damas-on-nous-a-assure-que-tout-irait-bien-et-que-nous-ne-devrions-pas-nous-inquieter\\\/#primaryimage\"},\"thumbnailUrl\":\"https:\\\/\\\/media.acninternational.org\\\/wp-content\\\/uploads\\\/2024\\\/12\\\/ACN-20180913-76604.jpg\",\"datePublished\":\"2024-12-12T12:15:44+00:00\",\"dateModified\":\"2025-08-12T08:26:44+00:00\",\"description\":\"Les troubles politiques en Syrie continuent de nuire aux communaut\u00e9s chr\u00e9tiennes. D\u00e9couvrez comment leur vie a \u00e9t\u00e9 affect\u00e9e.\",\"breadcrumb\":{\"@id\":\"https:\\\/\\\/acninternational.org\\\/fr\\\/leveque-de-damas-on-nous-a-assure-que-tout-irait-bien-et-que-nous-ne-devrions-pas-nous-inquieter\\\/#breadcrumb\"},\"inLanguage\":\"fr-FR\",\"potentialAction\":[{\"@type\":\"ReadAction\",\"target\":[\"https:\\\/\\\/acninternational.org\\\/fr\\\/leveque-de-damas-on-nous-a-assure-que-tout-irait-bien-et-que-nous-ne-devrions-pas-nous-inquieter\\\/\"]}]},{\"@type\":\"ImageObject\",\"inLanguage\":\"fr-FR\",\"@id\":\"https:\\\/\\\/acninternational.org\\\/fr\\\/leveque-de-damas-on-nous-a-assure-que-tout-irait-bien-et-que-nous-ne-devrions-pas-nous-inquieter\\\/#primaryimage\",\"url\":\"https:\\\/\\\/media.acninternational.org\\\/wp-content\\\/uploads\\\/2024\\\/12\\\/ACN-20180913-76604.jpg\",\"contentUrl\":\"https:\\\/\\\/media.acninternational.org\\\/wp-content\\\/uploads\\\/2024\\\/12\\\/ACN-20180913-76604.jpg\",\"width\":1920,\"height\":700},{\"@type\":\"BreadcrumbList\",\"@id\":\"https:\\\/\\\/acninternational.org\\\/fr\\\/leveque-de-damas-on-nous-a-assure-que-tout-irait-bien-et-que-nous-ne-devrions-pas-nous-inquieter\\\/#breadcrumb\",\"itemListElement\":[{\"@type\":\"ListItem\",\"position\":1,\"name\":\"Home\",\"item\":\"https:\\\/\\\/acninternational.org\\\/fr\\\/\"},{\"@type\":\"ListItem\",\"position\":2,\"name\":\"Nouvelles\",\"item\":\"https:\\\/\\\/acninternational.org\\\/fr\\\/category\\\/news-fr\\\/\"},{\"@type\":\"ListItem\",\"position\":3,\"name\":\"L&rsquo;\u00e9v\u00e8que de Damas : \u00ab On nous a assur\u00e9 que tout irait bien et que nous ne devrions pas nous inqui\u00e9ter. \u00bb\"}]},{\"@type\":\"WebSite\",\"@id\":\"https:\\\/\\\/acninternational.org\\\/fr\\\/#website\",\"url\":\"https:\\\/\\\/acninternational.org\\\/fr\\\/\",\"name\":\"ACN International\",\"description\":\"\",\"publisher\":{\"@id\":\"https:\\\/\\\/acninternational.org\\\/fr\\\/#organization\"},\"potentialAction\":[{\"@type\":\"SearchAction\",\"target\":{\"@type\":\"EntryPoint\",\"urlTemplate\":\"https:\\\/\\\/acninternational.org\\\/fr\\\/?s={search_term_string}\"},\"query-input\":{\"@type\":\"PropertyValueSpecification\",\"valueRequired\":true,\"valueName\":\"search_term_string\"}}],\"inLanguage\":\"fr-FR\"},{\"@type\":\"Organization\",\"@id\":\"https:\\\/\\\/acninternational.org\\\/fr\\\/#organization\",\"name\":\"Aid to the Church in Need International\",\"url\":\"https:\\\/\\\/acninternational.org\\\/fr\\\/\",\"logo\":{\"@type\":\"ImageObject\",\"inLanguage\":\"fr-FR\",\"@id\":\"https:\\\/\\\/acninternational.org\\\/fr\\\/#\\\/schema\\\/logo\\\/image\\\/\",\"url\":\"https:\\\/\\\/media.acninternational.org\\\/wp-content\\\/uploads\\\/2019\\\/11\\\/acn_logo_blackvector.svg\",\"contentUrl\":\"https:\\\/\\\/media.acninternational.org\\\/wp-content\\\/uploads\\\/2019\\\/11\\\/acn_logo_blackvector.svg\",\"width\":232.6,\"height\":78,\"caption\":\"Aid to the Church in Need International\"},\"image\":{\"@id\":\"https:\\\/\\\/acninternational.org\\\/fr\\\/#\\\/schema\\\/logo\\\/image\\\/\"},\"sameAs\":[\"https:\\\/\\\/www.facebook.com\\\/acninternationalorg\",\"https:\\\/\\\/x.com\\\/acn_int\",\"https:\\\/\\\/www.youtube.com\\\/channel\\\/UCQ-077gS0TnVzkhHmf1opZw\",\"https:\\\/\\\/www.instagram.com\\\/acn_international\\\/\"]},{\"@type\":\"Person\",\"@id\":\"https:\\\/\\\/acninternational.org\\\/fr\\\/#\\\/schema\\\/person\\\/91975fc8e2569591a0e2d868c7d5816c\",\"name\":\"Maria Lozano\",\"description\":\"Lorem ipsum dolor sit amet, consectetur adipiscing elit, sed do eiusmod tempor incididunt ut labore et dolore magna aliqua. Ut enim ad minim veniam, quis nostrud exercitation ullamco laboris nisi ut aliquip ex ea commodo consequat.\",\"url\":\"https:\\\/\\\/acninternational.org\\\/fr\\\/author\\\/maria\\\/\"}]}<\/script>\n<!-- \/ Yoast SEO Premium plugin. -->","yoast_head_json":{"title":"L'\u00e9v\u00e8que de Damas : \u00ab On nous a assur\u00e9 que tout irait bien et que nous ne devrions pas nous inqui\u00e9ter. \u00bb | ACN International","description":"Les troubles politiques en Syrie continuent de nuire aux communaut\u00e9s chr\u00e9tiennes. D\u00e9couvrez comment leur vie a \u00e9t\u00e9 affect\u00e9e.","robots":{"index":"index","follow":"follow","max-snippet":"max-snippet:-1","max-image-preview":"max-image-preview:large","max-video-preview":"max-video-preview:-1"},"canonical":"https:\/\/acninternational.org\/fr\/leveque-de-damas-on-nous-a-assure-que-tout-irait-bien-et-que-nous-ne-devrions-pas-nous-inquieter\/","og_locale":"fr_FR","og_type":"article","og_title":"L'\u00e9v\u00e8que de Damas : \u00ab On nous a assur\u00e9 que tout irait bien et que nous ne devrions pas nous inqui\u00e9ter. \u00bb","og_description":"Les troubles politiques en Syrie continuent de nuire aux communaut\u00e9s chr\u00e9tiennes. D\u00e9couvrez comment leur vie a \u00e9t\u00e9 affect\u00e9e.","og_url":"https:\/\/acninternational.org\/fr\/leveque-de-damas-on-nous-a-assure-que-tout-irait-bien-et-que-nous-ne-devrions-pas-nous-inquieter\/","og_site_name":"ACN International","article_publisher":"https:\/\/www.facebook.com\/acninternationalorg","article_published_time":"2024-12-12T12:15:44+00:00","article_modified_time":"2025-08-12T08:26:44+00:00","og_image":[{"width":1920,"height":700,"url":"https:\/\/media.acninternational.org\/wp-content\/uploads\/2024\/12\/ACN-20180913-76604.jpg","type":"image\/jpeg"}],"author":"Maria Lozano","twitter_card":"summary_large_image","twitter_creator":"@acn_int","twitter_site":"@acn_int","twitter_misc":{"\u00c9crit par":"Maria Lozano","Dur\u00e9e de lecture estim\u00e9e":"4 minutes"},"schema":{"@context":"https:\/\/schema.org","@graph":[{"@type":"Article","@id":"https:\/\/acninternational.org\/fr\/leveque-de-damas-on-nous-a-assure-que-tout-irait-bien-et-que-nous-ne-devrions-pas-nous-inquieter\/#article","isPartOf":{"@id":"https:\/\/acninternational.org\/fr\/leveque-de-damas-on-nous-a-assure-que-tout-irait-bien-et-que-nous-ne-devrions-pas-nous-inquieter\/"},"author":{"name":"Maria Lozano","@id":"https:\/\/acninternational.org\/fr\/#\/schema\/person\/91975fc8e2569591a0e2d868c7d5816c"},"headline":"L&rsquo;\u00e9v\u00e8que de Damas : \u00ab On nous a assur\u00e9 que tout irait bien et que nous ne devrions pas nous inqui\u00e9ter. \u00bb","datePublished":"2024-12-12T12:15:44+00:00","dateModified":"2025-08-12T08:26:44+00:00","mainEntityOfPage":{"@id":"https:\/\/acninternational.org\/fr\/leveque-de-damas-on-nous-a-assure-que-tout-irait-bien-et-que-nous-ne-devrions-pas-nous-inquieter\/"},"wordCount":661,"publisher":{"@id":"https:\/\/acninternational.org\/fr\/#organization"},"image":{"@id":"https:\/\/acninternational.org\/fr\/leveque-de-damas-on-nous-a-assure-que-tout-irait-bien-et-que-nous-ne-devrions-pas-nous-inquieter\/#primaryimage"},"thumbnailUrl":"https:\/\/media.acninternational.org\/wp-content\/uploads\/2024\/12\/ACN-20180913-76604.jpg","articleSection":["News","Nouvelle"],"inLanguage":"fr-FR"},{"@type":"WebPage","@id":"https:\/\/acninternational.org\/fr\/leveque-de-damas-on-nous-a-assure-que-tout-irait-bien-et-que-nous-ne-devrions-pas-nous-inquieter\/","url":"https:\/\/acninternational.org\/fr\/leveque-de-damas-on-nous-a-assure-que-tout-irait-bien-et-que-nous-ne-devrions-pas-nous-inquieter\/","name":"L'\u00e9v\u00e8que de Damas : \u00ab On nous a assur\u00e9 que tout irait bien et que nous ne devrions pas nous inqui\u00e9ter. \u00bb | ACN International","isPartOf":{"@id":"https:\/\/acninternational.org\/fr\/#website"},"primaryImageOfPage":{"@id":"https:\/\/acninternational.org\/fr\/leveque-de-damas-on-nous-a-assure-que-tout-irait-bien-et-que-nous-ne-devrions-pas-nous-inquieter\/#primaryimage"},"image":{"@id":"https:\/\/acninternational.org\/fr\/leveque-de-damas-on-nous-a-assure-que-tout-irait-bien-et-que-nous-ne-devrions-pas-nous-inquieter\/#primaryimage"},"thumbnailUrl":"https:\/\/media.acninternational.org\/wp-content\/uploads\/2024\/12\/ACN-20180913-76604.jpg","datePublished":"2024-12-12T12:15:44+00:00","dateModified":"2025-08-12T08:26:44+00:00","description":"Les troubles politiques en Syrie continuent de nuire aux communaut\u00e9s chr\u00e9tiennes. D\u00e9couvrez comment leur vie a \u00e9t\u00e9 affect\u00e9e.","breadcrumb":{"@id":"https:\/\/acninternational.org\/fr\/leveque-de-damas-on-nous-a-assure-que-tout-irait-bien-et-que-nous-ne-devrions-pas-nous-inquieter\/#breadcrumb"},"inLanguage":"fr-FR","potentialAction":[{"@type":"ReadAction","target":["https:\/\/acninternational.org\/fr\/leveque-de-damas-on-nous-a-assure-que-tout-irait-bien-et-que-nous-ne-devrions-pas-nous-inquieter\/"]}]},{"@type":"ImageObject","inLanguage":"fr-FR","@id":"https:\/\/acninternational.org\/fr\/leveque-de-damas-on-nous-a-assure-que-tout-irait-bien-et-que-nous-ne-devrions-pas-nous-inquieter\/#primaryimage","url":"https:\/\/media.acninternational.org\/wp-content\/uploads\/2024\/12\/ACN-20180913-76604.jpg","contentUrl":"https:\/\/media.acninternational.org\/wp-content\/uploads\/2024\/12\/ACN-20180913-76604.jpg","width":1920,"height":700},{"@type":"BreadcrumbList","@id":"https:\/\/acninternational.org\/fr\/leveque-de-damas-on-nous-a-assure-que-tout-irait-bien-et-que-nous-ne-devrions-pas-nous-inquieter\/#breadcrumb","itemListElement":[{"@type":"ListItem","position":1,"name":"Home","item":"https:\/\/acninternational.org\/fr\/"},{"@type":"ListItem","position":2,"name":"Nouvelles","item":"https:\/\/acninternational.org\/fr\/category\/news-fr\/"},{"@type":"ListItem","position":3,"name":"L&rsquo;\u00e9v\u00e8que de Damas : \u00ab On nous a assur\u00e9 que tout irait bien et que nous ne devrions pas nous inqui\u00e9ter. \u00bb"}]},{"@type":"WebSite","@id":"https:\/\/acninternational.org\/fr\/#website","url":"https:\/\/acninternational.org\/fr\/","name":"ACN International","description":"","publisher":{"@id":"https:\/\/acninternational.org\/fr\/#organization"},"potentialAction":[{"@type":"SearchAction","target":{"@type":"EntryPoint","urlTemplate":"https:\/\/acninternational.org\/fr\/?s={search_term_string}"},"query-input":{"@type":"PropertyValueSpecification","valueRequired":true,"valueName":"search_term_string"}}],"inLanguage":"fr-FR"},{"@type":"Organization","@id":"https:\/\/acninternational.org\/fr\/#organization","name":"Aid to the Church in Need International","url":"https:\/\/acninternational.org\/fr\/","logo":{"@type":"ImageObject","inLanguage":"fr-FR","@id":"https:\/\/acninternational.org\/fr\/#\/schema\/logo\/image\/","url":"https:\/\/media.acninternational.org\/wp-content\/uploads\/2019\/11\/acn_logo_blackvector.svg","contentUrl":"https:\/\/media.acninternational.org\/wp-content\/uploads\/2019\/11\/acn_logo_blackvector.svg","width":232.6,"height":78,"caption":"Aid to the Church in Need International"},"image":{"@id":"https:\/\/acninternational.org\/fr\/#\/schema\/logo\/image\/"},"sameAs":["https:\/\/www.facebook.com\/acninternationalorg","https:\/\/x.com\/acn_int","https:\/\/www.youtube.com\/channel\/UCQ-077gS0TnVzkhHmf1opZw","https:\/\/www.instagram.com\/acn_international\/"]},{"@type":"Person","@id":"https:\/\/acninternational.org\/fr\/#\/schema\/person\/91975fc8e2569591a0e2d868c7d5816c","name":"Maria Lozano","description":"Lorem ipsum dolor sit amet, consectetur adipiscing elit, sed do eiusmod tempor incididunt ut labore et dolore magna aliqua. Ut enim ad minim veniam, quis nostrud exercitation ullamco laboris nisi ut aliquip ex ea commodo consequat.","url":"https:\/\/acninternational.org\/fr\/author\/maria\/"}]}},"_links":{"self":[{"href":"https:\/\/acninternational.org\/fr\/wp-json\/wp\/v2\/posts\/236478","targetHints":{"allow":["GET"]}}],"collection":[{"href":"https:\/\/acninternational.org\/fr\/wp-json\/wp\/v2\/posts"}],"about":[{"href":"https:\/\/acninternational.org\/fr\/wp-json\/wp\/v2\/types\/post"}],"author":[{"embeddable":true,"href":"https:\/\/acninternational.org\/fr\/wp-json\/wp\/v2\/users\/4258341378"}],"replies":[{"embeddable":true,"href":"https:\/\/acninternational.org\/fr\/wp-json\/wp\/v2\/comments?post=236478"}],"version-history":[{"count":1,"href":"https:\/\/acninternational.org\/fr\/wp-json\/wp\/v2\/posts\/236478\/revisions"}],"predecessor-version":[{"id":245281,"href":"https:\/\/acninternational.org\/fr\/wp-json\/wp\/v2\/posts\/236478\/revisions\/245281"}],"wp:featuredmedia":[{"embeddable":true,"href":"https:\/\/acninternational.org\/fr\/wp-json\/wp\/v2\/media\/236458"}],"wp:attachment":[{"href":"https:\/\/acninternational.org\/fr\/wp-json\/wp\/v2\/media?parent=236478"}],"wp:term":[{"taxonomy":"category","embeddable":true,"href":"https:\/\/acninternational.org\/fr\/wp-json\/wp\/v2\/categories?post=236478"},{"taxonomy":"post_tag","embeddable":true,"href":"https:\/\/acninternational.org\/fr\/wp-json\/wp\/v2\/tags?post=236478"},{"taxonomy":"country","embeddable":true,"href":"https:\/\/acninternational.org\/fr\/wp-json\/wp\/v2\/country?post=236478"}],"curies":[{"name":"wp","href":"https:\/\/api.w.org\/{rel}","templated":true}]}}