{"id":235041,"date":"2024-12-03T14:22:08","date_gmt":"2024-12-03T13:22:08","guid":{"rendered":"https:\/\/acninternational.org\/?p=235041"},"modified":"2025-08-12T10:27:02","modified_gmt":"2025-08-12T08:27:02","slug":"une-vague-de-lumiere-rouge-a-uni-le-monde-un-signe-desperance-pour-ceux-et-celles-qui-souffrent-en-silence-pour-leur-foi","status":"publish","type":"post","link":"https:\/\/acninternational.org\/fr\/une-vague-de-lumiere-rouge-a-uni-le-monde-un-signe-desperance-pour-ceux-et-celles-qui-souffrent-en-silence-pour-leur-foi\/","title":{"rendered":"Une vague de lumi\u00e8re rouge a uni le monde, un signe d\u2019esp\u00e9rance pour ceux et celles qui souffrent en silence pour leur foi"},"content":{"rendered":"<p><em>ACN a rassembl\u00e9 des milliers de personnes pour prier pour les chr\u00e9tiens pers\u00e9cut\u00e9s pendant #RedWeek. Des veill\u00e9es de solidarit\u00e9 et de pri\u00e8re dans le monde entier ont illumin\u00e9 plus d\u2019un millier de monuments, \u00e9glises et b\u00e2timents publics pour d\u00e9fendre le droit \u00e0 la libert\u00e9 religieuse.<\/em><\/p>\n<p>Du 17 au 27 novembre 2024, Aid to the Church in Need (ACN) a une fois de plus r\u00e9uni des milliers de chr\u00e9tiens de plus de 20 pays dans le cadre de l\u2019initiative mondiale Red Week (Semaine rouge), les rassemblant pour prier pour ceux qui souffrent pour leur foi.<\/p>\n<figure id=\"attachment_235002\" aria-describedby=\"caption-attachment-235002\" style=\"width: 800px\" class=\"wp-caption aligncenter\"><img loading=\"lazy\" decoding=\"async\" class=\"wp-image-235002 size-large\" src=\"https:\/\/media.acninternational.org\/wp-content\/uploads\/2024\/12\/ACN-20241120-175981-1024x685.jpg\" alt=\"Quelques moments de la c\u00e9l\u00e9bration de la messe du mercredi rouge au si\u00e8ge d'ACN, le 20 novembre 2024\" width=\"800\" height=\"535\" srcset=\"https:\/\/media.acninternational.org\/wp-content\/uploads\/2024\/12\/ACN-20241120-175981-1024x685.jpg 1024w, https:\/\/media.acninternational.org\/wp-content\/uploads\/2024\/12\/ACN-20241120-175981-300x201.jpg 300w, https:\/\/media.acninternational.org\/wp-content\/uploads\/2024\/12\/ACN-20241120-175981-768x513.jpg 768w, https:\/\/media.acninternational.org\/wp-content\/uploads\/2024\/12\/ACN-20241120-175981.jpg 1080w\" sizes=\"auto, (max-width: 800px) 100vw, 800px\" \/><figcaption id=\"caption-attachment-235002\" class=\"wp-caption-text\">Quelques moments de la c\u00e9l\u00e9bration de la messe du mercredi rouge au si\u00e8ge d&rsquo;ACN, le 20 novembre 2024<\/figcaption><\/figure>\n<p>Cette ann\u00e9e, plus d\u2019un millier de monuments, \u00e9glises et b\u00e2timents publics ont \u00e9t\u00e9 illumin\u00e9s en rouge \u2013 la couleur des martyrs chr\u00e9tiens \u2013 pour sensibiliser le public \u00e0 l\u2019affaiblissement du droit \u00e0 la libert\u00e9 religieuse dans le monde. Chaque monument illumin\u00e9 raconte une histoire de courage, de foi et de r\u00e9silience face \u00e0 la pers\u00e9cution, faisant briller une lumi\u00e8re dans l\u2019obscurit\u00e9 \u00e0 laquelle sont confront\u00e9s des millions de personnes pour leurs convictions.<\/p>\n<h4><strong>T\u00e9moins de courage et de foi<\/strong><\/h4>\n<p>En France, la 15<sup>e<\/sup> \u00e9dition de La Nuit des T\u00e9moins s\u2019est tenue cette semaine et des monuments embl\u00e9matiques ont \u00e9t\u00e9 baign\u00e9s de lumi\u00e8re rouge tels que la cath\u00e9drale Notre-Dame de Paris, qui rouvrira apr\u00e8s sa restauration. En plus du sanctuaire de Lourdes et de la basilique du Sacr\u00e9-C\u0153ur, des \u00e9glises \u00e0 travers le pays \u2013 y compris celles de Bayonne, Versailles et Rennes \u2013 ont organis\u00e9 des veill\u00e9es de pri\u00e8re pour les chr\u00e9tiens pers\u00e9cut\u00e9s. Plus de 10 \u00e9glises de Corse y ont \u00e9galement particip\u00e9, dont la cath\u00e9drale Notre-Dame de l\u2019Assomption, \u00e0 Ajaccio, soulignant ainsi l\u2019engagement solidaire de la France.<\/p>\n<p>En Espagne, pr\u00e8s de 200 rassemblements de pri\u00e8re ont eu lieu dans des villes telles que Madrid, Saragosse et Valladolid, avec des monuments cl\u00e9s comme la Sagrada Familia de Barcelone, la cath\u00e9drale de La Almudena de Madrid et l\u2019amphith\u00e9\u00e2tre romain de Tarragone (site des premiers martyrs chr\u00e9tiens en Espagne) illumin\u00e9s en rouge. Des projections sp\u00e9ciales du documentaire <em>Les h\u00e9ros de la foi<\/em> ont eu lieu dans plus de 50 paroisses, ainsi que des discussions sur le rapport <em>Pers\u00e9cut\u00e9s et oubli\u00e9s?<\/em>, soulignant la situation effroyable des chr\u00e9tiens pers\u00e9cut\u00e9s aujourd\u2019hui.<\/p>\n<figure id=\"attachment_235014\" aria-describedby=\"caption-attachment-235014\" style=\"width: 768px\" class=\"wp-caption aligncenter\"><img loading=\"lazy\" decoding=\"async\" class=\"wp-image-235014 size-large\" src=\"https:\/\/media.acninternational.org\/wp-content\/uploads\/2024\/12\/ACN-20241121-176097-768x1024.jpg\" alt=\"Monuments espagnols illumin\u00e9s. Sagrado Coraz\u00f3n, Getafe\" width=\"768\" height=\"1024\" srcset=\"https:\/\/media.acninternational.org\/wp-content\/uploads\/2024\/12\/ACN-20241121-176097-768x1024.jpg 768w, https:\/\/media.acninternational.org\/wp-content\/uploads\/2024\/12\/ACN-20241121-176097-225x300.jpg 225w, https:\/\/media.acninternational.org\/wp-content\/uploads\/2024\/12\/ACN-20241121-176097.jpg 1080w\" sizes=\"auto, (max-width: 768px) 100vw, 768px\" \/><figcaption id=\"caption-attachment-235014\" class=\"wp-caption-text\">Monuments espagnols illumin\u00e9s. Sagrado Coraz\u00f3n, Getafe<\/figcaption><\/figure>\n<p>L\u2019Irlande a \u00e9galement particip\u00e9 \u00e0 la <em>Semaine rouge<\/em> cette ann\u00e9e. Un moment cl\u00e9 a \u00e9t\u00e9 l\u2019illumination de la plus grande statue de saint Patrick \u00e0 Saul, dans le comt\u00e9 de Down, un hommage appropri\u00e9 \u00e0 saint Patrick, le saint patron de l\u2019Irlande, qui a apport\u00e9 le christianisme sur l\u2019\u00eele il y a pr\u00e8s de 1 600 ans. L\u2019archev\u00eaque Linus Neli d\u2019Imphal au Manipur, en Inde, a partag\u00e9 des t\u00e9moignages sur les combats de l\u2019\u00c9glise dans son pays o\u00f9 pr\u00e9vaut un climat de violence et d\u2019intimidation, tandis que de nombreuses \u00e9glises et cath\u00e9drales, dont le sanctuaire eucharistique national de Knock, ont particip\u00e9 aux veill\u00e9es de pri\u00e8re du Mercredi rouge.<\/p>\n<p>Le Royaume-Uni a \u00e9galement marqu\u00e9 le Mercredi rouge avec l&rsquo;engagement notable des certains politiques. La vice-Premi\u00e8re ministre Angela Rayner a r\u00e9pondu \u00e0 un appel du d\u00e9put\u00e9 Sir Edward Leigh, reconnaissant l\u2019aggravation de la crise de la pers\u00e9cution religieuse et s\u2019engageant \u00e0 soutenir la libert\u00e9 religieuse. Ce dernier a d\u00e9clar\u00e9 : \u00ab Aujourd\u2019hui est #RedWednesday o\u00f9 nous nous souvenons de tous ceux qui ont \u00e9t\u00e9 pers\u00e9cut\u00e9s pour leur croyance dans le monde entier. Un r\u00e9cent rapport d\u2019Aid to the Church in Need montre que dans les pays \u00e9tudi\u00e9s, la pers\u00e9cution des minorit\u00e9s a augment\u00e9 de 60 %. \u00c0 la lumi\u00e8re de cela, le Gouvernement s\u2019engagera-t-il \u00e0 reconduire le mandat de l\u2019envoy\u00e9 sp\u00e9cial du Premier ministre pour la libert\u00e9 de religion et de conviction, un poste qui \u00e9tait vacant depuis juillet ?\u00a0\u00bb Rempla\u00e7ant le Premier ministre Sir Keir Starmer, la vice-Premi\u00e8re ministre Rayner a r\u00e9pondu : \u00ab Nous nous engageons \u00e0 d\u00e9fendre les droits de l\u2019homme, y compris le droit \u00e0 la libert\u00e9 de religion ou de conviction. \u00bb Cela met en \u00e9vidence la prise de conscience internationale de la persistance de la pers\u00e9cution religieuse et de la n\u00e9cessit\u00e9 d\u2019un changement syst\u00e9mique, y compris au niveau politique.<\/p>\n<p>Plus de 200 \u00e9glises et communaut\u00e9s ont \u00e9t\u00e9 illumin\u00e9es en rouge lors de la participation de l\u2019Allemagne, y compris \u00e0 Augsbourg et Mayence. Le service \u0153cum\u00e9nique dans la cath\u00e9drale de Fulda, sur la musique de \u00ab\u00a0Koenige und Priester\u00a0\u00bb, a attir\u00e9 plus de 1 300 participants. Dans une puissante d\u00e9monstration d\u2019unit\u00e9, l\u2019\u00e9v\u00e9nement comprenait un spectacle de lumi\u00e8re et des t\u00e9moignages \u00e9mouvants de chr\u00e9tiens pers\u00e9cut\u00e9s.<\/p>\n<p>Au Canada, le Mercredi rouge a connu un nombre sans pr\u00e9c\u00e9dent d\u2019activit\u00e9s, allant du dioc\u00e8se de Victoria sur la c\u00f4te ouest au dioc\u00e8se de Whitehorse au nord. En Saskatchewan, une vigile \u0153cum\u00e9nique a eu lieu, tandis que les principales cath\u00e9drales du pays, notamment \u00e0 Vancouver, Toronto et Montr\u00e9al, ont \u00e9t\u00e9 illumin\u00e9es en rouge. Plus d\u2019une quarantaine d\u2019activit\u00e9s, y compris des messes et des services de pri\u00e8re, ont eu lieu \u00e0 travers le pays, avec des dioc\u00e8ses, des \u00e9coles et des organisations locales qui ont activement promu l\u2019\u00e9v\u00e9nement.<\/p>\n<figure id=\"attachment_235026\" aria-describedby=\"caption-attachment-235026\" style=\"width: 800px\" class=\"wp-caption aligncenter\"><img loading=\"lazy\" decoding=\"async\" class=\"wp-image-235026 size-large\" src=\"https:\/\/media.acninternational.org\/wp-content\/uploads\/2024\/12\/ACN-20241121-176106-1024x576.jpg\" alt=\"Basilique-Cath\u00e9drale Marie-Reine-du-Monde, Montr\u00e9al\" width=\"800\" height=\"450\" srcset=\"https:\/\/media.acninternational.org\/wp-content\/uploads\/2024\/12\/ACN-20241121-176106-1024x576.jpg 1024w, https:\/\/media.acninternational.org\/wp-content\/uploads\/2024\/12\/ACN-20241121-176106-300x169.jpg 300w, https:\/\/media.acninternational.org\/wp-content\/uploads\/2024\/12\/ACN-20241121-176106-768x432.jpg 768w, https:\/\/media.acninternational.org\/wp-content\/uploads\/2024\/12\/ACN-20241121-176106.jpg 1080w\" sizes=\"auto, (max-width: 800px) 100vw, 800px\" \/><figcaption id=\"caption-attachment-235026\" class=\"wp-caption-text\">Basilique-Cath\u00e9drale Marie-Reine-du-Monde, Montr\u00e9al<\/figcaption><\/figure>\n<p>Au Chili, les \u00e9v\u00e9nements de la Semaine rouge comprenaient une veill\u00e9e \u00e0 la Parroquia de la Veracruz \u00e0 Santiago, o\u00f9 les participants ont pri\u00e9 pour les chr\u00e9tiens pers\u00e9cut\u00e9s et \u00e9cout\u00e9 le t\u00e9moignage du p\u00e8re Gilberto Matuz, qui a partag\u00e9 ses exp\u00e9riences de service en tant que cur\u00e9 dans des zones touch\u00e9es par les incendies d\u2019\u00e9glises et la violence.<\/p>\n<p>Au Mexique, la cath\u00e9drale de Puebla a \u00e9t\u00e9 illumin\u00e9e le 22 novembre, avec Mgr Francisco Mart\u00ednez, \u00e9v\u00eaque auxiliaire de Puebla, qui a parl\u00e9 de la pers\u00e9cution religieuse au Mexique et dans le monde. Dans le nord du pays, plusieurs \u00e9glises de Nuevo Le\u00f3n se sont jointes \u00e0 l\u2019initiative, ajoutant leurs voix \u00e0 la pri\u00e8re mondiale.<\/p>\n<p>Parmi les autres pays qui ont c\u00e9l\u00e9br\u00e9 la Semaine rouge, citons l\u2019Autriche, le Portugal, l\u2019Italie, la Suisse, la Colombie, la Belgique, les Pays-Bas, la Pologne, la R\u00e9publique tch\u00e8que, la Hongrie, la Slovaquie, l\u2019Australie et les Philippines, d\u00e9montrant ainsi l\u2019engagement g\u00e9n\u00e9ralis\u00e9 \u00e0 travers le monde en faveur de cette cause.<\/p>\n<h4><strong>L\u2019engagement d\u2019ACN envers les chr\u00e9tiens pers\u00e9cut\u00e9s et la libert\u00e9 religieuse<\/strong><\/h4>\n<p>L\u2019initiative de la Semaine rouge s\u2019inscrit dans le cadre des efforts continus d\u2019ACN pour sensibiliser le public au sort oubli\u00e9 des chr\u00e9tiens confront\u00e9s \u00e0 la pers\u00e9cution dans de nombreux pays et r\u00e9gions comme le Sahel en Afrique, en Inde ou au Nigeria, o\u00f9 la libert\u00e9 religieuse continue d\u2019\u00eatre menac\u00e9e au 21<sup>e<\/sup> si\u00e8cle.<\/p>\n<figure id=\"attachment_235032\" aria-describedby=\"caption-attachment-235032\" style=\"width: 800px\" class=\"wp-caption aligncenter\"><img loading=\"lazy\" decoding=\"async\" class=\"wp-image-235032 size-large\" src=\"https:\/\/media.acninternational.org\/wp-content\/uploads\/2024\/12\/ACN-20241120-175955-1024x639.jpg\" alt=\"Conf\u00e9rence Mercredi rouge 2024 Si\u00e8ge de l'ACN\" width=\"800\" height=\"499\" srcset=\"https:\/\/media.acninternational.org\/wp-content\/uploads\/2024\/12\/ACN-20241120-175955-1024x639.jpg 1024w, https:\/\/media.acninternational.org\/wp-content\/uploads\/2024\/12\/ACN-20241120-175955-300x187.jpg 300w, https:\/\/media.acninternational.org\/wp-content\/uploads\/2024\/12\/ACN-20241120-175955-768x479.jpg 768w, https:\/\/media.acninternational.org\/wp-content\/uploads\/2024\/12\/ACN-20241120-175955.jpg 1080w\" sizes=\"auto, (max-width: 800px) 100vw, 800px\" \/><figcaption id=\"caption-attachment-235032\" class=\"wp-caption-text\">Conf\u00e9rence Mercredi rouge 2024 Si\u00e8ge de l&rsquo;ACN<\/figcaption><\/figure>\n<p>Le rapport <em>Pers\u00e9cut\u00e9s et oubli\u00e9s ?<\/em> d\u2019ACN, publi\u00e9 pendant la Semaine rouge, met en \u00e9vidence la mont\u00e9e alarmante de la pers\u00e9cution et de la discrimination dans le monde. Par la pri\u00e8re, le t\u00e9moignage public et le plaidoyer continu, l\u2019ACN s\u2019engage \u00e0 sensibiliser et \u00e0 offrir un soutien \u00e0 ceux et celles qui souffrent pour leur foi et qui d\u00e9fendent la libert\u00e9 religieuse.<\/p>\n<p>&nbsp;<\/p>\n<p>Von <strong>Maria Lozano<\/strong>.<\/p>\n","protected":false},"excerpt":{"rendered":"<p>ACN a rassembl\u00e9 des milliers de personnes pour prier pour les chr\u00e9tiens pers\u00e9cut\u00e9s pendant #RedWeek. Des veill\u00e9es de solidarit\u00e9 et<\/p>\n","protected":false},"author":4258341378,"featured_media":234991,"comment_status":"closed","ping_status":"closed","sticky":false,"template":"","format":"standard","meta":{"_acf_changed":false,"_acn_coauthor_ids":[],"footnotes":""},"categories":[575,919],"tags":[],"country":[333],"class_list":["post-235041","post","type-post","status-publish","format-standard","has-post-thumbnail","hentry","category-news","category-nouvelle","country-international"],"acn_coauthors":[],"acf":[],"yoast_head":"<!-- This site is optimized with the Yoast SEO Premium plugin v27.3 (Yoast SEO v27.3) - https:\/\/yoast.com\/product\/yoast-seo-premium-wordpress\/ -->\n<title>Une vague de lumi\u00e8re rouge a uni le monde, un signe d\u2019esp\u00e9rance pour ceux et celles qui souffrent en silence pour leur foi | ACN International<\/title>\n<meta name=\"robots\" content=\"index, follow, max-snippet:-1, max-image-preview:large, max-video-preview:-1\" \/>\n<link rel=\"canonical\" href=\"https:\/\/acninternational.org\/fr\/une-vague-de-lumiere-rouge-a-uni-le-monde-un-signe-desperance-pour-ceux-et-celles-qui-souffrent-en-silence-pour-leur-foi\/\" \/>\n<meta property=\"og:locale\" content=\"fr_FR\" \/>\n<meta property=\"og:type\" content=\"article\" \/>\n<meta property=\"og:title\" content=\"Une vague de lumi\u00e8re rouge a uni le monde, un signe d\u2019esp\u00e9rance pour ceux et celles qui souffrent en silence pour leur foi\" \/>\n<meta property=\"og:description\" content=\"ACN a rassembl\u00e9 des milliers de personnes pour prier pour les chr\u00e9tiens pers\u00e9cut\u00e9s pendant #RedWeek. Des veill\u00e9es de solidarit\u00e9 et\" \/>\n<meta property=\"og:url\" content=\"https:\/\/acninternational.org\/fr\/une-vague-de-lumiere-rouge-a-uni-le-monde-un-signe-desperance-pour-ceux-et-celles-qui-souffrent-en-silence-pour-leur-foi\/\" \/>\n<meta property=\"og:site_name\" content=\"ACN International\" \/>\n<meta property=\"article:publisher\" content=\"https:\/\/www.facebook.com\/acninternationalorg\" \/>\n<meta property=\"article:published_time\" content=\"2024-12-03T13:22:08+00:00\" \/>\n<meta property=\"article:modified_time\" content=\"2025-08-12T08:27:02+00:00\" \/>\n<meta property=\"og:image\" content=\"https:\/\/media.acninternational.org\/wp-content\/uploads\/2024\/12\/ACN-20241120-175958.jpg\" \/>\n\t<meta property=\"og:image:width\" content=\"1920\" \/>\n\t<meta property=\"og:image:height\" content=\"700\" \/>\n\t<meta property=\"og:image:type\" content=\"image\/jpeg\" \/>\n<meta name=\"author\" content=\"Maria Lozano\" \/>\n<meta name=\"twitter:card\" content=\"summary_large_image\" \/>\n<meta name=\"twitter:creator\" content=\"@acn_int\" \/>\n<meta name=\"twitter:site\" content=\"@acn_int\" \/>\n<meta name=\"twitter:label1\" content=\"\u00c9crit par\" \/>\n\t<meta name=\"twitter:data1\" content=\"Maria Lozano\" \/>\n\t<meta name=\"twitter:label2\" content=\"Dur\u00e9e de lecture estim\u00e9e\" \/>\n\t<meta name=\"twitter:data2\" content=\"7 minutes\" \/>\n<script type=\"application\/ld+json\" class=\"yoast-schema-graph\">{\"@context\":\"https:\\\/\\\/schema.org\",\"@graph\":[{\"@type\":\"Article\",\"@id\":\"https:\\\/\\\/acninternational.org\\\/fr\\\/une-vague-de-lumiere-rouge-a-uni-le-monde-un-signe-desperance-pour-ceux-et-celles-qui-souffrent-en-silence-pour-leur-foi\\\/#article\",\"isPartOf\":{\"@id\":\"https:\\\/\\\/acninternational.org\\\/fr\\\/une-vague-de-lumiere-rouge-a-uni-le-monde-un-signe-desperance-pour-ceux-et-celles-qui-souffrent-en-silence-pour-leur-foi\\\/\"},\"author\":{\"name\":\"Maria Lozano\",\"@id\":\"https:\\\/\\\/acninternational.org\\\/fr\\\/#\\\/schema\\\/person\\\/91975fc8e2569591a0e2d868c7d5816c\"},\"headline\":\"Une vague de lumi\u00e8re rouge a uni le monde, un signe d\u2019esp\u00e9rance pour ceux et celles qui souffrent en silence pour leur foi\",\"datePublished\":\"2024-12-03T13:22:08+00:00\",\"dateModified\":\"2025-08-12T08:27:02+00:00\",\"mainEntityOfPage\":{\"@id\":\"https:\\\/\\\/acninternational.org\\\/fr\\\/une-vague-de-lumiere-rouge-a-uni-le-monde-un-signe-desperance-pour-ceux-et-celles-qui-souffrent-en-silence-pour-leur-foi\\\/\"},\"wordCount\":1333,\"publisher\":{\"@id\":\"https:\\\/\\\/acninternational.org\\\/fr\\\/#organization\"},\"image\":{\"@id\":\"https:\\\/\\\/acninternational.org\\\/fr\\\/une-vague-de-lumiere-rouge-a-uni-le-monde-un-signe-desperance-pour-ceux-et-celles-qui-souffrent-en-silence-pour-leur-foi\\\/#primaryimage\"},\"thumbnailUrl\":\"https:\\\/\\\/media.acninternational.org\\\/wp-content\\\/uploads\\\/2024\\\/12\\\/ACN-20241120-175958.jpg\",\"articleSection\":[\"News\",\"Nouvelle\"],\"inLanguage\":\"fr-FR\"},{\"@type\":\"WebPage\",\"@id\":\"https:\\\/\\\/acninternational.org\\\/fr\\\/une-vague-de-lumiere-rouge-a-uni-le-monde-un-signe-desperance-pour-ceux-et-celles-qui-souffrent-en-silence-pour-leur-foi\\\/\",\"url\":\"https:\\\/\\\/acninternational.org\\\/fr\\\/une-vague-de-lumiere-rouge-a-uni-le-monde-un-signe-desperance-pour-ceux-et-celles-qui-souffrent-en-silence-pour-leur-foi\\\/\",\"name\":\"Une vague de lumi\u00e8re rouge a uni le monde, un signe d\u2019esp\u00e9rance pour ceux et celles qui souffrent en silence pour leur foi | ACN International\",\"isPartOf\":{\"@id\":\"https:\\\/\\\/acninternational.org\\\/fr\\\/#website\"},\"primaryImageOfPage\":{\"@id\":\"https:\\\/\\\/acninternational.org\\\/fr\\\/une-vague-de-lumiere-rouge-a-uni-le-monde-un-signe-desperance-pour-ceux-et-celles-qui-souffrent-en-silence-pour-leur-foi\\\/#primaryimage\"},\"image\":{\"@id\":\"https:\\\/\\\/acninternational.org\\\/fr\\\/une-vague-de-lumiere-rouge-a-uni-le-monde-un-signe-desperance-pour-ceux-et-celles-qui-souffrent-en-silence-pour-leur-foi\\\/#primaryimage\"},\"thumbnailUrl\":\"https:\\\/\\\/media.acninternational.org\\\/wp-content\\\/uploads\\\/2024\\\/12\\\/ACN-20241120-175958.jpg\",\"datePublished\":\"2024-12-03T13:22:08+00:00\",\"dateModified\":\"2025-08-12T08:27:02+00:00\",\"breadcrumb\":{\"@id\":\"https:\\\/\\\/acninternational.org\\\/fr\\\/une-vague-de-lumiere-rouge-a-uni-le-monde-un-signe-desperance-pour-ceux-et-celles-qui-souffrent-en-silence-pour-leur-foi\\\/#breadcrumb\"},\"inLanguage\":\"fr-FR\",\"potentialAction\":[{\"@type\":\"ReadAction\",\"target\":[\"https:\\\/\\\/acninternational.org\\\/fr\\\/une-vague-de-lumiere-rouge-a-uni-le-monde-un-signe-desperance-pour-ceux-et-celles-qui-souffrent-en-silence-pour-leur-foi\\\/\"]}]},{\"@type\":\"ImageObject\",\"inLanguage\":\"fr-FR\",\"@id\":\"https:\\\/\\\/acninternational.org\\\/fr\\\/une-vague-de-lumiere-rouge-a-uni-le-monde-un-signe-desperance-pour-ceux-et-celles-qui-souffrent-en-silence-pour-leur-foi\\\/#primaryimage\",\"url\":\"https:\\\/\\\/media.acninternational.org\\\/wp-content\\\/uploads\\\/2024\\\/12\\\/ACN-20241120-175958.jpg\",\"contentUrl\":\"https:\\\/\\\/media.acninternational.org\\\/wp-content\\\/uploads\\\/2024\\\/12\\\/ACN-20241120-175958.jpg\",\"width\":1920,\"height\":700},{\"@type\":\"BreadcrumbList\",\"@id\":\"https:\\\/\\\/acninternational.org\\\/fr\\\/une-vague-de-lumiere-rouge-a-uni-le-monde-un-signe-desperance-pour-ceux-et-celles-qui-souffrent-en-silence-pour-leur-foi\\\/#breadcrumb\",\"itemListElement\":[{\"@type\":\"ListItem\",\"position\":1,\"name\":\"Home\",\"item\":\"https:\\\/\\\/acninternational.org\\\/fr\\\/\"},{\"@type\":\"ListItem\",\"position\":2,\"name\":\"Nouvelles\",\"item\":\"https:\\\/\\\/acninternational.org\\\/fr\\\/category\\\/news-fr\\\/\"},{\"@type\":\"ListItem\",\"position\":3,\"name\":\"Une vague de lumi\u00e8re rouge a uni le monde, un signe d\u2019esp\u00e9rance pour ceux et celles qui souffrent en silence pour leur foi\"}]},{\"@type\":\"WebSite\",\"@id\":\"https:\\\/\\\/acninternational.org\\\/fr\\\/#website\",\"url\":\"https:\\\/\\\/acninternational.org\\\/fr\\\/\",\"name\":\"ACN International\",\"description\":\"\",\"publisher\":{\"@id\":\"https:\\\/\\\/acninternational.org\\\/fr\\\/#organization\"},\"potentialAction\":[{\"@type\":\"SearchAction\",\"target\":{\"@type\":\"EntryPoint\",\"urlTemplate\":\"https:\\\/\\\/acninternational.org\\\/fr\\\/?s={search_term_string}\"},\"query-input\":{\"@type\":\"PropertyValueSpecification\",\"valueRequired\":true,\"valueName\":\"search_term_string\"}}],\"inLanguage\":\"fr-FR\"},{\"@type\":\"Organization\",\"@id\":\"https:\\\/\\\/acninternational.org\\\/fr\\\/#organization\",\"name\":\"Aid to the Church in Need International\",\"url\":\"https:\\\/\\\/acninternational.org\\\/fr\\\/\",\"logo\":{\"@type\":\"ImageObject\",\"inLanguage\":\"fr-FR\",\"@id\":\"https:\\\/\\\/acninternational.org\\\/fr\\\/#\\\/schema\\\/logo\\\/image\\\/\",\"url\":\"https:\\\/\\\/media.acninternational.org\\\/wp-content\\\/uploads\\\/2019\\\/11\\\/acn_logo_blackvector.svg\",\"contentUrl\":\"https:\\\/\\\/media.acninternational.org\\\/wp-content\\\/uploads\\\/2019\\\/11\\\/acn_logo_blackvector.svg\",\"width\":232.6,\"height\":78,\"caption\":\"Aid to the Church in Need International\"},\"image\":{\"@id\":\"https:\\\/\\\/acninternational.org\\\/fr\\\/#\\\/schema\\\/logo\\\/image\\\/\"},\"sameAs\":[\"https:\\\/\\\/www.facebook.com\\\/acninternationalorg\",\"https:\\\/\\\/x.com\\\/acn_int\",\"https:\\\/\\\/www.youtube.com\\\/channel\\\/UCQ-077gS0TnVzkhHmf1opZw\",\"https:\\\/\\\/www.instagram.com\\\/acn_international\\\/\"]},{\"@type\":\"Person\",\"@id\":\"https:\\\/\\\/acninternational.org\\\/fr\\\/#\\\/schema\\\/person\\\/91975fc8e2569591a0e2d868c7d5816c\",\"name\":\"Maria Lozano\",\"description\":\"Lorem ipsum dolor sit amet, consectetur adipiscing elit, sed do eiusmod tempor incididunt ut labore et dolore magna aliqua. Ut enim ad minim veniam, quis nostrud exercitation ullamco laboris nisi ut aliquip ex ea commodo consequat.\",\"url\":\"https:\\\/\\\/acninternational.org\\\/fr\\\/author\\\/maria\\\/\"}]}<\/script>\n<!-- \/ Yoast SEO Premium plugin. -->","yoast_head_json":{"title":"Une vague de lumi\u00e8re rouge a uni le monde, un signe d\u2019esp\u00e9rance pour ceux et celles qui souffrent en silence pour leur foi | ACN International","robots":{"index":"index","follow":"follow","max-snippet":"max-snippet:-1","max-image-preview":"max-image-preview:large","max-video-preview":"max-video-preview:-1"},"canonical":"https:\/\/acninternational.org\/fr\/une-vague-de-lumiere-rouge-a-uni-le-monde-un-signe-desperance-pour-ceux-et-celles-qui-souffrent-en-silence-pour-leur-foi\/","og_locale":"fr_FR","og_type":"article","og_title":"Une vague de lumi\u00e8re rouge a uni le monde, un signe d\u2019esp\u00e9rance pour ceux et celles qui souffrent en silence pour leur foi","og_description":"ACN a rassembl\u00e9 des milliers de personnes pour prier pour les chr\u00e9tiens pers\u00e9cut\u00e9s pendant #RedWeek. Des veill\u00e9es de solidarit\u00e9 et","og_url":"https:\/\/acninternational.org\/fr\/une-vague-de-lumiere-rouge-a-uni-le-monde-un-signe-desperance-pour-ceux-et-celles-qui-souffrent-en-silence-pour-leur-foi\/","og_site_name":"ACN International","article_publisher":"https:\/\/www.facebook.com\/acninternationalorg","article_published_time":"2024-12-03T13:22:08+00:00","article_modified_time":"2025-08-12T08:27:02+00:00","og_image":[{"width":1920,"height":700,"url":"https:\/\/media.acninternational.org\/wp-content\/uploads\/2024\/12\/ACN-20241120-175958.jpg","type":"image\/jpeg"}],"author":"Maria Lozano","twitter_card":"summary_large_image","twitter_creator":"@acn_int","twitter_site":"@acn_int","twitter_misc":{"\u00c9crit par":"Maria Lozano","Dur\u00e9e de lecture estim\u00e9e":"7 minutes"},"schema":{"@context":"https:\/\/schema.org","@graph":[{"@type":"Article","@id":"https:\/\/acninternational.org\/fr\/une-vague-de-lumiere-rouge-a-uni-le-monde-un-signe-desperance-pour-ceux-et-celles-qui-souffrent-en-silence-pour-leur-foi\/#article","isPartOf":{"@id":"https:\/\/acninternational.org\/fr\/une-vague-de-lumiere-rouge-a-uni-le-monde-un-signe-desperance-pour-ceux-et-celles-qui-souffrent-en-silence-pour-leur-foi\/"},"author":{"name":"Maria Lozano","@id":"https:\/\/acninternational.org\/fr\/#\/schema\/person\/91975fc8e2569591a0e2d868c7d5816c"},"headline":"Une vague de lumi\u00e8re rouge a uni le monde, un signe d\u2019esp\u00e9rance pour ceux et celles qui souffrent en silence pour leur foi","datePublished":"2024-12-03T13:22:08+00:00","dateModified":"2025-08-12T08:27:02+00:00","mainEntityOfPage":{"@id":"https:\/\/acninternational.org\/fr\/une-vague-de-lumiere-rouge-a-uni-le-monde-un-signe-desperance-pour-ceux-et-celles-qui-souffrent-en-silence-pour-leur-foi\/"},"wordCount":1333,"publisher":{"@id":"https:\/\/acninternational.org\/fr\/#organization"},"image":{"@id":"https:\/\/acninternational.org\/fr\/une-vague-de-lumiere-rouge-a-uni-le-monde-un-signe-desperance-pour-ceux-et-celles-qui-souffrent-en-silence-pour-leur-foi\/#primaryimage"},"thumbnailUrl":"https:\/\/media.acninternational.org\/wp-content\/uploads\/2024\/12\/ACN-20241120-175958.jpg","articleSection":["News","Nouvelle"],"inLanguage":"fr-FR"},{"@type":"WebPage","@id":"https:\/\/acninternational.org\/fr\/une-vague-de-lumiere-rouge-a-uni-le-monde-un-signe-desperance-pour-ceux-et-celles-qui-souffrent-en-silence-pour-leur-foi\/","url":"https:\/\/acninternational.org\/fr\/une-vague-de-lumiere-rouge-a-uni-le-monde-un-signe-desperance-pour-ceux-et-celles-qui-souffrent-en-silence-pour-leur-foi\/","name":"Une vague de lumi\u00e8re rouge a uni le monde, un signe d\u2019esp\u00e9rance pour ceux et celles qui souffrent en silence pour leur foi | ACN International","isPartOf":{"@id":"https:\/\/acninternational.org\/fr\/#website"},"primaryImageOfPage":{"@id":"https:\/\/acninternational.org\/fr\/une-vague-de-lumiere-rouge-a-uni-le-monde-un-signe-desperance-pour-ceux-et-celles-qui-souffrent-en-silence-pour-leur-foi\/#primaryimage"},"image":{"@id":"https:\/\/acninternational.org\/fr\/une-vague-de-lumiere-rouge-a-uni-le-monde-un-signe-desperance-pour-ceux-et-celles-qui-souffrent-en-silence-pour-leur-foi\/#primaryimage"},"thumbnailUrl":"https:\/\/media.acninternational.org\/wp-content\/uploads\/2024\/12\/ACN-20241120-175958.jpg","datePublished":"2024-12-03T13:22:08+00:00","dateModified":"2025-08-12T08:27:02+00:00","breadcrumb":{"@id":"https:\/\/acninternational.org\/fr\/une-vague-de-lumiere-rouge-a-uni-le-monde-un-signe-desperance-pour-ceux-et-celles-qui-souffrent-en-silence-pour-leur-foi\/#breadcrumb"},"inLanguage":"fr-FR","potentialAction":[{"@type":"ReadAction","target":["https:\/\/acninternational.org\/fr\/une-vague-de-lumiere-rouge-a-uni-le-monde-un-signe-desperance-pour-ceux-et-celles-qui-souffrent-en-silence-pour-leur-foi\/"]}]},{"@type":"ImageObject","inLanguage":"fr-FR","@id":"https:\/\/acninternational.org\/fr\/une-vague-de-lumiere-rouge-a-uni-le-monde-un-signe-desperance-pour-ceux-et-celles-qui-souffrent-en-silence-pour-leur-foi\/#primaryimage","url":"https:\/\/media.acninternational.org\/wp-content\/uploads\/2024\/12\/ACN-20241120-175958.jpg","contentUrl":"https:\/\/media.acninternational.org\/wp-content\/uploads\/2024\/12\/ACN-20241120-175958.jpg","width":1920,"height":700},{"@type":"BreadcrumbList","@id":"https:\/\/acninternational.org\/fr\/une-vague-de-lumiere-rouge-a-uni-le-monde-un-signe-desperance-pour-ceux-et-celles-qui-souffrent-en-silence-pour-leur-foi\/#breadcrumb","itemListElement":[{"@type":"ListItem","position":1,"name":"Home","item":"https:\/\/acninternational.org\/fr\/"},{"@type":"ListItem","position":2,"name":"Nouvelles","item":"https:\/\/acninternational.org\/fr\/category\/news-fr\/"},{"@type":"ListItem","position":3,"name":"Une vague de lumi\u00e8re rouge a uni le monde, un signe d\u2019esp\u00e9rance pour ceux et celles qui souffrent en silence pour leur foi"}]},{"@type":"WebSite","@id":"https:\/\/acninternational.org\/fr\/#website","url":"https:\/\/acninternational.org\/fr\/","name":"ACN International","description":"","publisher":{"@id":"https:\/\/acninternational.org\/fr\/#organization"},"potentialAction":[{"@type":"SearchAction","target":{"@type":"EntryPoint","urlTemplate":"https:\/\/acninternational.org\/fr\/?s={search_term_string}"},"query-input":{"@type":"PropertyValueSpecification","valueRequired":true,"valueName":"search_term_string"}}],"inLanguage":"fr-FR"},{"@type":"Organization","@id":"https:\/\/acninternational.org\/fr\/#organization","name":"Aid to the Church in Need International","url":"https:\/\/acninternational.org\/fr\/","logo":{"@type":"ImageObject","inLanguage":"fr-FR","@id":"https:\/\/acninternational.org\/fr\/#\/schema\/logo\/image\/","url":"https:\/\/media.acninternational.org\/wp-content\/uploads\/2019\/11\/acn_logo_blackvector.svg","contentUrl":"https:\/\/media.acninternational.org\/wp-content\/uploads\/2019\/11\/acn_logo_blackvector.svg","width":232.6,"height":78,"caption":"Aid to the Church in Need International"},"image":{"@id":"https:\/\/acninternational.org\/fr\/#\/schema\/logo\/image\/"},"sameAs":["https:\/\/www.facebook.com\/acninternationalorg","https:\/\/x.com\/acn_int","https:\/\/www.youtube.com\/channel\/UCQ-077gS0TnVzkhHmf1opZw","https:\/\/www.instagram.com\/acn_international\/"]},{"@type":"Person","@id":"https:\/\/acninternational.org\/fr\/#\/schema\/person\/91975fc8e2569591a0e2d868c7d5816c","name":"Maria Lozano","description":"Lorem ipsum dolor sit amet, consectetur adipiscing elit, sed do eiusmod tempor incididunt ut labore et dolore magna aliqua. Ut enim ad minim veniam, quis nostrud exercitation ullamco laboris nisi ut aliquip ex ea commodo consequat.","url":"https:\/\/acninternational.org\/fr\/author\/maria\/"}]}},"_links":{"self":[{"href":"https:\/\/acninternational.org\/fr\/wp-json\/wp\/v2\/posts\/235041","targetHints":{"allow":["GET"]}}],"collection":[{"href":"https:\/\/acninternational.org\/fr\/wp-json\/wp\/v2\/posts"}],"about":[{"href":"https:\/\/acninternational.org\/fr\/wp-json\/wp\/v2\/types\/post"}],"author":[{"embeddable":true,"href":"https:\/\/acninternational.org\/fr\/wp-json\/wp\/v2\/users\/4258341378"}],"replies":[{"embeddable":true,"href":"https:\/\/acninternational.org\/fr\/wp-json\/wp\/v2\/comments?post=235041"}],"version-history":[{"count":1,"href":"https:\/\/acninternational.org\/fr\/wp-json\/wp\/v2\/posts\/235041\/revisions"}],"predecessor-version":[{"id":245297,"href":"https:\/\/acninternational.org\/fr\/wp-json\/wp\/v2\/posts\/235041\/revisions\/245297"}],"wp:featuredmedia":[{"embeddable":true,"href":"https:\/\/acninternational.org\/fr\/wp-json\/wp\/v2\/media\/234991"}],"wp:attachment":[{"href":"https:\/\/acninternational.org\/fr\/wp-json\/wp\/v2\/media?parent=235041"}],"wp:term":[{"taxonomy":"category","embeddable":true,"href":"https:\/\/acninternational.org\/fr\/wp-json\/wp\/v2\/categories?post=235041"},{"taxonomy":"post_tag","embeddable":true,"href":"https:\/\/acninternational.org\/fr\/wp-json\/wp\/v2\/tags?post=235041"},{"taxonomy":"country","embeddable":true,"href":"https:\/\/acninternational.org\/fr\/wp-json\/wp\/v2\/country?post=235041"}],"curies":[{"name":"wp","href":"https:\/\/api.w.org\/{rel}","templated":true}]}}