{"id":232939,"date":"2024-11-27T00:10:35","date_gmt":"2024-11-26T23:10:35","guid":{"rendered":"https:\/\/acninternational.org\/?p=232939"},"modified":"2025-08-12T10:27:21","modified_gmt":"2025-08-12T08:27:21","slug":"haiti-au-bord-du-gouffre-un-cri-dalarme-des-eveques-pour-la-paix","status":"publish","type":"post","link":"https:\/\/acninternational.org\/fr\/haiti-au-bord-du-gouffre-un-cri-dalarme-des-eveques-pour-la-paix\/","title":{"rendered":"Ha\u00efti au bord du gouffre : un \u00ab cri d\u2019alarme \u00bb des \u00e9v\u00eaques pour la paix"},"content":{"rendered":"<p><em>Face \u00e0 une violence galopante qui paralyse Port-au-Prince et isole Ha\u00efti du reste du monde, la Conf\u00e9rence des \u00c9v\u00eaques Catholiques d\u2019Ha\u00efti,<\/em> <em>dans une lettre dont ACN a obtenu une copie, demande au gouvernement d\u2019agir et interpelle chaque Ha\u00eftien \u00e0 \u0153uvrer pour la paix et \u00e0 d\u00e9passer la haine.<\/em><\/p>\n<figure id=\"attachment_232930\" aria-describedby=\"caption-attachment-232930\" style=\"width: 800px\" class=\"wp-caption aligncenter\"><img loading=\"lazy\" decoding=\"async\" class=\"wp-image-232930 size-large\" src=\"https:\/\/media.acninternational.org\/wp-content\/uploads\/2024\/11\/ACN-20230313-142537-1024x576.jpg\" alt=\"\u00ab La paix est avant tout un don de Dieu, mais elle exige \u00e9galement l\u2019effort de tous les hommes de bonne volont\u00e9 \u00bb, \u00e9crivent les \u00e9v\u00eaques.\" width=\"800\" height=\"450\" srcset=\"https:\/\/media.acninternational.org\/wp-content\/uploads\/2024\/11\/ACN-20230313-142537-1024x576.jpg 1024w, https:\/\/media.acninternational.org\/wp-content\/uploads\/2024\/11\/ACN-20230313-142537-300x169.jpg 300w, https:\/\/media.acninternational.org\/wp-content\/uploads\/2024\/11\/ACN-20230313-142537-768x432.jpg 768w, https:\/\/media.acninternational.org\/wp-content\/uploads\/2024\/11\/ACN-20230313-142537.jpg 1080w\" sizes=\"auto, (max-width: 800px) 100vw, 800px\" \/><figcaption id=\"caption-attachment-232930\" class=\"wp-caption-text\">\u00ab La paix est avant tout un don de Dieu, mais elle exige \u00e9galement l\u2019effort de tous les hommes de bonne volont\u00e9 \u00bb, \u00e9crivent les \u00e9v\u00eaques.<\/figcaption><\/figure>\n<p>Au vu de la <a href=\"https:\/\/acninternational.org\/fr\/haiti-nous-devons-depasser-notre-peur-pour-porter-lesperance\/\" target=\"_blank\" rel=\"noopener\">situation catastrophique<\/a> et de la d\u00e9t\u00e9rioration constante de la crise s\u00e9curitaire en Ha\u00efti, la Conf\u00e9rence des \u00c9v\u00eaques Catholiques d\u2019Ha\u00efti (CEH) a lanc\u00e9, le 15 novembre 2024, un \u00ab\u00a0cri d\u2019alarme\u00a0\u00bb dans une lettre adress\u00e9e au gouvernement, \u00e0 la soci\u00e9t\u00e9 civile et \u00e0 toutes les personnes de bonne volont\u00e9 pour appeler\u00a0\u00e0 la paix.<\/p>\n<p>\u00ab\u00a0Il n\u2019y pas de v\u00e9ritable vie dans le pays\u00a0\u00bb, d\u00e9noncent les \u00e9v\u00eaques en dressant un tableau sombre du pays\u00a0: la capitale Port-au-Prince est enclav\u00e9e, les \u00e9coles sont ferm\u00e9es, les activit\u00e9s paralys\u00e9es. M\u00eame l\u2019a\u00e9roport international Toussaint Louverture est ferm\u00e9, isolant Ha\u00efti du reste du monde. Selon les m\u00e9dias, des gangs ont tir\u00e9 sur un avion le 11 novembre.<\/p>\n<p>\u00ab\u00a0Chacun est sur ses gardes, nous nous sentons tous menac\u00e9s.\u00a0\u00bb explique Mgr Max Leroys M\u00e9sidor, pr\u00e9sident de la CEH \u00e0 la fondation internationale Aid to the Church in Need (ACN). \u00ab\u00a0Depuis deux ans, nous pratiquons <a href=\"https:\/\/acninternational.org\/fr\/archeveque-de-port-au-prince-notre-peuple-est-un-peuple-qui-veut-vivre\/\" target=\"_blank\" rel=\"noopener\">une pastorale de survie<\/a>, mais depuis le 11 novembre, le d\u00e9ferlement de la violence a pris une tournure grave.\u00a0\u00bb<\/p>\n<figure id=\"attachment_193274\" aria-describedby=\"caption-attachment-193274\" style=\"width: 800px\" class=\"wp-caption aligncenter\"><img loading=\"lazy\" decoding=\"async\" class=\"wp-image-193274 size-large\" src=\"https:\/\/media.acninternational.org\/wp-content\/uploads\/2024\/03\/ACN-20240306-161259-1024x595.jpg\" alt=\"Mgr Max Leroys M\u00e9sidor\" width=\"800\" height=\"465\" srcset=\"https:\/\/media.acninternational.org\/wp-content\/uploads\/2024\/03\/ACN-20240306-161259-1024x595.jpg 1024w, https:\/\/media.acninternational.org\/wp-content\/uploads\/2024\/03\/ACN-20240306-161259-300x174.jpg 300w, https:\/\/media.acninternational.org\/wp-content\/uploads\/2024\/03\/ACN-20240306-161259-768x447.jpg 768w, https:\/\/media.acninternational.org\/wp-content\/uploads\/2024\/03\/ACN-20240306-161259.jpg 1080w\" sizes=\"auto, (max-width: 800px) 100vw, 800px\" \/><figcaption id=\"caption-attachment-193274\" class=\"wp-caption-text\">Mgr Max Leroys M\u00e9sidor<\/figcaption><\/figure>\n<p>Selon les Nations Unies, sur une p\u00e9riode de quelques jours seulement, <a href=\"https:\/\/news.un.org\/fr\/story\/2024\/11\/1150791\" target=\"_blank\" rel=\"noopener\">plus de 20.000<\/a> personnes dans la r\u00e9gion de Port-au-Prince ont fui leurs maisons et des cha\u00eenes d&rsquo;approvisionnement essentielles se sont effondr\u00e9es.<\/p>\n<p>\u00ab\u00a0Nous ne pouvons esp\u00e9rer r\u00e9colter la paix en semant la violence. La paix est avant tout un don de Dieu, mais elle exige \u00e9galement l\u2019effort de tous les hommes de bonne volont\u00e9\u00a0\u00bb, \u00e9crivent les \u00e9v\u00eaques dans leur lettre. \u00ab\u00a0Nous exhortons ceux qui ont la charge de gouverner la cit\u00e9 \u00e0 agir avec d\u00e9termination pour r\u00e9tablir la s\u00e9curit\u00e9 et garantir la protection des citoyens, conform\u00e9ment \u00e0 leur mission premi\u00e8re de servir le bien commun.\u00a0\u00bb Et ils continuent\u00a0: \u00ab\u00a0Aussi, nous invitons les membres du Gouvernement, les membres de la soci\u00e9t\u00e9 civile et les protagonistes de tous bords, arm\u00e9s ou non arm\u00e9s, \u00e0 reconna\u00eetre qu\u2019il est temps de r\u00e9soudre ce probl\u00e8me de violence permanente. Il faut faire quelque chose.\u00a0\u00bb<\/p>\n<p>Ha\u00efti, le pays le plus pauvre de l&rsquo;h\u00e9misph\u00e8re occidental, traverse depuis des ann\u00e9es une profonde crise politique, sociale et \u00e9conomique. Des bandes arm\u00e9es, qui s\u00e8ment la terreur par leur violence quotidienne, se livrent une lutte acharn\u00e9e pour contr\u00f4ler des territoires et imposer leur domination. Ils ont notamment coup\u00e9 les principales voies de communication entre la capitale et le reste du pays, d\u00e9truisant ainsi les moyens de subsistance et privant la population des services de base. <a href=\"https:\/\/www.unicef.org\/emergencies\/crisis-haiti\" target=\"_blank\" rel=\"noopener\">A ce jour, on estime que pr\u00e8s de 700.000 personnes ont \u00e9t\u00e9 d\u00e9plac\u00e9es \u00e0 l&rsquo;int\u00e9rieur du pays<\/a>.<\/p>\n<p>En 2024, ACN a soutenu l&rsquo;Eglise en Ha\u00efti \u00e0 travers pr\u00e8s de 70 projets. La fondation a notamment soutenu des stations de radio dioc\u00e9saines, des projets de panneaux solaires ainsi que la formation et la subsistance de pr\u00eatres, de religieuses et de cat\u00e9chistes.<\/p>\n<p>&nbsp;<\/p>\n","protected":false},"excerpt":{"rendered":"<p>Nous exhortons les dirigeants de la ville \u00e0 agir de mani\u00e8re d\u00e9cisive pour r\u00e9tablir la s\u00e9curit\u00e9 et prot\u00e9ger les citoyens, en remplissant leur devoir de servir le bien commun.<\/p>\n","protected":false},"author":4258341405,"featured_media":195864,"comment_status":"closed","ping_status":"closed","sticky":false,"template":"","format":"standard","meta":{"_acf_changed":false,"_acn_coauthor_ids":[],"_acn_featured_article":false,"footnotes":""},"categories":[919,962],"tags":[],"country":[902],"class_list":["post-232939","post","type-post","status-publish","format-standard","has-post-thumbnail","hentry","category-nouvelle","category-news-fr","country-haiti-2"],"acn_coauthors":[],"acf":[],"yoast_head":"<!-- This site is optimized with the Yoast SEO Premium plugin v27.5 (Yoast SEO v27.5) - https:\/\/yoast.com\/product\/yoast-seo-premium-wordpress\/ -->\n<title>Ha\u00efti au bord du gouffre : un \u00ab cri d\u2019alarme \u00bb des \u00e9v\u00eaques pour la paix | ACN International<\/title>\n<meta name=\"description\" content=\"Nous exhortons les dirigeants de la ville \u00e0 agir de mani\u00e8re d\u00e9cisive pour r\u00e9tablir la s\u00e9curit\u00e9 et prot\u00e9ger les citoyens, en remplissant leur devoir de servir le bien commun.\" \/>\n<meta name=\"robots\" content=\"index, follow, max-snippet:-1, max-image-preview:large, max-video-preview:-1\" \/>\n<link rel=\"canonical\" href=\"https:\/\/acninternational.org\/fr\/haiti-au-bord-du-gouffre-un-cri-dalarme-des-eveques-pour-la-paix\/\" \/>\n<meta property=\"og:locale\" content=\"fr_FR\" \/>\n<meta property=\"og:type\" content=\"article\" \/>\n<meta property=\"og:title\" content=\"Ha\u00efti au bord du gouffre : un \u00ab cri d\u2019alarme \u00bb des \u00e9v\u00eaques pour la paix\" \/>\n<meta property=\"og:description\" content=\"Nous exhortons les dirigeants de la ville \u00e0 agir de mani\u00e8re d\u00e9cisive pour r\u00e9tablir la s\u00e9curit\u00e9 et prot\u00e9ger les citoyens, en remplissant leur devoir de servir le bien commun.\" \/>\n<meta property=\"og:url\" content=\"https:\/\/acninternational.org\/fr\/haiti-au-bord-du-gouffre-un-cri-dalarme-des-eveques-pour-la-paix\/\" \/>\n<meta property=\"og:site_name\" content=\"ACN International\" \/>\n<meta property=\"article:publisher\" content=\"https:\/\/www.facebook.com\/acninternationalorg\" \/>\n<meta property=\"article:published_time\" content=\"2024-11-26T23:10:35+00:00\" \/>\n<meta property=\"article:modified_time\" content=\"2025-08-12T08:27:21+00:00\" \/>\n<meta property=\"og:image\" content=\"https:\/\/media.acninternational.org\/wp-content\/uploads\/2024\/03\/ACN-20240306-161260-1.jpg\" \/>\n\t<meta property=\"og:image:width\" content=\"1920\" \/>\n\t<meta property=\"og:image:height\" content=\"700\" \/>\n\t<meta property=\"og:image:type\" content=\"image\/jpeg\" \/>\n<meta name=\"author\" content=\"Sina Hartert\" \/>\n<meta name=\"twitter:card\" content=\"summary_large_image\" \/>\n<meta name=\"twitter:creator\" content=\"@acn_int\" \/>\n<meta name=\"twitter:site\" content=\"@acn_int\" \/>\n<meta name=\"twitter:label1\" content=\"\u00c9crit par\" \/>\n\t<meta name=\"twitter:data1\" content=\"Sina Hartert\" \/>\n\t<meta name=\"twitter:label2\" content=\"Dur\u00e9e de lecture estim\u00e9e\" \/>\n\t<meta name=\"twitter:data2\" content=\"3 minutes\" \/>\n<script type=\"application\/ld+json\" class=\"yoast-schema-graph\">{\"@context\":\"https:\\\/\\\/schema.org\",\"@graph\":[{\"@type\":\"Article\",\"@id\":\"https:\\\/\\\/acninternational.org\\\/fr\\\/haiti-au-bord-du-gouffre-un-cri-dalarme-des-eveques-pour-la-paix\\\/#article\",\"isPartOf\":{\"@id\":\"https:\\\/\\\/acninternational.org\\\/fr\\\/haiti-au-bord-du-gouffre-un-cri-dalarme-des-eveques-pour-la-paix\\\/\"},\"author\":{\"name\":\"Sina Hartert\",\"@id\":\"https:\\\/\\\/acninternational.org\\\/fr\\\/#\\\/schema\\\/person\\\/333738ed03abe11491094c5c30cf3133\"},\"headline\":\"Ha\u00efti au bord du gouffre : un \u00ab cri d\u2019alarme \u00bb des \u00e9v\u00eaques pour la paix\",\"datePublished\":\"2024-11-26T23:10:35+00:00\",\"dateModified\":\"2025-08-12T08:27:21+00:00\",\"mainEntityOfPage\":{\"@id\":\"https:\\\/\\\/acninternational.org\\\/fr\\\/haiti-au-bord-du-gouffre-un-cri-dalarme-des-eveques-pour-la-paix\\\/\"},\"wordCount\":618,\"publisher\":{\"@id\":\"https:\\\/\\\/acninternational.org\\\/fr\\\/#organization\"},\"image\":{\"@id\":\"https:\\\/\\\/acninternational.org\\\/fr\\\/haiti-au-bord-du-gouffre-un-cri-dalarme-des-eveques-pour-la-paix\\\/#primaryimage\"},\"thumbnailUrl\":\"https:\\\/\\\/media.acninternational.org\\\/wp-content\\\/uploads\\\/2024\\\/03\\\/ACN-20240306-161260-1.jpg\",\"articleSection\":[\"Nouvelle\",\"Nouvelles\"],\"inLanguage\":\"fr-FR\"},{\"@type\":\"WebPage\",\"@id\":\"https:\\\/\\\/acninternational.org\\\/fr\\\/haiti-au-bord-du-gouffre-un-cri-dalarme-des-eveques-pour-la-paix\\\/\",\"url\":\"https:\\\/\\\/acninternational.org\\\/fr\\\/haiti-au-bord-du-gouffre-un-cri-dalarme-des-eveques-pour-la-paix\\\/\",\"name\":\"Ha\u00efti au bord du gouffre : un \u00ab cri d\u2019alarme \u00bb des \u00e9v\u00eaques pour la paix | ACN International\",\"isPartOf\":{\"@id\":\"https:\\\/\\\/acninternational.org\\\/fr\\\/#website\"},\"primaryImageOfPage\":{\"@id\":\"https:\\\/\\\/acninternational.org\\\/fr\\\/haiti-au-bord-du-gouffre-un-cri-dalarme-des-eveques-pour-la-paix\\\/#primaryimage\"},\"image\":{\"@id\":\"https:\\\/\\\/acninternational.org\\\/fr\\\/haiti-au-bord-du-gouffre-un-cri-dalarme-des-eveques-pour-la-paix\\\/#primaryimage\"},\"thumbnailUrl\":\"https:\\\/\\\/media.acninternational.org\\\/wp-content\\\/uploads\\\/2024\\\/03\\\/ACN-20240306-161260-1.jpg\",\"datePublished\":\"2024-11-26T23:10:35+00:00\",\"dateModified\":\"2025-08-12T08:27:21+00:00\",\"description\":\"Nous exhortons les dirigeants de la ville \u00e0 agir de mani\u00e8re d\u00e9cisive pour r\u00e9tablir la s\u00e9curit\u00e9 et prot\u00e9ger les citoyens, en remplissant leur devoir de servir le bien commun.\",\"breadcrumb\":{\"@id\":\"https:\\\/\\\/acninternational.org\\\/fr\\\/haiti-au-bord-du-gouffre-un-cri-dalarme-des-eveques-pour-la-paix\\\/#breadcrumb\"},\"inLanguage\":\"fr-FR\",\"potentialAction\":[{\"@type\":\"ReadAction\",\"target\":[\"https:\\\/\\\/acninternational.org\\\/fr\\\/haiti-au-bord-du-gouffre-un-cri-dalarme-des-eveques-pour-la-paix\\\/\"]}]},{\"@type\":\"ImageObject\",\"inLanguage\":\"fr-FR\",\"@id\":\"https:\\\/\\\/acninternational.org\\\/fr\\\/haiti-au-bord-du-gouffre-un-cri-dalarme-des-eveques-pour-la-paix\\\/#primaryimage\",\"url\":\"https:\\\/\\\/media.acninternational.org\\\/wp-content\\\/uploads\\\/2024\\\/03\\\/ACN-20240306-161260-1.jpg\",\"contentUrl\":\"https:\\\/\\\/media.acninternational.org\\\/wp-content\\\/uploads\\\/2024\\\/03\\\/ACN-20240306-161260-1.jpg\",\"width\":1920,\"height\":700},{\"@type\":\"BreadcrumbList\",\"@id\":\"https:\\\/\\\/acninternational.org\\\/fr\\\/haiti-au-bord-du-gouffre-un-cri-dalarme-des-eveques-pour-la-paix\\\/#breadcrumb\",\"itemListElement\":[{\"@type\":\"ListItem\",\"position\":1,\"name\":\"Home\",\"item\":\"https:\\\/\\\/acninternational.org\\\/fr\\\/\"},{\"@type\":\"ListItem\",\"position\":2,\"name\":\"Nouvelles\",\"item\":\"https:\\\/\\\/acninternational.org\\\/fr\\\/category\\\/news-fr\\\/\"},{\"@type\":\"ListItem\",\"position\":3,\"name\":\"Ha\u00efti au bord du gouffre : un \u00ab cri d\u2019alarme \u00bb des \u00e9v\u00eaques pour la paix\"}]},{\"@type\":\"WebSite\",\"@id\":\"https:\\\/\\\/acninternational.org\\\/fr\\\/#website\",\"url\":\"https:\\\/\\\/acninternational.org\\\/fr\\\/\",\"name\":\"ACN International\",\"description\":\"\",\"publisher\":{\"@id\":\"https:\\\/\\\/acninternational.org\\\/fr\\\/#organization\"},\"potentialAction\":[{\"@type\":\"SearchAction\",\"target\":{\"@type\":\"EntryPoint\",\"urlTemplate\":\"https:\\\/\\\/acninternational.org\\\/fr\\\/?s={search_term_string}\"},\"query-input\":{\"@type\":\"PropertyValueSpecification\",\"valueRequired\":true,\"valueName\":\"search_term_string\"}}],\"inLanguage\":\"fr-FR\"},{\"@type\":\"Organization\",\"@id\":\"https:\\\/\\\/acninternational.org\\\/fr\\\/#organization\",\"name\":\"Aid to the Church in Need International\",\"url\":\"https:\\\/\\\/acninternational.org\\\/fr\\\/\",\"logo\":{\"@type\":\"ImageObject\",\"inLanguage\":\"fr-FR\",\"@id\":\"https:\\\/\\\/acninternational.org\\\/fr\\\/#\\\/schema\\\/logo\\\/image\\\/\",\"url\":\"https:\\\/\\\/media.acninternational.org\\\/wp-content\\\/uploads\\\/2019\\\/11\\\/acn_logo_blackvector.svg\",\"contentUrl\":\"https:\\\/\\\/media.acninternational.org\\\/wp-content\\\/uploads\\\/2019\\\/11\\\/acn_logo_blackvector.svg\",\"width\":232.6,\"height\":78,\"caption\":\"Aid to the Church in Need International\"},\"image\":{\"@id\":\"https:\\\/\\\/acninternational.org\\\/fr\\\/#\\\/schema\\\/logo\\\/image\\\/\"},\"sameAs\":[\"https:\\\/\\\/www.facebook.com\\\/acninternationalorg\",\"https:\\\/\\\/x.com\\\/acn_int\",\"https:\\\/\\\/www.youtube.com\\\/channel\\\/UCQ-077gS0TnVzkhHmf1opZw\",\"https:\\\/\\\/www.instagram.com\\\/acn_international\\\/\"]},{\"@type\":\"Person\",\"@id\":\"https:\\\/\\\/acninternational.org\\\/fr\\\/#\\\/schema\\\/person\\\/333738ed03abe11491094c5c30cf3133\",\"name\":\"Sina Hartert\",\"description\":\"Lorem ipsum dolor sit amet, consectetur adipiscing elit, sed do eiusmod tempor incididunt ut labore et dolore magna aliqua. Ut enim ad minim veniam, quis nostrud exercitation ullamco laboris nisi ut aliquip ex ea commodo consequat.\",\"url\":\"https:\\\/\\\/acninternational.org\\\/fr\\\/author\\\/sina-hartert\\\/\"}]}<\/script>\n<!-- \/ Yoast SEO Premium plugin. -->","yoast_head_json":{"title":"Ha\u00efti au bord du gouffre : un \u00ab cri d\u2019alarme \u00bb des \u00e9v\u00eaques pour la paix | ACN International","description":"Nous exhortons les dirigeants de la ville \u00e0 agir de mani\u00e8re d\u00e9cisive pour r\u00e9tablir la s\u00e9curit\u00e9 et prot\u00e9ger les citoyens, en remplissant leur devoir de servir le bien commun.","robots":{"index":"index","follow":"follow","max-snippet":"max-snippet:-1","max-image-preview":"max-image-preview:large","max-video-preview":"max-video-preview:-1"},"canonical":"https:\/\/acninternational.org\/fr\/haiti-au-bord-du-gouffre-un-cri-dalarme-des-eveques-pour-la-paix\/","og_locale":"fr_FR","og_type":"article","og_title":"Ha\u00efti au bord du gouffre : un \u00ab cri d\u2019alarme \u00bb des \u00e9v\u00eaques pour la paix","og_description":"Nous exhortons les dirigeants de la ville \u00e0 agir de mani\u00e8re d\u00e9cisive pour r\u00e9tablir la s\u00e9curit\u00e9 et prot\u00e9ger les citoyens, en remplissant leur devoir de servir le bien commun.","og_url":"https:\/\/acninternational.org\/fr\/haiti-au-bord-du-gouffre-un-cri-dalarme-des-eveques-pour-la-paix\/","og_site_name":"ACN International","article_publisher":"https:\/\/www.facebook.com\/acninternationalorg","article_published_time":"2024-11-26T23:10:35+00:00","article_modified_time":"2025-08-12T08:27:21+00:00","og_image":[{"width":1920,"height":700,"url":"https:\/\/media.acninternational.org\/wp-content\/uploads\/2024\/03\/ACN-20240306-161260-1.jpg","type":"image\/jpeg"}],"author":"Sina Hartert","twitter_card":"summary_large_image","twitter_creator":"@acn_int","twitter_site":"@acn_int","twitter_misc":{"\u00c9crit par":"Sina Hartert","Dur\u00e9e de lecture estim\u00e9e":"3 minutes"},"schema":{"@context":"https:\/\/schema.org","@graph":[{"@type":"Article","@id":"https:\/\/acninternational.org\/fr\/haiti-au-bord-du-gouffre-un-cri-dalarme-des-eveques-pour-la-paix\/#article","isPartOf":{"@id":"https:\/\/acninternational.org\/fr\/haiti-au-bord-du-gouffre-un-cri-dalarme-des-eveques-pour-la-paix\/"},"author":{"name":"Sina Hartert","@id":"https:\/\/acninternational.org\/fr\/#\/schema\/person\/333738ed03abe11491094c5c30cf3133"},"headline":"Ha\u00efti au bord du gouffre : un \u00ab cri d\u2019alarme \u00bb des \u00e9v\u00eaques pour la paix","datePublished":"2024-11-26T23:10:35+00:00","dateModified":"2025-08-12T08:27:21+00:00","mainEntityOfPage":{"@id":"https:\/\/acninternational.org\/fr\/haiti-au-bord-du-gouffre-un-cri-dalarme-des-eveques-pour-la-paix\/"},"wordCount":618,"publisher":{"@id":"https:\/\/acninternational.org\/fr\/#organization"},"image":{"@id":"https:\/\/acninternational.org\/fr\/haiti-au-bord-du-gouffre-un-cri-dalarme-des-eveques-pour-la-paix\/#primaryimage"},"thumbnailUrl":"https:\/\/media.acninternational.org\/wp-content\/uploads\/2024\/03\/ACN-20240306-161260-1.jpg","articleSection":["Nouvelle","Nouvelles"],"inLanguage":"fr-FR"},{"@type":"WebPage","@id":"https:\/\/acninternational.org\/fr\/haiti-au-bord-du-gouffre-un-cri-dalarme-des-eveques-pour-la-paix\/","url":"https:\/\/acninternational.org\/fr\/haiti-au-bord-du-gouffre-un-cri-dalarme-des-eveques-pour-la-paix\/","name":"Ha\u00efti au bord du gouffre : un \u00ab cri d\u2019alarme \u00bb des \u00e9v\u00eaques pour la paix | ACN International","isPartOf":{"@id":"https:\/\/acninternational.org\/fr\/#website"},"primaryImageOfPage":{"@id":"https:\/\/acninternational.org\/fr\/haiti-au-bord-du-gouffre-un-cri-dalarme-des-eveques-pour-la-paix\/#primaryimage"},"image":{"@id":"https:\/\/acninternational.org\/fr\/haiti-au-bord-du-gouffre-un-cri-dalarme-des-eveques-pour-la-paix\/#primaryimage"},"thumbnailUrl":"https:\/\/media.acninternational.org\/wp-content\/uploads\/2024\/03\/ACN-20240306-161260-1.jpg","datePublished":"2024-11-26T23:10:35+00:00","dateModified":"2025-08-12T08:27:21+00:00","description":"Nous exhortons les dirigeants de la ville \u00e0 agir de mani\u00e8re d\u00e9cisive pour r\u00e9tablir la s\u00e9curit\u00e9 et prot\u00e9ger les citoyens, en remplissant leur devoir de servir le bien commun.","breadcrumb":{"@id":"https:\/\/acninternational.org\/fr\/haiti-au-bord-du-gouffre-un-cri-dalarme-des-eveques-pour-la-paix\/#breadcrumb"},"inLanguage":"fr-FR","potentialAction":[{"@type":"ReadAction","target":["https:\/\/acninternational.org\/fr\/haiti-au-bord-du-gouffre-un-cri-dalarme-des-eveques-pour-la-paix\/"]}]},{"@type":"ImageObject","inLanguage":"fr-FR","@id":"https:\/\/acninternational.org\/fr\/haiti-au-bord-du-gouffre-un-cri-dalarme-des-eveques-pour-la-paix\/#primaryimage","url":"https:\/\/media.acninternational.org\/wp-content\/uploads\/2024\/03\/ACN-20240306-161260-1.jpg","contentUrl":"https:\/\/media.acninternational.org\/wp-content\/uploads\/2024\/03\/ACN-20240306-161260-1.jpg","width":1920,"height":700},{"@type":"BreadcrumbList","@id":"https:\/\/acninternational.org\/fr\/haiti-au-bord-du-gouffre-un-cri-dalarme-des-eveques-pour-la-paix\/#breadcrumb","itemListElement":[{"@type":"ListItem","position":1,"name":"Home","item":"https:\/\/acninternational.org\/fr\/"},{"@type":"ListItem","position":2,"name":"Nouvelles","item":"https:\/\/acninternational.org\/fr\/category\/news-fr\/"},{"@type":"ListItem","position":3,"name":"Ha\u00efti au bord du gouffre : un \u00ab cri d\u2019alarme \u00bb des \u00e9v\u00eaques pour la paix"}]},{"@type":"WebSite","@id":"https:\/\/acninternational.org\/fr\/#website","url":"https:\/\/acninternational.org\/fr\/","name":"ACN International","description":"","publisher":{"@id":"https:\/\/acninternational.org\/fr\/#organization"},"potentialAction":[{"@type":"SearchAction","target":{"@type":"EntryPoint","urlTemplate":"https:\/\/acninternational.org\/fr\/?s={search_term_string}"},"query-input":{"@type":"PropertyValueSpecification","valueRequired":true,"valueName":"search_term_string"}}],"inLanguage":"fr-FR"},{"@type":"Organization","@id":"https:\/\/acninternational.org\/fr\/#organization","name":"Aid to the Church in Need International","url":"https:\/\/acninternational.org\/fr\/","logo":{"@type":"ImageObject","inLanguage":"fr-FR","@id":"https:\/\/acninternational.org\/fr\/#\/schema\/logo\/image\/","url":"https:\/\/media.acninternational.org\/wp-content\/uploads\/2019\/11\/acn_logo_blackvector.svg","contentUrl":"https:\/\/media.acninternational.org\/wp-content\/uploads\/2019\/11\/acn_logo_blackvector.svg","width":232.6,"height":78,"caption":"Aid to the Church in Need International"},"image":{"@id":"https:\/\/acninternational.org\/fr\/#\/schema\/logo\/image\/"},"sameAs":["https:\/\/www.facebook.com\/acninternationalorg","https:\/\/x.com\/acn_int","https:\/\/www.youtube.com\/channel\/UCQ-077gS0TnVzkhHmf1opZw","https:\/\/www.instagram.com\/acn_international\/"]},{"@type":"Person","@id":"https:\/\/acninternational.org\/fr\/#\/schema\/person\/333738ed03abe11491094c5c30cf3133","name":"Sina Hartert","description":"Lorem ipsum dolor sit amet, consectetur adipiscing elit, sed do eiusmod tempor incididunt ut labore et dolore magna aliqua. Ut enim ad minim veniam, quis nostrud exercitation ullamco laboris nisi ut aliquip ex ea commodo consequat.","url":"https:\/\/acninternational.org\/fr\/author\/sina-hartert\/"}]}},"_links":{"self":[{"href":"https:\/\/acninternational.org\/fr\/wp-json\/wp\/v2\/posts\/232939","targetHints":{"allow":["GET"]}}],"collection":[{"href":"https:\/\/acninternational.org\/fr\/wp-json\/wp\/v2\/posts"}],"about":[{"href":"https:\/\/acninternational.org\/fr\/wp-json\/wp\/v2\/types\/post"}],"author":[{"embeddable":true,"href":"https:\/\/acninternational.org\/fr\/wp-json\/wp\/v2\/users\/4258341405"}],"replies":[{"embeddable":true,"href":"https:\/\/acninternational.org\/fr\/wp-json\/wp\/v2\/comments?post=232939"}],"version-history":[{"count":1,"href":"https:\/\/acninternational.org\/fr\/wp-json\/wp\/v2\/posts\/232939\/revisions"}],"predecessor-version":[{"id":245313,"href":"https:\/\/acninternational.org\/fr\/wp-json\/wp\/v2\/posts\/232939\/revisions\/245313"}],"wp:featuredmedia":[{"embeddable":true,"href":"https:\/\/acninternational.org\/fr\/wp-json\/wp\/v2\/media\/195864"}],"wp:attachment":[{"href":"https:\/\/acninternational.org\/fr\/wp-json\/wp\/v2\/media?parent=232939"}],"wp:term":[{"taxonomy":"category","embeddable":true,"href":"https:\/\/acninternational.org\/fr\/wp-json\/wp\/v2\/categories?post=232939"},{"taxonomy":"post_tag","embeddable":true,"href":"https:\/\/acninternational.org\/fr\/wp-json\/wp\/v2\/tags?post=232939"},{"taxonomy":"country","embeddable":true,"href":"https:\/\/acninternational.org\/fr\/wp-json\/wp\/v2\/country?post=232939"}],"curies":[{"name":"wp","href":"https:\/\/api.w.org\/{rel}","templated":true}]}}