{"id":230951,"date":"2024-10-22T17:08:49","date_gmt":"2024-10-22T15:08:49","guid":{"rendered":"https:\/\/acninternational.org\/?p=230951"},"modified":"2025-08-12T10:28:52","modified_gmt":"2025-08-12T08:28:52","slug":"de-largentine-aux-philippines-plus-dun-million-denfants-unissent-leurs-voix-pour-la-paix","status":"publish","type":"post","link":"https:\/\/acninternational.org\/fr\/de-largentine-aux-philippines-plus-dun-million-denfants-unissent-leurs-voix-pour-la-paix\/","title":{"rendered":"De l\u2019Argentine aux Philippines : plus d\u2019un million d\u2019enfants unissent leurs voix pour la paix"},"content":{"rendered":"<p><em>Cette ann\u00e9e, l\u2019un des moments les plus \u00e9mouvants de la campagne a eu lieu dans la Chapelle des Apparitions de F\u00e1tima, o\u00f9 le Cardinal Ant\u00f3nio Marto a remerci\u00e9 les enfants pour leur participation et a ajout\u00e9 qu\u2019avec eux, \u00ab\u00a0Dieu est capable de faire de grandes et merveilleuses choses\u00a0\u00bb.<\/em><\/p>\n<p>Vendredi dernier, <a href=\"https:\/\/acninternational.org\/fr\/le-pape-francois-remercie-les-enfants-de-participer-a-la-campagne-du-chapelet-pour-la-paix-et-lunite-de-acn-vendredi-prochain-18-octobre\/\">\u00e0 l\u2019invitation du Pape Fran\u00e7ois<\/a>, plus d\u2019un million d\u2019enfants \u00e0 travers le monde ont rejoint l\u2019initiative \u00ab\u00a0Un million d\u2019enfants prient le chapelet\u00a0\u00bb, une campagne de pri\u00e8re pour la paix et l\u2019unit\u00e9, soutenue, comme chaque ann\u00e9e, par la fondation pontificale Aid to the Church in Need (ACN).<\/p>\n<figure id=\"attachment_230928\" aria-describedby=\"caption-attachment-230928\" style=\"width: 800px\" class=\"wp-caption aligncenter\"><img loading=\"lazy\" decoding=\"async\" class=\"wp-image-230928 size-large\" src=\"https:\/\/media.acninternational.org\/wp-content\/uploads\/2024\/10\/ACN-20241021-173638-1024x768.jpg\" alt=\"Des enfants prient le chapelet dans le dioc\u00e8se de Pemba, Mozambique.\" width=\"800\" height=\"600\" srcset=\"https:\/\/media.acninternational.org\/wp-content\/uploads\/2024\/10\/ACN-20241021-173638-1024x768.jpg 1024w, https:\/\/media.acninternational.org\/wp-content\/uploads\/2024\/10\/ACN-20241021-173638-300x225.jpg 300w, https:\/\/media.acninternational.org\/wp-content\/uploads\/2024\/10\/ACN-20241021-173638-768x576.jpg 768w, https:\/\/media.acninternational.org\/wp-content\/uploads\/2024\/10\/ACN-20241021-173638.jpg 1080w\" sizes=\"auto, (max-width: 800px) 100vw, 800px\" \/><figcaption id=\"caption-attachment-230928\" class=\"wp-caption-text\">Des enfants prient le chapelet dans le dioc\u00e8se de Pemba, Mozambique.<\/figcaption><\/figure>\n<p>Selon les donn\u00e9es du site web de la fondation, un total de 1.135.945 enfants de plus de 150 pays ont \u00e9t\u00e9 enregistr\u00e9s, bien que, selon ACN, les chiffres totaux soient plus \u00e9lev\u00e9s car de nombreux enfants ne s\u2019enregistrent pas officiellement ou ont un acc\u00e8s difficile \u00e0 Internet.<\/p>\n<p>Le pays ayant le plus grand nombre d\u2019enfants enregistr\u00e9s en ligne est le Nigeria avec 200.209 enfants, suivi des Philippines (162.684), de la Pologne (151.365) et du Br\u00e9sil (75.579).<\/p>\n<p><strong>Les t\u00e9moignages sont innombrables<\/strong><\/p>\n<p>Des images envoy\u00e9es \u00e0 ACN depuis Kharkiv, ville d\u2019Ukraine d\u00e9vast\u00e9e par la guerre, montrent des enfants priant avec ferveur, malgr\u00e9 les bombardements. Des enfants de Gaza et d\u2019Isra\u00ebl, ainsi que d\u2019autres r\u00e9gions touch\u00e9es par des conflits comme le Myanmar, le Soudan et la R\u00e9publique d\u00e9mocratique du Congo, ont \u00e9galement rejoint l\u2019initiative et pri\u00e9 pour la paix. La campagne a \u00e9galement \u00e9t\u00e9 soutenue dans des endroits aussi recul\u00e9s que la Micron\u00e9sie, la Polyn\u00e9sie fran\u00e7aise ou encore l\u2019Antarctique, dans une clameur unanime.<\/p>\n<figure id=\"attachment_230934\" aria-describedby=\"caption-attachment-230934\" style=\"width: 800px\" class=\"wp-caption aligncenter\"><img loading=\"lazy\" decoding=\"async\" class=\"wp-image-230934 size-large\" src=\"https:\/\/media.acninternational.org\/wp-content\/uploads\/2024\/10\/ACN-20241021-173602-1024x683.jpg\" alt=\"Des enfants du monde entier ont rejoint l'initiative &quot;Un million d'enfants prient le chapelet pour la paix&quot;.\" width=\"800\" height=\"534\" srcset=\"https:\/\/media.acninternational.org\/wp-content\/uploads\/2024\/10\/ACN-20241021-173602-1024x683.jpg 1024w, https:\/\/media.acninternational.org\/wp-content\/uploads\/2024\/10\/ACN-20241021-173602-300x200.jpg 300w, https:\/\/media.acninternational.org\/wp-content\/uploads\/2024\/10\/ACN-20241021-173602-768x512.jpg 768w, https:\/\/media.acninternational.org\/wp-content\/uploads\/2024\/10\/ACN-20241021-173602.jpg 1080w\" sizes=\"auto, (max-width: 800px) 100vw, 800px\" \/><figcaption id=\"caption-attachment-230934\" class=\"wp-caption-text\">Des enfants du monde entier ont rejoint l&rsquo;initiative \u00ab\u00a0Un million d&rsquo;enfants prient le chapelet pour la paix\u00a0\u00bb.<\/figcaption><\/figure>\n<p>Dans les pays \u00e0 minorit\u00e9 chr\u00e9tienne, comme le Bangladesh et l\u2019Inde, des processions color\u00e9es ont \u00e9t\u00e9 organis\u00e9es avec des dizaines d\u2019enfants qui accompagnaient la Vierge, comme le montrent les photos et les vid\u00e9os re\u00e7ues. Aux Philippines, deuxi\u00e8me pays au monde par le nombre de participants, les \u00e9l\u00e8ves ont r\u00e9pandu des milliers de fleurs aux pieds de la Vierge, avant d\u2019aller prier dans la cath\u00e9drale de Malolos.<\/p>\n<p>De Sierra Leone, S\u0153ur Francesca Anyanwu raconte \u00e0 ACN comment plus de 700 enfants se sont rassembl\u00e9s pour une grande procession dans les rues du dioc\u00e8se de Kenema. \u00ab\u00a0Ces enfants nous rappellent avec force que la paix est un d\u00e9sir universel\u00a0\u00bb, affirme la religieuse. \u00ab\u00a0Leur sinc\u00e9rit\u00e9 innocente et la puret\u00e9 de leurs intentions transmettent un message qui r\u00e9sonne chez les gens de tous \u00e2ges : l\u2019espoir d\u2019un monde harmonieux et pacifique.\u00a0\u00bb Dans une autre \u00e9cole situ\u00e9e \u00e0 des milliers de kilom\u00e8tres de la Sierra Leone, dans l\u2019Ohio, une enseignante raconte \u00e0 quel point ses \u00e9l\u00e8ves \u00e9taient enthousiastes : \u00ab\u00a0Ils ont facilement compris la mission. En plus, ils ont trouv\u00e9 \u00e7a vraiment super !\u00a0\u00bb<\/p>\n<p><strong>Fatima\u00a0: \u00ab\u00a0Ici, nous luttons pour la paix, avec les armes spirituelles de notre pri\u00e8re.\u00a0\u00bb <\/strong><\/p>\n<p>Tous les pays d\u2019Am\u00e9rique du Sud, o\u00f9 l\u2019amour pour Marie est tr\u00e8s grand, ont r\u00e9pondu \u00e0 l\u2019invitation du Pape. En Argentine, par exemple, 10.000 d\u00e9pliants contenant les myst\u00e8res du rosaire traduits pour la premi\u00e8re fois en braille ont \u00e9t\u00e9 distribu\u00e9s. Les repr\u00e9sentants des affaires religieuses du pays ont exprim\u00e9 leur soutien \u00e0 la campagne qui \u00ab\u00a0contribue \u00e0 sensibiliser et \u00e0 revitaliser la r\u00e9citation du chapelet, l\u2019un des signes les plus repr\u00e9sentatifs de l\u2019amour que les jeunes g\u00e9n\u00e9rations ressentent pour J\u00e9sus et pour sa m\u00e8re, Marie\u00a0\u00bb.<\/p>\n<figure id=\"attachment_230940\" aria-describedby=\"caption-attachment-230940\" style=\"width: 800px\" class=\"wp-caption aligncenter\"><img loading=\"lazy\" decoding=\"async\" class=\"wp-image-230940 size-large\" src=\"https:\/\/media.acninternational.org\/wp-content\/uploads\/2024\/10\/ACN-20241022-173831-1024x768.jpg\" alt=\"Des \u00e9tudiants du Paraguay participent \u00e9galement \u00e0 l'initiative de pri\u00e8re.\" width=\"800\" height=\"600\" srcset=\"https:\/\/media.acninternational.org\/wp-content\/uploads\/2024\/10\/ACN-20241022-173831-1024x768.jpg 1024w, https:\/\/media.acninternational.org\/wp-content\/uploads\/2024\/10\/ACN-20241022-173831-300x225.jpg 300w, https:\/\/media.acninternational.org\/wp-content\/uploads\/2024\/10\/ACN-20241022-173831-768x576.jpg 768w, https:\/\/media.acninternational.org\/wp-content\/uploads\/2024\/10\/ACN-20241022-173831.jpg 1080w\" sizes=\"auto, (max-width: 800px) 100vw, 800px\" \/><figcaption id=\"caption-attachment-230940\" class=\"wp-caption-text\">Des \u00e9tudiants du Paraguay participent \u00e9galement \u00e0 l&rsquo;initiative de pri\u00e8re.<\/figcaption><\/figure>\n<p>\u00c0 l\u2019endroit qui est le c\u0153ur de la d\u00e9votion mariale au Portugal, dans la Chapelle des Apparitions de F\u00e1tima, des centaines d\u2019enfants se sont rassembl\u00e9s dans ce m\u00eame but. Le Cardinal Antonio Marto, qui a pr\u00e9sid\u00e9 la r\u00e9citation du chapelet, a d\u00e9clar\u00e9 que les enfants \u00e9taient conscients de \u00ab\u00a0la douleur de ces innocents qui souffrent des horreurs de la guerre, une guerre qui est devenue de plus en plus f\u00e9roce : avec eux [les enfants], Dieu est capable de faire de grandes et merveilleuses choses. Lorsque Notre-Dame nous a demand\u00e9 de prier le chapelet, elle l\u2019a fait pour que nous nous sentions unis dans la pri\u00e8re. Ici, nous luttons pour la paix avec les armes spirituelles de notre pri\u00e8re, afin que la mis\u00e9ricorde de Dieu descende toujours sur ce monde bless\u00e9\u00a0\u00bb, a-t-il conclu.<\/p>\n<p>&nbsp;<\/p>\n","protected":false},"excerpt":{"rendered":"<p>Cette ann\u00e9e, l\u2019un des moments les plus \u00e9mouvants de la campagne a eu lieu dans la Chapelle des Apparitions de<\/p>\n","protected":false},"author":4258341381,"featured_media":230923,"comment_status":"closed","ping_status":"closed","sticky":false,"template":"","format":"standard","meta":{"_acf_changed":false,"_acn_coauthor_ids":[],"footnotes":""},"categories":[575,919],"tags":[],"country":[333],"class_list":["post-230951","post","type-post","status-publish","format-standard","has-post-thumbnail","hentry","category-news","category-nouvelle","country-international"],"acn_coauthors":[],"acf":[],"yoast_head":"<!-- This site is optimized with the Yoast SEO Premium plugin v27.3 (Yoast SEO v27.3) - https:\/\/yoast.com\/product\/yoast-seo-premium-wordpress\/ -->\n<title>De l\u2019Argentine aux Philippines : plus d\u2019un million d\u2019enfants unissent leurs voix pour la paix | ACN International<\/title>\n<meta name=\"robots\" content=\"index, follow, max-snippet:-1, max-image-preview:large, max-video-preview:-1\" \/>\n<link rel=\"canonical\" href=\"https:\/\/acninternational.org\/fr\/de-largentine-aux-philippines-plus-dun-million-denfants-unissent-leurs-voix-pour-la-paix\/\" \/>\n<meta property=\"og:locale\" content=\"fr_FR\" \/>\n<meta property=\"og:type\" content=\"article\" \/>\n<meta property=\"og:title\" content=\"De l\u2019Argentine aux Philippines : plus d\u2019un million d\u2019enfants unissent leurs voix pour la paix\" \/>\n<meta property=\"og:description\" content=\"Cette ann\u00e9e, l\u2019un des moments les plus \u00e9mouvants de la campagne a eu lieu dans la Chapelle des Apparitions de\" \/>\n<meta property=\"og:url\" content=\"https:\/\/acninternational.org\/fr\/de-largentine-aux-philippines-plus-dun-million-denfants-unissent-leurs-voix-pour-la-paix\/\" \/>\n<meta property=\"og:site_name\" content=\"ACN International\" \/>\n<meta property=\"article:publisher\" content=\"https:\/\/www.facebook.com\/acninternationalorg\" \/>\n<meta property=\"article:published_time\" content=\"2024-10-22T15:08:49+00:00\" \/>\n<meta property=\"article:modified_time\" content=\"2025-08-12T08:28:52+00:00\" \/>\n<meta property=\"og:image\" content=\"https:\/\/media.acninternational.org\/wp-content\/uploads\/2024\/10\/ACN-20241021-173605.jpg\" \/>\n\t<meta property=\"og:image:width\" content=\"1920\" \/>\n\t<meta property=\"og:image:height\" content=\"700\" \/>\n\t<meta property=\"og:image:type\" content=\"image\/jpeg\" \/>\n<meta name=\"author\" content=\"Luc\u00eda Ballester\" \/>\n<meta name=\"twitter:card\" content=\"summary_large_image\" \/>\n<meta name=\"twitter:creator\" content=\"@acn_int\" \/>\n<meta name=\"twitter:site\" content=\"@acn_int\" \/>\n<meta name=\"twitter:label1\" content=\"\u00c9crit par\" \/>\n\t<meta name=\"twitter:data1\" content=\"Luc\u00eda Ballester\" \/>\n\t<meta name=\"twitter:label2\" content=\"Dur\u00e9e de lecture estim\u00e9e\" \/>\n\t<meta name=\"twitter:data2\" content=\"4 minutes\" \/>\n<script type=\"application\/ld+json\" class=\"yoast-schema-graph\">{\"@context\":\"https:\\\/\\\/schema.org\",\"@graph\":[{\"@type\":\"Article\",\"@id\":\"https:\\\/\\\/acninternational.org\\\/fr\\\/de-largentine-aux-philippines-plus-dun-million-denfants-unissent-leurs-voix-pour-la-paix\\\/#article\",\"isPartOf\":{\"@id\":\"https:\\\/\\\/acninternational.org\\\/fr\\\/de-largentine-aux-philippines-plus-dun-million-denfants-unissent-leurs-voix-pour-la-paix\\\/\"},\"author\":{\"name\":\"Luc\u00eda Ballester\",\"@id\":\"https:\\\/\\\/acninternational.org\\\/fr\\\/#\\\/schema\\\/person\\\/ad46cf160e48fe3378c54b7abb5527a9\"},\"headline\":\"De l\u2019Argentine aux Philippines : plus d\u2019un million d\u2019enfants unissent leurs voix pour la paix\",\"datePublished\":\"2024-10-22T15:08:49+00:00\",\"dateModified\":\"2025-08-12T08:28:52+00:00\",\"mainEntityOfPage\":{\"@id\":\"https:\\\/\\\/acninternational.org\\\/fr\\\/de-largentine-aux-philippines-plus-dun-million-denfants-unissent-leurs-voix-pour-la-paix\\\/\"},\"wordCount\":822,\"publisher\":{\"@id\":\"https:\\\/\\\/acninternational.org\\\/fr\\\/#organization\"},\"image\":{\"@id\":\"https:\\\/\\\/acninternational.org\\\/fr\\\/de-largentine-aux-philippines-plus-dun-million-denfants-unissent-leurs-voix-pour-la-paix\\\/#primaryimage\"},\"thumbnailUrl\":\"https:\\\/\\\/media.acninternational.org\\\/wp-content\\\/uploads\\\/2024\\\/10\\\/ACN-20241021-173605.jpg\",\"articleSection\":[\"News\",\"Nouvelle\"],\"inLanguage\":\"fr-FR\"},{\"@type\":\"WebPage\",\"@id\":\"https:\\\/\\\/acninternational.org\\\/fr\\\/de-largentine-aux-philippines-plus-dun-million-denfants-unissent-leurs-voix-pour-la-paix\\\/\",\"url\":\"https:\\\/\\\/acninternational.org\\\/fr\\\/de-largentine-aux-philippines-plus-dun-million-denfants-unissent-leurs-voix-pour-la-paix\\\/\",\"name\":\"De l\u2019Argentine aux Philippines : plus d\u2019un million d\u2019enfants unissent leurs voix pour la paix | ACN International\",\"isPartOf\":{\"@id\":\"https:\\\/\\\/acninternational.org\\\/fr\\\/#website\"},\"primaryImageOfPage\":{\"@id\":\"https:\\\/\\\/acninternational.org\\\/fr\\\/de-largentine-aux-philippines-plus-dun-million-denfants-unissent-leurs-voix-pour-la-paix\\\/#primaryimage\"},\"image\":{\"@id\":\"https:\\\/\\\/acninternational.org\\\/fr\\\/de-largentine-aux-philippines-plus-dun-million-denfants-unissent-leurs-voix-pour-la-paix\\\/#primaryimage\"},\"thumbnailUrl\":\"https:\\\/\\\/media.acninternational.org\\\/wp-content\\\/uploads\\\/2024\\\/10\\\/ACN-20241021-173605.jpg\",\"datePublished\":\"2024-10-22T15:08:49+00:00\",\"dateModified\":\"2025-08-12T08:28:52+00:00\",\"breadcrumb\":{\"@id\":\"https:\\\/\\\/acninternational.org\\\/fr\\\/de-largentine-aux-philippines-plus-dun-million-denfants-unissent-leurs-voix-pour-la-paix\\\/#breadcrumb\"},\"inLanguage\":\"fr-FR\",\"potentialAction\":[{\"@type\":\"ReadAction\",\"target\":[\"https:\\\/\\\/acninternational.org\\\/fr\\\/de-largentine-aux-philippines-plus-dun-million-denfants-unissent-leurs-voix-pour-la-paix\\\/\"]}]},{\"@type\":\"ImageObject\",\"inLanguage\":\"fr-FR\",\"@id\":\"https:\\\/\\\/acninternational.org\\\/fr\\\/de-largentine-aux-philippines-plus-dun-million-denfants-unissent-leurs-voix-pour-la-paix\\\/#primaryimage\",\"url\":\"https:\\\/\\\/media.acninternational.org\\\/wp-content\\\/uploads\\\/2024\\\/10\\\/ACN-20241021-173605.jpg\",\"contentUrl\":\"https:\\\/\\\/media.acninternational.org\\\/wp-content\\\/uploads\\\/2024\\\/10\\\/ACN-20241021-173605.jpg\",\"width\":1920,\"height\":700},{\"@type\":\"BreadcrumbList\",\"@id\":\"https:\\\/\\\/acninternational.org\\\/fr\\\/de-largentine-aux-philippines-plus-dun-million-denfants-unissent-leurs-voix-pour-la-paix\\\/#breadcrumb\",\"itemListElement\":[{\"@type\":\"ListItem\",\"position\":1,\"name\":\"Home\",\"item\":\"https:\\\/\\\/acninternational.org\\\/fr\\\/\"},{\"@type\":\"ListItem\",\"position\":2,\"name\":\"Nouvelles\",\"item\":\"https:\\\/\\\/acninternational.org\\\/fr\\\/category\\\/news-fr\\\/\"},{\"@type\":\"ListItem\",\"position\":3,\"name\":\"De l\u2019Argentine aux Philippines : plus d\u2019un million d\u2019enfants unissent leurs voix pour la paix\"}]},{\"@type\":\"WebSite\",\"@id\":\"https:\\\/\\\/acninternational.org\\\/fr\\\/#website\",\"url\":\"https:\\\/\\\/acninternational.org\\\/fr\\\/\",\"name\":\"ACN International\",\"description\":\"\",\"publisher\":{\"@id\":\"https:\\\/\\\/acninternational.org\\\/fr\\\/#organization\"},\"potentialAction\":[{\"@type\":\"SearchAction\",\"target\":{\"@type\":\"EntryPoint\",\"urlTemplate\":\"https:\\\/\\\/acninternational.org\\\/fr\\\/?s={search_term_string}\"},\"query-input\":{\"@type\":\"PropertyValueSpecification\",\"valueRequired\":true,\"valueName\":\"search_term_string\"}}],\"inLanguage\":\"fr-FR\"},{\"@type\":\"Organization\",\"@id\":\"https:\\\/\\\/acninternational.org\\\/fr\\\/#organization\",\"name\":\"Aid to the Church in Need International\",\"url\":\"https:\\\/\\\/acninternational.org\\\/fr\\\/\",\"logo\":{\"@type\":\"ImageObject\",\"inLanguage\":\"fr-FR\",\"@id\":\"https:\\\/\\\/acninternational.org\\\/fr\\\/#\\\/schema\\\/logo\\\/image\\\/\",\"url\":\"https:\\\/\\\/media.acninternational.org\\\/wp-content\\\/uploads\\\/2019\\\/11\\\/acn_logo_blackvector.svg\",\"contentUrl\":\"https:\\\/\\\/media.acninternational.org\\\/wp-content\\\/uploads\\\/2019\\\/11\\\/acn_logo_blackvector.svg\",\"width\":232.6,\"height\":78,\"caption\":\"Aid to the Church in Need International\"},\"image\":{\"@id\":\"https:\\\/\\\/acninternational.org\\\/fr\\\/#\\\/schema\\\/logo\\\/image\\\/\"},\"sameAs\":[\"https:\\\/\\\/www.facebook.com\\\/acninternationalorg\",\"https:\\\/\\\/x.com\\\/acn_int\",\"https:\\\/\\\/www.youtube.com\\\/channel\\\/UCQ-077gS0TnVzkhHmf1opZw\",\"https:\\\/\\\/www.instagram.com\\\/acn_international\\\/\"]},{\"@type\":\"Person\",\"@id\":\"https:\\\/\\\/acninternational.org\\\/fr\\\/#\\\/schema\\\/person\\\/ad46cf160e48fe3378c54b7abb5527a9\",\"name\":\"Luc\u00eda Ballester\",\"description\":\"Lorem ipsum dolor sit amet, consectetur adipiscing elit, sed do eiusmod tempor incididunt ut labore et dolore magna aliqua. Ut enim ad minim veniam, quis nostrud exercitation ullamco laboris nisi ut aliquip ex ea commodo consequat.\",\"url\":\"https:\\\/\\\/acninternational.org\\\/fr\\\/author\\\/lucia-ballester\\\/\"}]}<\/script>\n<!-- \/ Yoast SEO Premium plugin. -->","yoast_head_json":{"title":"De l\u2019Argentine aux Philippines : plus d\u2019un million d\u2019enfants unissent leurs voix pour la paix | ACN International","robots":{"index":"index","follow":"follow","max-snippet":"max-snippet:-1","max-image-preview":"max-image-preview:large","max-video-preview":"max-video-preview:-1"},"canonical":"https:\/\/acninternational.org\/fr\/de-largentine-aux-philippines-plus-dun-million-denfants-unissent-leurs-voix-pour-la-paix\/","og_locale":"fr_FR","og_type":"article","og_title":"De l\u2019Argentine aux Philippines : plus d\u2019un million d\u2019enfants unissent leurs voix pour la paix","og_description":"Cette ann\u00e9e, l\u2019un des moments les plus \u00e9mouvants de la campagne a eu lieu dans la Chapelle des Apparitions de","og_url":"https:\/\/acninternational.org\/fr\/de-largentine-aux-philippines-plus-dun-million-denfants-unissent-leurs-voix-pour-la-paix\/","og_site_name":"ACN International","article_publisher":"https:\/\/www.facebook.com\/acninternationalorg","article_published_time":"2024-10-22T15:08:49+00:00","article_modified_time":"2025-08-12T08:28:52+00:00","og_image":[{"width":1920,"height":700,"url":"https:\/\/media.acninternational.org\/wp-content\/uploads\/2024\/10\/ACN-20241021-173605.jpg","type":"image\/jpeg"}],"author":"Luc\u00eda Ballester","twitter_card":"summary_large_image","twitter_creator":"@acn_int","twitter_site":"@acn_int","twitter_misc":{"\u00c9crit par":"Luc\u00eda Ballester","Dur\u00e9e de lecture estim\u00e9e":"4 minutes"},"schema":{"@context":"https:\/\/schema.org","@graph":[{"@type":"Article","@id":"https:\/\/acninternational.org\/fr\/de-largentine-aux-philippines-plus-dun-million-denfants-unissent-leurs-voix-pour-la-paix\/#article","isPartOf":{"@id":"https:\/\/acninternational.org\/fr\/de-largentine-aux-philippines-plus-dun-million-denfants-unissent-leurs-voix-pour-la-paix\/"},"author":{"name":"Luc\u00eda Ballester","@id":"https:\/\/acninternational.org\/fr\/#\/schema\/person\/ad46cf160e48fe3378c54b7abb5527a9"},"headline":"De l\u2019Argentine aux Philippines : plus d\u2019un million d\u2019enfants unissent leurs voix pour la paix","datePublished":"2024-10-22T15:08:49+00:00","dateModified":"2025-08-12T08:28:52+00:00","mainEntityOfPage":{"@id":"https:\/\/acninternational.org\/fr\/de-largentine-aux-philippines-plus-dun-million-denfants-unissent-leurs-voix-pour-la-paix\/"},"wordCount":822,"publisher":{"@id":"https:\/\/acninternational.org\/fr\/#organization"},"image":{"@id":"https:\/\/acninternational.org\/fr\/de-largentine-aux-philippines-plus-dun-million-denfants-unissent-leurs-voix-pour-la-paix\/#primaryimage"},"thumbnailUrl":"https:\/\/media.acninternational.org\/wp-content\/uploads\/2024\/10\/ACN-20241021-173605.jpg","articleSection":["News","Nouvelle"],"inLanguage":"fr-FR"},{"@type":"WebPage","@id":"https:\/\/acninternational.org\/fr\/de-largentine-aux-philippines-plus-dun-million-denfants-unissent-leurs-voix-pour-la-paix\/","url":"https:\/\/acninternational.org\/fr\/de-largentine-aux-philippines-plus-dun-million-denfants-unissent-leurs-voix-pour-la-paix\/","name":"De l\u2019Argentine aux Philippines : plus d\u2019un million d\u2019enfants unissent leurs voix pour la paix | ACN International","isPartOf":{"@id":"https:\/\/acninternational.org\/fr\/#website"},"primaryImageOfPage":{"@id":"https:\/\/acninternational.org\/fr\/de-largentine-aux-philippines-plus-dun-million-denfants-unissent-leurs-voix-pour-la-paix\/#primaryimage"},"image":{"@id":"https:\/\/acninternational.org\/fr\/de-largentine-aux-philippines-plus-dun-million-denfants-unissent-leurs-voix-pour-la-paix\/#primaryimage"},"thumbnailUrl":"https:\/\/media.acninternational.org\/wp-content\/uploads\/2024\/10\/ACN-20241021-173605.jpg","datePublished":"2024-10-22T15:08:49+00:00","dateModified":"2025-08-12T08:28:52+00:00","breadcrumb":{"@id":"https:\/\/acninternational.org\/fr\/de-largentine-aux-philippines-plus-dun-million-denfants-unissent-leurs-voix-pour-la-paix\/#breadcrumb"},"inLanguage":"fr-FR","potentialAction":[{"@type":"ReadAction","target":["https:\/\/acninternational.org\/fr\/de-largentine-aux-philippines-plus-dun-million-denfants-unissent-leurs-voix-pour-la-paix\/"]}]},{"@type":"ImageObject","inLanguage":"fr-FR","@id":"https:\/\/acninternational.org\/fr\/de-largentine-aux-philippines-plus-dun-million-denfants-unissent-leurs-voix-pour-la-paix\/#primaryimage","url":"https:\/\/media.acninternational.org\/wp-content\/uploads\/2024\/10\/ACN-20241021-173605.jpg","contentUrl":"https:\/\/media.acninternational.org\/wp-content\/uploads\/2024\/10\/ACN-20241021-173605.jpg","width":1920,"height":700},{"@type":"BreadcrumbList","@id":"https:\/\/acninternational.org\/fr\/de-largentine-aux-philippines-plus-dun-million-denfants-unissent-leurs-voix-pour-la-paix\/#breadcrumb","itemListElement":[{"@type":"ListItem","position":1,"name":"Home","item":"https:\/\/acninternational.org\/fr\/"},{"@type":"ListItem","position":2,"name":"Nouvelles","item":"https:\/\/acninternational.org\/fr\/category\/news-fr\/"},{"@type":"ListItem","position":3,"name":"De l\u2019Argentine aux Philippines : plus d\u2019un million d\u2019enfants unissent leurs voix pour la paix"}]},{"@type":"WebSite","@id":"https:\/\/acninternational.org\/fr\/#website","url":"https:\/\/acninternational.org\/fr\/","name":"ACN International","description":"","publisher":{"@id":"https:\/\/acninternational.org\/fr\/#organization"},"potentialAction":[{"@type":"SearchAction","target":{"@type":"EntryPoint","urlTemplate":"https:\/\/acninternational.org\/fr\/?s={search_term_string}"},"query-input":{"@type":"PropertyValueSpecification","valueRequired":true,"valueName":"search_term_string"}}],"inLanguage":"fr-FR"},{"@type":"Organization","@id":"https:\/\/acninternational.org\/fr\/#organization","name":"Aid to the Church in Need International","url":"https:\/\/acninternational.org\/fr\/","logo":{"@type":"ImageObject","inLanguage":"fr-FR","@id":"https:\/\/acninternational.org\/fr\/#\/schema\/logo\/image\/","url":"https:\/\/media.acninternational.org\/wp-content\/uploads\/2019\/11\/acn_logo_blackvector.svg","contentUrl":"https:\/\/media.acninternational.org\/wp-content\/uploads\/2019\/11\/acn_logo_blackvector.svg","width":232.6,"height":78,"caption":"Aid to the Church in Need International"},"image":{"@id":"https:\/\/acninternational.org\/fr\/#\/schema\/logo\/image\/"},"sameAs":["https:\/\/www.facebook.com\/acninternationalorg","https:\/\/x.com\/acn_int","https:\/\/www.youtube.com\/channel\/UCQ-077gS0TnVzkhHmf1opZw","https:\/\/www.instagram.com\/acn_international\/"]},{"@type":"Person","@id":"https:\/\/acninternational.org\/fr\/#\/schema\/person\/ad46cf160e48fe3378c54b7abb5527a9","name":"Luc\u00eda Ballester","description":"Lorem ipsum dolor sit amet, consectetur adipiscing elit, sed do eiusmod tempor incididunt ut labore et dolore magna aliqua. Ut enim ad minim veniam, quis nostrud exercitation ullamco laboris nisi ut aliquip ex ea commodo consequat.","url":"https:\/\/acninternational.org\/fr\/author\/lucia-ballester\/"}]}},"_links":{"self":[{"href":"https:\/\/acninternational.org\/fr\/wp-json\/wp\/v2\/posts\/230951","targetHints":{"allow":["GET"]}}],"collection":[{"href":"https:\/\/acninternational.org\/fr\/wp-json\/wp\/v2\/posts"}],"about":[{"href":"https:\/\/acninternational.org\/fr\/wp-json\/wp\/v2\/types\/post"}],"author":[{"embeddable":true,"href":"https:\/\/acninternational.org\/fr\/wp-json\/wp\/v2\/users\/4258341381"}],"replies":[{"embeddable":true,"href":"https:\/\/acninternational.org\/fr\/wp-json\/wp\/v2\/comments?post=230951"}],"version-history":[{"count":1,"href":"https:\/\/acninternational.org\/fr\/wp-json\/wp\/v2\/posts\/230951\/revisions"}],"predecessor-version":[{"id":245386,"href":"https:\/\/acninternational.org\/fr\/wp-json\/wp\/v2\/posts\/230951\/revisions\/245386"}],"wp:featuredmedia":[{"embeddable":true,"href":"https:\/\/acninternational.org\/fr\/wp-json\/wp\/v2\/media\/230923"}],"wp:attachment":[{"href":"https:\/\/acninternational.org\/fr\/wp-json\/wp\/v2\/media?parent=230951"}],"wp:term":[{"taxonomy":"category","embeddable":true,"href":"https:\/\/acninternational.org\/fr\/wp-json\/wp\/v2\/categories?post=230951"},{"taxonomy":"post_tag","embeddable":true,"href":"https:\/\/acninternational.org\/fr\/wp-json\/wp\/v2\/tags?post=230951"},{"taxonomy":"country","embeddable":true,"href":"https:\/\/acninternational.org\/fr\/wp-json\/wp\/v2\/country?post=230951"}],"curies":[{"name":"wp","href":"https:\/\/api.w.org\/{rel}","templated":true}]}}