{"id":230809,"date":"2024-10-21T16:55:29","date_gmt":"2024-10-21T14:55:29","guid":{"rendered":"https:\/\/acninternational.org\/?p=230809"},"modified":"2025-08-12T10:29:01","modified_gmt":"2025-08-12T08:29:01","slug":"ukraine-mener-le-combat-sur-le-front-spirituel","status":"publish","type":"post","link":"https:\/\/acninternational.org\/fr\/ukraine-mener-le-combat-sur-le-front-spirituel\/","title":{"rendered":"Ukraine : Mener le combat sur le front spirituel"},"content":{"rendered":"<p><em>Mgr Vitaly Krivitskiy, \u00e9v\u00eaque catholique latin du dioc\u00e8se de Kyiv-Zhytomyr, vit en temps de guerre depuis plus de deux ans. Face \u00e0 une population d\u00e9sempar\u00e9e, il organise ses paroisses en sanctuaires de la foi et appr\u00eate ses aum\u00f4niers \u00e0 offrir les \u00ab\u00a0premiers secours spirituels\u00a0\u00bb aux soldats sur le front.<\/em><\/p>\n<p>\u00c0 52 ans, Mgr Vitaly Krivitskiy dirige un dioc\u00e8se de 70 pr\u00eatres, tous confront\u00e9s aux mis\u00e8res que charrient la guerre qui s\u00e9vit dans leur pays. Ils assistent aux deuils, \u00e0 l\u2019angoisse du futur, aux coupures d\u2019\u00e9lectricit\u00e9 et \u00e0 toutes les pauvret\u00e9s. \u00ab\u00a0Ils ajoutent \u00e0 leur pastorale ordinaire une action sociale de plus en plus pr\u00e9gnante dans leur activit\u00e9\u00a0\u00bb, explique Mgr Krivitskiy \u00e0 Aid to the Church in Need (ACN).<\/p>\n<figure id=\"attachment_230787\" aria-describedby=\"caption-attachment-230787\" style=\"width: 683px\" class=\"wp-caption aligncenter\"><img loading=\"lazy\" decoding=\"async\" class=\"wp-image-230787 size-large\" src=\"https:\/\/media.acninternational.org\/wp-content\/uploads\/2024\/10\/ACN-20231222-158144-683x1024.jpg\" alt=\"Messe avec Mgr Vitaliy Kryvytskyi de Kyiv-Zhytomyr\" width=\"683\" height=\"1024\" srcset=\"https:\/\/media.acninternational.org\/wp-content\/uploads\/2024\/10\/ACN-20231222-158144-683x1024.jpg 683w, https:\/\/media.acninternational.org\/wp-content\/uploads\/2024\/10\/ACN-20231222-158144-200x300.jpg 200w, https:\/\/media.acninternational.org\/wp-content\/uploads\/2024\/10\/ACN-20231222-158144.jpg 720w\" sizes=\"auto, (max-width: 683px) 100vw, 683px\" \/><figcaption id=\"caption-attachment-230787\" class=\"wp-caption-text\">Messe avec Mgr Vitaliy Kryvytskyi de Kyiv-Zhytomyr<\/figcaption><\/figure>\n<p>Lorsque \u00ab\u00a0l\u2019Op\u00e9ration militaire sp\u00e9ciale\u00a0\u00bb lanc\u00e9e par la Russie a d\u00e9but\u00e9 fin f\u00e9vrier 2022, l\u2019\u00e9v\u00eaque a \u00e9crit \u00e0 ses pr\u00eatres\u00a0: \u00ab\u00a0Si vous devez partir, que vous jugez impossible de rester, personne ne vous condamnera. Mais vos paroissiens ont besoin de vous\u00a0\u00bb. Aucun d\u2019entre eux n\u2019a choisi de quitter son poste, pas m\u00eame les 15 pr\u00eatres \u00e9trangers missionnaires de son dioc\u00e8se.<\/p>\n<h4><strong>Les paroisses comme havres s\u00fbrs<\/strong><\/h4>\n<p>Oblig\u00e9 de g\u00e9rer les urgences, l\u2019\u00e9v\u00eaque a donn\u00e9 pour consigne que les paroisses deviennent pour tous les r\u00e9fugi\u00e9s des havres s\u00fbrs. Qu\u2019elles am\u00e9nagent les caves ou les cryptes en abri, qu\u2019elles s\u2019\u00e9quipent de r\u00e9serves d\u2019eau potable, d\u2019essence et de g\u00e9n\u00e9rateurs \u00e9lectriques. \u00ab\u00a0Je veux que nos paroisses deviennent des citadelles, sur lesquelles la guerre n\u2019a pas de prise\u00a0\u00bb, explique l\u2019\u00e9v\u00eaque \u00e0 ACN. \u00ab\u00a0Des lieux o\u00f9 l\u2019on peut \u00eatre au chaud, prot\u00e9g\u00e9s des bombes, mais aussi o\u00f9 l\u2019on peut discuter avec un pr\u00eatre et recevoir un certain r\u00e9confort.\u00a0\u00bb Trois cuisines mobiles permettent de r\u00e9aliser 1000 repas par jour pour les plus d\u00e9favoris\u00e9s. Toujours dans l\u2019optique de soustraire la population \u00e0 la guerre, des camps d\u2019\u00e9t\u00e9 sont organis\u00e9s pour la jeunesse avec l&rsquo;aide de ACN. Au front, il demande aux pr\u00eatres volontaires de dispenser des \u00ab\u00a0soins spirituels d\u2019urgence\u00a0\u00bb, \u00e0 la fa\u00e7on des infirmiers militaires. Ils doivent soutenir les soldats confront\u00e9s \u00e0 la d\u00e9sesp\u00e9rance. Ils distribuent aussi de \u00ab\u00a0kits spirituels d\u2019urgence\u00a0\u00bb, une Bible et un chapelet, le tout sans recevoir d\u2019aide de l\u2019\u00c9tat.<\/p>\n<figure id=\"attachment_230793\" aria-describedby=\"caption-attachment-230793\" style=\"width: 720px\" class=\"wp-caption aligncenter\"><img loading=\"lazy\" decoding=\"async\" class=\"wp-image-230793 size-full\" src=\"https:\/\/media.acninternational.org\/wp-content\/uploads\/2024\/10\/ACN-20230601-147471.jpg\" alt=\"Les camps d'\u00e9t\u00e9 dans le dioc\u00e8se de Kyiv-Zhytomyr offrent aux enfants et aux jeunes une pause bien n\u00e9cessaire loin de la guerre et des soucis quotidiens.\" width=\"720\" height=\"960\" srcset=\"https:\/\/media.acninternational.org\/wp-content\/uploads\/2024\/10\/ACN-20230601-147471.jpg 720w, https:\/\/media.acninternational.org\/wp-content\/uploads\/2024\/10\/ACN-20230601-147471-225x300.jpg 225w\" sizes=\"auto, (max-width: 720px) 100vw, 720px\" \/><figcaption id=\"caption-attachment-230793\" class=\"wp-caption-text\">Les camps d&rsquo;\u00e9t\u00e9 dans le dioc\u00e8se de Kyiv-Zhytomyr offrent aux enfants et aux jeunes une pause bien n\u00e9cessaire loin de la guerre et des soucis quotidiens.<\/figcaption><\/figure>\n<p>Mais ces mesures accusent d\u00e9j\u00e0 le poids du temps. Les g\u00e9n\u00e9rateurs, qui ne sont pas con\u00e7us pour \u00eatre utilis\u00e9s en permanence, fatiguent. \u00ab\u00a0Nos ressources s\u2019amenuisent\u00a0\u00bb, constate tristement l\u2019\u00e9v\u00eaque.<\/p>\n<p>Il a un autre sujet de pr\u00e9occupation, puisque le gouvernement a affirm\u00e9 qu\u2019il mobiliserait tous les hommes \u00ab\u00a0sans la moindre exception\u00a0\u00bb. Cela pourrait inclure les pr\u00eatres, et cette mesure an\u00e9antirait les efforts de Mgr Krivitskiy. Les autorit\u00e9s ukrainiennes, touch\u00e9es comme tout le pays par le s\u00e9cularisme, pourraient opter pour la solution extr\u00eame d\u2019enr\u00f4ler les pr\u00eatres sans distinction. Certes, ni les alli\u00e9s de l\u2019Ukraine ni la soci\u00e9t\u00e9 civile n\u2019appr\u00e9cieraient une telle mesure, mais la situation militaire difficile pourrait \u00eatre utilis\u00e9e comme pr\u00e9texte pour y proc\u00e9der.<\/p>\n<h4><strong>\u00ab\u00a0Nous ne parlons jamais du futur lointain\u00a0\u00bb<\/strong><\/h4>\n<p>En effet, l\u2019hiver qui arrive risque d\u2019\u00eatre terrible pour le pays, soumis au matraquage de l\u2019artillerie russe. Le r\u00e9seau \u00e9lectrique, d\u00e9truit \u00e0 80%, pourrait \u00eatre coup\u00e9, ce qui rendrait la vie des populations civiles impossible.<\/p>\n<p>Pourtant l\u2019\u00e9v\u00eaque ne se projette pas. \u00ab\u00a0Nous ne parlons jamais du futur lointain. Nous nous demandons seulement ce que nous pouvons faire pour r\u00e9pondre \u00e0 telle ou telle situation d\u2019urgence. \u00bb<\/p>\n<p>Pour l\u2019heure, il a besoin en premier lieu de pri\u00e8res\u00a0: \u00ab\u00a0Ce ne sont pas que des mots, lorsqu\u2019on prie pour son prochain, il y a de vrais effets\u00a0\u00bb, assure le pr\u00e9lat. Ensuite, il esp\u00e8re passer l&rsquo;hiver et surtout, que les g\u00e9n\u00e9rateurs fonctionneront correctement, seuls recours durant l\u2019hiver glacial si les lignes \u00e9lectriques sont coup\u00e9es.<\/p>\n<figure id=\"attachment_230799\" aria-describedby=\"caption-attachment-230799\" style=\"width: 800px\" class=\"wp-caption aligncenter\"><img loading=\"lazy\" decoding=\"async\" class=\"wp-image-230799 size-large\" src=\"https:\/\/media.acninternational.org\/wp-content\/uploads\/2024\/10\/ACN-20220420-127344-1024x683.jpg\" alt=\"Dans le foyer pour sans-abri des Fr\u00e8res Albertins \u00e0 Lviv, les personnes dans le besoin re\u00e7oivent des repas chauds.\" width=\"800\" height=\"534\" srcset=\"https:\/\/media.acninternational.org\/wp-content\/uploads\/2024\/10\/ACN-20220420-127344-1024x683.jpg 1024w, https:\/\/media.acninternational.org\/wp-content\/uploads\/2024\/10\/ACN-20220420-127344-300x200.jpg 300w, https:\/\/media.acninternational.org\/wp-content\/uploads\/2024\/10\/ACN-20220420-127344-768x512.jpg 768w, https:\/\/media.acninternational.org\/wp-content\/uploads\/2024\/10\/ACN-20220420-127344.jpg 1080w\" sizes=\"auto, (max-width: 800px) 100vw, 800px\" \/><figcaption id=\"caption-attachment-230799\" class=\"wp-caption-text\">Dans le foyer pour sans-abri des Fr\u00e8res Albertins \u00e0 Lviv, les personnes dans le besoin re\u00e7oivent des repas chauds.<\/figcaption><\/figure>\n<p>D\u00e8s le d\u00e9but de la guerre, ACN a soutenu les pr\u00eatres dans leur mission pastorale aupr\u00e8s des fid\u00e8les dans des circonstances extr\u00eamement difficiles. Depuis le d\u00e9but de l&rsquo;ann\u00e9e 2023, ACN a allou\u00e9 plus de 12 millions d&rsquo;euros \u00e0 des projets en Ukraine. En outre, plus de deux millions d\u2019euros ont \u00e9t\u00e9 transmis aux pr\u00eatres sous forme d\u2019offrandes de messe, incluant plus de 125 000 euros sp\u00e9cifiquement pour le dioc\u00e8se latin de Kyiv-Zhytomyr.<\/p>\n<p>&nbsp;<\/p>\n","protected":false},"excerpt":{"rendered":"<p>Mgr Vitaly Krivitskiy, \u00e9v\u00eaque catholique latin du dioc\u00e8se de Kyiv-Zhytomyr, vit en temps de guerre depuis plus de deux ans.<\/p>\n","protected":false},"author":4258341446,"featured_media":230782,"comment_status":"closed","ping_status":"closed","sticky":false,"template":"","format":"standard","meta":{"_acf_changed":false,"_acn_coauthor_ids":[],"footnotes":""},"categories":[1276],"tags":[],"country":[156],"class_list":["post-230809","post","type-post","status-publish","format-standard","has-post-thumbnail","hentry","category-featured-fr","country-ukraine"],"acn_coauthors":[],"acf":[],"yoast_head":"<!-- This site is optimized with the Yoast SEO Premium plugin v27.3 (Yoast SEO v27.3) - https:\/\/yoast.com\/product\/yoast-seo-premium-wordpress\/ -->\n<title>Ukraine : Mener le combat sur le front spirituel | ACN International<\/title>\n<meta name=\"robots\" content=\"index, follow, max-snippet:-1, max-image-preview:large, max-video-preview:-1\" \/>\n<link rel=\"canonical\" href=\"https:\/\/acninternational.org\/fr\/ukraine-mener-le-combat-sur-le-front-spirituel\/\" \/>\n<meta property=\"og:locale\" content=\"fr_FR\" \/>\n<meta property=\"og:type\" content=\"article\" \/>\n<meta property=\"og:title\" content=\"Ukraine : Mener le combat sur le front spirituel\" \/>\n<meta property=\"og:description\" content=\"Mgr Vitaly Krivitskiy, \u00e9v\u00eaque catholique latin du dioc\u00e8se de Kyiv-Zhytomyr, vit en temps de guerre depuis plus de deux ans.\" \/>\n<meta property=\"og:url\" content=\"https:\/\/acninternational.org\/fr\/ukraine-mener-le-combat-sur-le-front-spirituel\/\" \/>\n<meta property=\"og:site_name\" content=\"ACN International\" \/>\n<meta property=\"article:publisher\" content=\"https:\/\/www.facebook.com\/acninternationalorg\" \/>\n<meta property=\"article:published_time\" content=\"2024-10-21T14:55:29+00:00\" \/>\n<meta property=\"article:modified_time\" content=\"2025-08-12T08:29:01+00:00\" \/>\n<meta property=\"og:image\" content=\"https:\/\/media.acninternational.org\/wp-content\/uploads\/2024\/10\/ACN-20230601-147477.jpg\" \/>\n\t<meta property=\"og:image:width\" content=\"1920\" \/>\n\t<meta property=\"og:image:height\" content=\"700\" \/>\n\t<meta property=\"og:image:type\" content=\"image\/jpeg\" \/>\n<meta name=\"author\" content=\"Sylvain Dorient\" \/>\n<meta name=\"twitter:card\" content=\"summary_large_image\" \/>\n<meta name=\"twitter:creator\" content=\"@acn_int\" \/>\n<meta name=\"twitter:site\" content=\"@acn_int\" \/>\n<meta name=\"twitter:label1\" content=\"\u00c9crit par\" \/>\n\t<meta name=\"twitter:data1\" content=\"Sylvain Dorient\" \/>\n\t<meta name=\"twitter:label2\" content=\"Dur\u00e9e de lecture estim\u00e9e\" \/>\n\t<meta name=\"twitter:data2\" content=\"4 minutes\" \/>\n<script type=\"application\/ld+json\" class=\"yoast-schema-graph\">{\"@context\":\"https:\\\/\\\/schema.org\",\"@graph\":[{\"@type\":\"Article\",\"@id\":\"https:\\\/\\\/acninternational.org\\\/fr\\\/ukraine-mener-le-combat-sur-le-front-spirituel\\\/#article\",\"isPartOf\":{\"@id\":\"https:\\\/\\\/acninternational.org\\\/fr\\\/ukraine-mener-le-combat-sur-le-front-spirituel\\\/\"},\"author\":{\"name\":\"Sylvain Dorient\",\"@id\":\"https:\\\/\\\/acninternational.org\\\/fr\\\/#\\\/schema\\\/person\\\/cfb0f1aeb6913a638d85ae3d85a3bd65\"},\"headline\":\"Ukraine : Mener le combat sur le front spirituel\",\"datePublished\":\"2024-10-21T14:55:29+00:00\",\"dateModified\":\"2025-08-12T08:29:01+00:00\",\"mainEntityOfPage\":{\"@id\":\"https:\\\/\\\/acninternational.org\\\/fr\\\/ukraine-mener-le-combat-sur-le-front-spirituel\\\/\"},\"wordCount\":853,\"publisher\":{\"@id\":\"https:\\\/\\\/acninternational.org\\\/fr\\\/#organization\"},\"image\":{\"@id\":\"https:\\\/\\\/acninternational.org\\\/fr\\\/ukraine-mener-le-combat-sur-le-front-spirituel\\\/#primaryimage\"},\"thumbnailUrl\":\"https:\\\/\\\/media.acninternational.org\\\/wp-content\\\/uploads\\\/2024\\\/10\\\/ACN-20230601-147477.jpg\",\"articleSection\":[\"FEATURED\"],\"inLanguage\":\"fr-FR\"},{\"@type\":\"WebPage\",\"@id\":\"https:\\\/\\\/acninternational.org\\\/fr\\\/ukraine-mener-le-combat-sur-le-front-spirituel\\\/\",\"url\":\"https:\\\/\\\/acninternational.org\\\/fr\\\/ukraine-mener-le-combat-sur-le-front-spirituel\\\/\",\"name\":\"Ukraine : Mener le combat sur le front spirituel | ACN International\",\"isPartOf\":{\"@id\":\"https:\\\/\\\/acninternational.org\\\/fr\\\/#website\"},\"primaryImageOfPage\":{\"@id\":\"https:\\\/\\\/acninternational.org\\\/fr\\\/ukraine-mener-le-combat-sur-le-front-spirituel\\\/#primaryimage\"},\"image\":{\"@id\":\"https:\\\/\\\/acninternational.org\\\/fr\\\/ukraine-mener-le-combat-sur-le-front-spirituel\\\/#primaryimage\"},\"thumbnailUrl\":\"https:\\\/\\\/media.acninternational.org\\\/wp-content\\\/uploads\\\/2024\\\/10\\\/ACN-20230601-147477.jpg\",\"datePublished\":\"2024-10-21T14:55:29+00:00\",\"dateModified\":\"2025-08-12T08:29:01+00:00\",\"breadcrumb\":{\"@id\":\"https:\\\/\\\/acninternational.org\\\/fr\\\/ukraine-mener-le-combat-sur-le-front-spirituel\\\/#breadcrumb\"},\"inLanguage\":\"fr-FR\",\"potentialAction\":[{\"@type\":\"ReadAction\",\"target\":[\"https:\\\/\\\/acninternational.org\\\/fr\\\/ukraine-mener-le-combat-sur-le-front-spirituel\\\/\"]}]},{\"@type\":\"ImageObject\",\"inLanguage\":\"fr-FR\",\"@id\":\"https:\\\/\\\/acninternational.org\\\/fr\\\/ukraine-mener-le-combat-sur-le-front-spirituel\\\/#primaryimage\",\"url\":\"https:\\\/\\\/media.acninternational.org\\\/wp-content\\\/uploads\\\/2024\\\/10\\\/ACN-20230601-147477.jpg\",\"contentUrl\":\"https:\\\/\\\/media.acninternational.org\\\/wp-content\\\/uploads\\\/2024\\\/10\\\/ACN-20230601-147477.jpg\",\"width\":1920,\"height\":700},{\"@type\":\"BreadcrumbList\",\"@id\":\"https:\\\/\\\/acninternational.org\\\/fr\\\/ukraine-mener-le-combat-sur-le-front-spirituel\\\/#breadcrumb\",\"itemListElement\":[{\"@type\":\"ListItem\",\"position\":1,\"name\":\"Home\",\"item\":\"https:\\\/\\\/acninternational.org\\\/fr\\\/\"},{\"@type\":\"ListItem\",\"position\":2,\"name\":\"FEATURED\",\"item\":\"https:\\\/\\\/acninternational.org\\\/fr\\\/category\\\/featured-fr\\\/\"},{\"@type\":\"ListItem\",\"position\":3,\"name\":\"Ukraine : Mener le combat sur le front spirituel\"}]},{\"@type\":\"WebSite\",\"@id\":\"https:\\\/\\\/acninternational.org\\\/fr\\\/#website\",\"url\":\"https:\\\/\\\/acninternational.org\\\/fr\\\/\",\"name\":\"ACN International\",\"description\":\"\",\"publisher\":{\"@id\":\"https:\\\/\\\/acninternational.org\\\/fr\\\/#organization\"},\"potentialAction\":[{\"@type\":\"SearchAction\",\"target\":{\"@type\":\"EntryPoint\",\"urlTemplate\":\"https:\\\/\\\/acninternational.org\\\/fr\\\/?s={search_term_string}\"},\"query-input\":{\"@type\":\"PropertyValueSpecification\",\"valueRequired\":true,\"valueName\":\"search_term_string\"}}],\"inLanguage\":\"fr-FR\"},{\"@type\":\"Organization\",\"@id\":\"https:\\\/\\\/acninternational.org\\\/fr\\\/#organization\",\"name\":\"Aid to the Church in Need International\",\"url\":\"https:\\\/\\\/acninternational.org\\\/fr\\\/\",\"logo\":{\"@type\":\"ImageObject\",\"inLanguage\":\"fr-FR\",\"@id\":\"https:\\\/\\\/acninternational.org\\\/fr\\\/#\\\/schema\\\/logo\\\/image\\\/\",\"url\":\"https:\\\/\\\/media.acninternational.org\\\/wp-content\\\/uploads\\\/2019\\\/11\\\/acn_logo_blackvector.svg\",\"contentUrl\":\"https:\\\/\\\/media.acninternational.org\\\/wp-content\\\/uploads\\\/2019\\\/11\\\/acn_logo_blackvector.svg\",\"width\":232.6,\"height\":78,\"caption\":\"Aid to the Church in Need International\"},\"image\":{\"@id\":\"https:\\\/\\\/acninternational.org\\\/fr\\\/#\\\/schema\\\/logo\\\/image\\\/\"},\"sameAs\":[\"https:\\\/\\\/www.facebook.com\\\/acninternationalorg\",\"https:\\\/\\\/x.com\\\/acn_int\",\"https:\\\/\\\/www.youtube.com\\\/channel\\\/UCQ-077gS0TnVzkhHmf1opZw\",\"https:\\\/\\\/www.instagram.com\\\/acn_international\\\/\"]},{\"@type\":\"Person\",\"@id\":\"https:\\\/\\\/acninternational.org\\\/fr\\\/#\\\/schema\\\/person\\\/cfb0f1aeb6913a638d85ae3d85a3bd65\",\"name\":\"Sylvain Dorient\",\"description\":\"Lorem ipsum dolor sit amet, consectetur adipiscing elit, sed do eiusmod tempor incididunt ut labore et dolore magna aliqua. Ut enim ad minim veniam, quis nostrud exercitation ullamco laboris nisi ut aliquip ex ea commodo consequat.\",\"url\":\"https:\\\/\\\/acninternational.org\\\/fr\\\/author\\\/sylvain-dorient\\\/\"}]}<\/script>\n<!-- \/ Yoast SEO Premium plugin. -->","yoast_head_json":{"title":"Ukraine : Mener le combat sur le front spirituel | ACN International","robots":{"index":"index","follow":"follow","max-snippet":"max-snippet:-1","max-image-preview":"max-image-preview:large","max-video-preview":"max-video-preview:-1"},"canonical":"https:\/\/acninternational.org\/fr\/ukraine-mener-le-combat-sur-le-front-spirituel\/","og_locale":"fr_FR","og_type":"article","og_title":"Ukraine : Mener le combat sur le front spirituel","og_description":"Mgr Vitaly Krivitskiy, \u00e9v\u00eaque catholique latin du dioc\u00e8se de Kyiv-Zhytomyr, vit en temps de guerre depuis plus de deux ans.","og_url":"https:\/\/acninternational.org\/fr\/ukraine-mener-le-combat-sur-le-front-spirituel\/","og_site_name":"ACN International","article_publisher":"https:\/\/www.facebook.com\/acninternationalorg","article_published_time":"2024-10-21T14:55:29+00:00","article_modified_time":"2025-08-12T08:29:01+00:00","og_image":[{"width":1920,"height":700,"url":"https:\/\/media.acninternational.org\/wp-content\/uploads\/2024\/10\/ACN-20230601-147477.jpg","type":"image\/jpeg"}],"author":"Sylvain Dorient","twitter_card":"summary_large_image","twitter_creator":"@acn_int","twitter_site":"@acn_int","twitter_misc":{"\u00c9crit par":"Sylvain Dorient","Dur\u00e9e de lecture estim\u00e9e":"4 minutes"},"schema":{"@context":"https:\/\/schema.org","@graph":[{"@type":"Article","@id":"https:\/\/acninternational.org\/fr\/ukraine-mener-le-combat-sur-le-front-spirituel\/#article","isPartOf":{"@id":"https:\/\/acninternational.org\/fr\/ukraine-mener-le-combat-sur-le-front-spirituel\/"},"author":{"name":"Sylvain Dorient","@id":"https:\/\/acninternational.org\/fr\/#\/schema\/person\/cfb0f1aeb6913a638d85ae3d85a3bd65"},"headline":"Ukraine : Mener le combat sur le front spirituel","datePublished":"2024-10-21T14:55:29+00:00","dateModified":"2025-08-12T08:29:01+00:00","mainEntityOfPage":{"@id":"https:\/\/acninternational.org\/fr\/ukraine-mener-le-combat-sur-le-front-spirituel\/"},"wordCount":853,"publisher":{"@id":"https:\/\/acninternational.org\/fr\/#organization"},"image":{"@id":"https:\/\/acninternational.org\/fr\/ukraine-mener-le-combat-sur-le-front-spirituel\/#primaryimage"},"thumbnailUrl":"https:\/\/media.acninternational.org\/wp-content\/uploads\/2024\/10\/ACN-20230601-147477.jpg","articleSection":["FEATURED"],"inLanguage":"fr-FR"},{"@type":"WebPage","@id":"https:\/\/acninternational.org\/fr\/ukraine-mener-le-combat-sur-le-front-spirituel\/","url":"https:\/\/acninternational.org\/fr\/ukraine-mener-le-combat-sur-le-front-spirituel\/","name":"Ukraine : Mener le combat sur le front spirituel | ACN International","isPartOf":{"@id":"https:\/\/acninternational.org\/fr\/#website"},"primaryImageOfPage":{"@id":"https:\/\/acninternational.org\/fr\/ukraine-mener-le-combat-sur-le-front-spirituel\/#primaryimage"},"image":{"@id":"https:\/\/acninternational.org\/fr\/ukraine-mener-le-combat-sur-le-front-spirituel\/#primaryimage"},"thumbnailUrl":"https:\/\/media.acninternational.org\/wp-content\/uploads\/2024\/10\/ACN-20230601-147477.jpg","datePublished":"2024-10-21T14:55:29+00:00","dateModified":"2025-08-12T08:29:01+00:00","breadcrumb":{"@id":"https:\/\/acninternational.org\/fr\/ukraine-mener-le-combat-sur-le-front-spirituel\/#breadcrumb"},"inLanguage":"fr-FR","potentialAction":[{"@type":"ReadAction","target":["https:\/\/acninternational.org\/fr\/ukraine-mener-le-combat-sur-le-front-spirituel\/"]}]},{"@type":"ImageObject","inLanguage":"fr-FR","@id":"https:\/\/acninternational.org\/fr\/ukraine-mener-le-combat-sur-le-front-spirituel\/#primaryimage","url":"https:\/\/media.acninternational.org\/wp-content\/uploads\/2024\/10\/ACN-20230601-147477.jpg","contentUrl":"https:\/\/media.acninternational.org\/wp-content\/uploads\/2024\/10\/ACN-20230601-147477.jpg","width":1920,"height":700},{"@type":"BreadcrumbList","@id":"https:\/\/acninternational.org\/fr\/ukraine-mener-le-combat-sur-le-front-spirituel\/#breadcrumb","itemListElement":[{"@type":"ListItem","position":1,"name":"Home","item":"https:\/\/acninternational.org\/fr\/"},{"@type":"ListItem","position":2,"name":"FEATURED","item":"https:\/\/acninternational.org\/fr\/category\/featured-fr\/"},{"@type":"ListItem","position":3,"name":"Ukraine : Mener le combat sur le front spirituel"}]},{"@type":"WebSite","@id":"https:\/\/acninternational.org\/fr\/#website","url":"https:\/\/acninternational.org\/fr\/","name":"ACN International","description":"","publisher":{"@id":"https:\/\/acninternational.org\/fr\/#organization"},"potentialAction":[{"@type":"SearchAction","target":{"@type":"EntryPoint","urlTemplate":"https:\/\/acninternational.org\/fr\/?s={search_term_string}"},"query-input":{"@type":"PropertyValueSpecification","valueRequired":true,"valueName":"search_term_string"}}],"inLanguage":"fr-FR"},{"@type":"Organization","@id":"https:\/\/acninternational.org\/fr\/#organization","name":"Aid to the Church in Need International","url":"https:\/\/acninternational.org\/fr\/","logo":{"@type":"ImageObject","inLanguage":"fr-FR","@id":"https:\/\/acninternational.org\/fr\/#\/schema\/logo\/image\/","url":"https:\/\/media.acninternational.org\/wp-content\/uploads\/2019\/11\/acn_logo_blackvector.svg","contentUrl":"https:\/\/media.acninternational.org\/wp-content\/uploads\/2019\/11\/acn_logo_blackvector.svg","width":232.6,"height":78,"caption":"Aid to the Church in Need International"},"image":{"@id":"https:\/\/acninternational.org\/fr\/#\/schema\/logo\/image\/"},"sameAs":["https:\/\/www.facebook.com\/acninternationalorg","https:\/\/x.com\/acn_int","https:\/\/www.youtube.com\/channel\/UCQ-077gS0TnVzkhHmf1opZw","https:\/\/www.instagram.com\/acn_international\/"]},{"@type":"Person","@id":"https:\/\/acninternational.org\/fr\/#\/schema\/person\/cfb0f1aeb6913a638d85ae3d85a3bd65","name":"Sylvain Dorient","description":"Lorem ipsum dolor sit amet, consectetur adipiscing elit, sed do eiusmod tempor incididunt ut labore et dolore magna aliqua. Ut enim ad minim veniam, quis nostrud exercitation ullamco laboris nisi ut aliquip ex ea commodo consequat.","url":"https:\/\/acninternational.org\/fr\/author\/sylvain-dorient\/"}]}},"_links":{"self":[{"href":"https:\/\/acninternational.org\/fr\/wp-json\/wp\/v2\/posts\/230809","targetHints":{"allow":["GET"]}}],"collection":[{"href":"https:\/\/acninternational.org\/fr\/wp-json\/wp\/v2\/posts"}],"about":[{"href":"https:\/\/acninternational.org\/fr\/wp-json\/wp\/v2\/types\/post"}],"author":[{"embeddable":true,"href":"https:\/\/acninternational.org\/fr\/wp-json\/wp\/v2\/users\/4258341446"}],"replies":[{"embeddable":true,"href":"https:\/\/acninternational.org\/fr\/wp-json\/wp\/v2\/comments?post=230809"}],"version-history":[{"count":1,"href":"https:\/\/acninternational.org\/fr\/wp-json\/wp\/v2\/posts\/230809\/revisions"}],"predecessor-version":[{"id":245394,"href":"https:\/\/acninternational.org\/fr\/wp-json\/wp\/v2\/posts\/230809\/revisions\/245394"}],"wp:featuredmedia":[{"embeddable":true,"href":"https:\/\/acninternational.org\/fr\/wp-json\/wp\/v2\/media\/230782"}],"wp:attachment":[{"href":"https:\/\/acninternational.org\/fr\/wp-json\/wp\/v2\/media?parent=230809"}],"wp:term":[{"taxonomy":"category","embeddable":true,"href":"https:\/\/acninternational.org\/fr\/wp-json\/wp\/v2\/categories?post=230809"},{"taxonomy":"post_tag","embeddable":true,"href":"https:\/\/acninternational.org\/fr\/wp-json\/wp\/v2\/tags?post=230809"},{"taxonomy":"country","embeddable":true,"href":"https:\/\/acninternational.org\/fr\/wp-json\/wp\/v2\/country?post=230809"}],"curies":[{"name":"wp","href":"https:\/\/api.w.org\/{rel}","templated":true}]}}