{"id":229157,"date":"2024-10-10T14:38:46","date_gmt":"2024-10-10T12:38:46","guid":{"rendered":"https:\/\/acninternational.org\/?p=229157"},"modified":"2025-08-12T10:29:20","modified_gmt":"2025-08-12T08:29:20","slug":"un-eveque-mozambicain-evoque-sept-annees-de-mort-et-de-souffrance-a-cabo-delgado","status":"publish","type":"post","link":"https:\/\/acninternational.org\/fr\/un-eveque-mozambicain-evoque-sept-annees-de-mort-et-de-souffrance-a-cabo-delgado\/","title":{"rendered":"Un \u00e9v\u00eaque mozambicain \u00e9voque \u00ab sept ann\u00e9es de mort et de souffrance \u00bb \u00e0 Cabo Delgado"},"content":{"rendered":"<p><em>Mgr Antonio Juliasse d\u00e9clare que ACN continue d\u2019\u00eatre une \u00ab\u00a0main amicale\u00a0\u00bb qui est rest\u00e9e aux c\u00f4t\u00e9s de l\u2019\u00c9glise locale depuis le d\u00e9but d\u2019un conflit qui a d\u00e9j\u00e0 tu\u00e9 plus de 5.000 personnes et en a d\u00e9plac\u00e9 plus d\u2019un million d\u2019autres.<\/em><\/p>\n<p>L\u2019\u00e9v\u00eaque de Pemba, au Mozambique, a rappel\u00e9 le septi\u00e8me anniversaire du d\u00e9but de l\u2019insurrection islamiste qui a d\u00e9vast\u00e9 la province de Cabo Delgado, dans ce pays africain.<\/p>\n<figure id=\"attachment_229142\" aria-describedby=\"caption-attachment-229142\" style=\"width: 720px\" class=\"wp-caption aligncenter\"><img loading=\"lazy\" decoding=\"async\" class=\"wp-image-229142 size-full\" src=\"https:\/\/media.acninternational.org\/wp-content\/uploads\/2024\/10\/ACN-20240829-170907.jpg\" alt=\"Mgr Ant\u00f3nio Juliasse Ferreira Sandramo en visite dans les communaut\u00e9s\" width=\"720\" height=\"960\" srcset=\"https:\/\/media.acninternational.org\/wp-content\/uploads\/2024\/10\/ACN-20240829-170907.jpg 720w, https:\/\/media.acninternational.org\/wp-content\/uploads\/2024\/10\/ACN-20240829-170907-225x300.jpg 225w\" sizes=\"auto, (max-width: 720px) 100vw, 720px\" \/><figcaption id=\"caption-attachment-229142\" class=\"wp-caption-text\">Mgr Ant\u00f3nio Juliasse Ferreira Sandramo en visite dans les communaut\u00e9s<\/figcaption><\/figure>\n<p>\u00c0 l\u2019occasion d\u2019une visite au Portugal, lors de son voyage de retour au Mozambique apr\u00e8s avoir visit\u00e9 Rome avec d\u2019autres pr\u00e9lats mozambicains, Mgr Ant\u00f3nio Juliasse a d\u00e9clar\u00e9 \u00e0 Aid to the Church in Need (ACN) qu&rsquo;ils ont endur\u00e9 \u00ab\u00a0sept ann\u00e9es de d\u00e9placement, sept ann\u00e9es de morts, sept ann\u00e9es de vie avec de grandes souffrances\u00a0; sept ann\u00e9es de faim, parce qu\u2019ils ne peuvent pas cultiver leurs terres en raison de l\u2019ins\u00e9curit\u00e9\u00a0; de maladie, en raison de l\u2019absence d\u2019acc\u00e8s aux m\u00e9dicaments, ou \u00e0 cause de la destruction de la clinique la plus proche. Sept ann\u00e9es au cours desquelles les enfants n\u2019ont pas pu \u00e9tudier comme ils le devraient.\u00a0\u00bb<\/p>\n<p>L\u2019insurrection, qui a d\u00e9j\u00e0 fait plus de cinq mille morts et environ un million de d\u00e9plac\u00e9s, a officiellement commenc\u00e9 avec la premi\u00e8re attaque de la ville de Moc\u00edmboa da Praia, le 5 octobre 2017. Ironie du sort, c&rsquo;\u00e9tait le lendemain de la c\u00e9l\u00e9bration mozambicaine de la Journ\u00e9e de la Paix, marquant la fin de la guerre civile le 4\u00a0octobre\u00a01992, \u00e0 la suite d&rsquo;un accord de paix \u00e0 Rome \u2013 une date que l\u2019\u00e9v\u00eaque affirme avoir du mal \u00e0 c\u00e9l\u00e9brer aujourd\u2019hui.<\/p>\n<p>\u00ab Depuis que je suis \u00e0 Pemba, j\u2019ai toujours eu du mal \u00e0 c\u00e9l\u00e9brer le 4 octobre comme la Journ\u00e9e de la paix. La v\u00e9rit\u00e9 est que nous devrions la c\u00e9l\u00e9brer comme la \u2018Journ\u00e9e des Accords de paix de Rome\u2019, car \u00e0 Cabo Delgado, la paix n\u2019existe pas. Et il m\u2019est difficile d\u2019\u00e9couter des discours dans lesquels des gens disent que nous avons la paix, alors qu\u2019il n\u2019y a pas de paix \u00e0 Cabo Delgado, et que Cabo Delgado fait partie du Mozambique, donc il n\u2019y a pas de paix au Mozambique. Quand j\u2019entends de tels discours, j\u2019y ressens toujours un certain manque de solidarit\u00e9 avec les habitants de Cabo Delgado, comme si c\u2019\u00e9tait leur probl\u00e8me, et non le probl\u00e8me du pays.\u00a0\u00bb<\/p>\n<figure id=\"attachment_229148\" aria-describedby=\"caption-attachment-229148\" style=\"width: 800px\" class=\"wp-caption aligncenter\"><img loading=\"lazy\" decoding=\"async\" class=\"wp-image-229148 size-large\" src=\"https:\/\/media.acninternational.org\/wp-content\/uploads\/2024\/10\/ACN-20230921-153498-1024x681.jpg\" alt=\"Les habitants du dioc\u00e8se de Pemba, Cabo Delgado\" width=\"800\" height=\"532\" srcset=\"https:\/\/media.acninternational.org\/wp-content\/uploads\/2024\/10\/ACN-20230921-153498-1024x681.jpg 1024w, https:\/\/media.acninternational.org\/wp-content\/uploads\/2024\/10\/ACN-20230921-153498-300x199.jpg 300w, https:\/\/media.acninternational.org\/wp-content\/uploads\/2024\/10\/ACN-20230921-153498-768x511.jpg 768w, https:\/\/media.acninternational.org\/wp-content\/uploads\/2024\/10\/ACN-20230921-153498.jpg 1080w\" sizes=\"auto, (max-width: 800px) 100vw, 800px\" \/><figcaption id=\"caption-attachment-229148\" class=\"wp-caption-text\">Les habitants du dioc\u00e8se de Pemba, Cabo Delgado<\/figcaption><\/figure>\n<p>\u00ab\u00a0Cependant, il y a eu une prise de conscience croissante de la part de personnes de bonne volont\u00e9, de personnes sages dans notre pays, de personnes qui pensent, qui s\u2019expriment, qui plaident pour la fin de la guerre et pour une v\u00e9ritable paix pour tous les Mozambicains\u00a0\u00bb, a d\u00e9clar\u00e9 l\u2019\u00e9v\u00eaque.<\/p>\n<p>Bien que le Mozambique soit majoritairement chr\u00e9tien, le nord du pays, o\u00f9 l\u2019insurrection a commenc\u00e9, est majoritairement musulman. Au d\u00e9but, les islamistes se sont surtout concentr\u00e9s sur l&rsquo;attaque des institutions gouvernementales et \u00e0 r\u00e9pandre la terreur sans distinction, mais au cours des derni\u00e8res ann\u00e9es, des attaques cibl\u00e9es ont \u00e9t\u00e9 perp\u00e9tr\u00e9es contre des chr\u00e9tiens \u00e0 Cabo Delgado.<\/p>\n<p>Aid to the Church in Need continue d\u2019aider le dioc\u00e8se de Pemba \u00e0 faire face aux cons\u00e9quences de cette insurrection et \u00e0 sensibiliser les gens \u00e0 la n\u00e9cessit\u00e9 de lutter contre la violence qui bouleverse la vie \u00e0 Cabo Delgado et dans les r\u00e9gions voisines depuis si longtemps.<\/p>\n<p>Mgr Ant\u00f3nio Juliasse n\u2019a pas manqu\u00e9 de reconna\u00eetre ce soutien. \u00ab L\u2019\u00c9glise continue de faire ce qui est dans sa nature, \u00e0 savoir \u00eatre aux c\u00f4t\u00e9s des gens, aider ceux que nous pouvons aider, et offrir l\u2019aide que nous recevons. R\u00e9cemment, cette aide a diminu\u00e9, mais il y a toujours une main amicale, et pour nous, \u00e0 Cabo Delgado, il s\u2019agit principalement de Aid to the Church in Need, qui est toujours venue \u00e0 notre aide dans les moments les plus critiques, et qui est toujours pr\u00eate \u00e0 nous aider \u00e0 sauver la vie de nos fr\u00e8res et s\u0153urs\u00a0\u00bb, a-t-il d\u00e9clar\u00e9 \u00e0 ACN.<\/p>\n<p>&nbsp;<\/p>\n","protected":false},"excerpt":{"rendered":"<p>L&rsquo;insurrection au Mozambique, qui a d\u00e9but\u00e9 le 5 octobre 2017, a caus\u00e9 plus de 5 000 morts et d\u00e9plac\u00e9 1 million de personnes, \u00e9clipsant la Journ\u00e9e de la paix.<\/p>\n","protected":false},"author":4258341382,"featured_media":229137,"comment_status":"closed","ping_status":"closed","sticky":false,"template":"","format":"standard","meta":{"_acf_changed":false,"_acn_coauthor_ids":[],"footnotes":""},"categories":[575,919],"tags":[],"country":[348],"class_list":["post-229157","post","type-post","status-publish","format-standard","has-post-thumbnail","hentry","category-news","category-nouvelle","country-mozambique"],"acn_coauthors":[],"acf":[],"yoast_head":"<!-- This site is optimized with the Yoast SEO Premium plugin v27.3 (Yoast SEO v27.3) - https:\/\/yoast.com\/product\/yoast-seo-premium-wordpress\/ -->\n<title>Un \u00e9v\u00eaque mozambicain \u00e9voque \u00ab sept ann\u00e9es de mort et de souffrance \u00bb \u00e0 Cabo Delgado | ACN International<\/title>\n<meta name=\"description\" content=\"L&#039;insurrection au Mozambique, qui a d\u00e9but\u00e9 le 5 octobre 2017, a caus\u00e9 plus de 5 000 morts et d\u00e9plac\u00e9 1 million de personnes, \u00e9clipsant la Journ\u00e9e de la paix.\" \/>\n<meta name=\"robots\" content=\"index, follow, max-snippet:-1, max-image-preview:large, max-video-preview:-1\" \/>\n<link rel=\"canonical\" href=\"https:\/\/acninternational.org\/fr\/un-eveque-mozambicain-evoque-sept-annees-de-mort-et-de-souffrance-a-cabo-delgado\/\" \/>\n<meta property=\"og:locale\" content=\"fr_FR\" \/>\n<meta property=\"og:type\" content=\"article\" \/>\n<meta property=\"og:title\" content=\"Un \u00e9v\u00eaque mozambicain \u00e9voque \u00ab sept ann\u00e9es de mort et de souffrance \u00bb \u00e0 Cabo Delgado\" \/>\n<meta property=\"og:description\" content=\"L&#039;insurrection au Mozambique, qui a d\u00e9but\u00e9 le 5 octobre 2017, a caus\u00e9 plus de 5 000 morts et d\u00e9plac\u00e9 1 million de personnes, \u00e9clipsant la Journ\u00e9e de la paix.\" \/>\n<meta property=\"og:url\" content=\"https:\/\/acninternational.org\/fr\/un-eveque-mozambicain-evoque-sept-annees-de-mort-et-de-souffrance-a-cabo-delgado\/\" \/>\n<meta property=\"og:site_name\" content=\"ACN International\" \/>\n<meta property=\"article:publisher\" content=\"https:\/\/www.facebook.com\/acninternationalorg\" \/>\n<meta property=\"article:published_time\" content=\"2024-10-10T12:38:46+00:00\" \/>\n<meta property=\"article:modified_time\" content=\"2025-08-12T08:29:20+00:00\" \/>\n<meta property=\"og:image\" content=\"https:\/\/media.acninternational.org\/wp-content\/uploads\/2024\/10\/ACN-20211216-121578.jpg\" \/>\n\t<meta property=\"og:image:width\" content=\"1920\" \/>\n\t<meta property=\"og:image:height\" content=\"700\" \/>\n\t<meta property=\"og:image:type\" content=\"image\/jpeg\" \/>\n<meta name=\"author\" content=\"Paulo Aido\" \/>\n<meta name=\"twitter:card\" content=\"summary_large_image\" \/>\n<meta name=\"twitter:creator\" content=\"@acn_int\" \/>\n<meta name=\"twitter:site\" content=\"@acn_int\" \/>\n<meta name=\"twitter:label1\" content=\"\u00c9crit par\" \/>\n\t<meta name=\"twitter:data1\" content=\"Paulo Aido\" \/>\n\t<meta name=\"twitter:label2\" content=\"Dur\u00e9e de lecture estim\u00e9e\" \/>\n\t<meta name=\"twitter:data2\" content=\"4 minutes\" \/>\n<script type=\"application\/ld+json\" class=\"yoast-schema-graph\">{\"@context\":\"https:\\\/\\\/schema.org\",\"@graph\":[{\"@type\":\"Article\",\"@id\":\"https:\\\/\\\/acninternational.org\\\/fr\\\/un-eveque-mozambicain-evoque-sept-annees-de-mort-et-de-souffrance-a-cabo-delgado\\\/#article\",\"isPartOf\":{\"@id\":\"https:\\\/\\\/acninternational.org\\\/fr\\\/un-eveque-mozambicain-evoque-sept-annees-de-mort-et-de-souffrance-a-cabo-delgado\\\/\"},\"author\":{\"name\":\"Paulo Aido\",\"@id\":\"https:\\\/\\\/acninternational.org\\\/fr\\\/#\\\/schema\\\/person\\\/74d18921c1d8be9ca663e4035d1fce84\"},\"headline\":\"Un \u00e9v\u00eaque mozambicain \u00e9voque \u00ab sept ann\u00e9es de mort et de souffrance \u00bb \u00e0 Cabo Delgado\",\"datePublished\":\"2024-10-10T12:38:46+00:00\",\"dateModified\":\"2025-08-12T08:29:20+00:00\",\"mainEntityOfPage\":{\"@id\":\"https:\\\/\\\/acninternational.org\\\/fr\\\/un-eveque-mozambicain-evoque-sept-annees-de-mort-et-de-souffrance-a-cabo-delgado\\\/\"},\"wordCount\":764,\"publisher\":{\"@id\":\"https:\\\/\\\/acninternational.org\\\/fr\\\/#organization\"},\"image\":{\"@id\":\"https:\\\/\\\/acninternational.org\\\/fr\\\/un-eveque-mozambicain-evoque-sept-annees-de-mort-et-de-souffrance-a-cabo-delgado\\\/#primaryimage\"},\"thumbnailUrl\":\"https:\\\/\\\/media.acninternational.org\\\/wp-content\\\/uploads\\\/2024\\\/10\\\/ACN-20211216-121578.jpg\",\"articleSection\":[\"News\",\"Nouvelle\"],\"inLanguage\":\"fr-FR\"},{\"@type\":\"WebPage\",\"@id\":\"https:\\\/\\\/acninternational.org\\\/fr\\\/un-eveque-mozambicain-evoque-sept-annees-de-mort-et-de-souffrance-a-cabo-delgado\\\/\",\"url\":\"https:\\\/\\\/acninternational.org\\\/fr\\\/un-eveque-mozambicain-evoque-sept-annees-de-mort-et-de-souffrance-a-cabo-delgado\\\/\",\"name\":\"Un \u00e9v\u00eaque mozambicain \u00e9voque \u00ab sept ann\u00e9es de mort et de souffrance \u00bb \u00e0 Cabo Delgado | ACN International\",\"isPartOf\":{\"@id\":\"https:\\\/\\\/acninternational.org\\\/fr\\\/#website\"},\"primaryImageOfPage\":{\"@id\":\"https:\\\/\\\/acninternational.org\\\/fr\\\/un-eveque-mozambicain-evoque-sept-annees-de-mort-et-de-souffrance-a-cabo-delgado\\\/#primaryimage\"},\"image\":{\"@id\":\"https:\\\/\\\/acninternational.org\\\/fr\\\/un-eveque-mozambicain-evoque-sept-annees-de-mort-et-de-souffrance-a-cabo-delgado\\\/#primaryimage\"},\"thumbnailUrl\":\"https:\\\/\\\/media.acninternational.org\\\/wp-content\\\/uploads\\\/2024\\\/10\\\/ACN-20211216-121578.jpg\",\"datePublished\":\"2024-10-10T12:38:46+00:00\",\"dateModified\":\"2025-08-12T08:29:20+00:00\",\"description\":\"L'insurrection au Mozambique, qui a d\u00e9but\u00e9 le 5 octobre 2017, a caus\u00e9 plus de 5 000 morts et d\u00e9plac\u00e9 1 million de personnes, \u00e9clipsant la Journ\u00e9e de la paix.\",\"breadcrumb\":{\"@id\":\"https:\\\/\\\/acninternational.org\\\/fr\\\/un-eveque-mozambicain-evoque-sept-annees-de-mort-et-de-souffrance-a-cabo-delgado\\\/#breadcrumb\"},\"inLanguage\":\"fr-FR\",\"potentialAction\":[{\"@type\":\"ReadAction\",\"target\":[\"https:\\\/\\\/acninternational.org\\\/fr\\\/un-eveque-mozambicain-evoque-sept-annees-de-mort-et-de-souffrance-a-cabo-delgado\\\/\"]}]},{\"@type\":\"ImageObject\",\"inLanguage\":\"fr-FR\",\"@id\":\"https:\\\/\\\/acninternational.org\\\/fr\\\/un-eveque-mozambicain-evoque-sept-annees-de-mort-et-de-souffrance-a-cabo-delgado\\\/#primaryimage\",\"url\":\"https:\\\/\\\/media.acninternational.org\\\/wp-content\\\/uploads\\\/2024\\\/10\\\/ACN-20211216-121578.jpg\",\"contentUrl\":\"https:\\\/\\\/media.acninternational.org\\\/wp-content\\\/uploads\\\/2024\\\/10\\\/ACN-20211216-121578.jpg\",\"width\":1920,\"height\":700},{\"@type\":\"BreadcrumbList\",\"@id\":\"https:\\\/\\\/acninternational.org\\\/fr\\\/un-eveque-mozambicain-evoque-sept-annees-de-mort-et-de-souffrance-a-cabo-delgado\\\/#breadcrumb\",\"itemListElement\":[{\"@type\":\"ListItem\",\"position\":1,\"name\":\"Home\",\"item\":\"https:\\\/\\\/acninternational.org\\\/fr\\\/\"},{\"@type\":\"ListItem\",\"position\":2,\"name\":\"Nouvelles\",\"item\":\"https:\\\/\\\/acninternational.org\\\/fr\\\/category\\\/news-fr\\\/\"},{\"@type\":\"ListItem\",\"position\":3,\"name\":\"Un \u00e9v\u00eaque mozambicain \u00e9voque \u00ab sept ann\u00e9es de mort et de souffrance \u00bb \u00e0 Cabo Delgado\"}]},{\"@type\":\"WebSite\",\"@id\":\"https:\\\/\\\/acninternational.org\\\/fr\\\/#website\",\"url\":\"https:\\\/\\\/acninternational.org\\\/fr\\\/\",\"name\":\"ACN International\",\"description\":\"\",\"publisher\":{\"@id\":\"https:\\\/\\\/acninternational.org\\\/fr\\\/#organization\"},\"potentialAction\":[{\"@type\":\"SearchAction\",\"target\":{\"@type\":\"EntryPoint\",\"urlTemplate\":\"https:\\\/\\\/acninternational.org\\\/fr\\\/?s={search_term_string}\"},\"query-input\":{\"@type\":\"PropertyValueSpecification\",\"valueRequired\":true,\"valueName\":\"search_term_string\"}}],\"inLanguage\":\"fr-FR\"},{\"@type\":\"Organization\",\"@id\":\"https:\\\/\\\/acninternational.org\\\/fr\\\/#organization\",\"name\":\"Aid to the Church in Need International\",\"url\":\"https:\\\/\\\/acninternational.org\\\/fr\\\/\",\"logo\":{\"@type\":\"ImageObject\",\"inLanguage\":\"fr-FR\",\"@id\":\"https:\\\/\\\/acninternational.org\\\/fr\\\/#\\\/schema\\\/logo\\\/image\\\/\",\"url\":\"https:\\\/\\\/media.acninternational.org\\\/wp-content\\\/uploads\\\/2019\\\/11\\\/acn_logo_blackvector.svg\",\"contentUrl\":\"https:\\\/\\\/media.acninternational.org\\\/wp-content\\\/uploads\\\/2019\\\/11\\\/acn_logo_blackvector.svg\",\"width\":232.6,\"height\":78,\"caption\":\"Aid to the Church in Need International\"},\"image\":{\"@id\":\"https:\\\/\\\/acninternational.org\\\/fr\\\/#\\\/schema\\\/logo\\\/image\\\/\"},\"sameAs\":[\"https:\\\/\\\/www.facebook.com\\\/acninternationalorg\",\"https:\\\/\\\/x.com\\\/acn_int\",\"https:\\\/\\\/www.youtube.com\\\/channel\\\/UCQ-077gS0TnVzkhHmf1opZw\",\"https:\\\/\\\/www.instagram.com\\\/acn_international\\\/\"]},{\"@type\":\"Person\",\"@id\":\"https:\\\/\\\/acninternational.org\\\/fr\\\/#\\\/schema\\\/person\\\/74d18921c1d8be9ca663e4035d1fce84\",\"name\":\"Paulo Aido\",\"description\":\"Lorem ipsum dolor sit amet, consectetur adipiscing elit, sed do eiusmod tempor incididunt ut labore et dolore magna aliqua. Ut enim ad minim veniam, quis nostrud exercitation ullamco laboris nisi ut aliquip ex ea commodo consequat.\",\"url\":\"https:\\\/\\\/acninternational.org\\\/fr\\\/author\\\/paulo-aido\\\/\"}]}<\/script>\n<!-- \/ Yoast SEO Premium plugin. -->","yoast_head_json":{"title":"Un \u00e9v\u00eaque mozambicain \u00e9voque \u00ab sept ann\u00e9es de mort et de souffrance \u00bb \u00e0 Cabo Delgado | ACN International","description":"L'insurrection au Mozambique, qui a d\u00e9but\u00e9 le 5 octobre 2017, a caus\u00e9 plus de 5 000 morts et d\u00e9plac\u00e9 1 million de personnes, \u00e9clipsant la Journ\u00e9e de la paix.","robots":{"index":"index","follow":"follow","max-snippet":"max-snippet:-1","max-image-preview":"max-image-preview:large","max-video-preview":"max-video-preview:-1"},"canonical":"https:\/\/acninternational.org\/fr\/un-eveque-mozambicain-evoque-sept-annees-de-mort-et-de-souffrance-a-cabo-delgado\/","og_locale":"fr_FR","og_type":"article","og_title":"Un \u00e9v\u00eaque mozambicain \u00e9voque \u00ab sept ann\u00e9es de mort et de souffrance \u00bb \u00e0 Cabo Delgado","og_description":"L'insurrection au Mozambique, qui a d\u00e9but\u00e9 le 5 octobre 2017, a caus\u00e9 plus de 5 000 morts et d\u00e9plac\u00e9 1 million de personnes, \u00e9clipsant la Journ\u00e9e de la paix.","og_url":"https:\/\/acninternational.org\/fr\/un-eveque-mozambicain-evoque-sept-annees-de-mort-et-de-souffrance-a-cabo-delgado\/","og_site_name":"ACN International","article_publisher":"https:\/\/www.facebook.com\/acninternationalorg","article_published_time":"2024-10-10T12:38:46+00:00","article_modified_time":"2025-08-12T08:29:20+00:00","og_image":[{"width":1920,"height":700,"url":"https:\/\/media.acninternational.org\/wp-content\/uploads\/2024\/10\/ACN-20211216-121578.jpg","type":"image\/jpeg"}],"author":"Paulo Aido","twitter_card":"summary_large_image","twitter_creator":"@acn_int","twitter_site":"@acn_int","twitter_misc":{"\u00c9crit par":"Paulo Aido","Dur\u00e9e de lecture estim\u00e9e":"4 minutes"},"schema":{"@context":"https:\/\/schema.org","@graph":[{"@type":"Article","@id":"https:\/\/acninternational.org\/fr\/un-eveque-mozambicain-evoque-sept-annees-de-mort-et-de-souffrance-a-cabo-delgado\/#article","isPartOf":{"@id":"https:\/\/acninternational.org\/fr\/un-eveque-mozambicain-evoque-sept-annees-de-mort-et-de-souffrance-a-cabo-delgado\/"},"author":{"name":"Paulo Aido","@id":"https:\/\/acninternational.org\/fr\/#\/schema\/person\/74d18921c1d8be9ca663e4035d1fce84"},"headline":"Un \u00e9v\u00eaque mozambicain \u00e9voque \u00ab sept ann\u00e9es de mort et de souffrance \u00bb \u00e0 Cabo Delgado","datePublished":"2024-10-10T12:38:46+00:00","dateModified":"2025-08-12T08:29:20+00:00","mainEntityOfPage":{"@id":"https:\/\/acninternational.org\/fr\/un-eveque-mozambicain-evoque-sept-annees-de-mort-et-de-souffrance-a-cabo-delgado\/"},"wordCount":764,"publisher":{"@id":"https:\/\/acninternational.org\/fr\/#organization"},"image":{"@id":"https:\/\/acninternational.org\/fr\/un-eveque-mozambicain-evoque-sept-annees-de-mort-et-de-souffrance-a-cabo-delgado\/#primaryimage"},"thumbnailUrl":"https:\/\/media.acninternational.org\/wp-content\/uploads\/2024\/10\/ACN-20211216-121578.jpg","articleSection":["News","Nouvelle"],"inLanguage":"fr-FR"},{"@type":"WebPage","@id":"https:\/\/acninternational.org\/fr\/un-eveque-mozambicain-evoque-sept-annees-de-mort-et-de-souffrance-a-cabo-delgado\/","url":"https:\/\/acninternational.org\/fr\/un-eveque-mozambicain-evoque-sept-annees-de-mort-et-de-souffrance-a-cabo-delgado\/","name":"Un \u00e9v\u00eaque mozambicain \u00e9voque \u00ab sept ann\u00e9es de mort et de souffrance \u00bb \u00e0 Cabo Delgado | ACN International","isPartOf":{"@id":"https:\/\/acninternational.org\/fr\/#website"},"primaryImageOfPage":{"@id":"https:\/\/acninternational.org\/fr\/un-eveque-mozambicain-evoque-sept-annees-de-mort-et-de-souffrance-a-cabo-delgado\/#primaryimage"},"image":{"@id":"https:\/\/acninternational.org\/fr\/un-eveque-mozambicain-evoque-sept-annees-de-mort-et-de-souffrance-a-cabo-delgado\/#primaryimage"},"thumbnailUrl":"https:\/\/media.acninternational.org\/wp-content\/uploads\/2024\/10\/ACN-20211216-121578.jpg","datePublished":"2024-10-10T12:38:46+00:00","dateModified":"2025-08-12T08:29:20+00:00","description":"L'insurrection au Mozambique, qui a d\u00e9but\u00e9 le 5 octobre 2017, a caus\u00e9 plus de 5 000 morts et d\u00e9plac\u00e9 1 million de personnes, \u00e9clipsant la Journ\u00e9e de la paix.","breadcrumb":{"@id":"https:\/\/acninternational.org\/fr\/un-eveque-mozambicain-evoque-sept-annees-de-mort-et-de-souffrance-a-cabo-delgado\/#breadcrumb"},"inLanguage":"fr-FR","potentialAction":[{"@type":"ReadAction","target":["https:\/\/acninternational.org\/fr\/un-eveque-mozambicain-evoque-sept-annees-de-mort-et-de-souffrance-a-cabo-delgado\/"]}]},{"@type":"ImageObject","inLanguage":"fr-FR","@id":"https:\/\/acninternational.org\/fr\/un-eveque-mozambicain-evoque-sept-annees-de-mort-et-de-souffrance-a-cabo-delgado\/#primaryimage","url":"https:\/\/media.acninternational.org\/wp-content\/uploads\/2024\/10\/ACN-20211216-121578.jpg","contentUrl":"https:\/\/media.acninternational.org\/wp-content\/uploads\/2024\/10\/ACN-20211216-121578.jpg","width":1920,"height":700},{"@type":"BreadcrumbList","@id":"https:\/\/acninternational.org\/fr\/un-eveque-mozambicain-evoque-sept-annees-de-mort-et-de-souffrance-a-cabo-delgado\/#breadcrumb","itemListElement":[{"@type":"ListItem","position":1,"name":"Home","item":"https:\/\/acninternational.org\/fr\/"},{"@type":"ListItem","position":2,"name":"Nouvelles","item":"https:\/\/acninternational.org\/fr\/category\/news-fr\/"},{"@type":"ListItem","position":3,"name":"Un \u00e9v\u00eaque mozambicain \u00e9voque \u00ab sept ann\u00e9es de mort et de souffrance \u00bb \u00e0 Cabo Delgado"}]},{"@type":"WebSite","@id":"https:\/\/acninternational.org\/fr\/#website","url":"https:\/\/acninternational.org\/fr\/","name":"ACN International","description":"","publisher":{"@id":"https:\/\/acninternational.org\/fr\/#organization"},"potentialAction":[{"@type":"SearchAction","target":{"@type":"EntryPoint","urlTemplate":"https:\/\/acninternational.org\/fr\/?s={search_term_string}"},"query-input":{"@type":"PropertyValueSpecification","valueRequired":true,"valueName":"search_term_string"}}],"inLanguage":"fr-FR"},{"@type":"Organization","@id":"https:\/\/acninternational.org\/fr\/#organization","name":"Aid to the Church in Need International","url":"https:\/\/acninternational.org\/fr\/","logo":{"@type":"ImageObject","inLanguage":"fr-FR","@id":"https:\/\/acninternational.org\/fr\/#\/schema\/logo\/image\/","url":"https:\/\/media.acninternational.org\/wp-content\/uploads\/2019\/11\/acn_logo_blackvector.svg","contentUrl":"https:\/\/media.acninternational.org\/wp-content\/uploads\/2019\/11\/acn_logo_blackvector.svg","width":232.6,"height":78,"caption":"Aid to the Church in Need International"},"image":{"@id":"https:\/\/acninternational.org\/fr\/#\/schema\/logo\/image\/"},"sameAs":["https:\/\/www.facebook.com\/acninternationalorg","https:\/\/x.com\/acn_int","https:\/\/www.youtube.com\/channel\/UCQ-077gS0TnVzkhHmf1opZw","https:\/\/www.instagram.com\/acn_international\/"]},{"@type":"Person","@id":"https:\/\/acninternational.org\/fr\/#\/schema\/person\/74d18921c1d8be9ca663e4035d1fce84","name":"Paulo Aido","description":"Lorem ipsum dolor sit amet, consectetur adipiscing elit, sed do eiusmod tempor incididunt ut labore et dolore magna aliqua. Ut enim ad minim veniam, quis nostrud exercitation ullamco laboris nisi ut aliquip ex ea commodo consequat.","url":"https:\/\/acninternational.org\/fr\/author\/paulo-aido\/"}]}},"_links":{"self":[{"href":"https:\/\/acninternational.org\/fr\/wp-json\/wp\/v2\/posts\/229157","targetHints":{"allow":["GET"]}}],"collection":[{"href":"https:\/\/acninternational.org\/fr\/wp-json\/wp\/v2\/posts"}],"about":[{"href":"https:\/\/acninternational.org\/fr\/wp-json\/wp\/v2\/types\/post"}],"author":[{"embeddable":true,"href":"https:\/\/acninternational.org\/fr\/wp-json\/wp\/v2\/users\/4258341382"}],"replies":[{"embeddable":true,"href":"https:\/\/acninternational.org\/fr\/wp-json\/wp\/v2\/comments?post=229157"}],"version-history":[{"count":1,"href":"https:\/\/acninternational.org\/fr\/wp-json\/wp\/v2\/posts\/229157\/revisions"}],"predecessor-version":[{"id":245410,"href":"https:\/\/acninternational.org\/fr\/wp-json\/wp\/v2\/posts\/229157\/revisions\/245410"}],"wp:featuredmedia":[{"embeddable":true,"href":"https:\/\/acninternational.org\/fr\/wp-json\/wp\/v2\/media\/229137"}],"wp:attachment":[{"href":"https:\/\/acninternational.org\/fr\/wp-json\/wp\/v2\/media?parent=229157"}],"wp:term":[{"taxonomy":"category","embeddable":true,"href":"https:\/\/acninternational.org\/fr\/wp-json\/wp\/v2\/categories?post=229157"},{"taxonomy":"post_tag","embeddable":true,"href":"https:\/\/acninternational.org\/fr\/wp-json\/wp\/v2\/tags?post=229157"},{"taxonomy":"country","embeddable":true,"href":"https:\/\/acninternational.org\/fr\/wp-json\/wp\/v2\/country?post=229157"}],"curies":[{"name":"wp","href":"https:\/\/api.w.org\/{rel}","templated":true}]}}