{"id":228844,"date":"2024-10-04T14:55:48","date_gmt":"2024-10-04T12:55:48","guid":{"rendered":"https:\/\/acninternational.org\/?p=228844"},"modified":"2025-08-12T10:29:33","modified_gmt":"2025-08-12T08:29:33","slug":"la-jeunesse-chretienne-de-terre-sainte-est-encore-sous-le-choc-des-attentats-du-7-octobre","status":"publish","type":"post","link":"https:\/\/acninternational.org\/fr\/la-jeunesse-chretienne-de-terre-sainte-est-encore-sous-le-choc-des-attentats-du-7-octobre\/","title":{"rendered":"La jeunesse chr\u00e9tienne de Terre Sainte est encore sous le choc des attentats du 7 octobre"},"content":{"rendered":"<p><em>Lors d\u2019un r\u00e9cent voyage en Terre Sainte, une d\u00e9l\u00e9gation de ACN s\u2019est entretenue avec des jeunes et des personnes impliqu\u00e9es dans la pastorale des jeunes dans diff\u00e9rentes r\u00e9gions et a constat\u00e9 que, bien que les d\u00e9fis diff\u00e8rent, tous sont confront\u00e9s \u00e0 des difficult\u00e9s, beaucoup se tournant vers leur foi pour trouver r\u00e9confort et esp\u00e9rance.<\/em><\/p>\n<figure id=\"attachment_228811\" aria-describedby=\"caption-attachment-228811\" style=\"width: 683px\" class=\"wp-caption aligncenter\"><img loading=\"lazy\" decoding=\"async\" class=\"wp-image-228811 size-large\" src=\"https:\/\/media.acninternational.org\/wp-content\/uploads\/2024\/10\/ACN-20240801-169922-683x1024.jpg\" alt=\"Marco Mencaglia, Directeur des Projets de ACN, visite un camp d'\u00e9t\u00e9 pour les jeunes, organis\u00e9 par le Vicariat pour les Catholiques de langue h\u00e9bra\u00efque.\" width=\"683\" height=\"1024\" srcset=\"https:\/\/media.acninternational.org\/wp-content\/uploads\/2024\/10\/ACN-20240801-169922-683x1024.jpg 683w, https:\/\/media.acninternational.org\/wp-content\/uploads\/2024\/10\/ACN-20240801-169922-200x300.jpg 200w, https:\/\/media.acninternational.org\/wp-content\/uploads\/2024\/10\/ACN-20240801-169922.jpg 720w\" sizes=\"auto, (max-width: 683px) 100vw, 683px\" \/><figcaption id=\"caption-attachment-228811\" class=\"wp-caption-text\">Marco Mencaglia, Directeur des Projets de ACN, visite un camp d&rsquo;\u00e9t\u00e9 pour les jeunes, organis\u00e9 par le Vicariat pour les Catholiques de langue h\u00e9bra\u00efque.<\/figcaption><\/figure>\n<p>Un an apr\u00e8s l\u2019attaque terroriste qui a d\u00e9clench\u00e9 la guerre actuelle \u00e0 Gaza, les jeunes chr\u00e9tiens de Terre Sainte se sentent perdus et d\u00e9sesp\u00e8rent de voir la vie revenir un jour \u00e0 la normale.<\/p>\n<p>\u00ab Dans notre culture, nous ne quittons pas la maison de nos parents avant de nous marier, donc les gens continuent \u00e0 vivre avec leurs parents. Je veux partir, mais je ne peux pas le faire sans me marier. \u00c0 27 ans, je n\u2019ai pas les moyens d\u2019avoir ma propre maison, donc je ne peux pas me marier \u00bb, explique Raffi Ghattas, journaliste chr\u00e9tien de la Jeunesse de la Patrie de J\u00e9sus, l\u2019aum\u00f4nerie des jeunes en Palestine, qui fournit un soutien pastoral aux chr\u00e9tiens de J\u00e9rusalem et de Cisjordanie et op\u00e8re sous l\u2019\u00e9gide du Patriarcat latin de J\u00e9rusalem.<\/p>\n<p>\u00ab Comme les gens n&rsquo;ont plus d&rsquo;espoir, ils essaient de partir et beaucoup n\u2019ont pas d\u2019enfants ou ne se marient pas \u00bb, explique Dima Khoury, directrice des services sociaux du Patriarcat latin de J\u00e9rusalem. \u00ab Il est tr\u00e8s difficile de leur donner de l\u2019espoir. Ceux qui ont des enfants n\u2019en ont qu\u2019un ou deux. Il faut un salaire complet de l\u2019un des conjoints juste pour couvrir le loyer, donc tous les deux doivent avoir un emploi \u00bb, ajoute-t-elle. Les emplois, bien s\u00fbr, sont \u00e9galement rares depuis le d\u00e9but de la derni\u00e8re guerre, car de nombreux chr\u00e9tiens travaillaient dans le tourisme, qui, \u00e0 cause du conflit, est presque inexistant.<\/p>\n<p>Lorsqu\u2019on leur pose la question, tous les jeunes chr\u00e9tiens disent qu\u2019ils veulent simplement revenir \u00e0 la vie telle qu\u2019elle \u00e9tait avant le 7 octobre. Raffi, cependant, souligne qu&rsquo;\u00ab avant octobre, nous vivions dans une routine. La premi\u00e8re fois que je m\u2019en suis rendu compte, c\u2019\u00e9tait quand je suis all\u00e9 en vacances en Turquie, quand j\u2019\u00e9tais enfant et que j\u2019ai demand\u00e9 au guide o\u00f9 se trouvaient les postes de contr\u00f4le.\u00a0\u00bb<\/p>\n<figure id=\"attachment_228817\" aria-describedby=\"caption-attachment-228817\" style=\"width: 800px\" class=\"wp-caption aligncenter\"><img loading=\"lazy\" decoding=\"async\" class=\"wp-image-228817 size-large\" src=\"https:\/\/media.acninternational.org\/wp-content\/uploads\/2024\/10\/ACN-20240925-172196-1024x769.jpg\" alt=\"Les enfants de migrants et de demandeurs d'asile se sentent int\u00e9gr\u00e9s dans la soci\u00e9t\u00e9 isra\u00e9lienne, mais ne jouissent souvent pas de tous leurs droits.\" width=\"800\" height=\"601\" srcset=\"https:\/\/media.acninternational.org\/wp-content\/uploads\/2024\/10\/ACN-20240925-172196-1024x769.jpg 1024w, https:\/\/media.acninternational.org\/wp-content\/uploads\/2024\/10\/ACN-20240925-172196-300x225.jpg 300w, https:\/\/media.acninternational.org\/wp-content\/uploads\/2024\/10\/ACN-20240925-172196-768x577.jpg 768w, https:\/\/media.acninternational.org\/wp-content\/uploads\/2024\/10\/ACN-20240925-172196.jpg 1080w\" sizes=\"auto, (max-width: 800px) 100vw, 800px\" \/><figcaption id=\"caption-attachment-228817\" class=\"wp-caption-text\">Les enfants de migrants et de demandeurs d&rsquo;asile se sentent int\u00e9gr\u00e9s dans la soci\u00e9t\u00e9 isra\u00e9lienne, mais ne jouissent souvent pas de tous leurs droits.<\/figcaption><\/figure>\n<p>\u00ab \u00c0 J\u00e9rusalem, il y avait un poste de contr\u00f4le en bas de notre maison. J\u2019habitais \u00e0 dix minutes de mon \u00e9cole, mais je devais toujours me tenir au poste de contr\u00f4le. Un jour, alors que j\u2019avais huit ans, le soldat m\u2019a demand\u00e9 de lui donner mon num\u00e9ro d\u2019identification en h\u00e9breu. Je ne pouvais pas et j\u2019ai commenc\u00e9 \u00e0 pleurer. Ils se moquaient de moi et on m\u2019a gard\u00e9 dans un coin pendant deux heures jusqu\u2019\u00e0 ce que je l\u2019apprenne par c\u0153ur. Ce n&rsquo;est que plus tard que j&rsquo;ai pris conscience \u00a0que personne ne devrait avoir \u00e0 vivre comme \u00e7a. On dit que jusqu\u2019\u00e0 la guerre, tout allait bien, mais ce n\u2019\u00e9tait pas le cas. Nous \u00e9tions juste habitu\u00e9s \u00bb, estime-t-il.<\/p>\n<p>Autrefois, de nombreux chr\u00e9tiens arabophones vivaient \u00e0 J\u00e9rusalem-Ouest, mais apr\u00e8s l&rsquo;occupation isra\u00e9lienne de la ville, ils ont \u00e9t\u00e9 repouss\u00e9s vers l&rsquo;Est. Il en r\u00e9sulte qu\u2019aujourd\u2019hui, les familles chr\u00e9tiennes ne poss\u00e8dent plus ni maison ni terrain et qu\u2019elles sont \u00e0 la merci de la flamb\u00e9e des prix de l\u2019immobilier.<\/p>\n<h4><strong>Porter la croix en Cisjordanie<\/strong><\/h4>\n<p>La vie en Cisjordanie comporte ses propres d\u00e9fis. <a href=\"https:\/\/acninternational.org\/christians-despair-in-the-holy-land-we-never-thought-the-war-would-last-so-long\/\" target=\"_blank\" rel=\"noopener\">Avant le 7 octobre<\/a>, 180.000 Palestiniens disposaient d\u2019un permis leur permettant de travailler en Isra\u00ebl, mais la quasi-totalit\u00e9 de ceux-ci ont \u00e9t\u00e9 r\u00e9voqu\u00e9s apr\u00e8s les attaques et jusqu\u2019\u00e0 pr\u00e9sent, seuls 10.000 ont \u00e9t\u00e9 renouvel\u00e9s, principalement pour des m\u00e9decins, des infirmi\u00e8res et certains enseignants qui travaillent pour la plupart \u00e0 J\u00e9rusalem.<\/p>\n<p>Lors d\u2019une rencontre avec le groupe des Jeunes de la Patrie de J\u00e9sus (JPJ), \u00e0 Ain Arik, dans la banlieue de Ramallah, Shaheen raconte \u00e0 ACN qu\u2019il gagnait environ 120 dollars par jour en travaillant comme forgeron en Isra\u00ebl. Maintenant, s\u2019il a de la chance, il gagne un dixi\u00e8me de cette somme en travaillant en Cisjordanie. Ghadeer, une jeune fille qui travaille pour l\u2019Autorit\u00e9 palestinienne (AP), ne gagne qu\u2019un demi-salaire tous les trois mois, parce qu\u2019Isra\u00ebl retient l\u2019argent des douanes et de la TVA qu\u2019il transf\u00e9rait r\u00e9guli\u00e8rement \u00e0 l\u2019AP.<\/p>\n<p>La r\u00e9union des JPJ a lieu dans un b\u00e2timent abandonn\u00e9, o\u00f9, avec l\u2019aide de ACN, l\u2019\u00c9glise pr\u00e9voit de construire un nouveau centre de jeunesse. Le groupe est dirig\u00e9 par le p\u00e8re Louis, un jeune pr\u00eatre charismatique originaire de Jordanie qui a donn\u00e9 un nouveau souffle de vie \u00e0 la pastorale locale des jeunes. \u00ab Nous avons eu quelques difficult\u00e9s \u00e0 trouver un endroit appropri\u00e9 pour organiser des camps d\u2019\u00e9t\u00e9, des retraites spirituelles ou des \u00e9tudes bibliques. C\u2019est un bon endroit, neutre et d\u00e9tendu, loin de la ville et situ\u00e9 au centre de la Cisjordanie, ce qui le rend accessible \u00e0 tous \u00bb, a-t-il d\u00e9clar\u00e9 \u00e0 ACN.<\/p>\n<p>Un crit\u00e8re important pour l\u2019emplacement du centre est l\u2019absence de colonies juives \u00e0 proximit\u00e9. \u00ab Partout o\u00f9 il y a une colonie, il y a un poste de contr\u00f4le et un point de conflit entre les colons et les Palestiniens, ce qui signifie que la route peut \u00eatre ferm\u00e9e. Ce serait difficile et dangereux pour les jeunes \u00bb, explique le p\u00e8re Louis.<\/p>\n<figure id=\"attachment_228823\" aria-describedby=\"caption-attachment-228823\" style=\"width: 720px\" class=\"wp-caption aligncenter\"><img loading=\"lazy\" decoding=\"async\" class=\"wp-image-228823 size-full\" src=\"https:\/\/media.acninternational.org\/wp-content\/uploads\/2024\/10\/20070823_062.jpg\" alt=\"Les barri\u00e8res et les postes de contr\u00f4le rendent la vie des chr\u00e9tiens arabophones de plus en plus difficile.\" width=\"720\" height=\"960\" srcset=\"https:\/\/media.acninternational.org\/wp-content\/uploads\/2024\/10\/20070823_062.jpg 720w, https:\/\/media.acninternational.org\/wp-content\/uploads\/2024\/10\/20070823_062-225x300.jpg 225w\" sizes=\"auto, (max-width: 720px) 100vw, 720px\" \/><figcaption id=\"caption-attachment-228823\" class=\"wp-caption-text\">Les barri\u00e8res et les postes de contr\u00f4le rendent la vie des chr\u00e9tiens arabophones de plus en plus difficile.<\/figcaption><\/figure>\n<p>Face aux difficult\u00e9s, les membres des JPJ consid\u00e8rent qu\u2019il est de leur mission de maintenir et de renforcer le lien des chr\u00e9tiens restants avec leur religion. \u00ab Notre premi\u00e8re priorit\u00e9 dans la pastorale des jeunes est d\u2019enseigner aux jeunes \u00e0 appartenir \u00e0 leur terre, non pas parce qu\u2019ils sont Palestiniens, mais parce que lorsque Dieu a d\u00e9cid\u00e9 de s\u2019incarner, Il a choisi cette terre. C\u2019est un privil\u00e8ge, mais c\u2019est aussi une croix. Nous portons cette croix \u00bb, dit Raffi.<\/p>\n<p>\u00ab Si les chr\u00e9tiens partent\u00a0\u00bb, ajoute le p\u00e8re Louis, \u00ab\u00a0les lieux saints seront comme des mus\u00e9es froids et abandonn\u00e9s. Nous insistons aupr\u00e8s des jeunes pour qu\u2019ils n\u2019\u00e9migrent pas, parce que J\u00e9sus a v\u00e9cu et est mort ici.\u00a0\u00bb<\/p>\n<h4><strong>Les Isra\u00e9liens qui ne se sentent pas \u00e0 leur place<\/strong><\/h4>\n<p>Beaucoup des probl\u00e8mes auxquels sont confront\u00e9s les chr\u00e9tiens de Cisjordanie et de J\u00e9rusalem proviennent du fait qu\u2019ils n\u2019ont pas droit \u00e0 la citoyennet\u00e9 isra\u00e9lienne. Ce n\u2019est pas le cas des chr\u00e9tiens arabophones du nord du pays, qui sont des citoyens isra\u00e9liens.<\/p>\n<p>Pourtant, ils sont eux aussi confront\u00e9s \u00e0 des difficult\u00e9s. \u00ab Isra\u00ebl est une soci\u00e9t\u00e9 tr\u00e8s la\u00efque et individualiste, qui met l\u2019accent sur les biens mat\u00e9riels et le succ\u00e8s \u00bb, explique Mgr Rafic Nahra, vicaire patriarcal latin pour Isra\u00ebl, qui r\u00e9side \u00e0 Nazareth, en Galil\u00e9e.<\/p>\n<figure id=\"attachment_228829\" aria-describedby=\"caption-attachment-228829\" style=\"width: 683px\" class=\"wp-caption aligncenter\"><img loading=\"lazy\" decoding=\"async\" class=\"wp-image-228829 size-large\" src=\"https:\/\/media.acninternational.org\/wp-content\/uploads\/2024\/10\/ACN-20240801-169925-683x1024.jpg\" alt=\"Mgr Rafic Nahra, Vicaire patriarcal pour Isra\u00ebl\" width=\"683\" height=\"1024\" srcset=\"https:\/\/media.acninternational.org\/wp-content\/uploads\/2024\/10\/ACN-20240801-169925-683x1024.jpg 683w, https:\/\/media.acninternational.org\/wp-content\/uploads\/2024\/10\/ACN-20240801-169925-200x300.jpg 200w, https:\/\/media.acninternational.org\/wp-content\/uploads\/2024\/10\/ACN-20240801-169925.jpg 720w\" sizes=\"auto, (max-width: 683px) 100vw, 683px\" \/><figcaption id=\"caption-attachment-228829\" class=\"wp-caption-text\">Mgr Rafic Nahra, Vicaire patriarcal pour Isra\u00ebl<\/figcaption><\/figure>\n<p>Avec le soutien de ACN, l\u2019\u00c9glise s\u2019est efforc\u00e9e de cr\u00e9er un centre pour les jeunes, de les accompagner et de leur transmettre des valeurs qui manquent \u00e0 la soci\u00e9t\u00e9. Le p\u00e8re Ramez Twal, qui dirige la pastorale des jeunes \u00e0 Ha\u00effa, explique qu\u2019au d\u00e9but, les gens \u00e9taient r\u00e9ticents \u00e0 assister aux \u00e9v\u00e9nements, mais qu\u2019au fil du temps, l\u2019\u00c9glise les a conquis. \u00ab De 2022 \u00e0 2024, nous avons attir\u00e9 plus de 1000 participants \u00e0 nos \u00e9v\u00e9nements, ce qui est tr\u00e8s bien. Gr\u00e2ce \u00e0 ACN, nous avons un cours de leadership, de communication et de r\u00e9solution de conflits, le premier en Galil\u00e9e.\u00a0\u00bb<\/p>\n<p>Le p\u00e8re Jonny Abu Khalil, qui a \u00e9t\u00e9 envoy\u00e9 \u00e0 Ha\u00effa pour mettre en place le centre pastoral, explique qu\u2019il est \u00e9galement pr\u00e9vu de construire un restaurant et une maison d\u2019h\u00f4tes. \u00ab Certains jeunes ne viennent pas aux conf\u00e9rences et aux cours parce qu\u2019ils ont l\u2019impression de ne pas avoir l\u2019\u00e9ducation, ils se sentent ignorants en termes de foi. Mais si nous avons le restaurant, ils viendront, et si le pr\u00eatre est l\u00e0, ils parleront et poseront des questions. Avoir la maison d\u2019h\u00f4tes nous permettra \u00e9galement de cr\u00e9er des emplois, pour ceux qui ont perdu leur emploi dans les h\u00f4tels isra\u00e9liens apr\u00e8s le 7 octobre.<\/p>\n<p>Apr\u00e8s le 7 octobre, de nombreux Arabes isra\u00e9liens qui se sentaient parfaitement int\u00e9gr\u00e9s dans la soci\u00e9t\u00e9 ont soudain \u00e9t\u00e9 regard\u00e9s avec suspicion. \u00ab La guerre a accentu\u00e9 la s\u00e9paration et la discrimination. Les Palestiniens de Galil\u00e9e se sentaient autrefois comme des Isra\u00e9liens, mais maintenant ils se sentent comme des citoyens de seconde zone. Ils ont besoin d\u2019un endroit pour renforcer leur identit\u00e9. Leur identit\u00e9 chr\u00e9tienne est faible et leur identit\u00e9 nationale est confuse, ils ne peuvent pas dire qu\u2019ils sont Palestiniens ni dire qu\u2019ils sont Isra\u00e9liens apr\u00e8s ce qui s\u2019est pass\u00e9 \u00bb, dit le p\u00e8re Jonny.<\/p>\n<p>La crise d\u2019identit\u00e9 est un probl\u00e8me grave, explique le p\u00e8re Twal. \u00ab Ils ne sont pas consid\u00e9r\u00e9s comme des Isra\u00e9liens par les Juifs, mais ils ne sont pas non plus consid\u00e9r\u00e9s comme pleinement des Palestiniens par les Arabes de Cisjordanie. Ils m\u00e9langent l\u2019h\u00e9breu et l\u2019arabe dans la m\u00eame phrase et les gens de Cisjordanie ne semblent pas reconna\u00eetre qu\u2019ils ont des identit\u00e9s et des d\u00e9fis diff\u00e9rents. \u00bb<\/p>\n<h4><strong>Ceux qui se sentent \u00e0 leur place, mais qui ne sont pas Isra\u00e9liens<\/strong><\/h4>\n<p>Si pour certains, le probl\u00e8me est de ne pas se sentir partie prenante du pays auquel on appartient, pour d\u2019autres, le probl\u00e8me est de ne pas appartenir au pays dont on se sent partie prenante.<\/p>\n<p>La loi isra\u00e9lienne est tr\u00e8s restrictive en ce qui concerne l\u2019octroi de la citoyennet\u00e9 aux \u00e9trangers non juifs, y compris ceux qui sont n\u00e9s dans le pays, comme <a href=\"https:\/\/acninternational.org\/fr\/leglise-se-bat-pour-aider-les-migrants-qui-vivent-dans-lincertitude-juridique-en-terre-sainte\/\" target=\"_blank\" rel=\"noopener\"><strong>les enfants d\u2019immigrants et de demandeurs d\u2019asile<\/strong><\/a>, y compris de nombreux chr\u00e9tiens. \u00ab Culturellement, ils sont 100 % isra\u00e9liens. Ils parlent h\u00e9breu, ils s\u2019habillent \u00e0 la mani\u00e8re isra\u00e9lienne, ils \u00e9coutent de la musique isra\u00e9lienne, ils soutiennent les clubs sportifs isra\u00e9liens \u00bb, explique le p\u00e8re Piotr Zelazko, vicaire patriarcal du vicariat de Saint-Jacques, qui s\u2019occupe de la petite communaut\u00e9 catholique de langue h\u00e9bra\u00efque en Isra\u00ebl.<\/p>\n<p>ACN a rendu visite au p\u00e8re Piotr dans le cadre d\u2019un camp d\u2019\u00e9t\u00e9 pour les enfants de migrants et de demandeurs d\u2019asile, soutenu par la fondation. Ces camps sont essentiels pour garder les jeunes fermes dans leur foi, explique s\u0153ur Gabriele Penka, l\u2019administratrice du vicariat. \u00ab Ils vivent dans la soci\u00e9t\u00e9 isra\u00e9lo-juive, il est donc tr\u00e8s difficile pour les jeunes de s\u2019en tenir \u00e0 leur identit\u00e9 chr\u00e9tienne, de garder la foi et de rester membres de la communaut\u00e9 catholique. \u00bb<\/p>\n<figure id=\"attachment_228835\" aria-describedby=\"caption-attachment-228835\" style=\"width: 800px\" class=\"wp-caption aligncenter\"><img loading=\"lazy\" decoding=\"async\" class=\"wp-image-228835 size-large\" src=\"https:\/\/media.acninternational.org\/wp-content\/uploads\/2024\/10\/ACN-20240801-169877-1024x683.jpg\" alt=\"Camp d'\u00e9t\u00e9 \u00e0 Deir Rafat au couvent Notre-Dame Reine de Palestine.\" width=\"800\" height=\"534\" srcset=\"https:\/\/media.acninternational.org\/wp-content\/uploads\/2024\/10\/ACN-20240801-169877-1024x683.jpg 1024w, https:\/\/media.acninternational.org\/wp-content\/uploads\/2024\/10\/ACN-20240801-169877-300x200.jpg 300w, https:\/\/media.acninternational.org\/wp-content\/uploads\/2024\/10\/ACN-20240801-169877-768x512.jpg 768w, https:\/\/media.acninternational.org\/wp-content\/uploads\/2024\/10\/ACN-20240801-169877.jpg 1080w\" sizes=\"auto, (max-width: 800px) 100vw, 800px\" \/><figcaption id=\"caption-attachment-228835\" class=\"wp-caption-text\">Camp d&rsquo;\u00e9t\u00e9 \u00e0 Deir Rafat au couvent Notre-Dame Reine de Palestine.<\/figcaption><\/figure>\n<p>\u00ab Pour la premi\u00e8re fois, nous avons des jeunes de 18 ans, qui n\u2019ont pas de statut l\u00e9gal. Il est arriv\u00e9 dans le pass\u00e9 qu\u2019Isra\u00ebl leur accorde la r\u00e9sidence permanente afin qu\u2019ils puissent ensuite faire leur service militaire, comme les autres Isra\u00e9liens, mais pour le moment, ce n\u2019est pas possible ; alors nous essayons de voir quelles options ces jeunes ont pour leur avenir. Il y a toujours un risque qu\u2019ils soient arr\u00eat\u00e9s et expuls\u00e9s \u00bb, explique s\u0153ur Gabriele.<\/p>\n<p>Le p\u00e8re Piotr d\u00e9crit comment les enfants guettent toujours les raids des autorit\u00e9s de l\u2019immigration. \u00ab Ceux-ci se produisent g\u00e9n\u00e9ralement pendant les vacances, parce que lorsqu\u2019ils sont \u00e0 l\u2019\u00e9cole, leurs amis et leurs enseignants isra\u00e9liens les d\u00e9fendent. Mais en \u00e9t\u00e9, vous pouvez vous d\u00e9barrasser des enfants, donc ils disparaissent et il n\u2019y a personne pour protester \u00bb, dit-il.<\/p>\n<p>Dans le pass\u00e9, le gouvernement isra\u00e9lien a permis aux enfants d\u2019immigrants d\u2019entrer dans l\u2019arm\u00e9e en \u00e9change de la citoyennet\u00e9. \u00ab Lorsque la guerre a commenc\u00e9, nous pensions que le gouvernement conclurait qu\u2019il avait besoin d\u2019eux, mais non. Il est plus important pour certains politiciens de \u2018 garder Isra\u00ebl pur \u2019. Ils utilisent vraiment ce langage, c\u2019est douloureux \u00e0 entendre \u00bb, dit le p\u00e8re Piotr.<\/p>\n<p><em>Apr\u00e8s les attentats du 7 octobre et le d\u00e9but de la guerre, ACN a renforc\u00e9 son soutien aux chr\u00e9tiens de Terre Sainte. Sachant que sans les jeunes, il n\u2019y aura pas d\u2019avenir pour la communaut\u00e9 chr\u00e9tienne sur la terre de J\u00e9sus, la fondation pontificale a donn\u00e9 la priorit\u00e9 au soutien des initiatives qui contribuent \u00e0 donner de l\u2019espoir \u00e0 cette population, par l\u2019\u00e9ducation et la cr\u00e9ation d\u2019emplois, ou simplement en les aidant \u00e0 renforcer leur identit\u00e9 par la formation \u00e0 la foi.<\/em><\/p>\n<p>&nbsp;<\/p>\n","protected":false},"excerpt":{"rendered":"<p>Lors d\u2019un r\u00e9cent voyage en Terre Sainte, une d\u00e9l\u00e9gation de ACN s\u2019est entretenue avec des jeunes et des personnes impliqu\u00e9es<\/p>\n","protected":false},"author":4258341377,"featured_media":228794,"comment_status":"closed","ping_status":"closed","sticky":false,"template":"","format":"standard","meta":{"_acf_changed":false,"_acn_coauthor_ids":[],"footnotes":""},"categories":[1276],"tags":[],"country":[923],"class_list":["post-228844","post","type-post","status-publish","format-standard","has-post-thumbnail","hentry","category-featured-fr","country-terre-sainte"],"acn_coauthors":[],"acf":[],"yoast_head":"<!-- This site is optimized with the Yoast SEO Premium plugin v27.3 (Yoast SEO v27.3) - https:\/\/yoast.com\/product\/yoast-seo-premium-wordpress\/ -->\n<title>La jeunesse chr\u00e9tienne de Terre Sainte est encore sous le choc des attentats du 7 octobre | ACN International<\/title>\n<meta name=\"robots\" content=\"index, follow, max-snippet:-1, max-image-preview:large, max-video-preview:-1\" \/>\n<link rel=\"canonical\" href=\"https:\/\/acninternational.org\/fr\/la-jeunesse-chretienne-de-terre-sainte-est-encore-sous-le-choc-des-attentats-du-7-octobre\/\" \/>\n<meta property=\"og:locale\" content=\"fr_FR\" \/>\n<meta property=\"og:type\" content=\"article\" \/>\n<meta property=\"og:title\" content=\"La jeunesse chr\u00e9tienne de Terre Sainte est encore sous le choc des attentats du 7 octobre\" \/>\n<meta property=\"og:description\" content=\"Lors d\u2019un r\u00e9cent voyage en Terre Sainte, une d\u00e9l\u00e9gation de ACN s\u2019est entretenue avec des jeunes et des personnes impliqu\u00e9es\" \/>\n<meta property=\"og:url\" content=\"https:\/\/acninternational.org\/fr\/la-jeunesse-chretienne-de-terre-sainte-est-encore-sous-le-choc-des-attentats-du-7-octobre\/\" \/>\n<meta property=\"og:site_name\" content=\"ACN International\" \/>\n<meta property=\"article:publisher\" content=\"https:\/\/www.facebook.com\/acninternationalorg\" \/>\n<meta property=\"article:published_time\" content=\"2024-10-04T12:55:48+00:00\" \/>\n<meta property=\"article:modified_time\" content=\"2025-08-12T08:29:33+00:00\" \/>\n<meta property=\"og:image\" content=\"https:\/\/media.acninternational.org\/wp-content\/uploads\/2024\/10\/ACN-20230905-152664.jpeg\" \/>\n\t<meta property=\"og:image:width\" content=\"1920\" \/>\n\t<meta property=\"og:image:height\" content=\"700\" \/>\n\t<meta property=\"og:image:type\" content=\"image\/jpeg\" \/>\n<meta name=\"author\" content=\"Filipe d\u2019Avillez\" \/>\n<meta name=\"twitter:card\" content=\"summary_large_image\" \/>\n<meta name=\"twitter:creator\" content=\"@acn_int\" \/>\n<meta name=\"twitter:site\" content=\"@acn_int\" \/>\n<meta name=\"twitter:label1\" content=\"\u00c9crit par\" \/>\n\t<meta name=\"twitter:data1\" content=\"Filipe d\u2019Avillez\" \/>\n\t<meta name=\"twitter:label2\" content=\"Dur\u00e9e de lecture estim\u00e9e\" \/>\n\t<meta name=\"twitter:data2\" content=\"10 minutes\" \/>\n<script type=\"application\/ld+json\" class=\"yoast-schema-graph\">{\"@context\":\"https:\\\/\\\/schema.org\",\"@graph\":[{\"@type\":\"Article\",\"@id\":\"https:\\\/\\\/acninternational.org\\\/fr\\\/la-jeunesse-chretienne-de-terre-sainte-est-encore-sous-le-choc-des-attentats-du-7-octobre\\\/#article\",\"isPartOf\":{\"@id\":\"https:\\\/\\\/acninternational.org\\\/fr\\\/la-jeunesse-chretienne-de-terre-sainte-est-encore-sous-le-choc-des-attentats-du-7-octobre\\\/\"},\"author\":{\"name\":\"Filipe d\u2019Avillez\",\"@id\":\"https:\\\/\\\/acninternational.org\\\/fr\\\/#\\\/schema\\\/person\\\/7489225627ad784c8faa0f4616c1cbdf\"},\"headline\":\"La jeunesse chr\u00e9tienne de Terre Sainte est encore sous le choc des attentats du 7 octobre\",\"datePublished\":\"2024-10-04T12:55:48+00:00\",\"dateModified\":\"2025-08-12T08:29:33+00:00\",\"mainEntityOfPage\":{\"@id\":\"https:\\\/\\\/acninternational.org\\\/fr\\\/la-jeunesse-chretienne-de-terre-sainte-est-encore-sous-le-choc-des-attentats-du-7-octobre\\\/\"},\"wordCount\":2315,\"publisher\":{\"@id\":\"https:\\\/\\\/acninternational.org\\\/fr\\\/#organization\"},\"image\":{\"@id\":\"https:\\\/\\\/acninternational.org\\\/fr\\\/la-jeunesse-chretienne-de-terre-sainte-est-encore-sous-le-choc-des-attentats-du-7-octobre\\\/#primaryimage\"},\"thumbnailUrl\":\"https:\\\/\\\/media.acninternational.org\\\/wp-content\\\/uploads\\\/2024\\\/10\\\/ACN-20230905-152664.jpeg\",\"articleSection\":[\"FEATURED\"],\"inLanguage\":\"fr-FR\"},{\"@type\":\"WebPage\",\"@id\":\"https:\\\/\\\/acninternational.org\\\/fr\\\/la-jeunesse-chretienne-de-terre-sainte-est-encore-sous-le-choc-des-attentats-du-7-octobre\\\/\",\"url\":\"https:\\\/\\\/acninternational.org\\\/fr\\\/la-jeunesse-chretienne-de-terre-sainte-est-encore-sous-le-choc-des-attentats-du-7-octobre\\\/\",\"name\":\"La jeunesse chr\u00e9tienne de Terre Sainte est encore sous le choc des attentats du 7 octobre | ACN International\",\"isPartOf\":{\"@id\":\"https:\\\/\\\/acninternational.org\\\/fr\\\/#website\"},\"primaryImageOfPage\":{\"@id\":\"https:\\\/\\\/acninternational.org\\\/fr\\\/la-jeunesse-chretienne-de-terre-sainte-est-encore-sous-le-choc-des-attentats-du-7-octobre\\\/#primaryimage\"},\"image\":{\"@id\":\"https:\\\/\\\/acninternational.org\\\/fr\\\/la-jeunesse-chretienne-de-terre-sainte-est-encore-sous-le-choc-des-attentats-du-7-octobre\\\/#primaryimage\"},\"thumbnailUrl\":\"https:\\\/\\\/media.acninternational.org\\\/wp-content\\\/uploads\\\/2024\\\/10\\\/ACN-20230905-152664.jpeg\",\"datePublished\":\"2024-10-04T12:55:48+00:00\",\"dateModified\":\"2025-08-12T08:29:33+00:00\",\"breadcrumb\":{\"@id\":\"https:\\\/\\\/acninternational.org\\\/fr\\\/la-jeunesse-chretienne-de-terre-sainte-est-encore-sous-le-choc-des-attentats-du-7-octobre\\\/#breadcrumb\"},\"inLanguage\":\"fr-FR\",\"potentialAction\":[{\"@type\":\"ReadAction\",\"target\":[\"https:\\\/\\\/acninternational.org\\\/fr\\\/la-jeunesse-chretienne-de-terre-sainte-est-encore-sous-le-choc-des-attentats-du-7-octobre\\\/\"]}]},{\"@type\":\"ImageObject\",\"inLanguage\":\"fr-FR\",\"@id\":\"https:\\\/\\\/acninternational.org\\\/fr\\\/la-jeunesse-chretienne-de-terre-sainte-est-encore-sous-le-choc-des-attentats-du-7-octobre\\\/#primaryimage\",\"url\":\"https:\\\/\\\/media.acninternational.org\\\/wp-content\\\/uploads\\\/2024\\\/10\\\/ACN-20230905-152664.jpeg\",\"contentUrl\":\"https:\\\/\\\/media.acninternational.org\\\/wp-content\\\/uploads\\\/2024\\\/10\\\/ACN-20230905-152664.jpeg\",\"width\":1920,\"height\":700},{\"@type\":\"BreadcrumbList\",\"@id\":\"https:\\\/\\\/acninternational.org\\\/fr\\\/la-jeunesse-chretienne-de-terre-sainte-est-encore-sous-le-choc-des-attentats-du-7-octobre\\\/#breadcrumb\",\"itemListElement\":[{\"@type\":\"ListItem\",\"position\":1,\"name\":\"Home\",\"item\":\"https:\\\/\\\/acninternational.org\\\/fr\\\/\"},{\"@type\":\"ListItem\",\"position\":2,\"name\":\"FEATURED\",\"item\":\"https:\\\/\\\/acninternational.org\\\/fr\\\/category\\\/featured-fr\\\/\"},{\"@type\":\"ListItem\",\"position\":3,\"name\":\"La jeunesse chr\u00e9tienne de Terre Sainte est encore sous le choc des attentats du 7 octobre\"}]},{\"@type\":\"WebSite\",\"@id\":\"https:\\\/\\\/acninternational.org\\\/fr\\\/#website\",\"url\":\"https:\\\/\\\/acninternational.org\\\/fr\\\/\",\"name\":\"ACN International\",\"description\":\"\",\"publisher\":{\"@id\":\"https:\\\/\\\/acninternational.org\\\/fr\\\/#organization\"},\"potentialAction\":[{\"@type\":\"SearchAction\",\"target\":{\"@type\":\"EntryPoint\",\"urlTemplate\":\"https:\\\/\\\/acninternational.org\\\/fr\\\/?s={search_term_string}\"},\"query-input\":{\"@type\":\"PropertyValueSpecification\",\"valueRequired\":true,\"valueName\":\"search_term_string\"}}],\"inLanguage\":\"fr-FR\"},{\"@type\":\"Organization\",\"@id\":\"https:\\\/\\\/acninternational.org\\\/fr\\\/#organization\",\"name\":\"Aid to the Church in Need International\",\"url\":\"https:\\\/\\\/acninternational.org\\\/fr\\\/\",\"logo\":{\"@type\":\"ImageObject\",\"inLanguage\":\"fr-FR\",\"@id\":\"https:\\\/\\\/acninternational.org\\\/fr\\\/#\\\/schema\\\/logo\\\/image\\\/\",\"url\":\"https:\\\/\\\/media.acninternational.org\\\/wp-content\\\/uploads\\\/2019\\\/11\\\/acn_logo_blackvector.svg\",\"contentUrl\":\"https:\\\/\\\/media.acninternational.org\\\/wp-content\\\/uploads\\\/2019\\\/11\\\/acn_logo_blackvector.svg\",\"width\":232.6,\"height\":78,\"caption\":\"Aid to the Church in Need International\"},\"image\":{\"@id\":\"https:\\\/\\\/acninternational.org\\\/fr\\\/#\\\/schema\\\/logo\\\/image\\\/\"},\"sameAs\":[\"https:\\\/\\\/www.facebook.com\\\/acninternationalorg\",\"https:\\\/\\\/x.com\\\/acn_int\",\"https:\\\/\\\/www.youtube.com\\\/channel\\\/UCQ-077gS0TnVzkhHmf1opZw\",\"https:\\\/\\\/www.instagram.com\\\/acn_international\\\/\"]},{\"@type\":\"Person\",\"@id\":\"https:\\\/\\\/acninternational.org\\\/fr\\\/#\\\/schema\\\/person\\\/7489225627ad784c8faa0f4616c1cbdf\",\"name\":\"Filipe d\u2019Avillez\",\"url\":\"https:\\\/\\\/acninternational.org\\\/fr\\\/author\\\/filipe\\\/\"}]}<\/script>\n<!-- \/ Yoast SEO Premium plugin. -->","yoast_head_json":{"title":"La jeunesse chr\u00e9tienne de Terre Sainte est encore sous le choc des attentats du 7 octobre | ACN International","robots":{"index":"index","follow":"follow","max-snippet":"max-snippet:-1","max-image-preview":"max-image-preview:large","max-video-preview":"max-video-preview:-1"},"canonical":"https:\/\/acninternational.org\/fr\/la-jeunesse-chretienne-de-terre-sainte-est-encore-sous-le-choc-des-attentats-du-7-octobre\/","og_locale":"fr_FR","og_type":"article","og_title":"La jeunesse chr\u00e9tienne de Terre Sainte est encore sous le choc des attentats du 7 octobre","og_description":"Lors d\u2019un r\u00e9cent voyage en Terre Sainte, une d\u00e9l\u00e9gation de ACN s\u2019est entretenue avec des jeunes et des personnes impliqu\u00e9es","og_url":"https:\/\/acninternational.org\/fr\/la-jeunesse-chretienne-de-terre-sainte-est-encore-sous-le-choc-des-attentats-du-7-octobre\/","og_site_name":"ACN International","article_publisher":"https:\/\/www.facebook.com\/acninternationalorg","article_published_time":"2024-10-04T12:55:48+00:00","article_modified_time":"2025-08-12T08:29:33+00:00","og_image":[{"width":1920,"height":700,"url":"https:\/\/media.acninternational.org\/wp-content\/uploads\/2024\/10\/ACN-20230905-152664.jpeg","type":"image\/jpeg"}],"author":"Filipe d\u2019Avillez","twitter_card":"summary_large_image","twitter_creator":"@acn_int","twitter_site":"@acn_int","twitter_misc":{"\u00c9crit par":"Filipe d\u2019Avillez","Dur\u00e9e de lecture estim\u00e9e":"10 minutes"},"schema":{"@context":"https:\/\/schema.org","@graph":[{"@type":"Article","@id":"https:\/\/acninternational.org\/fr\/la-jeunesse-chretienne-de-terre-sainte-est-encore-sous-le-choc-des-attentats-du-7-octobre\/#article","isPartOf":{"@id":"https:\/\/acninternational.org\/fr\/la-jeunesse-chretienne-de-terre-sainte-est-encore-sous-le-choc-des-attentats-du-7-octobre\/"},"author":{"name":"Filipe d\u2019Avillez","@id":"https:\/\/acninternational.org\/fr\/#\/schema\/person\/7489225627ad784c8faa0f4616c1cbdf"},"headline":"La jeunesse chr\u00e9tienne de Terre Sainte est encore sous le choc des attentats du 7 octobre","datePublished":"2024-10-04T12:55:48+00:00","dateModified":"2025-08-12T08:29:33+00:00","mainEntityOfPage":{"@id":"https:\/\/acninternational.org\/fr\/la-jeunesse-chretienne-de-terre-sainte-est-encore-sous-le-choc-des-attentats-du-7-octobre\/"},"wordCount":2315,"publisher":{"@id":"https:\/\/acninternational.org\/fr\/#organization"},"image":{"@id":"https:\/\/acninternational.org\/fr\/la-jeunesse-chretienne-de-terre-sainte-est-encore-sous-le-choc-des-attentats-du-7-octobre\/#primaryimage"},"thumbnailUrl":"https:\/\/media.acninternational.org\/wp-content\/uploads\/2024\/10\/ACN-20230905-152664.jpeg","articleSection":["FEATURED"],"inLanguage":"fr-FR"},{"@type":"WebPage","@id":"https:\/\/acninternational.org\/fr\/la-jeunesse-chretienne-de-terre-sainte-est-encore-sous-le-choc-des-attentats-du-7-octobre\/","url":"https:\/\/acninternational.org\/fr\/la-jeunesse-chretienne-de-terre-sainte-est-encore-sous-le-choc-des-attentats-du-7-octobre\/","name":"La jeunesse chr\u00e9tienne de Terre Sainte est encore sous le choc des attentats du 7 octobre | ACN International","isPartOf":{"@id":"https:\/\/acninternational.org\/fr\/#website"},"primaryImageOfPage":{"@id":"https:\/\/acninternational.org\/fr\/la-jeunesse-chretienne-de-terre-sainte-est-encore-sous-le-choc-des-attentats-du-7-octobre\/#primaryimage"},"image":{"@id":"https:\/\/acninternational.org\/fr\/la-jeunesse-chretienne-de-terre-sainte-est-encore-sous-le-choc-des-attentats-du-7-octobre\/#primaryimage"},"thumbnailUrl":"https:\/\/media.acninternational.org\/wp-content\/uploads\/2024\/10\/ACN-20230905-152664.jpeg","datePublished":"2024-10-04T12:55:48+00:00","dateModified":"2025-08-12T08:29:33+00:00","breadcrumb":{"@id":"https:\/\/acninternational.org\/fr\/la-jeunesse-chretienne-de-terre-sainte-est-encore-sous-le-choc-des-attentats-du-7-octobre\/#breadcrumb"},"inLanguage":"fr-FR","potentialAction":[{"@type":"ReadAction","target":["https:\/\/acninternational.org\/fr\/la-jeunesse-chretienne-de-terre-sainte-est-encore-sous-le-choc-des-attentats-du-7-octobre\/"]}]},{"@type":"ImageObject","inLanguage":"fr-FR","@id":"https:\/\/acninternational.org\/fr\/la-jeunesse-chretienne-de-terre-sainte-est-encore-sous-le-choc-des-attentats-du-7-octobre\/#primaryimage","url":"https:\/\/media.acninternational.org\/wp-content\/uploads\/2024\/10\/ACN-20230905-152664.jpeg","contentUrl":"https:\/\/media.acninternational.org\/wp-content\/uploads\/2024\/10\/ACN-20230905-152664.jpeg","width":1920,"height":700},{"@type":"BreadcrumbList","@id":"https:\/\/acninternational.org\/fr\/la-jeunesse-chretienne-de-terre-sainte-est-encore-sous-le-choc-des-attentats-du-7-octobre\/#breadcrumb","itemListElement":[{"@type":"ListItem","position":1,"name":"Home","item":"https:\/\/acninternational.org\/fr\/"},{"@type":"ListItem","position":2,"name":"FEATURED","item":"https:\/\/acninternational.org\/fr\/category\/featured-fr\/"},{"@type":"ListItem","position":3,"name":"La jeunesse chr\u00e9tienne de Terre Sainte est encore sous le choc des attentats du 7 octobre"}]},{"@type":"WebSite","@id":"https:\/\/acninternational.org\/fr\/#website","url":"https:\/\/acninternational.org\/fr\/","name":"ACN International","description":"","publisher":{"@id":"https:\/\/acninternational.org\/fr\/#organization"},"potentialAction":[{"@type":"SearchAction","target":{"@type":"EntryPoint","urlTemplate":"https:\/\/acninternational.org\/fr\/?s={search_term_string}"},"query-input":{"@type":"PropertyValueSpecification","valueRequired":true,"valueName":"search_term_string"}}],"inLanguage":"fr-FR"},{"@type":"Organization","@id":"https:\/\/acninternational.org\/fr\/#organization","name":"Aid to the Church in Need International","url":"https:\/\/acninternational.org\/fr\/","logo":{"@type":"ImageObject","inLanguage":"fr-FR","@id":"https:\/\/acninternational.org\/fr\/#\/schema\/logo\/image\/","url":"https:\/\/media.acninternational.org\/wp-content\/uploads\/2019\/11\/acn_logo_blackvector.svg","contentUrl":"https:\/\/media.acninternational.org\/wp-content\/uploads\/2019\/11\/acn_logo_blackvector.svg","width":232.6,"height":78,"caption":"Aid to the Church in Need International"},"image":{"@id":"https:\/\/acninternational.org\/fr\/#\/schema\/logo\/image\/"},"sameAs":["https:\/\/www.facebook.com\/acninternationalorg","https:\/\/x.com\/acn_int","https:\/\/www.youtube.com\/channel\/UCQ-077gS0TnVzkhHmf1opZw","https:\/\/www.instagram.com\/acn_international\/"]},{"@type":"Person","@id":"https:\/\/acninternational.org\/fr\/#\/schema\/person\/7489225627ad784c8faa0f4616c1cbdf","name":"Filipe d\u2019Avillez","url":"https:\/\/acninternational.org\/fr\/author\/filipe\/"}]}},"_links":{"self":[{"href":"https:\/\/acninternational.org\/fr\/wp-json\/wp\/v2\/posts\/228844","targetHints":{"allow":["GET"]}}],"collection":[{"href":"https:\/\/acninternational.org\/fr\/wp-json\/wp\/v2\/posts"}],"about":[{"href":"https:\/\/acninternational.org\/fr\/wp-json\/wp\/v2\/types\/post"}],"author":[{"embeddable":true,"href":"https:\/\/acninternational.org\/fr\/wp-json\/wp\/v2\/users\/4258341377"}],"replies":[{"embeddable":true,"href":"https:\/\/acninternational.org\/fr\/wp-json\/wp\/v2\/comments?post=228844"}],"version-history":[{"count":1,"href":"https:\/\/acninternational.org\/fr\/wp-json\/wp\/v2\/posts\/228844\/revisions"}],"predecessor-version":[{"id":245422,"href":"https:\/\/acninternational.org\/fr\/wp-json\/wp\/v2\/posts\/228844\/revisions\/245422"}],"wp:featuredmedia":[{"embeddable":true,"href":"https:\/\/acninternational.org\/fr\/wp-json\/wp\/v2\/media\/228794"}],"wp:attachment":[{"href":"https:\/\/acninternational.org\/fr\/wp-json\/wp\/v2\/media?parent=228844"}],"wp:term":[{"taxonomy":"category","embeddable":true,"href":"https:\/\/acninternational.org\/fr\/wp-json\/wp\/v2\/categories?post=228844"},{"taxonomy":"post_tag","embeddable":true,"href":"https:\/\/acninternational.org\/fr\/wp-json\/wp\/v2\/tags?post=228844"},{"taxonomy":"country","embeddable":true,"href":"https:\/\/acninternational.org\/fr\/wp-json\/wp\/v2\/country?post=228844"}],"curies":[{"name":"wp","href":"https:\/\/api.w.org\/{rel}","templated":true}]}}