{"id":227324,"date":"2024-09-19T14:32:13","date_gmt":"2024-09-19T12:32:13","guid":{"rendered":"https:\/\/acninternational.org\/?p=227324"},"modified":"2025-08-12T10:35:06","modified_gmt":"2025-08-12T08:35:06","slug":"inondations-au-nigeria-la-situation-est-accablante-declare-un-eveque","status":"publish","type":"post","link":"https:\/\/acninternational.org\/fr\/inondations-au-nigeria-la-situation-est-accablante-declare-un-eveque\/","title":{"rendered":"Inondations au Nigeria : \u00ab La situation est accablante \u00bb, d\u00e9clare un \u00e9v\u00eaque"},"content":{"rendered":"<p><em>Au moins 50 000 chr\u00e9tiens ont \u00e9t\u00e9 directement touch\u00e9s par les inondations \u00e0 Maiduguri, dans le nord du Nigeria, mais le nombre r\u00e9el pourrait \u00eatre plus \u00e9lev\u00e9. ACN s\u2019est engag\u00e9e \u00e0 aider le dioc\u00e8se local et <\/em><em>lance un appel aux dons et aux <\/em><em>pri\u00e8res de ses bienfaiteurs.<\/em><\/p>\n<p>Les inondations d\u00e9vastatrices qui ont touch\u00e9 la ville de Maiduguri, au nord du Nigeria, dans l\u2019\u00c9tat de Borno, sont les pires depuis trois d\u00e9cennies, affirme Mgr John Bakeni, \u00e9v\u00eaque auxiliaire du dioc\u00e8se local. Bien que les chiffres officiels soient encore en cours de d\u00e9termination, au moins un million de personnes ont \u00e9t\u00e9 directement touch\u00e9s par la catastrophe, d\u00e9clare-t-il \u00e0 Aid to the Church in Need (ACN).<\/p>\n<figure id=\"attachment_227303\" aria-describedby=\"caption-attachment-227303\" style=\"width: 800px\" class=\"wp-caption aligncenter\"><img loading=\"lazy\" decoding=\"async\" class=\"wp-image-227303 size-large\" src=\"https:\/\/media.acninternational.org\/wp-content\/uploads\/2024\/09\/ACN-20240918-171921-1024x637.jpg\" alt=\"Mgr John Bakeni devant la cath\u00e9drale Saint-Patrick inond\u00e9e, au Nigeria.\" width=\"800\" height=\"498\" srcset=\"https:\/\/media.acninternational.org\/wp-content\/uploads\/2024\/09\/ACN-20240918-171921-1024x637.jpg 1024w, https:\/\/media.acninternational.org\/wp-content\/uploads\/2024\/09\/ACN-20240918-171921-300x187.jpg 300w, https:\/\/media.acninternational.org\/wp-content\/uploads\/2024\/09\/ACN-20240918-171921-768x478.jpg 768w, https:\/\/media.acninternational.org\/wp-content\/uploads\/2024\/09\/ACN-20240918-171921.jpg 1080w\" sizes=\"auto, (max-width: 800px) 100vw, 800px\" \/><figcaption id=\"caption-attachment-227303\" class=\"wp-caption-text\">Mgr John Bakeni devant la cath\u00e9drale Saint-Patrick inond\u00e9e, au Nigeria.<\/figcaption><\/figure>\n<p>La grande majorit\u00e9 des habitants de Maiduguri sont musulmans, mais l\u2019\u00c9tat compte une minorit\u00e9 importante et active de chr\u00e9tiens, notamment des catholiques. Le dioc\u00e8se de Maiduguri estime que la mont\u00e9e des eaux a touch\u00e9 au moins 22 989 catholiques issus de 3 601 familles r\u00e9parties dans six paroisses des zones les plus touch\u00e9es. Les chiffres r\u00e9els, cependant, pourraient \u00eatre bien pires : \u00ab Ce sont les chiffres que nous avons pu \u00e9tablir \u00e0 partir des registres paroissiaux, mais il y en a encore des milliers d&rsquo;autres \u00e0 compter. \u00bb Le dioc\u00e8se estime que 30 000 chr\u00e9tiens d\u2019autres confessions se trouvent dans une situation tout aussi difficile.<\/p>\n<p>\u00ab L\u2019ampleur sans pr\u00e9c\u00e9dent de l\u2019inondation pr\u00e9sente des d\u00e9fis qui d\u00e9passent nos exp\u00e9riences pr\u00e9c\u00e9dentes, car plus de la moiti\u00e9 de la ville est sous les eaux. De nombreuses vies, biens et moyens de subsistance ont \u00e9t\u00e9 perdus \u00bb, d\u00e9clare l\u2019\u00e9v\u00eaque. Plusieurs propri\u00e9t\u00e9s de l\u2019\u00c9glise ont \u00e9t\u00e9 endommag\u00e9es par l\u2019eau, notamment la cath\u00e9drale Saint-Patrick et le secr\u00e9tariat dioc\u00e9sain.<\/p>\n<figure id=\"attachment_227309\" aria-describedby=\"caption-attachment-227309\" style=\"width: 800px\" class=\"wp-caption aligncenter\"><img loading=\"lazy\" decoding=\"async\" class=\"wp-image-227309 size-large\" src=\"https:\/\/media.acninternational.org\/wp-content\/uploads\/2024\/09\/ACN-20240918-171915-1024x706.jpg\" alt=\"Les inondations d\u2019ao\u00fbt et septembre 2024 ont caus\u00e9 des d\u00e9g\u00e2ts consid\u00e9rables dans l\u2019\u00c9tat nig\u00e9rian de Maiduguri.\" width=\"800\" height=\"552\" srcset=\"https:\/\/media.acninternational.org\/wp-content\/uploads\/2024\/09\/ACN-20240918-171915-1024x706.jpg 1024w, https:\/\/media.acninternational.org\/wp-content\/uploads\/2024\/09\/ACN-20240918-171915-300x207.jpg 300w, https:\/\/media.acninternational.org\/wp-content\/uploads\/2024\/09\/ACN-20240918-171915-768x530.jpg 768w, https:\/\/media.acninternational.org\/wp-content\/uploads\/2024\/09\/ACN-20240918-171915.jpg 1080w\" sizes=\"auto, (max-width: 800px) 100vw, 800px\" \/><figcaption id=\"caption-attachment-227309\" class=\"wp-caption-text\">Les inondations d\u2019ao\u00fbt et septembre 2024 ont caus\u00e9 des d\u00e9g\u00e2ts consid\u00e9rables dans l\u2019\u00c9tat nig\u00e9rian de Maiduguri.<\/figcaption><\/figure>\n<p>\u00ab Le gouvernement et les agences comp\u00e9tentes s\u2019efforcent d\u2019\u00e9vacuer et de r\u00e9installer les r\u00e9sidents des zones touch\u00e9es, tandis que des efforts sont \u00e9galement d\u00e9ploy\u00e9s pour assurer la fourniture de nourriture, d\u2019abris et d\u2019assistance m\u00e9dicale. Je dois dire que la situation est accablante \u00bb, ajoute Mgr Bakeni dans un rapport sur les dommages envoy\u00e9 \u00e0 ACN International.<\/p>\n<p>Les camps de d\u00e9plac\u00e9s qui avaient \u00e9t\u00e9 utilis\u00e9s pour les victimes des violences de Boko Haram au cours des derni\u00e8res d\u00e9cennies, et qui avaient \u00e9t\u00e9 progressivement ferm\u00e9s par le gouvernement ces derni\u00e8res ann\u00e9es en raison de l\u2019am\u00e9lioration de la s\u00e9curit\u00e9 dans l\u2019\u00c9tat de Borno, ont \u00e9t\u00e9 rouverts pour accueillir les victimes des inondations.<\/p>\n<p>\u00ab Les besoins urgents, pour l\u2019instant, sont la nourriture, des fournitures m\u00e9dicales et des abris temporaires \u00bb, d\u00e9clare Mgr John, ajoutant que les autorit\u00e9s se pr\u00e9parent \u00e0 d\u2019\u00e9ventuelles \u00e9pid\u00e9mies de maladies, telles que le chol\u00e9ra, le paludisme et la diarrh\u00e9e, sans parler d\u2019autres dangers. \u00ab Les eaux de crue constituent maintenant un cocktail mena\u00e7ant porteur d\u2019agents pathog\u00e8nes provenant des corps en d\u00e9composition dans les tombes, d\u2019eaux us\u00e9es provenant des h\u00f4pitaux et des \u00e9gouts, de la faune du zoo, ainsi que de verre, de bouteilles bris\u00e9es et de barres de fer. Nous sensibilisons et informons nos citoyens, en particulier les plus jeunes, de ne pas aller dans ces eaux de crue\u00a0\u00bb.<\/p>\n<p>Kinga Schierstaedt, responsable des projets de ACN pour le Nigeria, a exprim\u00e9 sa profonde tristesse : \u00ab ACN est constern\u00e9e par ce qui se passe \u00e0 Maiduguri et prie pour toutes les victimes de cette catastrophe. De nombreux membres de la communaut\u00e9 chr\u00e9tienne venaient \u00e0 peine de reconstruire leur vie apr\u00e8s avoir tout perdu \u00e0 cause de la violence terrible et de la pers\u00e9cution religieuse, et maintenant c\u2019est d\u00e9chirant de voir les eaux de crue tout emporter \u00e0 nouveau. La fondation s\u2019engage \u00e0 les soutenir une fois de plus et \u00e0 ne pas les laisser seuls dans le besoin.\u00a0\u00bb<\/p>\n<figure id=\"attachment_227315\" aria-describedby=\"caption-attachment-227315\" style=\"width: 800px\" class=\"wp-caption aligncenter\"><img loading=\"lazy\" decoding=\"async\" class=\"wp-image-227315 size-large\" src=\"https:\/\/media.acninternational.org\/wp-content\/uploads\/2024\/09\/ACN-20240918-171920-1024x461.jpg\" alt=\"Mgr Oliver Doeme de Maiduguri rend visite aux habitants des r\u00e9gions touch\u00e9es.\" width=\"800\" height=\"360\" srcset=\"https:\/\/media.acninternational.org\/wp-content\/uploads\/2024\/09\/ACN-20240918-171920-1024x461.jpg 1024w, https:\/\/media.acninternational.org\/wp-content\/uploads\/2024\/09\/ACN-20240918-171920-300x135.jpg 300w, https:\/\/media.acninternational.org\/wp-content\/uploads\/2024\/09\/ACN-20240918-171920-768x346.jpg 768w, https:\/\/media.acninternational.org\/wp-content\/uploads\/2024\/09\/ACN-20240918-171920.jpg 1080w\" sizes=\"auto, (max-width: 800px) 100vw, 800px\" \/><figcaption id=\"caption-attachment-227315\" class=\"wp-caption-text\">Mgr Oliver Doeme de Maiduguri rend visite aux habitants des r\u00e9gions touch\u00e9es.<\/figcaption><\/figure>\n<p>Les inondations au Nigeria sont principalement dues aux fortes pluies de la fin du mois d\u2019ao\u00fbt. La mont\u00e9e des eaux qui en a r\u00e9sult\u00e9 a exerc\u00e9 une pression suppl\u00e9mentaire sur le barrage d\u2019Alau, dont les d\u00e9versoirs se sont effondr\u00e9s le 8 septembre, submergeant plus de 40 % de la ville de Maiduguri.<\/p>\n<p>ACN s&rsquo;est engag\u00e9e \u00e0 apporter une aide et un soutien imm\u00e9diats au dioc\u00e8se de Maiduguri et aux chr\u00e9tiens touch\u00e9s dans la r\u00e9gion. Les bienfaiteurs sont \u00e9galement invit\u00e9s \u00e0 prier pour la s\u00e9curit\u00e9 de tous les habitants de Maiduguri. \u00ab Tout en vous demandant de prier avec ferveur pour nous en cette p\u00e9riode critique, nous demandons \u00e9galement un soutien financier pour permettre au dioc\u00e8se d\u2019aider les victimes des inondations dans l&rsquo;ensemble du dioc\u00e8se. Nous sollicitons des pri\u00e8res sp\u00e9ciales pour les familles et toutes les personnes touch\u00e9es par les inondations afin que Dieu leur donne force et r\u00e9confort\u00a0\u00bb, conclut Mgr John Bakeni.<\/p>\n<p>&nbsp;<\/p>\n","protected":false},"excerpt":{"rendered":"<p>Au moins 50 000 chr\u00e9tiens ont \u00e9t\u00e9 directement touch\u00e9s par les inondations \u00e0 Maiduguri, dans le nord du Nigeria, mais<\/p>\n","protected":false},"author":4258341377,"featured_media":227298,"comment_status":"closed","ping_status":"closed","sticky":false,"template":"","format":"standard","meta":{"_acf_changed":false,"_acn_coauthor_ids":[],"footnotes":""},"categories":[575,919],"tags":[],"country":[116],"class_list":["post-227324","post","type-post","status-publish","format-standard","has-post-thumbnail","hentry","category-news","category-nouvelle","country-nigeria"],"acn_coauthors":[],"acf":[],"yoast_head":"<!-- This site is optimized with the Yoast SEO Premium plugin v27.3 (Yoast SEO v27.3) - https:\/\/yoast.com\/product\/yoast-seo-premium-wordpress\/ -->\n<title>Inondations au Nigeria : \u00ab La situation est accablante \u00bb, d\u00e9clare un \u00e9v\u00eaque | ACN International<\/title>\n<meta name=\"robots\" content=\"index, follow, max-snippet:-1, max-image-preview:large, max-video-preview:-1\" \/>\n<link rel=\"canonical\" href=\"https:\/\/acninternational.org\/fr\/inondations-au-nigeria-la-situation-est-accablante-declare-un-eveque\/\" \/>\n<meta property=\"og:locale\" content=\"fr_FR\" \/>\n<meta property=\"og:type\" content=\"article\" \/>\n<meta property=\"og:title\" content=\"Inondations au Nigeria : \u00ab La situation est accablante \u00bb, d\u00e9clare un \u00e9v\u00eaque\" \/>\n<meta property=\"og:description\" content=\"Au moins 50 000 chr\u00e9tiens ont \u00e9t\u00e9 directement touch\u00e9s par les inondations \u00e0 Maiduguri, dans le nord du Nigeria, mais\" \/>\n<meta property=\"og:url\" content=\"https:\/\/acninternational.org\/fr\/inondations-au-nigeria-la-situation-est-accablante-declare-un-eveque\/\" \/>\n<meta property=\"og:site_name\" content=\"ACN International\" \/>\n<meta property=\"article:publisher\" content=\"https:\/\/www.facebook.com\/acninternationalorg\" \/>\n<meta property=\"article:published_time\" content=\"2024-09-19T12:32:13+00:00\" \/>\n<meta property=\"article:modified_time\" content=\"2025-08-12T08:35:06+00:00\" \/>\n<meta property=\"og:image\" content=\"https:\/\/media.acninternational.org\/wp-content\/uploads\/2024\/09\/ACN-20240918-171914.jpg\" \/>\n\t<meta property=\"og:image:width\" content=\"1920\" \/>\n\t<meta property=\"og:image:height\" content=\"700\" \/>\n\t<meta property=\"og:image:type\" content=\"image\/jpeg\" \/>\n<meta name=\"author\" content=\"Filipe d\u2019Avillez\" \/>\n<meta name=\"twitter:card\" content=\"summary_large_image\" \/>\n<meta name=\"twitter:creator\" content=\"@acn_int\" \/>\n<meta name=\"twitter:site\" content=\"@acn_int\" \/>\n<meta name=\"twitter:label1\" content=\"\u00c9crit par\" \/>\n\t<meta name=\"twitter:data1\" content=\"Filipe d\u2019Avillez\" \/>\n\t<meta name=\"twitter:label2\" content=\"Dur\u00e9e de lecture estim\u00e9e\" \/>\n\t<meta name=\"twitter:data2\" content=\"5 minutes\" \/>\n<script type=\"application\/ld+json\" class=\"yoast-schema-graph\">{\"@context\":\"https:\\\/\\\/schema.org\",\"@graph\":[{\"@type\":\"Article\",\"@id\":\"https:\\\/\\\/acninternational.org\\\/fr\\\/inondations-au-nigeria-la-situation-est-accablante-declare-un-eveque\\\/#article\",\"isPartOf\":{\"@id\":\"https:\\\/\\\/acninternational.org\\\/fr\\\/inondations-au-nigeria-la-situation-est-accablante-declare-un-eveque\\\/\"},\"author\":{\"name\":\"Filipe d\u2019Avillez\",\"@id\":\"https:\\\/\\\/acninternational.org\\\/fr\\\/#\\\/schema\\\/person\\\/7489225627ad784c8faa0f4616c1cbdf\"},\"headline\":\"Inondations au Nigeria : \u00ab La situation est accablante \u00bb, d\u00e9clare un \u00e9v\u00eaque\",\"datePublished\":\"2024-09-19T12:32:13+00:00\",\"dateModified\":\"2025-08-12T08:35:06+00:00\",\"mainEntityOfPage\":{\"@id\":\"https:\\\/\\\/acninternational.org\\\/fr\\\/inondations-au-nigeria-la-situation-est-accablante-declare-un-eveque\\\/\"},\"wordCount\":910,\"publisher\":{\"@id\":\"https:\\\/\\\/acninternational.org\\\/fr\\\/#organization\"},\"image\":{\"@id\":\"https:\\\/\\\/acninternational.org\\\/fr\\\/inondations-au-nigeria-la-situation-est-accablante-declare-un-eveque\\\/#primaryimage\"},\"thumbnailUrl\":\"https:\\\/\\\/media.acninternational.org\\\/wp-content\\\/uploads\\\/2024\\\/09\\\/ACN-20240918-171914.jpg\",\"articleSection\":[\"News\",\"Nouvelle\"],\"inLanguage\":\"fr-FR\"},{\"@type\":\"WebPage\",\"@id\":\"https:\\\/\\\/acninternational.org\\\/fr\\\/inondations-au-nigeria-la-situation-est-accablante-declare-un-eveque\\\/\",\"url\":\"https:\\\/\\\/acninternational.org\\\/fr\\\/inondations-au-nigeria-la-situation-est-accablante-declare-un-eveque\\\/\",\"name\":\"Inondations au Nigeria : \u00ab La situation est accablante \u00bb, d\u00e9clare un \u00e9v\u00eaque | ACN International\",\"isPartOf\":{\"@id\":\"https:\\\/\\\/acninternational.org\\\/fr\\\/#website\"},\"primaryImageOfPage\":{\"@id\":\"https:\\\/\\\/acninternational.org\\\/fr\\\/inondations-au-nigeria-la-situation-est-accablante-declare-un-eveque\\\/#primaryimage\"},\"image\":{\"@id\":\"https:\\\/\\\/acninternational.org\\\/fr\\\/inondations-au-nigeria-la-situation-est-accablante-declare-un-eveque\\\/#primaryimage\"},\"thumbnailUrl\":\"https:\\\/\\\/media.acninternational.org\\\/wp-content\\\/uploads\\\/2024\\\/09\\\/ACN-20240918-171914.jpg\",\"datePublished\":\"2024-09-19T12:32:13+00:00\",\"dateModified\":\"2025-08-12T08:35:06+00:00\",\"breadcrumb\":{\"@id\":\"https:\\\/\\\/acninternational.org\\\/fr\\\/inondations-au-nigeria-la-situation-est-accablante-declare-un-eveque\\\/#breadcrumb\"},\"inLanguage\":\"fr-FR\",\"potentialAction\":[{\"@type\":\"ReadAction\",\"target\":[\"https:\\\/\\\/acninternational.org\\\/fr\\\/inondations-au-nigeria-la-situation-est-accablante-declare-un-eveque\\\/\"]}]},{\"@type\":\"ImageObject\",\"inLanguage\":\"fr-FR\",\"@id\":\"https:\\\/\\\/acninternational.org\\\/fr\\\/inondations-au-nigeria-la-situation-est-accablante-declare-un-eveque\\\/#primaryimage\",\"url\":\"https:\\\/\\\/media.acninternational.org\\\/wp-content\\\/uploads\\\/2024\\\/09\\\/ACN-20240918-171914.jpg\",\"contentUrl\":\"https:\\\/\\\/media.acninternational.org\\\/wp-content\\\/uploads\\\/2024\\\/09\\\/ACN-20240918-171914.jpg\",\"width\":1920,\"height\":700},{\"@type\":\"BreadcrumbList\",\"@id\":\"https:\\\/\\\/acninternational.org\\\/fr\\\/inondations-au-nigeria-la-situation-est-accablante-declare-un-eveque\\\/#breadcrumb\",\"itemListElement\":[{\"@type\":\"ListItem\",\"position\":1,\"name\":\"Home\",\"item\":\"https:\\\/\\\/acninternational.org\\\/fr\\\/\"},{\"@type\":\"ListItem\",\"position\":2,\"name\":\"Nouvelles\",\"item\":\"https:\\\/\\\/acninternational.org\\\/fr\\\/category\\\/news-fr\\\/\"},{\"@type\":\"ListItem\",\"position\":3,\"name\":\"Inondations au Nigeria : \u00ab La situation est accablante \u00bb, d\u00e9clare un \u00e9v\u00eaque\"}]},{\"@type\":\"WebSite\",\"@id\":\"https:\\\/\\\/acninternational.org\\\/fr\\\/#website\",\"url\":\"https:\\\/\\\/acninternational.org\\\/fr\\\/\",\"name\":\"ACN International\",\"description\":\"\",\"publisher\":{\"@id\":\"https:\\\/\\\/acninternational.org\\\/fr\\\/#organization\"},\"potentialAction\":[{\"@type\":\"SearchAction\",\"target\":{\"@type\":\"EntryPoint\",\"urlTemplate\":\"https:\\\/\\\/acninternational.org\\\/fr\\\/?s={search_term_string}\"},\"query-input\":{\"@type\":\"PropertyValueSpecification\",\"valueRequired\":true,\"valueName\":\"search_term_string\"}}],\"inLanguage\":\"fr-FR\"},{\"@type\":\"Organization\",\"@id\":\"https:\\\/\\\/acninternational.org\\\/fr\\\/#organization\",\"name\":\"Aid to the Church in Need International\",\"url\":\"https:\\\/\\\/acninternational.org\\\/fr\\\/\",\"logo\":{\"@type\":\"ImageObject\",\"inLanguage\":\"fr-FR\",\"@id\":\"https:\\\/\\\/acninternational.org\\\/fr\\\/#\\\/schema\\\/logo\\\/image\\\/\",\"url\":\"https:\\\/\\\/media.acninternational.org\\\/wp-content\\\/uploads\\\/2019\\\/11\\\/acn_logo_blackvector.svg\",\"contentUrl\":\"https:\\\/\\\/media.acninternational.org\\\/wp-content\\\/uploads\\\/2019\\\/11\\\/acn_logo_blackvector.svg\",\"width\":232.6,\"height\":78,\"caption\":\"Aid to the Church in Need International\"},\"image\":{\"@id\":\"https:\\\/\\\/acninternational.org\\\/fr\\\/#\\\/schema\\\/logo\\\/image\\\/\"},\"sameAs\":[\"https:\\\/\\\/www.facebook.com\\\/acninternationalorg\",\"https:\\\/\\\/x.com\\\/acn_int\",\"https:\\\/\\\/www.youtube.com\\\/channel\\\/UCQ-077gS0TnVzkhHmf1opZw\",\"https:\\\/\\\/www.instagram.com\\\/acn_international\\\/\"]},{\"@type\":\"Person\",\"@id\":\"https:\\\/\\\/acninternational.org\\\/fr\\\/#\\\/schema\\\/person\\\/7489225627ad784c8faa0f4616c1cbdf\",\"name\":\"Filipe d\u2019Avillez\",\"url\":\"https:\\\/\\\/acninternational.org\\\/fr\\\/author\\\/filipe\\\/\"}]}<\/script>\n<!-- \/ Yoast SEO Premium plugin. -->","yoast_head_json":{"title":"Inondations au Nigeria : \u00ab La situation est accablante \u00bb, d\u00e9clare un \u00e9v\u00eaque | ACN International","robots":{"index":"index","follow":"follow","max-snippet":"max-snippet:-1","max-image-preview":"max-image-preview:large","max-video-preview":"max-video-preview:-1"},"canonical":"https:\/\/acninternational.org\/fr\/inondations-au-nigeria-la-situation-est-accablante-declare-un-eveque\/","og_locale":"fr_FR","og_type":"article","og_title":"Inondations au Nigeria : \u00ab La situation est accablante \u00bb, d\u00e9clare un \u00e9v\u00eaque","og_description":"Au moins 50 000 chr\u00e9tiens ont \u00e9t\u00e9 directement touch\u00e9s par les inondations \u00e0 Maiduguri, dans le nord du Nigeria, mais","og_url":"https:\/\/acninternational.org\/fr\/inondations-au-nigeria-la-situation-est-accablante-declare-un-eveque\/","og_site_name":"ACN International","article_publisher":"https:\/\/www.facebook.com\/acninternationalorg","article_published_time":"2024-09-19T12:32:13+00:00","article_modified_time":"2025-08-12T08:35:06+00:00","og_image":[{"width":1920,"height":700,"url":"https:\/\/media.acninternational.org\/wp-content\/uploads\/2024\/09\/ACN-20240918-171914.jpg","type":"image\/jpeg"}],"author":"Filipe d\u2019Avillez","twitter_card":"summary_large_image","twitter_creator":"@acn_int","twitter_site":"@acn_int","twitter_misc":{"\u00c9crit par":"Filipe d\u2019Avillez","Dur\u00e9e de lecture estim\u00e9e":"5 minutes"},"schema":{"@context":"https:\/\/schema.org","@graph":[{"@type":"Article","@id":"https:\/\/acninternational.org\/fr\/inondations-au-nigeria-la-situation-est-accablante-declare-un-eveque\/#article","isPartOf":{"@id":"https:\/\/acninternational.org\/fr\/inondations-au-nigeria-la-situation-est-accablante-declare-un-eveque\/"},"author":{"name":"Filipe d\u2019Avillez","@id":"https:\/\/acninternational.org\/fr\/#\/schema\/person\/7489225627ad784c8faa0f4616c1cbdf"},"headline":"Inondations au Nigeria : \u00ab La situation est accablante \u00bb, d\u00e9clare un \u00e9v\u00eaque","datePublished":"2024-09-19T12:32:13+00:00","dateModified":"2025-08-12T08:35:06+00:00","mainEntityOfPage":{"@id":"https:\/\/acninternational.org\/fr\/inondations-au-nigeria-la-situation-est-accablante-declare-un-eveque\/"},"wordCount":910,"publisher":{"@id":"https:\/\/acninternational.org\/fr\/#organization"},"image":{"@id":"https:\/\/acninternational.org\/fr\/inondations-au-nigeria-la-situation-est-accablante-declare-un-eveque\/#primaryimage"},"thumbnailUrl":"https:\/\/media.acninternational.org\/wp-content\/uploads\/2024\/09\/ACN-20240918-171914.jpg","articleSection":["News","Nouvelle"],"inLanguage":"fr-FR"},{"@type":"WebPage","@id":"https:\/\/acninternational.org\/fr\/inondations-au-nigeria-la-situation-est-accablante-declare-un-eveque\/","url":"https:\/\/acninternational.org\/fr\/inondations-au-nigeria-la-situation-est-accablante-declare-un-eveque\/","name":"Inondations au Nigeria : \u00ab La situation est accablante \u00bb, d\u00e9clare un \u00e9v\u00eaque | ACN International","isPartOf":{"@id":"https:\/\/acninternational.org\/fr\/#website"},"primaryImageOfPage":{"@id":"https:\/\/acninternational.org\/fr\/inondations-au-nigeria-la-situation-est-accablante-declare-un-eveque\/#primaryimage"},"image":{"@id":"https:\/\/acninternational.org\/fr\/inondations-au-nigeria-la-situation-est-accablante-declare-un-eveque\/#primaryimage"},"thumbnailUrl":"https:\/\/media.acninternational.org\/wp-content\/uploads\/2024\/09\/ACN-20240918-171914.jpg","datePublished":"2024-09-19T12:32:13+00:00","dateModified":"2025-08-12T08:35:06+00:00","breadcrumb":{"@id":"https:\/\/acninternational.org\/fr\/inondations-au-nigeria-la-situation-est-accablante-declare-un-eveque\/#breadcrumb"},"inLanguage":"fr-FR","potentialAction":[{"@type":"ReadAction","target":["https:\/\/acninternational.org\/fr\/inondations-au-nigeria-la-situation-est-accablante-declare-un-eveque\/"]}]},{"@type":"ImageObject","inLanguage":"fr-FR","@id":"https:\/\/acninternational.org\/fr\/inondations-au-nigeria-la-situation-est-accablante-declare-un-eveque\/#primaryimage","url":"https:\/\/media.acninternational.org\/wp-content\/uploads\/2024\/09\/ACN-20240918-171914.jpg","contentUrl":"https:\/\/media.acninternational.org\/wp-content\/uploads\/2024\/09\/ACN-20240918-171914.jpg","width":1920,"height":700},{"@type":"BreadcrumbList","@id":"https:\/\/acninternational.org\/fr\/inondations-au-nigeria-la-situation-est-accablante-declare-un-eveque\/#breadcrumb","itemListElement":[{"@type":"ListItem","position":1,"name":"Home","item":"https:\/\/acninternational.org\/fr\/"},{"@type":"ListItem","position":2,"name":"Nouvelles","item":"https:\/\/acninternational.org\/fr\/category\/news-fr\/"},{"@type":"ListItem","position":3,"name":"Inondations au Nigeria : \u00ab La situation est accablante \u00bb, d\u00e9clare un \u00e9v\u00eaque"}]},{"@type":"WebSite","@id":"https:\/\/acninternational.org\/fr\/#website","url":"https:\/\/acninternational.org\/fr\/","name":"ACN International","description":"","publisher":{"@id":"https:\/\/acninternational.org\/fr\/#organization"},"potentialAction":[{"@type":"SearchAction","target":{"@type":"EntryPoint","urlTemplate":"https:\/\/acninternational.org\/fr\/?s={search_term_string}"},"query-input":{"@type":"PropertyValueSpecification","valueRequired":true,"valueName":"search_term_string"}}],"inLanguage":"fr-FR"},{"@type":"Organization","@id":"https:\/\/acninternational.org\/fr\/#organization","name":"Aid to the Church in Need International","url":"https:\/\/acninternational.org\/fr\/","logo":{"@type":"ImageObject","inLanguage":"fr-FR","@id":"https:\/\/acninternational.org\/fr\/#\/schema\/logo\/image\/","url":"https:\/\/media.acninternational.org\/wp-content\/uploads\/2019\/11\/acn_logo_blackvector.svg","contentUrl":"https:\/\/media.acninternational.org\/wp-content\/uploads\/2019\/11\/acn_logo_blackvector.svg","width":232.6,"height":78,"caption":"Aid to the Church in Need International"},"image":{"@id":"https:\/\/acninternational.org\/fr\/#\/schema\/logo\/image\/"},"sameAs":["https:\/\/www.facebook.com\/acninternationalorg","https:\/\/x.com\/acn_int","https:\/\/www.youtube.com\/channel\/UCQ-077gS0TnVzkhHmf1opZw","https:\/\/www.instagram.com\/acn_international\/"]},{"@type":"Person","@id":"https:\/\/acninternational.org\/fr\/#\/schema\/person\/7489225627ad784c8faa0f4616c1cbdf","name":"Filipe d\u2019Avillez","url":"https:\/\/acninternational.org\/fr\/author\/filipe\/"}]}},"_links":{"self":[{"href":"https:\/\/acninternational.org\/fr\/wp-json\/wp\/v2\/posts\/227324","targetHints":{"allow":["GET"]}}],"collection":[{"href":"https:\/\/acninternational.org\/fr\/wp-json\/wp\/v2\/posts"}],"about":[{"href":"https:\/\/acninternational.org\/fr\/wp-json\/wp\/v2\/types\/post"}],"author":[{"embeddable":true,"href":"https:\/\/acninternational.org\/fr\/wp-json\/wp\/v2\/users\/4258341377"}],"replies":[{"embeddable":true,"href":"https:\/\/acninternational.org\/fr\/wp-json\/wp\/v2\/comments?post=227324"}],"version-history":[{"count":1,"href":"https:\/\/acninternational.org\/fr\/wp-json\/wp\/v2\/posts\/227324\/revisions"}],"predecessor-version":[{"id":245462,"href":"https:\/\/acninternational.org\/fr\/wp-json\/wp\/v2\/posts\/227324\/revisions\/245462"}],"wp:featuredmedia":[{"embeddable":true,"href":"https:\/\/acninternational.org\/fr\/wp-json\/wp\/v2\/media\/227298"}],"wp:attachment":[{"href":"https:\/\/acninternational.org\/fr\/wp-json\/wp\/v2\/media?parent=227324"}],"wp:term":[{"taxonomy":"category","embeddable":true,"href":"https:\/\/acninternational.org\/fr\/wp-json\/wp\/v2\/categories?post=227324"},{"taxonomy":"post_tag","embeddable":true,"href":"https:\/\/acninternational.org\/fr\/wp-json\/wp\/v2\/tags?post=227324"},{"taxonomy":"country","embeddable":true,"href":"https:\/\/acninternational.org\/fr\/wp-json\/wp\/v2\/country?post=227324"}],"curies":[{"name":"wp","href":"https:\/\/api.w.org\/{rel}","templated":true}]}}