{"id":217148,"date":"2024-07-18T14:32:29","date_gmt":"2024-07-18T12:32:29","guid":{"rendered":"https:\/\/acninternational.org\/?p=217148"},"modified":"2025-08-12T10:37:20","modified_gmt":"2025-08-12T08:37:20","slug":"festival-des-enfants-en-bielorussie-celebration-de-la-foi-et-de-la-paix","status":"publish","type":"post","link":"https:\/\/acninternational.org\/fr\/festival-des-enfants-en-bielorussie-celebration-de-la-foi-et-de-la-paix\/","title":{"rendered":"Festival des enfants en Bi\u00e9lorussie : c\u00e9l\u00e9bration de la foi et de la paix"},"content":{"rendered":"<p style=\"font-weight: 400;\">L&rsquo;\u00c9glise catholique en Bi\u00e9lorussie s&rsquo;engage tr\u00e8s activement dans la pastorale de la jeunesse. Chaque semaine, des centaines d&rsquo;enfants participent \u00e0 la cat\u00e9ch\u00e8se et chaque ann\u00e9e, de nombreux enfants re\u00e7oivent leur premi\u00e8re communion. Pendant l&rsquo;\u00e8re sovi\u00e9tique, la pratique religieuse a \u00e9t\u00e9 fortement r\u00e9prim\u00e9e, mais aujourd\u2019hui, gr\u00e2ce \u00e0 la foi profonde transmise par les grands-parents, la foi est toujours bien enracin\u00e9e.<\/p>\n<p style=\"font-weight: 400;\">La journ\u00e9e du \u00ab\u00a0Festival des enfants \u00bb est un \u00e9v\u00e9nement sp\u00e9cial pour l&rsquo;\u00c9glise catholique en Bi\u00e9lorussie. Cette activit\u00e9 a eu lieu gr\u00e2ce au soutien des bienfaiteurs de la fondation Aid to the Church in Need (ACN). Le Festival des enfants a connu un grand succ\u00e8s au cours des trois ou quatre derni\u00e8res ann\u00e9es. Tout a commenc\u00e9 avec une centaine de participants, mais cette ann\u00e9e, environ 2.000 enfants de diff\u00e9rents dioc\u00e8ses y ont particip\u00e9. Cette journ\u00e9e allie jeu et pri\u00e8re et tend \u00e0 rapprocher les enfants de Dieu tout en consolidant les liens communautaires au sein de l&rsquo;\u00c9glise.<\/p>\n<p style=\"font-weight: 400;\">Un moment \u00e9mouvant du festival de cette ann\u00e9e a \u00e9t\u00e9 le l\u00e2cher de colombes, symbole de la paix et du Saint-Esprit. Cet acte visait \u00e0 rappeler combien il est important de prier pour la paix aujourd&rsquo;hui &#8211; la paix dans les c\u0153urs, dans les familles et dans la soci\u00e9t\u00e9, la paix pour le pays et pour les pays voisins. Les enfants ont \u00e9galement appris la signification spirituelle profonde de la colombe, symbole de l&rsquo;Esprit Saint qui nous prodigue ses dons. Le l\u00e2cher de colombes a aussi apport\u00e9 beaucoup de joie et d\u2019enthousiasme aux enfants. Et qu&rsquo;y a-t-il de plus beau qu&rsquo;un enfant joyeux et heureux ?<\/p>\n<p style=\"font-weight: 400;\">\u00ab Nous sommes tr\u00e8s reconnaissants vis-\u00e0-vis de la fondation ACN pour leur grand soutien dans l&rsquo;organisation de cette journ\u00e9e. Gr\u00e2ce \u00e0 cette aide, nous avons pu organiser un v\u00e9ritable festival de la foi pour la jeune \u00c9glise du dioc\u00e8se de Grodno, qui veut construire sa vie sur Dieu et avec Dieu ! \u00bb peut-on lire dans un message envoy\u00e9 de Grodno.<\/p>\n<p style=\"font-weight: 400;\">Prions pour la Bi\u00e9lorussie, un pays confront\u00e9 \u00e0 des d\u00e9fis consid\u00e9rables ! Que la pri\u00e8re affermisse la foi de nos fr\u00e8res et s\u0153urs en ces temps difficiles.<\/p>\n<p>&nbsp;<\/p>\n","protected":false},"excerpt":{"rendered":"<p>L&rsquo;\u00c9glise catholique en Bi\u00e9lorussie s&rsquo;engage tr\u00e8s activement dans la pastorale de la jeunesse. Chaque semaine, des centaines d&rsquo;enfants<\/p>\n","protected":false},"author":4258341447,"featured_media":217140,"comment_status":"closed","ping_status":"closed","sticky":false,"template":"","format":"standard","meta":{"_acf_changed":false,"_acn_coauthor_ids":[],"footnotes":""},"categories":[962],"tags":[],"country":[869],"class_list":["post-217148","post","type-post","status-publish","format-standard","has-post-thumbnail","hentry","category-news-fr","country-bielorussie"],"acn_coauthors":[],"acf":[],"yoast_head":"<!-- This site is optimized with the Yoast SEO Premium plugin v27.3 (Yoast SEO v27.3) - https:\/\/yoast.com\/product\/yoast-seo-premium-wordpress\/ -->\n<title>Festival des enfants en Bi\u00e9lorussie : c\u00e9l\u00e9bration de la foi et de la paix | ACN International<\/title>\n<meta name=\"description\" content=\"Chaque semaine, des centaines d&#039;enfants participent \u00e0 la cat\u00e9ch\u00e8se et chaque ann\u00e9e, de nombreux enfants re\u00e7oivent leur premi\u00e8re communion\" \/>\n<meta name=\"robots\" content=\"index, follow, max-snippet:-1, max-image-preview:large, max-video-preview:-1\" \/>\n<link rel=\"canonical\" href=\"https:\/\/acninternational.org\/fr\/festival-des-enfants-en-bielorussie-celebration-de-la-foi-et-de-la-paix\/\" \/>\n<meta property=\"og:locale\" content=\"fr_FR\" \/>\n<meta property=\"og:type\" content=\"article\" \/>\n<meta property=\"og:title\" content=\"Festival des enfants en Bi\u00e9lorussie : c\u00e9l\u00e9bration de la foi et de la paix\" \/>\n<meta property=\"og:description\" content=\"Chaque semaine, des centaines d&#039;enfants participent \u00e0 la cat\u00e9ch\u00e8se et chaque ann\u00e9e, de nombreux enfants re\u00e7oivent leur premi\u00e8re communion\" \/>\n<meta property=\"og:url\" content=\"https:\/\/acninternational.org\/fr\/festival-des-enfants-en-bielorussie-celebration-de-la-foi-et-de-la-paix\/\" \/>\n<meta property=\"og:site_name\" content=\"ACN International\" \/>\n<meta property=\"article:publisher\" content=\"https:\/\/www.facebook.com\/acninternationalorg\" \/>\n<meta property=\"article:published_time\" content=\"2024-07-18T12:32:29+00:00\" \/>\n<meta property=\"article:modified_time\" content=\"2025-08-12T08:37:20+00:00\" \/>\n<meta property=\"og:image\" content=\"https:\/\/media.acninternational.org\/wp-content\/uploads\/2024\/07\/acn-celebration-of-faith-and-peace-at-childrens-festival-in-belarus.jpg\" \/>\n\t<meta property=\"og:image:width\" content=\"1920\" \/>\n\t<meta property=\"og:image:height\" content=\"700\" \/>\n\t<meta property=\"og:image:type\" content=\"image\/jpeg\" \/>\n<meta name=\"author\" content=\"ACN Press Team\" \/>\n<meta name=\"twitter:card\" content=\"summary_large_image\" \/>\n<meta name=\"twitter:creator\" content=\"@acn_int\" \/>\n<meta name=\"twitter:site\" content=\"@acn_int\" \/>\n<meta name=\"twitter:label1\" content=\"\u00c9crit par\" \/>\n\t<meta name=\"twitter:data1\" content=\"ACN Press Team\" \/>\n\t<meta name=\"twitter:label2\" content=\"Dur\u00e9e de lecture estim\u00e9e\" \/>\n\t<meta name=\"twitter:data2\" content=\"2 minutes\" \/>\n<script type=\"application\/ld+json\" class=\"yoast-schema-graph\">{\"@context\":\"https:\\\/\\\/schema.org\",\"@graph\":[{\"@type\":\"Article\",\"@id\":\"https:\\\/\\\/acninternational.org\\\/fr\\\/festival-des-enfants-en-bielorussie-celebration-de-la-foi-et-de-la-paix\\\/#article\",\"isPartOf\":{\"@id\":\"https:\\\/\\\/acninternational.org\\\/fr\\\/festival-des-enfants-en-bielorussie-celebration-de-la-foi-et-de-la-paix\\\/\"},\"author\":{\"name\":\"ACN Press Team\",\"@id\":\"https:\\\/\\\/acninternational.org\\\/fr\\\/#\\\/schema\\\/person\\\/7f3dafb236b242fb2aa46be1411fd703\"},\"headline\":\"Festival des enfants en Bi\u00e9lorussie : c\u00e9l\u00e9bration de la foi et de la paix\",\"datePublished\":\"2024-07-18T12:32:29+00:00\",\"dateModified\":\"2025-08-12T08:37:20+00:00\",\"mainEntityOfPage\":{\"@id\":\"https:\\\/\\\/acninternational.org\\\/fr\\\/festival-des-enfants-en-bielorussie-celebration-de-la-foi-et-de-la-paix\\\/\"},\"wordCount\":409,\"publisher\":{\"@id\":\"https:\\\/\\\/acninternational.org\\\/fr\\\/#organization\"},\"image\":{\"@id\":\"https:\\\/\\\/acninternational.org\\\/fr\\\/festival-des-enfants-en-bielorussie-celebration-de-la-foi-et-de-la-paix\\\/#primaryimage\"},\"thumbnailUrl\":\"https:\\\/\\\/media.acninternational.org\\\/wp-content\\\/uploads\\\/2024\\\/07\\\/acn-celebration-of-faith-and-peace-at-childrens-festival-in-belarus.jpg\",\"articleSection\":[\"Nouvelles\"],\"inLanguage\":\"fr-FR\"},{\"@type\":\"WebPage\",\"@id\":\"https:\\\/\\\/acninternational.org\\\/fr\\\/festival-des-enfants-en-bielorussie-celebration-de-la-foi-et-de-la-paix\\\/\",\"url\":\"https:\\\/\\\/acninternational.org\\\/fr\\\/festival-des-enfants-en-bielorussie-celebration-de-la-foi-et-de-la-paix\\\/\",\"name\":\"Festival des enfants en Bi\u00e9lorussie : c\u00e9l\u00e9bration de la foi et de la paix | ACN International\",\"isPartOf\":{\"@id\":\"https:\\\/\\\/acninternational.org\\\/fr\\\/#website\"},\"primaryImageOfPage\":{\"@id\":\"https:\\\/\\\/acninternational.org\\\/fr\\\/festival-des-enfants-en-bielorussie-celebration-de-la-foi-et-de-la-paix\\\/#primaryimage\"},\"image\":{\"@id\":\"https:\\\/\\\/acninternational.org\\\/fr\\\/festival-des-enfants-en-bielorussie-celebration-de-la-foi-et-de-la-paix\\\/#primaryimage\"},\"thumbnailUrl\":\"https:\\\/\\\/media.acninternational.org\\\/wp-content\\\/uploads\\\/2024\\\/07\\\/acn-celebration-of-faith-and-peace-at-childrens-festival-in-belarus.jpg\",\"datePublished\":\"2024-07-18T12:32:29+00:00\",\"dateModified\":\"2025-08-12T08:37:20+00:00\",\"description\":\"Chaque semaine, des centaines d'enfants participent \u00e0 la cat\u00e9ch\u00e8se et chaque ann\u00e9e, de nombreux enfants re\u00e7oivent leur premi\u00e8re communion\",\"breadcrumb\":{\"@id\":\"https:\\\/\\\/acninternational.org\\\/fr\\\/festival-des-enfants-en-bielorussie-celebration-de-la-foi-et-de-la-paix\\\/#breadcrumb\"},\"inLanguage\":\"fr-FR\",\"potentialAction\":[{\"@type\":\"ReadAction\",\"target\":[\"https:\\\/\\\/acninternational.org\\\/fr\\\/festival-des-enfants-en-bielorussie-celebration-de-la-foi-et-de-la-paix\\\/\"]}]},{\"@type\":\"ImageObject\",\"inLanguage\":\"fr-FR\",\"@id\":\"https:\\\/\\\/acninternational.org\\\/fr\\\/festival-des-enfants-en-bielorussie-celebration-de-la-foi-et-de-la-paix\\\/#primaryimage\",\"url\":\"https:\\\/\\\/media.acninternational.org\\\/wp-content\\\/uploads\\\/2024\\\/07\\\/acn-celebration-of-faith-and-peace-at-childrens-festival-in-belarus.jpg\",\"contentUrl\":\"https:\\\/\\\/media.acninternational.org\\\/wp-content\\\/uploads\\\/2024\\\/07\\\/acn-celebration-of-faith-and-peace-at-childrens-festival-in-belarus.jpg\",\"width\":1920,\"height\":700},{\"@type\":\"BreadcrumbList\",\"@id\":\"https:\\\/\\\/acninternational.org\\\/fr\\\/festival-des-enfants-en-bielorussie-celebration-de-la-foi-et-de-la-paix\\\/#breadcrumb\",\"itemListElement\":[{\"@type\":\"ListItem\",\"position\":1,\"name\":\"Home\",\"item\":\"https:\\\/\\\/acninternational.org\\\/fr\\\/\"},{\"@type\":\"ListItem\",\"position\":2,\"name\":\"Nouvelles\",\"item\":\"https:\\\/\\\/acninternational.org\\\/fr\\\/category\\\/news-fr\\\/\"},{\"@type\":\"ListItem\",\"position\":3,\"name\":\"Festival des enfants en Bi\u00e9lorussie : c\u00e9l\u00e9bration de la foi et de la paix\"}]},{\"@type\":\"WebSite\",\"@id\":\"https:\\\/\\\/acninternational.org\\\/fr\\\/#website\",\"url\":\"https:\\\/\\\/acninternational.org\\\/fr\\\/\",\"name\":\"ACN International\",\"description\":\"\",\"publisher\":{\"@id\":\"https:\\\/\\\/acninternational.org\\\/fr\\\/#organization\"},\"potentialAction\":[{\"@type\":\"SearchAction\",\"target\":{\"@type\":\"EntryPoint\",\"urlTemplate\":\"https:\\\/\\\/acninternational.org\\\/fr\\\/?s={search_term_string}\"},\"query-input\":{\"@type\":\"PropertyValueSpecification\",\"valueRequired\":true,\"valueName\":\"search_term_string\"}}],\"inLanguage\":\"fr-FR\"},{\"@type\":\"Organization\",\"@id\":\"https:\\\/\\\/acninternational.org\\\/fr\\\/#organization\",\"name\":\"Aid to the Church in Need International\",\"url\":\"https:\\\/\\\/acninternational.org\\\/fr\\\/\",\"logo\":{\"@type\":\"ImageObject\",\"inLanguage\":\"fr-FR\",\"@id\":\"https:\\\/\\\/acninternational.org\\\/fr\\\/#\\\/schema\\\/logo\\\/image\\\/\",\"url\":\"https:\\\/\\\/media.acninternational.org\\\/wp-content\\\/uploads\\\/2019\\\/11\\\/acn_logo_blackvector.svg\",\"contentUrl\":\"https:\\\/\\\/media.acninternational.org\\\/wp-content\\\/uploads\\\/2019\\\/11\\\/acn_logo_blackvector.svg\",\"width\":232.6,\"height\":78,\"caption\":\"Aid to the Church in Need International\"},\"image\":{\"@id\":\"https:\\\/\\\/acninternational.org\\\/fr\\\/#\\\/schema\\\/logo\\\/image\\\/\"},\"sameAs\":[\"https:\\\/\\\/www.facebook.com\\\/acninternationalorg\",\"https:\\\/\\\/x.com\\\/acn_int\",\"https:\\\/\\\/www.youtube.com\\\/channel\\\/UCQ-077gS0TnVzkhHmf1opZw\",\"https:\\\/\\\/www.instagram.com\\\/acn_international\\\/\"]},{\"@type\":\"Person\",\"@id\":\"https:\\\/\\\/acninternational.org\\\/fr\\\/#\\\/schema\\\/person\\\/7f3dafb236b242fb2aa46be1411fd703\",\"name\":\"ACN Press Team\",\"description\":\"Lorem ipsum dolor sit amet, consectetur adipiscing elit, sed do eiusmod tempor incididunt ut labore et dolore magna aliqua. Ut enim ad minim veniam, quis nostrud exercitation ullamco laboris nisi ut aliquip ex ea commodo consequat.\",\"url\":\"https:\\\/\\\/acninternational.org\\\/fr\\\/author\\\/acn-press-team\\\/\"}]}<\/script>\n<!-- \/ Yoast SEO Premium plugin. -->","yoast_head_json":{"title":"Festival des enfants en Bi\u00e9lorussie : c\u00e9l\u00e9bration de la foi et de la paix | ACN International","description":"Chaque semaine, des centaines d'enfants participent \u00e0 la cat\u00e9ch\u00e8se et chaque ann\u00e9e, de nombreux enfants re\u00e7oivent leur premi\u00e8re communion","robots":{"index":"index","follow":"follow","max-snippet":"max-snippet:-1","max-image-preview":"max-image-preview:large","max-video-preview":"max-video-preview:-1"},"canonical":"https:\/\/acninternational.org\/fr\/festival-des-enfants-en-bielorussie-celebration-de-la-foi-et-de-la-paix\/","og_locale":"fr_FR","og_type":"article","og_title":"Festival des enfants en Bi\u00e9lorussie : c\u00e9l\u00e9bration de la foi et de la paix","og_description":"Chaque semaine, des centaines d'enfants participent \u00e0 la cat\u00e9ch\u00e8se et chaque ann\u00e9e, de nombreux enfants re\u00e7oivent leur premi\u00e8re communion","og_url":"https:\/\/acninternational.org\/fr\/festival-des-enfants-en-bielorussie-celebration-de-la-foi-et-de-la-paix\/","og_site_name":"ACN International","article_publisher":"https:\/\/www.facebook.com\/acninternationalorg","article_published_time":"2024-07-18T12:32:29+00:00","article_modified_time":"2025-08-12T08:37:20+00:00","og_image":[{"width":1920,"height":700,"url":"https:\/\/media.acninternational.org\/wp-content\/uploads\/2024\/07\/acn-celebration-of-faith-and-peace-at-childrens-festival-in-belarus.jpg","type":"image\/jpeg"}],"author":"ACN Press Team","twitter_card":"summary_large_image","twitter_creator":"@acn_int","twitter_site":"@acn_int","twitter_misc":{"\u00c9crit par":"ACN Press Team","Dur\u00e9e de lecture estim\u00e9e":"2 minutes"},"schema":{"@context":"https:\/\/schema.org","@graph":[{"@type":"Article","@id":"https:\/\/acninternational.org\/fr\/festival-des-enfants-en-bielorussie-celebration-de-la-foi-et-de-la-paix\/#article","isPartOf":{"@id":"https:\/\/acninternational.org\/fr\/festival-des-enfants-en-bielorussie-celebration-de-la-foi-et-de-la-paix\/"},"author":{"name":"ACN Press Team","@id":"https:\/\/acninternational.org\/fr\/#\/schema\/person\/7f3dafb236b242fb2aa46be1411fd703"},"headline":"Festival des enfants en Bi\u00e9lorussie : c\u00e9l\u00e9bration de la foi et de la paix","datePublished":"2024-07-18T12:32:29+00:00","dateModified":"2025-08-12T08:37:20+00:00","mainEntityOfPage":{"@id":"https:\/\/acninternational.org\/fr\/festival-des-enfants-en-bielorussie-celebration-de-la-foi-et-de-la-paix\/"},"wordCount":409,"publisher":{"@id":"https:\/\/acninternational.org\/fr\/#organization"},"image":{"@id":"https:\/\/acninternational.org\/fr\/festival-des-enfants-en-bielorussie-celebration-de-la-foi-et-de-la-paix\/#primaryimage"},"thumbnailUrl":"https:\/\/media.acninternational.org\/wp-content\/uploads\/2024\/07\/acn-celebration-of-faith-and-peace-at-childrens-festival-in-belarus.jpg","articleSection":["Nouvelles"],"inLanguage":"fr-FR"},{"@type":"WebPage","@id":"https:\/\/acninternational.org\/fr\/festival-des-enfants-en-bielorussie-celebration-de-la-foi-et-de-la-paix\/","url":"https:\/\/acninternational.org\/fr\/festival-des-enfants-en-bielorussie-celebration-de-la-foi-et-de-la-paix\/","name":"Festival des enfants en Bi\u00e9lorussie : c\u00e9l\u00e9bration de la foi et de la paix | ACN International","isPartOf":{"@id":"https:\/\/acninternational.org\/fr\/#website"},"primaryImageOfPage":{"@id":"https:\/\/acninternational.org\/fr\/festival-des-enfants-en-bielorussie-celebration-de-la-foi-et-de-la-paix\/#primaryimage"},"image":{"@id":"https:\/\/acninternational.org\/fr\/festival-des-enfants-en-bielorussie-celebration-de-la-foi-et-de-la-paix\/#primaryimage"},"thumbnailUrl":"https:\/\/media.acninternational.org\/wp-content\/uploads\/2024\/07\/acn-celebration-of-faith-and-peace-at-childrens-festival-in-belarus.jpg","datePublished":"2024-07-18T12:32:29+00:00","dateModified":"2025-08-12T08:37:20+00:00","description":"Chaque semaine, des centaines d'enfants participent \u00e0 la cat\u00e9ch\u00e8se et chaque ann\u00e9e, de nombreux enfants re\u00e7oivent leur premi\u00e8re communion","breadcrumb":{"@id":"https:\/\/acninternational.org\/fr\/festival-des-enfants-en-bielorussie-celebration-de-la-foi-et-de-la-paix\/#breadcrumb"},"inLanguage":"fr-FR","potentialAction":[{"@type":"ReadAction","target":["https:\/\/acninternational.org\/fr\/festival-des-enfants-en-bielorussie-celebration-de-la-foi-et-de-la-paix\/"]}]},{"@type":"ImageObject","inLanguage":"fr-FR","@id":"https:\/\/acninternational.org\/fr\/festival-des-enfants-en-bielorussie-celebration-de-la-foi-et-de-la-paix\/#primaryimage","url":"https:\/\/media.acninternational.org\/wp-content\/uploads\/2024\/07\/acn-celebration-of-faith-and-peace-at-childrens-festival-in-belarus.jpg","contentUrl":"https:\/\/media.acninternational.org\/wp-content\/uploads\/2024\/07\/acn-celebration-of-faith-and-peace-at-childrens-festival-in-belarus.jpg","width":1920,"height":700},{"@type":"BreadcrumbList","@id":"https:\/\/acninternational.org\/fr\/festival-des-enfants-en-bielorussie-celebration-de-la-foi-et-de-la-paix\/#breadcrumb","itemListElement":[{"@type":"ListItem","position":1,"name":"Home","item":"https:\/\/acninternational.org\/fr\/"},{"@type":"ListItem","position":2,"name":"Nouvelles","item":"https:\/\/acninternational.org\/fr\/category\/news-fr\/"},{"@type":"ListItem","position":3,"name":"Festival des enfants en Bi\u00e9lorussie : c\u00e9l\u00e9bration de la foi et de la paix"}]},{"@type":"WebSite","@id":"https:\/\/acninternational.org\/fr\/#website","url":"https:\/\/acninternational.org\/fr\/","name":"ACN International","description":"","publisher":{"@id":"https:\/\/acninternational.org\/fr\/#organization"},"potentialAction":[{"@type":"SearchAction","target":{"@type":"EntryPoint","urlTemplate":"https:\/\/acninternational.org\/fr\/?s={search_term_string}"},"query-input":{"@type":"PropertyValueSpecification","valueRequired":true,"valueName":"search_term_string"}}],"inLanguage":"fr-FR"},{"@type":"Organization","@id":"https:\/\/acninternational.org\/fr\/#organization","name":"Aid to the Church in Need International","url":"https:\/\/acninternational.org\/fr\/","logo":{"@type":"ImageObject","inLanguage":"fr-FR","@id":"https:\/\/acninternational.org\/fr\/#\/schema\/logo\/image\/","url":"https:\/\/media.acninternational.org\/wp-content\/uploads\/2019\/11\/acn_logo_blackvector.svg","contentUrl":"https:\/\/media.acninternational.org\/wp-content\/uploads\/2019\/11\/acn_logo_blackvector.svg","width":232.6,"height":78,"caption":"Aid to the Church in Need International"},"image":{"@id":"https:\/\/acninternational.org\/fr\/#\/schema\/logo\/image\/"},"sameAs":["https:\/\/www.facebook.com\/acninternationalorg","https:\/\/x.com\/acn_int","https:\/\/www.youtube.com\/channel\/UCQ-077gS0TnVzkhHmf1opZw","https:\/\/www.instagram.com\/acn_international\/"]},{"@type":"Person","@id":"https:\/\/acninternational.org\/fr\/#\/schema\/person\/7f3dafb236b242fb2aa46be1411fd703","name":"ACN Press Team","description":"Lorem ipsum dolor sit amet, consectetur adipiscing elit, sed do eiusmod tempor incididunt ut labore et dolore magna aliqua. Ut enim ad minim veniam, quis nostrud exercitation ullamco laboris nisi ut aliquip ex ea commodo consequat.","url":"https:\/\/acninternational.org\/fr\/author\/acn-press-team\/"}]}},"_links":{"self":[{"href":"https:\/\/acninternational.org\/fr\/wp-json\/wp\/v2\/posts\/217148","targetHints":{"allow":["GET"]}}],"collection":[{"href":"https:\/\/acninternational.org\/fr\/wp-json\/wp\/v2\/posts"}],"about":[{"href":"https:\/\/acninternational.org\/fr\/wp-json\/wp\/v2\/types\/post"}],"author":[{"embeddable":true,"href":"https:\/\/acninternational.org\/fr\/wp-json\/wp\/v2\/users\/4258341447"}],"replies":[{"embeddable":true,"href":"https:\/\/acninternational.org\/fr\/wp-json\/wp\/v2\/comments?post=217148"}],"version-history":[{"count":1,"href":"https:\/\/acninternational.org\/fr\/wp-json\/wp\/v2\/posts\/217148\/revisions"}],"predecessor-version":[{"id":245569,"href":"https:\/\/acninternational.org\/fr\/wp-json\/wp\/v2\/posts\/217148\/revisions\/245569"}],"wp:featuredmedia":[{"embeddable":true,"href":"https:\/\/acninternational.org\/fr\/wp-json\/wp\/v2\/media\/217140"}],"wp:attachment":[{"href":"https:\/\/acninternational.org\/fr\/wp-json\/wp\/v2\/media?parent=217148"}],"wp:term":[{"taxonomy":"category","embeddable":true,"href":"https:\/\/acninternational.org\/fr\/wp-json\/wp\/v2\/categories?post=217148"},{"taxonomy":"post_tag","embeddable":true,"href":"https:\/\/acninternational.org\/fr\/wp-json\/wp\/v2\/tags?post=217148"},{"taxonomy":"country","embeddable":true,"href":"https:\/\/acninternational.org\/fr\/wp-json\/wp\/v2\/country?post=217148"}],"curies":[{"name":"wp","href":"https:\/\/api.w.org\/{rel}","templated":true}]}}