{"id":214292,"date":"2024-07-03T18:57:09","date_gmt":"2024-07-03T16:57:09","guid":{"rendered":"https:\/\/acninternational.org\/?p=214292"},"modified":"2025-08-12T10:38:02","modified_gmt":"2025-08-12T08:38:02","slug":"pakistan-un-appel-desespere-en-faveur-dun-chretien-condamne-a-mort","status":"publish","type":"post","link":"https:\/\/acninternational.org\/fr\/pakistan-un-appel-desespere-en-faveur-dun-chretien-condamne-a-mort\/","title":{"rendered":"Pakistan : Un appel d\u00e9sesp\u00e9r\u00e9 en faveur d&rsquo;un chr\u00e9tien condamn\u00e9 \u00e0 mort"},"content":{"rendered":"<p style=\"font-weight: 400;\"><em>Mgr Samson Shukardin, \u00e9v\u00eaque d&rsquo;Hyderabad et pr\u00e9sident de la Commission Nationale (catholique) pour la Justice et la Paix au Pakistan a fustig\u00e9 un tribunal pour sa condamnation \u00e0 mort d\u2019un chr\u00e9tien reconnu coupable de blasph\u00e8me dans le cadre de l&rsquo;une des pires atrocit\u00e9s contre les minorit\u00e9s de l&rsquo;histoire du pays. <\/em><\/p>\n<p style=\"font-weight: 400;\">Le tribunal antiterroriste de Sahiwal vient de d\u00e9clarer Mr Ehsan coupable de blasph\u00e8me, pour avoir partag\u00e9 sur les r\u00e9seaux sociaux des contenus jug\u00e9s \u00ab\u00a0insultants pour l&rsquo;islam et son proph\u00e8te\u00a0\u00bb. Mgr Samson Shukardin, \u00e9v\u00eaque d&rsquo;Hyderabad et pr\u00e9sident de la Conf\u00e9rence \u00e9piscopale catholique du Pakistan, a qualifi\u00e9 de \u00ab tr\u00e8s, tr\u00e8s douloureux \u00bb le jugement rendu dans l&rsquo;affaire Ehsan Shan.<\/p>\n<figure id=\"attachment_213338\" aria-describedby=\"caption-attachment-213338\" style=\"width: 800px\" class=\"wp-caption aligncenter\"><img loading=\"lazy\" decoding=\"async\" class=\"wp-image-213338 size-large\" src=\"https:\/\/media.acninternational.org\/wp-content\/uploads\/2024\/07\/ACN-20230320-142843-1024x759.jpg\" alt=\"L'\u00e9v\u00eaque Samson Shukardin OFM de Hyderabad, Pakistan\" width=\"800\" height=\"593\" srcset=\"https:\/\/media.acninternational.org\/wp-content\/uploads\/2024\/07\/ACN-20230320-142843-1024x759.jpg 1024w, https:\/\/media.acninternational.org\/wp-content\/uploads\/2024\/07\/ACN-20230320-142843-300x222.jpg 300w, https:\/\/media.acninternational.org\/wp-content\/uploads\/2024\/07\/ACN-20230320-142843-768x569.jpg 768w, https:\/\/media.acninternational.org\/wp-content\/uploads\/2024\/07\/ACN-20230320-142843.jpg 1080w\" sizes=\"auto, (max-width: 800px) 100vw, 800px\" \/><figcaption id=\"caption-attachment-213338\" class=\"wp-caption-text\">L&rsquo;\u00e9v\u00eaque Samson Shukardin OFM de Hyderabad, Pakistan<\/figcaption><\/figure>\n<p style=\"font-weight: 400;\">Mr Shan, un homme de Sahiwal \u00e2g\u00e9 d&rsquo;une vingtaine d&rsquo;ann\u00e9es, n&rsquo;a pas \u00e9t\u00e9 accus\u00e9 d&rsquo;avoir profan\u00e9 le <em>Coran <\/em>mais d&rsquo;avoir mis en ligne une image du texte sacr\u00e9 ab\u00eem\u00e9. Les informations faisant \u00e9tat de la profanation du texte ont d\u00e9clench\u00e9 une journ\u00e9e de violence en ao\u00fbt dernier contre les chr\u00e9tiens \u00e0 Jaranwala, dans la province du Pendjab, o\u00f9 plus de 25 \u00e9glises ont \u00e9t\u00e9 incendi\u00e9es et plus de 80 maisons chr\u00e9tiennes saccag\u00e9es. Reconnu coupable en vertu de nombreux articles du code p\u00e9nal pakistanais, Mr Shan a \u00e9galement \u00e9t\u00e9 condamn\u00e9 \u00e0 22 ans de \u00ab\u00a0prison ferme\u00a0\u00bb et \u00e0 une amende de 1 million de roupies pakistanaises (\u20ac3,335).<\/p>\n<p style=\"font-weight: 400;\">Dans une interview accord\u00e9e \u00e0 Aid to the Church in Need (ACN), une organisation caritative catholique qui soutient les chr\u00e9tiens pers\u00e9cut\u00e9s dans le besoin, Mgr Shukardin, pr\u00e9sident de la Commission Nationale pour la Justice et la Paix (NCJP) de l&rsquo;\u00c9glise catholique, a d\u00e9clar\u00e9 : \u00ab Cette d\u00e9cision est tr\u00e8s, tr\u00e8s douloureuse pour nous. Beaucoup de gens sont d\u00e9\u00e7us\u00a0\u00bb.<\/p>\n<p style=\"font-weight: 400;\">Il a appel\u00e9 la communaut\u00e9 internationale \u00e0 demander justice : \u00ab Les grandes ONG internationales et les organisations de d\u00e9fense des droits de l&rsquo;homme devraient sortir et dire quelque chose qui s&rsquo;oppose \u00e0 cette d\u00e9cision. Cela aura un impact important sur le gouvernement\u00a0\u00bb.<\/p>\n<p style=\"font-weight: 400;\">Le p\u00e8re Khalid Rashid, directeur du NCJP pour le dioc\u00e8se de Faisalabad, a d\u00e9clar\u00e9 \u00e0 ACN : \u00ab [M. Shan] a partag\u00e9 l&rsquo;image avec une seule personne, mais l&rsquo;image a ensuite \u00e9t\u00e9 partag\u00e9e par des milliers et des milliers de personnes, y compris des fonctionnaires tels que des membres de la police et du gouvernement. [M. Shan] est point\u00e9 du doigt. Il est pris pour cible. Nous condamnons ce jugement. Il est innocent parce qu&rsquo;il n&rsquo;a pas re\u00e7u une bonne \u00e9ducation. Il est issu d&rsquo;une famille tr\u00e8s pauvre. Parfois, les gens ne comprennent pas ces choses \u2013 il n&rsquo;avait aucune id\u00e9e qu&rsquo;en partageant ce contenu, il serait consid\u00e9r\u00e9 comme nuisible. A l\u2019\u00e9poque [<a href=\"https:\/\/acninternational.org\/fr\/pakistan-les-chretiens-terrifies-apres-que-la-foule-ait-brule-des-eglises-et-des-maisons\/\" target=\"_blank\" rel=\"noopener\">apr\u00e8s l&rsquo;atrocit\u00e9 de Jaranwala en ao\u00fbt dernier<\/a>], tout le monde a partag\u00e9 la nouvelle\u00a0\u00bb.<\/p>\n<p style=\"font-weight: 400;\">Le p\u00e8re Rashid a d\u00e9clar\u00e9 que le tribunal antiterroriste de Sahiwal avait subi des pressions pour rendre un verdict de culpabilit\u00e9. Il a d\u00e9clar\u00e9\u00a0: \u00ab\u00a0C&rsquo;est \u00e0 cause des terroristes, des extr\u00e9mistes et d&rsquo;autres groupes fondamentaux que ce jugement a \u00e9t\u00e9 rendu. Ces groupes ont menac\u00e9 le juge et c&rsquo;est pourquoi le juge a prononc\u00e9 ce type de jugement\u00a0\u00bb.<\/p>\n<p style=\"font-weight: 400;\">Le pr\u00eatre a d\u00e9clar\u00e9 que le tribunal avait pr\u00e9cipit\u00e9 sa d\u00e9cision, affirmant qu\u2019il s\u2019agissait d\u2019un signe de pression indue. Le p\u00e8re Rashid a d\u00e9clar\u00e9 que lui-m\u00eame et les avocats avec lesquels il travaille en \u00e9troite collaboration porteront l&rsquo;affaire en appel devant la Haute Cour de Lahore.<\/p>\n<p style=\"font-weight: 400;\">Le verdict du tribunal antiterroriste de Sahiwal contre Mr Shan s&rsquo;inscrit dans un contexte d&rsquo;aggravation des pers\u00e9cutions \u00e0 l&rsquo;encontre des chr\u00e9tiens et des autres minorit\u00e9s au Pakistan. L&rsquo;incendie massif d&rsquo;\u00e9glises dans le district de Jaranwala en ao\u00fbt 2023 a contribu\u00e9 aux menaces de violence \u00e0 l\u2019encontre des chr\u00e9tiens dans la ville de Sargodha, au Pendjab, o\u00f9 en mai dernier, une foule de milliers de personnes s&rsquo;est d\u00e9cha\u00een\u00e9e, toujours en r\u00e9ponse \u00e0 une all\u00e9gation de blasph\u00e8me. Ils ont lynch\u00e9 un homme de 73 ans, Nazir Gill Masih, originaire de Sargodha, qui a succomb\u00e9 \u00e0 ses blessures. Quand la nouvelle de sa mort est tomb\u00e9e, les chr\u00e9tiens terrifi\u00e9s de Sargodha avaient d\u00e9j\u00e0 fui la ville en masse.<\/p>\n<p style=\"font-weight: 400;\">Le mois dernier \u00e9galement, deux musulmans ahmadis ont \u00e9t\u00e9 tu\u00e9s par balle dans le district de Mandi Bahauddin au Pendjab. \u00a0Il a \u00e9t\u00e9 affirm\u00e9 que les responsables appartenaient au Tehreek-e-Labbaik (TLP), un groupe religieux et politique radical li\u00e9 aux violences \u00e0 Jaranwala et Sargodha.<\/p>\n<p style=\"font-weight: 400;\">Mgr Shukardin a d\u00e9clar\u00e9 : \u00ab Les minorit\u00e9s souffrent de plus en plus. Les minorit\u00e9s ont peur et ne se sentent pas \u00e0 l&rsquo;aise. Ils craignent de s&rsquo;exprimer en public\u00a0\u00bb.<\/p>\n<figure id=\"attachment_213344\" aria-describedby=\"caption-attachment-213344\" style=\"width: 800px\" class=\"wp-caption aligncenter\"><img loading=\"lazy\" decoding=\"async\" class=\"wp-image-213344 size-large\" src=\"https:\/\/media.acninternational.org\/wp-content\/uploads\/2024\/07\/ACN-20230505-145500-1024x683.jpg\" alt=\"L'\u00e9v\u00eaque Samson Shukardin b\u00e9nit des enfants\" width=\"800\" height=\"534\" srcset=\"https:\/\/media.acninternational.org\/wp-content\/uploads\/2024\/07\/ACN-20230505-145500-1024x683.jpg 1024w, https:\/\/media.acninternational.org\/wp-content\/uploads\/2024\/07\/ACN-20230505-145500-300x200.jpg 300w, https:\/\/media.acninternational.org\/wp-content\/uploads\/2024\/07\/ACN-20230505-145500-768x512.jpg 768w, https:\/\/media.acninternational.org\/wp-content\/uploads\/2024\/07\/ACN-20230505-145500.jpg 1080w\" sizes=\"auto, (max-width: 800px) 100vw, 800px\" \/><figcaption id=\"caption-attachment-213344\" class=\"wp-caption-text\">L&rsquo;\u00e9v\u00eaque Samson Shukardin b\u00e9nit des enfants<\/figcaption><\/figure>\n<p style=\"font-weight: 400;\">Il a ajout\u00e9 que les musulmans sont \u00e9galement accus\u00e9s de blasph\u00e8me, mais ce qui rend ces all\u00e9gations encore pires pour les chr\u00e9tiens, c&rsquo;est que lorsque des plaintes sont formul\u00e9es \u00e0 leur encontre, ce ne sont pas seulement des individus qui sont vis\u00e9s, mais leurs familles et des communaut\u00e9s enti\u00e8res. Mgr Shukardin a \u00e9galement soulign\u00e9 que, contrairement \u00e0 l&rsquo;affaire port\u00e9e contre Mr Shan, il n&rsquo;y a eu aucune condamnation contre les personnes impliqu\u00e9es dans les attaques contre les chr\u00e9tiens \u00e0 Sargodha et Jaranwala.<\/p>\n<p style=\"font-weight: 400;\">Il a d\u00e9clar\u00e9 : \u00ab L&rsquo;un de nos chr\u00e9tiens est condamn\u00e9 \u00e0 mort, ce qui est injuste, alors que rien n&rsquo;est arriv\u00e9 aux autres accus\u00e9s de crimes contre les \u00e9glises et les maisons chr\u00e9tiennes. Au lieu de cela, ces personnes sont petit \u00e0 petit lib\u00e9r\u00e9es\u00a0\u00bb.<\/p>\n<p><span style=\"font-weight: 400;\">L&rsquo;avocat Akmal Bhatti, pr\u00e9sident de l&rsquo;Alliance des minorit\u00e9s, aurait d\u00e9clar\u00e9 qu&rsquo;\u00e0 peine une douzaine des 135 personnes arr\u00eat\u00e9es par les autorit\u00e9s dans le cadre de l&rsquo;atrocit\u00e9 de Jaranwala font l&rsquo;objet d&rsquo;un proc\u00e8s.<\/span><\/p>\n<p>&nbsp;<\/p>\n<p><span lang=\"EN-GB\"><\/p>\n","protected":false},"excerpt":{"rendered":"<p>Mgr Samson Shukardin, \u00e9v\u00eaque d&rsquo;Hyderabad et pr\u00e9sident de la Commission Nationale (catholique) pour la Justice et la Paix<\/p>\n","protected":false},"author":4258341389,"featured_media":213332,"comment_status":"closed","ping_status":"closed","sticky":false,"template":"","format":"standard","meta":{"_acf_changed":false,"_acn_coauthor_ids":[],"footnotes":""},"categories":[575,919],"tags":[],"country":[104],"class_list":["post-214292","post","type-post","status-publish","format-standard","has-post-thumbnail","hentry","category-news","category-nouvelle","country-pakistan"],"acn_coauthors":[],"acf":[],"yoast_head":"<!-- This site is optimized with the Yoast SEO Premium plugin v27.3 (Yoast SEO v27.3) - https:\/\/yoast.com\/product\/yoast-seo-premium-wordpress\/ -->\n<title>Pakistan : Un appel d\u00e9sesp\u00e9r\u00e9 en faveur d&#039;un chr\u00e9tien condamn\u00e9 \u00e0 mort | ACN International<\/title>\n<meta name=\"robots\" content=\"index, follow, max-snippet:-1, max-image-preview:large, max-video-preview:-1\" \/>\n<link rel=\"canonical\" href=\"https:\/\/acninternational.org\/fr\/pakistan-un-appel-desespere-en-faveur-dun-chretien-condamne-a-mort\/\" \/>\n<meta property=\"og:locale\" content=\"fr_FR\" \/>\n<meta property=\"og:type\" content=\"article\" \/>\n<meta property=\"og:title\" content=\"Pakistan : Un appel d\u00e9sesp\u00e9r\u00e9 en faveur d&#039;un chr\u00e9tien condamn\u00e9 \u00e0 mort\" \/>\n<meta property=\"og:description\" content=\"Mgr Samson Shukardin, \u00e9v\u00eaque d&#039;Hyderabad et pr\u00e9sident de la Commission Nationale (catholique) pour la Justice et la Paix\" \/>\n<meta property=\"og:url\" content=\"https:\/\/acninternational.org\/fr\/pakistan-un-appel-desespere-en-faveur-dun-chretien-condamne-a-mort\/\" \/>\n<meta property=\"og:site_name\" content=\"ACN International\" \/>\n<meta property=\"article:publisher\" content=\"https:\/\/www.facebook.com\/acninternationalorg\" \/>\n<meta property=\"article:published_time\" content=\"2024-07-03T16:57:09+00:00\" \/>\n<meta property=\"article:modified_time\" content=\"2025-08-12T08:38:02+00:00\" \/>\n<meta property=\"og:image\" content=\"https:\/\/media.acninternational.org\/wp-content\/uploads\/2024\/07\/ACN-20230906-152717.jpg\" \/>\n\t<meta property=\"og:image:width\" content=\"1920\" \/>\n\t<meta property=\"og:image:height\" content=\"700\" \/>\n\t<meta property=\"og:image:type\" content=\"image\/jpeg\" \/>\n<meta name=\"author\" content=\"John Pontifex\" \/>\n<meta name=\"twitter:card\" content=\"summary_large_image\" \/>\n<meta name=\"twitter:creator\" content=\"@acn_int\" \/>\n<meta name=\"twitter:site\" content=\"@acn_int\" \/>\n<meta name=\"twitter:label1\" content=\"\u00c9crit par\" \/>\n\t<meta name=\"twitter:data1\" content=\"John Pontifex\" \/>\n\t<meta name=\"twitter:label2\" content=\"Dur\u00e9e de lecture estim\u00e9e\" \/>\n\t<meta name=\"twitter:data2\" content=\"5 minutes\" \/>\n<script type=\"application\/ld+json\" class=\"yoast-schema-graph\">{\"@context\":\"https:\\\/\\\/schema.org\",\"@graph\":[{\"@type\":\"Article\",\"@id\":\"https:\\\/\\\/acninternational.org\\\/fr\\\/pakistan-un-appel-desespere-en-faveur-dun-chretien-condamne-a-mort\\\/#article\",\"isPartOf\":{\"@id\":\"https:\\\/\\\/acninternational.org\\\/fr\\\/pakistan-un-appel-desespere-en-faveur-dun-chretien-condamne-a-mort\\\/\"},\"author\":{\"name\":\"John Pontifex\",\"@id\":\"https:\\\/\\\/acninternational.org\\\/fr\\\/#\\\/schema\\\/person\\\/1ea5fac944712be031870cc7267c325f\"},\"headline\":\"Pakistan : Un appel d\u00e9sesp\u00e9r\u00e9 en faveur d&rsquo;un chr\u00e9tien condamn\u00e9 \u00e0 mort\",\"datePublished\":\"2024-07-03T16:57:09+00:00\",\"dateModified\":\"2025-08-12T08:38:02+00:00\",\"mainEntityOfPage\":{\"@id\":\"https:\\\/\\\/acninternational.org\\\/fr\\\/pakistan-un-appel-desespere-en-faveur-dun-chretien-condamne-a-mort\\\/\"},\"wordCount\":1051,\"publisher\":{\"@id\":\"https:\\\/\\\/acninternational.org\\\/fr\\\/#organization\"},\"image\":{\"@id\":\"https:\\\/\\\/acninternational.org\\\/fr\\\/pakistan-un-appel-desespere-en-faveur-dun-chretien-condamne-a-mort\\\/#primaryimage\"},\"thumbnailUrl\":\"https:\\\/\\\/media.acninternational.org\\\/wp-content\\\/uploads\\\/2024\\\/07\\\/ACN-20230906-152717.jpg\",\"articleSection\":[\"News\",\"Nouvelle\"],\"inLanguage\":\"fr-FR\"},{\"@type\":\"WebPage\",\"@id\":\"https:\\\/\\\/acninternational.org\\\/fr\\\/pakistan-un-appel-desespere-en-faveur-dun-chretien-condamne-a-mort\\\/\",\"url\":\"https:\\\/\\\/acninternational.org\\\/fr\\\/pakistan-un-appel-desespere-en-faveur-dun-chretien-condamne-a-mort\\\/\",\"name\":\"Pakistan : Un appel d\u00e9sesp\u00e9r\u00e9 en faveur d'un chr\u00e9tien condamn\u00e9 \u00e0 mort | ACN International\",\"isPartOf\":{\"@id\":\"https:\\\/\\\/acninternational.org\\\/fr\\\/#website\"},\"primaryImageOfPage\":{\"@id\":\"https:\\\/\\\/acninternational.org\\\/fr\\\/pakistan-un-appel-desespere-en-faveur-dun-chretien-condamne-a-mort\\\/#primaryimage\"},\"image\":{\"@id\":\"https:\\\/\\\/acninternational.org\\\/fr\\\/pakistan-un-appel-desespere-en-faveur-dun-chretien-condamne-a-mort\\\/#primaryimage\"},\"thumbnailUrl\":\"https:\\\/\\\/media.acninternational.org\\\/wp-content\\\/uploads\\\/2024\\\/07\\\/ACN-20230906-152717.jpg\",\"datePublished\":\"2024-07-03T16:57:09+00:00\",\"dateModified\":\"2025-08-12T08:38:02+00:00\",\"breadcrumb\":{\"@id\":\"https:\\\/\\\/acninternational.org\\\/fr\\\/pakistan-un-appel-desespere-en-faveur-dun-chretien-condamne-a-mort\\\/#breadcrumb\"},\"inLanguage\":\"fr-FR\",\"potentialAction\":[{\"@type\":\"ReadAction\",\"target\":[\"https:\\\/\\\/acninternational.org\\\/fr\\\/pakistan-un-appel-desespere-en-faveur-dun-chretien-condamne-a-mort\\\/\"]}]},{\"@type\":\"ImageObject\",\"inLanguage\":\"fr-FR\",\"@id\":\"https:\\\/\\\/acninternational.org\\\/fr\\\/pakistan-un-appel-desespere-en-faveur-dun-chretien-condamne-a-mort\\\/#primaryimage\",\"url\":\"https:\\\/\\\/media.acninternational.org\\\/wp-content\\\/uploads\\\/2024\\\/07\\\/ACN-20230906-152717.jpg\",\"contentUrl\":\"https:\\\/\\\/media.acninternational.org\\\/wp-content\\\/uploads\\\/2024\\\/07\\\/ACN-20230906-152717.jpg\",\"width\":1920,\"height\":700},{\"@type\":\"BreadcrumbList\",\"@id\":\"https:\\\/\\\/acninternational.org\\\/fr\\\/pakistan-un-appel-desespere-en-faveur-dun-chretien-condamne-a-mort\\\/#breadcrumb\",\"itemListElement\":[{\"@type\":\"ListItem\",\"position\":1,\"name\":\"Home\",\"item\":\"https:\\\/\\\/acninternational.org\\\/fr\\\/\"},{\"@type\":\"ListItem\",\"position\":2,\"name\":\"Nouvelles\",\"item\":\"https:\\\/\\\/acninternational.org\\\/fr\\\/category\\\/news-fr\\\/\"},{\"@type\":\"ListItem\",\"position\":3,\"name\":\"Pakistan : Un appel d\u00e9sesp\u00e9r\u00e9 en faveur d&rsquo;un chr\u00e9tien condamn\u00e9 \u00e0 mort\"}]},{\"@type\":\"WebSite\",\"@id\":\"https:\\\/\\\/acninternational.org\\\/fr\\\/#website\",\"url\":\"https:\\\/\\\/acninternational.org\\\/fr\\\/\",\"name\":\"ACN International\",\"description\":\"\",\"publisher\":{\"@id\":\"https:\\\/\\\/acninternational.org\\\/fr\\\/#organization\"},\"potentialAction\":[{\"@type\":\"SearchAction\",\"target\":{\"@type\":\"EntryPoint\",\"urlTemplate\":\"https:\\\/\\\/acninternational.org\\\/fr\\\/?s={search_term_string}\"},\"query-input\":{\"@type\":\"PropertyValueSpecification\",\"valueRequired\":true,\"valueName\":\"search_term_string\"}}],\"inLanguage\":\"fr-FR\"},{\"@type\":\"Organization\",\"@id\":\"https:\\\/\\\/acninternational.org\\\/fr\\\/#organization\",\"name\":\"Aid to the Church in Need International\",\"url\":\"https:\\\/\\\/acninternational.org\\\/fr\\\/\",\"logo\":{\"@type\":\"ImageObject\",\"inLanguage\":\"fr-FR\",\"@id\":\"https:\\\/\\\/acninternational.org\\\/fr\\\/#\\\/schema\\\/logo\\\/image\\\/\",\"url\":\"https:\\\/\\\/media.acninternational.org\\\/wp-content\\\/uploads\\\/2019\\\/11\\\/acn_logo_blackvector.svg\",\"contentUrl\":\"https:\\\/\\\/media.acninternational.org\\\/wp-content\\\/uploads\\\/2019\\\/11\\\/acn_logo_blackvector.svg\",\"width\":232.6,\"height\":78,\"caption\":\"Aid to the Church in Need International\"},\"image\":{\"@id\":\"https:\\\/\\\/acninternational.org\\\/fr\\\/#\\\/schema\\\/logo\\\/image\\\/\"},\"sameAs\":[\"https:\\\/\\\/www.facebook.com\\\/acninternationalorg\",\"https:\\\/\\\/x.com\\\/acn_int\",\"https:\\\/\\\/www.youtube.com\\\/channel\\\/UCQ-077gS0TnVzkhHmf1opZw\",\"https:\\\/\\\/www.instagram.com\\\/acn_international\\\/\"]},{\"@type\":\"Person\",\"@id\":\"https:\\\/\\\/acninternational.org\\\/fr\\\/#\\\/schema\\\/person\\\/1ea5fac944712be031870cc7267c325f\",\"name\":\"John Pontifex\",\"description\":\"Lorem ipsum dolor sit amet, consectetur adipiscing elit, sed do eiusmod tempor incididunt ut labore et dolore magna aliqua. Ut enim ad minim veniam, quis nostrud exercitation ullamco laboris nisi ut aliquip ex ea commodo consequat.\",\"url\":\"https:\\\/\\\/acninternational.org\\\/fr\\\/author\\\/john-pontifex\\\/\"}]}<\/script>\n<!-- \/ Yoast SEO Premium plugin. -->","yoast_head_json":{"title":"Pakistan : Un appel d\u00e9sesp\u00e9r\u00e9 en faveur d'un chr\u00e9tien condamn\u00e9 \u00e0 mort | ACN International","robots":{"index":"index","follow":"follow","max-snippet":"max-snippet:-1","max-image-preview":"max-image-preview:large","max-video-preview":"max-video-preview:-1"},"canonical":"https:\/\/acninternational.org\/fr\/pakistan-un-appel-desespere-en-faveur-dun-chretien-condamne-a-mort\/","og_locale":"fr_FR","og_type":"article","og_title":"Pakistan : Un appel d\u00e9sesp\u00e9r\u00e9 en faveur d'un chr\u00e9tien condamn\u00e9 \u00e0 mort","og_description":"Mgr Samson Shukardin, \u00e9v\u00eaque d'Hyderabad et pr\u00e9sident de la Commission Nationale (catholique) pour la Justice et la Paix","og_url":"https:\/\/acninternational.org\/fr\/pakistan-un-appel-desespere-en-faveur-dun-chretien-condamne-a-mort\/","og_site_name":"ACN International","article_publisher":"https:\/\/www.facebook.com\/acninternationalorg","article_published_time":"2024-07-03T16:57:09+00:00","article_modified_time":"2025-08-12T08:38:02+00:00","og_image":[{"width":1920,"height":700,"url":"https:\/\/media.acninternational.org\/wp-content\/uploads\/2024\/07\/ACN-20230906-152717.jpg","type":"image\/jpeg"}],"author":"John Pontifex","twitter_card":"summary_large_image","twitter_creator":"@acn_int","twitter_site":"@acn_int","twitter_misc":{"\u00c9crit par":"John Pontifex","Dur\u00e9e de lecture estim\u00e9e":"5 minutes"},"schema":{"@context":"https:\/\/schema.org","@graph":[{"@type":"Article","@id":"https:\/\/acninternational.org\/fr\/pakistan-un-appel-desespere-en-faveur-dun-chretien-condamne-a-mort\/#article","isPartOf":{"@id":"https:\/\/acninternational.org\/fr\/pakistan-un-appel-desespere-en-faveur-dun-chretien-condamne-a-mort\/"},"author":{"name":"John Pontifex","@id":"https:\/\/acninternational.org\/fr\/#\/schema\/person\/1ea5fac944712be031870cc7267c325f"},"headline":"Pakistan : Un appel d\u00e9sesp\u00e9r\u00e9 en faveur d&rsquo;un chr\u00e9tien condamn\u00e9 \u00e0 mort","datePublished":"2024-07-03T16:57:09+00:00","dateModified":"2025-08-12T08:38:02+00:00","mainEntityOfPage":{"@id":"https:\/\/acninternational.org\/fr\/pakistan-un-appel-desespere-en-faveur-dun-chretien-condamne-a-mort\/"},"wordCount":1051,"publisher":{"@id":"https:\/\/acninternational.org\/fr\/#organization"},"image":{"@id":"https:\/\/acninternational.org\/fr\/pakistan-un-appel-desespere-en-faveur-dun-chretien-condamne-a-mort\/#primaryimage"},"thumbnailUrl":"https:\/\/media.acninternational.org\/wp-content\/uploads\/2024\/07\/ACN-20230906-152717.jpg","articleSection":["News","Nouvelle"],"inLanguage":"fr-FR"},{"@type":"WebPage","@id":"https:\/\/acninternational.org\/fr\/pakistan-un-appel-desespere-en-faveur-dun-chretien-condamne-a-mort\/","url":"https:\/\/acninternational.org\/fr\/pakistan-un-appel-desespere-en-faveur-dun-chretien-condamne-a-mort\/","name":"Pakistan : Un appel d\u00e9sesp\u00e9r\u00e9 en faveur d'un chr\u00e9tien condamn\u00e9 \u00e0 mort | ACN International","isPartOf":{"@id":"https:\/\/acninternational.org\/fr\/#website"},"primaryImageOfPage":{"@id":"https:\/\/acninternational.org\/fr\/pakistan-un-appel-desespere-en-faveur-dun-chretien-condamne-a-mort\/#primaryimage"},"image":{"@id":"https:\/\/acninternational.org\/fr\/pakistan-un-appel-desespere-en-faveur-dun-chretien-condamne-a-mort\/#primaryimage"},"thumbnailUrl":"https:\/\/media.acninternational.org\/wp-content\/uploads\/2024\/07\/ACN-20230906-152717.jpg","datePublished":"2024-07-03T16:57:09+00:00","dateModified":"2025-08-12T08:38:02+00:00","breadcrumb":{"@id":"https:\/\/acninternational.org\/fr\/pakistan-un-appel-desespere-en-faveur-dun-chretien-condamne-a-mort\/#breadcrumb"},"inLanguage":"fr-FR","potentialAction":[{"@type":"ReadAction","target":["https:\/\/acninternational.org\/fr\/pakistan-un-appel-desespere-en-faveur-dun-chretien-condamne-a-mort\/"]}]},{"@type":"ImageObject","inLanguage":"fr-FR","@id":"https:\/\/acninternational.org\/fr\/pakistan-un-appel-desespere-en-faveur-dun-chretien-condamne-a-mort\/#primaryimage","url":"https:\/\/media.acninternational.org\/wp-content\/uploads\/2024\/07\/ACN-20230906-152717.jpg","contentUrl":"https:\/\/media.acninternational.org\/wp-content\/uploads\/2024\/07\/ACN-20230906-152717.jpg","width":1920,"height":700},{"@type":"BreadcrumbList","@id":"https:\/\/acninternational.org\/fr\/pakistan-un-appel-desespere-en-faveur-dun-chretien-condamne-a-mort\/#breadcrumb","itemListElement":[{"@type":"ListItem","position":1,"name":"Home","item":"https:\/\/acninternational.org\/fr\/"},{"@type":"ListItem","position":2,"name":"Nouvelles","item":"https:\/\/acninternational.org\/fr\/category\/news-fr\/"},{"@type":"ListItem","position":3,"name":"Pakistan : Un appel d\u00e9sesp\u00e9r\u00e9 en faveur d&rsquo;un chr\u00e9tien condamn\u00e9 \u00e0 mort"}]},{"@type":"WebSite","@id":"https:\/\/acninternational.org\/fr\/#website","url":"https:\/\/acninternational.org\/fr\/","name":"ACN International","description":"","publisher":{"@id":"https:\/\/acninternational.org\/fr\/#organization"},"potentialAction":[{"@type":"SearchAction","target":{"@type":"EntryPoint","urlTemplate":"https:\/\/acninternational.org\/fr\/?s={search_term_string}"},"query-input":{"@type":"PropertyValueSpecification","valueRequired":true,"valueName":"search_term_string"}}],"inLanguage":"fr-FR"},{"@type":"Organization","@id":"https:\/\/acninternational.org\/fr\/#organization","name":"Aid to the Church in Need International","url":"https:\/\/acninternational.org\/fr\/","logo":{"@type":"ImageObject","inLanguage":"fr-FR","@id":"https:\/\/acninternational.org\/fr\/#\/schema\/logo\/image\/","url":"https:\/\/media.acninternational.org\/wp-content\/uploads\/2019\/11\/acn_logo_blackvector.svg","contentUrl":"https:\/\/media.acninternational.org\/wp-content\/uploads\/2019\/11\/acn_logo_blackvector.svg","width":232.6,"height":78,"caption":"Aid to the Church in Need International"},"image":{"@id":"https:\/\/acninternational.org\/fr\/#\/schema\/logo\/image\/"},"sameAs":["https:\/\/www.facebook.com\/acninternationalorg","https:\/\/x.com\/acn_int","https:\/\/www.youtube.com\/channel\/UCQ-077gS0TnVzkhHmf1opZw","https:\/\/www.instagram.com\/acn_international\/"]},{"@type":"Person","@id":"https:\/\/acninternational.org\/fr\/#\/schema\/person\/1ea5fac944712be031870cc7267c325f","name":"John Pontifex","description":"Lorem ipsum dolor sit amet, consectetur adipiscing elit, sed do eiusmod tempor incididunt ut labore et dolore magna aliqua. Ut enim ad minim veniam, quis nostrud exercitation ullamco laboris nisi ut aliquip ex ea commodo consequat.","url":"https:\/\/acninternational.org\/fr\/author\/john-pontifex\/"}]}},"_links":{"self":[{"href":"https:\/\/acninternational.org\/fr\/wp-json\/wp\/v2\/posts\/214292","targetHints":{"allow":["GET"]}}],"collection":[{"href":"https:\/\/acninternational.org\/fr\/wp-json\/wp\/v2\/posts"}],"about":[{"href":"https:\/\/acninternational.org\/fr\/wp-json\/wp\/v2\/types\/post"}],"author":[{"embeddable":true,"href":"https:\/\/acninternational.org\/fr\/wp-json\/wp\/v2\/users\/4258341389"}],"replies":[{"embeddable":true,"href":"https:\/\/acninternational.org\/fr\/wp-json\/wp\/v2\/comments?post=214292"}],"version-history":[{"count":1,"href":"https:\/\/acninternational.org\/fr\/wp-json\/wp\/v2\/posts\/214292\/revisions"}],"predecessor-version":[{"id":245604,"href":"https:\/\/acninternational.org\/fr\/wp-json\/wp\/v2\/posts\/214292\/revisions\/245604"}],"wp:featuredmedia":[{"embeddable":true,"href":"https:\/\/acninternational.org\/fr\/wp-json\/wp\/v2\/media\/213332"}],"wp:attachment":[{"href":"https:\/\/acninternational.org\/fr\/wp-json\/wp\/v2\/media?parent=214292"}],"wp:term":[{"taxonomy":"category","embeddable":true,"href":"https:\/\/acninternational.org\/fr\/wp-json\/wp\/v2\/categories?post=214292"},{"taxonomy":"post_tag","embeddable":true,"href":"https:\/\/acninternational.org\/fr\/wp-json\/wp\/v2\/tags?post=214292"},{"taxonomy":"country","embeddable":true,"href":"https:\/\/acninternational.org\/fr\/wp-json\/wp\/v2\/country?post=214292"}],"curies":[{"name":"wp","href":"https:\/\/api.w.org\/{rel}","templated":true}]}}