{"id":212145,"date":"2024-06-25T14:13:25","date_gmt":"2024-06-25T12:13:25","guid":{"rendered":"https:\/\/acninternational.org\/?p=212145"},"modified":"2025-08-12T10:42:40","modified_gmt":"2025-08-12T08:42:40","slug":"foi-et-esperance-dans-les-bateyes-de-la-republique-dominicaine","status":"publish","type":"post","link":"https:\/\/acninternational.org\/fr\/foi-et-esperance-dans-les-bateyes-de-la-republique-dominicaine\/","title":{"rendered":"Foi et esp\u00e9rance dans les \u00ab bateyes \u00bb de la R\u00e9publique dominicaine"},"content":{"rendered":"<p style=\"font-weight: 400;\"><em>Dans le Batey 5, une localit\u00e9 situ\u00e9e dans la p\u00e9riph\u00e9rie du dioc\u00e8se de Barahona, \u00e0 la fronti\u00e8re ha\u00eftienne, trois missionnaires soutenues par la fondation pontificale Aid to the Church in Need (ACN) aident \u00e0 lutter contre la pauvret\u00e9 et l\u2019exclusion sociale dans la paroisse la plus d\u00e9munie de l\u2019un des dioc\u00e8ses les plus pauvres de la R\u00e9publique dominicaine. <\/em><\/p>\n<p style=\"font-weight: 400;\">Non loin des stations baln\u00e9aires luxueuses et des belles plages des Cara\u00efbes de la R\u00e9publique dominicaine, subsiste encore une r\u00e9alit\u00e9 difficile \u00e0 imaginer, avec de nombreuses familles vivant dans des villages constitu\u00e9s de cabanes, souvent dans des conditions d\u00e9plorables. C\u2019est l\u00e0 que se trouvent les \u00ab bateyes \u00bb, terme ta\u00efno d\u00e9signant les campements construits \u00e0 l&rsquo;apog\u00e9e de l&rsquo;\u00e8re industrielle, dans la premi\u00e8re moiti\u00e9 du XXe si\u00e8cle, pour les travailleurs de la canne \u00e0 sucre aux Antilles.<\/p>\n<figure id=\"attachment_212125\" aria-describedby=\"caption-attachment-212125\" style=\"width: 800px\" class=\"wp-caption aligncenter\"><img loading=\"lazy\" decoding=\"async\" class=\"wp-image-212125 size-large\" src=\"https:\/\/media.acninternational.org\/wp-content\/uploads\/2024\/06\/ACN-20240328-162740-1024x472.jpg\" alt=\"Des la\u00efcs re\u00e7oivent une formation \u00e0 la foi dans la paroisse de Saint Martin de Porres, R\u00e9publique dominicaine\" width=\"800\" height=\"369\" srcset=\"https:\/\/media.acninternational.org\/wp-content\/uploads\/2024\/06\/ACN-20240328-162740-1024x472.jpg 1024w, https:\/\/media.acninternational.org\/wp-content\/uploads\/2024\/06\/ACN-20240328-162740-300x138.jpg 300w, https:\/\/media.acninternational.org\/wp-content\/uploads\/2024\/06\/ACN-20240328-162740-768x354.jpg 768w, https:\/\/media.acninternational.org\/wp-content\/uploads\/2024\/06\/ACN-20240328-162740.jpg 1080w\" sizes=\"auto, (max-width: 800px) 100vw, 800px\" \/><figcaption id=\"caption-attachment-212125\" class=\"wp-caption-text\">Des la\u00efcs re\u00e7oivent une formation \u00e0 la foi dans la paroisse de Saint Martin de Porres, R\u00e9publique dominicaine<\/figcaption><\/figure>\n<p style=\"font-weight: 400;\">Selon le <a href=\"https:\/\/www.undp.org\/es\/dominican-republic\/publicaciones\/reporte-de-estudio-de-linea-base-bateyes\" target=\"_blank\" rel=\"noopener\">Programme des Nations Unies pour le d\u00e9veloppement<\/a>, environ 200.000 personnes vivent encore sans eau potable ni \u00e9lectricit\u00e9, dans 425 bateyes \u00e0 travers la R\u00e9publique dominicaine, dont beaucoup sont d\u2019origine ha\u00eftienne et dominicaine.<\/p>\n<p style=\"font-weight: 400;\">L\u2019un de ces lieux est le Batey 5, situ\u00e9 \u00e0 Barahona, dans le sud-ouest du pays. Trois religieuses de la congr\u00e9gation des Missionnaires de Marie Immacul\u00e9e et Sainte Catherine de Sienne, \u00e9galement connues sous le nom de \u00ab Lauritas \u00bb, soutenues par ACN, y habitent et servent depuis 2017 la paroisse de Saint Martin de Porres, la plus pauvre du dioc\u00e8se. Beaucoup de ses habitants travaillent dans les plantations de canne \u00e0 sucre, endurant des conditions difficiles, avec des temp\u00e9ratures sup\u00e9rieures \u00e0 30\u00b0C et gagnant moins de 10 dollars par jour.<\/p>\n<p style=\"font-weight: 400;\">\u00ab Les gens luttent chaque jour pour survivre\u00a0\u00bb, explique S\u0153ur Patricia \u00c1lvarez. \u00ab\u00a0Face \u00e0 cette dure r\u00e9alit\u00e9, nous accompagnons les gens dans leurs luttes et soutenons leurs revendications pour de meilleurs droits, afin qu\u2019ils aient des salaires d\u00e9cents et une vie digne. Cela n\u2019a pas \u00e9t\u00e9 facile, mais nous continuons \u00e0 nous battre \u00bb, raconte la missionnaire.<\/p>\n<h4 style=\"font-weight: 400;\"><strong>Un engagement qui en vaut la peine<\/strong><\/h4>\n<p style=\"font-weight: 400;\">La pr\u00e9sence des religieuses est tr\u00e8s appr\u00e9ci\u00e9e et reconnue \u00e0 Batey 5 : \u00ab\u00a0Les gens sont r\u00e9confort\u00e9s par notre pr\u00e9sence et appr\u00e9cient nos visites \u00bb, d\u00e9clare S\u0153ur Patricia. \u00ab\u00a0De nombreuses personnes sont en situation ill\u00e9gale dans le pays \u00bb, poursuit la religieuse, \u00ab et \u00e0 cause de la situation en Ha\u00efti, elles viennent chercher une vie meilleure en R\u00e9publique dominicaine, mais parfois, tout ce qu\u2019elles trouvent, c\u2019est de la discrimination, et elles ne peuvent pas sortir des bateyes parce que la police les ram\u00e8nerait \u00e0 la fronti\u00e8re\u00a0\u00bb. La s\u0153ur ajoute que le dioc\u00e8se a aid\u00e9 certaines personnes \u00e0 obtenir des documents l\u00e9gaux.<\/p>\n<figure id=\"attachment_212131\" aria-describedby=\"caption-attachment-212131\" style=\"width: 800px\" class=\"wp-caption aligncenter\"><img loading=\"lazy\" decoding=\"async\" class=\"wp-image-212131 size-large\" src=\"https:\/\/media.acninternational.org\/wp-content\/uploads\/2024\/06\/ACN-20240328-162730-1024x768.jpg\" alt=\"Le travail avec les enfants et les adolescents est une partie tr\u00e8s importante de la mission de la &quot;Lauritas&quot;\" width=\"800\" height=\"600\" srcset=\"https:\/\/media.acninternational.org\/wp-content\/uploads\/2024\/06\/ACN-20240328-162730-1024x768.jpg 1024w, https:\/\/media.acninternational.org\/wp-content\/uploads\/2024\/06\/ACN-20240328-162730-300x225.jpg 300w, https:\/\/media.acninternational.org\/wp-content\/uploads\/2024\/06\/ACN-20240328-162730-768x576.jpg 768w, https:\/\/media.acninternational.org\/wp-content\/uploads\/2024\/06\/ACN-20240328-162730.jpg 1080w\" sizes=\"auto, (max-width: 800px) 100vw, 800px\" \/><figcaption id=\"caption-attachment-212131\" class=\"wp-caption-text\">Le travail avec les enfants et les adolescents est une partie tr\u00e8s importante de la mission de la \u00ab\u00a0Lauritas\u00a0\u00bb<\/figcaption><\/figure>\n<p style=\"font-weight: 400;\">Dans certains cas, les s\u0153urs accompagnent \u00e9galement les personnes \u00e0 leurs rendez-vous chez le m\u00e9decin ou \u00e0 d&rsquo;autres services dans la capitale, Saint-Domingue. Le pr\u00eatre les emm\u00e8ne aussi parfois dans la voiture de la paroisse, \u00e9galement financ\u00e9e par ACN, afin qu\u2019elles puissent voyager sans probl\u00e8me. \u00ab\u00a0Si n\u00e9cessaire, nous intervenons en tant qu\u2019interm\u00e9diaires aupr\u00e8s des autorit\u00e9s locales pour faciliter les proc\u00e9dures ou proposer notre aide\u00a0\u00bb, explique la missionnaire.<\/p>\n<p style=\"font-weight: 400;\">L&rsquo;une des structures g\u00e9r\u00e9es par les s\u0153urs est un foyer de jour qui accueille une vingtaine de personnes \u00e2g\u00e9es du dioc\u00e8se. \u00ab\u00a0Parmi ces personnes \u00e2g\u00e9es, quatre sont compl\u00e8tement seules et sans papiers. Elles ont laiss\u00e9 leur famille en Ha\u00efti et ont pass\u00e9 leur vie en R\u00e9publique dominicaine\u00a0\u00bb, explique S\u0153ur Patricia. \u00ab\u00a0Nous soutenons ces personnes, nous les accompagnons \u00e0 l\u2019h\u00f4pital, et si n\u00e9cessaire, nous nous y inscrivons m\u00eame en tant que proches parents, afin d\u2019assurer une meilleure prise en charge.\u00a0\u00bb<\/p>\n<p style=\"font-weight: 400;\">\u00ab\u00a0Le Seigneur et notre M\u00e8re, la vierge Marie, ont fait leur \u0153uvre, et cela n\u2019a pas \u00e9t\u00e9 facile \u00bb, confesse la religieuse, \u00ab mais Dieu nous donne la gr\u00e2ce, et cela vaut la peine de continuer \u00e0 lutter pour ces personnes, et de donner le meilleur de nous-m\u00eames, afin que chacune d\u2019entre elles puisse refl\u00e9ter la pr\u00e9sence de Dieu dans sa vie\u00a0\u00bb.<\/p>\n<h4 style=\"font-weight: 400;\"><strong>L\u2019esp\u00e9rance dans les bateyes<\/strong><\/h4>\n<p style=\"font-weight: 400;\">Bien que la vie dans les bateyes ne soit pas facile, S\u0153ur Patricia affirme que \u00ab\u00a0c\u2019est une grande joie pour nous de voir cette croissance spirituelle et personnelle dans tous les groupes de la paroisse, qui sont l\u2019esp\u00e9rance de ces bateyes \u00bb.<\/p>\n<figure id=\"attachment_212137\" aria-describedby=\"caption-attachment-212137\" style=\"width: 800px\" class=\"wp-caption aligncenter\"><img loading=\"lazy\" decoding=\"async\" class=\"wp-image-212137 size-large\" src=\"https:\/\/media.acninternational.org\/wp-content\/uploads\/2024\/06\/ACN-20240328-162729-1024x768.jpg\" alt=\"Cat\u00e9ch\u00e8se dans la paroisse de Saint Martin de Porres\" width=\"800\" height=\"600\" srcset=\"https:\/\/media.acninternational.org\/wp-content\/uploads\/2024\/06\/ACN-20240328-162729-1024x768.jpg 1024w, https:\/\/media.acninternational.org\/wp-content\/uploads\/2024\/06\/ACN-20240328-162729-300x225.jpg 300w, https:\/\/media.acninternational.org\/wp-content\/uploads\/2024\/06\/ACN-20240328-162729-768x576.jpg 768w, https:\/\/media.acninternational.org\/wp-content\/uploads\/2024\/06\/ACN-20240328-162729.jpg 1080w\" sizes=\"auto, (max-width: 800px) 100vw, 800px\" \/><figcaption id=\"caption-attachment-212137\" class=\"wp-caption-text\">Cat\u00e9ch\u00e8se dans la paroisse de Saint Martin de Porres<\/figcaption><\/figure>\n<p style=\"font-weight: 400;\">Batey 5, explique-t-elle, est un endroit o\u00f9 il y a beaucoup de violence et o\u00f9 de nombreux jeunes s\u2019adonnent \u00e0 la drogue. C\u2019est pourquoi travailler avec eux est une priorit\u00e9 pour les missionnaires, qui ont vu un engagement croissant des jeunes dans la paroisse et la communaut\u00e9. \u00ab\u00a0Les enfants et les adolescents sont tr\u00e8s assidus au cat\u00e9chisme du samedi. Il y en a tr\u00e8s peu qui ne participent pas, et quand ils ne le font pas, c\u2019est parce qu\u2019ils sont malades. Cette bonne habitude a port\u00e9 ses fruits : ils se respectent davantage, sont plus tol\u00e9rants et manifestent moins d\u2019agressivit\u00e9. Ils participent activement \u00e0 l\u2019Eucharistie dominicale, faisant preuve d\u2019un engagement envers la paroisse et d\u2019un incroyable esprit de solidarit\u00e9. Nous avons fait plusieurs sorties avec eux, notamment au bord de la mer, et pour beaucoup d\u2019entre eux, c\u2019\u00e9tait la premi\u00e8re fois.\u00a0\u00bb<\/p>\n<p style=\"font-weight: 400;\">ACN soutient ces activit\u00e9s pastorales et ces rencontres de formation paroissiale depuis plusieurs ann\u00e9es. \u00ab\u00a0Ces rencontres ont conduit les gens au pardon et \u00e0 la r\u00e9conciliation, \u00e0 accepter leurs diff\u00e9rences, \u00e0 s\u2019aimer tels qu\u2019ils sont et \u00e0 savoir se dire les choses sans se blesser\u00a0\u00bb, explique la religieuse.<\/p>\n<p style=\"font-weight: 400;\">S\u0153ur Patricia et les deux autres s\u0153urs qui l\u2019accompagnent expriment leur gratitude envers ACN et ses bienfaiteurs pour le financement de ce projet : \u00ab Nous remercions chacune des personnes qui a apport\u00e9 sa contribution pour que cela devienne une r\u00e9alit\u00e9 : sans vous, il n\u2019aurait pas \u00e9t\u00e9 possible de r\u00e9colter autant de fruits et de faire tout ce merveilleux travail que nous faisons avec tous les mouvements de la paroisse\u00a0\u00bb, confesse la s\u0153ur. \u00ab\u00a0Depuis les bateyes, nous vous embrassons chaleureusement. Que le Dieu de la vie continue \u00e0 b\u00e9nir votre travail pour le bien de tant de personnes qui en ont besoin.\u00a0\u00bb<\/p>\n<p>&nbsp;<\/p>\n","protected":false},"excerpt":{"rendered":"<p>Dans le Batey 5, une localit\u00e9 situ\u00e9e dans la p\u00e9riph\u00e9rie du dioc\u00e8se de Barahona, \u00e0 la fronti\u00e8re ha\u00eftienne,<\/p>\n","protected":false},"author":4258341381,"featured_media":212119,"comment_status":"closed","ping_status":"closed","sticky":false,"template":"","format":"standard","meta":{"_acf_changed":false,"_acn_coauthor_ids":[],"_acn_featured_article":false,"footnotes":""},"categories":[1276],"tags":[],"country":[1356],"class_list":["post-212145","post","type-post","status-publish","format-standard","has-post-thumbnail","hentry","category-featured-fr","country-republique-dominicaine"],"acn_coauthors":[],"acf":[],"yoast_head":"<!-- This site is optimized with the Yoast SEO Premium plugin v27.5 (Yoast SEO v27.5) - https:\/\/yoast.com\/product\/yoast-seo-premium-wordpress\/ -->\n<title>Foi et esp\u00e9rance dans les \u00ab bateyes \u00bb de la R\u00e9publique dominicaine | ACN International<\/title>\n<meta name=\"robots\" content=\"index, follow, max-snippet:-1, max-image-preview:large, max-video-preview:-1\" \/>\n<link rel=\"canonical\" href=\"https:\/\/acninternational.org\/fr\/foi-et-esperance-dans-les-bateyes-de-la-republique-dominicaine\/\" \/>\n<meta property=\"og:locale\" content=\"fr_FR\" \/>\n<meta property=\"og:type\" content=\"article\" \/>\n<meta property=\"og:title\" content=\"Foi et esp\u00e9rance dans les \u00ab bateyes \u00bb de la R\u00e9publique dominicaine\" \/>\n<meta property=\"og:description\" content=\"Dans le Batey 5, une localit\u00e9 situ\u00e9e dans la p\u00e9riph\u00e9rie du dioc\u00e8se de Barahona, \u00e0 la fronti\u00e8re ha\u00eftienne,\" \/>\n<meta property=\"og:url\" content=\"https:\/\/acninternational.org\/fr\/foi-et-esperance-dans-les-bateyes-de-la-republique-dominicaine\/\" \/>\n<meta property=\"og:site_name\" content=\"ACN International\" \/>\n<meta property=\"article:publisher\" content=\"https:\/\/www.facebook.com\/acninternationalorg\" \/>\n<meta property=\"article:published_time\" content=\"2024-06-25T12:13:25+00:00\" \/>\n<meta property=\"article:modified_time\" content=\"2025-08-12T08:42:40+00:00\" \/>\n<meta property=\"og:image\" content=\"https:\/\/media.acninternational.org\/wp-content\/uploads\/2024\/06\/ACN-20240614-167026.jpg\" \/>\n\t<meta property=\"og:image:width\" content=\"1920\" \/>\n\t<meta property=\"og:image:height\" content=\"700\" \/>\n\t<meta property=\"og:image:type\" content=\"image\/jpeg\" \/>\n<meta name=\"author\" content=\"Luc\u00eda Ballester\" \/>\n<meta name=\"twitter:card\" content=\"summary_large_image\" \/>\n<meta name=\"twitter:creator\" content=\"@acn_int\" \/>\n<meta name=\"twitter:site\" content=\"@acn_int\" \/>\n<meta name=\"twitter:label1\" content=\"\u00c9crit par\" \/>\n\t<meta name=\"twitter:data1\" content=\"Luc\u00eda Ballester\" \/>\n\t<meta name=\"twitter:label2\" content=\"Dur\u00e9e de lecture estim\u00e9e\" \/>\n\t<meta name=\"twitter:data2\" content=\"6 minutes\" \/>\n<script type=\"application\/ld+json\" class=\"yoast-schema-graph\">{\"@context\":\"https:\\\/\\\/schema.org\",\"@graph\":[{\"@type\":\"Article\",\"@id\":\"https:\\\/\\\/acninternational.org\\\/fr\\\/foi-et-esperance-dans-les-bateyes-de-la-republique-dominicaine\\\/#article\",\"isPartOf\":{\"@id\":\"https:\\\/\\\/acninternational.org\\\/fr\\\/foi-et-esperance-dans-les-bateyes-de-la-republique-dominicaine\\\/\"},\"author\":{\"name\":\"Luc\u00eda Ballester\",\"@id\":\"https:\\\/\\\/acninternational.org\\\/fr\\\/#\\\/schema\\\/person\\\/ad46cf160e48fe3378c54b7abb5527a9\"},\"headline\":\"Foi et esp\u00e9rance dans les \u00ab bateyes \u00bb de la R\u00e9publique dominicaine\",\"datePublished\":\"2024-06-25T12:13:25+00:00\",\"dateModified\":\"2025-08-12T08:42:40+00:00\",\"mainEntityOfPage\":{\"@id\":\"https:\\\/\\\/acninternational.org\\\/fr\\\/foi-et-esperance-dans-les-bateyes-de-la-republique-dominicaine\\\/\"},\"wordCount\":1137,\"publisher\":{\"@id\":\"https:\\\/\\\/acninternational.org\\\/fr\\\/#organization\"},\"image\":{\"@id\":\"https:\\\/\\\/acninternational.org\\\/fr\\\/foi-et-esperance-dans-les-bateyes-de-la-republique-dominicaine\\\/#primaryimage\"},\"thumbnailUrl\":\"https:\\\/\\\/media.acninternational.org\\\/wp-content\\\/uploads\\\/2024\\\/06\\\/ACN-20240614-167026.jpg\",\"articleSection\":[\"FEATURED\"],\"inLanguage\":\"fr-FR\"},{\"@type\":\"WebPage\",\"@id\":\"https:\\\/\\\/acninternational.org\\\/fr\\\/foi-et-esperance-dans-les-bateyes-de-la-republique-dominicaine\\\/\",\"url\":\"https:\\\/\\\/acninternational.org\\\/fr\\\/foi-et-esperance-dans-les-bateyes-de-la-republique-dominicaine\\\/\",\"name\":\"Foi et esp\u00e9rance dans les \u00ab bateyes \u00bb de la R\u00e9publique dominicaine | ACN International\",\"isPartOf\":{\"@id\":\"https:\\\/\\\/acninternational.org\\\/fr\\\/#website\"},\"primaryImageOfPage\":{\"@id\":\"https:\\\/\\\/acninternational.org\\\/fr\\\/foi-et-esperance-dans-les-bateyes-de-la-republique-dominicaine\\\/#primaryimage\"},\"image\":{\"@id\":\"https:\\\/\\\/acninternational.org\\\/fr\\\/foi-et-esperance-dans-les-bateyes-de-la-republique-dominicaine\\\/#primaryimage\"},\"thumbnailUrl\":\"https:\\\/\\\/media.acninternational.org\\\/wp-content\\\/uploads\\\/2024\\\/06\\\/ACN-20240614-167026.jpg\",\"datePublished\":\"2024-06-25T12:13:25+00:00\",\"dateModified\":\"2025-08-12T08:42:40+00:00\",\"breadcrumb\":{\"@id\":\"https:\\\/\\\/acninternational.org\\\/fr\\\/foi-et-esperance-dans-les-bateyes-de-la-republique-dominicaine\\\/#breadcrumb\"},\"inLanguage\":\"fr-FR\",\"potentialAction\":[{\"@type\":\"ReadAction\",\"target\":[\"https:\\\/\\\/acninternational.org\\\/fr\\\/foi-et-esperance-dans-les-bateyes-de-la-republique-dominicaine\\\/\"]}]},{\"@type\":\"ImageObject\",\"inLanguage\":\"fr-FR\",\"@id\":\"https:\\\/\\\/acninternational.org\\\/fr\\\/foi-et-esperance-dans-les-bateyes-de-la-republique-dominicaine\\\/#primaryimage\",\"url\":\"https:\\\/\\\/media.acninternational.org\\\/wp-content\\\/uploads\\\/2024\\\/06\\\/ACN-20240614-167026.jpg\",\"contentUrl\":\"https:\\\/\\\/media.acninternational.org\\\/wp-content\\\/uploads\\\/2024\\\/06\\\/ACN-20240614-167026.jpg\",\"width\":1920,\"height\":700},{\"@type\":\"BreadcrumbList\",\"@id\":\"https:\\\/\\\/acninternational.org\\\/fr\\\/foi-et-esperance-dans-les-bateyes-de-la-republique-dominicaine\\\/#breadcrumb\",\"itemListElement\":[{\"@type\":\"ListItem\",\"position\":1,\"name\":\"Home\",\"item\":\"https:\\\/\\\/acninternational.org\\\/fr\\\/\"},{\"@type\":\"ListItem\",\"position\":2,\"name\":\"FEATURED\",\"item\":\"https:\\\/\\\/acninternational.org\\\/fr\\\/category\\\/featured-fr\\\/\"},{\"@type\":\"ListItem\",\"position\":3,\"name\":\"Foi et esp\u00e9rance dans les \u00ab bateyes \u00bb de la R\u00e9publique dominicaine\"}]},{\"@type\":\"WebSite\",\"@id\":\"https:\\\/\\\/acninternational.org\\\/fr\\\/#website\",\"url\":\"https:\\\/\\\/acninternational.org\\\/fr\\\/\",\"name\":\"ACN International\",\"description\":\"\",\"publisher\":{\"@id\":\"https:\\\/\\\/acninternational.org\\\/fr\\\/#organization\"},\"potentialAction\":[{\"@type\":\"SearchAction\",\"target\":{\"@type\":\"EntryPoint\",\"urlTemplate\":\"https:\\\/\\\/acninternational.org\\\/fr\\\/?s={search_term_string}\"},\"query-input\":{\"@type\":\"PropertyValueSpecification\",\"valueRequired\":true,\"valueName\":\"search_term_string\"}}],\"inLanguage\":\"fr-FR\"},{\"@type\":\"Organization\",\"@id\":\"https:\\\/\\\/acninternational.org\\\/fr\\\/#organization\",\"name\":\"Aid to the Church in Need International\",\"url\":\"https:\\\/\\\/acninternational.org\\\/fr\\\/\",\"logo\":{\"@type\":\"ImageObject\",\"inLanguage\":\"fr-FR\",\"@id\":\"https:\\\/\\\/acninternational.org\\\/fr\\\/#\\\/schema\\\/logo\\\/image\\\/\",\"url\":\"https:\\\/\\\/media.acninternational.org\\\/wp-content\\\/uploads\\\/2019\\\/11\\\/acn_logo_blackvector.svg\",\"contentUrl\":\"https:\\\/\\\/media.acninternational.org\\\/wp-content\\\/uploads\\\/2019\\\/11\\\/acn_logo_blackvector.svg\",\"width\":232.6,\"height\":78,\"caption\":\"Aid to the Church in Need International\"},\"image\":{\"@id\":\"https:\\\/\\\/acninternational.org\\\/fr\\\/#\\\/schema\\\/logo\\\/image\\\/\"},\"sameAs\":[\"https:\\\/\\\/www.facebook.com\\\/acninternationalorg\",\"https:\\\/\\\/x.com\\\/acn_int\",\"https:\\\/\\\/www.youtube.com\\\/channel\\\/UCQ-077gS0TnVzkhHmf1opZw\",\"https:\\\/\\\/www.instagram.com\\\/acn_international\\\/\"]},{\"@type\":\"Person\",\"@id\":\"https:\\\/\\\/acninternational.org\\\/fr\\\/#\\\/schema\\\/person\\\/ad46cf160e48fe3378c54b7abb5527a9\",\"name\":\"Luc\u00eda Ballester\",\"description\":\"Lorem ipsum dolor sit amet, consectetur adipiscing elit, sed do eiusmod tempor incididunt ut labore et dolore magna aliqua. Ut enim ad minim veniam, quis nostrud exercitation ullamco laboris nisi ut aliquip ex ea commodo consequat.\",\"url\":\"https:\\\/\\\/acninternational.org\\\/fr\\\/author\\\/lucia-ballester\\\/\"}]}<\/script>\n<!-- \/ Yoast SEO Premium plugin. -->","yoast_head_json":{"title":"Foi et esp\u00e9rance dans les \u00ab bateyes \u00bb de la R\u00e9publique dominicaine | ACN International","robots":{"index":"index","follow":"follow","max-snippet":"max-snippet:-1","max-image-preview":"max-image-preview:large","max-video-preview":"max-video-preview:-1"},"canonical":"https:\/\/acninternational.org\/fr\/foi-et-esperance-dans-les-bateyes-de-la-republique-dominicaine\/","og_locale":"fr_FR","og_type":"article","og_title":"Foi et esp\u00e9rance dans les \u00ab bateyes \u00bb de la R\u00e9publique dominicaine","og_description":"Dans le Batey 5, une localit\u00e9 situ\u00e9e dans la p\u00e9riph\u00e9rie du dioc\u00e8se de Barahona, \u00e0 la fronti\u00e8re ha\u00eftienne,","og_url":"https:\/\/acninternational.org\/fr\/foi-et-esperance-dans-les-bateyes-de-la-republique-dominicaine\/","og_site_name":"ACN International","article_publisher":"https:\/\/www.facebook.com\/acninternationalorg","article_published_time":"2024-06-25T12:13:25+00:00","article_modified_time":"2025-08-12T08:42:40+00:00","og_image":[{"width":1920,"height":700,"url":"https:\/\/media.acninternational.org\/wp-content\/uploads\/2024\/06\/ACN-20240614-167026.jpg","type":"image\/jpeg"}],"author":"Luc\u00eda Ballester","twitter_card":"summary_large_image","twitter_creator":"@acn_int","twitter_site":"@acn_int","twitter_misc":{"\u00c9crit par":"Luc\u00eda Ballester","Dur\u00e9e de lecture estim\u00e9e":"6 minutes"},"schema":{"@context":"https:\/\/schema.org","@graph":[{"@type":"Article","@id":"https:\/\/acninternational.org\/fr\/foi-et-esperance-dans-les-bateyes-de-la-republique-dominicaine\/#article","isPartOf":{"@id":"https:\/\/acninternational.org\/fr\/foi-et-esperance-dans-les-bateyes-de-la-republique-dominicaine\/"},"author":{"name":"Luc\u00eda Ballester","@id":"https:\/\/acninternational.org\/fr\/#\/schema\/person\/ad46cf160e48fe3378c54b7abb5527a9"},"headline":"Foi et esp\u00e9rance dans les \u00ab bateyes \u00bb de la R\u00e9publique dominicaine","datePublished":"2024-06-25T12:13:25+00:00","dateModified":"2025-08-12T08:42:40+00:00","mainEntityOfPage":{"@id":"https:\/\/acninternational.org\/fr\/foi-et-esperance-dans-les-bateyes-de-la-republique-dominicaine\/"},"wordCount":1137,"publisher":{"@id":"https:\/\/acninternational.org\/fr\/#organization"},"image":{"@id":"https:\/\/acninternational.org\/fr\/foi-et-esperance-dans-les-bateyes-de-la-republique-dominicaine\/#primaryimage"},"thumbnailUrl":"https:\/\/media.acninternational.org\/wp-content\/uploads\/2024\/06\/ACN-20240614-167026.jpg","articleSection":["FEATURED"],"inLanguage":"fr-FR"},{"@type":"WebPage","@id":"https:\/\/acninternational.org\/fr\/foi-et-esperance-dans-les-bateyes-de-la-republique-dominicaine\/","url":"https:\/\/acninternational.org\/fr\/foi-et-esperance-dans-les-bateyes-de-la-republique-dominicaine\/","name":"Foi et esp\u00e9rance dans les \u00ab bateyes \u00bb de la R\u00e9publique dominicaine | ACN International","isPartOf":{"@id":"https:\/\/acninternational.org\/fr\/#website"},"primaryImageOfPage":{"@id":"https:\/\/acninternational.org\/fr\/foi-et-esperance-dans-les-bateyes-de-la-republique-dominicaine\/#primaryimage"},"image":{"@id":"https:\/\/acninternational.org\/fr\/foi-et-esperance-dans-les-bateyes-de-la-republique-dominicaine\/#primaryimage"},"thumbnailUrl":"https:\/\/media.acninternational.org\/wp-content\/uploads\/2024\/06\/ACN-20240614-167026.jpg","datePublished":"2024-06-25T12:13:25+00:00","dateModified":"2025-08-12T08:42:40+00:00","breadcrumb":{"@id":"https:\/\/acninternational.org\/fr\/foi-et-esperance-dans-les-bateyes-de-la-republique-dominicaine\/#breadcrumb"},"inLanguage":"fr-FR","potentialAction":[{"@type":"ReadAction","target":["https:\/\/acninternational.org\/fr\/foi-et-esperance-dans-les-bateyes-de-la-republique-dominicaine\/"]}]},{"@type":"ImageObject","inLanguage":"fr-FR","@id":"https:\/\/acninternational.org\/fr\/foi-et-esperance-dans-les-bateyes-de-la-republique-dominicaine\/#primaryimage","url":"https:\/\/media.acninternational.org\/wp-content\/uploads\/2024\/06\/ACN-20240614-167026.jpg","contentUrl":"https:\/\/media.acninternational.org\/wp-content\/uploads\/2024\/06\/ACN-20240614-167026.jpg","width":1920,"height":700},{"@type":"BreadcrumbList","@id":"https:\/\/acninternational.org\/fr\/foi-et-esperance-dans-les-bateyes-de-la-republique-dominicaine\/#breadcrumb","itemListElement":[{"@type":"ListItem","position":1,"name":"Home","item":"https:\/\/acninternational.org\/fr\/"},{"@type":"ListItem","position":2,"name":"FEATURED","item":"https:\/\/acninternational.org\/fr\/category\/featured-fr\/"},{"@type":"ListItem","position":3,"name":"Foi et esp\u00e9rance dans les \u00ab bateyes \u00bb de la R\u00e9publique dominicaine"}]},{"@type":"WebSite","@id":"https:\/\/acninternational.org\/fr\/#website","url":"https:\/\/acninternational.org\/fr\/","name":"ACN International","description":"","publisher":{"@id":"https:\/\/acninternational.org\/fr\/#organization"},"potentialAction":[{"@type":"SearchAction","target":{"@type":"EntryPoint","urlTemplate":"https:\/\/acninternational.org\/fr\/?s={search_term_string}"},"query-input":{"@type":"PropertyValueSpecification","valueRequired":true,"valueName":"search_term_string"}}],"inLanguage":"fr-FR"},{"@type":"Organization","@id":"https:\/\/acninternational.org\/fr\/#organization","name":"Aid to the Church in Need International","url":"https:\/\/acninternational.org\/fr\/","logo":{"@type":"ImageObject","inLanguage":"fr-FR","@id":"https:\/\/acninternational.org\/fr\/#\/schema\/logo\/image\/","url":"https:\/\/media.acninternational.org\/wp-content\/uploads\/2019\/11\/acn_logo_blackvector.svg","contentUrl":"https:\/\/media.acninternational.org\/wp-content\/uploads\/2019\/11\/acn_logo_blackvector.svg","width":232.6,"height":78,"caption":"Aid to the Church in Need International"},"image":{"@id":"https:\/\/acninternational.org\/fr\/#\/schema\/logo\/image\/"},"sameAs":["https:\/\/www.facebook.com\/acninternationalorg","https:\/\/x.com\/acn_int","https:\/\/www.youtube.com\/channel\/UCQ-077gS0TnVzkhHmf1opZw","https:\/\/www.instagram.com\/acn_international\/"]},{"@type":"Person","@id":"https:\/\/acninternational.org\/fr\/#\/schema\/person\/ad46cf160e48fe3378c54b7abb5527a9","name":"Luc\u00eda Ballester","description":"Lorem ipsum dolor sit amet, consectetur adipiscing elit, sed do eiusmod tempor incididunt ut labore et dolore magna aliqua. Ut enim ad minim veniam, quis nostrud exercitation ullamco laboris nisi ut aliquip ex ea commodo consequat.","url":"https:\/\/acninternational.org\/fr\/author\/lucia-ballester\/"}]}},"_links":{"self":[{"href":"https:\/\/acninternational.org\/fr\/wp-json\/wp\/v2\/posts\/212145","targetHints":{"allow":["GET"]}}],"collection":[{"href":"https:\/\/acninternational.org\/fr\/wp-json\/wp\/v2\/posts"}],"about":[{"href":"https:\/\/acninternational.org\/fr\/wp-json\/wp\/v2\/types\/post"}],"author":[{"embeddable":true,"href":"https:\/\/acninternational.org\/fr\/wp-json\/wp\/v2\/users\/4258341381"}],"replies":[{"embeddable":true,"href":"https:\/\/acninternational.org\/fr\/wp-json\/wp\/v2\/comments?post=212145"}],"version-history":[{"count":1,"href":"https:\/\/acninternational.org\/fr\/wp-json\/wp\/v2\/posts\/212145\/revisions"}],"predecessor-version":[{"id":245625,"href":"https:\/\/acninternational.org\/fr\/wp-json\/wp\/v2\/posts\/212145\/revisions\/245625"}],"wp:featuredmedia":[{"embeddable":true,"href":"https:\/\/acninternational.org\/fr\/wp-json\/wp\/v2\/media\/212119"}],"wp:attachment":[{"href":"https:\/\/acninternational.org\/fr\/wp-json\/wp\/v2\/media?parent=212145"}],"wp:term":[{"taxonomy":"category","embeddable":true,"href":"https:\/\/acninternational.org\/fr\/wp-json\/wp\/v2\/categories?post=212145"},{"taxonomy":"post_tag","embeddable":true,"href":"https:\/\/acninternational.org\/fr\/wp-json\/wp\/v2\/tags?post=212145"},{"taxonomy":"country","embeddable":true,"href":"https:\/\/acninternational.org\/fr\/wp-json\/wp\/v2\/country?post=212145"}],"curies":[{"name":"wp","href":"https:\/\/api.w.org\/{rel}","templated":true}]}}