{"id":209566,"date":"2024-06-11T15:01:44","date_gmt":"2024-06-11T13:01:44","guid":{"rendered":"https:\/\/acninternational.org\/?p=209566"},"modified":"2025-08-12T10:43:12","modified_gmt":"2025-08-12T08:43:12","slug":"un-bouchon-dinhumanite-un-eveque-latino-americain-sinsurge-contre-la-crise-du-darien","status":"publish","type":"post","link":"https:\/\/acninternational.org\/fr\/un-bouchon-dinhumanite-un-eveque-latino-americain-sinsurge-contre-la-crise-du-darien\/","title":{"rendered":"Un \u00ab bouchon \u00bb d\u2019inhumanit\u00e9 : un \u00e9v\u00eaque latino-am\u00e9ricain s\u2019insurge contre la crise du Dari\u00e9n"},"content":{"rendered":"<p style=\"font-weight: 400;\"><em>L\u2019archev\u00eaque de Panama a parl\u00e9 \u00e0 Aid to the Church in Need (ACN) de son exp\u00e9rience dans la r\u00e9gion du Dari\u00e9n (appel\u00e9e bouchon du Dari\u00e9n), l\u2019une des routes migratoires les plus inhospitali\u00e8res d\u2019Am\u00e9rique latine. Mgr Jos\u00e9 Domingo Ulloa a soulign\u00e9 le besoin urgent d\u2019attention et d\u2019action au vu des conditions terribles auxquelles sont confront\u00e9s les milliers de migrants qui tentent cette travers\u00e9e p\u00e9rilleuse.<\/em><\/p>\n<p style=\"font-weight: 400;\">\u00ab\u00a0Face \u00e0 la crise humanitaire croissante dans la r\u00e9gion de la jungle du Dari\u00e9n, nous voulons \u00e9lever la voix\u00a0: pour ces migrants, pour les conditions terribles de leur mort et pour leur vuln\u00e9rabilit\u00e9\u00a0\u00bb, d\u00e9clare Mgr Jos\u00e9 Domingo Ulloa lors d\u2019une visite au si\u00e8ge de la fondation pontificale ACN. Il poursuit\u00a0: \u00ab Un nombre incalculable de personnes perdent la vie et de nombreux corps ne sont jamais retrouv\u00e9s. \u00bb Le Dari\u00e9n, une jungle tr\u00e8s dangereuse, fronti\u00e8re naturelle entre la Colombie et le Panama, est connu pour \u00eatre l\u2019une des routes les plus difficiles \u00e0 traverser pour les migrants qui vont vers le nord, en particulier vers les \u00c9tats-Unis. Des milliers de personnes tentent le voyage, en particulier des V\u00e9n\u00e9zu\u00e9liens, des \u00c9quatoriens, des Colombiens et des Ha\u00eftiens, mais aussi des migrants intercontinentaux qui tentent d\u00e9sesp\u00e9r\u00e9ment de rejoindre les \u00c9tats-Unis \u00e0 la recherche d\u2019une vie meilleure.<\/p>\n<figure id=\"attachment_209503\" aria-describedby=\"caption-attachment-209503\" style=\"width: 800px\" class=\"wp-caption aligncenter\"><img loading=\"lazy\" decoding=\"async\" class=\"wp-image-209503 size-large\" src=\"https:\/\/media.acninternational.org\/wp-content\/uploads\/2024\/06\/ACN-20240610-166304-1024x683.jpg\" alt=\"Mgr Jos\u00e9 Domingo Ulloa Mendieta en visite dans la r\u00e9gion du Dari\u00e9n \u00e0 P\u00e2ques 2024\" width=\"800\" height=\"534\" srcset=\"https:\/\/media.acninternational.org\/wp-content\/uploads\/2024\/06\/ACN-20240610-166304-1024x683.jpg 1024w, https:\/\/media.acninternational.org\/wp-content\/uploads\/2024\/06\/ACN-20240610-166304-300x200.jpg 300w, https:\/\/media.acninternational.org\/wp-content\/uploads\/2024\/06\/ACN-20240610-166304-768x512.jpg 768w, https:\/\/media.acninternational.org\/wp-content\/uploads\/2024\/06\/ACN-20240610-166304.jpg 1080w\" sizes=\"auto, (max-width: 800px) 100vw, 800px\" \/><figcaption id=\"caption-attachment-209503\" class=\"wp-caption-text\">Mgr Jos\u00e9 Domingo Ulloa Mendieta en visite dans la r\u00e9gion du Dari\u00e9n \u00e0 P\u00e2ques 2024<\/figcaption><\/figure>\n<p style=\"font-weight: 400;\">Mgr Ulloa raconte qu\u2019il s\u2019est rendu dans le Dari\u00e9n en mars pour participer \u00e0 une r\u00e9union des \u00e9v\u00eaques des dioc\u00e8ses frontaliers de Colombie, du Costa Rica et du Panama, afin de discuter de cette terrible situation. La r\u00e9union \u00e9tait soutenue par ACN. \u00ab\u00a0Cela nous a bris\u00e9 le c\u0153ur de voir leurs visages \u00bb, raconte l\u2019\u00e9v\u00eaque. \u00ab\u00a0La migration a un visage f\u00e9minin\u00a0: environ 40% des personnes qui prennent ce chemin sont des femmes. La migration a aussi le visage d\u2019enfants, de familles enti\u00e8res&#8230; voir cela vous brise l\u2019\u00e2me\u00a0\u00bb, explique-t-il. Rien qu\u2019en 2023, plus de <a href=\"https:\/\/www.msf.es\/noticia\/tapon-del-darien-una-crisis-precedentes-y-desatendida\" target=\"_blank\" rel=\"noopener\">517.000 personnes<\/a> ont travers\u00e9 cette zone du Dari\u00e9n, dont <a href=\"https:\/\/www.unicef.org\/lac\/en\/press-releases\/child-migration-darien-gap-panama-forty-per-cent-increase-so-far-this-year\" target=\"_blank\" rel=\"noopener\">113.000 enfants<\/a>, des milliers d&rsquo;entre eux non accompagn\u00e9s.<\/p>\n<p style=\"font-weight: 400;\">Le voyage est ardu et sem\u00e9 d\u2019emb\u00fbches, non seulement \u00e0 cause des maladies tropicales ou des animaux sauvages, mais aussi des groupes arm\u00e9s et des trafiquants d\u2019\u00eatres humains qui \u00ab\u00a0font du d\u00e9sespoir de nos fr\u00e8res leur commerce\u00a0\u00bb, d\u00e9nonce le pr\u00e9lat panam\u00e9en. Et il ajoute\u00a0: \u00ab\u00a0En utilisant les nouvelles technologies num\u00e9riques, nous voulons cr\u00e9er une campagne de sensibilisation. Je pense que c\u2019est n\u00e9cessaire. Quels sont les dangers qu&rsquo;ils encourent s&rsquo;ils tentent de traverser ? En effet, sur cette question, beaucoup de gens utilisent les m\u00e9dias pour dire aux migrants qu\u2019il est facile d\u2019y arriver, alors que c\u2019est faux. Ce n\u2019est pas facile. Nous comprenons les raisons dramatiques qui poussent les gens \u00e0 vouloir quitter leur pays, mais je pense que nous devons les sensibiliser aux nombreux dangers auxquels ils seront confront\u00e9s sur leur route.\u00a0\u00bb<\/p>\n<p style=\"font-weight: 400;\"><strong>Le pape Fran\u00e7ois : \u00ab Un v\u00e9ritable chemin de croix \u00bb<\/strong><\/p>\n<p style=\"font-weight: 400;\">\u00c0 la fin de la r\u00e9union, les \u00e9v\u00eaques participants ont publi\u00e9 une d\u00e9claration commune sur le drame de la crise migratoire. Ils ont soulign\u00e9 la n\u00e9cessit\u00e9 \u00ab\u00a0d\u2019\u00e9couter, de discerner et d\u2019agir en fonction de nos responsabilit\u00e9s pastorales\u00a0\u00bb. En outre, ils ont soulign\u00e9 l\u2019importance de ne pas d\u00e9tourner le regard, d\u00e9clarant que \u00ab\u00a0dans une soci\u00e9t\u00e9 comme la n\u00f4tre, l\u2019exclusion, la x\u00e9nophobie, la discrimination et l\u2019indiff\u00e9rence doivent \u00eatre combattues en b\u00e2tissant une culture de la rencontre, tiss\u00e9e d\u2019hospitalit\u00e9 et d\u2019accueil\u00a0\u00bb.<\/p>\n<figure id=\"attachment_209509\" aria-describedby=\"caption-attachment-209509\" style=\"width: 800px\" class=\"wp-caption aligncenter\"><img loading=\"lazy\" decoding=\"async\" class=\"wp-image-209509 size-large\" src=\"https:\/\/media.acninternational.org\/wp-content\/uploads\/2024\/06\/ACN-20240610-166309-1024x768.jpg\" alt=\"Des \u00e9v\u00eaques de Colombie, du Costa Rica et du Panama avec des migrants arrivant apr\u00e8s un dangereux voyage \u00e0 travers la jungle\" width=\"800\" height=\"600\" srcset=\"https:\/\/media.acninternational.org\/wp-content\/uploads\/2024\/06\/ACN-20240610-166309-1024x768.jpg 1024w, https:\/\/media.acninternational.org\/wp-content\/uploads\/2024\/06\/ACN-20240610-166309-300x225.jpg 300w, https:\/\/media.acninternational.org\/wp-content\/uploads\/2024\/06\/ACN-20240610-166309-768x576.jpg 768w, https:\/\/media.acninternational.org\/wp-content\/uploads\/2024\/06\/ACN-20240610-166309.jpg 1080w\" sizes=\"auto, (max-width: 800px) 100vw, 800px\" \/><figcaption id=\"caption-attachment-209509\" class=\"wp-caption-text\">Des \u00e9v\u00eaques de Colombie, du Costa Rica et du Panama avec des migrants arrivant apr\u00e8s un dangereux voyage \u00e0 travers la jungle<\/figcaption><\/figure>\n<p style=\"font-weight: 400;\">Le pape Fran\u00e7ois a adress\u00e9 un message de soutien dans lequel il a d\u00e9crit la route des migrants \u00e0 travers la jungle du Dari\u00e9n comme \u00ab\u00a0un v\u00e9ritable chemin de croix\u00a0\u00bb. \u00ab\u00a0Au moment de la rencontre, \u00e0 la fin du mois de mars \u2013 raconte Mgr Ulloa \u2013 le pape nous a adress\u00e9 des paroles d\u2019encouragement. Je suis encore \u00e9mu en me souvenant de ces paroles : \u201cMoi aussi, j\u2019ai \u00e9t\u00e9 un migrant\u201d. Et il nous a invit\u00e9s, nous, \u00e9v\u00eaques, \u00e0 accompagner, \u00e0 s\u00e9cher les larmes sur le visage du Christ souffrant. Ce fut une exp\u00e9rience merveilleuse. Maintenant, nous utilisons beaucoup ce message pour que les migrants sachent que le pape les porte dans son c\u0153ur. \u00bb<\/p>\n<p style=\"font-weight: 400;\">Mgr Ulloa souligne que \u00ab la grande majorit\u00e9 de ces migrants sont des personnes croyantes. Nous voulons \u00eatre pr\u00e9sents en tant qu\u2019\u00c9glise, par exemple en mettant en place des centres de soutien psychologique pour aider les femmes, dont beaucoup sont abus\u00e9es pendant le voyage et qui ont besoin d\u2019un traitement et de soins sp\u00e9ciaux pour surmonter le traumatisme, ainsi que pour les enfants. Nous avons besoin de lieux o\u00f9 un pr\u00eatre ou une religieuse puisse les fortifier, les consoler et gu\u00e9rir leurs blessures \u00bb, explique-t-il lors de sa visite \u00e0 ACN.<\/p>\n<figure id=\"attachment_209515\" aria-describedby=\"caption-attachment-209515\" style=\"width: 800px\" class=\"wp-caption aligncenter\"><img loading=\"lazy\" decoding=\"async\" class=\"wp-image-209515 size-large\" src=\"https:\/\/media.acninternational.org\/wp-content\/uploads\/2024\/06\/ACN-20240610-166308-1024x683.jpg\" alt=\"Maria Lozano, chef de presse d'ACN International, avec Jos\u00e9 Domingo Ulloa Mendieta, archev\u00eaque de Panama et deuxi\u00e8me vice-pr\u00e9sident du CELAM\" width=\"800\" height=\"534\" srcset=\"https:\/\/media.acninternational.org\/wp-content\/uploads\/2024\/06\/ACN-20240610-166308-1024x683.jpg 1024w, https:\/\/media.acninternational.org\/wp-content\/uploads\/2024\/06\/ACN-20240610-166308-300x200.jpg 300w, https:\/\/media.acninternational.org\/wp-content\/uploads\/2024\/06\/ACN-20240610-166308-768x512.jpg 768w, https:\/\/media.acninternational.org\/wp-content\/uploads\/2024\/06\/ACN-20240610-166308.jpg 1080w\" sizes=\"auto, (max-width: 800px) 100vw, 800px\" \/><figcaption id=\"caption-attachment-209515\" class=\"wp-caption-text\">Maria Lozano, chef de presse d&rsquo;ACN International, avec Jos\u00e9 Domingo Ulloa Mendieta, archev\u00eaque de Panama et deuxi\u00e8me vice-pr\u00e9sident du CELAM<\/figcaption><\/figure>\n<p style=\"font-weight: 400;\">Le pr\u00e9lat souligne la n\u00e9cessit\u00e9 de sensibiliser \u00e0 la question des migrations, tous les agents pastoraux de l\u2019\u00c9glise, \u00e0 commencer par les \u00e9v\u00eaques, les pr\u00eatres, les religieuses et les la\u00efcs. \u00ab\u00a0Parfois, dans nos pays, nous ne comprenons pas le ph\u00e9nom\u00e8ne de la migration, mais nous devrions nous mettre \u00e0 la place des migrants. L\u2019un des objectifs est de sensibiliser tous nos agents pastoraux afin qu\u2019ils soient capables de d\u00e9couvrir le visage de Dieu dans ces migrants, et que nous ne les consid\u00e9rions pas comme une menace. Nous devons les int\u00e9grer dans la communaut\u00e9.\u00a0\u00bb Et il ajoute\u00a0: \u00ab\u00a0Au Panama, nous avons fait l&rsquo;exp\u00e9rience que beaucoup de migrants ont \u00e9t\u00e9 cat\u00e9chistes dans leur pays ; si bien que nous pouvons les int\u00e9grer dans nos paroisses comme cat\u00e9chistes suppl\u00e9mentaires. Mais cela implique toute une transformation. Comment pouvons-nous combiner la richesse qu&rsquo;ils apportent avec la richesse du pays d&rsquo;accueil, de sorte qu&rsquo;\u00e0 la fin nous puissions dire : nous sommes tous fr\u00e8res\u00a0?\u00a0\u00bb.<\/p>\n<p style=\"font-weight: 400;\">\u00ab\u00a0Je voudrais que les migrants sentent que l\u2019\u00c9glise est cette m\u00e8re qui gu\u00e9rit les blessures. En tant qu\u2019\u00c9glise, nous voulons \u00eatre pr\u00e9sents \u00e0 cette derni\u00e8re \u00e9tape du voyage, \u00eatre un point de r\u00e9f\u00e9rence, \u00eatre en mesure d\u2019offrir un accueil psychologique et spirituel. Pour montrer que les migrants ne sont pas de simples num\u00e9ros\u00a0: ce sont des personnes\u00a0\u00bb, conclut l\u2019\u00e9v\u00eaque panam\u00e9en avant de remercier ACN pour son aide, et de demander que l\u2019on prie pour la poursuite de ce travail\u00a0: \u00ab\u00a0La premi\u00e8re et la plus importante des aides est le pouvoir de la pri\u00e8re, qui nous donne de la force. De ce point de vue, nous formons un seul corps. Et l\u00e0 o\u00f9 souffre ne serait-ce que le plus petit des membres, c\u2019est tout le corps qui souffre, et nous devons faire n\u00f4tre cette souffrance.\u00a0\u00bb<\/p>\n<p>&nbsp;<\/p>\n","protected":false},"excerpt":{"rendered":"<p>L\u2019archev\u00eaque de Panama a parl\u00e9 \u00e0 Aid to the Church in Need (ACN) de son exp\u00e9rience dans la<\/p>\n","protected":false},"author":4258341378,"featured_media":209497,"comment_status":"closed","ping_status":"closed","sticky":false,"template":"","format":"standard","meta":{"_acf_changed":false,"_acn_coauthor_ids":[],"footnotes":""},"categories":[1276],"tags":[],"country":[914],"class_list":["post-209566","post","type-post","status-publish","format-standard","has-post-thumbnail","hentry","category-featured-fr","country-latinoamerica"],"acn_coauthors":[],"acf":[],"yoast_head":"<!-- This site is optimized with the Yoast SEO Premium plugin v27.3 (Yoast SEO v27.3) - https:\/\/yoast.com\/product\/yoast-seo-premium-wordpress\/ -->\n<title>Un \u00ab bouchon \u00bb d\u2019inhumanit\u00e9 : un \u00e9v\u00eaque latino-am\u00e9ricain s\u2019insurge contre la crise du Dari\u00e9n | ACN International<\/title>\n<meta name=\"robots\" content=\"index, follow, max-snippet:-1, max-image-preview:large, max-video-preview:-1\" \/>\n<link rel=\"canonical\" href=\"https:\/\/acninternational.org\/fr\/un-bouchon-dinhumanite-un-eveque-latino-americain-sinsurge-contre-la-crise-du-darien\/\" \/>\n<meta property=\"og:locale\" content=\"fr_FR\" \/>\n<meta property=\"og:type\" content=\"article\" \/>\n<meta property=\"og:title\" content=\"Un \u00ab bouchon \u00bb d\u2019inhumanit\u00e9 : un \u00e9v\u00eaque latino-am\u00e9ricain s\u2019insurge contre la crise du Dari\u00e9n\" \/>\n<meta property=\"og:description\" content=\"L\u2019archev\u00eaque de Panama a parl\u00e9 \u00e0 Aid to the Church in Need (ACN) de son exp\u00e9rience dans la\" \/>\n<meta property=\"og:url\" content=\"https:\/\/acninternational.org\/fr\/un-bouchon-dinhumanite-un-eveque-latino-americain-sinsurge-contre-la-crise-du-darien\/\" \/>\n<meta property=\"og:site_name\" content=\"ACN International\" \/>\n<meta property=\"article:publisher\" content=\"https:\/\/www.facebook.com\/acninternationalorg\" \/>\n<meta property=\"article:published_time\" content=\"2024-06-11T13:01:44+00:00\" \/>\n<meta property=\"article:modified_time\" content=\"2025-08-12T08:43:12+00:00\" \/>\n<meta property=\"og:image\" content=\"https:\/\/media.acninternational.org\/wp-content\/uploads\/2024\/06\/ACN-20240610-166307.jpg\" \/>\n\t<meta property=\"og:image:width\" content=\"1920\" \/>\n\t<meta property=\"og:image:height\" content=\"700\" \/>\n\t<meta property=\"og:image:type\" content=\"image\/jpeg\" \/>\n<meta name=\"author\" content=\"Maria Lozano\" \/>\n<meta name=\"twitter:card\" content=\"summary_large_image\" \/>\n<meta name=\"twitter:creator\" content=\"@acn_int\" \/>\n<meta name=\"twitter:site\" content=\"@acn_int\" \/>\n<meta name=\"twitter:label1\" content=\"\u00c9crit par\" \/>\n\t<meta name=\"twitter:data1\" content=\"Maria Lozano\" \/>\n\t<meta name=\"twitter:label2\" content=\"Dur\u00e9e de lecture estim\u00e9e\" \/>\n\t<meta name=\"twitter:data2\" content=\"6 minutes\" \/>\n<script type=\"application\/ld+json\" class=\"yoast-schema-graph\">{\"@context\":\"https:\\\/\\\/schema.org\",\"@graph\":[{\"@type\":\"Article\",\"@id\":\"https:\\\/\\\/acninternational.org\\\/fr\\\/un-bouchon-dinhumanite-un-eveque-latino-americain-sinsurge-contre-la-crise-du-darien\\\/#article\",\"isPartOf\":{\"@id\":\"https:\\\/\\\/acninternational.org\\\/fr\\\/un-bouchon-dinhumanite-un-eveque-latino-americain-sinsurge-contre-la-crise-du-darien\\\/\"},\"author\":{\"name\":\"Maria Lozano\",\"@id\":\"https:\\\/\\\/acninternational.org\\\/fr\\\/#\\\/schema\\\/person\\\/91975fc8e2569591a0e2d868c7d5816c\"},\"headline\":\"Un \u00ab bouchon \u00bb d\u2019inhumanit\u00e9 : un \u00e9v\u00eaque latino-am\u00e9ricain s\u2019insurge contre la crise du Dari\u00e9n\",\"datePublished\":\"2024-06-11T13:01:44+00:00\",\"dateModified\":\"2025-08-12T08:43:12+00:00\",\"mainEntityOfPage\":{\"@id\":\"https:\\\/\\\/acninternational.org\\\/fr\\\/un-bouchon-dinhumanite-un-eveque-latino-americain-sinsurge-contre-la-crise-du-darien\\\/\"},\"wordCount\":1257,\"publisher\":{\"@id\":\"https:\\\/\\\/acninternational.org\\\/fr\\\/#organization\"},\"image\":{\"@id\":\"https:\\\/\\\/acninternational.org\\\/fr\\\/un-bouchon-dinhumanite-un-eveque-latino-americain-sinsurge-contre-la-crise-du-darien\\\/#primaryimage\"},\"thumbnailUrl\":\"https:\\\/\\\/media.acninternational.org\\\/wp-content\\\/uploads\\\/2024\\\/06\\\/ACN-20240610-166307.jpg\",\"articleSection\":[\"FEATURED\"],\"inLanguage\":\"fr-FR\"},{\"@type\":\"WebPage\",\"@id\":\"https:\\\/\\\/acninternational.org\\\/fr\\\/un-bouchon-dinhumanite-un-eveque-latino-americain-sinsurge-contre-la-crise-du-darien\\\/\",\"url\":\"https:\\\/\\\/acninternational.org\\\/fr\\\/un-bouchon-dinhumanite-un-eveque-latino-americain-sinsurge-contre-la-crise-du-darien\\\/\",\"name\":\"Un \u00ab bouchon \u00bb d\u2019inhumanit\u00e9 : un \u00e9v\u00eaque latino-am\u00e9ricain s\u2019insurge contre la crise du Dari\u00e9n | ACN International\",\"isPartOf\":{\"@id\":\"https:\\\/\\\/acninternational.org\\\/fr\\\/#website\"},\"primaryImageOfPage\":{\"@id\":\"https:\\\/\\\/acninternational.org\\\/fr\\\/un-bouchon-dinhumanite-un-eveque-latino-americain-sinsurge-contre-la-crise-du-darien\\\/#primaryimage\"},\"image\":{\"@id\":\"https:\\\/\\\/acninternational.org\\\/fr\\\/un-bouchon-dinhumanite-un-eveque-latino-americain-sinsurge-contre-la-crise-du-darien\\\/#primaryimage\"},\"thumbnailUrl\":\"https:\\\/\\\/media.acninternational.org\\\/wp-content\\\/uploads\\\/2024\\\/06\\\/ACN-20240610-166307.jpg\",\"datePublished\":\"2024-06-11T13:01:44+00:00\",\"dateModified\":\"2025-08-12T08:43:12+00:00\",\"breadcrumb\":{\"@id\":\"https:\\\/\\\/acninternational.org\\\/fr\\\/un-bouchon-dinhumanite-un-eveque-latino-americain-sinsurge-contre-la-crise-du-darien\\\/#breadcrumb\"},\"inLanguage\":\"fr-FR\",\"potentialAction\":[{\"@type\":\"ReadAction\",\"target\":[\"https:\\\/\\\/acninternational.org\\\/fr\\\/un-bouchon-dinhumanite-un-eveque-latino-americain-sinsurge-contre-la-crise-du-darien\\\/\"]}]},{\"@type\":\"ImageObject\",\"inLanguage\":\"fr-FR\",\"@id\":\"https:\\\/\\\/acninternational.org\\\/fr\\\/un-bouchon-dinhumanite-un-eveque-latino-americain-sinsurge-contre-la-crise-du-darien\\\/#primaryimage\",\"url\":\"https:\\\/\\\/media.acninternational.org\\\/wp-content\\\/uploads\\\/2024\\\/06\\\/ACN-20240610-166307.jpg\",\"contentUrl\":\"https:\\\/\\\/media.acninternational.org\\\/wp-content\\\/uploads\\\/2024\\\/06\\\/ACN-20240610-166307.jpg\",\"width\":1920,\"height\":700},{\"@type\":\"BreadcrumbList\",\"@id\":\"https:\\\/\\\/acninternational.org\\\/fr\\\/un-bouchon-dinhumanite-un-eveque-latino-americain-sinsurge-contre-la-crise-du-darien\\\/#breadcrumb\",\"itemListElement\":[{\"@type\":\"ListItem\",\"position\":1,\"name\":\"Home\",\"item\":\"https:\\\/\\\/acninternational.org\\\/fr\\\/\"},{\"@type\":\"ListItem\",\"position\":2,\"name\":\"FEATURED\",\"item\":\"https:\\\/\\\/acninternational.org\\\/fr\\\/category\\\/featured-fr\\\/\"},{\"@type\":\"ListItem\",\"position\":3,\"name\":\"Un \u00ab bouchon \u00bb d\u2019inhumanit\u00e9 : un \u00e9v\u00eaque latino-am\u00e9ricain s\u2019insurge contre la crise du Dari\u00e9n\"}]},{\"@type\":\"WebSite\",\"@id\":\"https:\\\/\\\/acninternational.org\\\/fr\\\/#website\",\"url\":\"https:\\\/\\\/acninternational.org\\\/fr\\\/\",\"name\":\"ACN International\",\"description\":\"\",\"publisher\":{\"@id\":\"https:\\\/\\\/acninternational.org\\\/fr\\\/#organization\"},\"potentialAction\":[{\"@type\":\"SearchAction\",\"target\":{\"@type\":\"EntryPoint\",\"urlTemplate\":\"https:\\\/\\\/acninternational.org\\\/fr\\\/?s={search_term_string}\"},\"query-input\":{\"@type\":\"PropertyValueSpecification\",\"valueRequired\":true,\"valueName\":\"search_term_string\"}}],\"inLanguage\":\"fr-FR\"},{\"@type\":\"Organization\",\"@id\":\"https:\\\/\\\/acninternational.org\\\/fr\\\/#organization\",\"name\":\"Aid to the Church in Need International\",\"url\":\"https:\\\/\\\/acninternational.org\\\/fr\\\/\",\"logo\":{\"@type\":\"ImageObject\",\"inLanguage\":\"fr-FR\",\"@id\":\"https:\\\/\\\/acninternational.org\\\/fr\\\/#\\\/schema\\\/logo\\\/image\\\/\",\"url\":\"https:\\\/\\\/media.acninternational.org\\\/wp-content\\\/uploads\\\/2019\\\/11\\\/acn_logo_blackvector.svg\",\"contentUrl\":\"https:\\\/\\\/media.acninternational.org\\\/wp-content\\\/uploads\\\/2019\\\/11\\\/acn_logo_blackvector.svg\",\"width\":232.6,\"height\":78,\"caption\":\"Aid to the Church in Need International\"},\"image\":{\"@id\":\"https:\\\/\\\/acninternational.org\\\/fr\\\/#\\\/schema\\\/logo\\\/image\\\/\"},\"sameAs\":[\"https:\\\/\\\/www.facebook.com\\\/acninternationalorg\",\"https:\\\/\\\/x.com\\\/acn_int\",\"https:\\\/\\\/www.youtube.com\\\/channel\\\/UCQ-077gS0TnVzkhHmf1opZw\",\"https:\\\/\\\/www.instagram.com\\\/acn_international\\\/\"]},{\"@type\":\"Person\",\"@id\":\"https:\\\/\\\/acninternational.org\\\/fr\\\/#\\\/schema\\\/person\\\/91975fc8e2569591a0e2d868c7d5816c\",\"name\":\"Maria Lozano\",\"description\":\"Lorem ipsum dolor sit amet, consectetur adipiscing elit, sed do eiusmod tempor incididunt ut labore et dolore magna aliqua. Ut enim ad minim veniam, quis nostrud exercitation ullamco laboris nisi ut aliquip ex ea commodo consequat.\",\"url\":\"https:\\\/\\\/acninternational.org\\\/fr\\\/author\\\/maria\\\/\"}]}<\/script>\n<!-- \/ Yoast SEO Premium plugin. -->","yoast_head_json":{"title":"Un \u00ab bouchon \u00bb d\u2019inhumanit\u00e9 : un \u00e9v\u00eaque latino-am\u00e9ricain s\u2019insurge contre la crise du Dari\u00e9n | ACN International","robots":{"index":"index","follow":"follow","max-snippet":"max-snippet:-1","max-image-preview":"max-image-preview:large","max-video-preview":"max-video-preview:-1"},"canonical":"https:\/\/acninternational.org\/fr\/un-bouchon-dinhumanite-un-eveque-latino-americain-sinsurge-contre-la-crise-du-darien\/","og_locale":"fr_FR","og_type":"article","og_title":"Un \u00ab bouchon \u00bb d\u2019inhumanit\u00e9 : un \u00e9v\u00eaque latino-am\u00e9ricain s\u2019insurge contre la crise du Dari\u00e9n","og_description":"L\u2019archev\u00eaque de Panama a parl\u00e9 \u00e0 Aid to the Church in Need (ACN) de son exp\u00e9rience dans la","og_url":"https:\/\/acninternational.org\/fr\/un-bouchon-dinhumanite-un-eveque-latino-americain-sinsurge-contre-la-crise-du-darien\/","og_site_name":"ACN International","article_publisher":"https:\/\/www.facebook.com\/acninternationalorg","article_published_time":"2024-06-11T13:01:44+00:00","article_modified_time":"2025-08-12T08:43:12+00:00","og_image":[{"width":1920,"height":700,"url":"https:\/\/media.acninternational.org\/wp-content\/uploads\/2024\/06\/ACN-20240610-166307.jpg","type":"image\/jpeg"}],"author":"Maria Lozano","twitter_card":"summary_large_image","twitter_creator":"@acn_int","twitter_site":"@acn_int","twitter_misc":{"\u00c9crit par":"Maria Lozano","Dur\u00e9e de lecture estim\u00e9e":"6 minutes"},"schema":{"@context":"https:\/\/schema.org","@graph":[{"@type":"Article","@id":"https:\/\/acninternational.org\/fr\/un-bouchon-dinhumanite-un-eveque-latino-americain-sinsurge-contre-la-crise-du-darien\/#article","isPartOf":{"@id":"https:\/\/acninternational.org\/fr\/un-bouchon-dinhumanite-un-eveque-latino-americain-sinsurge-contre-la-crise-du-darien\/"},"author":{"name":"Maria Lozano","@id":"https:\/\/acninternational.org\/fr\/#\/schema\/person\/91975fc8e2569591a0e2d868c7d5816c"},"headline":"Un \u00ab bouchon \u00bb d\u2019inhumanit\u00e9 : un \u00e9v\u00eaque latino-am\u00e9ricain s\u2019insurge contre la crise du Dari\u00e9n","datePublished":"2024-06-11T13:01:44+00:00","dateModified":"2025-08-12T08:43:12+00:00","mainEntityOfPage":{"@id":"https:\/\/acninternational.org\/fr\/un-bouchon-dinhumanite-un-eveque-latino-americain-sinsurge-contre-la-crise-du-darien\/"},"wordCount":1257,"publisher":{"@id":"https:\/\/acninternational.org\/fr\/#organization"},"image":{"@id":"https:\/\/acninternational.org\/fr\/un-bouchon-dinhumanite-un-eveque-latino-americain-sinsurge-contre-la-crise-du-darien\/#primaryimage"},"thumbnailUrl":"https:\/\/media.acninternational.org\/wp-content\/uploads\/2024\/06\/ACN-20240610-166307.jpg","articleSection":["FEATURED"],"inLanguage":"fr-FR"},{"@type":"WebPage","@id":"https:\/\/acninternational.org\/fr\/un-bouchon-dinhumanite-un-eveque-latino-americain-sinsurge-contre-la-crise-du-darien\/","url":"https:\/\/acninternational.org\/fr\/un-bouchon-dinhumanite-un-eveque-latino-americain-sinsurge-contre-la-crise-du-darien\/","name":"Un \u00ab bouchon \u00bb d\u2019inhumanit\u00e9 : un \u00e9v\u00eaque latino-am\u00e9ricain s\u2019insurge contre la crise du Dari\u00e9n | ACN International","isPartOf":{"@id":"https:\/\/acninternational.org\/fr\/#website"},"primaryImageOfPage":{"@id":"https:\/\/acninternational.org\/fr\/un-bouchon-dinhumanite-un-eveque-latino-americain-sinsurge-contre-la-crise-du-darien\/#primaryimage"},"image":{"@id":"https:\/\/acninternational.org\/fr\/un-bouchon-dinhumanite-un-eveque-latino-americain-sinsurge-contre-la-crise-du-darien\/#primaryimage"},"thumbnailUrl":"https:\/\/media.acninternational.org\/wp-content\/uploads\/2024\/06\/ACN-20240610-166307.jpg","datePublished":"2024-06-11T13:01:44+00:00","dateModified":"2025-08-12T08:43:12+00:00","breadcrumb":{"@id":"https:\/\/acninternational.org\/fr\/un-bouchon-dinhumanite-un-eveque-latino-americain-sinsurge-contre-la-crise-du-darien\/#breadcrumb"},"inLanguage":"fr-FR","potentialAction":[{"@type":"ReadAction","target":["https:\/\/acninternational.org\/fr\/un-bouchon-dinhumanite-un-eveque-latino-americain-sinsurge-contre-la-crise-du-darien\/"]}]},{"@type":"ImageObject","inLanguage":"fr-FR","@id":"https:\/\/acninternational.org\/fr\/un-bouchon-dinhumanite-un-eveque-latino-americain-sinsurge-contre-la-crise-du-darien\/#primaryimage","url":"https:\/\/media.acninternational.org\/wp-content\/uploads\/2024\/06\/ACN-20240610-166307.jpg","contentUrl":"https:\/\/media.acninternational.org\/wp-content\/uploads\/2024\/06\/ACN-20240610-166307.jpg","width":1920,"height":700},{"@type":"BreadcrumbList","@id":"https:\/\/acninternational.org\/fr\/un-bouchon-dinhumanite-un-eveque-latino-americain-sinsurge-contre-la-crise-du-darien\/#breadcrumb","itemListElement":[{"@type":"ListItem","position":1,"name":"Home","item":"https:\/\/acninternational.org\/fr\/"},{"@type":"ListItem","position":2,"name":"FEATURED","item":"https:\/\/acninternational.org\/fr\/category\/featured-fr\/"},{"@type":"ListItem","position":3,"name":"Un \u00ab bouchon \u00bb d\u2019inhumanit\u00e9 : un \u00e9v\u00eaque latino-am\u00e9ricain s\u2019insurge contre la crise du Dari\u00e9n"}]},{"@type":"WebSite","@id":"https:\/\/acninternational.org\/fr\/#website","url":"https:\/\/acninternational.org\/fr\/","name":"ACN International","description":"","publisher":{"@id":"https:\/\/acninternational.org\/fr\/#organization"},"potentialAction":[{"@type":"SearchAction","target":{"@type":"EntryPoint","urlTemplate":"https:\/\/acninternational.org\/fr\/?s={search_term_string}"},"query-input":{"@type":"PropertyValueSpecification","valueRequired":true,"valueName":"search_term_string"}}],"inLanguage":"fr-FR"},{"@type":"Organization","@id":"https:\/\/acninternational.org\/fr\/#organization","name":"Aid to the Church in Need International","url":"https:\/\/acninternational.org\/fr\/","logo":{"@type":"ImageObject","inLanguage":"fr-FR","@id":"https:\/\/acninternational.org\/fr\/#\/schema\/logo\/image\/","url":"https:\/\/media.acninternational.org\/wp-content\/uploads\/2019\/11\/acn_logo_blackvector.svg","contentUrl":"https:\/\/media.acninternational.org\/wp-content\/uploads\/2019\/11\/acn_logo_blackvector.svg","width":232.6,"height":78,"caption":"Aid to the Church in Need International"},"image":{"@id":"https:\/\/acninternational.org\/fr\/#\/schema\/logo\/image\/"},"sameAs":["https:\/\/www.facebook.com\/acninternationalorg","https:\/\/x.com\/acn_int","https:\/\/www.youtube.com\/channel\/UCQ-077gS0TnVzkhHmf1opZw","https:\/\/www.instagram.com\/acn_international\/"]},{"@type":"Person","@id":"https:\/\/acninternational.org\/fr\/#\/schema\/person\/91975fc8e2569591a0e2d868c7d5816c","name":"Maria Lozano","description":"Lorem ipsum dolor sit amet, consectetur adipiscing elit, sed do eiusmod tempor incididunt ut labore et dolore magna aliqua. Ut enim ad minim veniam, quis nostrud exercitation ullamco laboris nisi ut aliquip ex ea commodo consequat.","url":"https:\/\/acninternational.org\/fr\/author\/maria\/"}]}},"_links":{"self":[{"href":"https:\/\/acninternational.org\/fr\/wp-json\/wp\/v2\/posts\/209566","targetHints":{"allow":["GET"]}}],"collection":[{"href":"https:\/\/acninternational.org\/fr\/wp-json\/wp\/v2\/posts"}],"about":[{"href":"https:\/\/acninternational.org\/fr\/wp-json\/wp\/v2\/types\/post"}],"author":[{"embeddable":true,"href":"https:\/\/acninternational.org\/fr\/wp-json\/wp\/v2\/users\/4258341378"}],"replies":[{"embeddable":true,"href":"https:\/\/acninternational.org\/fr\/wp-json\/wp\/v2\/comments?post=209566"}],"version-history":[{"count":1,"href":"https:\/\/acninternational.org\/fr\/wp-json\/wp\/v2\/posts\/209566\/revisions"}],"predecessor-version":[{"id":245653,"href":"https:\/\/acninternational.org\/fr\/wp-json\/wp\/v2\/posts\/209566\/revisions\/245653"}],"wp:featuredmedia":[{"embeddable":true,"href":"https:\/\/acninternational.org\/fr\/wp-json\/wp\/v2\/media\/209497"}],"wp:attachment":[{"href":"https:\/\/acninternational.org\/fr\/wp-json\/wp\/v2\/media?parent=209566"}],"wp:term":[{"taxonomy":"category","embeddable":true,"href":"https:\/\/acninternational.org\/fr\/wp-json\/wp\/v2\/categories?post=209566"},{"taxonomy":"post_tag","embeddable":true,"href":"https:\/\/acninternational.org\/fr\/wp-json\/wp\/v2\/tags?post=209566"},{"taxonomy":"country","embeddable":true,"href":"https:\/\/acninternational.org\/fr\/wp-json\/wp\/v2\/country?post=209566"}],"curies":[{"name":"wp","href":"https:\/\/api.w.org\/{rel}","templated":true}]}}