{"id":209144,"date":"2024-06-07T16:31:14","date_gmt":"2024-06-07T14:31:14","guid":{"rendered":"https:\/\/acninternational.org\/?p=209144"},"modified":"2025-08-12T10:43:19","modified_gmt":"2025-08-12T08:43:19","slug":"nigeria-deux-ans-apres-le-massacre-de-la-pentecote-leglise-est-toujours-pleine","status":"publish","type":"post","link":"https:\/\/acninternational.org\/fr\/nigeria-deux-ans-apres-le-massacre-de-la-pentecote-leglise-est-toujours-pleine\/","title":{"rendered":"Nigeria : Deux ans apr\u00e8s le massacre de la Pentec\u00f4te, l\u2019\u00e9glise est \u00ab toujours pleine \u00bb"},"content":{"rendered":"<p><em>Deux ans plus tard, les terroristes soup\u00e7onn\u00e9s d\u2019avoir assassin\u00e9 plus de 40 fid\u00e8les lors de la messe du dimanche de la Pentec\u00f4te dans le sud-ouest du Nigeria n\u2019ont toujours pas \u00e9t\u00e9 inculp\u00e9s. <\/em><\/p>\n<p>Le cur\u00e9 de l\u2019\u00e9glise catholique Saint-Fran\u00e7ois-Xavier, \u00e0 Owo, o\u00f9 plus de 40 fid\u00e8les ont \u00e9t\u00e9 assassin\u00e9s le dimanche de la Pentec\u00f4te en 2022, a d\u00e9clar\u00e9 \u00e0 la fondation pontificale Aid to the Church in Need (ACN) que, deux ans apr\u00e8s le massacre, les suspects \u00e9taient encore en garde \u00e0 vue mais n\u2019avaient toujours pas comparu devant un tribunal.<\/p>\n<p>Le 5 juin 2022, des extr\u00e9mistes ont ouvert le feu et d\u00e9clench\u00e9 des explosifs \u00e0 l\u2019int\u00e9rieur de l\u2019\u00e9glise \u00e0 la fin de la messe, tuant 41 personnes et en blessant plus de 70. Le P\u00e8re Michael Abugan a comm\u00e9mor\u00e9 le deuxi\u00e8me anniversaire du massacre par une messe sp\u00e9ciale et un enseignement sur le martyre.<\/p>\n<p>Ce pr\u00eatre a ajout\u00e9 que, depuis l\u2019attaque, les survivants \u00e9taient \u00ab tr\u00e8s r\u00e9solus, tr\u00e8s engag\u00e9s et r\u00e9silients dans leur pratique de la foi \u00bb. L\u2019infirmi\u00e8re Margaret Attah \u2013 qui a perdu ses deux jambes et un \u0153il lors du massacre, et qui est en fauteuil roulant depuis lors \u2013 a d\u00e9clar\u00e9 \u00e0 ACN que malgr\u00e9 la peur g\u00e9n\u00e9ralis\u00e9e au sein de la communaut\u00e9, \u00ab\u00a0l\u2019\u00e9glise est toujours pleine le dimanche \u2013Dieu\u00a0soit lou\u00e9 \u00bb.<\/p>\n<figure id=\"attachment_209067\" aria-describedby=\"caption-attachment-209067\" style=\"width: 800px\" class=\"wp-caption aligncenter\"><img loading=\"lazy\" decoding=\"async\" class=\"wp-image-209067 size-large\" src=\"https:\/\/media.acninternational.org\/wp-content\/uploads\/2024\/06\/ACN-20231205-157062-1024x683.jpg\" alt=\"Margaret et Dominic Attah, survivants d'un attentat terroriste au Nigeria, lors de la messe du Mercredi rouge \" width=\"800\" height=\"534\" srcset=\"https:\/\/media.acninternational.org\/wp-content\/uploads\/2024\/06\/ACN-20231205-157062-1024x683.jpg 1024w, https:\/\/media.acninternational.org\/wp-content\/uploads\/2024\/06\/ACN-20231205-157062-300x200.jpg 300w, https:\/\/media.acninternational.org\/wp-content\/uploads\/2024\/06\/ACN-20231205-157062-768x512.jpg 768w, https:\/\/media.acninternational.org\/wp-content\/uploads\/2024\/06\/ACN-20231205-157062.jpg 1080w\" sizes=\"auto, (max-width: 800px) 100vw, 800px\" \/><figcaption id=\"caption-attachment-209067\" class=\"wp-caption-text\">Margaret et Dominic Attah, survivants d&rsquo;un attentat terroriste au Nigeria, lors de la messe du Mercredi rouge<\/figcaption><\/figure>\n<p>Mme Attah a d\u00e9clar\u00e9 qu\u2019il \u00ab\u00a0y a des tensions partout au Nigeria\u00a0\u00bb, avec de nombreuses personnes \u00ab\u00a0qui ont peur de sortir de chez elles\u00a0\u00bb, car les enl\u00e8vements sont fr\u00e9quents dans certaines parties du pays. Elle a ajout\u00e9\u00a0: \u00ab\u00a0Il n\u2019y a pas de tranquillit\u00e9 d\u2019esprit. Nous ne pouvons pas dormir sur nos deux oreilles. Nous ne pouvons m\u00eame pas parcourir de courtes distances sans avoir peur.\u00a0Mais nous continuons \u00e0 remercier Dieu.\u00a0\u00bb Elle a soulign\u00e9 que la pri\u00e8re \u00e9tait le seul espoir des gens et que \u00ab l&rsquo;avenir du pays est entre les mains de Dieu seul. Nous devons continuer \u00e0 prier Dieu pour que son r\u00e8gne vienne. Dieu seul doit r\u00e9gner au Nigeria, car ce n&rsquo;est qu&rsquo;alors que nous aurons la paix.\u00a0\u00bb<\/p>\n<p>Malgr\u00e9 l\u2019absence de justice, Mme Attah a d\u00e9clar\u00e9 qu\u2019elle \u00ab trouvait tr\u00e8s facile de pardonner aux agresseurs\u00a0\u00bb, expliquant : \u00ab\u00a0Je prie Dieu de me pardonner mes propres p\u00e9ch\u00e9s, alors je dois pardonner aux autres de la m\u00eame mani\u00e8re. \u00bb Mme Attah a re\u00e7u <a href=\"https:\/\/acninternational.org\/fr\/decernee-pour-la-premiere-fois-la-distinction-courage-detre-chretien-a-ete-remise-aux-victimes-du-massacre-de-pentecote-au-nigeria\/\" target=\"_blank\" rel=\"noopener\">le prix \u00ab Courage d\u2019\u00eatre chr\u00e9tien\u00a0\u00bb<\/a> de ACN au Royaume-Uni en novembre dernier \u00e0 Londres. Le prix a \u00e9t\u00e9 d\u00e9cern\u00e9 pour la premi\u00e8re fois en 2023 dans le cadre du programme #RedWednesday de l\u2019\u0153uvre de bienfaisance \u00e0 Londres.<\/p>\n<p>Le massacre a \u00e9galement \u00e9t\u00e9 comm\u00e9mor\u00e9 aux \u00c9tats-Unis, o\u00f9 Mgr Jude Arogundade, \u00e9v\u00eaque d\u2019Ondo, le dioc\u00e8se o\u00f9 l\u2019attaque a eu lieu, a pris la parole le 5 juin, lors d\u2019un \u00e9v\u00e9nement en ligne organis\u00e9 par ACN. Mgr Jude s\u2019est exprim\u00e9 \u00e0 propos de certaines des victimes, en particulier un enfant de trois ans qui a re\u00e7u une balle dans la t\u00eate et dont les parents n&rsquo;ont pas encore r\u00e9ussi \u00e0 l&rsquo;accepter, ainsi qu&rsquo;une femme qui a \u00e9t\u00e9 paralys\u00e9e, et une autre victime qui a \u00e9t\u00e9 doublement amput\u00e9e.<\/p>\n<figure id=\"attachment_209061\" aria-describedby=\"caption-attachment-209061\" style=\"width: 800px\" class=\"wp-caption aligncenter\"><img loading=\"lazy\" decoding=\"async\" class=\"wp-image-209061 size-large\" src=\"https:\/\/media.acninternational.org\/wp-content\/uploads\/2024\/06\/ACN-20220614-129341-1024x684.jpg\" alt=\"L'\u00e9v\u00eaque Jude Arogundade d'Ondo, Nigeria, rend visite aux survivants de l'attaque terroriste\" width=\"800\" height=\"534\" srcset=\"https:\/\/media.acninternational.org\/wp-content\/uploads\/2024\/06\/ACN-20220614-129341-1024x684.jpg 1024w, https:\/\/media.acninternational.org\/wp-content\/uploads\/2024\/06\/ACN-20220614-129341-300x200.jpg 300w, https:\/\/media.acninternational.org\/wp-content\/uploads\/2024\/06\/ACN-20220614-129341-768x513.jpg 768w, https:\/\/media.acninternational.org\/wp-content\/uploads\/2024\/06\/ACN-20220614-129341.jpg 1080w\" sizes=\"auto, (max-width: 800px) 100vw, 800px\" \/><figcaption id=\"caption-attachment-209061\" class=\"wp-caption-text\">L&rsquo;\u00e9v\u00eaque Jude Arogundade d&rsquo;Ondo, Nigeria, rend visite aux survivants de l&rsquo;attaque terroriste<\/figcaption><\/figure>\n<p>Mgr Jude a expliqu\u00e9 que malgr\u00e9 l\u2019exp\u00e9rience traumatisante subie par l\u2019\u00c9glise catholique, la population gardait l\u2019esp\u00e9rance, comme le prouve son expansion continue et l\u2019ouverture de dix nouvelles missions d&rsquo;\u00e9vang\u00e9lisation.<\/p>\n<h4><strong>Un parc pour se souvenir des victimes<\/strong><\/h4>\n<p>Juste apr\u00e8s le massacre, ACN a tendu la main \u00e0 la communaut\u00e9 pour lui offrir un soutien mat\u00e9riel et spirituel, a appel\u00e9 \u00e0 prier pour les victimes et les survivants et <a href=\"https:\/\/acninternational.org\/massacre-in-owo-nigeria\/\" target=\"_blank\" rel=\"noopener\">s\u2019est fait \u00e9cho des appels \u00e0 la justice de l\u2019\u00c9glise locale<\/a>.<\/p>\n<p>Le dioc\u00e8se a \u00e9galement soumis un projet \u00e0 ACN pour construire un m\u00e9morial pour les victimes, afin que l\u2019atrocit\u00e9 commise ne soit jamais oubli\u00e9e. Il est pr\u00e9vu d\u2019am\u00e9nager un jardin comm\u00e9moratif, o\u00f9 les gens pourront se rassembler pour se souvenir des victimes et prier pour elles et pour la paix. ACN contribue \u00e0 la construction du m\u00e9morial.<\/p>\n<figure id=\"attachment_209073\" aria-describedby=\"caption-attachment-209073\" style=\"width: 800px\" class=\"wp-caption aligncenter\"><img loading=\"lazy\" decoding=\"async\" class=\"wp-image-209073 size-large\" src=\"https:\/\/media.acninternational.org\/wp-content\/uploads\/2024\/06\/ACN-20220705-130183-1024x683.jpg\" alt=\"Mgr Jude Ayodeji Arogundade, \u00e9v\u00eaque d'Ondo, Nigeria\" width=\"800\" height=\"534\" srcset=\"https:\/\/media.acninternational.org\/wp-content\/uploads\/2024\/06\/ACN-20220705-130183-1024x683.jpg 1024w, https:\/\/media.acninternational.org\/wp-content\/uploads\/2024\/06\/ACN-20220705-130183-300x200.jpg 300w, https:\/\/media.acninternational.org\/wp-content\/uploads\/2024\/06\/ACN-20220705-130183-768x512.jpg 768w, https:\/\/media.acninternational.org\/wp-content\/uploads\/2024\/06\/ACN-20220705-130183.jpg 1080w\" sizes=\"auto, (max-width: 800px) 100vw, 800px\" \/><figcaption id=\"caption-attachment-209073\" class=\"wp-caption-text\">Mgr Jude Ayodeji Arogundade, \u00e9v\u00eaque d&rsquo;Ondo, Nigeria<\/figcaption><\/figure>\n<p>Le P\u00e8re Damian Ezeokafor a expliqu\u00e9, au nom du dioc\u00e8se d\u2019Ondo, que \u00ab\u00a0le parc comm\u00e9moratif fera partie de l\u2019histoire de l\u2019\u00c9glise dans cette communaut\u00e9, une histoire qui sera transmise de g\u00e9n\u00e9ration en g\u00e9n\u00e9ration. \u00a0Sans ce lieu, cette partie funeste de leur histoire serait tr\u00e8s probablement oubli\u00e9e ou progressivement effac\u00e9e. Ce m\u00e9morial est important pour deux raisons : d&rsquo;une part, pour prier pour les d\u00e9funts et, d&rsquo;autre part, pour montrer comment ces fid\u00e8les ont t\u00e9moign\u00e9 de leur foi chr\u00e9tienne en versant leur sang.\u00a0\u00bb<\/p>\n<p>Les plans du parc comprennent un emplacement pour un autel afin que la messe puisse \u00e9galement y \u00eatre c\u00e9l\u00e9br\u00e9e.<\/p>\n<p>S\u2019adressant \u00e0 ACN, Mme Attah a d\u00e9clar\u00e9 : \u00ab Je tiens \u00e0 remercier les bienfaiteurs de ACN. Je prie pour que Dieu continue \u00e0 vous b\u00e9nir tous.\u00a0\u00bb<\/p>\n<p>&nbsp;<\/p>\n<p>Par<strong> Filipe d\u2019Avillez et Amy Balog<\/strong>.<\/p>\n","protected":false},"excerpt":{"rendered":"<p>Deux ans plus tard, les terroristes soup\u00e7onn\u00e9s d\u2019avoir assassin\u00e9 plus de 40 fid\u00e8les lors de la messe du dimanche de<\/p>\n","protected":false},"author":4258341447,"featured_media":209054,"comment_status":"closed","ping_status":"closed","sticky":false,"template":"","format":"standard","meta":{"_acf_changed":false,"_acn_coauthor_ids":[],"footnotes":""},"categories":[919,962],"tags":[],"country":[116],"class_list":["post-209144","post","type-post","status-publish","format-standard","has-post-thumbnail","hentry","category-nouvelle","category-news-fr","country-nigeria"],"acn_coauthors":[],"acf":[],"yoast_head":"<!-- This site is optimized with the Yoast SEO Premium plugin v27.3 (Yoast SEO v27.3) - https:\/\/yoast.com\/product\/yoast-seo-premium-wordpress\/ -->\n<title>Nigeria : Deux ans apr\u00e8s le massacre de la Pentec\u00f4te, l\u2019\u00e9glise est \u00ab toujours pleine \u00bb | ACN International<\/title>\n<meta name=\"robots\" content=\"index, follow, max-snippet:-1, max-image-preview:large, max-video-preview:-1\" \/>\n<link rel=\"canonical\" href=\"https:\/\/acninternational.org\/fr\/nigeria-deux-ans-apres-le-massacre-de-la-pentecote-leglise-est-toujours-pleine\/\" \/>\n<meta property=\"og:locale\" content=\"fr_FR\" \/>\n<meta property=\"og:type\" content=\"article\" \/>\n<meta property=\"og:title\" content=\"Nigeria : Deux ans apr\u00e8s le massacre de la Pentec\u00f4te, l\u2019\u00e9glise est \u00ab toujours pleine \u00bb\" \/>\n<meta property=\"og:description\" content=\"Deux ans plus tard, les terroristes soup\u00e7onn\u00e9s d\u2019avoir assassin\u00e9 plus de 40 fid\u00e8les lors de la messe du dimanche de\" \/>\n<meta property=\"og:url\" content=\"https:\/\/acninternational.org\/fr\/nigeria-deux-ans-apres-le-massacre-de-la-pentecote-leglise-est-toujours-pleine\/\" \/>\n<meta property=\"og:site_name\" content=\"ACN International\" \/>\n<meta property=\"article:publisher\" content=\"https:\/\/www.facebook.com\/acninternationalorg\" \/>\n<meta property=\"article:published_time\" content=\"2024-06-07T14:31:14+00:00\" \/>\n<meta property=\"article:modified_time\" content=\"2025-08-12T08:43:19+00:00\" \/>\n<meta property=\"og:image\" content=\"https:\/\/media.acninternational.org\/wp-content\/uploads\/2024\/06\/ACN-20220609-128954.jpg\" \/>\n\t<meta property=\"og:image:width\" content=\"1920\" \/>\n\t<meta property=\"og:image:height\" content=\"700\" \/>\n\t<meta property=\"og:image:type\" content=\"image\/jpeg\" \/>\n<meta name=\"author\" content=\"ACN Press Team\" \/>\n<meta name=\"twitter:card\" content=\"summary_large_image\" \/>\n<meta name=\"twitter:creator\" content=\"@acn_int\" \/>\n<meta name=\"twitter:site\" content=\"@acn_int\" \/>\n<meta name=\"twitter:label1\" content=\"\u00c9crit par\" \/>\n\t<meta name=\"twitter:data1\" content=\"ACN Press Team\" \/>\n\t<meta name=\"twitter:label2\" content=\"Dur\u00e9e de lecture estim\u00e9e\" \/>\n\t<meta name=\"twitter:data2\" content=\"5 minutes\" \/>\n<script type=\"application\/ld+json\" class=\"yoast-schema-graph\">{\"@context\":\"https:\\\/\\\/schema.org\",\"@graph\":[{\"@type\":\"Article\",\"@id\":\"https:\\\/\\\/acninternational.org\\\/fr\\\/nigeria-deux-ans-apres-le-massacre-de-la-pentecote-leglise-est-toujours-pleine\\\/#article\",\"isPartOf\":{\"@id\":\"https:\\\/\\\/acninternational.org\\\/fr\\\/nigeria-deux-ans-apres-le-massacre-de-la-pentecote-leglise-est-toujours-pleine\\\/\"},\"author\":{\"name\":\"ACN Press Team\",\"@id\":\"https:\\\/\\\/acninternational.org\\\/fr\\\/#\\\/schema\\\/person\\\/7f3dafb236b242fb2aa46be1411fd703\"},\"headline\":\"Nigeria : Deux ans apr\u00e8s le massacre de la Pentec\u00f4te, l\u2019\u00e9glise est \u00ab toujours pleine \u00bb\",\"datePublished\":\"2024-06-07T14:31:14+00:00\",\"dateModified\":\"2025-08-12T08:43:19+00:00\",\"mainEntityOfPage\":{\"@id\":\"https:\\\/\\\/acninternational.org\\\/fr\\\/nigeria-deux-ans-apres-le-massacre-de-la-pentecote-leglise-est-toujours-pleine\\\/\"},\"wordCount\":944,\"publisher\":{\"@id\":\"https:\\\/\\\/acninternational.org\\\/fr\\\/#organization\"},\"image\":{\"@id\":\"https:\\\/\\\/acninternational.org\\\/fr\\\/nigeria-deux-ans-apres-le-massacre-de-la-pentecote-leglise-est-toujours-pleine\\\/#primaryimage\"},\"thumbnailUrl\":\"https:\\\/\\\/media.acninternational.org\\\/wp-content\\\/uploads\\\/2024\\\/06\\\/ACN-20220609-128954.jpg\",\"articleSection\":[\"Nouvelle\",\"Nouvelles\"],\"inLanguage\":\"fr-FR\"},{\"@type\":\"WebPage\",\"@id\":\"https:\\\/\\\/acninternational.org\\\/fr\\\/nigeria-deux-ans-apres-le-massacre-de-la-pentecote-leglise-est-toujours-pleine\\\/\",\"url\":\"https:\\\/\\\/acninternational.org\\\/fr\\\/nigeria-deux-ans-apres-le-massacre-de-la-pentecote-leglise-est-toujours-pleine\\\/\",\"name\":\"Nigeria : Deux ans apr\u00e8s le massacre de la Pentec\u00f4te, l\u2019\u00e9glise est \u00ab toujours pleine \u00bb | ACN International\",\"isPartOf\":{\"@id\":\"https:\\\/\\\/acninternational.org\\\/fr\\\/#website\"},\"primaryImageOfPage\":{\"@id\":\"https:\\\/\\\/acninternational.org\\\/fr\\\/nigeria-deux-ans-apres-le-massacre-de-la-pentecote-leglise-est-toujours-pleine\\\/#primaryimage\"},\"image\":{\"@id\":\"https:\\\/\\\/acninternational.org\\\/fr\\\/nigeria-deux-ans-apres-le-massacre-de-la-pentecote-leglise-est-toujours-pleine\\\/#primaryimage\"},\"thumbnailUrl\":\"https:\\\/\\\/media.acninternational.org\\\/wp-content\\\/uploads\\\/2024\\\/06\\\/ACN-20220609-128954.jpg\",\"datePublished\":\"2024-06-07T14:31:14+00:00\",\"dateModified\":\"2025-08-12T08:43:19+00:00\",\"breadcrumb\":{\"@id\":\"https:\\\/\\\/acninternational.org\\\/fr\\\/nigeria-deux-ans-apres-le-massacre-de-la-pentecote-leglise-est-toujours-pleine\\\/#breadcrumb\"},\"inLanguage\":\"fr-FR\",\"potentialAction\":[{\"@type\":\"ReadAction\",\"target\":[\"https:\\\/\\\/acninternational.org\\\/fr\\\/nigeria-deux-ans-apres-le-massacre-de-la-pentecote-leglise-est-toujours-pleine\\\/\"]}]},{\"@type\":\"ImageObject\",\"inLanguage\":\"fr-FR\",\"@id\":\"https:\\\/\\\/acninternational.org\\\/fr\\\/nigeria-deux-ans-apres-le-massacre-de-la-pentecote-leglise-est-toujours-pleine\\\/#primaryimage\",\"url\":\"https:\\\/\\\/media.acninternational.org\\\/wp-content\\\/uploads\\\/2024\\\/06\\\/ACN-20220609-128954.jpg\",\"contentUrl\":\"https:\\\/\\\/media.acninternational.org\\\/wp-content\\\/uploads\\\/2024\\\/06\\\/ACN-20220609-128954.jpg\",\"width\":1920,\"height\":700},{\"@type\":\"BreadcrumbList\",\"@id\":\"https:\\\/\\\/acninternational.org\\\/fr\\\/nigeria-deux-ans-apres-le-massacre-de-la-pentecote-leglise-est-toujours-pleine\\\/#breadcrumb\",\"itemListElement\":[{\"@type\":\"ListItem\",\"position\":1,\"name\":\"Home\",\"item\":\"https:\\\/\\\/acninternational.org\\\/fr\\\/\"},{\"@type\":\"ListItem\",\"position\":2,\"name\":\"Nouvelles\",\"item\":\"https:\\\/\\\/acninternational.org\\\/fr\\\/category\\\/news-fr\\\/\"},{\"@type\":\"ListItem\",\"position\":3,\"name\":\"Nigeria : Deux ans apr\u00e8s le massacre de la Pentec\u00f4te, l\u2019\u00e9glise est \u00ab toujours pleine \u00bb\"}]},{\"@type\":\"WebSite\",\"@id\":\"https:\\\/\\\/acninternational.org\\\/fr\\\/#website\",\"url\":\"https:\\\/\\\/acninternational.org\\\/fr\\\/\",\"name\":\"ACN International\",\"description\":\"\",\"publisher\":{\"@id\":\"https:\\\/\\\/acninternational.org\\\/fr\\\/#organization\"},\"potentialAction\":[{\"@type\":\"SearchAction\",\"target\":{\"@type\":\"EntryPoint\",\"urlTemplate\":\"https:\\\/\\\/acninternational.org\\\/fr\\\/?s={search_term_string}\"},\"query-input\":{\"@type\":\"PropertyValueSpecification\",\"valueRequired\":true,\"valueName\":\"search_term_string\"}}],\"inLanguage\":\"fr-FR\"},{\"@type\":\"Organization\",\"@id\":\"https:\\\/\\\/acninternational.org\\\/fr\\\/#organization\",\"name\":\"Aid to the Church in Need International\",\"url\":\"https:\\\/\\\/acninternational.org\\\/fr\\\/\",\"logo\":{\"@type\":\"ImageObject\",\"inLanguage\":\"fr-FR\",\"@id\":\"https:\\\/\\\/acninternational.org\\\/fr\\\/#\\\/schema\\\/logo\\\/image\\\/\",\"url\":\"https:\\\/\\\/media.acninternational.org\\\/wp-content\\\/uploads\\\/2019\\\/11\\\/acn_logo_blackvector.svg\",\"contentUrl\":\"https:\\\/\\\/media.acninternational.org\\\/wp-content\\\/uploads\\\/2019\\\/11\\\/acn_logo_blackvector.svg\",\"width\":232.6,\"height\":78,\"caption\":\"Aid to the Church in Need International\"},\"image\":{\"@id\":\"https:\\\/\\\/acninternational.org\\\/fr\\\/#\\\/schema\\\/logo\\\/image\\\/\"},\"sameAs\":[\"https:\\\/\\\/www.facebook.com\\\/acninternationalorg\",\"https:\\\/\\\/x.com\\\/acn_int\",\"https:\\\/\\\/www.youtube.com\\\/channel\\\/UCQ-077gS0TnVzkhHmf1opZw\",\"https:\\\/\\\/www.instagram.com\\\/acn_international\\\/\"]},{\"@type\":\"Person\",\"@id\":\"https:\\\/\\\/acninternational.org\\\/fr\\\/#\\\/schema\\\/person\\\/7f3dafb236b242fb2aa46be1411fd703\",\"name\":\"ACN Press Team\",\"description\":\"Lorem ipsum dolor sit amet, consectetur adipiscing elit, sed do eiusmod tempor incididunt ut labore et dolore magna aliqua. Ut enim ad minim veniam, quis nostrud exercitation ullamco laboris nisi ut aliquip ex ea commodo consequat.\",\"url\":\"https:\\\/\\\/acninternational.org\\\/fr\\\/author\\\/acn-press-team\\\/\"}]}<\/script>\n<!-- \/ Yoast SEO Premium plugin. -->","yoast_head_json":{"title":"Nigeria : Deux ans apr\u00e8s le massacre de la Pentec\u00f4te, l\u2019\u00e9glise est \u00ab toujours pleine \u00bb | ACN International","robots":{"index":"index","follow":"follow","max-snippet":"max-snippet:-1","max-image-preview":"max-image-preview:large","max-video-preview":"max-video-preview:-1"},"canonical":"https:\/\/acninternational.org\/fr\/nigeria-deux-ans-apres-le-massacre-de-la-pentecote-leglise-est-toujours-pleine\/","og_locale":"fr_FR","og_type":"article","og_title":"Nigeria : Deux ans apr\u00e8s le massacre de la Pentec\u00f4te, l\u2019\u00e9glise est \u00ab toujours pleine \u00bb","og_description":"Deux ans plus tard, les terroristes soup\u00e7onn\u00e9s d\u2019avoir assassin\u00e9 plus de 40 fid\u00e8les lors de la messe du dimanche de","og_url":"https:\/\/acninternational.org\/fr\/nigeria-deux-ans-apres-le-massacre-de-la-pentecote-leglise-est-toujours-pleine\/","og_site_name":"ACN International","article_publisher":"https:\/\/www.facebook.com\/acninternationalorg","article_published_time":"2024-06-07T14:31:14+00:00","article_modified_time":"2025-08-12T08:43:19+00:00","og_image":[{"width":1920,"height":700,"url":"https:\/\/media.acninternational.org\/wp-content\/uploads\/2024\/06\/ACN-20220609-128954.jpg","type":"image\/jpeg"}],"author":"ACN Press Team","twitter_card":"summary_large_image","twitter_creator":"@acn_int","twitter_site":"@acn_int","twitter_misc":{"\u00c9crit par":"ACN Press Team","Dur\u00e9e de lecture estim\u00e9e":"5 minutes"},"schema":{"@context":"https:\/\/schema.org","@graph":[{"@type":"Article","@id":"https:\/\/acninternational.org\/fr\/nigeria-deux-ans-apres-le-massacre-de-la-pentecote-leglise-est-toujours-pleine\/#article","isPartOf":{"@id":"https:\/\/acninternational.org\/fr\/nigeria-deux-ans-apres-le-massacre-de-la-pentecote-leglise-est-toujours-pleine\/"},"author":{"name":"ACN Press Team","@id":"https:\/\/acninternational.org\/fr\/#\/schema\/person\/7f3dafb236b242fb2aa46be1411fd703"},"headline":"Nigeria : Deux ans apr\u00e8s le massacre de la Pentec\u00f4te, l\u2019\u00e9glise est \u00ab toujours pleine \u00bb","datePublished":"2024-06-07T14:31:14+00:00","dateModified":"2025-08-12T08:43:19+00:00","mainEntityOfPage":{"@id":"https:\/\/acninternational.org\/fr\/nigeria-deux-ans-apres-le-massacre-de-la-pentecote-leglise-est-toujours-pleine\/"},"wordCount":944,"publisher":{"@id":"https:\/\/acninternational.org\/fr\/#organization"},"image":{"@id":"https:\/\/acninternational.org\/fr\/nigeria-deux-ans-apres-le-massacre-de-la-pentecote-leglise-est-toujours-pleine\/#primaryimage"},"thumbnailUrl":"https:\/\/media.acninternational.org\/wp-content\/uploads\/2024\/06\/ACN-20220609-128954.jpg","articleSection":["Nouvelle","Nouvelles"],"inLanguage":"fr-FR"},{"@type":"WebPage","@id":"https:\/\/acninternational.org\/fr\/nigeria-deux-ans-apres-le-massacre-de-la-pentecote-leglise-est-toujours-pleine\/","url":"https:\/\/acninternational.org\/fr\/nigeria-deux-ans-apres-le-massacre-de-la-pentecote-leglise-est-toujours-pleine\/","name":"Nigeria : Deux ans apr\u00e8s le massacre de la Pentec\u00f4te, l\u2019\u00e9glise est \u00ab toujours pleine \u00bb | ACN International","isPartOf":{"@id":"https:\/\/acninternational.org\/fr\/#website"},"primaryImageOfPage":{"@id":"https:\/\/acninternational.org\/fr\/nigeria-deux-ans-apres-le-massacre-de-la-pentecote-leglise-est-toujours-pleine\/#primaryimage"},"image":{"@id":"https:\/\/acninternational.org\/fr\/nigeria-deux-ans-apres-le-massacre-de-la-pentecote-leglise-est-toujours-pleine\/#primaryimage"},"thumbnailUrl":"https:\/\/media.acninternational.org\/wp-content\/uploads\/2024\/06\/ACN-20220609-128954.jpg","datePublished":"2024-06-07T14:31:14+00:00","dateModified":"2025-08-12T08:43:19+00:00","breadcrumb":{"@id":"https:\/\/acninternational.org\/fr\/nigeria-deux-ans-apres-le-massacre-de-la-pentecote-leglise-est-toujours-pleine\/#breadcrumb"},"inLanguage":"fr-FR","potentialAction":[{"@type":"ReadAction","target":["https:\/\/acninternational.org\/fr\/nigeria-deux-ans-apres-le-massacre-de-la-pentecote-leglise-est-toujours-pleine\/"]}]},{"@type":"ImageObject","inLanguage":"fr-FR","@id":"https:\/\/acninternational.org\/fr\/nigeria-deux-ans-apres-le-massacre-de-la-pentecote-leglise-est-toujours-pleine\/#primaryimage","url":"https:\/\/media.acninternational.org\/wp-content\/uploads\/2024\/06\/ACN-20220609-128954.jpg","contentUrl":"https:\/\/media.acninternational.org\/wp-content\/uploads\/2024\/06\/ACN-20220609-128954.jpg","width":1920,"height":700},{"@type":"BreadcrumbList","@id":"https:\/\/acninternational.org\/fr\/nigeria-deux-ans-apres-le-massacre-de-la-pentecote-leglise-est-toujours-pleine\/#breadcrumb","itemListElement":[{"@type":"ListItem","position":1,"name":"Home","item":"https:\/\/acninternational.org\/fr\/"},{"@type":"ListItem","position":2,"name":"Nouvelles","item":"https:\/\/acninternational.org\/fr\/category\/news-fr\/"},{"@type":"ListItem","position":3,"name":"Nigeria : Deux ans apr\u00e8s le massacre de la Pentec\u00f4te, l\u2019\u00e9glise est \u00ab toujours pleine \u00bb"}]},{"@type":"WebSite","@id":"https:\/\/acninternational.org\/fr\/#website","url":"https:\/\/acninternational.org\/fr\/","name":"ACN International","description":"","publisher":{"@id":"https:\/\/acninternational.org\/fr\/#organization"},"potentialAction":[{"@type":"SearchAction","target":{"@type":"EntryPoint","urlTemplate":"https:\/\/acninternational.org\/fr\/?s={search_term_string}"},"query-input":{"@type":"PropertyValueSpecification","valueRequired":true,"valueName":"search_term_string"}}],"inLanguage":"fr-FR"},{"@type":"Organization","@id":"https:\/\/acninternational.org\/fr\/#organization","name":"Aid to the Church in Need International","url":"https:\/\/acninternational.org\/fr\/","logo":{"@type":"ImageObject","inLanguage":"fr-FR","@id":"https:\/\/acninternational.org\/fr\/#\/schema\/logo\/image\/","url":"https:\/\/media.acninternational.org\/wp-content\/uploads\/2019\/11\/acn_logo_blackvector.svg","contentUrl":"https:\/\/media.acninternational.org\/wp-content\/uploads\/2019\/11\/acn_logo_blackvector.svg","width":232.6,"height":78,"caption":"Aid to the Church in Need International"},"image":{"@id":"https:\/\/acninternational.org\/fr\/#\/schema\/logo\/image\/"},"sameAs":["https:\/\/www.facebook.com\/acninternationalorg","https:\/\/x.com\/acn_int","https:\/\/www.youtube.com\/channel\/UCQ-077gS0TnVzkhHmf1opZw","https:\/\/www.instagram.com\/acn_international\/"]},{"@type":"Person","@id":"https:\/\/acninternational.org\/fr\/#\/schema\/person\/7f3dafb236b242fb2aa46be1411fd703","name":"ACN Press Team","description":"Lorem ipsum dolor sit amet, consectetur adipiscing elit, sed do eiusmod tempor incididunt ut labore et dolore magna aliqua. Ut enim ad minim veniam, quis nostrud exercitation ullamco laboris nisi ut aliquip ex ea commodo consequat.","url":"https:\/\/acninternational.org\/fr\/author\/acn-press-team\/"}]}},"_links":{"self":[{"href":"https:\/\/acninternational.org\/fr\/wp-json\/wp\/v2\/posts\/209144","targetHints":{"allow":["GET"]}}],"collection":[{"href":"https:\/\/acninternational.org\/fr\/wp-json\/wp\/v2\/posts"}],"about":[{"href":"https:\/\/acninternational.org\/fr\/wp-json\/wp\/v2\/types\/post"}],"author":[{"embeddable":true,"href":"https:\/\/acninternational.org\/fr\/wp-json\/wp\/v2\/users\/4258341447"}],"replies":[{"embeddable":true,"href":"https:\/\/acninternational.org\/fr\/wp-json\/wp\/v2\/comments?post=209144"}],"version-history":[{"count":1,"href":"https:\/\/acninternational.org\/fr\/wp-json\/wp\/v2\/posts\/209144\/revisions"}],"predecessor-version":[{"id":245659,"href":"https:\/\/acninternational.org\/fr\/wp-json\/wp\/v2\/posts\/209144\/revisions\/245659"}],"wp:featuredmedia":[{"embeddable":true,"href":"https:\/\/acninternational.org\/fr\/wp-json\/wp\/v2\/media\/209054"}],"wp:attachment":[{"href":"https:\/\/acninternational.org\/fr\/wp-json\/wp\/v2\/media?parent=209144"}],"wp:term":[{"taxonomy":"category","embeddable":true,"href":"https:\/\/acninternational.org\/fr\/wp-json\/wp\/v2\/categories?post=209144"},{"taxonomy":"post_tag","embeddable":true,"href":"https:\/\/acninternational.org\/fr\/wp-json\/wp\/v2\/tags?post=209144"},{"taxonomy":"country","embeddable":true,"href":"https:\/\/acninternational.org\/fr\/wp-json\/wp\/v2\/country?post=209144"}],"curies":[{"name":"wp","href":"https:\/\/api.w.org\/{rel}","templated":true}]}}