{"id":195896,"date":"2024-03-21T14:25:34","date_gmt":"2024-03-21T13:25:34","guid":{"rendered":"https:\/\/acninternational.org\/?p=195896"},"modified":"2024-04-09T16:51:11","modified_gmt":"2024-04-09T14:51:11","slug":"les-eveques-de-leglise-catholique-en-haiti-appellent-a-la-fin-des-violences-et-a-la-reconciliation-nationale","status":"publish","type":"post","link":"https:\/\/acninternational.org\/fr\/les-eveques-de-leglise-catholique-en-haiti-appellent-a-la-fin-des-violences-et-a-la-reconciliation-nationale\/","title":{"rendered":"Les \u00e9v\u00eaques de l\u2019\u00c9glise catholique en Ha\u00efti appellent \u00e0 la fin des violences et \u00e0 la r\u00e9conciliation nationale"},"content":{"rendered":"<p><em>ACN s\u2019associe \u00e0 la journ\u00e9e de pri\u00e8re pour le peuple ha\u00eftien le 22 mars<\/em><\/p>\n<p>Les \u00e9v\u00eaques de l\u2019\u00c9glise catholique en Ha\u00efti, dans un message dat\u00e9 du 18 mars, ont exprim\u00e9 leur profonde pr\u00e9occupation face \u00e0 la violence qui ravage le pays. La lettre re\u00e7ue par la fondation internationale Aid to the Church in Need (ACN) et sign\u00e9e par les dix \u00e9v\u00eaques catholiques du pays, appelle \u00e0 la fin des violences et \u00e0 la r\u00e9conciliation nationale, conform\u00e9ment au r\u00e9cent appel du pape Fran\u00e7ois.<\/p>\n<figure id=\"attachment_195870\" aria-describedby=\"caption-attachment-195870\" style=\"width: 720px\" class=\"wp-caption aligncenter\"><img loading=\"lazy\" decoding=\"async\" class=\"wp-image-195870 size-full\" src=\"https:\/\/media.acninternational.org\/wp-content\/uploads\/2024\/03\/20100629_041.jpg\" alt=\"En pri\u00e8re devant la croix encore debout de la cath\u00e9drale de Port-au-Prince.\" width=\"720\" height=\"960\" srcset=\"https:\/\/media.acninternational.org\/wp-content\/uploads\/2024\/03\/20100629_041.jpg 720w, https:\/\/media.acninternational.org\/wp-content\/uploads\/2024\/03\/20100629_041-225x300.jpg 225w\" sizes=\"auto, (max-width: 720px) 100vw, 720px\" \/><figcaption id=\"caption-attachment-195870\" class=\"wp-caption-text\">En pri\u00e8re devant la croix encore debout de la cath\u00e9drale de Port-au-Prince.<\/figcaption><\/figure>\n<p>Dans leur message, les \u00e9v\u00eaques encouragent les efforts de tous les secteurs et de toutes les forces vives de la nation en vue de trouver un d\u00e9nouement \u00e0 la crise actuelle et de r\u00e9tablir la paix et la s\u00e9curit\u00e9 pour tous les Ha\u00eftiens. Ils appellent \u00e9galement \u00e0 la mise en place d\u2019un gouvernement inclusif de transition qui garantisse une v\u00e9ritable harmonie nationale.<\/p>\n<p>La lettre explique que, pour pouvoir garder sa neutralit\u00e9, la Conf\u00e9rence \u00e9piscopale ha\u00eftienne n\u2019a mandat\u00e9 personne pour repr\u00e9senter l\u2019\u00c9glise catholique au sein du Conseil Pr\u00e9sidentiel ni d\u2019aucune structure gouvernementale. Cependant, ils ont exprim\u00e9 l\u2019espoir que les pourparlers en cours d\u00e9bouchent sur une v\u00e9ritable entente patriotique inclusive et durable dans l\u2019int\u00e9r\u00eat de tout le peuple ha\u00eftien.<\/p>\n<p>Les \u00e9v\u00eaques soulignent que le r\u00eave d\u2019un pays sans violence doit \u00eatre soutenu par tous les secteurs de la soci\u00e9t\u00e9 ha\u00eftienne\u00a0: \u00ab\u00a0Mettons fin \u00e0 ces actes violents qui engendrent de nombreuses souffrances, car la violence engendre la violence, la haine engendre plus de haine, et la mort plus de mort. Chaque destruction fait r\u00e9gresser Ha\u00efti dans sa marche vers le progr\u00e8s que nous souhaitons tous\u00a0\u00bb, indique le communiqu\u00e9. Ils ont \u00e9galement fait r\u00e9f\u00e9rence au Pape Fran\u00e7ois qui a demand\u00e9 des pri\u00e8res pour que prennent fin toutes les formes de violence en Ha\u00efti\u00a0: \u00ab Chaque mort violente commise contre un \u00eatre humain est une blessure dans la chair de l\u2019humanit\u00e9. Chaque mort violente nous diminue en tant que personnes\u00a0\u00bb.<\/p>\n<p>Enfin, les \u00e9v\u00eaques, dont Mgr Pierre-Andr\u00e9 Dumas \u2013 hospitalis\u00e9 aux Etats-Unis apr\u00e8s une grave explosion dans son lieu de r\u00e9sidence, dont les causes n\u2019ont pas encore \u00e9t\u00e9 identifi\u00e9es \u2013 invoquent la Bienheureuse Vierge Marie, sous le vocable de Notre-Dame du Perp\u00e9tuel Secours, pour qu\u2019elle vienne \u00e0 l\u2019aide de Ha\u00efti, et demandent \u00e0 Dieu de d\u00e9livrer le pays du mal.<\/p>\n<figure id=\"attachment_195876\" aria-describedby=\"caption-attachment-195876\" style=\"width: 800px\" class=\"wp-caption aligncenter\"><img loading=\"lazy\" decoding=\"async\" class=\"wp-image-195876 size-large\" src=\"https:\/\/media.acninternational.org\/wp-content\/uploads\/2024\/03\/ACN-20230616-148141-1024x720.jpg\" alt=\"Messe \u00e0 la paroisse du Sacr\u00e9-C\u0153ur en Ha\u00efti.\" width=\"800\" height=\"563\" srcset=\"https:\/\/media.acninternational.org\/wp-content\/uploads\/2024\/03\/ACN-20230616-148141-1024x720.jpg 1024w, https:\/\/media.acninternational.org\/wp-content\/uploads\/2024\/03\/ACN-20230616-148141-300x211.jpg 300w, https:\/\/media.acninternational.org\/wp-content\/uploads\/2024\/03\/ACN-20230616-148141-768x540.jpg 768w, https:\/\/media.acninternational.org\/wp-content\/uploads\/2024\/03\/ACN-20230616-148141.jpg 1080w\" sizes=\"auto, (max-width: 800px) 100vw, 800px\" \/><figcaption id=\"caption-attachment-195876\" class=\"wp-caption-text\">Messe \u00e0 la paroisse du Sacr\u00e9-C\u0153ur en Ha\u00efti.<\/figcaption><\/figure>\n<p>Suite \u00e0 cet appel pressant, le Conseil \u00e9piscopal latino-am\u00e9ricain (CELAM), la Conf\u00e9d\u00e9ration latino-am\u00e9ricaine des religieux (CLAR) et la Caritas Am\u00e9rique latine ont envoy\u00e9 une invitation \u00e0 ACN pour se joindre \u00e0 la journ\u00e9e de pri\u00e8re du 22 mars pour le peuple ha\u00eftien.<\/p>\n<p>Ce jour est encore c\u00e9l\u00e9br\u00e9 dans de nombreuses communaut\u00e9s comme le \u00ab Vendredi des Douleurs \u00bb ou \u00ab Marie au pied de la Croix \u00bb. C\u2019est la Vierge qui s\u2019associe aux douleurs de son Fils. C\u2019est Marie qui est aujourd\u2019hui afflig\u00e9e pour son Fils, face au peuple ha\u00eftien crucifi\u00e9 par la mis\u00e8re et la violence. \u00c0 elle, M\u00e8re de tendresse et de mis\u00e9ricorde, nous voulons demander son intercession pour que le Seigneur aplanisse les chemins, dispose les c\u0153urs, remue les volont\u00e9s, afin que nos fr\u00e8res et s\u0153urs puissent bient\u00f4t jouir d\u2019une vie pleine\u00a0\u00bb, dit le communiqu\u00e9.<\/p>\n<p>La situation humanitaire dans le pays est devenue extr\u00eamement grave ces derni\u00e8res semaines en raison de la crise politique et sociale qui s\u00e9vit dans le pays depuis l\u2019assassinat du pr\u00e9sident en juillet 2021. Selon le document du CELAM et de la CLAR, plus de 3 millions d\u2019enfants ont besoin d\u2019aide humanitaire, 362.000 personnes sont d\u00e9plac\u00e9es \u00e0 l&rsquo;int\u00e9rieur du pays, et plus de la moiti\u00e9 de la population vit dans la pauvret\u00e9, avec une esp\u00e9rance de vie qui d\u00e9passe \u00e0 peine 64 ans.<\/p>\n<figure id=\"attachment_195888\" aria-describedby=\"caption-attachment-195888\" style=\"width: 800px\" class=\"wp-caption aligncenter\"><img loading=\"lazy\" decoding=\"async\" class=\"wp-image-195888 size-large\" src=\"https:\/\/media.acninternational.org\/wp-content\/uploads\/2024\/03\/ACN-20211005-117579-1-1024x678.jpg\" alt=\"Sc\u00e8ne de rue en Ha\u00efti\" width=\"800\" height=\"530\" srcset=\"https:\/\/media.acninternational.org\/wp-content\/uploads\/2024\/03\/ACN-20211005-117579-1-1024x678.jpg 1024w, https:\/\/media.acninternational.org\/wp-content\/uploads\/2024\/03\/ACN-20211005-117579-1-300x199.jpg 300w, https:\/\/media.acninternational.org\/wp-content\/uploads\/2024\/03\/ACN-20211005-117579-1-768x508.jpg 768w, https:\/\/media.acninternational.org\/wp-content\/uploads\/2024\/03\/ACN-20211005-117579-1.jpg 1080w\" sizes=\"auto, (max-width: 800px) 100vw, 800px\" \/><figcaption id=\"caption-attachment-195888\" class=\"wp-caption-text\">Sc\u00e8ne de rue en Ha\u00efti<\/figcaption><\/figure>\n<p>De plus, en raison de la violence, de nombreuses personnes ont perdu des \u00eatres chers, des femmes subissent des violations de leurs droits fondamentaux, et de nombreux Ha\u00eftiens ne disposent pas des conditions minimales pour vivre dans la dignit\u00e9.<\/p>\n<p>La fondation ACN encourage tous ses bienfaiteurs et amis ainsi que les communaut\u00e9s chr\u00e9tiennes et religieuses \u00e0 s\u2019unir \u00e0 cette journ\u00e9e de pri\u00e8re afin que, comme le dit le communiqu\u00e9 du CELAM, la voix du peuple ha\u00eftien \u00ab\u00a0soit entendue sur la terre et au ciel, confiants dans la mis\u00e9ricorde et la compassion de Dieu pour ses enfants\u00a0\u00bb.<\/p>\n<p>&nbsp;<\/p>\n<div>\n<div>Par <strong>Maria Lozano<\/strong>.<\/div>\n<\/div>\n","protected":false},"excerpt":{"rendered":"<p>ACN s\u2019associe \u00e0 la journ\u00e9e de pri\u00e8re pour le peuple ha\u00eftien le 22 mars Les \u00e9v\u00eaques de l\u2019\u00c9glise catholique en<\/p>\n","protected":false},"author":4258341447,"featured_media":195864,"comment_status":"closed","ping_status":"closed","sticky":false,"template":"","format":"standard","meta":{"_acf_changed":false,"_acn_coauthor_ids":[],"_acn_featured_article":false,"footnotes":""},"categories":[919],"tags":[],"country":[902],"class_list":["post-195896","post","type-post","status-publish","format-standard","has-post-thumbnail","hentry","category-nouvelle","country-haiti-2"],"acn_coauthors":[],"acf":[],"yoast_head":"<!-- This site is optimized with the Yoast SEO Premium plugin v27.5 (Yoast SEO v27.5) - https:\/\/yoast.com\/product\/yoast-seo-premium-wordpress\/ -->\n<title>Les \u00e9v\u00eaques de l\u2019\u00c9glise catholique en Ha\u00efti appellent \u00e0 la fin des violences et \u00e0 la r\u00e9conciliation nationale | ACN International<\/title>\n<meta name=\"robots\" content=\"index, follow, max-snippet:-1, max-image-preview:large, max-video-preview:-1\" \/>\n<link rel=\"canonical\" href=\"https:\/\/acninternational.org\/fr\/les-eveques-de-leglise-catholique-en-haiti-appellent-a-la-fin-des-violences-et-a-la-reconciliation-nationale\/\" \/>\n<meta property=\"og:locale\" content=\"fr_FR\" \/>\n<meta property=\"og:type\" content=\"article\" \/>\n<meta property=\"og:title\" content=\"Les \u00e9v\u00eaques de l\u2019\u00c9glise catholique en Ha\u00efti appellent \u00e0 la fin des violences et \u00e0 la r\u00e9conciliation nationale\" \/>\n<meta property=\"og:description\" content=\"ACN s\u2019associe \u00e0 la journ\u00e9e de pri\u00e8re pour le peuple ha\u00eftien le 22 mars Les \u00e9v\u00eaques de l\u2019\u00c9glise catholique en\" \/>\n<meta property=\"og:url\" content=\"https:\/\/acninternational.org\/fr\/les-eveques-de-leglise-catholique-en-haiti-appellent-a-la-fin-des-violences-et-a-la-reconciliation-nationale\/\" \/>\n<meta property=\"og:site_name\" content=\"ACN International\" \/>\n<meta property=\"article:publisher\" content=\"https:\/\/www.facebook.com\/acninternationalorg\" \/>\n<meta property=\"article:published_time\" content=\"2024-03-21T13:25:34+00:00\" \/>\n<meta property=\"article:modified_time\" content=\"2024-04-09T14:51:11+00:00\" \/>\n<meta property=\"og:image\" content=\"https:\/\/media.acninternational.org\/wp-content\/uploads\/2024\/03\/ACN-20240306-161260-1.jpg\" \/>\n\t<meta property=\"og:image:width\" content=\"1920\" \/>\n\t<meta property=\"og:image:height\" content=\"700\" \/>\n\t<meta property=\"og:image:type\" content=\"image\/jpeg\" \/>\n<meta name=\"author\" content=\"ACN Press Team\" \/>\n<meta name=\"twitter:card\" content=\"summary_large_image\" \/>\n<meta name=\"twitter:creator\" content=\"@acn_int\" \/>\n<meta name=\"twitter:site\" content=\"@acn_int\" \/>\n<meta name=\"twitter:label1\" content=\"\u00c9crit par\" \/>\n\t<meta name=\"twitter:data1\" content=\"ACN Press Team\" \/>\n\t<meta name=\"twitter:label2\" content=\"Dur\u00e9e de lecture estim\u00e9e\" \/>\n\t<meta name=\"twitter:data2\" content=\"4 minutes\" \/>\n<script type=\"application\/ld+json\" class=\"yoast-schema-graph\">{\"@context\":\"https:\\\/\\\/schema.org\",\"@graph\":[{\"@type\":\"Article\",\"@id\":\"https:\\\/\\\/acninternational.org\\\/fr\\\/les-eveques-de-leglise-catholique-en-haiti-appellent-a-la-fin-des-violences-et-a-la-reconciliation-nationale\\\/#article\",\"isPartOf\":{\"@id\":\"https:\\\/\\\/acninternational.org\\\/fr\\\/les-eveques-de-leglise-catholique-en-haiti-appellent-a-la-fin-des-violences-et-a-la-reconciliation-nationale\\\/\"},\"author\":{\"name\":\"ACN Press Team\",\"@id\":\"https:\\\/\\\/acninternational.org\\\/fr\\\/#\\\/schema\\\/person\\\/7f3dafb236b242fb2aa46be1411fd703\"},\"headline\":\"Les \u00e9v\u00eaques de l\u2019\u00c9glise catholique en Ha\u00efti appellent \u00e0 la fin des violences et \u00e0 la r\u00e9conciliation nationale\",\"datePublished\":\"2024-03-21T13:25:34+00:00\",\"dateModified\":\"2024-04-09T14:51:11+00:00\",\"mainEntityOfPage\":{\"@id\":\"https:\\\/\\\/acninternational.org\\\/fr\\\/les-eveques-de-leglise-catholique-en-haiti-appellent-a-la-fin-des-violences-et-a-la-reconciliation-nationale\\\/\"},\"wordCount\":844,\"publisher\":{\"@id\":\"https:\\\/\\\/acninternational.org\\\/fr\\\/#organization\"},\"image\":{\"@id\":\"https:\\\/\\\/acninternational.org\\\/fr\\\/les-eveques-de-leglise-catholique-en-haiti-appellent-a-la-fin-des-violences-et-a-la-reconciliation-nationale\\\/#primaryimage\"},\"thumbnailUrl\":\"https:\\\/\\\/media.acninternational.org\\\/wp-content\\\/uploads\\\/2024\\\/03\\\/ACN-20240306-161260-1.jpg\",\"articleSection\":[\"Nouvelle\"],\"inLanguage\":\"fr-FR\"},{\"@type\":\"WebPage\",\"@id\":\"https:\\\/\\\/acninternational.org\\\/fr\\\/les-eveques-de-leglise-catholique-en-haiti-appellent-a-la-fin-des-violences-et-a-la-reconciliation-nationale\\\/\",\"url\":\"https:\\\/\\\/acninternational.org\\\/fr\\\/les-eveques-de-leglise-catholique-en-haiti-appellent-a-la-fin-des-violences-et-a-la-reconciliation-nationale\\\/\",\"name\":\"Les \u00e9v\u00eaques de l\u2019\u00c9glise catholique en Ha\u00efti appellent \u00e0 la fin des violences et \u00e0 la r\u00e9conciliation nationale | ACN International\",\"isPartOf\":{\"@id\":\"https:\\\/\\\/acninternational.org\\\/fr\\\/#website\"},\"primaryImageOfPage\":{\"@id\":\"https:\\\/\\\/acninternational.org\\\/fr\\\/les-eveques-de-leglise-catholique-en-haiti-appellent-a-la-fin-des-violences-et-a-la-reconciliation-nationale\\\/#primaryimage\"},\"image\":{\"@id\":\"https:\\\/\\\/acninternational.org\\\/fr\\\/les-eveques-de-leglise-catholique-en-haiti-appellent-a-la-fin-des-violences-et-a-la-reconciliation-nationale\\\/#primaryimage\"},\"thumbnailUrl\":\"https:\\\/\\\/media.acninternational.org\\\/wp-content\\\/uploads\\\/2024\\\/03\\\/ACN-20240306-161260-1.jpg\",\"datePublished\":\"2024-03-21T13:25:34+00:00\",\"dateModified\":\"2024-04-09T14:51:11+00:00\",\"breadcrumb\":{\"@id\":\"https:\\\/\\\/acninternational.org\\\/fr\\\/les-eveques-de-leglise-catholique-en-haiti-appellent-a-la-fin-des-violences-et-a-la-reconciliation-nationale\\\/#breadcrumb\"},\"inLanguage\":\"fr-FR\",\"potentialAction\":[{\"@type\":\"ReadAction\",\"target\":[\"https:\\\/\\\/acninternational.org\\\/fr\\\/les-eveques-de-leglise-catholique-en-haiti-appellent-a-la-fin-des-violences-et-a-la-reconciliation-nationale\\\/\"]}]},{\"@type\":\"ImageObject\",\"inLanguage\":\"fr-FR\",\"@id\":\"https:\\\/\\\/acninternational.org\\\/fr\\\/les-eveques-de-leglise-catholique-en-haiti-appellent-a-la-fin-des-violences-et-a-la-reconciliation-nationale\\\/#primaryimage\",\"url\":\"https:\\\/\\\/media.acninternational.org\\\/wp-content\\\/uploads\\\/2024\\\/03\\\/ACN-20240306-161260-1.jpg\",\"contentUrl\":\"https:\\\/\\\/media.acninternational.org\\\/wp-content\\\/uploads\\\/2024\\\/03\\\/ACN-20240306-161260-1.jpg\",\"width\":1920,\"height\":700},{\"@type\":\"BreadcrumbList\",\"@id\":\"https:\\\/\\\/acninternational.org\\\/fr\\\/les-eveques-de-leglise-catholique-en-haiti-appellent-a-la-fin-des-violences-et-a-la-reconciliation-nationale\\\/#breadcrumb\",\"itemListElement\":[{\"@type\":\"ListItem\",\"position\":1,\"name\":\"Home\",\"item\":\"https:\\\/\\\/acninternational.org\\\/fr\\\/\"},{\"@type\":\"ListItem\",\"position\":2,\"name\":\"Nouvelle\",\"item\":\"https:\\\/\\\/acninternational.org\\\/fr\\\/category\\\/nouvelle\\\/\"},{\"@type\":\"ListItem\",\"position\":3,\"name\":\"Les \u00e9v\u00eaques de l\u2019\u00c9glise catholique en Ha\u00efti appellent \u00e0 la fin des violences et \u00e0 la r\u00e9conciliation nationale\"}]},{\"@type\":\"WebSite\",\"@id\":\"https:\\\/\\\/acninternational.org\\\/fr\\\/#website\",\"url\":\"https:\\\/\\\/acninternational.org\\\/fr\\\/\",\"name\":\"ACN International\",\"description\":\"\",\"publisher\":{\"@id\":\"https:\\\/\\\/acninternational.org\\\/fr\\\/#organization\"},\"potentialAction\":[{\"@type\":\"SearchAction\",\"target\":{\"@type\":\"EntryPoint\",\"urlTemplate\":\"https:\\\/\\\/acninternational.org\\\/fr\\\/?s={search_term_string}\"},\"query-input\":{\"@type\":\"PropertyValueSpecification\",\"valueRequired\":true,\"valueName\":\"search_term_string\"}}],\"inLanguage\":\"fr-FR\"},{\"@type\":\"Organization\",\"@id\":\"https:\\\/\\\/acninternational.org\\\/fr\\\/#organization\",\"name\":\"Aid to the Church in Need International\",\"url\":\"https:\\\/\\\/acninternational.org\\\/fr\\\/\",\"logo\":{\"@type\":\"ImageObject\",\"inLanguage\":\"fr-FR\",\"@id\":\"https:\\\/\\\/acninternational.org\\\/fr\\\/#\\\/schema\\\/logo\\\/image\\\/\",\"url\":\"https:\\\/\\\/media.acninternational.org\\\/wp-content\\\/uploads\\\/2019\\\/11\\\/acn_logo_blackvector.svg\",\"contentUrl\":\"https:\\\/\\\/media.acninternational.org\\\/wp-content\\\/uploads\\\/2019\\\/11\\\/acn_logo_blackvector.svg\",\"width\":232.6,\"height\":78,\"caption\":\"Aid to the Church in Need International\"},\"image\":{\"@id\":\"https:\\\/\\\/acninternational.org\\\/fr\\\/#\\\/schema\\\/logo\\\/image\\\/\"},\"sameAs\":[\"https:\\\/\\\/www.facebook.com\\\/acninternationalorg\",\"https:\\\/\\\/x.com\\\/acn_int\",\"https:\\\/\\\/www.youtube.com\\\/channel\\\/UCQ-077gS0TnVzkhHmf1opZw\",\"https:\\\/\\\/www.instagram.com\\\/acn_international\\\/\"]},{\"@type\":\"Person\",\"@id\":\"https:\\\/\\\/acninternational.org\\\/fr\\\/#\\\/schema\\\/person\\\/7f3dafb236b242fb2aa46be1411fd703\",\"name\":\"ACN Press Team\",\"description\":\"Lorem ipsum dolor sit amet, consectetur adipiscing elit, sed do eiusmod tempor incididunt ut labore et dolore magna aliqua. Ut enim ad minim veniam, quis nostrud exercitation ullamco laboris nisi ut aliquip ex ea commodo consequat.\",\"url\":\"https:\\\/\\\/acninternational.org\\\/fr\\\/author\\\/acn-press-team\\\/\"}]}<\/script>\n<!-- \/ Yoast SEO Premium plugin. -->","yoast_head_json":{"title":"Les \u00e9v\u00eaques de l\u2019\u00c9glise catholique en Ha\u00efti appellent \u00e0 la fin des violences et \u00e0 la r\u00e9conciliation nationale | ACN International","robots":{"index":"index","follow":"follow","max-snippet":"max-snippet:-1","max-image-preview":"max-image-preview:large","max-video-preview":"max-video-preview:-1"},"canonical":"https:\/\/acninternational.org\/fr\/les-eveques-de-leglise-catholique-en-haiti-appellent-a-la-fin-des-violences-et-a-la-reconciliation-nationale\/","og_locale":"fr_FR","og_type":"article","og_title":"Les \u00e9v\u00eaques de l\u2019\u00c9glise catholique en Ha\u00efti appellent \u00e0 la fin des violences et \u00e0 la r\u00e9conciliation nationale","og_description":"ACN s\u2019associe \u00e0 la journ\u00e9e de pri\u00e8re pour le peuple ha\u00eftien le 22 mars Les \u00e9v\u00eaques de l\u2019\u00c9glise catholique en","og_url":"https:\/\/acninternational.org\/fr\/les-eveques-de-leglise-catholique-en-haiti-appellent-a-la-fin-des-violences-et-a-la-reconciliation-nationale\/","og_site_name":"ACN International","article_publisher":"https:\/\/www.facebook.com\/acninternationalorg","article_published_time":"2024-03-21T13:25:34+00:00","article_modified_time":"2024-04-09T14:51:11+00:00","og_image":[{"width":1920,"height":700,"url":"https:\/\/media.acninternational.org\/wp-content\/uploads\/2024\/03\/ACN-20240306-161260-1.jpg","type":"image\/jpeg"}],"author":"ACN Press Team","twitter_card":"summary_large_image","twitter_creator":"@acn_int","twitter_site":"@acn_int","twitter_misc":{"\u00c9crit par":"ACN Press Team","Dur\u00e9e de lecture estim\u00e9e":"4 minutes"},"schema":{"@context":"https:\/\/schema.org","@graph":[{"@type":"Article","@id":"https:\/\/acninternational.org\/fr\/les-eveques-de-leglise-catholique-en-haiti-appellent-a-la-fin-des-violences-et-a-la-reconciliation-nationale\/#article","isPartOf":{"@id":"https:\/\/acninternational.org\/fr\/les-eveques-de-leglise-catholique-en-haiti-appellent-a-la-fin-des-violences-et-a-la-reconciliation-nationale\/"},"author":{"name":"ACN Press Team","@id":"https:\/\/acninternational.org\/fr\/#\/schema\/person\/7f3dafb236b242fb2aa46be1411fd703"},"headline":"Les \u00e9v\u00eaques de l\u2019\u00c9glise catholique en Ha\u00efti appellent \u00e0 la fin des violences et \u00e0 la r\u00e9conciliation nationale","datePublished":"2024-03-21T13:25:34+00:00","dateModified":"2024-04-09T14:51:11+00:00","mainEntityOfPage":{"@id":"https:\/\/acninternational.org\/fr\/les-eveques-de-leglise-catholique-en-haiti-appellent-a-la-fin-des-violences-et-a-la-reconciliation-nationale\/"},"wordCount":844,"publisher":{"@id":"https:\/\/acninternational.org\/fr\/#organization"},"image":{"@id":"https:\/\/acninternational.org\/fr\/les-eveques-de-leglise-catholique-en-haiti-appellent-a-la-fin-des-violences-et-a-la-reconciliation-nationale\/#primaryimage"},"thumbnailUrl":"https:\/\/media.acninternational.org\/wp-content\/uploads\/2024\/03\/ACN-20240306-161260-1.jpg","articleSection":["Nouvelle"],"inLanguage":"fr-FR"},{"@type":"WebPage","@id":"https:\/\/acninternational.org\/fr\/les-eveques-de-leglise-catholique-en-haiti-appellent-a-la-fin-des-violences-et-a-la-reconciliation-nationale\/","url":"https:\/\/acninternational.org\/fr\/les-eveques-de-leglise-catholique-en-haiti-appellent-a-la-fin-des-violences-et-a-la-reconciliation-nationale\/","name":"Les \u00e9v\u00eaques de l\u2019\u00c9glise catholique en Ha\u00efti appellent \u00e0 la fin des violences et \u00e0 la r\u00e9conciliation nationale | ACN International","isPartOf":{"@id":"https:\/\/acninternational.org\/fr\/#website"},"primaryImageOfPage":{"@id":"https:\/\/acninternational.org\/fr\/les-eveques-de-leglise-catholique-en-haiti-appellent-a-la-fin-des-violences-et-a-la-reconciliation-nationale\/#primaryimage"},"image":{"@id":"https:\/\/acninternational.org\/fr\/les-eveques-de-leglise-catholique-en-haiti-appellent-a-la-fin-des-violences-et-a-la-reconciliation-nationale\/#primaryimage"},"thumbnailUrl":"https:\/\/media.acninternational.org\/wp-content\/uploads\/2024\/03\/ACN-20240306-161260-1.jpg","datePublished":"2024-03-21T13:25:34+00:00","dateModified":"2024-04-09T14:51:11+00:00","breadcrumb":{"@id":"https:\/\/acninternational.org\/fr\/les-eveques-de-leglise-catholique-en-haiti-appellent-a-la-fin-des-violences-et-a-la-reconciliation-nationale\/#breadcrumb"},"inLanguage":"fr-FR","potentialAction":[{"@type":"ReadAction","target":["https:\/\/acninternational.org\/fr\/les-eveques-de-leglise-catholique-en-haiti-appellent-a-la-fin-des-violences-et-a-la-reconciliation-nationale\/"]}]},{"@type":"ImageObject","inLanguage":"fr-FR","@id":"https:\/\/acninternational.org\/fr\/les-eveques-de-leglise-catholique-en-haiti-appellent-a-la-fin-des-violences-et-a-la-reconciliation-nationale\/#primaryimage","url":"https:\/\/media.acninternational.org\/wp-content\/uploads\/2024\/03\/ACN-20240306-161260-1.jpg","contentUrl":"https:\/\/media.acninternational.org\/wp-content\/uploads\/2024\/03\/ACN-20240306-161260-1.jpg","width":1920,"height":700},{"@type":"BreadcrumbList","@id":"https:\/\/acninternational.org\/fr\/les-eveques-de-leglise-catholique-en-haiti-appellent-a-la-fin-des-violences-et-a-la-reconciliation-nationale\/#breadcrumb","itemListElement":[{"@type":"ListItem","position":1,"name":"Home","item":"https:\/\/acninternational.org\/fr\/"},{"@type":"ListItem","position":2,"name":"Nouvelle","item":"https:\/\/acninternational.org\/fr\/category\/nouvelle\/"},{"@type":"ListItem","position":3,"name":"Les \u00e9v\u00eaques de l\u2019\u00c9glise catholique en Ha\u00efti appellent \u00e0 la fin des violences et \u00e0 la r\u00e9conciliation nationale"}]},{"@type":"WebSite","@id":"https:\/\/acninternational.org\/fr\/#website","url":"https:\/\/acninternational.org\/fr\/","name":"ACN International","description":"","publisher":{"@id":"https:\/\/acninternational.org\/fr\/#organization"},"potentialAction":[{"@type":"SearchAction","target":{"@type":"EntryPoint","urlTemplate":"https:\/\/acninternational.org\/fr\/?s={search_term_string}"},"query-input":{"@type":"PropertyValueSpecification","valueRequired":true,"valueName":"search_term_string"}}],"inLanguage":"fr-FR"},{"@type":"Organization","@id":"https:\/\/acninternational.org\/fr\/#organization","name":"Aid to the Church in Need International","url":"https:\/\/acninternational.org\/fr\/","logo":{"@type":"ImageObject","inLanguage":"fr-FR","@id":"https:\/\/acninternational.org\/fr\/#\/schema\/logo\/image\/","url":"https:\/\/media.acninternational.org\/wp-content\/uploads\/2019\/11\/acn_logo_blackvector.svg","contentUrl":"https:\/\/media.acninternational.org\/wp-content\/uploads\/2019\/11\/acn_logo_blackvector.svg","width":232.6,"height":78,"caption":"Aid to the Church in Need International"},"image":{"@id":"https:\/\/acninternational.org\/fr\/#\/schema\/logo\/image\/"},"sameAs":["https:\/\/www.facebook.com\/acninternationalorg","https:\/\/x.com\/acn_int","https:\/\/www.youtube.com\/channel\/UCQ-077gS0TnVzkhHmf1opZw","https:\/\/www.instagram.com\/acn_international\/"]},{"@type":"Person","@id":"https:\/\/acninternational.org\/fr\/#\/schema\/person\/7f3dafb236b242fb2aa46be1411fd703","name":"ACN Press Team","description":"Lorem ipsum dolor sit amet, consectetur adipiscing elit, sed do eiusmod tempor incididunt ut labore et dolore magna aliqua. Ut enim ad minim veniam, quis nostrud exercitation ullamco laboris nisi ut aliquip ex ea commodo consequat.","url":"https:\/\/acninternational.org\/fr\/author\/acn-press-team\/"}]}},"_links":{"self":[{"href":"https:\/\/acninternational.org\/fr\/wp-json\/wp\/v2\/posts\/195896","targetHints":{"allow":["GET"]}}],"collection":[{"href":"https:\/\/acninternational.org\/fr\/wp-json\/wp\/v2\/posts"}],"about":[{"href":"https:\/\/acninternational.org\/fr\/wp-json\/wp\/v2\/types\/post"}],"author":[{"embeddable":true,"href":"https:\/\/acninternational.org\/fr\/wp-json\/wp\/v2\/users\/4258341447"}],"replies":[{"embeddable":true,"href":"https:\/\/acninternational.org\/fr\/wp-json\/wp\/v2\/comments?post=195896"}],"version-history":[{"count":0,"href":"https:\/\/acninternational.org\/fr\/wp-json\/wp\/v2\/posts\/195896\/revisions"}],"wp:featuredmedia":[{"embeddable":true,"href":"https:\/\/acninternational.org\/fr\/wp-json\/wp\/v2\/media\/195864"}],"wp:attachment":[{"href":"https:\/\/acninternational.org\/fr\/wp-json\/wp\/v2\/media?parent=195896"}],"wp:term":[{"taxonomy":"category","embeddable":true,"href":"https:\/\/acninternational.org\/fr\/wp-json\/wp\/v2\/categories?post=195896"},{"taxonomy":"post_tag","embeddable":true,"href":"https:\/\/acninternational.org\/fr\/wp-json\/wp\/v2\/tags?post=195896"},{"taxonomy":"country","embeddable":true,"href":"https:\/\/acninternational.org\/fr\/wp-json\/wp\/v2\/country?post=195896"}],"curies":[{"name":"wp","href":"https:\/\/api.w.org\/{rel}","templated":true}]}}