{"id":192674,"date":"2024-03-04T16:10:23","date_gmt":"2024-03-04T15:10:23","guid":{"rendered":"https:\/\/acninternational.org\/?p=192674"},"modified":"2024-04-10T12:16:06","modified_gmt":"2024-04-10T10:16:06","slug":"republique-centrafricaine-un-berger-protege-ses-brebis-contre-les-dangers","status":"publish","type":"post","link":"https:\/\/acninternational.org\/fr\/republique-centrafricaine-un-berger-protege-ses-brebis-contre-les-dangers\/","title":{"rendered":"R\u00e9publique centrafricaine : \u00ab Un berger prot\u00e8ge ses brebis contre les dangers \u00bb"},"content":{"rendered":"<p><em>Le 23 f\u00e9vrier 2024, Sa Saintet\u00e9 le pape Fran\u00e7ois a nomm\u00e9 le P\u00e8re Aurelio Gazzera, depuis de longues ann\u00e9es ami et partenaire d\u2019ACN, \u00e9v\u00eaque coadjuteur du dioc\u00e8se de Bangassou en R\u00e9publique centrafricaine. \u00c2g\u00e9 de 61 ans, ce Carme d\u2019origine italienne \u0153uvre d\u00e9j\u00e0 depuis 33 ans comme missionnaire dans ce pays africain r\u00e9guli\u00e8rement en proie \u00e0 la violence et aux troubles. Sa r\u00e9putation internationale est surtout fond\u00e9e sur son engagement au p\u00e9ril de sa vie dans le cadre des n\u00e9gociations de paix avec diff\u00e9rents groupes arm\u00e9s. Il s\u2019est entretenu avec ACN \u00e0 propos de sa nomination comme \u00e9v\u00eaque.<\/em><\/p>\n<figure id=\"attachment_192654\" aria-describedby=\"caption-attachment-192654\" style=\"width: 720px\" class=\"wp-caption aligncenter\"><img loading=\"lazy\" decoding=\"async\" class=\"wp-image-192654 size-full\" src=\"https:\/\/media.acninternational.org\/wp-content\/uploads\/2024\/03\/ACN-20240301-161090.jpg\" alt=\"Le p\u00e8re Aurelio Gazzera le jour de sa nomination comme \u00e9v\u00eaque coadjuteur \u00e9lu de Bangassou le 23 f\u00e9vrier 2024.\" width=\"720\" height=\"960\" srcset=\"https:\/\/media.acninternational.org\/wp-content\/uploads\/2024\/03\/ACN-20240301-161090.jpg 720w, https:\/\/media.acninternational.org\/wp-content\/uploads\/2024\/03\/ACN-20240301-161090-225x300.jpg 225w\" sizes=\"auto, (max-width: 720px) 100vw, 720px\" \/><figcaption id=\"caption-attachment-192654\" class=\"wp-caption-text\">Le p\u00e8re Aurelio Gazzera le jour de sa nomination comme \u00e9v\u00eaque coadjuteur \u00e9lu de Bangassou le 23 f\u00e9vrier 2024.<\/figcaption><\/figure>\n<h4><strong>P\u00e8re Gazzera, vous avez travaill\u00e9 pendant de nombreuses ann\u00e9es dans le dioc\u00e8se de Bouar dans le nord-ouest de la R\u00e9publique centrafricaine, et vous venez d\u2019\u00eatre nomm\u00e9, par Sa Saintet\u00e9 le pape Fran\u00e7ois, \u00e9v\u00eaque coadjuteur du dioc\u00e8se de Bangassou dans le sud-est du pays. Cela signifie que vous assisterez pendant un certain temps l\u2019\u00e9v\u00eaque actuel, Mgr\u00a0Juan Jos\u00e9 Aguirre, pour ensuite lui succ\u00e9der lorsqu\u2019il se retirera. Comment avez-vous r\u00e9agi en apprenant votre nomination\u00a0? <\/strong><\/h4>\n<p>D\u2019une part, j\u2019ai peur, mais d\u2019autre part, j\u2019ai profond\u00e9ment confiance en Dieu. La force qu\u2019il faut pour \u00eatre \u00e9v\u00eaque, je ne l\u2019ai pas en moi-m\u00eame, mais elle vient du Seigneur. Je n\u2019ai pas recherch\u00e9 ce minist\u00e8re. J\u00e9sus-Christ dit\u00a0: \u00ab\u00a0Ce n\u2019est pas vous qui m\u2019avez choisi, mais moi, je vous ai choisis\u00a0\u00bb (Jean, 15\u00a0:16). Je sais que je n\u2019en suis ni digne ni capable, mais Il en sait plus sur moi que j\u2019en sais moi-m\u00eame, et Il a plus confiance en moi que moi-m\u00eame. Et un grand nombre de gens prient pour moi et se r\u00e9jouissent de ce nouveau cadeau dans ma vie.<\/p>\n<h4><strong>Que pouvez-vous nous dire sur le dioc\u00e8se de Bangassou\u00a0? <\/strong><\/h4>\n<p>Le dioc\u00e8se de Bangassou se situe dans le sud-est de la R\u00e9publique centrafricaine, entre la R\u00e9publique d\u00e9mocratique du Congo et le Sud-Soudan. Il s\u2019\u00e9tend sur une superficie de presque 135\u00a0000 kilom\u00e8tres carr\u00e9s. C\u2019est donc \u00e0 peu pr\u00e8s la moiti\u00e9 de la superficie de l\u2019Italie, mais avec une densit\u00e9 de population assez faible d\u2019environ un demi-million d\u2019habitants. C\u2019est une r\u00e9gion tr\u00e8s isol\u00e9e. Il n\u2019y a certes qu\u2019une distance de 750 km jusqu\u2019\u00e0 la capitale, mais les routes sont tellement mauvaises qu\u2019il faudrait plusieurs semaines en voiture pour s\u2019y rendre, ce qui oblige \u00e0 prendre l\u2019avion. Quelques-unes des douze paroisses sont \u00e9galement inaccessibles en voiture. De plus, dans de larges zones du dioc\u00e8se, il y a des groupes arm\u00e9s actifs.<\/p>\n<p>Cependant, il y a aussi beaucoup de raisons de se r\u00e9jouir\u00a0: Mgr Aguirre, qui dirige le dioc\u00e8se avec beaucoup d\u2019\u00e9nergie depuis l\u2019an 2000, est un excellent \u00e9v\u00eaque qui a lanc\u00e9 de tr\u00e8s nombreuses initiatives. Ainsi, il y a des \u00e9tablissements scolaires, des orphelinats, une \u00e9cole de cat\u00e9ch\u00e8se et surtout un nombre r\u00e9jouissant de vocations. Mgr Aguirre et moi avons rendu visite aux trente jeunes hommes de Bangassou qui se pr\u00e9parent au sacerdoce au s\u00e9minaire de la capitale, \u00e0 Bangui. J\u2019ai vu des jeunes gens joyeux et confiants, heureux d\u2019offrir leur vie \u00e0 J\u00e9sus. Poursuivre l\u2019\u0153uvre de Mgr Aguirre constituera une mission \u00e9norme, mais je me r\u00e9jouis que l\u2019on me permette de servir dans le dioc\u00e8se de Bangassou, que j\u2019aime d\u00e8s \u00e0 pr\u00e9sent.<\/p>\n<h4><strong>En R\u00e9publique centrafricaine, vous \u00eates connu comme \u00ab\u00a0l\u2019homme qui a fait ployer les fusils des rebelles\u00a0\u00bb. Vous avez \u00e9galement acquis une notori\u00e9t\u00e9 internationale gr\u00e2ce au succ\u00e8s de vos n\u00e9gociations pour la paix avec les groupements arm\u00e9s, qui vous ont notamment permis d&rsquo;obtenir le retrait des rebelles de la Seleka hors de la ville de Bozoum en 2014. \u00a0\u00c0 cette \u00e9poque, dans le cadre de la coop\u00e9ration avec ACN, vous avez \u00e9t\u00e9 consult\u00e9 par diff\u00e9rents d\u00e9cideurs politiques, notamment \u00e0 Bruxelles. Cependant, dans votre engagement en faveur de la paix, vous avez risqu\u00e9 votre vie \u00e0 maintes reprises. Pourquoi vous engagez-vous ainsi\u00a0?<\/strong><\/h4>\n<figure id=\"attachment_192660\" aria-describedby=\"caption-attachment-192660\" style=\"width: 800px\" class=\"wp-caption aligncenter\"><img loading=\"lazy\" decoding=\"async\" class=\"wp-image-192660 size-large\" src=\"https:\/\/media.acninternational.org\/wp-content\/uploads\/2024\/03\/ACN-20240301-161085-1024x768.jpg\" alt=\"Les fid\u00e8les locaux f\u00e9licitant le p\u00e8re Aurelio pour sa nomination en tant qu'\u00e9v\u00eaque coadjuteur \u00e9lu du dioc\u00e8se de Bangassou.\" width=\"800\" height=\"600\" srcset=\"https:\/\/media.acninternational.org\/wp-content\/uploads\/2024\/03\/ACN-20240301-161085-1024x768.jpg 1024w, https:\/\/media.acninternational.org\/wp-content\/uploads\/2024\/03\/ACN-20240301-161085-300x225.jpg 300w, https:\/\/media.acninternational.org\/wp-content\/uploads\/2024\/03\/ACN-20240301-161085-768x576.jpg 768w, https:\/\/media.acninternational.org\/wp-content\/uploads\/2024\/03\/ACN-20240301-161085.jpg 1080w\" sizes=\"auto, (max-width: 800px) 100vw, 800px\" \/><figcaption id=\"caption-attachment-192660\" class=\"wp-caption-text\">Les fid\u00e8les locaux f\u00e9licitant le p\u00e8re Aurelio pour sa nomination en tant qu&rsquo;\u00e9v\u00eaque coadjuteur \u00e9lu du dioc\u00e8se de Bangassou.<\/figcaption><\/figure>\n<p>En tant que pr\u00eatre, pasteur et \u00e9v\u00eaque, tout ce qui blesse mes fr\u00e8res et mes s\u0153urs et tout ce qui les touche, me blesse et me touche aussi. Comme pr\u00eatre, il me revenait la responsabilit\u00e9 \u2013 et elle me revient a fortiori comme \u00e9v\u00eaque &#8211; de prendre soin des personnes qui m\u2019ont \u00e9t\u00e9 confi\u00e9es et de les prot\u00e9ger. Le berger n\u2019accompagne pas seulement ses brebis, mais il les d\u00e9fend aussi contre les dangers. Je ferai donc tout mon possible pour poursuivre le dialogue avec les diff\u00e9rents groupes de rebelles et je parlerai \u00e0 ceux qui expriment &#8211; m\u00eame si c\u2019est \u00e9videmment de la mauvaise mani\u00e8re &#8211; leurs attentes envers le gouvernement et la communaut\u00e9 internationale. Avec mes forces limit\u00e9es, je tenterai d\u2019\u00e9couter tout le monde et d\u2019\u00eatre un signe de la paix.<\/p>\n<h4><strong>Vous appartenez \u00e0 l\u2019ordre des Carmes d\u00e9chaux. Votre nom complet de religieux est \u00ab\u00a0P\u00e8re Aurelio de Saint-Pierre\u00a0\u00bb. Quel lien entretenez-vous avec l\u2019ap\u00f4tre Pierre\u00a0?<\/strong><\/h4>\n<p>Le personnage de Saint Pierre m\u2019a toujours enthousiasm\u00e9\u00a0: son exub\u00e9rance, son enthousiasme, ses points faibles, ses points forts\u2026 je pense que pour mon ordination \u00e9piscopale, je choisirai le chapitre 21 de l\u2019\u00c9vangile selon Saint Jean, o\u00f9 apr\u00e8s la p\u00eache miraculeuse, J\u00e9sus demanda trois fois \u00e0 Pierre\u00a0: \u00ab\u00a0M\u2019aimes-tu\u00a0?\u00a0\u00bb, et \u00e0 la troisi\u00e8me fois, Pierre lui r\u00e9pondit\u00a0: \u00ab\u00a0Seigneur, toi, tu sais tout, tu sais bien que je t\u2019aime.\u00a0\u00bb. IL sait toutes choses\u00a0; Il conna\u00eet mes points faibles, mes craintes, mes erreurs. Et pourtant, Il m\u2019a appel\u00e9 et dit\u00a0: \u00ab\u00a0Sois le berger de mes brebis\u00a0!\u00bb Je voudrais que cette nouvelle \u00e9tape de ma vie devienne un signe de cet amour envers J\u00e9sus, envers l\u2019\u00c9glise et envers mes fr\u00e8res et mes s\u0153urs qui me sont confi\u00e9s.<\/p>\n<h4><strong>Qu\u2019allez-vous entreprendre comme prochaines \u00e9tapes\u00a0? <\/strong><\/h4>\n<p>Mon ordination \u00e9piscopale aura lieu le 9 juin dans la cath\u00e9drale de Bangui. Juste apr\u00e8s P\u00e2ques, je d\u00e9m\u00e9nagerai \u00e0 Bangassou. Je dois donc voir courant mars comment transmettre toutes mes diff\u00e9rentes t\u00e2ches &#8211; les \u00e9tablissements scolaires, l\u2019\u00e9cole de m\u00e9canique, les activit\u00e9s pastorales au sein de la paroisse, le travail comme directeur de Caritas et le suivi du chantier de notre nouveau couvent \u00e0 Bangui &#8211; pour \u00eatre pr\u00eat \u00e0 d\u00e9m\u00e9nager. En avril et en mai, je vais d\u00e9couvrir le dioc\u00e8se de Bangassou et rendre visite aux missions et paroisses accessibles en voiture. Fin mai, je retournerai \u00e0 Bangui, pour me pr\u00e9parer \u00e0 l\u2019ordination \u00e9piscopale par une retraite spirituelle, un peu de repos et de silence.<\/p>\n<figure id=\"attachment_192666\" aria-describedby=\"caption-attachment-192666\" style=\"width: 800px\" class=\"wp-caption aligncenter\"><img loading=\"lazy\" decoding=\"async\" class=\"wp-image-192666 size-large\" src=\"https:\/\/media.acninternational.org\/wp-content\/uploads\/2024\/03\/ACN-20240301-161088-1024x768.jpg\" alt=\"Le p\u00e8re Aurelio Gazzera, nouvellement nomm\u00e9 \u00e9v\u00eaque coadjuteur \u00e9lu de Bangassou, embrassant l'\u00e9v\u00eaque Juan Jos\u00e9 Aguirre.\" width=\"800\" height=\"600\" srcset=\"https:\/\/media.acninternational.org\/wp-content\/uploads\/2024\/03\/ACN-20240301-161088-1024x768.jpg 1024w, https:\/\/media.acninternational.org\/wp-content\/uploads\/2024\/03\/ACN-20240301-161088-300x225.jpg 300w, https:\/\/media.acninternational.org\/wp-content\/uploads\/2024\/03\/ACN-20240301-161088-768x576.jpg 768w, https:\/\/media.acninternational.org\/wp-content\/uploads\/2024\/03\/ACN-20240301-161088.jpg 1080w\" sizes=\"auto, (max-width: 800px) 100vw, 800px\" \/><figcaption id=\"caption-attachment-192666\" class=\"wp-caption-text\">Le p\u00e8re Aurelio Gazzera, nouvellement nomm\u00e9 \u00e9v\u00eaque coadjuteur \u00e9lu de Bangassou, embrassant l&rsquo;\u00e9v\u00eaque Juan Jos\u00e9 Aguirre.<\/figcaption><\/figure>\n<p>Le reste du programme sera \u00e9tabli par le Seigneur. Tout est entre les mains du Seigneur et de ceux qui ont dit oui pour Le servir tant d\u2019ann\u00e9es durant avec Mgr Aguirre\u00a0: les pr\u00eatres, les cat\u00e9chistes et les fid\u00e8les du dioc\u00e8se de Bangassou.<\/p>\n<h4><strong>Pour terminer, nous aimerions revenir \u00e0 la R\u00e9publique centrafricaine, dont on entend peu parler dans les informations. Toutefois, il y a un an, votre confr\u00e8re, le P\u00e8re Norberto Pozzi, a \u00e9t\u00e9 gravement bless\u00e9 par une mine antipersonnel. Comment jugez-vous la situation actuelle dans le pays\u00a0?<\/strong><\/h4>\n<p>La situation en R\u00e9publique centrafricaine reste tr\u00e8s difficile et instable. D\u2019un c\u00f4t\u00e9, vous avez des r\u00e9gions o\u00f9 le calme est revenu. Dans d\u2019autres r\u00e9gions, en revanche, l\u2019ins\u00e9curit\u00e9 reste tr\u00e8s \u00e9lev\u00e9e. En d\u00e9cembre dernier, un village du dioc\u00e8se de Bouar a \u00e9t\u00e9 attaqu\u00e9. Il y a eu 28 morts, 900 maisons ont \u00e9t\u00e9 incendi\u00e9es. Dans le dioc\u00e8se de Bangassou \u00e9galement, des missions ont \u00e9t\u00e9 ferm\u00e9es \u00e0 cause des attaques r\u00e9centes des derniers mois. La situation s\u00e9curitaire reste pr\u00e9caire dans de vastes r\u00e9gions du pays.<\/p>\n<p>&nbsp;<\/p>\n<p>Par <strong>Eva-Maria Kolmann<\/strong>.<\/p>\n","protected":false},"excerpt":{"rendered":"<p>Le 23 f\u00e9vrier 2024, Sa Saintet\u00e9 le pape Fran\u00e7ois a nomm\u00e9 le P\u00e8re Aurelio Gazzera, depuis de longues ann\u00e9es ami<\/p>\n","protected":false},"author":4258341447,"featured_media":192647,"comment_status":"closed","ping_status":"closed","sticky":false,"template":"","format":"standard","meta":{"_acf_changed":false,"_acn_coauthor_ids":[],"footnotes":""},"categories":[928],"tags":[],"country":[893],"class_list":["post-192674","post","type-post","status-publish","format-standard","has-post-thumbnail","hentry","category-interview","country-republique-centrafricaine"],"acn_coauthors":[],"acf":[],"yoast_head":"<!-- This site is optimized with the Yoast SEO Premium plugin v27.3 (Yoast SEO v27.3) - https:\/\/yoast.com\/product\/yoast-seo-premium-wordpress\/ -->\n<title>R\u00e9publique centrafricaine : \u00ab Un berger prot\u00e8ge ses brebis contre les dangers \u00bb | ACN International<\/title>\n<meta name=\"robots\" content=\"index, follow, max-snippet:-1, max-image-preview:large, max-video-preview:-1\" \/>\n<link rel=\"canonical\" href=\"https:\/\/acninternational.org\/fr\/republique-centrafricaine-un-berger-protege-ses-brebis-contre-les-dangers\/\" \/>\n<meta property=\"og:locale\" content=\"fr_FR\" \/>\n<meta property=\"og:type\" content=\"article\" \/>\n<meta property=\"og:title\" content=\"R\u00e9publique centrafricaine : \u00ab Un berger prot\u00e8ge ses brebis contre les dangers \u00bb\" \/>\n<meta property=\"og:description\" content=\"Le 23 f\u00e9vrier 2024, Sa Saintet\u00e9 le pape Fran\u00e7ois a nomm\u00e9 le P\u00e8re Aurelio Gazzera, depuis de longues ann\u00e9es ami\" \/>\n<meta property=\"og:url\" content=\"https:\/\/acninternational.org\/fr\/republique-centrafricaine-un-berger-protege-ses-brebis-contre-les-dangers\/\" \/>\n<meta property=\"og:site_name\" content=\"ACN International\" \/>\n<meta property=\"article:publisher\" content=\"https:\/\/www.facebook.com\/acninternationalorg\" \/>\n<meta property=\"article:published_time\" content=\"2024-03-04T15:10:23+00:00\" \/>\n<meta property=\"article:modified_time\" content=\"2024-04-10T10:16:06+00:00\" \/>\n<meta property=\"og:image\" content=\"https:\/\/media.acninternational.org\/wp-content\/uploads\/2024\/03\/ACN-20240301-161092.jpg\" \/>\n\t<meta property=\"og:image:width\" content=\"1920\" \/>\n\t<meta property=\"og:image:height\" content=\"700\" \/>\n\t<meta property=\"og:image:type\" content=\"image\/jpeg\" \/>\n<meta name=\"author\" content=\"ACN Press Team\" \/>\n<meta name=\"twitter:card\" content=\"summary_large_image\" \/>\n<meta name=\"twitter:creator\" content=\"@acn_int\" \/>\n<meta name=\"twitter:site\" content=\"@acn_int\" \/>\n<meta name=\"twitter:label1\" content=\"\u00c9crit par\" \/>\n\t<meta name=\"twitter:data1\" content=\"ACN Press Team\" \/>\n\t<meta name=\"twitter:label2\" content=\"Dur\u00e9e de lecture estim\u00e9e\" \/>\n\t<meta name=\"twitter:data2\" content=\"7 minutes\" \/>\n<script type=\"application\/ld+json\" class=\"yoast-schema-graph\">{\"@context\":\"https:\\\/\\\/schema.org\",\"@graph\":[{\"@type\":\"Article\",\"@id\":\"https:\\\/\\\/acninternational.org\\\/fr\\\/republique-centrafricaine-un-berger-protege-ses-brebis-contre-les-dangers\\\/#article\",\"isPartOf\":{\"@id\":\"https:\\\/\\\/acninternational.org\\\/fr\\\/republique-centrafricaine-un-berger-protege-ses-brebis-contre-les-dangers\\\/\"},\"author\":{\"name\":\"ACN Press Team\",\"@id\":\"https:\\\/\\\/acninternational.org\\\/fr\\\/#\\\/schema\\\/person\\\/7f3dafb236b242fb2aa46be1411fd703\"},\"headline\":\"R\u00e9publique centrafricaine : \u00ab Un berger prot\u00e8ge ses brebis contre les dangers \u00bb\",\"datePublished\":\"2024-03-04T15:10:23+00:00\",\"dateModified\":\"2024-04-10T10:16:06+00:00\",\"mainEntityOfPage\":{\"@id\":\"https:\\\/\\\/acninternational.org\\\/fr\\\/republique-centrafricaine-un-berger-protege-ses-brebis-contre-les-dangers\\\/\"},\"wordCount\":1450,\"publisher\":{\"@id\":\"https:\\\/\\\/acninternational.org\\\/fr\\\/#organization\"},\"image\":{\"@id\":\"https:\\\/\\\/acninternational.org\\\/fr\\\/republique-centrafricaine-un-berger-protege-ses-brebis-contre-les-dangers\\\/#primaryimage\"},\"thumbnailUrl\":\"https:\\\/\\\/media.acninternational.org\\\/wp-content\\\/uploads\\\/2024\\\/03\\\/ACN-20240301-161092.jpg\",\"articleSection\":[\"Interview\"],\"inLanguage\":\"fr-FR\"},{\"@type\":\"WebPage\",\"@id\":\"https:\\\/\\\/acninternational.org\\\/fr\\\/republique-centrafricaine-un-berger-protege-ses-brebis-contre-les-dangers\\\/\",\"url\":\"https:\\\/\\\/acninternational.org\\\/fr\\\/republique-centrafricaine-un-berger-protege-ses-brebis-contre-les-dangers\\\/\",\"name\":\"R\u00e9publique centrafricaine : \u00ab Un berger prot\u00e8ge ses brebis contre les dangers \u00bb | ACN International\",\"isPartOf\":{\"@id\":\"https:\\\/\\\/acninternational.org\\\/fr\\\/#website\"},\"primaryImageOfPage\":{\"@id\":\"https:\\\/\\\/acninternational.org\\\/fr\\\/republique-centrafricaine-un-berger-protege-ses-brebis-contre-les-dangers\\\/#primaryimage\"},\"image\":{\"@id\":\"https:\\\/\\\/acninternational.org\\\/fr\\\/republique-centrafricaine-un-berger-protege-ses-brebis-contre-les-dangers\\\/#primaryimage\"},\"thumbnailUrl\":\"https:\\\/\\\/media.acninternational.org\\\/wp-content\\\/uploads\\\/2024\\\/03\\\/ACN-20240301-161092.jpg\",\"datePublished\":\"2024-03-04T15:10:23+00:00\",\"dateModified\":\"2024-04-10T10:16:06+00:00\",\"breadcrumb\":{\"@id\":\"https:\\\/\\\/acninternational.org\\\/fr\\\/republique-centrafricaine-un-berger-protege-ses-brebis-contre-les-dangers\\\/#breadcrumb\"},\"inLanguage\":\"fr-FR\",\"potentialAction\":[{\"@type\":\"ReadAction\",\"target\":[\"https:\\\/\\\/acninternational.org\\\/fr\\\/republique-centrafricaine-un-berger-protege-ses-brebis-contre-les-dangers\\\/\"]}]},{\"@type\":\"ImageObject\",\"inLanguage\":\"fr-FR\",\"@id\":\"https:\\\/\\\/acninternational.org\\\/fr\\\/republique-centrafricaine-un-berger-protege-ses-brebis-contre-les-dangers\\\/#primaryimage\",\"url\":\"https:\\\/\\\/media.acninternational.org\\\/wp-content\\\/uploads\\\/2024\\\/03\\\/ACN-20240301-161092.jpg\",\"contentUrl\":\"https:\\\/\\\/media.acninternational.org\\\/wp-content\\\/uploads\\\/2024\\\/03\\\/ACN-20240301-161092.jpg\",\"width\":1920,\"height\":700},{\"@type\":\"BreadcrumbList\",\"@id\":\"https:\\\/\\\/acninternational.org\\\/fr\\\/republique-centrafricaine-un-berger-protege-ses-brebis-contre-les-dangers\\\/#breadcrumb\",\"itemListElement\":[{\"@type\":\"ListItem\",\"position\":1,\"name\":\"Home\",\"item\":\"https:\\\/\\\/acninternational.org\\\/fr\\\/\"},{\"@type\":\"ListItem\",\"position\":2,\"name\":\"Interview\",\"item\":\"https:\\\/\\\/acninternational.org\\\/fr\\\/category\\\/interview\\\/\"},{\"@type\":\"ListItem\",\"position\":3,\"name\":\"R\u00e9publique centrafricaine : \u00ab Un berger prot\u00e8ge ses brebis contre les dangers \u00bb\"}]},{\"@type\":\"WebSite\",\"@id\":\"https:\\\/\\\/acninternational.org\\\/fr\\\/#website\",\"url\":\"https:\\\/\\\/acninternational.org\\\/fr\\\/\",\"name\":\"ACN International\",\"description\":\"\",\"publisher\":{\"@id\":\"https:\\\/\\\/acninternational.org\\\/fr\\\/#organization\"},\"potentialAction\":[{\"@type\":\"SearchAction\",\"target\":{\"@type\":\"EntryPoint\",\"urlTemplate\":\"https:\\\/\\\/acninternational.org\\\/fr\\\/?s={search_term_string}\"},\"query-input\":{\"@type\":\"PropertyValueSpecification\",\"valueRequired\":true,\"valueName\":\"search_term_string\"}}],\"inLanguage\":\"fr-FR\"},{\"@type\":\"Organization\",\"@id\":\"https:\\\/\\\/acninternational.org\\\/fr\\\/#organization\",\"name\":\"Aid to the Church in Need International\",\"url\":\"https:\\\/\\\/acninternational.org\\\/fr\\\/\",\"logo\":{\"@type\":\"ImageObject\",\"inLanguage\":\"fr-FR\",\"@id\":\"https:\\\/\\\/acninternational.org\\\/fr\\\/#\\\/schema\\\/logo\\\/image\\\/\",\"url\":\"https:\\\/\\\/media.acninternational.org\\\/wp-content\\\/uploads\\\/2019\\\/11\\\/acn_logo_blackvector.svg\",\"contentUrl\":\"https:\\\/\\\/media.acninternational.org\\\/wp-content\\\/uploads\\\/2019\\\/11\\\/acn_logo_blackvector.svg\",\"width\":232.6,\"height\":78,\"caption\":\"Aid to the Church in Need International\"},\"image\":{\"@id\":\"https:\\\/\\\/acninternational.org\\\/fr\\\/#\\\/schema\\\/logo\\\/image\\\/\"},\"sameAs\":[\"https:\\\/\\\/www.facebook.com\\\/acninternationalorg\",\"https:\\\/\\\/x.com\\\/acn_int\",\"https:\\\/\\\/www.youtube.com\\\/channel\\\/UCQ-077gS0TnVzkhHmf1opZw\",\"https:\\\/\\\/www.instagram.com\\\/acn_international\\\/\"]},{\"@type\":\"Person\",\"@id\":\"https:\\\/\\\/acninternational.org\\\/fr\\\/#\\\/schema\\\/person\\\/7f3dafb236b242fb2aa46be1411fd703\",\"name\":\"ACN Press Team\",\"description\":\"Lorem ipsum dolor sit amet, consectetur adipiscing elit, sed do eiusmod tempor incididunt ut labore et dolore magna aliqua. Ut enim ad minim veniam, quis nostrud exercitation ullamco laboris nisi ut aliquip ex ea commodo consequat.\",\"url\":\"https:\\\/\\\/acninternational.org\\\/fr\\\/author\\\/acn-press-team\\\/\"}]}<\/script>\n<!-- \/ Yoast SEO Premium plugin. -->","yoast_head_json":{"title":"R\u00e9publique centrafricaine : \u00ab Un berger prot\u00e8ge ses brebis contre les dangers \u00bb | ACN International","robots":{"index":"index","follow":"follow","max-snippet":"max-snippet:-1","max-image-preview":"max-image-preview:large","max-video-preview":"max-video-preview:-1"},"canonical":"https:\/\/acninternational.org\/fr\/republique-centrafricaine-un-berger-protege-ses-brebis-contre-les-dangers\/","og_locale":"fr_FR","og_type":"article","og_title":"R\u00e9publique centrafricaine : \u00ab Un berger prot\u00e8ge ses brebis contre les dangers \u00bb","og_description":"Le 23 f\u00e9vrier 2024, Sa Saintet\u00e9 le pape Fran\u00e7ois a nomm\u00e9 le P\u00e8re Aurelio Gazzera, depuis de longues ann\u00e9es ami","og_url":"https:\/\/acninternational.org\/fr\/republique-centrafricaine-un-berger-protege-ses-brebis-contre-les-dangers\/","og_site_name":"ACN International","article_publisher":"https:\/\/www.facebook.com\/acninternationalorg","article_published_time":"2024-03-04T15:10:23+00:00","article_modified_time":"2024-04-10T10:16:06+00:00","og_image":[{"width":1920,"height":700,"url":"https:\/\/media.acninternational.org\/wp-content\/uploads\/2024\/03\/ACN-20240301-161092.jpg","type":"image\/jpeg"}],"author":"ACN Press Team","twitter_card":"summary_large_image","twitter_creator":"@acn_int","twitter_site":"@acn_int","twitter_misc":{"\u00c9crit par":"ACN Press Team","Dur\u00e9e de lecture estim\u00e9e":"7 minutes"},"schema":{"@context":"https:\/\/schema.org","@graph":[{"@type":"Article","@id":"https:\/\/acninternational.org\/fr\/republique-centrafricaine-un-berger-protege-ses-brebis-contre-les-dangers\/#article","isPartOf":{"@id":"https:\/\/acninternational.org\/fr\/republique-centrafricaine-un-berger-protege-ses-brebis-contre-les-dangers\/"},"author":{"name":"ACN Press Team","@id":"https:\/\/acninternational.org\/fr\/#\/schema\/person\/7f3dafb236b242fb2aa46be1411fd703"},"headline":"R\u00e9publique centrafricaine : \u00ab Un berger prot\u00e8ge ses brebis contre les dangers \u00bb","datePublished":"2024-03-04T15:10:23+00:00","dateModified":"2024-04-10T10:16:06+00:00","mainEntityOfPage":{"@id":"https:\/\/acninternational.org\/fr\/republique-centrafricaine-un-berger-protege-ses-brebis-contre-les-dangers\/"},"wordCount":1450,"publisher":{"@id":"https:\/\/acninternational.org\/fr\/#organization"},"image":{"@id":"https:\/\/acninternational.org\/fr\/republique-centrafricaine-un-berger-protege-ses-brebis-contre-les-dangers\/#primaryimage"},"thumbnailUrl":"https:\/\/media.acninternational.org\/wp-content\/uploads\/2024\/03\/ACN-20240301-161092.jpg","articleSection":["Interview"],"inLanguage":"fr-FR"},{"@type":"WebPage","@id":"https:\/\/acninternational.org\/fr\/republique-centrafricaine-un-berger-protege-ses-brebis-contre-les-dangers\/","url":"https:\/\/acninternational.org\/fr\/republique-centrafricaine-un-berger-protege-ses-brebis-contre-les-dangers\/","name":"R\u00e9publique centrafricaine : \u00ab Un berger prot\u00e8ge ses brebis contre les dangers \u00bb | ACN International","isPartOf":{"@id":"https:\/\/acninternational.org\/fr\/#website"},"primaryImageOfPage":{"@id":"https:\/\/acninternational.org\/fr\/republique-centrafricaine-un-berger-protege-ses-brebis-contre-les-dangers\/#primaryimage"},"image":{"@id":"https:\/\/acninternational.org\/fr\/republique-centrafricaine-un-berger-protege-ses-brebis-contre-les-dangers\/#primaryimage"},"thumbnailUrl":"https:\/\/media.acninternational.org\/wp-content\/uploads\/2024\/03\/ACN-20240301-161092.jpg","datePublished":"2024-03-04T15:10:23+00:00","dateModified":"2024-04-10T10:16:06+00:00","breadcrumb":{"@id":"https:\/\/acninternational.org\/fr\/republique-centrafricaine-un-berger-protege-ses-brebis-contre-les-dangers\/#breadcrumb"},"inLanguage":"fr-FR","potentialAction":[{"@type":"ReadAction","target":["https:\/\/acninternational.org\/fr\/republique-centrafricaine-un-berger-protege-ses-brebis-contre-les-dangers\/"]}]},{"@type":"ImageObject","inLanguage":"fr-FR","@id":"https:\/\/acninternational.org\/fr\/republique-centrafricaine-un-berger-protege-ses-brebis-contre-les-dangers\/#primaryimage","url":"https:\/\/media.acninternational.org\/wp-content\/uploads\/2024\/03\/ACN-20240301-161092.jpg","contentUrl":"https:\/\/media.acninternational.org\/wp-content\/uploads\/2024\/03\/ACN-20240301-161092.jpg","width":1920,"height":700},{"@type":"BreadcrumbList","@id":"https:\/\/acninternational.org\/fr\/republique-centrafricaine-un-berger-protege-ses-brebis-contre-les-dangers\/#breadcrumb","itemListElement":[{"@type":"ListItem","position":1,"name":"Home","item":"https:\/\/acninternational.org\/fr\/"},{"@type":"ListItem","position":2,"name":"Interview","item":"https:\/\/acninternational.org\/fr\/category\/interview\/"},{"@type":"ListItem","position":3,"name":"R\u00e9publique centrafricaine : \u00ab Un berger prot\u00e8ge ses brebis contre les dangers \u00bb"}]},{"@type":"WebSite","@id":"https:\/\/acninternational.org\/fr\/#website","url":"https:\/\/acninternational.org\/fr\/","name":"ACN International","description":"","publisher":{"@id":"https:\/\/acninternational.org\/fr\/#organization"},"potentialAction":[{"@type":"SearchAction","target":{"@type":"EntryPoint","urlTemplate":"https:\/\/acninternational.org\/fr\/?s={search_term_string}"},"query-input":{"@type":"PropertyValueSpecification","valueRequired":true,"valueName":"search_term_string"}}],"inLanguage":"fr-FR"},{"@type":"Organization","@id":"https:\/\/acninternational.org\/fr\/#organization","name":"Aid to the Church in Need International","url":"https:\/\/acninternational.org\/fr\/","logo":{"@type":"ImageObject","inLanguage":"fr-FR","@id":"https:\/\/acninternational.org\/fr\/#\/schema\/logo\/image\/","url":"https:\/\/media.acninternational.org\/wp-content\/uploads\/2019\/11\/acn_logo_blackvector.svg","contentUrl":"https:\/\/media.acninternational.org\/wp-content\/uploads\/2019\/11\/acn_logo_blackvector.svg","width":232.6,"height":78,"caption":"Aid to the Church in Need International"},"image":{"@id":"https:\/\/acninternational.org\/fr\/#\/schema\/logo\/image\/"},"sameAs":["https:\/\/www.facebook.com\/acninternationalorg","https:\/\/x.com\/acn_int","https:\/\/www.youtube.com\/channel\/UCQ-077gS0TnVzkhHmf1opZw","https:\/\/www.instagram.com\/acn_international\/"]},{"@type":"Person","@id":"https:\/\/acninternational.org\/fr\/#\/schema\/person\/7f3dafb236b242fb2aa46be1411fd703","name":"ACN Press Team","description":"Lorem ipsum dolor sit amet, consectetur adipiscing elit, sed do eiusmod tempor incididunt ut labore et dolore magna aliqua. Ut enim ad minim veniam, quis nostrud exercitation ullamco laboris nisi ut aliquip ex ea commodo consequat.","url":"https:\/\/acninternational.org\/fr\/author\/acn-press-team\/"}]}},"_links":{"self":[{"href":"https:\/\/acninternational.org\/fr\/wp-json\/wp\/v2\/posts\/192674","targetHints":{"allow":["GET"]}}],"collection":[{"href":"https:\/\/acninternational.org\/fr\/wp-json\/wp\/v2\/posts"}],"about":[{"href":"https:\/\/acninternational.org\/fr\/wp-json\/wp\/v2\/types\/post"}],"author":[{"embeddable":true,"href":"https:\/\/acninternational.org\/fr\/wp-json\/wp\/v2\/users\/4258341447"}],"replies":[{"embeddable":true,"href":"https:\/\/acninternational.org\/fr\/wp-json\/wp\/v2\/comments?post=192674"}],"version-history":[{"count":0,"href":"https:\/\/acninternational.org\/fr\/wp-json\/wp\/v2\/posts\/192674\/revisions"}],"wp:featuredmedia":[{"embeddable":true,"href":"https:\/\/acninternational.org\/fr\/wp-json\/wp\/v2\/media\/192647"}],"wp:attachment":[{"href":"https:\/\/acninternational.org\/fr\/wp-json\/wp\/v2\/media?parent=192674"}],"wp:term":[{"taxonomy":"category","embeddable":true,"href":"https:\/\/acninternational.org\/fr\/wp-json\/wp\/v2\/categories?post=192674"},{"taxonomy":"post_tag","embeddable":true,"href":"https:\/\/acninternational.org\/fr\/wp-json\/wp\/v2\/tags?post=192674"},{"taxonomy":"country","embeddable":true,"href":"https:\/\/acninternational.org\/fr\/wp-json\/wp\/v2\/country?post=192674"}],"curies":[{"name":"wp","href":"https:\/\/api.w.org\/{rel}","templated":true}]}}