{"id":187875,"date":"2024-01-09T11:47:51","date_gmt":"2024-01-09T10:47:51","guid":{"rendered":"https:\/\/acninternational.org\/?p=187875"},"modified":"2024-04-11T12:04:44","modified_gmt":"2024-04-11T10:04:44","slug":"des-dizaines-de-pretres-arretes-en-2023-les-regimes-autoritaires-repriment-leglise","status":"publish","type":"post","link":"https:\/\/acninternational.org\/fr\/des-dizaines-de-pretres-arretes-en-2023-les-regimes-autoritaires-repriment-leglise\/","title":{"rendered":"Des dizaines de pr\u00eatres arr\u00eat\u00e9s en 2023. Les r\u00e9gimes autoritaires r\u00e9priment l\u2019\u00c9glise"},"content":{"rendered":"<p><em>Treize pr\u00eatres et un fr\u00e8re religieux ont \u00e9t\u00e9 assassin\u00e9s en 2023. La moiti\u00e9 d\u2019entre eux ont \u00e9t\u00e9 tu\u00e9s pour des raisons apparemment sans rapport avec la pers\u00e9cution. Les arrestations ont augment\u00e9, tandis que les enl\u00e8vements de membres du clerg\u00e9 et de religieux ont diminu\u00e9 par rapport \u00e0 2022, mais restent tr\u00e8s pr\u00e9occupants, en particulier en Afrique. <\/em><\/p>\n<figure id=\"attachment_187843\" aria-describedby=\"caption-attachment-187843\" style=\"width: 800px\" class=\"wp-caption aligncenter\"><img loading=\"lazy\" decoding=\"async\" class=\"wp-image-187843 size-large\" src=\"https:\/\/media.acninternational.org\/wp-content\/uploads\/2024\/01\/ACN-20230721-150071-1024x683.jpg\" alt=\"Sanctuaire des martyrs de la fraternit\u00e9 \u00e0 Buta\" width=\"800\" height=\"534\" srcset=\"https:\/\/media.acninternational.org\/wp-content\/uploads\/2024\/01\/ACN-20230721-150071-1024x683.jpg 1024w, https:\/\/media.acninternational.org\/wp-content\/uploads\/2024\/01\/ACN-20230721-150071-300x200.jpg 300w, https:\/\/media.acninternational.org\/wp-content\/uploads\/2024\/01\/ACN-20230721-150071-768x512.jpg 768w, https:\/\/media.acninternational.org\/wp-content\/uploads\/2024\/01\/ACN-20230721-150071.jpg 1080w\" sizes=\"auto, (max-width: 800px) 100vw, 800px\" \/><figcaption id=\"caption-attachment-187843\" class=\"wp-caption-text\">Sanctuaire des martyrs de la fraternit\u00e9 \u00e0 Buta<\/figcaption><\/figure>\n<p>Selon les chiffres recueillis par la fondation pontificale Aid to the Church in Need (ACN), un total de 132 pr\u00eatres et religieux catholiques ont \u00e9t\u00e9 arr\u00eat\u00e9s, enlev\u00e9s ou assassin\u00e9s en 2023.<\/p>\n<p>Cela repr\u00e9sente une augmentation par rapport aux 124 cas recens\u00e9s en 2022. Toutefois, il ne s\u2019agit l\u00e0 que des cas confirm\u00e9s, le nombre de cas r\u00e9els pouvant \u00eatre plus \u00e9lev\u00e9, compte tenu du fait que dans certains pays il est difficile d\u2019obtenir des informations fiables.<\/p>\n<p>C\u2019est la deuxi\u00e8me ann\u00e9e que ACN recense tous les cas d\u2019enl\u00e8vements, de meurtres et d\u2019arrestations de membres du clerg\u00e9 et de religieux catholiques dans le monde.<\/p>\n<p>Parmi eux, 86 \u00e9taient en \u00e9tat d&rsquo;arrestation. Le Nicaragua et la Bi\u00e9lorussie sont en t\u00eate de liste des r\u00e9gimes autoritaires qui ont eu recours \u00e0 la d\u00e9tention de pr\u00eatres et de religieux afin de punir l\u2019\u00c9glise pour avoir d\u00e9nonc\u00e9 les injustices et les violations des droits de l\u2019homme, ou simplement pour avoir tent\u00e9 d\u2019agir librement. Certaines des 86 personnes figurant sur la liste avaient d\u00e9j\u00e0 \u00e9t\u00e9 arr\u00eat\u00e9es ou enlev\u00e9es avant le d\u00e9but de l&rsquo;ann\u00e9e, mais sont rest\u00e9es en d\u00e9tention ou port\u00e9es disparues pendant une partie ou la totalit\u00e9 de l&rsquo;ann\u00e9e 2023. En comparaison, 55 personnes \u00e9taient en \u00e9tat d&rsquo;arrestation \u00e0 un moment donn\u00e9 en 2022.<\/p>\n<p>En ce qui concerne les arrestations, la fondation internationale ne suit que celles qui sont li\u00e9es \u00e0 la pers\u00e9cution et non aux cas av\u00e9r\u00e9s de criminalit\u00e9 de droit commun. Les affaires relatives aux membres d\u2019autres confessions ne sont pas non plus prises en compte dans la liste.<\/p>\n<p>Au Nicaragua, 46 membres du clerg\u00e9 ont \u00e9t\u00e9 arr\u00eat\u00e9s au cours de l\u2019ann\u00e9e 2023, dont deux \u00e9v\u00eaques et quatre s\u00e9minaristes, tandis que d\u2019autres, dont des religieuses telles que les Missionnaires de la Charit\u00e9, ont \u00e9t\u00e9 expuls\u00e9s du pays ou se sont vu refuser l\u2019entr\u00e9e apr\u00e8s avoir s\u00e9journ\u00e9 \u00e0 l\u2019\u00e9tranger. De nombreux pr\u00eatres qui avaient \u00e9t\u00e9 arr\u00eat\u00e9s ont finalement \u00e9t\u00e9 lib\u00e9r\u00e9s ou envoy\u00e9s en exil, mais une r\u00e9pression majeure au cours des deux derni\u00e8res semaines de d\u00e9cembre a conduit \u00e0 l\u2019arrestation d\u2019au moins 19 eccl\u00e9siastiques, dont Mgr Isidoro de Carmen Mora Ortega, \u00e9v\u00eaque du dioc\u00e8se de Siuna. Deux des pr\u00eatres ont \u00e9t\u00e9 lib\u00e9r\u00e9s par la suite, mais les 17 autres, ainsi que l&rsquo;\u00e9v\u00eaque Rolando Alvarez, arr\u00eat\u00e9 en ao\u00fbt 2022 et condamn\u00e9 par la suite \u00e0 26 ans de prison, sont toujours en d\u00e9tention.<\/p>\n<p><img loading=\"lazy\" decoding=\"async\" class=\"aligncenter size-large wp-image-187849\" src=\"https:\/\/media.acninternational.org\/wp-content\/uploads\/2024\/01\/ACN-20180816-75041-1024x683.jpg\" alt=\"\" width=\"800\" height=\"534\" srcset=\"https:\/\/media.acninternational.org\/wp-content\/uploads\/2024\/01\/ACN-20180816-75041-1024x683.jpg 1024w, https:\/\/media.acninternational.org\/wp-content\/uploads\/2024\/01\/ACN-20180816-75041-300x200.jpg 300w, https:\/\/media.acninternational.org\/wp-content\/uploads\/2024\/01\/ACN-20180816-75041-768x512.jpg 768w, https:\/\/media.acninternational.org\/wp-content\/uploads\/2024\/01\/ACN-20180816-75041.jpg 1080w\" sizes=\"auto, (max-width: 800px) 100vw, 800px\" \/><\/p>\n<p>M\u00eame s&rsquo;il est pratiquement impossible de prouver l&rsquo;information in la Chine, les chiffres de ACN font \u00e9tat de 20 membres du clerg\u00e9 en \u00e9tat d\u2019arrestation \u00e0 un moment donn\u00e9 en 2023, certains d&rsquo;entre eux \u00e9tant port\u00e9s disparus depuis des ann\u00e9es. Mais le nombre r\u00e9el pourrait \u00eatre plus \u00e9lev\u00e9, voire l\u00e9g\u00e8rement inf\u00e9rieur, car certains pr\u00eatres ou \u00e9v\u00eaques ont peut-\u00eatre \u00e9t\u00e9 lib\u00e9r\u00e9s sans que les d\u00e9tails ne soient rendus publics.<\/p>\n<p>La Bi\u00e9lorussie est un autre pays qui a eu recours \u00e0 des arrestations pour tenter de faire taire des pr\u00eatres. Au moins 10 d\u2019entre eux ont \u00e9t\u00e9 arr\u00eat\u00e9s par les autorit\u00e9s au cours de l\u2019ann\u00e9e, et trois \u00e9taient toujours derri\u00e8re les barreaux \u00e0 la fin de l\u2019ann\u00e9e.<\/p>\n<p>Les P\u00e8res Ivan Levitskyi et Bohdan Heleta, deux pr\u00eatres gr\u00e9co-catholiques <a href=\"https:\/\/acninternational.org\/possible-torture-of-arrested-priests-in-ukraine\/\" target=\"_blank\" rel=\"noopener\">\u00a0arr\u00eat\u00e9s en Ukraine<\/a> en 2022 par les forces d\u2019occupation russes, n\u2019ont toujours pas \u00e9t\u00e9 lib\u00e9r\u00e9s.<\/p>\n<p>En Inde, o\u00f9 les lois anti-conversion continuent d\u2019\u00eatre utilis\u00e9es pour tenter d\u2019entraver le travail des organisations catholiques, au moins six personnes ont \u00e9t\u00e9 arr\u00eat\u00e9es au cours de l\u2019ann\u00e9e, dont une religieuse. Elles ont toutes \u00e9t\u00e9 lib\u00e9r\u00e9es par la suite, mais certaines font toujours l\u2019objet de poursuites qui pourraient conduire \u00e0 des peines de prison.<\/p>\n<h4><strong>Les enl\u00e8vements sont en baisse, mais toujours inqui\u00e9tants<\/strong><\/h4>\n<p>Le nombre de pr\u00eatres ou de religieuses enlev\u00e9s est pass\u00e9 de 54 en 2022 \u00e0 33 en 2023, mais reste important. Ce nombre comprend cinq pr\u00eatres qui avaient \u00e9t\u00e9 enlev\u00e9s au cours des ann\u00e9es pr\u00e9c\u00e9dentes et qui sont rest\u00e9s entre les mains de leurs ravisseurs, ou des pr\u00eatres qui ont \u00e9t\u00e9 lib\u00e9r\u00e9s en 2023, comme le <a href=\"https:\/\/acninternational.org\/fr\/un-pretre-allemand-libere-apres-plus-dun-an-de-captivite-au-mali\/\" target=\"_blank\" rel=\"noopener\">P\u00e8re Hans-Joachim Lohre<\/a>, qui a \u00e9t\u00e9 enlev\u00e9 au Mali en 2022 et lib\u00e9r\u00e9 en novembre 2023.<\/p>\n<figure id=\"attachment_187867\" aria-describedby=\"caption-attachment-187867\" style=\"width: 720px\" class=\"wp-caption aligncenter\"><img loading=\"lazy\" decoding=\"async\" class=\"wp-image-187867 size-full\" src=\"https:\/\/media.acninternational.org\/wp-content\/uploads\/2024\/01\/ACN-20240108-158425-2.jpg\" alt=\"Infographie des pr\u00eatres et religieux arr\u00eat\u00e9s, assassin\u00e9s ou enlev\u00e9s en 2023.\" width=\"720\" height=\"1015\" srcset=\"https:\/\/media.acninternational.org\/wp-content\/uploads\/2024\/01\/ACN-20240108-158425-2.jpg 720w, https:\/\/media.acninternational.org\/wp-content\/uploads\/2024\/01\/ACN-20240108-158425-2-213x300.jpg 213w\" sizes=\"auto, (max-width: 720px) 100vw, 720px\" \/><figcaption id=\"caption-attachment-187867\" class=\"wp-caption-text\">Infographie des pr\u00eatres et religieux arr\u00eat\u00e9s, assassin\u00e9s ou enlev\u00e9s en 2023.<\/figcaption><\/figure>\n<p>Le Nigeria est de loin en t\u00eate de liste, avec 28 cas, dont trois religieuses. Ha\u00efti compte 2 cas. Les 3 autres cas d\u2019enl\u00e8vement sont des pr\u00eatres au Mali et au Burkina Faso, et une religieuse en Ethiopie.<\/p>\n<p>Il y a eu un cas, au Nigeria, d\u2019un moine qui a \u00e9t\u00e9 assassin\u00e9 par ses ravisseurs, mais sinon la grande majorit\u00e9 des religieux enlev\u00e9s ont fini par \u00eatre lib\u00e9r\u00e9s, \u00e0 l\u2019exception de quatre pr\u00eatres\u00a0: John Bako Shekwolo du Nigeria, et Jo\u00ebl Yougbar\u00e9, du Burkina Faso, port\u00e9s disparus depuis 2019, ainsi que Joseph Igweagu et Christopher Ogide, tous deux originaires du Nigeria, port\u00e9s disparus depuis 2022.<\/p>\n<h4><strong>C\u2019est au Nigeria qu\u2019on enregistre le plus grand nombre de meurtres<\/strong><\/h4>\n<p>Tragiquement, en 2023, de nombreux chr\u00e9tiens, et en particulier des membres du clerg\u00e9 et des religieux, ont pay\u00e9 un lourd tribut pour leur engagement en faveur du bien commun, des droits de l\u2019homme, de la libert\u00e9 religieuse et de la libert\u00e9 des communaut\u00e9s et des nations au service desquelles ils s\u2019\u00e9taient engag\u00e9s. En 2023, 14 meurtres ont \u00e9t\u00e9 commis\u00a0: 11 pr\u00eatres, un \u00e9v\u00eaque, un religieux et un s\u00e9minariste. Cela repr\u00e9sente une diminution par rapport aux <a href=\"https:\/\/acninternational.org\/fr\/plus-de-100-pretres-et-religieuses-enleves-arretes-ou-tues\/\" target=\"_blank\" rel=\"noopener\">18 meurtres enregistr\u00e9s en 2022<\/a>. Pour autant que ACN ait pu le v\u00e9rifier, aucune religieuse n\u2019a \u00e9t\u00e9 assassin\u00e9e cette ann\u00e9e.<\/p>\n<figure id=\"attachment_185071\" aria-describedby=\"caption-attachment-185071\" style=\"width: 800px\" class=\"wp-caption aligncenter\"><img loading=\"lazy\" decoding=\"async\" class=\"wp-image-185071 size-large\" src=\"https:\/\/media.acninternational.org\/wp-content\/uploads\/2023\/09\/ACN-20230908-152823-1024x373.jpeg\" alt=\"Attentat \u00e0 Kamantan, paroisse St. Raphael Fadan, dioc\u00e8se de Kafanchan, Nigeria. Le s\u00e9minariste Na'aman Danlami est mort.\" width=\"800\" height=\"291\" srcset=\"https:\/\/media.acninternational.org\/wp-content\/uploads\/2023\/09\/ACN-20230908-152823-1024x373.jpeg 1024w, https:\/\/media.acninternational.org\/wp-content\/uploads\/2023\/09\/ACN-20230908-152823-300x109.jpeg 300w, https:\/\/media.acninternational.org\/wp-content\/uploads\/2023\/09\/ACN-20230908-152823-768x279.jpeg 768w, https:\/\/media.acninternational.org\/wp-content\/uploads\/2023\/09\/ACN-20230908-152823.jpeg 1242w\" sizes=\"auto, (max-width: 800px) 100vw, 800px\" \/><figcaption id=\"caption-attachment-185071\" class=\"wp-caption-text\">Attentat \u00e0 Kamantan, paroisse St. Raphael Fadan, dioc\u00e8se de Kafanchan, Nigeria. Le s\u00e9minariste Na&rsquo;aman Danlami est mort.<\/figcaption><\/figure>\n<p>Sept de ces homicides ont eu lieu dans des circonstances qui n\u2019\u00e9taient pas claires ou qui n\u2019\u00e9taient pas directement li\u00e9es \u00e0 un incident confirm\u00e9 de pers\u00e9cution. Il s\u2019agit d\u2019un \u00e9v\u00eaque et d\u2019un pr\u00eatre aux \u00c9tats-Unis, d\u2019un pr\u00eatre en Colombie, d\u2019un pr\u00eatre au Mexique, d\u2019un fr\u00e8re religieux au Cameroun, d\u2019un pr\u00eatre au Burkina Faso et d\u2019un pr\u00eatre au Nigeria.<\/p>\n<p>Parmi les sept autres d\u00e9c\u00e8s directement li\u00e9s \u00e0 la pers\u00e9cution, c\u2019est \u00e0 nouveau le Nigeria qui compte le nombre le plus \u00e9lev\u00e9 sur la liste avec trois morts. Le P\u00e8re <strong>Isaac Achi<\/strong> a \u00e9t\u00e9 <a href=\"https:\/\/acninternational.org\/priest-killed-in-attack-in-northern-nigeria\/\" target=\"_blank\" rel=\"noopener\">brutalement assassin\u00e9 en janvier<\/a>, parce qu\u2019il n\u2019a pas r\u00e9ussi \u00e0 s\u2019\u00e9chapper de sa r\u00e9sidence r\u00e9duite en cendres \u00e0 la suite d\u2019une attaque, et le s\u00e9minariste <strong>Na\u2019aman Danlami<\/strong> <a href=\"https:\/\/acnuk.org\/news\/nigeria-nigerian-seminarian-burnt-to-death-by-militants\/\" target=\"_blank\" rel=\"noopener\">a subi exactement le m\u00eame sort<\/a>, mais en septembre. Peu de temps apr\u00e8s, en octobre, <strong>Godwin Eze<\/strong>, un b\u00e9n\u00e9dictin qui avait \u00e9t\u00e9 enlev\u00e9 avec deux autres novices, a \u00e9t\u00e9 assassin\u00e9 par ses ravisseurs.<\/p>\n<p>Certains de ces meurtres ont \u00e9t\u00e9 class\u00e9s comme \u00e9tant li\u00e9s \u00e0 la pers\u00e9cution, malgr\u00e9 le manque de clart\u00e9 des motivations des meurtriers. Le <strong>P\u00e8re Pamphili Nada<\/strong> a \u00e9t\u00e9 tu\u00e9 en Tanzanie par un homme qui souffrait de troubles mentaux. Au Mexique, le <strong>P\u00e8re Javier Garc\u00eda Villafa\u00f1a<\/strong> a \u00e9t\u00e9 retrouv\u00e9 mort dans sa voiture. Ses agresseurs, dont l\u2019identit\u00e9 est inconnue, l\u2019ont abattu dans une r\u00e9gion o\u00f9 le crime organis\u00e9 est r\u00e9pandu et o\u00f9 ceux qui s\u2019y opposent sont souvent la cible des cartels de la drogue. En d\u00e9cembre, un pr\u00eatre belge \u00e2g\u00e9, le P\u00e8re <strong>Leopold Feyen<\/strong> connu localement sous le nom de Pol, a \u00e9t\u00e9 poignard\u00e9 \u00e0 mort par des hommes arm\u00e9s qui ont fait irruption dans sa maison en R\u00e9publique d\u00e9mocratique du Congo, o\u00f9 il avait servi pendant des d\u00e9cennies.<\/p>\n<p>&nbsp;<\/p>\n<p>Par <strong>Filipe d\u2019Avillez<\/strong>.<\/p>\n","protected":false},"excerpt":{"rendered":"<p>Treize pr\u00eatres et un fr\u00e8re religieux ont \u00e9t\u00e9 assassin\u00e9s en 2023. La moiti\u00e9 d\u2019entre eux ont \u00e9t\u00e9 tu\u00e9s pour des<\/p>\n","protected":false},"author":4258341447,"featured_media":187837,"comment_status":"closed","ping_status":"closed","sticky":false,"template":"","format":"standard","meta":{"_acf_changed":false,"_acn_coauthor_ids":[],"footnotes":""},"categories":[919],"tags":[],"country":[333],"class_list":["post-187875","post","type-post","status-publish","format-standard","has-post-thumbnail","hentry","category-nouvelle","country-international"],"acn_coauthors":[],"acf":[],"yoast_head":"<!-- This site is optimized with the Yoast SEO Premium plugin v27.3 (Yoast SEO v27.3) - https:\/\/yoast.com\/product\/yoast-seo-premium-wordpress\/ -->\n<title>Des dizaines de pr\u00eatres arr\u00eat\u00e9s en 2023. Les r\u00e9gimes autoritaires r\u00e9priment l\u2019\u00c9glise | ACN International<\/title>\n<meta name=\"robots\" content=\"index, follow, max-snippet:-1, max-image-preview:large, max-video-preview:-1\" \/>\n<link rel=\"canonical\" href=\"https:\/\/acninternational.org\/fr\/des-dizaines-de-pretres-arretes-en-2023-les-regimes-autoritaires-repriment-leglise\/\" \/>\n<meta property=\"og:locale\" content=\"fr_FR\" \/>\n<meta property=\"og:type\" content=\"article\" \/>\n<meta property=\"og:title\" content=\"Des dizaines de pr\u00eatres arr\u00eat\u00e9s en 2023. Les r\u00e9gimes autoritaires r\u00e9priment l\u2019\u00c9glise\" \/>\n<meta property=\"og:description\" content=\"Treize pr\u00eatres et un fr\u00e8re religieux ont \u00e9t\u00e9 assassin\u00e9s en 2023. La moiti\u00e9 d\u2019entre eux ont \u00e9t\u00e9 tu\u00e9s pour des\" \/>\n<meta property=\"og:url\" content=\"https:\/\/acninternational.org\/fr\/des-dizaines-de-pretres-arretes-en-2023-les-regimes-autoritaires-repriment-leglise\/\" \/>\n<meta property=\"og:site_name\" content=\"ACN International\" \/>\n<meta property=\"article:publisher\" content=\"https:\/\/www.facebook.com\/acninternationalorg\" \/>\n<meta property=\"article:published_time\" content=\"2024-01-09T10:47:51+00:00\" \/>\n<meta property=\"article:modified_time\" content=\"2024-04-11T10:04:44+00:00\" \/>\n<meta property=\"og:image\" content=\"https:\/\/media.acninternational.org\/wp-content\/uploads\/2024\/01\/ACN-20180108-66375.jpg\" \/>\n\t<meta property=\"og:image:width\" content=\"1920\" \/>\n\t<meta property=\"og:image:height\" content=\"700\" \/>\n\t<meta property=\"og:image:type\" content=\"image\/jpeg\" \/>\n<meta name=\"author\" content=\"ACN Press Team\" \/>\n<meta name=\"twitter:card\" content=\"summary_large_image\" \/>\n<meta name=\"twitter:creator\" content=\"@acn_int\" \/>\n<meta name=\"twitter:site\" content=\"@acn_int\" \/>\n<meta name=\"twitter:label1\" content=\"\u00c9crit par\" \/>\n\t<meta name=\"twitter:data1\" content=\"ACN Press Team\" \/>\n\t<meta name=\"twitter:label2\" content=\"Dur\u00e9e de lecture estim\u00e9e\" \/>\n\t<meta name=\"twitter:data2\" content=\"7 minutes\" \/>\n<script type=\"application\/ld+json\" class=\"yoast-schema-graph\">{\"@context\":\"https:\\\/\\\/schema.org\",\"@graph\":[{\"@type\":\"Article\",\"@id\":\"https:\\\/\\\/acninternational.org\\\/fr\\\/des-dizaines-de-pretres-arretes-en-2023-les-regimes-autoritaires-repriment-leglise\\\/#article\",\"isPartOf\":{\"@id\":\"https:\\\/\\\/acninternational.org\\\/fr\\\/des-dizaines-de-pretres-arretes-en-2023-les-regimes-autoritaires-repriment-leglise\\\/\"},\"author\":{\"name\":\"ACN Press Team\",\"@id\":\"https:\\\/\\\/acninternational.org\\\/fr\\\/#\\\/schema\\\/person\\\/7f3dafb236b242fb2aa46be1411fd703\"},\"headline\":\"Des dizaines de pr\u00eatres arr\u00eat\u00e9s en 2023. Les r\u00e9gimes autoritaires r\u00e9priment l\u2019\u00c9glise\",\"datePublished\":\"2024-01-09T10:47:51+00:00\",\"dateModified\":\"2024-04-11T10:04:44+00:00\",\"mainEntityOfPage\":{\"@id\":\"https:\\\/\\\/acninternational.org\\\/fr\\\/des-dizaines-de-pretres-arretes-en-2023-les-regimes-autoritaires-repriment-leglise\\\/\"},\"wordCount\":1471,\"publisher\":{\"@id\":\"https:\\\/\\\/acninternational.org\\\/fr\\\/#organization\"},\"image\":{\"@id\":\"https:\\\/\\\/acninternational.org\\\/fr\\\/des-dizaines-de-pretres-arretes-en-2023-les-regimes-autoritaires-repriment-leglise\\\/#primaryimage\"},\"thumbnailUrl\":\"https:\\\/\\\/media.acninternational.org\\\/wp-content\\\/uploads\\\/2024\\\/01\\\/ACN-20180108-66375.jpg\",\"articleSection\":[\"Nouvelle\"],\"inLanguage\":\"fr-FR\"},{\"@type\":\"WebPage\",\"@id\":\"https:\\\/\\\/acninternational.org\\\/fr\\\/des-dizaines-de-pretres-arretes-en-2023-les-regimes-autoritaires-repriment-leglise\\\/\",\"url\":\"https:\\\/\\\/acninternational.org\\\/fr\\\/des-dizaines-de-pretres-arretes-en-2023-les-regimes-autoritaires-repriment-leglise\\\/\",\"name\":\"Des dizaines de pr\u00eatres arr\u00eat\u00e9s en 2023. Les r\u00e9gimes autoritaires r\u00e9priment l\u2019\u00c9glise | ACN International\",\"isPartOf\":{\"@id\":\"https:\\\/\\\/acninternational.org\\\/fr\\\/#website\"},\"primaryImageOfPage\":{\"@id\":\"https:\\\/\\\/acninternational.org\\\/fr\\\/des-dizaines-de-pretres-arretes-en-2023-les-regimes-autoritaires-repriment-leglise\\\/#primaryimage\"},\"image\":{\"@id\":\"https:\\\/\\\/acninternational.org\\\/fr\\\/des-dizaines-de-pretres-arretes-en-2023-les-regimes-autoritaires-repriment-leglise\\\/#primaryimage\"},\"thumbnailUrl\":\"https:\\\/\\\/media.acninternational.org\\\/wp-content\\\/uploads\\\/2024\\\/01\\\/ACN-20180108-66375.jpg\",\"datePublished\":\"2024-01-09T10:47:51+00:00\",\"dateModified\":\"2024-04-11T10:04:44+00:00\",\"breadcrumb\":{\"@id\":\"https:\\\/\\\/acninternational.org\\\/fr\\\/des-dizaines-de-pretres-arretes-en-2023-les-regimes-autoritaires-repriment-leglise\\\/#breadcrumb\"},\"inLanguage\":\"fr-FR\",\"potentialAction\":[{\"@type\":\"ReadAction\",\"target\":[\"https:\\\/\\\/acninternational.org\\\/fr\\\/des-dizaines-de-pretres-arretes-en-2023-les-regimes-autoritaires-repriment-leglise\\\/\"]}]},{\"@type\":\"ImageObject\",\"inLanguage\":\"fr-FR\",\"@id\":\"https:\\\/\\\/acninternational.org\\\/fr\\\/des-dizaines-de-pretres-arretes-en-2023-les-regimes-autoritaires-repriment-leglise\\\/#primaryimage\",\"url\":\"https:\\\/\\\/media.acninternational.org\\\/wp-content\\\/uploads\\\/2024\\\/01\\\/ACN-20180108-66375.jpg\",\"contentUrl\":\"https:\\\/\\\/media.acninternational.org\\\/wp-content\\\/uploads\\\/2024\\\/01\\\/ACN-20180108-66375.jpg\",\"width\":1920,\"height\":700},{\"@type\":\"BreadcrumbList\",\"@id\":\"https:\\\/\\\/acninternational.org\\\/fr\\\/des-dizaines-de-pretres-arretes-en-2023-les-regimes-autoritaires-repriment-leglise\\\/#breadcrumb\",\"itemListElement\":[{\"@type\":\"ListItem\",\"position\":1,\"name\":\"Home\",\"item\":\"https:\\\/\\\/acninternational.org\\\/fr\\\/\"},{\"@type\":\"ListItem\",\"position\":2,\"name\":\"Nouvelle\",\"item\":\"https:\\\/\\\/acninternational.org\\\/fr\\\/category\\\/nouvelle\\\/\"},{\"@type\":\"ListItem\",\"position\":3,\"name\":\"Des dizaines de pr\u00eatres arr\u00eat\u00e9s en 2023. Les r\u00e9gimes autoritaires r\u00e9priment l\u2019\u00c9glise\"}]},{\"@type\":\"WebSite\",\"@id\":\"https:\\\/\\\/acninternational.org\\\/fr\\\/#website\",\"url\":\"https:\\\/\\\/acninternational.org\\\/fr\\\/\",\"name\":\"ACN International\",\"description\":\"\",\"publisher\":{\"@id\":\"https:\\\/\\\/acninternational.org\\\/fr\\\/#organization\"},\"potentialAction\":[{\"@type\":\"SearchAction\",\"target\":{\"@type\":\"EntryPoint\",\"urlTemplate\":\"https:\\\/\\\/acninternational.org\\\/fr\\\/?s={search_term_string}\"},\"query-input\":{\"@type\":\"PropertyValueSpecification\",\"valueRequired\":true,\"valueName\":\"search_term_string\"}}],\"inLanguage\":\"fr-FR\"},{\"@type\":\"Organization\",\"@id\":\"https:\\\/\\\/acninternational.org\\\/fr\\\/#organization\",\"name\":\"Aid to the Church in Need International\",\"url\":\"https:\\\/\\\/acninternational.org\\\/fr\\\/\",\"logo\":{\"@type\":\"ImageObject\",\"inLanguage\":\"fr-FR\",\"@id\":\"https:\\\/\\\/acninternational.org\\\/fr\\\/#\\\/schema\\\/logo\\\/image\\\/\",\"url\":\"https:\\\/\\\/media.acninternational.org\\\/wp-content\\\/uploads\\\/2019\\\/11\\\/acn_logo_blackvector.svg\",\"contentUrl\":\"https:\\\/\\\/media.acninternational.org\\\/wp-content\\\/uploads\\\/2019\\\/11\\\/acn_logo_blackvector.svg\",\"width\":232.6,\"height\":78,\"caption\":\"Aid to the Church in Need International\"},\"image\":{\"@id\":\"https:\\\/\\\/acninternational.org\\\/fr\\\/#\\\/schema\\\/logo\\\/image\\\/\"},\"sameAs\":[\"https:\\\/\\\/www.facebook.com\\\/acninternationalorg\",\"https:\\\/\\\/x.com\\\/acn_int\",\"https:\\\/\\\/www.youtube.com\\\/channel\\\/UCQ-077gS0TnVzkhHmf1opZw\",\"https:\\\/\\\/www.instagram.com\\\/acn_international\\\/\"]},{\"@type\":\"Person\",\"@id\":\"https:\\\/\\\/acninternational.org\\\/fr\\\/#\\\/schema\\\/person\\\/7f3dafb236b242fb2aa46be1411fd703\",\"name\":\"ACN Press Team\",\"description\":\"Lorem ipsum dolor sit amet, consectetur adipiscing elit, sed do eiusmod tempor incididunt ut labore et dolore magna aliqua. Ut enim ad minim veniam, quis nostrud exercitation ullamco laboris nisi ut aliquip ex ea commodo consequat.\",\"url\":\"https:\\\/\\\/acninternational.org\\\/fr\\\/author\\\/acn-press-team\\\/\"}]}<\/script>\n<!-- \/ Yoast SEO Premium plugin. -->","yoast_head_json":{"title":"Des dizaines de pr\u00eatres arr\u00eat\u00e9s en 2023. Les r\u00e9gimes autoritaires r\u00e9priment l\u2019\u00c9glise | ACN International","robots":{"index":"index","follow":"follow","max-snippet":"max-snippet:-1","max-image-preview":"max-image-preview:large","max-video-preview":"max-video-preview:-1"},"canonical":"https:\/\/acninternational.org\/fr\/des-dizaines-de-pretres-arretes-en-2023-les-regimes-autoritaires-repriment-leglise\/","og_locale":"fr_FR","og_type":"article","og_title":"Des dizaines de pr\u00eatres arr\u00eat\u00e9s en 2023. Les r\u00e9gimes autoritaires r\u00e9priment l\u2019\u00c9glise","og_description":"Treize pr\u00eatres et un fr\u00e8re religieux ont \u00e9t\u00e9 assassin\u00e9s en 2023. La moiti\u00e9 d\u2019entre eux ont \u00e9t\u00e9 tu\u00e9s pour des","og_url":"https:\/\/acninternational.org\/fr\/des-dizaines-de-pretres-arretes-en-2023-les-regimes-autoritaires-repriment-leglise\/","og_site_name":"ACN International","article_publisher":"https:\/\/www.facebook.com\/acninternationalorg","article_published_time":"2024-01-09T10:47:51+00:00","article_modified_time":"2024-04-11T10:04:44+00:00","og_image":[{"width":1920,"height":700,"url":"https:\/\/media.acninternational.org\/wp-content\/uploads\/2024\/01\/ACN-20180108-66375.jpg","type":"image\/jpeg"}],"author":"ACN Press Team","twitter_card":"summary_large_image","twitter_creator":"@acn_int","twitter_site":"@acn_int","twitter_misc":{"\u00c9crit par":"ACN Press Team","Dur\u00e9e de lecture estim\u00e9e":"7 minutes"},"schema":{"@context":"https:\/\/schema.org","@graph":[{"@type":"Article","@id":"https:\/\/acninternational.org\/fr\/des-dizaines-de-pretres-arretes-en-2023-les-regimes-autoritaires-repriment-leglise\/#article","isPartOf":{"@id":"https:\/\/acninternational.org\/fr\/des-dizaines-de-pretres-arretes-en-2023-les-regimes-autoritaires-repriment-leglise\/"},"author":{"name":"ACN Press Team","@id":"https:\/\/acninternational.org\/fr\/#\/schema\/person\/7f3dafb236b242fb2aa46be1411fd703"},"headline":"Des dizaines de pr\u00eatres arr\u00eat\u00e9s en 2023. Les r\u00e9gimes autoritaires r\u00e9priment l\u2019\u00c9glise","datePublished":"2024-01-09T10:47:51+00:00","dateModified":"2024-04-11T10:04:44+00:00","mainEntityOfPage":{"@id":"https:\/\/acninternational.org\/fr\/des-dizaines-de-pretres-arretes-en-2023-les-regimes-autoritaires-repriment-leglise\/"},"wordCount":1471,"publisher":{"@id":"https:\/\/acninternational.org\/fr\/#organization"},"image":{"@id":"https:\/\/acninternational.org\/fr\/des-dizaines-de-pretres-arretes-en-2023-les-regimes-autoritaires-repriment-leglise\/#primaryimage"},"thumbnailUrl":"https:\/\/media.acninternational.org\/wp-content\/uploads\/2024\/01\/ACN-20180108-66375.jpg","articleSection":["Nouvelle"],"inLanguage":"fr-FR"},{"@type":"WebPage","@id":"https:\/\/acninternational.org\/fr\/des-dizaines-de-pretres-arretes-en-2023-les-regimes-autoritaires-repriment-leglise\/","url":"https:\/\/acninternational.org\/fr\/des-dizaines-de-pretres-arretes-en-2023-les-regimes-autoritaires-repriment-leglise\/","name":"Des dizaines de pr\u00eatres arr\u00eat\u00e9s en 2023. Les r\u00e9gimes autoritaires r\u00e9priment l\u2019\u00c9glise | ACN International","isPartOf":{"@id":"https:\/\/acninternational.org\/fr\/#website"},"primaryImageOfPage":{"@id":"https:\/\/acninternational.org\/fr\/des-dizaines-de-pretres-arretes-en-2023-les-regimes-autoritaires-repriment-leglise\/#primaryimage"},"image":{"@id":"https:\/\/acninternational.org\/fr\/des-dizaines-de-pretres-arretes-en-2023-les-regimes-autoritaires-repriment-leglise\/#primaryimage"},"thumbnailUrl":"https:\/\/media.acninternational.org\/wp-content\/uploads\/2024\/01\/ACN-20180108-66375.jpg","datePublished":"2024-01-09T10:47:51+00:00","dateModified":"2024-04-11T10:04:44+00:00","breadcrumb":{"@id":"https:\/\/acninternational.org\/fr\/des-dizaines-de-pretres-arretes-en-2023-les-regimes-autoritaires-repriment-leglise\/#breadcrumb"},"inLanguage":"fr-FR","potentialAction":[{"@type":"ReadAction","target":["https:\/\/acninternational.org\/fr\/des-dizaines-de-pretres-arretes-en-2023-les-regimes-autoritaires-repriment-leglise\/"]}]},{"@type":"ImageObject","inLanguage":"fr-FR","@id":"https:\/\/acninternational.org\/fr\/des-dizaines-de-pretres-arretes-en-2023-les-regimes-autoritaires-repriment-leglise\/#primaryimage","url":"https:\/\/media.acninternational.org\/wp-content\/uploads\/2024\/01\/ACN-20180108-66375.jpg","contentUrl":"https:\/\/media.acninternational.org\/wp-content\/uploads\/2024\/01\/ACN-20180108-66375.jpg","width":1920,"height":700},{"@type":"BreadcrumbList","@id":"https:\/\/acninternational.org\/fr\/des-dizaines-de-pretres-arretes-en-2023-les-regimes-autoritaires-repriment-leglise\/#breadcrumb","itemListElement":[{"@type":"ListItem","position":1,"name":"Home","item":"https:\/\/acninternational.org\/fr\/"},{"@type":"ListItem","position":2,"name":"Nouvelle","item":"https:\/\/acninternational.org\/fr\/category\/nouvelle\/"},{"@type":"ListItem","position":3,"name":"Des dizaines de pr\u00eatres arr\u00eat\u00e9s en 2023. Les r\u00e9gimes autoritaires r\u00e9priment l\u2019\u00c9glise"}]},{"@type":"WebSite","@id":"https:\/\/acninternational.org\/fr\/#website","url":"https:\/\/acninternational.org\/fr\/","name":"ACN International","description":"","publisher":{"@id":"https:\/\/acninternational.org\/fr\/#organization"},"potentialAction":[{"@type":"SearchAction","target":{"@type":"EntryPoint","urlTemplate":"https:\/\/acninternational.org\/fr\/?s={search_term_string}"},"query-input":{"@type":"PropertyValueSpecification","valueRequired":true,"valueName":"search_term_string"}}],"inLanguage":"fr-FR"},{"@type":"Organization","@id":"https:\/\/acninternational.org\/fr\/#organization","name":"Aid to the Church in Need International","url":"https:\/\/acninternational.org\/fr\/","logo":{"@type":"ImageObject","inLanguage":"fr-FR","@id":"https:\/\/acninternational.org\/fr\/#\/schema\/logo\/image\/","url":"https:\/\/media.acninternational.org\/wp-content\/uploads\/2019\/11\/acn_logo_blackvector.svg","contentUrl":"https:\/\/media.acninternational.org\/wp-content\/uploads\/2019\/11\/acn_logo_blackvector.svg","width":232.6,"height":78,"caption":"Aid to the Church in Need International"},"image":{"@id":"https:\/\/acninternational.org\/fr\/#\/schema\/logo\/image\/"},"sameAs":["https:\/\/www.facebook.com\/acninternationalorg","https:\/\/x.com\/acn_int","https:\/\/www.youtube.com\/channel\/UCQ-077gS0TnVzkhHmf1opZw","https:\/\/www.instagram.com\/acn_international\/"]},{"@type":"Person","@id":"https:\/\/acninternational.org\/fr\/#\/schema\/person\/7f3dafb236b242fb2aa46be1411fd703","name":"ACN Press Team","description":"Lorem ipsum dolor sit amet, consectetur adipiscing elit, sed do eiusmod tempor incididunt ut labore et dolore magna aliqua. Ut enim ad minim veniam, quis nostrud exercitation ullamco laboris nisi ut aliquip ex ea commodo consequat.","url":"https:\/\/acninternational.org\/fr\/author\/acn-press-team\/"}]}},"_links":{"self":[{"href":"https:\/\/acninternational.org\/fr\/wp-json\/wp\/v2\/posts\/187875","targetHints":{"allow":["GET"]}}],"collection":[{"href":"https:\/\/acninternational.org\/fr\/wp-json\/wp\/v2\/posts"}],"about":[{"href":"https:\/\/acninternational.org\/fr\/wp-json\/wp\/v2\/types\/post"}],"author":[{"embeddable":true,"href":"https:\/\/acninternational.org\/fr\/wp-json\/wp\/v2\/users\/4258341447"}],"replies":[{"embeddable":true,"href":"https:\/\/acninternational.org\/fr\/wp-json\/wp\/v2\/comments?post=187875"}],"version-history":[{"count":0,"href":"https:\/\/acninternational.org\/fr\/wp-json\/wp\/v2\/posts\/187875\/revisions"}],"wp:featuredmedia":[{"embeddable":true,"href":"https:\/\/acninternational.org\/fr\/wp-json\/wp\/v2\/media\/187837"}],"wp:attachment":[{"href":"https:\/\/acninternational.org\/fr\/wp-json\/wp\/v2\/media?parent=187875"}],"wp:term":[{"taxonomy":"category","embeddable":true,"href":"https:\/\/acninternational.org\/fr\/wp-json\/wp\/v2\/categories?post=187875"},{"taxonomy":"post_tag","embeddable":true,"href":"https:\/\/acninternational.org\/fr\/wp-json\/wp\/v2\/tags?post=187875"},{"taxonomy":"country","embeddable":true,"href":"https:\/\/acninternational.org\/fr\/wp-json\/wp\/v2\/country?post=187875"}],"curies":[{"name":"wp","href":"https:\/\/api.w.org\/{rel}","templated":true}]}}