{"id":187677,"date":"2023-12-22T12:29:55","date_gmt":"2023-12-22T11:29:55","guid":{"rendered":"https:\/\/acninternational.org\/?p=187677"},"modified":"2023-12-22T12:30:03","modified_gmt":"2023-12-22T11:30:03","slug":"10-pays-qui-ont-besoin-de-prieres-pour-la-paix","status":"publish","type":"post","link":"https:\/\/acninternational.org\/fr\/10-pays-qui-ont-besoin-de-prieres-pour-la-paix\/","title":{"rendered":"10 PAYS QUI ONT BESOIN DE PRIERES POUR LA PAIX"},"content":{"rendered":"<p>\u00ab Gloire \u00e0 Dieu au plus haut des cieux, et paix sur la terre aux hommes qu\u2019Il aime \u00bb (Luc 2, 14). Ces paroles de l&rsquo;\u00c9vangile de Luc ont \u00e9t\u00e9 chant\u00e9es par les anges la veille de No\u00ebl devant les bergers. Isa\u00efe, pour sa part, \u00e9crit \u00e0 propos de la venue du Messie : \u00ab\u00a0Un enfant nous est n\u00e9, un fils nous a \u00e9t\u00e9 donn\u00e9\u00a0! Sur son \u00e9paule est le signe du pouvoir\u00a0; son nom est proclam\u00e9 : Conseiller-merveilleux, Dieu-Fort, P\u00e8re-\u00e0-jamais, Prince-de-la-paix \u00bb (Isa\u00efe 9, 5).<\/p>\n<figure id=\"attachment_187639\" aria-describedby=\"caption-attachment-187639\" style=\"width: 800px\" class=\"wp-caption aligncenter\"><img loading=\"lazy\" decoding=\"async\" class=\"wp-image-187639 size-large\" src=\"https:\/\/media.acninternational.org\/wp-content\/uploads\/2023\/12\/ACN-20201109-106720-974x1024.jpg\" alt=\"R\u00e9paration de l'\u00e9glise Saint-Sauveur apr\u00e8s l'explosion du port de Beyrouth le 4 ao\u00fbt, phase 1\" width=\"800\" height=\"841\" srcset=\"https:\/\/media.acninternational.org\/wp-content\/uploads\/2023\/12\/ACN-20201109-106720-974x1024.jpg 974w, https:\/\/media.acninternational.org\/wp-content\/uploads\/2023\/12\/ACN-20201109-106720-285x300.jpg 285w, https:\/\/media.acninternational.org\/wp-content\/uploads\/2023\/12\/ACN-20201109-106720-768x808.jpg 768w, https:\/\/media.acninternational.org\/wp-content\/uploads\/2023\/12\/ACN-20201109-106720.jpg 1080w\" sizes=\"auto, (max-width: 800px) 100vw, 800px\" \/><figcaption id=\"caption-attachment-187639\" class=\"wp-caption-text\">R\u00e9paration de l&rsquo;\u00e9glise Saint-Sauveur apr\u00e8s l&rsquo;explosion du port de Beyrouth le 4 ao\u00fbt, phase 1<\/figcaption><\/figure>\n<p>Depuis 1968, le 1er janvier, f\u00eate de Marie, M\u00e8re de Dieu, l&rsquo;\u00c9glise c\u00e9l\u00e8bre la Journ\u00e9e mondiale de la paix. Il y a 55 ans, <a href=\"https:\/\/www.vatican.va\/content\/paul-vi\/fr\/messages\/peace\/documents\/hf_p-vi_mes_19671208_i-world-day-for-peace.html\" target=\"_blank\" rel=\"noopener\">le pape Paul VI exhortait tous<\/a> les hommes \u00e0 s&rsquo;unir dans ce but, affirmant que l&rsquo;\u00c9glise catholique souhaitait \u00ab consacrer aux intentions et aux r\u00e9solutions de la paix une c\u00e9l\u00e9bration particuli\u00e8re le premier jour de l&rsquo;ann\u00e9e civile \u00bb.<\/p>\n<p>Cependant, dans de nombreux coins du monde, No\u00ebl et le d\u00e9but de l&rsquo;ann\u00e9e ne seront pas v\u00e9cus comme des moments de paix. C&rsquo;est pourquoi la fondation Aid to the Church in Need (ACN) invite les bienfaiteurs et les personnes de bonne volont\u00e9 \u00e0 s&rsquo;unir aux pri\u00e8res qui nous ont \u00e9t\u00e9 envoy\u00e9es par des missionnaires, des religieuses et des \u00e9v\u00eaques de dix pays du monde, afin que nous puissions implorer Dieu pour la paix dans leurs pays et pour leurs peuples :<\/p>\n<ol>\n<li>\n<h4><strong>Terre Sainte (Gaza)<\/strong><\/h4>\n<\/li>\n<\/ol>\n<p>En octobre, une incursion en Isra\u00ebl de commandos arm\u00e9s du groupe terroriste Hamas a choqu\u00e9 le monde entier. Isra\u00ebl a r\u00e9agi par des bombardements et une invasion terrestre de Gaza, qui a eu des <a href=\"https:\/\/acninternational.org\/fr\/en-ce-moment-nous-navons-que-dieu\/\" target=\"_blank\" rel=\"noopener\">effets d\u00e9vastateurs sur la communaut\u00e9 chr\u00e9tienne locale<\/a>.<\/p>\n<p>\u00ab Alors que nous c\u00e9l\u00e9brons la naissance de J\u00e9sus, je prie pour que le bruit cesse. En cette nuit de No\u00ebl, que la terre porte de nouveaux fruits ; en cette nuit de No\u00ebl, que la guerre cesse ; en cette nuit de No\u00ebl, que l&rsquo;amour s&rsquo;\u00e9panouisse. Seigneur J\u00e9sus, viens dans nos c\u0153urs, nous avons pr\u00e9par\u00e9 notre cr\u00e8che pour toi. Je prie pour tous les enfants tu\u00e9s dans cette guerre, pour tous ceux qui sont morts dans les rues sans soins, pour tous les habitants de Gaza qui ont \u00e9t\u00e9 d\u00e9plac\u00e9s et qui n&rsquo;ont rien. Je te prie de les aider et de leur donner l&rsquo;espoir de vivre, car la vie est belle avec toi. B\u00e9nis-nous, b\u00e9nis notre terre et le monde entier, et que ta naissance soit une source de paix qui ne tarisse jamais. Amen.\u00a0\u00bb<\/p>\n<p>S\u0153ur Nabila, religieuse de la Congr\u00e9gation du Saint Rosaire, pr\u00e9sente \u00e0 Gaza avec la communaut\u00e9 chr\u00e9tienne depuis le d\u00e9but du conflit, le 7 octobre<strong><em>.<\/em><\/strong><\/p>\n<ol start=\"2\">\n<li>\n<h4>Ukraine<\/h4>\n<\/li>\n<\/ol>\n<p>Depuis 2014, l&rsquo;Ukraine m\u00e8ne une guerre d\u00e9fensive contre la Russie, qui s&rsquo;est intensifi\u00e9e en 2022 avec une invasion russe \u00e0 grande \u00e9chelle. <a href=\"https:\/\/acninternational.org\/fr\/mgr-chevtchouk-le-peuple-ukrainien-est-profondement-epuise\/\" target=\"_blank\" rel=\"noopener\">L&rsquo;\u00c9glise accompagne le peuple ukrainien<\/a> en ces temps difficiles.<\/p>\n<figure id=\"attachment_187651\" aria-describedby=\"caption-attachment-187651\" style=\"width: 800px\" class=\"wp-caption aligncenter\"><img loading=\"lazy\" decoding=\"async\" class=\"wp-image-187651 size-large\" src=\"https:\/\/media.acninternational.org\/wp-content\/uploads\/2023\/12\/ACN-20230720-149936-1024x684.jpg\" alt=\"Pri\u00e8re du soir au Grand S\u00e9minaire des Trois Saints Hi\u00e9rarques de l'UGCC \u00e0 Knyazhychi, Oblast de Kiev\" width=\"800\" height=\"534\" srcset=\"https:\/\/media.acninternational.org\/wp-content\/uploads\/2023\/12\/ACN-20230720-149936-1024x684.jpg 1024w, https:\/\/media.acninternational.org\/wp-content\/uploads\/2023\/12\/ACN-20230720-149936-300x200.jpg 300w, https:\/\/media.acninternational.org\/wp-content\/uploads\/2023\/12\/ACN-20230720-149936-768x513.jpg 768w, https:\/\/media.acninternational.org\/wp-content\/uploads\/2023\/12\/ACN-20230720-149936.jpg 1080w\" sizes=\"auto, (max-width: 800px) 100vw, 800px\" \/><figcaption id=\"caption-attachment-187651\" class=\"wp-caption-text\">Pri\u00e8re du soir au Grand S\u00e9minaire des Trois Saints Hi\u00e9rarques de l&rsquo;UGCC \u00e0 Knyazhychi, Oblast de Kiev<\/figcaption><\/figure>\n<p><em>\u00ab\u00a0Seigneur J\u00e9sus, \u00e9claire les dirigeants. Seigneur J\u00e9sus, d\u00e9truis les plans de guerre. Seigneur J\u00e9sus, dissipe la haine. Seigneur J\u00e9sus, renforce l&rsquo;esp\u00e9rance. Seigneur J\u00e9sus, r\u00e9concilie tous les c\u0153urs. Seigneur J\u00e9sus, unis toutes les nations en toi. Seigneur J\u00e9sus, prot\u00e8ge les pauvres et les d\u00e9sempar\u00e9s. Seigneur J\u00e9sus, r\u00e9conforte ceux qui souffrent. Seigneur J\u00e9sus, accueille ceux qui ont p\u00e9ri dans la violence. En cette p\u00e9riode tr\u00e8s sp\u00e9ciale de l&rsquo;ann\u00e9e o\u00f9 nous nous pr\u00e9parons \u00e0 accueillir le nouveau-n\u00e9, notre Seigneur J\u00e9sus-Christ, dans le froid, sans \u00e9lectricit\u00e9, sans chauffage, mais avec Dieu, qui vient rena\u00eetre parmi nous, nous c\u00e9l\u00e9brerons ce No\u00ebl et demanderons que la pr\u00e9sence de Dieu soit notre espoir, notre foi et la source de notre vie dans les circonstances actuelles de la guerre en Ukraine. Que la Sainte Famille soit pour nous un exemple de la mani\u00e8re d\u2019accueillir J\u00e9sus-Christ en ce No\u00ebl tr\u00e8s sp\u00e9cial.\u00a0\u00bb<\/em><\/p>\n<p>Mgr Sviatoslav Shevchuk, archev\u00eaque majeur de l&rsquo;\u00c9glise gr\u00e9co-catholique ukrainienne<\/p>\n<ol start=\"3\">\n<li>\n<h4>Myanmar<\/h4>\n<\/li>\n<\/ol>\n<p>Le coup d&rsquo;\u00c9tat de 2021 au Myanmar a d\u00e9clench\u00e9 une r\u00e9sistance interne. La junte militaire a intensifi\u00e9 la pers\u00e9cution des minorit\u00e9s ethniques, et notamment des <a href=\"https:\/\/acninternational.org\/fr\/les-chretiens-appellent-a-la-priere-alors-que-de-nouveaux-fronts-de-combat-eclatent-au-myanmar\/\" target=\"_blank\" rel=\"noopener\">communaut\u00e9s chr\u00e9tiennes<\/a>.<\/p>\n<p>\u00ab La situation sur le territoire du dioc\u00e8se, touch\u00e9 par les affrontements, est tr\u00e8s dangereuse\u00a0; Nous sommes au milieu d&rsquo;un conflit arm\u00e9 dans lequel, face \u00e0 la destruction et au chaos politique, nous avons d\u00fb abandonner toutes nos paroisses qui sont d\u00e9sormais vides. Je voudrais rappeler qu&rsquo;un dioc\u00e8se est une partie du Peuple de Dieu, confi\u00e9e \u00e0 un \u00e9v\u00eaque en collaboration avec le presbyterium. Il ne s&rsquo;agit pas simplement d&rsquo;une zone g\u00e9ographique, mais d&rsquo;une communaut\u00e9 qui se rassemble autour de l&rsquo;\u00e9v\u00eaque, en unit\u00e9 avec ses pr\u00eatres. La dynamique principale de la communaut\u00e9 est l&rsquo;annonce de l&rsquo;\u00c9vangile et la c\u00e9l\u00e9bration de l&rsquo;Eucharistie. Dans notre cas, l&rsquo;\u00c9glise fond\u00e9e par le Christ est vivante et pr\u00e9sente, m\u00eame dans la souffrance. Il est important que nous nous unissions tous et que nous construisions une communaut\u00e9 pr\u00eate \u00e0 traverser le d\u00e9sert, soud\u00e9e par l&rsquo;\u00c9vangile et l&rsquo;Eucharistie. Nous savons que le Christ, le Bon Pasteur, prend soin de son troupeau pour lequel Il a donn\u00e9 Sa vie. Nous pouvons avoir confiance que c&rsquo;est Sa volont\u00e9 pour nous maintenant, et que c&rsquo;est la meilleure fa\u00e7on de proclamer et de t\u00e9moigner de Sa puissance. Il ne faut pas douter de Ses paroles : comme Il l&rsquo;a promis \u00e0 Saint Paul, J\u00e9sus dit : \u2018Ma gr\u00e2ce te suffit, car ma puissance donne toute sa mesure dans la faiblesse.\u2019 Nous avons toutes les raisons d\u2019avoir confiance en Lui qui ne cessera de nous soutenir pour faire le bien, car \u2018le Seigneur est mon berger, je ne manque de rien\u2019 (Psaume 23). Tant que nous serons des brebis, nous serons victorieux, et m\u00eame si nous sommes entour\u00e9s de nombreux loups, nous les vaincrons. Faisons de notre mieux pour nous comporter comme de bonnes brebis, en prenant soin les uns des autres, en nous encourageant les uns les autres, en faisant preuve d&rsquo;amour et en faisant le bien. Remettons la communaut\u00e9 entre les mains de la Bienheureuse Vierge Marie et de Saint Joseph, qui, dans la nuit obscure de Bethl\u00e9em, ont ador\u00e9 et prot\u00e9g\u00e9 avec amour le Fils de Dieu, Dieu incarn\u00e9 et Prince de la paix. Que la Vierge Marie et Saint Joseph nous prot\u00e8gent de tous les dangers.\u00a0\u00bb<\/p>\n<p>Mgr Celso Ba Shwe, Ev\u00eaque de Loikaw<\/p>\n<ol start=\"4\">\n<li>\n<h4>Soudan<\/h4>\n<\/li>\n<\/ol>\n<p>Apr\u00e8s le coup d&rsquo;\u00c9tat de 2019, le Soudan a connu un autre coup d&rsquo;\u00c9tat en 2021 et le g\u00e9n\u00e9ral Abdel Fattah al-Burhan s&rsquo;est empar\u00e9 du pouvoir. En 2023, des affrontements entre diff\u00e9rentes factions militaires ont \u00e9clat\u00e9, d\u00e9clenchant une guerre civile et <a href=\"https:\/\/acninternational.org\/fr\/une-bombe-frappe-la-maison-des-soeurs-salesiennes-au-soudan-alors-que-la-guerre-entre-dans-son-septieme-mois\/\" target=\"_blank\" rel=\"noopener\">affectant consid\u00e9rablement<\/a> la communaut\u00e9 chr\u00e9tienne du pays.<\/p>\n<figure id=\"attachment_187663\" aria-describedby=\"caption-attachment-187663\" style=\"width: 800px\" class=\"wp-caption aligncenter\"><img loading=\"lazy\" decoding=\"async\" class=\"wp-image-187663 size-large\" src=\"https:\/\/media.acninternational.org\/wp-content\/uploads\/2023\/12\/ACN-20200622-102398-1024x684.jpg\" alt=\"L'int\u00e9rieur de la cath\u00e9drale d'El Obeid : S. Daniel Comboni (1831-1881), le premier \u00e9v\u00eaque catholique de Khartoum et S. Jos\u00e9phine Bahkita (1869 - 1947) sont les deux saints visibles dans chaque institution ou maison catholique au Soudan.\" width=\"800\" height=\"534\" srcset=\"https:\/\/media.acninternational.org\/wp-content\/uploads\/2023\/12\/ACN-20200622-102398-1024x684.jpg 1024w, https:\/\/media.acninternational.org\/wp-content\/uploads\/2023\/12\/ACN-20200622-102398-300x200.jpg 300w, https:\/\/media.acninternational.org\/wp-content\/uploads\/2023\/12\/ACN-20200622-102398-768x513.jpg 768w, https:\/\/media.acninternational.org\/wp-content\/uploads\/2023\/12\/ACN-20200622-102398.jpg 1080w\" sizes=\"auto, (max-width: 800px) 100vw, 800px\" \/><figcaption id=\"caption-attachment-187663\" class=\"wp-caption-text\">L&rsquo;int\u00e9rieur de la cath\u00e9drale d&rsquo;El Obeid : S. Daniel Comboni (1831-1881), le premier \u00e9v\u00eaque catholique de Khartoum et S. Jos\u00e9phine Bahkita (1869 &#8211; 1947) sont les deux saints visibles dans chaque institution ou maison catholique au Soudan.<\/figcaption><\/figure>\n<p>\u00ab Seigneur J\u00e9sus, Roi de la Paix, bien qu&rsquo;ayant une maison \u00e0 Nazareth, ta m\u00e8re et ton p\u00e8re adoptif ont \u00e9t\u00e9 contraints de se rendre \u00e0 Bethl\u00e9em ! Et l\u00e0, ne trouvant pas d&rsquo;abri, tu es n\u00e9 dans une \u00e9table, dans une mangeoire. Toi, le Roi de la Paix ! Toi, le Fils de Dieu ! Ici, au Soudan, des milliers de personnes ont \u00e9t\u00e9 forc\u00e9es de fuir leurs maisons et de chercher une vie de paix et de s\u00e9curit\u00e9, loin de chez elles, en tant que r\u00e9fugi\u00e9s ou personnes d\u00e9plac\u00e9es. Ici, \u00e0 Dar Mariam, tu nous as donn\u00e9 une grande famille avec laquelle vivre. Tous aspirent \u00e0 retourner dans leurs humbles foyers, mais ne peuvent le faire \u00e0 cause de la guerre insens\u00e9e et tragique qui fait rage depuis huit mois et sept jours au Soudan. Regarde avec bont\u00e9 le peuple du Soudan ! Par la puissance de ton sang vers\u00e9 sur la Croix, touche toutes les parties en conflit par ton amour puissant, source de r\u00e9conciliation. Que les groupes bellig\u00e9rants se r\u00e9concilient et n\u00e9gocient un long cessez-le-feu, puis une v\u00e9ritable paix au Soudan ! Que les cris d&rsquo;angoisse et de d\u00e9tresse des pauvres, des malades et des souffrants parviennent jusqu&rsquo;\u00e0 toi, \u00f4 J\u00e9sus, Roi de la paix ! R\u00e9pands sur le Soudan ton pr\u00e9cieux don de la paix ! Que toutes les armes de guerre et l&rsquo;esprit de haine, de vengeance, de cupidit\u00e9 et d&rsquo;orgueil soient d\u00e9truits ! Que la paix v\u00e9ritable fleurisse \u00e0 nouveau au Soudan ! Amen.\u00a0\u00bb<em><br \/>\n<\/em><br \/>\nP. Jacob Thelekkadan, missionnaire sal\u00e9sien au Soudan qui s&rsquo;occupe des r\u00e9fugi\u00e9s chr\u00e9tiens dans la maison des Sal\u00e9siens \u00e0 Dar Mariam<\/p>\n<ol start=\"5\">\n<li>\n<h4>Burkina Faso<\/h4>\n<\/li>\n<\/ol>\n<p>Les violences au Burkina Faso s&rsquo;inscrivent dans le cadre du conflit r\u00e9gional au Sahel, o\u00f9 des \u00a0<a href=\"https:\/\/acninternational.org\/fr\/burkina-faso-les-chretiens-que-nous-accompagnons-ne-savent-pas-sils-survivront-au-dela-des-prochaines-24-heures\/\" target=\"_blank\" rel=\"noopener\">groupes djihadistes<\/a> ont impos\u00e9 des r\u00e8gles radicales qui affectent \u00e9galement la population chr\u00e9tienne.<\/p>\n<p>\u00ab J\u00e9sus Emmanuel, toi qui viens \u00e0 No\u00ebl pour \u00e9tablir la paix, la s\u00e9curit\u00e9 et la justice dans le monde\u00a0: au seuil de la Nativit\u00e9 2023 et de la nouvelle ann\u00e9e 2024, nous te prions pour le Burkina Faso, le Sahel et tous les pays dont le bien-\u00eatre, la libert\u00e9 et la paix sont menac\u00e9s par des actes de terrorisme tr\u00e8s graves. J\u00e9sus Emmanuel, toi le Prince de la Paix, regarde tes enfants, \u00e9coute notre supplication : accorde aux c\u0153urs meurtris le r\u00e9confort de mains solidaires et secourables, aux d\u00e9plac\u00e9s internes, un prompt retour dans leurs familles et \u00e0 ceux qui nous ont quitt\u00e9s, le repos \u00e9ternel. Nous te prions pour tous ceux qui souffrent et pour ceux qui font souffrir. Aient piti\u00e9 de ceux qui meurent et de ceux qui font mourir. Accorde aux uns et aux autres une profonde conversion des c\u0153urs et fais grandir en nous tous, l&rsquo;amour du prochain afin que nous parvenions \u00e0 une fraternit\u00e9 r\u00e9elle et agissante. J\u00e9sus Emmanuel, toi le Fils de la Vierge Marie, sauve le Burkina Faso et tous les pays en d\u00e9tresse. Donne-leur la paix durable et v\u00e9ritable qui vient de toi. Amen !<\/p>\n<p>P\u00e8re Honor\u00e9 Ouedraogo, pr\u00eatre du dioc\u00e8se de Tenkodogo, Burkina Faso<\/p>\n<ol start=\"6\">\n<li>\n<h4>R\u00e9publique d\u00e9mocratique du Congo<\/h4>\n<\/li>\n<\/ol>\n<p>Depuis des d\u00e9cennies, le pays conna\u00eet des \u00e9pisodes de violence, en particulier dans la r\u00e9gion de l\u2019Est, avec des conflits qui remontent aux ann\u00e9es 1990. Ces tensions comprennent des affrontements avec le Rwanda voisin et l&rsquo;activit\u00e9 de diverses milices r\u00e9gionales. Les <a href=\"https:\/\/acninternational.org\/fr\/en-garde-contre-le-danger-de-division-du-pays\/\" target=\"_blank\" rel=\"noopener\">tensions ethniques dans diff\u00e9rentes r\u00e9gions du pays<\/a> se sont intensifi\u00e9es, exacerbant encore l&rsquo;instabilit\u00e9 et les souffrances de la population.<\/p>\n<p><em>\u00ab Viens, Prince de la Paix, et fais taire les armes. Seigneur Dieu notre P\u00e8re, Tu as cr\u00e9\u00e9 l&rsquo;homme \u00e0 Ton image afin qu&rsquo;il vive heureux et Te serve dans la paix jusqu&rsquo;\u00e0 la venue du Royaume des Cieux. Dieu notre P\u00e8re, chaque jour un Congolais meurt d&rsquo;une balle, laissant derri\u00e8re lui une douleur insurmontable. Les larmes ne cessent de couler parce que l&rsquo;homme est devenu mauvais. \u00d4 Emmanuel, viens s\u00e9cher les larmes de ceux qui souffrent dans les guerres \u00e0 travers le monde. Viens en particulier s\u00e9cher les larmes des Congolais qui endurent injustement le poids des guerres depuis plusieurs d\u00e9cennies. Donne-nous la force de pardonner \u00e0 ceux qui nous tuent, comme tu l&rsquo;as fait sur la Croix. Donne-nous la force de prier pour la conversion de nos ennemis. Prince de la Paix, viens s\u00e9cher nos larmes. Prince de la paix, r\u00e9conforte nos c\u0153urs bless\u00e9s. Prince de la paix, donne-nous la paix. Amen.\u00a0\u00bb<\/em><\/p>\n<p>P\u00e8re Robert Kasongo Nsaka, pr\u00eatre du dioc\u00e8se de Kabinda<\/p>\n<ol start=\"7\">\n<li>\n<h4>\u00c9thiopie<\/h4>\n<\/li>\n<\/ol>\n<p>Apr\u00e8s le conflit du Tigr\u00e9, l&rsquo;\u00c9thiopie conna\u00eet \u00e0 nouveau une p\u00e9riode d\u00e9licate, <a href=\"https:\/\/acninternational.org\/fr\/ethiopie-donnons-une-chance-a-la-paix\/\" target=\"_blank\" rel=\"noopener\">marqu\u00e9e par des tensions internes.<\/a> En 2023, les affrontements entre les milices Amhara et Oromia se sont multipli\u00e9s, intensifiant l\u2019instabilit\u00e9 et les probl\u00e8mes du pays.<\/p>\n<p>\u00ab Seigneur, Dieu de la paix, \u00e9coute notre pri\u00e8re ! Nous te confions l&rsquo;\u00c9thiopie et son peuple, afin que tu nous accordes une paix durable. Nous avons essay\u00e9 tant de fois et pendant tant d&rsquo;ann\u00e9es de r\u00e9soudre nos conflits par nos propres forces et par la puissance de nos armes, alors que nous aurions d\u00fb opter pour le dialogue et la r\u00e9conciliation. Combien de sang a \u00e9t\u00e9 vers\u00e9 ? Combien de vies ont \u00e9t\u00e9 bris\u00e9es ? Combien d&rsquo;espoirs ont \u00e9t\u00e9 enterr\u00e9s&#8230; ? Mais nos efforts ont \u00e9t\u00e9 vains. Maintenant, Seigneur, viens \u00e0 notre secours ! Accorde-nous la paix, enseigne-nous la paix, guide nos pas sur le chemin de la paix. Seigneur, d\u00e9samorce la violence de notre langue et de nos mains. Donne-nous le courage de dire : \u2018Plus jamais la guerre\u2019 ; \u2018Avec la guerre, tout est perdu\u2019. Insuffle dans nos c\u0153urs le courage d&rsquo;agir concr\u00e8tement pour la paix. Amen.\u00a0\u00bb<\/p>\n<p>Mgr Lisane-Christos Matheos Semahun, \u00e9v\u00eaque de Bahir Dar-Dessie<\/p>\n<ol start=\"8\">\n<li>\n<h4>Cameroun<\/h4>\n<\/li>\n<\/ol>\n<p>Depuis son ind\u00e9pendance, le Cameroun a souffert de conflits internes, la communaut\u00e9 anglophone se sentant discrimin\u00e9e par la majorit\u00e9 francophone du pays. Depuis 2016, il y a une <a href=\"https:\/\/acninternational.org\/cameroon-it-is-time-to-act-to-avoid-a-civil-war\/\" target=\"_blank\" rel=\"noopener\">guerre civile interne<\/a>, appel\u00e9e guerre d&rsquo;Ambazonie, avec des combats pour l&rsquo;ind\u00e9pendance du sud du Cameroun. Des milliers de personnes ont \u00e9t\u00e9 tu\u00e9es dans le conflit et plus d&rsquo;un demi-million ont \u00e9t\u00e9 forc\u00e9es de fuir leur foyer.<\/p>\n<figure id=\"attachment_187669\" aria-describedby=\"caption-attachment-187669\" style=\"width: 720px\" class=\"wp-caption aligncenter\"><img loading=\"lazy\" decoding=\"async\" class=\"wp-image-187669 size-full\" src=\"https:\/\/media.acninternational.org\/wp-content\/uploads\/2023\/12\/ACN-20230322-143054.jpg\" alt=\"Une s\u0153ur priant devant une statue du Sacr\u00e9-C\u0153ur de J\u00e9sus.\" width=\"720\" height=\"960\" srcset=\"https:\/\/media.acninternational.org\/wp-content\/uploads\/2023\/12\/ACN-20230322-143054.jpg 720w, https:\/\/media.acninternational.org\/wp-content\/uploads\/2023\/12\/ACN-20230322-143054-225x300.jpg 225w\" sizes=\"auto, (max-width: 720px) 100vw, 720px\" \/><figcaption id=\"caption-attachment-187669\" class=\"wp-caption-text\">Une s\u0153ur priant devant une statue du Sacr\u00e9-C\u0153ur de J\u00e9sus.<\/figcaption><\/figure>\n<p>\u00ab Seigneur J\u00e9sus-Christ, Pr\u00eatre \u00e9ternel, Roi des rois, Seigneur des seigneurs et Prince de la paix. Nous c\u00e9l\u00e9brons ta naissance, Seigneur, \u00e0 un moment o\u00f9 notre monde est en proie \u00e0 diverses guerres qui nous privent de la paix et de la tranquillit\u00e9 du corps, de l&rsquo;\u00e2me et de l&rsquo;esprit. Face \u00e0 cette r\u00e9alit\u00e9, nous nous tournons vers toi avec confiance, en t\u2019implorant de nous venir en aide et de nous donner le courage de prendre des mesures concr\u00e8tes en vue d\u2019une paix durable. Nous te prions pour la fin de la violence au Cameroun. Ouvre nos yeux pour que nous puissions te voir, et nos c\u0153urs, pour que nous puissions t&rsquo;aimer vraiment, toi le Prince de la Paix, entre les mains duquel sont les cl\u00e9s de cette paix que le monde n\u2019arrive pas \u00e0 se donner lui-m\u00eame. Amen. \u00bb<\/p>\n<p>Mgr Aloysius Fondong Abangalo, \u00e9v\u00eaque de Mamfe<\/p>\n<ol start=\"9\">\n<li>\n<h4>Inde<\/h4>\n<\/li>\n<\/ol>\n<p>Le pays conna\u00eet des conflits ethniques et religieux comme par exemple <a href=\"https:\/\/acninternational.org\/india-manipur-archbishop-pray-for-an-end-to-the-suffering\/\" target=\"_blank\" rel=\"noopener\">les violences de 2023 \u00e0 Manipur<\/a> o\u00f9 les ressentiments ethniques ont d\u00e9g\u00e9n\u00e9r\u00e9 en pers\u00e9cutions religieuses. Ces derni\u00e8res ann\u00e9es, la politique de supr\u00e9matie hindoue du parti BJP a accru l&rsquo;intol\u00e9rance envers les chr\u00e9tiens.<\/p>\n<p><em>\u00ab\u00a0La situation reste sombre et tendue. Des milliers de personnes se trouvent toujours dans des camps de r\u00e9fugi\u00e9s parce que leurs maisons ont \u00e9t\u00e9 d\u00e9truites. L&rsquo;Eglise est engag\u00e9e dans un dialogue avec d&rsquo;autres organisations religieuses et a appel\u00e9 les autorit\u00e9s \u00e0 trouver des solutions pacifiques. N\u00e9anmoins, il reste encore beaucoup \u00e0 faire et les besoins sont immenses, en raison des destructions et des pertes consid\u00e9rables subies par les communaut\u00e9s et l&rsquo;\u00c9glise. En ce moment, ce dont nous avons le plus besoin, ce sont vos pri\u00e8res. Le pouvoir de la pri\u00e8re peut transformer l&rsquo;esprit de ceux qui sont anim\u00e9s par la haine et l&rsquo;intol\u00e9rance religieuse. Nous devons prier pour nos dirigeants politiques, pour ceux qui prennent des d\u00e9cisions et pour toutes les personnes de bonne volont\u00e9, afin qu&rsquo;ils recherchent des solutions pacifiques \u00e0 cette violence communautaire et \u00e0 l&rsquo;intol\u00e9rance religieuse persistante. Que r\u00e8gnent la paix, l&rsquo;harmonie et la fraternit\u00e9, et que ceux qui ont \u00e9t\u00e9 priv\u00e9s de leurs droits et de leur dignit\u00e9 obtiennent justice.\u00a0\u00bb <\/em><\/p>\n<p>Mgr Dominic Lumon, Archev\u00eaque d&rsquo;Imphal<\/p>\n<ol start=\"10\">\n<li>\n<h4>Ha\u00efti<\/h4>\n<\/li>\n<\/ol>\n<p>Depuis l&rsquo;assassinat du pr\u00e9sident Jovenal Mo\u00efse en 2021, Ha\u00efti est <a href=\"https:\/\/acninternational.org\/church-in-haiti-attacks-and-violence\/\" target=\"_blank\" rel=\"noopener\">plong\u00e9 dans un chaos croissant<\/a>, les gangs criminels contr\u00f4lant les principales r\u00e9gions du pays. La d\u00e9linquance et la pauvret\u00e9 persistent, et il y a une augmentation alarmante des meurtres, des enl\u00e8vements et des violences sexuelles, laissant la population dans une situation de grande vuln\u00e9rabilit\u00e9.<\/p>\n<p><em>\u00ab Nous, Ha\u00eftiens, allons c\u00e9l\u00e9brer Noel dans un contexte de grande souffrance caus\u00e9e particuli\u00e8rement par l\u2019emprise infernale des groupes arm\u00e9s et l\u2019indiff\u00e9rence des acteurs politiques. Mais notre esp\u00e9rance est forte. Nous prions pour que la f\u00eate de l\u2019EMMANUEL soit pour nous l\u2019occasion d\u2019un rassemblement fraternel pour sortir de nos longues nuits de peur, de m\u00e9fiance et de violence. Que nous puissions sentir de plus en plus le support de la communaut\u00e9 internationale pour le d\u00e9sarmement et le redressement du pays. Puissions-nous tous, fr\u00e8res et s\u0153urs du monde entier, demeurer dans la paix du Seigneur en ce temps de No\u00ebl et tout au long de l\u2019ann\u00e9e 2024 ! \u00bb<\/em><\/p>\n<p>Mgr Max Leroys Mesidor, Archev\u00eaque de Port-au-Prince<\/p>\n","protected":false},"excerpt":{"rendered":"<p>\u00ab Gloire \u00e0 Dieu au plus haut des cieux, et paix sur la terre aux hommes qu\u2019Il aime \u00bb (Luc<\/p>\n","protected":false},"author":4258341447,"featured_media":187633,"comment_status":"closed","ping_status":"closed","sticky":false,"template":"","format":"standard","meta":{"_acf_changed":false,"_acn_coauthor_ids":[],"footnotes":""},"categories":[1276],"tags":[],"country":[333],"class_list":["post-187677","post","type-post","status-publish","format-standard","has-post-thumbnail","hentry","category-featured-fr","country-international"],"acn_coauthors":[],"acf":[],"yoast_head":"<!-- This site is optimized with the Yoast SEO Premium plugin v27.3 (Yoast SEO v27.3) - https:\/\/yoast.com\/product\/yoast-seo-premium-wordpress\/ -->\n<title>10 PAYS QUI ONT BESOIN DE PRIERES POUR LA PAIX | ACN International<\/title>\n<meta name=\"robots\" content=\"index, follow, max-snippet:-1, max-image-preview:large, max-video-preview:-1\" \/>\n<link rel=\"canonical\" href=\"https:\/\/acninternational.org\/fr\/10-pays-qui-ont-besoin-de-prieres-pour-la-paix\/\" \/>\n<meta property=\"og:locale\" content=\"fr_FR\" \/>\n<meta property=\"og:type\" content=\"article\" \/>\n<meta property=\"og:title\" content=\"10 PAYS QUI ONT BESOIN DE PRIERES POUR LA PAIX\" \/>\n<meta property=\"og:description\" content=\"\u00ab Gloire \u00e0 Dieu au plus haut des cieux, et paix sur la terre aux hommes qu\u2019Il aime \u00bb (Luc\" \/>\n<meta property=\"og:url\" content=\"https:\/\/acninternational.org\/fr\/10-pays-qui-ont-besoin-de-prieres-pour-la-paix\/\" \/>\n<meta property=\"og:site_name\" content=\"ACN International\" \/>\n<meta property=\"article:publisher\" content=\"https:\/\/www.facebook.com\/acninternationalorg\" \/>\n<meta property=\"article:published_time\" content=\"2023-12-22T11:29:55+00:00\" \/>\n<meta property=\"article:modified_time\" content=\"2023-12-22T11:30:03+00:00\" \/>\n<meta property=\"og:image\" content=\"https:\/\/media.acninternational.org\/wp-content\/uploads\/2023\/12\/ACN-20191218-95311.jpg\" \/>\n\t<meta property=\"og:image:width\" content=\"1920\" \/>\n\t<meta property=\"og:image:height\" content=\"700\" \/>\n\t<meta property=\"og:image:type\" content=\"image\/jpeg\" \/>\n<meta name=\"author\" content=\"ACN Press Team\" \/>\n<meta name=\"twitter:card\" content=\"summary_large_image\" \/>\n<meta name=\"twitter:creator\" content=\"@acn_int\" \/>\n<meta name=\"twitter:site\" content=\"@acn_int\" \/>\n<meta name=\"twitter:label1\" content=\"\u00c9crit par\" \/>\n\t<meta name=\"twitter:data1\" content=\"ACN Press Team\" \/>\n\t<meta name=\"twitter:label2\" content=\"Dur\u00e9e de lecture estim\u00e9e\" \/>\n\t<meta name=\"twitter:data2\" content=\"13 minutes\" \/>\n<script type=\"application\/ld+json\" class=\"yoast-schema-graph\">{\"@context\":\"https:\\\/\\\/schema.org\",\"@graph\":[{\"@type\":\"Article\",\"@id\":\"https:\\\/\\\/acninternational.org\\\/fr\\\/10-pays-qui-ont-besoin-de-prieres-pour-la-paix\\\/#article\",\"isPartOf\":{\"@id\":\"https:\\\/\\\/acninternational.org\\\/fr\\\/10-pays-qui-ont-besoin-de-prieres-pour-la-paix\\\/\"},\"author\":{\"name\":\"ACN Press Team\",\"@id\":\"https:\\\/\\\/acninternational.org\\\/fr\\\/#\\\/schema\\\/person\\\/7f3dafb236b242fb2aa46be1411fd703\"},\"headline\":\"10 PAYS QUI ONT BESOIN DE PRIERES POUR LA PAIX\",\"datePublished\":\"2023-12-22T11:29:55+00:00\",\"dateModified\":\"2023-12-22T11:30:03+00:00\",\"mainEntityOfPage\":{\"@id\":\"https:\\\/\\\/acninternational.org\\\/fr\\\/10-pays-qui-ont-besoin-de-prieres-pour-la-paix\\\/\"},\"wordCount\":2988,\"publisher\":{\"@id\":\"https:\\\/\\\/acninternational.org\\\/fr\\\/#organization\"},\"image\":{\"@id\":\"https:\\\/\\\/acninternational.org\\\/fr\\\/10-pays-qui-ont-besoin-de-prieres-pour-la-paix\\\/#primaryimage\"},\"thumbnailUrl\":\"https:\\\/\\\/media.acninternational.org\\\/wp-content\\\/uploads\\\/2023\\\/12\\\/ACN-20191218-95311.jpg\",\"articleSection\":[\"FEATURED\"],\"inLanguage\":\"fr-FR\"},{\"@type\":\"WebPage\",\"@id\":\"https:\\\/\\\/acninternational.org\\\/fr\\\/10-pays-qui-ont-besoin-de-prieres-pour-la-paix\\\/\",\"url\":\"https:\\\/\\\/acninternational.org\\\/fr\\\/10-pays-qui-ont-besoin-de-prieres-pour-la-paix\\\/\",\"name\":\"10 PAYS QUI ONT BESOIN DE PRIERES POUR LA PAIX | ACN International\",\"isPartOf\":{\"@id\":\"https:\\\/\\\/acninternational.org\\\/fr\\\/#website\"},\"primaryImageOfPage\":{\"@id\":\"https:\\\/\\\/acninternational.org\\\/fr\\\/10-pays-qui-ont-besoin-de-prieres-pour-la-paix\\\/#primaryimage\"},\"image\":{\"@id\":\"https:\\\/\\\/acninternational.org\\\/fr\\\/10-pays-qui-ont-besoin-de-prieres-pour-la-paix\\\/#primaryimage\"},\"thumbnailUrl\":\"https:\\\/\\\/media.acninternational.org\\\/wp-content\\\/uploads\\\/2023\\\/12\\\/ACN-20191218-95311.jpg\",\"datePublished\":\"2023-12-22T11:29:55+00:00\",\"dateModified\":\"2023-12-22T11:30:03+00:00\",\"breadcrumb\":{\"@id\":\"https:\\\/\\\/acninternational.org\\\/fr\\\/10-pays-qui-ont-besoin-de-prieres-pour-la-paix\\\/#breadcrumb\"},\"inLanguage\":\"fr-FR\",\"potentialAction\":[{\"@type\":\"ReadAction\",\"target\":[\"https:\\\/\\\/acninternational.org\\\/fr\\\/10-pays-qui-ont-besoin-de-prieres-pour-la-paix\\\/\"]}]},{\"@type\":\"ImageObject\",\"inLanguage\":\"fr-FR\",\"@id\":\"https:\\\/\\\/acninternational.org\\\/fr\\\/10-pays-qui-ont-besoin-de-prieres-pour-la-paix\\\/#primaryimage\",\"url\":\"https:\\\/\\\/media.acninternational.org\\\/wp-content\\\/uploads\\\/2023\\\/12\\\/ACN-20191218-95311.jpg\",\"contentUrl\":\"https:\\\/\\\/media.acninternational.org\\\/wp-content\\\/uploads\\\/2023\\\/12\\\/ACN-20191218-95311.jpg\",\"width\":1920,\"height\":700},{\"@type\":\"BreadcrumbList\",\"@id\":\"https:\\\/\\\/acninternational.org\\\/fr\\\/10-pays-qui-ont-besoin-de-prieres-pour-la-paix\\\/#breadcrumb\",\"itemListElement\":[{\"@type\":\"ListItem\",\"position\":1,\"name\":\"Home\",\"item\":\"https:\\\/\\\/acninternational.org\\\/fr\\\/\"},{\"@type\":\"ListItem\",\"position\":2,\"name\":\"FEATURED\",\"item\":\"https:\\\/\\\/acninternational.org\\\/fr\\\/category\\\/featured-fr\\\/\"},{\"@type\":\"ListItem\",\"position\":3,\"name\":\"10 PAYS QUI ONT BESOIN DE PRIERES POUR LA PAIX\"}]},{\"@type\":\"WebSite\",\"@id\":\"https:\\\/\\\/acninternational.org\\\/fr\\\/#website\",\"url\":\"https:\\\/\\\/acninternational.org\\\/fr\\\/\",\"name\":\"ACN International\",\"description\":\"\",\"publisher\":{\"@id\":\"https:\\\/\\\/acninternational.org\\\/fr\\\/#organization\"},\"potentialAction\":[{\"@type\":\"SearchAction\",\"target\":{\"@type\":\"EntryPoint\",\"urlTemplate\":\"https:\\\/\\\/acninternational.org\\\/fr\\\/?s={search_term_string}\"},\"query-input\":{\"@type\":\"PropertyValueSpecification\",\"valueRequired\":true,\"valueName\":\"search_term_string\"}}],\"inLanguage\":\"fr-FR\"},{\"@type\":\"Organization\",\"@id\":\"https:\\\/\\\/acninternational.org\\\/fr\\\/#organization\",\"name\":\"Aid to the Church in Need International\",\"url\":\"https:\\\/\\\/acninternational.org\\\/fr\\\/\",\"logo\":{\"@type\":\"ImageObject\",\"inLanguage\":\"fr-FR\",\"@id\":\"https:\\\/\\\/acninternational.org\\\/fr\\\/#\\\/schema\\\/logo\\\/image\\\/\",\"url\":\"https:\\\/\\\/media.acninternational.org\\\/wp-content\\\/uploads\\\/2019\\\/11\\\/acn_logo_blackvector.svg\",\"contentUrl\":\"https:\\\/\\\/media.acninternational.org\\\/wp-content\\\/uploads\\\/2019\\\/11\\\/acn_logo_blackvector.svg\",\"width\":232.6,\"height\":78,\"caption\":\"Aid to the Church in Need International\"},\"image\":{\"@id\":\"https:\\\/\\\/acninternational.org\\\/fr\\\/#\\\/schema\\\/logo\\\/image\\\/\"},\"sameAs\":[\"https:\\\/\\\/www.facebook.com\\\/acninternationalorg\",\"https:\\\/\\\/x.com\\\/acn_int\",\"https:\\\/\\\/www.youtube.com\\\/channel\\\/UCQ-077gS0TnVzkhHmf1opZw\",\"https:\\\/\\\/www.instagram.com\\\/acn_international\\\/\"]},{\"@type\":\"Person\",\"@id\":\"https:\\\/\\\/acninternational.org\\\/fr\\\/#\\\/schema\\\/person\\\/7f3dafb236b242fb2aa46be1411fd703\",\"name\":\"ACN Press Team\",\"description\":\"Lorem ipsum dolor sit amet, consectetur adipiscing elit, sed do eiusmod tempor incididunt ut labore et dolore magna aliqua. Ut enim ad minim veniam, quis nostrud exercitation ullamco laboris nisi ut aliquip ex ea commodo consequat.\",\"url\":\"https:\\\/\\\/acninternational.org\\\/fr\\\/author\\\/acn-press-team\\\/\"}]}<\/script>\n<!-- \/ Yoast SEO Premium plugin. -->","yoast_head_json":{"title":"10 PAYS QUI ONT BESOIN DE PRIERES POUR LA PAIX | ACN International","robots":{"index":"index","follow":"follow","max-snippet":"max-snippet:-1","max-image-preview":"max-image-preview:large","max-video-preview":"max-video-preview:-1"},"canonical":"https:\/\/acninternational.org\/fr\/10-pays-qui-ont-besoin-de-prieres-pour-la-paix\/","og_locale":"fr_FR","og_type":"article","og_title":"10 PAYS QUI ONT BESOIN DE PRIERES POUR LA PAIX","og_description":"\u00ab Gloire \u00e0 Dieu au plus haut des cieux, et paix sur la terre aux hommes qu\u2019Il aime \u00bb (Luc","og_url":"https:\/\/acninternational.org\/fr\/10-pays-qui-ont-besoin-de-prieres-pour-la-paix\/","og_site_name":"ACN International","article_publisher":"https:\/\/www.facebook.com\/acninternationalorg","article_published_time":"2023-12-22T11:29:55+00:00","article_modified_time":"2023-12-22T11:30:03+00:00","og_image":[{"width":1920,"height":700,"url":"https:\/\/media.acninternational.org\/wp-content\/uploads\/2023\/12\/ACN-20191218-95311.jpg","type":"image\/jpeg"}],"author":"ACN Press Team","twitter_card":"summary_large_image","twitter_creator":"@acn_int","twitter_site":"@acn_int","twitter_misc":{"\u00c9crit par":"ACN Press Team","Dur\u00e9e de lecture estim\u00e9e":"13 minutes"},"schema":{"@context":"https:\/\/schema.org","@graph":[{"@type":"Article","@id":"https:\/\/acninternational.org\/fr\/10-pays-qui-ont-besoin-de-prieres-pour-la-paix\/#article","isPartOf":{"@id":"https:\/\/acninternational.org\/fr\/10-pays-qui-ont-besoin-de-prieres-pour-la-paix\/"},"author":{"name":"ACN Press Team","@id":"https:\/\/acninternational.org\/fr\/#\/schema\/person\/7f3dafb236b242fb2aa46be1411fd703"},"headline":"10 PAYS QUI ONT BESOIN DE PRIERES POUR LA PAIX","datePublished":"2023-12-22T11:29:55+00:00","dateModified":"2023-12-22T11:30:03+00:00","mainEntityOfPage":{"@id":"https:\/\/acninternational.org\/fr\/10-pays-qui-ont-besoin-de-prieres-pour-la-paix\/"},"wordCount":2988,"publisher":{"@id":"https:\/\/acninternational.org\/fr\/#organization"},"image":{"@id":"https:\/\/acninternational.org\/fr\/10-pays-qui-ont-besoin-de-prieres-pour-la-paix\/#primaryimage"},"thumbnailUrl":"https:\/\/media.acninternational.org\/wp-content\/uploads\/2023\/12\/ACN-20191218-95311.jpg","articleSection":["FEATURED"],"inLanguage":"fr-FR"},{"@type":"WebPage","@id":"https:\/\/acninternational.org\/fr\/10-pays-qui-ont-besoin-de-prieres-pour-la-paix\/","url":"https:\/\/acninternational.org\/fr\/10-pays-qui-ont-besoin-de-prieres-pour-la-paix\/","name":"10 PAYS QUI ONT BESOIN DE PRIERES POUR LA PAIX | ACN International","isPartOf":{"@id":"https:\/\/acninternational.org\/fr\/#website"},"primaryImageOfPage":{"@id":"https:\/\/acninternational.org\/fr\/10-pays-qui-ont-besoin-de-prieres-pour-la-paix\/#primaryimage"},"image":{"@id":"https:\/\/acninternational.org\/fr\/10-pays-qui-ont-besoin-de-prieres-pour-la-paix\/#primaryimage"},"thumbnailUrl":"https:\/\/media.acninternational.org\/wp-content\/uploads\/2023\/12\/ACN-20191218-95311.jpg","datePublished":"2023-12-22T11:29:55+00:00","dateModified":"2023-12-22T11:30:03+00:00","breadcrumb":{"@id":"https:\/\/acninternational.org\/fr\/10-pays-qui-ont-besoin-de-prieres-pour-la-paix\/#breadcrumb"},"inLanguage":"fr-FR","potentialAction":[{"@type":"ReadAction","target":["https:\/\/acninternational.org\/fr\/10-pays-qui-ont-besoin-de-prieres-pour-la-paix\/"]}]},{"@type":"ImageObject","inLanguage":"fr-FR","@id":"https:\/\/acninternational.org\/fr\/10-pays-qui-ont-besoin-de-prieres-pour-la-paix\/#primaryimage","url":"https:\/\/media.acninternational.org\/wp-content\/uploads\/2023\/12\/ACN-20191218-95311.jpg","contentUrl":"https:\/\/media.acninternational.org\/wp-content\/uploads\/2023\/12\/ACN-20191218-95311.jpg","width":1920,"height":700},{"@type":"BreadcrumbList","@id":"https:\/\/acninternational.org\/fr\/10-pays-qui-ont-besoin-de-prieres-pour-la-paix\/#breadcrumb","itemListElement":[{"@type":"ListItem","position":1,"name":"Home","item":"https:\/\/acninternational.org\/fr\/"},{"@type":"ListItem","position":2,"name":"FEATURED","item":"https:\/\/acninternational.org\/fr\/category\/featured-fr\/"},{"@type":"ListItem","position":3,"name":"10 PAYS QUI ONT BESOIN DE PRIERES POUR LA PAIX"}]},{"@type":"WebSite","@id":"https:\/\/acninternational.org\/fr\/#website","url":"https:\/\/acninternational.org\/fr\/","name":"ACN International","description":"","publisher":{"@id":"https:\/\/acninternational.org\/fr\/#organization"},"potentialAction":[{"@type":"SearchAction","target":{"@type":"EntryPoint","urlTemplate":"https:\/\/acninternational.org\/fr\/?s={search_term_string}"},"query-input":{"@type":"PropertyValueSpecification","valueRequired":true,"valueName":"search_term_string"}}],"inLanguage":"fr-FR"},{"@type":"Organization","@id":"https:\/\/acninternational.org\/fr\/#organization","name":"Aid to the Church in Need International","url":"https:\/\/acninternational.org\/fr\/","logo":{"@type":"ImageObject","inLanguage":"fr-FR","@id":"https:\/\/acninternational.org\/fr\/#\/schema\/logo\/image\/","url":"https:\/\/media.acninternational.org\/wp-content\/uploads\/2019\/11\/acn_logo_blackvector.svg","contentUrl":"https:\/\/media.acninternational.org\/wp-content\/uploads\/2019\/11\/acn_logo_blackvector.svg","width":232.6,"height":78,"caption":"Aid to the Church in Need International"},"image":{"@id":"https:\/\/acninternational.org\/fr\/#\/schema\/logo\/image\/"},"sameAs":["https:\/\/www.facebook.com\/acninternationalorg","https:\/\/x.com\/acn_int","https:\/\/www.youtube.com\/channel\/UCQ-077gS0TnVzkhHmf1opZw","https:\/\/www.instagram.com\/acn_international\/"]},{"@type":"Person","@id":"https:\/\/acninternational.org\/fr\/#\/schema\/person\/7f3dafb236b242fb2aa46be1411fd703","name":"ACN Press Team","description":"Lorem ipsum dolor sit amet, consectetur adipiscing elit, sed do eiusmod tempor incididunt ut labore et dolore magna aliqua. Ut enim ad minim veniam, quis nostrud exercitation ullamco laboris nisi ut aliquip ex ea commodo consequat.","url":"https:\/\/acninternational.org\/fr\/author\/acn-press-team\/"}]}},"_links":{"self":[{"href":"https:\/\/acninternational.org\/fr\/wp-json\/wp\/v2\/posts\/187677","targetHints":{"allow":["GET"]}}],"collection":[{"href":"https:\/\/acninternational.org\/fr\/wp-json\/wp\/v2\/posts"}],"about":[{"href":"https:\/\/acninternational.org\/fr\/wp-json\/wp\/v2\/types\/post"}],"author":[{"embeddable":true,"href":"https:\/\/acninternational.org\/fr\/wp-json\/wp\/v2\/users\/4258341447"}],"replies":[{"embeddable":true,"href":"https:\/\/acninternational.org\/fr\/wp-json\/wp\/v2\/comments?post=187677"}],"version-history":[{"count":0,"href":"https:\/\/acninternational.org\/fr\/wp-json\/wp\/v2\/posts\/187677\/revisions"}],"wp:featuredmedia":[{"embeddable":true,"href":"https:\/\/acninternational.org\/fr\/wp-json\/wp\/v2\/media\/187633"}],"wp:attachment":[{"href":"https:\/\/acninternational.org\/fr\/wp-json\/wp\/v2\/media?parent=187677"}],"wp:term":[{"taxonomy":"category","embeddable":true,"href":"https:\/\/acninternational.org\/fr\/wp-json\/wp\/v2\/categories?post=187677"},{"taxonomy":"post_tag","embeddable":true,"href":"https:\/\/acninternational.org\/fr\/wp-json\/wp\/v2\/tags?post=187677"},{"taxonomy":"country","embeddable":true,"href":"https:\/\/acninternational.org\/fr\/wp-json\/wp\/v2\/country?post=187677"}],"curies":[{"name":"wp","href":"https:\/\/api.w.org\/{rel}","templated":true}]}}