{"id":187245,"date":"2023-12-08T15:23:19","date_gmt":"2023-12-08T14:23:19","guid":{"rendered":"https:\/\/acninternational.org\/?p=187245"},"modified":"2023-12-08T15:51:21","modified_gmt":"2023-12-08T14:51:21","slug":"cardinal-nzapalainga-comme-chretien-je-dois-voir-les-choses-autrement","status":"publish","type":"post","link":"https:\/\/acninternational.org\/fr\/cardinal-nzapalainga-comme-chretien-je-dois-voir-les-choses-autrement\/","title":{"rendered":"Cardinal Nzapalainga : \u00ab Comme chr\u00e9tien, je dois voir les choses autrement \u00bb"},"content":{"rendered":"<p><em>Au cours d\u2019un entretien au si\u00e8ge international de la fondation pontificale Aid to the Church in Need (ACN), <\/em><a href=\"https:\/\/acninternational.org\/fr\/cardinal-de-la-centrafrique-si-les-hommes-vous-ont-oublies-dieu-ne-vous-a-pas-oublie\/\"><em>le cardinal Dieudonn\u00e9 Nzapalainga<\/em><\/a><em> du dioc\u00e8se de Bangui a parl\u00e9 de l\u2019attitude qui doit habiter un chr\u00e9tien face \u00e0 la souffrance ainsi qu\u2019envers ses fr\u00e8res dans le besoin. Il a \u00e9galement fait part de ses exp\u00e9riences lors du synode sur la synodalit\u00e9 qui s&rsquo;est tenu \u00e0 Rome en octobre dernier.<\/em><\/p>\n<h4><strong>En Centrafrique, vous \u00eates confront\u00e9s \u00e0 beaucoup de <\/strong><a href=\"https:\/\/acninternational.org\/fr\/centrafrique-la-guerre-religieuse-nest-pas-une-fatalite\/\"><strong>souffrances<\/strong><\/a><strong>. Et actuellement, on a l\u2019impression que le monde sombre dans la souffrance. Comment ne pas tomber dans le d\u00e9sespoir face \u00e0 ce tourbillon de mauvaises nouvelles ?<\/strong><\/h4>\n<p>Comme chr\u00e9tien, je dois \u00e9couter et voir les choses autrement. Je vois les choses \u00e0 travers la lumi\u00e8re de l\u2019esp\u00e9rance. L\u00e0, o\u00f9 les hommes disent\u00a0: \u00ab\u00a0Il n\u2019y a plus d\u2019espoir\u00a0\u00bb, le chr\u00e9tien doit dire\u00a0: \u00ab\u00a0Il y a toujours de l\u2019espoir\u00a0\u00bb et ne pas se laisser d\u00e9truire par les nouvelles n\u00e9gatives de tous les jours, ne pas en \u00eatre esclave. Le Christ a vaincu le mal\u00a0! Il ne s\u2019agit pas de nier la r\u00e9alit\u00e9, mais de la regarder avec les yeux de la foi\u00a0: il y a un enfantement nouveau qui est en cours, de l\u2019autre c\u00f4t\u00e9 pointe l\u2019aube nouvelle. Le chr\u00e9tien qui traverse cette vall\u00e9e des \u00e9preuves doit regarder cela. On peut me dire\u00a0: \u00ab\u00a0Tu es fou\u00a0!\u00a0\u00bb Mais devant l\u2019absurdit\u00e9 de la souffrance et du mal, si je n\u2019ai pas cette force-l\u00e0, je serai entrain\u00e9 dans la vague, je deviendrai comme les autres qui pleurent. Le Christ dit\u00a0: \u00ab\u00a0Venez \u00e0 moi, vous tous qui peinez sous le poids du fardeau\u00a0\u00bb (Mt 11, 28). Souvent, nous voulons porter nos probl\u00e8mes tout seuls. Mais il faut les d\u00e9poser dans la pri\u00e8re. Nos \u00e9paules ne sont pas assez fortes.<\/p>\n<figure id=\"attachment_187224\" aria-describedby=\"caption-attachment-187224\" style=\"width: 670px\" class=\"wp-caption alignnone\"><img loading=\"lazy\" decoding=\"async\" class=\"wp-image-187224 size-full\" src=\"https:\/\/media.acninternational.org\/wp-content\/uploads\/2023\/12\/3-1-1.jpg\" alt=\"souffrance en afrique centrale\" width=\"670\" height=\"400\" srcset=\"https:\/\/media.acninternational.org\/wp-content\/uploads\/2023\/12\/3-1-1.jpg 670w, https:\/\/media.acninternational.org\/wp-content\/uploads\/2023\/12\/3-1-1-300x179.jpg 300w\" sizes=\"auto, (max-width: 670px) 100vw, 670px\" \/><figcaption id=\"caption-attachment-187224\" class=\"wp-caption-text\">L&rsquo;archev\u00eaque Dieudonn\u00e9 Nzapalainga b\u00e9nit un homme \u00e2g\u00e9<\/figcaption><\/figure>\n<h4><strong>Il y a aussi le danger de devenir indiff\u00e9rent devant tant de souffrances, le danger de d\u00e9tourner la t\u00eate\u2026<\/strong><\/h4>\n<p>Oui, il faut faire attention \u00e0 ce que notre conscience ne soit pas anesth\u00e9si\u00e9e. La souffrance, il faut la combattre. Sinon, nous les chr\u00e9tiens, on n\u2019a plus de go\u00fbt. Or, on doit \u00eatre le sel de la terre. Le Christ s\u2019est identifi\u00e9 avec le plus petit, le d\u00e9laiss\u00e9. Il est venu pour les pauvres. La preuve\u00a0: Il n\u2019est pas n\u00e9 dans un h\u00f4tel ou un h\u00f4pital \u00e0 quatre \u00e9toiles\u00a0! Si je ferme mes portes devant un fr\u00e8re pauvre, un migrant, je dois me demander\u00a0: Est-ce que je suis encore chr\u00e9tien\u00a0? Le Christ a dit\u00a0: \u00ab\u00a0Chaque fois que vous l\u2019avez fait \u00e0 l\u2019un de ces plus petits de mes fr\u00e8res, c\u2019est \u00e0 moi que vous l\u2019avez fait\u00a0\u00bb (Mt 25, 40).<\/p>\n<p>En tant que chr\u00e9tien, nous devons laisser notre c\u0153ur et notre conscience parler. \u00ab\u00a0Qu\u2019as-tu fait de ton fr\u00e8re\u00a0?\u00a0\u00bb (cf. Gn 4, 10). Par ton bapt\u00eame, tu es responsable de ton fr\u00e8re\u00a0! Ne te cache pas.<\/p>\n<h4><strong>Vous avez particip\u00e9 au Synode des \u00e9v\u00eaques au Vatican du 4 au 29 octobre, qui marquait la phase universelle du synode sur la synodalit\u00e9. Y a-t-on aussi parl\u00e9 des chr\u00e9tiens pers\u00e9cut\u00e9s\u00a0?<\/strong><\/h4>\n<p>Oui, on en a parl\u00e9. Et quand les confr\u00e8res du Soudan et de l\u2019Ukraine ont parl\u00e9, il y a eu des applaudissements qui montraient notre solidarit\u00e9\u00a0: on est avec vous\u00a0!<\/p>\n<figure id=\"attachment_187230\" aria-describedby=\"caption-attachment-187230\" style=\"width: 670px\" class=\"wp-caption alignnone\"><img loading=\"lazy\" decoding=\"async\" class=\"wp-image-187230 size-full\" src=\"https:\/\/media.acninternational.org\/wp-content\/uploads\/2023\/12\/1-2.jpg\" alt=\"souffrance en afrique centrale\" width=\"670\" height=\"400\" srcset=\"https:\/\/media.acninternational.org\/wp-content\/uploads\/2023\/12\/1-2.jpg 670w, https:\/\/media.acninternational.org\/wp-content\/uploads\/2023\/12\/1-2-300x179.jpg 300w\" sizes=\"auto, (max-width: 670px) 100vw, 670px\" \/><figcaption id=\"caption-attachment-187230\" class=\"wp-caption-text\">Cardinal Dieudonn\u00e9 Nzapalainga at ACN International<\/figcaption><\/figure>\n<h4><strong>Ce synode a pour th\u00e8me \u00ab Pour une \u00c9glise synodale : communion, participation et mission \u00bb.\u00a0 Malgr\u00e9 toutes les diff\u00e9rences des \u00e9v\u00eaques du monde entier, avez-vous senti cet aspect de la communion\u00a0?<\/strong><\/h4>\n<p>Au d\u00e9but de ce synode, il y avait beaucoup de crispations, les gens s\u2019attendaient \u00e0 des divisions, \u00e0 des conflits. Mais l\u2019Esprit Saint est pass\u00e9 discr\u00e8tement pour pacifier les esprits, pour nous aider \u00e0 nous regarder comme des fr\u00e8res et non comme des ennemis. Ce qui a beaucoup chang\u00e9 l\u2019atmosph\u00e8re, c\u2019est la retraite de trois jours au d\u00e9but. Puis aussi le fait que pendant le synode, nous \u00e9tions assis autour d\u2019une table, on se regardait. Il y avait 36 tables autour desquelles se trouvaient des personnes de diff\u00e9rentes nationalit\u00e9s. On a pris la parole chacun notre tour, on s\u2019est \u00e9cout\u00e9, et apr\u00e8s chaque intervention, on a gard\u00e9 le silence pour int\u00e9grer les propos. A la fin d\u2019un tour de table, on a partag\u00e9, puis on a vot\u00e9 \u2013 c\u2019\u00e9tait un vote secret, on se sentait compl\u00e8tement libre \u2013 pour choisir le th\u00e8me que l\u2019on allait proposer \u00e0 la grande assembl\u00e9e.<\/p>\n<h4><strong>Cela veut dire que beaucoup de th\u00e8mes abord\u00e9s par les petits groupes n&rsquo;ont pas \u00e9t\u00e9 soumis \u00e0 la discussion lors de la grande assembl\u00e9e. Y a-t-il eu des frustrations\u00a0?<\/strong><\/h4>\n<p>Si on \u00e9coute l\u2019autre vraiment, si on est humble, on re\u00e7oit beaucoup, car l\u2019Esprit Saint passe aussi par mon fr\u00e8re. Si on n\u2019est pas humble, on vit des frustrations. Je dois me d\u00e9centraliser, me d\u00e9poss\u00e9der\u00a0: Il n\u2019y a pas que mon pays. Il ne s\u2019agit pas de d\u00e9fendre ma position\u00a0; je soumets mes soucis, mais j\u2019\u00e9coute aussi les autres. L\u2019\u00c9glise n\u2019est pas moi seule, c\u2019est nous tous. Quand on a vot\u00e9 un th\u00e8me, ce n\u2019est plus <em>mon<\/em> th\u00e8me, il est devenu le n\u00f4tre. Cela dit, si on pensait qu\u2019il fallait vraiment aborder un th\u00e8me qui n\u2019avait pas \u00e9t\u00e9 retenu par le groupe, on pouvait toujours s\u2019exprimer dans la grande assembl\u00e9e. Mais toujours dans ce souci\u00a0: C\u2019est l\u2019\u00c9glise du <em>Christ<\/em> que nous devons construire\u00a0! Pas <em>mon<\/em> \u00c9glise. Nous ne sommes pas des syndicalistes avec des revendications.<\/p>\n<p><img loading=\"lazy\" decoding=\"async\" class=\"alignnone wp-image-187236 size-full\" src=\"https:\/\/media.acninternational.org\/wp-content\/uploads\/2023\/12\/2-2.jpg\" alt=\"souffrance en afrique centrale\" width=\"670\" height=\"400\" srcset=\"https:\/\/media.acninternational.org\/wp-content\/uploads\/2023\/12\/2-2.jpg 670w, https:\/\/media.acninternational.org\/wp-content\/uploads\/2023\/12\/2-2-300x179.jpg 300w\" sizes=\"auto, (max-width: 670px) 100vw, 670px\" \/><\/p>\n<h4><strong>Vous avez l&rsquo;air tr\u00e8s heureux de ce que vous avez v\u00e9cu pendant le synode\u2026<\/strong><\/h4>\n<p>J\u2019en sors enrichi. Et j\u2019ai l\u2019impression que c\u2019\u00e9tait une nouvelle Pentec\u00f4te pour l\u2019\u00c9glise. L\u2019Esprit Saint a fait son travail pour que mon langage soit un langage d\u2019amour compris par l\u2019autre. Oui, la mani\u00e8re de voir les choses, c\u2019est tr\u00e8s diff\u00e9rent dans les diff\u00e9rentes parties du monde. Mais le Christ Lui-m\u00eame a pri\u00e9\u00a0: \u00ab\u00a0Que tous soient un, comme toi, P\u00e8re, tu es en moi, et moi en toi\u00a0\u00bb (Jean 17, 21). Dieu ne veut pas l\u2019uniformit\u00e9, mais l\u2019unit\u00e9 dans la diversit\u00e9. Dans la musique, l\u2019harmonie vient de la diversit\u00e9. L\u2019Esprit Saint nous travaille pour que nous soyons en harmonie avec Lui. C\u2019est important que l\u2019esprit du monde ne nous \u00e9loigne pas de l\u2019\u00c9vangile. Notre r\u00e9f\u00e9rence n\u2019est pas le monde. Si on veut \u00eatre lumi\u00e8re, levain, il faut aller vers le Christ, vers Sa Parole. Les courants changent, mais le Christ reste le m\u00eame, Il est l\u2019Alpha et l\u2019Om\u00e9ga.<\/p>\n","protected":false},"excerpt":{"rendered":"<p>Le cardinal Dieudonn\u00e9 Nzapalainga d&rsquo;Afrique centrale parle de l&rsquo;attitude qu&rsquo;un chr\u00e9tien doit avoir face \u00e0 la souffrance.<\/p>\n","protected":false},"author":4258341447,"featured_media":187219,"comment_status":"closed","ping_status":"closed","sticky":false,"template":"","format":"standard","meta":{"_acf_changed":false,"_acn_coauthor_ids":[],"footnotes":""},"categories":[955],"tags":[],"country":[1329,318],"class_list":["post-187245","post","type-post","status-publish","format-standard","has-post-thumbnail","hentry","category-interview-2-fr","country-afrique-centrale","country-central-african-republic"],"acn_coauthors":[],"acf":[],"yoast_head":"<!-- This site is optimized with the Yoast SEO Premium plugin v27.3 (Yoast SEO v27.3) - https:\/\/yoast.com\/product\/yoast-seo-premium-wordpress\/ -->\n<title>Souffrance en Afrique Centrale | ACN International<\/title>\n<meta name=\"description\" content=\"Le cardinal Dieudonn\u00e9 Nzapalainga d&#039;Afrique centrale parle de l&#039;attitude qu&#039;un chr\u00e9tien doit avoir face \u00e0 la souffrance.\" \/>\n<meta name=\"robots\" content=\"index, follow, max-snippet:-1, max-image-preview:large, max-video-preview:-1\" \/>\n<link rel=\"canonical\" href=\"https:\/\/acninternational.org\/fr\/cardinal-nzapalainga-comme-chretien-je-dois-voir-les-choses-autrement\/\" \/>\n<meta property=\"og:locale\" content=\"fr_FR\" \/>\n<meta property=\"og:type\" content=\"article\" \/>\n<meta property=\"og:title\" content=\"Cardinal Nzapalainga : \u00ab Comme chr\u00e9tien, je dois voir les choses autrement \u00bb\" \/>\n<meta property=\"og:description\" content=\"Le cardinal Dieudonn\u00e9 Nzapalainga d&#039;Afrique centrale parle de l&#039;attitude qu&#039;un chr\u00e9tien doit avoir face \u00e0 la souffrance.\" \/>\n<meta property=\"og:url\" content=\"https:\/\/acninternational.org\/fr\/cardinal-nzapalainga-comme-chretien-je-dois-voir-les-choses-autrement\/\" \/>\n<meta property=\"og:site_name\" content=\"ACN International\" \/>\n<meta property=\"article:publisher\" content=\"https:\/\/www.facebook.com\/acninternationalorg\" \/>\n<meta property=\"article:published_time\" content=\"2023-12-08T14:23:19+00:00\" \/>\n<meta property=\"article:modified_time\" content=\"2023-12-08T14:51:21+00:00\" \/>\n<meta property=\"og:image\" content=\"https:\/\/media.acninternational.org\/wp-content\/uploads\/2023\/12\/heading_web-13-1-1.jpg\" \/>\n\t<meta property=\"og:image:width\" content=\"2000\" \/>\n\t<meta property=\"og:image:height\" content=\"625\" \/>\n\t<meta property=\"og:image:type\" content=\"image\/jpeg\" \/>\n<meta name=\"author\" content=\"ACN Press Team\" \/>\n<meta name=\"twitter:card\" content=\"summary_large_image\" \/>\n<meta name=\"twitter:creator\" content=\"@acn_int\" \/>\n<meta name=\"twitter:site\" content=\"@acn_int\" \/>\n<meta name=\"twitter:label1\" content=\"\u00c9crit par\" \/>\n\t<meta name=\"twitter:data1\" content=\"ACN Press Team\" \/>\n\t<meta name=\"twitter:label2\" content=\"Dur\u00e9e de lecture estim\u00e9e\" \/>\n\t<meta name=\"twitter:data2\" content=\"6 minutes\" \/>\n<script type=\"application\/ld+json\" class=\"yoast-schema-graph\">{\"@context\":\"https:\\\/\\\/schema.org\",\"@graph\":[{\"@type\":\"Article\",\"@id\":\"https:\\\/\\\/acninternational.org\\\/fr\\\/cardinal-nzapalainga-comme-chretien-je-dois-voir-les-choses-autrement\\\/#article\",\"isPartOf\":{\"@id\":\"https:\\\/\\\/acninternational.org\\\/fr\\\/cardinal-nzapalainga-comme-chretien-je-dois-voir-les-choses-autrement\\\/\"},\"author\":{\"name\":\"ACN Press Team\",\"@id\":\"https:\\\/\\\/acninternational.org\\\/fr\\\/#\\\/schema\\\/person\\\/7f3dafb236b242fb2aa46be1411fd703\"},\"headline\":\"Cardinal Nzapalainga : \u00ab Comme chr\u00e9tien, je dois voir les choses autrement \u00bb\",\"datePublished\":\"2023-12-08T14:23:19+00:00\",\"dateModified\":\"2023-12-08T14:51:21+00:00\",\"mainEntityOfPage\":{\"@id\":\"https:\\\/\\\/acninternational.org\\\/fr\\\/cardinal-nzapalainga-comme-chretien-je-dois-voir-les-choses-autrement\\\/\"},\"wordCount\":1194,\"publisher\":{\"@id\":\"https:\\\/\\\/acninternational.org\\\/fr\\\/#organization\"},\"image\":{\"@id\":\"https:\\\/\\\/acninternational.org\\\/fr\\\/cardinal-nzapalainga-comme-chretien-je-dois-voir-les-choses-autrement\\\/#primaryimage\"},\"thumbnailUrl\":\"https:\\\/\\\/media.acninternational.org\\\/wp-content\\\/uploads\\\/2023\\\/12\\\/heading_web-13-1-1.jpg\",\"articleSection\":[\"Interview\"],\"inLanguage\":\"fr-FR\"},{\"@type\":\"WebPage\",\"@id\":\"https:\\\/\\\/acninternational.org\\\/fr\\\/cardinal-nzapalainga-comme-chretien-je-dois-voir-les-choses-autrement\\\/\",\"url\":\"https:\\\/\\\/acninternational.org\\\/fr\\\/cardinal-nzapalainga-comme-chretien-je-dois-voir-les-choses-autrement\\\/\",\"name\":\"Souffrance en Afrique Centrale | ACN International\",\"isPartOf\":{\"@id\":\"https:\\\/\\\/acninternational.org\\\/fr\\\/#website\"},\"primaryImageOfPage\":{\"@id\":\"https:\\\/\\\/acninternational.org\\\/fr\\\/cardinal-nzapalainga-comme-chretien-je-dois-voir-les-choses-autrement\\\/#primaryimage\"},\"image\":{\"@id\":\"https:\\\/\\\/acninternational.org\\\/fr\\\/cardinal-nzapalainga-comme-chretien-je-dois-voir-les-choses-autrement\\\/#primaryimage\"},\"thumbnailUrl\":\"https:\\\/\\\/media.acninternational.org\\\/wp-content\\\/uploads\\\/2023\\\/12\\\/heading_web-13-1-1.jpg\",\"datePublished\":\"2023-12-08T14:23:19+00:00\",\"dateModified\":\"2023-12-08T14:51:21+00:00\",\"description\":\"Le cardinal Dieudonn\u00e9 Nzapalainga d'Afrique centrale parle de l'attitude qu'un chr\u00e9tien doit avoir face \u00e0 la souffrance.\",\"breadcrumb\":{\"@id\":\"https:\\\/\\\/acninternational.org\\\/fr\\\/cardinal-nzapalainga-comme-chretien-je-dois-voir-les-choses-autrement\\\/#breadcrumb\"},\"inLanguage\":\"fr-FR\",\"potentialAction\":[{\"@type\":\"ReadAction\",\"target\":[\"https:\\\/\\\/acninternational.org\\\/fr\\\/cardinal-nzapalainga-comme-chretien-je-dois-voir-les-choses-autrement\\\/\"]}]},{\"@type\":\"ImageObject\",\"inLanguage\":\"fr-FR\",\"@id\":\"https:\\\/\\\/acninternational.org\\\/fr\\\/cardinal-nzapalainga-comme-chretien-je-dois-voir-les-choses-autrement\\\/#primaryimage\",\"url\":\"https:\\\/\\\/media.acninternational.org\\\/wp-content\\\/uploads\\\/2023\\\/12\\\/heading_web-13-1-1.jpg\",\"contentUrl\":\"https:\\\/\\\/media.acninternational.org\\\/wp-content\\\/uploads\\\/2023\\\/12\\\/heading_web-13-1-1.jpg\",\"width\":2000,\"height\":625,\"caption\":\"souffrance en afrique centrale\"},{\"@type\":\"BreadcrumbList\",\"@id\":\"https:\\\/\\\/acninternational.org\\\/fr\\\/cardinal-nzapalainga-comme-chretien-je-dois-voir-les-choses-autrement\\\/#breadcrumb\",\"itemListElement\":[{\"@type\":\"ListItem\",\"position\":1,\"name\":\"Home\",\"item\":\"https:\\\/\\\/acninternational.org\\\/fr\\\/\"},{\"@type\":\"ListItem\",\"position\":2,\"name\":\"Interview\",\"item\":\"https:\\\/\\\/acninternational.org\\\/fr\\\/category\\\/interview-2-fr\\\/\"},{\"@type\":\"ListItem\",\"position\":3,\"name\":\"Cardinal Nzapalainga : \u00ab Comme chr\u00e9tien, je dois voir les choses autrement \u00bb\"}]},{\"@type\":\"WebSite\",\"@id\":\"https:\\\/\\\/acninternational.org\\\/fr\\\/#website\",\"url\":\"https:\\\/\\\/acninternational.org\\\/fr\\\/\",\"name\":\"ACN International\",\"description\":\"\",\"publisher\":{\"@id\":\"https:\\\/\\\/acninternational.org\\\/fr\\\/#organization\"},\"potentialAction\":[{\"@type\":\"SearchAction\",\"target\":{\"@type\":\"EntryPoint\",\"urlTemplate\":\"https:\\\/\\\/acninternational.org\\\/fr\\\/?s={search_term_string}\"},\"query-input\":{\"@type\":\"PropertyValueSpecification\",\"valueRequired\":true,\"valueName\":\"search_term_string\"}}],\"inLanguage\":\"fr-FR\"},{\"@type\":\"Organization\",\"@id\":\"https:\\\/\\\/acninternational.org\\\/fr\\\/#organization\",\"name\":\"Aid to the Church in Need International\",\"url\":\"https:\\\/\\\/acninternational.org\\\/fr\\\/\",\"logo\":{\"@type\":\"ImageObject\",\"inLanguage\":\"fr-FR\",\"@id\":\"https:\\\/\\\/acninternational.org\\\/fr\\\/#\\\/schema\\\/logo\\\/image\\\/\",\"url\":\"https:\\\/\\\/media.acninternational.org\\\/wp-content\\\/uploads\\\/2019\\\/11\\\/acn_logo_blackvector.svg\",\"contentUrl\":\"https:\\\/\\\/media.acninternational.org\\\/wp-content\\\/uploads\\\/2019\\\/11\\\/acn_logo_blackvector.svg\",\"width\":232.6,\"height\":78,\"caption\":\"Aid to the Church in Need International\"},\"image\":{\"@id\":\"https:\\\/\\\/acninternational.org\\\/fr\\\/#\\\/schema\\\/logo\\\/image\\\/\"},\"sameAs\":[\"https:\\\/\\\/www.facebook.com\\\/acninternationalorg\",\"https:\\\/\\\/x.com\\\/acn_int\",\"https:\\\/\\\/www.youtube.com\\\/channel\\\/UCQ-077gS0TnVzkhHmf1opZw\",\"https:\\\/\\\/www.instagram.com\\\/acn_international\\\/\"]},{\"@type\":\"Person\",\"@id\":\"https:\\\/\\\/acninternational.org\\\/fr\\\/#\\\/schema\\\/person\\\/7f3dafb236b242fb2aa46be1411fd703\",\"name\":\"ACN Press Team\",\"description\":\"Lorem ipsum dolor sit amet, consectetur adipiscing elit, sed do eiusmod tempor incididunt ut labore et dolore magna aliqua. Ut enim ad minim veniam, quis nostrud exercitation ullamco laboris nisi ut aliquip ex ea commodo consequat.\",\"url\":\"https:\\\/\\\/acninternational.org\\\/fr\\\/author\\\/acn-press-team\\\/\"}]}<\/script>\n<!-- \/ Yoast SEO Premium plugin. -->","yoast_head_json":{"title":"Souffrance en Afrique Centrale | ACN International","description":"Le cardinal Dieudonn\u00e9 Nzapalainga d'Afrique centrale parle de l'attitude qu'un chr\u00e9tien doit avoir face \u00e0 la souffrance.","robots":{"index":"index","follow":"follow","max-snippet":"max-snippet:-1","max-image-preview":"max-image-preview:large","max-video-preview":"max-video-preview:-1"},"canonical":"https:\/\/acninternational.org\/fr\/cardinal-nzapalainga-comme-chretien-je-dois-voir-les-choses-autrement\/","og_locale":"fr_FR","og_type":"article","og_title":"Cardinal Nzapalainga : \u00ab Comme chr\u00e9tien, je dois voir les choses autrement \u00bb","og_description":"Le cardinal Dieudonn\u00e9 Nzapalainga d'Afrique centrale parle de l'attitude qu'un chr\u00e9tien doit avoir face \u00e0 la souffrance.","og_url":"https:\/\/acninternational.org\/fr\/cardinal-nzapalainga-comme-chretien-je-dois-voir-les-choses-autrement\/","og_site_name":"ACN International","article_publisher":"https:\/\/www.facebook.com\/acninternationalorg","article_published_time":"2023-12-08T14:23:19+00:00","article_modified_time":"2023-12-08T14:51:21+00:00","og_image":[{"width":2000,"height":625,"url":"https:\/\/media.acninternational.org\/wp-content\/uploads\/2023\/12\/heading_web-13-1-1.jpg","type":"image\/jpeg"}],"author":"ACN Press Team","twitter_card":"summary_large_image","twitter_creator":"@acn_int","twitter_site":"@acn_int","twitter_misc":{"\u00c9crit par":"ACN Press Team","Dur\u00e9e de lecture estim\u00e9e":"6 minutes"},"schema":{"@context":"https:\/\/schema.org","@graph":[{"@type":"Article","@id":"https:\/\/acninternational.org\/fr\/cardinal-nzapalainga-comme-chretien-je-dois-voir-les-choses-autrement\/#article","isPartOf":{"@id":"https:\/\/acninternational.org\/fr\/cardinal-nzapalainga-comme-chretien-je-dois-voir-les-choses-autrement\/"},"author":{"name":"ACN Press Team","@id":"https:\/\/acninternational.org\/fr\/#\/schema\/person\/7f3dafb236b242fb2aa46be1411fd703"},"headline":"Cardinal Nzapalainga : \u00ab Comme chr\u00e9tien, je dois voir les choses autrement \u00bb","datePublished":"2023-12-08T14:23:19+00:00","dateModified":"2023-12-08T14:51:21+00:00","mainEntityOfPage":{"@id":"https:\/\/acninternational.org\/fr\/cardinal-nzapalainga-comme-chretien-je-dois-voir-les-choses-autrement\/"},"wordCount":1194,"publisher":{"@id":"https:\/\/acninternational.org\/fr\/#organization"},"image":{"@id":"https:\/\/acninternational.org\/fr\/cardinal-nzapalainga-comme-chretien-je-dois-voir-les-choses-autrement\/#primaryimage"},"thumbnailUrl":"https:\/\/media.acninternational.org\/wp-content\/uploads\/2023\/12\/heading_web-13-1-1.jpg","articleSection":["Interview"],"inLanguage":"fr-FR"},{"@type":"WebPage","@id":"https:\/\/acninternational.org\/fr\/cardinal-nzapalainga-comme-chretien-je-dois-voir-les-choses-autrement\/","url":"https:\/\/acninternational.org\/fr\/cardinal-nzapalainga-comme-chretien-je-dois-voir-les-choses-autrement\/","name":"Souffrance en Afrique Centrale | ACN International","isPartOf":{"@id":"https:\/\/acninternational.org\/fr\/#website"},"primaryImageOfPage":{"@id":"https:\/\/acninternational.org\/fr\/cardinal-nzapalainga-comme-chretien-je-dois-voir-les-choses-autrement\/#primaryimage"},"image":{"@id":"https:\/\/acninternational.org\/fr\/cardinal-nzapalainga-comme-chretien-je-dois-voir-les-choses-autrement\/#primaryimage"},"thumbnailUrl":"https:\/\/media.acninternational.org\/wp-content\/uploads\/2023\/12\/heading_web-13-1-1.jpg","datePublished":"2023-12-08T14:23:19+00:00","dateModified":"2023-12-08T14:51:21+00:00","description":"Le cardinal Dieudonn\u00e9 Nzapalainga d'Afrique centrale parle de l'attitude qu'un chr\u00e9tien doit avoir face \u00e0 la souffrance.","breadcrumb":{"@id":"https:\/\/acninternational.org\/fr\/cardinal-nzapalainga-comme-chretien-je-dois-voir-les-choses-autrement\/#breadcrumb"},"inLanguage":"fr-FR","potentialAction":[{"@type":"ReadAction","target":["https:\/\/acninternational.org\/fr\/cardinal-nzapalainga-comme-chretien-je-dois-voir-les-choses-autrement\/"]}]},{"@type":"ImageObject","inLanguage":"fr-FR","@id":"https:\/\/acninternational.org\/fr\/cardinal-nzapalainga-comme-chretien-je-dois-voir-les-choses-autrement\/#primaryimage","url":"https:\/\/media.acninternational.org\/wp-content\/uploads\/2023\/12\/heading_web-13-1-1.jpg","contentUrl":"https:\/\/media.acninternational.org\/wp-content\/uploads\/2023\/12\/heading_web-13-1-1.jpg","width":2000,"height":625,"caption":"souffrance en afrique centrale"},{"@type":"BreadcrumbList","@id":"https:\/\/acninternational.org\/fr\/cardinal-nzapalainga-comme-chretien-je-dois-voir-les-choses-autrement\/#breadcrumb","itemListElement":[{"@type":"ListItem","position":1,"name":"Home","item":"https:\/\/acninternational.org\/fr\/"},{"@type":"ListItem","position":2,"name":"Interview","item":"https:\/\/acninternational.org\/fr\/category\/interview-2-fr\/"},{"@type":"ListItem","position":3,"name":"Cardinal Nzapalainga : \u00ab Comme chr\u00e9tien, je dois voir les choses autrement \u00bb"}]},{"@type":"WebSite","@id":"https:\/\/acninternational.org\/fr\/#website","url":"https:\/\/acninternational.org\/fr\/","name":"ACN International","description":"","publisher":{"@id":"https:\/\/acninternational.org\/fr\/#organization"},"potentialAction":[{"@type":"SearchAction","target":{"@type":"EntryPoint","urlTemplate":"https:\/\/acninternational.org\/fr\/?s={search_term_string}"},"query-input":{"@type":"PropertyValueSpecification","valueRequired":true,"valueName":"search_term_string"}}],"inLanguage":"fr-FR"},{"@type":"Organization","@id":"https:\/\/acninternational.org\/fr\/#organization","name":"Aid to the Church in Need International","url":"https:\/\/acninternational.org\/fr\/","logo":{"@type":"ImageObject","inLanguage":"fr-FR","@id":"https:\/\/acninternational.org\/fr\/#\/schema\/logo\/image\/","url":"https:\/\/media.acninternational.org\/wp-content\/uploads\/2019\/11\/acn_logo_blackvector.svg","contentUrl":"https:\/\/media.acninternational.org\/wp-content\/uploads\/2019\/11\/acn_logo_blackvector.svg","width":232.6,"height":78,"caption":"Aid to the Church in Need International"},"image":{"@id":"https:\/\/acninternational.org\/fr\/#\/schema\/logo\/image\/"},"sameAs":["https:\/\/www.facebook.com\/acninternationalorg","https:\/\/x.com\/acn_int","https:\/\/www.youtube.com\/channel\/UCQ-077gS0TnVzkhHmf1opZw","https:\/\/www.instagram.com\/acn_international\/"]},{"@type":"Person","@id":"https:\/\/acninternational.org\/fr\/#\/schema\/person\/7f3dafb236b242fb2aa46be1411fd703","name":"ACN Press Team","description":"Lorem ipsum dolor sit amet, consectetur adipiscing elit, sed do eiusmod tempor incididunt ut labore et dolore magna aliqua. Ut enim ad minim veniam, quis nostrud exercitation ullamco laboris nisi ut aliquip ex ea commodo consequat.","url":"https:\/\/acninternational.org\/fr\/author\/acn-press-team\/"}]}},"_links":{"self":[{"href":"https:\/\/acninternational.org\/fr\/wp-json\/wp\/v2\/posts\/187245","targetHints":{"allow":["GET"]}}],"collection":[{"href":"https:\/\/acninternational.org\/fr\/wp-json\/wp\/v2\/posts"}],"about":[{"href":"https:\/\/acninternational.org\/fr\/wp-json\/wp\/v2\/types\/post"}],"author":[{"embeddable":true,"href":"https:\/\/acninternational.org\/fr\/wp-json\/wp\/v2\/users\/4258341447"}],"replies":[{"embeddable":true,"href":"https:\/\/acninternational.org\/fr\/wp-json\/wp\/v2\/comments?post=187245"}],"version-history":[{"count":0,"href":"https:\/\/acninternational.org\/fr\/wp-json\/wp\/v2\/posts\/187245\/revisions"}],"wp:featuredmedia":[{"embeddable":true,"href":"https:\/\/acninternational.org\/fr\/wp-json\/wp\/v2\/media\/187219"}],"wp:attachment":[{"href":"https:\/\/acninternational.org\/fr\/wp-json\/wp\/v2\/media?parent=187245"}],"wp:term":[{"taxonomy":"category","embeddable":true,"href":"https:\/\/acninternational.org\/fr\/wp-json\/wp\/v2\/categories?post=187245"},{"taxonomy":"post_tag","embeddable":true,"href":"https:\/\/acninternational.org\/fr\/wp-json\/wp\/v2\/tags?post=187245"},{"taxonomy":"country","embeddable":true,"href":"https:\/\/acninternational.org\/fr\/wp-json\/wp\/v2\/country?post=187245"}],"curies":[{"name":"wp","href":"https:\/\/api.w.org\/{rel}","templated":true}]}}