{"id":186859,"date":"2023-12-04T11:49:20","date_gmt":"2023-12-04T10:49:20","guid":{"rendered":"https:\/\/acninternational.org\/?p=186859"},"modified":"2023-12-04T11:49:29","modified_gmt":"2023-12-04T10:49:29","slug":"un-pretre-allemand-libere-apres-plus-dun-an-de-captivite-au-mali","status":"publish","type":"post","link":"https:\/\/acninternational.org\/fr\/un-pretre-allemand-libere-apres-plus-dun-an-de-captivite-au-mali\/","title":{"rendered":"Un pr\u00eatre allemand lib\u00e9r\u00e9 apr\u00e8s plus d&rsquo;un an de captivit\u00e9 au Mali"},"content":{"rendered":"<p><em>Le p\u00e8re Ha-Jo \u00e9tait conscient des risques s\u00e9curitaires qu&rsquo;il encourait en continuant \u00e0 travailler au Mali, mais il a persist\u00e9, pouss\u00e9 par le d\u00e9sir d&rsquo;am\u00e9liorer la situation du pays dans son ensemble et de rester avec sa petite communaut\u00e9 chr\u00e9tienne. <\/em><\/p>\n<p>Un pr\u00eatre allemand enlev\u00e9 au Mali il y a plus d&rsquo;un an a finalement \u00e9t\u00e9 lib\u00e9r\u00e9.<\/p>\n<figure id=\"attachment_186839\" aria-describedby=\"caption-attachment-186839\" style=\"width: 800px\" class=\"wp-caption aligncenter\"><img loading=\"lazy\" decoding=\"async\" class=\"wp-image-186839 size-large\" src=\"https:\/\/media.acninternational.org\/wp-content\/uploads\/2023\/12\/ACN-20221123-136653-1024x768.jpg\" alt=\"P\u00e8re Hans-Joachim Lohre M.Afr.\" width=\"800\" height=\"600\" srcset=\"https:\/\/media.acninternational.org\/wp-content\/uploads\/2023\/12\/ACN-20221123-136653-1024x768.jpg 1024w, https:\/\/media.acninternational.org\/wp-content\/uploads\/2023\/12\/ACN-20221123-136653-300x225.jpg 300w, https:\/\/media.acninternational.org\/wp-content\/uploads\/2023\/12\/ACN-20221123-136653-768x576.jpg 768w, https:\/\/media.acninternational.org\/wp-content\/uploads\/2023\/12\/ACN-20221123-136653.jpg 1080w\" sizes=\"auto, (max-width: 800px) 100vw, 800px\" \/><figcaption id=\"caption-attachment-186839\" class=\"wp-caption-text\">P\u00e8re Hans-Joachim Lohre M.Afr.<\/figcaption><\/figure>\n<p>Hans-Joachim Lohre, connu affectueusement sous le nom de P\u00e8re Ha-Jo, avait disparu \u00e0 Bamako, au Mali, le 20 novembre 2022. Il avait plus de 30 ans d&rsquo;exp\u00e9rience au Mali. Sa voiture avait \u00e9t\u00e9 retrouv\u00e9e abandonn\u00e9e, et la croix qu&rsquo;il portait habituellement avec lui s\u2019\u00e9tait trouv\u00e9e sur le sol.<\/p>\n<p>La nouvelle de sa lib\u00e9ration avait commenc\u00e9 \u00e0 circuler au d\u00e9but de la semaine, mais sa congr\u00e9gation, les Missionnaires d&rsquo;Afrique, n&rsquo;a pu confirmer officiellement sa lib\u00e9ration que le mercredi 29 novembre.<\/p>\n<p>\u00ab Aujourd\u2019hui, nous pouvons vous annoncer officiellement que le P\u00e8re Ha-Jo a \u00e9t\u00e9 effectivement lib\u00e9r\u00e9 le 26 novembre 2023, en la solennit\u00e9 du Christ Roi de l\u2019univers et jour anniversaire de la naissance au ciel de notre fondateur, le Cardinal Charles Lavigerie \u00bb, indique le communiqu\u00e9, ajoutant\u00a0: \u00ab C\u2019est une grande joie pour nous de le savoir enfin libre apr\u00e8s tant de mois.\u00a0\u00bb<\/p>\n<h4><strong>Partenaire de projet de ACN<\/strong><\/h4>\n<p>Le p\u00e8re Hans-Joachim est un partenaire de projet de Aid to the Church in Need (ACN) au Mali. La fondation pontificale <a href=\"https:\/\/acninternational.org\/fr\/pretre-enleve-au-mali\/\" target=\"_blank\" rel=\"noopener\">avait d\u00e9j\u00e0 exprim\u00e9e<\/a> son profond regret au moment de son enl\u00e8vement et se r\u00e9jouit aujourd&rsquo;hui de sa lib\u00e9ration.<\/p>\n<p>\u00ab\u00a0Nous sommes tr\u00e8s soulag\u00e9s et tr\u00e8s heureux d&rsquo;apprendre que le p\u00e8re Ha-Jo a \u00e9t\u00e9 lib\u00e9r\u00e9 apr\u00e8s ce qui a d\u00fb \u00eatre une \u00e9norme \u00e9preuve. Au fil des ann\u00e9es, nous avons travaill\u00e9 en \u00e9troite collaboration et ACN a pu constater de visu qu&rsquo;il avait toujours \u00e0 c\u0153ur les int\u00e9r\u00eats du peuple malien, quelle que soit la religion. En fait, il \u00e9tait profond\u00e9ment engag\u00e9 dans le dialogue interreligieux dans ce pays majoritairement musulman, qu&rsquo;il consid\u00e9rait comme la cl\u00e9 de la paix et du d\u00e9veloppement\u00a0\u00bb, a d\u00e9clar\u00e9 Regina Lynch, pr\u00e9sidente ex\u00e9cutive de ACN International.<\/p>\n<p>\u00ab\u00a0Malgr\u00e9 notre joie actuelle, nous devons toutefois nous rappeler qu&rsquo;il y a beaucoup d&rsquo;autres hommes et femmes qui restent d\u00e9tenus ou sont pers\u00e9cut\u00e9s pour leurs croyances dans le monde entier, mais en particulier au Mali, au Niger, au Nigeria et au Burkina Faso, et nos pri\u00e8res et nos pens\u00e9es les accompagnent \u00e9galement en ce moment.\u00a0\u00bb<\/p>\n<figure id=\"attachment_186845\" aria-describedby=\"caption-attachment-186845\" style=\"width: 800px\" class=\"wp-caption aligncenter\"><img loading=\"lazy\" decoding=\"async\" class=\"wp-image-186845 size-large\" src=\"https:\/\/media.acninternational.org\/wp-content\/uploads\/2023\/12\/ACN-20201207-107946-1024x768.jpg\" alt=\"Pr\u00eatre avec les \u00e9tudiants\" width=\"800\" height=\"600\" srcset=\"https:\/\/media.acninternational.org\/wp-content\/uploads\/2023\/12\/ACN-20201207-107946-1024x768.jpg 1024w, https:\/\/media.acninternational.org\/wp-content\/uploads\/2023\/12\/ACN-20201207-107946-300x225.jpg 300w, https:\/\/media.acninternational.org\/wp-content\/uploads\/2023\/12\/ACN-20201207-107946-768x576.jpg 768w, https:\/\/media.acninternational.org\/wp-content\/uploads\/2023\/12\/ACN-20201207-107946.jpg 1080w\" sizes=\"auto, (max-width: 800px) 100vw, 800px\" \/><figcaption id=\"caption-attachment-186845\" class=\"wp-caption-text\">Pr\u00eatre avec les \u00e9tudiants<\/figcaption><\/figure>\n<p>\u00ab\u00a0Nous continuons \u00e0 accompagner, avec beaucoup d&rsquo;angoisse, la situation des chr\u00e9tiens en particulier dans la r\u00e9gion du Sahel, o\u00f9 chaque jour des chr\u00e9tiens sont expuls\u00e9s de leurs villages, meurent de faim sous la pression de groupes terroristes ou sont simplement massacr\u00e9s parce qu&rsquo;ils veulent continuer \u00e0 porter une croix ou prier. Rien qu&rsquo;au Burkina Faso et au Niger, selon les \u00e9v\u00eaques locaux, plus de 100 causes de b\u00e9atification sont en cours en raison de cette nouvelle vague de pers\u00e9cution, dont le monde occidental ne parle pas\u00a0\u00bb, ajoute Regina Lynch.<\/p>\n<h4><strong>Une \u00ab\u00a0cible facile\u00a0\u00bb<\/strong><\/h4>\n<p>Le communiqu\u00e9 des Missionnaires d&rsquo;Afrique &#8211; Province d&rsquo;Afrique de l&rsquo;Ouest, remercie \u00e9galement tous ceux qui ont contribu\u00e9 \u00e0 la lib\u00e9ration du p\u00e8re Hans-Joachim, y compris les autorit\u00e9s maliennes et allemandes, et note que l&rsquo;Eglise locale au Mali a \u00e9galement exprim\u00e9 sa joie.<\/p>\n<p>\u00ab\u00a0Le P\u00e8re Ha-Jo s\u2019est rendu d\u2019abord directement dans son pays, l\u2019Allemagne, pour y retrouver les siens et recevoir les soins n\u00e9cessaires. Apr\u00e8s tous ces mois de captivit\u00e9, sa sant\u00e9 a sans doute \u00e9t\u00e9 \u00e9branl\u00e9e\u00a0\u00bb, d\u00e9clare l\u2019ordre religieux. \u00ab\u00a0Souhaitons qu\u2019il se remette vite en forme et qu\u2019il n\u2019ait pas trop de s\u00e9quelles de ce traumatisme.\u00a0\u00bb<\/p>\n<p>L&rsquo;activit\u00e9 djihadiste a augment\u00e9 en Afrique au cours des derni\u00e8res ann\u00e9es, <a href=\"https:\/\/acninternational.org\/fr\/pretre-enleve-au-mali\/\" target=\"_blank\" rel=\"noopener\">comme l&rsquo;a not\u00e9 le p\u00e8re Ha-Jo<\/a> lui-m\u00eame lors d&rsquo;une visite en Suisse, \u00e0 l&rsquo;invitation de ACN, en 2022. \u00ab\u00a0Les djihadistes viennent en groupes, \u00e0 moto, et les communaut\u00e9s locales doivent passer des accords avec eux. Il leur est interdit de faire sonner les cloches des \u00e9glises et de boire de l&rsquo;alcool, et les femmes sont oblig\u00e9es de porter le voile.\u00a0\u00bb<\/p>\n<p>Le missionnaire \u00e9tait bien conscient du danger qu&rsquo;il courait chaque jour dans son travail. \u00ab\u00a0Vous ne savez pas quand, ni o\u00f9 cela peut arriver. En tant qu&rsquo;Europ\u00e9ens blancs, nous sommes des cibles faciles, et on nous a dit que les djihadistes nous observaient.\u00a0\u00bb Mais dans plusieurs entretiens avec ACN, il a \u00e9galement expliqu\u00e9 pourquoi le danger imminent ne l&#8217;emp\u00eachait pas de rester dans le pays. \u00ab\u00a0La question qui nous est pos\u00e9e dans l&rsquo;\u00c9vangile, \u2018que dites-vous qui suis-je ?\u2019, c\u2019est cela, le sens de notre vie, et nous voyons que ce qui est important, ce n&rsquo;est pas combien de temps nous vivons, ni le peu ou l&rsquo;ampleur de ce que nous accomplissons, mais plut\u00f4t si ce que nous faisons a un sens et peut rendre le monde meilleur.\u00a0\u00bb<\/p>\n<figure id=\"attachment_186851\" aria-describedby=\"caption-attachment-186851\" style=\"width: 800px\" class=\"wp-caption aligncenter\"><img loading=\"lazy\" decoding=\"async\" class=\"wp-image-186851 size-large\" src=\"https:\/\/media.acninternational.org\/wp-content\/uploads\/2023\/12\/ACN-20230825-151827-1024x683.jpg\" alt=\"Regina Lynch (Pr\u00e9sidente ex\u00e9cutive d'ACN International)\" width=\"800\" height=\"534\" srcset=\"https:\/\/media.acninternational.org\/wp-content\/uploads\/2023\/12\/ACN-20230825-151827-1024x683.jpg 1024w, https:\/\/media.acninternational.org\/wp-content\/uploads\/2023\/12\/ACN-20230825-151827-300x200.jpg 300w, https:\/\/media.acninternational.org\/wp-content\/uploads\/2023\/12\/ACN-20230825-151827-768x512.jpg 768w, https:\/\/media.acninternational.org\/wp-content\/uploads\/2023\/12\/ACN-20230825-151827.jpg 1080w\" sizes=\"auto, (max-width: 800px) 100vw, 800px\" \/><figcaption id=\"caption-attachment-186851\" class=\"wp-caption-text\">Regina Lynch (Pr\u00e9sidente ex\u00e9cutive d&rsquo;ACN International)<\/figcaption><\/figure>\n<p>Regina Lynch esp\u00e8re que le p\u00e8re Hans-Joachim se r\u00e9tablira rapidement et qu&rsquo;il pourra poursuivre son travail dans un avenir proche. \u00ab\u00a0Nous souhaitons au p\u00e8re Ha-Jo un prompt r\u00e9tablissement et esp\u00e9rons de tout c\u0153ur pouvoir continuer \u00e0 travailler avec lui, que ce soit au Mali ou ailleurs, d\u00e8s qu&rsquo;il sera en \u00e9tat de reprendre sa mission.\u00a0\u00bb<\/p>\n","protected":false},"excerpt":{"rendered":"<p>Le p\u00e8re Ha-Jo \u00e9tait conscient des risques s\u00e9curitaires qu&rsquo;il encourait en continuant \u00e0 travailler au Mali, mais il a persist\u00e9,<\/p>\n","protected":false},"author":4258341447,"featured_media":186833,"comment_status":"closed","ping_status":"closed","sticky":false,"template":"","format":"standard","meta":{"_acf_changed":false,"_acn_coauthor_ids":[],"_acn_featured_article":false,"footnotes":""},"categories":[919],"tags":[],"country":[344],"class_list":["post-186859","post","type-post","status-publish","format-standard","has-post-thumbnail","hentry","category-nouvelle","country-mali"],"acn_coauthors":[],"acf":[],"yoast_head":"<!-- This site is optimized with the Yoast SEO Premium plugin v27.5 (Yoast SEO v27.5) - https:\/\/yoast.com\/product\/yoast-seo-premium-wordpress\/ -->\n<title>Un pr\u00eatre allemand lib\u00e9r\u00e9 apr\u00e8s plus d&#039;un an de captivit\u00e9 au Mali | ACN International<\/title>\n<meta name=\"robots\" content=\"index, follow, max-snippet:-1, max-image-preview:large, max-video-preview:-1\" \/>\n<link rel=\"canonical\" href=\"https:\/\/acninternational.org\/fr\/un-pretre-allemand-libere-apres-plus-dun-an-de-captivite-au-mali\/\" \/>\n<meta property=\"og:locale\" content=\"fr_FR\" \/>\n<meta property=\"og:type\" content=\"article\" \/>\n<meta property=\"og:title\" content=\"Un pr\u00eatre allemand lib\u00e9r\u00e9 apr\u00e8s plus d&#039;un an de captivit\u00e9 au Mali\" \/>\n<meta property=\"og:description\" content=\"Le p\u00e8re Ha-Jo \u00e9tait conscient des risques s\u00e9curitaires qu&#039;il encourait en continuant \u00e0 travailler au Mali, mais il a persist\u00e9,\" \/>\n<meta property=\"og:url\" content=\"https:\/\/acninternational.org\/fr\/un-pretre-allemand-libere-apres-plus-dun-an-de-captivite-au-mali\/\" \/>\n<meta property=\"og:site_name\" content=\"ACN International\" \/>\n<meta property=\"article:publisher\" content=\"https:\/\/www.facebook.com\/acninternationalorg\" \/>\n<meta property=\"article:published_time\" content=\"2023-12-04T10:49:20+00:00\" \/>\n<meta property=\"article:modified_time\" content=\"2023-12-04T10:49:29+00:00\" \/>\n<meta property=\"og:image\" content=\"https:\/\/media.acninternational.org\/wp-content\/uploads\/2023\/12\/ACN-20210708-114720.jpg\" \/>\n\t<meta property=\"og:image:width\" content=\"1920\" \/>\n\t<meta property=\"og:image:height\" content=\"700\" \/>\n\t<meta property=\"og:image:type\" content=\"image\/jpeg\" \/>\n<meta name=\"author\" content=\"ACN Press Team\" \/>\n<meta name=\"twitter:card\" content=\"summary_large_image\" \/>\n<meta name=\"twitter:creator\" content=\"@acn_int\" \/>\n<meta name=\"twitter:site\" content=\"@acn_int\" \/>\n<meta name=\"twitter:label1\" content=\"\u00c9crit par\" \/>\n\t<meta name=\"twitter:data1\" content=\"ACN Press Team\" \/>\n\t<meta name=\"twitter:label2\" content=\"Dur\u00e9e de lecture estim\u00e9e\" \/>\n\t<meta name=\"twitter:data2\" content=\"5 minutes\" \/>\n<script type=\"application\/ld+json\" class=\"yoast-schema-graph\">{\"@context\":\"https:\\\/\\\/schema.org\",\"@graph\":[{\"@type\":\"Article\",\"@id\":\"https:\\\/\\\/acninternational.org\\\/fr\\\/un-pretre-allemand-libere-apres-plus-dun-an-de-captivite-au-mali\\\/#article\",\"isPartOf\":{\"@id\":\"https:\\\/\\\/acninternational.org\\\/fr\\\/un-pretre-allemand-libere-apres-plus-dun-an-de-captivite-au-mali\\\/\"},\"author\":{\"name\":\"ACN Press Team\",\"@id\":\"https:\\\/\\\/acninternational.org\\\/fr\\\/#\\\/schema\\\/person\\\/7f3dafb236b242fb2aa46be1411fd703\"},\"headline\":\"Un pr\u00eatre allemand lib\u00e9r\u00e9 apr\u00e8s plus d&rsquo;un an de captivit\u00e9 au Mali\",\"datePublished\":\"2023-12-04T10:49:20+00:00\",\"dateModified\":\"2023-12-04T10:49:29+00:00\",\"mainEntityOfPage\":{\"@id\":\"https:\\\/\\\/acninternational.org\\\/fr\\\/un-pretre-allemand-libere-apres-plus-dun-an-de-captivite-au-mali\\\/\"},\"wordCount\":990,\"publisher\":{\"@id\":\"https:\\\/\\\/acninternational.org\\\/fr\\\/#organization\"},\"image\":{\"@id\":\"https:\\\/\\\/acninternational.org\\\/fr\\\/un-pretre-allemand-libere-apres-plus-dun-an-de-captivite-au-mali\\\/#primaryimage\"},\"thumbnailUrl\":\"https:\\\/\\\/media.acninternational.org\\\/wp-content\\\/uploads\\\/2023\\\/12\\\/ACN-20210708-114720.jpg\",\"articleSection\":[\"Nouvelle\"],\"inLanguage\":\"fr-FR\"},{\"@type\":\"WebPage\",\"@id\":\"https:\\\/\\\/acninternational.org\\\/fr\\\/un-pretre-allemand-libere-apres-plus-dun-an-de-captivite-au-mali\\\/\",\"url\":\"https:\\\/\\\/acninternational.org\\\/fr\\\/un-pretre-allemand-libere-apres-plus-dun-an-de-captivite-au-mali\\\/\",\"name\":\"Un pr\u00eatre allemand lib\u00e9r\u00e9 apr\u00e8s plus d'un an de captivit\u00e9 au Mali | ACN International\",\"isPartOf\":{\"@id\":\"https:\\\/\\\/acninternational.org\\\/fr\\\/#website\"},\"primaryImageOfPage\":{\"@id\":\"https:\\\/\\\/acninternational.org\\\/fr\\\/un-pretre-allemand-libere-apres-plus-dun-an-de-captivite-au-mali\\\/#primaryimage\"},\"image\":{\"@id\":\"https:\\\/\\\/acninternational.org\\\/fr\\\/un-pretre-allemand-libere-apres-plus-dun-an-de-captivite-au-mali\\\/#primaryimage\"},\"thumbnailUrl\":\"https:\\\/\\\/media.acninternational.org\\\/wp-content\\\/uploads\\\/2023\\\/12\\\/ACN-20210708-114720.jpg\",\"datePublished\":\"2023-12-04T10:49:20+00:00\",\"dateModified\":\"2023-12-04T10:49:29+00:00\",\"breadcrumb\":{\"@id\":\"https:\\\/\\\/acninternational.org\\\/fr\\\/un-pretre-allemand-libere-apres-plus-dun-an-de-captivite-au-mali\\\/#breadcrumb\"},\"inLanguage\":\"fr-FR\",\"potentialAction\":[{\"@type\":\"ReadAction\",\"target\":[\"https:\\\/\\\/acninternational.org\\\/fr\\\/un-pretre-allemand-libere-apres-plus-dun-an-de-captivite-au-mali\\\/\"]}]},{\"@type\":\"ImageObject\",\"inLanguage\":\"fr-FR\",\"@id\":\"https:\\\/\\\/acninternational.org\\\/fr\\\/un-pretre-allemand-libere-apres-plus-dun-an-de-captivite-au-mali\\\/#primaryimage\",\"url\":\"https:\\\/\\\/media.acninternational.org\\\/wp-content\\\/uploads\\\/2023\\\/12\\\/ACN-20210708-114720.jpg\",\"contentUrl\":\"https:\\\/\\\/media.acninternational.org\\\/wp-content\\\/uploads\\\/2023\\\/12\\\/ACN-20210708-114720.jpg\",\"width\":1920,\"height\":700},{\"@type\":\"BreadcrumbList\",\"@id\":\"https:\\\/\\\/acninternational.org\\\/fr\\\/un-pretre-allemand-libere-apres-plus-dun-an-de-captivite-au-mali\\\/#breadcrumb\",\"itemListElement\":[{\"@type\":\"ListItem\",\"position\":1,\"name\":\"Home\",\"item\":\"https:\\\/\\\/acninternational.org\\\/fr\\\/\"},{\"@type\":\"ListItem\",\"position\":2,\"name\":\"Nouvelles\",\"item\":\"https:\\\/\\\/acninternational.org\\\/fr\\\/category\\\/news-fr\\\/\"},{\"@type\":\"ListItem\",\"position\":3,\"name\":\"Un pr\u00eatre allemand lib\u00e9r\u00e9 apr\u00e8s plus d&rsquo;un an de captivit\u00e9 au Mali\"}]},{\"@type\":\"WebSite\",\"@id\":\"https:\\\/\\\/acninternational.org\\\/fr\\\/#website\",\"url\":\"https:\\\/\\\/acninternational.org\\\/fr\\\/\",\"name\":\"ACN International\",\"description\":\"\",\"publisher\":{\"@id\":\"https:\\\/\\\/acninternational.org\\\/fr\\\/#organization\"},\"potentialAction\":[{\"@type\":\"SearchAction\",\"target\":{\"@type\":\"EntryPoint\",\"urlTemplate\":\"https:\\\/\\\/acninternational.org\\\/fr\\\/?s={search_term_string}\"},\"query-input\":{\"@type\":\"PropertyValueSpecification\",\"valueRequired\":true,\"valueName\":\"search_term_string\"}}],\"inLanguage\":\"fr-FR\"},{\"@type\":\"Organization\",\"@id\":\"https:\\\/\\\/acninternational.org\\\/fr\\\/#organization\",\"name\":\"Aid to the Church in Need International\",\"url\":\"https:\\\/\\\/acninternational.org\\\/fr\\\/\",\"logo\":{\"@type\":\"ImageObject\",\"inLanguage\":\"fr-FR\",\"@id\":\"https:\\\/\\\/acninternational.org\\\/fr\\\/#\\\/schema\\\/logo\\\/image\\\/\",\"url\":\"https:\\\/\\\/media.acninternational.org\\\/wp-content\\\/uploads\\\/2019\\\/11\\\/acn_logo_blackvector.svg\",\"contentUrl\":\"https:\\\/\\\/media.acninternational.org\\\/wp-content\\\/uploads\\\/2019\\\/11\\\/acn_logo_blackvector.svg\",\"width\":232.6,\"height\":78,\"caption\":\"Aid to the Church in Need International\"},\"image\":{\"@id\":\"https:\\\/\\\/acninternational.org\\\/fr\\\/#\\\/schema\\\/logo\\\/image\\\/\"},\"sameAs\":[\"https:\\\/\\\/www.facebook.com\\\/acninternationalorg\",\"https:\\\/\\\/x.com\\\/acn_int\",\"https:\\\/\\\/www.youtube.com\\\/channel\\\/UCQ-077gS0TnVzkhHmf1opZw\",\"https:\\\/\\\/www.instagram.com\\\/acn_international\\\/\"]},{\"@type\":\"Person\",\"@id\":\"https:\\\/\\\/acninternational.org\\\/fr\\\/#\\\/schema\\\/person\\\/7f3dafb236b242fb2aa46be1411fd703\",\"name\":\"ACN Press Team\",\"description\":\"Lorem ipsum dolor sit amet, consectetur adipiscing elit, sed do eiusmod tempor incididunt ut labore et dolore magna aliqua. Ut enim ad minim veniam, quis nostrud exercitation ullamco laboris nisi ut aliquip ex ea commodo consequat.\",\"url\":\"https:\\\/\\\/acninternational.org\\\/fr\\\/author\\\/acn-press-team\\\/\"}]}<\/script>\n<!-- \/ Yoast SEO Premium plugin. -->","yoast_head_json":{"title":"Un pr\u00eatre allemand lib\u00e9r\u00e9 apr\u00e8s plus d'un an de captivit\u00e9 au Mali | ACN International","robots":{"index":"index","follow":"follow","max-snippet":"max-snippet:-1","max-image-preview":"max-image-preview:large","max-video-preview":"max-video-preview:-1"},"canonical":"https:\/\/acninternational.org\/fr\/un-pretre-allemand-libere-apres-plus-dun-an-de-captivite-au-mali\/","og_locale":"fr_FR","og_type":"article","og_title":"Un pr\u00eatre allemand lib\u00e9r\u00e9 apr\u00e8s plus d'un an de captivit\u00e9 au Mali","og_description":"Le p\u00e8re Ha-Jo \u00e9tait conscient des risques s\u00e9curitaires qu'il encourait en continuant \u00e0 travailler au Mali, mais il a persist\u00e9,","og_url":"https:\/\/acninternational.org\/fr\/un-pretre-allemand-libere-apres-plus-dun-an-de-captivite-au-mali\/","og_site_name":"ACN International","article_publisher":"https:\/\/www.facebook.com\/acninternationalorg","article_published_time":"2023-12-04T10:49:20+00:00","article_modified_time":"2023-12-04T10:49:29+00:00","og_image":[{"width":1920,"height":700,"url":"https:\/\/media.acninternational.org\/wp-content\/uploads\/2023\/12\/ACN-20210708-114720.jpg","type":"image\/jpeg"}],"author":"ACN Press Team","twitter_card":"summary_large_image","twitter_creator":"@acn_int","twitter_site":"@acn_int","twitter_misc":{"\u00c9crit par":"ACN Press Team","Dur\u00e9e de lecture estim\u00e9e":"5 minutes"},"schema":{"@context":"https:\/\/schema.org","@graph":[{"@type":"Article","@id":"https:\/\/acninternational.org\/fr\/un-pretre-allemand-libere-apres-plus-dun-an-de-captivite-au-mali\/#article","isPartOf":{"@id":"https:\/\/acninternational.org\/fr\/un-pretre-allemand-libere-apres-plus-dun-an-de-captivite-au-mali\/"},"author":{"name":"ACN Press Team","@id":"https:\/\/acninternational.org\/fr\/#\/schema\/person\/7f3dafb236b242fb2aa46be1411fd703"},"headline":"Un pr\u00eatre allemand lib\u00e9r\u00e9 apr\u00e8s plus d&rsquo;un an de captivit\u00e9 au Mali","datePublished":"2023-12-04T10:49:20+00:00","dateModified":"2023-12-04T10:49:29+00:00","mainEntityOfPage":{"@id":"https:\/\/acninternational.org\/fr\/un-pretre-allemand-libere-apres-plus-dun-an-de-captivite-au-mali\/"},"wordCount":990,"publisher":{"@id":"https:\/\/acninternational.org\/fr\/#organization"},"image":{"@id":"https:\/\/acninternational.org\/fr\/un-pretre-allemand-libere-apres-plus-dun-an-de-captivite-au-mali\/#primaryimage"},"thumbnailUrl":"https:\/\/media.acninternational.org\/wp-content\/uploads\/2023\/12\/ACN-20210708-114720.jpg","articleSection":["Nouvelle"],"inLanguage":"fr-FR"},{"@type":"WebPage","@id":"https:\/\/acninternational.org\/fr\/un-pretre-allemand-libere-apres-plus-dun-an-de-captivite-au-mali\/","url":"https:\/\/acninternational.org\/fr\/un-pretre-allemand-libere-apres-plus-dun-an-de-captivite-au-mali\/","name":"Un pr\u00eatre allemand lib\u00e9r\u00e9 apr\u00e8s plus d'un an de captivit\u00e9 au Mali | ACN International","isPartOf":{"@id":"https:\/\/acninternational.org\/fr\/#website"},"primaryImageOfPage":{"@id":"https:\/\/acninternational.org\/fr\/un-pretre-allemand-libere-apres-plus-dun-an-de-captivite-au-mali\/#primaryimage"},"image":{"@id":"https:\/\/acninternational.org\/fr\/un-pretre-allemand-libere-apres-plus-dun-an-de-captivite-au-mali\/#primaryimage"},"thumbnailUrl":"https:\/\/media.acninternational.org\/wp-content\/uploads\/2023\/12\/ACN-20210708-114720.jpg","datePublished":"2023-12-04T10:49:20+00:00","dateModified":"2023-12-04T10:49:29+00:00","breadcrumb":{"@id":"https:\/\/acninternational.org\/fr\/un-pretre-allemand-libere-apres-plus-dun-an-de-captivite-au-mali\/#breadcrumb"},"inLanguage":"fr-FR","potentialAction":[{"@type":"ReadAction","target":["https:\/\/acninternational.org\/fr\/un-pretre-allemand-libere-apres-plus-dun-an-de-captivite-au-mali\/"]}]},{"@type":"ImageObject","inLanguage":"fr-FR","@id":"https:\/\/acninternational.org\/fr\/un-pretre-allemand-libere-apres-plus-dun-an-de-captivite-au-mali\/#primaryimage","url":"https:\/\/media.acninternational.org\/wp-content\/uploads\/2023\/12\/ACN-20210708-114720.jpg","contentUrl":"https:\/\/media.acninternational.org\/wp-content\/uploads\/2023\/12\/ACN-20210708-114720.jpg","width":1920,"height":700},{"@type":"BreadcrumbList","@id":"https:\/\/acninternational.org\/fr\/un-pretre-allemand-libere-apres-plus-dun-an-de-captivite-au-mali\/#breadcrumb","itemListElement":[{"@type":"ListItem","position":1,"name":"Home","item":"https:\/\/acninternational.org\/fr\/"},{"@type":"ListItem","position":2,"name":"Nouvelles","item":"https:\/\/acninternational.org\/fr\/category\/news-fr\/"},{"@type":"ListItem","position":3,"name":"Un pr\u00eatre allemand lib\u00e9r\u00e9 apr\u00e8s plus d&rsquo;un an de captivit\u00e9 au Mali"}]},{"@type":"WebSite","@id":"https:\/\/acninternational.org\/fr\/#website","url":"https:\/\/acninternational.org\/fr\/","name":"ACN International","description":"","publisher":{"@id":"https:\/\/acninternational.org\/fr\/#organization"},"potentialAction":[{"@type":"SearchAction","target":{"@type":"EntryPoint","urlTemplate":"https:\/\/acninternational.org\/fr\/?s={search_term_string}"},"query-input":{"@type":"PropertyValueSpecification","valueRequired":true,"valueName":"search_term_string"}}],"inLanguage":"fr-FR"},{"@type":"Organization","@id":"https:\/\/acninternational.org\/fr\/#organization","name":"Aid to the Church in Need International","url":"https:\/\/acninternational.org\/fr\/","logo":{"@type":"ImageObject","inLanguage":"fr-FR","@id":"https:\/\/acninternational.org\/fr\/#\/schema\/logo\/image\/","url":"https:\/\/media.acninternational.org\/wp-content\/uploads\/2019\/11\/acn_logo_blackvector.svg","contentUrl":"https:\/\/media.acninternational.org\/wp-content\/uploads\/2019\/11\/acn_logo_blackvector.svg","width":232.6,"height":78,"caption":"Aid to the Church in Need International"},"image":{"@id":"https:\/\/acninternational.org\/fr\/#\/schema\/logo\/image\/"},"sameAs":["https:\/\/www.facebook.com\/acninternationalorg","https:\/\/x.com\/acn_int","https:\/\/www.youtube.com\/channel\/UCQ-077gS0TnVzkhHmf1opZw","https:\/\/www.instagram.com\/acn_international\/"]},{"@type":"Person","@id":"https:\/\/acninternational.org\/fr\/#\/schema\/person\/7f3dafb236b242fb2aa46be1411fd703","name":"ACN Press Team","description":"Lorem ipsum dolor sit amet, consectetur adipiscing elit, sed do eiusmod tempor incididunt ut labore et dolore magna aliqua. Ut enim ad minim veniam, quis nostrud exercitation ullamco laboris nisi ut aliquip ex ea commodo consequat.","url":"https:\/\/acninternational.org\/fr\/author\/acn-press-team\/"}]}},"_links":{"self":[{"href":"https:\/\/acninternational.org\/fr\/wp-json\/wp\/v2\/posts\/186859","targetHints":{"allow":["GET"]}}],"collection":[{"href":"https:\/\/acninternational.org\/fr\/wp-json\/wp\/v2\/posts"}],"about":[{"href":"https:\/\/acninternational.org\/fr\/wp-json\/wp\/v2\/types\/post"}],"author":[{"embeddable":true,"href":"https:\/\/acninternational.org\/fr\/wp-json\/wp\/v2\/users\/4258341447"}],"replies":[{"embeddable":true,"href":"https:\/\/acninternational.org\/fr\/wp-json\/wp\/v2\/comments?post=186859"}],"version-history":[{"count":0,"href":"https:\/\/acninternational.org\/fr\/wp-json\/wp\/v2\/posts\/186859\/revisions"}],"wp:featuredmedia":[{"embeddable":true,"href":"https:\/\/acninternational.org\/fr\/wp-json\/wp\/v2\/media\/186833"}],"wp:attachment":[{"href":"https:\/\/acninternational.org\/fr\/wp-json\/wp\/v2\/media?parent=186859"}],"wp:term":[{"taxonomy":"category","embeddable":true,"href":"https:\/\/acninternational.org\/fr\/wp-json\/wp\/v2\/categories?post=186859"},{"taxonomy":"post_tag","embeddable":true,"href":"https:\/\/acninternational.org\/fr\/wp-json\/wp\/v2\/tags?post=186859"},{"taxonomy":"country","embeddable":true,"href":"https:\/\/acninternational.org\/fr\/wp-json\/wp\/v2\/country?post=186859"}],"curies":[{"name":"wp","href":"https:\/\/api.w.org\/{rel}","templated":true}]}}