{"id":186545,"date":"2023-11-20T11:46:11","date_gmt":"2023-11-20T10:46:11","guid":{"rendered":"https:\/\/acninternational.org\/?p=186545"},"modified":"2025-02-26T10:54:17","modified_gmt":"2025-02-26T09:54:17","slug":"cardinal-de-la-centrafrique-si-les-hommes-vous-ont-oublies-dieu-ne-vous-a-pas-oublie","status":"publish","type":"post","link":"https:\/\/acninternational.org\/fr\/cardinal-de-la-centrafrique-si-les-hommes-vous-ont-oublies-dieu-ne-vous-a-pas-oublie\/","title":{"rendered":"Cardinal de la Centrafrique : \u00ab Si les hommes vous ont oubli\u00e9s, Dieu ne vous a pas oubli\u00e9 ! \u00bb"},"content":{"rendered":"<p><em><a href=\"https:\/\/press.vatican.va\/content\/salastampa\/en\/documentation\/cardinali_biografie\/cardinali_bio_nzapalainga_d.html\" target=\"_blank\" rel=\"noopener\">Le cardinal Dieudonn\u00e9 Nzapalainga<\/a> parcourt son pays marqu\u00e9 par la guerre civile, dont une partie de la jeunesse peine \u00e0 l\u00e2cher les armes pour reprendre le chemin de l\u2019\u00e9cole. Voyageant jusqu\u2019aux \u00ab\u00a0p\u00e9riph\u00e9ries\u00a0\u00bb ch\u00e8res au pape Fran\u00e7ois, il prend le pouls d\u2019une population abandonn\u00e9e. Pendant sa visite au si\u00e8ge international de la fondation Aid to the Church in Need (ACN), il parle de la situation de son pays et de la n\u00e9cessit\u00e9 de l\u2019\u00e9ducation des jeunes.<\/em><\/p>\n<h4><strong>Pensez-vous que la R\u00e9publique centrafricaine est sortie des ann\u00e9es terribles de la guerre civile ?<\/strong><\/h4>\n<p>Le gouvernement en place n\u2019est plus menac\u00e9, la crainte d\u2019un coup d\u2019\u00c9tat qui existait en 2020 n\u2019est plus d\u2019actualit\u00e9. Mais notre soci\u00e9t\u00e9 porte des blessures terribles et a besoin de se reconstruire.<\/p>\n<h4><strong>Comment pouvez-vous vous rendre compte de la situation dans votre pays ?<\/strong><\/h4>\n<p>Je voyage dans tout le pays, jusque dans des lieux o\u00f9 l\u2019on ne voit aucun fonctionnaire. Les voies de communication \u00e9taient mauvaises avant la guerre civile, \u00e0 pr\u00e9sent elles sont impraticables. Il y a des coupeurs de routes qui g\u00eanent beaucoup la circulation et qui peuvent \u00eatre dangereux, mais je compte sur ma <em>baraka<\/em> (mot arabe\u00a0qui signifie <em>b\u00e9n\u00e9diction divine<\/em>) et pour le moment elle ne m\u2019a pas l\u00e2ch\u00e9. Lors de mes voyages, je vois des populations abandonn\u00e9es. Ces gens ont l\u2019impression que personne ne se soucie d\u2019eux. Ils meurent comme des b\u00eates sans m\u00eame un dispensaire. Il faut leur rappeler qu\u2019ils sont des enfants de Dieu. C\u2019est pourquoi j\u2019abandonne mon habit de cardinal, je me fais petit, je sillonne le pays et je leur dis\u00a0: \u00ab\u00a0Si les hommes vous ont oubli\u00e9s, Dieu ne vous a pas oubli\u00e9.\u00a0\u00bb<\/p>\n<figure id=\"attachment_186514\" aria-describedby=\"caption-attachment-186514\" style=\"width: 838px\" class=\"wp-caption aligncenter\"><img loading=\"lazy\" decoding=\"async\" class=\"wp-image-186514 size-full\" src=\"https:\/\/media.acninternational.org\/wp-content\/uploads\/2023\/11\/3.jpg\" alt=\"Centrafrique \u00e9ducation\" width=\"838\" height=\"500\" srcset=\"https:\/\/media.acninternational.org\/wp-content\/uploads\/2023\/11\/3.jpg 838w, https:\/\/media.acninternational.org\/wp-content\/uploads\/2023\/11\/3-300x179.jpg 300w, https:\/\/media.acninternational.org\/wp-content\/uploads\/2023\/11\/3-768x458.jpg 768w\" sizes=\"auto, (max-width: 838px) 100vw, 838px\" \/><figcaption id=\"caption-attachment-186514\" class=\"wp-caption-text\">Le cardinal Dieudonn\u00e9 Nzapalainga de Bangui visite des communaut\u00e9s villageoises<\/figcaption><\/figure>\n<p>Dans un village, lors de la confirmation d\u2019un jeune adulte, Fran\u00e7ois, j\u2019ai \u00e9t\u00e9 surpris de voir tout le monde le porter en triomphe. On m\u2019a expliqu\u00e9 que c\u2019\u00e9tait le cat\u00e9chiste du village. C\u2019est lui qui maintenait la foi vive dans cette communaut\u00e9 qui ne recevait plus de pr\u00eatre depuis bien longtemps. Et cela alors que ce brave Fran\u00e7ois n\u2019\u00e9tait pas m\u00eame confirm\u00e9.<\/p>\n<h4><strong>Comment expliquez-vous un tel abandon des populations\u00a0? <\/strong><\/h4>\n<p>Pour la d\u00e9fense du gouvernement, il faut dire que notre pays est presque aussi grand que la France et qu\u2019il est difficile de contr\u00f4ler une telle \u00e9tendue. Par ailleurs, il existe toujours des zones sous domination des rebelles.<\/p>\n<p>R\u00e9cemment, je me suis rendue \u00e0 Ouadda, une petite ville du nord-est du pays. J\u2019ai \u00e9t\u00e9 tr\u00e8s bien accueilli par la population qui m\u2019a fait la f\u00eate. Les gens \u00e9taient heureux de voir qu\u2019ils n\u2019\u00e9taient pas abandonn\u00e9s, mais aussi pendant le temps de ma pr\u00e9sence, ils n\u2019avaient plus besoin de respecter le couvre-feu impos\u00e9 par les rebelles. Quand j\u2019ai voulu repartir, un jeune chef rebelle local m\u2019a barr\u00e9 la route et m\u2019a dit que je ne pouvais pas m\u2019en aller. Le soir m\u00eame, les paroissiens ont pri\u00e9 pour nous, le maire, des pasteurs et des imams sont venus plaider ma cause. Et le lendemain, quand j\u2019ai signifi\u00e9 au chef local que je souhaitais repartir, il a commenc\u00e9 par me bloquer, puis dix minutes plus tard m\u2019a dit que je pouvais y aller\u2026 Je l\u2019ai alors sermonn\u00e9. Je lui ai rappel\u00e9 qu\u2019il \u00e9tait suppos\u00e9 \u00eatre un chef, que sa parole avait de l\u2019importance et qu\u2019il ne pouvait pas l\u2019utiliser n\u2019importe comment. On m\u2019a amen\u00e9 aupr\u00e8s de ses sup\u00e9rieurs et l\u00e0, il \u00e9tait comme un petit enfant pris en faute. Ce genre de personnes abondent ici. Ils n\u2019ont pas d\u2019\u00e9ducation, alors ils compensent avec les biceps.<\/p>\n<figure id=\"attachment_186526\" aria-describedby=\"caption-attachment-186526\" style=\"width: 838px\" class=\"wp-caption aligncenter\"><img loading=\"lazy\" decoding=\"async\" class=\"wp-image-186526 size-full\" src=\"https:\/\/media.acninternational.org\/wp-content\/uploads\/2023\/11\/1.jpg\" alt=\"Centrafrique \u00e9ducation\" width=\"838\" height=\"500\" srcset=\"https:\/\/media.acninternational.org\/wp-content\/uploads\/2023\/11\/1.jpg 838w, https:\/\/media.acninternational.org\/wp-content\/uploads\/2023\/11\/1-300x179.jpg 300w, https:\/\/media.acninternational.org\/wp-content\/uploads\/2023\/11\/1-768x458.jpg 768w\" sizes=\"auto, (max-width: 838px) 100vw, 838px\" \/><figcaption id=\"caption-attachment-186526\" class=\"wp-caption-text\">F\u00eate du Saint-Sacrement \u00e0 la paroisse du Bon Conseil de Wantiguera<\/figcaption><\/figure>\n<h4><strong>Vous insistez beaucoup sur l\u2019importance de l\u2019\u00e9ducation. Pourquoi est-ce un probl\u00e8me dans votre pays\u00a0? <\/strong><\/h4>\n<p>Nous poss\u00e9dons une telle jeunesse dans notre pays\u00a0! Tant et tant de jeunes gens. Mais pendant les ann\u00e9es d\u2019instabilit\u00e9 \u2013 depuis 2013 \u2013 ils ne sont pas all\u00e9s \u00e0 l\u2019\u00e9cole et m\u00eame \u00e0 pr\u00e9sent la scolarit\u00e9 demeure tr\u00e8s lacunaire. Les enseignants souvent ne veulent pas aller dans les r\u00e9gions \u00e9loign\u00e9es parce qu\u2019ils ont peur des rebelles. Un autre probl\u00e8me est qu\u2019ils sont mal pay\u00e9s. Ceux qui sont vraiment pay\u00e9s, ce sont les militaires parce qu\u2019ils ont des kalachnikovs et qu\u2019il ne faut pas m\u00e9contenter celui qui en a. Les enseignants eux, n\u2019ont que des craies. Pour les professeurs qui vivent loin des grandes villes, il faut faire de longs et p\u00e9rilleux voyages pour aller chercher sa paie, car il n\u2019y a pas de banque. J\u2019en connais qui d\u00e9pensent les deux tiers de leur salaire pour le moto-taxi et le voyage leur prend jusqu\u2019\u00e0 deux semaines, si bien qu\u2019ils ne donnent leur cours que pendant la moiti\u00e9 du mois.<\/p>\n<p>Et encore, ceux-l\u00e0 sont les titulaires qui re\u00e7oivent une paie de l\u2019\u00c9tat. Leur nombre est tr\u00e8s insuffisant, alors ils recrutent sur place des \u00ab\u00a0ma\u00eetres parents\u00a0\u00bb form\u00e9s sur le tas pour assurer les cours. Eux ne gagnent que ce que les parents des \u00e9l\u00e8ves veulent bien leur donner. Et cela g\u00e9n\u00e8re des traitements injustes entre les enfants, car les parents qui paient s\u2019attendent \u00e0 ce que leurs enfants reviennent avec de bonnes notes en \u00e9change.<\/p>\n<figure id=\"attachment_186508\" aria-describedby=\"caption-attachment-186508\" style=\"width: 838px\" class=\"wp-caption aligncenter\"><img loading=\"lazy\" decoding=\"async\" class=\"wp-image-186508 size-full\" src=\"https:\/\/media.acninternational.org\/wp-content\/uploads\/2023\/11\/2.jpg\" alt=\"Cardinal Dieudonn\u00e9 Nzapalainga\" width=\"838\" height=\"500\" srcset=\"https:\/\/media.acninternational.org\/wp-content\/uploads\/2023\/11\/2.jpg 838w, https:\/\/media.acninternational.org\/wp-content\/uploads\/2023\/11\/2-300x179.jpg 300w, https:\/\/media.acninternational.org\/wp-content\/uploads\/2023\/11\/2-768x458.jpg 768w\" sizes=\"auto, (max-width: 838px) 100vw, 838px\" \/><figcaption id=\"caption-attachment-186508\" class=\"wp-caption-text\">Cardinal Dieudonn\u00e9 Nzapalainga at ACN International<\/figcaption><\/figure>\n<p>Nous manquons m\u00eame de b\u00e2timents. Beaucoup d\u2019\u00e9coles ont \u00e9t\u00e9 br\u00fbl\u00e9es et il y a des cours qui ont lieu sous le manguier. Toute la classe doit tourner en fonction du soleil, s\u2019il y a trop de vent ou de pluie on ne peut plus donner de cours\u2026 Ce ne sont pas des conditions normales pour apprendre.<\/p>\n<h4><strong>Voyez-vous le niveau d\u2019\u00e9tude baisser par cons\u00e9quent\u00a0? <\/strong><\/h4>\n<p>Bien s\u00fbr. Je vous donne des exemples de cette ann\u00e9e\u2026 pour l\u2019entr\u00e9e dans un petit s\u00e9minaire, 20 jeunes sur 200 avaient le niveau requis. Dans un grand s\u00e9minaire, 4 jeunes sur 23 ont pu faire leur entr\u00e9e au s\u00e9minaire\u00a0! Je vois beaucoup d\u2019enfants qui avaient des notes tournant autour de 13\/20 dans leur \u00e9cole et qui ne valent pas plus de 4\/20 dans une \u00e9cole catholique, o\u00f9 il n\u2019y a pas de favoritisme, pas de piston.<\/p>\n<h4><strong>Que peux faire l\u2019\u00c9glise face \u00e0 une situation de cette ampleur\u00a0? <\/strong><\/h4>\n<p>Nous aidons avec nos moyens. L\u2019un de mes pr\u00eatres donne des cours de tr\u00e8s bon niveau gratuitement afin d\u2019aider ceux qui veulent entrer au s\u00e9minaire.<\/p>\n<p>L&rsquo;\u00e9ducation est d&rsquo;une importance cruciale, car elle d\u00e9termine en fin de compte la pr\u00e9sence de s\u00e9minaristes, de responsables de communaut\u00e9 et de cadres dans notre soci\u00e9t\u00e9 \u2026 sans oublier les cat\u00e9chistes. Ils sont tellement importants pour maintenir la flamme de la foi dans nos villages.<\/p>\n<figure id=\"attachment_186520\" aria-describedby=\"caption-attachment-186520\" style=\"width: 838px\" class=\"wp-caption aligncenter\"><img loading=\"lazy\" decoding=\"async\" class=\"wp-image-186520 size-full\" src=\"https:\/\/media.acninternational.org\/wp-content\/uploads\/2023\/11\/4.jpg\" alt=\"Centrafrique \u00e9ducation\" width=\"838\" height=\"500\" srcset=\"https:\/\/media.acninternational.org\/wp-content\/uploads\/2023\/11\/4.jpg 838w, https:\/\/media.acninternational.org\/wp-content\/uploads\/2023\/11\/4-300x179.jpg 300w, https:\/\/media.acninternational.org\/wp-content\/uploads\/2023\/11\/4-768x458.jpg 768w\" sizes=\"auto, (max-width: 838px) 100vw, 838px\" \/><figcaption id=\"caption-attachment-186520\" class=\"wp-caption-text\">Routes presque impraticables entre les villages<\/figcaption><\/figure>\n<p>Et la question de l\u2019\u00e9ducation des jeunes filles nous pr\u00e9occupe tout particuli\u00e8rement. J\u2019ai vu dans des villages des jeunes filles enceintes de onze ans \u2013 victimes de viols par des jeunes arm\u00e9s \u2013 qui n\u2019avaient pas la moindre chance d\u2019\u00e9tudier. Cela m\u2019a r\u00e9volt\u00e9. Alors je m\u2019en suis remis \u00e0 la Providence. Lors de mes sermons, j\u2019ai point\u00e9 cette catastrophe et j\u2019ai demand\u00e9 s\u2019il y avait des gens qui pourraient m\u2019aider \u00e0 extraire les jeunes filles de ces situations.<\/p>\n<p>Et j\u2019ai \u00e9t\u00e9 entendu. Un donateur camerounais nous a aid\u00e9 pour tout, les \u00e9tudes, le logement\u2026 30 jeunes filles ont \u00e9t\u00e9 envoy\u00e9es au Cameroun. Aucune ne nous a d\u00e9\u00e7us. Nous avons des \u00e9tudiantes en m\u00e9decine, des ing\u00e9nieures\u2026 Elles sont \u00e0 la hauteur\u00a0!<\/p>\n<p><em>Au cours des cinq derni\u00e8res ann\u00e9es, ACN a financ\u00e9 175 projets en R\u00e9publique centrafricaine dans neuf dioc\u00e8ses diff\u00e9rents, dont pr\u00e8s de 40 dans le dioc\u00e8se de Bangui. Au cours de l&rsquo;ann\u00e9e 2023, ACN a soutenu des projets de formation, de transport et de r\u00e9novation dans ce dioc\u00e8se.<\/em><\/p>\n","protected":false},"excerpt":{"rendered":"<p>Le cardinal Nzapalainga parcourt la Centrafrique, essayant d&rsquo;aider les jeunes \u00e0 d\u00e9poser leurs armes et \u00e0 poursuivre leur \u00e9ducation.<\/p>\n","protected":false},"author":4258341447,"featured_media":186533,"comment_status":"closed","ping_status":"closed","sticky":false,"template":"","format":"standard","meta":{"_acf_changed":false,"_acn_coauthor_ids":[],"_acn_featured_article":false,"footnotes":""},"categories":[919],"tags":[],"country":[893],"class_list":["post-186545","post","type-post","status-publish","format-standard","has-post-thumbnail","hentry","category-nouvelle","country-republique-centrafricaine"],"acn_coauthors":[],"acf":[],"yoast_head":"<!-- This site is optimized with the Yoast SEO Premium plugin v27.5 (Yoast SEO v27.5) - https:\/\/yoast.com\/product\/yoast-seo-premium-wordpress\/ -->\n<title>Centrafrique : L&#039;\u00e9ducation est d\u00e9cisive | ACN International<\/title>\n<meta name=\"description\" content=\"Le cardinal Nzapalainga parcourt la Centrafrique, essayant d&#039;aider les jeunes \u00e0 d\u00e9poser leurs armes et \u00e0 poursuivre leur \u00e9ducation.\" \/>\n<meta name=\"robots\" content=\"index, follow, max-snippet:-1, max-image-preview:large, max-video-preview:-1\" \/>\n<link rel=\"canonical\" href=\"https:\/\/acninternational.org\/fr\/cardinal-de-la-centrafrique-si-les-hommes-vous-ont-oublies-dieu-ne-vous-a-pas-oublie\/\" \/>\n<meta property=\"og:locale\" content=\"fr_FR\" \/>\n<meta property=\"og:type\" content=\"article\" \/>\n<meta property=\"og:title\" content=\"Cardinal de la Centrafrique : \u00ab Si les hommes vous ont oubli\u00e9s, Dieu ne vous a pas oubli\u00e9 ! \u00bb\" \/>\n<meta property=\"og:description\" content=\"Le cardinal Nzapalainga parcourt la Centrafrique, essayant d&#039;aider les jeunes \u00e0 d\u00e9poser leurs armes et \u00e0 poursuivre leur \u00e9ducation.\" \/>\n<meta property=\"og:url\" content=\"https:\/\/acninternational.org\/fr\/cardinal-de-la-centrafrique-si-les-hommes-vous-ont-oublies-dieu-ne-vous-a-pas-oublie\/\" \/>\n<meta property=\"og:site_name\" content=\"ACN International\" \/>\n<meta property=\"article:publisher\" content=\"https:\/\/www.facebook.com\/acninternationalorg\" \/>\n<meta property=\"article:published_time\" content=\"2023-11-20T10:46:11+00:00\" \/>\n<meta property=\"article:modified_time\" content=\"2025-02-26T09:54:17+00:00\" \/>\n<meta property=\"og:image\" content=\"https:\/\/media.acninternational.org\/wp-content\/uploads\/2023\/11\/heading_web-2-1.jpg\" \/>\n\t<meta property=\"og:image:width\" content=\"1000\" \/>\n\t<meta property=\"og:image:height\" content=\"313\" \/>\n\t<meta property=\"og:image:type\" content=\"image\/jpeg\" \/>\n<meta name=\"author\" content=\"ACN Press Team\" \/>\n<meta name=\"twitter:card\" content=\"summary_large_image\" \/>\n<meta name=\"twitter:creator\" content=\"@acn_int\" \/>\n<meta name=\"twitter:site\" content=\"@acn_int\" \/>\n<meta name=\"twitter:label1\" content=\"\u00c9crit par\" \/>\n\t<meta name=\"twitter:data1\" content=\"ACN Press Team\" \/>\n\t<meta name=\"twitter:label2\" content=\"Dur\u00e9e de lecture estim\u00e9e\" \/>\n\t<meta name=\"twitter:data2\" content=\"7 minutes\" \/>\n<script type=\"application\/ld+json\" class=\"yoast-schema-graph\">{\"@context\":\"https:\\\/\\\/schema.org\",\"@graph\":[{\"@type\":\"Article\",\"@id\":\"https:\\\/\\\/acninternational.org\\\/fr\\\/cardinal-de-la-centrafrique-si-les-hommes-vous-ont-oublies-dieu-ne-vous-a-pas-oublie\\\/#article\",\"isPartOf\":{\"@id\":\"https:\\\/\\\/acninternational.org\\\/fr\\\/cardinal-de-la-centrafrique-si-les-hommes-vous-ont-oublies-dieu-ne-vous-a-pas-oublie\\\/\"},\"author\":{\"name\":\"ACN Press Team\",\"@id\":\"https:\\\/\\\/acninternational.org\\\/fr\\\/#\\\/schema\\\/person\\\/7f3dafb236b242fb2aa46be1411fd703\"},\"headline\":\"Cardinal de la Centrafrique : \u00ab Si les hommes vous ont oubli\u00e9s, Dieu ne vous a pas oubli\u00e9 ! \u00bb\",\"datePublished\":\"2023-11-20T10:46:11+00:00\",\"dateModified\":\"2025-02-26T09:54:17+00:00\",\"mainEntityOfPage\":{\"@id\":\"https:\\\/\\\/acninternational.org\\\/fr\\\/cardinal-de-la-centrafrique-si-les-hommes-vous-ont-oublies-dieu-ne-vous-a-pas-oublie\\\/\"},\"wordCount\":1431,\"publisher\":{\"@id\":\"https:\\\/\\\/acninternational.org\\\/fr\\\/#organization\"},\"image\":{\"@id\":\"https:\\\/\\\/acninternational.org\\\/fr\\\/cardinal-de-la-centrafrique-si-les-hommes-vous-ont-oublies-dieu-ne-vous-a-pas-oublie\\\/#primaryimage\"},\"thumbnailUrl\":\"https:\\\/\\\/media.acninternational.org\\\/wp-content\\\/uploads\\\/2023\\\/11\\\/heading_web-2-1.jpg\",\"articleSection\":[\"Nouvelle\"],\"inLanguage\":\"fr-FR\"},{\"@type\":\"WebPage\",\"@id\":\"https:\\\/\\\/acninternational.org\\\/fr\\\/cardinal-de-la-centrafrique-si-les-hommes-vous-ont-oublies-dieu-ne-vous-a-pas-oublie\\\/\",\"url\":\"https:\\\/\\\/acninternational.org\\\/fr\\\/cardinal-de-la-centrafrique-si-les-hommes-vous-ont-oublies-dieu-ne-vous-a-pas-oublie\\\/\",\"name\":\"Centrafrique : L'\u00e9ducation est d\u00e9cisive | ACN International\",\"isPartOf\":{\"@id\":\"https:\\\/\\\/acninternational.org\\\/fr\\\/#website\"},\"primaryImageOfPage\":{\"@id\":\"https:\\\/\\\/acninternational.org\\\/fr\\\/cardinal-de-la-centrafrique-si-les-hommes-vous-ont-oublies-dieu-ne-vous-a-pas-oublie\\\/#primaryimage\"},\"image\":{\"@id\":\"https:\\\/\\\/acninternational.org\\\/fr\\\/cardinal-de-la-centrafrique-si-les-hommes-vous-ont-oublies-dieu-ne-vous-a-pas-oublie\\\/#primaryimage\"},\"thumbnailUrl\":\"https:\\\/\\\/media.acninternational.org\\\/wp-content\\\/uploads\\\/2023\\\/11\\\/heading_web-2-1.jpg\",\"datePublished\":\"2023-11-20T10:46:11+00:00\",\"dateModified\":\"2025-02-26T09:54:17+00:00\",\"description\":\"Le cardinal Nzapalainga parcourt la Centrafrique, essayant d'aider les jeunes \u00e0 d\u00e9poser leurs armes et \u00e0 poursuivre leur \u00e9ducation.\",\"breadcrumb\":{\"@id\":\"https:\\\/\\\/acninternational.org\\\/fr\\\/cardinal-de-la-centrafrique-si-les-hommes-vous-ont-oublies-dieu-ne-vous-a-pas-oublie\\\/#breadcrumb\"},\"inLanguage\":\"fr-FR\",\"potentialAction\":[{\"@type\":\"ReadAction\",\"target\":[\"https:\\\/\\\/acninternational.org\\\/fr\\\/cardinal-de-la-centrafrique-si-les-hommes-vous-ont-oublies-dieu-ne-vous-a-pas-oublie\\\/\"]}]},{\"@type\":\"ImageObject\",\"inLanguage\":\"fr-FR\",\"@id\":\"https:\\\/\\\/acninternational.org\\\/fr\\\/cardinal-de-la-centrafrique-si-les-hommes-vous-ont-oublies-dieu-ne-vous-a-pas-oublie\\\/#primaryimage\",\"url\":\"https:\\\/\\\/media.acninternational.org\\\/wp-content\\\/uploads\\\/2023\\\/11\\\/heading_web-2-1.jpg\",\"contentUrl\":\"https:\\\/\\\/media.acninternational.org\\\/wp-content\\\/uploads\\\/2023\\\/11\\\/heading_web-2-1.jpg\",\"width\":1000,\"height\":313,\"caption\":\"Centrafrique : L'\u00e9ducation est d\u00e9cisive\"},{\"@type\":\"BreadcrumbList\",\"@id\":\"https:\\\/\\\/acninternational.org\\\/fr\\\/cardinal-de-la-centrafrique-si-les-hommes-vous-ont-oublies-dieu-ne-vous-a-pas-oublie\\\/#breadcrumb\",\"itemListElement\":[{\"@type\":\"ListItem\",\"position\":1,\"name\":\"Home\",\"item\":\"https:\\\/\\\/acninternational.org\\\/fr\\\/\"},{\"@type\":\"ListItem\",\"position\":2,\"name\":\"Nouvelle\",\"item\":\"https:\\\/\\\/acninternational.org\\\/fr\\\/category\\\/nouvelle\\\/\"},{\"@type\":\"ListItem\",\"position\":3,\"name\":\"Cardinal de la Centrafrique : \u00ab Si les hommes vous ont oubli\u00e9s, Dieu ne vous a pas oubli\u00e9 ! \u00bb\"}]},{\"@type\":\"WebSite\",\"@id\":\"https:\\\/\\\/acninternational.org\\\/fr\\\/#website\",\"url\":\"https:\\\/\\\/acninternational.org\\\/fr\\\/\",\"name\":\"ACN International\",\"description\":\"\",\"publisher\":{\"@id\":\"https:\\\/\\\/acninternational.org\\\/fr\\\/#organization\"},\"potentialAction\":[{\"@type\":\"SearchAction\",\"target\":{\"@type\":\"EntryPoint\",\"urlTemplate\":\"https:\\\/\\\/acninternational.org\\\/fr\\\/?s={search_term_string}\"},\"query-input\":{\"@type\":\"PropertyValueSpecification\",\"valueRequired\":true,\"valueName\":\"search_term_string\"}}],\"inLanguage\":\"fr-FR\"},{\"@type\":\"Organization\",\"@id\":\"https:\\\/\\\/acninternational.org\\\/fr\\\/#organization\",\"name\":\"Aid to the Church in Need International\",\"url\":\"https:\\\/\\\/acninternational.org\\\/fr\\\/\",\"logo\":{\"@type\":\"ImageObject\",\"inLanguage\":\"fr-FR\",\"@id\":\"https:\\\/\\\/acninternational.org\\\/fr\\\/#\\\/schema\\\/logo\\\/image\\\/\",\"url\":\"https:\\\/\\\/media.acninternational.org\\\/wp-content\\\/uploads\\\/2019\\\/11\\\/acn_logo_blackvector.svg\",\"contentUrl\":\"https:\\\/\\\/media.acninternational.org\\\/wp-content\\\/uploads\\\/2019\\\/11\\\/acn_logo_blackvector.svg\",\"width\":232.6,\"height\":78,\"caption\":\"Aid to the Church in Need International\"},\"image\":{\"@id\":\"https:\\\/\\\/acninternational.org\\\/fr\\\/#\\\/schema\\\/logo\\\/image\\\/\"},\"sameAs\":[\"https:\\\/\\\/www.facebook.com\\\/acninternationalorg\",\"https:\\\/\\\/x.com\\\/acn_int\",\"https:\\\/\\\/www.youtube.com\\\/channel\\\/UCQ-077gS0TnVzkhHmf1opZw\",\"https:\\\/\\\/www.instagram.com\\\/acn_international\\\/\"]},{\"@type\":\"Person\",\"@id\":\"https:\\\/\\\/acninternational.org\\\/fr\\\/#\\\/schema\\\/person\\\/7f3dafb236b242fb2aa46be1411fd703\",\"name\":\"ACN Press Team\",\"description\":\"Lorem ipsum dolor sit amet, consectetur adipiscing elit, sed do eiusmod tempor incididunt ut labore et dolore magna aliqua. Ut enim ad minim veniam, quis nostrud exercitation ullamco laboris nisi ut aliquip ex ea commodo consequat.\",\"url\":\"https:\\\/\\\/acninternational.org\\\/fr\\\/author\\\/acn-press-team\\\/\"}]}<\/script>\n<!-- \/ Yoast SEO Premium plugin. -->","yoast_head_json":{"title":"Centrafrique : L'\u00e9ducation est d\u00e9cisive | ACN International","description":"Le cardinal Nzapalainga parcourt la Centrafrique, essayant d'aider les jeunes \u00e0 d\u00e9poser leurs armes et \u00e0 poursuivre leur \u00e9ducation.","robots":{"index":"index","follow":"follow","max-snippet":"max-snippet:-1","max-image-preview":"max-image-preview:large","max-video-preview":"max-video-preview:-1"},"canonical":"https:\/\/acninternational.org\/fr\/cardinal-de-la-centrafrique-si-les-hommes-vous-ont-oublies-dieu-ne-vous-a-pas-oublie\/","og_locale":"fr_FR","og_type":"article","og_title":"Cardinal de la Centrafrique : \u00ab Si les hommes vous ont oubli\u00e9s, Dieu ne vous a pas oubli\u00e9 ! \u00bb","og_description":"Le cardinal Nzapalainga parcourt la Centrafrique, essayant d'aider les jeunes \u00e0 d\u00e9poser leurs armes et \u00e0 poursuivre leur \u00e9ducation.","og_url":"https:\/\/acninternational.org\/fr\/cardinal-de-la-centrafrique-si-les-hommes-vous-ont-oublies-dieu-ne-vous-a-pas-oublie\/","og_site_name":"ACN International","article_publisher":"https:\/\/www.facebook.com\/acninternationalorg","article_published_time":"2023-11-20T10:46:11+00:00","article_modified_time":"2025-02-26T09:54:17+00:00","og_image":[{"width":1000,"height":313,"url":"https:\/\/media.acninternational.org\/wp-content\/uploads\/2023\/11\/heading_web-2-1.jpg","type":"image\/jpeg"}],"author":"ACN Press Team","twitter_card":"summary_large_image","twitter_creator":"@acn_int","twitter_site":"@acn_int","twitter_misc":{"\u00c9crit par":"ACN Press Team","Dur\u00e9e de lecture estim\u00e9e":"7 minutes"},"schema":{"@context":"https:\/\/schema.org","@graph":[{"@type":"Article","@id":"https:\/\/acninternational.org\/fr\/cardinal-de-la-centrafrique-si-les-hommes-vous-ont-oublies-dieu-ne-vous-a-pas-oublie\/#article","isPartOf":{"@id":"https:\/\/acninternational.org\/fr\/cardinal-de-la-centrafrique-si-les-hommes-vous-ont-oublies-dieu-ne-vous-a-pas-oublie\/"},"author":{"name":"ACN Press Team","@id":"https:\/\/acninternational.org\/fr\/#\/schema\/person\/7f3dafb236b242fb2aa46be1411fd703"},"headline":"Cardinal de la Centrafrique : \u00ab Si les hommes vous ont oubli\u00e9s, Dieu ne vous a pas oubli\u00e9 ! \u00bb","datePublished":"2023-11-20T10:46:11+00:00","dateModified":"2025-02-26T09:54:17+00:00","mainEntityOfPage":{"@id":"https:\/\/acninternational.org\/fr\/cardinal-de-la-centrafrique-si-les-hommes-vous-ont-oublies-dieu-ne-vous-a-pas-oublie\/"},"wordCount":1431,"publisher":{"@id":"https:\/\/acninternational.org\/fr\/#organization"},"image":{"@id":"https:\/\/acninternational.org\/fr\/cardinal-de-la-centrafrique-si-les-hommes-vous-ont-oublies-dieu-ne-vous-a-pas-oublie\/#primaryimage"},"thumbnailUrl":"https:\/\/media.acninternational.org\/wp-content\/uploads\/2023\/11\/heading_web-2-1.jpg","articleSection":["Nouvelle"],"inLanguage":"fr-FR"},{"@type":"WebPage","@id":"https:\/\/acninternational.org\/fr\/cardinal-de-la-centrafrique-si-les-hommes-vous-ont-oublies-dieu-ne-vous-a-pas-oublie\/","url":"https:\/\/acninternational.org\/fr\/cardinal-de-la-centrafrique-si-les-hommes-vous-ont-oublies-dieu-ne-vous-a-pas-oublie\/","name":"Centrafrique : L'\u00e9ducation est d\u00e9cisive | ACN International","isPartOf":{"@id":"https:\/\/acninternational.org\/fr\/#website"},"primaryImageOfPage":{"@id":"https:\/\/acninternational.org\/fr\/cardinal-de-la-centrafrique-si-les-hommes-vous-ont-oublies-dieu-ne-vous-a-pas-oublie\/#primaryimage"},"image":{"@id":"https:\/\/acninternational.org\/fr\/cardinal-de-la-centrafrique-si-les-hommes-vous-ont-oublies-dieu-ne-vous-a-pas-oublie\/#primaryimage"},"thumbnailUrl":"https:\/\/media.acninternational.org\/wp-content\/uploads\/2023\/11\/heading_web-2-1.jpg","datePublished":"2023-11-20T10:46:11+00:00","dateModified":"2025-02-26T09:54:17+00:00","description":"Le cardinal Nzapalainga parcourt la Centrafrique, essayant d'aider les jeunes \u00e0 d\u00e9poser leurs armes et \u00e0 poursuivre leur \u00e9ducation.","breadcrumb":{"@id":"https:\/\/acninternational.org\/fr\/cardinal-de-la-centrafrique-si-les-hommes-vous-ont-oublies-dieu-ne-vous-a-pas-oublie\/#breadcrumb"},"inLanguage":"fr-FR","potentialAction":[{"@type":"ReadAction","target":["https:\/\/acninternational.org\/fr\/cardinal-de-la-centrafrique-si-les-hommes-vous-ont-oublies-dieu-ne-vous-a-pas-oublie\/"]}]},{"@type":"ImageObject","inLanguage":"fr-FR","@id":"https:\/\/acninternational.org\/fr\/cardinal-de-la-centrafrique-si-les-hommes-vous-ont-oublies-dieu-ne-vous-a-pas-oublie\/#primaryimage","url":"https:\/\/media.acninternational.org\/wp-content\/uploads\/2023\/11\/heading_web-2-1.jpg","contentUrl":"https:\/\/media.acninternational.org\/wp-content\/uploads\/2023\/11\/heading_web-2-1.jpg","width":1000,"height":313,"caption":"Centrafrique : L'\u00e9ducation est d\u00e9cisive"},{"@type":"BreadcrumbList","@id":"https:\/\/acninternational.org\/fr\/cardinal-de-la-centrafrique-si-les-hommes-vous-ont-oublies-dieu-ne-vous-a-pas-oublie\/#breadcrumb","itemListElement":[{"@type":"ListItem","position":1,"name":"Home","item":"https:\/\/acninternational.org\/fr\/"},{"@type":"ListItem","position":2,"name":"Nouvelle","item":"https:\/\/acninternational.org\/fr\/category\/nouvelle\/"},{"@type":"ListItem","position":3,"name":"Cardinal de la Centrafrique : \u00ab Si les hommes vous ont oubli\u00e9s, Dieu ne vous a pas oubli\u00e9 ! \u00bb"}]},{"@type":"WebSite","@id":"https:\/\/acninternational.org\/fr\/#website","url":"https:\/\/acninternational.org\/fr\/","name":"ACN International","description":"","publisher":{"@id":"https:\/\/acninternational.org\/fr\/#organization"},"potentialAction":[{"@type":"SearchAction","target":{"@type":"EntryPoint","urlTemplate":"https:\/\/acninternational.org\/fr\/?s={search_term_string}"},"query-input":{"@type":"PropertyValueSpecification","valueRequired":true,"valueName":"search_term_string"}}],"inLanguage":"fr-FR"},{"@type":"Organization","@id":"https:\/\/acninternational.org\/fr\/#organization","name":"Aid to the Church in Need International","url":"https:\/\/acninternational.org\/fr\/","logo":{"@type":"ImageObject","inLanguage":"fr-FR","@id":"https:\/\/acninternational.org\/fr\/#\/schema\/logo\/image\/","url":"https:\/\/media.acninternational.org\/wp-content\/uploads\/2019\/11\/acn_logo_blackvector.svg","contentUrl":"https:\/\/media.acninternational.org\/wp-content\/uploads\/2019\/11\/acn_logo_blackvector.svg","width":232.6,"height":78,"caption":"Aid to the Church in Need International"},"image":{"@id":"https:\/\/acninternational.org\/fr\/#\/schema\/logo\/image\/"},"sameAs":["https:\/\/www.facebook.com\/acninternationalorg","https:\/\/x.com\/acn_int","https:\/\/www.youtube.com\/channel\/UCQ-077gS0TnVzkhHmf1opZw","https:\/\/www.instagram.com\/acn_international\/"]},{"@type":"Person","@id":"https:\/\/acninternational.org\/fr\/#\/schema\/person\/7f3dafb236b242fb2aa46be1411fd703","name":"ACN Press Team","description":"Lorem ipsum dolor sit amet, consectetur adipiscing elit, sed do eiusmod tempor incididunt ut labore et dolore magna aliqua. Ut enim ad minim veniam, quis nostrud exercitation ullamco laboris nisi ut aliquip ex ea commodo consequat.","url":"https:\/\/acninternational.org\/fr\/author\/acn-press-team\/"}]}},"_links":{"self":[{"href":"https:\/\/acninternational.org\/fr\/wp-json\/wp\/v2\/posts\/186545","targetHints":{"allow":["GET"]}}],"collection":[{"href":"https:\/\/acninternational.org\/fr\/wp-json\/wp\/v2\/posts"}],"about":[{"href":"https:\/\/acninternational.org\/fr\/wp-json\/wp\/v2\/types\/post"}],"author":[{"embeddable":true,"href":"https:\/\/acninternational.org\/fr\/wp-json\/wp\/v2\/users\/4258341447"}],"replies":[{"embeddable":true,"href":"https:\/\/acninternational.org\/fr\/wp-json\/wp\/v2\/comments?post=186545"}],"version-history":[{"count":0,"href":"https:\/\/acninternational.org\/fr\/wp-json\/wp\/v2\/posts\/186545\/revisions"}],"wp:featuredmedia":[{"embeddable":true,"href":"https:\/\/acninternational.org\/fr\/wp-json\/wp\/v2\/media\/186533"}],"wp:attachment":[{"href":"https:\/\/acninternational.org\/fr\/wp-json\/wp\/v2\/media?parent=186545"}],"wp:term":[{"taxonomy":"category","embeddable":true,"href":"https:\/\/acninternational.org\/fr\/wp-json\/wp\/v2\/categories?post=186545"},{"taxonomy":"post_tag","embeddable":true,"href":"https:\/\/acninternational.org\/fr\/wp-json\/wp\/v2\/tags?post=186545"},{"taxonomy":"country","embeddable":true,"href":"https:\/\/acninternational.org\/fr\/wp-json\/wp\/v2\/country?post=186545"}],"curies":[{"name":"wp","href":"https:\/\/api.w.org\/{rel}","templated":true}]}}