{"id":186094,"date":"2023-10-27T12:53:18","date_gmt":"2023-10-27T10:53:18","guid":{"rendered":"https:\/\/acninternational.org\/?p=186094"},"modified":"2023-10-27T12:53:25","modified_gmt":"2023-10-27T10:53:25","slug":"le-monde-veut-la-paix-plus-dun-million-denfants-sunissent-dans-la-priere","status":"publish","type":"post","link":"https:\/\/acninternational.org\/fr\/le-monde-veut-la-paix-plus-dun-million-denfants-sunissent-dans-la-priere\/","title":{"rendered":"Le monde veut la paix \u2013 plus d\u2019un million d\u2019enfants s\u2019unissent dans la pri\u00e8re"},"content":{"rendered":"<p><em>Pour la premi\u00e8re fois depuis la cr\u00e9ation de l&rsquo;initiative en 2005 \u00e0 Caracas, la capitale du Venezuela, le cap d\u2019un million d&rsquo;enfants priant pour la paix et l&rsquo;unit\u00e9 a \u00e9t\u00e9 franchi le 18 octobre 2023.<\/em><\/p>\n<figure id=\"attachment_186080\" aria-describedby=\"caption-attachment-186080\" style=\"width: 800px\" class=\"wp-caption aligncenter\"><img loading=\"lazy\" decoding=\"async\" class=\"wp-image-186080 size-large\" src=\"https:\/\/media.acninternational.org\/wp-content\/uploads\/2023\/10\/ACN-20231023-154679-1024x576.jpg\" alt=\"Pri\u00e8re du rosaire pour l'unit\u00e9 et la paix dans l'archidioc\u00e8se d'Ivano-Frankivsk - Ukraine\" width=\"800\" height=\"450\" srcset=\"https:\/\/media.acninternational.org\/wp-content\/uploads\/2023\/10\/ACN-20231023-154679-1024x576.jpg 1024w, https:\/\/media.acninternational.org\/wp-content\/uploads\/2023\/10\/ACN-20231023-154679-300x169.jpg 300w, https:\/\/media.acninternational.org\/wp-content\/uploads\/2023\/10\/ACN-20231023-154679-768x432.jpg 768w, https:\/\/media.acninternational.org\/wp-content\/uploads\/2023\/10\/ACN-20231023-154679.jpg 1080w\" sizes=\"auto, (max-width: 800px) 100vw, 800px\" \/><figcaption id=\"caption-attachment-186080\" class=\"wp-caption-text\">Pri\u00e8re du rosaire pour l&rsquo;unit\u00e9 et la paix dans l&rsquo;archidioc\u00e8se d&rsquo;Ivano-Frankivsk &#8211; Ukraine<\/figcaption><\/figure>\n<p>Alors que l\u2019an dernier, 871\u00a0523 enfants s\u2019\u00e9taient inscrits sur le site web d\u2019ACN pour participer \u00e0 la campagne de pri\u00e8re \u00ab Un million d\u2019enfants prient le chapelet \u00bb, cette ann\u00e9e, ils \u00e9taient 1 039 628. Ce chiffre est probablement plus \u00e9lev\u00e9, car beaucoup d\u2019enfants ont \u00e9galement particip\u00e9 \u00e0 cette campagne sans s\u2019inscrire.<\/p>\n<p>En Pologne, o\u00f9 la campagne d\u2019ACN est devenue de plus en plus populaire, le site web a recens\u00e9 le plus grand nombre de participants, en l\u2019occurrence 275\u00a0000 enfants. Dans ce pays, la pri\u00e8re commune du chapelet a eu lieu avec des enfants de maternelle dans le sanctuaire national de Notre-Dame de Fatima \u00e0 Zakopane. Gr\u00e2ce \u00e0 la transmission en ligne, des familles, des \u00e9l\u00e8ves dans des \u00e9tablissements scolaires et des enfants dans des h\u00f4pitaux y ont \u00e9galement particip\u00e9. Parmi le \u00ab\u00a0top cinq\u00a0\u00bb des pays ayant particip\u00e9\u00a0\u00e0 la campagne figurent la Slovaquie (plus de 156\u00a0000 enfants), les Philippines (plus de 136\u00a0000), le Royaume-Uni (plus de 77\u00a0000) et le Br\u00e9sil (presque 47\u00a0000).<\/p>\n<p>ACN a re\u00e7u des photos et des courriels \u00e9mouvants du monde entier montrant qu\u2019en de nombreux endroits, nettement plus d\u2019enfants que ceux inscrits sur le site web ont particip\u00e9 \u00e0 la campagne. Rien que du Congo, o\u00f9 seulement 1300 enfants s\u2019\u00e9taient inscrits, ACN a re\u00e7u des messages de plus de 80 \u00e9coles et institutions religieuses, o\u00f9 le chapelet a \u00e9t\u00e9 pri\u00e9 ensemble. Plus de 5000 enfants ont d\u00e9j\u00e0 particip\u00e9 \u00e0 trois de ces \u00e9coles.<\/p>\n<h4><strong>Participation \u00e9galement dans de nombreuses zones de crise<\/strong><\/h4>\n<p>Parmi les 124 pays ayant particip\u00e9 \u00e0 la campagne, il y a aussi des pays boulevers\u00e9s par la violence, comme le Nig\u00e9ria et le Nicaragua, mais aussi l\u2019Ukraine o\u00f9 la guerre s\u00e9vit depuis f\u00e9vrier 2022, tout comme Isra\u00ebl et les territoires palestiniens, o\u00f9 a \u00e9clat\u00e9 un lourd conflit arm\u00e9 depuis d\u00e9but octobre 2023.<\/p>\n<p>En plus de la pri\u00e8re, les enfants dans certains pays, comme le Pakistan et l\u2019Inde, ont \u00e9galement reproduit des sc\u00e8nes bibliques et con\u00e7u avec beaucoup de cr\u00e9ativit\u00e9 les coloriages propos\u00e9s sur le site web d\u2019ACN.<\/p>\n<figure id=\"attachment_186086\" aria-describedby=\"caption-attachment-186086\" style=\"width: 800px\" class=\"wp-caption aligncenter\"><img loading=\"lazy\" decoding=\"async\" class=\"wp-image-186086 size-large\" src=\"https:\/\/media.acninternational.org\/wp-content\/uploads\/2023\/10\/ACN-20231019-154512-1024x481.jpg\" alt=\"Enfants et jeunes priant le rosaire dans le dioc\u00e8se d'Idukki-MLB - Inde\" width=\"800\" height=\"376\" srcset=\"https:\/\/media.acninternational.org\/wp-content\/uploads\/2023\/10\/ACN-20231019-154512-1024x481.jpg 1024w, https:\/\/media.acninternational.org\/wp-content\/uploads\/2023\/10\/ACN-20231019-154512-300x141.jpg 300w, https:\/\/media.acninternational.org\/wp-content\/uploads\/2023\/10\/ACN-20231019-154512-768x361.jpg 768w, https:\/\/media.acninternational.org\/wp-content\/uploads\/2023\/10\/ACN-20231019-154512.jpg 1080w\" sizes=\"auto, (max-width: 800px) 100vw, 800px\" \/><figcaption id=\"caption-attachment-186086\" class=\"wp-caption-text\">Enfants et jeunes priant le rosaire dans le dioc\u00e8se d&rsquo;Idukki-MLB &#8211; Inde<\/figcaption><\/figure>\n<p>\u00ab\u00a0Nous sommes tr\u00e8s reconnaissants pour les nombreux enfants qui ont pri\u00e9 dans le monde entier\u2026 il est impressionnant de voir combien d\u2019enfants de tant de pays ont demand\u00e9 l\u2019intercession de la Vierge Marie en faveur de la paix. La magnifique participation a montr\u00e9 d\u2019une part l\u2019immense inqui\u00e9tude et l\u2019ardent d\u00e9sir de paix, et d\u2019autre part le sentiment puissant de nombreuses personnes de vouloir prier pour la paix\u00a0\u00bb, affirme le P\u00e8re Anton L\u00e4sser, assistant eccl\u00e9siastique d\u2019ACN.<\/p>\n<p>L\u2019\u00e9v\u00eaque \u00e9m\u00e9rite de Leiria-Fatima, S.E. le cardinal Antonio Marto, qui pr\u00e9sidait la pri\u00e8re du rosaire au sanctuaire de Notre-Dame de Fatima (Portugal), a dit\u00a0: \u00ab\u00a0Nous sommes tous venus ici dans l\u2019intention particuli\u00e8re de prier ce chapelet afin d\u2019obtenir, gr\u00e2ce \u00e0 l\u2019intercession de la Vierge Marie, le don de la paix pour ce monde est en guerre, en particulier dans le pays o\u00f9 J\u00e9sus et la Vierge Marie ont foul\u00e9 la terre de leur pas, tout comme en Ukraine et partout l\u00e0 o\u00f9 la guerre s\u2019est d\u00e9clench\u00e9e.\u00a0\u00bb<\/p>\n<p>Il a \u00e9galement rappel\u00e9 que le pape Fran\u00e7ois a invit\u00e9 tous les fid\u00e8les et tous les hommes et femmes de bonne volont\u00e9 \u00e0 une autre grande journ\u00e9e de la pri\u00e8re et du je\u00fbne le vendredi 27 octobre, pour la paix en Terre Sainte.<\/p>\n","protected":false},"excerpt":{"rendered":"<p>Pour la premi\u00e8re fois depuis la cr\u00e9ation de l&rsquo;initiative en 2005 \u00e0 Caracas, la capitale du Venezuela, le cap d\u2019un<\/p>\n","protected":false},"author":4258341447,"featured_media":186074,"comment_status":"closed","ping_status":"closed","sticky":false,"template":"","format":"standard","meta":{"_acf_changed":false,"_acn_coauthor_ids":[],"footnotes":""},"categories":[919],"tags":[],"country":[333],"class_list":["post-186094","post","type-post","status-publish","format-standard","has-post-thumbnail","hentry","category-nouvelle","country-international"],"acn_coauthors":[],"acf":[],"yoast_head":"<!-- This site is optimized with the Yoast SEO Premium plugin v27.3 (Yoast SEO v27.3) - https:\/\/yoast.com\/product\/yoast-seo-premium-wordpress\/ -->\n<title>Le monde veut la paix \u2013 plus d\u2019un million d\u2019enfants s\u2019unissent dans la pri\u00e8re | ACN International<\/title>\n<meta name=\"robots\" content=\"index, follow, max-snippet:-1, max-image-preview:large, max-video-preview:-1\" \/>\n<link rel=\"canonical\" href=\"https:\/\/acninternational.org\/fr\/le-monde-veut-la-paix-plus-dun-million-denfants-sunissent-dans-la-priere\/\" \/>\n<meta property=\"og:locale\" content=\"fr_FR\" \/>\n<meta property=\"og:type\" content=\"article\" \/>\n<meta property=\"og:title\" content=\"Le monde veut la paix \u2013 plus d\u2019un million d\u2019enfants s\u2019unissent dans la pri\u00e8re\" \/>\n<meta property=\"og:description\" content=\"Pour la premi\u00e8re fois depuis la cr\u00e9ation de l&#039;initiative en 2005 \u00e0 Caracas, la capitale du Venezuela, le cap d\u2019un\" \/>\n<meta property=\"og:url\" content=\"https:\/\/acninternational.org\/fr\/le-monde-veut-la-paix-plus-dun-million-denfants-sunissent-dans-la-priere\/\" \/>\n<meta property=\"og:site_name\" content=\"ACN International\" \/>\n<meta property=\"article:publisher\" content=\"https:\/\/www.facebook.com\/acninternationalorg\" \/>\n<meta property=\"article:published_time\" content=\"2023-10-27T10:53:18+00:00\" \/>\n<meta property=\"article:modified_time\" content=\"2023-10-27T10:53:25+00:00\" \/>\n<meta property=\"og:image\" content=\"https:\/\/media.acninternational.org\/wp-content\/uploads\/2023\/10\/ACN-20231018-154414.jpg\" \/>\n\t<meta property=\"og:image:width\" content=\"1920\" \/>\n\t<meta property=\"og:image:height\" content=\"700\" \/>\n\t<meta property=\"og:image:type\" content=\"image\/jpeg\" \/>\n<meta name=\"author\" content=\"ACN Press Team\" \/>\n<meta name=\"twitter:card\" content=\"summary_large_image\" \/>\n<meta name=\"twitter:creator\" content=\"@acn_int\" \/>\n<meta name=\"twitter:site\" content=\"@acn_int\" \/>\n<meta name=\"twitter:label1\" content=\"\u00c9crit par\" \/>\n\t<meta name=\"twitter:data1\" content=\"ACN Press Team\" \/>\n\t<meta name=\"twitter:label2\" content=\"Dur\u00e9e de lecture estim\u00e9e\" \/>\n\t<meta name=\"twitter:data2\" content=\"4 minutes\" \/>\n<script type=\"application\/ld+json\" class=\"yoast-schema-graph\">{\"@context\":\"https:\\\/\\\/schema.org\",\"@graph\":[{\"@type\":\"Article\",\"@id\":\"https:\\\/\\\/acninternational.org\\\/fr\\\/le-monde-veut-la-paix-plus-dun-million-denfants-sunissent-dans-la-priere\\\/#article\",\"isPartOf\":{\"@id\":\"https:\\\/\\\/acninternational.org\\\/fr\\\/le-monde-veut-la-paix-plus-dun-million-denfants-sunissent-dans-la-priere\\\/\"},\"author\":{\"name\":\"ACN Press Team\",\"@id\":\"https:\\\/\\\/acninternational.org\\\/fr\\\/#\\\/schema\\\/person\\\/7f3dafb236b242fb2aa46be1411fd703\"},\"headline\":\"Le monde veut la paix \u2013 plus d\u2019un million d\u2019enfants s\u2019unissent dans la pri\u00e8re\",\"datePublished\":\"2023-10-27T10:53:18+00:00\",\"dateModified\":\"2023-10-27T10:53:25+00:00\",\"mainEntityOfPage\":{\"@id\":\"https:\\\/\\\/acninternational.org\\\/fr\\\/le-monde-veut-la-paix-plus-dun-million-denfants-sunissent-dans-la-priere\\\/\"},\"wordCount\":677,\"publisher\":{\"@id\":\"https:\\\/\\\/acninternational.org\\\/fr\\\/#organization\"},\"image\":{\"@id\":\"https:\\\/\\\/acninternational.org\\\/fr\\\/le-monde-veut-la-paix-plus-dun-million-denfants-sunissent-dans-la-priere\\\/#primaryimage\"},\"thumbnailUrl\":\"https:\\\/\\\/media.acninternational.org\\\/wp-content\\\/uploads\\\/2023\\\/10\\\/ACN-20231018-154414.jpg\",\"articleSection\":[\"Nouvelle\"],\"inLanguage\":\"fr-FR\"},{\"@type\":\"WebPage\",\"@id\":\"https:\\\/\\\/acninternational.org\\\/fr\\\/le-monde-veut-la-paix-plus-dun-million-denfants-sunissent-dans-la-priere\\\/\",\"url\":\"https:\\\/\\\/acninternational.org\\\/fr\\\/le-monde-veut-la-paix-plus-dun-million-denfants-sunissent-dans-la-priere\\\/\",\"name\":\"Le monde veut la paix \u2013 plus d\u2019un million d\u2019enfants s\u2019unissent dans la pri\u00e8re | ACN International\",\"isPartOf\":{\"@id\":\"https:\\\/\\\/acninternational.org\\\/fr\\\/#website\"},\"primaryImageOfPage\":{\"@id\":\"https:\\\/\\\/acninternational.org\\\/fr\\\/le-monde-veut-la-paix-plus-dun-million-denfants-sunissent-dans-la-priere\\\/#primaryimage\"},\"image\":{\"@id\":\"https:\\\/\\\/acninternational.org\\\/fr\\\/le-monde-veut-la-paix-plus-dun-million-denfants-sunissent-dans-la-priere\\\/#primaryimage\"},\"thumbnailUrl\":\"https:\\\/\\\/media.acninternational.org\\\/wp-content\\\/uploads\\\/2023\\\/10\\\/ACN-20231018-154414.jpg\",\"datePublished\":\"2023-10-27T10:53:18+00:00\",\"dateModified\":\"2023-10-27T10:53:25+00:00\",\"breadcrumb\":{\"@id\":\"https:\\\/\\\/acninternational.org\\\/fr\\\/le-monde-veut-la-paix-plus-dun-million-denfants-sunissent-dans-la-priere\\\/#breadcrumb\"},\"inLanguage\":\"fr-FR\",\"potentialAction\":[{\"@type\":\"ReadAction\",\"target\":[\"https:\\\/\\\/acninternational.org\\\/fr\\\/le-monde-veut-la-paix-plus-dun-million-denfants-sunissent-dans-la-priere\\\/\"]}]},{\"@type\":\"ImageObject\",\"inLanguage\":\"fr-FR\",\"@id\":\"https:\\\/\\\/acninternational.org\\\/fr\\\/le-monde-veut-la-paix-plus-dun-million-denfants-sunissent-dans-la-priere\\\/#primaryimage\",\"url\":\"https:\\\/\\\/media.acninternational.org\\\/wp-content\\\/uploads\\\/2023\\\/10\\\/ACN-20231018-154414.jpg\",\"contentUrl\":\"https:\\\/\\\/media.acninternational.org\\\/wp-content\\\/uploads\\\/2023\\\/10\\\/ACN-20231018-154414.jpg\",\"width\":1920,\"height\":700},{\"@type\":\"BreadcrumbList\",\"@id\":\"https:\\\/\\\/acninternational.org\\\/fr\\\/le-monde-veut-la-paix-plus-dun-million-denfants-sunissent-dans-la-priere\\\/#breadcrumb\",\"itemListElement\":[{\"@type\":\"ListItem\",\"position\":1,\"name\":\"Home\",\"item\":\"https:\\\/\\\/acninternational.org\\\/fr\\\/\"},{\"@type\":\"ListItem\",\"position\":2,\"name\":\"Nouvelles\",\"item\":\"https:\\\/\\\/acninternational.org\\\/fr\\\/category\\\/news-fr\\\/\"},{\"@type\":\"ListItem\",\"position\":3,\"name\":\"Le monde veut la paix \u2013 plus d\u2019un million d\u2019enfants s\u2019unissent dans la pri\u00e8re\"}]},{\"@type\":\"WebSite\",\"@id\":\"https:\\\/\\\/acninternational.org\\\/fr\\\/#website\",\"url\":\"https:\\\/\\\/acninternational.org\\\/fr\\\/\",\"name\":\"ACN International\",\"description\":\"\",\"publisher\":{\"@id\":\"https:\\\/\\\/acninternational.org\\\/fr\\\/#organization\"},\"potentialAction\":[{\"@type\":\"SearchAction\",\"target\":{\"@type\":\"EntryPoint\",\"urlTemplate\":\"https:\\\/\\\/acninternational.org\\\/fr\\\/?s={search_term_string}\"},\"query-input\":{\"@type\":\"PropertyValueSpecification\",\"valueRequired\":true,\"valueName\":\"search_term_string\"}}],\"inLanguage\":\"fr-FR\"},{\"@type\":\"Organization\",\"@id\":\"https:\\\/\\\/acninternational.org\\\/fr\\\/#organization\",\"name\":\"Aid to the Church in Need International\",\"url\":\"https:\\\/\\\/acninternational.org\\\/fr\\\/\",\"logo\":{\"@type\":\"ImageObject\",\"inLanguage\":\"fr-FR\",\"@id\":\"https:\\\/\\\/acninternational.org\\\/fr\\\/#\\\/schema\\\/logo\\\/image\\\/\",\"url\":\"https:\\\/\\\/media.acninternational.org\\\/wp-content\\\/uploads\\\/2019\\\/11\\\/acn_logo_blackvector.svg\",\"contentUrl\":\"https:\\\/\\\/media.acninternational.org\\\/wp-content\\\/uploads\\\/2019\\\/11\\\/acn_logo_blackvector.svg\",\"width\":232.6,\"height\":78,\"caption\":\"Aid to the Church in Need International\"},\"image\":{\"@id\":\"https:\\\/\\\/acninternational.org\\\/fr\\\/#\\\/schema\\\/logo\\\/image\\\/\"},\"sameAs\":[\"https:\\\/\\\/www.facebook.com\\\/acninternationalorg\",\"https:\\\/\\\/x.com\\\/acn_int\",\"https:\\\/\\\/www.youtube.com\\\/channel\\\/UCQ-077gS0TnVzkhHmf1opZw\",\"https:\\\/\\\/www.instagram.com\\\/acn_international\\\/\"]},{\"@type\":\"Person\",\"@id\":\"https:\\\/\\\/acninternational.org\\\/fr\\\/#\\\/schema\\\/person\\\/7f3dafb236b242fb2aa46be1411fd703\",\"name\":\"ACN Press Team\",\"description\":\"Lorem ipsum dolor sit amet, consectetur adipiscing elit, sed do eiusmod tempor incididunt ut labore et dolore magna aliqua. Ut enim ad minim veniam, quis nostrud exercitation ullamco laboris nisi ut aliquip ex ea commodo consequat.\",\"url\":\"https:\\\/\\\/acninternational.org\\\/fr\\\/author\\\/acn-press-team\\\/\"}]}<\/script>\n<!-- \/ Yoast SEO Premium plugin. -->","yoast_head_json":{"title":"Le monde veut la paix \u2013 plus d\u2019un million d\u2019enfants s\u2019unissent dans la pri\u00e8re | ACN International","robots":{"index":"index","follow":"follow","max-snippet":"max-snippet:-1","max-image-preview":"max-image-preview:large","max-video-preview":"max-video-preview:-1"},"canonical":"https:\/\/acninternational.org\/fr\/le-monde-veut-la-paix-plus-dun-million-denfants-sunissent-dans-la-priere\/","og_locale":"fr_FR","og_type":"article","og_title":"Le monde veut la paix \u2013 plus d\u2019un million d\u2019enfants s\u2019unissent dans la pri\u00e8re","og_description":"Pour la premi\u00e8re fois depuis la cr\u00e9ation de l'initiative en 2005 \u00e0 Caracas, la capitale du Venezuela, le cap d\u2019un","og_url":"https:\/\/acninternational.org\/fr\/le-monde-veut-la-paix-plus-dun-million-denfants-sunissent-dans-la-priere\/","og_site_name":"ACN International","article_publisher":"https:\/\/www.facebook.com\/acninternationalorg","article_published_time":"2023-10-27T10:53:18+00:00","article_modified_time":"2023-10-27T10:53:25+00:00","og_image":[{"width":1920,"height":700,"url":"https:\/\/media.acninternational.org\/wp-content\/uploads\/2023\/10\/ACN-20231018-154414.jpg","type":"image\/jpeg"}],"author":"ACN Press Team","twitter_card":"summary_large_image","twitter_creator":"@acn_int","twitter_site":"@acn_int","twitter_misc":{"\u00c9crit par":"ACN Press Team","Dur\u00e9e de lecture estim\u00e9e":"4 minutes"},"schema":{"@context":"https:\/\/schema.org","@graph":[{"@type":"Article","@id":"https:\/\/acninternational.org\/fr\/le-monde-veut-la-paix-plus-dun-million-denfants-sunissent-dans-la-priere\/#article","isPartOf":{"@id":"https:\/\/acninternational.org\/fr\/le-monde-veut-la-paix-plus-dun-million-denfants-sunissent-dans-la-priere\/"},"author":{"name":"ACN Press Team","@id":"https:\/\/acninternational.org\/fr\/#\/schema\/person\/7f3dafb236b242fb2aa46be1411fd703"},"headline":"Le monde veut la paix \u2013 plus d\u2019un million d\u2019enfants s\u2019unissent dans la pri\u00e8re","datePublished":"2023-10-27T10:53:18+00:00","dateModified":"2023-10-27T10:53:25+00:00","mainEntityOfPage":{"@id":"https:\/\/acninternational.org\/fr\/le-monde-veut-la-paix-plus-dun-million-denfants-sunissent-dans-la-priere\/"},"wordCount":677,"publisher":{"@id":"https:\/\/acninternational.org\/fr\/#organization"},"image":{"@id":"https:\/\/acninternational.org\/fr\/le-monde-veut-la-paix-plus-dun-million-denfants-sunissent-dans-la-priere\/#primaryimage"},"thumbnailUrl":"https:\/\/media.acninternational.org\/wp-content\/uploads\/2023\/10\/ACN-20231018-154414.jpg","articleSection":["Nouvelle"],"inLanguage":"fr-FR"},{"@type":"WebPage","@id":"https:\/\/acninternational.org\/fr\/le-monde-veut-la-paix-plus-dun-million-denfants-sunissent-dans-la-priere\/","url":"https:\/\/acninternational.org\/fr\/le-monde-veut-la-paix-plus-dun-million-denfants-sunissent-dans-la-priere\/","name":"Le monde veut la paix \u2013 plus d\u2019un million d\u2019enfants s\u2019unissent dans la pri\u00e8re | ACN International","isPartOf":{"@id":"https:\/\/acninternational.org\/fr\/#website"},"primaryImageOfPage":{"@id":"https:\/\/acninternational.org\/fr\/le-monde-veut-la-paix-plus-dun-million-denfants-sunissent-dans-la-priere\/#primaryimage"},"image":{"@id":"https:\/\/acninternational.org\/fr\/le-monde-veut-la-paix-plus-dun-million-denfants-sunissent-dans-la-priere\/#primaryimage"},"thumbnailUrl":"https:\/\/media.acninternational.org\/wp-content\/uploads\/2023\/10\/ACN-20231018-154414.jpg","datePublished":"2023-10-27T10:53:18+00:00","dateModified":"2023-10-27T10:53:25+00:00","breadcrumb":{"@id":"https:\/\/acninternational.org\/fr\/le-monde-veut-la-paix-plus-dun-million-denfants-sunissent-dans-la-priere\/#breadcrumb"},"inLanguage":"fr-FR","potentialAction":[{"@type":"ReadAction","target":["https:\/\/acninternational.org\/fr\/le-monde-veut-la-paix-plus-dun-million-denfants-sunissent-dans-la-priere\/"]}]},{"@type":"ImageObject","inLanguage":"fr-FR","@id":"https:\/\/acninternational.org\/fr\/le-monde-veut-la-paix-plus-dun-million-denfants-sunissent-dans-la-priere\/#primaryimage","url":"https:\/\/media.acninternational.org\/wp-content\/uploads\/2023\/10\/ACN-20231018-154414.jpg","contentUrl":"https:\/\/media.acninternational.org\/wp-content\/uploads\/2023\/10\/ACN-20231018-154414.jpg","width":1920,"height":700},{"@type":"BreadcrumbList","@id":"https:\/\/acninternational.org\/fr\/le-monde-veut-la-paix-plus-dun-million-denfants-sunissent-dans-la-priere\/#breadcrumb","itemListElement":[{"@type":"ListItem","position":1,"name":"Home","item":"https:\/\/acninternational.org\/fr\/"},{"@type":"ListItem","position":2,"name":"Nouvelles","item":"https:\/\/acninternational.org\/fr\/category\/news-fr\/"},{"@type":"ListItem","position":3,"name":"Le monde veut la paix \u2013 plus d\u2019un million d\u2019enfants s\u2019unissent dans la pri\u00e8re"}]},{"@type":"WebSite","@id":"https:\/\/acninternational.org\/fr\/#website","url":"https:\/\/acninternational.org\/fr\/","name":"ACN International","description":"","publisher":{"@id":"https:\/\/acninternational.org\/fr\/#organization"},"potentialAction":[{"@type":"SearchAction","target":{"@type":"EntryPoint","urlTemplate":"https:\/\/acninternational.org\/fr\/?s={search_term_string}"},"query-input":{"@type":"PropertyValueSpecification","valueRequired":true,"valueName":"search_term_string"}}],"inLanguage":"fr-FR"},{"@type":"Organization","@id":"https:\/\/acninternational.org\/fr\/#organization","name":"Aid to the Church in Need International","url":"https:\/\/acninternational.org\/fr\/","logo":{"@type":"ImageObject","inLanguage":"fr-FR","@id":"https:\/\/acninternational.org\/fr\/#\/schema\/logo\/image\/","url":"https:\/\/media.acninternational.org\/wp-content\/uploads\/2019\/11\/acn_logo_blackvector.svg","contentUrl":"https:\/\/media.acninternational.org\/wp-content\/uploads\/2019\/11\/acn_logo_blackvector.svg","width":232.6,"height":78,"caption":"Aid to the Church in Need International"},"image":{"@id":"https:\/\/acninternational.org\/fr\/#\/schema\/logo\/image\/"},"sameAs":["https:\/\/www.facebook.com\/acninternationalorg","https:\/\/x.com\/acn_int","https:\/\/www.youtube.com\/channel\/UCQ-077gS0TnVzkhHmf1opZw","https:\/\/www.instagram.com\/acn_international\/"]},{"@type":"Person","@id":"https:\/\/acninternational.org\/fr\/#\/schema\/person\/7f3dafb236b242fb2aa46be1411fd703","name":"ACN Press Team","description":"Lorem ipsum dolor sit amet, consectetur adipiscing elit, sed do eiusmod tempor incididunt ut labore et dolore magna aliqua. Ut enim ad minim veniam, quis nostrud exercitation ullamco laboris nisi ut aliquip ex ea commodo consequat.","url":"https:\/\/acninternational.org\/fr\/author\/acn-press-team\/"}]}},"_links":{"self":[{"href":"https:\/\/acninternational.org\/fr\/wp-json\/wp\/v2\/posts\/186094","targetHints":{"allow":["GET"]}}],"collection":[{"href":"https:\/\/acninternational.org\/fr\/wp-json\/wp\/v2\/posts"}],"about":[{"href":"https:\/\/acninternational.org\/fr\/wp-json\/wp\/v2\/types\/post"}],"author":[{"embeddable":true,"href":"https:\/\/acninternational.org\/fr\/wp-json\/wp\/v2\/users\/4258341447"}],"replies":[{"embeddable":true,"href":"https:\/\/acninternational.org\/fr\/wp-json\/wp\/v2\/comments?post=186094"}],"version-history":[{"count":0,"href":"https:\/\/acninternational.org\/fr\/wp-json\/wp\/v2\/posts\/186094\/revisions"}],"wp:featuredmedia":[{"embeddable":true,"href":"https:\/\/acninternational.org\/fr\/wp-json\/wp\/v2\/media\/186074"}],"wp:attachment":[{"href":"https:\/\/acninternational.org\/fr\/wp-json\/wp\/v2\/media?parent=186094"}],"wp:term":[{"taxonomy":"category","embeddable":true,"href":"https:\/\/acninternational.org\/fr\/wp-json\/wp\/v2\/categories?post=186094"},{"taxonomy":"post_tag","embeddable":true,"href":"https:\/\/acninternational.org\/fr\/wp-json\/wp\/v2\/tags?post=186094"},{"taxonomy":"country","embeddable":true,"href":"https:\/\/acninternational.org\/fr\/wp-json\/wp\/v2\/country?post=186094"}],"curies":[{"name":"wp","href":"https:\/\/api.w.org\/{rel}","templated":true}]}}