{"id":185937,"date":"2023-10-19T16:06:44","date_gmt":"2023-10-19T14:06:44","guid":{"rendered":"https:\/\/acninternational.org\/?p=185937"},"modified":"2023-10-20T16:26:05","modified_gmt":"2023-10-20T14:26:05","slug":"lanxiete-la-peur-lattente-mais-aussi-la-foi-dans-la-priere-et-lamour-de-dieu","status":"publish","type":"post","link":"https:\/\/acninternational.org\/fr\/lanxiete-la-peur-lattente-mais-aussi-la-foi-dans-la-priere-et-lamour-de-dieu\/","title":{"rendered":"L&rsquo;anxi\u00e9t\u00e9, la peur, l&rsquo;attente&#8230; mais aussi la foi dans la pri\u00e8re et l&rsquo;amour de Dieu."},"content":{"rendered":"<h4 style=\"text-align: center;\"><strong>Comment le conflit entre Isra\u00ebl et la Palestine affecte-t-il les chr\u00e9tiens ?<\/strong><\/h4>\n<p>Il y a quelques semaines seulement, le 30 septembre, Mgr Pierbattista Pizzaballa, patriarche latin de J\u00e9rusalem, a \u00e9t\u00e9 nomm\u00e9 cardinal lors du consistoire \u00e0 Rome. La communaut\u00e9 chr\u00e9tienne de Jordanie, d&rsquo;Isra\u00ebl, de Palestine et de Chypre, pays qui constituent son dioc\u00e8se, s&rsquo;est r\u00e9jouie de la nouvelle. R\u00e9trospectivement, le symbolisme de la calotte rouge qu&rsquo;il a re\u00e7ue \u00e0 cette occasion, et qui signifie le sang vers\u00e9 par les martyrs et la volont\u00e9 des cardinaux de souffrir pour l&rsquo;\u00c9glise, n&rsquo;aurait pas pu \u00eatre plus appropri\u00e9.<\/p>\n<p>Exactement une semaine plus tard, le 7 octobre, le Hamas a men\u00e9 une attaque brutale contre le sud d&rsquo;Isra\u00ebl, entra\u00eenant une r\u00e9action et une contre-attaque qui ont fait plus de 5 000 morts &#8211; 3 600 Palestiniens et 1 400 Isra\u00e9liens &#8211; et 10 000 bless\u00e9s. Plus de 150 Isra\u00e9liens sont toujours retenus en otage par les terroristes \u00e0 Gaza.<\/p>\n<p>Comme le reste de la population, la communaut\u00e9 chr\u00e9tienne d&rsquo;Isra\u00ebl et de Palestine vit depuis lors dans l&rsquo;angoisse, l&rsquo;incertitude et la peur.<\/p>\n<h4><strong>Gaza : \u00ab\u00a0Nous restons avec notre peuple\u00a0\u00bb.<\/strong><\/h4>\n<p>\u00c0 Gaza, environ 150 catholiques et 350 chr\u00e9tiens orthodoxes se sont r\u00e9fugi\u00e9s dans la paroisse catholique de la Sainte Famille, avec un pr\u00eatre et des religieuses de trois congr\u00e9gations. Au total, on estime qu&rsquo;il reste un millier de chr\u00e9tiens \u00e0 Gaza, dont des catholiques, des orthodoxes et des protestants.<\/p>\n<figure id=\"attachment_179757\" aria-describedby=\"caption-attachment-179757\" style=\"width: 800px\" class=\"wp-caption aligncenter\"><img loading=\"lazy\" decoding=\"async\" class=\"wp-image-179757 size-large\" src=\"https:\/\/media.acninternational.org\/wp-content\/uploads\/2023\/04\/ACN-20200217-97204-1024x683.jpeg\" alt=\"Entr\u00e9e du monast\u00e8re copte sur la Via Dolorosa (J\u00e9rusalem) o\u00f9 une plaque indique la 9e station du chemin de croix. Selon la tradition, c'est dans cette zone que J\u00e9sus a fait sa troisi\u00e8me chute avant d'atteindre le mont Calvaire. Sur l'image, on peut voir \u00e0 l'arri\u00e8re-plan le d\u00f4me de l'\u00e9glise du Saint-S\u00e9pulcre.\" width=\"800\" height=\"534\" srcset=\"https:\/\/media.acninternational.org\/wp-content\/uploads\/2023\/04\/ACN-20200217-97204-1024x683.jpeg 1024w, https:\/\/media.acninternational.org\/wp-content\/uploads\/2023\/04\/ACN-20200217-97204-300x200.jpeg 300w, https:\/\/media.acninternational.org\/wp-content\/uploads\/2023\/04\/ACN-20200217-97204-768x512.jpeg 768w, https:\/\/media.acninternational.org\/wp-content\/uploads\/2023\/04\/ACN-20200217-97204.jpeg 1080w\" sizes=\"auto, (max-width: 800px) 100vw, 800px\" \/><figcaption id=\"caption-attachment-179757\" class=\"wp-caption-text\">Entr\u00e9e du monast\u00e8re copte sur la Via Dolorosa (J\u00e9rusalem) o\u00f9 une plaque indique la 9e station du chemin de croix. Selon la tradition, c&rsquo;est dans cette zone que J\u00e9sus a fait sa troisi\u00e8me chute avant d&rsquo;atteindre le mont Calvaire. Sur l&rsquo;image, on peut voir \u00e0 l&rsquo;arri\u00e8re-plan le d\u00f4me de l&rsquo;\u00e9glise du Saint-S\u00e9pulcre.<\/figcaption><\/figure>\n<p>Malgr\u00e9 l&rsquo;ordre du gouvernement isra\u00e9lien d&rsquo;\u00e9vacuer le nord de Gaza, S\u0153ur Nabila, des S\u0153urs du Saint Rosaire, partenaire de projet de Aid to the Church in Need (ACN), a d\u00e9clar\u00e9 \u00e0 la fondation : \u00ab\u00a0Nous avons besoin de m\u00e9dicaments. De nombreux h\u00f4pitaux ont \u00e9t\u00e9 d\u00e9truits. Notre \u00e9cole a \u00e9galement \u00e9t\u00e9 endommag\u00e9e, mais nous n\u2019allons pas partir. Les gens n&rsquo;ont rien, pas m\u00eame l&rsquo;essentiel ; o\u00f9 irions-nous ? Mourir dans la rue ? Nous avons des personnes \u00e2g\u00e9es ici, les s\u0153urs de M\u00e8re Teresa sont aussi ici, avec des personnes lourdement handicap\u00e9es et des personnes \u00e2g\u00e9es. O\u00f9 peuvent-elles aller ? Nous resterons avec elles. Priez pour nous, pour que cette folie prenne fin\u00a0\u00bb supplie-t-elle.<\/p>\n<p>S\u0153ur Nabila n&rsquo;a pas dormi depuis trois jours. La mort de 500 personnes dans la cour de l&rsquo;h\u00f4pital anglican dans la nuit de mardi \u00e0 mercredi (17.10.) l&rsquo;a profond\u00e9ment affect\u00e9e, tout comme les images de destruction dues aux frappes a\u00e9riennes et l&rsquo;abandon total du quartier o\u00f9 se trouve l&rsquo;\u00e9cole que les religieuses avaient \u00e0 Gaza.<\/p>\n<p>La menace du gouvernement isra\u00e9lien de lancer une grande offensive terrestre et d&rsquo;envahir Gaza est l&rsquo;une des principales craintes des chr\u00e9tiens de toute la r\u00e9gion. Tout d&rsquo;abord, en raison de ce que cela signifierait pour la population civile de Gaza et du nombre consid\u00e9rable de morts que cela causerait des deux c\u00f4t\u00e9s, mais aussi en raison de la r\u00e9action possible du Hamas \u00e0 l&rsquo;offensive. Le groupe affirme disposer encore de 5 000 roquettes, et m\u00eame si 85 % d&rsquo;entre elles sont intercept\u00e9es par les radars et les syst\u00e8mes de protection, le reste est suffisant pour faire de terribles d\u00e9g\u00e2ts sur la population isra\u00e9lienne, y compris \u00e0 J\u00e9rusalem.<\/p>\n<h4><strong>Cisjordanie : \u00ab<\/strong> <strong>Beaucoup n&rsquo;avaient presque rien, aujourd&rsquo;hui ils sont d\u00e9sesp\u00e9r\u00e9s\u00bb.<\/strong><\/h4>\n<p>Les chr\u00e9tiens de Cisjordanie, dont le nombre est estim\u00e9 \u00e0 37 000, vivent \u00e9galement dans l&rsquo;incertitude et la peur. Isra\u00ebl est en \u00e9tat de guerre. Plus de 90 % des touristes ont d\u00e9j\u00e0 quitt\u00e9 le pays etles futurs p\u00e8lerinages ont \u00e9t\u00e9 annul\u00e9s jusqu&rsquo;en janvier 2024. \u00ab\u00a0Cela se traduira par une terrible crise \u00e9conomique pour de nombreuses familles chr\u00e9tiennes, car pr\u00e8s de 70 % des chr\u00e9tiens travaillent dans le secteur du tourisme. Beaucoup d\u2019entre eux gagnent leur vie en vendant des souvenirs, ou en tant que chauffeurs de bus, r\u00e9ceptionnistes, etc.\u00a0\u00bb, explique George Akroush, un autre partenaire de projet de ACN, bas\u00e9 \u00e0 J\u00e9rusalem.<\/p>\n<p>\u00ab\u00a0Ceux qui souffrent d\u2019une maladie chronique sont dans une situation terrible, mais m\u00eame les besoins essentiels tels que la nourriture, le loyer, l&rsquo;eau et l&rsquo;\u00e9lectricit\u00e9 sont difficiles \u00e0 satisfaire. Beaucoup \u00e9taient d\u00e9j\u00e0 pauvres, ils n&rsquo;avaient presque rien, maintenant ils sont absolument d\u00e9sesp\u00e9r\u00e9s\u00a0\u00bb, explique Mr. Akroush.<\/p>\n<p>Un autre probl\u00e8me majeur est la fermeture des points de contr\u00f4le pour entrer en Isra\u00ebl. De nombreuses familles chr\u00e9tiennes pr\u00e9f\u00e8rent vivre en Cisjordanie, car elles ont un meilleur acc\u00e8s \u00e0 l&rsquo;\u00e9ducation pour leurs enfants, ce qui est tr\u00e8s important pour elles. Mais elles se rendent \u00e0 J\u00e9rusalem pour travailler. En raison de l&rsquo;\u00e9tat d&rsquo;urgence et pour des raisons de s\u00e9curit\u00e9, elles n&rsquo;ont pas \u00e9t\u00e9 autoris\u00e9es \u00e0 franchir les points de contr\u00f4le ou \u00e0 entrer en Isra\u00ebl depuis le 7 octobre.<\/p>\n<p>En Cisjordanie se trouve le centre de formation spirituelle de Beit Jala, un projet soutenu par plusieurs organisations, dont ACN. Le centre a \u00e9t\u00e9 officiellement inaugur\u00e9 il y a quelques semaines et devait ouvrir ses portes comme lieu de rencontres et de travail entre les s\u00e9minaristes et les la\u00efcs de la communaut\u00e9.\u00a0 Depuis quelques jours, il est devenu une branche du Patriarcat latin, et de nombreux membres du personnel qui ne peuvent pas se rendre \u00e0 J\u00e9rusalem en raison des fermetures des points de contr\u00f4le travaillent \u00e0 distance depuis cette ville.<\/p>\n<h4><strong>J\u00e9rusalem, ville de paix&#8230; en \u00e9tat de guerre<\/strong><\/h4>\n<p>\u00c0 J\u00e9rusalem-Est, o\u00f9 l&rsquo;on compte quelque 10 000 chr\u00e9tiens, la situation est \u00e9galement tr\u00e8s difficile. 40% d&rsquo;entre eux d\u00e9pendent \u00e9galement du secteur touristique et beaucoup ont perdu leur emploi. Les h\u00f4tels sont vides. Les touristes sont partis et de nombreux b\u00e2timents servent de logements de fortune \u00e0 l&rsquo;arm\u00e9e de r\u00e9serve et aux familles qui ont fui les r\u00e9gions du sud d&rsquo;Isra\u00ebl proches des fronti\u00e8res de Gaza. La plupart des chr\u00e9tiens qui travaillaient dans ces h\u00f4tels se retrouvent sans emploi.<\/p>\n<figure id=\"attachment_185918\" aria-describedby=\"caption-attachment-185918\" style=\"width: 800px\" class=\"wp-caption aligncenter\"><img loading=\"lazy\" decoding=\"async\" class=\"wp-image-185918 size-large\" src=\"https:\/\/media.acninternational.org\/wp-content\/uploads\/2023\/10\/ACN-20200217-97223-1024x683.jpg\" alt=\"Trois hommes allument des bougies devant le site de la crucifixion sur le Calvaire. Derri\u00e8re eux, la croix marque l'endroit o\u00f9 J\u00e9sus a \u00e9t\u00e9 crucifi\u00e9 sur le Golgotha, le centre spirituel du christianisme situ\u00e9 dans l'\u00e9glise du Saint-S\u00e9pulcre (J\u00e9rusalem).\" width=\"800\" height=\"534\" srcset=\"https:\/\/media.acninternational.org\/wp-content\/uploads\/2023\/10\/ACN-20200217-97223-1024x683.jpg 1024w, https:\/\/media.acninternational.org\/wp-content\/uploads\/2023\/10\/ACN-20200217-97223-300x200.jpg 300w, https:\/\/media.acninternational.org\/wp-content\/uploads\/2023\/10\/ACN-20200217-97223-768x512.jpg 768w, https:\/\/media.acninternational.org\/wp-content\/uploads\/2023\/10\/ACN-20200217-97223.jpg 1080w\" sizes=\"auto, (max-width: 800px) 100vw, 800px\" \/><figcaption id=\"caption-attachment-185918\" class=\"wp-caption-text\">Trois hommes allument des bougies devant le site de la crucifixion sur le Calvaire. Derri\u00e8re eux, la croix marque l&rsquo;endroit o\u00f9 J\u00e9sus a \u00e9t\u00e9 crucifi\u00e9 sur le Golgotha, le centre spirituel du christianisme situ\u00e9 dans l&rsquo;\u00e9glise du Saint-S\u00e9pulcre (J\u00e9rusalem).<\/figcaption><\/figure>\n<p>\u00ab\u00a0Mais la foi grandit dans les c\u0153urs. En effet, les signes de solidarit\u00e9 sont nombreux. Certaines personnes qui ont conserv\u00e9 leur emploi ont d\u00e9cid\u00e9 de donner 15 % de leur salaire aux familles les plus pauvres. La crise rapproche beaucoup les catholiques, mais la plus grande difficult\u00e9 r\u00e9side dans les soins de sant\u00e9\u00a0\u00bb, explique Mr Akroush.<\/p>\n<p>Le p\u00e8re Artemio Vitores, un franciscain espagnol qui s&rsquo;occupe de l&rsquo;\u00e9glise du C\u00e9nacle, \u00e9crit \u00e0 ACN : \u00ab\u00a0Je ne veux pas \u00eatre trop pessimiste, mais la situation actuelle n&rsquo;a pas grand-chose \u00e0 voir avec la paix. J\u00e9rusalem devrait \u00eatre un signe de paix et d&rsquo;harmonie pour tous, c&rsquo;est une ville sainte pour les juifs, les chr\u00e9tiens et les musulmans. Comme c&rsquo;est difficile ! La paix est un don de Dieu, mais elle se r\u00e9alise avec la coop\u00e9ration de tous les \u00eatres humains.\u00a0\u00bb<\/p>\n<p>\u00ab\u00a0La situation est tr\u00e8s difficile, et nous faisons confiance au Seigneur pour qu&rsquo;elle ne s&rsquo;aggrave pas. Nous devons prier le Seigneur et Marie, la Reine de la Paix, pour que la violence et l&rsquo;intol\u00e9rance ne r\u00e8gnent pas, mais que la concorde et l&rsquo;amour pr\u00e9valent, et que les p\u00e8lerins puissent retourner en Terre Sainte dans la paix et la joie. Ne nous oubliez pas dans vos pri\u00e8res !\u00a0\u00bb<\/p>\n<h4><strong>Le mal ne peut pas avoir le dernier mot\u00a0 <\/strong><\/h4>\n<p>Enfin, il y a aussi une communaut\u00e9 chr\u00e9tienne r\u00e9partie dans d&rsquo;autres r\u00e9gions d&rsquo;Isra\u00ebl, une communaut\u00e9 tr\u00e8s diverse comprenant des visiteurs, des \u00e9tudiants, des volontaires, mais aussi environ 110 000 travailleurs \u00e9trangers.<\/p>\n<p>Tous, \u00e9trangers originaires d&rsquo;autres pays ou personnes ayant la double nationalit\u00e9, ont v\u00e9cu de pr\u00e8s la peur des attaques terroristes, ainsi que la douleur et l&rsquo;angoisse de leur famille, de leurs amis ou de leurs coll\u00e8gues.<\/p>\n<p>Holly, une ressortissante am\u00e9ricaine, se trouvait \u00e0 J\u00e9rusalem lorsque le monde tel qu&rsquo;elle le connaissait s&rsquo;est effondr\u00e9. \u00ab\u00a0Ces derniers jours ont \u00e9t\u00e9 terriblement longs et d\u00e9chirants. Mon c\u0153ur se brise \u00e0 cause des atrocit\u00e9s inhumaines et impensables perp\u00e9tr\u00e9es par le Hamas. Le jour de l&rsquo;attaque initiale, le nombre de Juifs assassin\u00e9s en une seule journ\u00e9e a \u00e9t\u00e9 le plus \u00e9lev\u00e9 depuis l&rsquo;Holocauste. C&rsquo;est vraiment inimaginable\u00a0\u00bb.<\/p>\n<p>Les membres de sa famille et ses amis l&rsquo;ont imm\u00e9diatement aid\u00e9e \u00e0 trouver un billet d&rsquo;avion pour rentrer chez elle. \u00ab\u00a0M\u00eame si j&rsquo;avais le c\u0153ur lourd, j&rsquo;ai fait mes valises. Mais dimanche, j&rsquo;ai re\u00e7u un message qui a chang\u00e9 tous ces plans en moins d&rsquo;une minute\u00a0\u00bb explique-t-elle. Une organisation humanitaire lui a demand\u00e9, par l&rsquo;interm\u00e9diaire d&rsquo;un ami, de s&rsquo;occuper des familles juives d\u00e9plac\u00e9es de Sderot, ville situ\u00e9e \u00e0 la fronti\u00e8re avec Gaza. \u00ab\u00a0Ces familles ont d\u00fb quitter pr\u00e9cipitamment leur maison pour \u00e9chapper \u00e0 des terroristes sans piti\u00e9. Je me suis imm\u00e9diatement port\u00e9e volontaire pour les aider\u00a0\u00bb, raconte Holly \u00e0 ACN.<\/p>\n<p>\u00ab\u00a0Je devais rester. Je veux aider de toutes les mani\u00e8res possibles. Il a \u00e9t\u00e9 particuli\u00e8rement difficile de l&rsquo;annoncer \u00e0 mes parents. Nous nous retenions tous de pleurer lorsque je leur ai annonc\u00e9 la nouvelle. Ils ont \u00e9t\u00e9 tr\u00e8s compr\u00e9hensifs et cela signifie beaucoup pour moi. En m\u00eame temps, je sais que c&rsquo;est tr\u00e8s difficile pour eux\u00a0\u00bb.<\/p>\n<p>\u00ab\u00a0J&rsquo;ai v\u00e9cu en Pologne pendant trois ans et j&rsquo;ai visit\u00e9 de nombreux lieux horribles o\u00f9 l&rsquo;Holocauste a eu lieu. En tant que croyante et chr\u00e9tienne, je me suis souvent demand\u00e9 pourquoi tout ce mal \u00e9tait arriv\u00e9. Aujourd&rsquo;hui, si j&rsquo;ai la possibilit\u00e9 d&rsquo;aider, je dois le faire\u00a0\u00bb.<\/p>\n<p>\u00c0 Gaza, \u00e0 J\u00e9rusalem, en Cisjordanie et en Isra\u00ebl, ACN re\u00e7oit des r\u00e9cits de douleur et de peur, mais aussi des t\u00e9moignages de foi, de sacrifice et de d\u00e9vouement. C&rsquo;est la r\u00e9ponse chr\u00e9tienne pour montrer que le mal n&rsquo;a pas le dernier mot.<\/p>\n<p>Lorsque Mgr Pierbattista Pizzaballa a \u00e9t\u00e9 nomm\u00e9 patriarche latin de J\u00e9rusalem, il a \u00e9crit un message aux chr\u00e9tiens de son dioc\u00e8se : \u00ab\u00a0Le pallium nous rappelle que, par notre bapt\u00eame, nous avons choisi de prendre sur nous le joug du Christ, le poids et la gloire de la croix, qui est l&rsquo;amour donn\u00e9 jusqu&rsquo;\u00e0 la mort et au-del\u00e0\u00a0\u00bb.<\/p>\n<h4><strong>Liban : \u00ab\u00a0Nous ne voulons pas d&rsquo;une autre guerre\u00a0\u00bb.<\/strong><\/h4>\n<p>L&rsquo;autre grande crainte est que, en cas d&rsquo;offensive massive, le Liban entre en guerre, ce qui signifierait une terrible escalade de la violence et de la mort qui se propagerait \u00e0 Isra\u00ebl et au Liban. Les deux pays ont d\u00e9j\u00e0 \u00e9norm\u00e9ment souffert de la guerre.<\/p>\n<p>Au Liban, pays d\u00e9j\u00e0 frapp\u00e9 par une terrible crise \u00e9conomique et politique, l&rsquo;inqui\u00e9tude, la peur et l&rsquo;expectative r\u00e8gnent. Des fid\u00e8les du dioc\u00e8se de Tyr, dans le sud du pays, ont d\u00e9j\u00e0 trouv\u00e9 refuge \u00e0 Beyrouth. La situation actuelle leur rappelle les moments difficiles et douloureux v\u00e9cus lors des pr\u00e9c\u00e9dentes guerres sur leur terre.<\/p>\n<p>Marielle Boutros, une jeune Libanaise charg\u00e9e de projet pour ACN au Liban, explique : \u00ab\u00a0Ce dont nous sommes t\u00e9moins aujourd&rsquo;hui \u00e0 Gaza et dans le sud du Liban fait resurgir de vieilles peurs. Nous sommes hant\u00e9s par les ombres de la guerre de 2006. En tant que chr\u00e9tiens vivant au Liban, nous prions pour les victimes et leurs familles, mais nous sommes \u00e9galement inquiets pour notre propre pays : nous ne voulons pas que le Liban soit entra\u00een\u00e9 dans une nouvelle guerre. Ma g\u00e9n\u00e9ration a d\u00e9j\u00e0 v\u00e9cu deux guerres. Nous ne voulons pas revivre tout cela \u00e0 nouveau.\u00a0\u00bb<\/p>\n<h4><strong>Une guerre qui pourrait s&rsquo;\u00e9tendre au Proche-Orient<\/strong><\/h4>\n<p>Les chr\u00e9tiens du Liban, mais aussi de Syrie, d&rsquo;Irak, de Jordanie, d&rsquo;Egypte et d&rsquo;autres pays de la r\u00e9gion observent avec inqui\u00e9tude l&rsquo;issue de ce conflit. Lors d&rsquo;une visite en septembre au si\u00e8ge de Aid to the Church in Need, le patriarche de l&rsquo;\u00c9glise catholique melkite, Sa B\u00e9atitude Youssef Absi, a soulign\u00e9 l&rsquo;importance pour l&rsquo;ensemble du Proche-Orient de trouver une solution au conflit isra\u00e9lo-palestinien : \u00ab\u00a0La question palestinienne est la question principale. C&rsquo;est tr\u00e8s clair pour nous tous ici. Sans solution \u00e0 la question palestinienne, il n&rsquo;y a pas de solution pour le Proche-Orient\u00a0\u00bb, a d\u00e9clar\u00e9 le patriarche Youssef Absi.<\/p>\n<p>Les troubles politiques end\u00e9miques, l&rsquo;extr\u00e9misme islamique, les pers\u00e9cutions, les guerres, les injustices socio-\u00e9conomiques et la discrimination dont sont victimes les chr\u00e9tiens ont entra\u00een\u00e9 une \u00e9migration massive dans tous ces pays. \u00ab\u00a0La deuxi\u00e8me Intifada a entra\u00een\u00e9 l&rsquo;\u00e9migration de 500 familles chr\u00e9tiennes de Palestine. C&rsquo;est avec un grand regret que j&rsquo;ose dire que si cette guerre ne se termine pas bient\u00f4t, nous assisterons \u00e0 une nouvelle vague d&rsquo;\u00e9migration en provenance de la Terre Sainte. C&rsquo;est pourquoi nous devons faire tout ce qui est possible pour sauver ce qui peut l&rsquo;\u00eatre en ces temps critiques\u00a0\u00bb, d\u00e9clare George Akroush.<\/p>\n","protected":false},"excerpt":{"rendered":"<p>Comment le conflit entre Isra\u00ebl et la Palestine affecte-t-il les chr\u00e9tiens ? Il y a quelques semaines seulement,<\/p>\n","protected":false},"author":4258341447,"featured_media":185912,"comment_status":"closed","ping_status":"closed","sticky":false,"template":"","format":"standard","meta":{"_acf_changed":false,"_acn_coauthor_ids":[],"footnotes":""},"categories":[919],"tags":[],"country":[125],"class_list":["post-185937","post","type-post","status-publish","format-standard","has-post-thumbnail","hentry","category-nouvelle","country-israel"],"acn_coauthors":[],"acf":[],"yoast_head":"<!-- This site is optimized with the Yoast SEO Premium plugin v27.3 (Yoast SEO v27.3) - https:\/\/yoast.com\/product\/yoast-seo-premium-wordpress\/ -->\n<title>L&#039;anxi\u00e9t\u00e9, la peur, l&#039;attente... mais aussi la foi dans la pri\u00e8re et l&#039;amour de Dieu. | ACN International<\/title>\n<meta name=\"robots\" content=\"index, follow, max-snippet:-1, max-image-preview:large, max-video-preview:-1\" \/>\n<link rel=\"canonical\" href=\"https:\/\/acninternational.org\/fr\/lanxiete-la-peur-lattente-mais-aussi-la-foi-dans-la-priere-et-lamour-de-dieu\/\" \/>\n<meta property=\"og:locale\" content=\"fr_FR\" \/>\n<meta property=\"og:type\" content=\"article\" \/>\n<meta property=\"og:title\" content=\"L&#039;anxi\u00e9t\u00e9, la peur, l&#039;attente... mais aussi la foi dans la pri\u00e8re et l&#039;amour de Dieu.\" \/>\n<meta property=\"og:description\" content=\"Comment le conflit entre Isra\u00ebl et la Palestine affecte-t-il les chr\u00e9tiens ? Il y a quelques semaines seulement,\" \/>\n<meta property=\"og:url\" content=\"https:\/\/acninternational.org\/fr\/lanxiete-la-peur-lattente-mais-aussi-la-foi-dans-la-priere-et-lamour-de-dieu\/\" \/>\n<meta property=\"og:site_name\" content=\"ACN International\" \/>\n<meta property=\"article:publisher\" content=\"https:\/\/www.facebook.com\/acninternationalorg\" \/>\n<meta property=\"article:published_time\" content=\"2023-10-19T14:06:44+00:00\" \/>\n<meta property=\"article:modified_time\" content=\"2023-10-20T14:26:05+00:00\" \/>\n<meta property=\"og:image\" content=\"https:\/\/media.acninternational.org\/wp-content\/uploads\/2023\/10\/ACN-20200217-97188.jpg\" \/>\n\t<meta property=\"og:image:width\" content=\"1920\" \/>\n\t<meta property=\"og:image:height\" content=\"700\" \/>\n\t<meta property=\"og:image:type\" content=\"image\/jpeg\" \/>\n<meta name=\"author\" content=\"ACN Press Team\" \/>\n<meta name=\"twitter:card\" content=\"summary_large_image\" \/>\n<meta name=\"twitter:creator\" content=\"@acn_int\" \/>\n<meta name=\"twitter:site\" content=\"@acn_int\" \/>\n<meta name=\"twitter:label1\" content=\"\u00c9crit par\" \/>\n\t<meta name=\"twitter:data1\" content=\"ACN Press Team\" \/>\n\t<meta name=\"twitter:label2\" content=\"Dur\u00e9e de lecture estim\u00e9e\" \/>\n\t<meta name=\"twitter:data2\" content=\"10 minutes\" \/>\n<script type=\"application\/ld+json\" class=\"yoast-schema-graph\">{\"@context\":\"https:\\\/\\\/schema.org\",\"@graph\":[{\"@type\":\"Article\",\"@id\":\"https:\\\/\\\/acninternational.org\\\/fr\\\/lanxiete-la-peur-lattente-mais-aussi-la-foi-dans-la-priere-et-lamour-de-dieu\\\/#article\",\"isPartOf\":{\"@id\":\"https:\\\/\\\/acninternational.org\\\/fr\\\/lanxiete-la-peur-lattente-mais-aussi-la-foi-dans-la-priere-et-lamour-de-dieu\\\/\"},\"author\":{\"name\":\"ACN Press Team\",\"@id\":\"https:\\\/\\\/acninternational.org\\\/fr\\\/#\\\/schema\\\/person\\\/7f3dafb236b242fb2aa46be1411fd703\"},\"headline\":\"L&rsquo;anxi\u00e9t\u00e9, la peur, l&rsquo;attente&#8230; mais aussi la foi dans la pri\u00e8re et l&rsquo;amour de Dieu.\",\"datePublished\":\"2023-10-19T14:06:44+00:00\",\"dateModified\":\"2023-10-20T14:26:05+00:00\",\"mainEntityOfPage\":{\"@id\":\"https:\\\/\\\/acninternational.org\\\/fr\\\/lanxiete-la-peur-lattente-mais-aussi-la-foi-dans-la-priere-et-lamour-de-dieu\\\/\"},\"wordCount\":2347,\"publisher\":{\"@id\":\"https:\\\/\\\/acninternational.org\\\/fr\\\/#organization\"},\"image\":{\"@id\":\"https:\\\/\\\/acninternational.org\\\/fr\\\/lanxiete-la-peur-lattente-mais-aussi-la-foi-dans-la-priere-et-lamour-de-dieu\\\/#primaryimage\"},\"thumbnailUrl\":\"https:\\\/\\\/media.acninternational.org\\\/wp-content\\\/uploads\\\/2023\\\/10\\\/ACN-20200217-97188.jpg\",\"articleSection\":[\"Nouvelle\"],\"inLanguage\":\"fr-FR\"},{\"@type\":\"WebPage\",\"@id\":\"https:\\\/\\\/acninternational.org\\\/fr\\\/lanxiete-la-peur-lattente-mais-aussi-la-foi-dans-la-priere-et-lamour-de-dieu\\\/\",\"url\":\"https:\\\/\\\/acninternational.org\\\/fr\\\/lanxiete-la-peur-lattente-mais-aussi-la-foi-dans-la-priere-et-lamour-de-dieu\\\/\",\"name\":\"L'anxi\u00e9t\u00e9, la peur, l'attente... mais aussi la foi dans la pri\u00e8re et l'amour de Dieu. | ACN International\",\"isPartOf\":{\"@id\":\"https:\\\/\\\/acninternational.org\\\/fr\\\/#website\"},\"primaryImageOfPage\":{\"@id\":\"https:\\\/\\\/acninternational.org\\\/fr\\\/lanxiete-la-peur-lattente-mais-aussi-la-foi-dans-la-priere-et-lamour-de-dieu\\\/#primaryimage\"},\"image\":{\"@id\":\"https:\\\/\\\/acninternational.org\\\/fr\\\/lanxiete-la-peur-lattente-mais-aussi-la-foi-dans-la-priere-et-lamour-de-dieu\\\/#primaryimage\"},\"thumbnailUrl\":\"https:\\\/\\\/media.acninternational.org\\\/wp-content\\\/uploads\\\/2023\\\/10\\\/ACN-20200217-97188.jpg\",\"datePublished\":\"2023-10-19T14:06:44+00:00\",\"dateModified\":\"2023-10-20T14:26:05+00:00\",\"breadcrumb\":{\"@id\":\"https:\\\/\\\/acninternational.org\\\/fr\\\/lanxiete-la-peur-lattente-mais-aussi-la-foi-dans-la-priere-et-lamour-de-dieu\\\/#breadcrumb\"},\"inLanguage\":\"fr-FR\",\"potentialAction\":[{\"@type\":\"ReadAction\",\"target\":[\"https:\\\/\\\/acninternational.org\\\/fr\\\/lanxiete-la-peur-lattente-mais-aussi-la-foi-dans-la-priere-et-lamour-de-dieu\\\/\"]}]},{\"@type\":\"ImageObject\",\"inLanguage\":\"fr-FR\",\"@id\":\"https:\\\/\\\/acninternational.org\\\/fr\\\/lanxiete-la-peur-lattente-mais-aussi-la-foi-dans-la-priere-et-lamour-de-dieu\\\/#primaryimage\",\"url\":\"https:\\\/\\\/media.acninternational.org\\\/wp-content\\\/uploads\\\/2023\\\/10\\\/ACN-20200217-97188.jpg\",\"contentUrl\":\"https:\\\/\\\/media.acninternational.org\\\/wp-content\\\/uploads\\\/2023\\\/10\\\/ACN-20200217-97188.jpg\",\"width\":1920,\"height\":700},{\"@type\":\"BreadcrumbList\",\"@id\":\"https:\\\/\\\/acninternational.org\\\/fr\\\/lanxiete-la-peur-lattente-mais-aussi-la-foi-dans-la-priere-et-lamour-de-dieu\\\/#breadcrumb\",\"itemListElement\":[{\"@type\":\"ListItem\",\"position\":1,\"name\":\"Home\",\"item\":\"https:\\\/\\\/acninternational.org\\\/fr\\\/\"},{\"@type\":\"ListItem\",\"position\":2,\"name\":\"Nouvelles\",\"item\":\"https:\\\/\\\/acninternational.org\\\/fr\\\/category\\\/news-fr\\\/\"},{\"@type\":\"ListItem\",\"position\":3,\"name\":\"L&rsquo;anxi\u00e9t\u00e9, la peur, l&rsquo;attente&#8230; mais aussi la foi dans la pri\u00e8re et l&rsquo;amour de Dieu.\"}]},{\"@type\":\"WebSite\",\"@id\":\"https:\\\/\\\/acninternational.org\\\/fr\\\/#website\",\"url\":\"https:\\\/\\\/acninternational.org\\\/fr\\\/\",\"name\":\"ACN International\",\"description\":\"\",\"publisher\":{\"@id\":\"https:\\\/\\\/acninternational.org\\\/fr\\\/#organization\"},\"potentialAction\":[{\"@type\":\"SearchAction\",\"target\":{\"@type\":\"EntryPoint\",\"urlTemplate\":\"https:\\\/\\\/acninternational.org\\\/fr\\\/?s={search_term_string}\"},\"query-input\":{\"@type\":\"PropertyValueSpecification\",\"valueRequired\":true,\"valueName\":\"search_term_string\"}}],\"inLanguage\":\"fr-FR\"},{\"@type\":\"Organization\",\"@id\":\"https:\\\/\\\/acninternational.org\\\/fr\\\/#organization\",\"name\":\"Aid to the Church in Need International\",\"url\":\"https:\\\/\\\/acninternational.org\\\/fr\\\/\",\"logo\":{\"@type\":\"ImageObject\",\"inLanguage\":\"fr-FR\",\"@id\":\"https:\\\/\\\/acninternational.org\\\/fr\\\/#\\\/schema\\\/logo\\\/image\\\/\",\"url\":\"https:\\\/\\\/media.acninternational.org\\\/wp-content\\\/uploads\\\/2019\\\/11\\\/acn_logo_blackvector.svg\",\"contentUrl\":\"https:\\\/\\\/media.acninternational.org\\\/wp-content\\\/uploads\\\/2019\\\/11\\\/acn_logo_blackvector.svg\",\"width\":232.6,\"height\":78,\"caption\":\"Aid to the Church in Need International\"},\"image\":{\"@id\":\"https:\\\/\\\/acninternational.org\\\/fr\\\/#\\\/schema\\\/logo\\\/image\\\/\"},\"sameAs\":[\"https:\\\/\\\/www.facebook.com\\\/acninternationalorg\",\"https:\\\/\\\/x.com\\\/acn_int\",\"https:\\\/\\\/www.youtube.com\\\/channel\\\/UCQ-077gS0TnVzkhHmf1opZw\",\"https:\\\/\\\/www.instagram.com\\\/acn_international\\\/\"]},{\"@type\":\"Person\",\"@id\":\"https:\\\/\\\/acninternational.org\\\/fr\\\/#\\\/schema\\\/person\\\/7f3dafb236b242fb2aa46be1411fd703\",\"name\":\"ACN Press Team\",\"description\":\"Lorem ipsum dolor sit amet, consectetur adipiscing elit, sed do eiusmod tempor incididunt ut labore et dolore magna aliqua. Ut enim ad minim veniam, quis nostrud exercitation ullamco laboris nisi ut aliquip ex ea commodo consequat.\",\"url\":\"https:\\\/\\\/acninternational.org\\\/fr\\\/author\\\/acn-press-team\\\/\"}]}<\/script>\n<!-- \/ Yoast SEO Premium plugin. -->","yoast_head_json":{"title":"L'anxi\u00e9t\u00e9, la peur, l'attente... mais aussi la foi dans la pri\u00e8re et l'amour de Dieu. | ACN International","robots":{"index":"index","follow":"follow","max-snippet":"max-snippet:-1","max-image-preview":"max-image-preview:large","max-video-preview":"max-video-preview:-1"},"canonical":"https:\/\/acninternational.org\/fr\/lanxiete-la-peur-lattente-mais-aussi-la-foi-dans-la-priere-et-lamour-de-dieu\/","og_locale":"fr_FR","og_type":"article","og_title":"L'anxi\u00e9t\u00e9, la peur, l'attente... mais aussi la foi dans la pri\u00e8re et l'amour de Dieu.","og_description":"Comment le conflit entre Isra\u00ebl et la Palestine affecte-t-il les chr\u00e9tiens ? Il y a quelques semaines seulement,","og_url":"https:\/\/acninternational.org\/fr\/lanxiete-la-peur-lattente-mais-aussi-la-foi-dans-la-priere-et-lamour-de-dieu\/","og_site_name":"ACN International","article_publisher":"https:\/\/www.facebook.com\/acninternationalorg","article_published_time":"2023-10-19T14:06:44+00:00","article_modified_time":"2023-10-20T14:26:05+00:00","og_image":[{"width":1920,"height":700,"url":"https:\/\/media.acninternational.org\/wp-content\/uploads\/2023\/10\/ACN-20200217-97188.jpg","type":"image\/jpeg"}],"author":"ACN Press Team","twitter_card":"summary_large_image","twitter_creator":"@acn_int","twitter_site":"@acn_int","twitter_misc":{"\u00c9crit par":"ACN Press Team","Dur\u00e9e de lecture estim\u00e9e":"10 minutes"},"schema":{"@context":"https:\/\/schema.org","@graph":[{"@type":"Article","@id":"https:\/\/acninternational.org\/fr\/lanxiete-la-peur-lattente-mais-aussi-la-foi-dans-la-priere-et-lamour-de-dieu\/#article","isPartOf":{"@id":"https:\/\/acninternational.org\/fr\/lanxiete-la-peur-lattente-mais-aussi-la-foi-dans-la-priere-et-lamour-de-dieu\/"},"author":{"name":"ACN Press Team","@id":"https:\/\/acninternational.org\/fr\/#\/schema\/person\/7f3dafb236b242fb2aa46be1411fd703"},"headline":"L&rsquo;anxi\u00e9t\u00e9, la peur, l&rsquo;attente&#8230; mais aussi la foi dans la pri\u00e8re et l&rsquo;amour de Dieu.","datePublished":"2023-10-19T14:06:44+00:00","dateModified":"2023-10-20T14:26:05+00:00","mainEntityOfPage":{"@id":"https:\/\/acninternational.org\/fr\/lanxiete-la-peur-lattente-mais-aussi-la-foi-dans-la-priere-et-lamour-de-dieu\/"},"wordCount":2347,"publisher":{"@id":"https:\/\/acninternational.org\/fr\/#organization"},"image":{"@id":"https:\/\/acninternational.org\/fr\/lanxiete-la-peur-lattente-mais-aussi-la-foi-dans-la-priere-et-lamour-de-dieu\/#primaryimage"},"thumbnailUrl":"https:\/\/media.acninternational.org\/wp-content\/uploads\/2023\/10\/ACN-20200217-97188.jpg","articleSection":["Nouvelle"],"inLanguage":"fr-FR"},{"@type":"WebPage","@id":"https:\/\/acninternational.org\/fr\/lanxiete-la-peur-lattente-mais-aussi-la-foi-dans-la-priere-et-lamour-de-dieu\/","url":"https:\/\/acninternational.org\/fr\/lanxiete-la-peur-lattente-mais-aussi-la-foi-dans-la-priere-et-lamour-de-dieu\/","name":"L'anxi\u00e9t\u00e9, la peur, l'attente... mais aussi la foi dans la pri\u00e8re et l'amour de Dieu. | ACN International","isPartOf":{"@id":"https:\/\/acninternational.org\/fr\/#website"},"primaryImageOfPage":{"@id":"https:\/\/acninternational.org\/fr\/lanxiete-la-peur-lattente-mais-aussi-la-foi-dans-la-priere-et-lamour-de-dieu\/#primaryimage"},"image":{"@id":"https:\/\/acninternational.org\/fr\/lanxiete-la-peur-lattente-mais-aussi-la-foi-dans-la-priere-et-lamour-de-dieu\/#primaryimage"},"thumbnailUrl":"https:\/\/media.acninternational.org\/wp-content\/uploads\/2023\/10\/ACN-20200217-97188.jpg","datePublished":"2023-10-19T14:06:44+00:00","dateModified":"2023-10-20T14:26:05+00:00","breadcrumb":{"@id":"https:\/\/acninternational.org\/fr\/lanxiete-la-peur-lattente-mais-aussi-la-foi-dans-la-priere-et-lamour-de-dieu\/#breadcrumb"},"inLanguage":"fr-FR","potentialAction":[{"@type":"ReadAction","target":["https:\/\/acninternational.org\/fr\/lanxiete-la-peur-lattente-mais-aussi-la-foi-dans-la-priere-et-lamour-de-dieu\/"]}]},{"@type":"ImageObject","inLanguage":"fr-FR","@id":"https:\/\/acninternational.org\/fr\/lanxiete-la-peur-lattente-mais-aussi-la-foi-dans-la-priere-et-lamour-de-dieu\/#primaryimage","url":"https:\/\/media.acninternational.org\/wp-content\/uploads\/2023\/10\/ACN-20200217-97188.jpg","contentUrl":"https:\/\/media.acninternational.org\/wp-content\/uploads\/2023\/10\/ACN-20200217-97188.jpg","width":1920,"height":700},{"@type":"BreadcrumbList","@id":"https:\/\/acninternational.org\/fr\/lanxiete-la-peur-lattente-mais-aussi-la-foi-dans-la-priere-et-lamour-de-dieu\/#breadcrumb","itemListElement":[{"@type":"ListItem","position":1,"name":"Home","item":"https:\/\/acninternational.org\/fr\/"},{"@type":"ListItem","position":2,"name":"Nouvelles","item":"https:\/\/acninternational.org\/fr\/category\/news-fr\/"},{"@type":"ListItem","position":3,"name":"L&rsquo;anxi\u00e9t\u00e9, la peur, l&rsquo;attente&#8230; mais aussi la foi dans la pri\u00e8re et l&rsquo;amour de Dieu."}]},{"@type":"WebSite","@id":"https:\/\/acninternational.org\/fr\/#website","url":"https:\/\/acninternational.org\/fr\/","name":"ACN International","description":"","publisher":{"@id":"https:\/\/acninternational.org\/fr\/#organization"},"potentialAction":[{"@type":"SearchAction","target":{"@type":"EntryPoint","urlTemplate":"https:\/\/acninternational.org\/fr\/?s={search_term_string}"},"query-input":{"@type":"PropertyValueSpecification","valueRequired":true,"valueName":"search_term_string"}}],"inLanguage":"fr-FR"},{"@type":"Organization","@id":"https:\/\/acninternational.org\/fr\/#organization","name":"Aid to the Church in Need International","url":"https:\/\/acninternational.org\/fr\/","logo":{"@type":"ImageObject","inLanguage":"fr-FR","@id":"https:\/\/acninternational.org\/fr\/#\/schema\/logo\/image\/","url":"https:\/\/media.acninternational.org\/wp-content\/uploads\/2019\/11\/acn_logo_blackvector.svg","contentUrl":"https:\/\/media.acninternational.org\/wp-content\/uploads\/2019\/11\/acn_logo_blackvector.svg","width":232.6,"height":78,"caption":"Aid to the Church in Need International"},"image":{"@id":"https:\/\/acninternational.org\/fr\/#\/schema\/logo\/image\/"},"sameAs":["https:\/\/www.facebook.com\/acninternationalorg","https:\/\/x.com\/acn_int","https:\/\/www.youtube.com\/channel\/UCQ-077gS0TnVzkhHmf1opZw","https:\/\/www.instagram.com\/acn_international\/"]},{"@type":"Person","@id":"https:\/\/acninternational.org\/fr\/#\/schema\/person\/7f3dafb236b242fb2aa46be1411fd703","name":"ACN Press Team","description":"Lorem ipsum dolor sit amet, consectetur adipiscing elit, sed do eiusmod tempor incididunt ut labore et dolore magna aliqua. Ut enim ad minim veniam, quis nostrud exercitation ullamco laboris nisi ut aliquip ex ea commodo consequat.","url":"https:\/\/acninternational.org\/fr\/author\/acn-press-team\/"}]}},"_links":{"self":[{"href":"https:\/\/acninternational.org\/fr\/wp-json\/wp\/v2\/posts\/185937","targetHints":{"allow":["GET"]}}],"collection":[{"href":"https:\/\/acninternational.org\/fr\/wp-json\/wp\/v2\/posts"}],"about":[{"href":"https:\/\/acninternational.org\/fr\/wp-json\/wp\/v2\/types\/post"}],"author":[{"embeddable":true,"href":"https:\/\/acninternational.org\/fr\/wp-json\/wp\/v2\/users\/4258341447"}],"replies":[{"embeddable":true,"href":"https:\/\/acninternational.org\/fr\/wp-json\/wp\/v2\/comments?post=185937"}],"version-history":[{"count":0,"href":"https:\/\/acninternational.org\/fr\/wp-json\/wp\/v2\/posts\/185937\/revisions"}],"wp:featuredmedia":[{"embeddable":true,"href":"https:\/\/acninternational.org\/fr\/wp-json\/wp\/v2\/media\/185912"}],"wp:attachment":[{"href":"https:\/\/acninternational.org\/fr\/wp-json\/wp\/v2\/media?parent=185937"}],"wp:term":[{"taxonomy":"category","embeddable":true,"href":"https:\/\/acninternational.org\/fr\/wp-json\/wp\/v2\/categories?post=185937"},{"taxonomy":"post_tag","embeddable":true,"href":"https:\/\/acninternational.org\/fr\/wp-json\/wp\/v2\/tags?post=185937"},{"taxonomy":"country","embeddable":true,"href":"https:\/\/acninternational.org\/fr\/wp-json\/wp\/v2\/country?post=185937"}],"curies":[{"name":"wp","href":"https:\/\/api.w.org\/{rel}","templated":true}]}}