{"id":185345,"date":"2023-09-20T13:36:45","date_gmt":"2023-09-20T11:36:45","guid":{"rendered":"https:\/\/acninternational.org\/?p=185345"},"modified":"2023-09-20T13:37:03","modified_gmt":"2023-09-20T11:37:03","slug":"le-patriarche-syrien-declare-malgre-toutes-les-difficultes-cela-a-ete-un-temps-de-grande-grace","status":"publish","type":"post","link":"https:\/\/acninternational.org\/fr\/le-patriarche-syrien-declare-malgre-toutes-les-difficultes-cela-a-ete-un-temps-de-grande-grace\/","title":{"rendered":"Le Patriarche syrien d\u00e9clare : Malgr\u00e9 toutes les difficult\u00e9s, cela a \u00e9t\u00e9 \u00ab un temps de grande gr\u00e2ce \u00bb"},"content":{"rendered":"<p><em>Le patriarche Youssef Absi, chef de l\u2019\u00c9glise melkite catholique, remercie l\u2019ACN pour le soutien qu\u2019elle a apport\u00e9 aux chr\u00e9tiens du Liban et de Syrie, et affirme qu\u2019il n\u2019y aura pas de stabilit\u00e9 au Proche-Orient sans justice pour la Palestine. <\/em><\/p>\n<figure id=\"attachment_185319\" aria-describedby=\"caption-attachment-185319\" style=\"width: 800px\" class=\"wp-caption aligncenter\"><img loading=\"lazy\" decoding=\"async\" class=\"wp-image-185319 size-large\" src=\"https:\/\/media.acninternational.org\/wp-content\/uploads\/2023\/09\/ACN-20230911-152925-1024x683.jpg\" alt=\"Visite de Sa B\u00e9atitude Youssef Absi (Patriarche grec melkite d'Antioche) au si\u00e8ge d'ACN International \u00e0 K\u00f6nigstein.Philipp Ozores (Secr\u00e9taire g\u00e9n\u00e9ral d'ACN International) (troisi\u00e8me \u00e0 partir de la gauche), Sa B\u00e9atitude Youssef Absi (au milieu), Regina Lynch (Pr\u00e9sidente ex\u00e9cutive d'ACN International) (troisi\u00e8me \u00e0 partir de la droite), Marco Mencaglia (premier \u00e0 partir de la droite).\" width=\"800\" height=\"534\" srcset=\"https:\/\/media.acninternational.org\/wp-content\/uploads\/2023\/09\/ACN-20230911-152925-1024x683.jpg 1024w, https:\/\/media.acninternational.org\/wp-content\/uploads\/2023\/09\/ACN-20230911-152925-300x200.jpg 300w, https:\/\/media.acninternational.org\/wp-content\/uploads\/2023\/09\/ACN-20230911-152925-768x512.jpg 768w, https:\/\/media.acninternational.org\/wp-content\/uploads\/2023\/09\/ACN-20230911-152925.jpg 1080w\" sizes=\"auto, (max-width: 800px) 100vw, 800px\" \/><figcaption id=\"caption-attachment-185319\" class=\"wp-caption-text\">Visite de Sa B\u00e9atitude Youssef Absi (Patriarche grec melkite d&rsquo;Antioche) au si\u00e8ge d&rsquo;ACN International \u00e0 K\u00f6nigstein. Philipp Ozores (Secr\u00e9taire g\u00e9n\u00e9ral d&rsquo;ACN International) (troisi\u00e8me \u00e0 partir de la gauche), Sa B\u00e9atitude Youssef Absi (au milieu), Regina Lynch (Pr\u00e9sidente ex\u00e9cutive d&rsquo;ACN International) (troisi\u00e8me \u00e0 partir de la droite), Marco Mencaglia (premier \u00e0 partir de la droite).<\/figcaption><\/figure>\n<p>Les chr\u00e9tiens du Proche-Orient continuent de quitter leurs lieux d\u2019origine, malgr\u00e9 toutes les incitations \u00e0 rester qu\u2019ils re\u00e7oivent de leurs \u00c9glises, d\u00e9clare le chef de l\u2019\u00c9glise catholique melkite, le patriarche Youssef Absi.<\/p>\n<p>Le patriarche est \u00e0 la t\u00eate de l\u2019\u00c9glise catholique melkite depuis six ans, une p\u00e9riode difficile marqu\u00e9e par la guerre civile en Syrie, la pand\u00e9mie et une situation financi\u00e8re terrible tant en Syrie qu\u2019au Liban. \u00ab Tout cela a entra\u00een\u00e9 une lenteur dans notre travail. Cela nous a emp\u00each\u00e9s de mener nos projets plus rapidement\u00a0\u00bb. N\u00e9anmoins, il d\u00e9crit cette p\u00e9riode comme un \u00ab temps de grande gr\u00e2ce \u00bb.<\/p>\n<p>Alors que la plupart de ses fid\u00e8les vivent en Syrie et au Liban, le patriarche melkite estime qu\u2019il est de plus en plus difficile de donner de l\u2019espoir aux chr\u00e9tiens, en particulier aux jeunes. \u00ab\u00a0Il y a toujours eu des vagues d\u2019\u00e9migration, mais les raisons changent. Aujourd\u2019hui, c\u2019est surtout pour des raisons \u00e9conomiques, sociales ou politiques\u00a0\u00bb, a-t-il d\u00e9clar\u00e9 \u00e0 Aid to the Church in Need (ACN), lors d\u2019une visite au si\u00e8ge international de l\u2019\u0153uvre catholique de bienfaisance, \u00e0 K\u00f6nigstein, en Allemagne.<\/p>\n<p>\u00ab Beaucoup d\u2019entre eux sont d\u00e9sesp\u00e9r\u00e9s, ils n\u2019ont plus confiance en leur pays. C\u2019est pourquoi ils partent. Nous avons fait beaucoup, surtout au d\u00e9but, pour les garder dans le pays, mais la situation ne s\u2019est pas am\u00e9lior\u00e9e.. Il n\u2019y a pas de lumi\u00e8re au bout du tunnel, nous ne voyons pas de solution \u00e0 court terme. C&rsquo;est pourquoi nous ne parvenons pas \u00e0 les convaincre de rester.\u00bb.<\/p>\n<p>La situation en Syrie pourrait \u00eatre am\u00e9lior\u00e9e si l\u2019Occident levait les sanctions qui, dit-il, p\u00e8sent surtout sur la population civile. \u00ab Je pense que nos amis peuvent exercer une pression d\u2019une mani\u00e8re ou d\u2019une autre sur leurs gouvernements, et parfois m\u00eame sur les chefs religieux, pour aider dans ce sens ou pour assurer la lev\u00e9e des sanctions\u00bb, a-t-il d\u00e9clar\u00e9, <a href=\"https:\/\/acninternational.org\/fr\/demandent-d-honorer-la-memoire-du-pere-paolo-dall-oglio\/\" target=\"_blank\" rel=\"noopener\">faisant \u00e9cho \u00e0 l\u2019appel lanc\u00e9 r\u00e9cemment<\/a> par d\u2019autres dirigeants du Proche-Orient.<\/p>\n<h4><strong>Le conflit isra\u00e9lo-palestinien : la racine de tous les conflits<\/strong><\/h4>\n<p>Un autre pas d\u00e9cisif dans la bonne direction serait que la communaut\u00e9 internationale trouve enfin une solution au conflit isra\u00e9lo-palestinien. \u00ab\u00a0La cause palestinienne est la principale question. Ici, c\u2019est tr\u00e8s clair pour nous. Sans solution \u00e0 la situation palestinienne, il n\u2019y a pas de solution pour le Proche-Orient. Cela implique de donner aux Palestiniens leur ind\u00e9pendance. Pour le moment, nous voyons que certains gouvernements arabes commencent \u00e0 normaliser leurs relations avec Isra\u00ebl, mais cela ne sera d\u2019aucune aide, parce qu\u2019il continue d\u2019y avoir une grande hostilit\u00e9 entre les peuples\u00a0\u00bb, a d\u00e9clar\u00e9 le patriarche Absi.<\/p>\n<figure id=\"attachment_185331\" aria-describedby=\"caption-attachment-185331\" style=\"width: 800px\" class=\"wp-caption aligncenter\"><img loading=\"lazy\" decoding=\"async\" class=\"wp-image-185331 size-large\" src=\"https:\/\/media.acninternational.org\/wp-content\/uploads\/2023\/09\/ACN-20160321-38442-1024x684.jpg\" alt=\"Comme chaque ann\u00e9e, des milliers de chr\u00e9tiens - locaux et \u00e9trangers - ont particip\u00e9 \u00e0 la procession du dimanche des Rameaux. En raison de la violence et de la situation politique, la police isra\u00e9lienne a indiqu\u00e9 \u00e0 l'AED que seulement la moiti\u00e9 des participants de l'ann\u00e9e derni\u00e8re avaient pris part \u00e0 la procession. La procession \u00e9tait dirig\u00e9e par le patriarche latin Fouad Twal, accompagn\u00e9 d'\u00e9v\u00eaques et de membres du clerg\u00e9. La procession a commenc\u00e9 \u00e0 Betphage sur le Mont des Oliviers et s'est termin\u00e9e \u00e0 l'\u00e9glise Sainte-Anne dans la vieille ville de J\u00e9rusalem.\" width=\"800\" height=\"534\" srcset=\"https:\/\/media.acninternational.org\/wp-content\/uploads\/2023\/09\/ACN-20160321-38442-1024x684.jpg 1024w, https:\/\/media.acninternational.org\/wp-content\/uploads\/2023\/09\/ACN-20160321-38442-300x200.jpg 300w, https:\/\/media.acninternational.org\/wp-content\/uploads\/2023\/09\/ACN-20160321-38442-768x513.jpg 768w, https:\/\/media.acninternational.org\/wp-content\/uploads\/2023\/09\/ACN-20160321-38442.jpg 1080w\" sizes=\"auto, (max-width: 800px) 100vw, 800px\" \/><figcaption id=\"caption-attachment-185331\" class=\"wp-caption-text\">Comme chaque ann\u00e9e, des milliers de chr\u00e9tiens &#8211; locaux et \u00e9trangers &#8211; ont particip\u00e9 \u00e0 la procession du dimanche des Rameaux. En raison de la violence et de la situation politique, la police isra\u00e9lienne a indiqu\u00e9 \u00e0 l&rsquo;AED que seulement la moiti\u00e9 des participants de l&rsquo;ann\u00e9e derni\u00e8re avaient pris part \u00e0 la procession. La procession \u00e9tait dirig\u00e9e par le patriarche latin Fouad Twal, accompagn\u00e9 d&rsquo;\u00e9v\u00eaques et de membres du clerg\u00e9. La procession a commenc\u00e9 \u00e0 Betphage sur le Mont des Oliviers et s&rsquo;est termin\u00e9e \u00e0 l&rsquo;\u00e9glise Sainte-Anne dans la vieille ville de J\u00e9rusalem.<\/figcaption><\/figure>\n<p>Malgr\u00e9 toutes les difficult\u00e9s, l\u2019effort doit se poursuivre, a ajout\u00e9 le patriarche, car \u00ab\u00a0la perspective d\u2019un Proche-Orient sans chr\u00e9tiens est impensable\u00a0\u00bb. Le patriarche Youssef Absi a donn\u00e9 l\u2019exemple du Liban, le pays de la r\u00e9gion qui compte la plus forte proportion de chr\u00e9tiens, que Jean-Paul II a d\u00e9crit comme \u00e9tant en soi une mission. \u00ab Le Liban est tr\u00e8s important, non seulement pour le Proche-Orient, mais aussi pour le monde entier, parce que la coexistence entre les musulmans et les chr\u00e9tiens est un exemple pour le monde entier\u00a0\u00bb.<\/p>\n<p>\u00ab\u00a0Aujourd\u2019hui, en Occident, il y a beaucoup de musulmans et dans certains endroits, il y a d\u00e9j\u00e0 des d\u00e9fis \u00e0 relever, de sorte que la mission du Liban est de montrer comment les musulmans et les chr\u00e9tiens peuvent vivre ensemble. La pr\u00e9sence de chr\u00e9tiens au Proche-Orient ne devrait pas \u00eatre un probl\u00e8me. Il est normal que des \u00c8glises y existent et elles devraient y rester \u00bb, a d\u00e9clar\u00e9 le Patriarche Youssef Absi.<\/p>\n<h4><strong>La cr\u00e9ation d&rsquo;une zone chr\u00e9tienne <\/strong><strong>s\u00e9curis\u00e9e<\/strong><strong>\u00a0? <\/strong><\/h4>\n<p>Alors que la pers\u00e9cution des chr\u00e9tiens au Proche-Orient atteignait son apog\u00e9e en 2013 avec la croissance du groupe terroriste \u00c9tat Islamique, des voix se sont \u00e9lev\u00e9es pour r\u00e9clamer la cr\u00e9ation d\u2019une zone chr\u00e9tienne s\u00e9curis\u00e9e, qu\u2019il s\u2019agisse d\u2019un pays ou d\u2019une r\u00e9gion autonome situ\u00e9e, par exemple, dans la plaine de Ninive, en Irak.<\/p>\n<p>Cependant, la majorit\u00e9 des chefs religieux chr\u00e9tiens se sont oppos\u00e9s \u00e0 cette id\u00e9e, et le patriarche Youssef Absi ne fait pas exception. \u00ab\u00a0Ce serait un suicide, ce n\u2019est pas une solution\u00a0\u00bb, a-t-il d\u00e9clar\u00e9.<\/p>\n<figure id=\"attachment_185337\" aria-describedby=\"caption-attachment-185337\" style=\"width: 800px\" class=\"wp-caption aligncenter\"><img loading=\"lazy\" decoding=\"async\" class=\"wp-image-185337 size-large\" src=\"https:\/\/media.acninternational.org\/wp-content\/uploads\/2023\/09\/ACN-20230802-150721-1024x576.jpg\" alt=\"Le s\u00e9minariste Mario Freiha en train de prier\" width=\"800\" height=\"450\" srcset=\"https:\/\/media.acninternational.org\/wp-content\/uploads\/2023\/09\/ACN-20230802-150721-1024x576.jpg 1024w, https:\/\/media.acninternational.org\/wp-content\/uploads\/2023\/09\/ACN-20230802-150721-300x169.jpg 300w, https:\/\/media.acninternational.org\/wp-content\/uploads\/2023\/09\/ACN-20230802-150721-768x432.jpg 768w, https:\/\/media.acninternational.org\/wp-content\/uploads\/2023\/09\/ACN-20230802-150721.jpg 1080w\" sizes=\"auto, (max-width: 800px) 100vw, 800px\" \/><figcaption id=\"caption-attachment-185337\" class=\"wp-caption-text\">Le s\u00e9minariste Mario Freiha en train de prier<\/figcaption><\/figure>\n<p>Pour le meilleur ou pour le pire, a-t-il ajout\u00e9, les chr\u00e9tiens et les musulmans ont une histoire de coexistence, mais la cr\u00e9ation d&rsquo;une zone exclusivement chr\u00e9tienne susciterait la col\u00e8re des autres citoyens du pays. \u00ab\u00a0Vous avez le droit de vivre dans un grand pays, pourquoi choisiriez-vous de vivre dans un petit pays entour\u00e9 de gens qui sont devenus vos ennemis\u00a0?\u00a0\u00bb.<\/p>\n<h4><strong>Gratitude pour l\u2019aide d\u2019ACN<\/strong><\/h4>\n<p>La situation en Syrie et au Liban est peut-\u00eatre d\u00e9sesp\u00e9r\u00e9e,, selon le chef de l\u2019\u00c9glise melkite, mais elle serait bien pire sans l\u2019aide fournie par ACN.<\/p>\n<p>\u00ab\u00a0Nous avons remarqu\u00e9 que ACN avait doubl\u00e9, et parfois tripl\u00e9, son aide au cours de la derni\u00e8re d\u00e9cennie. Les r\u00e9sultats sont clairement visibles, et nous vous remercions du fond du c\u0153ur, nous pouvons voir que vous voulez vraiment \u00eatre pr\u00e9sents en Syrie et au Liban, d\u2019une mani\u00e8re sp\u00e9ciale\u00a0\u00bb.<\/p>\n<p>\u00ab Ce n\u2019est pas seulement une aide financi\u00e8re ou \u00e9conomique, c\u2019est l\u2019esprit avec lequel ils travaillent, la g\u00e9n\u00e9rosit\u00e9, l\u2019amour, le sourire. Nous rendons gr\u00e2ce \u00e0 Dieu de nous avoir envoy\u00e9 des fr\u00e8res et des s\u0153urs de ce calibre, des chr\u00e9tiens engag\u00e9s \u00bb a conclu le patriarche.<\/p>\n","protected":false},"excerpt":{"rendered":"<p>Le patriarche Youssef Absi, chef de l\u2019\u00c9glise melkite catholique, remercie l\u2019ACN pour le soutien qu\u2019elle a apport\u00e9 aux chr\u00e9tiens du<\/p>\n","protected":false},"author":4258341447,"featured_media":185313,"comment_status":"closed","ping_status":"closed","sticky":false,"template":"","format":"standard","meta":{"_acf_changed":false,"_acn_coauthor_ids":[],"footnotes":""},"categories":[928],"tags":[],"country":[819],"class_list":["post-185345","post","type-post","status-publish","format-standard","has-post-thumbnail","hentry","category-interview","country-syrie"],"acn_coauthors":[],"acf":[],"yoast_head":"<!-- This site is optimized with the Yoast SEO Premium plugin v27.3 (Yoast SEO v27.3) - https:\/\/yoast.com\/product\/yoast-seo-premium-wordpress\/ -->\n<title>Le Patriarche syrien d\u00e9clare : Malgr\u00e9 toutes les difficult\u00e9s, cela a \u00e9t\u00e9 \u00ab un temps de grande gr\u00e2ce \u00bb | ACN International<\/title>\n<meta name=\"robots\" content=\"index, follow, max-snippet:-1, max-image-preview:large, max-video-preview:-1\" \/>\n<link rel=\"canonical\" href=\"https:\/\/acninternational.org\/fr\/le-patriarche-syrien-declare-malgre-toutes-les-difficultes-cela-a-ete-un-temps-de-grande-grace\/\" \/>\n<meta property=\"og:locale\" content=\"fr_FR\" \/>\n<meta property=\"og:type\" content=\"article\" \/>\n<meta property=\"og:title\" content=\"Le Patriarche syrien d\u00e9clare : Malgr\u00e9 toutes les difficult\u00e9s, cela a \u00e9t\u00e9 \u00ab un temps de grande gr\u00e2ce \u00bb\" \/>\n<meta property=\"og:description\" content=\"Le patriarche Youssef Absi, chef de l\u2019\u00c9glise melkite catholique, remercie l\u2019ACN pour le soutien qu\u2019elle a apport\u00e9 aux chr\u00e9tiens du\" \/>\n<meta property=\"og:url\" content=\"https:\/\/acninternational.org\/fr\/le-patriarche-syrien-declare-malgre-toutes-les-difficultes-cela-a-ete-un-temps-de-grande-grace\/\" \/>\n<meta property=\"og:site_name\" content=\"ACN International\" \/>\n<meta property=\"article:publisher\" content=\"https:\/\/www.facebook.com\/acninternationalorg\" \/>\n<meta property=\"article:published_time\" content=\"2023-09-20T11:36:45+00:00\" \/>\n<meta property=\"article:modified_time\" content=\"2023-09-20T11:37:03+00:00\" \/>\n<meta property=\"og:image\" content=\"https:\/\/media.acninternational.org\/wp-content\/uploads\/2023\/09\/ACN-20221021-135324.jpg\" \/>\n\t<meta property=\"og:image:width\" content=\"1920\" \/>\n\t<meta property=\"og:image:height\" content=\"700\" \/>\n\t<meta property=\"og:image:type\" content=\"image\/jpeg\" \/>\n<meta name=\"author\" content=\"ACN Press Team\" \/>\n<meta name=\"twitter:card\" content=\"summary_large_image\" \/>\n<meta name=\"twitter:creator\" content=\"@acn_int\" \/>\n<meta name=\"twitter:site\" content=\"@acn_int\" \/>\n<meta name=\"twitter:label1\" content=\"\u00c9crit par\" \/>\n\t<meta name=\"twitter:data1\" content=\"ACN Press Team\" \/>\n\t<meta name=\"twitter:label2\" content=\"Dur\u00e9e de lecture estim\u00e9e\" \/>\n\t<meta name=\"twitter:data2\" content=\"6 minutes\" \/>\n<script type=\"application\/ld+json\" class=\"yoast-schema-graph\">{\"@context\":\"https:\\\/\\\/schema.org\",\"@graph\":[{\"@type\":\"Article\",\"@id\":\"https:\\\/\\\/acninternational.org\\\/fr\\\/le-patriarche-syrien-declare-malgre-toutes-les-difficultes-cela-a-ete-un-temps-de-grande-grace\\\/#article\",\"isPartOf\":{\"@id\":\"https:\\\/\\\/acninternational.org\\\/fr\\\/le-patriarche-syrien-declare-malgre-toutes-les-difficultes-cela-a-ete-un-temps-de-grande-grace\\\/\"},\"author\":{\"name\":\"ACN Press Team\",\"@id\":\"https:\\\/\\\/acninternational.org\\\/fr\\\/#\\\/schema\\\/person\\\/7f3dafb236b242fb2aa46be1411fd703\"},\"headline\":\"Le Patriarche syrien d\u00e9clare : Malgr\u00e9 toutes les difficult\u00e9s, cela a \u00e9t\u00e9 \u00ab un temps de grande gr\u00e2ce \u00bb\",\"datePublished\":\"2023-09-20T11:36:45+00:00\",\"dateModified\":\"2023-09-20T11:37:03+00:00\",\"mainEntityOfPage\":{\"@id\":\"https:\\\/\\\/acninternational.org\\\/fr\\\/le-patriarche-syrien-declare-malgre-toutes-les-difficultes-cela-a-ete-un-temps-de-grande-grace\\\/\"},\"wordCount\":1242,\"publisher\":{\"@id\":\"https:\\\/\\\/acninternational.org\\\/fr\\\/#organization\"},\"image\":{\"@id\":\"https:\\\/\\\/acninternational.org\\\/fr\\\/le-patriarche-syrien-declare-malgre-toutes-les-difficultes-cela-a-ete-un-temps-de-grande-grace\\\/#primaryimage\"},\"thumbnailUrl\":\"https:\\\/\\\/media.acninternational.org\\\/wp-content\\\/uploads\\\/2023\\\/09\\\/ACN-20221021-135324.jpg\",\"articleSection\":[\"Interview\"],\"inLanguage\":\"fr-FR\"},{\"@type\":\"WebPage\",\"@id\":\"https:\\\/\\\/acninternational.org\\\/fr\\\/le-patriarche-syrien-declare-malgre-toutes-les-difficultes-cela-a-ete-un-temps-de-grande-grace\\\/\",\"url\":\"https:\\\/\\\/acninternational.org\\\/fr\\\/le-patriarche-syrien-declare-malgre-toutes-les-difficultes-cela-a-ete-un-temps-de-grande-grace\\\/\",\"name\":\"Le Patriarche syrien d\u00e9clare : Malgr\u00e9 toutes les difficult\u00e9s, cela a \u00e9t\u00e9 \u00ab un temps de grande gr\u00e2ce \u00bb | ACN International\",\"isPartOf\":{\"@id\":\"https:\\\/\\\/acninternational.org\\\/fr\\\/#website\"},\"primaryImageOfPage\":{\"@id\":\"https:\\\/\\\/acninternational.org\\\/fr\\\/le-patriarche-syrien-declare-malgre-toutes-les-difficultes-cela-a-ete-un-temps-de-grande-grace\\\/#primaryimage\"},\"image\":{\"@id\":\"https:\\\/\\\/acninternational.org\\\/fr\\\/le-patriarche-syrien-declare-malgre-toutes-les-difficultes-cela-a-ete-un-temps-de-grande-grace\\\/#primaryimage\"},\"thumbnailUrl\":\"https:\\\/\\\/media.acninternational.org\\\/wp-content\\\/uploads\\\/2023\\\/09\\\/ACN-20221021-135324.jpg\",\"datePublished\":\"2023-09-20T11:36:45+00:00\",\"dateModified\":\"2023-09-20T11:37:03+00:00\",\"breadcrumb\":{\"@id\":\"https:\\\/\\\/acninternational.org\\\/fr\\\/le-patriarche-syrien-declare-malgre-toutes-les-difficultes-cela-a-ete-un-temps-de-grande-grace\\\/#breadcrumb\"},\"inLanguage\":\"fr-FR\",\"potentialAction\":[{\"@type\":\"ReadAction\",\"target\":[\"https:\\\/\\\/acninternational.org\\\/fr\\\/le-patriarche-syrien-declare-malgre-toutes-les-difficultes-cela-a-ete-un-temps-de-grande-grace\\\/\"]}]},{\"@type\":\"ImageObject\",\"inLanguage\":\"fr-FR\",\"@id\":\"https:\\\/\\\/acninternational.org\\\/fr\\\/le-patriarche-syrien-declare-malgre-toutes-les-difficultes-cela-a-ete-un-temps-de-grande-grace\\\/#primaryimage\",\"url\":\"https:\\\/\\\/media.acninternational.org\\\/wp-content\\\/uploads\\\/2023\\\/09\\\/ACN-20221021-135324.jpg\",\"contentUrl\":\"https:\\\/\\\/media.acninternational.org\\\/wp-content\\\/uploads\\\/2023\\\/09\\\/ACN-20221021-135324.jpg\",\"width\":1920,\"height\":700},{\"@type\":\"BreadcrumbList\",\"@id\":\"https:\\\/\\\/acninternational.org\\\/fr\\\/le-patriarche-syrien-declare-malgre-toutes-les-difficultes-cela-a-ete-un-temps-de-grande-grace\\\/#breadcrumb\",\"itemListElement\":[{\"@type\":\"ListItem\",\"position\":1,\"name\":\"Home\",\"item\":\"https:\\\/\\\/acninternational.org\\\/fr\\\/\"},{\"@type\":\"ListItem\",\"position\":2,\"name\":\"Interview\",\"item\":\"https:\\\/\\\/acninternational.org\\\/fr\\\/category\\\/interview-2-fr\\\/\"},{\"@type\":\"ListItem\",\"position\":3,\"name\":\"Le Patriarche syrien d\u00e9clare : Malgr\u00e9 toutes les difficult\u00e9s, cela a \u00e9t\u00e9 \u00ab un temps de grande gr\u00e2ce \u00bb\"}]},{\"@type\":\"WebSite\",\"@id\":\"https:\\\/\\\/acninternational.org\\\/fr\\\/#website\",\"url\":\"https:\\\/\\\/acninternational.org\\\/fr\\\/\",\"name\":\"ACN International\",\"description\":\"\",\"publisher\":{\"@id\":\"https:\\\/\\\/acninternational.org\\\/fr\\\/#organization\"},\"potentialAction\":[{\"@type\":\"SearchAction\",\"target\":{\"@type\":\"EntryPoint\",\"urlTemplate\":\"https:\\\/\\\/acninternational.org\\\/fr\\\/?s={search_term_string}\"},\"query-input\":{\"@type\":\"PropertyValueSpecification\",\"valueRequired\":true,\"valueName\":\"search_term_string\"}}],\"inLanguage\":\"fr-FR\"},{\"@type\":\"Organization\",\"@id\":\"https:\\\/\\\/acninternational.org\\\/fr\\\/#organization\",\"name\":\"Aid to the Church in Need International\",\"url\":\"https:\\\/\\\/acninternational.org\\\/fr\\\/\",\"logo\":{\"@type\":\"ImageObject\",\"inLanguage\":\"fr-FR\",\"@id\":\"https:\\\/\\\/acninternational.org\\\/fr\\\/#\\\/schema\\\/logo\\\/image\\\/\",\"url\":\"https:\\\/\\\/media.acninternational.org\\\/wp-content\\\/uploads\\\/2019\\\/11\\\/acn_logo_blackvector.svg\",\"contentUrl\":\"https:\\\/\\\/media.acninternational.org\\\/wp-content\\\/uploads\\\/2019\\\/11\\\/acn_logo_blackvector.svg\",\"width\":232.6,\"height\":78,\"caption\":\"Aid to the Church in Need International\"},\"image\":{\"@id\":\"https:\\\/\\\/acninternational.org\\\/fr\\\/#\\\/schema\\\/logo\\\/image\\\/\"},\"sameAs\":[\"https:\\\/\\\/www.facebook.com\\\/acninternationalorg\",\"https:\\\/\\\/x.com\\\/acn_int\",\"https:\\\/\\\/www.youtube.com\\\/channel\\\/UCQ-077gS0TnVzkhHmf1opZw\",\"https:\\\/\\\/www.instagram.com\\\/acn_international\\\/\"]},{\"@type\":\"Person\",\"@id\":\"https:\\\/\\\/acninternational.org\\\/fr\\\/#\\\/schema\\\/person\\\/7f3dafb236b242fb2aa46be1411fd703\",\"name\":\"ACN Press Team\",\"description\":\"Lorem ipsum dolor sit amet, consectetur adipiscing elit, sed do eiusmod tempor incididunt ut labore et dolore magna aliqua. Ut enim ad minim veniam, quis nostrud exercitation ullamco laboris nisi ut aliquip ex ea commodo consequat.\",\"url\":\"https:\\\/\\\/acninternational.org\\\/fr\\\/author\\\/acn-press-team\\\/\"}]}<\/script>\n<!-- \/ Yoast SEO Premium plugin. -->","yoast_head_json":{"title":"Le Patriarche syrien d\u00e9clare : Malgr\u00e9 toutes les difficult\u00e9s, cela a \u00e9t\u00e9 \u00ab un temps de grande gr\u00e2ce \u00bb | ACN International","robots":{"index":"index","follow":"follow","max-snippet":"max-snippet:-1","max-image-preview":"max-image-preview:large","max-video-preview":"max-video-preview:-1"},"canonical":"https:\/\/acninternational.org\/fr\/le-patriarche-syrien-declare-malgre-toutes-les-difficultes-cela-a-ete-un-temps-de-grande-grace\/","og_locale":"fr_FR","og_type":"article","og_title":"Le Patriarche syrien d\u00e9clare : Malgr\u00e9 toutes les difficult\u00e9s, cela a \u00e9t\u00e9 \u00ab un temps de grande gr\u00e2ce \u00bb","og_description":"Le patriarche Youssef Absi, chef de l\u2019\u00c9glise melkite catholique, remercie l\u2019ACN pour le soutien qu\u2019elle a apport\u00e9 aux chr\u00e9tiens du","og_url":"https:\/\/acninternational.org\/fr\/le-patriarche-syrien-declare-malgre-toutes-les-difficultes-cela-a-ete-un-temps-de-grande-grace\/","og_site_name":"ACN International","article_publisher":"https:\/\/www.facebook.com\/acninternationalorg","article_published_time":"2023-09-20T11:36:45+00:00","article_modified_time":"2023-09-20T11:37:03+00:00","og_image":[{"width":1920,"height":700,"url":"https:\/\/media.acninternational.org\/wp-content\/uploads\/2023\/09\/ACN-20221021-135324.jpg","type":"image\/jpeg"}],"author":"ACN Press Team","twitter_card":"summary_large_image","twitter_creator":"@acn_int","twitter_site":"@acn_int","twitter_misc":{"\u00c9crit par":"ACN Press Team","Dur\u00e9e de lecture estim\u00e9e":"6 minutes"},"schema":{"@context":"https:\/\/schema.org","@graph":[{"@type":"Article","@id":"https:\/\/acninternational.org\/fr\/le-patriarche-syrien-declare-malgre-toutes-les-difficultes-cela-a-ete-un-temps-de-grande-grace\/#article","isPartOf":{"@id":"https:\/\/acninternational.org\/fr\/le-patriarche-syrien-declare-malgre-toutes-les-difficultes-cela-a-ete-un-temps-de-grande-grace\/"},"author":{"name":"ACN Press Team","@id":"https:\/\/acninternational.org\/fr\/#\/schema\/person\/7f3dafb236b242fb2aa46be1411fd703"},"headline":"Le Patriarche syrien d\u00e9clare : Malgr\u00e9 toutes les difficult\u00e9s, cela a \u00e9t\u00e9 \u00ab un temps de grande gr\u00e2ce \u00bb","datePublished":"2023-09-20T11:36:45+00:00","dateModified":"2023-09-20T11:37:03+00:00","mainEntityOfPage":{"@id":"https:\/\/acninternational.org\/fr\/le-patriarche-syrien-declare-malgre-toutes-les-difficultes-cela-a-ete-un-temps-de-grande-grace\/"},"wordCount":1242,"publisher":{"@id":"https:\/\/acninternational.org\/fr\/#organization"},"image":{"@id":"https:\/\/acninternational.org\/fr\/le-patriarche-syrien-declare-malgre-toutes-les-difficultes-cela-a-ete-un-temps-de-grande-grace\/#primaryimage"},"thumbnailUrl":"https:\/\/media.acninternational.org\/wp-content\/uploads\/2023\/09\/ACN-20221021-135324.jpg","articleSection":["Interview"],"inLanguage":"fr-FR"},{"@type":"WebPage","@id":"https:\/\/acninternational.org\/fr\/le-patriarche-syrien-declare-malgre-toutes-les-difficultes-cela-a-ete-un-temps-de-grande-grace\/","url":"https:\/\/acninternational.org\/fr\/le-patriarche-syrien-declare-malgre-toutes-les-difficultes-cela-a-ete-un-temps-de-grande-grace\/","name":"Le Patriarche syrien d\u00e9clare : Malgr\u00e9 toutes les difficult\u00e9s, cela a \u00e9t\u00e9 \u00ab un temps de grande gr\u00e2ce \u00bb | ACN International","isPartOf":{"@id":"https:\/\/acninternational.org\/fr\/#website"},"primaryImageOfPage":{"@id":"https:\/\/acninternational.org\/fr\/le-patriarche-syrien-declare-malgre-toutes-les-difficultes-cela-a-ete-un-temps-de-grande-grace\/#primaryimage"},"image":{"@id":"https:\/\/acninternational.org\/fr\/le-patriarche-syrien-declare-malgre-toutes-les-difficultes-cela-a-ete-un-temps-de-grande-grace\/#primaryimage"},"thumbnailUrl":"https:\/\/media.acninternational.org\/wp-content\/uploads\/2023\/09\/ACN-20221021-135324.jpg","datePublished":"2023-09-20T11:36:45+00:00","dateModified":"2023-09-20T11:37:03+00:00","breadcrumb":{"@id":"https:\/\/acninternational.org\/fr\/le-patriarche-syrien-declare-malgre-toutes-les-difficultes-cela-a-ete-un-temps-de-grande-grace\/#breadcrumb"},"inLanguage":"fr-FR","potentialAction":[{"@type":"ReadAction","target":["https:\/\/acninternational.org\/fr\/le-patriarche-syrien-declare-malgre-toutes-les-difficultes-cela-a-ete-un-temps-de-grande-grace\/"]}]},{"@type":"ImageObject","inLanguage":"fr-FR","@id":"https:\/\/acninternational.org\/fr\/le-patriarche-syrien-declare-malgre-toutes-les-difficultes-cela-a-ete-un-temps-de-grande-grace\/#primaryimage","url":"https:\/\/media.acninternational.org\/wp-content\/uploads\/2023\/09\/ACN-20221021-135324.jpg","contentUrl":"https:\/\/media.acninternational.org\/wp-content\/uploads\/2023\/09\/ACN-20221021-135324.jpg","width":1920,"height":700},{"@type":"BreadcrumbList","@id":"https:\/\/acninternational.org\/fr\/le-patriarche-syrien-declare-malgre-toutes-les-difficultes-cela-a-ete-un-temps-de-grande-grace\/#breadcrumb","itemListElement":[{"@type":"ListItem","position":1,"name":"Home","item":"https:\/\/acninternational.org\/fr\/"},{"@type":"ListItem","position":2,"name":"Interview","item":"https:\/\/acninternational.org\/fr\/category\/interview-2-fr\/"},{"@type":"ListItem","position":3,"name":"Le Patriarche syrien d\u00e9clare : Malgr\u00e9 toutes les difficult\u00e9s, cela a \u00e9t\u00e9 \u00ab un temps de grande gr\u00e2ce \u00bb"}]},{"@type":"WebSite","@id":"https:\/\/acninternational.org\/fr\/#website","url":"https:\/\/acninternational.org\/fr\/","name":"ACN International","description":"","publisher":{"@id":"https:\/\/acninternational.org\/fr\/#organization"},"potentialAction":[{"@type":"SearchAction","target":{"@type":"EntryPoint","urlTemplate":"https:\/\/acninternational.org\/fr\/?s={search_term_string}"},"query-input":{"@type":"PropertyValueSpecification","valueRequired":true,"valueName":"search_term_string"}}],"inLanguage":"fr-FR"},{"@type":"Organization","@id":"https:\/\/acninternational.org\/fr\/#organization","name":"Aid to the Church in Need International","url":"https:\/\/acninternational.org\/fr\/","logo":{"@type":"ImageObject","inLanguage":"fr-FR","@id":"https:\/\/acninternational.org\/fr\/#\/schema\/logo\/image\/","url":"https:\/\/media.acninternational.org\/wp-content\/uploads\/2019\/11\/acn_logo_blackvector.svg","contentUrl":"https:\/\/media.acninternational.org\/wp-content\/uploads\/2019\/11\/acn_logo_blackvector.svg","width":232.6,"height":78,"caption":"Aid to the Church in Need International"},"image":{"@id":"https:\/\/acninternational.org\/fr\/#\/schema\/logo\/image\/"},"sameAs":["https:\/\/www.facebook.com\/acninternationalorg","https:\/\/x.com\/acn_int","https:\/\/www.youtube.com\/channel\/UCQ-077gS0TnVzkhHmf1opZw","https:\/\/www.instagram.com\/acn_international\/"]},{"@type":"Person","@id":"https:\/\/acninternational.org\/fr\/#\/schema\/person\/7f3dafb236b242fb2aa46be1411fd703","name":"ACN Press Team","description":"Lorem ipsum dolor sit amet, consectetur adipiscing elit, sed do eiusmod tempor incididunt ut labore et dolore magna aliqua. Ut enim ad minim veniam, quis nostrud exercitation ullamco laboris nisi ut aliquip ex ea commodo consequat.","url":"https:\/\/acninternational.org\/fr\/author\/acn-press-team\/"}]}},"_links":{"self":[{"href":"https:\/\/acninternational.org\/fr\/wp-json\/wp\/v2\/posts\/185345","targetHints":{"allow":["GET"]}}],"collection":[{"href":"https:\/\/acninternational.org\/fr\/wp-json\/wp\/v2\/posts"}],"about":[{"href":"https:\/\/acninternational.org\/fr\/wp-json\/wp\/v2\/types\/post"}],"author":[{"embeddable":true,"href":"https:\/\/acninternational.org\/fr\/wp-json\/wp\/v2\/users\/4258341447"}],"replies":[{"embeddable":true,"href":"https:\/\/acninternational.org\/fr\/wp-json\/wp\/v2\/comments?post=185345"}],"version-history":[{"count":0,"href":"https:\/\/acninternational.org\/fr\/wp-json\/wp\/v2\/posts\/185345\/revisions"}],"wp:featuredmedia":[{"embeddable":true,"href":"https:\/\/acninternational.org\/fr\/wp-json\/wp\/v2\/media\/185313"}],"wp:attachment":[{"href":"https:\/\/acninternational.org\/fr\/wp-json\/wp\/v2\/media?parent=185345"}],"wp:term":[{"taxonomy":"category","embeddable":true,"href":"https:\/\/acninternational.org\/fr\/wp-json\/wp\/v2\/categories?post=185345"},{"taxonomy":"post_tag","embeddable":true,"href":"https:\/\/acninternational.org\/fr\/wp-json\/wp\/v2\/tags?post=185345"},{"taxonomy":"country","embeddable":true,"href":"https:\/\/acninternational.org\/fr\/wp-json\/wp\/v2\/country?post=185345"}],"curies":[{"name":"wp","href":"https:\/\/api.w.org\/{rel}","templated":true}]}}