{"id":185298,"date":"2023-09-19T11:32:42","date_gmt":"2023-09-19T09:32:42","guid":{"rendered":"https:\/\/acninternational.org\/?p=185298"},"modified":"2023-09-19T11:32:51","modified_gmt":"2023-09-19T09:32:51","slug":"tchad-un-petit-troupeau-chretien-dans-le-desert","status":"publish","type":"post","link":"https:\/\/acninternational.org\/fr\/tchad-un-petit-troupeau-chretien-dans-le-desert\/","title":{"rendered":"Tchad : un \u00ab petit troupeau \u00bb chr\u00e9tien dans le d\u00e9sert"},"content":{"rendered":"<p><em>Mgr Philippe Abbo Chen est le premier vicaire apostolique autochtone du vicariat de Mongo, \u00e0 l\u2019Est du Tchad. Dans une interview lors de sa visite au si\u00e8ge de la Fondation pontificale de l\u2019Aide \u00e0 l\u2019\u00c9glise en D\u00e9tresse (ACN), il d\u00e9crit un territoire domin\u00e9 par une forte majorit\u00e9 musulmane, o\u00f9 la communaut\u00e9 chr\u00e9tienne tient un r\u00f4le missionnaire jusqu\u2019au c\u0153ur du d\u00e9sert du Sahara. Propos recueillis par Sylvain Dorient.<\/em><\/p>\n<figure id=\"attachment_185278\" aria-describedby=\"caption-attachment-185278\" style=\"width: 800px\" class=\"wp-caption aligncenter\"><img loading=\"lazy\" decoding=\"async\" class=\"wp-image-185278 size-large\" src=\"https:\/\/media.acninternational.org\/wp-content\/uploads\/2023\/09\/ACN-20230912-153007-1024x683.jpg\" alt=\"Visite de l'\u00e9v\u00eaque Abbo Philippe CHEN \u00e0 ACN International\" width=\"800\" height=\"534\" srcset=\"https:\/\/media.acninternational.org\/wp-content\/uploads\/2023\/09\/ACN-20230912-153007-1024x683.jpg 1024w, https:\/\/media.acninternational.org\/wp-content\/uploads\/2023\/09\/ACN-20230912-153007-300x200.jpg 300w, https:\/\/media.acninternational.org\/wp-content\/uploads\/2023\/09\/ACN-20230912-153007-768x512.jpg 768w, https:\/\/media.acninternational.org\/wp-content\/uploads\/2023\/09\/ACN-20230912-153007.jpg 1080w\" sizes=\"auto, (max-width: 800px) 100vw, 800px\" \/><figcaption id=\"caption-attachment-185278\" class=\"wp-caption-text\">Visite de l&rsquo;\u00e9v\u00eaque Abbo Philippe CHEN \u00e0 ACN International<\/figcaption><\/figure>\n<h4><strong>Le Vicariat apostolique de Mongo\u00a0regroupe un territoire immense et d\u00e9sertique, pourriez-vous nous d\u00e9crire cet espace atypique ?<\/strong><\/h4>\n<p>Notre Vicariat couvre la moiti\u00e9 Est du Tchad soit plus de 500\u00a0000 km\u00b2, cela repr\u00e9sente la taille de la France\u00a0! Et sur cette \u00e9tendue vivent environ 1 million 700\u00a0000 personnes. Avec une si faible densit\u00e9, on comprend que l\u2019essentiel de ce territoire est aride. Les musulmans repr\u00e9sentent la grande majorit\u00e9 de la population. Les chr\u00e9tiens ne sont pas plus de 15\u00a0000 sur ce territoire. Pourtant, ce territoire maigre en ressource re\u00e7oit un afflux massif de r\u00e9fugi\u00e9s fuyant le Soudan.<\/p>\n<h4><strong>En quoi la guerre au Soudan vous affecte-t-elle\u00a0? <\/strong><\/h4>\n<p>Nous avons sur le Vicariat plus de 100\u00a0000 r\u00e9fugi\u00e9s qui sont parvenus jusqu\u2019\u00e0 nous, sans la moindre ressource. Ce sont surtout des enfants, des vieillards et des femmes. J\u2019ai vu un groupe d\u2019entre-elles retirer leurs voiles pour les accrocher dans un arbre d\u00e9charn\u00e9, afin qu\u2019il leur donne un peu d\u2019ombre. Nous essayons de leur venir en aide, avec les moyens du Vicariat, mais ceux-ci sont limit\u00e9s. Et nous avons d\u00e9j\u00e0 nos propres probl\u00e8mes de conflits internes s\u00e9culaires entre agriculteurs s\u00e9dentaires et \u00e9leveurs nomades.<\/p>\n<h4><strong>Comment ces conflits se manifestent-ils?<\/strong><\/h4>\n<p>Dans la grande majorit\u00e9 des cas, ce sont des troupeaux du nord qui sont l\u00e2ch\u00e9s sur des terres agricoles du sud. Les champs n\u2019ont pas de barri\u00e8re chez nous, alors ils font des ravages. Quand le paysan vient voir le berger des b\u00eates, il arrive fr\u00e9quemment qu\u2019une dispute \u00e9clate. Puis chacun appelle un fr\u00e8re, un cousin et la dispute se transforme en bagarre g\u00e9n\u00e9rale\u00a0! Malheureusement, beaucoup parmi les nomades sont bien arm\u00e9s. Fin ao\u00fbt, j\u2019ai \u00e9t\u00e9 appel\u00e9 pour me rendre sur le site de l\u2019un de ces conflits \u00e0 Mangalm\u00e9, \u00e0 100 km de Mongo. Un homme avait voulu faire sortir des b\u0153ufs de son champ et une terrible bataille \u00e0 l\u2019arme blanche s\u2019en est suivie. Il y a eu dix morts\u00a0!<\/p>\n<figure id=\"attachment_185284\" aria-describedby=\"caption-attachment-185284\" style=\"width: 800px\" class=\"wp-caption aligncenter\"><img loading=\"lazy\" decoding=\"async\" class=\"wp-image-185284 size-large\" src=\"https:\/\/media.acninternational.org\/wp-content\/uploads\/2023\/09\/ACN-20210526-113434-1024x768.jpg\" alt=\"Communaut\u00e9 Matgoro (Vicariat Apostolique de Mongo)\" width=\"800\" height=\"600\" srcset=\"https:\/\/media.acninternational.org\/wp-content\/uploads\/2023\/09\/ACN-20210526-113434-1024x768.jpg 1024w, https:\/\/media.acninternational.org\/wp-content\/uploads\/2023\/09\/ACN-20210526-113434-300x225.jpg 300w, https:\/\/media.acninternational.org\/wp-content\/uploads\/2023\/09\/ACN-20210526-113434-768x576.jpg 768w, https:\/\/media.acninternational.org\/wp-content\/uploads\/2023\/09\/ACN-20210526-113434.jpg 1080w\" sizes=\"auto, (max-width: 800px) 100vw, 800px\" \/><figcaption id=\"caption-attachment-185284\" class=\"wp-caption-text\">Communaut\u00e9 Matgoro (Vicariat Apostolique de Mongo)<\/figcaption><\/figure>\n<h4><strong>Comment se fait-il que vous, un \u00e9v\u00eaque chr\u00e9tien, soyez appel\u00e9 sur le site d\u2019une attaque de ce type\u00a0? <\/strong><\/h4>\n<p>Les agresseurs comme les victimes \u00e9taient tous musulmans, mais il y a dans notre r\u00e9gion un grand respect des religieux. Ils m\u2019ont demand\u00e9 de me rendre sur place en tant qu\u2019homme de Dieu. J\u2019ai pu rencontrer les victimes\u2026 Quant aux agresseurs, comme toujours, ils avaient disparu dans le d\u00e9sert. Malheureusement, ce type de violence ne fait qu\u2019augmenter avec le temps.<\/p>\n<h4><strong>Qu\u2019est-ce qui provoque cette augmentation de la violence, selon vous\u00a0? <\/strong><\/h4>\n<p>Il y a plusieurs facteurs\u2026 Le d\u00e9sert avance, les lieux de p\u00e2turages diminuent, d\u2019une part. La population tchadienne augmente d\u2019autre part. Donc il y a un conflit pour les ressources. Il est aggrav\u00e9 par la prolif\u00e9ration d\u2019armes \u00e0 feu. De simples disputes d\u00e9g\u00e9n\u00e8rent encore plus vite quand des AK47 sont impliqu\u00e9es\u00a0! Enfin, l\u2019\u00c9tat tchadien traverse une crise de l\u2019autorit\u00e9 depuis la mort du Pr\u00e9sident Idriss D\u00e9by en avril 2021. Nous sommes inquiets de l\u2019avenir du pays. L\u2019\u00e9ducation s\u2019effondre, les prix des denr\u00e9es alimentaires ont \u00e9t\u00e9 multipli\u00e9s par trois. Dans ce contexte difficile, notre \u00c9glise fait office de refuge.<\/p>\n<h4><strong>Constatez-vous que les chr\u00e9tiens subissent des discriminations en raison de leur religion\u00a0? <\/strong><\/h4>\n<p>Il arrive parfois que des paroissiens me disent qu\u2019ils sont mal \u00e0 l\u2019aise d\u2019afficher leur foi dans certains milieux. Mais dans l\u2019ensemble, nous sommes parfaitement libres de vivre notre foi. Nous pouvons faire sonner nos cloches ou r\u00e9aliser des processions librement en pleines rues.<\/p>\n<p>Pourtant, nous rencontrons depuis quelques ann\u00e9es des probl\u00e8mes avec de jeunes imams qui reviennent de leurs formations au Soudan avec une id\u00e9e stricte de l\u2019islam. Ils refusent la fraternit\u00e9 avec les membres d\u2019autres religions. Cela pourrait repr\u00e9senter un probl\u00e8me \u00e0 terme.<\/p>\n<figure id=\"attachment_185290\" aria-describedby=\"caption-attachment-185290\" style=\"width: 607px\" class=\"wp-caption aligncenter\"><img loading=\"lazy\" decoding=\"async\" class=\"wp-image-185290 size-full\" src=\"https:\/\/media.acninternational.org\/wp-content\/uploads\/2023\/09\/ACN-20201110-106797.jpg\" alt=\"Formation de 6 grands s\u00e9minaristes du Vicariat Apostolique de Mongo, 2020\" width=\"607\" height=\"756\" srcset=\"https:\/\/media.acninternational.org\/wp-content\/uploads\/2023\/09\/ACN-20201110-106797.jpg 607w, https:\/\/media.acninternational.org\/wp-content\/uploads\/2023\/09\/ACN-20201110-106797-241x300.jpg 241w\" sizes=\"auto, (max-width: 607px) 100vw, 607px\" \/><figcaption id=\"caption-attachment-185290\" class=\"wp-caption-text\">Formation de 6 grands s\u00e9minaristes du Vicariat Apostolique de Mongo, 2020<\/figcaption><\/figure>\n<p>Enfin, les conversions sont g\u00e9n\u00e9ralement mal v\u00e9cues dans les familles. J\u2019ai pour ma part un fr\u00e8re qui est devenu musulman, avec lequel j\u2019ai de bons rapports, mais cela ne se passe pas toujours aussi bien. Dans mon pays, la personne n\u2019existe pas pour elle-m\u00eame, elle existe pour le groupe. Alors ce genre de d\u00e9marches individuelles est souvent mal compris. En particulier quand un musulman devient chr\u00e9tien. Cette ann\u00e9e, nous avons eu trois cas d\u2019une violence invraisemblable\u00a0au sein de la famille de convertis qui voulaient recevoir le bapt\u00eame.<\/p>\n<h4><strong>Malgr\u00e9 toute ces difficult\u00e9s, deux nouveaux pr\u00eatres vont bient\u00f4t \u00eatre ordonn\u00e9s dans votre Vicariat. C\u2019est tr\u00e8s honorable pour une communaut\u00e9 chr\u00e9tienne de 15\u00a0000 personnes\u00a0! Comment expliquez-vous\u00a0ces vocations ? <\/strong><\/h4>\n<p>Notre \u00c9glise est dynamique\u00a0! Je profite d\u2019ailleurs de cette interview pour remercier ACN qui a particip\u00e9 aux frais de formation de ces deux s\u00e9minaristes. La cath\u00e9drale de Mongo, b\u00e2tie il y a moins de dix ans, n\u2019a d\u00e9j\u00e0 plus assez de places assises pour contenir nos messes dominicales, nous avons d\u00fb nous organiser pour faire plusieurs services. Nous avons des centaines de bapt\u00eames. Notre communaut\u00e9 petite, ultra-minoritaire, perdue dans un immense territoire a une vocation \u00e9vang\u00e9lique originale.<\/p>\n","protected":false},"excerpt":{"rendered":"<p>Mgr Philippe Abbo Chen est le premier vicaire apostolique autochtone du vicariat de Mongo, \u00e0 l\u2019Est du Tchad. Dans une<\/p>\n","protected":false},"author":4258341447,"featured_media":185272,"comment_status":"closed","ping_status":"closed","sticky":false,"template":"","format":"standard","meta":{"_acf_changed":false,"_acn_coauthor_ids":[],"_acn_featured_article":false,"footnotes":""},"categories":[928],"tags":[],"country":[871],"class_list":["post-185298","post","type-post","status-publish","format-standard","has-post-thumbnail","hentry","category-interview","country-tchad"],"acn_coauthors":[],"acf":[],"yoast_head":"<!-- This site is optimized with the Yoast SEO Premium plugin v27.5 (Yoast SEO v27.5) - https:\/\/yoast.com\/product\/yoast-seo-premium-wordpress\/ -->\n<title>Tchad : un \u00ab petit troupeau \u00bb chr\u00e9tien dans le d\u00e9sert | ACN International<\/title>\n<meta name=\"robots\" content=\"index, follow, max-snippet:-1, max-image-preview:large, max-video-preview:-1\" \/>\n<link rel=\"canonical\" href=\"https:\/\/acninternational.org\/fr\/tchad-un-petit-troupeau-chretien-dans-le-desert\/\" \/>\n<meta property=\"og:locale\" content=\"fr_FR\" \/>\n<meta property=\"og:type\" content=\"article\" \/>\n<meta property=\"og:title\" content=\"Tchad : un \u00ab petit troupeau \u00bb chr\u00e9tien dans le d\u00e9sert\" \/>\n<meta property=\"og:description\" content=\"Mgr Philippe Abbo Chen est le premier vicaire apostolique autochtone du vicariat de Mongo, \u00e0 l\u2019Est du Tchad. Dans une\" \/>\n<meta property=\"og:url\" content=\"https:\/\/acninternational.org\/fr\/tchad-un-petit-troupeau-chretien-dans-le-desert\/\" \/>\n<meta property=\"og:site_name\" content=\"ACN International\" \/>\n<meta property=\"article:publisher\" content=\"https:\/\/www.facebook.com\/acninternationalorg\" \/>\n<meta property=\"article:published_time\" content=\"2023-09-19T09:32:42+00:00\" \/>\n<meta property=\"article:modified_time\" content=\"2023-09-19T09:32:51+00:00\" \/>\n<meta property=\"og:image\" content=\"https:\/\/media.acninternational.org\/wp-content\/uploads\/2023\/09\/ACN-20210526-113433.jpg\" \/>\n\t<meta property=\"og:image:width\" content=\"1920\" \/>\n\t<meta property=\"og:image:height\" content=\"700\" \/>\n\t<meta property=\"og:image:type\" content=\"image\/jpeg\" \/>\n<meta name=\"author\" content=\"ACN Press Team\" \/>\n<meta name=\"twitter:card\" content=\"summary_large_image\" \/>\n<meta name=\"twitter:creator\" content=\"@acn_int\" \/>\n<meta name=\"twitter:site\" content=\"@acn_int\" \/>\n<meta name=\"twitter:label1\" content=\"\u00c9crit par\" \/>\n\t<meta name=\"twitter:data1\" content=\"ACN Press Team\" \/>\n\t<meta name=\"twitter:label2\" content=\"Dur\u00e9e de lecture estim\u00e9e\" \/>\n\t<meta name=\"twitter:data2\" content=\"5 minutes\" \/>\n<script type=\"application\/ld+json\" class=\"yoast-schema-graph\">{\"@context\":\"https:\\\/\\\/schema.org\",\"@graph\":[{\"@type\":\"Article\",\"@id\":\"https:\\\/\\\/acninternational.org\\\/fr\\\/tchad-un-petit-troupeau-chretien-dans-le-desert\\\/#article\",\"isPartOf\":{\"@id\":\"https:\\\/\\\/acninternational.org\\\/fr\\\/tchad-un-petit-troupeau-chretien-dans-le-desert\\\/\"},\"author\":{\"name\":\"ACN Press Team\",\"@id\":\"https:\\\/\\\/acninternational.org\\\/fr\\\/#\\\/schema\\\/person\\\/7f3dafb236b242fb2aa46be1411fd703\"},\"headline\":\"Tchad : un \u00ab petit troupeau \u00bb chr\u00e9tien dans le d\u00e9sert\",\"datePublished\":\"2023-09-19T09:32:42+00:00\",\"dateModified\":\"2023-09-19T09:32:51+00:00\",\"mainEntityOfPage\":{\"@id\":\"https:\\\/\\\/acninternational.org\\\/fr\\\/tchad-un-petit-troupeau-chretien-dans-le-desert\\\/\"},\"wordCount\":1017,\"publisher\":{\"@id\":\"https:\\\/\\\/acninternational.org\\\/fr\\\/#organization\"},\"image\":{\"@id\":\"https:\\\/\\\/acninternational.org\\\/fr\\\/tchad-un-petit-troupeau-chretien-dans-le-desert\\\/#primaryimage\"},\"thumbnailUrl\":\"https:\\\/\\\/media.acninternational.org\\\/wp-content\\\/uploads\\\/2023\\\/09\\\/ACN-20210526-113433.jpg\",\"articleSection\":[\"Interview\"],\"inLanguage\":\"fr-FR\"},{\"@type\":\"WebPage\",\"@id\":\"https:\\\/\\\/acninternational.org\\\/fr\\\/tchad-un-petit-troupeau-chretien-dans-le-desert\\\/\",\"url\":\"https:\\\/\\\/acninternational.org\\\/fr\\\/tchad-un-petit-troupeau-chretien-dans-le-desert\\\/\",\"name\":\"Tchad : un \u00ab petit troupeau \u00bb chr\u00e9tien dans le d\u00e9sert | ACN International\",\"isPartOf\":{\"@id\":\"https:\\\/\\\/acninternational.org\\\/fr\\\/#website\"},\"primaryImageOfPage\":{\"@id\":\"https:\\\/\\\/acninternational.org\\\/fr\\\/tchad-un-petit-troupeau-chretien-dans-le-desert\\\/#primaryimage\"},\"image\":{\"@id\":\"https:\\\/\\\/acninternational.org\\\/fr\\\/tchad-un-petit-troupeau-chretien-dans-le-desert\\\/#primaryimage\"},\"thumbnailUrl\":\"https:\\\/\\\/media.acninternational.org\\\/wp-content\\\/uploads\\\/2023\\\/09\\\/ACN-20210526-113433.jpg\",\"datePublished\":\"2023-09-19T09:32:42+00:00\",\"dateModified\":\"2023-09-19T09:32:51+00:00\",\"breadcrumb\":{\"@id\":\"https:\\\/\\\/acninternational.org\\\/fr\\\/tchad-un-petit-troupeau-chretien-dans-le-desert\\\/#breadcrumb\"},\"inLanguage\":\"fr-FR\",\"potentialAction\":[{\"@type\":\"ReadAction\",\"target\":[\"https:\\\/\\\/acninternational.org\\\/fr\\\/tchad-un-petit-troupeau-chretien-dans-le-desert\\\/\"]}]},{\"@type\":\"ImageObject\",\"inLanguage\":\"fr-FR\",\"@id\":\"https:\\\/\\\/acninternational.org\\\/fr\\\/tchad-un-petit-troupeau-chretien-dans-le-desert\\\/#primaryimage\",\"url\":\"https:\\\/\\\/media.acninternational.org\\\/wp-content\\\/uploads\\\/2023\\\/09\\\/ACN-20210526-113433.jpg\",\"contentUrl\":\"https:\\\/\\\/media.acninternational.org\\\/wp-content\\\/uploads\\\/2023\\\/09\\\/ACN-20210526-113433.jpg\",\"width\":1920,\"height\":700},{\"@type\":\"BreadcrumbList\",\"@id\":\"https:\\\/\\\/acninternational.org\\\/fr\\\/tchad-un-petit-troupeau-chretien-dans-le-desert\\\/#breadcrumb\",\"itemListElement\":[{\"@type\":\"ListItem\",\"position\":1,\"name\":\"Home\",\"item\":\"https:\\\/\\\/acninternational.org\\\/fr\\\/\"},{\"@type\":\"ListItem\",\"position\":2,\"name\":\"Interview\",\"item\":\"https:\\\/\\\/acninternational.org\\\/fr\\\/category\\\/interview-2-fr\\\/\"},{\"@type\":\"ListItem\",\"position\":3,\"name\":\"Tchad : un \u00ab petit troupeau \u00bb chr\u00e9tien dans le d\u00e9sert\"}]},{\"@type\":\"WebSite\",\"@id\":\"https:\\\/\\\/acninternational.org\\\/fr\\\/#website\",\"url\":\"https:\\\/\\\/acninternational.org\\\/fr\\\/\",\"name\":\"ACN International\",\"description\":\"\",\"publisher\":{\"@id\":\"https:\\\/\\\/acninternational.org\\\/fr\\\/#organization\"},\"potentialAction\":[{\"@type\":\"SearchAction\",\"target\":{\"@type\":\"EntryPoint\",\"urlTemplate\":\"https:\\\/\\\/acninternational.org\\\/fr\\\/?s={search_term_string}\"},\"query-input\":{\"@type\":\"PropertyValueSpecification\",\"valueRequired\":true,\"valueName\":\"search_term_string\"}}],\"inLanguage\":\"fr-FR\"},{\"@type\":\"Organization\",\"@id\":\"https:\\\/\\\/acninternational.org\\\/fr\\\/#organization\",\"name\":\"Aid to the Church in Need International\",\"url\":\"https:\\\/\\\/acninternational.org\\\/fr\\\/\",\"logo\":{\"@type\":\"ImageObject\",\"inLanguage\":\"fr-FR\",\"@id\":\"https:\\\/\\\/acninternational.org\\\/fr\\\/#\\\/schema\\\/logo\\\/image\\\/\",\"url\":\"https:\\\/\\\/media.acninternational.org\\\/wp-content\\\/uploads\\\/2019\\\/11\\\/acn_logo_blackvector.svg\",\"contentUrl\":\"https:\\\/\\\/media.acninternational.org\\\/wp-content\\\/uploads\\\/2019\\\/11\\\/acn_logo_blackvector.svg\",\"width\":232.6,\"height\":78,\"caption\":\"Aid to the Church in Need International\"},\"image\":{\"@id\":\"https:\\\/\\\/acninternational.org\\\/fr\\\/#\\\/schema\\\/logo\\\/image\\\/\"},\"sameAs\":[\"https:\\\/\\\/www.facebook.com\\\/acninternationalorg\",\"https:\\\/\\\/x.com\\\/acn_int\",\"https:\\\/\\\/www.youtube.com\\\/channel\\\/UCQ-077gS0TnVzkhHmf1opZw\",\"https:\\\/\\\/www.instagram.com\\\/acn_international\\\/\"]},{\"@type\":\"Person\",\"@id\":\"https:\\\/\\\/acninternational.org\\\/fr\\\/#\\\/schema\\\/person\\\/7f3dafb236b242fb2aa46be1411fd703\",\"name\":\"ACN Press Team\",\"description\":\"Lorem ipsum dolor sit amet, consectetur adipiscing elit, sed do eiusmod tempor incididunt ut labore et dolore magna aliqua. Ut enim ad minim veniam, quis nostrud exercitation ullamco laboris nisi ut aliquip ex ea commodo consequat.\",\"url\":\"https:\\\/\\\/acninternational.org\\\/fr\\\/author\\\/acn-press-team\\\/\"}]}<\/script>\n<!-- \/ Yoast SEO Premium plugin. -->","yoast_head_json":{"title":"Tchad : un \u00ab petit troupeau \u00bb chr\u00e9tien dans le d\u00e9sert | ACN International","robots":{"index":"index","follow":"follow","max-snippet":"max-snippet:-1","max-image-preview":"max-image-preview:large","max-video-preview":"max-video-preview:-1"},"canonical":"https:\/\/acninternational.org\/fr\/tchad-un-petit-troupeau-chretien-dans-le-desert\/","og_locale":"fr_FR","og_type":"article","og_title":"Tchad : un \u00ab petit troupeau \u00bb chr\u00e9tien dans le d\u00e9sert","og_description":"Mgr Philippe Abbo Chen est le premier vicaire apostolique autochtone du vicariat de Mongo, \u00e0 l\u2019Est du Tchad. Dans une","og_url":"https:\/\/acninternational.org\/fr\/tchad-un-petit-troupeau-chretien-dans-le-desert\/","og_site_name":"ACN International","article_publisher":"https:\/\/www.facebook.com\/acninternationalorg","article_published_time":"2023-09-19T09:32:42+00:00","article_modified_time":"2023-09-19T09:32:51+00:00","og_image":[{"width":1920,"height":700,"url":"https:\/\/media.acninternational.org\/wp-content\/uploads\/2023\/09\/ACN-20210526-113433.jpg","type":"image\/jpeg"}],"author":"ACN Press Team","twitter_card":"summary_large_image","twitter_creator":"@acn_int","twitter_site":"@acn_int","twitter_misc":{"\u00c9crit par":"ACN Press Team","Dur\u00e9e de lecture estim\u00e9e":"5 minutes"},"schema":{"@context":"https:\/\/schema.org","@graph":[{"@type":"Article","@id":"https:\/\/acninternational.org\/fr\/tchad-un-petit-troupeau-chretien-dans-le-desert\/#article","isPartOf":{"@id":"https:\/\/acninternational.org\/fr\/tchad-un-petit-troupeau-chretien-dans-le-desert\/"},"author":{"name":"ACN Press Team","@id":"https:\/\/acninternational.org\/fr\/#\/schema\/person\/7f3dafb236b242fb2aa46be1411fd703"},"headline":"Tchad : un \u00ab petit troupeau \u00bb chr\u00e9tien dans le d\u00e9sert","datePublished":"2023-09-19T09:32:42+00:00","dateModified":"2023-09-19T09:32:51+00:00","mainEntityOfPage":{"@id":"https:\/\/acninternational.org\/fr\/tchad-un-petit-troupeau-chretien-dans-le-desert\/"},"wordCount":1017,"publisher":{"@id":"https:\/\/acninternational.org\/fr\/#organization"},"image":{"@id":"https:\/\/acninternational.org\/fr\/tchad-un-petit-troupeau-chretien-dans-le-desert\/#primaryimage"},"thumbnailUrl":"https:\/\/media.acninternational.org\/wp-content\/uploads\/2023\/09\/ACN-20210526-113433.jpg","articleSection":["Interview"],"inLanguage":"fr-FR"},{"@type":"WebPage","@id":"https:\/\/acninternational.org\/fr\/tchad-un-petit-troupeau-chretien-dans-le-desert\/","url":"https:\/\/acninternational.org\/fr\/tchad-un-petit-troupeau-chretien-dans-le-desert\/","name":"Tchad : un \u00ab petit troupeau \u00bb chr\u00e9tien dans le d\u00e9sert | ACN International","isPartOf":{"@id":"https:\/\/acninternational.org\/fr\/#website"},"primaryImageOfPage":{"@id":"https:\/\/acninternational.org\/fr\/tchad-un-petit-troupeau-chretien-dans-le-desert\/#primaryimage"},"image":{"@id":"https:\/\/acninternational.org\/fr\/tchad-un-petit-troupeau-chretien-dans-le-desert\/#primaryimage"},"thumbnailUrl":"https:\/\/media.acninternational.org\/wp-content\/uploads\/2023\/09\/ACN-20210526-113433.jpg","datePublished":"2023-09-19T09:32:42+00:00","dateModified":"2023-09-19T09:32:51+00:00","breadcrumb":{"@id":"https:\/\/acninternational.org\/fr\/tchad-un-petit-troupeau-chretien-dans-le-desert\/#breadcrumb"},"inLanguage":"fr-FR","potentialAction":[{"@type":"ReadAction","target":["https:\/\/acninternational.org\/fr\/tchad-un-petit-troupeau-chretien-dans-le-desert\/"]}]},{"@type":"ImageObject","inLanguage":"fr-FR","@id":"https:\/\/acninternational.org\/fr\/tchad-un-petit-troupeau-chretien-dans-le-desert\/#primaryimage","url":"https:\/\/media.acninternational.org\/wp-content\/uploads\/2023\/09\/ACN-20210526-113433.jpg","contentUrl":"https:\/\/media.acninternational.org\/wp-content\/uploads\/2023\/09\/ACN-20210526-113433.jpg","width":1920,"height":700},{"@type":"BreadcrumbList","@id":"https:\/\/acninternational.org\/fr\/tchad-un-petit-troupeau-chretien-dans-le-desert\/#breadcrumb","itemListElement":[{"@type":"ListItem","position":1,"name":"Home","item":"https:\/\/acninternational.org\/fr\/"},{"@type":"ListItem","position":2,"name":"Interview","item":"https:\/\/acninternational.org\/fr\/category\/interview-2-fr\/"},{"@type":"ListItem","position":3,"name":"Tchad : un \u00ab petit troupeau \u00bb chr\u00e9tien dans le d\u00e9sert"}]},{"@type":"WebSite","@id":"https:\/\/acninternational.org\/fr\/#website","url":"https:\/\/acninternational.org\/fr\/","name":"ACN International","description":"","publisher":{"@id":"https:\/\/acninternational.org\/fr\/#organization"},"potentialAction":[{"@type":"SearchAction","target":{"@type":"EntryPoint","urlTemplate":"https:\/\/acninternational.org\/fr\/?s={search_term_string}"},"query-input":{"@type":"PropertyValueSpecification","valueRequired":true,"valueName":"search_term_string"}}],"inLanguage":"fr-FR"},{"@type":"Organization","@id":"https:\/\/acninternational.org\/fr\/#organization","name":"Aid to the Church in Need International","url":"https:\/\/acninternational.org\/fr\/","logo":{"@type":"ImageObject","inLanguage":"fr-FR","@id":"https:\/\/acninternational.org\/fr\/#\/schema\/logo\/image\/","url":"https:\/\/media.acninternational.org\/wp-content\/uploads\/2019\/11\/acn_logo_blackvector.svg","contentUrl":"https:\/\/media.acninternational.org\/wp-content\/uploads\/2019\/11\/acn_logo_blackvector.svg","width":232.6,"height":78,"caption":"Aid to the Church in Need International"},"image":{"@id":"https:\/\/acninternational.org\/fr\/#\/schema\/logo\/image\/"},"sameAs":["https:\/\/www.facebook.com\/acninternationalorg","https:\/\/x.com\/acn_int","https:\/\/www.youtube.com\/channel\/UCQ-077gS0TnVzkhHmf1opZw","https:\/\/www.instagram.com\/acn_international\/"]},{"@type":"Person","@id":"https:\/\/acninternational.org\/fr\/#\/schema\/person\/7f3dafb236b242fb2aa46be1411fd703","name":"ACN Press Team","description":"Lorem ipsum dolor sit amet, consectetur adipiscing elit, sed do eiusmod tempor incididunt ut labore et dolore magna aliqua. Ut enim ad minim veniam, quis nostrud exercitation ullamco laboris nisi ut aliquip ex ea commodo consequat.","url":"https:\/\/acninternational.org\/fr\/author\/acn-press-team\/"}]}},"_links":{"self":[{"href":"https:\/\/acninternational.org\/fr\/wp-json\/wp\/v2\/posts\/185298","targetHints":{"allow":["GET"]}}],"collection":[{"href":"https:\/\/acninternational.org\/fr\/wp-json\/wp\/v2\/posts"}],"about":[{"href":"https:\/\/acninternational.org\/fr\/wp-json\/wp\/v2\/types\/post"}],"author":[{"embeddable":true,"href":"https:\/\/acninternational.org\/fr\/wp-json\/wp\/v2\/users\/4258341447"}],"replies":[{"embeddable":true,"href":"https:\/\/acninternational.org\/fr\/wp-json\/wp\/v2\/comments?post=185298"}],"version-history":[{"count":0,"href":"https:\/\/acninternational.org\/fr\/wp-json\/wp\/v2\/posts\/185298\/revisions"}],"wp:featuredmedia":[{"embeddable":true,"href":"https:\/\/acninternational.org\/fr\/wp-json\/wp\/v2\/media\/185272"}],"wp:attachment":[{"href":"https:\/\/acninternational.org\/fr\/wp-json\/wp\/v2\/media?parent=185298"}],"wp:term":[{"taxonomy":"category","embeddable":true,"href":"https:\/\/acninternational.org\/fr\/wp-json\/wp\/v2\/categories?post=185298"},{"taxonomy":"post_tag","embeddable":true,"href":"https:\/\/acninternational.org\/fr\/wp-json\/wp\/v2\/tags?post=185298"},{"taxonomy":"country","embeddable":true,"href":"https:\/\/acninternational.org\/fr\/wp-json\/wp\/v2\/country?post=185298"}],"curies":[{"name":"wp","href":"https:\/\/api.w.org\/{rel}","templated":true}]}}