{"id":185169,"date":"2023-09-13T16:49:08","date_gmt":"2023-09-13T14:49:08","guid":{"rendered":"https:\/\/acninternational.org\/?p=185169"},"modified":"2023-09-13T16:49:19","modified_gmt":"2023-09-13T14:49:19","slug":"un-million-denfants-qui-prient-le-chapelet-peuvent-changer-le-monde-2023","status":"publish","type":"post","link":"https:\/\/acninternational.org\/fr\/un-million-denfants-qui-prient-le-chapelet-peuvent-changer-le-monde-2023\/","title":{"rendered":"Un million d\u2019enfants qui prient le chapelet peuvent changer le monde"},"content":{"rendered":"<h4><strong>Le r\u00f4le des anges dans la vie chr\u00e9tienne est au centre de la campagne de pri\u00e8re de cette ann\u00e9e <\/strong><\/h4>\n<p>Le 18 octobre, la fondation internationale Aid to the Church in Need (ACN) invite les paroisses, les cr\u00e8ches, les \u00e9coles et les familles \u00e0 participer \u00e0 nouveau cette ann\u00e9e \u00e0 l\u2019initiative <strong>\u00ab\u00a0Un million d\u2019enfants prient le chapelet\u00a0\u00bb<\/strong>. \u00ab\u00a0Prier le Rosaire est un moyen donn\u00e9 par Dieu, qui est n\u00e9cessaire et qui fait une diff\u00e9rence d\u00e9cisive&#8230; (\u2026) En premier lieu, parce que la M\u00e8re de Dieu nous demande de le faire dans les apparitions approuv\u00e9es par l\u2019\u00c9glise\u00a0! Deuxi\u00e8mement, parce que c\u2019est l\u2019exp\u00e9rience de l\u2019\u00c9glise et de beaucoup de ses saints, confirm\u00e9e par le Magist\u00e8re, et qui correspond \u00e0 la sensibilit\u00e9 de notre foi chr\u00e9tienne \u00bb explique le Cardinal Mauro Piacenza, pr\u00e9sident de la fondation ACN.<\/p>\n<figure id=\"attachment_185149\" aria-describedby=\"caption-attachment-185149\" style=\"width: 800px\" class=\"wp-caption aligncenter\"><img loading=\"lazy\" decoding=\"async\" class=\"wp-image-185149 size-large\" src=\"https:\/\/media.acninternational.org\/wp-content\/uploads\/2023\/09\/ACN-20221019-135109-1024x485.jpg\" alt=\"Enfants priant le rosaire \u00e0 Radauti, Roumanie, le 18 octobre 2022\" width=\"800\" height=\"379\" srcset=\"https:\/\/media.acninternational.org\/wp-content\/uploads\/2023\/09\/ACN-20221019-135109-1024x485.jpg 1024w, https:\/\/media.acninternational.org\/wp-content\/uploads\/2023\/09\/ACN-20221019-135109-300x142.jpg 300w, https:\/\/media.acninternational.org\/wp-content\/uploads\/2023\/09\/ACN-20221019-135109-768x363.jpg 768w, https:\/\/media.acninternational.org\/wp-content\/uploads\/2023\/09\/ACN-20221019-135109.jpg 1080w\" sizes=\"auto, (max-width: 800px) 100vw, 800px\" \/><figcaption id=\"caption-attachment-185149\" class=\"wp-caption-text\">Enfants priant le rosaire \u00e0 Radauti, Roumanie, le 18 octobre 2022<\/figcaption><\/figure>\n<p>Dans la campagne de cette ann\u00e9e, ACN pr\u00e9sentera aux enfants le passage biblique dans lequel Saint Joseph est averti en songe par l\u2019ange et part imm\u00e9diatement pour l\u2019\u00c9gypte. Gr\u00e2ce \u00e0 l\u2019aide du saint ange, le patriarche a pu prot\u00e9ger la vie de l\u2019enfant J\u00e9sus.<\/p>\n<p>\u00ab\u00a0N\u2019est-il pas imp\u00e9ratif pour notre monde que nous prenions \u00e0 nouveau conscience des saints anges gardiens et que nous demandions leur aide, pour pouvoir clairement reconna\u00eetre et distinguer les multiples d\u00e9fis de notre temps\u00a0? Ne serait-il pas judicieux de r\u00e9apprendre aux enfants la pri\u00e8re des anges gardiens qui, pendant de nombreux si\u00e8cles, a \u00e9t\u00e9 si courante dans la vie de l\u2019\u00c9glise\u00a0?\u00a0\u00bb, \u00e9crit le Cardinal Piacenza dans son invitation \u00e0 se joindre \u00e0 l\u2019initiative.<\/p>\n<p>Face aux situations de guerre, de violence et d&rsquo;extr\u00eame pauvret\u00e9 dans des pays comme l\u2019Ukraine, le Nigeria, le Myanmar et le Pakistan, ainsi que dans les r\u00e9gions du Proche-Orient et du Sahel, en Afrique, ACN voudrait confier de mani\u00e8re particuli\u00e8re \u00e0 la puissante intercession de la M\u00e8re de Dieu tous les lieux o\u00f9 les gens ne peuvent pas vivre en paix.<\/p>\n<figure id=\"attachment_185155\" aria-describedby=\"caption-attachment-185155\" style=\"width: 800px\" class=\"wp-caption aligncenter\"><img loading=\"lazy\" decoding=\"async\" class=\"wp-image-185155 size-large\" src=\"https:\/\/media.acninternational.org\/wp-content\/uploads\/2023\/09\/ACN-20221019-135117-1024x768.jpg\" alt=\"Enfants priant le rosaire \u00e0 Cabo Delgado, Pemba, Mozambique, le 18 octobre 2022\" width=\"800\" height=\"600\" srcset=\"https:\/\/media.acninternational.org\/wp-content\/uploads\/2023\/09\/ACN-20221019-135117-1024x768.jpg 1024w, https:\/\/media.acninternational.org\/wp-content\/uploads\/2023\/09\/ACN-20221019-135117-300x225.jpg 300w, https:\/\/media.acninternational.org\/wp-content\/uploads\/2023\/09\/ACN-20221019-135117-768x576.jpg 768w, https:\/\/media.acninternational.org\/wp-content\/uploads\/2023\/09\/ACN-20221019-135117.jpg 1080w\" sizes=\"auto, (max-width: 800px) 100vw, 800px\" \/><figcaption id=\"caption-attachment-185155\" class=\"wp-caption-text\">Enfants priant le rosaire \u00e0 Cabo Delgado, Pemba, Mozambique, le 18 octobre 2022<\/figcaption><\/figure>\n<p>Lors des campagnes pr\u00e9c\u00e9dentes, de nombreux groupes de diff\u00e9rents pays ont r\u00e9pondu positivement \u00e0 l\u2019invitation d\u2019ACN \u00e0 se joindre \u00e0 cette initiative. En 2022, le pape Fran\u00e7ois a encourag\u00e9, apr\u00e8s avoir pri\u00e9 l\u2019<a href=\"https:\/\/www.vatican.va\/content\/francesco\/fr\/angelus\/2022\/documents\/20221016-angelus.html\" target=\"_blank\" rel=\"noopener\">angelus<\/a>, \u00e0 se joindre \u00e0 l\u2019initiative\u00a0: \u00ab Merci \u00e0 tous les enfants qui participent ! Nous nous unissons \u00e0 eux et nous confions \u00e0 l\u2019intercession de la Sainte Vierge le peuple ukrainien martyr et les autres populations qui souffrent de la guerre et de toute forme de violence et de pauvret\u00e9\u00a0\u00bb.<\/p>\n<p><a href=\"https:\/\/acninternational.org\/millionchildrenpraying\/fr\/\" target=\"_blank\" rel=\"noopener\">Le site web de la fondation ACN<\/a> fournit du mat\u00e9riel gratuit pour prier dans les paroisses, les \u00e9coles, les groupes d\u2019enfants ou les familles. Le mat\u00e9riel disponible contient des instructions sur la fa\u00e7on de prier le chapelet, des r\u00e9flexions pour les enfants sur les myst\u00e8res du chapelet et une cons\u00e9cration des enfants \u00e0 la M\u00e8re de Dieu. Le mat\u00e9riel est d\u00e9j\u00e0 disponible en onze langues et, avec les pages \u00e0 colorier, peut \u00eatre consult\u00e9 \u00e0 l\u2019adresse suivante\u00a0: <a href=\"https:\/\/acninternational.org\/millionchildrenpraying\/fr\/\" target=\"_blank\" rel=\"noopener\">https:\/\/acninternational.org\/millionchildrenpraying\/fr\/<\/a><\/p>\n<figure id=\"attachment_185161\" aria-describedby=\"caption-attachment-185161\" style=\"width: 720px\" class=\"wp-caption aligncenter\"><img loading=\"lazy\" decoding=\"async\" class=\"wp-image-185161 size-full\" src=\"https:\/\/media.acninternational.org\/wp-content\/uploads\/2023\/09\/ACN-20221020-135193.jpg\" alt=\"Dessins de petites filles des \u00e9coles Villa Mar\u00eda et Los Andes\" width=\"720\" height=\"886\" srcset=\"https:\/\/media.acninternational.org\/wp-content\/uploads\/2023\/09\/ACN-20221020-135193.jpg 720w, https:\/\/media.acninternational.org\/wp-content\/uploads\/2023\/09\/ACN-20221020-135193-244x300.jpg 244w\" sizes=\"auto, (max-width: 720px) 100vw, 720px\" \/><figcaption id=\"caption-attachment-185161\" class=\"wp-caption-text\">Dessins de petites filles des \u00e9coles Villa Mar\u00eda et Los Andes<\/figcaption><\/figure>\n<p>L\u2019initiative \u00ab\u00a0Un million d\u2019enfants prient le chapelet\u00a0\u00bb trouve son origine en 2005, lorsqu\u2019un groupe d\u2019enfants a pri\u00e9 le chapelet dans un ermitage de Caracas, la capitale v\u00e9n\u00e9zu\u00e9lienne, et que plusieurs des personnes pr\u00e9sentes ont rappel\u00e9 les paroles de Saint Padre Pio\u00a0: \u00ab\u00a0Quand un million d\u2019enfants prieront le chapelet, le monde changera\u00a0\u00bb. La campagne s\u2019est rapidement r\u00e9pandue dans le monde entier.<\/p>\n","protected":false},"excerpt":{"rendered":"<p>Le r\u00f4le des anges dans la vie chr\u00e9tienne est au centre de la campagne de pri\u00e8re de cette ann\u00e9e<\/p>\n","protected":false},"author":4258341447,"featured_media":185142,"comment_status":"closed","ping_status":"closed","sticky":false,"template":"","format":"standard","meta":{"_acf_changed":false,"_acn_coauthor_ids":[],"footnotes":""},"categories":[919,962],"tags":[],"country":[333],"class_list":["post-185169","post","type-post","status-publish","format-standard","has-post-thumbnail","hentry","category-nouvelle","category-news-fr","country-international"],"acn_coauthors":[],"acf":[],"yoast_head":"<!-- This site is optimized with the Yoast SEO Premium plugin v27.3 (Yoast SEO v27.3) - https:\/\/yoast.com\/product\/yoast-seo-premium-wordpress\/ -->\n<title>Un million d\u2019enfants qui prient le chapelet peuvent changer le monde | ACN International<\/title>\n<meta name=\"robots\" content=\"index, follow, max-snippet:-1, max-image-preview:large, max-video-preview:-1\" \/>\n<link rel=\"canonical\" href=\"https:\/\/acninternational.org\/fr\/un-million-denfants-qui-prient-le-chapelet-peuvent-changer-le-monde-2023\/\" \/>\n<meta property=\"og:locale\" content=\"fr_FR\" \/>\n<meta property=\"og:type\" content=\"article\" \/>\n<meta property=\"og:title\" content=\"Un million d\u2019enfants qui prient le chapelet peuvent changer le monde\" \/>\n<meta property=\"og:description\" content=\"Le r\u00f4le des anges dans la vie chr\u00e9tienne est au centre de la campagne de pri\u00e8re de cette ann\u00e9e\" \/>\n<meta property=\"og:url\" content=\"https:\/\/acninternational.org\/fr\/un-million-denfants-qui-prient-le-chapelet-peuvent-changer-le-monde-2023\/\" \/>\n<meta property=\"og:site_name\" content=\"ACN International\" \/>\n<meta property=\"article:publisher\" content=\"https:\/\/www.facebook.com\/acninternationalorg\" \/>\n<meta property=\"article:published_time\" content=\"2023-09-13T14:49:08+00:00\" \/>\n<meta property=\"article:modified_time\" content=\"2023-09-13T14:49:19+00:00\" \/>\n<meta property=\"og:image\" content=\"https:\/\/media.acninternational.org\/wp-content\/uploads\/2023\/09\/One-million-children-praying-the-Rosary-can-change-the-world.jpg\" \/>\n\t<meta property=\"og:image:width\" content=\"1920\" \/>\n\t<meta property=\"og:image:height\" content=\"700\" \/>\n\t<meta property=\"og:image:type\" content=\"image\/jpeg\" \/>\n<meta name=\"author\" content=\"ACN Press Team\" \/>\n<meta name=\"twitter:card\" content=\"summary_large_image\" \/>\n<meta name=\"twitter:creator\" content=\"@acn_int\" \/>\n<meta name=\"twitter:site\" content=\"@acn_int\" \/>\n<meta name=\"twitter:label1\" content=\"\u00c9crit par\" \/>\n\t<meta name=\"twitter:data1\" content=\"ACN Press Team\" \/>\n\t<meta name=\"twitter:label2\" content=\"Dur\u00e9e de lecture estim\u00e9e\" \/>\n\t<meta name=\"twitter:data2\" content=\"4 minutes\" \/>\n<script type=\"application\/ld+json\" class=\"yoast-schema-graph\">{\"@context\":\"https:\\\/\\\/schema.org\",\"@graph\":[{\"@type\":\"Article\",\"@id\":\"https:\\\/\\\/acninternational.org\\\/fr\\\/un-million-denfants-qui-prient-le-chapelet-peuvent-changer-le-monde-2023\\\/#article\",\"isPartOf\":{\"@id\":\"https:\\\/\\\/acninternational.org\\\/fr\\\/un-million-denfants-qui-prient-le-chapelet-peuvent-changer-le-monde-2023\\\/\"},\"author\":{\"name\":\"ACN Press Team\",\"@id\":\"https:\\\/\\\/acninternational.org\\\/fr\\\/#\\\/schema\\\/person\\\/7f3dafb236b242fb2aa46be1411fd703\"},\"headline\":\"Un million d\u2019enfants qui prient le chapelet peuvent changer le monde\",\"datePublished\":\"2023-09-13T14:49:08+00:00\",\"dateModified\":\"2023-09-13T14:49:19+00:00\",\"mainEntityOfPage\":{\"@id\":\"https:\\\/\\\/acninternational.org\\\/fr\\\/un-million-denfants-qui-prient-le-chapelet-peuvent-changer-le-monde-2023\\\/\"},\"wordCount\":654,\"publisher\":{\"@id\":\"https:\\\/\\\/acninternational.org\\\/fr\\\/#organization\"},\"image\":{\"@id\":\"https:\\\/\\\/acninternational.org\\\/fr\\\/un-million-denfants-qui-prient-le-chapelet-peuvent-changer-le-monde-2023\\\/#primaryimage\"},\"thumbnailUrl\":\"https:\\\/\\\/media.acninternational.org\\\/wp-content\\\/uploads\\\/2023\\\/09\\\/One-million-children-praying-the-Rosary-can-change-the-world.jpg\",\"articleSection\":[\"Nouvelle\",\"Nouvelles\"],\"inLanguage\":\"fr-FR\"},{\"@type\":\"WebPage\",\"@id\":\"https:\\\/\\\/acninternational.org\\\/fr\\\/un-million-denfants-qui-prient-le-chapelet-peuvent-changer-le-monde-2023\\\/\",\"url\":\"https:\\\/\\\/acninternational.org\\\/fr\\\/un-million-denfants-qui-prient-le-chapelet-peuvent-changer-le-monde-2023\\\/\",\"name\":\"Un million d\u2019enfants qui prient le chapelet peuvent changer le monde | ACN International\",\"isPartOf\":{\"@id\":\"https:\\\/\\\/acninternational.org\\\/fr\\\/#website\"},\"primaryImageOfPage\":{\"@id\":\"https:\\\/\\\/acninternational.org\\\/fr\\\/un-million-denfants-qui-prient-le-chapelet-peuvent-changer-le-monde-2023\\\/#primaryimage\"},\"image\":{\"@id\":\"https:\\\/\\\/acninternational.org\\\/fr\\\/un-million-denfants-qui-prient-le-chapelet-peuvent-changer-le-monde-2023\\\/#primaryimage\"},\"thumbnailUrl\":\"https:\\\/\\\/media.acninternational.org\\\/wp-content\\\/uploads\\\/2023\\\/09\\\/One-million-children-praying-the-Rosary-can-change-the-world.jpg\",\"datePublished\":\"2023-09-13T14:49:08+00:00\",\"dateModified\":\"2023-09-13T14:49:19+00:00\",\"breadcrumb\":{\"@id\":\"https:\\\/\\\/acninternational.org\\\/fr\\\/un-million-denfants-qui-prient-le-chapelet-peuvent-changer-le-monde-2023\\\/#breadcrumb\"},\"inLanguage\":\"fr-FR\",\"potentialAction\":[{\"@type\":\"ReadAction\",\"target\":[\"https:\\\/\\\/acninternational.org\\\/fr\\\/un-million-denfants-qui-prient-le-chapelet-peuvent-changer-le-monde-2023\\\/\"]}]},{\"@type\":\"ImageObject\",\"inLanguage\":\"fr-FR\",\"@id\":\"https:\\\/\\\/acninternational.org\\\/fr\\\/un-million-denfants-qui-prient-le-chapelet-peuvent-changer-le-monde-2023\\\/#primaryimage\",\"url\":\"https:\\\/\\\/media.acninternational.org\\\/wp-content\\\/uploads\\\/2023\\\/09\\\/One-million-children-praying-the-Rosary-can-change-the-world.jpg\",\"contentUrl\":\"https:\\\/\\\/media.acninternational.org\\\/wp-content\\\/uploads\\\/2023\\\/09\\\/One-million-children-praying-the-Rosary-can-change-the-world.jpg\",\"width\":1920,\"height\":700},{\"@type\":\"BreadcrumbList\",\"@id\":\"https:\\\/\\\/acninternational.org\\\/fr\\\/un-million-denfants-qui-prient-le-chapelet-peuvent-changer-le-monde-2023\\\/#breadcrumb\",\"itemListElement\":[{\"@type\":\"ListItem\",\"position\":1,\"name\":\"Home\",\"item\":\"https:\\\/\\\/acninternational.org\\\/fr\\\/\"},{\"@type\":\"ListItem\",\"position\":2,\"name\":\"Nouvelles\",\"item\":\"https:\\\/\\\/acninternational.org\\\/fr\\\/category\\\/news-fr\\\/\"},{\"@type\":\"ListItem\",\"position\":3,\"name\":\"Un million d\u2019enfants qui prient le chapelet peuvent changer le monde\"}]},{\"@type\":\"WebSite\",\"@id\":\"https:\\\/\\\/acninternational.org\\\/fr\\\/#website\",\"url\":\"https:\\\/\\\/acninternational.org\\\/fr\\\/\",\"name\":\"ACN International\",\"description\":\"\",\"publisher\":{\"@id\":\"https:\\\/\\\/acninternational.org\\\/fr\\\/#organization\"},\"potentialAction\":[{\"@type\":\"SearchAction\",\"target\":{\"@type\":\"EntryPoint\",\"urlTemplate\":\"https:\\\/\\\/acninternational.org\\\/fr\\\/?s={search_term_string}\"},\"query-input\":{\"@type\":\"PropertyValueSpecification\",\"valueRequired\":true,\"valueName\":\"search_term_string\"}}],\"inLanguage\":\"fr-FR\"},{\"@type\":\"Organization\",\"@id\":\"https:\\\/\\\/acninternational.org\\\/fr\\\/#organization\",\"name\":\"Aid to the Church in Need International\",\"url\":\"https:\\\/\\\/acninternational.org\\\/fr\\\/\",\"logo\":{\"@type\":\"ImageObject\",\"inLanguage\":\"fr-FR\",\"@id\":\"https:\\\/\\\/acninternational.org\\\/fr\\\/#\\\/schema\\\/logo\\\/image\\\/\",\"url\":\"https:\\\/\\\/media.acninternational.org\\\/wp-content\\\/uploads\\\/2019\\\/11\\\/acn_logo_blackvector.svg\",\"contentUrl\":\"https:\\\/\\\/media.acninternational.org\\\/wp-content\\\/uploads\\\/2019\\\/11\\\/acn_logo_blackvector.svg\",\"width\":232.6,\"height\":78,\"caption\":\"Aid to the Church in Need International\"},\"image\":{\"@id\":\"https:\\\/\\\/acninternational.org\\\/fr\\\/#\\\/schema\\\/logo\\\/image\\\/\"},\"sameAs\":[\"https:\\\/\\\/www.facebook.com\\\/acninternationalorg\",\"https:\\\/\\\/x.com\\\/acn_int\",\"https:\\\/\\\/www.youtube.com\\\/channel\\\/UCQ-077gS0TnVzkhHmf1opZw\",\"https:\\\/\\\/www.instagram.com\\\/acn_international\\\/\"]},{\"@type\":\"Person\",\"@id\":\"https:\\\/\\\/acninternational.org\\\/fr\\\/#\\\/schema\\\/person\\\/7f3dafb236b242fb2aa46be1411fd703\",\"name\":\"ACN Press Team\",\"description\":\"Lorem ipsum dolor sit amet, consectetur adipiscing elit, sed do eiusmod tempor incididunt ut labore et dolore magna aliqua. Ut enim ad minim veniam, quis nostrud exercitation ullamco laboris nisi ut aliquip ex ea commodo consequat.\",\"url\":\"https:\\\/\\\/acninternational.org\\\/fr\\\/author\\\/acn-press-team\\\/\"}]}<\/script>\n<!-- \/ Yoast SEO Premium plugin. -->","yoast_head_json":{"title":"Un million d\u2019enfants qui prient le chapelet peuvent changer le monde | ACN International","robots":{"index":"index","follow":"follow","max-snippet":"max-snippet:-1","max-image-preview":"max-image-preview:large","max-video-preview":"max-video-preview:-1"},"canonical":"https:\/\/acninternational.org\/fr\/un-million-denfants-qui-prient-le-chapelet-peuvent-changer-le-monde-2023\/","og_locale":"fr_FR","og_type":"article","og_title":"Un million d\u2019enfants qui prient le chapelet peuvent changer le monde","og_description":"Le r\u00f4le des anges dans la vie chr\u00e9tienne est au centre de la campagne de pri\u00e8re de cette ann\u00e9e","og_url":"https:\/\/acninternational.org\/fr\/un-million-denfants-qui-prient-le-chapelet-peuvent-changer-le-monde-2023\/","og_site_name":"ACN International","article_publisher":"https:\/\/www.facebook.com\/acninternationalorg","article_published_time":"2023-09-13T14:49:08+00:00","article_modified_time":"2023-09-13T14:49:19+00:00","og_image":[{"width":1920,"height":700,"url":"https:\/\/media.acninternational.org\/wp-content\/uploads\/2023\/09\/One-million-children-praying-the-Rosary-can-change-the-world.jpg","type":"image\/jpeg"}],"author":"ACN Press Team","twitter_card":"summary_large_image","twitter_creator":"@acn_int","twitter_site":"@acn_int","twitter_misc":{"\u00c9crit par":"ACN Press Team","Dur\u00e9e de lecture estim\u00e9e":"4 minutes"},"schema":{"@context":"https:\/\/schema.org","@graph":[{"@type":"Article","@id":"https:\/\/acninternational.org\/fr\/un-million-denfants-qui-prient-le-chapelet-peuvent-changer-le-monde-2023\/#article","isPartOf":{"@id":"https:\/\/acninternational.org\/fr\/un-million-denfants-qui-prient-le-chapelet-peuvent-changer-le-monde-2023\/"},"author":{"name":"ACN Press Team","@id":"https:\/\/acninternational.org\/fr\/#\/schema\/person\/7f3dafb236b242fb2aa46be1411fd703"},"headline":"Un million d\u2019enfants qui prient le chapelet peuvent changer le monde","datePublished":"2023-09-13T14:49:08+00:00","dateModified":"2023-09-13T14:49:19+00:00","mainEntityOfPage":{"@id":"https:\/\/acninternational.org\/fr\/un-million-denfants-qui-prient-le-chapelet-peuvent-changer-le-monde-2023\/"},"wordCount":654,"publisher":{"@id":"https:\/\/acninternational.org\/fr\/#organization"},"image":{"@id":"https:\/\/acninternational.org\/fr\/un-million-denfants-qui-prient-le-chapelet-peuvent-changer-le-monde-2023\/#primaryimage"},"thumbnailUrl":"https:\/\/media.acninternational.org\/wp-content\/uploads\/2023\/09\/One-million-children-praying-the-Rosary-can-change-the-world.jpg","articleSection":["Nouvelle","Nouvelles"],"inLanguage":"fr-FR"},{"@type":"WebPage","@id":"https:\/\/acninternational.org\/fr\/un-million-denfants-qui-prient-le-chapelet-peuvent-changer-le-monde-2023\/","url":"https:\/\/acninternational.org\/fr\/un-million-denfants-qui-prient-le-chapelet-peuvent-changer-le-monde-2023\/","name":"Un million d\u2019enfants qui prient le chapelet peuvent changer le monde | ACN International","isPartOf":{"@id":"https:\/\/acninternational.org\/fr\/#website"},"primaryImageOfPage":{"@id":"https:\/\/acninternational.org\/fr\/un-million-denfants-qui-prient-le-chapelet-peuvent-changer-le-monde-2023\/#primaryimage"},"image":{"@id":"https:\/\/acninternational.org\/fr\/un-million-denfants-qui-prient-le-chapelet-peuvent-changer-le-monde-2023\/#primaryimage"},"thumbnailUrl":"https:\/\/media.acninternational.org\/wp-content\/uploads\/2023\/09\/One-million-children-praying-the-Rosary-can-change-the-world.jpg","datePublished":"2023-09-13T14:49:08+00:00","dateModified":"2023-09-13T14:49:19+00:00","breadcrumb":{"@id":"https:\/\/acninternational.org\/fr\/un-million-denfants-qui-prient-le-chapelet-peuvent-changer-le-monde-2023\/#breadcrumb"},"inLanguage":"fr-FR","potentialAction":[{"@type":"ReadAction","target":["https:\/\/acninternational.org\/fr\/un-million-denfants-qui-prient-le-chapelet-peuvent-changer-le-monde-2023\/"]}]},{"@type":"ImageObject","inLanguage":"fr-FR","@id":"https:\/\/acninternational.org\/fr\/un-million-denfants-qui-prient-le-chapelet-peuvent-changer-le-monde-2023\/#primaryimage","url":"https:\/\/media.acninternational.org\/wp-content\/uploads\/2023\/09\/One-million-children-praying-the-Rosary-can-change-the-world.jpg","contentUrl":"https:\/\/media.acninternational.org\/wp-content\/uploads\/2023\/09\/One-million-children-praying-the-Rosary-can-change-the-world.jpg","width":1920,"height":700},{"@type":"BreadcrumbList","@id":"https:\/\/acninternational.org\/fr\/un-million-denfants-qui-prient-le-chapelet-peuvent-changer-le-monde-2023\/#breadcrumb","itemListElement":[{"@type":"ListItem","position":1,"name":"Home","item":"https:\/\/acninternational.org\/fr\/"},{"@type":"ListItem","position":2,"name":"Nouvelles","item":"https:\/\/acninternational.org\/fr\/category\/news-fr\/"},{"@type":"ListItem","position":3,"name":"Un million d\u2019enfants qui prient le chapelet peuvent changer le monde"}]},{"@type":"WebSite","@id":"https:\/\/acninternational.org\/fr\/#website","url":"https:\/\/acninternational.org\/fr\/","name":"ACN International","description":"","publisher":{"@id":"https:\/\/acninternational.org\/fr\/#organization"},"potentialAction":[{"@type":"SearchAction","target":{"@type":"EntryPoint","urlTemplate":"https:\/\/acninternational.org\/fr\/?s={search_term_string}"},"query-input":{"@type":"PropertyValueSpecification","valueRequired":true,"valueName":"search_term_string"}}],"inLanguage":"fr-FR"},{"@type":"Organization","@id":"https:\/\/acninternational.org\/fr\/#organization","name":"Aid to the Church in Need International","url":"https:\/\/acninternational.org\/fr\/","logo":{"@type":"ImageObject","inLanguage":"fr-FR","@id":"https:\/\/acninternational.org\/fr\/#\/schema\/logo\/image\/","url":"https:\/\/media.acninternational.org\/wp-content\/uploads\/2019\/11\/acn_logo_blackvector.svg","contentUrl":"https:\/\/media.acninternational.org\/wp-content\/uploads\/2019\/11\/acn_logo_blackvector.svg","width":232.6,"height":78,"caption":"Aid to the Church in Need International"},"image":{"@id":"https:\/\/acninternational.org\/fr\/#\/schema\/logo\/image\/"},"sameAs":["https:\/\/www.facebook.com\/acninternationalorg","https:\/\/x.com\/acn_int","https:\/\/www.youtube.com\/channel\/UCQ-077gS0TnVzkhHmf1opZw","https:\/\/www.instagram.com\/acn_international\/"]},{"@type":"Person","@id":"https:\/\/acninternational.org\/fr\/#\/schema\/person\/7f3dafb236b242fb2aa46be1411fd703","name":"ACN Press Team","description":"Lorem ipsum dolor sit amet, consectetur adipiscing elit, sed do eiusmod tempor incididunt ut labore et dolore magna aliqua. Ut enim ad minim veniam, quis nostrud exercitation ullamco laboris nisi ut aliquip ex ea commodo consequat.","url":"https:\/\/acninternational.org\/fr\/author\/acn-press-team\/"}]}},"_links":{"self":[{"href":"https:\/\/acninternational.org\/fr\/wp-json\/wp\/v2\/posts\/185169","targetHints":{"allow":["GET"]}}],"collection":[{"href":"https:\/\/acninternational.org\/fr\/wp-json\/wp\/v2\/posts"}],"about":[{"href":"https:\/\/acninternational.org\/fr\/wp-json\/wp\/v2\/types\/post"}],"author":[{"embeddable":true,"href":"https:\/\/acninternational.org\/fr\/wp-json\/wp\/v2\/users\/4258341447"}],"replies":[{"embeddable":true,"href":"https:\/\/acninternational.org\/fr\/wp-json\/wp\/v2\/comments?post=185169"}],"version-history":[{"count":0,"href":"https:\/\/acninternational.org\/fr\/wp-json\/wp\/v2\/posts\/185169\/revisions"}],"wp:featuredmedia":[{"embeddable":true,"href":"https:\/\/acninternational.org\/fr\/wp-json\/wp\/v2\/media\/185142"}],"wp:attachment":[{"href":"https:\/\/acninternational.org\/fr\/wp-json\/wp\/v2\/media?parent=185169"}],"wp:term":[{"taxonomy":"category","embeddable":true,"href":"https:\/\/acninternational.org\/fr\/wp-json\/wp\/v2\/categories?post=185169"},{"taxonomy":"post_tag","embeddable":true,"href":"https:\/\/acninternational.org\/fr\/wp-json\/wp\/v2\/tags?post=185169"},{"taxonomy":"country","embeddable":true,"href":"https:\/\/acninternational.org\/fr\/wp-json\/wp\/v2\/country?post=185169"}],"curies":[{"name":"wp","href":"https:\/\/api.w.org\/{rel}","templated":true}]}}