{"id":185089,"date":"2023-09-08T14:58:34","date_gmt":"2023-09-08T12:58:34","guid":{"rendered":"https:\/\/acninternational.org\/?p=185089"},"modified":"2023-09-08T14:58:38","modified_gmt":"2023-09-08T12:58:38","slug":"nigeria-un-seminariste-brutalement-assassine-et-un-autre-enleve","status":"publish","type":"post","link":"https:\/\/acninternational.org\/fr\/nigeria-un-seminariste-brutalement-assassine-et-un-autre-enleve\/","title":{"rendered":"NIGERIA : Un s\u00e9minariste brutalement assassin\u00e9 et un autre enlev\u00e9"},"content":{"rendered":"<p>L\u2019AED International d\u00e9nonce une \u00e9ni\u00e8me attaque contre l&rsquo;Eglise catholique au Nigeria qui a eu lieu hier. Un s\u00e9minariste a \u00e9t\u00e9 br\u00fbl\u00e9 vif dans le dioc\u00e8se de Kafanchan et un autre a \u00e9t\u00e9 enlev\u00e9 dans le sud de Kaduna.<\/p>\n<p>Le terrible incident a eu lieu hier soir, vers 20 heures, jeudi 7 septembre, lorsqu&rsquo;un groupe important de bandits peuls a attaqu\u00e9 et incendi\u00e9 le presbyt\u00e8re de la paroisse Saint-Rapha\u00ebl, Fadan Kamantan, dans le dioc\u00e8se de Kafanchan, dans l&rsquo;\u00c9tat de Kaduna.<\/p>\n<p>Selon les informations transmises \u00e0 l\u2019AED par diff\u00e9rentes sources &#8211; et confirm\u00e9es par l&rsquo;\u00e9v\u00eaque de Kafanchan, Mgr Julius Kundi &#8211; le cur\u00e9 de la paroisse, le p\u00e8re Emmanuel Okolo, et le vicaire ont pu \u00e9chapper \u00e0 l&rsquo;incendie, mais un s\u00e9minariste, Na&rsquo;aman Danlami, \u00e2g\u00e9 de 25 ans, est mort dans l&rsquo;attaque.<\/p>\n<figure id=\"attachment_185077\" aria-describedby=\"caption-attachment-185077\" style=\"width: 683px\" class=\"wp-caption aligncenter\"><img loading=\"lazy\" decoding=\"async\" class=\"wp-image-185077 size-large\" src=\"https:\/\/media.acninternational.org\/wp-content\/uploads\/2023\/09\/ACN-20230908-152824-683x1024.jpg\" alt=\"Le s\u00e9minariste Na'aman Danlami est d\u00e9c\u00e9d\u00e9 au Kamantan, Nigeria\" width=\"683\" height=\"1024\" srcset=\"https:\/\/media.acninternational.org\/wp-content\/uploads\/2023\/09\/ACN-20230908-152824-683x1024.jpg 683w, https:\/\/media.acninternational.org\/wp-content\/uploads\/2023\/09\/ACN-20230908-152824-200x300.jpg 200w, https:\/\/media.acninternational.org\/wp-content\/uploads\/2023\/09\/ACN-20230908-152824.jpg 720w\" sizes=\"auto, (max-width: 683px) 100vw, 683px\" \/><figcaption id=\"caption-attachment-185077\" class=\"wp-caption-text\">Le s\u00e9minariste Na&rsquo;aman Danlami est d\u00e9c\u00e9d\u00e9 au Kamantan, Nigeria<\/figcaption><\/figure>\n<p>S&rsquo;adressant par t\u00e9l\u00e9phone \u00e0 l\u2019AED, Mgr Kundi a d\u00e9clar\u00e9 : \u00ab\u00a0Les assaillants voulaient kidnapper le cur\u00e9. N&rsquo;ayant pas r\u00e9ussi \u00e0 p\u00e9n\u00e9trer dans la maison du p\u00e8re, ils y ont mis le feu. Les deux pr\u00eatres ont pu s&rsquo;\u00e9chapper mais, terriblement, le s\u00e9minariste a \u00e9t\u00e9 br\u00fbl\u00e9 \u00e0 l&rsquo;int\u00e9rieur\u00a0\u00bb.<\/p>\n<p>\u00ab\u00a0L&rsquo;assaut a dur\u00e9 plus d&rsquo;une heure, mais il n&rsquo;y a eu aucune r\u00e9action ni aucun soutien de la part des forces militaires. \u00c0 un kilom\u00e8tre de l\u00e0, il y a un poste de contr\u00f4le, mais il n&rsquo;y a eu aucune r\u00e9action\u00a0\u00bb, a d\u00e9plor\u00e9 l&rsquo;\u00e9v\u00eaque. \u00ab\u00a0Les citoyens nig\u00e9rians ne sont pas prot\u00e9g\u00e9s\u00a0!\u00a0\u00bb<\/p>\n<p>L&rsquo;AED d\u00e9plore ce dernier incident d&rsquo;une longue s\u00e9rie d&rsquo;attaques contre les membres et les biens de l&rsquo;\u00c9glise au Nigeria. Un incident tr\u00e8s similaire s&rsquo;est produit en janvier 2022, lorsque le p\u00e8re Isaac Achi, pr\u00eatre catholique, a \u00e9t\u00e9 assassin\u00e9 et br\u00fbl\u00e9 dans son presbyt\u00e8re. Son assistant, le p\u00e8re Colins Omeh, a \u00e9t\u00e9 bless\u00e9 par balle.<\/p>\n<p>\u00ab\u00a0C&rsquo;est une perte terrible. Nous avons retrouv\u00e9 le corps de Na&rsquo;aman Danlami ce matin et l&rsquo;avons emmen\u00e9 \u00e0 la morgue. Ce s\u00e9minariste est le deuxi\u00e8me membre que nous perdons dans le dioc\u00e8se \u00e0 la suite d&rsquo;attaques terroristes men\u00e9es par des bandits peuls. L&rsquo;ann\u00e9e derni\u00e8re, le p\u00e8re John Mark Cheitnum, directeur de la communication du dioc\u00e8se de Kafanchan, a \u00e9t\u00e9 enlev\u00e9 et brutalement assassin\u00e9\u00a0\u00bb, a d\u00e9clar\u00e9 l&rsquo;\u00e9v\u00eaque Kundi.<\/p>\n<p>La nouvelle de cette derni\u00e8re attaque au Nigeria survient le jour m\u00eame o\u00f9 l\u2019AED a \u00e9t\u00e9 inform\u00e9e de l&rsquo;enl\u00e8vement d&rsquo;un autre s\u00e9minariste, Ezequiel Nuhu, enlev\u00e9 jeudi \u00e0 Kaduna, en compagnie de son p\u00e8re. Nuhu est s\u00e9minariste \u00e0 Abuja, mais il s&rsquo;\u00e9tait rendu dans le sud de Kaduna pour passer des vacances avec sa famille.<\/p>\n<figure id=\"attachment_185083\" aria-describedby=\"caption-attachment-185083\" style=\"width: 612px\" class=\"wp-caption aligncenter\"><img loading=\"lazy\" decoding=\"async\" class=\"wp-image-185083 size-full\" src=\"https:\/\/media.acninternational.org\/wp-content\/uploads\/2023\/09\/Ezequiel-Nuhu.jpg\" alt=\"Enl\u00e8vement du s\u00e9minariste Ezekiel Nuhu, \u00c9tat de Kaduna, Nigeria\" width=\"612\" height=\"816\" srcset=\"https:\/\/media.acninternational.org\/wp-content\/uploads\/2023\/09\/Ezequiel-Nuhu.jpg 612w, https:\/\/media.acninternational.org\/wp-content\/uploads\/2023\/09\/Ezequiel-Nuhu-225x300.jpg 225w\" sizes=\"auto, (max-width: 612px) 100vw, 612px\" \/><figcaption id=\"caption-attachment-185083\" class=\"wp-caption-text\">Enl\u00e8vement du s\u00e9minariste Ezekiel Nuhu, \u00c9tat de Kaduna, Nigeria<\/figcaption><\/figure>\n<p>Le Nigeria est un pays particuli\u00e8rement dangereux pour le clerg\u00e9 catholique depuis quelques ann\u00e9es. En 2022, quatre pr\u00eatres ont \u00e9t\u00e9 tu\u00e9s dans le pays et 28 ont \u00e9t\u00e9 enlev\u00e9s. En 2023, le nombre de membres du clerg\u00e9 victimes d&rsquo;enl\u00e8vements s&rsquo;\u00e9l\u00e8ve d\u00e9j\u00e0 \u00e0 quatorze.<\/p>\n<p>L&rsquo;Aide \u00e0 l&rsquo;\u00c9glise en d\u00e9tresse demande des pri\u00e8res pour le repos de Na&rsquo;aman Danlami et la consolation pour sa famille et sa communaut\u00e9. Elle prie \u00e9galement pour la s\u00e9curit\u00e9 et la lib\u00e9ration rapide d&rsquo;Ezekiel Nuhu.<\/p>\n","protected":false},"excerpt":{"rendered":"<p>L\u2019AED International d\u00e9nonce une \u00e9ni\u00e8me attaque contre l&rsquo;Eglise catholique au Nigeria qui a eu lieu hier. Un s\u00e9minariste a \u00e9t\u00e9<\/p>\n","protected":false},"author":4258341447,"featured_media":185071,"comment_status":"closed","ping_status":"closed","sticky":false,"template":"","format":"standard","meta":{"_acf_changed":false,"_acn_coauthor_ids":[],"_acn_featured_article":false,"footnotes":""},"categories":[919,962],"tags":[],"country":[116],"class_list":["post-185089","post","type-post","status-publish","format-standard","has-post-thumbnail","hentry","category-nouvelle","category-news-fr","country-nigeria"],"acn_coauthors":[],"acf":[],"yoast_head":"<!-- This site is optimized with the Yoast SEO Premium plugin v27.5 (Yoast SEO v27.5) - https:\/\/yoast.com\/product\/yoast-seo-premium-wordpress\/ -->\n<title>NIGERIA : Un s\u00e9minariste brutalement assassin\u00e9 et un autre enlev\u00e9 | ACN International<\/title>\n<meta name=\"robots\" content=\"index, follow, max-snippet:-1, max-image-preview:large, max-video-preview:-1\" \/>\n<link rel=\"canonical\" href=\"https:\/\/acninternational.org\/fr\/nigeria-un-seminariste-brutalement-assassine-et-un-autre-enleve\/\" \/>\n<meta property=\"og:locale\" content=\"fr_FR\" \/>\n<meta property=\"og:type\" content=\"article\" \/>\n<meta property=\"og:title\" content=\"NIGERIA : Un s\u00e9minariste brutalement assassin\u00e9 et un autre enlev\u00e9\" \/>\n<meta property=\"og:description\" content=\"L\u2019AED International d\u00e9nonce une \u00e9ni\u00e8me attaque contre l&#039;Eglise catholique au Nigeria qui a eu lieu hier. Un s\u00e9minariste a \u00e9t\u00e9\" \/>\n<meta property=\"og:url\" content=\"https:\/\/acninternational.org\/fr\/nigeria-un-seminariste-brutalement-assassine-et-un-autre-enleve\/\" \/>\n<meta property=\"og:site_name\" content=\"ACN International\" \/>\n<meta property=\"article:publisher\" content=\"https:\/\/www.facebook.com\/acninternationalorg\" \/>\n<meta property=\"article:published_time\" content=\"2023-09-08T12:58:34+00:00\" \/>\n<meta property=\"article:modified_time\" content=\"2023-09-08T12:58:38+00:00\" \/>\n<meta property=\"og:image\" content=\"https:\/\/media.acninternational.org\/wp-content\/uploads\/2023\/09\/ACN-20230908-152823.jpeg\" \/>\n\t<meta property=\"og:image:width\" content=\"1242\" \/>\n\t<meta property=\"og:image:height\" content=\"452\" \/>\n\t<meta property=\"og:image:type\" content=\"image\/jpeg\" \/>\n<meta name=\"author\" content=\"ACN Press Team\" \/>\n<meta name=\"twitter:card\" content=\"summary_large_image\" \/>\n<meta name=\"twitter:creator\" content=\"@acn_int\" \/>\n<meta name=\"twitter:site\" content=\"@acn_int\" \/>\n<meta name=\"twitter:label1\" content=\"\u00c9crit par\" \/>\n\t<meta name=\"twitter:data1\" content=\"ACN Press Team\" \/>\n\t<meta name=\"twitter:label2\" content=\"Dur\u00e9e de lecture estim\u00e9e\" \/>\n\t<meta name=\"twitter:data2\" content=\"3 minutes\" \/>\n<script type=\"application\/ld+json\" class=\"yoast-schema-graph\">{\"@context\":\"https:\\\/\\\/schema.org\",\"@graph\":[{\"@type\":\"Article\",\"@id\":\"https:\\\/\\\/acninternational.org\\\/fr\\\/nigeria-un-seminariste-brutalement-assassine-et-un-autre-enleve\\\/#article\",\"isPartOf\":{\"@id\":\"https:\\\/\\\/acninternational.org\\\/fr\\\/nigeria-un-seminariste-brutalement-assassine-et-un-autre-enleve\\\/\"},\"author\":{\"name\":\"ACN Press Team\",\"@id\":\"https:\\\/\\\/acninternational.org\\\/fr\\\/#\\\/schema\\\/person\\\/7f3dafb236b242fb2aa46be1411fd703\"},\"headline\":\"NIGERIA : Un s\u00e9minariste brutalement assassin\u00e9 et un autre enlev\u00e9\",\"datePublished\":\"2023-09-08T12:58:34+00:00\",\"dateModified\":\"2023-09-08T12:58:38+00:00\",\"mainEntityOfPage\":{\"@id\":\"https:\\\/\\\/acninternational.org\\\/fr\\\/nigeria-un-seminariste-brutalement-assassine-et-un-autre-enleve\\\/\"},\"wordCount\":618,\"publisher\":{\"@id\":\"https:\\\/\\\/acninternational.org\\\/fr\\\/#organization\"},\"image\":{\"@id\":\"https:\\\/\\\/acninternational.org\\\/fr\\\/nigeria-un-seminariste-brutalement-assassine-et-un-autre-enleve\\\/#primaryimage\"},\"thumbnailUrl\":\"https:\\\/\\\/media.acninternational.org\\\/wp-content\\\/uploads\\\/2023\\\/09\\\/ACN-20230908-152823.jpeg\",\"articleSection\":[\"Nouvelle\",\"Nouvelles\"],\"inLanguage\":\"fr-FR\"},{\"@type\":\"WebPage\",\"@id\":\"https:\\\/\\\/acninternational.org\\\/fr\\\/nigeria-un-seminariste-brutalement-assassine-et-un-autre-enleve\\\/\",\"url\":\"https:\\\/\\\/acninternational.org\\\/fr\\\/nigeria-un-seminariste-brutalement-assassine-et-un-autre-enleve\\\/\",\"name\":\"NIGERIA : Un s\u00e9minariste brutalement assassin\u00e9 et un autre enlev\u00e9 | ACN International\",\"isPartOf\":{\"@id\":\"https:\\\/\\\/acninternational.org\\\/fr\\\/#website\"},\"primaryImageOfPage\":{\"@id\":\"https:\\\/\\\/acninternational.org\\\/fr\\\/nigeria-un-seminariste-brutalement-assassine-et-un-autre-enleve\\\/#primaryimage\"},\"image\":{\"@id\":\"https:\\\/\\\/acninternational.org\\\/fr\\\/nigeria-un-seminariste-brutalement-assassine-et-un-autre-enleve\\\/#primaryimage\"},\"thumbnailUrl\":\"https:\\\/\\\/media.acninternational.org\\\/wp-content\\\/uploads\\\/2023\\\/09\\\/ACN-20230908-152823.jpeg\",\"datePublished\":\"2023-09-08T12:58:34+00:00\",\"dateModified\":\"2023-09-08T12:58:38+00:00\",\"breadcrumb\":{\"@id\":\"https:\\\/\\\/acninternational.org\\\/fr\\\/nigeria-un-seminariste-brutalement-assassine-et-un-autre-enleve\\\/#breadcrumb\"},\"inLanguage\":\"fr-FR\",\"potentialAction\":[{\"@type\":\"ReadAction\",\"target\":[\"https:\\\/\\\/acninternational.org\\\/fr\\\/nigeria-un-seminariste-brutalement-assassine-et-un-autre-enleve\\\/\"]}]},{\"@type\":\"ImageObject\",\"inLanguage\":\"fr-FR\",\"@id\":\"https:\\\/\\\/acninternational.org\\\/fr\\\/nigeria-un-seminariste-brutalement-assassine-et-un-autre-enleve\\\/#primaryimage\",\"url\":\"https:\\\/\\\/media.acninternational.org\\\/wp-content\\\/uploads\\\/2023\\\/09\\\/ACN-20230908-152823.jpeg\",\"contentUrl\":\"https:\\\/\\\/media.acninternational.org\\\/wp-content\\\/uploads\\\/2023\\\/09\\\/ACN-20230908-152823.jpeg\",\"width\":1242,\"height\":452},{\"@type\":\"BreadcrumbList\",\"@id\":\"https:\\\/\\\/acninternational.org\\\/fr\\\/nigeria-un-seminariste-brutalement-assassine-et-un-autre-enleve\\\/#breadcrumb\",\"itemListElement\":[{\"@type\":\"ListItem\",\"position\":1,\"name\":\"Home\",\"item\":\"https:\\\/\\\/acninternational.org\\\/fr\\\/\"},{\"@type\":\"ListItem\",\"position\":2,\"name\":\"Nouvelles\",\"item\":\"https:\\\/\\\/acninternational.org\\\/fr\\\/category\\\/news-fr\\\/\"},{\"@type\":\"ListItem\",\"position\":3,\"name\":\"NIGERIA : Un s\u00e9minariste brutalement assassin\u00e9 et un autre enlev\u00e9\"}]},{\"@type\":\"WebSite\",\"@id\":\"https:\\\/\\\/acninternational.org\\\/fr\\\/#website\",\"url\":\"https:\\\/\\\/acninternational.org\\\/fr\\\/\",\"name\":\"ACN International\",\"description\":\"\",\"publisher\":{\"@id\":\"https:\\\/\\\/acninternational.org\\\/fr\\\/#organization\"},\"potentialAction\":[{\"@type\":\"SearchAction\",\"target\":{\"@type\":\"EntryPoint\",\"urlTemplate\":\"https:\\\/\\\/acninternational.org\\\/fr\\\/?s={search_term_string}\"},\"query-input\":{\"@type\":\"PropertyValueSpecification\",\"valueRequired\":true,\"valueName\":\"search_term_string\"}}],\"inLanguage\":\"fr-FR\"},{\"@type\":\"Organization\",\"@id\":\"https:\\\/\\\/acninternational.org\\\/fr\\\/#organization\",\"name\":\"Aid to the Church in Need International\",\"url\":\"https:\\\/\\\/acninternational.org\\\/fr\\\/\",\"logo\":{\"@type\":\"ImageObject\",\"inLanguage\":\"fr-FR\",\"@id\":\"https:\\\/\\\/acninternational.org\\\/fr\\\/#\\\/schema\\\/logo\\\/image\\\/\",\"url\":\"https:\\\/\\\/media.acninternational.org\\\/wp-content\\\/uploads\\\/2019\\\/11\\\/acn_logo_blackvector.svg\",\"contentUrl\":\"https:\\\/\\\/media.acninternational.org\\\/wp-content\\\/uploads\\\/2019\\\/11\\\/acn_logo_blackvector.svg\",\"width\":232.6,\"height\":78,\"caption\":\"Aid to the Church in Need International\"},\"image\":{\"@id\":\"https:\\\/\\\/acninternational.org\\\/fr\\\/#\\\/schema\\\/logo\\\/image\\\/\"},\"sameAs\":[\"https:\\\/\\\/www.facebook.com\\\/acninternationalorg\",\"https:\\\/\\\/x.com\\\/acn_int\",\"https:\\\/\\\/www.youtube.com\\\/channel\\\/UCQ-077gS0TnVzkhHmf1opZw\",\"https:\\\/\\\/www.instagram.com\\\/acn_international\\\/\"]},{\"@type\":\"Person\",\"@id\":\"https:\\\/\\\/acninternational.org\\\/fr\\\/#\\\/schema\\\/person\\\/7f3dafb236b242fb2aa46be1411fd703\",\"name\":\"ACN Press Team\",\"description\":\"Lorem ipsum dolor sit amet, consectetur adipiscing elit, sed do eiusmod tempor incididunt ut labore et dolore magna aliqua. Ut enim ad minim veniam, quis nostrud exercitation ullamco laboris nisi ut aliquip ex ea commodo consequat.\",\"url\":\"https:\\\/\\\/acninternational.org\\\/fr\\\/author\\\/acn-press-team\\\/\"}]}<\/script>\n<!-- \/ Yoast SEO Premium plugin. -->","yoast_head_json":{"title":"NIGERIA : Un s\u00e9minariste brutalement assassin\u00e9 et un autre enlev\u00e9 | ACN International","robots":{"index":"index","follow":"follow","max-snippet":"max-snippet:-1","max-image-preview":"max-image-preview:large","max-video-preview":"max-video-preview:-1"},"canonical":"https:\/\/acninternational.org\/fr\/nigeria-un-seminariste-brutalement-assassine-et-un-autre-enleve\/","og_locale":"fr_FR","og_type":"article","og_title":"NIGERIA : Un s\u00e9minariste brutalement assassin\u00e9 et un autre enlev\u00e9","og_description":"L\u2019AED International d\u00e9nonce une \u00e9ni\u00e8me attaque contre l'Eglise catholique au Nigeria qui a eu lieu hier. Un s\u00e9minariste a \u00e9t\u00e9","og_url":"https:\/\/acninternational.org\/fr\/nigeria-un-seminariste-brutalement-assassine-et-un-autre-enleve\/","og_site_name":"ACN International","article_publisher":"https:\/\/www.facebook.com\/acninternationalorg","article_published_time":"2023-09-08T12:58:34+00:00","article_modified_time":"2023-09-08T12:58:38+00:00","og_image":[{"width":1242,"height":452,"url":"https:\/\/media.acninternational.org\/wp-content\/uploads\/2023\/09\/ACN-20230908-152823.jpeg","type":"image\/jpeg"}],"author":"ACN Press Team","twitter_card":"summary_large_image","twitter_creator":"@acn_int","twitter_site":"@acn_int","twitter_misc":{"\u00c9crit par":"ACN Press Team","Dur\u00e9e de lecture estim\u00e9e":"3 minutes"},"schema":{"@context":"https:\/\/schema.org","@graph":[{"@type":"Article","@id":"https:\/\/acninternational.org\/fr\/nigeria-un-seminariste-brutalement-assassine-et-un-autre-enleve\/#article","isPartOf":{"@id":"https:\/\/acninternational.org\/fr\/nigeria-un-seminariste-brutalement-assassine-et-un-autre-enleve\/"},"author":{"name":"ACN Press Team","@id":"https:\/\/acninternational.org\/fr\/#\/schema\/person\/7f3dafb236b242fb2aa46be1411fd703"},"headline":"NIGERIA : Un s\u00e9minariste brutalement assassin\u00e9 et un autre enlev\u00e9","datePublished":"2023-09-08T12:58:34+00:00","dateModified":"2023-09-08T12:58:38+00:00","mainEntityOfPage":{"@id":"https:\/\/acninternational.org\/fr\/nigeria-un-seminariste-brutalement-assassine-et-un-autre-enleve\/"},"wordCount":618,"publisher":{"@id":"https:\/\/acninternational.org\/fr\/#organization"},"image":{"@id":"https:\/\/acninternational.org\/fr\/nigeria-un-seminariste-brutalement-assassine-et-un-autre-enleve\/#primaryimage"},"thumbnailUrl":"https:\/\/media.acninternational.org\/wp-content\/uploads\/2023\/09\/ACN-20230908-152823.jpeg","articleSection":["Nouvelle","Nouvelles"],"inLanguage":"fr-FR"},{"@type":"WebPage","@id":"https:\/\/acninternational.org\/fr\/nigeria-un-seminariste-brutalement-assassine-et-un-autre-enleve\/","url":"https:\/\/acninternational.org\/fr\/nigeria-un-seminariste-brutalement-assassine-et-un-autre-enleve\/","name":"NIGERIA : Un s\u00e9minariste brutalement assassin\u00e9 et un autre enlev\u00e9 | ACN International","isPartOf":{"@id":"https:\/\/acninternational.org\/fr\/#website"},"primaryImageOfPage":{"@id":"https:\/\/acninternational.org\/fr\/nigeria-un-seminariste-brutalement-assassine-et-un-autre-enleve\/#primaryimage"},"image":{"@id":"https:\/\/acninternational.org\/fr\/nigeria-un-seminariste-brutalement-assassine-et-un-autre-enleve\/#primaryimage"},"thumbnailUrl":"https:\/\/media.acninternational.org\/wp-content\/uploads\/2023\/09\/ACN-20230908-152823.jpeg","datePublished":"2023-09-08T12:58:34+00:00","dateModified":"2023-09-08T12:58:38+00:00","breadcrumb":{"@id":"https:\/\/acninternational.org\/fr\/nigeria-un-seminariste-brutalement-assassine-et-un-autre-enleve\/#breadcrumb"},"inLanguage":"fr-FR","potentialAction":[{"@type":"ReadAction","target":["https:\/\/acninternational.org\/fr\/nigeria-un-seminariste-brutalement-assassine-et-un-autre-enleve\/"]}]},{"@type":"ImageObject","inLanguage":"fr-FR","@id":"https:\/\/acninternational.org\/fr\/nigeria-un-seminariste-brutalement-assassine-et-un-autre-enleve\/#primaryimage","url":"https:\/\/media.acninternational.org\/wp-content\/uploads\/2023\/09\/ACN-20230908-152823.jpeg","contentUrl":"https:\/\/media.acninternational.org\/wp-content\/uploads\/2023\/09\/ACN-20230908-152823.jpeg","width":1242,"height":452},{"@type":"BreadcrumbList","@id":"https:\/\/acninternational.org\/fr\/nigeria-un-seminariste-brutalement-assassine-et-un-autre-enleve\/#breadcrumb","itemListElement":[{"@type":"ListItem","position":1,"name":"Home","item":"https:\/\/acninternational.org\/fr\/"},{"@type":"ListItem","position":2,"name":"Nouvelles","item":"https:\/\/acninternational.org\/fr\/category\/news-fr\/"},{"@type":"ListItem","position":3,"name":"NIGERIA : Un s\u00e9minariste brutalement assassin\u00e9 et un autre enlev\u00e9"}]},{"@type":"WebSite","@id":"https:\/\/acninternational.org\/fr\/#website","url":"https:\/\/acninternational.org\/fr\/","name":"ACN International","description":"","publisher":{"@id":"https:\/\/acninternational.org\/fr\/#organization"},"potentialAction":[{"@type":"SearchAction","target":{"@type":"EntryPoint","urlTemplate":"https:\/\/acninternational.org\/fr\/?s={search_term_string}"},"query-input":{"@type":"PropertyValueSpecification","valueRequired":true,"valueName":"search_term_string"}}],"inLanguage":"fr-FR"},{"@type":"Organization","@id":"https:\/\/acninternational.org\/fr\/#organization","name":"Aid to the Church in Need International","url":"https:\/\/acninternational.org\/fr\/","logo":{"@type":"ImageObject","inLanguage":"fr-FR","@id":"https:\/\/acninternational.org\/fr\/#\/schema\/logo\/image\/","url":"https:\/\/media.acninternational.org\/wp-content\/uploads\/2019\/11\/acn_logo_blackvector.svg","contentUrl":"https:\/\/media.acninternational.org\/wp-content\/uploads\/2019\/11\/acn_logo_blackvector.svg","width":232.6,"height":78,"caption":"Aid to the Church in Need International"},"image":{"@id":"https:\/\/acninternational.org\/fr\/#\/schema\/logo\/image\/"},"sameAs":["https:\/\/www.facebook.com\/acninternationalorg","https:\/\/x.com\/acn_int","https:\/\/www.youtube.com\/channel\/UCQ-077gS0TnVzkhHmf1opZw","https:\/\/www.instagram.com\/acn_international\/"]},{"@type":"Person","@id":"https:\/\/acninternational.org\/fr\/#\/schema\/person\/7f3dafb236b242fb2aa46be1411fd703","name":"ACN Press Team","description":"Lorem ipsum dolor sit amet, consectetur adipiscing elit, sed do eiusmod tempor incididunt ut labore et dolore magna aliqua. Ut enim ad minim veniam, quis nostrud exercitation ullamco laboris nisi ut aliquip ex ea commodo consequat.","url":"https:\/\/acninternational.org\/fr\/author\/acn-press-team\/"}]}},"_links":{"self":[{"href":"https:\/\/acninternational.org\/fr\/wp-json\/wp\/v2\/posts\/185089","targetHints":{"allow":["GET"]}}],"collection":[{"href":"https:\/\/acninternational.org\/fr\/wp-json\/wp\/v2\/posts"}],"about":[{"href":"https:\/\/acninternational.org\/fr\/wp-json\/wp\/v2\/types\/post"}],"author":[{"embeddable":true,"href":"https:\/\/acninternational.org\/fr\/wp-json\/wp\/v2\/users\/4258341447"}],"replies":[{"embeddable":true,"href":"https:\/\/acninternational.org\/fr\/wp-json\/wp\/v2\/comments?post=185089"}],"version-history":[{"count":0,"href":"https:\/\/acninternational.org\/fr\/wp-json\/wp\/v2\/posts\/185089\/revisions"}],"wp:featuredmedia":[{"embeddable":true,"href":"https:\/\/acninternational.org\/fr\/wp-json\/wp\/v2\/media\/185071"}],"wp:attachment":[{"href":"https:\/\/acninternational.org\/fr\/wp-json\/wp\/v2\/media?parent=185089"}],"wp:term":[{"taxonomy":"category","embeddable":true,"href":"https:\/\/acninternational.org\/fr\/wp-json\/wp\/v2\/categories?post=185089"},{"taxonomy":"post_tag","embeddable":true,"href":"https:\/\/acninternational.org\/fr\/wp-json\/wp\/v2\/tags?post=185089"},{"taxonomy":"country","embeddable":true,"href":"https:\/\/acninternational.org\/fr\/wp-json\/wp\/v2\/country?post=185089"}],"curies":[{"name":"wp","href":"https:\/\/api.w.org\/{rel}","templated":true}]}}