{"id":184366,"date":"2023-07-28T09:46:44","date_gmt":"2023-07-28T07:46:44","guid":{"rendered":"https:\/\/acninternational.org\/?p=184366"},"modified":"2023-07-28T10:13:19","modified_gmt":"2023-07-28T08:13:19","slug":"demandent-d-honorer-la-memoire-du-pere-paolo-dall-oglio","status":"publish","type":"post","link":"https:\/\/acninternational.org\/fr\/demandent-d-honorer-la-memoire-du-pere-paolo-dall-oglio\/","title":{"rendered":"Les archev\u00eaques syriens et la fondation ACN demandent au sous-secr\u00e9taire d\u2019\u00c9tat Alfredo Mantovano d\u2019honorer la m\u00e9moire du P\u00e8re Paolo Dall\u2019Oglio en assouplissant les sanctions \u00e9conomiques"},"content":{"rendered":"<p>Le 24 juillet, Son Excellence Jacques Mourad, archev\u00eaque syriaque de Homs, en Syrie, ainsi que le pr\u00e9sident et le directeur du bureau italien de la fondation internationale Aid to the Church in Need (ACN), Sandra Sarti et Alessandro Monteduro, ont rencontr\u00e9 Alfredo Mantovano, sous-secr\u00e9taire d\u2019\u00c9tat \u00e0 la pr\u00e9sidence du Conseil des ministres italien. L\u2019archev\u00eaque syriaque d\u2019Alep, Mgr Antoine Chahda, et l\u2019\u00e9v\u00eaque syriaque d\u2019Aretusa, Mgr Rami al-Kabalan, \u00e9taient \u00e9galement pr\u00e9sents.<\/p>\n<p>Mgr Jacques Mourad a fond\u00e9 la communaut\u00e9 monastique de Deir Mar Musa avec le P\u00e8re j\u00e9suite italien Paolo Dall\u2019Oglio, lequel a \u00e9t\u00e9 enlev\u00e9 il y a 10 ans \u00e0 Raqqa, le 29 juillet 2013. Il a commenc\u00e9 la rencontre en exprimant son espoir que l\u2019on continue \u00e0 rechercher son cofondateur, ainsi que tant d\u2019autres chr\u00e9tiens \u00e9galement enlev\u00e9s. L\u2019archev\u00eaque syro-catholique a \u00e9galement \u00e9voqu\u00e9 les souffrances du peuple syrien, durement touch\u00e9 par l\u2019embargo actuel. Les sanctions impos\u00e9es par la communaut\u00e9 internationale, a-t-il poursuivi, ne touchent que la population, et en particulier les chr\u00e9tiens, et non le gouvernement. En outre les \u00e9v\u00e9nements politiques et militaires de ces derni\u00e8res ann\u00e9es encouragent l\u2019\u00e9migration massive des jeunes, confront\u00e9s \u00e0 un avenir sombre caract\u00e9ris\u00e9 par des bas salaires et des perspectives limit\u00e9es.<\/p>\n<p>Mgr Antoine Chahda a d\u00e9nonc\u00e9 le manque de revenus en raison duquel la population d\u2019Alep et d\u2019autres parties de la Syrie se trouve dans l\u2019impossibilit\u00e9 de payer les services de base tels que l\u2019\u00e9lectricit\u00e9, la nourriture et les m\u00e9dicaments, tandis que Mgr Rami Al-Kabalan a soulign\u00e9 l\u2019importance de maintenir le syst\u00e8me \u00e9ducatif catholique. De nombreuses \u00e9coles ont \u00e9t\u00e9 nationalis\u00e9es ou ferm\u00e9es, ce qui a eu un impact n\u00e9gatif non seulement sur l\u2019apprentissage scolaire, mais aussi sur le dialogue entre les diff\u00e9rents groupes religieux, pourtant essentiel pour \u00e9viter la radicalisation.<\/p>\n<p>Sandra Sarti et Alessandro Monteduro ont rappel\u00e9 le fait qu\u2019avant le conflit arm\u00e9, qui dure depuis plus d\u2019une d\u00e9cennie, les chr\u00e9tiens repr\u00e9sentaient environ 10% de la population, soit deux millions de personnes, alors qu\u2019aujourd\u2019hui ils ne sont plus que 300.000 \u00e0 500.000.<\/p>\n<figure id=\"attachment_184334\" aria-describedby=\"caption-attachment-184334\" style=\"width: 670px\" class=\"wp-caption alignnone\"><img loading=\"lazy\" decoding=\"async\" class=\"wp-image-184334 size-full\" src=\"https:\/\/media.acninternational.org\/wp-content\/uploads\/2023\/07\/pequena_web-6.jpg\" alt=\"Paolo Dall\u2019Oglio\" width=\"670\" height=\"400\" srcset=\"https:\/\/media.acninternational.org\/wp-content\/uploads\/2023\/07\/pequena_web-6.jpg 670w, https:\/\/media.acninternational.org\/wp-content\/uploads\/2023\/07\/pequena_web-6-300x179.jpg 300w\" sizes=\"auto, (max-width: 670px) 100vw, 670px\" \/><figcaption id=\"caption-attachment-184334\" class=\"wp-caption-text\">Paolo Dall\u2019Oglio<\/figcaption><\/figure>\n<p>Les repr\u00e9sentants du bureau italien de la fondation ACN ont \u00e9galement soulign\u00e9 le fait que la difficult\u00e9 de transf\u00e9rer des fonds et d\u2019importer des marchandises en Syrie, en raison des sanctions, rendait l\u2019aide humanitaire quasiment impossible. M\u00eame si les sanctions comprennent officiellement des exceptions pour l\u2019aide humanitaire, dans la pratique ces<\/p>\n<p>derni\u00e8res ne fonctionnent pas. Le syst\u00e8me de code bancaire IBAN europ\u00e9en et le syst\u00e8me am\u00e9ricain SWIFT bloquent tous les transferts vers la Syrie, complexifiant \u00e9norm\u00e9ment, pour la fondation ACN, les transferts de fonds pour raisons humanitaires.<\/p>\n<p>Or, ces fonds sont essentiels pour que les institutions g\u00e9r\u00e9es par l\u2019\u00c9glise puissent fournir les biens n\u00e9cessaires \u00e0 la survie des communaut\u00e9s en d\u00e9tresse. Cela a conduit les repr\u00e9sentants du bureau italien de la fondation ACN \u00e0 lancer un appel \u00e0 la communaut\u00e9 internationale pour qu\u2019elle tienne compte des paroles prononc\u00e9es par le Pape Fran\u00e7ois dans son discours de f\u00e9vrier 2021 aux membres du corps diplomatique accr\u00e9dit\u00e9 pr\u00e8s le Saint-Si\u00e8ge : \u00ab Mes pens\u00e9es vont aussi au Y\u00e9men et \u00e0 la bien-aim\u00e9e Syrie, o\u00f9, en plus d\u2019autres graves urgences, l\u2019ins\u00e9curit\u00e9 alimentaire afflige une grande partie de la population et o\u00f9 les enfants sont \u00e9puis\u00e9s par la malnutrition.<\/p>\n<p>Dans de nombreux cas, les crises humanitaires sont aggrav\u00e9es par les sanctions \u00e9conomiques qui, le plus souvent, finissent par se r\u00e9percuter principalement sur les couches les plus faibles de la population, plut\u00f4t que sur les responsables politiques. D\u00e8s lors, tout en comprenant la logique des sanctions, le Saint-Si\u00e8ge n\u2019en voit pas l\u2019efficacit\u00e9 et souhaite leur assouplissement pour favoriser aussi le flux d\u2019aides humanitaires, tout d\u2019abord de m\u00e9dicaments et de mat\u00e9riel sanitaire, extr\u00eamement n\u00e9cessaires en ce temps de pand\u00e9mie \u00bb.<\/p>\n<p>Au nom du gouvernement italien, Mantovano a exprim\u00e9 sa solidarit\u00e9 avec l\u2019archev\u00eaque syriaque de Homs \u00e0 propos de l\u2019enl\u00e8vement dramatique et non r\u00e9solu du P\u00e8re Paolo Dall\u2019Oglio, assurant que l\u2019Italie continuerait ses recherches, en particulier par le biais de ses services de renseignement. Le Sous-Secr\u00e9taire d\u2019\u00c9tat a \u00e9galement soulign\u00e9 le fait que les sanctions \u00e9conomiques ne devraient pas entraver la fourniture d\u2019 aide essentielle \u00e0 la population : l\u2019embargo entrave actuellement tous les efforts visant \u00e0 soutenir les communaut\u00e9s les plus menac\u00e9es, \u00e0 commencer par les chr\u00e9tiens.<\/p>\n<p>Le gouvernement italien discutera avec ses alli\u00e9s, en particulier au sein de l\u2019Union europ\u00e9enne, de la meilleure fa\u00e7on d\u2019introduire des changements dans le syst\u00e8me actuel de sanctions, afin de contribuer \u00e0 redonner espoir \u00e0 une population fatigu\u00e9e par la guerre.<\/p>\n","protected":false},"excerpt":{"rendered":"<p>Cela fait dix ans que le pr\u00eatre j\u00e9suite italien, le p\u00e8re Paolo Dall&rsquo;Oglio, a \u00e9t\u00e9 fait prisonnier par ISIS \u00e0 Ragga, en Syrie.<\/p>\n","protected":false},"author":4258341447,"featured_media":184341,"comment_status":"closed","ping_status":"closed","sticky":false,"template":"","format":"standard","meta":{"_acf_changed":false,"_acn_coauthor_ids":[],"footnotes":""},"categories":[918,919],"tags":[],"country":[],"class_list":["post-184366","post","type-post","status-publish","format-standard","has-post-thumbnail","hentry","category-nachricht","category-nouvelle"],"acn_coauthors":[],"acf":[],"yoast_head":"<!-- This site is optimized with the Yoast SEO Premium plugin v27.3 (Yoast SEO v27.3) - https:\/\/yoast.com\/product\/yoast-seo-premium-wordpress\/ -->\n<title>demandent d&#039;honorer la m\u00e9moire du P\u00e8re Paolo Dall\u2019Oglio | ACN International<\/title>\n<meta name=\"description\" content=\"Cela fait dix ans que le pr\u00eatre j\u00e9suite italien, le p\u00e8re Paolo Dall&#039;Oglio, a \u00e9t\u00e9 fait prisonnier par ISIS \u00e0 Ragga, en Syrie.\" \/>\n<meta name=\"robots\" content=\"index, follow, max-snippet:-1, max-image-preview:large, max-video-preview:-1\" \/>\n<link rel=\"canonical\" href=\"https:\/\/acninternational.org\/fr\/demandent-d-honorer-la-memoire-du-pere-paolo-dall-oglio\/\" \/>\n<meta property=\"og:locale\" content=\"fr_FR\" \/>\n<meta property=\"og:type\" content=\"article\" \/>\n<meta property=\"og:title\" content=\"Les archev\u00eaques syriens et la fondation ACN demandent au sous-secr\u00e9taire d\u2019\u00c9tat Alfredo Mantovano d\u2019honorer la m\u00e9moire du P\u00e8re Paolo Dall\u2019Oglio en assouplissant les sanctions \u00e9conomiques\" \/>\n<meta property=\"og:description\" content=\"Cela fait dix ans que le pr\u00eatre j\u00e9suite italien, le p\u00e8re Paolo Dall&#039;Oglio, a \u00e9t\u00e9 fait prisonnier par ISIS \u00e0 Ragga, en Syrie.\" \/>\n<meta property=\"og:url\" content=\"https:\/\/acninternational.org\/fr\/demandent-d-honorer-la-memoire-du-pere-paolo-dall-oglio\/\" \/>\n<meta property=\"og:site_name\" content=\"ACN International\" \/>\n<meta property=\"article:publisher\" content=\"https:\/\/www.facebook.com\/acninternationalorg\" \/>\n<meta property=\"article:published_time\" content=\"2023-07-28T07:46:44+00:00\" \/>\n<meta property=\"article:modified_time\" content=\"2023-07-28T08:13:19+00:00\" \/>\n<meta property=\"og:image\" content=\"https:\/\/media.acninternational.org\/wp-content\/uploads\/2023\/07\/heading_web-3-3.jpg\" \/>\n\t<meta property=\"og:image:width\" content=\"2000\" \/>\n\t<meta property=\"og:image:height\" content=\"625\" \/>\n\t<meta property=\"og:image:type\" content=\"image\/jpeg\" \/>\n<meta name=\"author\" content=\"ACN Press Team\" \/>\n<meta name=\"twitter:card\" content=\"summary_large_image\" \/>\n<meta name=\"twitter:creator\" content=\"@acn_int\" \/>\n<meta name=\"twitter:site\" content=\"@acn_int\" \/>\n<meta name=\"twitter:label1\" content=\"\u00c9crit par\" \/>\n\t<meta name=\"twitter:data1\" content=\"ACN Press Team\" \/>\n\t<meta name=\"twitter:label2\" content=\"Dur\u00e9e de lecture estim\u00e9e\" \/>\n\t<meta name=\"twitter:data2\" content=\"4 minutes\" \/>\n<script type=\"application\/ld+json\" class=\"yoast-schema-graph\">{\"@context\":\"https:\\\/\\\/schema.org\",\"@graph\":[{\"@type\":\"Article\",\"@id\":\"https:\\\/\\\/acninternational.org\\\/fr\\\/demandent-d-honorer-la-memoire-du-pere-paolo-dall-oglio\\\/#article\",\"isPartOf\":{\"@id\":\"https:\\\/\\\/acninternational.org\\\/fr\\\/demandent-d-honorer-la-memoire-du-pere-paolo-dall-oglio\\\/\"},\"author\":{\"name\":\"ACN Press Team\",\"@id\":\"https:\\\/\\\/acninternational.org\\\/fr\\\/#\\\/schema\\\/person\\\/7f3dafb236b242fb2aa46be1411fd703\"},\"headline\":\"Les archev\u00eaques syriens et la fondation ACN demandent au sous-secr\u00e9taire d\u2019\u00c9tat Alfredo Mantovano d\u2019honorer la m\u00e9moire du P\u00e8re Paolo Dall\u2019Oglio en assouplissant les sanctions \u00e9conomiques\",\"datePublished\":\"2023-07-28T07:46:44+00:00\",\"dateModified\":\"2023-07-28T08:13:19+00:00\",\"mainEntityOfPage\":{\"@id\":\"https:\\\/\\\/acninternational.org\\\/fr\\\/demandent-d-honorer-la-memoire-du-pere-paolo-dall-oglio\\\/\"},\"wordCount\":859,\"publisher\":{\"@id\":\"https:\\\/\\\/acninternational.org\\\/fr\\\/#organization\"},\"image\":{\"@id\":\"https:\\\/\\\/acninternational.org\\\/fr\\\/demandent-d-honorer-la-memoire-du-pere-paolo-dall-oglio\\\/#primaryimage\"},\"thumbnailUrl\":\"https:\\\/\\\/media.acninternational.org\\\/wp-content\\\/uploads\\\/2023\\\/07\\\/heading_web-3-3.jpg\",\"articleSection\":[\"Nachricht\",\"Nouvelle\"],\"inLanguage\":\"fr-FR\"},{\"@type\":\"WebPage\",\"@id\":\"https:\\\/\\\/acninternational.org\\\/fr\\\/demandent-d-honorer-la-memoire-du-pere-paolo-dall-oglio\\\/\",\"url\":\"https:\\\/\\\/acninternational.org\\\/fr\\\/demandent-d-honorer-la-memoire-du-pere-paolo-dall-oglio\\\/\",\"name\":\"demandent d'honorer la m\u00e9moire du P\u00e8re Paolo Dall\u2019Oglio | ACN International\",\"isPartOf\":{\"@id\":\"https:\\\/\\\/acninternational.org\\\/fr\\\/#website\"},\"primaryImageOfPage\":{\"@id\":\"https:\\\/\\\/acninternational.org\\\/fr\\\/demandent-d-honorer-la-memoire-du-pere-paolo-dall-oglio\\\/#primaryimage\"},\"image\":{\"@id\":\"https:\\\/\\\/acninternational.org\\\/fr\\\/demandent-d-honorer-la-memoire-du-pere-paolo-dall-oglio\\\/#primaryimage\"},\"thumbnailUrl\":\"https:\\\/\\\/media.acninternational.org\\\/wp-content\\\/uploads\\\/2023\\\/07\\\/heading_web-3-3.jpg\",\"datePublished\":\"2023-07-28T07:46:44+00:00\",\"dateModified\":\"2023-07-28T08:13:19+00:00\",\"description\":\"Cela fait dix ans que le pr\u00eatre j\u00e9suite italien, le p\u00e8re Paolo Dall'Oglio, a \u00e9t\u00e9 fait prisonnier par ISIS \u00e0 Ragga, en Syrie.\",\"breadcrumb\":{\"@id\":\"https:\\\/\\\/acninternational.org\\\/fr\\\/demandent-d-honorer-la-memoire-du-pere-paolo-dall-oglio\\\/#breadcrumb\"},\"inLanguage\":\"fr-FR\",\"potentialAction\":[{\"@type\":\"ReadAction\",\"target\":[\"https:\\\/\\\/acninternational.org\\\/fr\\\/demandent-d-honorer-la-memoire-du-pere-paolo-dall-oglio\\\/\"]}]},{\"@type\":\"ImageObject\",\"inLanguage\":\"fr-FR\",\"@id\":\"https:\\\/\\\/acninternational.org\\\/fr\\\/demandent-d-honorer-la-memoire-du-pere-paolo-dall-oglio\\\/#primaryimage\",\"url\":\"https:\\\/\\\/media.acninternational.org\\\/wp-content\\\/uploads\\\/2023\\\/07\\\/heading_web-3-3.jpg\",\"contentUrl\":\"https:\\\/\\\/media.acninternational.org\\\/wp-content\\\/uploads\\\/2023\\\/07\\\/heading_web-3-3.jpg\",\"width\":2000,\"height\":625,\"caption\":\"Paolo Dall\u2019Oglio\"},{\"@type\":\"BreadcrumbList\",\"@id\":\"https:\\\/\\\/acninternational.org\\\/fr\\\/demandent-d-honorer-la-memoire-du-pere-paolo-dall-oglio\\\/#breadcrumb\",\"itemListElement\":[{\"@type\":\"ListItem\",\"position\":1,\"name\":\"Home\",\"item\":\"https:\\\/\\\/acninternational.org\\\/fr\\\/\"},{\"@type\":\"ListItem\",\"position\":2,\"name\":\"Nouvelles\",\"item\":\"https:\\\/\\\/acninternational.org\\\/fr\\\/category\\\/news-fr\\\/\"},{\"@type\":\"ListItem\",\"position\":3,\"name\":\"Les archev\u00eaques syriens et la fondation ACN demandent au sous-secr\u00e9taire d\u2019\u00c9tat Alfredo Mantovano d\u2019honorer la m\u00e9moire du P\u00e8re Paolo Dall\u2019Oglio en assouplissant les sanctions \u00e9conomiques\"}]},{\"@type\":\"WebSite\",\"@id\":\"https:\\\/\\\/acninternational.org\\\/fr\\\/#website\",\"url\":\"https:\\\/\\\/acninternational.org\\\/fr\\\/\",\"name\":\"ACN International\",\"description\":\"\",\"publisher\":{\"@id\":\"https:\\\/\\\/acninternational.org\\\/fr\\\/#organization\"},\"potentialAction\":[{\"@type\":\"SearchAction\",\"target\":{\"@type\":\"EntryPoint\",\"urlTemplate\":\"https:\\\/\\\/acninternational.org\\\/fr\\\/?s={search_term_string}\"},\"query-input\":{\"@type\":\"PropertyValueSpecification\",\"valueRequired\":true,\"valueName\":\"search_term_string\"}}],\"inLanguage\":\"fr-FR\"},{\"@type\":\"Organization\",\"@id\":\"https:\\\/\\\/acninternational.org\\\/fr\\\/#organization\",\"name\":\"Aid to the Church in Need International\",\"url\":\"https:\\\/\\\/acninternational.org\\\/fr\\\/\",\"logo\":{\"@type\":\"ImageObject\",\"inLanguage\":\"fr-FR\",\"@id\":\"https:\\\/\\\/acninternational.org\\\/fr\\\/#\\\/schema\\\/logo\\\/image\\\/\",\"url\":\"https:\\\/\\\/media.acninternational.org\\\/wp-content\\\/uploads\\\/2019\\\/11\\\/acn_logo_blackvector.svg\",\"contentUrl\":\"https:\\\/\\\/media.acninternational.org\\\/wp-content\\\/uploads\\\/2019\\\/11\\\/acn_logo_blackvector.svg\",\"width\":232.6,\"height\":78,\"caption\":\"Aid to the Church in Need International\"},\"image\":{\"@id\":\"https:\\\/\\\/acninternational.org\\\/fr\\\/#\\\/schema\\\/logo\\\/image\\\/\"},\"sameAs\":[\"https:\\\/\\\/www.facebook.com\\\/acninternationalorg\",\"https:\\\/\\\/x.com\\\/acn_int\",\"https:\\\/\\\/www.youtube.com\\\/channel\\\/UCQ-077gS0TnVzkhHmf1opZw\",\"https:\\\/\\\/www.instagram.com\\\/acn_international\\\/\"]},{\"@type\":\"Person\",\"@id\":\"https:\\\/\\\/acninternational.org\\\/fr\\\/#\\\/schema\\\/person\\\/7f3dafb236b242fb2aa46be1411fd703\",\"name\":\"ACN Press Team\",\"description\":\"Lorem ipsum dolor sit amet, consectetur adipiscing elit, sed do eiusmod tempor incididunt ut labore et dolore magna aliqua. Ut enim ad minim veniam, quis nostrud exercitation ullamco laboris nisi ut aliquip ex ea commodo consequat.\",\"url\":\"https:\\\/\\\/acninternational.org\\\/fr\\\/author\\\/acn-press-team\\\/\"}]}<\/script>\n<!-- \/ Yoast SEO Premium plugin. -->","yoast_head_json":{"title":"demandent d'honorer la m\u00e9moire du P\u00e8re Paolo Dall\u2019Oglio | ACN International","description":"Cela fait dix ans que le pr\u00eatre j\u00e9suite italien, le p\u00e8re Paolo Dall'Oglio, a \u00e9t\u00e9 fait prisonnier par ISIS \u00e0 Ragga, en Syrie.","robots":{"index":"index","follow":"follow","max-snippet":"max-snippet:-1","max-image-preview":"max-image-preview:large","max-video-preview":"max-video-preview:-1"},"canonical":"https:\/\/acninternational.org\/fr\/demandent-d-honorer-la-memoire-du-pere-paolo-dall-oglio\/","og_locale":"fr_FR","og_type":"article","og_title":"Les archev\u00eaques syriens et la fondation ACN demandent au sous-secr\u00e9taire d\u2019\u00c9tat Alfredo Mantovano d\u2019honorer la m\u00e9moire du P\u00e8re Paolo Dall\u2019Oglio en assouplissant les sanctions \u00e9conomiques","og_description":"Cela fait dix ans que le pr\u00eatre j\u00e9suite italien, le p\u00e8re Paolo Dall'Oglio, a \u00e9t\u00e9 fait prisonnier par ISIS \u00e0 Ragga, en Syrie.","og_url":"https:\/\/acninternational.org\/fr\/demandent-d-honorer-la-memoire-du-pere-paolo-dall-oglio\/","og_site_name":"ACN International","article_publisher":"https:\/\/www.facebook.com\/acninternationalorg","article_published_time":"2023-07-28T07:46:44+00:00","article_modified_time":"2023-07-28T08:13:19+00:00","og_image":[{"width":2000,"height":625,"url":"https:\/\/media.acninternational.org\/wp-content\/uploads\/2023\/07\/heading_web-3-3.jpg","type":"image\/jpeg"}],"author":"ACN Press Team","twitter_card":"summary_large_image","twitter_creator":"@acn_int","twitter_site":"@acn_int","twitter_misc":{"\u00c9crit par":"ACN Press Team","Dur\u00e9e de lecture estim\u00e9e":"4 minutes"},"schema":{"@context":"https:\/\/schema.org","@graph":[{"@type":"Article","@id":"https:\/\/acninternational.org\/fr\/demandent-d-honorer-la-memoire-du-pere-paolo-dall-oglio\/#article","isPartOf":{"@id":"https:\/\/acninternational.org\/fr\/demandent-d-honorer-la-memoire-du-pere-paolo-dall-oglio\/"},"author":{"name":"ACN Press Team","@id":"https:\/\/acninternational.org\/fr\/#\/schema\/person\/7f3dafb236b242fb2aa46be1411fd703"},"headline":"Les archev\u00eaques syriens et la fondation ACN demandent au sous-secr\u00e9taire d\u2019\u00c9tat Alfredo Mantovano d\u2019honorer la m\u00e9moire du P\u00e8re Paolo Dall\u2019Oglio en assouplissant les sanctions \u00e9conomiques","datePublished":"2023-07-28T07:46:44+00:00","dateModified":"2023-07-28T08:13:19+00:00","mainEntityOfPage":{"@id":"https:\/\/acninternational.org\/fr\/demandent-d-honorer-la-memoire-du-pere-paolo-dall-oglio\/"},"wordCount":859,"publisher":{"@id":"https:\/\/acninternational.org\/fr\/#organization"},"image":{"@id":"https:\/\/acninternational.org\/fr\/demandent-d-honorer-la-memoire-du-pere-paolo-dall-oglio\/#primaryimage"},"thumbnailUrl":"https:\/\/media.acninternational.org\/wp-content\/uploads\/2023\/07\/heading_web-3-3.jpg","articleSection":["Nachricht","Nouvelle"],"inLanguage":"fr-FR"},{"@type":"WebPage","@id":"https:\/\/acninternational.org\/fr\/demandent-d-honorer-la-memoire-du-pere-paolo-dall-oglio\/","url":"https:\/\/acninternational.org\/fr\/demandent-d-honorer-la-memoire-du-pere-paolo-dall-oglio\/","name":"demandent d'honorer la m\u00e9moire du P\u00e8re Paolo Dall\u2019Oglio | ACN International","isPartOf":{"@id":"https:\/\/acninternational.org\/fr\/#website"},"primaryImageOfPage":{"@id":"https:\/\/acninternational.org\/fr\/demandent-d-honorer-la-memoire-du-pere-paolo-dall-oglio\/#primaryimage"},"image":{"@id":"https:\/\/acninternational.org\/fr\/demandent-d-honorer-la-memoire-du-pere-paolo-dall-oglio\/#primaryimage"},"thumbnailUrl":"https:\/\/media.acninternational.org\/wp-content\/uploads\/2023\/07\/heading_web-3-3.jpg","datePublished":"2023-07-28T07:46:44+00:00","dateModified":"2023-07-28T08:13:19+00:00","description":"Cela fait dix ans que le pr\u00eatre j\u00e9suite italien, le p\u00e8re Paolo Dall'Oglio, a \u00e9t\u00e9 fait prisonnier par ISIS \u00e0 Ragga, en Syrie.","breadcrumb":{"@id":"https:\/\/acninternational.org\/fr\/demandent-d-honorer-la-memoire-du-pere-paolo-dall-oglio\/#breadcrumb"},"inLanguage":"fr-FR","potentialAction":[{"@type":"ReadAction","target":["https:\/\/acninternational.org\/fr\/demandent-d-honorer-la-memoire-du-pere-paolo-dall-oglio\/"]}]},{"@type":"ImageObject","inLanguage":"fr-FR","@id":"https:\/\/acninternational.org\/fr\/demandent-d-honorer-la-memoire-du-pere-paolo-dall-oglio\/#primaryimage","url":"https:\/\/media.acninternational.org\/wp-content\/uploads\/2023\/07\/heading_web-3-3.jpg","contentUrl":"https:\/\/media.acninternational.org\/wp-content\/uploads\/2023\/07\/heading_web-3-3.jpg","width":2000,"height":625,"caption":"Paolo Dall\u2019Oglio"},{"@type":"BreadcrumbList","@id":"https:\/\/acninternational.org\/fr\/demandent-d-honorer-la-memoire-du-pere-paolo-dall-oglio\/#breadcrumb","itemListElement":[{"@type":"ListItem","position":1,"name":"Home","item":"https:\/\/acninternational.org\/fr\/"},{"@type":"ListItem","position":2,"name":"Nouvelles","item":"https:\/\/acninternational.org\/fr\/category\/news-fr\/"},{"@type":"ListItem","position":3,"name":"Les archev\u00eaques syriens et la fondation ACN demandent au sous-secr\u00e9taire d\u2019\u00c9tat Alfredo Mantovano d\u2019honorer la m\u00e9moire du P\u00e8re Paolo Dall\u2019Oglio en assouplissant les sanctions \u00e9conomiques"}]},{"@type":"WebSite","@id":"https:\/\/acninternational.org\/fr\/#website","url":"https:\/\/acninternational.org\/fr\/","name":"ACN International","description":"","publisher":{"@id":"https:\/\/acninternational.org\/fr\/#organization"},"potentialAction":[{"@type":"SearchAction","target":{"@type":"EntryPoint","urlTemplate":"https:\/\/acninternational.org\/fr\/?s={search_term_string}"},"query-input":{"@type":"PropertyValueSpecification","valueRequired":true,"valueName":"search_term_string"}}],"inLanguage":"fr-FR"},{"@type":"Organization","@id":"https:\/\/acninternational.org\/fr\/#organization","name":"Aid to the Church in Need International","url":"https:\/\/acninternational.org\/fr\/","logo":{"@type":"ImageObject","inLanguage":"fr-FR","@id":"https:\/\/acninternational.org\/fr\/#\/schema\/logo\/image\/","url":"https:\/\/media.acninternational.org\/wp-content\/uploads\/2019\/11\/acn_logo_blackvector.svg","contentUrl":"https:\/\/media.acninternational.org\/wp-content\/uploads\/2019\/11\/acn_logo_blackvector.svg","width":232.6,"height":78,"caption":"Aid to the Church in Need International"},"image":{"@id":"https:\/\/acninternational.org\/fr\/#\/schema\/logo\/image\/"},"sameAs":["https:\/\/www.facebook.com\/acninternationalorg","https:\/\/x.com\/acn_int","https:\/\/www.youtube.com\/channel\/UCQ-077gS0TnVzkhHmf1opZw","https:\/\/www.instagram.com\/acn_international\/"]},{"@type":"Person","@id":"https:\/\/acninternational.org\/fr\/#\/schema\/person\/7f3dafb236b242fb2aa46be1411fd703","name":"ACN Press Team","description":"Lorem ipsum dolor sit amet, consectetur adipiscing elit, sed do eiusmod tempor incididunt ut labore et dolore magna aliqua. Ut enim ad minim veniam, quis nostrud exercitation ullamco laboris nisi ut aliquip ex ea commodo consequat.","url":"https:\/\/acninternational.org\/fr\/author\/acn-press-team\/"}]}},"_links":{"self":[{"href":"https:\/\/acninternational.org\/fr\/wp-json\/wp\/v2\/posts\/184366","targetHints":{"allow":["GET"]}}],"collection":[{"href":"https:\/\/acninternational.org\/fr\/wp-json\/wp\/v2\/posts"}],"about":[{"href":"https:\/\/acninternational.org\/fr\/wp-json\/wp\/v2\/types\/post"}],"author":[{"embeddable":true,"href":"https:\/\/acninternational.org\/fr\/wp-json\/wp\/v2\/users\/4258341447"}],"replies":[{"embeddable":true,"href":"https:\/\/acninternational.org\/fr\/wp-json\/wp\/v2\/comments?post=184366"}],"version-history":[{"count":0,"href":"https:\/\/acninternational.org\/fr\/wp-json\/wp\/v2\/posts\/184366\/revisions"}],"wp:featuredmedia":[{"embeddable":true,"href":"https:\/\/acninternational.org\/fr\/wp-json\/wp\/v2\/media\/184341"}],"wp:attachment":[{"href":"https:\/\/acninternational.org\/fr\/wp-json\/wp\/v2\/media?parent=184366"}],"wp:term":[{"taxonomy":"category","embeddable":true,"href":"https:\/\/acninternational.org\/fr\/wp-json\/wp\/v2\/categories?post=184366"},{"taxonomy":"post_tag","embeddable":true,"href":"https:\/\/acninternational.org\/fr\/wp-json\/wp\/v2\/tags?post=184366"},{"taxonomy":"country","embeddable":true,"href":"https:\/\/acninternational.org\/fr\/wp-json\/wp\/v2\/country?post=184366"}],"curies":[{"name":"wp","href":"https:\/\/api.w.org\/{rel}","templated":true}]}}