{"id":181126,"date":"2023-06-01T10:00:04","date_gmt":"2023-06-01T08:00:04","guid":{"rendered":"https:\/\/acninternational.org\/?p=181126"},"modified":"2023-06-05T11:37:29","modified_gmt":"2023-06-05T09:37:29","slug":"changement-dans-la-direction-d-acn","status":"publish","type":"post","link":"https:\/\/acninternational.org\/fr\/changement-dans-la-direction-d-acn\/","title":{"rendered":"Changement dans la direction d&rsquo;ACN International"},"content":{"rendered":"<h4><strong>Regina Lynch, nouvelle Pr\u00e9sidente ex\u00e9cutive<\/strong><\/h4>\n<p><strong><em>La fondation pontificale internationale Aid to the Church in Need (ACN) sera dirig\u00e9e \u00e0 partir du 14 juin 2023 par Regina Lynch, qui \u00e9tait depuis de longues ann\u00e9es, Directrice des projets de l&rsquo;\u0153uvre caritative. Elle succ\u00e8de au Dr Thomas Heine Geldern (71 ans) au poste de Pr\u00e9sident ex\u00e9cutif pour les cinq prochaines ann\u00e9es. Le Pr\u00e9sident de la fondation reste Mauro Cardinal Piacenza. Par ailleurs, Philipp Ozores est confirm\u00e9 au poste de Secr\u00e9taire g\u00e9n\u00e9ral.<\/em><\/strong><\/p>\n<p><strong><em>A la mi-avril, le p\u00e8re Anton L\u00e4sser CP a \u00e9t\u00e9 nomm\u00e9 nouvel Assistant <\/em><em>eccl\u00e9siastique<\/em><em> d&rsquo;ACN International. Il remplace le P\u00e8re Martin Barta Opus J.S.S. qui, apr\u00e8s 13 ans, prend une nouvelle fonction au sein de son ordre.<\/em><\/strong><\/p>\n<figure id=\"attachment_181070\" aria-describedby=\"caption-attachment-181070\" style=\"width: 400px\" class=\"wp-caption aligncenter\"><img loading=\"lazy\" decoding=\"async\" class=\"wp-image-181070\" src=\"https:\/\/media.acninternational.org\/wp-content\/uploads\/2023\/05\/ACN-20160218-36643.jpg\" alt=\"Regina Lynch\" width=\"400\" height=\"600\" srcset=\"https:\/\/media.acninternational.org\/wp-content\/uploads\/2023\/05\/ACN-20160218-36643.jpg 1080w, https:\/\/media.acninternational.org\/wp-content\/uploads\/2023\/05\/ACN-20160218-36643-200x300.jpg 200w, https:\/\/media.acninternational.org\/wp-content\/uploads\/2023\/05\/ACN-20160218-36643-683x1024.jpg 683w, https:\/\/media.acninternational.org\/wp-content\/uploads\/2023\/05\/ACN-20160218-36643-768x1152.jpg 768w, https:\/\/media.acninternational.org\/wp-content\/uploads\/2023\/05\/ACN-20160218-36643-1024x1536.jpg 1024w\" sizes=\"auto, (max-width: 400px) 100vw, 400px\" \/><figcaption id=\"caption-attachment-181070\" class=\"wp-caption-text\">Regina Lynch<\/figcaption><\/figure>\n<p>La nouvelle Pr\u00e9sidente ex\u00e9cutive <strong>Regina Lynch<\/strong> (66 ans) est originaire d&rsquo;Irlande du Nord. Dipl\u00f4m\u00e9e en litt\u00e9rature, cette derni\u00e8re\u00a0travaille depuis 1980 au si\u00e8ge international d&rsquo;ACN \u00e0 K\u00f6nigstein\/TS (Allemagne) ; en 2008, elle a pris les fonctions de Directrice des projets et \u00e9tait ainsi responsable de quelque 6000 projets annuels de l&rsquo;\u0153uvre de bienfaisance dans plus de 140 pays. Au cours de ces 40 ann\u00e9es, elle a voyag\u00e9 dans de nombreux pays soutenus par la fondation et a entretenu des contacts avec des partenaires de projets, des instances eccl\u00e9siastiques et d&rsquo;autres organisations caritatives.<\/p>\n<p>Dans ses nouvelles fonctions, Regina Lynch est responsable des contenus fondamentaux et de la gestion statutaire de la fondation internationale, qui compte 23 bureaux nationaux. Elle repr\u00e9sente la fondation \u00e0 l&rsquo;ext\u00e9rieur et est soutenue dans ses t\u00e2ches par le conseil d&rsquo;administration et le secr\u00e9tariat g\u00e9n\u00e9ral. En qualit\u00e9 de Pr\u00e9sidente ex\u00e9cutive, elle rend compte au conseil de surveillance de la fondation, pr\u00e9sid\u00e9 par Mauro Cardinal Piacenza.<\/p>\n<p>En 2021, R. Lynch a re\u00e7u une reconnaissance particuli\u00e8re de son travail : en tant que repr\u00e9sentante du ROACO (un regroupement d&rsquo;\u0153uvres d&rsquo;entraide pour les \u00c9glises orientales), elle a pu accompagner le pape Fran\u00e7ois lors de son voyage en Irak ; ACN a largement contribu\u00e9 au retour des chr\u00e9tiens chass\u00e9s par l&rsquo;Etat Islamique dans la plaine de Ninive.<\/p>\n<figure id=\"attachment_181083\" aria-describedby=\"caption-attachment-181083\" style=\"width: 600px\" class=\"wp-caption aligncenter\"><img loading=\"lazy\" decoding=\"async\" class=\"wp-image-181083\" src=\"https:\/\/media.acninternational.org\/wp-content\/uploads\/2023\/05\/ACN-20170322-52079.jpg\" alt=\"Marco Mencaglia\" width=\"600\" height=\"666\" srcset=\"https:\/\/media.acninternational.org\/wp-content\/uploads\/2023\/05\/ACN-20170322-52079.jpg 1080w, https:\/\/media.acninternational.org\/wp-content\/uploads\/2023\/05\/ACN-20170322-52079-270x300.jpg 270w, https:\/\/media.acninternational.org\/wp-content\/uploads\/2023\/05\/ACN-20170322-52079-923x1024.jpg 923w, https:\/\/media.acninternational.org\/wp-content\/uploads\/2023\/05\/ACN-20170322-52079-768x852.jpg 768w\" sizes=\"auto, (max-width: 600px) 100vw, 600px\" \/><figcaption id=\"caption-attachment-181083\" class=\"wp-caption-text\">Marco Mencaglia<\/figcaption><\/figure>\n<p>En avril 2023, elle a transmis la direction du D\u00e9partement des projets \u00e0 son successeur <strong>Marco Mencaglia<\/strong> (45 ans). N\u00e9 \u00e0 Rome, ce politologue travaille depuis 2014 dans le D\u00e9partement des projets d&rsquo;ACN International ; il a d&rsquo;abord \u00e9t\u00e9 responsable de quelques pays d&rsquo;Am\u00e9rique latine, puis de toute l&rsquo;Europe.<\/p>\n<figure id=\"attachment_181114\" aria-describedby=\"caption-attachment-181114\" style=\"width: 600px\" class=\"wp-caption aligncenter\"><img loading=\"lazy\" decoding=\"async\" class=\"wp-image-181114\" src=\"https:\/\/media.acninternational.org\/wp-content\/uploads\/2023\/05\/ACN-20230322-143010-3.jpg\" alt=\"Fr. Anton L\u00e4sser CP\" width=\"600\" height=\"652\" srcset=\"https:\/\/media.acninternational.org\/wp-content\/uploads\/2023\/05\/ACN-20230322-143010-3.jpg 1080w, https:\/\/media.acninternational.org\/wp-content\/uploads\/2023\/05\/ACN-20230322-143010-3-276x300.jpg 276w, https:\/\/media.acninternational.org\/wp-content\/uploads\/2023\/05\/ACN-20230322-143010-3-942x1024.jpg 942w, https:\/\/media.acninternational.org\/wp-content\/uploads\/2023\/05\/ACN-20230322-143010-3-768x835.jpg 768w\" sizes=\"auto, (max-width: 600px) 100vw, 600px\" \/><figcaption id=\"caption-attachment-181114\" class=\"wp-caption-text\">Fr. Anton L\u00e4sser CP<\/figcaption><\/figure>\n<p>Le nouvel assistant eccl\u00e9siastique, le p\u00e8re Anton L\u00e4sser CP (62 ans), est autrichien. Il a d&rsquo;abord \u00e9tudi\u00e9 l&rsquo;\u00e9conomie d&rsquo;entreprise et a travaill\u00e9 comme conseiller en gestion. Apr\u00e8s des \u00e9tudes de th\u00e9ologie, il a \u00e9t\u00e9 ordonn\u00e9 pr\u00eatre en 1999 ; en 2007, il a rejoint l&rsquo;ordre des Passionnistes (CP). En tant qu&rsquo;Assistant eccl\u00e9siastique international, il est responsable de la vie spirituelle de la fondation, en collaboration avec les Assistants eccl\u00e9siastiques des 23 bureaux nationaux d&rsquo;ACN.<\/p>\n<p>\u00ab\u00a0Avec la nouvelle Pr\u00e9sidente ex\u00e9cutive, le nouvel assistant eccl\u00e9siastique et le Secr\u00e9taire g\u00e9n\u00e9ral confirm\u00e9, ACN est parfaitement \u00e9tablie, tant sur le plan organisationnel que spirituel\u00a0\u00bb, a soulign\u00e9 le Pr\u00e9sident ex\u00e9cutif sortant T. Heine-Geldern. \u00ab\u00a0Regina Lynch conna\u00eet et aime ACN. Elle jouit de la plus grande reconnaissance tant \u00e0 l&rsquo;int\u00e9rieur qu&rsquo;\u00e0 l&rsquo;ext\u00e9rieur de l&rsquo;\u0153uvre. Et elle est la garante qu&rsquo;ACN continuera \u00e0 se d\u00e9velopper dans l&rsquo;accomplissement de sa mission\u00a0\u00bb.<\/p>\n<p><strong>Thomas Heine-Geldern<\/strong>, qui \u00e9tait Pr\u00e9sident ex\u00e9cutif depuis 2018, a dirig\u00e9 l&rsquo;\u0153uvre pontificale alors qu&rsquo;elle faisait face aux d\u00e9fis de la pers\u00e9cution croissante des chr\u00e9tiens dans le monde et de la pand\u00e9mie Covid-19.<\/p>\n<figure id=\"attachment_53294\" aria-describedby=\"caption-attachment-53294\" style=\"width: 400px\" class=\"wp-caption aligncenter\"><img loading=\"lazy\" decoding=\"async\" class=\"wp-image-53294 size-full\" src=\"https:\/\/media.acninternational.org\/wp-content\/uploads\/2019\/09\/acn-20180314-69043_web-400.jpg\" alt=\"Thomas Heine-Geldern\u00a0\" width=\"400\" height=\"540\" srcset=\"https:\/\/media.acninternational.org\/wp-content\/uploads\/2019\/09\/acn-20180314-69043_web-400.jpg 400w, https:\/\/media.acninternational.org\/wp-content\/uploads\/2019\/09\/acn-20180314-69043_web-400-222x300.jpg 222w\" sizes=\"auto, (max-width: 400px) 100vw, 400px\" \/><figcaption id=\"caption-attachment-53294\" class=\"wp-caption-text\">Thomas Heine-Geldern<\/figcaption><\/figure>\n<p>En mai 2019, il a re\u00e7u\u00a0le \u00ab\u00a0Path to Peace Award\u00a0\u00bb des mains du repr\u00e9sentant du Saint-Si\u00e8ge \u00e0 l&rsquo;ONU \u00e0 New York pour ACN en tant que \u00ab\u00a0principale porte-parole pour les chr\u00e9tiens pers\u00e9cut\u00e9s\u00a0\u00bb.<\/p>\n<p>Le pape Fran\u00e7ois a re\u00e7u plusieurs fois Thomas Heine-Geldern et a exprim\u00e9 \u00e0 plusieurs reprises sa reconnaissance pour le travail d\u2019ACN. Ce fut notamment le cas le 15 ao\u00fbt 2019, lorsque le pape a b\u00e9ni 6000 chapelets lors de la pri\u00e8re de l&rsquo;Ang\u00e9lus, qui ont \u00e9t\u00e9 distribu\u00e9s aux parents survivants des victimes de la guerre en Syrie.<\/p>\n<p>Depuis mars 2022, ACN a renforc\u00e9 son aide \u00e0 l&rsquo;Eglise catholique en Ukraine d\u00e9chir\u00e9e par la guerre.<\/p>\n<p><em>La fondation pontificale ACN, cr\u00e9\u00e9e en 1947, se consacre, par l&rsquo;information, la pri\u00e8re et l&rsquo;aide au soutien des chr\u00e9tiens dans le monde, partout o\u00f9 ils sont pers\u00e9cut\u00e9s ou opprim\u00e9s ou n&rsquo;ont pas assez de moyens pour assurer leur pastorale. L&rsquo;\u0153uvre caritative est soutenue uniquement par des bienfaiteurs priv\u00e9s et n&rsquo;accepte aucun financement \u00e9tatique.<\/em><\/p>\n","protected":false},"excerpt":{"rendered":"<p>Regina Lynch, nueva presidenta ejecutiva A partir del 14 de junio de 2023, la fundaci\u00f3n pontificia internacional Aid to the<\/p>\n","protected":false},"author":4258341447,"featured_media":181078,"comment_status":"closed","ping_status":"closed","sticky":false,"template":"","format":"standard","meta":{"_acf_changed":false,"_acn_coauthor_ids":[],"footnotes":""},"categories":[959,962],"tags":[],"country":[],"class_list":["post-181126","post","type-post","status-publish","format-standard","has-post-thumbnail","hentry","category-noticias-fr","category-news-fr"],"acn_coauthors":[],"acf":[],"yoast_head":"<!-- This site is optimized with the Yoast SEO Premium plugin v27.3 (Yoast SEO v27.3) - https:\/\/yoast.com\/product\/yoast-seo-premium-wordpress\/ -->\n<title>Changement dans la direction d&#039;ACN International | ACN International<\/title>\n<meta name=\"description\" content=\"La fondation pontificale internationale Aid to the Church in Need (ACN) sera dirig\u00e9e \u00e0 partir du 14 juin 2023 par Regina Lynch.\" \/>\n<meta name=\"robots\" content=\"index, follow, max-snippet:-1, max-image-preview:large, max-video-preview:-1\" \/>\n<link rel=\"canonical\" href=\"https:\/\/acninternational.org\/fr\/changement-dans-la-direction-d-acn\/\" \/>\n<meta property=\"og:locale\" content=\"fr_FR\" \/>\n<meta property=\"og:type\" content=\"article\" \/>\n<meta property=\"og:title\" content=\"Changement dans la direction d&#039;ACN International\" \/>\n<meta property=\"og:description\" content=\"La fondation pontificale internationale Aid to the Church in Need (ACN) sera dirig\u00e9e \u00e0 partir du 14 juin 2023 par Regina Lynch.\" \/>\n<meta property=\"og:url\" content=\"https:\/\/acninternational.org\/fr\/changement-dans-la-direction-d-acn\/\" \/>\n<meta property=\"og:site_name\" content=\"ACN International\" \/>\n<meta property=\"article:publisher\" content=\"https:\/\/www.facebook.com\/acninternationalorg\" \/>\n<meta property=\"article:published_time\" content=\"2023-06-01T08:00:04+00:00\" \/>\n<meta property=\"article:modified_time\" content=\"2023-06-05T09:37:29+00:00\" \/>\n<meta property=\"og:image\" content=\"https:\/\/media.acninternational.org\/wp-content\/uploads\/2023\/05\/ACN-20220317-125817.jpg\" \/>\n\t<meta property=\"og:image:width\" content=\"1920\" \/>\n\t<meta property=\"og:image:height\" content=\"700\" \/>\n\t<meta property=\"og:image:type\" content=\"image\/jpeg\" \/>\n<meta name=\"author\" content=\"ACN Press Team\" \/>\n<meta name=\"twitter:card\" content=\"summary_large_image\" \/>\n<meta name=\"twitter:creator\" content=\"@acn_int\" \/>\n<meta name=\"twitter:site\" content=\"@acn_int\" \/>\n<meta name=\"twitter:label1\" content=\"\u00c9crit par\" \/>\n\t<meta name=\"twitter:data1\" content=\"ACN Press Team\" \/>\n\t<meta name=\"twitter:label2\" content=\"Dur\u00e9e de lecture estim\u00e9e\" \/>\n\t<meta name=\"twitter:data2\" content=\"5 minutes\" \/>\n<script type=\"application\/ld+json\" class=\"yoast-schema-graph\">{\"@context\":\"https:\\\/\\\/schema.org\",\"@graph\":[{\"@type\":\"Article\",\"@id\":\"https:\\\/\\\/acninternational.org\\\/fr\\\/changement-dans-la-direction-d-acn\\\/#article\",\"isPartOf\":{\"@id\":\"https:\\\/\\\/acninternational.org\\\/fr\\\/changement-dans-la-direction-d-acn\\\/\"},\"author\":{\"name\":\"ACN Press Team\",\"@id\":\"https:\\\/\\\/acninternational.org\\\/fr\\\/#\\\/schema\\\/person\\\/7f3dafb236b242fb2aa46be1411fd703\"},\"headline\":\"Changement dans la direction d&rsquo;ACN International\",\"datePublished\":\"2023-06-01T08:00:04+00:00\",\"dateModified\":\"2023-06-05T09:37:29+00:00\",\"mainEntityOfPage\":{\"@id\":\"https:\\\/\\\/acninternational.org\\\/fr\\\/changement-dans-la-direction-d-acn\\\/\"},\"wordCount\":850,\"publisher\":{\"@id\":\"https:\\\/\\\/acninternational.org\\\/fr\\\/#organization\"},\"image\":{\"@id\":\"https:\\\/\\\/acninternational.org\\\/fr\\\/changement-dans-la-direction-d-acn\\\/#primaryimage\"},\"thumbnailUrl\":\"https:\\\/\\\/media.acninternational.org\\\/wp-content\\\/uploads\\\/2023\\\/05\\\/ACN-20220317-125817.jpg\",\"articleSection\":[\"NOTICIAS\",\"Nouvelles\"],\"inLanguage\":\"fr-FR\"},{\"@type\":\"WebPage\",\"@id\":\"https:\\\/\\\/acninternational.org\\\/fr\\\/changement-dans-la-direction-d-acn\\\/\",\"url\":\"https:\\\/\\\/acninternational.org\\\/fr\\\/changement-dans-la-direction-d-acn\\\/\",\"name\":\"Changement dans la direction d'ACN International | ACN International\",\"isPartOf\":{\"@id\":\"https:\\\/\\\/acninternational.org\\\/fr\\\/#website\"},\"primaryImageOfPage\":{\"@id\":\"https:\\\/\\\/acninternational.org\\\/fr\\\/changement-dans-la-direction-d-acn\\\/#primaryimage\"},\"image\":{\"@id\":\"https:\\\/\\\/acninternational.org\\\/fr\\\/changement-dans-la-direction-d-acn\\\/#primaryimage\"},\"thumbnailUrl\":\"https:\\\/\\\/media.acninternational.org\\\/wp-content\\\/uploads\\\/2023\\\/05\\\/ACN-20220317-125817.jpg\",\"datePublished\":\"2023-06-01T08:00:04+00:00\",\"dateModified\":\"2023-06-05T09:37:29+00:00\",\"description\":\"La fondation pontificale internationale Aid to the Church in Need (ACN) sera dirig\u00e9e \u00e0 partir du 14 juin 2023 par Regina Lynch.\",\"breadcrumb\":{\"@id\":\"https:\\\/\\\/acninternational.org\\\/fr\\\/changement-dans-la-direction-d-acn\\\/#breadcrumb\"},\"inLanguage\":\"fr-FR\",\"potentialAction\":[{\"@type\":\"ReadAction\",\"target\":[\"https:\\\/\\\/acninternational.org\\\/fr\\\/changement-dans-la-direction-d-acn\\\/\"]}]},{\"@type\":\"ImageObject\",\"inLanguage\":\"fr-FR\",\"@id\":\"https:\\\/\\\/acninternational.org\\\/fr\\\/changement-dans-la-direction-d-acn\\\/#primaryimage\",\"url\":\"https:\\\/\\\/media.acninternational.org\\\/wp-content\\\/uploads\\\/2023\\\/05\\\/ACN-20220317-125817.jpg\",\"contentUrl\":\"https:\\\/\\\/media.acninternational.org\\\/wp-content\\\/uploads\\\/2023\\\/05\\\/ACN-20220317-125817.jpg\",\"width\":1920,\"height\":700},{\"@type\":\"BreadcrumbList\",\"@id\":\"https:\\\/\\\/acninternational.org\\\/fr\\\/changement-dans-la-direction-d-acn\\\/#breadcrumb\",\"itemListElement\":[{\"@type\":\"ListItem\",\"position\":1,\"name\":\"Home\",\"item\":\"https:\\\/\\\/acninternational.org\\\/fr\\\/\"},{\"@type\":\"ListItem\",\"position\":2,\"name\":\"Nouvelles\",\"item\":\"https:\\\/\\\/acninternational.org\\\/fr\\\/category\\\/news-fr\\\/\"},{\"@type\":\"ListItem\",\"position\":3,\"name\":\"Changement dans la direction d&rsquo;ACN International\"}]},{\"@type\":\"WebSite\",\"@id\":\"https:\\\/\\\/acninternational.org\\\/fr\\\/#website\",\"url\":\"https:\\\/\\\/acninternational.org\\\/fr\\\/\",\"name\":\"ACN International\",\"description\":\"\",\"publisher\":{\"@id\":\"https:\\\/\\\/acninternational.org\\\/fr\\\/#organization\"},\"potentialAction\":[{\"@type\":\"SearchAction\",\"target\":{\"@type\":\"EntryPoint\",\"urlTemplate\":\"https:\\\/\\\/acninternational.org\\\/fr\\\/?s={search_term_string}\"},\"query-input\":{\"@type\":\"PropertyValueSpecification\",\"valueRequired\":true,\"valueName\":\"search_term_string\"}}],\"inLanguage\":\"fr-FR\"},{\"@type\":\"Organization\",\"@id\":\"https:\\\/\\\/acninternational.org\\\/fr\\\/#organization\",\"name\":\"Aid to the Church in Need International\",\"url\":\"https:\\\/\\\/acninternational.org\\\/fr\\\/\",\"logo\":{\"@type\":\"ImageObject\",\"inLanguage\":\"fr-FR\",\"@id\":\"https:\\\/\\\/acninternational.org\\\/fr\\\/#\\\/schema\\\/logo\\\/image\\\/\",\"url\":\"https:\\\/\\\/media.acninternational.org\\\/wp-content\\\/uploads\\\/2019\\\/11\\\/acn_logo_blackvector.svg\",\"contentUrl\":\"https:\\\/\\\/media.acninternational.org\\\/wp-content\\\/uploads\\\/2019\\\/11\\\/acn_logo_blackvector.svg\",\"width\":232.6,\"height\":78,\"caption\":\"Aid to the Church in Need International\"},\"image\":{\"@id\":\"https:\\\/\\\/acninternational.org\\\/fr\\\/#\\\/schema\\\/logo\\\/image\\\/\"},\"sameAs\":[\"https:\\\/\\\/www.facebook.com\\\/acninternationalorg\",\"https:\\\/\\\/x.com\\\/acn_int\",\"https:\\\/\\\/www.youtube.com\\\/channel\\\/UCQ-077gS0TnVzkhHmf1opZw\",\"https:\\\/\\\/www.instagram.com\\\/acn_international\\\/\"]},{\"@type\":\"Person\",\"@id\":\"https:\\\/\\\/acninternational.org\\\/fr\\\/#\\\/schema\\\/person\\\/7f3dafb236b242fb2aa46be1411fd703\",\"name\":\"ACN Press Team\",\"description\":\"Lorem ipsum dolor sit amet, consectetur adipiscing elit, sed do eiusmod tempor incididunt ut labore et dolore magna aliqua. Ut enim ad minim veniam, quis nostrud exercitation ullamco laboris nisi ut aliquip ex ea commodo consequat.\",\"url\":\"https:\\\/\\\/acninternational.org\\\/fr\\\/author\\\/acn-press-team\\\/\"}]}<\/script>\n<!-- \/ Yoast SEO Premium plugin. -->","yoast_head_json":{"title":"Changement dans la direction d'ACN International | ACN International","description":"La fondation pontificale internationale Aid to the Church in Need (ACN) sera dirig\u00e9e \u00e0 partir du 14 juin 2023 par Regina Lynch.","robots":{"index":"index","follow":"follow","max-snippet":"max-snippet:-1","max-image-preview":"max-image-preview:large","max-video-preview":"max-video-preview:-1"},"canonical":"https:\/\/acninternational.org\/fr\/changement-dans-la-direction-d-acn\/","og_locale":"fr_FR","og_type":"article","og_title":"Changement dans la direction d'ACN International","og_description":"La fondation pontificale internationale Aid to the Church in Need (ACN) sera dirig\u00e9e \u00e0 partir du 14 juin 2023 par Regina Lynch.","og_url":"https:\/\/acninternational.org\/fr\/changement-dans-la-direction-d-acn\/","og_site_name":"ACN International","article_publisher":"https:\/\/www.facebook.com\/acninternationalorg","article_published_time":"2023-06-01T08:00:04+00:00","article_modified_time":"2023-06-05T09:37:29+00:00","og_image":[{"width":1920,"height":700,"url":"https:\/\/media.acninternational.org\/wp-content\/uploads\/2023\/05\/ACN-20220317-125817.jpg","type":"image\/jpeg"}],"author":"ACN Press Team","twitter_card":"summary_large_image","twitter_creator":"@acn_int","twitter_site":"@acn_int","twitter_misc":{"\u00c9crit par":"ACN Press Team","Dur\u00e9e de lecture estim\u00e9e":"5 minutes"},"schema":{"@context":"https:\/\/schema.org","@graph":[{"@type":"Article","@id":"https:\/\/acninternational.org\/fr\/changement-dans-la-direction-d-acn\/#article","isPartOf":{"@id":"https:\/\/acninternational.org\/fr\/changement-dans-la-direction-d-acn\/"},"author":{"name":"ACN Press Team","@id":"https:\/\/acninternational.org\/fr\/#\/schema\/person\/7f3dafb236b242fb2aa46be1411fd703"},"headline":"Changement dans la direction d&rsquo;ACN International","datePublished":"2023-06-01T08:00:04+00:00","dateModified":"2023-06-05T09:37:29+00:00","mainEntityOfPage":{"@id":"https:\/\/acninternational.org\/fr\/changement-dans-la-direction-d-acn\/"},"wordCount":850,"publisher":{"@id":"https:\/\/acninternational.org\/fr\/#organization"},"image":{"@id":"https:\/\/acninternational.org\/fr\/changement-dans-la-direction-d-acn\/#primaryimage"},"thumbnailUrl":"https:\/\/media.acninternational.org\/wp-content\/uploads\/2023\/05\/ACN-20220317-125817.jpg","articleSection":["NOTICIAS","Nouvelles"],"inLanguage":"fr-FR"},{"@type":"WebPage","@id":"https:\/\/acninternational.org\/fr\/changement-dans-la-direction-d-acn\/","url":"https:\/\/acninternational.org\/fr\/changement-dans-la-direction-d-acn\/","name":"Changement dans la direction d'ACN International | ACN International","isPartOf":{"@id":"https:\/\/acninternational.org\/fr\/#website"},"primaryImageOfPage":{"@id":"https:\/\/acninternational.org\/fr\/changement-dans-la-direction-d-acn\/#primaryimage"},"image":{"@id":"https:\/\/acninternational.org\/fr\/changement-dans-la-direction-d-acn\/#primaryimage"},"thumbnailUrl":"https:\/\/media.acninternational.org\/wp-content\/uploads\/2023\/05\/ACN-20220317-125817.jpg","datePublished":"2023-06-01T08:00:04+00:00","dateModified":"2023-06-05T09:37:29+00:00","description":"La fondation pontificale internationale Aid to the Church in Need (ACN) sera dirig\u00e9e \u00e0 partir du 14 juin 2023 par Regina Lynch.","breadcrumb":{"@id":"https:\/\/acninternational.org\/fr\/changement-dans-la-direction-d-acn\/#breadcrumb"},"inLanguage":"fr-FR","potentialAction":[{"@type":"ReadAction","target":["https:\/\/acninternational.org\/fr\/changement-dans-la-direction-d-acn\/"]}]},{"@type":"ImageObject","inLanguage":"fr-FR","@id":"https:\/\/acninternational.org\/fr\/changement-dans-la-direction-d-acn\/#primaryimage","url":"https:\/\/media.acninternational.org\/wp-content\/uploads\/2023\/05\/ACN-20220317-125817.jpg","contentUrl":"https:\/\/media.acninternational.org\/wp-content\/uploads\/2023\/05\/ACN-20220317-125817.jpg","width":1920,"height":700},{"@type":"BreadcrumbList","@id":"https:\/\/acninternational.org\/fr\/changement-dans-la-direction-d-acn\/#breadcrumb","itemListElement":[{"@type":"ListItem","position":1,"name":"Home","item":"https:\/\/acninternational.org\/fr\/"},{"@type":"ListItem","position":2,"name":"Nouvelles","item":"https:\/\/acninternational.org\/fr\/category\/news-fr\/"},{"@type":"ListItem","position":3,"name":"Changement dans la direction d&rsquo;ACN International"}]},{"@type":"WebSite","@id":"https:\/\/acninternational.org\/fr\/#website","url":"https:\/\/acninternational.org\/fr\/","name":"ACN International","description":"","publisher":{"@id":"https:\/\/acninternational.org\/fr\/#organization"},"potentialAction":[{"@type":"SearchAction","target":{"@type":"EntryPoint","urlTemplate":"https:\/\/acninternational.org\/fr\/?s={search_term_string}"},"query-input":{"@type":"PropertyValueSpecification","valueRequired":true,"valueName":"search_term_string"}}],"inLanguage":"fr-FR"},{"@type":"Organization","@id":"https:\/\/acninternational.org\/fr\/#organization","name":"Aid to the Church in Need International","url":"https:\/\/acninternational.org\/fr\/","logo":{"@type":"ImageObject","inLanguage":"fr-FR","@id":"https:\/\/acninternational.org\/fr\/#\/schema\/logo\/image\/","url":"https:\/\/media.acninternational.org\/wp-content\/uploads\/2019\/11\/acn_logo_blackvector.svg","contentUrl":"https:\/\/media.acninternational.org\/wp-content\/uploads\/2019\/11\/acn_logo_blackvector.svg","width":232.6,"height":78,"caption":"Aid to the Church in Need International"},"image":{"@id":"https:\/\/acninternational.org\/fr\/#\/schema\/logo\/image\/"},"sameAs":["https:\/\/www.facebook.com\/acninternationalorg","https:\/\/x.com\/acn_int","https:\/\/www.youtube.com\/channel\/UCQ-077gS0TnVzkhHmf1opZw","https:\/\/www.instagram.com\/acn_international\/"]},{"@type":"Person","@id":"https:\/\/acninternational.org\/fr\/#\/schema\/person\/7f3dafb236b242fb2aa46be1411fd703","name":"ACN Press Team","description":"Lorem ipsum dolor sit amet, consectetur adipiscing elit, sed do eiusmod tempor incididunt ut labore et dolore magna aliqua. Ut enim ad minim veniam, quis nostrud exercitation ullamco laboris nisi ut aliquip ex ea commodo consequat.","url":"https:\/\/acninternational.org\/fr\/author\/acn-press-team\/"}]}},"_links":{"self":[{"href":"https:\/\/acninternational.org\/fr\/wp-json\/wp\/v2\/posts\/181126","targetHints":{"allow":["GET"]}}],"collection":[{"href":"https:\/\/acninternational.org\/fr\/wp-json\/wp\/v2\/posts"}],"about":[{"href":"https:\/\/acninternational.org\/fr\/wp-json\/wp\/v2\/types\/post"}],"author":[{"embeddable":true,"href":"https:\/\/acninternational.org\/fr\/wp-json\/wp\/v2\/users\/4258341447"}],"replies":[{"embeddable":true,"href":"https:\/\/acninternational.org\/fr\/wp-json\/wp\/v2\/comments?post=181126"}],"version-history":[{"count":0,"href":"https:\/\/acninternational.org\/fr\/wp-json\/wp\/v2\/posts\/181126\/revisions"}],"wp:featuredmedia":[{"embeddable":true,"href":"https:\/\/acninternational.org\/fr\/wp-json\/wp\/v2\/media\/181078"}],"wp:attachment":[{"href":"https:\/\/acninternational.org\/fr\/wp-json\/wp\/v2\/media?parent=181126"}],"wp:term":[{"taxonomy":"category","embeddable":true,"href":"https:\/\/acninternational.org\/fr\/wp-json\/wp\/v2\/categories?post=181126"},{"taxonomy":"post_tag","embeddable":true,"href":"https:\/\/acninternational.org\/fr\/wp-json\/wp\/v2\/tags?post=181126"},{"taxonomy":"country","embeddable":true,"href":"https:\/\/acninternational.org\/fr\/wp-json\/wp\/v2\/country?post=181126"}],"curies":[{"name":"wp","href":"https:\/\/api.w.org\/{rel}","templated":true}]}}