{"id":180206,"date":"2023-04-19T15:32:02","date_gmt":"2023-04-19T13:32:02","guid":{"rendered":"https:\/\/acninternational.org\/?p=180206"},"modified":"2023-04-26T10:26:01","modified_gmt":"2023-04-26T08:26:01","slug":"leglise-prie-avec-les-ukrainiens-pour-la-liberte","status":"publish","type":"post","link":"https:\/\/acninternational.org\/fr\/leglise-prie-avec-les-ukrainiens-pour-la-liberte\/","title":{"rendered":"\u00ab Les Ukrainiens veulent la paix, et l\u2019\u00c9glise prie avec eux pour la libert\u00e9 \u00bb."},"content":{"rendered":"<p><em>Magda Kaczmarek, qui travaille pour Aid to the Church in Need (ACN) depuis 32 ans, est responsable des projets en Ukraine, en Bi\u00e9lorussie, en Bulgarie et dans les pays des Balkans. Il s&rsquo;agit principalement de pays o\u00f9 les catholiques sont minoritaires. Elle est r\u00e9cemment rentr\u00e9e d\u2019un voyage en Ukraine et a accord\u00e9 un entretien dans lequel elle parle de ce qu\u2019elle a vu et des besoins actuels du peuple ukrainien. ACN prie pour la libert\u00e9.<\/em><\/p>\n<h4><strong>Combien de fois avez-vous visit\u00e9 l\u2019Ukraine depuis l\u2019invasion russe de 2022\u00a0? Est-il facile d\u2019entrer dans le pays et d\u2019y circuler ?<\/strong><\/h4>\n<p>C\u2019\u00e9tait ma troisi\u00e8me visite depuis le d\u00e9but de la grande offensive russe. L\u2019Ukraine n\u2019est accessible qu\u2019en train, en bus ou en voiture. Nous nous sommes envol\u00e9s pour la Pologne et de l\u00e0, nous avons travers\u00e9 la fronti\u00e8re en voiture. Cette fois, nous avons pu nous rendre \u00e0 Kiev et dans les villes voisines telles qu\u2019Irpin et Brovary, qui ont \u00e9t\u00e9 occup\u00e9es et d\u00e9truites par les troupes russes.<\/p>\n<figure id=\"attachment_180372\" aria-describedby=\"caption-attachment-180372\" style=\"width: 670px\" class=\"wp-caption alignnone\"><img loading=\"lazy\" decoding=\"async\" class=\"size-full wp-image-180372\" src=\"https:\/\/media.acninternational.org\/wp-content\/uploads\/2023\/04\/pequena-5-1.png\" alt=\"Ukraine guerre libert\u00e9 \" width=\"670\" height=\"400\" srcset=\"https:\/\/media.acninternational.org\/wp-content\/uploads\/2023\/04\/pequena-5-1.png 670w, https:\/\/media.acninternational.org\/wp-content\/uploads\/2023\/04\/pequena-5-1-300x179.png 300w\" sizes=\"auto, (max-width: 670px) 100vw, 670px\" \/><figcaption id=\"caption-attachment-180372\" class=\"wp-caption-text\">L&rsquo;\u00e9quipe de ACN avec les responsables gr\u00e9co-catholiques de la &lsquo;Maison de la Mis\u00e9ricorde&rsquo; \u00e0 Lviv (Ukraine).<\/figcaption><\/figure>\n<h4><strong>Qu\u2019avez-vous pens\u00e9 quand vous avez vu ces zones ravag\u00e9es par la guerre\u00a0?<\/strong><\/h4>\n<p>Je n\u2019arr\u00eatais pas de me demander\u00a0: pourquoi les Ukrainiens sont-ils assassin\u00e9s par leurs voisins\u00a0? Pourquoi d\u00e9truire leur vie pour toujours\u00a0? En avril 2022, nous avons vu des milliers de personnes d\u00e9plac\u00e9es dans l&rsquo;Ouest de l\u2019Ukraine. 80% \u00e9taient des femmes avec enfants, des personnes \u00e2g\u00e9es et des malades qui essayaient de quitter le pays ou de survivre dans les s\u00e9minaires, les monast\u00e8res et les presbyt\u00e8res qui voulaient bien leur ouvrir leurs portes, en attendant la fin de la guerre. Maintenant, l\u00e0-bas, il y a moins de d\u00e9plac\u00e9s, mais il y en a plus dans le centre de l\u2019Ukraine. Quinze millions de personnes ont quitt\u00e9 l\u2019Est de l\u2019Ukraine : sept millions sont all\u00e9es en Pologne ou en Europe occidentale, un million en Russie, et sept millions sont des d\u00e9plac\u00e9s internes qui restent dans l\u2019Ouest ou le centre de l\u2019Ukraine.<\/p>\n<h4><strong>Quelle est l\u2019ambiance ? Les gens esp\u00e8rent-ils que les choses s\u2019am\u00e9liorent bient\u00f4t\u00a0?<\/strong><\/h4>\n<p>Il est tr\u00e8s difficile de savoir ce qui va se passer. La fin de la guerre n\u2019est pas en vue, donc personne ne peut r\u00e9pondre \u00e0 cette question. Les gens ne d\u00e9sirent que la paix, et l\u2019\u00c9glise prie constamment avec eux pour la libert\u00e9. Les familles veulent vivre ensemble et ne pas \u00eatre divis\u00e9es. Les enfants veulent r\u00e9cup\u00e9rer leurs parents, \u00eatre avec leurs amis et jouer avec eux, et ne pas vivre dans la peur, loin de chez eux. Leur vie a chang\u00e9 pour toujours, et ils ne seront plus jamais les m\u00eames.<\/p>\n<figure id=\"attachment_180366\" aria-describedby=\"caption-attachment-180366\" style=\"width: 670px\" class=\"wp-caption alignnone\"><img loading=\"lazy\" decoding=\"async\" class=\"size-full wp-image-180366\" src=\"https:\/\/media.acninternational.org\/wp-content\/uploads\/2023\/04\/pequena-4.png\" alt=\"Ukraine guerre libert\u00e9 \" width=\"670\" height=\"400\" srcset=\"https:\/\/media.acninternational.org\/wp-content\/uploads\/2023\/04\/pequena-4.png 670w, https:\/\/media.acninternational.org\/wp-content\/uploads\/2023\/04\/pequena-4-300x179.png 300w\" sizes=\"auto, (max-width: 670px) 100vw, 670px\" \/><figcaption id=\"caption-attachment-180366\" class=\"wp-caption-text\">Une femme \u00e2g\u00e9e prie pour la paix avec S\u0153ur Halyna Dyiak.<\/figcaption><\/figure>\n<h4><strong>Quelle est la chose la plus difficile pour les Ukrainiens et, en particulier, pour les catholiques\u00a0? <\/strong><\/h4>\n<p>Dans cette situation, nous ne pouvons pas faire de diff\u00e9rence entre les catholiques, les orthodoxes et les autres, car tout le monde souffre. Des millions de personnes ont perdu leurs moyens de subsistance et ont d\u00fb quitter leur foyer. Leur monde s\u2019est effondr\u00e9 et ils sont sans emploi. Dans cette situation, aider les gens est une \u0153uvre de mis\u00e9ricorde et un grand d\u00e9fi pour les \u00c9glises catholiques locales.<\/p>\n<h4><strong>Quel est le r\u00f4le d\u2019ACN en Ukraine en ce moment\u00a0?<\/strong><\/h4>\n<p>Le pape Fran\u00e7ois ne cesse de demander de prier pour la paix. Nous, en tant que fondation pontificale, \u00e9coutons le pape et partageons son inqui\u00e9tude et ses appels pour mettre fin le plus rapidement possible \u00e0 cette terrible guerre. Heureusement, nos bienfaiteurs nous ont beaucoup aid\u00e9s et sont toujours tr\u00e8s g\u00e9n\u00e9reux. Ils comprennent la douleur de ceux qui souffrent et vivent dans la d\u00e9tresse, et savent que les \u00c9glises catholiques locales aident tous ceux qui frappent \u00e0 leur porte \u00e0 la recherche de nourriture ou d\u2019un logement. De plus, nous pouvons vous assurer que nos fr\u00e8res et s\u0153urs dans la foi prient chaque jour pour les bienfaiteurs et leurs familles.<\/p>\n<h4><strong>ACN a \u00e9galement apport\u00e9 son aide dans l\u2019Est de l\u2019Ukraine. Avez-vous voyag\u00e9 l\u00e0-bas\u00a0? Et sinon, est-il facile de s\u2019informer\u00a0?<\/strong><\/h4>\n<p>Il est important que nous nous rendions l\u00e0-bas et voyions la situation sur le terrain, mais il est tr\u00e8s dangereux de se rendre dans les r\u00e9gions les plus difficiles de l\u2019Est de l\u2019Ukraine. Cependant, nous sommes en contact avec les pr\u00eatres, les religieuses et les \u00e9v\u00eaques qui y vivent, et ils nous informent de la situation et de la fa\u00e7on dont ils essaient de vivre chaque jour comme si c\u2019\u00e9tait le dernier.<\/p>\n<h4><strong>Quelle a \u00e9t\u00e9 l\u2019atmosph\u00e8re dans l\u2019\u00c9glise catholique en Ukraine pendant la p\u00e9riode de P\u00e2ques\u00a0?<\/strong><\/h4>\n<p>C\u2019est la deuxi\u00e8me fois que l\u2019Ukraine c\u00e9l\u00e8bre P\u00e2ques tout en vivant cette terrible guerre. L\u2019Ukraine vit un chemin de croix qui fait souffrir et mourir de nombreuses personnes innocentes. Cependant, nous esp\u00e9rons qu\u2019\u00e0 la fin, la victoire sera obtenue par la r\u00e9surrection.<\/p>\n<figure id=\"attachment_180191\" aria-describedby=\"caption-attachment-180191\" style=\"width: 670px\" class=\"wp-caption alignnone\"><img loading=\"lazy\" decoding=\"async\" class=\"wp-image-180191 size-full\" src=\"https:\/\/media.acninternational.org\/wp-content\/uploads\/2023\/04\/pequena-10.png\" alt=\"libert\u00e9 Ukrainiens\" width=\"670\" height=\"400\" srcset=\"https:\/\/media.acninternational.org\/wp-content\/uploads\/2023\/04\/pequena-10.png 670w, https:\/\/media.acninternational.org\/wp-content\/uploads\/2023\/04\/pequena-10-300x179.png 300w\" sizes=\"auto, (max-width: 670px) 100vw, 670px\" \/><figcaption id=\"caption-attachment-180191\" class=\"wp-caption-text\">Des familles re\u00e7oivent de la nourriture par le p\u00e8re Gregor Draus, un pr\u00eatre polonais de la paroisse.<\/figcaption><\/figure>\n<h4><strong>Quelles sont les priorit\u00e9s d\u2019ACN pour l\u2019avenir\u00a0?<\/strong><\/h4>\n<p>Il est important que nous ne nous lassions pas d\u2019aider, et que nous continuions \u00e0 soutenir les pr\u00eatres et les religieux afin qu\u2019ils puissent survivre et continuer leur travail pastoral en pr\u00eachant l\u2019\u00c9vangile et en faisant conna\u00eetre Dieu \u00e0 ceux qui le cherchent.<\/p>\n<p>Cependant, le plus grand d\u00e9fi pour l\u2019\u00c9glise locale sera de <a href=\"https:\/\/acninternational.org\/fr\/ukraine-pres-de-80-de-la-population-a-besoin-daide-pour-surmonter-ses-traumatismes\/\">gu\u00e9rir les blessures caus\u00e9es aux \u00e2mes de tant de personnes<\/a>, en particulier des enfants. Les soins \u00e0 apporter \u00e0 ces personnes constituent est un d\u00e9fi majeur, tout comme la formation psychologique des pr\u00eatres ou des religieuses charg\u00e9es de la pastorale. Selon l\u2019archev\u00eaque majeur Sviatoslav Shevchuk, chef de l\u2019\u00c9glise gr\u00e9co-catholique ukrainienne, 80% de la population a besoin de ce type de soutien. ACN est pr\u00eate \u00e0 apporter son aide dans ce domaine.<\/p>\n<p>Par cons\u00e9quent, s\u2019il vous pla\u00eet, n\u2019arr\u00eatez pas de prier pour la paix en Ukraine et n\u2019oubliez pas ceux qui d\u00e9pendent de votre g\u00e9n\u00e9rosit\u00e9.<\/p>\n","protected":false},"excerpt":{"rendered":"<p>Magda, responsable des projets de Ukraine, explique les besoins du peuple ukrainien et comment l&rsquo;\u00c9glise aide et prie pour la libert\u00e9<\/p>\n","protected":false},"author":4258341447,"featured_media":180378,"comment_status":"closed","ping_status":"closed","sticky":false,"template":"","format":"standard","meta":{"_acf_changed":false,"_acn_coauthor_ids":[],"footnotes":""},"categories":[233],"tags":[],"country":[156],"class_list":["post-180206","post","type-post","status-publish","format-standard","has-post-thumbnail","hentry","category-non-classifiee","country-ukraine"],"acn_coauthors":[],"acf":[],"yoast_head":"<!-- This site is optimized with the Yoast SEO Premium plugin v27.3 (Yoast SEO v27.3) - https:\/\/yoast.com\/product\/yoast-seo-premium-wordpress\/ -->\n<title>L\u2019\u00c9glise prie avec les Ukrainiens pour la libert\u00e9 | ACN International<\/title>\n<meta name=\"description\" content=\"Magda, responsable des projets de Ukraine, explique les besoins du peuple ukrainien et comment l&#039;\u00c9glise aide et prie pour la libert\u00e9.\" \/>\n<meta name=\"robots\" content=\"index, follow, max-snippet:-1, max-image-preview:large, max-video-preview:-1\" \/>\n<link rel=\"canonical\" href=\"https:\/\/acninternational.org\/fr\/leglise-prie-avec-les-ukrainiens-pour-la-liberte\/\" \/>\n<meta property=\"og:locale\" content=\"fr_FR\" \/>\n<meta property=\"og:type\" content=\"article\" \/>\n<meta property=\"og:title\" content=\"\u00ab Les Ukrainiens veulent la paix, et l\u2019\u00c9glise prie avec eux pour la libert\u00e9 \u00bb.\" \/>\n<meta property=\"og:description\" content=\"Magda, responsable des projets de Ukraine, explique les besoins du peuple ukrainien et comment l&#039;\u00c9glise aide et prie pour la libert\u00e9.\" \/>\n<meta property=\"og:url\" content=\"https:\/\/acninternational.org\/fr\/leglise-prie-avec-les-ukrainiens-pour-la-liberte\/\" \/>\n<meta property=\"og:site_name\" content=\"ACN International\" \/>\n<meta property=\"article:publisher\" content=\"https:\/\/www.facebook.com\/acninternationalorg\" \/>\n<meta property=\"article:published_time\" content=\"2023-04-19T13:32:02+00:00\" \/>\n<meta property=\"article:modified_time\" content=\"2023-04-26T08:26:01+00:00\" \/>\n<meta property=\"og:image\" content=\"https:\/\/media.acninternational.org\/wp-content\/uploads\/2023\/04\/heading-2-1.png\" \/>\n\t<meta property=\"og:image:width\" content=\"2000\" \/>\n\t<meta property=\"og:image:height\" content=\"625\" \/>\n\t<meta property=\"og:image:type\" content=\"image\/png\" \/>\n<meta name=\"author\" content=\"ACN Press Team\" \/>\n<meta name=\"twitter:card\" content=\"summary_large_image\" \/>\n<meta name=\"twitter:creator\" content=\"@acn_int\" \/>\n<meta name=\"twitter:site\" content=\"@acn_int\" \/>\n<meta name=\"twitter:label1\" content=\"\u00c9crit par\" \/>\n\t<meta name=\"twitter:data1\" content=\"ACN Press Team\" \/>\n\t<meta name=\"twitter:label2\" content=\"Dur\u00e9e de lecture estim\u00e9e\" \/>\n\t<meta name=\"twitter:data2\" content=\"5 minutes\" \/>\n<script type=\"application\/ld+json\" class=\"yoast-schema-graph\">{\"@context\":\"https:\\\/\\\/schema.org\",\"@graph\":[{\"@type\":\"Article\",\"@id\":\"https:\\\/\\\/acninternational.org\\\/fr\\\/leglise-prie-avec-les-ukrainiens-pour-la-liberte\\\/#article\",\"isPartOf\":{\"@id\":\"https:\\\/\\\/acninternational.org\\\/fr\\\/leglise-prie-avec-les-ukrainiens-pour-la-liberte\\\/\"},\"author\":{\"name\":\"ACN Press Team\",\"@id\":\"https:\\\/\\\/acninternational.org\\\/fr\\\/#\\\/schema\\\/person\\\/7f3dafb236b242fb2aa46be1411fd703\"},\"headline\":\"\u00ab Les Ukrainiens veulent la paix, et l\u2019\u00c9glise prie avec eux pour la libert\u00e9 \u00bb.\",\"datePublished\":\"2023-04-19T13:32:02+00:00\",\"dateModified\":\"2023-04-26T08:26:01+00:00\",\"mainEntityOfPage\":{\"@id\":\"https:\\\/\\\/acninternational.org\\\/fr\\\/leglise-prie-avec-les-ukrainiens-pour-la-liberte\\\/\"},\"wordCount\":1123,\"publisher\":{\"@id\":\"https:\\\/\\\/acninternational.org\\\/fr\\\/#organization\"},\"image\":{\"@id\":\"https:\\\/\\\/acninternational.org\\\/fr\\\/leglise-prie-avec-les-ukrainiens-pour-la-liberte\\\/#primaryimage\"},\"thumbnailUrl\":\"https:\\\/\\\/media.acninternational.org\\\/wp-content\\\/uploads\\\/2023\\\/04\\\/heading-2-1.png\",\"articleSection\":[\"Non classifi\u00e9(e)\"],\"inLanguage\":\"fr-FR\"},{\"@type\":\"WebPage\",\"@id\":\"https:\\\/\\\/acninternational.org\\\/fr\\\/leglise-prie-avec-les-ukrainiens-pour-la-liberte\\\/\",\"url\":\"https:\\\/\\\/acninternational.org\\\/fr\\\/leglise-prie-avec-les-ukrainiens-pour-la-liberte\\\/\",\"name\":\"L\u2019\u00c9glise prie avec les Ukrainiens pour la libert\u00e9 | ACN International\",\"isPartOf\":{\"@id\":\"https:\\\/\\\/acninternational.org\\\/fr\\\/#website\"},\"primaryImageOfPage\":{\"@id\":\"https:\\\/\\\/acninternational.org\\\/fr\\\/leglise-prie-avec-les-ukrainiens-pour-la-liberte\\\/#primaryimage\"},\"image\":{\"@id\":\"https:\\\/\\\/acninternational.org\\\/fr\\\/leglise-prie-avec-les-ukrainiens-pour-la-liberte\\\/#primaryimage\"},\"thumbnailUrl\":\"https:\\\/\\\/media.acninternational.org\\\/wp-content\\\/uploads\\\/2023\\\/04\\\/heading-2-1.png\",\"datePublished\":\"2023-04-19T13:32:02+00:00\",\"dateModified\":\"2023-04-26T08:26:01+00:00\",\"description\":\"Magda, responsable des projets de Ukraine, explique les besoins du peuple ukrainien et comment l'\u00c9glise aide et prie pour la libert\u00e9.\",\"breadcrumb\":{\"@id\":\"https:\\\/\\\/acninternational.org\\\/fr\\\/leglise-prie-avec-les-ukrainiens-pour-la-liberte\\\/#breadcrumb\"},\"inLanguage\":\"fr-FR\",\"potentialAction\":[{\"@type\":\"ReadAction\",\"target\":[\"https:\\\/\\\/acninternational.org\\\/fr\\\/leglise-prie-avec-les-ukrainiens-pour-la-liberte\\\/\"]}]},{\"@type\":\"ImageObject\",\"inLanguage\":\"fr-FR\",\"@id\":\"https:\\\/\\\/acninternational.org\\\/fr\\\/leglise-prie-avec-les-ukrainiens-pour-la-liberte\\\/#primaryimage\",\"url\":\"https:\\\/\\\/media.acninternational.org\\\/wp-content\\\/uploads\\\/2023\\\/04\\\/heading-2-1.png\",\"contentUrl\":\"https:\\\/\\\/media.acninternational.org\\\/wp-content\\\/uploads\\\/2023\\\/04\\\/heading-2-1.png\",\"width\":2000,\"height\":625,\"caption\":\"Ukraine guerre libert\u00e9\"},{\"@type\":\"BreadcrumbList\",\"@id\":\"https:\\\/\\\/acninternational.org\\\/fr\\\/leglise-prie-avec-les-ukrainiens-pour-la-liberte\\\/#breadcrumb\",\"itemListElement\":[{\"@type\":\"ListItem\",\"position\":1,\"name\":\"Home\",\"item\":\"https:\\\/\\\/acninternational.org\\\/fr\\\/\"},{\"@type\":\"ListItem\",\"position\":2,\"name\":\"Interview\",\"item\":\"https:\\\/\\\/acninternational.org\\\/fr\\\/category\\\/interview-2-fr\\\/\"},{\"@type\":\"ListItem\",\"position\":3,\"name\":\"\u00ab Les Ukrainiens veulent la paix, et l\u2019\u00c9glise prie avec eux pour la libert\u00e9 \u00bb.\"}]},{\"@type\":\"WebSite\",\"@id\":\"https:\\\/\\\/acninternational.org\\\/fr\\\/#website\",\"url\":\"https:\\\/\\\/acninternational.org\\\/fr\\\/\",\"name\":\"ACN International\",\"description\":\"\",\"publisher\":{\"@id\":\"https:\\\/\\\/acninternational.org\\\/fr\\\/#organization\"},\"potentialAction\":[{\"@type\":\"SearchAction\",\"target\":{\"@type\":\"EntryPoint\",\"urlTemplate\":\"https:\\\/\\\/acninternational.org\\\/fr\\\/?s={search_term_string}\"},\"query-input\":{\"@type\":\"PropertyValueSpecification\",\"valueRequired\":true,\"valueName\":\"search_term_string\"}}],\"inLanguage\":\"fr-FR\"},{\"@type\":\"Organization\",\"@id\":\"https:\\\/\\\/acninternational.org\\\/fr\\\/#organization\",\"name\":\"Aid to the Church in Need International\",\"url\":\"https:\\\/\\\/acninternational.org\\\/fr\\\/\",\"logo\":{\"@type\":\"ImageObject\",\"inLanguage\":\"fr-FR\",\"@id\":\"https:\\\/\\\/acninternational.org\\\/fr\\\/#\\\/schema\\\/logo\\\/image\\\/\",\"url\":\"https:\\\/\\\/media.acninternational.org\\\/wp-content\\\/uploads\\\/2019\\\/11\\\/acn_logo_blackvector.svg\",\"contentUrl\":\"https:\\\/\\\/media.acninternational.org\\\/wp-content\\\/uploads\\\/2019\\\/11\\\/acn_logo_blackvector.svg\",\"width\":232.6,\"height\":78,\"caption\":\"Aid to the Church in Need International\"},\"image\":{\"@id\":\"https:\\\/\\\/acninternational.org\\\/fr\\\/#\\\/schema\\\/logo\\\/image\\\/\"},\"sameAs\":[\"https:\\\/\\\/www.facebook.com\\\/acninternationalorg\",\"https:\\\/\\\/x.com\\\/acn_int\",\"https:\\\/\\\/www.youtube.com\\\/channel\\\/UCQ-077gS0TnVzkhHmf1opZw\",\"https:\\\/\\\/www.instagram.com\\\/acn_international\\\/\"]},{\"@type\":\"Person\",\"@id\":\"https:\\\/\\\/acninternational.org\\\/fr\\\/#\\\/schema\\\/person\\\/7f3dafb236b242fb2aa46be1411fd703\",\"name\":\"ACN Press Team\",\"description\":\"Lorem ipsum dolor sit amet, consectetur adipiscing elit, sed do eiusmod tempor incididunt ut labore et dolore magna aliqua. Ut enim ad minim veniam, quis nostrud exercitation ullamco laboris nisi ut aliquip ex ea commodo consequat.\",\"url\":\"https:\\\/\\\/acninternational.org\\\/fr\\\/author\\\/acn-press-team\\\/\"}]}<\/script>\n<!-- \/ Yoast SEO Premium plugin. -->","yoast_head_json":{"title":"L\u2019\u00c9glise prie avec les Ukrainiens pour la libert\u00e9 | ACN International","description":"Magda, responsable des projets de Ukraine, explique les besoins du peuple ukrainien et comment l'\u00c9glise aide et prie pour la libert\u00e9.","robots":{"index":"index","follow":"follow","max-snippet":"max-snippet:-1","max-image-preview":"max-image-preview:large","max-video-preview":"max-video-preview:-1"},"canonical":"https:\/\/acninternational.org\/fr\/leglise-prie-avec-les-ukrainiens-pour-la-liberte\/","og_locale":"fr_FR","og_type":"article","og_title":"\u00ab Les Ukrainiens veulent la paix, et l\u2019\u00c9glise prie avec eux pour la libert\u00e9 \u00bb.","og_description":"Magda, responsable des projets de Ukraine, explique les besoins du peuple ukrainien et comment l'\u00c9glise aide et prie pour la libert\u00e9.","og_url":"https:\/\/acninternational.org\/fr\/leglise-prie-avec-les-ukrainiens-pour-la-liberte\/","og_site_name":"ACN International","article_publisher":"https:\/\/www.facebook.com\/acninternationalorg","article_published_time":"2023-04-19T13:32:02+00:00","article_modified_time":"2023-04-26T08:26:01+00:00","og_image":[{"width":2000,"height":625,"url":"https:\/\/media.acninternational.org\/wp-content\/uploads\/2023\/04\/heading-2-1.png","type":"image\/png"}],"author":"ACN Press Team","twitter_card":"summary_large_image","twitter_creator":"@acn_int","twitter_site":"@acn_int","twitter_misc":{"\u00c9crit par":"ACN Press Team","Dur\u00e9e de lecture estim\u00e9e":"5 minutes"},"schema":{"@context":"https:\/\/schema.org","@graph":[{"@type":"Article","@id":"https:\/\/acninternational.org\/fr\/leglise-prie-avec-les-ukrainiens-pour-la-liberte\/#article","isPartOf":{"@id":"https:\/\/acninternational.org\/fr\/leglise-prie-avec-les-ukrainiens-pour-la-liberte\/"},"author":{"name":"ACN Press Team","@id":"https:\/\/acninternational.org\/fr\/#\/schema\/person\/7f3dafb236b242fb2aa46be1411fd703"},"headline":"\u00ab Les Ukrainiens veulent la paix, et l\u2019\u00c9glise prie avec eux pour la libert\u00e9 \u00bb.","datePublished":"2023-04-19T13:32:02+00:00","dateModified":"2023-04-26T08:26:01+00:00","mainEntityOfPage":{"@id":"https:\/\/acninternational.org\/fr\/leglise-prie-avec-les-ukrainiens-pour-la-liberte\/"},"wordCount":1123,"publisher":{"@id":"https:\/\/acninternational.org\/fr\/#organization"},"image":{"@id":"https:\/\/acninternational.org\/fr\/leglise-prie-avec-les-ukrainiens-pour-la-liberte\/#primaryimage"},"thumbnailUrl":"https:\/\/media.acninternational.org\/wp-content\/uploads\/2023\/04\/heading-2-1.png","articleSection":["Non classifi\u00e9(e)"],"inLanguage":"fr-FR"},{"@type":"WebPage","@id":"https:\/\/acninternational.org\/fr\/leglise-prie-avec-les-ukrainiens-pour-la-liberte\/","url":"https:\/\/acninternational.org\/fr\/leglise-prie-avec-les-ukrainiens-pour-la-liberte\/","name":"L\u2019\u00c9glise prie avec les Ukrainiens pour la libert\u00e9 | ACN International","isPartOf":{"@id":"https:\/\/acninternational.org\/fr\/#website"},"primaryImageOfPage":{"@id":"https:\/\/acninternational.org\/fr\/leglise-prie-avec-les-ukrainiens-pour-la-liberte\/#primaryimage"},"image":{"@id":"https:\/\/acninternational.org\/fr\/leglise-prie-avec-les-ukrainiens-pour-la-liberte\/#primaryimage"},"thumbnailUrl":"https:\/\/media.acninternational.org\/wp-content\/uploads\/2023\/04\/heading-2-1.png","datePublished":"2023-04-19T13:32:02+00:00","dateModified":"2023-04-26T08:26:01+00:00","description":"Magda, responsable des projets de Ukraine, explique les besoins du peuple ukrainien et comment l'\u00c9glise aide et prie pour la libert\u00e9.","breadcrumb":{"@id":"https:\/\/acninternational.org\/fr\/leglise-prie-avec-les-ukrainiens-pour-la-liberte\/#breadcrumb"},"inLanguage":"fr-FR","potentialAction":[{"@type":"ReadAction","target":["https:\/\/acninternational.org\/fr\/leglise-prie-avec-les-ukrainiens-pour-la-liberte\/"]}]},{"@type":"ImageObject","inLanguage":"fr-FR","@id":"https:\/\/acninternational.org\/fr\/leglise-prie-avec-les-ukrainiens-pour-la-liberte\/#primaryimage","url":"https:\/\/media.acninternational.org\/wp-content\/uploads\/2023\/04\/heading-2-1.png","contentUrl":"https:\/\/media.acninternational.org\/wp-content\/uploads\/2023\/04\/heading-2-1.png","width":2000,"height":625,"caption":"Ukraine guerre libert\u00e9"},{"@type":"BreadcrumbList","@id":"https:\/\/acninternational.org\/fr\/leglise-prie-avec-les-ukrainiens-pour-la-liberte\/#breadcrumb","itemListElement":[{"@type":"ListItem","position":1,"name":"Home","item":"https:\/\/acninternational.org\/fr\/"},{"@type":"ListItem","position":2,"name":"Interview","item":"https:\/\/acninternational.org\/fr\/category\/interview-2-fr\/"},{"@type":"ListItem","position":3,"name":"\u00ab Les Ukrainiens veulent la paix, et l\u2019\u00c9glise prie avec eux pour la libert\u00e9 \u00bb."}]},{"@type":"WebSite","@id":"https:\/\/acninternational.org\/fr\/#website","url":"https:\/\/acninternational.org\/fr\/","name":"ACN International","description":"","publisher":{"@id":"https:\/\/acninternational.org\/fr\/#organization"},"potentialAction":[{"@type":"SearchAction","target":{"@type":"EntryPoint","urlTemplate":"https:\/\/acninternational.org\/fr\/?s={search_term_string}"},"query-input":{"@type":"PropertyValueSpecification","valueRequired":true,"valueName":"search_term_string"}}],"inLanguage":"fr-FR"},{"@type":"Organization","@id":"https:\/\/acninternational.org\/fr\/#organization","name":"Aid to the Church in Need International","url":"https:\/\/acninternational.org\/fr\/","logo":{"@type":"ImageObject","inLanguage":"fr-FR","@id":"https:\/\/acninternational.org\/fr\/#\/schema\/logo\/image\/","url":"https:\/\/media.acninternational.org\/wp-content\/uploads\/2019\/11\/acn_logo_blackvector.svg","contentUrl":"https:\/\/media.acninternational.org\/wp-content\/uploads\/2019\/11\/acn_logo_blackvector.svg","width":232.6,"height":78,"caption":"Aid to the Church in Need International"},"image":{"@id":"https:\/\/acninternational.org\/fr\/#\/schema\/logo\/image\/"},"sameAs":["https:\/\/www.facebook.com\/acninternationalorg","https:\/\/x.com\/acn_int","https:\/\/www.youtube.com\/channel\/UCQ-077gS0TnVzkhHmf1opZw","https:\/\/www.instagram.com\/acn_international\/"]},{"@type":"Person","@id":"https:\/\/acninternational.org\/fr\/#\/schema\/person\/7f3dafb236b242fb2aa46be1411fd703","name":"ACN Press Team","description":"Lorem ipsum dolor sit amet, consectetur adipiscing elit, sed do eiusmod tempor incididunt ut labore et dolore magna aliqua. Ut enim ad minim veniam, quis nostrud exercitation ullamco laboris nisi ut aliquip ex ea commodo consequat.","url":"https:\/\/acninternational.org\/fr\/author\/acn-press-team\/"}]}},"_links":{"self":[{"href":"https:\/\/acninternational.org\/fr\/wp-json\/wp\/v2\/posts\/180206","targetHints":{"allow":["GET"]}}],"collection":[{"href":"https:\/\/acninternational.org\/fr\/wp-json\/wp\/v2\/posts"}],"about":[{"href":"https:\/\/acninternational.org\/fr\/wp-json\/wp\/v2\/types\/post"}],"author":[{"embeddable":true,"href":"https:\/\/acninternational.org\/fr\/wp-json\/wp\/v2\/users\/4258341447"}],"replies":[{"embeddable":true,"href":"https:\/\/acninternational.org\/fr\/wp-json\/wp\/v2\/comments?post=180206"}],"version-history":[{"count":0,"href":"https:\/\/acninternational.org\/fr\/wp-json\/wp\/v2\/posts\/180206\/revisions"}],"wp:featuredmedia":[{"embeddable":true,"href":"https:\/\/acninternational.org\/fr\/wp-json\/wp\/v2\/media\/180378"}],"wp:attachment":[{"href":"https:\/\/acninternational.org\/fr\/wp-json\/wp\/v2\/media?parent=180206"}],"wp:term":[{"taxonomy":"category","embeddable":true,"href":"https:\/\/acninternational.org\/fr\/wp-json\/wp\/v2\/categories?post=180206"},{"taxonomy":"post_tag","embeddable":true,"href":"https:\/\/acninternational.org\/fr\/wp-json\/wp\/v2\/tags?post=180206"},{"taxonomy":"country","embeddable":true,"href":"https:\/\/acninternational.org\/fr\/wp-json\/wp\/v2\/country?post=180206"}],"curies":[{"name":"wp","href":"https:\/\/api.w.org\/{rel}","templated":true}]}}