{"id":179016,"date":"2023-03-01T13:21:52","date_gmt":"2023-03-01T12:21:52","guid":{"rendered":"https:\/\/acninternational.org\/?p=179016"},"modified":"2023-03-01T13:21:55","modified_gmt":"2023-03-01T12:21:55","slug":"une-catholique-pakistanaise-echappe-a-une-conversion-forcee-a-lislam","status":"publish","type":"post","link":"https:\/\/acninternational.org\/fr\/une-catholique-pakistanaise-echappe-a-une-conversion-forcee-a-lislam\/","title":{"rendered":"Une catholique pakistanaise \u00e9chappe \u00e0 une conversion forc\u00e9e \u00e0 l\u2019Islam"},"content":{"rendered":"<p><em>Depuis des ann\u00e9es, l\u2019AED met en lumi\u00e8re le sort des femmes et des jeunes filles victimes d\u2019enl\u00e8vement et de conversion forc\u00e9e dans des pays du monde entier. De nombreux cas restent inconnus, mais des t\u00e9moignages choquants comme l\u2019histoire de Kinza Sindhu (14 ans) montrent l\u2019urgence de ce sujet.<\/em><\/p>\n<p>Kinza a \u00e9t\u00e9 viol\u00e9e et convertie de force \u00e0 l\u2019Islam apr\u00e8s que cinq hommes l\u2019eurent enlev\u00e9e chez elle, dans la r\u00e9gion de Lahore, le 19 septembre 2022. Le groupe \u00e9tait dirig\u00e9 par un adolescent musulman qui avait l\u2019habitude de rendre visite au propri\u00e9taire de la famille catholique vivant \u00e0 l&rsquo;\u00e9tage inf\u00e9rieur. Les parents de la jeune fille ont demand\u00e9 une aide juridique et, le 22 octobre, le tribunal p\u00e9nal de Lahore a autoris\u00e9 Kinza \u00e0 retourner dans sa famille.<\/p>\n<p>Dans un entretien qu\u2019elle a accord\u00e9 en ourdou, dans sa langue maternelle, Kinza a parl\u00e9 de son calvaire \u00e0 la fondation Aid to the Church in Need (ACN)<\/p>\n<h4><strong>Comment vous ont-ils enlev\u00e9e chez vous\u00a0?<\/strong><\/h4>\n<p>Mes parents, qui sont tous deux cuisiniers, \u00e9taient au travail. Ma s\u0153ur a\u00een\u00e9e \u00e9tait dans la cuisine quand j\u2019ai entendu frapper \u00e0 la porte d\u2019entr\u00e9e vers midi. Quand j\u2019ai ouvert la porte, des hommes arm\u00e9s m&rsquo;ont tra\u00een\u00e9e hors de la maison puis m\u2019ont pouss\u00e9e dans une camionnette. J\u2019en ai reconnu deux, mais je ne connaissais pas les autres. L\u2019un d\u2019eux m\u2019a fait prendre un s\u00e9datif et j\u2019ai perdu connaissance. Plus tard, l\u2019un des jeunes hommes que je connaissais, m\u2019a viol\u00e9e sous la menace d\u2019une arme dans un lieu inconnu.<\/p>\n<h4><strong>Comment votre foi vous a-t-elle aid\u00e9e pendant votre captivit\u00e9\u00a0?<\/strong><\/h4>\n<p>Je continuais \u00e0 prier dans mon c\u0153ur et parfois je r\u00e9citais le chapelet. Le lendemain, le gar\u00e7on qui m\u2019avait viol\u00e9e a fait venir un homme barbu pour enregistrer le nikah [mariage musulman].\u00a0Je leur ai dit que j\u2019\u00e9tais chr\u00e9tienne et j\u2019ai refus\u00e9 de r\u00e9p\u00e9ter les versets arabes. Ils m\u2019ont alors dit de simplement \u00e9couter en silence, puis m\u2019ont fait signer un papier vierge et ont pris mes empreintes digitales. Ils ont \u00e9galement fait des vid\u00e9os de la c\u00e9r\u00e9monie sur un t\u00e9l\u00e9phone.<\/p>\n<h4><strong>Comment avez-vous r\u00e9ussi \u00e0 vous \u00e9chapper\u00a0?<\/strong><\/h4>\n<p>Mes parents avaient d\u00e9pos\u00e9 une premi\u00e8re plainte au poste de police local \u00e0 propos de mon enl\u00e8vement. Mon ravisseur a pr\u00e9sent\u00e9 le <em>nikahnama<\/em> (contrat de mariage islamique) au m\u00eame poste de police, en d\u00e9clarant que j\u2019\u00e9tais devenue musulmane. Mais devant la Haute Cour de Lahore, j\u2019ai ni\u00e9 m\u2019\u00eatre convertie \u00e0 l\u2019Islam. Le juge m\u2019a permis de retourner dans ma famille apr\u00e8s la deuxi\u00e8me audience.\u00a0<strong>\u00a0\u00a0<\/strong><\/p>\n<h4><strong>Votre souffrance vous a-t-elle rapproch\u00e9e de Dieu\u00a0?<\/strong><\/h4>\n<p>Je ne peux pas me d\u00e9faire de ce qui m\u2019est arriv\u00e9. Mon histoire est comme la parabole du fils prodigue. Maintenant, je suis de retour \u00e0 la maison. Je sens que je suis plus proche de Dieu. J\u2019avais perdu tout espoir. C\u2019est Dieu qui a envoy\u00e9 de l\u2019aide sous la forme d\u2019avocats qui ont plaid\u00e9 mon cas et m\u2019ont ramen\u00e9e. Je suis inqui\u00e8te pour ma famille qui re\u00e7oit encore des appels de menace de num\u00e9ros inconnus. Les hommes qui t\u00e9l\u00e9phonent exhortent mes parents \u00e0 me restituer \u00e0 eux ou \u00e0 subir un passage \u00e0 tabac apr\u00e8s avoir \u00e9t\u00e9 d\u00e9shabill\u00e9s. Ma famille envisage de d\u00e9m\u00e9nager dans un autre quartier. Je m\u2019inqui\u00e8te pour elle.<\/p>\n<h4><strong>Quels sont vos espoirs pour l\u2019avenir ?<\/strong><\/h4>\n<p>J\u2019ai arr\u00eat\u00e9 l\u2019\u00e9cole apr\u00e8s ma 6<sup>\u00e8me<\/sup> en 2019. Maintenant, je veux continuer mes \u00e9tudes et essayer de vivre une vie normale. Je veux faire quelque chose de grand de ma vie et entrer dans la police. Je veux aider les autres.<\/p>\n","protected":false},"excerpt":{"rendered":"<p>Depuis des ann\u00e9es, l\u2019AED met en lumi\u00e8re le sort des femmes et des jeunes filles victimes d\u2019enl\u00e8vement et de conversion<\/p>\n","protected":false},"author":4258341447,"featured_media":179010,"comment_status":"closed","ping_status":"closed","sticky":false,"template":"","format":"standard","meta":{"_acf_changed":false,"_acn_coauthor_ids":[],"footnotes":""},"categories":[928],"tags":[],"country":[104],"class_list":["post-179016","post","type-post","status-publish","format-standard","has-post-thumbnail","hentry","category-interview","country-pakistan"],"acn_coauthors":[],"acf":[],"yoast_head":"<!-- This site is optimized with the Yoast SEO Premium plugin v27.3 (Yoast SEO v27.3) - https:\/\/yoast.com\/product\/yoast-seo-premium-wordpress\/ -->\n<title>Une catholique pakistanaise \u00e9chappe \u00e0 une conversion forc\u00e9e \u00e0 l\u2019Islam | ACN International<\/title>\n<meta name=\"robots\" content=\"index, follow, max-snippet:-1, max-image-preview:large, max-video-preview:-1\" \/>\n<link rel=\"canonical\" href=\"https:\/\/acninternational.org\/fr\/une-catholique-pakistanaise-echappe-a-une-conversion-forcee-a-lislam\/\" \/>\n<meta property=\"og:locale\" content=\"fr_FR\" \/>\n<meta property=\"og:type\" content=\"article\" \/>\n<meta property=\"og:title\" content=\"Une catholique pakistanaise \u00e9chappe \u00e0 une conversion forc\u00e9e \u00e0 l\u2019Islam\" \/>\n<meta property=\"og:description\" content=\"Depuis des ann\u00e9es, l\u2019AED met en lumi\u00e8re le sort des femmes et des jeunes filles victimes d\u2019enl\u00e8vement et de conversion\" \/>\n<meta property=\"og:url\" content=\"https:\/\/acninternational.org\/fr\/une-catholique-pakistanaise-echappe-a-une-conversion-forcee-a-lislam\/\" \/>\n<meta property=\"og:site_name\" content=\"ACN International\" \/>\n<meta property=\"article:publisher\" content=\"https:\/\/www.facebook.com\/acninternationalorg\" \/>\n<meta property=\"article:published_time\" content=\"2023-03-01T12:21:52+00:00\" \/>\n<meta property=\"article:modified_time\" content=\"2023-03-01T12:21:55+00:00\" \/>\n<meta property=\"og:image\" content=\"https:\/\/media.acninternational.org\/wp-content\/uploads\/2023\/03\/ACN-20221215-137921.jpeg\" \/>\n\t<meta property=\"og:image:width\" content=\"1920\" \/>\n\t<meta property=\"og:image:height\" content=\"700\" \/>\n\t<meta property=\"og:image:type\" content=\"image\/jpeg\" \/>\n<meta name=\"author\" content=\"ACN Press Team\" \/>\n<meta name=\"twitter:card\" content=\"summary_large_image\" \/>\n<meta name=\"twitter:creator\" content=\"@acn_int\" \/>\n<meta name=\"twitter:site\" content=\"@acn_int\" \/>\n<meta name=\"twitter:label1\" content=\"\u00c9crit par\" \/>\n\t<meta name=\"twitter:data1\" content=\"ACN Press Team\" \/>\n\t<meta name=\"twitter:label2\" content=\"Dur\u00e9e de lecture estim\u00e9e\" \/>\n\t<meta name=\"twitter:data2\" content=\"3 minutes\" \/>\n<script type=\"application\/ld+json\" class=\"yoast-schema-graph\">{\"@context\":\"https:\\\/\\\/schema.org\",\"@graph\":[{\"@type\":\"Article\",\"@id\":\"https:\\\/\\\/acninternational.org\\\/fr\\\/une-catholique-pakistanaise-echappe-a-une-conversion-forcee-a-lislam\\\/#article\",\"isPartOf\":{\"@id\":\"https:\\\/\\\/acninternational.org\\\/fr\\\/une-catholique-pakistanaise-echappe-a-une-conversion-forcee-a-lislam\\\/\"},\"author\":{\"name\":\"ACN Press Team\",\"@id\":\"https:\\\/\\\/acninternational.org\\\/fr\\\/#\\\/schema\\\/person\\\/7f3dafb236b242fb2aa46be1411fd703\"},\"headline\":\"Une catholique pakistanaise \u00e9chappe \u00e0 une conversion forc\u00e9e \u00e0 l\u2019Islam\",\"datePublished\":\"2023-03-01T12:21:52+00:00\",\"dateModified\":\"2023-03-01T12:21:55+00:00\",\"mainEntityOfPage\":{\"@id\":\"https:\\\/\\\/acninternational.org\\\/fr\\\/une-catholique-pakistanaise-echappe-a-une-conversion-forcee-a-lislam\\\/\"},\"wordCount\":670,\"publisher\":{\"@id\":\"https:\\\/\\\/acninternational.org\\\/fr\\\/#organization\"},\"image\":{\"@id\":\"https:\\\/\\\/acninternational.org\\\/fr\\\/une-catholique-pakistanaise-echappe-a-une-conversion-forcee-a-lislam\\\/#primaryimage\"},\"thumbnailUrl\":\"https:\\\/\\\/media.acninternational.org\\\/wp-content\\\/uploads\\\/2023\\\/03\\\/ACN-20221215-137921.jpeg\",\"articleSection\":[\"Interview\"],\"inLanguage\":\"fr-FR\"},{\"@type\":\"WebPage\",\"@id\":\"https:\\\/\\\/acninternational.org\\\/fr\\\/une-catholique-pakistanaise-echappe-a-une-conversion-forcee-a-lislam\\\/\",\"url\":\"https:\\\/\\\/acninternational.org\\\/fr\\\/une-catholique-pakistanaise-echappe-a-une-conversion-forcee-a-lislam\\\/\",\"name\":\"Une catholique pakistanaise \u00e9chappe \u00e0 une conversion forc\u00e9e \u00e0 l\u2019Islam | ACN International\",\"isPartOf\":{\"@id\":\"https:\\\/\\\/acninternational.org\\\/fr\\\/#website\"},\"primaryImageOfPage\":{\"@id\":\"https:\\\/\\\/acninternational.org\\\/fr\\\/une-catholique-pakistanaise-echappe-a-une-conversion-forcee-a-lislam\\\/#primaryimage\"},\"image\":{\"@id\":\"https:\\\/\\\/acninternational.org\\\/fr\\\/une-catholique-pakistanaise-echappe-a-une-conversion-forcee-a-lislam\\\/#primaryimage\"},\"thumbnailUrl\":\"https:\\\/\\\/media.acninternational.org\\\/wp-content\\\/uploads\\\/2023\\\/03\\\/ACN-20221215-137921.jpeg\",\"datePublished\":\"2023-03-01T12:21:52+00:00\",\"dateModified\":\"2023-03-01T12:21:55+00:00\",\"breadcrumb\":{\"@id\":\"https:\\\/\\\/acninternational.org\\\/fr\\\/une-catholique-pakistanaise-echappe-a-une-conversion-forcee-a-lislam\\\/#breadcrumb\"},\"inLanguage\":\"fr-FR\",\"potentialAction\":[{\"@type\":\"ReadAction\",\"target\":[\"https:\\\/\\\/acninternational.org\\\/fr\\\/une-catholique-pakistanaise-echappe-a-une-conversion-forcee-a-lislam\\\/\"]}]},{\"@type\":\"ImageObject\",\"inLanguage\":\"fr-FR\",\"@id\":\"https:\\\/\\\/acninternational.org\\\/fr\\\/une-catholique-pakistanaise-echappe-a-une-conversion-forcee-a-lislam\\\/#primaryimage\",\"url\":\"https:\\\/\\\/media.acninternational.org\\\/wp-content\\\/uploads\\\/2023\\\/03\\\/ACN-20221215-137921.jpeg\",\"contentUrl\":\"https:\\\/\\\/media.acninternational.org\\\/wp-content\\\/uploads\\\/2023\\\/03\\\/ACN-20221215-137921.jpeg\",\"width\":1920,\"height\":700},{\"@type\":\"BreadcrumbList\",\"@id\":\"https:\\\/\\\/acninternational.org\\\/fr\\\/une-catholique-pakistanaise-echappe-a-une-conversion-forcee-a-lislam\\\/#breadcrumb\",\"itemListElement\":[{\"@type\":\"ListItem\",\"position\":1,\"name\":\"Home\",\"item\":\"https:\\\/\\\/acninternational.org\\\/fr\\\/\"},{\"@type\":\"ListItem\",\"position\":2,\"name\":\"Interview\",\"item\":\"https:\\\/\\\/acninternational.org\\\/fr\\\/category\\\/interview-2-fr\\\/\"},{\"@type\":\"ListItem\",\"position\":3,\"name\":\"Une catholique pakistanaise \u00e9chappe \u00e0 une conversion forc\u00e9e \u00e0 l\u2019Islam\"}]},{\"@type\":\"WebSite\",\"@id\":\"https:\\\/\\\/acninternational.org\\\/fr\\\/#website\",\"url\":\"https:\\\/\\\/acninternational.org\\\/fr\\\/\",\"name\":\"ACN International\",\"description\":\"\",\"publisher\":{\"@id\":\"https:\\\/\\\/acninternational.org\\\/fr\\\/#organization\"},\"potentialAction\":[{\"@type\":\"SearchAction\",\"target\":{\"@type\":\"EntryPoint\",\"urlTemplate\":\"https:\\\/\\\/acninternational.org\\\/fr\\\/?s={search_term_string}\"},\"query-input\":{\"@type\":\"PropertyValueSpecification\",\"valueRequired\":true,\"valueName\":\"search_term_string\"}}],\"inLanguage\":\"fr-FR\"},{\"@type\":\"Organization\",\"@id\":\"https:\\\/\\\/acninternational.org\\\/fr\\\/#organization\",\"name\":\"Aid to the Church in Need International\",\"url\":\"https:\\\/\\\/acninternational.org\\\/fr\\\/\",\"logo\":{\"@type\":\"ImageObject\",\"inLanguage\":\"fr-FR\",\"@id\":\"https:\\\/\\\/acninternational.org\\\/fr\\\/#\\\/schema\\\/logo\\\/image\\\/\",\"url\":\"https:\\\/\\\/media.acninternational.org\\\/wp-content\\\/uploads\\\/2019\\\/11\\\/acn_logo_blackvector.svg\",\"contentUrl\":\"https:\\\/\\\/media.acninternational.org\\\/wp-content\\\/uploads\\\/2019\\\/11\\\/acn_logo_blackvector.svg\",\"width\":232.6,\"height\":78,\"caption\":\"Aid to the Church in Need International\"},\"image\":{\"@id\":\"https:\\\/\\\/acninternational.org\\\/fr\\\/#\\\/schema\\\/logo\\\/image\\\/\"},\"sameAs\":[\"https:\\\/\\\/www.facebook.com\\\/acninternationalorg\",\"https:\\\/\\\/x.com\\\/acn_int\",\"https:\\\/\\\/www.youtube.com\\\/channel\\\/UCQ-077gS0TnVzkhHmf1opZw\",\"https:\\\/\\\/www.instagram.com\\\/acn_international\\\/\"]},{\"@type\":\"Person\",\"@id\":\"https:\\\/\\\/acninternational.org\\\/fr\\\/#\\\/schema\\\/person\\\/7f3dafb236b242fb2aa46be1411fd703\",\"name\":\"ACN Press Team\",\"description\":\"Lorem ipsum dolor sit amet, consectetur adipiscing elit, sed do eiusmod tempor incididunt ut labore et dolore magna aliqua. Ut enim ad minim veniam, quis nostrud exercitation ullamco laboris nisi ut aliquip ex ea commodo consequat.\",\"url\":\"https:\\\/\\\/acninternational.org\\\/fr\\\/author\\\/acn-press-team\\\/\"}]}<\/script>\n<!-- \/ Yoast SEO Premium plugin. -->","yoast_head_json":{"title":"Une catholique pakistanaise \u00e9chappe \u00e0 une conversion forc\u00e9e \u00e0 l\u2019Islam | ACN International","robots":{"index":"index","follow":"follow","max-snippet":"max-snippet:-1","max-image-preview":"max-image-preview:large","max-video-preview":"max-video-preview:-1"},"canonical":"https:\/\/acninternational.org\/fr\/une-catholique-pakistanaise-echappe-a-une-conversion-forcee-a-lislam\/","og_locale":"fr_FR","og_type":"article","og_title":"Une catholique pakistanaise \u00e9chappe \u00e0 une conversion forc\u00e9e \u00e0 l\u2019Islam","og_description":"Depuis des ann\u00e9es, l\u2019AED met en lumi\u00e8re le sort des femmes et des jeunes filles victimes d\u2019enl\u00e8vement et de conversion","og_url":"https:\/\/acninternational.org\/fr\/une-catholique-pakistanaise-echappe-a-une-conversion-forcee-a-lislam\/","og_site_name":"ACN International","article_publisher":"https:\/\/www.facebook.com\/acninternationalorg","article_published_time":"2023-03-01T12:21:52+00:00","article_modified_time":"2023-03-01T12:21:55+00:00","og_image":[{"width":1920,"height":700,"url":"https:\/\/media.acninternational.org\/wp-content\/uploads\/2023\/03\/ACN-20221215-137921.jpeg","type":"image\/jpeg"}],"author":"ACN Press Team","twitter_card":"summary_large_image","twitter_creator":"@acn_int","twitter_site":"@acn_int","twitter_misc":{"\u00c9crit par":"ACN Press Team","Dur\u00e9e de lecture estim\u00e9e":"3 minutes"},"schema":{"@context":"https:\/\/schema.org","@graph":[{"@type":"Article","@id":"https:\/\/acninternational.org\/fr\/une-catholique-pakistanaise-echappe-a-une-conversion-forcee-a-lislam\/#article","isPartOf":{"@id":"https:\/\/acninternational.org\/fr\/une-catholique-pakistanaise-echappe-a-une-conversion-forcee-a-lislam\/"},"author":{"name":"ACN Press Team","@id":"https:\/\/acninternational.org\/fr\/#\/schema\/person\/7f3dafb236b242fb2aa46be1411fd703"},"headline":"Une catholique pakistanaise \u00e9chappe \u00e0 une conversion forc\u00e9e \u00e0 l\u2019Islam","datePublished":"2023-03-01T12:21:52+00:00","dateModified":"2023-03-01T12:21:55+00:00","mainEntityOfPage":{"@id":"https:\/\/acninternational.org\/fr\/une-catholique-pakistanaise-echappe-a-une-conversion-forcee-a-lislam\/"},"wordCount":670,"publisher":{"@id":"https:\/\/acninternational.org\/fr\/#organization"},"image":{"@id":"https:\/\/acninternational.org\/fr\/une-catholique-pakistanaise-echappe-a-une-conversion-forcee-a-lislam\/#primaryimage"},"thumbnailUrl":"https:\/\/media.acninternational.org\/wp-content\/uploads\/2023\/03\/ACN-20221215-137921.jpeg","articleSection":["Interview"],"inLanguage":"fr-FR"},{"@type":"WebPage","@id":"https:\/\/acninternational.org\/fr\/une-catholique-pakistanaise-echappe-a-une-conversion-forcee-a-lislam\/","url":"https:\/\/acninternational.org\/fr\/une-catholique-pakistanaise-echappe-a-une-conversion-forcee-a-lislam\/","name":"Une catholique pakistanaise \u00e9chappe \u00e0 une conversion forc\u00e9e \u00e0 l\u2019Islam | ACN International","isPartOf":{"@id":"https:\/\/acninternational.org\/fr\/#website"},"primaryImageOfPage":{"@id":"https:\/\/acninternational.org\/fr\/une-catholique-pakistanaise-echappe-a-une-conversion-forcee-a-lislam\/#primaryimage"},"image":{"@id":"https:\/\/acninternational.org\/fr\/une-catholique-pakistanaise-echappe-a-une-conversion-forcee-a-lislam\/#primaryimage"},"thumbnailUrl":"https:\/\/media.acninternational.org\/wp-content\/uploads\/2023\/03\/ACN-20221215-137921.jpeg","datePublished":"2023-03-01T12:21:52+00:00","dateModified":"2023-03-01T12:21:55+00:00","breadcrumb":{"@id":"https:\/\/acninternational.org\/fr\/une-catholique-pakistanaise-echappe-a-une-conversion-forcee-a-lislam\/#breadcrumb"},"inLanguage":"fr-FR","potentialAction":[{"@type":"ReadAction","target":["https:\/\/acninternational.org\/fr\/une-catholique-pakistanaise-echappe-a-une-conversion-forcee-a-lislam\/"]}]},{"@type":"ImageObject","inLanguage":"fr-FR","@id":"https:\/\/acninternational.org\/fr\/une-catholique-pakistanaise-echappe-a-une-conversion-forcee-a-lislam\/#primaryimage","url":"https:\/\/media.acninternational.org\/wp-content\/uploads\/2023\/03\/ACN-20221215-137921.jpeg","contentUrl":"https:\/\/media.acninternational.org\/wp-content\/uploads\/2023\/03\/ACN-20221215-137921.jpeg","width":1920,"height":700},{"@type":"BreadcrumbList","@id":"https:\/\/acninternational.org\/fr\/une-catholique-pakistanaise-echappe-a-une-conversion-forcee-a-lislam\/#breadcrumb","itemListElement":[{"@type":"ListItem","position":1,"name":"Home","item":"https:\/\/acninternational.org\/fr\/"},{"@type":"ListItem","position":2,"name":"Interview","item":"https:\/\/acninternational.org\/fr\/category\/interview-2-fr\/"},{"@type":"ListItem","position":3,"name":"Une catholique pakistanaise \u00e9chappe \u00e0 une conversion forc\u00e9e \u00e0 l\u2019Islam"}]},{"@type":"WebSite","@id":"https:\/\/acninternational.org\/fr\/#website","url":"https:\/\/acninternational.org\/fr\/","name":"ACN International","description":"","publisher":{"@id":"https:\/\/acninternational.org\/fr\/#organization"},"potentialAction":[{"@type":"SearchAction","target":{"@type":"EntryPoint","urlTemplate":"https:\/\/acninternational.org\/fr\/?s={search_term_string}"},"query-input":{"@type":"PropertyValueSpecification","valueRequired":true,"valueName":"search_term_string"}}],"inLanguage":"fr-FR"},{"@type":"Organization","@id":"https:\/\/acninternational.org\/fr\/#organization","name":"Aid to the Church in Need International","url":"https:\/\/acninternational.org\/fr\/","logo":{"@type":"ImageObject","inLanguage":"fr-FR","@id":"https:\/\/acninternational.org\/fr\/#\/schema\/logo\/image\/","url":"https:\/\/media.acninternational.org\/wp-content\/uploads\/2019\/11\/acn_logo_blackvector.svg","contentUrl":"https:\/\/media.acninternational.org\/wp-content\/uploads\/2019\/11\/acn_logo_blackvector.svg","width":232.6,"height":78,"caption":"Aid to the Church in Need International"},"image":{"@id":"https:\/\/acninternational.org\/fr\/#\/schema\/logo\/image\/"},"sameAs":["https:\/\/www.facebook.com\/acninternationalorg","https:\/\/x.com\/acn_int","https:\/\/www.youtube.com\/channel\/UCQ-077gS0TnVzkhHmf1opZw","https:\/\/www.instagram.com\/acn_international\/"]},{"@type":"Person","@id":"https:\/\/acninternational.org\/fr\/#\/schema\/person\/7f3dafb236b242fb2aa46be1411fd703","name":"ACN Press Team","description":"Lorem ipsum dolor sit amet, consectetur adipiscing elit, sed do eiusmod tempor incididunt ut labore et dolore magna aliqua. Ut enim ad minim veniam, quis nostrud exercitation ullamco laboris nisi ut aliquip ex ea commodo consequat.","url":"https:\/\/acninternational.org\/fr\/author\/acn-press-team\/"}]}},"_links":{"self":[{"href":"https:\/\/acninternational.org\/fr\/wp-json\/wp\/v2\/posts\/179016","targetHints":{"allow":["GET"]}}],"collection":[{"href":"https:\/\/acninternational.org\/fr\/wp-json\/wp\/v2\/posts"}],"about":[{"href":"https:\/\/acninternational.org\/fr\/wp-json\/wp\/v2\/types\/post"}],"author":[{"embeddable":true,"href":"https:\/\/acninternational.org\/fr\/wp-json\/wp\/v2\/users\/4258341447"}],"replies":[{"embeddable":true,"href":"https:\/\/acninternational.org\/fr\/wp-json\/wp\/v2\/comments?post=179016"}],"version-history":[{"count":0,"href":"https:\/\/acninternational.org\/fr\/wp-json\/wp\/v2\/posts\/179016\/revisions"}],"wp:featuredmedia":[{"embeddable":true,"href":"https:\/\/acninternational.org\/fr\/wp-json\/wp\/v2\/media\/179010"}],"wp:attachment":[{"href":"https:\/\/acninternational.org\/fr\/wp-json\/wp\/v2\/media?parent=179016"}],"wp:term":[{"taxonomy":"category","embeddable":true,"href":"https:\/\/acninternational.org\/fr\/wp-json\/wp\/v2\/categories?post=179016"},{"taxonomy":"post_tag","embeddable":true,"href":"https:\/\/acninternational.org\/fr\/wp-json\/wp\/v2\/tags?post=179016"},{"taxonomy":"country","embeddable":true,"href":"https:\/\/acninternational.org\/fr\/wp-json\/wp\/v2\/country?post=179016"}],"curies":[{"name":"wp","href":"https:\/\/api.w.org\/{rel}","templated":true}]}}