{"id":177621,"date":"2023-01-10T14:46:33","date_gmt":"2023-01-10T13:46:33","guid":{"rendered":"https:\/\/acninternational.org\/?p=177621"},"modified":"2023-12-19T03:05:32","modified_gmt":"2023-12-19T02:05:32","slug":"le-pape-francois-parle-de-la-liberte-religieuse","status":"publish","type":"post","link":"https:\/\/acninternational.org\/fr\/le-pape-francois-parle-de-la-liberte-religieuse\/","title":{"rendered":"\u00ab\u00a0Pas de paix sans libert\u00e9 religieuse\u00a0\u00bb affirme le Pape"},"content":{"rendered":"<p><em>Lors de son traditionnel discours aux membres du corps diplomatique, le pape Fran\u00e7ois a soulign\u00e9 l&rsquo;intol\u00e9rance croissante envers les chr\u00e9tiens, m\u00eame dans les pays o\u00f9 ils ne sont pas une minorit\u00e9.<\/em><\/p>\n<p>Le pape Fran\u00e7ois affirme qu&rsquo;il ne peut y avoir de paix sans libert\u00e9 religieuse, et a d\u00e9cri\u00e9 le fait que dans de nombreux pays \u00e0 majorit\u00e9 chr\u00e9tienne, ce droit universel est \u00e9galement attaqu\u00e9.<\/p>\n<p>Dans son <a href=\"https:\/\/www.vatican.va\/content\/francesco\/fr\/speeches\/2023\/january\/documents\/20230109-corpo-diplomatico.html\">discours annuel au corps diplomatique accr\u00e9dit\u00e9 aupr\u00e8s du Saint-Si\u00e8ge<\/a>, le 9 janvier, le pape a longuement \u00e9voqu\u00e9 les menaces actuelles pour la paix dans le monde, ajoutant que \u00ab\u00a0La paix exige \u00e9galement que la libert\u00e9 religieuse soit universellement reconnue. Il est inqui\u00e9tant que des personnes soient pers\u00e9cut\u00e9es simplement parce qu&rsquo;elles professent publiquement leur foi et que, dans de nombreux pays, la libert\u00e9 religieuse soit limit\u00e9e. Environ un tiers de la population mondiale vit dans ces conditions.\u00a0\u00bb<\/p>\n<p>Cette conclusion correspond aux donn\u00e9es du dernier <a href=\"https:\/\/acninternational.org\/religiousfreedomreport\/fr\/rapports\/globale\/2023\" target=\"_blank\" rel=\"noopener\">rapport sur la libert\u00e9 religieuse dans le monde<\/a> publi\u00e9 par Aid to the Church in Need, selon lequel 62 pays sur un total de 196 pr\u00e9sentent des violations tr\u00e8s graves de la libert\u00e9 religieuse.<\/p>\n<p>Le Saint-P\u00e8re a soulign\u00e9 que les chr\u00e9tiens sont particuli\u00e8rement touch\u00e9s par la pers\u00e9cution religieuse. \u00ab\u00a0Outre le manque de libert\u00e9 religieuse, il existe \u00e9galement des pers\u00e9cutions pour motifs religieux. Je ne peux manquer de mentionner, comme le montrent certaines statistiques, le fait qu&rsquo;un chr\u00e9tien sur sept est pers\u00e9cut\u00e9.\u00a0\u00bb<\/p>\n<figure id=\"attachment_177526\" aria-describedby=\"caption-attachment-177526\" style=\"width: 670px\" class=\"wp-caption alignnone\"><img loading=\"lazy\" decoding=\"async\" class=\"wp-image-177526 size-full\" src=\"https:\/\/media.acninternational.org\/wp-content\/uploads\/2023\/01\/pequena-15.png\" alt=\" pape Fran\u00e7ois libert\u00e9 religieuse\" width=\"670\" height=\"400\" srcset=\"https:\/\/media.acninternational.org\/wp-content\/uploads\/2023\/01\/pequena-15.png 670w, https:\/\/media.acninternational.org\/wp-content\/uploads\/2023\/01\/pequena-15-300x179.png 300w\" sizes=\"auto, (max-width: 670px) 100vw, 670px\" \/><figcaption id=\"caption-attachment-177526\" class=\"wp-caption-text\">Pape Fran\u00e7ois<\/figcaption><\/figure>\n<p>Cependant, poursuit Fran\u00e7ois, il y a aussi des probl\u00e8mes dans les pays o\u00f9 les chr\u00e9tiens forment la majorit\u00e9, et devraient donc \u00eatre \u00e0 l&rsquo;abri de l&rsquo;intol\u00e9rance. \u00ab\u00a0Il est important de ne pas oublier que la violence et les discriminations \u00e0 l&rsquo;\u00e9gard des chr\u00e9tiens augmentent aussi dans les pays o\u00f9 ils ne sont pas une minorit\u00e9. La libert\u00e9 religieuse est \u00e9galement menac\u00e9e lorsque les croyants voient r\u00e9duite la possibilit\u00e9 d&rsquo;exprimer leurs convictions dans la sph\u00e8re de la vie sociale, au nom d&rsquo;une compr\u00e9hension erron\u00e9e de l&rsquo;inclusion. La libert\u00e9 religieuse, qui ne peut \u00eatre r\u00e9duite \u00e0 la seule libert\u00e9 de culte, est l&rsquo;une des conditions minimales pour vivre de mani\u00e8re digne.\u00a0\u00bb<\/p>\n<p>Ce n&rsquo;est pas la premi\u00e8re fois que le pape Fran\u00e7ois met en garde contre le danger de la \u00ab\u00a0pers\u00e9cution polie\u00a0\u00bb d\u00e9guis\u00e9e en modernit\u00e9 et en progr\u00e8s, qui s&rsquo;est d\u00e9velopp\u00e9 et touche de nombreux groupes confessionnels.<\/p>\n<p>Fran\u00e7ois a appel\u00e9 les gouvernements \u00e0 assurer la protection de la libert\u00e9 religieuse dans leur pays et \u00e0 faire tout leur possible pour la promouvoir \u00e0 l&rsquo;\u00e9tranger, saluant le fait que l&rsquo;Union europ\u00e9enne, par exemple, a nomm\u00e9 un nouvel envoy\u00e9 sp\u00e9cial pour la libert\u00e9 religieuse.<\/p>\n<p>\u00ab\u00a0Les gouvernements ont le devoir de prot\u00e9ger ce droit et de garantir \u00e0 toute personne, conform\u00e9ment au bien commun, la possibilit\u00e9 d&rsquo;agir selon sa conscience, y compris dans la sph\u00e8re publique et dans l&rsquo;exercice de sa profession.\u00a0\u00bb<\/p>\n<p>Il a exprim\u00e9 son espoir que l&rsquo;Envoy\u00e9 sp\u00e9cial pour la promotion de la libert\u00e9 de religion ou de conviction en dehors de l&rsquo;UE puisse disposer des ressources et des moyens n\u00e9cessaires pour mener \u00e0 bien son mandat sp\u00e9cifique.<\/p>\n<p>Le pape a en outre soulign\u00e9 que la religion ne devait pas \u00eatre consid\u00e9r\u00e9e comme une cause de conflit entre les nations et les peuples, mais comme \u00ab\u00a0une partie de la solution pour une vie plus harmonieuse dans la soci\u00e9t\u00e9\u00a0\u00bb, a-t-il dit, citant son propre discours prononc\u00e9 lors de sa <a href=\"https:\/\/acninternational.org\/fr\/visite-du-pape-francois-au-kazakhstan\/\">visite au Kazakhstan<\/a>, en 2022.<\/p>\n<p>\u00ab\u00a0On veut souvent attribuer \u00e0 la religion les diff\u00e9rents conflits qui accompagnent l&rsquo;humanit\u00e9 ; et il est vrai que les tentatives d\u00e9plorables d&rsquo;instrumentaliser la religion \u00e0 des fins purement politiques ne manquent pas. Mais cela est contraire \u00e0 la perspective chr\u00e9tienne qui met \u00e0 nu la racine de tout conflit, \u00e0 savoir le d\u00e9s\u00e9quilibre du c\u0153ur humain, \u00ab car c\u2019est du dedans, du c\u0153ur de l\u2019homme, que sortent les pens\u00e9es perverses \u00bb (<em>Mc<\/em> 7,21), comme nous le rappelle l&rsquo;\u00c9vangile. Le christianisme incite \u00e0 la paix parce qu&rsquo;il encourage la conversion et l&rsquo;exercice de la vertu\u00a0\u00bb, a conclu le pape Fran\u00e7ois.<\/p>\n<p>La promotion de la libert\u00e9 religieuse dans le monde et le suivi des violations, est l&rsquo;une des missions de ACN qui publie un rapport bisannuel sur la libert\u00e9 religieuse. <a href=\"https:\/\/acninternational.org\/fr\/projets\/rapport-sur-la-liberte-religieuse\/\">Le Rapport sur la libert\u00e9 religieuse<\/a> dans le monde de Aid to the Church in Need est le principal projet de recherche de ACN, et a consid\u00e9rablement \u00e9volu\u00e9 au fil des ans, passant d&rsquo;une petite brochure publi\u00e9e en italien en 1999 \u00e0 une publication d&rsquo;environ 800 pages, produite par une \u00e9quipe mondiale. Le prochain rapport sera publi\u00e9 en avril 2023.<\/p>\n","protected":false},"excerpt":{"rendered":"<p>Lors de son traditionnel discours aux membres du corps diplomatique, le pape Fran\u00e7ois a soulign\u00e9 l&rsquo;intol\u00e9rance croissante envers les chr\u00e9tiens<\/p>\n","protected":false},"author":4258341447,"featured_media":177519,"comment_status":"closed","ping_status":"closed","sticky":false,"template":"","format":"standard","meta":{"_acf_changed":false,"_acn_coauthor_ids":[],"footnotes":""},"categories":[919],"tags":[],"country":[333],"class_list":["post-177621","post","type-post","status-publish","format-standard","has-post-thumbnail","hentry","category-nouvelle","country-international"],"acn_coauthors":[],"acf":[],"yoast_head":"<!-- This site is optimized with the Yoast SEO Premium plugin v27.3 (Yoast SEO v27.3) - https:\/\/yoast.com\/product\/yoast-seo-premium-wordpress\/ -->\n<title>Le pape Fran\u00e7ois parle de la libert\u00e9 religieuse | ACN International<\/title>\n<meta name=\"description\" content=\"Lors de son discours aux membres du corps diplomatique, le pape Fran\u00e7ois a soulign\u00e9 l&#039;intol\u00e9rance croissante envers les chr\u00e9tiens.\" \/>\n<meta name=\"robots\" content=\"index, follow, max-snippet:-1, max-image-preview:large, max-video-preview:-1\" \/>\n<link rel=\"canonical\" href=\"https:\/\/acninternational.org\/fr\/le-pape-francois-parle-de-la-liberte-religieuse\/\" \/>\n<meta property=\"og:locale\" content=\"fr_FR\" \/>\n<meta property=\"og:type\" content=\"article\" \/>\n<meta property=\"og:title\" content=\"&quot;Pas de paix sans libert\u00e9 religieuse&quot; affirme le Pape\" \/>\n<meta property=\"og:description\" content=\"Lors de son discours aux membres du corps diplomatique, le pape Fran\u00e7ois a soulign\u00e9 l&#039;intol\u00e9rance croissante envers les chr\u00e9tiens.\" \/>\n<meta property=\"og:url\" content=\"https:\/\/acninternational.org\/fr\/le-pape-francois-parle-de-la-liberte-religieuse\/\" \/>\n<meta property=\"og:site_name\" content=\"ACN International\" \/>\n<meta property=\"article:publisher\" content=\"https:\/\/www.facebook.com\/acninternationalorg\" \/>\n<meta property=\"article:published_time\" content=\"2023-01-10T13:46:33+00:00\" \/>\n<meta property=\"article:modified_time\" content=\"2023-12-19T02:05:32+00:00\" \/>\n<meta property=\"og:image\" content=\"https:\/\/media.acninternational.org\/wp-content\/uploads\/2023\/01\/grande-10-2.png\" \/>\n\t<meta property=\"og:image:width\" content=\"2000\" \/>\n\t<meta property=\"og:image:height\" content=\"625\" \/>\n\t<meta property=\"og:image:type\" content=\"image\/png\" \/>\n<meta name=\"author\" content=\"ACN Press Team\" \/>\n<meta name=\"twitter:card\" content=\"summary_large_image\" \/>\n<meta name=\"twitter:description\" content=\"Lors de son discours aux membres du corps diplomatique, le pape Fran\u00e7ois a soulign\u00e9 l&#039;intol\u00e9rance croissante envers les chr\u00e9tiens.\" \/>\n<meta name=\"twitter:creator\" content=\"@acn_int\" \/>\n<meta name=\"twitter:site\" content=\"@acn_int\" \/>\n<meta name=\"twitter:label1\" content=\"\u00c9crit par\" \/>\n\t<meta name=\"twitter:data1\" content=\"ACN Press Team\" \/>\n\t<meta name=\"twitter:label2\" content=\"Dur\u00e9e de lecture estim\u00e9e\" \/>\n\t<meta name=\"twitter:data2\" content=\"4 minutes\" \/>\n<script type=\"application\/ld+json\" class=\"yoast-schema-graph\">{\"@context\":\"https:\\\/\\\/schema.org\",\"@graph\":[{\"@type\":\"Article\",\"@id\":\"https:\\\/\\\/acninternational.org\\\/fr\\\/le-pape-francois-parle-de-la-liberte-religieuse\\\/#article\",\"isPartOf\":{\"@id\":\"https:\\\/\\\/acninternational.org\\\/fr\\\/le-pape-francois-parle-de-la-liberte-religieuse\\\/\"},\"author\":{\"name\":\"ACN Press Team\",\"@id\":\"https:\\\/\\\/acninternational.org\\\/fr\\\/#\\\/schema\\\/person\\\/7f3dafb236b242fb2aa46be1411fd703\"},\"headline\":\"\u00ab\u00a0Pas de paix sans libert\u00e9 religieuse\u00a0\u00bb affirme le Pape\",\"datePublished\":\"2023-01-10T13:46:33+00:00\",\"dateModified\":\"2023-12-19T02:05:32+00:00\",\"mainEntityOfPage\":{\"@id\":\"https:\\\/\\\/acninternational.org\\\/fr\\\/le-pape-francois-parle-de-la-liberte-religieuse\\\/\"},\"wordCount\":826,\"publisher\":{\"@id\":\"https:\\\/\\\/acninternational.org\\\/fr\\\/#organization\"},\"image\":{\"@id\":\"https:\\\/\\\/acninternational.org\\\/fr\\\/le-pape-francois-parle-de-la-liberte-religieuse\\\/#primaryimage\"},\"thumbnailUrl\":\"https:\\\/\\\/media.acninternational.org\\\/wp-content\\\/uploads\\\/2023\\\/01\\\/grande-10-2.png\",\"articleSection\":[\"Nouvelle\"],\"inLanguage\":\"fr-FR\"},{\"@type\":\"WebPage\",\"@id\":\"https:\\\/\\\/acninternational.org\\\/fr\\\/le-pape-francois-parle-de-la-liberte-religieuse\\\/\",\"url\":\"https:\\\/\\\/acninternational.org\\\/fr\\\/le-pape-francois-parle-de-la-liberte-religieuse\\\/\",\"name\":\"Le pape Fran\u00e7ois parle de la libert\u00e9 religieuse | ACN International\",\"isPartOf\":{\"@id\":\"https:\\\/\\\/acninternational.org\\\/fr\\\/#website\"},\"primaryImageOfPage\":{\"@id\":\"https:\\\/\\\/acninternational.org\\\/fr\\\/le-pape-francois-parle-de-la-liberte-religieuse\\\/#primaryimage\"},\"image\":{\"@id\":\"https:\\\/\\\/acninternational.org\\\/fr\\\/le-pape-francois-parle-de-la-liberte-religieuse\\\/#primaryimage\"},\"thumbnailUrl\":\"https:\\\/\\\/media.acninternational.org\\\/wp-content\\\/uploads\\\/2023\\\/01\\\/grande-10-2.png\",\"datePublished\":\"2023-01-10T13:46:33+00:00\",\"dateModified\":\"2023-12-19T02:05:32+00:00\",\"description\":\"Lors de son discours aux membres du corps diplomatique, le pape Fran\u00e7ois a soulign\u00e9 l'intol\u00e9rance croissante envers les chr\u00e9tiens.\",\"breadcrumb\":{\"@id\":\"https:\\\/\\\/acninternational.org\\\/fr\\\/le-pape-francois-parle-de-la-liberte-religieuse\\\/#breadcrumb\"},\"inLanguage\":\"fr-FR\",\"potentialAction\":[{\"@type\":\"ReadAction\",\"target\":[\"https:\\\/\\\/acninternational.org\\\/fr\\\/le-pape-francois-parle-de-la-liberte-religieuse\\\/\"]}]},{\"@type\":\"ImageObject\",\"inLanguage\":\"fr-FR\",\"@id\":\"https:\\\/\\\/acninternational.org\\\/fr\\\/le-pape-francois-parle-de-la-liberte-religieuse\\\/#primaryimage\",\"url\":\"https:\\\/\\\/media.acninternational.org\\\/wp-content\\\/uploads\\\/2023\\\/01\\\/grande-10-2.png\",\"contentUrl\":\"https:\\\/\\\/media.acninternational.org\\\/wp-content\\\/uploads\\\/2023\\\/01\\\/grande-10-2.png\",\"width\":2000,\"height\":625,\"caption\":\"pape Fran\u00e7ois libert\u00e9 religieuse\"},{\"@type\":\"BreadcrumbList\",\"@id\":\"https:\\\/\\\/acninternational.org\\\/fr\\\/le-pape-francois-parle-de-la-liberte-religieuse\\\/#breadcrumb\",\"itemListElement\":[{\"@type\":\"ListItem\",\"position\":1,\"name\":\"Home\",\"item\":\"https:\\\/\\\/acninternational.org\\\/fr\\\/\"},{\"@type\":\"ListItem\",\"position\":2,\"name\":\"Nouvelle\",\"item\":\"https:\\\/\\\/acninternational.org\\\/fr\\\/category\\\/nouvelle\\\/\"},{\"@type\":\"ListItem\",\"position\":3,\"name\":\"\u00ab\u00a0Pas de paix sans libert\u00e9 religieuse\u00a0\u00bb affirme le Pape\"}]},{\"@type\":\"WebSite\",\"@id\":\"https:\\\/\\\/acninternational.org\\\/fr\\\/#website\",\"url\":\"https:\\\/\\\/acninternational.org\\\/fr\\\/\",\"name\":\"ACN International\",\"description\":\"\",\"publisher\":{\"@id\":\"https:\\\/\\\/acninternational.org\\\/fr\\\/#organization\"},\"potentialAction\":[{\"@type\":\"SearchAction\",\"target\":{\"@type\":\"EntryPoint\",\"urlTemplate\":\"https:\\\/\\\/acninternational.org\\\/fr\\\/?s={search_term_string}\"},\"query-input\":{\"@type\":\"PropertyValueSpecification\",\"valueRequired\":true,\"valueName\":\"search_term_string\"}}],\"inLanguage\":\"fr-FR\"},{\"@type\":\"Organization\",\"@id\":\"https:\\\/\\\/acninternational.org\\\/fr\\\/#organization\",\"name\":\"Aid to the Church in Need International\",\"url\":\"https:\\\/\\\/acninternational.org\\\/fr\\\/\",\"logo\":{\"@type\":\"ImageObject\",\"inLanguage\":\"fr-FR\",\"@id\":\"https:\\\/\\\/acninternational.org\\\/fr\\\/#\\\/schema\\\/logo\\\/image\\\/\",\"url\":\"https:\\\/\\\/media.acninternational.org\\\/wp-content\\\/uploads\\\/2019\\\/11\\\/acn_logo_blackvector.svg\",\"contentUrl\":\"https:\\\/\\\/media.acninternational.org\\\/wp-content\\\/uploads\\\/2019\\\/11\\\/acn_logo_blackvector.svg\",\"width\":232.6,\"height\":78,\"caption\":\"Aid to the Church in Need International\"},\"image\":{\"@id\":\"https:\\\/\\\/acninternational.org\\\/fr\\\/#\\\/schema\\\/logo\\\/image\\\/\"},\"sameAs\":[\"https:\\\/\\\/www.facebook.com\\\/acninternationalorg\",\"https:\\\/\\\/x.com\\\/acn_int\",\"https:\\\/\\\/www.youtube.com\\\/channel\\\/UCQ-077gS0TnVzkhHmf1opZw\",\"https:\\\/\\\/www.instagram.com\\\/acn_international\\\/\"]},{\"@type\":\"Person\",\"@id\":\"https:\\\/\\\/acninternational.org\\\/fr\\\/#\\\/schema\\\/person\\\/7f3dafb236b242fb2aa46be1411fd703\",\"name\":\"ACN Press Team\",\"description\":\"Lorem ipsum dolor sit amet, consectetur adipiscing elit, sed do eiusmod tempor incididunt ut labore et dolore magna aliqua. Ut enim ad minim veniam, quis nostrud exercitation ullamco laboris nisi ut aliquip ex ea commodo consequat.\",\"url\":\"https:\\\/\\\/acninternational.org\\\/fr\\\/author\\\/acn-press-team\\\/\"}]}<\/script>\n<!-- \/ Yoast SEO Premium plugin. -->","yoast_head_json":{"title":"Le pape Fran\u00e7ois parle de la libert\u00e9 religieuse | ACN International","description":"Lors de son discours aux membres du corps diplomatique, le pape Fran\u00e7ois a soulign\u00e9 l'intol\u00e9rance croissante envers les chr\u00e9tiens.","robots":{"index":"index","follow":"follow","max-snippet":"max-snippet:-1","max-image-preview":"max-image-preview:large","max-video-preview":"max-video-preview:-1"},"canonical":"https:\/\/acninternational.org\/fr\/le-pape-francois-parle-de-la-liberte-religieuse\/","og_locale":"fr_FR","og_type":"article","og_title":"\"Pas de paix sans libert\u00e9 religieuse\" affirme le Pape","og_description":"Lors de son discours aux membres du corps diplomatique, le pape Fran\u00e7ois a soulign\u00e9 l'intol\u00e9rance croissante envers les chr\u00e9tiens.","og_url":"https:\/\/acninternational.org\/fr\/le-pape-francois-parle-de-la-liberte-religieuse\/","og_site_name":"ACN International","article_publisher":"https:\/\/www.facebook.com\/acninternationalorg","article_published_time":"2023-01-10T13:46:33+00:00","article_modified_time":"2023-12-19T02:05:32+00:00","og_image":[{"width":2000,"height":625,"url":"https:\/\/media.acninternational.org\/wp-content\/uploads\/2023\/01\/grande-10-2.png","type":"image\/png"}],"author":"ACN Press Team","twitter_card":"summary_large_image","twitter_description":"Lors de son discours aux membres du corps diplomatique, le pape Fran\u00e7ois a soulign\u00e9 l'intol\u00e9rance croissante envers les chr\u00e9tiens.","twitter_creator":"@acn_int","twitter_site":"@acn_int","twitter_misc":{"\u00c9crit par":"ACN Press Team","Dur\u00e9e de lecture estim\u00e9e":"4 minutes"},"schema":{"@context":"https:\/\/schema.org","@graph":[{"@type":"Article","@id":"https:\/\/acninternational.org\/fr\/le-pape-francois-parle-de-la-liberte-religieuse\/#article","isPartOf":{"@id":"https:\/\/acninternational.org\/fr\/le-pape-francois-parle-de-la-liberte-religieuse\/"},"author":{"name":"ACN Press Team","@id":"https:\/\/acninternational.org\/fr\/#\/schema\/person\/7f3dafb236b242fb2aa46be1411fd703"},"headline":"\u00ab\u00a0Pas de paix sans libert\u00e9 religieuse\u00a0\u00bb affirme le Pape","datePublished":"2023-01-10T13:46:33+00:00","dateModified":"2023-12-19T02:05:32+00:00","mainEntityOfPage":{"@id":"https:\/\/acninternational.org\/fr\/le-pape-francois-parle-de-la-liberte-religieuse\/"},"wordCount":826,"publisher":{"@id":"https:\/\/acninternational.org\/fr\/#organization"},"image":{"@id":"https:\/\/acninternational.org\/fr\/le-pape-francois-parle-de-la-liberte-religieuse\/#primaryimage"},"thumbnailUrl":"https:\/\/media.acninternational.org\/wp-content\/uploads\/2023\/01\/grande-10-2.png","articleSection":["Nouvelle"],"inLanguage":"fr-FR"},{"@type":"WebPage","@id":"https:\/\/acninternational.org\/fr\/le-pape-francois-parle-de-la-liberte-religieuse\/","url":"https:\/\/acninternational.org\/fr\/le-pape-francois-parle-de-la-liberte-religieuse\/","name":"Le pape Fran\u00e7ois parle de la libert\u00e9 religieuse | ACN International","isPartOf":{"@id":"https:\/\/acninternational.org\/fr\/#website"},"primaryImageOfPage":{"@id":"https:\/\/acninternational.org\/fr\/le-pape-francois-parle-de-la-liberte-religieuse\/#primaryimage"},"image":{"@id":"https:\/\/acninternational.org\/fr\/le-pape-francois-parle-de-la-liberte-religieuse\/#primaryimage"},"thumbnailUrl":"https:\/\/media.acninternational.org\/wp-content\/uploads\/2023\/01\/grande-10-2.png","datePublished":"2023-01-10T13:46:33+00:00","dateModified":"2023-12-19T02:05:32+00:00","description":"Lors de son discours aux membres du corps diplomatique, le pape Fran\u00e7ois a soulign\u00e9 l'intol\u00e9rance croissante envers les chr\u00e9tiens.","breadcrumb":{"@id":"https:\/\/acninternational.org\/fr\/le-pape-francois-parle-de-la-liberte-religieuse\/#breadcrumb"},"inLanguage":"fr-FR","potentialAction":[{"@type":"ReadAction","target":["https:\/\/acninternational.org\/fr\/le-pape-francois-parle-de-la-liberte-religieuse\/"]}]},{"@type":"ImageObject","inLanguage":"fr-FR","@id":"https:\/\/acninternational.org\/fr\/le-pape-francois-parle-de-la-liberte-religieuse\/#primaryimage","url":"https:\/\/media.acninternational.org\/wp-content\/uploads\/2023\/01\/grande-10-2.png","contentUrl":"https:\/\/media.acninternational.org\/wp-content\/uploads\/2023\/01\/grande-10-2.png","width":2000,"height":625,"caption":"pape Fran\u00e7ois libert\u00e9 religieuse"},{"@type":"BreadcrumbList","@id":"https:\/\/acninternational.org\/fr\/le-pape-francois-parle-de-la-liberte-religieuse\/#breadcrumb","itemListElement":[{"@type":"ListItem","position":1,"name":"Home","item":"https:\/\/acninternational.org\/fr\/"},{"@type":"ListItem","position":2,"name":"Nouvelle","item":"https:\/\/acninternational.org\/fr\/category\/nouvelle\/"},{"@type":"ListItem","position":3,"name":"\u00ab\u00a0Pas de paix sans libert\u00e9 religieuse\u00a0\u00bb affirme le Pape"}]},{"@type":"WebSite","@id":"https:\/\/acninternational.org\/fr\/#website","url":"https:\/\/acninternational.org\/fr\/","name":"ACN International","description":"","publisher":{"@id":"https:\/\/acninternational.org\/fr\/#organization"},"potentialAction":[{"@type":"SearchAction","target":{"@type":"EntryPoint","urlTemplate":"https:\/\/acninternational.org\/fr\/?s={search_term_string}"},"query-input":{"@type":"PropertyValueSpecification","valueRequired":true,"valueName":"search_term_string"}}],"inLanguage":"fr-FR"},{"@type":"Organization","@id":"https:\/\/acninternational.org\/fr\/#organization","name":"Aid to the Church in Need International","url":"https:\/\/acninternational.org\/fr\/","logo":{"@type":"ImageObject","inLanguage":"fr-FR","@id":"https:\/\/acninternational.org\/fr\/#\/schema\/logo\/image\/","url":"https:\/\/media.acninternational.org\/wp-content\/uploads\/2019\/11\/acn_logo_blackvector.svg","contentUrl":"https:\/\/media.acninternational.org\/wp-content\/uploads\/2019\/11\/acn_logo_blackvector.svg","width":232.6,"height":78,"caption":"Aid to the Church in Need International"},"image":{"@id":"https:\/\/acninternational.org\/fr\/#\/schema\/logo\/image\/"},"sameAs":["https:\/\/www.facebook.com\/acninternationalorg","https:\/\/x.com\/acn_int","https:\/\/www.youtube.com\/channel\/UCQ-077gS0TnVzkhHmf1opZw","https:\/\/www.instagram.com\/acn_international\/"]},{"@type":"Person","@id":"https:\/\/acninternational.org\/fr\/#\/schema\/person\/7f3dafb236b242fb2aa46be1411fd703","name":"ACN Press Team","description":"Lorem ipsum dolor sit amet, consectetur adipiscing elit, sed do eiusmod tempor incididunt ut labore et dolore magna aliqua. Ut enim ad minim veniam, quis nostrud exercitation ullamco laboris nisi ut aliquip ex ea commodo consequat.","url":"https:\/\/acninternational.org\/fr\/author\/acn-press-team\/"}]}},"_links":{"self":[{"href":"https:\/\/acninternational.org\/fr\/wp-json\/wp\/v2\/posts\/177621","targetHints":{"allow":["GET"]}}],"collection":[{"href":"https:\/\/acninternational.org\/fr\/wp-json\/wp\/v2\/posts"}],"about":[{"href":"https:\/\/acninternational.org\/fr\/wp-json\/wp\/v2\/types\/post"}],"author":[{"embeddable":true,"href":"https:\/\/acninternational.org\/fr\/wp-json\/wp\/v2\/users\/4258341447"}],"replies":[{"embeddable":true,"href":"https:\/\/acninternational.org\/fr\/wp-json\/wp\/v2\/comments?post=177621"}],"version-history":[{"count":0,"href":"https:\/\/acninternational.org\/fr\/wp-json\/wp\/v2\/posts\/177621\/revisions"}],"wp:featuredmedia":[{"embeddable":true,"href":"https:\/\/acninternational.org\/fr\/wp-json\/wp\/v2\/media\/177519"}],"wp:attachment":[{"href":"https:\/\/acninternational.org\/fr\/wp-json\/wp\/v2\/media?parent=177621"}],"wp:term":[{"taxonomy":"category","embeddable":true,"href":"https:\/\/acninternational.org\/fr\/wp-json\/wp\/v2\/categories?post=177621"},{"taxonomy":"post_tag","embeddable":true,"href":"https:\/\/acninternational.org\/fr\/wp-json\/wp\/v2\/tags?post=177621"},{"taxonomy":"country","embeddable":true,"href":"https:\/\/acninternational.org\/fr\/wp-json\/wp\/v2\/country?post=177621"}],"curies":[{"name":"wp","href":"https:\/\/api.w.org\/{rel}","templated":true}]}}