{"id":177084,"date":"2022-12-20T12:43:06","date_gmt":"2022-12-20T11:43:06","guid":{"rendered":"https:\/\/acninternational.org\/?p=177084"},"modified":"2022-12-20T13:22:19","modified_gmt":"2022-12-20T12:22:19","slug":"sri-lanka-a-noel-laide-aux-pauvres","status":"publish","type":"post","link":"https:\/\/acninternational.org\/fr\/sri-lanka-a-noel-laide-aux-pauvres\/","title":{"rendered":"Embourb\u00e9s dans la crise, les Sri-Lankais se concentreront \u00e0 No\u00ebl sur l\u2019aide aux pauvres"},"content":{"rendered":"<p>Cette ann\u00e9e, pour No\u00ebl, les \u00e9v\u00eaques du Sri Lanka ont demand\u00e9 aux fid\u00e8les d\u2019\u00e9viter les c\u00e9l\u00e9brations somptueuses, compte tenu des difficult\u00e9s auxquelles le pays est confront\u00e9 suite au d\u00e9sastre \u00e9conomique caus\u00e9 par la mauvaise gestion politique.<\/p>\n<p>Ils ont encourag\u00e9 les chr\u00e9tiens \u00e0 ne pas c\u00e9l\u00e9brer de f\u00eates \u00ab somptueuses \u00bb et \u00e0 ne pas engager de d\u00e9penses excessives en cette p\u00e9riode de No\u00ebl, \u00e9tant donn\u00e9 que la plupart des Sri-Lankais souffrent des effets de la grave crise \u00e9conomique qui a balay\u00e9 le pays cette ann\u00e9e.<\/p>\n<figure id=\"attachment_177065\" aria-describedby=\"caption-attachment-177065\" style=\"width: 670px\" class=\"wp-caption alignnone\"><img loading=\"lazy\" decoding=\"async\" class=\"wp-image-177065 size-full\" src=\"https:\/\/media.acninternational.org\/wp-content\/uploads\/2022\/12\/pequena-23.png\" alt=\"sri lanka\" width=\"670\" height=\"400\" srcset=\"https:\/\/media.acninternational.org\/wp-content\/uploads\/2022\/12\/pequena-23.png 670w, https:\/\/media.acninternational.org\/wp-content\/uploads\/2022\/12\/pequena-23-300x179.png 300w\" sizes=\"auto, (max-width: 670px) 100vw, 670px\" \/><figcaption id=\"caption-attachment-177065\" class=\"wp-caption-text\">Le cardinal Malcolm Ranjith distribue du mat\u00e9riel de secours aux pauvres.<\/figcaption><\/figure>\n<p>Dans un message envoy\u00e9 \u00e0 Aid to the Church in Need (ACN), le P\u00e8re Jude Chrysantha Fernando, directeur des communications du dioc\u00e8se de Colombo, confirme que cette demande vient des \u00e9v\u00eaques du pays. \u00ab Notre conf\u00e9rence \u00e9piscopale et notre cardinal ont r\u00e9cemment demand\u00e9 \u00e0 tous les catholiques et non-catholiques de ne pas c\u00e9l\u00e9brer No\u00ebl d\u2019une mani\u00e8re somptueuse, en d\u00e9pensant de l\u2019argent pour des choses inutiles telles que des d\u00e9corations de No\u00ebl et des d\u00eeners luxueux, mais d\u2019utiliser cet argent pour aider les pauvres \u00bb.<\/p>\n<p>Au Sri Lanka, de tels actes de g\u00e9n\u00e9rosit\u00e9 sont particuli\u00e8rement importants en raison de la grave crise \u00e9conomique. La crise est principalement due \u00e0 une mauvaise gestion politique qui a atteint son paroxysme avec la fuite de l\u2019ancien Pr\u00e9sident Gotabaya Rajapaksa du pays.<\/p>\n<p>Apr\u00e8s les difficult\u00e9s caus\u00e9es par la pand\u00e9mie et les confinements qui l\u2019ont accompagn\u00e9e, ce qui a conduit \u00e0 un ch\u00f4mage de masse, les mesures politiques ont aggrav\u00e9 la situation. \u00ab Plus t\u00f4t cette ann\u00e9e, notre ancien Pr\u00e9sident avait interdit les engrais chimiques pour promouvoir les engrais organiques. Les agriculteurs, habitu\u00e9s aux produits chimiques, ne pouvaient pas se le permettre et ont \u00e9t\u00e9 dans l\u2019impossibilit\u00e9 de cultiver leurs rizi\u00e8res. Nous avons d\u00fb importer du riz et les prix ont augment\u00e9 \u00bb.<\/p>\n<figure id=\"attachment_177047\" aria-describedby=\"caption-attachment-177047\" style=\"width: 670px\" class=\"wp-caption alignnone\"><img loading=\"lazy\" decoding=\"async\" class=\"wp-image-177047 size-full\" src=\"https:\/\/media.acninternational.org\/wp-content\/uploads\/2022\/12\/pequena-22.png\" alt=\"sri lanka\" width=\"670\" height=\"400\" srcset=\"https:\/\/media.acninternational.org\/wp-content\/uploads\/2022\/12\/pequena-22.png 670w, https:\/\/media.acninternational.org\/wp-content\/uploads\/2022\/12\/pequena-22-300x179.png 300w\" sizes=\"auto, (max-width: 670px) 100vw, 670px\" \/><figcaption id=\"caption-attachment-177047\" class=\"wp-caption-text\">Foi et pri\u00e8re au Sri Lanka pendant la crise (protestation) d&rsquo;avril 2022.<\/figcaption><\/figure>\n<p>La corruption et la mauvaise gestion ont provoqu\u00e9 un manque de devises, lequel \u00e0 son tour a entra\u00een\u00e9 des coupures d\u2019\u00e9lectricit\u00e9 et un doublement des prix du carburant et de ceux des transports publics. \u00ab Certains jours, les pannes de courant duraient plus de neuf heures, ce qui a gravement affect\u00e9 les entreprises, dont beaucoup ont ferm\u00e9. Le<\/p>\n<p>gouvernement a cess\u00e9 d\u2019importer du gaz, et de nombreuses personnes en appartement n\u2019y ont pas surv\u00e9cu. De plus, \u00e0 cause des p\u00e9nuries de carburant, les bateaux ne pouvaient pas aller p\u00eacher \u00bb. Finalement, l\u2019industrie du tourisme s\u2019est effondr\u00e9e et des centaines de milliers de personnes ont perdu leurs emplois.<\/p>\n<p>Lorsque la monnaie locale s\u2019est effondr\u00e9e et que la nourriture est devenue rare (y compris les produits de base tels que le lait en poudre et les m\u00e9dicaments d\u2019urgence), les gens sont descendus dans la rue pour protester. De nombreux \u00e9v\u00eaques, pr\u00eatres et religieuses ont activement soutenu ces manifestations, et m\u00eame notre cardinal s\u2019est prononc\u00e9 ouvertement en faveur de ces jeunes et s\u2019est rendu sur les lieux des manifestations. Le 9 mai, des gangsters pro-gouvernementaux ont commenc\u00e9 \u00e0 frapper brutalement de jeunes manifestants, et en voyant cela sur les m\u00e9dias sociaux, les habitants des villages ont commenc\u00e9 \u00e0 incendier les maisons des membres du gouvernement \u00bb.<\/p>\n<p>Alors que la situation \u00e9tait d\u00e9j\u00e0 hors de contr\u00f4le, en juillet dernier le Pr\u00e9sident Rajapaksa a fui le pays et a \u00e9t\u00e9 remplac\u00e9 par Ranil Wickremesinghe.<\/p>\n<figure id=\"attachment_177053\" aria-describedby=\"caption-attachment-177053\" style=\"width: 670px\" class=\"wp-caption alignnone\"><img loading=\"lazy\" decoding=\"async\" class=\"wp-image-177053 size-full\" src=\"https:\/\/media.acninternational.org\/wp-content\/uploads\/2022\/12\/pequena-21.png\" alt=\"sri lanka\" width=\"670\" height=\"400\" srcset=\"https:\/\/media.acninternational.org\/wp-content\/uploads\/2022\/12\/pequena-21.png 670w, https:\/\/media.acninternational.org\/wp-content\/uploads\/2022\/12\/pequena-21-300x179.png 300w\" sizes=\"auto, (max-width: 670px) 100vw, 670px\" \/><figcaption id=\"caption-attachment-177053\" class=\"wp-caption-text\">Le P\u00e8re Chrysantha Fernando avec les victimes des attaques du dimanche de P\u00e2ques \u00e0 Colombo.<\/figcaption><\/figure>\n<p>\u00ab Le nouveau Pr\u00e9sident, qui est une personne \u00e9duqu\u00e9e et exp\u00e9riment\u00e9e, fait tout ce qu\u2019il peut pour ramener des devises dans le pays. \u00c0 pr\u00e9sent, les choses s\u2019am\u00e9liorent, mais tr\u00e8s lentement. Il faudra deux ou trois ans pour que le pays revienne \u00e0 la normale \u00bb, explique le P\u00e8re Fernando.<\/p>\n<p>Pendant ce temps, l\u2019\u00c9glise a \u00e9galement \u00e9t\u00e9 profond\u00e9ment touch\u00e9e par la crise. \u00ab Nous avons un syst\u00e8me de contributions mensuelles, mais pendant la pand\u00e9mie, les pr\u00eatres ne les ont pas collect\u00e9es parce qu\u2019ils savaient que les paroissiens traversaient de graves difficult\u00e9s. Avec la hausse des prix, les d\u00e9penses ont doubl\u00e9 tandis que les revenus stagnaient, si bien que nos pr\u00eatres ont du mal \u00e0 g\u00e9rer les paroisses. Cependant, les pr\u00eatres font tout ce qui est en leur pouvoir pour aider ceux qui sont dans le besoin \u00bb.<\/p>\n<p>La Fondation internationale ACN a fourni une aide d\u2019urgence \u00e0 l\u2019\u00c9glise sri-lankaise. \u00ab Notre Caritas aide \u00e9galement les paroisses pauvres avec l\u2019argent fourni par des organisations caritatives \u00e9trang\u00e8res comme ACN , y compris les offrandes de messe. En tant que dioc\u00e8se, nous sommes tr\u00e8s reconnaissants \u00e0 l\u2019\u00e9gard d\u2019ACN de nous aider, nous et nos pr\u00eatres \u00bb, d\u00e9clare le P\u00e8re Fernando.<\/p>\n","protected":false},"excerpt":{"rendered":"<p>Les \u00e9v\u00eaques du Sri Lanka ont demand\u00e9 aux fid\u00e8les d&rsquo;\u00e9viter les c\u00e9l\u00e9brations somptueuses \u00e0 No\u00ebl, alors que le pays est confront\u00e9 \u00e0 la pauvret\u00e9<\/p>\n","protected":false},"author":4258341447,"featured_media":177072,"comment_status":"closed","ping_status":"closed","sticky":false,"template":"","format":"standard","meta":{"_acf_changed":false,"_acn_coauthor_ids":[],"_acn_featured_article":false,"footnotes":""},"categories":[962],"tags":[],"country":[131],"class_list":["post-177084","post","type-post","status-publish","format-standard","has-post-thumbnail","hentry","category-news-fr","country-sri-lanka"],"acn_coauthors":[],"acf":[],"yoast_head":"<!-- This site is optimized with the Yoast SEO Premium plugin v27.5 (Yoast SEO v27.5) - https:\/\/yoast.com\/product\/yoast-seo-premium-wordpress\/ -->\n<title>Sri-Lanka: \u00e0 No\u00ebl l\u2019aide aux pauvres | ACN International<\/title>\n<meta name=\"description\" content=\"Les \u00e9v\u00eaques du Sri Lanka ont demand\u00e9 aux fid\u00e8les d&#039;\u00e9viter les c\u00e9l\u00e9brations somptueuses \u00e0 No\u00ebl, alors que le pays est confront\u00e9 \u00e0 la pauvret\u00e9.\" \/>\n<meta name=\"robots\" content=\"index, follow, max-snippet:-1, max-image-preview:large, max-video-preview:-1\" \/>\n<link rel=\"canonical\" href=\"https:\/\/acninternational.org\/fr\/sri-lanka-a-noel-laide-aux-pauvres\/\" \/>\n<meta property=\"og:locale\" content=\"fr_FR\" \/>\n<meta property=\"og:type\" content=\"article\" \/>\n<meta property=\"og:title\" content=\"Sri-Lanka: \u00e0 No\u00ebl l\u2019aide aux pauvres\" \/>\n<meta property=\"og:description\" content=\"Les \u00e9v\u00eaques du Sri Lanka ont demand\u00e9 aux fid\u00e8les d&#039;\u00e9viter les c\u00e9l\u00e9brations somptueuses \u00e0 No\u00ebl, alors que le pays est confront\u00e9 \u00e0 la pauvret\u00e9.\" \/>\n<meta property=\"og:url\" content=\"https:\/\/acninternational.org\/fr\/sri-lanka-a-noel-laide-aux-pauvres\/\" \/>\n<meta property=\"og:site_name\" content=\"ACN International\" \/>\n<meta property=\"article:publisher\" content=\"https:\/\/www.facebook.com\/acninternationalorg\" \/>\n<meta property=\"article:published_time\" content=\"2022-12-20T11:43:06+00:00\" \/>\n<meta property=\"article:modified_time\" content=\"2022-12-20T12:22:19+00:00\" \/>\n<meta property=\"og:image\" content=\"https:\/\/media.acninternational.org\/wp-content\/uploads\/2022\/12\/grande-11-2.png\" \/>\n\t<meta property=\"og:image:width\" content=\"2000\" \/>\n\t<meta property=\"og:image:height\" content=\"625\" \/>\n\t<meta property=\"og:image:type\" content=\"image\/png\" \/>\n<meta name=\"author\" content=\"ACN Press Team\" \/>\n<meta name=\"twitter:card\" content=\"summary_large_image\" \/>\n<meta name=\"twitter:title\" content=\"Sri-Lanka: \u00e0 No\u00ebl l\u2019aide aux pauvres\" \/>\n<meta name=\"twitter:description\" content=\"Les \u00e9v\u00eaques du Sri Lanka ont demand\u00e9 aux fid\u00e8les d&#039;\u00e9viter les c\u00e9l\u00e9brations somptueuses \u00e0 No\u00ebl, alors que le pays est confront\u00e9 \u00e0 la pauvret\u00e9.\" \/>\n<meta name=\"twitter:creator\" content=\"@acn_int\" \/>\n<meta name=\"twitter:site\" content=\"@acn_int\" \/>\n<meta name=\"twitter:label1\" content=\"\u00c9crit par\" \/>\n\t<meta name=\"twitter:data1\" content=\"ACN Press Team\" \/>\n\t<meta name=\"twitter:label2\" content=\"Dur\u00e9e de lecture estim\u00e9e\" \/>\n\t<meta name=\"twitter:data2\" content=\"4 minutes\" \/>\n<script type=\"application\/ld+json\" class=\"yoast-schema-graph\">{\"@context\":\"https:\\\/\\\/schema.org\",\"@graph\":[{\"@type\":\"Article\",\"@id\":\"https:\\\/\\\/acninternational.org\\\/fr\\\/sri-lanka-a-noel-laide-aux-pauvres\\\/#article\",\"isPartOf\":{\"@id\":\"https:\\\/\\\/acninternational.org\\\/fr\\\/sri-lanka-a-noel-laide-aux-pauvres\\\/\"},\"author\":{\"name\":\"ACN Press Team\",\"@id\":\"https:\\\/\\\/acninternational.org\\\/fr\\\/#\\\/schema\\\/person\\\/7f3dafb236b242fb2aa46be1411fd703\"},\"headline\":\"Embourb\u00e9s dans la crise, les Sri-Lankais se concentreront \u00e0 No\u00ebl sur l\u2019aide aux pauvres\",\"datePublished\":\"2022-12-20T11:43:06+00:00\",\"dateModified\":\"2022-12-20T12:22:19+00:00\",\"mainEntityOfPage\":{\"@id\":\"https:\\\/\\\/acninternational.org\\\/fr\\\/sri-lanka-a-noel-laide-aux-pauvres\\\/\"},\"wordCount\":882,\"publisher\":{\"@id\":\"https:\\\/\\\/acninternational.org\\\/fr\\\/#organization\"},\"image\":{\"@id\":\"https:\\\/\\\/acninternational.org\\\/fr\\\/sri-lanka-a-noel-laide-aux-pauvres\\\/#primaryimage\"},\"thumbnailUrl\":\"https:\\\/\\\/media.acninternational.org\\\/wp-content\\\/uploads\\\/2022\\\/12\\\/grande-11-2.png\",\"articleSection\":[\"Nouvelles\"],\"inLanguage\":\"fr-FR\"},{\"@type\":\"WebPage\",\"@id\":\"https:\\\/\\\/acninternational.org\\\/fr\\\/sri-lanka-a-noel-laide-aux-pauvres\\\/\",\"url\":\"https:\\\/\\\/acninternational.org\\\/fr\\\/sri-lanka-a-noel-laide-aux-pauvres\\\/\",\"name\":\"Sri-Lanka: \u00e0 No\u00ebl l\u2019aide aux pauvres | ACN International\",\"isPartOf\":{\"@id\":\"https:\\\/\\\/acninternational.org\\\/fr\\\/#website\"},\"primaryImageOfPage\":{\"@id\":\"https:\\\/\\\/acninternational.org\\\/fr\\\/sri-lanka-a-noel-laide-aux-pauvres\\\/#primaryimage\"},\"image\":{\"@id\":\"https:\\\/\\\/acninternational.org\\\/fr\\\/sri-lanka-a-noel-laide-aux-pauvres\\\/#primaryimage\"},\"thumbnailUrl\":\"https:\\\/\\\/media.acninternational.org\\\/wp-content\\\/uploads\\\/2022\\\/12\\\/grande-11-2.png\",\"datePublished\":\"2022-12-20T11:43:06+00:00\",\"dateModified\":\"2022-12-20T12:22:19+00:00\",\"description\":\"Les \u00e9v\u00eaques du Sri Lanka ont demand\u00e9 aux fid\u00e8les d'\u00e9viter les c\u00e9l\u00e9brations somptueuses \u00e0 No\u00ebl, alors que le pays est confront\u00e9 \u00e0 la pauvret\u00e9.\",\"breadcrumb\":{\"@id\":\"https:\\\/\\\/acninternational.org\\\/fr\\\/sri-lanka-a-noel-laide-aux-pauvres\\\/#breadcrumb\"},\"inLanguage\":\"fr-FR\",\"potentialAction\":[{\"@type\":\"ReadAction\",\"target\":[\"https:\\\/\\\/acninternational.org\\\/fr\\\/sri-lanka-a-noel-laide-aux-pauvres\\\/\"]}]},{\"@type\":\"ImageObject\",\"inLanguage\":\"fr-FR\",\"@id\":\"https:\\\/\\\/acninternational.org\\\/fr\\\/sri-lanka-a-noel-laide-aux-pauvres\\\/#primaryimage\",\"url\":\"https:\\\/\\\/media.acninternational.org\\\/wp-content\\\/uploads\\\/2022\\\/12\\\/grande-11-2.png\",\"contentUrl\":\"https:\\\/\\\/media.acninternational.org\\\/wp-content\\\/uploads\\\/2022\\\/12\\\/grande-11-2.png\",\"width\":2000,\"height\":625,\"caption\":\"sri lanka\"},{\"@type\":\"BreadcrumbList\",\"@id\":\"https:\\\/\\\/acninternational.org\\\/fr\\\/sri-lanka-a-noel-laide-aux-pauvres\\\/#breadcrumb\",\"itemListElement\":[{\"@type\":\"ListItem\",\"position\":1,\"name\":\"Home\",\"item\":\"https:\\\/\\\/acninternational.org\\\/fr\\\/\"},{\"@type\":\"ListItem\",\"position\":2,\"name\":\"Nouvelles\",\"item\":\"https:\\\/\\\/acninternational.org\\\/fr\\\/category\\\/news-fr\\\/\"},{\"@type\":\"ListItem\",\"position\":3,\"name\":\"Embourb\u00e9s dans la crise, les Sri-Lankais se concentreront \u00e0 No\u00ebl sur l\u2019aide aux pauvres\"}]},{\"@type\":\"WebSite\",\"@id\":\"https:\\\/\\\/acninternational.org\\\/fr\\\/#website\",\"url\":\"https:\\\/\\\/acninternational.org\\\/fr\\\/\",\"name\":\"ACN International\",\"description\":\"\",\"publisher\":{\"@id\":\"https:\\\/\\\/acninternational.org\\\/fr\\\/#organization\"},\"potentialAction\":[{\"@type\":\"SearchAction\",\"target\":{\"@type\":\"EntryPoint\",\"urlTemplate\":\"https:\\\/\\\/acninternational.org\\\/fr\\\/?s={search_term_string}\"},\"query-input\":{\"@type\":\"PropertyValueSpecification\",\"valueRequired\":true,\"valueName\":\"search_term_string\"}}],\"inLanguage\":\"fr-FR\"},{\"@type\":\"Organization\",\"@id\":\"https:\\\/\\\/acninternational.org\\\/fr\\\/#organization\",\"name\":\"Aid to the Church in Need International\",\"url\":\"https:\\\/\\\/acninternational.org\\\/fr\\\/\",\"logo\":{\"@type\":\"ImageObject\",\"inLanguage\":\"fr-FR\",\"@id\":\"https:\\\/\\\/acninternational.org\\\/fr\\\/#\\\/schema\\\/logo\\\/image\\\/\",\"url\":\"https:\\\/\\\/media.acninternational.org\\\/wp-content\\\/uploads\\\/2019\\\/11\\\/acn_logo_blackvector.svg\",\"contentUrl\":\"https:\\\/\\\/media.acninternational.org\\\/wp-content\\\/uploads\\\/2019\\\/11\\\/acn_logo_blackvector.svg\",\"width\":232.6,\"height\":78,\"caption\":\"Aid to the Church in Need International\"},\"image\":{\"@id\":\"https:\\\/\\\/acninternational.org\\\/fr\\\/#\\\/schema\\\/logo\\\/image\\\/\"},\"sameAs\":[\"https:\\\/\\\/www.facebook.com\\\/acninternationalorg\",\"https:\\\/\\\/x.com\\\/acn_int\",\"https:\\\/\\\/www.youtube.com\\\/channel\\\/UCQ-077gS0TnVzkhHmf1opZw\",\"https:\\\/\\\/www.instagram.com\\\/acn_international\\\/\"]},{\"@type\":\"Person\",\"@id\":\"https:\\\/\\\/acninternational.org\\\/fr\\\/#\\\/schema\\\/person\\\/7f3dafb236b242fb2aa46be1411fd703\",\"name\":\"ACN Press Team\",\"description\":\"Lorem ipsum dolor sit amet, consectetur adipiscing elit, sed do eiusmod tempor incididunt ut labore et dolore magna aliqua. Ut enim ad minim veniam, quis nostrud exercitation ullamco laboris nisi ut aliquip ex ea commodo consequat.\",\"url\":\"https:\\\/\\\/acninternational.org\\\/fr\\\/author\\\/acn-press-team\\\/\"}]}<\/script>\n<!-- \/ Yoast SEO Premium plugin. -->","yoast_head_json":{"title":"Sri-Lanka: \u00e0 No\u00ebl l\u2019aide aux pauvres | ACN International","description":"Les \u00e9v\u00eaques du Sri Lanka ont demand\u00e9 aux fid\u00e8les d'\u00e9viter les c\u00e9l\u00e9brations somptueuses \u00e0 No\u00ebl, alors que le pays est confront\u00e9 \u00e0 la pauvret\u00e9.","robots":{"index":"index","follow":"follow","max-snippet":"max-snippet:-1","max-image-preview":"max-image-preview:large","max-video-preview":"max-video-preview:-1"},"canonical":"https:\/\/acninternational.org\/fr\/sri-lanka-a-noel-laide-aux-pauvres\/","og_locale":"fr_FR","og_type":"article","og_title":"Sri-Lanka: \u00e0 No\u00ebl l\u2019aide aux pauvres","og_description":"Les \u00e9v\u00eaques du Sri Lanka ont demand\u00e9 aux fid\u00e8les d'\u00e9viter les c\u00e9l\u00e9brations somptueuses \u00e0 No\u00ebl, alors que le pays est confront\u00e9 \u00e0 la pauvret\u00e9.","og_url":"https:\/\/acninternational.org\/fr\/sri-lanka-a-noel-laide-aux-pauvres\/","og_site_name":"ACN International","article_publisher":"https:\/\/www.facebook.com\/acninternationalorg","article_published_time":"2022-12-20T11:43:06+00:00","article_modified_time":"2022-12-20T12:22:19+00:00","og_image":[{"width":2000,"height":625,"url":"https:\/\/media.acninternational.org\/wp-content\/uploads\/2022\/12\/grande-11-2.png","type":"image\/png"}],"author":"ACN Press Team","twitter_card":"summary_large_image","twitter_title":"Sri-Lanka: \u00e0 No\u00ebl l\u2019aide aux pauvres","twitter_description":"Les \u00e9v\u00eaques du Sri Lanka ont demand\u00e9 aux fid\u00e8les d'\u00e9viter les c\u00e9l\u00e9brations somptueuses \u00e0 No\u00ebl, alors que le pays est confront\u00e9 \u00e0 la pauvret\u00e9.","twitter_creator":"@acn_int","twitter_site":"@acn_int","twitter_misc":{"\u00c9crit par":"ACN Press Team","Dur\u00e9e de lecture estim\u00e9e":"4 minutes"},"schema":{"@context":"https:\/\/schema.org","@graph":[{"@type":"Article","@id":"https:\/\/acninternational.org\/fr\/sri-lanka-a-noel-laide-aux-pauvres\/#article","isPartOf":{"@id":"https:\/\/acninternational.org\/fr\/sri-lanka-a-noel-laide-aux-pauvres\/"},"author":{"name":"ACN Press Team","@id":"https:\/\/acninternational.org\/fr\/#\/schema\/person\/7f3dafb236b242fb2aa46be1411fd703"},"headline":"Embourb\u00e9s dans la crise, les Sri-Lankais se concentreront \u00e0 No\u00ebl sur l\u2019aide aux pauvres","datePublished":"2022-12-20T11:43:06+00:00","dateModified":"2022-12-20T12:22:19+00:00","mainEntityOfPage":{"@id":"https:\/\/acninternational.org\/fr\/sri-lanka-a-noel-laide-aux-pauvres\/"},"wordCount":882,"publisher":{"@id":"https:\/\/acninternational.org\/fr\/#organization"},"image":{"@id":"https:\/\/acninternational.org\/fr\/sri-lanka-a-noel-laide-aux-pauvres\/#primaryimage"},"thumbnailUrl":"https:\/\/media.acninternational.org\/wp-content\/uploads\/2022\/12\/grande-11-2.png","articleSection":["Nouvelles"],"inLanguage":"fr-FR"},{"@type":"WebPage","@id":"https:\/\/acninternational.org\/fr\/sri-lanka-a-noel-laide-aux-pauvres\/","url":"https:\/\/acninternational.org\/fr\/sri-lanka-a-noel-laide-aux-pauvres\/","name":"Sri-Lanka: \u00e0 No\u00ebl l\u2019aide aux pauvres | ACN International","isPartOf":{"@id":"https:\/\/acninternational.org\/fr\/#website"},"primaryImageOfPage":{"@id":"https:\/\/acninternational.org\/fr\/sri-lanka-a-noel-laide-aux-pauvres\/#primaryimage"},"image":{"@id":"https:\/\/acninternational.org\/fr\/sri-lanka-a-noel-laide-aux-pauvres\/#primaryimage"},"thumbnailUrl":"https:\/\/media.acninternational.org\/wp-content\/uploads\/2022\/12\/grande-11-2.png","datePublished":"2022-12-20T11:43:06+00:00","dateModified":"2022-12-20T12:22:19+00:00","description":"Les \u00e9v\u00eaques du Sri Lanka ont demand\u00e9 aux fid\u00e8les d'\u00e9viter les c\u00e9l\u00e9brations somptueuses \u00e0 No\u00ebl, alors que le pays est confront\u00e9 \u00e0 la pauvret\u00e9.","breadcrumb":{"@id":"https:\/\/acninternational.org\/fr\/sri-lanka-a-noel-laide-aux-pauvres\/#breadcrumb"},"inLanguage":"fr-FR","potentialAction":[{"@type":"ReadAction","target":["https:\/\/acninternational.org\/fr\/sri-lanka-a-noel-laide-aux-pauvres\/"]}]},{"@type":"ImageObject","inLanguage":"fr-FR","@id":"https:\/\/acninternational.org\/fr\/sri-lanka-a-noel-laide-aux-pauvres\/#primaryimage","url":"https:\/\/media.acninternational.org\/wp-content\/uploads\/2022\/12\/grande-11-2.png","contentUrl":"https:\/\/media.acninternational.org\/wp-content\/uploads\/2022\/12\/grande-11-2.png","width":2000,"height":625,"caption":"sri lanka"},{"@type":"BreadcrumbList","@id":"https:\/\/acninternational.org\/fr\/sri-lanka-a-noel-laide-aux-pauvres\/#breadcrumb","itemListElement":[{"@type":"ListItem","position":1,"name":"Home","item":"https:\/\/acninternational.org\/fr\/"},{"@type":"ListItem","position":2,"name":"Nouvelles","item":"https:\/\/acninternational.org\/fr\/category\/news-fr\/"},{"@type":"ListItem","position":3,"name":"Embourb\u00e9s dans la crise, les Sri-Lankais se concentreront \u00e0 No\u00ebl sur l\u2019aide aux pauvres"}]},{"@type":"WebSite","@id":"https:\/\/acninternational.org\/fr\/#website","url":"https:\/\/acninternational.org\/fr\/","name":"ACN International","description":"","publisher":{"@id":"https:\/\/acninternational.org\/fr\/#organization"},"potentialAction":[{"@type":"SearchAction","target":{"@type":"EntryPoint","urlTemplate":"https:\/\/acninternational.org\/fr\/?s={search_term_string}"},"query-input":{"@type":"PropertyValueSpecification","valueRequired":true,"valueName":"search_term_string"}}],"inLanguage":"fr-FR"},{"@type":"Organization","@id":"https:\/\/acninternational.org\/fr\/#organization","name":"Aid to the Church in Need International","url":"https:\/\/acninternational.org\/fr\/","logo":{"@type":"ImageObject","inLanguage":"fr-FR","@id":"https:\/\/acninternational.org\/fr\/#\/schema\/logo\/image\/","url":"https:\/\/media.acninternational.org\/wp-content\/uploads\/2019\/11\/acn_logo_blackvector.svg","contentUrl":"https:\/\/media.acninternational.org\/wp-content\/uploads\/2019\/11\/acn_logo_blackvector.svg","width":232.6,"height":78,"caption":"Aid to the Church in Need International"},"image":{"@id":"https:\/\/acninternational.org\/fr\/#\/schema\/logo\/image\/"},"sameAs":["https:\/\/www.facebook.com\/acninternationalorg","https:\/\/x.com\/acn_int","https:\/\/www.youtube.com\/channel\/UCQ-077gS0TnVzkhHmf1opZw","https:\/\/www.instagram.com\/acn_international\/"]},{"@type":"Person","@id":"https:\/\/acninternational.org\/fr\/#\/schema\/person\/7f3dafb236b242fb2aa46be1411fd703","name":"ACN Press Team","description":"Lorem ipsum dolor sit amet, consectetur adipiscing elit, sed do eiusmod tempor incididunt ut labore et dolore magna aliqua. Ut enim ad minim veniam, quis nostrud exercitation ullamco laboris nisi ut aliquip ex ea commodo consequat.","url":"https:\/\/acninternational.org\/fr\/author\/acn-press-team\/"}]}},"_links":{"self":[{"href":"https:\/\/acninternational.org\/fr\/wp-json\/wp\/v2\/posts\/177084","targetHints":{"allow":["GET"]}}],"collection":[{"href":"https:\/\/acninternational.org\/fr\/wp-json\/wp\/v2\/posts"}],"about":[{"href":"https:\/\/acninternational.org\/fr\/wp-json\/wp\/v2\/types\/post"}],"author":[{"embeddable":true,"href":"https:\/\/acninternational.org\/fr\/wp-json\/wp\/v2\/users\/4258341447"}],"replies":[{"embeddable":true,"href":"https:\/\/acninternational.org\/fr\/wp-json\/wp\/v2\/comments?post=177084"}],"version-history":[{"count":0,"href":"https:\/\/acninternational.org\/fr\/wp-json\/wp\/v2\/posts\/177084\/revisions"}],"wp:featuredmedia":[{"embeddable":true,"href":"https:\/\/acninternational.org\/fr\/wp-json\/wp\/v2\/media\/177072"}],"wp:attachment":[{"href":"https:\/\/acninternational.org\/fr\/wp-json\/wp\/v2\/media?parent=177084"}],"wp:term":[{"taxonomy":"category","embeddable":true,"href":"https:\/\/acninternational.org\/fr\/wp-json\/wp\/v2\/categories?post=177084"},{"taxonomy":"post_tag","embeddable":true,"href":"https:\/\/acninternational.org\/fr\/wp-json\/wp\/v2\/tags?post=177084"},{"taxonomy":"country","embeddable":true,"href":"https:\/\/acninternational.org\/fr\/wp-json\/wp\/v2\/country?post=177084"}],"curies":[{"name":"wp","href":"https:\/\/api.w.org\/{rel}","templated":true}]}}