{"id":175532,"date":"2022-10-28T10:33:01","date_gmt":"2022-10-28T08:33:01","guid":{"rendered":"https:\/\/acninternational.org\/?p=175532"},"modified":"2022-10-28T11:41:06","modified_gmt":"2022-10-28T09:41:06","slug":"le-pape-francois-se-rend-au-bahrein","status":"publish","type":"post","link":"https:\/\/acninternational.org\/fr\/le-pape-francois-se-rend-au-bahrein\/","title":{"rendered":"Mgr Hinder : \u00ab Si les deux grandes religions monoth\u00e9istes ne parviennent pas \u00e0 trouver une forme d&rsquo;entente, alors le monde est en danger \u00bb"},"content":{"rendered":"<p><em>Mgr Paul Hinder, \u00e9v\u00eaque responsable de l\u2019\u00c9glise en Arabie du Nord, affirme que le pape, lors de son voyage \u00e0 Bahre\u00efn la semaine prochaine, sera accueilli par une communaut\u00e9 catholique tr\u00e8s vivante compos\u00e9e principalement de travailleurs migrants.<\/em><\/p>\n<p>Le pape Fran\u00e7ois se rendra \u00e0 Bahre\u00efn du 3 au 6 novembre pour rencontrer la population chr\u00e9tienne locale, mais, selon Mgr Paul Hinder, l\u2019actuel administrateur apostolique pour l\u2019Arabie du Nord et expert des questions interreligieuses, le but principal du voyage papal est de d\u00e9velopper davantage le dialogue avec le monde musulman.<\/p>\n<p>Lors d\u2019une conf\u00e9rence organis\u00e9e par Aid to the Church in Need (ACN), l\u2019\u00e9v\u00eaque capucin d\u2019origine suisse, a soulign\u00e9 que cette visite, au cours de laquelle Fran\u00e7ois participera au \u00ab Forum de Bahre\u00efn pour le dialogue \u00bb, doit \u00eatre consid\u00e9r\u00e9e comme la continuit\u00e9 des voyages pr\u00e9c\u00e9dents du Saint-P\u00e8re dans d\u2019autres pays \u00e0 majorit\u00e9 musulmane. \u00ab Le pape n\u2019invente rien de nouveau ; il y a une continuit\u00e9 dans la politique de son pr\u00e9c\u00e9dent voyage \u00e0 Abu Dhabi. Il a d\u00e9j\u00e0 visit\u00e9 plusieurs pays musulmans, toujours avec le m\u00eame objectif : trouver une plate-forme o\u00f9, sans compromettre nos croyances, nous pouvons former des communaut\u00e9s constructives et positives pour b\u00e2tir l\u2019avenir et contribuer \u00e0 sauver le monde \u00bb, a d\u00e9clar\u00e9 le capucin.<\/p>\n<p>Pour l\u2019administrateur apostolique du vicariat de l\u2019\u00c9glise catholique en Arabie du Nord, les chr\u00e9tiens et les musulmans veulent une conversation ouverte et honn\u00eate qui respecte les diff\u00e9rences. \u00ab Le dialogue sur le plan intellectuel ou th\u00e9ologique n\u2019est pas facile, car il est difficile de trouver un langage commun. Comment aller de l\u2019avant et cr\u00e9er une base sans renoncer \u00e0 son identit\u00e9 ? Personne n\u2019est int\u00e9ress\u00e9 par une synth\u00e8se \u00e0 moiti\u00e9 musulmane, \u00e0 moiti\u00e9 chr\u00e9tienne. Nous voulons rester fid\u00e8les \u00e0 nos traditions, mais nous pouvons faire davantage pour r\u00e9pondre aux questions vitales qui touchent toute l\u2019humanit\u00e9. Et nous le faisons en tant que croyants en un seul Dieu, le cr\u00e9ateur du ciel et de la terre, envers qui nous sommes tous responsables, que nous soyons musulmans ou chr\u00e9tiens. \u00bb<\/p>\n<figure id=\"attachment_175511\" aria-describedby=\"caption-attachment-175511\" style=\"width: 670px\" class=\"wp-caption alignnone\"><img loading=\"lazy\" decoding=\"async\" class=\"wp-image-175511 size-full\" src=\"https:\/\/media.acninternational.org\/wp-content\/uploads\/2022\/10\/pequena-19.png\" alt=\"\u00c9v\u00eaque Paul Hinder \" width=\"670\" height=\"400\" srcset=\"https:\/\/media.acninternational.org\/wp-content\/uploads\/2022\/10\/pequena-19.png 670w, https:\/\/media.acninternational.org\/wp-content\/uploads\/2022\/10\/pequena-19-300x179.png 300w\" sizes=\"auto, (max-width: 670px) 100vw, 670px\" \/><figcaption id=\"caption-attachment-175511\" class=\"wp-caption-text\">\u00c9v\u00eaque Paul Hinder<\/figcaption><\/figure>\n<h4>B\u00e2tisseurs de ponts<\/h4>\n<p>Tout en soulignant que les r\u00e9sultats finaux \u00ab ne d\u00e9pendent bien s\u00fbr pas de nous, mais de Dieu \u00bb, l\u2019\u00e9v\u00eaque estime que \u00ab si les deux grandes religions monoth\u00e9istes ne parviennent pas \u00e0 trouver une forme d\u2019entente, alors le monde est en danger. Nous devons faire partie de la solution et non des probl\u00e8mes qui affectent de nombreuses r\u00e9gions du monde. Le pape ne se lasse jamais de b\u00e2tir des ponts l\u00e0 o\u00f9 les gens ont cess\u00e9 de se parler. \u00bb<\/p>\n<p>Dans la r\u00e9alit\u00e9 complexe de la r\u00e9gion du Golfe, Bahre\u00efn occupe une place particuli\u00e8re. Les musulmans repr\u00e9sentent 70 % de la population, majoritairement chiites, mais la famille royale au pouvoir est sunnite. \u00c0 eux s\u2019ajoutent d\u2019importantes communaut\u00e9s qui appartiennent \u00e0 d\u2019autres religions, notamment les chr\u00e9tiens (14 %) et les hindous (10 %), surtout des immigr\u00e9s qui n\u2019ont pas la citoyennet\u00e9 bahre\u00efnienne. Pour cette raison, le pays est habitu\u00e9 \u00e0 la diff\u00e9rence et a beaucoup investi dans la promotion de la compr\u00e9hension. Mgr Hinder s\u2019attend \u00e0 ce que<\/p>\n<p>Fran\u00e7ois encourage cette d\u00e9marche :\u00ab Le Saint-P\u00e8re demandera probablement au roi de continuer \u00e0 b\u00e2tir des ponts dans la r\u00e9gion, car religieusement et id\u00e9ologiquement, Bahre\u00efn se situe entre l\u2019Arabie saoudite et l\u2019Iran, les deux grandes puissances du Moyen-Orient, et il peut jouer un r\u00f4le sp\u00e9cial en tant que b\u00e2tisseur de ponts, et je m\u2019attends que le pape encourage les Bahre\u00efniens \u00e0 rester fid\u00e8les \u00e0 ce r\u00f4le. \u00bb<\/p>\n<h4>28 000 chr\u00e9tiens participeront \u00e0 la messe de cl\u00f4ture<\/h4>\n<p>Le pape Fran\u00e7ois rencontrera \u00e9galement la communaut\u00e9 catholique \u00e0 Bahre\u00efn et de nombreux fid\u00e8les devraient venir des pays voisins.<\/p>\n<p>Bien qu\u2019il existe une tr\u00e8s petite communaut\u00e9 chr\u00e9tienne indig\u00e8ne, la grande majorit\u00e9 des 80 000 catholiques de ce royaume insulaire sont des travailleurs migrants originaires de pays tels que l\u2019Inde, le Sri Lanka et les Philippines. Le pape doit s\u2019attendre \u00e0 rencontrer une foule enthousiaste, dit Mgr Paul Hinder. \u00ab Le point culminant sera la messe de cl\u00f4ture au stade national, car connaissant notre peuple, ce sera une messe tr\u00e8s festive. Environ 28 000 personnes rempliront le stade, dont au moins deux mille viendront d\u2019Arabie saoudite \u00bb.<\/p>\n<p>Si l\u2019Arabie saoudite voisine est connue dans le monde entier pour son manque de libert\u00e9 religieuse, ce n\u2019est pas le cas de l\u2019archipel de Bahre\u00efn, o\u00f9 les diff\u00e9rentes confessions chr\u00e9tiennes sont autoris\u00e9es \u00e0 construire leurs propres \u00e9glises. Le roi a m\u00eame offert un terrain pour construire Notre-Dame d\u2019Arabie, la plus grande cath\u00e9drale de la r\u00e9gion du Golfe, \u00e9rig\u00e9e avec le soutien des bienfaiteurs de ACN. Les chr\u00e9tiens font usage de cette libert\u00e9, dit l\u2019\u00e9v\u00eaque. \u00ab Une partie de la beaut\u00e9 du minist\u00e8re ici, c\u2019est que les chr\u00e9tiens sont engag\u00e9s. Il n\u2019est pas n\u00e9cessaire de les supplier de venir \u00e0 la messe ; au contraire, notre principal probl\u00e8me est le manque d\u2019espace. Cela nous donne satisfaction et joie. Les fid\u00e8les m\u2019ont soutenu toutes ces ann\u00e9es et leur foi a renforc\u00e9 la mienne \u00bb, dit l\u2019\u00e9v\u00eaque qui travaille dans la r\u00e9gion depuis plus de 18 ans.<\/p>\n<figure id=\"attachment_175523\" aria-describedby=\"caption-attachment-175523\" style=\"width: 670px\" class=\"wp-caption alignnone\"><img loading=\"lazy\" decoding=\"async\" class=\"wp-image-175523 size-full\" src=\"https:\/\/media.acninternational.org\/wp-content\/uploads\/2022\/10\/pequena-20.png\" alt=\"Catholiques au Bahre\u00efn\" width=\"670\" height=\"400\" srcset=\"https:\/\/media.acninternational.org\/wp-content\/uploads\/2022\/10\/pequena-20.png 670w, https:\/\/media.acninternational.org\/wp-content\/uploads\/2022\/10\/pequena-20-300x179.png 300w\" sizes=\"auto, (max-width: 670px) 100vw, 670px\" \/><figcaption id=\"caption-attachment-175523\" class=\"wp-caption-text\">Sainte messe et b\u00e9n\u00e9diction de la premi\u00e8re pierre de la cath\u00e9drale de Notre-Dame d&rsquo;Arabie<\/figcaption><\/figure>\n<h4>La vie difficile des travailleurs et de leurs familles<\/h4>\n<p>Cependant, il y a des difficult\u00e9s. \u00ab En g\u00e9n\u00e9ral, nos gens ne sont pas citoyens du pays, ce qui signifie que lorsqu\u2019ils perdent leur emploi, ils doivent quitter le pays. Des centaines de milliers de personnes ont perdu leur emploi \u00e0 cause de la Covid, et il semble que cela pourrait se poursuivre. Il y a donc de l\u2019ins\u00e9curit\u00e9, car ces personnes ont toujours des familles qui d\u00e9pendent d\u2019elles, soit dans le Golfe, soit dans leur pays d\u2019origine. Les familles s\u00e9par\u00e9es constituent aussi un d\u00e9fi pour le travail pastoral. \u00bb<\/p>\n<p>Bien que les pays du Golfe soient connus pour leur immense richesse, cela ne signifie pas que les travailleurs ordinaires, ou les \u00e9glises, vivent dans le confort. Dans la r\u00e9gion, les travailleurs sont tr\u00e8s exploit\u00e9s et subissent souvent de mauvais traitements. \u00ab Les structures de l\u2019\u00c9glise sont relativement pauvres compar\u00e9es \u00e0 celles d\u2019autres pays. Mais il y a une solidarit\u00e9 dans l\u2019\u00c9glise, les pauvres sont souvent aussi g\u00e9n\u00e9reux qu\u2019ils le peuvent, et avec le grand nombre de fid\u00e8les, les contributions sont bonnes, m\u00eame si elles ne sont peut-\u00eatre pas suffisantes. La plupart des constructions d&rsquo;\u00e9glises dans le vicariat ont \u00e9t\u00e9 financ\u00e9es par les fid\u00e8les locaux. Je suis reconnaissant envers les gens, parce qu\u2019ils font ce qu\u2019ils peuvent \u00bb, a d\u00e9clar\u00e9 l\u2019\u00e9v\u00eaque suisse lors de la conf\u00e9rence.<\/p>\n<p>Dans ces pays, le soutien officiel est tr\u00e8s rare ou inexistant, c\u2019est pourquoi l\u2019\u00e9v\u00eaque souligne l\u2019importance de l\u2019aide re\u00e7ue de ACN pendant son mandat de vicaire, en particulier dans les pays les plus probl\u00e9matiques. \u00ab Au Y\u00e9men, j\u2019ai b\u00e9n\u00e9fici\u00e9 de l\u2019aide de ACN quand nous pouvions faire des choses, avant la guerre civile, et j\u2019ai dit \u00e0 mon successeur que d\u00e8s qu\u2019il sera possible de faire quelque chose \u00e0 nouveau l\u00e0-bas, il faudra demander de l\u2019aide, et il la trouvera chez ACN. Je me souviens qu\u2019on m\u2019a dit de m\u2019adresser \u00e0 la fondation chaque fois que j\u2019en avais besoin, et j\u2019appr\u00e9cie cela. \u00bb<\/p>\n<p>Le pape Fran\u00e7ois sera \u00e0 Bahre\u00efn du 3 au 6 novembre. Au cours de son voyage, il rencontrera \u00e0 nouveau le Grand Imam d\u2019Al-Azhar et tiendra une pri\u00e8re \u0153cum\u00e9nique pour la paix avec des responsables chr\u00e9tiens. La messe avec la communaut\u00e9 catholique aura lieu le samedi matin.<\/p>\n","protected":false},"excerpt":{"rendered":"<p>La visite du Pape au Bahre\u00efn a pour but d&rsquo;\u00eatre avec les chr\u00e9tiens locaux et de d\u00e9velopper le dialogue interreligieux avec les musulmans<\/p>\n","protected":false},"author":4258341447,"featured_media":175518,"comment_status":"closed","ping_status":"closed","sticky":false,"template":"","format":"standard","meta":{"_acf_changed":false,"_acn_coauthor_ids":[],"footnotes":""},"categories":[919],"tags":[],"country":[985],"class_list":["post-175532","post","type-post","status-publish","format-standard","has-post-thumbnail","hentry","category-nouvelle","country-bahrein"],"acn_coauthors":[],"acf":[],"yoast_head":"<!-- This site is optimized with the Yoast SEO Premium plugin v27.3 (Yoast SEO v27.3) - https:\/\/yoast.com\/product\/yoast-seo-premium-wordpress\/ -->\n<title>Le pape Fran\u00e7ois se rend au Bahre\u00efn | ACN International<\/title>\n<meta name=\"description\" content=\"La visite du Pape au Bahre\u00efn a pour but d&#039;\u00eatre avec les chr\u00e9tiens locaux et de d\u00e9velopper le dialogue interreligieux avec les musulmans.\" \/>\n<meta name=\"robots\" content=\"index, follow, max-snippet:-1, max-image-preview:large, max-video-preview:-1\" \/>\n<link rel=\"canonical\" href=\"https:\/\/acninternational.org\/fr\/le-pape-francois-se-rend-au-bahrein\/\" \/>\n<meta property=\"og:locale\" content=\"fr_FR\" \/>\n<meta property=\"og:type\" content=\"article\" \/>\n<meta property=\"og:title\" content=\"Le pape Fran\u00e7ois se rend au Bahre\u00efn\" \/>\n<meta property=\"og:description\" content=\"\u00ab Si les deux grandes religions monoth\u00e9istes ne parviennent pas \u00e0 trouver une forme d&#039;entente, alors le monde est en danger \u00bb\" \/>\n<meta property=\"og:url\" content=\"https:\/\/acninternational.org\/fr\/le-pape-francois-se-rend-au-bahrein\/\" \/>\n<meta property=\"og:site_name\" content=\"ACN International\" \/>\n<meta property=\"article:publisher\" content=\"https:\/\/www.facebook.com\/acninternationalorg\" \/>\n<meta property=\"article:published_time\" content=\"2022-10-28T08:33:01+00:00\" \/>\n<meta property=\"article:modified_time\" content=\"2022-10-28T09:41:06+00:00\" \/>\n<meta property=\"og:image\" content=\"https:\/\/media.acninternational.org\/wp-content\/uploads\/2022\/10\/heading-2022-10-28T102338.874-1.png\" \/>\n\t<meta property=\"og:image:width\" content=\"2000\" \/>\n\t<meta property=\"og:image:height\" content=\"625\" \/>\n\t<meta property=\"og:image:type\" content=\"image\/png\" \/>\n<meta name=\"author\" content=\"ACN Press Team\" \/>\n<meta name=\"twitter:card\" content=\"summary_large_image\" \/>\n<meta name=\"twitter:title\" content=\"Le pape Fran\u00e7ois se rend au Bahre\u00efn\" \/>\n<meta name=\"twitter:description\" content=\"\u00ab Si les deux grandes religions monoth\u00e9istes ne parviennent pas \u00e0 trouver une forme d&#039;entente, alors le monde est en danger \u00bb\" \/>\n<meta name=\"twitter:creator\" content=\"@acn_int\" \/>\n<meta name=\"twitter:site\" content=\"@acn_int\" \/>\n<meta name=\"twitter:label1\" content=\"\u00c9crit par\" \/>\n\t<meta name=\"twitter:data1\" content=\"ACN Press Team\" \/>\n\t<meta name=\"twitter:label2\" content=\"Dur\u00e9e de lecture estim\u00e9e\" \/>\n\t<meta name=\"twitter:data2\" content=\"6 minutes\" \/>\n<script type=\"application\/ld+json\" class=\"yoast-schema-graph\">{\"@context\":\"https:\\\/\\\/schema.org\",\"@graph\":[{\"@type\":\"Article\",\"@id\":\"https:\\\/\\\/acninternational.org\\\/fr\\\/le-pape-francois-se-rend-au-bahrein\\\/#article\",\"isPartOf\":{\"@id\":\"https:\\\/\\\/acninternational.org\\\/fr\\\/le-pape-francois-se-rend-au-bahrein\\\/\"},\"author\":{\"name\":\"ACN Press Team\",\"@id\":\"https:\\\/\\\/acninternational.org\\\/fr\\\/#\\\/schema\\\/person\\\/7f3dafb236b242fb2aa46be1411fd703\"},\"headline\":\"Mgr Hinder : \u00ab Si les deux grandes religions monoth\u00e9istes ne parviennent pas \u00e0 trouver une forme d&rsquo;entente, alors le monde est en danger \u00bb\",\"datePublished\":\"2022-10-28T08:33:01+00:00\",\"dateModified\":\"2022-10-28T09:41:06+00:00\",\"mainEntityOfPage\":{\"@id\":\"https:\\\/\\\/acninternational.org\\\/fr\\\/le-pape-francois-se-rend-au-bahrein\\\/\"},\"wordCount\":1397,\"publisher\":{\"@id\":\"https:\\\/\\\/acninternational.org\\\/fr\\\/#organization\"},\"image\":{\"@id\":\"https:\\\/\\\/acninternational.org\\\/fr\\\/le-pape-francois-se-rend-au-bahrein\\\/#primaryimage\"},\"thumbnailUrl\":\"https:\\\/\\\/media.acninternational.org\\\/wp-content\\\/uploads\\\/2022\\\/10\\\/heading-2022-10-28T102338.874-1.png\",\"articleSection\":[\"Nouvelle\"],\"inLanguage\":\"fr-FR\"},{\"@type\":\"WebPage\",\"@id\":\"https:\\\/\\\/acninternational.org\\\/fr\\\/le-pape-francois-se-rend-au-bahrein\\\/\",\"url\":\"https:\\\/\\\/acninternational.org\\\/fr\\\/le-pape-francois-se-rend-au-bahrein\\\/\",\"name\":\"Le pape Fran\u00e7ois se rend au Bahre\u00efn | ACN International\",\"isPartOf\":{\"@id\":\"https:\\\/\\\/acninternational.org\\\/fr\\\/#website\"},\"primaryImageOfPage\":{\"@id\":\"https:\\\/\\\/acninternational.org\\\/fr\\\/le-pape-francois-se-rend-au-bahrein\\\/#primaryimage\"},\"image\":{\"@id\":\"https:\\\/\\\/acninternational.org\\\/fr\\\/le-pape-francois-se-rend-au-bahrein\\\/#primaryimage\"},\"thumbnailUrl\":\"https:\\\/\\\/media.acninternational.org\\\/wp-content\\\/uploads\\\/2022\\\/10\\\/heading-2022-10-28T102338.874-1.png\",\"datePublished\":\"2022-10-28T08:33:01+00:00\",\"dateModified\":\"2022-10-28T09:41:06+00:00\",\"description\":\"La visite du Pape au Bahre\u00efn a pour but d'\u00eatre avec les chr\u00e9tiens locaux et de d\u00e9velopper le dialogue interreligieux avec les musulmans.\",\"breadcrumb\":{\"@id\":\"https:\\\/\\\/acninternational.org\\\/fr\\\/le-pape-francois-se-rend-au-bahrein\\\/#breadcrumb\"},\"inLanguage\":\"fr-FR\",\"potentialAction\":[{\"@type\":\"ReadAction\",\"target\":[\"https:\\\/\\\/acninternational.org\\\/fr\\\/le-pape-francois-se-rend-au-bahrein\\\/\"]}]},{\"@type\":\"ImageObject\",\"inLanguage\":\"fr-FR\",\"@id\":\"https:\\\/\\\/acninternational.org\\\/fr\\\/le-pape-francois-se-rend-au-bahrein\\\/#primaryimage\",\"url\":\"https:\\\/\\\/media.acninternational.org\\\/wp-content\\\/uploads\\\/2022\\\/10\\\/heading-2022-10-28T102338.874-1.png\",\"contentUrl\":\"https:\\\/\\\/media.acninternational.org\\\/wp-content\\\/uploads\\\/2022\\\/10\\\/heading-2022-10-28T102338.874-1.png\",\"width\":2000,\"height\":625,\"caption\":\"Bahre\u00efn C\u00e9r\u00e9monie de pose de la premi\u00e8re pierre de la cath\u00e9drale. 09 juin 2018\"},{\"@type\":\"BreadcrumbList\",\"@id\":\"https:\\\/\\\/acninternational.org\\\/fr\\\/le-pape-francois-se-rend-au-bahrein\\\/#breadcrumb\",\"itemListElement\":[{\"@type\":\"ListItem\",\"position\":1,\"name\":\"Home\",\"item\":\"https:\\\/\\\/acninternational.org\\\/fr\\\/\"},{\"@type\":\"ListItem\",\"position\":2,\"name\":\"Nouvelles\",\"item\":\"https:\\\/\\\/acninternational.org\\\/fr\\\/category\\\/news-fr\\\/\"},{\"@type\":\"ListItem\",\"position\":3,\"name\":\"Mgr Hinder : \u00ab Si les deux grandes religions monoth\u00e9istes ne parviennent pas \u00e0 trouver une forme d&#8217;entente, alors le monde est en danger \u00bb\"}]},{\"@type\":\"WebSite\",\"@id\":\"https:\\\/\\\/acninternational.org\\\/fr\\\/#website\",\"url\":\"https:\\\/\\\/acninternational.org\\\/fr\\\/\",\"name\":\"ACN International\",\"description\":\"\",\"publisher\":{\"@id\":\"https:\\\/\\\/acninternational.org\\\/fr\\\/#organization\"},\"potentialAction\":[{\"@type\":\"SearchAction\",\"target\":{\"@type\":\"EntryPoint\",\"urlTemplate\":\"https:\\\/\\\/acninternational.org\\\/fr\\\/?s={search_term_string}\"},\"query-input\":{\"@type\":\"PropertyValueSpecification\",\"valueRequired\":true,\"valueName\":\"search_term_string\"}}],\"inLanguage\":\"fr-FR\"},{\"@type\":\"Organization\",\"@id\":\"https:\\\/\\\/acninternational.org\\\/fr\\\/#organization\",\"name\":\"Aid to the Church in Need International\",\"url\":\"https:\\\/\\\/acninternational.org\\\/fr\\\/\",\"logo\":{\"@type\":\"ImageObject\",\"inLanguage\":\"fr-FR\",\"@id\":\"https:\\\/\\\/acninternational.org\\\/fr\\\/#\\\/schema\\\/logo\\\/image\\\/\",\"url\":\"https:\\\/\\\/media.acninternational.org\\\/wp-content\\\/uploads\\\/2019\\\/11\\\/acn_logo_blackvector.svg\",\"contentUrl\":\"https:\\\/\\\/media.acninternational.org\\\/wp-content\\\/uploads\\\/2019\\\/11\\\/acn_logo_blackvector.svg\",\"width\":232.6,\"height\":78,\"caption\":\"Aid to the Church in Need International\"},\"image\":{\"@id\":\"https:\\\/\\\/acninternational.org\\\/fr\\\/#\\\/schema\\\/logo\\\/image\\\/\"},\"sameAs\":[\"https:\\\/\\\/www.facebook.com\\\/acninternationalorg\",\"https:\\\/\\\/x.com\\\/acn_int\",\"https:\\\/\\\/www.youtube.com\\\/channel\\\/UCQ-077gS0TnVzkhHmf1opZw\",\"https:\\\/\\\/www.instagram.com\\\/acn_international\\\/\"]},{\"@type\":\"Person\",\"@id\":\"https:\\\/\\\/acninternational.org\\\/fr\\\/#\\\/schema\\\/person\\\/7f3dafb236b242fb2aa46be1411fd703\",\"name\":\"ACN Press Team\",\"description\":\"Lorem ipsum dolor sit amet, consectetur adipiscing elit, sed do eiusmod tempor incididunt ut labore et dolore magna aliqua. Ut enim ad minim veniam, quis nostrud exercitation ullamco laboris nisi ut aliquip ex ea commodo consequat.\",\"url\":\"https:\\\/\\\/acninternational.org\\\/fr\\\/author\\\/acn-press-team\\\/\"}]}<\/script>\n<!-- \/ Yoast SEO Premium plugin. -->","yoast_head_json":{"title":"Le pape Fran\u00e7ois se rend au Bahre\u00efn | ACN International","description":"La visite du Pape au Bahre\u00efn a pour but d'\u00eatre avec les chr\u00e9tiens locaux et de d\u00e9velopper le dialogue interreligieux avec les musulmans.","robots":{"index":"index","follow":"follow","max-snippet":"max-snippet:-1","max-image-preview":"max-image-preview:large","max-video-preview":"max-video-preview:-1"},"canonical":"https:\/\/acninternational.org\/fr\/le-pape-francois-se-rend-au-bahrein\/","og_locale":"fr_FR","og_type":"article","og_title":"Le pape Fran\u00e7ois se rend au Bahre\u00efn","og_description":"\u00ab Si les deux grandes religions monoth\u00e9istes ne parviennent pas \u00e0 trouver une forme d'entente, alors le monde est en danger \u00bb","og_url":"https:\/\/acninternational.org\/fr\/le-pape-francois-se-rend-au-bahrein\/","og_site_name":"ACN International","article_publisher":"https:\/\/www.facebook.com\/acninternationalorg","article_published_time":"2022-10-28T08:33:01+00:00","article_modified_time":"2022-10-28T09:41:06+00:00","og_image":[{"width":2000,"height":625,"url":"https:\/\/media.acninternational.org\/wp-content\/uploads\/2022\/10\/heading-2022-10-28T102338.874-1.png","type":"image\/png"}],"author":"ACN Press Team","twitter_card":"summary_large_image","twitter_title":"Le pape Fran\u00e7ois se rend au Bahre\u00efn","twitter_description":"\u00ab Si les deux grandes religions monoth\u00e9istes ne parviennent pas \u00e0 trouver une forme d'entente, alors le monde est en danger \u00bb","twitter_creator":"@acn_int","twitter_site":"@acn_int","twitter_misc":{"\u00c9crit par":"ACN Press Team","Dur\u00e9e de lecture estim\u00e9e":"6 minutes"},"schema":{"@context":"https:\/\/schema.org","@graph":[{"@type":"Article","@id":"https:\/\/acninternational.org\/fr\/le-pape-francois-se-rend-au-bahrein\/#article","isPartOf":{"@id":"https:\/\/acninternational.org\/fr\/le-pape-francois-se-rend-au-bahrein\/"},"author":{"name":"ACN Press Team","@id":"https:\/\/acninternational.org\/fr\/#\/schema\/person\/7f3dafb236b242fb2aa46be1411fd703"},"headline":"Mgr Hinder : \u00ab Si les deux grandes religions monoth\u00e9istes ne parviennent pas \u00e0 trouver une forme d&rsquo;entente, alors le monde est en danger \u00bb","datePublished":"2022-10-28T08:33:01+00:00","dateModified":"2022-10-28T09:41:06+00:00","mainEntityOfPage":{"@id":"https:\/\/acninternational.org\/fr\/le-pape-francois-se-rend-au-bahrein\/"},"wordCount":1397,"publisher":{"@id":"https:\/\/acninternational.org\/fr\/#organization"},"image":{"@id":"https:\/\/acninternational.org\/fr\/le-pape-francois-se-rend-au-bahrein\/#primaryimage"},"thumbnailUrl":"https:\/\/media.acninternational.org\/wp-content\/uploads\/2022\/10\/heading-2022-10-28T102338.874-1.png","articleSection":["Nouvelle"],"inLanguage":"fr-FR"},{"@type":"WebPage","@id":"https:\/\/acninternational.org\/fr\/le-pape-francois-se-rend-au-bahrein\/","url":"https:\/\/acninternational.org\/fr\/le-pape-francois-se-rend-au-bahrein\/","name":"Le pape Fran\u00e7ois se rend au Bahre\u00efn | ACN International","isPartOf":{"@id":"https:\/\/acninternational.org\/fr\/#website"},"primaryImageOfPage":{"@id":"https:\/\/acninternational.org\/fr\/le-pape-francois-se-rend-au-bahrein\/#primaryimage"},"image":{"@id":"https:\/\/acninternational.org\/fr\/le-pape-francois-se-rend-au-bahrein\/#primaryimage"},"thumbnailUrl":"https:\/\/media.acninternational.org\/wp-content\/uploads\/2022\/10\/heading-2022-10-28T102338.874-1.png","datePublished":"2022-10-28T08:33:01+00:00","dateModified":"2022-10-28T09:41:06+00:00","description":"La visite du Pape au Bahre\u00efn a pour but d'\u00eatre avec les chr\u00e9tiens locaux et de d\u00e9velopper le dialogue interreligieux avec les musulmans.","breadcrumb":{"@id":"https:\/\/acninternational.org\/fr\/le-pape-francois-se-rend-au-bahrein\/#breadcrumb"},"inLanguage":"fr-FR","potentialAction":[{"@type":"ReadAction","target":["https:\/\/acninternational.org\/fr\/le-pape-francois-se-rend-au-bahrein\/"]}]},{"@type":"ImageObject","inLanguage":"fr-FR","@id":"https:\/\/acninternational.org\/fr\/le-pape-francois-se-rend-au-bahrein\/#primaryimage","url":"https:\/\/media.acninternational.org\/wp-content\/uploads\/2022\/10\/heading-2022-10-28T102338.874-1.png","contentUrl":"https:\/\/media.acninternational.org\/wp-content\/uploads\/2022\/10\/heading-2022-10-28T102338.874-1.png","width":2000,"height":625,"caption":"Bahre\u00efn C\u00e9r\u00e9monie de pose de la premi\u00e8re pierre de la cath\u00e9drale. 09 juin 2018"},{"@type":"BreadcrumbList","@id":"https:\/\/acninternational.org\/fr\/le-pape-francois-se-rend-au-bahrein\/#breadcrumb","itemListElement":[{"@type":"ListItem","position":1,"name":"Home","item":"https:\/\/acninternational.org\/fr\/"},{"@type":"ListItem","position":2,"name":"Nouvelles","item":"https:\/\/acninternational.org\/fr\/category\/news-fr\/"},{"@type":"ListItem","position":3,"name":"Mgr Hinder : \u00ab Si les deux grandes religions monoth\u00e9istes ne parviennent pas \u00e0 trouver une forme d&#8217;entente, alors le monde est en danger \u00bb"}]},{"@type":"WebSite","@id":"https:\/\/acninternational.org\/fr\/#website","url":"https:\/\/acninternational.org\/fr\/","name":"ACN International","description":"","publisher":{"@id":"https:\/\/acninternational.org\/fr\/#organization"},"potentialAction":[{"@type":"SearchAction","target":{"@type":"EntryPoint","urlTemplate":"https:\/\/acninternational.org\/fr\/?s={search_term_string}"},"query-input":{"@type":"PropertyValueSpecification","valueRequired":true,"valueName":"search_term_string"}}],"inLanguage":"fr-FR"},{"@type":"Organization","@id":"https:\/\/acninternational.org\/fr\/#organization","name":"Aid to the Church in Need International","url":"https:\/\/acninternational.org\/fr\/","logo":{"@type":"ImageObject","inLanguage":"fr-FR","@id":"https:\/\/acninternational.org\/fr\/#\/schema\/logo\/image\/","url":"https:\/\/media.acninternational.org\/wp-content\/uploads\/2019\/11\/acn_logo_blackvector.svg","contentUrl":"https:\/\/media.acninternational.org\/wp-content\/uploads\/2019\/11\/acn_logo_blackvector.svg","width":232.6,"height":78,"caption":"Aid to the Church in Need International"},"image":{"@id":"https:\/\/acninternational.org\/fr\/#\/schema\/logo\/image\/"},"sameAs":["https:\/\/www.facebook.com\/acninternationalorg","https:\/\/x.com\/acn_int","https:\/\/www.youtube.com\/channel\/UCQ-077gS0TnVzkhHmf1opZw","https:\/\/www.instagram.com\/acn_international\/"]},{"@type":"Person","@id":"https:\/\/acninternational.org\/fr\/#\/schema\/person\/7f3dafb236b242fb2aa46be1411fd703","name":"ACN Press Team","description":"Lorem ipsum dolor sit amet, consectetur adipiscing elit, sed do eiusmod tempor incididunt ut labore et dolore magna aliqua. Ut enim ad minim veniam, quis nostrud exercitation ullamco laboris nisi ut aliquip ex ea commodo consequat.","url":"https:\/\/acninternational.org\/fr\/author\/acn-press-team\/"}]}},"_links":{"self":[{"href":"https:\/\/acninternational.org\/fr\/wp-json\/wp\/v2\/posts\/175532","targetHints":{"allow":["GET"]}}],"collection":[{"href":"https:\/\/acninternational.org\/fr\/wp-json\/wp\/v2\/posts"}],"about":[{"href":"https:\/\/acninternational.org\/fr\/wp-json\/wp\/v2\/types\/post"}],"author":[{"embeddable":true,"href":"https:\/\/acninternational.org\/fr\/wp-json\/wp\/v2\/users\/4258341447"}],"replies":[{"embeddable":true,"href":"https:\/\/acninternational.org\/fr\/wp-json\/wp\/v2\/comments?post=175532"}],"version-history":[{"count":0,"href":"https:\/\/acninternational.org\/fr\/wp-json\/wp\/v2\/posts\/175532\/revisions"}],"wp:featuredmedia":[{"embeddable":true,"href":"https:\/\/acninternational.org\/fr\/wp-json\/wp\/v2\/media\/175518"}],"wp:attachment":[{"href":"https:\/\/acninternational.org\/fr\/wp-json\/wp\/v2\/media?parent=175532"}],"wp:term":[{"taxonomy":"category","embeddable":true,"href":"https:\/\/acninternational.org\/fr\/wp-json\/wp\/v2\/categories?post=175532"},{"taxonomy":"post_tag","embeddable":true,"href":"https:\/\/acninternational.org\/fr\/wp-json\/wp\/v2\/tags?post=175532"},{"taxonomy":"country","embeddable":true,"href":"https:\/\/acninternational.org\/fr\/wp-json\/wp\/v2\/country?post=175532"}],"curies":[{"name":"wp","href":"https:\/\/api.w.org\/{rel}","templated":true}]}}