{"id":175050,"date":"2022-09-30T11:26:43","date_gmt":"2022-09-30T09:26:43","guid":{"rendered":"https:\/\/acninternational.org\/?p=175050"},"modified":"2022-10-04T12:06:38","modified_gmt":"2022-10-04T10:06:38","slug":"inondations-au-pakistan-consequences","status":"publish","type":"post","link":"https:\/\/acninternational.org\/fr\/inondations-au-pakistan-consequences\/","title":{"rendered":"Maladies, dettes, discrimination et r\u00e9coltes d\u00e9truites apr\u00e8s les inondations au Pakistan"},"content":{"rendered":"<p>Inondations au Pakistan: Mgr Samson Shukardin, \u00e9v\u00eaque du dioc\u00e8se d\u2019Hyderabad, ne parvient pas \u00e0 se d\u00e9faire des images de sa visite, au d\u00e9but du mois de septembre, dans le village catholique de Mariamnagar, dans la province m\u00e9ridionale de Sindh, touch\u00e9e par les inondations.<\/p>\n<p>\u00ab\u00a0Au lieu de se prot\u00e9ger, les villageois utilisaient leurs moustiquaires pour prot\u00e9ger leur b\u00e9tail. Les ch\u00e8vres et les vaches sont leurs sources de revenus et fournissent \u00e9galement du lait. \u00c0 cause des moustiques, il est tr\u00e8s difficile de ne passer ne serait-ce qu\u2019une seule nuit dans les villages inond\u00e9s\u00a0\u00bb, signale l\u2019\u00e9v\u00eaque \u00e0 l\u2019\u0153uvre de bienfaisance pontificale <strong>Aid to the Church in Need (ACN)<\/strong>.<\/p>\n<p>\u00ab\u00a0Tous les \u00e9tablissements scolaires g\u00e9r\u00e9s par l\u2019\u00c9glise dans les r\u00e9gions rurales inond\u00e9es sont ferm\u00e9s, le mobilier est d\u00e9truit, et l\u2019eau suinte des murs. Je suis n\u00e9 \u00e0 Hyderabad, mais de toute ma vie, je n\u2019ai jamais vu autant de pluie.\u00a0\u00bb<\/p>\n<p>Le pr\u00e9lat se r\u00e9f\u00e8re ici aux pluies torrentielles sans pr\u00e9c\u00e9dent qui se sont abattues en juillet et en ao\u00fbt, et qui, conjugu\u00e9es \u00e0 la fonte des glaciers himalayens dans les r\u00e9gions du nord du pays, ont caus\u00e9 de gigantesques inondations. Au total, 2\u00a0016\u00a0008 habitations ont \u00e9t\u00e9 endommag\u00e9es, 1\u00a0596 personnes et 1\u00a0040\u00a0735 animaux ont p\u00e9ri. Une \u00e9tude officielle r\u00e9cemment r\u00e9alis\u00e9e a constat\u00e9 l\u2019immense ampleur de la destruction des cultures agricoles commerciales et le dommage total est \u00e9valu\u00e9 \u00e0 1,7 milliard d\u2019euros.<\/p>\n<p>Certains des biens et terrains touch\u00e9s par le sinistre appartiennent au dioc\u00e8se et sont donn\u00e9s en fermage aux agriculteurs. Comme ceux-ci ne sont maintenant plus en mesure de payer leur bail ou leur cr\u00e9dit, Mgr Shukardin \u00e0 diff\u00e9r\u00e9 leurs dettes jusqu\u2019\u00e0 ce que la situation s\u2019am\u00e9liore.<\/p>\n<figure id=\"attachment_175029\" aria-describedby=\"caption-attachment-175029\" style=\"width: 670px\" class=\"wp-caption alignnone\"><img loading=\"lazy\" decoding=\"async\" class=\"wp-image-175029 size-full\" src=\"https:\/\/media.acninternational.org\/wp-content\/uploads\/2022\/09\/pequena-14.png\" alt=\"Inondations au Pakistan\" width=\"670\" height=\"400\" srcset=\"https:\/\/media.acninternational.org\/wp-content\/uploads\/2022\/09\/pequena-14.png 670w, https:\/\/media.acninternational.org\/wp-content\/uploads\/2022\/09\/pequena-14-300x179.png 300w\" sizes=\"auto, (max-width: 670px) 100vw, 670px\" \/><figcaption id=\"caption-attachment-175029\" class=\"wp-caption-text\">Maisons endommag\u00e9es d&rsquo;Asif George dans le village inond\u00e9 de Chak.<\/figcaption><\/figure>\n<h4><strong>Destruction des r\u00e9coltes et augmentation des dettes <\/strong><\/h4>\n<p>Patras Baagh, 65 ans, cultive du coton et du gombo sur quatre hectares appartenant au dioc\u00e8se, et il a engrang\u00e9 fin juillet la premi\u00e8re r\u00e9colte de cette ann\u00e9e. \u00ab\u00a0En \u00e9t\u00e9, alors que r\u00e9gnait une canicule record, l\u2019eau n\u2019\u00e9tait attribu\u00e9e qu\u2019une seule fois par mois \u00e0 l\u2019agriculture, les plantes avaient soif. Maintenant, elles pourrissent sous 1,80 \u00e0 2,40 m\u00e8tres d\u2019eau\u00a0\u00bb, d\u00e9plore Patras Baagh, qui doit maintenant faire face \u00e0 une dette de plus de 1\u00a0400 euros.<\/p>\n<p>\u00ab\u00a0Apr\u00e8s une journ\u00e9e de fumigation, les moustiques sont revenus. Maintenant, les enfants attrapent des inflammations de la gorge, la malaria, la dengue et des maladies de la peau. Nous n\u2019avons pas d\u2019argent pour acheter des livres scolaires.\u00a0\u00bb<\/p>\n<p>\u00c0 pr\u00e9sent, la famille doit dormir \u00e0 la belle \u00e9toile, car sa maison en briques de terre a \u00e9t\u00e9 endommag\u00e9e par les pluies.<\/p>\n<p>La famille d\u2019Asif George et 25 autres chr\u00e9tiens vivent \u00e0 Chak, un village de la province de Sindh. Actuellement, la famille habite sous un Sheesham, un grand arbre auquel est aussi attach\u00e9e leur ch\u00e8vre. \u00ab\u00a0Quand les murs de notre maison en terre se sont effondr\u00e9s, nous sommes all\u00e9s vivre sur une colline, mais en plein air, il faisait trop chaud. Nous ne savons pas ce que l\u2019avenir nous apportera. Le coton de la premi\u00e8re r\u00e9colte a aujourd\u2019hui pourri, la canne \u00e0 sucre aussi sera perdue,\u00a0\u00bb d\u00e9plore le paysan catholique face \u00e0 ACN.<\/p>\n<p>En d\u2019autres endroits du Pakistan, la catastrophe a caus\u00e9 l\u2019endettement de la population rurale, pauvre, aupr\u00e8s des riches propri\u00e9taires terriens (<em>waderas<\/em>) qui poss\u00e8dent des centaines d\u2019hectares. Ces terres sont cultiv\u00e9es par de simples paysans, qui n\u2019ont cependant droit qu\u2019\u00e0 une petite partie de la r\u00e9colte.<\/p>\n<p>\u00ab\u00a0Personne ne peut s\u2019opposer \u00e0 ces grands propri\u00e9taires terriens. Malheureusement, les inondations annuelles touchent toujours les gens pauvres. Parmi les personnes les plus touch\u00e9es figurent celles qui vivent ill\u00e9galement dans les lits ass\u00e9ch\u00e9s des rivi\u00e8res. Des g\u00e9n\u00e9rations enti\u00e8res de pauvres paysans sont d\u00e9j\u00e0 sous le joug de la servitude pour dettes\u00a0\u00bb, dit l\u2019\u00e9v\u00eaque.<\/p>\n<p>\u00ab\u00a0La situation est grave, je m\u2019inqui\u00e8te pour les mois \u00e0 venir. La destruction se poursuit aussi apr\u00e8s les pluies diluviennes. Une visite de solidarit\u00e9 du clerg\u00e9 ou de religieux est d\u2019une grande consolation pour les gens encercl\u00e9s par les eaux\u00a0\u00bb, ajoute Mgr\u00a0Shukardin.<\/p>\n<figure id=\"attachment_175023\" aria-describedby=\"caption-attachment-175023\" style=\"width: 670px\" class=\"wp-caption alignnone\"><img loading=\"lazy\" decoding=\"async\" class=\"wp-image-175023 size-full\" src=\"https:\/\/media.acninternational.org\/wp-content\/uploads\/2022\/09\/pequena-2.png\" alt=\"famille pauvre Pakistan\" width=\"670\" height=\"400\" srcset=\"https:\/\/media.acninternational.org\/wp-content\/uploads\/2022\/09\/pequena-2.png 670w, https:\/\/media.acninternational.org\/wp-content\/uploads\/2022\/09\/pequena-2-300x179.png 300w\" sizes=\"auto, (max-width: 670px) 100vw, 670px\" \/><figcaption id=\"caption-attachment-175023\" class=\"wp-caption-text\">Asif George avec sa famille dans leurs maisons endommag\u00e9es<\/figcaption><\/figure>\n<p><strong>Indiff\u00e9rence et discrimination <\/strong><\/p>\n<p>Selon l\u2019indice mondial des risques climatiques, le Pakistan est le huiti\u00e8me pays le plus fortement touch\u00e9 par le changement climatique. Mais l\u2019\u00e9v\u00eaque affirme que l\u2019indiff\u00e9rence du gouvernement est \u00e9galement responsable de la trag\u00e9die.<\/p>\n<p>\u00ab\u00a0Il y a un manque de planification de la part du gouvernement provincial, accus\u00e9 de mal g\u00e9rer les fonds. Il faudra au moins six mois pour que l&rsquo;eau s&rsquo;ass\u00e8che. \u00a0Il n\u2019y a aucun dispositif de drainage dans les villages\u00a0\u00bb dit l\u2019\u00e9v\u00eaque, ajoutant que les minorit\u00e9s religieuses sont discrimin\u00e9es.<\/p>\n<p>\u00ab\u00a0Aucun des parlementaires locaux n\u2019a aid\u00e9 les chr\u00e9tiens sinistr\u00e9s par les inondations. L&rsquo;aide li\u00e9e aux inondations est aussi notre droit \u00bb, souligne Mgr\u00a0Shukardin.<\/p>\n<p>Ce n&rsquo;est pas la premi\u00e8re fois qu&rsquo;une telle all\u00e9gation est faite. En 2020, des militants des droits de l\u2019homme ont signal\u00e9 que lors de la crise du Covid-19, des organisations partiales avaient entrav\u00e9 la fourniture de denr\u00e9es alimentaires et de mat\u00e9riel humanitaire aux minorit\u00e9s non musulmanes.<\/p>\n<p>\u00c0 la demande de Mgr Shukardin, ACN a s\u2019est engag\u00e9 \u00e0 verser plus de 200\u00a0000 euros \u00e0 titre d\u2019aide d\u2019urgence pour plus de 5\u00a0000 familles et \u00e9galement pour remettre en \u00e9tat les \u00e9glises et les infrastructures endommag\u00e9es des communaut\u00e9s dans le dioc\u00e8se d\u2019Hyderabad. Une autre enveloppe de 31\u00a0000 euros a \u00e9t\u00e9 accord\u00e9e \u00e0 l\u2019archidioc\u00e8se de Karachi pour apporter assistance \u00e0 des familles dont les maisons ont \u00e9t\u00e9 d\u00e9truites en leur fournissant 310 colis alimentaires et des ustensiles de cuisine.<\/p>\n","protected":false},"excerpt":{"rendered":"<p>\u00ab\u00a0Aucun des parlementaires locaux n&rsquo;a aid\u00e9 les chr\u00e9tiens touch\u00e9s par l&rsquo;inondation\u00a0\u00bb<\/p>\n","protected":false},"author":4258341447,"featured_media":175018,"comment_status":"closed","ping_status":"closed","sticky":false,"template":"","format":"standard","meta":{"_acf_changed":false,"_acn_coauthor_ids":[],"footnotes":""},"categories":[992],"tags":[],"country":[104],"class_list":["post-175050","post","type-post","status-publish","format-standard","has-post-thumbnail","hentry","category-feature-fr","country-pakistan"],"acn_coauthors":[],"acf":[],"yoast_head":"<!-- This site is optimized with the Yoast SEO Premium plugin v27.3 (Yoast SEO v27.3) - https:\/\/yoast.com\/product\/yoast-seo-premium-wordpress\/ -->\n<title>Inondations au Pakistan : cons\u00e9quences | ACN International<\/title>\n<meta name=\"description\" content=\"Les inondations au Pakistan ont laiss\u00e9 les pauvres endett\u00e9s, les enfants infect\u00e9s par la malaria et les chr\u00e9tiens sans aide locale.\" \/>\n<meta name=\"robots\" content=\"index, follow, max-snippet:-1, max-image-preview:large, max-video-preview:-1\" \/>\n<link rel=\"canonical\" href=\"https:\/\/acninternational.org\/fr\/inondations-au-pakistan-consequences\/\" \/>\n<meta property=\"og:locale\" content=\"fr_FR\" \/>\n<meta property=\"og:type\" content=\"article\" \/>\n<meta property=\"og:title\" content=\"Les inondations au Pakistan\" \/>\n<meta property=\"og:description\" content=\"Les inondations au Pakistan ont laiss\u00e9 les pauvres endett\u00e9s, les enfants infect\u00e9s par la malaria et les chr\u00e9tiens sans aide locale.\" \/>\n<meta property=\"og:url\" content=\"https:\/\/acninternational.org\/fr\/inondations-au-pakistan-consequences\/\" \/>\n<meta property=\"og:site_name\" content=\"ACN International\" \/>\n<meta property=\"article:publisher\" content=\"https:\/\/www.facebook.com\/acninternationalorg\" \/>\n<meta property=\"article:published_time\" content=\"2022-09-30T09:26:43+00:00\" \/>\n<meta property=\"article:modified_time\" content=\"2022-10-04T10:06:38+00:00\" \/>\n<meta property=\"og:image\" content=\"https:\/\/media.acninternational.org\/wp-content\/uploads\/2022\/09\/grande-2.png\" \/>\n\t<meta property=\"og:image:width\" content=\"2000\" \/>\n\t<meta property=\"og:image:height\" content=\"625\" \/>\n\t<meta property=\"og:image:type\" content=\"image\/png\" \/>\n<meta name=\"author\" content=\"ACN Press Team\" \/>\n<meta name=\"twitter:card\" content=\"summary_large_image\" \/>\n<meta name=\"twitter:title\" content=\"Les inondations au Pakistan\" \/>\n<meta name=\"twitter:description\" content=\"Les inondations au Pakistan ont laiss\u00e9 les pauvres endett\u00e9s, les enfants infect\u00e9s par la malaria et les chr\u00e9tiens sans aide locale.\" \/>\n<meta name=\"twitter:creator\" content=\"@acn_int\" \/>\n<meta name=\"twitter:site\" content=\"@acn_int\" \/>\n<meta name=\"twitter:label1\" content=\"\u00c9crit par\" \/>\n\t<meta name=\"twitter:data1\" content=\"ACN Press Team\" \/>\n\t<meta name=\"twitter:label2\" content=\"Dur\u00e9e de lecture estim\u00e9e\" \/>\n\t<meta name=\"twitter:data2\" content=\"5 minutes\" \/>\n<script type=\"application\/ld+json\" class=\"yoast-schema-graph\">{\"@context\":\"https:\\\/\\\/schema.org\",\"@graph\":[{\"@type\":\"Article\",\"@id\":\"https:\\\/\\\/acninternational.org\\\/fr\\\/inondations-au-pakistan-consequences\\\/#article\",\"isPartOf\":{\"@id\":\"https:\\\/\\\/acninternational.org\\\/fr\\\/inondations-au-pakistan-consequences\\\/\"},\"author\":{\"name\":\"ACN Press Team\",\"@id\":\"https:\\\/\\\/acninternational.org\\\/fr\\\/#\\\/schema\\\/person\\\/7f3dafb236b242fb2aa46be1411fd703\"},\"headline\":\"Maladies, dettes, discrimination et r\u00e9coltes d\u00e9truites apr\u00e8s les inondations au Pakistan\",\"datePublished\":\"2022-09-30T09:26:43+00:00\",\"dateModified\":\"2022-10-04T10:06:38+00:00\",\"mainEntityOfPage\":{\"@id\":\"https:\\\/\\\/acninternational.org\\\/fr\\\/inondations-au-pakistan-consequences\\\/\"},\"wordCount\":1040,\"publisher\":{\"@id\":\"https:\\\/\\\/acninternational.org\\\/fr\\\/#organization\"},\"image\":{\"@id\":\"https:\\\/\\\/acninternational.org\\\/fr\\\/inondations-au-pakistan-consequences\\\/#primaryimage\"},\"thumbnailUrl\":\"https:\\\/\\\/media.acninternational.org\\\/wp-content\\\/uploads\\\/2022\\\/09\\\/grande-2.png\",\"articleSection\":[\"Feature\"],\"inLanguage\":\"fr-FR\"},{\"@type\":\"WebPage\",\"@id\":\"https:\\\/\\\/acninternational.org\\\/fr\\\/inondations-au-pakistan-consequences\\\/\",\"url\":\"https:\\\/\\\/acninternational.org\\\/fr\\\/inondations-au-pakistan-consequences\\\/\",\"name\":\"Inondations au Pakistan : cons\u00e9quences | ACN International\",\"isPartOf\":{\"@id\":\"https:\\\/\\\/acninternational.org\\\/fr\\\/#website\"},\"primaryImageOfPage\":{\"@id\":\"https:\\\/\\\/acninternational.org\\\/fr\\\/inondations-au-pakistan-consequences\\\/#primaryimage\"},\"image\":{\"@id\":\"https:\\\/\\\/acninternational.org\\\/fr\\\/inondations-au-pakistan-consequences\\\/#primaryimage\"},\"thumbnailUrl\":\"https:\\\/\\\/media.acninternational.org\\\/wp-content\\\/uploads\\\/2022\\\/09\\\/grande-2.png\",\"datePublished\":\"2022-09-30T09:26:43+00:00\",\"dateModified\":\"2022-10-04T10:06:38+00:00\",\"description\":\"Les inondations au Pakistan ont laiss\u00e9 les pauvres endett\u00e9s, les enfants infect\u00e9s par la malaria et les chr\u00e9tiens sans aide locale.\",\"breadcrumb\":{\"@id\":\"https:\\\/\\\/acninternational.org\\\/fr\\\/inondations-au-pakistan-consequences\\\/#breadcrumb\"},\"inLanguage\":\"fr-FR\",\"potentialAction\":[{\"@type\":\"ReadAction\",\"target\":[\"https:\\\/\\\/acninternational.org\\\/fr\\\/inondations-au-pakistan-consequences\\\/\"]}]},{\"@type\":\"ImageObject\",\"inLanguage\":\"fr-FR\",\"@id\":\"https:\\\/\\\/acninternational.org\\\/fr\\\/inondations-au-pakistan-consequences\\\/#primaryimage\",\"url\":\"https:\\\/\\\/media.acninternational.org\\\/wp-content\\\/uploads\\\/2022\\\/09\\\/grande-2.png\",\"contentUrl\":\"https:\\\/\\\/media.acninternational.org\\\/wp-content\\\/uploads\\\/2022\\\/09\\\/grande-2.png\",\"width\":2000,\"height\":625,\"caption\":\"flooding in Pakistan\"},{\"@type\":\"BreadcrumbList\",\"@id\":\"https:\\\/\\\/acninternational.org\\\/fr\\\/inondations-au-pakistan-consequences\\\/#breadcrumb\",\"itemListElement\":[{\"@type\":\"ListItem\",\"position\":1,\"name\":\"Home\",\"item\":\"https:\\\/\\\/acninternational.org\\\/fr\\\/\"},{\"@type\":\"ListItem\",\"position\":2,\"name\":\"Feature\",\"item\":\"https:\\\/\\\/acninternational.org\\\/fr\\\/category\\\/feature-fr\\\/\"},{\"@type\":\"ListItem\",\"position\":3,\"name\":\"Maladies, dettes, discrimination et r\u00e9coltes d\u00e9truites apr\u00e8s les inondations au Pakistan\"}]},{\"@type\":\"WebSite\",\"@id\":\"https:\\\/\\\/acninternational.org\\\/fr\\\/#website\",\"url\":\"https:\\\/\\\/acninternational.org\\\/fr\\\/\",\"name\":\"ACN International\",\"description\":\"\",\"publisher\":{\"@id\":\"https:\\\/\\\/acninternational.org\\\/fr\\\/#organization\"},\"potentialAction\":[{\"@type\":\"SearchAction\",\"target\":{\"@type\":\"EntryPoint\",\"urlTemplate\":\"https:\\\/\\\/acninternational.org\\\/fr\\\/?s={search_term_string}\"},\"query-input\":{\"@type\":\"PropertyValueSpecification\",\"valueRequired\":true,\"valueName\":\"search_term_string\"}}],\"inLanguage\":\"fr-FR\"},{\"@type\":\"Organization\",\"@id\":\"https:\\\/\\\/acninternational.org\\\/fr\\\/#organization\",\"name\":\"Aid to the Church in Need International\",\"url\":\"https:\\\/\\\/acninternational.org\\\/fr\\\/\",\"logo\":{\"@type\":\"ImageObject\",\"inLanguage\":\"fr-FR\",\"@id\":\"https:\\\/\\\/acninternational.org\\\/fr\\\/#\\\/schema\\\/logo\\\/image\\\/\",\"url\":\"https:\\\/\\\/media.acninternational.org\\\/wp-content\\\/uploads\\\/2019\\\/11\\\/acn_logo_blackvector.svg\",\"contentUrl\":\"https:\\\/\\\/media.acninternational.org\\\/wp-content\\\/uploads\\\/2019\\\/11\\\/acn_logo_blackvector.svg\",\"width\":232.6,\"height\":78,\"caption\":\"Aid to the Church in Need International\"},\"image\":{\"@id\":\"https:\\\/\\\/acninternational.org\\\/fr\\\/#\\\/schema\\\/logo\\\/image\\\/\"},\"sameAs\":[\"https:\\\/\\\/www.facebook.com\\\/acninternationalorg\",\"https:\\\/\\\/x.com\\\/acn_int\",\"https:\\\/\\\/www.youtube.com\\\/channel\\\/UCQ-077gS0TnVzkhHmf1opZw\",\"https:\\\/\\\/www.instagram.com\\\/acn_international\\\/\"]},{\"@type\":\"Person\",\"@id\":\"https:\\\/\\\/acninternational.org\\\/fr\\\/#\\\/schema\\\/person\\\/7f3dafb236b242fb2aa46be1411fd703\",\"name\":\"ACN Press Team\",\"description\":\"Lorem ipsum dolor sit amet, consectetur adipiscing elit, sed do eiusmod tempor incididunt ut labore et dolore magna aliqua. Ut enim ad minim veniam, quis nostrud exercitation ullamco laboris nisi ut aliquip ex ea commodo consequat.\",\"url\":\"https:\\\/\\\/acninternational.org\\\/fr\\\/author\\\/acn-press-team\\\/\"}]}<\/script>\n<!-- \/ Yoast SEO Premium plugin. -->","yoast_head_json":{"title":"Inondations au Pakistan : cons\u00e9quences | ACN International","description":"Les inondations au Pakistan ont laiss\u00e9 les pauvres endett\u00e9s, les enfants infect\u00e9s par la malaria et les chr\u00e9tiens sans aide locale.","robots":{"index":"index","follow":"follow","max-snippet":"max-snippet:-1","max-image-preview":"max-image-preview:large","max-video-preview":"max-video-preview:-1"},"canonical":"https:\/\/acninternational.org\/fr\/inondations-au-pakistan-consequences\/","og_locale":"fr_FR","og_type":"article","og_title":"Les inondations au Pakistan","og_description":"Les inondations au Pakistan ont laiss\u00e9 les pauvres endett\u00e9s, les enfants infect\u00e9s par la malaria et les chr\u00e9tiens sans aide locale.","og_url":"https:\/\/acninternational.org\/fr\/inondations-au-pakistan-consequences\/","og_site_name":"ACN International","article_publisher":"https:\/\/www.facebook.com\/acninternationalorg","article_published_time":"2022-09-30T09:26:43+00:00","article_modified_time":"2022-10-04T10:06:38+00:00","og_image":[{"width":2000,"height":625,"url":"https:\/\/media.acninternational.org\/wp-content\/uploads\/2022\/09\/grande-2.png","type":"image\/png"}],"author":"ACN Press Team","twitter_card":"summary_large_image","twitter_title":"Les inondations au Pakistan","twitter_description":"Les inondations au Pakistan ont laiss\u00e9 les pauvres endett\u00e9s, les enfants infect\u00e9s par la malaria et les chr\u00e9tiens sans aide locale.","twitter_creator":"@acn_int","twitter_site":"@acn_int","twitter_misc":{"\u00c9crit par":"ACN Press Team","Dur\u00e9e de lecture estim\u00e9e":"5 minutes"},"schema":{"@context":"https:\/\/schema.org","@graph":[{"@type":"Article","@id":"https:\/\/acninternational.org\/fr\/inondations-au-pakistan-consequences\/#article","isPartOf":{"@id":"https:\/\/acninternational.org\/fr\/inondations-au-pakistan-consequences\/"},"author":{"name":"ACN Press Team","@id":"https:\/\/acninternational.org\/fr\/#\/schema\/person\/7f3dafb236b242fb2aa46be1411fd703"},"headline":"Maladies, dettes, discrimination et r\u00e9coltes d\u00e9truites apr\u00e8s les inondations au Pakistan","datePublished":"2022-09-30T09:26:43+00:00","dateModified":"2022-10-04T10:06:38+00:00","mainEntityOfPage":{"@id":"https:\/\/acninternational.org\/fr\/inondations-au-pakistan-consequences\/"},"wordCount":1040,"publisher":{"@id":"https:\/\/acninternational.org\/fr\/#organization"},"image":{"@id":"https:\/\/acninternational.org\/fr\/inondations-au-pakistan-consequences\/#primaryimage"},"thumbnailUrl":"https:\/\/media.acninternational.org\/wp-content\/uploads\/2022\/09\/grande-2.png","articleSection":["Feature"],"inLanguage":"fr-FR"},{"@type":"WebPage","@id":"https:\/\/acninternational.org\/fr\/inondations-au-pakistan-consequences\/","url":"https:\/\/acninternational.org\/fr\/inondations-au-pakistan-consequences\/","name":"Inondations au Pakistan : cons\u00e9quences | ACN International","isPartOf":{"@id":"https:\/\/acninternational.org\/fr\/#website"},"primaryImageOfPage":{"@id":"https:\/\/acninternational.org\/fr\/inondations-au-pakistan-consequences\/#primaryimage"},"image":{"@id":"https:\/\/acninternational.org\/fr\/inondations-au-pakistan-consequences\/#primaryimage"},"thumbnailUrl":"https:\/\/media.acninternational.org\/wp-content\/uploads\/2022\/09\/grande-2.png","datePublished":"2022-09-30T09:26:43+00:00","dateModified":"2022-10-04T10:06:38+00:00","description":"Les inondations au Pakistan ont laiss\u00e9 les pauvres endett\u00e9s, les enfants infect\u00e9s par la malaria et les chr\u00e9tiens sans aide locale.","breadcrumb":{"@id":"https:\/\/acninternational.org\/fr\/inondations-au-pakistan-consequences\/#breadcrumb"},"inLanguage":"fr-FR","potentialAction":[{"@type":"ReadAction","target":["https:\/\/acninternational.org\/fr\/inondations-au-pakistan-consequences\/"]}]},{"@type":"ImageObject","inLanguage":"fr-FR","@id":"https:\/\/acninternational.org\/fr\/inondations-au-pakistan-consequences\/#primaryimage","url":"https:\/\/media.acninternational.org\/wp-content\/uploads\/2022\/09\/grande-2.png","contentUrl":"https:\/\/media.acninternational.org\/wp-content\/uploads\/2022\/09\/grande-2.png","width":2000,"height":625,"caption":"flooding in Pakistan"},{"@type":"BreadcrumbList","@id":"https:\/\/acninternational.org\/fr\/inondations-au-pakistan-consequences\/#breadcrumb","itemListElement":[{"@type":"ListItem","position":1,"name":"Home","item":"https:\/\/acninternational.org\/fr\/"},{"@type":"ListItem","position":2,"name":"Feature","item":"https:\/\/acninternational.org\/fr\/category\/feature-fr\/"},{"@type":"ListItem","position":3,"name":"Maladies, dettes, discrimination et r\u00e9coltes d\u00e9truites apr\u00e8s les inondations au Pakistan"}]},{"@type":"WebSite","@id":"https:\/\/acninternational.org\/fr\/#website","url":"https:\/\/acninternational.org\/fr\/","name":"ACN International","description":"","publisher":{"@id":"https:\/\/acninternational.org\/fr\/#organization"},"potentialAction":[{"@type":"SearchAction","target":{"@type":"EntryPoint","urlTemplate":"https:\/\/acninternational.org\/fr\/?s={search_term_string}"},"query-input":{"@type":"PropertyValueSpecification","valueRequired":true,"valueName":"search_term_string"}}],"inLanguage":"fr-FR"},{"@type":"Organization","@id":"https:\/\/acninternational.org\/fr\/#organization","name":"Aid to the Church in Need International","url":"https:\/\/acninternational.org\/fr\/","logo":{"@type":"ImageObject","inLanguage":"fr-FR","@id":"https:\/\/acninternational.org\/fr\/#\/schema\/logo\/image\/","url":"https:\/\/media.acninternational.org\/wp-content\/uploads\/2019\/11\/acn_logo_blackvector.svg","contentUrl":"https:\/\/media.acninternational.org\/wp-content\/uploads\/2019\/11\/acn_logo_blackvector.svg","width":232.6,"height":78,"caption":"Aid to the Church in Need International"},"image":{"@id":"https:\/\/acninternational.org\/fr\/#\/schema\/logo\/image\/"},"sameAs":["https:\/\/www.facebook.com\/acninternationalorg","https:\/\/x.com\/acn_int","https:\/\/www.youtube.com\/channel\/UCQ-077gS0TnVzkhHmf1opZw","https:\/\/www.instagram.com\/acn_international\/"]},{"@type":"Person","@id":"https:\/\/acninternational.org\/fr\/#\/schema\/person\/7f3dafb236b242fb2aa46be1411fd703","name":"ACN Press Team","description":"Lorem ipsum dolor sit amet, consectetur adipiscing elit, sed do eiusmod tempor incididunt ut labore et dolore magna aliqua. Ut enim ad minim veniam, quis nostrud exercitation ullamco laboris nisi ut aliquip ex ea commodo consequat.","url":"https:\/\/acninternational.org\/fr\/author\/acn-press-team\/"}]}},"_links":{"self":[{"href":"https:\/\/acninternational.org\/fr\/wp-json\/wp\/v2\/posts\/175050","targetHints":{"allow":["GET"]}}],"collection":[{"href":"https:\/\/acninternational.org\/fr\/wp-json\/wp\/v2\/posts"}],"about":[{"href":"https:\/\/acninternational.org\/fr\/wp-json\/wp\/v2\/types\/post"}],"author":[{"embeddable":true,"href":"https:\/\/acninternational.org\/fr\/wp-json\/wp\/v2\/users\/4258341447"}],"replies":[{"embeddable":true,"href":"https:\/\/acninternational.org\/fr\/wp-json\/wp\/v2\/comments?post=175050"}],"version-history":[{"count":0,"href":"https:\/\/acninternational.org\/fr\/wp-json\/wp\/v2\/posts\/175050\/revisions"}],"wp:featuredmedia":[{"embeddable":true,"href":"https:\/\/acninternational.org\/fr\/wp-json\/wp\/v2\/media\/175018"}],"wp:attachment":[{"href":"https:\/\/acninternational.org\/fr\/wp-json\/wp\/v2\/media?parent=175050"}],"wp:term":[{"taxonomy":"category","embeddable":true,"href":"https:\/\/acninternational.org\/fr\/wp-json\/wp\/v2\/categories?post=175050"},{"taxonomy":"post_tag","embeddable":true,"href":"https:\/\/acninternational.org\/fr\/wp-json\/wp\/v2\/tags?post=175050"},{"taxonomy":"country","embeddable":true,"href":"https:\/\/acninternational.org\/fr\/wp-json\/wp\/v2\/country?post=175050"}],"curies":[{"name":"wp","href":"https:\/\/api.w.org\/{rel}","templated":true}]}}