{"id":169502,"date":"2022-04-28T14:52:24","date_gmt":"2022-04-28T12:52:24","guid":{"rendered":"https:\/\/acninternational.org\/?p=169502"},"modified":"2022-05-03T17:09:36","modified_gmt":"2022-05-03T15:09:36","slug":"nouvelle-ecole-catholique-en-irak","status":"publish","type":"post","link":"https:\/\/acninternational.org\/fr\/nouvelle-ecole-catholique-en-irak\/","title":{"rendered":"Irak : Une \u00e9cole de l\u2019espoir et du renouveau"},"content":{"rendered":"<p>Une communaut\u00e9 de religieuses va ouvrir officiellement dimanche une <a href=\"https:\/\/acninternational.org\/fr\/le-reve-de-soeur-clara-pour-lavenir-des-enfants-en-irak-se-realise\/\">\u00e9cole attendue depuis longtemps<\/a> par les chr\u00e9tiens d\u2019Irak. Ce sera une \u00e9tape importante sur la voie du r\u00e9tablissement apr\u00e8s ce qui a \u00e9t\u00e9 un g\u00e9nocide.<\/p>\n<p>Avec une capacit\u00e9 de 625 \u00e9l\u00e8ves, l\u2019\u00e9cole secondaire Al-Tahira ouvre ses portes le 1<sup>er<\/sup> mai \u00e0 Qaraqosh (Baghdeda), la plus grande des 13 villes et villages \u00e0 majorit\u00e9 chr\u00e9tienne de l\u2019embl\u00e9matique plaine de Ninive.<\/p>\n<p>Contrairement \u00e0 la plupart des projets structurels consistant \u00e0 restaurer des b\u00e2timents endommag\u00e9s par l\u2019\u00c9tat Islamique alors qu\u2019il occupait Ninive, cette \u00e9cole mixte a \u00e9t\u00e9 construite \u00e0 partir de rien, sur ce qui \u00e9tait autrefois la cour de r\u00e9cr\u00e9ation de l\u2019\u00e9cole primaire Al-Tahira, \u00e9galement g\u00e9r\u00e9e par les s\u0153urs dominicaines de Sainte-Catherine de Sienne.<\/p>\n<p>L\u2019\u00e9cole secondaire Al-Tahira, qui a accueilli ses premiers \u00e9l\u00e8ves en f\u00e9vrier, comprend des installations ultramodernes r\u00e9parties sur trois \u00e9tages, dont trois laboratoires scientifiques, un centre informatique, une grande salle de conf\u00e9rence, une biblioth\u00e8que et une chapelle.<\/p>\n<p>L&rsquo;\u00e9cole, dont la construction a dur\u00e9 cinq ans, est l&rsquo;un des plus grands projets en Irak soutenus par la fondation internationale Aid to the Church in Need (ACN), une organisation catholique d&rsquo;aide aux chr\u00e9tiens pers\u00e9cut\u00e9s.<\/p>\n<p>Thomas Heine-Geldern, pr\u00e9sident ex\u00e9cutif d\u2019ACN International, participera \u00e0 la c\u00e9r\u00e9monie d\u2019ouverture avec d\u2019autres membres de la fondation. Il a d\u00e9clar\u00e9 : \u00ab\u00a0ACN a \u00e9t\u00e9 impliqu\u00e9e dans cette initiative d\u00e8s son commencement, et ce fut un privil\u00e8ge que de travailler avec tant de personnes et d\u2019organisations engag\u00e9es pour mener \u00e0 bien ce projet, notamment la conf\u00e9rence \u00e9piscopale autrichienne, soutenue par le gouvernement autrichien \u00bb.<\/p>\n<p>ACN a particip\u00e9 \u00e0 l\u2019obtention de plus de 80% des 2,1 millions de dollars (2 millions d\u2019euros) n\u00e9cessaires \u00e0 la construction de l\u2019\u00e9cole.<\/p>\n<figure id=\"attachment_169488\" aria-describedby=\"caption-attachment-169488\" style=\"width: 670px\" class=\"wp-caption alignnone\"><img loading=\"lazy\" decoding=\"async\" class=\"wp-image-169489 size-full\" src=\"https:\/\/media.acninternational.org\/wp-content\/uploads\/2022\/04\/pequenya-1-2.png\" alt=\"\u00c9cole secondaire Al-Tahira \u00e0 Baghdeda (Qaraqosh\/ Al-Hamdaniya)\" width=\"670\" height=\"400\" srcset=\"https:\/\/media.acninternational.org\/wp-content\/uploads\/2022\/04\/pequenya-1-2.png 670w, https:\/\/media.acninternational.org\/wp-content\/uploads\/2022\/04\/pequenya-1-2-300x179.png 300w\" sizes=\"auto, (max-width: 670px) 100vw, 670px\" \/><figcaption id=\"caption-attachment-169488\" class=\"wp-caption-text\">\u00c9cole secondaire Al-Tahira \u00e0 Baghdeda (Qaraqosh\/ Al-Hamdaniya)<\/figcaption><\/figure>\n<p>Remerciant les bienfaiteurs pour leur soutien inlassable \u00e0 l\u2019Irak, il a poursuivi : \u00ab Je voudrais rendre hommage \u00e0 S\u0153ur Clara Nas, aux autres s\u0153urs dominicaines et \u00e0 tous ceux qui ont travaill\u00e9 sans rel\u00e2che pour faire de ce r\u00eave une r\u00e9alit\u00e9 \u00bb.<\/p>\n<p>Il a ajout\u00e9 : \u00ab\u00a0Qui aurait pens\u00e9, aux pires moments de l\u2019occupation de la r\u00e9gion par l\u2019\u00c9tat Islamique, que quelques ann\u00e9es plus tard, nous c\u00e9l\u00e9brerions l\u2019ouverture d\u2019une nouvelle \u00e9cole ?\u00a0\u00bb.<\/p>\n<p>Le mois dernier, au cours de la visite d&rsquo;une d\u00e9l\u00e9gation de ACN \u00e0 l&rsquo;\u00e9cole, la s\u0153ur dominicaine Huda a d\u00e9clar\u00e9 que l&rsquo;\u00e9cole cherche \u00e0 assurer un avenir aux chr\u00e9tiens dans un pays o\u00f9 le nombre de chr\u00e9tiens a chut\u00e9 de fa\u00e7on spectaculaire. Leur nombre est pass\u00e9 de plus d\u2019un million avant 2003, \u00e0 environ 150.000 aujourd\u2019hui.<\/p>\n<p>\u00ab\u00a0Nous formons le caract\u00e8re des \u00e9l\u00e8ves pour qu&rsquo;ils deviennent des leaders dans la soci\u00e9t\u00e9, qu&rsquo;ils prennent des responsabilit\u00e9s et qu&rsquo;ils \u00e9laborent un plan pour rester dans ce pays. La pr\u00e9sence des s\u0153urs et de cette \u00e9cole ici sont des signes d&rsquo;espoir et donnent aux gens une raison de rester\u00a0\u00bb, a d\u00e9clar\u00e9 S\u0153ur Huda.<\/p>\n<p>Rameel Rabu Wadi, un \u00e9l\u00e8ve \u00e2g\u00e9 de 16 ans, a d\u00e9clar\u00e9 \u00e0 ACN : \u00ab\u00a0Avec des b\u00e2timents comme celui-ci et une chance de bien \u00e9tudier, nous pensons que nous avons un grand avenir ici. Un grand merci pour votre soutien\u00a0\u00bb.<\/p>\n","protected":false},"excerpt":{"rendered":"<p>\u00ab\u00a0Qui aurait pens\u00e9, aux pires moments de l\u2019occupation de la r\u00e9gion par l\u2019\u00c9tat Islamique, que quelques ann\u00e9es plus tard, nous c\u00e9l\u00e9brerions l\u2019ouverture d\u2019une nouvelle \u00e9cole ?\u00a0\u00bb<\/p>\n","protected":false},"author":4258341447,"featured_media":169483,"comment_status":"closed","ping_status":"closed","sticky":false,"template":"","format":"standard","meta":{"_acf_changed":false,"_acn_coauthor_ids":[],"footnotes":""},"categories":[992],"tags":[],"country":[386],"class_list":["post-169502","post","type-post","status-publish","format-standard","has-post-thumbnail","hentry","category-feature-fr","country-irak"],"acn_coauthors":[],"acf":[],"yoast_head":"<!-- This site is optimized with the Yoast SEO Premium plugin v27.3 (Yoast SEO v27.3) - https:\/\/yoast.com\/product\/yoast-seo-premium-wordpress\/ -->\n<title>Irak : Une \u00e9cole de l\u2019espoir et du renouveau | ACN International<\/title>\n<meta name=\"description\" content=\"D&#039;une capacit\u00e9 de 625 \u00e9l\u00e8ves et dirig\u00e9e par dominicaines, l&#039;\u00e9cole secondaire Al-Tahira ouvre ses portes le 1er mai \u00e0 Qaraqosh (Irak).\" \/>\n<meta name=\"robots\" content=\"index, follow, max-snippet:-1, max-image-preview:large, max-video-preview:-1\" \/>\n<link rel=\"canonical\" href=\"https:\/\/acninternational.org\/fr\/nouvelle-ecole-catholique-en-irak\/\" \/>\n<meta property=\"og:locale\" content=\"fr_FR\" \/>\n<meta property=\"og:type\" content=\"article\" \/>\n<meta property=\"og:title\" content=\"Irak : Une \u00e9cole de l\u2019espoir et du renouveau\" \/>\n<meta property=\"og:description\" content=\"D&#039;une capacit\u00e9 de 625 \u00e9l\u00e8ves et dirig\u00e9e par dominicaines, l&#039;\u00e9cole secondaire Al-Tahira ouvre ses portes le 1er mai \u00e0 Qaraqosh (Irak).\" \/>\n<meta property=\"og:url\" content=\"https:\/\/acninternational.org\/fr\/nouvelle-ecole-catholique-en-irak\/\" \/>\n<meta property=\"og:site_name\" content=\"ACN International\" \/>\n<meta property=\"article:publisher\" content=\"https:\/\/www.facebook.com\/acninternationalorg\" \/>\n<meta property=\"article:published_time\" content=\"2022-04-28T12:52:24+00:00\" \/>\n<meta property=\"article:modified_time\" content=\"2022-05-03T15:09:36+00:00\" \/>\n<meta property=\"og:image\" content=\"https:\/\/media.acninternational.org\/wp-content\/uploads\/2022\/04\/heading-16-1.png\" \/>\n\t<meta property=\"og:image:width\" content=\"2000\" \/>\n\t<meta property=\"og:image:height\" content=\"625\" \/>\n\t<meta property=\"og:image:type\" content=\"image\/png\" \/>\n<meta name=\"author\" content=\"ACN Press Team\" \/>\n<meta name=\"twitter:card\" content=\"summary_large_image\" \/>\n<meta name=\"twitter:creator\" content=\"@acn_int\" \/>\n<meta name=\"twitter:site\" content=\"@acn_int\" \/>\n<meta name=\"twitter:label1\" content=\"\u00c9crit par\" \/>\n\t<meta name=\"twitter:data1\" content=\"ACN Press Team\" \/>\n\t<meta name=\"twitter:label2\" content=\"Dur\u00e9e de lecture estim\u00e9e\" \/>\n\t<meta name=\"twitter:data2\" content=\"3 minutes\" \/>\n<script type=\"application\/ld+json\" class=\"yoast-schema-graph\">{\"@context\":\"https:\\\/\\\/schema.org\",\"@graph\":[{\"@type\":\"Article\",\"@id\":\"https:\\\/\\\/acninternational.org\\\/fr\\\/nouvelle-ecole-catholique-en-irak\\\/#article\",\"isPartOf\":{\"@id\":\"https:\\\/\\\/acninternational.org\\\/fr\\\/nouvelle-ecole-catholique-en-irak\\\/\"},\"author\":{\"name\":\"ACN Press Team\",\"@id\":\"https:\\\/\\\/acninternational.org\\\/fr\\\/#\\\/schema\\\/person\\\/7f3dafb236b242fb2aa46be1411fd703\"},\"headline\":\"Irak : Une \u00e9cole de l\u2019espoir et du renouveau\",\"datePublished\":\"2022-04-28T12:52:24+00:00\",\"dateModified\":\"2022-05-03T15:09:36+00:00\",\"mainEntityOfPage\":{\"@id\":\"https:\\\/\\\/acninternational.org\\\/fr\\\/nouvelle-ecole-catholique-en-irak\\\/\"},\"wordCount\":581,\"publisher\":{\"@id\":\"https:\\\/\\\/acninternational.org\\\/fr\\\/#organization\"},\"image\":{\"@id\":\"https:\\\/\\\/acninternational.org\\\/fr\\\/nouvelle-ecole-catholique-en-irak\\\/#primaryimage\"},\"thumbnailUrl\":\"https:\\\/\\\/media.acninternational.org\\\/wp-content\\\/uploads\\\/2022\\\/04\\\/heading-16-1.png\",\"articleSection\":[\"Feature\"],\"inLanguage\":\"fr-FR\"},{\"@type\":\"WebPage\",\"@id\":\"https:\\\/\\\/acninternational.org\\\/fr\\\/nouvelle-ecole-catholique-en-irak\\\/\",\"url\":\"https:\\\/\\\/acninternational.org\\\/fr\\\/nouvelle-ecole-catholique-en-irak\\\/\",\"name\":\"Irak : Une \u00e9cole de l\u2019espoir et du renouveau | ACN International\",\"isPartOf\":{\"@id\":\"https:\\\/\\\/acninternational.org\\\/fr\\\/#website\"},\"primaryImageOfPage\":{\"@id\":\"https:\\\/\\\/acninternational.org\\\/fr\\\/nouvelle-ecole-catholique-en-irak\\\/#primaryimage\"},\"image\":{\"@id\":\"https:\\\/\\\/acninternational.org\\\/fr\\\/nouvelle-ecole-catholique-en-irak\\\/#primaryimage\"},\"thumbnailUrl\":\"https:\\\/\\\/media.acninternational.org\\\/wp-content\\\/uploads\\\/2022\\\/04\\\/heading-16-1.png\",\"datePublished\":\"2022-04-28T12:52:24+00:00\",\"dateModified\":\"2022-05-03T15:09:36+00:00\",\"description\":\"D'une capacit\u00e9 de 625 \u00e9l\u00e8ves et dirig\u00e9e par dominicaines, l'\u00e9cole secondaire Al-Tahira ouvre ses portes le 1er mai \u00e0 Qaraqosh (Irak).\",\"breadcrumb\":{\"@id\":\"https:\\\/\\\/acninternational.org\\\/fr\\\/nouvelle-ecole-catholique-en-irak\\\/#breadcrumb\"},\"inLanguage\":\"fr-FR\",\"potentialAction\":[{\"@type\":\"ReadAction\",\"target\":[\"https:\\\/\\\/acninternational.org\\\/fr\\\/nouvelle-ecole-catholique-en-irak\\\/\"]}]},{\"@type\":\"ImageObject\",\"inLanguage\":\"fr-FR\",\"@id\":\"https:\\\/\\\/acninternational.org\\\/fr\\\/nouvelle-ecole-catholique-en-irak\\\/#primaryimage\",\"url\":\"https:\\\/\\\/media.acninternational.org\\\/wp-content\\\/uploads\\\/2022\\\/04\\\/heading-16-1.png\",\"contentUrl\":\"https:\\\/\\\/media.acninternational.org\\\/wp-content\\\/uploads\\\/2022\\\/04\\\/heading-16-1.png\",\"width\":2000,\"height\":625,\"caption\":\"\u00c9cole secondaire Al-Tahira \u00e0 Baghdeda (Qaraqosh\\\/ Al-Hamdaniya)\"},{\"@type\":\"BreadcrumbList\",\"@id\":\"https:\\\/\\\/acninternational.org\\\/fr\\\/nouvelle-ecole-catholique-en-irak\\\/#breadcrumb\",\"itemListElement\":[{\"@type\":\"ListItem\",\"position\":1,\"name\":\"Home\",\"item\":\"https:\\\/\\\/acninternational.org\\\/fr\\\/\"},{\"@type\":\"ListItem\",\"position\":2,\"name\":\"Feature\",\"item\":\"https:\\\/\\\/acninternational.org\\\/fr\\\/category\\\/feature-fr\\\/\"},{\"@type\":\"ListItem\",\"position\":3,\"name\":\"Irak : Une \u00e9cole de l\u2019espoir et du renouveau\"}]},{\"@type\":\"WebSite\",\"@id\":\"https:\\\/\\\/acninternational.org\\\/fr\\\/#website\",\"url\":\"https:\\\/\\\/acninternational.org\\\/fr\\\/\",\"name\":\"ACN International\",\"description\":\"\",\"publisher\":{\"@id\":\"https:\\\/\\\/acninternational.org\\\/fr\\\/#organization\"},\"potentialAction\":[{\"@type\":\"SearchAction\",\"target\":{\"@type\":\"EntryPoint\",\"urlTemplate\":\"https:\\\/\\\/acninternational.org\\\/fr\\\/?s={search_term_string}\"},\"query-input\":{\"@type\":\"PropertyValueSpecification\",\"valueRequired\":true,\"valueName\":\"search_term_string\"}}],\"inLanguage\":\"fr-FR\"},{\"@type\":\"Organization\",\"@id\":\"https:\\\/\\\/acninternational.org\\\/fr\\\/#organization\",\"name\":\"Aid to the Church in Need International\",\"url\":\"https:\\\/\\\/acninternational.org\\\/fr\\\/\",\"logo\":{\"@type\":\"ImageObject\",\"inLanguage\":\"fr-FR\",\"@id\":\"https:\\\/\\\/acninternational.org\\\/fr\\\/#\\\/schema\\\/logo\\\/image\\\/\",\"url\":\"https:\\\/\\\/media.acninternational.org\\\/wp-content\\\/uploads\\\/2019\\\/11\\\/acn_logo_blackvector.svg\",\"contentUrl\":\"https:\\\/\\\/media.acninternational.org\\\/wp-content\\\/uploads\\\/2019\\\/11\\\/acn_logo_blackvector.svg\",\"width\":232.6,\"height\":78,\"caption\":\"Aid to the Church in Need International\"},\"image\":{\"@id\":\"https:\\\/\\\/acninternational.org\\\/fr\\\/#\\\/schema\\\/logo\\\/image\\\/\"},\"sameAs\":[\"https:\\\/\\\/www.facebook.com\\\/acninternationalorg\",\"https:\\\/\\\/x.com\\\/acn_int\",\"https:\\\/\\\/www.youtube.com\\\/channel\\\/UCQ-077gS0TnVzkhHmf1opZw\",\"https:\\\/\\\/www.instagram.com\\\/acn_international\\\/\"]},{\"@type\":\"Person\",\"@id\":\"https:\\\/\\\/acninternational.org\\\/fr\\\/#\\\/schema\\\/person\\\/7f3dafb236b242fb2aa46be1411fd703\",\"name\":\"ACN Press Team\",\"description\":\"Lorem ipsum dolor sit amet, consectetur adipiscing elit, sed do eiusmod tempor incididunt ut labore et dolore magna aliqua. Ut enim ad minim veniam, quis nostrud exercitation ullamco laboris nisi ut aliquip ex ea commodo consequat.\",\"url\":\"https:\\\/\\\/acninternational.org\\\/fr\\\/author\\\/acn-press-team\\\/\"}]}<\/script>\n<!-- \/ Yoast SEO Premium plugin. -->","yoast_head_json":{"title":"Irak : Une \u00e9cole de l\u2019espoir et du renouveau | ACN International","description":"D'une capacit\u00e9 de 625 \u00e9l\u00e8ves et dirig\u00e9e par dominicaines, l'\u00e9cole secondaire Al-Tahira ouvre ses portes le 1er mai \u00e0 Qaraqosh (Irak).","robots":{"index":"index","follow":"follow","max-snippet":"max-snippet:-1","max-image-preview":"max-image-preview:large","max-video-preview":"max-video-preview:-1"},"canonical":"https:\/\/acninternational.org\/fr\/nouvelle-ecole-catholique-en-irak\/","og_locale":"fr_FR","og_type":"article","og_title":"Irak : Une \u00e9cole de l\u2019espoir et du renouveau","og_description":"D'une capacit\u00e9 de 625 \u00e9l\u00e8ves et dirig\u00e9e par dominicaines, l'\u00e9cole secondaire Al-Tahira ouvre ses portes le 1er mai \u00e0 Qaraqosh (Irak).","og_url":"https:\/\/acninternational.org\/fr\/nouvelle-ecole-catholique-en-irak\/","og_site_name":"ACN International","article_publisher":"https:\/\/www.facebook.com\/acninternationalorg","article_published_time":"2022-04-28T12:52:24+00:00","article_modified_time":"2022-05-03T15:09:36+00:00","og_image":[{"width":2000,"height":625,"url":"https:\/\/media.acninternational.org\/wp-content\/uploads\/2022\/04\/heading-16-1.png","type":"image\/png"}],"author":"ACN Press Team","twitter_card":"summary_large_image","twitter_creator":"@acn_int","twitter_site":"@acn_int","twitter_misc":{"\u00c9crit par":"ACN Press Team","Dur\u00e9e de lecture estim\u00e9e":"3 minutes"},"schema":{"@context":"https:\/\/schema.org","@graph":[{"@type":"Article","@id":"https:\/\/acninternational.org\/fr\/nouvelle-ecole-catholique-en-irak\/#article","isPartOf":{"@id":"https:\/\/acninternational.org\/fr\/nouvelle-ecole-catholique-en-irak\/"},"author":{"name":"ACN Press Team","@id":"https:\/\/acninternational.org\/fr\/#\/schema\/person\/7f3dafb236b242fb2aa46be1411fd703"},"headline":"Irak : Une \u00e9cole de l\u2019espoir et du renouveau","datePublished":"2022-04-28T12:52:24+00:00","dateModified":"2022-05-03T15:09:36+00:00","mainEntityOfPage":{"@id":"https:\/\/acninternational.org\/fr\/nouvelle-ecole-catholique-en-irak\/"},"wordCount":581,"publisher":{"@id":"https:\/\/acninternational.org\/fr\/#organization"},"image":{"@id":"https:\/\/acninternational.org\/fr\/nouvelle-ecole-catholique-en-irak\/#primaryimage"},"thumbnailUrl":"https:\/\/media.acninternational.org\/wp-content\/uploads\/2022\/04\/heading-16-1.png","articleSection":["Feature"],"inLanguage":"fr-FR"},{"@type":"WebPage","@id":"https:\/\/acninternational.org\/fr\/nouvelle-ecole-catholique-en-irak\/","url":"https:\/\/acninternational.org\/fr\/nouvelle-ecole-catholique-en-irak\/","name":"Irak : Une \u00e9cole de l\u2019espoir et du renouveau | ACN International","isPartOf":{"@id":"https:\/\/acninternational.org\/fr\/#website"},"primaryImageOfPage":{"@id":"https:\/\/acninternational.org\/fr\/nouvelle-ecole-catholique-en-irak\/#primaryimage"},"image":{"@id":"https:\/\/acninternational.org\/fr\/nouvelle-ecole-catholique-en-irak\/#primaryimage"},"thumbnailUrl":"https:\/\/media.acninternational.org\/wp-content\/uploads\/2022\/04\/heading-16-1.png","datePublished":"2022-04-28T12:52:24+00:00","dateModified":"2022-05-03T15:09:36+00:00","description":"D'une capacit\u00e9 de 625 \u00e9l\u00e8ves et dirig\u00e9e par dominicaines, l'\u00e9cole secondaire Al-Tahira ouvre ses portes le 1er mai \u00e0 Qaraqosh (Irak).","breadcrumb":{"@id":"https:\/\/acninternational.org\/fr\/nouvelle-ecole-catholique-en-irak\/#breadcrumb"},"inLanguage":"fr-FR","potentialAction":[{"@type":"ReadAction","target":["https:\/\/acninternational.org\/fr\/nouvelle-ecole-catholique-en-irak\/"]}]},{"@type":"ImageObject","inLanguage":"fr-FR","@id":"https:\/\/acninternational.org\/fr\/nouvelle-ecole-catholique-en-irak\/#primaryimage","url":"https:\/\/media.acninternational.org\/wp-content\/uploads\/2022\/04\/heading-16-1.png","contentUrl":"https:\/\/media.acninternational.org\/wp-content\/uploads\/2022\/04\/heading-16-1.png","width":2000,"height":625,"caption":"\u00c9cole secondaire Al-Tahira \u00e0 Baghdeda (Qaraqosh\/ Al-Hamdaniya)"},{"@type":"BreadcrumbList","@id":"https:\/\/acninternational.org\/fr\/nouvelle-ecole-catholique-en-irak\/#breadcrumb","itemListElement":[{"@type":"ListItem","position":1,"name":"Home","item":"https:\/\/acninternational.org\/fr\/"},{"@type":"ListItem","position":2,"name":"Feature","item":"https:\/\/acninternational.org\/fr\/category\/feature-fr\/"},{"@type":"ListItem","position":3,"name":"Irak : Une \u00e9cole de l\u2019espoir et du renouveau"}]},{"@type":"WebSite","@id":"https:\/\/acninternational.org\/fr\/#website","url":"https:\/\/acninternational.org\/fr\/","name":"ACN International","description":"","publisher":{"@id":"https:\/\/acninternational.org\/fr\/#organization"},"potentialAction":[{"@type":"SearchAction","target":{"@type":"EntryPoint","urlTemplate":"https:\/\/acninternational.org\/fr\/?s={search_term_string}"},"query-input":{"@type":"PropertyValueSpecification","valueRequired":true,"valueName":"search_term_string"}}],"inLanguage":"fr-FR"},{"@type":"Organization","@id":"https:\/\/acninternational.org\/fr\/#organization","name":"Aid to the Church in Need International","url":"https:\/\/acninternational.org\/fr\/","logo":{"@type":"ImageObject","inLanguage":"fr-FR","@id":"https:\/\/acninternational.org\/fr\/#\/schema\/logo\/image\/","url":"https:\/\/media.acninternational.org\/wp-content\/uploads\/2019\/11\/acn_logo_blackvector.svg","contentUrl":"https:\/\/media.acninternational.org\/wp-content\/uploads\/2019\/11\/acn_logo_blackvector.svg","width":232.6,"height":78,"caption":"Aid to the Church in Need International"},"image":{"@id":"https:\/\/acninternational.org\/fr\/#\/schema\/logo\/image\/"},"sameAs":["https:\/\/www.facebook.com\/acninternationalorg","https:\/\/x.com\/acn_int","https:\/\/www.youtube.com\/channel\/UCQ-077gS0TnVzkhHmf1opZw","https:\/\/www.instagram.com\/acn_international\/"]},{"@type":"Person","@id":"https:\/\/acninternational.org\/fr\/#\/schema\/person\/7f3dafb236b242fb2aa46be1411fd703","name":"ACN Press Team","description":"Lorem ipsum dolor sit amet, consectetur adipiscing elit, sed do eiusmod tempor incididunt ut labore et dolore magna aliqua. Ut enim ad minim veniam, quis nostrud exercitation ullamco laboris nisi ut aliquip ex ea commodo consequat.","url":"https:\/\/acninternational.org\/fr\/author\/acn-press-team\/"}]}},"_links":{"self":[{"href":"https:\/\/acninternational.org\/fr\/wp-json\/wp\/v2\/posts\/169502","targetHints":{"allow":["GET"]}}],"collection":[{"href":"https:\/\/acninternational.org\/fr\/wp-json\/wp\/v2\/posts"}],"about":[{"href":"https:\/\/acninternational.org\/fr\/wp-json\/wp\/v2\/types\/post"}],"author":[{"embeddable":true,"href":"https:\/\/acninternational.org\/fr\/wp-json\/wp\/v2\/users\/4258341447"}],"replies":[{"embeddable":true,"href":"https:\/\/acninternational.org\/fr\/wp-json\/wp\/v2\/comments?post=169502"}],"version-history":[{"count":0,"href":"https:\/\/acninternational.org\/fr\/wp-json\/wp\/v2\/posts\/169502\/revisions"}],"wp:featuredmedia":[{"embeddable":true,"href":"https:\/\/acninternational.org\/fr\/wp-json\/wp\/v2\/media\/169483"}],"wp:attachment":[{"href":"https:\/\/acninternational.org\/fr\/wp-json\/wp\/v2\/media?parent=169502"}],"wp:term":[{"taxonomy":"category","embeddable":true,"href":"https:\/\/acninternational.org\/fr\/wp-json\/wp\/v2\/categories?post=169502"},{"taxonomy":"post_tag","embeddable":true,"href":"https:\/\/acninternational.org\/fr\/wp-json\/wp\/v2\/tags?post=169502"},{"taxonomy":"country","embeddable":true,"href":"https:\/\/acninternational.org\/fr\/wp-json\/wp\/v2\/country?post=169502"}],"curies":[{"name":"wp","href":"https:\/\/api.w.org\/{rel}","templated":true}]}}