{"id":168434,"date":"2022-03-25T09:28:18","date_gmt":"2022-03-25T08:28:18","guid":{"rendered":"https:\/\/acninternational.org\/?p=168434"},"modified":"2022-03-25T09:54:02","modified_gmt":"2022-03-25T08:54:02","slug":"consacrer-la-russie-et-lukraine-au-coeur-immacule-de-marie","status":"publish","type":"post","link":"https:\/\/acninternational.org\/fr\/consacrer-la-russie-et-lukraine-au-coeur-immacule-de-marie\/","title":{"rendered":"Ukraine : \u00ab Nous croyons en l\u2019aide de Marie, M\u00e8re de Dieu \u00bb"},"content":{"rendered":"<p>Les \u00e9v\u00eaques des r\u00e9gions assi\u00e9g\u00e9es placent leur esp\u00e9rance dans l\u2019acte de cons\u00e9cration du pape Fran\u00e7ois.<\/p>\n<p>Quatre semaines apr\u00e8s le d\u00e9but de la guerre, de nombreux fid\u00e8les en Ukraine placent toute leur esp\u00e9rance dans la r\u00e9cente initiative du pape Fran\u00e7ois de consacrer la Russie et l\u2019Ukraine au C\u0153ur Immacul\u00e9 de Marie. Mgr Stanislav Shyrokoradiuk, \u00e9v\u00eaque d\u2019Odessa, a d\u00e9clar\u00e9 \u00e0 l\u2019\u0153uvre internationale de bienfaisance Aid to the Church in Need (ACN) : \u00abC\u2019est remplis d\u2019esp\u00e9rance que nous prions avec le monde entier et demandons de prier. Nous croyons en l\u2019aide de Marie, M\u00e8re de Dieu \u00bb.<\/p>\n<p><strong>\u00ab\u00a0Mon Dieu, tant de gens meurent chaque jour\u00a0\u00bb<\/strong><\/p>\n<p>Alors qu\u2019Odessa a encore \u00e9t\u00e9 relativement \u00e9pargn\u00e9e par les combats au cours des quatre premi\u00e8res semaines de la guerre, la ville est actuellement sous les tirs et il y a souvent des alertes a\u00e9riennes, raconte Mgr Shyrokoradiuk avec inqui\u00e9tude. \u00ab Nous craignons en permanence une attaque par la mer \u00bb.<\/p>\n<p>Odessa se situe sur les rives de la mer Noire et non loin de la Crim\u00e9e, o\u00f9 de nombreux navires militaires russes sont stationn\u00e9s. Penser \u00e0 ses paroisses et aux habitants de la r\u00e9gion est pour l\u2019\u00e9v\u00eaque une cause constante \u00ab d\u2019angoisse et de douleur \u00bb, d\u00e9plore l\u2019\u00e9v\u00eaque qui ajoute : \u00ab Mon Dieu, tant de gens meurent chaque jour ! \u00bb.<\/p>\n<p>Malgr\u00e9 de violents combats, les communaut\u00e9s catholiques d\u2019Odessa et des autres r\u00e9gions du pays se pr\u00e9parent \u00e0 l\u2019acte de cons\u00e9cration par des neuvaines et autres pri\u00e8res. C\u2019est aussi le cas \u00e0 Kharkiv, dans l\u2019est de l\u2019Ukraine. C\u2019est de l\u00e0-bas que Mgr Pavlo Honczaruk a envoy\u00e9 un message vid\u00e9o \u00e0 ACN : \u00ab Je voudrais partager avec vous ma joie devant l\u2019initiative du pape Fran\u00e7ois de consacrer la Russie et l\u2019Ukraine au C\u0153ur Immacul\u00e9 de Marie \u00bb.<\/p>\n<figure id=\"attachment_168427\" aria-describedby=\"caption-attachment-168427\" style=\"width: 670px\" class=\"wp-caption alignnone\"><img loading=\"lazy\" decoding=\"async\" class=\"wp-image-168427 size-full\" src=\"https:\/\/media.acninternational.org\/wp-content\/uploads\/2022\/03\/pequenya-4.jpg\" alt=\"Les catholiques ukrainiens prient la M\u00e8re de Dieu pour la paix.\" width=\"670\" height=\"400\" srcset=\"https:\/\/media.acninternational.org\/wp-content\/uploads\/2022\/03\/pequenya-4.jpg 670w, https:\/\/media.acninternational.org\/wp-content\/uploads\/2022\/03\/pequenya-4-300x179.jpg 300w\" sizes=\"auto, (max-width: 670px) 100vw, 670px\" \/><figcaption id=\"caption-attachment-168427\" class=\"wp-caption-text\">Les catholiques ukrainiens prient la M\u00e8re de Dieu pour la paix.<\/figcaption><\/figure>\n<p>Kharkiv a \u00e9t\u00e9 l\u2019une des r\u00e9gions les plus attaqu\u00e9es du pays depuis le d\u00e9but de la guerre. Mgr Honczaruk a r\u00e9cemment donn\u00e9 \u00e0 ACN des preuves de la destruction de b\u00e2timents r\u00e9sidentiels priv\u00e9s. La toiture de son \u00e9v\u00each\u00e9 a \u00e9galement \u00e9t\u00e9 touch\u00e9e par un obus.<\/p>\n<p><strong>La cons\u00e9cration est un \u00ab signe de la victoire de Dieu \u00bb<\/strong><\/p>\n<p>Au milieu des souffrances et des destructions, l\u2019acte de cons\u00e9cration est \u00ab un signe de la victoire de Dieu, de l\u2019amour, de la bont\u00e9 et de la vie \u00bb, a poursuivi Mgr Honczaruk. \u00ab\u00a0Notre dioc\u00e8se, ainsi que d\u2019autres dioc\u00e8ses d\u2019Ukraine, ont \u00e9galement commenc\u00e9 \u00e0 pr\u00e9parer les neuvaines au C\u0153ur Immacul\u00e9 de Marie, et nous nous pr\u00e9parons maintenant \u00e0 ce bel \u00e9v\u00e9nement \u00bb. Dans son message \u00e0 ACN, Mgr Honczaruk a appel\u00e9 \u00e0 \u00a0\u00ab prier le Rosaire pour demander l\u2019intercession de Marie. Que Dieu vous b\u00e9nisse ! \u00bb.<\/p>\n<p>Le pape Fran\u00e7ois c\u00e9l\u00e9brera la cons\u00e9cration au C\u0153ur Immacul\u00e9 de Marie le 25 mars dans la basilique Saint-Pierre de Rome, \u00e0 17h00. Il a \u00e9galement appel\u00e9 les \u00e9v\u00eaques du monde entier \u00e0 se joindre \u00e0 cet acte.<\/p>\n<p>Par cette cons\u00e9cration, le pape Fran\u00e7ois r\u00e9pond \u00e0 la demande de la Conf\u00e9rence \u00e9piscopale ukrainienne et de nombreux fid\u00e8les du monde entier. L\u2019acte de cons\u00e9cration trouve son origine dans les apparitions mariales de Fatima, au Portugal, en 1917.<\/p>\n<p>Les papes ont \u00e0 plusieurs reprises, consacr\u00e9 toute l\u2019humanit\u00e9 au C\u0153ur de Marie, en particulier le pape Jean-Paul II en 1984, avec les \u00e9v\u00eaques du monde entier. Pour l\u2019acte de cons\u00e9cration pr\u00e9vu le 25 mars, le Vatican a publi\u00e9 une pri\u00e8re de cons\u00e9cration sp\u00e9cifique. Une copie de l\u2019ic\u00f4ne miraculeuse de Fatima a \u00e9galement \u00e9t\u00e9 envoy\u00e9e r\u00e9cemment en Ukraine et y a \u00e9t\u00e9 solennellement re\u00e7ue.<\/p>\n","protected":false},"excerpt":{"rendered":"<p>Les \u00e9v\u00eaques des territoires contest\u00e9s placent leur espoir dans la cons\u00e9cration internationale du pape Fran\u00e7ois. Cette cons\u00e9cration est \u00ab\u00a0un signe de la victoire de Dieu\u00a0\u00bb.<\/p>\n","protected":false},"author":4258341447,"featured_media":168417,"comment_status":"closed","ping_status":"closed","sticky":false,"template":"","format":"standard","meta":{"_acf_changed":false,"_acn_coauthor_ids":[],"footnotes":""},"categories":[992],"tags":[],"country":[156],"class_list":["post-168434","post","type-post","status-publish","format-standard","has-post-thumbnail","hentry","category-feature-fr","country-ukraine"],"acn_coauthors":[],"acf":[],"yoast_head":"<!-- This site is optimized with the Yoast SEO Premium plugin v27.3 (Yoast SEO v27.3) - https:\/\/yoast.com\/product\/yoast-seo-premium-wordpress\/ -->\n<title>Ukraine : \u00ab Nous croyons en l\u2019aide de Marie, M\u00e8re de Dieu \u00bb | ACN International<\/title>\n<meta name=\"description\" content=\"Les \u00e9v\u00eaques des territoires contest\u00e9s placent leur espoir dans la cons\u00e9cration internationale du pape Fran\u00e7ois, &quot;signe de la victoire de Dieu&quot;.\" \/>\n<meta name=\"robots\" content=\"index, follow, max-snippet:-1, max-image-preview:large, max-video-preview:-1\" \/>\n<link rel=\"canonical\" href=\"https:\/\/acninternational.org\/fr\/consacrer-la-russie-et-lukraine-au-coeur-immacule-de-marie\/\" \/>\n<meta property=\"og:locale\" content=\"fr_FR\" \/>\n<meta property=\"og:type\" content=\"article\" \/>\n<meta property=\"og:title\" content=\"Ukraine : \u00ab Nous croyons en l\u2019aide de Marie, M\u00e8re de Dieu \u00bb\" \/>\n<meta property=\"og:description\" content=\"Les \u00e9v\u00eaques des territoires contest\u00e9s placent leur espoir dans la cons\u00e9cration internationale du pape Fran\u00e7ois, &quot;signe de la victoire de Dieu&quot;.\" \/>\n<meta property=\"og:url\" content=\"https:\/\/acninternational.org\/fr\/consacrer-la-russie-et-lukraine-au-coeur-immacule-de-marie\/\" \/>\n<meta property=\"og:site_name\" content=\"ACN International\" \/>\n<meta property=\"article:publisher\" content=\"https:\/\/www.facebook.com\/acninternationalorg\" \/>\n<meta property=\"article:published_time\" content=\"2022-03-25T08:28:18+00:00\" \/>\n<meta property=\"article:modified_time\" content=\"2022-03-25T08:54:02+00:00\" \/>\n<meta property=\"og:image\" content=\"https:\/\/media.acninternational.org\/wp-content\/uploads\/2022\/03\/heading-5.jpg\" \/>\n\t<meta property=\"og:image:width\" content=\"2000\" \/>\n\t<meta property=\"og:image:height\" content=\"625\" \/>\n\t<meta property=\"og:image:type\" content=\"image\/jpeg\" \/>\n<meta name=\"author\" content=\"ACN Press Team\" \/>\n<meta name=\"twitter:card\" content=\"summary_large_image\" \/>\n<meta name=\"twitter:creator\" content=\"@acn_int\" \/>\n<meta name=\"twitter:site\" content=\"@acn_int\" \/>\n<meta name=\"twitter:label1\" content=\"\u00c9crit par\" \/>\n\t<meta name=\"twitter:data1\" content=\"ACN Press Team\" \/>\n\t<meta name=\"twitter:label2\" content=\"Dur\u00e9e de lecture estim\u00e9e\" \/>\n\t<meta name=\"twitter:data2\" content=\"3 minutes\" \/>\n<script type=\"application\/ld+json\" class=\"yoast-schema-graph\">{\"@context\":\"https:\\\/\\\/schema.org\",\"@graph\":[{\"@type\":\"Article\",\"@id\":\"https:\\\/\\\/acninternational.org\\\/fr\\\/consacrer-la-russie-et-lukraine-au-coeur-immacule-de-marie\\\/#article\",\"isPartOf\":{\"@id\":\"https:\\\/\\\/acninternational.org\\\/fr\\\/consacrer-la-russie-et-lukraine-au-coeur-immacule-de-marie\\\/\"},\"author\":{\"name\":\"ACN Press Team\",\"@id\":\"https:\\\/\\\/acninternational.org\\\/fr\\\/#\\\/schema\\\/person\\\/7f3dafb236b242fb2aa46be1411fd703\"},\"headline\":\"Ukraine : \u00ab Nous croyons en l\u2019aide de Marie, M\u00e8re de Dieu \u00bb\",\"datePublished\":\"2022-03-25T08:28:18+00:00\",\"dateModified\":\"2022-03-25T08:54:02+00:00\",\"mainEntityOfPage\":{\"@id\":\"https:\\\/\\\/acninternational.org\\\/fr\\\/consacrer-la-russie-et-lukraine-au-coeur-immacule-de-marie\\\/\"},\"wordCount\":671,\"publisher\":{\"@id\":\"https:\\\/\\\/acninternational.org\\\/fr\\\/#organization\"},\"image\":{\"@id\":\"https:\\\/\\\/acninternational.org\\\/fr\\\/consacrer-la-russie-et-lukraine-au-coeur-immacule-de-marie\\\/#primaryimage\"},\"thumbnailUrl\":\"https:\\\/\\\/media.acninternational.org\\\/wp-content\\\/uploads\\\/2022\\\/03\\\/heading-5.jpg\",\"articleSection\":[\"Feature\"],\"inLanguage\":\"fr-FR\"},{\"@type\":\"WebPage\",\"@id\":\"https:\\\/\\\/acninternational.org\\\/fr\\\/consacrer-la-russie-et-lukraine-au-coeur-immacule-de-marie\\\/\",\"url\":\"https:\\\/\\\/acninternational.org\\\/fr\\\/consacrer-la-russie-et-lukraine-au-coeur-immacule-de-marie\\\/\",\"name\":\"Ukraine : \u00ab Nous croyons en l\u2019aide de Marie, M\u00e8re de Dieu \u00bb | ACN International\",\"isPartOf\":{\"@id\":\"https:\\\/\\\/acninternational.org\\\/fr\\\/#website\"},\"primaryImageOfPage\":{\"@id\":\"https:\\\/\\\/acninternational.org\\\/fr\\\/consacrer-la-russie-et-lukraine-au-coeur-immacule-de-marie\\\/#primaryimage\"},\"image\":{\"@id\":\"https:\\\/\\\/acninternational.org\\\/fr\\\/consacrer-la-russie-et-lukraine-au-coeur-immacule-de-marie\\\/#primaryimage\"},\"thumbnailUrl\":\"https:\\\/\\\/media.acninternational.org\\\/wp-content\\\/uploads\\\/2022\\\/03\\\/heading-5.jpg\",\"datePublished\":\"2022-03-25T08:28:18+00:00\",\"dateModified\":\"2022-03-25T08:54:02+00:00\",\"description\":\"Les \u00e9v\u00eaques des territoires contest\u00e9s placent leur espoir dans la cons\u00e9cration internationale du pape Fran\u00e7ois, \\\"signe de la victoire de Dieu\\\".\",\"breadcrumb\":{\"@id\":\"https:\\\/\\\/acninternational.org\\\/fr\\\/consacrer-la-russie-et-lukraine-au-coeur-immacule-de-marie\\\/#breadcrumb\"},\"inLanguage\":\"fr-FR\",\"potentialAction\":[{\"@type\":\"ReadAction\",\"target\":[\"https:\\\/\\\/acninternational.org\\\/fr\\\/consacrer-la-russie-et-lukraine-au-coeur-immacule-de-marie\\\/\"]}]},{\"@type\":\"ImageObject\",\"inLanguage\":\"fr-FR\",\"@id\":\"https:\\\/\\\/acninternational.org\\\/fr\\\/consacrer-la-russie-et-lukraine-au-coeur-immacule-de-marie\\\/#primaryimage\",\"url\":\"https:\\\/\\\/media.acninternational.org\\\/wp-content\\\/uploads\\\/2022\\\/03\\\/heading-5.jpg\",\"contentUrl\":\"https:\\\/\\\/media.acninternational.org\\\/wp-content\\\/uploads\\\/2022\\\/03\\\/heading-5.jpg\",\"width\":2000,\"height\":625,\"caption\":\"Image de p\u00e8lerinage de Fatima envoy\u00e9e \u00e0 Lviv.\"},{\"@type\":\"BreadcrumbList\",\"@id\":\"https:\\\/\\\/acninternational.org\\\/fr\\\/consacrer-la-russie-et-lukraine-au-coeur-immacule-de-marie\\\/#breadcrumb\",\"itemListElement\":[{\"@type\":\"ListItem\",\"position\":1,\"name\":\"Home\",\"item\":\"https:\\\/\\\/acninternational.org\\\/fr\\\/\"},{\"@type\":\"ListItem\",\"position\":2,\"name\":\"Feature\",\"item\":\"https:\\\/\\\/acninternational.org\\\/fr\\\/category\\\/feature-fr\\\/\"},{\"@type\":\"ListItem\",\"position\":3,\"name\":\"Ukraine : \u00ab Nous croyons en l\u2019aide de Marie, M\u00e8re de Dieu \u00bb\"}]},{\"@type\":\"WebSite\",\"@id\":\"https:\\\/\\\/acninternational.org\\\/fr\\\/#website\",\"url\":\"https:\\\/\\\/acninternational.org\\\/fr\\\/\",\"name\":\"ACN International\",\"description\":\"\",\"publisher\":{\"@id\":\"https:\\\/\\\/acninternational.org\\\/fr\\\/#organization\"},\"potentialAction\":[{\"@type\":\"SearchAction\",\"target\":{\"@type\":\"EntryPoint\",\"urlTemplate\":\"https:\\\/\\\/acninternational.org\\\/fr\\\/?s={search_term_string}\"},\"query-input\":{\"@type\":\"PropertyValueSpecification\",\"valueRequired\":true,\"valueName\":\"search_term_string\"}}],\"inLanguage\":\"fr-FR\"},{\"@type\":\"Organization\",\"@id\":\"https:\\\/\\\/acninternational.org\\\/fr\\\/#organization\",\"name\":\"Aid to the Church in Need International\",\"url\":\"https:\\\/\\\/acninternational.org\\\/fr\\\/\",\"logo\":{\"@type\":\"ImageObject\",\"inLanguage\":\"fr-FR\",\"@id\":\"https:\\\/\\\/acninternational.org\\\/fr\\\/#\\\/schema\\\/logo\\\/image\\\/\",\"url\":\"https:\\\/\\\/media.acninternational.org\\\/wp-content\\\/uploads\\\/2019\\\/11\\\/acn_logo_blackvector.svg\",\"contentUrl\":\"https:\\\/\\\/media.acninternational.org\\\/wp-content\\\/uploads\\\/2019\\\/11\\\/acn_logo_blackvector.svg\",\"width\":232.6,\"height\":78,\"caption\":\"Aid to the Church in Need International\"},\"image\":{\"@id\":\"https:\\\/\\\/acninternational.org\\\/fr\\\/#\\\/schema\\\/logo\\\/image\\\/\"},\"sameAs\":[\"https:\\\/\\\/www.facebook.com\\\/acninternationalorg\",\"https:\\\/\\\/x.com\\\/acn_int\",\"https:\\\/\\\/www.youtube.com\\\/channel\\\/UCQ-077gS0TnVzkhHmf1opZw\",\"https:\\\/\\\/www.instagram.com\\\/acn_international\\\/\"]},{\"@type\":\"Person\",\"@id\":\"https:\\\/\\\/acninternational.org\\\/fr\\\/#\\\/schema\\\/person\\\/7f3dafb236b242fb2aa46be1411fd703\",\"name\":\"ACN Press Team\",\"description\":\"Lorem ipsum dolor sit amet, consectetur adipiscing elit, sed do eiusmod tempor incididunt ut labore et dolore magna aliqua. Ut enim ad minim veniam, quis nostrud exercitation ullamco laboris nisi ut aliquip ex ea commodo consequat.\",\"url\":\"https:\\\/\\\/acninternational.org\\\/fr\\\/author\\\/acn-press-team\\\/\"}]}<\/script>\n<!-- \/ Yoast SEO Premium plugin. -->","yoast_head_json":{"title":"Ukraine : \u00ab Nous croyons en l\u2019aide de Marie, M\u00e8re de Dieu \u00bb | ACN International","description":"Les \u00e9v\u00eaques des territoires contest\u00e9s placent leur espoir dans la cons\u00e9cration internationale du pape Fran\u00e7ois, \"signe de la victoire de Dieu\".","robots":{"index":"index","follow":"follow","max-snippet":"max-snippet:-1","max-image-preview":"max-image-preview:large","max-video-preview":"max-video-preview:-1"},"canonical":"https:\/\/acninternational.org\/fr\/consacrer-la-russie-et-lukraine-au-coeur-immacule-de-marie\/","og_locale":"fr_FR","og_type":"article","og_title":"Ukraine : \u00ab Nous croyons en l\u2019aide de Marie, M\u00e8re de Dieu \u00bb","og_description":"Les \u00e9v\u00eaques des territoires contest\u00e9s placent leur espoir dans la cons\u00e9cration internationale du pape Fran\u00e7ois, \"signe de la victoire de Dieu\".","og_url":"https:\/\/acninternational.org\/fr\/consacrer-la-russie-et-lukraine-au-coeur-immacule-de-marie\/","og_site_name":"ACN International","article_publisher":"https:\/\/www.facebook.com\/acninternationalorg","article_published_time":"2022-03-25T08:28:18+00:00","article_modified_time":"2022-03-25T08:54:02+00:00","og_image":[{"width":2000,"height":625,"url":"https:\/\/media.acninternational.org\/wp-content\/uploads\/2022\/03\/heading-5.jpg","type":"image\/jpeg"}],"author":"ACN Press Team","twitter_card":"summary_large_image","twitter_creator":"@acn_int","twitter_site":"@acn_int","twitter_misc":{"\u00c9crit par":"ACN Press Team","Dur\u00e9e de lecture estim\u00e9e":"3 minutes"},"schema":{"@context":"https:\/\/schema.org","@graph":[{"@type":"Article","@id":"https:\/\/acninternational.org\/fr\/consacrer-la-russie-et-lukraine-au-coeur-immacule-de-marie\/#article","isPartOf":{"@id":"https:\/\/acninternational.org\/fr\/consacrer-la-russie-et-lukraine-au-coeur-immacule-de-marie\/"},"author":{"name":"ACN Press Team","@id":"https:\/\/acninternational.org\/fr\/#\/schema\/person\/7f3dafb236b242fb2aa46be1411fd703"},"headline":"Ukraine : \u00ab Nous croyons en l\u2019aide de Marie, M\u00e8re de Dieu \u00bb","datePublished":"2022-03-25T08:28:18+00:00","dateModified":"2022-03-25T08:54:02+00:00","mainEntityOfPage":{"@id":"https:\/\/acninternational.org\/fr\/consacrer-la-russie-et-lukraine-au-coeur-immacule-de-marie\/"},"wordCount":671,"publisher":{"@id":"https:\/\/acninternational.org\/fr\/#organization"},"image":{"@id":"https:\/\/acninternational.org\/fr\/consacrer-la-russie-et-lukraine-au-coeur-immacule-de-marie\/#primaryimage"},"thumbnailUrl":"https:\/\/media.acninternational.org\/wp-content\/uploads\/2022\/03\/heading-5.jpg","articleSection":["Feature"],"inLanguage":"fr-FR"},{"@type":"WebPage","@id":"https:\/\/acninternational.org\/fr\/consacrer-la-russie-et-lukraine-au-coeur-immacule-de-marie\/","url":"https:\/\/acninternational.org\/fr\/consacrer-la-russie-et-lukraine-au-coeur-immacule-de-marie\/","name":"Ukraine : \u00ab Nous croyons en l\u2019aide de Marie, M\u00e8re de Dieu \u00bb | ACN International","isPartOf":{"@id":"https:\/\/acninternational.org\/fr\/#website"},"primaryImageOfPage":{"@id":"https:\/\/acninternational.org\/fr\/consacrer-la-russie-et-lukraine-au-coeur-immacule-de-marie\/#primaryimage"},"image":{"@id":"https:\/\/acninternational.org\/fr\/consacrer-la-russie-et-lukraine-au-coeur-immacule-de-marie\/#primaryimage"},"thumbnailUrl":"https:\/\/media.acninternational.org\/wp-content\/uploads\/2022\/03\/heading-5.jpg","datePublished":"2022-03-25T08:28:18+00:00","dateModified":"2022-03-25T08:54:02+00:00","description":"Les \u00e9v\u00eaques des territoires contest\u00e9s placent leur espoir dans la cons\u00e9cration internationale du pape Fran\u00e7ois, \"signe de la victoire de Dieu\".","breadcrumb":{"@id":"https:\/\/acninternational.org\/fr\/consacrer-la-russie-et-lukraine-au-coeur-immacule-de-marie\/#breadcrumb"},"inLanguage":"fr-FR","potentialAction":[{"@type":"ReadAction","target":["https:\/\/acninternational.org\/fr\/consacrer-la-russie-et-lukraine-au-coeur-immacule-de-marie\/"]}]},{"@type":"ImageObject","inLanguage":"fr-FR","@id":"https:\/\/acninternational.org\/fr\/consacrer-la-russie-et-lukraine-au-coeur-immacule-de-marie\/#primaryimage","url":"https:\/\/media.acninternational.org\/wp-content\/uploads\/2022\/03\/heading-5.jpg","contentUrl":"https:\/\/media.acninternational.org\/wp-content\/uploads\/2022\/03\/heading-5.jpg","width":2000,"height":625,"caption":"Image de p\u00e8lerinage de Fatima envoy\u00e9e \u00e0 Lviv."},{"@type":"BreadcrumbList","@id":"https:\/\/acninternational.org\/fr\/consacrer-la-russie-et-lukraine-au-coeur-immacule-de-marie\/#breadcrumb","itemListElement":[{"@type":"ListItem","position":1,"name":"Home","item":"https:\/\/acninternational.org\/fr\/"},{"@type":"ListItem","position":2,"name":"Feature","item":"https:\/\/acninternational.org\/fr\/category\/feature-fr\/"},{"@type":"ListItem","position":3,"name":"Ukraine : \u00ab Nous croyons en l\u2019aide de Marie, M\u00e8re de Dieu \u00bb"}]},{"@type":"WebSite","@id":"https:\/\/acninternational.org\/fr\/#website","url":"https:\/\/acninternational.org\/fr\/","name":"ACN International","description":"","publisher":{"@id":"https:\/\/acninternational.org\/fr\/#organization"},"potentialAction":[{"@type":"SearchAction","target":{"@type":"EntryPoint","urlTemplate":"https:\/\/acninternational.org\/fr\/?s={search_term_string}"},"query-input":{"@type":"PropertyValueSpecification","valueRequired":true,"valueName":"search_term_string"}}],"inLanguage":"fr-FR"},{"@type":"Organization","@id":"https:\/\/acninternational.org\/fr\/#organization","name":"Aid to the Church in Need International","url":"https:\/\/acninternational.org\/fr\/","logo":{"@type":"ImageObject","inLanguage":"fr-FR","@id":"https:\/\/acninternational.org\/fr\/#\/schema\/logo\/image\/","url":"https:\/\/media.acninternational.org\/wp-content\/uploads\/2019\/11\/acn_logo_blackvector.svg","contentUrl":"https:\/\/media.acninternational.org\/wp-content\/uploads\/2019\/11\/acn_logo_blackvector.svg","width":232.6,"height":78,"caption":"Aid to the Church in Need International"},"image":{"@id":"https:\/\/acninternational.org\/fr\/#\/schema\/logo\/image\/"},"sameAs":["https:\/\/www.facebook.com\/acninternationalorg","https:\/\/x.com\/acn_int","https:\/\/www.youtube.com\/channel\/UCQ-077gS0TnVzkhHmf1opZw","https:\/\/www.instagram.com\/acn_international\/"]},{"@type":"Person","@id":"https:\/\/acninternational.org\/fr\/#\/schema\/person\/7f3dafb236b242fb2aa46be1411fd703","name":"ACN Press Team","description":"Lorem ipsum dolor sit amet, consectetur adipiscing elit, sed do eiusmod tempor incididunt ut labore et dolore magna aliqua. Ut enim ad minim veniam, quis nostrud exercitation ullamco laboris nisi ut aliquip ex ea commodo consequat.","url":"https:\/\/acninternational.org\/fr\/author\/acn-press-team\/"}]}},"_links":{"self":[{"href":"https:\/\/acninternational.org\/fr\/wp-json\/wp\/v2\/posts\/168434","targetHints":{"allow":["GET"]}}],"collection":[{"href":"https:\/\/acninternational.org\/fr\/wp-json\/wp\/v2\/posts"}],"about":[{"href":"https:\/\/acninternational.org\/fr\/wp-json\/wp\/v2\/types\/post"}],"author":[{"embeddable":true,"href":"https:\/\/acninternational.org\/fr\/wp-json\/wp\/v2\/users\/4258341447"}],"replies":[{"embeddable":true,"href":"https:\/\/acninternational.org\/fr\/wp-json\/wp\/v2\/comments?post=168434"}],"version-history":[{"count":0,"href":"https:\/\/acninternational.org\/fr\/wp-json\/wp\/v2\/posts\/168434\/revisions"}],"wp:featuredmedia":[{"embeddable":true,"href":"https:\/\/acninternational.org\/fr\/wp-json\/wp\/v2\/media\/168417"}],"wp:attachment":[{"href":"https:\/\/acninternational.org\/fr\/wp-json\/wp\/v2\/media?parent=168434"}],"wp:term":[{"taxonomy":"category","embeddable":true,"href":"https:\/\/acninternational.org\/fr\/wp-json\/wp\/v2\/categories?post=168434"},{"taxonomy":"post_tag","embeddable":true,"href":"https:\/\/acninternational.org\/fr\/wp-json\/wp\/v2\/tags?post=168434"},{"taxonomy":"country","embeddable":true,"href":"https:\/\/acninternational.org\/fr\/wp-json\/wp\/v2\/country?post=168434"}],"curies":[{"name":"wp","href":"https:\/\/api.w.org\/{rel}","templated":true}]}}