{"id":167940,"date":"2022-03-14T15:36:14","date_gmt":"2022-03-14T14:36:14","guid":{"rendered":"https:\/\/acninternational.org\/?p=167940"},"modified":"2022-03-14T15:36:22","modified_gmt":"2022-03-14T14:36:22","slug":"acn-active-un-plan-durgence-pour-les-ecoles-catholiques-au-liban","status":"publish","type":"post","link":"https:\/\/acninternational.org\/fr\/acn-active-un-plan-durgence-pour-les-ecoles-catholiques-au-liban\/","title":{"rendered":"ACN active un plan d\u2019urgence pour les \u00e9coles catholiques au Liban"},"content":{"rendered":"<p>La fondation internationale Aid to the Church in Need (ACN) annonce le lancement d\u2019une campagne \u00e0 grande \u00e9chelle en faveur des \u00e9coles catholiques du Liban afin d\u2019att\u00e9nuer l\u2019impact de la grande crise \u00e9conomique qui a laiss\u00e9 exsangues les institutions sociales du pays, en particulier celles li\u00e9es \u00e0 l\u2019\u00c9glise catholique.<\/p>\n<p><img loading=\"lazy\" decoding=\"async\" class=\"aligncenter size-full wp-image-167926\" src=\"https:\/\/media.acninternational.org\/wp-content\/uploads\/2022\/03\/ACN-20220210-124161.jpeg\" alt=\"\" width=\"1000\" height=\"753\" srcset=\"https:\/\/media.acninternational.org\/wp-content\/uploads\/2022\/03\/ACN-20220210-124161.jpeg 1000w, https:\/\/media.acninternational.org\/wp-content\/uploads\/2022\/03\/ACN-20220210-124161-300x226.jpeg 300w, https:\/\/media.acninternational.org\/wp-content\/uploads\/2022\/03\/ACN-20220210-124161-768x578.jpeg 768w\" sizes=\"auto, (max-width: 1000px) 100vw, 1000px\" \/><\/p>\n<p>\u00ab La monnaie libanaise a connu la plus grave d\u00e9valuation de son histoire. Il y a une \u00e9migration massive et les services sociaux de base s\u2019effondrent \u00bb, explique Philipp Ozores, secr\u00e9taire g\u00e9n\u00e9ral d\u2019ACN, \u00e0 la suite d\u2019une visite dans le pays. \u00ab Cela repr\u00e9sente la plus grande menace pour la pr\u00e9sence chr\u00e9tienne de ces derni\u00e8res d\u00e9cennies \u00bb.<\/p>\n<p>Le Liban est le seul pays du Proche-Orient avec une importante communaut\u00e9 chr\u00e9tienne, suite \u00e0 l\u2019exode de masse des chr\u00e9tiens d\u2019Irak et de Syrie.<\/p>\n<p>L\u2019aide d\u2019ACN est une r\u00e9ponse \u00e0 l\u2019appel que Mgr Joseph Spiteri, nonce apostolique au Liban, a adress\u00e9 \u00e0 diff\u00e9rentes organisations d\u2019aide catholiques du monde entier.<\/p>\n<p>L\u2019objectif de la campagne est de sauver plus de 90 \u00e9coles de la fermeture imm\u00e9diate, dont 61 \u00e9coles dans des zones rurales et dans les quartiers pauvres de Beyrouth et 19 \u00e9coles techniques en crise dans tout le pays. ACN a approuv\u00e9 une aide de pr\u00e8s de 1,5 million d\u2019euros.<\/p>\n<p>\u00ab\u00a0Si nous n\u2019agissons pas maintenant, cette terrible et incessante crise laissera des milliers d\u2019enfants sans \u00e9ducation et encouragera encore plus de familles chr\u00e9tiennes \u00e0 \u00e9migrer\u00a0\u00bb, d\u00e9clare Philipp Ozores.<\/p>\n<p>Par ailleurs, ajoute le secr\u00e9taire g\u00e9n\u00e9ral d\u2019ACN, on perdrait un pilier important de coh\u00e9sion sociale et culturelle dans un pays d\u00e9j\u00e0 bien fragment\u00e9. Les \u00e9coles catholiques au Liban sont ouvertes \u00e0 tout le monde et dans les r\u00e9gions \u00e0 majorit\u00e9 musulmane, jusqu\u2019\u00e0 90 % des \u00e9l\u00e8ves sont musulmans. \u00ab L\u2019\u00c9glise au Liban promeut l\u2019\u00e9ducation des musulmans et des chr\u00e9tiens depuis des g\u00e9n\u00e9rations. Cela a eu un effet positif sur l\u2019\u00e9tat d\u2019esprit de nombreux Libanais, fonctionnant comme un rempart contre le type de fanatisme religieux et d\u2019extr\u00e9misme que nous avons vu dans d\u2019autres r\u00e9gions du monde arabe.<\/p>\n<figure id=\"attachment_167932\" aria-describedby=\"caption-attachment-167932\" style=\"width: 1000px\" class=\"wp-caption aligncenter\"><img loading=\"lazy\" decoding=\"async\" class=\"size-full wp-image-167932\" src=\"https:\/\/media.acninternational.org\/wp-content\/uploads\/2022\/03\/ACN-20220114-122756.jpg\" alt=\"\" width=\"1000\" height=\"667\" srcset=\"https:\/\/media.acninternational.org\/wp-content\/uploads\/2022\/03\/ACN-20220114-122756.jpg 1000w, https:\/\/media.acninternational.org\/wp-content\/uploads\/2022\/03\/ACN-20220114-122756-300x200.jpg 300w, https:\/\/media.acninternational.org\/wp-content\/uploads\/2022\/03\/ACN-20220114-122756-768x512.jpg 768w\" sizes=\"auto, (max-width: 1000px) 100vw, 1000px\" \/><figcaption id=\"caption-attachment-167932\" class=\"wp-caption-text\">Missionary Sisters of The Very Holy Sacrament (Maronite) Mother Maguy Dabashy and the sisters are helping with ACN support poor Christian families living in villages near Jbeil (12 months 2021\/ 2022)<br \/>They run a school and have some children living in the convent as well, half orphan or with family problems&#8230;<br \/>LEBANON \/ NATIONAL 21\/00501 ID: 2104040<br \/>Support for Catholic \u00ab\u00a0assisted schools\u00a0\u00bb in Lebanon &#8211; 2021\/ 2022: Blessed Sacrament School in Beit Habbak.<\/figcaption><\/figure>\n<p>Jusqu\u2019\u00e0 il y a environ deux ans, les frais de scolarit\u00e9 \u00e9taient pay\u00e9s par les familles, mais le personnel enseignant \u00e9tait financ\u00e9 par le gouvernement. En raison de la crise financi\u00e8re et \u00e9conomique, les parents n\u2019ont pas pu payer leurs frais de scolarit\u00e9 et le gouvernement libanais n\u2019a pas pay\u00e9 sa part depuis un certain temps. Dans certains cas, les \u00e9coles ont connu quatre ans sans l\u2019aide de l\u2019\u00c9tat et ne peuvent plus payer leurs enseignants. \u00ab\u00a0Il y a un gros risque qu\u2019elles soient oblig\u00e9es de fermer\u00a0\u00bb, d\u00e9clare Philipp Ozores.<\/p>\n<p>Dans un premier temps, ACN s&rsquo;est engag\u00e9e \u00e0 soutenir ces quelque 90 \u00e9coles \u00e0 travers 12 projets. Une partie de cette aide prendra la forme de bourses d\u2019\u00e9tudes pour les \u00e9tudiants issus des familles les plus vuln\u00e9rables, variant entre 25 % et 70 % de l\u2019effectif total des \u00e9tudiants selon les \u00e9coles. Cela soulagera les familles qui ne sont actuellement pas en mesure de payer les frais \u00e0 cause de la crise.<\/p>\n<p>Une autre partie est constitu\u00e9e par une aide d\u2019urgence pour les enseignants et les membres du personnel administratif des \u00e9coles. L\u2019objectif est de compenser la perte en valeur r\u00e9elle de leurs salaires due \u00e0 la d\u00e9valuation de la monnaie nationale, r\u00e9duisant ainsi la pression \u00e0 l\u2019\u00e9migration.<\/p>\n<p>\u00ab Offrir au personnel de ces institutions eccl\u00e9siales un salaire stable est l\u2019un des piliers des programmes d\u2019ACN \u00bb, explique Philipp Ozores. Plus de 2000 enseignants du primaire et du secondaire ont quitt\u00e9 le Liban ces derniers mois \u00e0 la recherche d\u2019emplois en Europe ou dans les pays du Golfe. Le salaire moyen actuel d\u2019un directeur est pass\u00e9 de 1000 USD \u00e0 seulement 50 USD par mois.<\/p>\n<p>L\u2019aide d\u2019ACN leur permettra d\u2019acheter des produits de base qui sont tout simplement hors de port\u00e9e pour le moment, comme le carburant pour se rendre \u00e0 l\u2019\u00e9cole. Pour r\u00e9duire les co\u00fbts, certaines \u00e9coles ne fonctionnent pas selon un syst\u00e8me de cinq jours et, dans certains cas, le personnel est autoris\u00e9 \u00e0 dormir sur place.<\/p>\n<p>Ces derni\u00e8res ann\u00e9es, l\u2019aide d\u2019ACN au Liban s\u2019est concentr\u00e9e sur le soutien aux r\u00e9fugi\u00e9s chr\u00e9tiens de la guerre civile syrienne. En 2020 et 2021, l\u2019organisation a massivement augment\u00e9 son aide pour la restauration des \u00e9difices catholiques de Beyrouth, \u00e0 la suite de l\u2019explosion dans le port, ainsi que l\u2019aide d\u2019urgence aux familles vuln\u00e9rables. ACN continuera \u00e0 fournir son aide dans ces domaines et \u00e0 offrir un soutien pastoral et spirituel pour renforcer et apporter l\u2019espoir aux chr\u00e9tiens du Liban, en particulier aux jeunes, mais aussi aux pr\u00eatres, aux s\u00e9minaristes et aux membres des ordres religieux.<\/p>\n","protected":false},"excerpt":{"rendered":"<p>La fondation internationale Aid to the Church in Need (ACN) annonce le lancement d\u2019une campagne \u00e0 grande \u00e9chelle en faveur<\/p>\n","protected":false},"author":4258341447,"featured_media":167920,"comment_status":"closed","ping_status":"closed","sticky":false,"template":"","format":"standard","meta":{"_acf_changed":false,"_acn_coauthor_ids":[],"_acn_featured_article":false,"footnotes":""},"categories":[919,962],"tags":[],"country":[340],"class_list":["post-167940","post","type-post","status-publish","format-standard","has-post-thumbnail","hentry","category-nouvelle","category-news-fr","country-lebanon"],"acn_coauthors":[],"acf":[],"yoast_head":"<!-- This site is optimized with the Yoast SEO Premium plugin v27.5 (Yoast SEO v27.5) - https:\/\/yoast.com\/product\/yoast-seo-premium-wordpress\/ -->\n<title>ACN active un plan d\u2019urgence pour les \u00e9coles catholiques au Liban | ACN International<\/title>\n<meta name=\"robots\" content=\"index, follow, max-snippet:-1, max-image-preview:large, max-video-preview:-1\" \/>\n<link rel=\"canonical\" href=\"https:\/\/acninternational.org\/fr\/acn-active-un-plan-durgence-pour-les-ecoles-catholiques-au-liban\/\" \/>\n<meta property=\"og:locale\" content=\"fr_FR\" \/>\n<meta property=\"og:type\" content=\"article\" \/>\n<meta property=\"og:title\" content=\"ACN active un plan d\u2019urgence pour les \u00e9coles catholiques au Liban\" \/>\n<meta property=\"og:description\" content=\"La fondation internationale Aid to the Church in Need (ACN) annonce le lancement d\u2019une campagne \u00e0 grande \u00e9chelle en faveur\" \/>\n<meta property=\"og:url\" content=\"https:\/\/acninternational.org\/fr\/acn-active-un-plan-durgence-pour-les-ecoles-catholiques-au-liban\/\" \/>\n<meta property=\"og:site_name\" content=\"ACN International\" \/>\n<meta property=\"article:publisher\" content=\"https:\/\/www.facebook.com\/acninternationalorg\" \/>\n<meta property=\"article:published_time\" content=\"2022-03-14T14:36:14+00:00\" \/>\n<meta property=\"article:modified_time\" content=\"2022-03-14T14:36:22+00:00\" \/>\n<meta property=\"og:image\" content=\"https:\/\/media.acninternational.org\/wp-content\/uploads\/2022\/03\/ACN-20220114-122757.jpeg\" \/>\n\t<meta property=\"og:image:width\" content=\"1920\" \/>\n\t<meta property=\"og:image:height\" content=\"700\" \/>\n\t<meta property=\"og:image:type\" content=\"image\/jpeg\" \/>\n<meta name=\"author\" content=\"ACN Press Team\" \/>\n<meta name=\"twitter:card\" content=\"summary_large_image\" \/>\n<meta name=\"twitter:creator\" content=\"@acn_int\" \/>\n<meta name=\"twitter:site\" content=\"@acn_int\" \/>\n<meta name=\"twitter:label1\" content=\"\u00c9crit par\" \/>\n\t<meta name=\"twitter:data1\" content=\"ACN Press Team\" \/>\n\t<meta name=\"twitter:label2\" content=\"Dur\u00e9e de lecture estim\u00e9e\" \/>\n\t<meta name=\"twitter:data2\" content=\"5 minutes\" \/>\n<script type=\"application\/ld+json\" class=\"yoast-schema-graph\">{\"@context\":\"https:\\\/\\\/schema.org\",\"@graph\":[{\"@type\":\"Article\",\"@id\":\"https:\\\/\\\/acninternational.org\\\/fr\\\/acn-active-un-plan-durgence-pour-les-ecoles-catholiques-au-liban\\\/#article\",\"isPartOf\":{\"@id\":\"https:\\\/\\\/acninternational.org\\\/fr\\\/acn-active-un-plan-durgence-pour-les-ecoles-catholiques-au-liban\\\/\"},\"author\":{\"name\":\"ACN Press Team\",\"@id\":\"https:\\\/\\\/acninternational.org\\\/fr\\\/#\\\/schema\\\/person\\\/7f3dafb236b242fb2aa46be1411fd703\"},\"headline\":\"ACN active un plan d\u2019urgence pour les \u00e9coles catholiques au Liban\",\"datePublished\":\"2022-03-14T14:36:14+00:00\",\"dateModified\":\"2022-03-14T14:36:22+00:00\",\"mainEntityOfPage\":{\"@id\":\"https:\\\/\\\/acninternational.org\\\/fr\\\/acn-active-un-plan-durgence-pour-les-ecoles-catholiques-au-liban\\\/\"},\"wordCount\":899,\"publisher\":{\"@id\":\"https:\\\/\\\/acninternational.org\\\/fr\\\/#organization\"},\"image\":{\"@id\":\"https:\\\/\\\/acninternational.org\\\/fr\\\/acn-active-un-plan-durgence-pour-les-ecoles-catholiques-au-liban\\\/#primaryimage\"},\"thumbnailUrl\":\"https:\\\/\\\/media.acninternational.org\\\/wp-content\\\/uploads\\\/2022\\\/03\\\/ACN-20220114-122757.jpeg\",\"articleSection\":[\"Nouvelle\",\"Nouvelles\"],\"inLanguage\":\"fr-FR\"},{\"@type\":\"WebPage\",\"@id\":\"https:\\\/\\\/acninternational.org\\\/fr\\\/acn-active-un-plan-durgence-pour-les-ecoles-catholiques-au-liban\\\/\",\"url\":\"https:\\\/\\\/acninternational.org\\\/fr\\\/acn-active-un-plan-durgence-pour-les-ecoles-catholiques-au-liban\\\/\",\"name\":\"ACN active un plan d\u2019urgence pour les \u00e9coles catholiques au Liban | ACN International\",\"isPartOf\":{\"@id\":\"https:\\\/\\\/acninternational.org\\\/fr\\\/#website\"},\"primaryImageOfPage\":{\"@id\":\"https:\\\/\\\/acninternational.org\\\/fr\\\/acn-active-un-plan-durgence-pour-les-ecoles-catholiques-au-liban\\\/#primaryimage\"},\"image\":{\"@id\":\"https:\\\/\\\/acninternational.org\\\/fr\\\/acn-active-un-plan-durgence-pour-les-ecoles-catholiques-au-liban\\\/#primaryimage\"},\"thumbnailUrl\":\"https:\\\/\\\/media.acninternational.org\\\/wp-content\\\/uploads\\\/2022\\\/03\\\/ACN-20220114-122757.jpeg\",\"datePublished\":\"2022-03-14T14:36:14+00:00\",\"dateModified\":\"2022-03-14T14:36:22+00:00\",\"breadcrumb\":{\"@id\":\"https:\\\/\\\/acninternational.org\\\/fr\\\/acn-active-un-plan-durgence-pour-les-ecoles-catholiques-au-liban\\\/#breadcrumb\"},\"inLanguage\":\"fr-FR\",\"potentialAction\":[{\"@type\":\"ReadAction\",\"target\":[\"https:\\\/\\\/acninternational.org\\\/fr\\\/acn-active-un-plan-durgence-pour-les-ecoles-catholiques-au-liban\\\/\"]}]},{\"@type\":\"ImageObject\",\"inLanguage\":\"fr-FR\",\"@id\":\"https:\\\/\\\/acninternational.org\\\/fr\\\/acn-active-un-plan-durgence-pour-les-ecoles-catholiques-au-liban\\\/#primaryimage\",\"url\":\"https:\\\/\\\/media.acninternational.org\\\/wp-content\\\/uploads\\\/2022\\\/03\\\/ACN-20220114-122757.jpeg\",\"contentUrl\":\"https:\\\/\\\/media.acninternational.org\\\/wp-content\\\/uploads\\\/2022\\\/03\\\/ACN-20220114-122757.jpeg\",\"width\":1920,\"height\":700},{\"@type\":\"BreadcrumbList\",\"@id\":\"https:\\\/\\\/acninternational.org\\\/fr\\\/acn-active-un-plan-durgence-pour-les-ecoles-catholiques-au-liban\\\/#breadcrumb\",\"itemListElement\":[{\"@type\":\"ListItem\",\"position\":1,\"name\":\"Home\",\"item\":\"https:\\\/\\\/acninternational.org\\\/fr\\\/\"},{\"@type\":\"ListItem\",\"position\":2,\"name\":\"Nouvelles\",\"item\":\"https:\\\/\\\/acninternational.org\\\/fr\\\/category\\\/news-fr\\\/\"},{\"@type\":\"ListItem\",\"position\":3,\"name\":\"ACN active un plan d\u2019urgence pour les \u00e9coles catholiques au Liban\"}]},{\"@type\":\"WebSite\",\"@id\":\"https:\\\/\\\/acninternational.org\\\/fr\\\/#website\",\"url\":\"https:\\\/\\\/acninternational.org\\\/fr\\\/\",\"name\":\"ACN International\",\"description\":\"\",\"publisher\":{\"@id\":\"https:\\\/\\\/acninternational.org\\\/fr\\\/#organization\"},\"potentialAction\":[{\"@type\":\"SearchAction\",\"target\":{\"@type\":\"EntryPoint\",\"urlTemplate\":\"https:\\\/\\\/acninternational.org\\\/fr\\\/?s={search_term_string}\"},\"query-input\":{\"@type\":\"PropertyValueSpecification\",\"valueRequired\":true,\"valueName\":\"search_term_string\"}}],\"inLanguage\":\"fr-FR\"},{\"@type\":\"Organization\",\"@id\":\"https:\\\/\\\/acninternational.org\\\/fr\\\/#organization\",\"name\":\"Aid to the Church in Need International\",\"url\":\"https:\\\/\\\/acninternational.org\\\/fr\\\/\",\"logo\":{\"@type\":\"ImageObject\",\"inLanguage\":\"fr-FR\",\"@id\":\"https:\\\/\\\/acninternational.org\\\/fr\\\/#\\\/schema\\\/logo\\\/image\\\/\",\"url\":\"https:\\\/\\\/media.acninternational.org\\\/wp-content\\\/uploads\\\/2019\\\/11\\\/acn_logo_blackvector.svg\",\"contentUrl\":\"https:\\\/\\\/media.acninternational.org\\\/wp-content\\\/uploads\\\/2019\\\/11\\\/acn_logo_blackvector.svg\",\"width\":232.6,\"height\":78,\"caption\":\"Aid to the Church in Need International\"},\"image\":{\"@id\":\"https:\\\/\\\/acninternational.org\\\/fr\\\/#\\\/schema\\\/logo\\\/image\\\/\"},\"sameAs\":[\"https:\\\/\\\/www.facebook.com\\\/acninternationalorg\",\"https:\\\/\\\/x.com\\\/acn_int\",\"https:\\\/\\\/www.youtube.com\\\/channel\\\/UCQ-077gS0TnVzkhHmf1opZw\",\"https:\\\/\\\/www.instagram.com\\\/acn_international\\\/\"]},{\"@type\":\"Person\",\"@id\":\"https:\\\/\\\/acninternational.org\\\/fr\\\/#\\\/schema\\\/person\\\/7f3dafb236b242fb2aa46be1411fd703\",\"name\":\"ACN Press Team\",\"description\":\"Lorem ipsum dolor sit amet, consectetur adipiscing elit, sed do eiusmod tempor incididunt ut labore et dolore magna aliqua. Ut enim ad minim veniam, quis nostrud exercitation ullamco laboris nisi ut aliquip ex ea commodo consequat.\",\"url\":\"https:\\\/\\\/acninternational.org\\\/fr\\\/author\\\/acn-press-team\\\/\"}]}<\/script>\n<!-- \/ Yoast SEO Premium plugin. -->","yoast_head_json":{"title":"ACN active un plan d\u2019urgence pour les \u00e9coles catholiques au Liban | ACN International","robots":{"index":"index","follow":"follow","max-snippet":"max-snippet:-1","max-image-preview":"max-image-preview:large","max-video-preview":"max-video-preview:-1"},"canonical":"https:\/\/acninternational.org\/fr\/acn-active-un-plan-durgence-pour-les-ecoles-catholiques-au-liban\/","og_locale":"fr_FR","og_type":"article","og_title":"ACN active un plan d\u2019urgence pour les \u00e9coles catholiques au Liban","og_description":"La fondation internationale Aid to the Church in Need (ACN) annonce le lancement d\u2019une campagne \u00e0 grande \u00e9chelle en faveur","og_url":"https:\/\/acninternational.org\/fr\/acn-active-un-plan-durgence-pour-les-ecoles-catholiques-au-liban\/","og_site_name":"ACN International","article_publisher":"https:\/\/www.facebook.com\/acninternationalorg","article_published_time":"2022-03-14T14:36:14+00:00","article_modified_time":"2022-03-14T14:36:22+00:00","og_image":[{"width":1920,"height":700,"url":"https:\/\/media.acninternational.org\/wp-content\/uploads\/2022\/03\/ACN-20220114-122757.jpeg","type":"image\/jpeg"}],"author":"ACN Press Team","twitter_card":"summary_large_image","twitter_creator":"@acn_int","twitter_site":"@acn_int","twitter_misc":{"\u00c9crit par":"ACN Press Team","Dur\u00e9e de lecture estim\u00e9e":"5 minutes"},"schema":{"@context":"https:\/\/schema.org","@graph":[{"@type":"Article","@id":"https:\/\/acninternational.org\/fr\/acn-active-un-plan-durgence-pour-les-ecoles-catholiques-au-liban\/#article","isPartOf":{"@id":"https:\/\/acninternational.org\/fr\/acn-active-un-plan-durgence-pour-les-ecoles-catholiques-au-liban\/"},"author":{"name":"ACN Press Team","@id":"https:\/\/acninternational.org\/fr\/#\/schema\/person\/7f3dafb236b242fb2aa46be1411fd703"},"headline":"ACN active un plan d\u2019urgence pour les \u00e9coles catholiques au Liban","datePublished":"2022-03-14T14:36:14+00:00","dateModified":"2022-03-14T14:36:22+00:00","mainEntityOfPage":{"@id":"https:\/\/acninternational.org\/fr\/acn-active-un-plan-durgence-pour-les-ecoles-catholiques-au-liban\/"},"wordCount":899,"publisher":{"@id":"https:\/\/acninternational.org\/fr\/#organization"},"image":{"@id":"https:\/\/acninternational.org\/fr\/acn-active-un-plan-durgence-pour-les-ecoles-catholiques-au-liban\/#primaryimage"},"thumbnailUrl":"https:\/\/media.acninternational.org\/wp-content\/uploads\/2022\/03\/ACN-20220114-122757.jpeg","articleSection":["Nouvelle","Nouvelles"],"inLanguage":"fr-FR"},{"@type":"WebPage","@id":"https:\/\/acninternational.org\/fr\/acn-active-un-plan-durgence-pour-les-ecoles-catholiques-au-liban\/","url":"https:\/\/acninternational.org\/fr\/acn-active-un-plan-durgence-pour-les-ecoles-catholiques-au-liban\/","name":"ACN active un plan d\u2019urgence pour les \u00e9coles catholiques au Liban | ACN International","isPartOf":{"@id":"https:\/\/acninternational.org\/fr\/#website"},"primaryImageOfPage":{"@id":"https:\/\/acninternational.org\/fr\/acn-active-un-plan-durgence-pour-les-ecoles-catholiques-au-liban\/#primaryimage"},"image":{"@id":"https:\/\/acninternational.org\/fr\/acn-active-un-plan-durgence-pour-les-ecoles-catholiques-au-liban\/#primaryimage"},"thumbnailUrl":"https:\/\/media.acninternational.org\/wp-content\/uploads\/2022\/03\/ACN-20220114-122757.jpeg","datePublished":"2022-03-14T14:36:14+00:00","dateModified":"2022-03-14T14:36:22+00:00","breadcrumb":{"@id":"https:\/\/acninternational.org\/fr\/acn-active-un-plan-durgence-pour-les-ecoles-catholiques-au-liban\/#breadcrumb"},"inLanguage":"fr-FR","potentialAction":[{"@type":"ReadAction","target":["https:\/\/acninternational.org\/fr\/acn-active-un-plan-durgence-pour-les-ecoles-catholiques-au-liban\/"]}]},{"@type":"ImageObject","inLanguage":"fr-FR","@id":"https:\/\/acninternational.org\/fr\/acn-active-un-plan-durgence-pour-les-ecoles-catholiques-au-liban\/#primaryimage","url":"https:\/\/media.acninternational.org\/wp-content\/uploads\/2022\/03\/ACN-20220114-122757.jpeg","contentUrl":"https:\/\/media.acninternational.org\/wp-content\/uploads\/2022\/03\/ACN-20220114-122757.jpeg","width":1920,"height":700},{"@type":"BreadcrumbList","@id":"https:\/\/acninternational.org\/fr\/acn-active-un-plan-durgence-pour-les-ecoles-catholiques-au-liban\/#breadcrumb","itemListElement":[{"@type":"ListItem","position":1,"name":"Home","item":"https:\/\/acninternational.org\/fr\/"},{"@type":"ListItem","position":2,"name":"Nouvelles","item":"https:\/\/acninternational.org\/fr\/category\/news-fr\/"},{"@type":"ListItem","position":3,"name":"ACN active un plan d\u2019urgence pour les \u00e9coles catholiques au Liban"}]},{"@type":"WebSite","@id":"https:\/\/acninternational.org\/fr\/#website","url":"https:\/\/acninternational.org\/fr\/","name":"ACN International","description":"","publisher":{"@id":"https:\/\/acninternational.org\/fr\/#organization"},"potentialAction":[{"@type":"SearchAction","target":{"@type":"EntryPoint","urlTemplate":"https:\/\/acninternational.org\/fr\/?s={search_term_string}"},"query-input":{"@type":"PropertyValueSpecification","valueRequired":true,"valueName":"search_term_string"}}],"inLanguage":"fr-FR"},{"@type":"Organization","@id":"https:\/\/acninternational.org\/fr\/#organization","name":"Aid to the Church in Need International","url":"https:\/\/acninternational.org\/fr\/","logo":{"@type":"ImageObject","inLanguage":"fr-FR","@id":"https:\/\/acninternational.org\/fr\/#\/schema\/logo\/image\/","url":"https:\/\/media.acninternational.org\/wp-content\/uploads\/2019\/11\/acn_logo_blackvector.svg","contentUrl":"https:\/\/media.acninternational.org\/wp-content\/uploads\/2019\/11\/acn_logo_blackvector.svg","width":232.6,"height":78,"caption":"Aid to the Church in Need International"},"image":{"@id":"https:\/\/acninternational.org\/fr\/#\/schema\/logo\/image\/"},"sameAs":["https:\/\/www.facebook.com\/acninternationalorg","https:\/\/x.com\/acn_int","https:\/\/www.youtube.com\/channel\/UCQ-077gS0TnVzkhHmf1opZw","https:\/\/www.instagram.com\/acn_international\/"]},{"@type":"Person","@id":"https:\/\/acninternational.org\/fr\/#\/schema\/person\/7f3dafb236b242fb2aa46be1411fd703","name":"ACN Press Team","description":"Lorem ipsum dolor sit amet, consectetur adipiscing elit, sed do eiusmod tempor incididunt ut labore et dolore magna aliqua. Ut enim ad minim veniam, quis nostrud exercitation ullamco laboris nisi ut aliquip ex ea commodo consequat.","url":"https:\/\/acninternational.org\/fr\/author\/acn-press-team\/"}]}},"_links":{"self":[{"href":"https:\/\/acninternational.org\/fr\/wp-json\/wp\/v2\/posts\/167940","targetHints":{"allow":["GET"]}}],"collection":[{"href":"https:\/\/acninternational.org\/fr\/wp-json\/wp\/v2\/posts"}],"about":[{"href":"https:\/\/acninternational.org\/fr\/wp-json\/wp\/v2\/types\/post"}],"author":[{"embeddable":true,"href":"https:\/\/acninternational.org\/fr\/wp-json\/wp\/v2\/users\/4258341447"}],"replies":[{"embeddable":true,"href":"https:\/\/acninternational.org\/fr\/wp-json\/wp\/v2\/comments?post=167940"}],"version-history":[{"count":0,"href":"https:\/\/acninternational.org\/fr\/wp-json\/wp\/v2\/posts\/167940\/revisions"}],"wp:featuredmedia":[{"embeddable":true,"href":"https:\/\/acninternational.org\/fr\/wp-json\/wp\/v2\/media\/167920"}],"wp:attachment":[{"href":"https:\/\/acninternational.org\/fr\/wp-json\/wp\/v2\/media?parent=167940"}],"wp:term":[{"taxonomy":"category","embeddable":true,"href":"https:\/\/acninternational.org\/fr\/wp-json\/wp\/v2\/categories?post=167940"},{"taxonomy":"post_tag","embeddable":true,"href":"https:\/\/acninternational.org\/fr\/wp-json\/wp\/v2\/tags?post=167940"},{"taxonomy":"country","embeddable":true,"href":"https:\/\/acninternational.org\/fr\/wp-json\/wp\/v2\/country?post=167940"}],"curies":[{"name":"wp","href":"https:\/\/api.w.org\/{rel}","templated":true}]}}